{"id":16555,"date":"2025-03-12T11:00:00","date_gmt":"2025-03-12T14:00:00","guid":{"rendered":"https:\/\/oab.estrategia.com\/portal\/?post_type=web-story&#038;p=16555"},"modified":"2025-03-11T17:05:20","modified_gmt":"2025-03-11T20:05:20","slug":"publicado-o-edital-de-repescagem-do-43-exame-de-ordem","status":"publish","type":"web-story","link":"https:\/\/oab.estrategia.com\/portal\/web-stories\/publicado-o-edital-de-repescagem-do-43-exame-de-ordem\/","title":{"rendered":"Publicado o edital de repescagem do 43\u00ba Exame de Ordem!"},"content":{"rendered":"<p><html amp=\"\" lang=\"en\"><head><meta charSet=\"utf-8\"\/><meta name=\"viewport\" content=\"width=device-width,minimum-scale=1,initial-scale=1\"\/><script async=\"\" src=\"https:\/\/cdn.ampproject.org\/v0.js\"><\/script><script async=\"\" src=\"https:\/\/cdn.ampproject.org\/v0\/amp-story-1.0.js\" custom-element=\"amp-story\"><\/script><link href=\"https:\/\/fonts.googleapis.com\/css2?display=swap&amp;family=Roboto%3Aital%2Cwght%400%2C400%3B0%2C700%3B1%2C400\" rel=\"stylesheet\"\/><link href=\"https:\/\/oab.estrategia.com\/portal\/wp-content\/uploads\/2023\/03\/09175430\/advogado-estudando-pecas-para-segunda-fase-da-oab-em-vade-mecum.png\" rel=\"preload\" as=\"image\"\/>\n<style amp-boilerplate=\"\">body{-webkit-animation:-amp-start 8s steps(1,end) 0s 1 normal both;-moz-animation:-amp-start 8s steps(1,end) 0s 1 normal both;-ms-animation:-amp-start 8s steps(1,end) 0s 1 normal both;animation:-amp-start 8s steps(1,end) 0s 1 normal both}@-webkit-keyframes -amp-start{from{visibility:hidden}to{visibility:visible}}@-moz-keyframes -amp-start{from{visibility:hidden}to{visibility:visible}}@-ms-keyframes -amp-start{from{visibility:hidden}to{visibility:visible}}@-o-keyframes -amp-start{from{visibility:hidden}to{visibility:visible}}@keyframes -amp-start{from{visibility:hidden}to{visibility:visible}}<\/style>\n<p><noscript><\/p>\n<style amp-boilerplate=\"\">body{-webkit-animation:none;-moz-animation:none;-ms-animation:none;animation:none}<\/style>\n<p><\/noscript><\/p>\n<style amp-custom=\"\">\n              h1, h2, h3 { font-weight: normal; }<\/p>\n<p>              amp-story-page {\n                background-color: #131516;\n              }<\/p>\n<p>              amp-story-grid-layer {\n                overflow: visible;\n              }<\/p>\n<p>              @media (max-aspect-ratio: 9 \/ 16)  {\n                @media (min-aspect-ratio: 320 \/ 678) {\n                  amp-story-grid-layer.grid-layer {\n                    margin-top: calc((100% \/ 0.5625 - 100% \/ 0.6666666666666666) \/ 2);\n                  }\n                }\n              }<\/p>\n<p>              @media not all and (min-resolution:.001dpcm) {\n                @media {\n                  p.text-wrapper > span {\n                    font-size: calc(100% - 0.5px);\n                  }\n                }\n              }<\/p>\n<p>              .page-fullbleed-area,\n              .page-background-overlay-area {\n                position: absolute;\n                overflow: hidden;\n                width: 100%;\n                left: 0;\n                height: calc(1.1851851851851851 * 100%);\n                top: calc((1 - 1.1851851851851851) * 100% \/ 2);\n              }<\/p>\n<p>              .element-overlay-area {\n                position: absolute;\n                width: 100%;\n                height: 100%;\n                top: 0;\n                left: 0;\n              }<\/p>\n<p>              .page-safe-area {\n                overflow: visible;\n                position: absolute;\n                top: 0;\n                bottom: 0;\n                left: 0;\n                right: 0;\n                width: 100%;\n                height: calc(0.84375 * 100%);\n                margin: auto 0;\n              }<\/p>\n<p>              .mask {\n                position: absolute;\n                overflow: hidden;\n              }<\/p>\n<p>              .fill {\n                position: absolute;\n                top: 0;\n                left: 0;\n                right: 0;\n                bottom: 0;\n                margin: 0;\n              }<\/p>\n<p>              @media (prefers-reduced-motion: no-preference) {\n                .animation-wrapper {\n                  opacity: var(--initial-opacity);\n                  transform: var(--initial-transform);\n                }\n              }<\/p>\n<p>              amp-story-grid-layer.align-bottom {\n                align-content: end;\n                padding: 0;\n                \/*\n                  AMP CTA Layer will exactly occupy 74px regardless of any device.\n                  To space out captions 74px from the BOTTOM (AMP CTA Layer),\n                  74px from the TOP should also be spaced out and thus: 2 * 74px\n                  will be the desired max-height.\n                *\/\n                max-height: calc(100vh - (2 * 74px));\n              }<\/p>\n<p>              .captions-area {\n                padding: 0 32px 0;\n              }<\/p>\n<p>              amp-story-captions {\n                margin-bottom: 16px;\n                text-align: center;\n              }<\/p>\n<p>              amp-story-audio-sticker {\n                height: 100%;\n              }<\/p>\n<p>              .audio-sticker {\n                font-family: -apple-system, BlinkMacSystemFont, 'Segoe UI', Roboto, Oxygen-Sans, Ubuntu, Cantarell, 'Helvetica Neue', sans-serif;\n              }\n              <\/style>\n<p><meta name=\"web-stories-replace-head-start\"\/><title>Publicado o edital de repescagem do 43\u00ba Exame de Ordem!<\/title><link rel=\"canonical\" href=\"https:\/\/oab.estrategia.com\/portal\/?post_type=web-story&amp;p=16555\"\/><meta name=\"web-stories-replace-head-end\"\/><\/head><body><amp-story standalone=\"\" publisher=\"Blog - OAB - Estrat\u00e9gia\" publisher-logo-src=\"https:\/\/oab.estrategia.com\/portal\/wp-content\/uploads\/2022\/07\/22145924\/estrategia-oab-coordenacao.jpg\" title=\"Publicado o edital de repescagem do 43\u00ba Exame de Ordem!\" poster-portrait-src=\"https:\/\/oab.estrategia.com\/portal\/wp-content\/uploads\/2023\/05\/16110127\/proximas-datas-37-exame-de-ordem-2a-fase.png\"><amp-story-page id=\"5df3561d-27b0-48cd-bf99-780fb68bf751\" auto-advance-after=\"8s\"><amp-story-grid-layer template=\"vertical\" aspect-ratio=\"412:618\" class=\"grid-layer\"><\/p>\n<div class=\"page-fullbleed-area\" style=\"background-color:#d7c9be\">\n<div class=\"page-safe-area\">\n<div style=\"position:absolute;pointer-events:none;left:0;top:-9.25926%;width:100%;height:118.51852%;opacity:1\">\n<div style=\"pointer-events:initial;width:100%;height:100%;display:block;position:absolute;top:0;left:0;z-index:0\" class=\"mask\" id=\"el-ec07c6ea-6606-48a3-9bf6-fb198742a24f\">\n<div style=\"position:absolute;width:180.79096%;height:100%;left:-40.39548%;top:0%\" data-leaf-element=\"true\"><amp-img layout=\"fill\" src=\"https:\/\/oab.estrategia.com\/portal\/wp-content\/uploads\/2023\/03\/09175430\/advogado-estudando-pecas-para-segunda-fase-da-oab-em-vade-mecum.png\" alt=\"oab\" srcSet=\"https:\/\/oab.estrategia.com\/portal\/wp-content\/uploads\/2023\/03\/09175430\/advogado-estudando-pecas-para-segunda-fase-da-oab-em-vade-mecum.png 480w,https:\/\/oab.estrategia.com\/portal\/wp-content\/uploads\/2023\/03\/09175430\/advogado-estudando-pecas-para-segunda-fase-da-oab-em-vade-mecum-380x374.png 380w,https:\/\/oab.estrategia.com\/portal\/wp-content\/uploads\/2023\/03\/09175430\/advogado-estudando-pecas-para-segunda-fase-da-oab-em-vade-mecum-300x295.png 300w,https:\/\/oab.estrategia.com\/portal\/wp-content\/uploads\/2023\/03\/09175430\/advogado-estudando-pecas-para-segunda-fase-da-oab-em-vade-mecum-150x148.png 150w\" sizes=\"(min-width: 1024px) 81vh, 181vw\" disable-inline-width=\"true\"><\/amp-img><\/div>\n<\/div>\n<\/div>\n<\/div>\n<\/div>\n<p><\/amp-story-grid-layer><amp-story-grid-layer template=\"vertical\" aspect-ratio=\"412:618\" class=\"grid-layer\"><\/p>\n<div class=\"page-fullbleed-area\">\n<div class=\"page-safe-area\">\n<div style=\"position:absolute;pointer-events:none;left:-5.09709%;top:-13.1068%;width:113.34951%;height:129.93528%;opacity:1\">\n<div style=\"pointer-events:initial;width:100%;height:100%;display:block;position:absolute;top:0;left:0;z-index:0\" class=\"mask\" id=\"el-56a48fa4-e2e7-4f86-b340-a15b0a1fc7a1\">\n<div class=\"fill\" style=\"background-color:rgba(164,19,60,0.4);will-change:transform\"><\/div>\n<\/div>\n<\/div>\n<div style=\"position:absolute;pointer-events:none;left:11.65049%;top:0;width:22.81553%;height:15.21036%;opacity:1\">\n<div style=\"pointer-events:initial;width:100%;height:100%;display:block;position:absolute;top:0;left:0;z-index:0\" class=\"mask\" id=\"el-164db556-101a-4423-a708-eb78d7fbc6ec\">\n<div style=\"position:absolute;width:100.00004%;height:100%;left:-0.00002%;top:0%\" data-leaf-element=\"true\"><amp-img layout=\"fill\" src=\"https:\/\/oab.estrategia.com\/portal\/wp-content\/uploads\/2022\/07\/22145924\/estrategia-oab-coordenacao.jpg\" alt=\"logo estrat\u00e9gia\" srcSet=\"https:\/\/oab.estrategia.com\/portal\/wp-content\/uploads\/2022\/07\/22145924\/estrategia-oab-coordenacao.jpg 400w,https:\/\/oab.estrategia.com\/portal\/wp-content\/uploads\/2022\/07\/22145924\/estrategia-oab-coordenacao-380x380.jpg 380w,https:\/\/oab.estrategia.com\/portal\/wp-content\/uploads\/2022\/07\/22145924\/estrategia-oab-coordenacao-300x300.jpg 300w,https:\/\/oab.estrategia.com\/portal\/wp-content\/uploads\/2022\/07\/22145924\/estrategia-oab-coordenacao-150x150.jpg 150w,https:\/\/oab.estrategia.com\/portal\/wp-content\/uploads\/2022\/07\/22145924\/estrategia-oab-coordenacao-96x96.jpg 96w,https:\/\/oab.estrategia.com\/portal\/wp-content\/uploads\/2022\/07\/22145924\/estrategia-oab-coordenacao-80x80.jpg 80w,https:\/\/oab.estrategia.com\/portal\/wp-content\/uploads\/2022\/07\/22145924\/estrategia-oab-coordenacao-48x48.jpg 48w,https:\/\/oab.estrategia.com\/portal\/wp-content\/uploads\/2022\/07\/22145924\/estrategia-oab-coordenacao-24x24.jpg 24w\" sizes=\"(min-width: 1024px) 10vh, 23vw\" disable-inline-width=\"true\"><\/amp-img><\/div>\n<\/div>\n<\/div>\n<div style=\"position:absolute;pointer-events:none;left:12.13592%;top:53.23625%;width:76.45631%;height:41.58576%;opacity:1\">\n<div style=\"pointer-events:initial;width:100%;height:100%;display:block;position:absolute;top:0;left:0;z-index:0;border-radius:0.6349206349206349% 0.6349206349206349% 0.6349206349206349% 0.6349206349206349% \/ 0.7782101167315175% 0.7782101167315175% 0.7782101167315175% 0.7782101167315175%\" id=\"el-5b44a2f9-ee80-4a09-9207-a7ab2731743e\">\n<h1 id=\"as-inscricoes-para-o-edital-complementar-comecarao-em-17-de-marco-confira-os-detalhes\" class=\"fill text-wrapper\" style=\"white-space:pre-line;overflow-wrap:break-word;word-break:break-word;margin:-0.10357142857142798% 0;font-family:&quot;Roboto&quot;,sans-serif;font-size:0.582524em;line-height:1.19;text-align:left;padding:0;color:#000000\"><span><span style=\"font-weight: 700; color: #fff\">As inscri\u00e7\u00f5es para o edital complementar come\u00e7ar\u00e3o em 17 de mar\u00e7o. Confira os detalhes!<\/span><\/span><\/h1>\n<\/div>\n<\/div>\n<div style=\"position:absolute;pointer-events:none;left:11.65049%;top:96.44013%;width:48.05825%;height:3.55987%;opacity:1\">\n<div style=\"pointer-events:initial;width:100%;height:100%;display:block;position:absolute;top:0;left:0;z-index:0;border-radius:1.0101010101010102% 1.0101010101010102% 1.0101010101010102% 1.0101010101010102% \/ 9.090909090909092% 9.090909090909092% 9.090909090909092% 9.090909090909092%\" id=\"el-2a638a69-f4e7-4e77-b5fc-af73ef7e3ace\">\n<p class=\"fill text-wrapper\" style=\"white-space:pre-line;overflow-wrap:break-word;word-break:break-word;margin:-0.134943181818182% 0;font-family:&quot;Roboto&quot;,sans-serif;font-size:0.307443em;line-height:1.2;text-align:left;padding:0;color:#000000\"><span><span style=\"font-weight: 700; color: #fff\">Por Estrat\u00e9gia OAB<\/span><\/span><\/p>\n<\/div>\n<\/div>\n<\/div>\n<\/div>\n<p><\/amp-story-grid-layer><\/amp-story-page><amp-story-page id=\"54087d3b-f2a9-4c28-998f-a98c4914ff15\" auto-advance-after=\"8s\"><amp-story-animation layout=\"nodisplay\" trigger=\"visibility\"><script type=\"application\/json\">[{\"selector\":\"#anim-e6c6f179-3844-41a2-b0c7-985665dd2757\",\"keyframes\":{\"opacity\":[0,1]},\"delay\":0,\"duration\":2000,\"easing\":\"cubic-bezier(.3,0,.55,1)\",\"fill\":\"both\"}]<\/script><\/amp-story-animation><amp-story-animation layout=\"nodisplay\" trigger=\"visibility\"><script type=\"application\/json\">[{\"selector\":\"#anim-0b3614bd-901f-4bbf-bcd5-c82f3b84f438\",\"keyframes\":{\"transform\":[\"scale(0.3333333333333333)\",\"scale(1)\"]},\"delay\":0,\"duration\":2000,\"easing\":\"cubic-bezier(.3,0,.55,1)\",\"fill\":\"forwards\"}]<\/script><\/amp-story-animation><amp-story-grid-layer template=\"vertical\" aspect-ratio=\"412:618\" class=\"grid-layer\"><\/p>\n<div class=\"page-fullbleed-area\" style=\"background-color:#d7dce2\">\n<div class=\"page-safe-area\">\n<div style=\"position:absolute;pointer-events:none;left:0;top:-9.25926%;width:100%;height:118.51852%;opacity:1\">\n<div style=\"pointer-events:initial;width:100%;height:100%;display:block;position:absolute;top:0;left:0;z-index:0\" class=\"mask\" id=\"el-1828b9dd-a446-4392-a78d-f31a3e4bd3ce\">\n<div style=\"position:absolute;width:264.97124%;height:100%;left:-82.48562%;top:0%\" data-leaf-element=\"true\"><amp-img layout=\"fill\" src=\"https:\/\/oab.estrategia.com\/portal\/wp-content\/uploads\/2022\/11\/03122305\/prova-de-segunda-fase-oab-examinando-resolvendo-questoes-de-provas-anteriores.png\" alt=\"\" srcSet=\"https:\/\/oab.estrategia.com\/portal\/wp-content\/uploads\/2022\/11\/03122305\/prova-de-segunda-fase-oab-examinando-resolvendo-questoes-de-provas-anteriores.png 547w,https:\/\/oab.estrategia.com\/portal\/wp-content\/uploads\/2022\/11\/03122305\/prova-de-segunda-fase-oab-examinando-resolvendo-questoes-de-provas-anteriores-380x255.png 380w,https:\/\/oab.estrategia.com\/portal\/wp-content\/uploads\/2022\/11\/03122305\/prova-de-segunda-fase-oab-examinando-resolvendo-questoes-de-provas-anteriores-300x201.png 300w,https:\/\/oab.estrategia.com\/portal\/wp-content\/uploads\/2022\/11\/03122305\/prova-de-segunda-fase-oab-examinando-resolvendo-questoes-de-provas-anteriores-150x101.png 150w\" sizes=\"(min-width: 1024px) 119vh, 265vw\" disable-inline-width=\"true\"><\/amp-img><\/div>\n<\/div>\n<\/div>\n<\/div>\n<\/div>\n<p><\/amp-story-grid-layer><amp-story-grid-layer template=\"vertical\" aspect-ratio=\"412:618\" class=\"grid-layer\"><\/p>\n<div class=\"page-fullbleed-area\">\n<div class=\"page-safe-area\">\n<div style=\"position:absolute;pointer-events:none;left:-5.09709%;top:-13.1068%;width:113.34951%;height:129.93528%;opacity:1\">\n<div style=\"pointer-events:initial;width:100%;height:100%;display:block;position:absolute;top:0;left:0;z-index:0\" class=\"mask\" id=\"el-f3078d72-bd16-41a7-b2f3-6cd8ea4d4452\">\n<div class=\"fill\" style=\"background-color:rgba(164,19,60,0.4);will-change:transform\"><\/div>\n<\/div>\n<\/div>\n<div style=\"position:absolute;pointer-events:none;left:11.65049%;top:27.02265%;width:75.72816%;height:53.39806%;opacity:1\">\n<div id=\"anim-e6c6f179-3844-41a2-b0c7-985665dd2757\" class=\"animation-wrapper\" style=\"width:100%;height:100%;display:block;position:absolute;top:0;left:0;--initial-opacity:0;--initial-transform:none\">\n<div id=\"anim-0b3614bd-901f-4bbf-bcd5-c82f3b84f438\" class=\"animation-wrapper\" style=\"width:100%;height:100%;display:block;position:absolute;top:0;left:0;--initial-opacity:1;--initial-transform:scale(0.3333333333333333)\">\n<div style=\"pointer-events:initial;width:100%;height:100%;display:block;position:absolute;top:0;left:0;z-index:0;border-radius:0.641025641025641% 0.641025641025641% 0.641025641025641% 0.641025641025641% \/ 0.6060606060606061% 0.6060606060606061% 0.6060606060606061% 0.6060606060606061%\" id=\"el-45957b9c-03bf-4a97-8da0-cf42716210de\">\n<h2 id=\"publicacao-do-edital-de-repescagem-10-03-2024periodo-de-inscricao-17-03-a-24-03-2025prova-pratico-profissional-15-06-2025\" class=\"fill text-wrapper\" style=\"white-space:pre-line;overflow-wrap:break-word;word-break:break-word;margin:-1.0967548076923077% 0;font-family:&quot;Roboto&quot;,sans-serif;font-size:0.485437em;line-height:1.4;text-align:left;padding:0;color:#000000\"><span><span style=\"font-weight: 700; color: #fff\">Publica\u00e7\u00e3o do Edital de repescagem:<\/span><span style=\"color: #fff\"> 10\/03\/2024<\/span><br \/>\n<span style=\"font-weight: 700; color: #fff\">Per\u00edodo de Inscri\u00e7\u00e3o:<\/span><span style=\"color: #fff\"> 17\/03 a 24\/03\/2025<\/span><br \/>\n<span style=\"font-weight: 700; color: #fff\">Prova Pr\u00e1tico-Profissional:<\/span><span style=\"color: #fff\"> 15\/06\/2025<\/span><\/span><\/h2>\n<\/div>\n<\/div>\n<\/div>\n<\/div>\n<div style=\"position:absolute;pointer-events:none;left:11.65049%;top:15.69579%;width:75.72816%;height:6.47249%;opacity:1\">\n<div style=\"pointer-events:initial;width:100%;height:100%;display:block;position:absolute;top:0;left:0;z-index:0;border-radius:0.641025641025641% 0.641025641025641% 0.641025641025641% 0.641025641025641% \/ 5% 5% 5% 5%\" id=\"el-8d18d6cd-f05f-46c4-89b1-ef5af9d32e01\">\n<h2 id=\"principais-datas\" class=\"fill text-wrapper\" style=\"white-space:pre-line;overflow-wrap:break-word;word-break:break-word;margin:-0.15775240384615385% 0;font-family:&quot;Roboto&quot;,sans-serif;font-size:0.566343em;line-height:1.2;text-align:left;padding:0;color:#000000\"><span><span style=\"font-weight: 700; color: #fff\">Principais datas<\/span><\/span><\/h2>\n<\/div>\n<\/div>\n<\/div>\n<\/div>\n<p><\/amp-story-grid-layer><\/amp-story-page><amp-story-page id=\"e4d3a56e-3898-4aad-aaa7-302557192e0c\" auto-advance-after=\"8s\"><amp-story-animation layout=\"nodisplay\" trigger=\"visibility\"><script type=\"application\/json\">[{\"selector\":\"#anim-e7ff367e-9d10-4e0b-bc62-a73e8ad55376\",\"keyframes\":{\"opacity\":[0,1]},\"delay\":0,\"duration\":2000,\"easing\":\"cubic-bezier(.3,0,.55,1)\",\"fill\":\"both\"}]<\/script><\/amp-story-animation><amp-story-animation layout=\"nodisplay\" trigger=\"visibility\"><script type=\"application\/json\">[{\"selector\":\"#anim-2277a8b5-2f55-44b3-b9e3-ba9b5603263e\",\"keyframes\":{\"transform\":[\"scale(0.3333333333333333)\",\"scale(1)\"]},\"delay\":0,\"duration\":2000,\"easing\":\"cubic-bezier(.3,0,.55,1)\",\"fill\":\"forwards\"}]<\/script><\/amp-story-animation><amp-story-grid-layer template=\"vertical\" aspect-ratio=\"412:618\" class=\"grid-layer\"><\/p>\n<div class=\"page-fullbleed-area\" style=\"background-color:#191f21\">\n<div class=\"page-safe-area\">\n<div style=\"position:absolute;pointer-events:none;left:0;top:-9.25926%;width:100%;height:118.51852%;opacity:1\">\n<div style=\"pointer-events:initial;width:100%;height:100%;display:block;position:absolute;top:0;left:0;z-index:0\" class=\"mask\" id=\"el-4847b23d-6860-486f-9ad1-f33373c7721c\">\n<div style=\"position:absolute;width:266.77088%;height:100%;left:-83.38544%;top:0%\" data-leaf-element=\"true\"><amp-img layout=\"fill\" src=\"https:\/\/oab.estrategia.com\/portal\/wp-content\/uploads\/2022\/09\/19175539\/prova-oab-xxxv-exame-divulgado-o-resultado-preliminar-da-segunda-fase-oab.jpg\" alt=\"2 fase\" srcSet=\"https:\/\/oab.estrategia.com\/portal\/wp-content\/uploads\/2022\/09\/19175539\/prova-oab-xxxv-exame-divulgado-o-resultado-preliminar-da-segunda-fase-oab.jpg 1280w,https:\/\/oab.estrategia.com\/portal\/wp-content\/uploads\/2022\/09\/19175539\/prova-oab-xxxv-exame-divulgado-o-resultado-preliminar-da-segunda-fase-oab-1160x773.jpg 1160w,https:\/\/oab.estrategia.com\/portal\/wp-content\/uploads\/2022\/09\/19175539\/prova-oab-xxxv-exame-divulgado-o-resultado-preliminar-da-segunda-fase-oab-1024x682.jpg 1024w,https:\/\/oab.estrategia.com\/portal\/wp-content\/uploads\/2022\/09\/19175539\/prova-oab-xxxv-exame-divulgado-o-resultado-preliminar-da-segunda-fase-oab-800x533.jpg 800w,https:\/\/oab.estrategia.com\/portal\/wp-content\/uploads\/2022\/09\/19175539\/prova-oab-xxxv-exame-divulgado-o-resultado-preliminar-da-segunda-fase-oab-768x512.jpg 768w,https:\/\/oab.estrategia.com\/portal\/wp-content\/uploads\/2022\/09\/19175539\/prova-oab-xxxv-exame-divulgado-o-resultado-preliminar-da-segunda-fase-oab-380x253.jpg 380w,https:\/\/oab.estrategia.com\/portal\/wp-content\/uploads\/2022\/09\/19175539\/prova-oab-xxxv-exame-divulgado-o-resultado-preliminar-da-segunda-fase-oab-300x200.jpg 300w,https:\/\/oab.estrategia.com\/portal\/wp-content\/uploads\/2022\/09\/19175539\/prova-oab-xxxv-exame-divulgado-o-resultado-preliminar-da-segunda-fase-oab-150x100.jpg 150w\" sizes=\"(min-width: 1024px) 120vh, 267vw\" disable-inline-width=\"true\"><\/amp-img><\/div>\n<\/div>\n<\/div>\n<\/div>\n<\/div>\n<p><\/amp-story-grid-layer><amp-story-grid-layer template=\"vertical\" aspect-ratio=\"412:618\" class=\"grid-layer\"><\/p>\n<div class=\"page-fullbleed-area\">\n<div class=\"page-safe-area\">\n<div style=\"position:absolute;pointer-events:none;left:-5.09709%;top:-13.1068%;width:113.34951%;height:129.93528%;opacity:1\">\n<div style=\"pointer-events:initial;width:100%;height:100%;display:block;position:absolute;top:0;left:0;z-index:0\" class=\"mask\" id=\"el-5be65e8c-c502-4fcf-9c97-b4ba6824c333\">\n<div class=\"fill\" style=\"background-color:rgba(164,19,60,0.4);will-change:transform\"><\/div>\n<\/div>\n<\/div>\n<div style=\"position:absolute;pointer-events:none;left:13.34951%;top:32.52427%;width:73.30097%;height:53.39806%;opacity:1\">\n<div id=\"anim-e7ff367e-9d10-4e0b-bc62-a73e8ad55376\" class=\"animation-wrapper\" style=\"width:100%;height:100%;display:block;position:absolute;top:0;left:0;--initial-opacity:0;--initial-transform:none\">\n<div id=\"anim-2277a8b5-2f55-44b3-b9e3-ba9b5603263e\" class=\"animation-wrapper\" style=\"width:100%;height:100%;display:block;position:absolute;top:0;left:0;--initial-opacity:1;--initial-transform:scale(0.3333333333333333)\">\n<div style=\"pointer-events:initial;width:100%;height:100%;display:block;position:absolute;top:0;left:0;z-index:0;border-radius:0.6622516556291391% 0.6622516556291391% 0.6622516556291391% 0.6622516556291391% \/ 0.6060606060606061% 0.6060606060606061% 0.6060606060606061% 0.6060606060606061%\" id=\"el-37730d63-8b04-46d5-991e-391af043e1fc\">\n<h2 id=\"e-destinada-aos-candidatos-aprovados-na-1a-fase-do-42o-exame-que-foram-reprovados-estavam-ausentes-ou-foram-eliminados-na-2a-fase-da-42a-edicao\" class=\"fill text-wrapper\" style=\"white-space:pre-line;overflow-wrap:break-word;word-break:break-word;margin:-1.1330711920529801% 0;font-family:&quot;Roboto&quot;,sans-serif;font-size:0.485437em;line-height:1.4;text-align:left;padding:0;color:#000000\"><span><span style=\"color: #fff\">\u00c9 destinada aos candidatos aprovados na 1\u00aa fase do 42\u00ba Exame que foram reprovados, estavam ausentes ou foram eliminados na 2\u00aa fase da 42\u00aa edi\u00e7\u00e3o.<\/span><\/span><\/h2>\n<\/div>\n<\/div>\n<\/div>\n<\/div>\n<div style=\"position:absolute;pointer-events:none;left:13.34951%;top:14.23948%;width:73.30097%;height:13.1068%;opacity:1\">\n<div style=\"pointer-events:initial;width:100%;height:100%;display:block;position:absolute;top:0;left:0;z-index:0;border-radius:0.6622516556291391% 0.6622516556291391% 0.6622516556291391% 0.6622516556291391% \/ 2.4691358024691357% 2.4691358024691357% 2.4691358024691357% 2.4691358024691357%\" id=\"el-da764725-cca1-4e56-b109-705ad9a8e84e\">\n<h2 id=\"quem-pode-se-inscrever\" class=\"fill text-wrapper\" style=\"white-space:pre-line;overflow-wrap:break-word;word-break:break-word;margin:-0.16297599337748345% 0;font-family:&quot;Roboto&quot;,sans-serif;font-size:0.566343em;line-height:1.2;text-align:left;padding:0;color:#000000\"><span><span style=\"font-weight: 700; color: #fff\">Quem pode se inscrever?<\/span><\/span><\/h2>\n<\/div>\n<\/div>\n<\/div>\n<\/div>\n<p><\/amp-story-grid-layer><\/amp-story-page><amp-story-page id=\"9a559a82-35db-4bf0-a08d-848de5385005\" auto-advance-after=\"8s\"><amp-story-animation layout=\"nodisplay\" trigger=\"visibility\"><script type=\"application\/json\">[{\"selector\":\"#anim-9e1bc6bc-b4f0-40e5-b3d2-5e070658d32f\",\"keyframes\":{\"opacity\":[0,1]},\"delay\":0,\"duration\":2000,\"easing\":\"cubic-bezier(.3,0,.55,1)\",\"fill\":\"both\"}]<\/script><\/amp-story-animation><amp-story-animation layout=\"nodisplay\" trigger=\"visibility\"><script type=\"application\/json\">[{\"selector\":\"#anim-5cb1761c-018a-4b31-93de-cda99119e298\",\"keyframes\":{\"transform\":[\"scale(0.3333333333333333)\",\"scale(1)\"]},\"delay\":0,\"duration\":2000,\"easing\":\"cubic-bezier(.3,0,.55,1)\",\"fill\":\"forwards\"}]<\/script><\/amp-story-animation><amp-story-grid-layer template=\"vertical\" aspect-ratio=\"412:618\" class=\"grid-layer\"><\/p>\n<div class=\"page-fullbleed-area\" style=\"background-color:#685e55\">\n<div class=\"page-safe-area\">\n<div style=\"position:absolute;pointer-events:none;left:0;top:-9.25926%;width:100%;height:118.51852%;opacity:1\">\n<div style=\"pointer-events:initial;width:100%;height:100%;display:block;position:absolute;top:0;left:0;z-index:0\" class=\"mask\" id=\"el-dcd79d84-bebb-415a-aaa3-be64f2f17ad2\">\n<div style=\"position:absolute;width:177.77778%;height:100%;left:0%;top:0%\" data-leaf-element=\"true\"><amp-img layout=\"fill\" src=\"https:\/\/oab.estrategia.com\/portal\/wp-content\/uploads\/2024\/08\/27151827\/DALL%C2%B7E-2024-08-27-15.17.33-A-realistic-scene-of-a-person-taking-the-OAB-Brazilian-Bar-Association-exam.-The-person-is-sitting-at-a-desk-in-a-well-lit-room-focused-and-serious.webp\" alt=\"prova oab\" srcSet=\"https:\/\/oab.estrategia.com\/portal\/wp-content\/uploads\/2024\/08\/27151827\/DALL%C2%B7E-2024-08-27-15.17.33-A-realistic-scene-of-a-person-taking-the-OAB-Brazilian-Bar-Association-exam.-The-person-is-sitting-at-a-desk-in-a-well-lit-room-focused-and-serious.webp 1024w,https:\/\/oab.estrategia.com\/portal\/wp-content\/uploads\/2024\/08\/27151827\/DALL%C2%B7E-2024-08-27-15.17.33-A-realistic-scene-of-a-person-taking-the-OAB-Brazilian-Bar-Association-exam.-The-person-is-sitting-at-a-desk-in-a-well-lit-room-focused-and-serious-800x800.webp 800w,https:\/\/oab.estrategia.com\/portal\/wp-content\/uploads\/2024\/08\/27151827\/DALL%C2%B7E-2024-08-27-15.17.33-A-realistic-scene-of-a-person-taking-the-OAB-Brazilian-Bar-Association-exam.-The-person-is-sitting-at-a-desk-in-a-well-lit-room-focused-and-serious-768x768.webp 768w,https:\/\/oab.estrategia.com\/portal\/wp-content\/uploads\/2024\/08\/27151827\/DALL%C2%B7E-2024-08-27-15.17.33-A-realistic-scene-of-a-person-taking-the-OAB-Brazilian-Bar-Association-exam.-The-person-is-sitting-at-a-desk-in-a-well-lit-room-focused-and-serious-380x380.webp 380w,https:\/\/oab.estrategia.com\/portal\/wp-content\/uploads\/2024\/08\/27151827\/DALL%C2%B7E-2024-08-27-15.17.33-A-realistic-scene-of-a-person-taking-the-OAB-Brazilian-Bar-Association-exam.-The-person-is-sitting-at-a-desk-in-a-well-lit-room-focused-and-serious-300x300.webp 300w,https:\/\/oab.estrategia.com\/portal\/wp-content\/uploads\/2024\/08\/27151827\/DALL%C2%B7E-2024-08-27-15.17.33-A-realistic-scene-of-a-person-taking-the-OAB-Brazilian-Bar-Association-exam.-The-person-is-sitting-at-a-desk-in-a-well-lit-room-focused-and-serious-150x150.webp 150w,https:\/\/oab.estrategia.com\/portal\/wp-content\/uploads\/2024\/08\/27151827\/DALL%C2%B7E-2024-08-27-15.17.33-A-realistic-scene-of-a-person-taking-the-OAB-Brazilian-Bar-Association-exam.-The-person-is-sitting-at-a-desk-in-a-well-lit-room-focused-and-serious-96x96.webp 96w,https:\/\/oab.estrategia.com\/portal\/wp-content\/uploads\/2024\/08\/27151827\/DALL%C2%B7E-2024-08-27-15.17.33-A-realistic-scene-of-a-person-taking-the-OAB-Brazilian-Bar-Association-exam.-The-person-is-sitting-at-a-desk-in-a-well-lit-room-focused-and-serious-80x80.webp 80w,https:\/\/oab.estrategia.com\/portal\/wp-content\/uploads\/2024\/08\/27151827\/DALL%C2%B7E-2024-08-27-15.17.33-A-realistic-scene-of-a-person-taking-the-OAB-Brazilian-Bar-Association-exam.-The-person-is-sitting-at-a-desk-in-a-well-lit-room-focused-and-serious-48x48.webp 48w,https:\/\/oab.estrategia.com\/portal\/wp-content\/uploads\/2024\/08\/27151827\/DALL%C2%B7E-2024-08-27-15.17.33-A-realistic-scene-of-a-person-taking-the-OAB-Brazilian-Bar-Association-exam.-The-person-is-sitting-at-a-desk-in-a-well-lit-room-focused-and-serious-24x24.webp 24w\" sizes=\"(min-width: 1024px) 80vh, 178vw\" disable-inline-width=\"true\"><\/amp-img><\/div>\n<\/div>\n<\/div>\n<\/div>\n<\/div>\n<p><\/amp-story-grid-layer><amp-story-grid-layer template=\"vertical\" aspect-ratio=\"412:618\" class=\"grid-layer\"><\/p>\n<div class=\"page-fullbleed-area\">\n<div class=\"page-safe-area\">\n<div style=\"position:absolute;pointer-events:none;left:-5.09709%;top:-13.1068%;width:113.34951%;height:129.93528%;opacity:1\">\n<div style=\"pointer-events:initial;width:100%;height:100%;display:block;position:absolute;top:0;left:0;z-index:0\" class=\"mask\" id=\"el-eda360fa-8fdb-4bcd-a107-8b70db9ec7af\">\n<div class=\"fill\" style=\"background-color:rgba(164,19,60,0.4);will-change:transform\"><\/div>\n<\/div>\n<\/div>\n<div style=\"position:absolute;pointer-events:none;left:13.34951%;top:37.54045%;width:73.30097%;height:39.4822%;opacity:1\">\n<div id=\"anim-9e1bc6bc-b4f0-40e5-b3d2-5e070658d32f\" class=\"animation-wrapper\" style=\"width:100%;height:100%;display:block;position:absolute;top:0;left:0;--initial-opacity:0;--initial-transform:none\">\n<div id=\"anim-5cb1761c-018a-4b31-93de-cda99119e298\" class=\"animation-wrapper\" style=\"width:100%;height:100%;display:block;position:absolute;top:0;left:0;--initial-opacity:1;--initial-transform:scale(0.3333333333333333)\">\n<div style=\"pointer-events:initial;width:100%;height:100%;display:block;position:absolute;top:0;left:0;z-index:0;border-radius:0.6622516556291391% 0.6622516556291391% 0.6622516556291391% 0.6622516556291391% \/ 0.819672131147541% 0.819672131147541% 0.819672131147541% 0.819672131147541%\" id=\"el-97eafe06-4182-47d5-92ab-aa66b8ac1a16\">\n<h2 id=\"as-inscricoes-podem-ser-feitas-entre-os-dias-17-a-24-de-marco-no-site-da-banca-fgv-ao-custo-de-r16000\" class=\"fill text-wrapper\" style=\"white-space:pre-line;overflow-wrap:break-word;word-break:break-word;margin:-1.1330711920529801% 0;font-family:&quot;Roboto&quot;,sans-serif;font-size:0.485437em;line-height:1.4;text-align:left;padding:0;color:#000000\"><span><span style=\"color: #fff\">As inscri\u00e7\u00f5es podem ser feitas <\/span><span style=\"font-weight: 700; color: #fff\">entre os dias 17 a 24 de mar\u00e7o<\/span><span style=\"color: #fff\">, no site da banca FGV ao custo de <\/span><span style=\"font-weight: 700; color: #fff\">R$160,00<\/span><span style=\"color: #fff\">.<\/span><\/span><\/h2>\n<\/div>\n<\/div>\n<\/div>\n<\/div>\n<div style=\"position:absolute;pointer-events:none;left:11.65049%;top:21.0356%;width:73.30097%;height:13.1068%;opacity:1\">\n<div style=\"pointer-events:initial;width:100%;height:100%;display:block;position:absolute;top:0;left:0;z-index:0;border-radius:0.6622516556291391% 0.6622516556291391% 0.6622516556291391% 0.6622516556291391% \/ 2.4691358024691357% 2.4691358024691357% 2.4691358024691357% 2.4691358024691357%\" id=\"el-308b315e-627e-4f2b-9473-a2b561fbfcf5\">\n<h2 id=\"quando-se-inscrever\" class=\"fill text-wrapper\" style=\"white-space:pre-line;overflow-wrap:break-word;word-break:break-word;margin:-0.16297599337748345% 0;font-family:&quot;Roboto&quot;,sans-serif;font-size:0.566343em;line-height:1.2;text-align:left;padding:0;color:#000000\"><span><span style=\"font-weight: 700; color: #fff\">Quando se inscrever?<\/span><\/span><\/h2>\n<\/div>\n<\/div>\n<\/div>\n<\/div>\n<p><\/amp-story-grid-layer><\/amp-story-page><amp-story-page id=\"b9bfd790-eded-49ea-bcff-f31496e4e830\" auto-advance-after=\"8s\"><amp-story-grid-layer template=\"vertical\" aspect-ratio=\"412:618\" class=\"grid-layer\"><\/p>\n<div class=\"page-fullbleed-area\" style=\"background-color:#9f0131\">\n<div class=\"page-safe-area\">\n<div style=\"position:absolute;pointer-events:none;left:0;top:-9.25926%;width:100%;height:118.51852%;opacity:1\">\n<div style=\"pointer-events:initial;width:100%;height:100%;display:block;position:absolute;top:0;left:0;z-index:0\" class=\"mask\" id=\"el-abf94303-a8e5-4147-a6c3-10d2535e93d9\">\n<div class=\"fill\" style=\"will-change:transform\"><\/div>\n<\/div>\n<\/div>\n<\/div>\n<\/div>\n<p><\/amp-story-grid-layer><amp-story-grid-layer template=\"vertical\" aspect-ratio=\"412:618\" class=\"grid-layer\"><\/p>\n<div class=\"page-fullbleed-area\">\n<div class=\"page-safe-area\">\n<div style=\"position:absolute;pointer-events:none;left:11.65049%;top:0;width:22.81553%;height:15.21036%;opacity:1\">\n<div style=\"pointer-events:initial;width:100%;height:100%;display:block;position:absolute;top:0;left:0;z-index:0\" class=\"mask\" id=\"el-016f9035-319f-4436-af5c-9caae866ccd4\">\n<div style=\"position:absolute;width:100.00004%;height:100%;left:-0.00002%;top:0%\" data-leaf-element=\"true\"><amp-img layout=\"fill\" src=\"https:\/\/oab.estrategia.com\/portal\/wp-content\/uploads\/2022\/07\/22145924\/estrategia-oab-coordenacao.jpg\" alt=\"logo estrat\u00e9gia\" srcSet=\"https:\/\/oab.estrategia.com\/portal\/wp-content\/uploads\/2022\/07\/22145924\/estrategia-oab-coordenacao.jpg 400w,https:\/\/oab.estrategia.com\/portal\/wp-content\/uploads\/2022\/07\/22145924\/estrategia-oab-coordenacao-380x380.jpg 380w,https:\/\/oab.estrategia.com\/portal\/wp-content\/uploads\/2022\/07\/22145924\/estrategia-oab-coordenacao-300x300.jpg 300w,https:\/\/oab.estrategia.com\/portal\/wp-content\/uploads\/2022\/07\/22145924\/estrategia-oab-coordenacao-150x150.jpg 150w,https:\/\/oab.estrategia.com\/portal\/wp-content\/uploads\/2022\/07\/22145924\/estrategia-oab-coordenacao-96x96.jpg 96w,https:\/\/oab.estrategia.com\/portal\/wp-content\/uploads\/2022\/07\/22145924\/estrategia-oab-coordenacao-80x80.jpg 80w,https:\/\/oab.estrategia.com\/portal\/wp-content\/uploads\/2022\/07\/22145924\/estrategia-oab-coordenacao-48x48.jpg 48w,https:\/\/oab.estrategia.com\/portal\/wp-content\/uploads\/2022\/07\/22145924\/estrategia-oab-coordenacao-24x24.jpg 24w\" sizes=\"(min-width: 1024px) 10vh, 23vw\" disable-inline-width=\"true\"><\/amp-img><\/div>\n<\/div>\n<\/div>\n<div style=\"position:absolute;pointer-events:none;left:17.47573%;top:29.44984%;width:65.04854%;height:40.45307%;opacity:1\">\n<div style=\"pointer-events:initial;width:100%;height:100%;display:block;position:absolute;top:0;left:0;z-index:0;border-radius:0.7462686567164178% 0.7462686567164178% 0.7462686567164178% 0.7462686567164178% \/ 0.8% 0.8% 0.8% 0.8%\" id=\"el-6be4afc4-4341-412c-a3dc-5d4461f1bf64\">\n<h2 id=\"confira-todas-as-novidades-sobre-o-edital-de-repescagem-do-43o-exame-de-ordem-unificado-com-o-artigo\" class=\"fill text-wrapper\" style=\"white-space:pre-line;overflow-wrap:break-word;word-break:break-word;margin:-0.1574160447761194% 0;font-family:&quot;Roboto&quot;,sans-serif;font-size:0.485437em;line-height:1.2;text-align:center;padding:0;color:#000000\"><span><span style=\"font-style: italic; color: #fff\">Confira todas as novidades sobre o <\/span><span style=\"font-weight: 700; font-style: italic; color: #fff\">edital de repescagem do 43\u00ba Exame de Ordem Unificado<\/span><span style=\"font-style: italic; color: #fff\"> com o artigo.<\/span><\/span><\/h2>\n<\/div>\n<\/div>\n<\/div>\n<\/div>\n<p><\/amp-story-grid-layer><amp-story-page-outlink layout=\"nodisplay\"><a href=\"https:\/\/oab.estrategia.com\/portal\/repescagem-oab\/\" rel=\"\">Leia no blog!<\/a><\/amp-story-page-outlink><\/amp-story-page><\/amp-story><\/body><\/html><\/p>\n","protected":false},"excerpt":{"rendered":"Foi publicado o edital de repescagem do 43\u00ba Exame de Ordem! Inscri\u00e7\u00f5es em 17\/03.\n","protected":false},"author":12,"featured_media":7490,"template":"","meta":{"web_stories_publisher_logo":1806,"web_stories_poster":[],"web_stories_products":[],"footnotes":""},"web_story_category":[],"web_story_tag":[],"class_list":["post-16555","web-story","type-web-story","status-publish","has-post-thumbnail"],"yoast_head":"<!-- This site is optimized with the Yoast SEO Premium plugin v26.2 (Yoast SEO v27.4) - https:\/\/yoast.com\/product\/yoast-seo-premium-wordpress\/ -->\n<title>Edital de repescagem do 43\u00ba Exame da OAB foi publicado!<\/title>\n<meta name=\"description\" content=\"O prazo para se inscrever no edital complementar de repescagem do 43\u00ba Exame ter\u00e1 in\u00edcio em 17 de mar\u00e7o! Confira os detalhes.\" \/>\n<meta name=\"robots\" content=\"index, follow, max-snippet:-1, max-image-preview:large, max-video-preview:-1\" \/>\n<link rel=\"canonical\" href=\"https:\/\/oab.estrategia.com\/portal\/web-stories\/publicado-o-edital-de-repescagem-do-43-exame-de-ordem\/\" \/>\n<meta property=\"og:locale\" content=\"pt_BR\" \/>\n<meta property=\"og:type\" content=\"article\" \/>\n<meta property=\"og:title\" content=\"Publicado o edital de repescagem do 43\u00ba Exame de Ordem!\" \/>\n<meta property=\"og:description\" content=\"O prazo para se inscrever no edital complementar de repescagem do 43\u00ba Exame ter\u00e1 in\u00edcio em 17 de mar\u00e7o! Confira os detalhes.\" \/>\n<meta property=\"og:url\" content=\"https:\/\/oab.estrategia.com\/portal\/web-stories\/publicado-o-edital-de-repescagem-do-43-exame-de-ordem\/\" \/>\n<meta property=\"og:site_name\" content=\"Blog - OAB - Estrat\u00e9gia\" \/>\n<meta property=\"article:publisher\" content=\"https:\/\/www.facebook.com\/estrategiaoab\/\" \/>\n<meta property=\"og:image\" content=\"https:\/\/oab.estrategia.com\/portal\/wp-content\/uploads\/2023\/05\/16110127\/proximas-datas-37-exame-de-ordem-2a-fase.png\" \/>\n\t<meta property=\"og:image:width\" content=\"640\" \/>\n\t<meta property=\"og:image:height\" content=\"853\" \/>\n\t<meta property=\"og:image:type\" content=\"image\/png\" \/>\n<meta name=\"twitter:card\" content=\"summary_large_image\" \/>\n<meta name=\"twitter:site\" content=\"@estrategiaoab\" \/>\n<script type=\"application\/ld+json\" class=\"yoast-schema-graph\">{\"@context\":\"https:\\\/\\\/schema.org\",\"@graph\":[{\"@type\":\"Article\",\"@id\":\"https:\\\/\\\/oab.estrategia.com\\\/portal\\\/web-stories\\\/publicado-o-edital-de-repescagem-do-43-exame-de-ordem\\\/#article\",\"isPartOf\":{\"@id\":\"https:\\\/\\\/oab.estrategia.com\\\/portal\\\/web-stories\\\/publicado-o-edital-de-repescagem-do-43-exame-de-ordem\\\/\"},\"author\":{\"name\":\"Coordena\u00e7\u00e3o\",\"@id\":\"https:\\\/\\\/oab.estrategia.com\\\/portal\\\/#\\\/schema\\\/person\\\/9e4f367923f195c7466d88c8e8a86d23\"},\"headline\":\"Publicado o edital de repescagem do 43\u00ba Exame de Ordem!\",\"datePublished\":\"2025-03-12T14:00:00+00:00\",\"mainEntityOfPage\":{\"@id\":\"https:\\\/\\\/oab.estrategia.com\\\/portal\\\/web-stories\\\/publicado-o-edital-de-repescagem-do-43-exame-de-ordem\\\/\"},\"wordCount\":126,\"publisher\":{\"@id\":\"https:\\\/\\\/oab.estrategia.com\\\/portal\\\/#organization\"},\"image\":{\"@id\":\"https:\\\/\\\/oab.estrategia.com\\\/portal\\\/web-stories\\\/publicado-o-edital-de-repescagem-do-43-exame-de-ordem\\\/#primaryimage\"},\"thumbnailUrl\":\"https:\\\/\\\/oab.estrategia.com\\\/portal\\\/wp-content\\\/uploads\\\/2023\\\/05\\\/16110127\\\/proximas-datas-37-exame-de-ordem-2a-fase.png\",\"inLanguage\":\"pt-BR\"},{\"@type\":\"WebPage\",\"@id\":\"https:\\\/\\\/oab.estrategia.com\\\/portal\\\/web-stories\\\/publicado-o-edital-de-repescagem-do-43-exame-de-ordem\\\/\",\"url\":\"https:\\\/\\\/oab.estrategia.com\\\/portal\\\/web-stories\\\/publicado-o-edital-de-repescagem-do-43-exame-de-ordem\\\/\",\"name\":\"Edital de repescagem do 43\u00ba Exame da OAB foi publicado!\",\"isPartOf\":{\"@id\":\"https:\\\/\\\/oab.estrategia.com\\\/portal\\\/#website\"},\"primaryImageOfPage\":{\"@id\":\"https:\\\/\\\/oab.estrategia.com\\\/portal\\\/web-stories\\\/publicado-o-edital-de-repescagem-do-43-exame-de-ordem\\\/#primaryimage\"},\"image\":{\"@id\":\"https:\\\/\\\/oab.estrategia.com\\\/portal\\\/web-stories\\\/publicado-o-edital-de-repescagem-do-43-exame-de-ordem\\\/#primaryimage\"},\"thumbnailUrl\":\"https:\\\/\\\/oab.estrategia.com\\\/portal\\\/wp-content\\\/uploads\\\/2023\\\/05\\\/16110127\\\/proximas-datas-37-exame-de-ordem-2a-fase.png\",\"datePublished\":\"2025-03-12T14:00:00+00:00\",\"description\":\"O prazo para se inscrever no edital complementar de repescagem do 43\u00ba Exame ter\u00e1 in\u00edcio em 17 de mar\u00e7o! Confira os detalhes.\",\"breadcrumb\":{\"@id\":\"https:\\\/\\\/oab.estrategia.com\\\/portal\\\/web-stories\\\/publicado-o-edital-de-repescagem-do-43-exame-de-ordem\\\/#breadcrumb\"},\"inLanguage\":\"pt-BR\",\"potentialAction\":[{\"@type\":\"ReadAction\",\"target\":[\"https:\\\/\\\/oab.estrategia.com\\\/portal\\\/web-stories\\\/publicado-o-edital-de-repescagem-do-43-exame-de-ordem\\\/\"]}]},{\"@type\":\"ImageObject\",\"inLanguage\":\"pt-BR\",\"@id\":\"https:\\\/\\\/oab.estrategia.com\\\/portal\\\/web-stories\\\/publicado-o-edital-de-repescagem-do-43-exame-de-ordem\\\/#primaryimage\",\"url\":\"https:\\\/\\\/oab.estrategia.com\\\/portal\\\/wp-content\\\/uploads\\\/2023\\\/05\\\/16110127\\\/proximas-datas-37-exame-de-ordem-2a-fase.png\",\"contentUrl\":\"https:\\\/\\\/oab.estrategia.com\\\/portal\\\/wp-content\\\/uploads\\\/2023\\\/05\\\/16110127\\\/proximas-datas-37-exame-de-ordem-2a-fase.png\",\"width\":640,\"height\":853,\"caption\":\"2\u00ba Simulado de 2\u00aa Fase 42\u00ba Exame OAB.\"},{\"@type\":\"BreadcrumbList\",\"@id\":\"https:\\\/\\\/oab.estrategia.com\\\/portal\\\/web-stories\\\/publicado-o-edital-de-repescagem-do-43-exame-de-ordem\\\/#breadcrumb\",\"itemListElement\":[{\"@type\":\"ListItem\",\"position\":1,\"name\":\"In\u00edcio\",\"item\":\"https:\\\/\\\/oab.estrategia.com\\\/portal\\\/\"},{\"@type\":\"ListItem\",\"position\":2,\"name\":\"Story\",\"item\":\"https:\\\/\\\/oab.estrategia.com\\\/portal\\\/web-stories\\\/\"},{\"@type\":\"ListItem\",\"position\":3,\"name\":\"Publicado o edital de repescagem do 43\u00ba Exame de Ordem!\"}]},{\"@type\":\"WebSite\",\"@id\":\"https:\\\/\\\/oab.estrategia.com\\\/portal\\\/#website\",\"url\":\"https:\\\/\\\/oab.estrategia.com\\\/portal\\\/\",\"name\":\"Blog - OAB - Estrat\u00e9gia\",\"description\":\"Blog OAB - Estrat\u00e9gia Concursos\",\"publisher\":{\"@id\":\"https:\\\/\\\/oab.estrategia.com\\\/portal\\\/#organization\"},\"potentialAction\":[{\"@type\":\"SearchAction\",\"target\":{\"@type\":\"EntryPoint\",\"urlTemplate\":\"https:\\\/\\\/oab.estrategia.com\\\/portal\\\/?s={search_term_string}\"},\"query-input\":{\"@type\":\"PropertyValueSpecification\",\"valueRequired\":true,\"valueName\":\"search_term_string\"}}],\"inLanguage\":\"pt-BR\"},{\"@type\":\"Organization\",\"@id\":\"https:\\\/\\\/oab.estrategia.com\\\/portal\\\/#organization\",\"name\":\"Estrat\u00e9gia Concursos\",\"url\":\"https:\\\/\\\/oab.estrategia.com\\\/portal\\\/\",\"logo\":{\"@type\":\"ImageObject\",\"inLanguage\":\"pt-BR\",\"@id\":\"https:\\\/\\\/oab.estrategia.com\\\/portal\\\/#\\\/schema\\\/logo\\\/image\\\/\",\"url\":\"https:\\\/\\\/oab.estrategia.com\\\/portal\\\/wp-content\\\/uploads\\\/2022\\\/04\\\/06103601\\\/oab-icone-2.png\",\"contentUrl\":\"https:\\\/\\\/oab.estrategia.com\\\/portal\\\/wp-content\\\/uploads\\\/2022\\\/04\\\/06103601\\\/oab-icone-2.png\",\"width\":900,\"height\":900,\"caption\":\"Estrat\u00e9gia Concursos\"},\"image\":{\"@id\":\"https:\\\/\\\/oab.estrategia.com\\\/portal\\\/#\\\/schema\\\/logo\\\/image\\\/\"},\"sameAs\":[\"https:\\\/\\\/www.facebook.com\\\/estrategiaoab\\\/\",\"https:\\\/\\\/x.com\\\/estrategiaoab\",\"https:\\\/\\\/www.instagram.com\\\/estrategiaoab\\\/\",\"https:\\\/\\\/www.youtube.com\\\/EstrategiaOAB\"]},{\"@type\":\"Person\",\"@id\":\"https:\\\/\\\/oab.estrategia.com\\\/portal\\\/#\\\/schema\\\/person\\\/9e4f367923f195c7466d88c8e8a86d23\",\"name\":\"Coordena\u00e7\u00e3o\",\"image\":{\"@type\":\"ImageObject\",\"inLanguage\":\"pt-BR\",\"@id\":\"https:\\\/\\\/oab.estrategia.com\\\/portal\\\/wp-content\\\/uploads\\\/2022\\\/03\\\/12164805\\\/estrategia-oab-coordenacao-96x96.png\",\"url\":\"https:\\\/\\\/oab.estrategia.com\\\/portal\\\/wp-content\\\/uploads\\\/2022\\\/03\\\/12164805\\\/estrategia-oab-coordenacao-96x96.png\",\"contentUrl\":\"https:\\\/\\\/oab.estrategia.com\\\/portal\\\/wp-content\\\/uploads\\\/2022\\\/03\\\/12164805\\\/estrategia-oab-coordenacao-96x96.png\",\"caption\":\"Coordena\u00e7\u00e3o\"},\"description\":\".\",\"url\":\"https:\\\/\\\/oab.estrategia.com\\\/portal\\\/author\\\/coordenacao\\\/\"}]}<\/script>\n<!-- \/ Yoast SEO Premium plugin. -->","yoast_head_json":{"title":"Edital de repescagem do 43\u00ba Exame da OAB foi publicado!","description":"O prazo para se inscrever no edital complementar de repescagem do 43\u00ba Exame ter\u00e1 in\u00edcio em 17 de mar\u00e7o! Confira os detalhes.","robots":{"index":"index","follow":"follow","max-snippet":"max-snippet:-1","max-image-preview":"max-image-preview:large","max-video-preview":"max-video-preview:-1"},"canonical":"https:\/\/oab.estrategia.com\/portal\/web-stories\/publicado-o-edital-de-repescagem-do-43-exame-de-ordem\/","og_locale":"pt_BR","og_type":"article","og_title":"Publicado o edital de repescagem do 43\u00ba Exame de Ordem!","og_description":"O prazo para se inscrever no edital complementar de repescagem do 43\u00ba Exame ter\u00e1 in\u00edcio em 17 de mar\u00e7o! Confira os detalhes.","og_url":"https:\/\/oab.estrategia.com\/portal\/web-stories\/publicado-o-edital-de-repescagem-do-43-exame-de-ordem\/","og_site_name":"Blog - OAB - Estrat\u00e9gia","article_publisher":"https:\/\/www.facebook.com\/estrategiaoab\/","og_image":[{"width":640,"height":853,"url":"https:\/\/oab.estrategia.com\/portal\/wp-content\/uploads\/2023\/05\/16110127\/proximas-datas-37-exame-de-ordem-2a-fase.png","type":"image\/png"}],"twitter_card":"summary_large_image","twitter_site":"@estrategiaoab","schema":{"@context":"https:\/\/schema.org","@graph":[{"@type":"Article","@id":"https:\/\/oab.estrategia.com\/portal\/web-stories\/publicado-o-edital-de-repescagem-do-43-exame-de-ordem\/#article","isPartOf":{"@id":"https:\/\/oab.estrategia.com\/portal\/web-stories\/publicado-o-edital-de-repescagem-do-43-exame-de-ordem\/"},"author":{"name":"Coordena\u00e7\u00e3o","@id":"https:\/\/oab.estrategia.com\/portal\/#\/schema\/person\/9e4f367923f195c7466d88c8e8a86d23"},"headline":"Publicado o edital de repescagem do 43\u00ba Exame de Ordem!","datePublished":"2025-03-12T14:00:00+00:00","mainEntityOfPage":{"@id":"https:\/\/oab.estrategia.com\/portal\/web-stories\/publicado-o-edital-de-repescagem-do-43-exame-de-ordem\/"},"wordCount":126,"publisher":{"@id":"https:\/\/oab.estrategia.com\/portal\/#organization"},"image":{"@id":"https:\/\/oab.estrategia.com\/portal\/web-stories\/publicado-o-edital-de-repescagem-do-43-exame-de-ordem\/#primaryimage"},"thumbnailUrl":"https:\/\/oab.estrategia.com\/portal\/wp-content\/uploads\/2023\/05\/16110127\/proximas-datas-37-exame-de-ordem-2a-fase.png","inLanguage":"pt-BR"},{"@type":"WebPage","@id":"https:\/\/oab.estrategia.com\/portal\/web-stories\/publicado-o-edital-de-repescagem-do-43-exame-de-ordem\/","url":"https:\/\/oab.estrategia.com\/portal\/web-stories\/publicado-o-edital-de-repescagem-do-43-exame-de-ordem\/","name":"Edital de repescagem do 43\u00ba Exame da OAB foi publicado!","isPartOf":{"@id":"https:\/\/oab.estrategia.com\/portal\/#website"},"primaryImageOfPage":{"@id":"https:\/\/oab.estrategia.com\/portal\/web-stories\/publicado-o-edital-de-repescagem-do-43-exame-de-ordem\/#primaryimage"},"image":{"@id":"https:\/\/oab.estrategia.com\/portal\/web-stories\/publicado-o-edital-de-repescagem-do-43-exame-de-ordem\/#primaryimage"},"thumbnailUrl":"https:\/\/oab.estrategia.com\/portal\/wp-content\/uploads\/2023\/05\/16110127\/proximas-datas-37-exame-de-ordem-2a-fase.png","datePublished":"2025-03-12T14:00:00+00:00","description":"O prazo para se inscrever no edital complementar de repescagem do 43\u00ba Exame ter\u00e1 in\u00edcio em 17 de mar\u00e7o! Confira os detalhes.","breadcrumb":{"@id":"https:\/\/oab.estrategia.com\/portal\/web-stories\/publicado-o-edital-de-repescagem-do-43-exame-de-ordem\/#breadcrumb"},"inLanguage":"pt-BR","potentialAction":[{"@type":"ReadAction","target":["https:\/\/oab.estrategia.com\/portal\/web-stories\/publicado-o-edital-de-repescagem-do-43-exame-de-ordem\/"]}]},{"@type":"ImageObject","inLanguage":"pt-BR","@id":"https:\/\/oab.estrategia.com\/portal\/web-stories\/publicado-o-edital-de-repescagem-do-43-exame-de-ordem\/#primaryimage","url":"https:\/\/oab.estrategia.com\/portal\/wp-content\/uploads\/2023\/05\/16110127\/proximas-datas-37-exame-de-ordem-2a-fase.png","contentUrl":"https:\/\/oab.estrategia.com\/portal\/wp-content\/uploads\/2023\/05\/16110127\/proximas-datas-37-exame-de-ordem-2a-fase.png","width":640,"height":853,"caption":"2\u00ba Simulado de 2\u00aa Fase 42\u00ba Exame OAB."},{"@type":"BreadcrumbList","@id":"https:\/\/oab.estrategia.com\/portal\/web-stories\/publicado-o-edital-de-repescagem-do-43-exame-de-ordem\/#breadcrumb","itemListElement":[{"@type":"ListItem","position":1,"name":"In\u00edcio","item":"https:\/\/oab.estrategia.com\/portal\/"},{"@type":"ListItem","position":2,"name":"Story","item":"https:\/\/oab.estrategia.com\/portal\/web-stories\/"},{"@type":"ListItem","position":3,"name":"Publicado o edital de repescagem do 43\u00ba Exame de Ordem!"}]},{"@type":"WebSite","@id":"https:\/\/oab.estrategia.com\/portal\/#website","url":"https:\/\/oab.estrategia.com\/portal\/","name":"Blog - OAB - Estrat\u00e9gia","description":"Blog OAB - Estrat\u00e9gia Concursos","publisher":{"@id":"https:\/\/oab.estrategia.com\/portal\/#organization"},"potentialAction":[{"@type":"SearchAction","target":{"@type":"EntryPoint","urlTemplate":"https:\/\/oab.estrategia.com\/portal\/?s={search_term_string}"},"query-input":{"@type":"PropertyValueSpecification","valueRequired":true,"valueName":"search_term_string"}}],"inLanguage":"pt-BR"},{"@type":"Organization","@id":"https:\/\/oab.estrategia.com\/portal\/#organization","name":"Estrat\u00e9gia Concursos","url":"https:\/\/oab.estrategia.com\/portal\/","logo":{"@type":"ImageObject","inLanguage":"pt-BR","@id":"https:\/\/oab.estrategia.com\/portal\/#\/schema\/logo\/image\/","url":"https:\/\/oab.estrategia.com\/portal\/wp-content\/uploads\/2022\/04\/06103601\/oab-icone-2.png","contentUrl":"https:\/\/oab.estrategia.com\/portal\/wp-content\/uploads\/2022\/04\/06103601\/oab-icone-2.png","width":900,"height":900,"caption":"Estrat\u00e9gia Concursos"},"image":{"@id":"https:\/\/oab.estrategia.com\/portal\/#\/schema\/logo\/image\/"},"sameAs":["https:\/\/www.facebook.com\/estrategiaoab\/","https:\/\/x.com\/estrategiaoab","https:\/\/www.instagram.com\/estrategiaoab\/","https:\/\/www.youtube.com\/EstrategiaOAB"]},{"@type":"Person","@id":"https:\/\/oab.estrategia.com\/portal\/#\/schema\/person\/9e4f367923f195c7466d88c8e8a86d23","name":"Coordena\u00e7\u00e3o","image":{"@type":"ImageObject","inLanguage":"pt-BR","@id":"https:\/\/oab.estrategia.com\/portal\/wp-content\/uploads\/2022\/03\/12164805\/estrategia-oab-coordenacao-96x96.png","url":"https:\/\/oab.estrategia.com\/portal\/wp-content\/uploads\/2022\/03\/12164805\/estrategia-oab-coordenacao-96x96.png","contentUrl":"https:\/\/oab.estrategia.com\/portal\/wp-content\/uploads\/2022\/03\/12164805\/estrategia-oab-coordenacao-96x96.png","caption":"Coordena\u00e7\u00e3o"},"description":".","url":"https:\/\/oab.estrategia.com\/portal\/author\/coordenacao\/"}]}},"jetpack_sharing_enabled":true,"story_data":{"version":47,"pages":[{"elements":[{"opacity":100,"flip":{"vertical":false,"horizontal":false},"rotationAngle":0,"lockAspectRatio":true,"x":48,"y":0,"width":240,"height":236,"mask":{"type":"rectangle"},"isBackground":true,"type":"image","id":"ec07c6ea-6606-48a3-9bf6-fb198742a24f","scale":100,"focalX":50,"focalY":50,"resource":{"type":"image","mimeType":"image\/png","width":480,"height":472,"sizes":{"medium":{"file":"advogado-estudando-pecas-para-segunda-fase-da-oab-em-vade-mecum-300x295.png","width":300,"height":295,"filesize":122369,"mimeType":"image\/png","sourceUrl":"https:\/\/oab.estrategia.com\/portal\/wp-content\/uploads\/2023\/03\/09175430\/advogado-estudando-pecas-para-segunda-fase-da-oab-em-vade-mecum-300x295.png"},"thumbnail":{"file":"advogado-estudando-pecas-para-segunda-fase-da-oab-em-vade-mecum-150x150.png","width":150,"height":150,"filesize":38765,"mimeType":"image\/png","sourceUrl":"https:\/\/oab.estrategia.com\/portal\/wp-content\/uploads\/2023\/03\/09175430\/advogado-estudando-pecas-para-segunda-fase-da-oab-em-vade-mecum-150x150.png"},"cnvs-small":{"file":"advogado-estudando-pecas-para-segunda-fase-da-oab-em-vade-mecum-80x80.png","width":80,"height":80,"filesize":13557,"mimeType":"image\/png","sourceUrl":"https:\/\/oab.estrategia.com\/portal\/wp-content\/uploads\/2023\/03\/09175430\/advogado-estudando-pecas-para-segunda-fase-da-oab-em-vade-mecum-80x80.png"},"cnvs-thumbnail":{"file":"advogado-estudando-pecas-para-segunda-fase-da-oab-em-vade-mecum-300x225.png","width":300,"height":225,"filesize":98147,"mimeType":"image\/png","sourceUrl":"https:\/\/oab.estrategia.com\/portal\/wp-content\/uploads\/2023\/03\/09175430\/advogado-estudando-pecas-para-segunda-fase-da-oab-em-vade-mecum-300x225.png"},"pk-small":{"file":"advogado-estudando-pecas-para-segunda-fase-da-oab-em-vade-mecum-80x80.png","width":80,"height":80,"filesize":13557,"mimeType":"image\/png","sourceUrl":"https:\/\/oab.estrategia.com\/portal\/wp-content\/uploads\/2023\/03\/09175430\/advogado-estudando-pecas-para-segunda-fase-da-oab-em-vade-mecum-80x80.png"},"pk-thumbnail":{"file":"advogado-estudando-pecas-para-segunda-fase-da-oab-em-vade-mecum-300x225.png","width":300,"height":225,"filesize":98147,"mimeType":"image\/png","sourceUrl":"https:\/\/oab.estrategia.com\/portal\/wp-content\/uploads\/2023\/03\/09175430\/advogado-estudando-pecas-para-segunda-fase-da-oab-em-vade-mecum-300x225.png"},"csco-small":{"file":"advogado-estudando-pecas-para-segunda-fase-da-oab-em-vade-mecum-80x80.png","width":80,"height":80,"filesize":13557,"mimeType":"image\/png","sourceUrl":"https:\/\/oab.estrategia.com\/portal\/wp-content\/uploads\/2023\/03\/09175430\/advogado-estudando-pecas-para-segunda-fase-da-oab-em-vade-mecum-80x80.png"},"csco-intermediate":{"file":"advogado-estudando-pecas-para-segunda-fase-da-oab-em-vade-mecum-200x140.png","width":200,"height":140,"filesize":46248,"mimeType":"image\/png","sourceUrl":"https:\/\/oab.estrategia.com\/portal\/wp-content\/uploads\/2023\/03\/09175430\/advogado-estudando-pecas-para-segunda-fase-da-oab-em-vade-mecum-200x140.png"},"csco-thumbnail":{"file":"advogado-estudando-pecas-para-segunda-fase-da-oab-em-vade-mecum-380x220.png","width":380,"height":220,"filesize":109371,"mimeType":"image\/png","sourceUrl":"https:\/\/oab.estrategia.com\/portal\/wp-content\/uploads\/2023\/03\/09175430\/advogado-estudando-pecas-para-segunda-fase-da-oab-em-vade-mecum-380x220.png"},"csco-thumbnail-alternative":{"file":"advogado-estudando-pecas-para-segunda-fase-da-oab-em-vade-mecum-300x180.png","width":300,"height":180,"filesize":76878,"mimeType":"image\/png","sourceUrl":"https:\/\/oab.estrategia.com\/portal\/wp-content\/uploads\/2023\/03\/09175430\/advogado-estudando-pecas-para-segunda-fase-da-oab-em-vade-mecum-300x180.png"},"csco-thumbnail-uncropped":{"file":"advogado-estudando-pecas-para-segunda-fase-da-oab-em-vade-mecum-380x374.png","width":380,"height":374,"filesize":181040,"mimeType":"image\/png","sourceUrl":"https:\/\/oab.estrategia.com\/portal\/wp-content\/uploads\/2023\/03\/09175430\/advogado-estudando-pecas-para-segunda-fase-da-oab-em-vade-mecum-380x374.png"},"csco-medium-alternative":{"file":"advogado-estudando-pecas-para-segunda-fase-da-oab-em-vade-mecum-480x336.png","width":480,"height":336,"filesize":206226,"mimeType":"image\/png","sourceUrl":"https:\/\/oab.estrategia.com\/portal\/wp-content\/uploads\/2023\/03\/09175430\/advogado-estudando-pecas-para-segunda-fase-da-oab-em-vade-mecum-480x336.png"},"profile_24":{"file":"advogado-estudando-pecas-para-segunda-fase-da-oab-em-vade-mecum-24x24.png","width":24,"height":24,"filesize":1824,"mimeType":"image\/png","sourceUrl":"https:\/\/oab.estrategia.com\/portal\/wp-content\/uploads\/2023\/03\/09175430\/advogado-estudando-pecas-para-segunda-fase-da-oab-em-vade-mecum-24x24.png"},"profile_48":{"file":"advogado-estudando-pecas-para-segunda-fase-da-oab-em-vade-mecum-48x48.png","width":48,"height":48,"filesize":5860,"mimeType":"image\/png","sourceUrl":"https:\/\/oab.estrategia.com\/portal\/wp-content\/uploads\/2023\/03\/09175430\/advogado-estudando-pecas-para-segunda-fase-da-oab-em-vade-mecum-48x48.png"},"profile_96":{"file":"advogado-estudando-pecas-para-segunda-fase-da-oab-em-vade-mecum-96x96.png","width":96,"height":96,"filesize":18392,"mimeType":"image\/png","sourceUrl":"https:\/\/oab.estrategia.com\/portal\/wp-content\/uploads\/2023\/03\/09175430\/advogado-estudando-pecas-para-segunda-fase-da-oab-em-vade-mecum-96x96.png"},"profile_150":{"file":"advogado-estudando-pecas-para-segunda-fase-da-oab-em-vade-mecum-150x150.png","width":150,"height":150,"filesize":38765,"mimeType":"image\/png","sourceUrl":"https:\/\/oab.estrategia.com\/portal\/wp-content\/uploads\/2023\/03\/09175430\/advogado-estudando-pecas-para-segunda-fase-da-oab-em-vade-mecum-150x150.png"},"profile_300":{"file":"advogado-estudando-pecas-para-segunda-fase-da-oab-em-vade-mecum-300x300.png","width":300,"height":300,"filesize":123900,"mimeType":"image\/png","sourceUrl":"https:\/\/oab.estrategia.com\/portal\/wp-content\/uploads\/2023\/03\/09175430\/advogado-estudando-pecas-para-segunda-fase-da-oab-em-vade-mecum-300x300.png"},"web-stories-publisher-logo":{"file":"advogado-estudando-pecas-para-segunda-fase-da-oab-em-vade-mecum-96x96.png","width":96,"height":96,"filesize":18392,"mimeType":"image\/png","sourceUrl":"https:\/\/oab.estrategia.com\/portal\/wp-content\/uploads\/2023\/03\/09175430\/advogado-estudando-pecas-para-segunda-fase-da-oab-em-vade-mecum-96x96.png"},"web-stories-thumbnail":{"file":"advogado-estudando-pecas-para-segunda-fase-da-oab-em-vade-mecum-150x148.png","width":150,"height":148,"filesize":38451,"mimeType":"image\/png","sourceUrl":"https:\/\/oab.estrategia.com\/portal\/wp-content\/uploads\/2023\/03\/09175430\/advogado-estudando-pecas-para-segunda-fase-da-oab-em-vade-mecum-150x148.png"},"full":{"file":"advogado-estudando-pecas-para-segunda-fase-da-oab-em-vade-mecum.png","width":480,"height":472,"mimeType":"image\/png","sourceUrl":"https:\/\/oab.estrategia.com\/portal\/wp-content\/uploads\/2023\/03\/09175430\/advogado-estudando-pecas-para-segunda-fase-da-oab-em-vade-mecum.png"}},"isPlaceholder":false,"isExternal":false,"needsProxy":false,"baseColor":"#d7c9be","blurHash":"UCJk1J+?^j-.4T?wX9tQv|$+8_E20g9E_4TL","creationDate":"2023-03-09T20:54:26.000Z","src":"https:\/\/oab.estrategia.com\/portal\/wp-content\/uploads\/2023\/03\/09175430\/advogado-estudando-pecas-para-segunda-fase-da-oab-em-vade-mecum.png","id":6134,"alt":"oab","local":false}},{"opacity":100,"flip":{"vertical":false,"horizontal":false},"rotationAngle":0,"lockAspectRatio":false,"backgroundColor":{"color":{"r":164,"g":19,"b":60,"a":0.4}},"width":467,"height":803,"type":"shape","x":-21,"y":-81,"mask":{"type":"rectangle"},"id":"56a48fa4-e2e7-4f86-b340-a15b0a1fc7a1"},{"opacity":100,"flip":{"vertical":false,"horizontal":false},"rotationAngle":0,"lockAspectRatio":false,"scale":100,"focalX":50,"focalY":50,"resource":{"baseColor":"#f8e1e7","blurHash":"UBNaJOx]00HsoLRPV@yD8way.mf6%gozMdR5","type":"image","mimeType":"image\/jpeg","creationDate":"2022-07-22T17:59:24","src":"https:\/\/oab.estrategia.com\/portal\/wp-content\/uploads\/2022\/07\/22145924\/estrategia-oab-coordenacao.jpg","width":400,"height":400,"id":1806,"alt":"","sizes":{"medium":{"file":"estrategia-oab-coordenacao-300x300.jpg","width":300,"height":300,"filesize":6675,"mimeType":"image\/jpeg","sourceUrl":"https:\/\/oab.estrategia.com\/portal\/wp-content\/uploads\/2022\/07\/22145924\/estrategia-oab-coordenacao-300x300.jpg"},"thumbnail":{"file":"estrategia-oab-coordenacao-150x150.jpg","width":150,"height":150,"filesize":3495,"mimeType":"image\/jpeg","sourceUrl":"https:\/\/oab.estrategia.com\/portal\/wp-content\/uploads\/2022\/07\/22145924\/estrategia-oab-coordenacao-150x150.jpg"},"cnvs-small":{"file":"estrategia-oab-coordenacao-80x80.jpg","width":80,"height":80,"filesize":2120,"mimeType":"image\/jpeg","sourceUrl":"https:\/\/oab.estrategia.com\/portal\/wp-content\/uploads\/2022\/07\/22145924\/estrategia-oab-coordenacao-80x80.jpg"},"cnvs-thumbnail":{"file":"estrategia-oab-coordenacao-300x225.jpg","width":300,"height":225,"filesize":6374,"mimeType":"image\/jpeg","sourceUrl":"https:\/\/oab.estrategia.com\/portal\/wp-content\/uploads\/2022\/07\/22145924\/estrategia-oab-coordenacao-300x225.jpg"},"pk-small":{"file":"estrategia-oab-coordenacao-80x80.jpg","width":80,"height":80,"filesize":2120,"mimeType":"image\/jpeg","sourceUrl":"https:\/\/oab.estrategia.com\/portal\/wp-content\/uploads\/2022\/07\/22145924\/estrategia-oab-coordenacao-80x80.jpg"},"pk-thumbnail":{"file":"estrategia-oab-coordenacao-300x225.jpg","width":300,"height":225,"filesize":6374,"mimeType":"image\/jpeg","sourceUrl":"https:\/\/oab.estrategia.com\/portal\/wp-content\/uploads\/2022\/07\/22145924\/estrategia-oab-coordenacao-300x225.jpg"},"csco-small":{"file":"estrategia-oab-coordenacao-80x80.jpg","width":80,"height":80,"filesize":2120,"mimeType":"image\/jpeg","sourceUrl":"https:\/\/oab.estrategia.com\/portal\/wp-content\/uploads\/2022\/07\/22145924\/estrategia-oab-coordenacao-80x80.jpg"},"csco-intermediate":{"file":"estrategia-oab-coordenacao-200x140.jpg","width":200,"height":140,"filesize":4176,"mimeType":"image\/jpeg","sourceUrl":"https:\/\/oab.estrategia.com\/portal\/wp-content\/uploads\/2022\/07\/22145924\/estrategia-oab-coordenacao-200x140.jpg"},"csco-thumbnail":{"file":"estrategia-oab-coordenacao-380x220.jpg","width":380,"height":220,"filesize":6727,"mimeType":"image\/jpeg","sourceUrl":"https:\/\/oab.estrategia.com\/portal\/wp-content\/uploads\/2022\/07\/22145924\/estrategia-oab-coordenacao-380x220.jpg"},"csco-thumbnail-alternative":{"file":"estrategia-oab-coordenacao-300x180.jpg","width":300,"height":180,"filesize":5508,"mimeType":"image\/jpeg","sourceUrl":"https:\/\/oab.estrategia.com\/portal\/wp-content\/uploads\/2022\/07\/22145924\/estrategia-oab-coordenacao-300x180.jpg"},"csco-thumbnail-uncropped":{"file":"estrategia-oab-coordenacao-380x380.jpg","width":380,"height":380,"filesize":8578,"mimeType":"image\/jpeg","sourceUrl":"https:\/\/oab.estrategia.com\/portal\/wp-content\/uploads\/2022\/07\/22145924\/estrategia-oab-coordenacao-380x380.jpg"},"csco-medium-alternative":{"file":"estrategia-oab-coordenacao-400x336.jpg","width":400,"height":336,"filesize":9645,"mimeType":"image\/jpeg","sourceUrl":"https:\/\/oab.estrategia.com\/portal\/wp-content\/uploads\/2022\/07\/22145924\/estrategia-oab-coordenacao-400x336.jpg"},"profile_24":{"file":"estrategia-oab-coordenacao-24x24.jpg","width":24,"height":24,"filesize":1208,"mimeType":"image\/jpeg","sourceUrl":"https:\/\/oab.estrategia.com\/portal\/wp-content\/uploads\/2022\/07\/22145924\/estrategia-oab-coordenacao-24x24.jpg"},"profile_48":{"file":"estrategia-oab-coordenacao-48x48.jpg","width":48,"height":48,"filesize":1591,"mimeType":"image\/jpeg","sourceUrl":"https:\/\/oab.estrategia.com\/portal\/wp-content\/uploads\/2022\/07\/22145924\/estrategia-oab-coordenacao-48x48.jpg"},"profile_96":{"file":"estrategia-oab-coordenacao-96x96.jpg","width":96,"height":96,"filesize":2499,"mimeType":"image\/jpeg","sourceUrl":"https:\/\/oab.estrategia.com\/portal\/wp-content\/uploads\/2022\/07\/22145924\/estrategia-oab-coordenacao-96x96.jpg"},"profile_150":{"file":"estrategia-oab-coordenacao-150x150.jpg","width":150,"height":150,"filesize":3495,"mimeType":"image\/jpeg","sourceUrl":"https:\/\/oab.estrategia.com\/portal\/wp-content\/uploads\/2022\/07\/22145924\/estrategia-oab-coordenacao-150x150.jpg"},"profile_300":{"file":"estrategia-oab-coordenacao-300x300.jpg","width":300,"height":300,"filesize":6675,"mimeType":"image\/jpeg","sourceUrl":"https:\/\/oab.estrategia.com\/portal\/wp-content\/uploads\/2022\/07\/22145924\/estrategia-oab-coordenacao-300x300.jpg"},"web-stories-publisher-logo":{"file":"estrategia-oab-coordenacao-96x96.jpg","width":96,"height":96,"filesize":2499,"mimeType":"image\/jpeg","sourceUrl":"https:\/\/oab.estrategia.com\/portal\/wp-content\/uploads\/2022\/07\/22145924\/estrategia-oab-coordenacao-96x96.jpg"},"web-stories-thumbnail":{"file":"estrategia-oab-coordenacao-150x150.jpg","width":150,"height":150,"filesize":3495,"mimeType":"image\/jpeg","sourceUrl":"https:\/\/oab.estrategia.com\/portal\/wp-content\/uploads\/2022\/07\/22145924\/estrategia-oab-coordenacao-150x150.jpg"},"full":{"file":"estrategia-oab-coordenacao.jpg","width":400,"height":400,"mimeType":"image\/jpeg","sourceUrl":"https:\/\/oab.estrategia.com\/portal\/wp-content\/uploads\/2022\/07\/22145924\/estrategia-oab-coordenacao.jpg"}},"isPlaceholder":false,"isOptimized":false,"isMuted":false,"isExternal":false,"needsProxy":false},"type":"image","x":48,"y":0,"width":94,"height":94,"mask":{"type":"rectangle","showInLibrary":true,"name":"Rectangle","path":"M 0,0 1,0 1,1 0,1 0,0 Z","ratio":1,"supportsBorder":true},"id":"164db556-101a-4423-a708-eb78d7fbc6ec","alt":"logo estrat\u00e9gia"},{"opacity":100,"flip":{"vertical":false,"horizontal":false},"rotationAngle":0,"lockAspectRatio":true,"backgroundTextMode":"NONE","font":{"family":"Roboto"},"fontSize":36,"backgroundColor":{"color":{"r":196,"g":196,"b":196}},"lineHeight":1.19,"textAlign":"left","padding":{"locked":true,"hasHiddenPadding":false,"horizontal":0,"vertical":0},"type":"text","content":"<span style=\"font-weight: 700; color: #fff\">As inscri\u00e7\u00f5es para o edital complementar come\u00e7ar\u00e3o em 17 de mar\u00e7o. Confira os detalhes!<\/span>","borderRadius":{"locked":true,"topLeft":2,"topRight":2,"bottomRight":2,"bottomLeft":2},"x":50,"y":329,"width":315,"height":257,"id":"5b44a2f9-ee80-4a09-9207-a7ab2731743e","marginOffset":0.598124999999996},{"opacity":100,"flip":{"vertical":false,"horizontal":false},"rotationAngle":0,"lockAspectRatio":true,"backgroundTextMode":"NONE","font":{"family":"Roboto"},"fontSize":19,"backgroundColor":{"color":{"r":196,"g":196,"b":196}},"lineHeight":1.2,"textAlign":"left","padding":{"locked":true,"hasHiddenPadding":false,"horizontal":0,"vertical":0},"type":"text","content":"<span style=\"font-weight: 700; color: #fff\">Por Estrat\u00e9gia OAB<\/span>","borderRadius":{"locked":true,"topLeft":2,"topRight":2,"bottomRight":2,"bottomLeft":2},"x":48,"y":596,"width":198,"height":22,"id":"2a638a69-f4e7-4e77-b5fc-af73ef7e3ace","marginOffset":0.5625}],"animations":[],"backgroundColor":{"color":{"r":159,"g":1,"b":49}},"type":"page","id":"5df3561d-27b0-48cd-bf99-780fb68bf751","defaultBackgroundElement":{"opacity":100,"flip":{"vertical":false,"horizontal":false},"rotationAngle":0,"lockAspectRatio":true,"x":1,"y":1,"width":1,"height":1,"mask":{"type":"rectangle"},"isBackground":true,"isDefaultBackground":true,"type":"shape","id":"72007abb-b867-41db-a206-49e03bae2383"}},{"elements":[{"opacity":100,"flip":{"vertical":false,"horizontal":false},"rotationAngle":0,"lockAspectRatio":true,"x":48,"y":0,"width":274,"height":184,"mask":{"type":"rectangle"},"isBackground":true,"type":"image","id":"1828b9dd-a446-4392-a78d-f31a3e4bd3ce","basedOn":"8f441399-bc6f-45d7-989d-020621f24e4d","scale":100,"focalX":50,"focalY":50,"resource":{"type":"image","mimeType":"image\/png","width":547,"height":367,"sizes":{"medium":{"file":"prova-de-segunda-fase-oab-examinando-resolvendo-questoes-de-provas-anteriores-300x201.png","width":300,"height":201,"filesize":69789,"mimeType":"image\/png","sourceUrl":"https:\/\/oab.estrategia.com\/portal\/wp-content\/uploads\/2022\/11\/03122305\/prova-de-segunda-fase-oab-examinando-resolvendo-questoes-de-provas-anteriores-300x201.png"},"thumbnail":{"file":"prova-de-segunda-fase-oab-examinando-resolvendo-questoes-de-provas-anteriores-150x150.png","width":150,"height":150,"filesize":27049,"mimeType":"image\/png","sourceUrl":"https:\/\/oab.estrategia.com\/portal\/wp-content\/uploads\/2022\/11\/03122305\/prova-de-segunda-fase-oab-examinando-resolvendo-questoes-de-provas-anteriores-150x150.png"},"cnvs-small":{"file":"prova-de-segunda-fase-oab-examinando-resolvendo-questoes-de-provas-anteriores-80x80.png","width":80,"height":80,"filesize":8922,"mimeType":"image\/png","sourceUrl":"https:\/\/oab.estrategia.com\/portal\/wp-content\/uploads\/2022\/11\/03122305\/prova-de-segunda-fase-oab-examinando-resolvendo-questoes-de-provas-anteriores-80x80.png"},"cnvs-thumbnail":{"file":"prova-de-segunda-fase-oab-examinando-resolvendo-questoes-de-provas-anteriores-300x225.png","width":300,"height":225,"filesize":76487,"mimeType":"image\/png","sourceUrl":"https:\/\/oab.estrategia.com\/portal\/wp-content\/uploads\/2022\/11\/03122305\/prova-de-segunda-fase-oab-examinando-resolvendo-questoes-de-provas-anteriores-300x225.png"},"pk-small":{"file":"prova-de-segunda-fase-oab-examinando-resolvendo-questoes-de-provas-anteriores-80x80.png","width":80,"height":80,"filesize":8922,"mimeType":"image\/png","sourceUrl":"https:\/\/oab.estrategia.com\/portal\/wp-content\/uploads\/2022\/11\/03122305\/prova-de-segunda-fase-oab-examinando-resolvendo-questoes-de-provas-anteriores-80x80.png"},"pk-thumbnail":{"file":"prova-de-segunda-fase-oab-examinando-resolvendo-questoes-de-provas-anteriores-300x225.png","width":300,"height":225,"filesize":76487,"mimeType":"image\/png","sourceUrl":"https:\/\/oab.estrategia.com\/portal\/wp-content\/uploads\/2022\/11\/03122305\/prova-de-segunda-fase-oab-examinando-resolvendo-questoes-de-provas-anteriores-300x225.png"},"csco-small":{"file":"prova-de-segunda-fase-oab-examinando-resolvendo-questoes-de-provas-anteriores-80x80.png","width":80,"height":80,"filesize":8922,"mimeType":"image\/png","sourceUrl":"https:\/\/oab.estrategia.com\/portal\/wp-content\/uploads\/2022\/11\/03122305\/prova-de-segunda-fase-oab-examinando-resolvendo-questoes-de-provas-anteriores-80x80.png"},"csco-intermediate":{"file":"prova-de-segunda-fase-oab-examinando-resolvendo-questoes-de-provas-anteriores-200x140.png","width":200,"height":140,"filesize":35035,"mimeType":"image\/png","sourceUrl":"https:\/\/oab.estrategia.com\/portal\/wp-content\/uploads\/2022\/11\/03122305\/prova-de-segunda-fase-oab-examinando-resolvendo-questoes-de-provas-anteriores-200x140.png"},"csco-thumbnail":{"file":"prova-de-segunda-fase-oab-examinando-resolvendo-questoes-de-provas-anteriores-380x220.png","width":380,"height":220,"filesize":95736,"mimeType":"image\/png","sourceUrl":"https:\/\/oab.estrategia.com\/portal\/wp-content\/uploads\/2022\/11\/03122305\/prova-de-segunda-fase-oab-examinando-resolvendo-questoes-de-provas-anteriores-380x220.png"},"csco-thumbnail-alternative":{"file":"prova-de-segunda-fase-oab-examinando-resolvendo-questoes-de-provas-anteriores-300x180.png","width":300,"height":180,"filesize":63877,"mimeType":"image\/png","sourceUrl":"https:\/\/oab.estrategia.com\/portal\/wp-content\/uploads\/2022\/11\/03122305\/prova-de-segunda-fase-oab-examinando-resolvendo-questoes-de-provas-anteriores-300x180.png"},"csco-thumbnail-uncropped":{"file":"prova-de-segunda-fase-oab-examinando-resolvendo-questoes-de-provas-anteriores-380x255.png","width":380,"height":255,"filesize":108000,"mimeType":"image\/png","sourceUrl":"https:\/\/oab.estrategia.com\/portal\/wp-content\/uploads\/2022\/11\/03122305\/prova-de-segunda-fase-oab-examinando-resolvendo-questoes-de-provas-anteriores-380x255.png"},"csco-medium-alternative":{"file":"prova-de-segunda-fase-oab-examinando-resolvendo-questoes-de-provas-anteriores-547x336.png","width":547,"height":336,"filesize":83986,"mimeType":"image\/png","sourceUrl":"https:\/\/oab.estrategia.com\/portal\/wp-content\/uploads\/2022\/11\/03122305\/prova-de-segunda-fase-oab-examinando-resolvendo-questoes-de-provas-anteriores-547x336.png"},"profile_24":{"file":"prova-de-segunda-fase-oab-examinando-resolvendo-questoes-de-provas-anteriores-24x24.png","width":24,"height":24,"filesize":1147,"mimeType":"image\/png","sourceUrl":"https:\/\/oab.estrategia.com\/portal\/wp-content\/uploads\/2022\/11\/03122305\/prova-de-segunda-fase-oab-examinando-resolvendo-questoes-de-provas-anteriores-24x24.png"},"profile_48":{"file":"prova-de-segunda-fase-oab-examinando-resolvendo-questoes-de-provas-anteriores-48x48.png","width":48,"height":48,"filesize":3631,"mimeType":"image\/png","sourceUrl":"https:\/\/oab.estrategia.com\/portal\/wp-content\/uploads\/2022\/11\/03122305\/prova-de-segunda-fase-oab-examinando-resolvendo-questoes-de-provas-anteriores-48x48.png"},"profile_96":{"file":"prova-de-segunda-fase-oab-examinando-resolvendo-questoes-de-provas-anteriores-96x96.png","width":96,"height":96,"filesize":12377,"mimeType":"image\/png","sourceUrl":"https:\/\/oab.estrategia.com\/portal\/wp-content\/uploads\/2022\/11\/03122305\/prova-de-segunda-fase-oab-examinando-resolvendo-questoes-de-provas-anteriores-96x96.png"},"profile_150":{"file":"prova-de-segunda-fase-oab-examinando-resolvendo-questoes-de-provas-anteriores-150x150.png","width":150,"height":150,"filesize":27049,"mimeType":"image\/png","sourceUrl":"https:\/\/oab.estrategia.com\/portal\/wp-content\/uploads\/2022\/11\/03122305\/prova-de-segunda-fase-oab-examinando-resolvendo-questoes-de-provas-anteriores-150x150.png"},"profile_300":{"file":"prova-de-segunda-fase-oab-examinando-resolvendo-questoes-de-provas-anteriores-300x300.png","width":300,"height":300,"filesize":95309,"mimeType":"image\/png","sourceUrl":"https:\/\/oab.estrategia.com\/portal\/wp-content\/uploads\/2022\/11\/03122305\/prova-de-segunda-fase-oab-examinando-resolvendo-questoes-de-provas-anteriores-300x300.png"},"web-stories-publisher-logo":{"file":"prova-de-segunda-fase-oab-examinando-resolvendo-questoes-de-provas-anteriores-96x96.png","width":96,"height":96,"filesize":12377,"mimeType":"image\/png","sourceUrl":"https:\/\/oab.estrategia.com\/portal\/wp-content\/uploads\/2022\/11\/03122305\/prova-de-segunda-fase-oab-examinando-resolvendo-questoes-de-provas-anteriores-96x96.png"},"web-stories-thumbnail":{"file":"prova-de-segunda-fase-oab-examinando-resolvendo-questoes-de-provas-anteriores-150x101.png","width":150,"height":101,"filesize":20489,"mimeType":"image\/png","sourceUrl":"https:\/\/oab.estrategia.com\/portal\/wp-content\/uploads\/2022\/11\/03122305\/prova-de-segunda-fase-oab-examinando-resolvendo-questoes-de-provas-anteriores-150x101.png"},"full":{"file":"prova-de-segunda-fase-oab-examinando-resolvendo-questoes-de-provas-anteriores.png","width":547,"height":367,"mimeType":"image\/png","sourceUrl":"https:\/\/oab.estrategia.com\/portal\/wp-content\/uploads\/2022\/11\/03122305\/prova-de-segunda-fase-oab-examinando-resolvendo-questoes-de-provas-anteriores.png"}},"isPlaceholder":false,"isExternal":false,"needsProxy":false,"baseColor":"#d7dce2","blurHash":"UaNdL3?v8_Vs~pkrkDo#%gI9RiozRjkDWBoM","creationDate":"2022-11-03T15:23:05.000Z","src":"https:\/\/oab.estrategia.com\/portal\/wp-content\/uploads\/2022\/11\/03122305\/prova-de-segunda-fase-oab-examinando-resolvendo-questoes-de-provas-anteriores.png","id":3462,"alt":"","local":false}},{"opacity":100,"flip":{"vertical":false,"horizontal":false},"rotationAngle":0,"lockAspectRatio":false,"backgroundColor":{"color":{"r":164,"g":19,"b":60,"a":0.4}},"width":467,"height":803,"x":-21,"y":-81,"mask":{"type":"rectangle"},"id":"f3078d72-bd16-41a7-b2f3-6cd8ea4d4452","type":"shape"},{"opacity":100,"flip":{"vertical":false,"horizontal":false},"rotationAngle":0,"lockAspectRatio":true,"backgroundTextMode":"NONE","font":{"family":"Roboto"},"fontSize":30,"backgroundColor":{"color":{"r":196,"g":196,"b":196}},"lineHeight":1.4,"textAlign":"left","padding":{"locked":true,"hasHiddenPadding":false,"horizontal":0,"vertical":0},"content":"<span style=\"font-weight: 700; color: #fff\">Publica\u00e7\u00e3o do Edital de repescagem:<\/span><span style=\"color: #fff\"> 10\/03\/2024<\/span>\n<span style=\"font-weight: 700; color: #fff\">Per\u00edodo de Inscri\u00e7\u00e3o:<\/span><span style=\"color: #fff\"> 17\/03 a 24\/03\/2025<\/span>\n<span style=\"font-weight: 700; color: #fff\">Prova Pr\u00e1tico-Profissional:<\/span><span style=\"color: #fff\"> 15\/06\/2025<\/span>","borderRadius":{"locked":true,"topLeft":2,"topRight":2,"bottomRight":2,"bottomLeft":2},"x":48,"y":167,"width":312,"height":330,"link":null,"marginOffset":6.159374999999997,"basedOn":"0b25e911-d40e-4116-86da-0b3ad2224d25","id":"45957b9c-03bf-4a97-8da0-cf42716210de","type":"text"},{"opacity":100,"flip":{"vertical":false,"horizontal":false},"rotationAngle":0,"lockAspectRatio":true,"backgroundTextMode":"NONE","font":{"family":"Roboto"},"fontSize":35,"backgroundColor":{"color":{"r":196,"g":196,"b":196}},"lineHeight":1.2,"textAlign":"left","padding":{"locked":true,"hasHiddenPadding":false,"horizontal":0,"vertical":0},"content":"<span style=\"font-weight: 700; color: #fff\">Principais datas<\/span>","x":48,"y":97,"width":312,"borderRadius":{"locked":true,"topLeft":2,"topRight":2,"bottomRight":2,"bottomLeft":2},"type":"text","height":40,"id":"8d18d6cd-f05f-46c4-89b1-ef5af9d32e01"}],"animations":[{"id":"c3fc867f-d1aa-4037-bcad-fd4a033690df","type":"effect-zoom","scaleDirection":"scaleIn","duration":2000,"delay":0,"targets":["45957b9c-03bf-4a97-8da0-cf42716210de"]}],"backgroundColor":{"color":{"r":159,"g":1,"b":49}},"type":"page","id":"54087d3b-f2a9-4c28-998f-a98c4914ff15","defaultBackgroundElement":{"opacity":100,"flip":{"vertical":false,"horizontal":false},"rotationAngle":0,"lockAspectRatio":true,"x":1,"y":1,"width":1,"height":1,"mask":{"type":"rectangle"},"isBackground":true,"isDefaultBackground":true,"type":"shape","id":"364a2fd9-1973-4200-b588-f51503b71459","basedOn":"8f441399-bc6f-45d7-989d-020621f24e4d"}},{"elements":[{"opacity":100,"flip":{"vertical":false,"horizontal":false},"rotationAngle":0,"lockAspectRatio":true,"x":48,"y":0,"width":330,"height":220,"mask":{"type":"rectangle"},"isBackground":true,"type":"image","id":"4847b23d-6860-486f-9ad1-f33373c7721c","basedOn":"e150b2ed-6e37-469a-a126-79362d402667","scale":100,"focalX":50,"focalY":50,"resource":{"type":"image","mimeType":"image\/jpeg","width":1280,"height":853,"sizes":{"medium":{"file":"prova-oab-xxxv-exame-divulgado-o-resultado-preliminar-da-segunda-fase-oab-300x200.jpg","width":300,"height":200,"filesize":8896,"mimeType":"image\/jpeg","sourceUrl":"https:\/\/oab.estrategia.com\/portal\/wp-content\/uploads\/2022\/09\/19175539\/prova-oab-xxxv-exame-divulgado-o-resultado-preliminar-da-segunda-fase-oab-300x200.jpg"},"large":{"file":"prova-oab-xxxv-exame-divulgado-o-resultado-preliminar-da-segunda-fase-oab-1024x682.jpg","width":1024,"height":682,"filesize":47983,"mimeType":"image\/jpeg","sourceUrl":"https:\/\/oab.estrategia.com\/portal\/wp-content\/uploads\/2022\/09\/19175539\/prova-oab-xxxv-exame-divulgado-o-resultado-preliminar-da-segunda-fase-oab-1024x682.jpg"},"thumbnail":{"file":"prova-oab-xxxv-exame-divulgado-o-resultado-preliminar-da-segunda-fase-oab-150x150.jpg","width":150,"height":150,"filesize":4670,"mimeType":"image\/jpeg","sourceUrl":"https:\/\/oab.estrategia.com\/portal\/wp-content\/uploads\/2022\/09\/19175539\/prova-oab-xxxv-exame-divulgado-o-resultado-preliminar-da-segunda-fase-oab-150x150.jpg"},"medium_large":{"file":"prova-oab-xxxv-exame-divulgado-o-resultado-preliminar-da-segunda-fase-oab-768x512.jpg","width":768,"height":512,"filesize":31772,"mimeType":"image\/jpeg","sourceUrl":"https:\/\/oab.estrategia.com\/portal\/wp-content\/uploads\/2022\/09\/19175539\/prova-oab-xxxv-exame-divulgado-o-resultado-preliminar-da-segunda-fase-oab-768x512.jpg"},"post-custom":{"file":"prova-oab-xxxv-exame-divulgado-o-resultado-preliminar-da-segunda-fase-oab-960x540.jpg","width":960,"height":540,"filesize":38112,"mimeType":"image\/jpeg","sourceUrl":"https:\/\/oab.estrategia.com\/portal\/wp-content\/uploads\/2022\/09\/19175539\/prova-oab-xxxv-exame-divulgado-o-resultado-preliminar-da-segunda-fase-oab-960x540.jpg"},"cnvs-small":{"file":"prova-oab-xxxv-exame-divulgado-o-resultado-preliminar-da-segunda-fase-oab-80x80.jpg","width":80,"height":80,"filesize":1952,"mimeType":"image\/jpeg","sourceUrl":"https:\/\/oab.estrategia.com\/portal\/wp-content\/uploads\/2022\/09\/19175539\/prova-oab-xxxv-exame-divulgado-o-resultado-preliminar-da-segunda-fase-oab-80x80.jpg"},"cnvs-thumbnail":{"file":"prova-oab-xxxv-exame-divulgado-o-resultado-preliminar-da-segunda-fase-oab-300x225.jpg","width":300,"height":225,"filesize":10220,"mimeType":"image\/jpeg","sourceUrl":"https:\/\/oab.estrategia.com\/portal\/wp-content\/uploads\/2022\/09\/19175539\/prova-oab-xxxv-exame-divulgado-o-resultado-preliminar-da-segunda-fase-oab-300x225.jpg"},"pk-small":{"file":"prova-oab-xxxv-exame-divulgado-o-resultado-preliminar-da-segunda-fase-oab-80x80.jpg","width":80,"height":80,"filesize":1952,"mimeType":"image\/jpeg","sourceUrl":"https:\/\/oab.estrategia.com\/portal\/wp-content\/uploads\/2022\/09\/19175539\/prova-oab-xxxv-exame-divulgado-o-resultado-preliminar-da-segunda-fase-oab-80x80.jpg"},"pk-thumbnail":{"file":"prova-oab-xxxv-exame-divulgado-o-resultado-preliminar-da-segunda-fase-oab-300x225.jpg","width":300,"height":225,"filesize":10220,"mimeType":"image\/jpeg","sourceUrl":"https:\/\/oab.estrategia.com\/portal\/wp-content\/uploads\/2022\/09\/19175539\/prova-oab-xxxv-exame-divulgado-o-resultado-preliminar-da-segunda-fase-oab-300x225.jpg"},"csco-small":{"file":"prova-oab-xxxv-exame-divulgado-o-resultado-preliminar-da-segunda-fase-oab-80x80.jpg","width":80,"height":80,"filesize":1952,"mimeType":"image\/jpeg","sourceUrl":"https:\/\/oab.estrategia.com\/portal\/wp-content\/uploads\/2022\/09\/19175539\/prova-oab-xxxv-exame-divulgado-o-resultado-preliminar-da-segunda-fase-oab-80x80.jpg"},"csco-intermediate":{"file":"prova-oab-xxxv-exame-divulgado-o-resultado-preliminar-da-segunda-fase-oab-200x140.jpg","width":200,"height":140,"filesize":5575,"mimeType":"image\/jpeg","sourceUrl":"https:\/\/oab.estrategia.com\/portal\/wp-content\/uploads\/2022\/09\/19175539\/prova-oab-xxxv-exame-divulgado-o-resultado-preliminar-da-segunda-fase-oab-200x140.jpg"},"csco-thumbnail":{"file":"prova-oab-xxxv-exame-divulgado-o-resultado-preliminar-da-segunda-fase-oab-380x220.jpg","width":380,"height":220,"filesize":11152,"mimeType":"image\/jpeg","sourceUrl":"https:\/\/oab.estrategia.com\/portal\/wp-content\/uploads\/2022\/09\/19175539\/prova-oab-xxxv-exame-divulgado-o-resultado-preliminar-da-segunda-fase-oab-380x220.jpg"},"csco-thumbnail-alternative":{"file":"prova-oab-xxxv-exame-divulgado-o-resultado-preliminar-da-segunda-fase-oab-300x180.jpg","width":300,"height":180,"filesize":8342,"mimeType":"image\/jpeg","sourceUrl":"https:\/\/oab.estrategia.com\/portal\/wp-content\/uploads\/2022\/09\/19175539\/prova-oab-xxxv-exame-divulgado-o-resultado-preliminar-da-segunda-fase-oab-300x180.jpg"},"csco-thumbnail-uncropped":{"file":"prova-oab-xxxv-exame-divulgado-o-resultado-preliminar-da-segunda-fase-oab-380x253.jpg","width":380,"height":253,"filesize":12376,"mimeType":"image\/jpeg","sourceUrl":"https:\/\/oab.estrategia.com\/portal\/wp-content\/uploads\/2022\/09\/19175539\/prova-oab-xxxv-exame-divulgado-o-resultado-preliminar-da-segunda-fase-oab-380x253.jpg"},"csco-medium":{"file":"prova-oab-xxxv-exame-divulgado-o-resultado-preliminar-da-segunda-fase-oab-800x500.jpg","width":800,"height":500,"filesize":32156,"mimeType":"image\/jpeg","sourceUrl":"https:\/\/oab.estrategia.com\/portal\/wp-content\/uploads\/2022\/09\/19175539\/prova-oab-xxxv-exame-divulgado-o-resultado-preliminar-da-segunda-fase-oab-800x500.jpg"},"csco-medium-alternative":{"file":"prova-oab-xxxv-exame-divulgado-o-resultado-preliminar-da-segunda-fase-oab-560x336.jpg","width":560,"height":336,"filesize":19150,"mimeType":"image\/jpeg","sourceUrl":"https:\/\/oab.estrategia.com\/portal\/wp-content\/uploads\/2022\/09\/19175539\/prova-oab-xxxv-exame-divulgado-o-resultado-preliminar-da-segunda-fase-oab-560x336.jpg"},"csco-medium-uncropped":{"file":"prova-oab-xxxv-exame-divulgado-o-resultado-preliminar-da-segunda-fase-oab-800x533.jpg","width":800,"height":533,"filesize":33822,"mimeType":"image\/jpeg","sourceUrl":"https:\/\/oab.estrategia.com\/portal\/wp-content\/uploads\/2022\/09\/19175539\/prova-oab-xxxv-exame-divulgado-o-resultado-preliminar-da-segunda-fase-oab-800x533.jpg"},"csco-large":{"file":"prova-oab-xxxv-exame-divulgado-o-resultado-preliminar-da-segunda-fase-oab-1160x680.jpg","width":1160,"height":680,"filesize":52079,"mimeType":"image\/jpeg","sourceUrl":"https:\/\/oab.estrategia.com\/portal\/wp-content\/uploads\/2022\/09\/19175539\/prova-oab-xxxv-exame-divulgado-o-resultado-preliminar-da-segunda-fase-oab-1160x680.jpg"},"csco-large-uncropped":{"file":"prova-oab-xxxv-exame-divulgado-o-resultado-preliminar-da-segunda-fase-oab-1160x773.jpg","width":1160,"height":773,"filesize":57857,"mimeType":"image\/jpeg","sourceUrl":"https:\/\/oab.estrategia.com\/portal\/wp-content\/uploads\/2022\/09\/19175539\/prova-oab-xxxv-exame-divulgado-o-resultado-preliminar-da-segunda-fase-oab-1160x773.jpg"},"profile_24":{"file":"prova-oab-xxxv-exame-divulgado-o-resultado-preliminar-da-segunda-fase-oab-24x24.jpg","width":24,"height":24,"filesize":569,"mimeType":"image\/jpeg","sourceUrl":"https:\/\/oab.estrategia.com\/portal\/wp-content\/uploads\/2022\/09\/19175539\/prova-oab-xxxv-exame-divulgado-o-resultado-preliminar-da-segunda-fase-oab-24x24.jpg"},"profile_48":{"file":"prova-oab-xxxv-exame-divulgado-o-resultado-preliminar-da-segunda-fase-oab-48x48.jpg","width":48,"height":48,"filesize":1070,"mimeType":"image\/jpeg","sourceUrl":"https:\/\/oab.estrategia.com\/portal\/wp-content\/uploads\/2022\/09\/19175539\/prova-oab-xxxv-exame-divulgado-o-resultado-preliminar-da-segunda-fase-oab-48x48.jpg"},"profile_96":{"file":"prova-oab-xxxv-exame-divulgado-o-resultado-preliminar-da-segunda-fase-oab-96x96.jpg","width":96,"height":96,"filesize":2563,"mimeType":"image\/jpeg","sourceUrl":"https:\/\/oab.estrategia.com\/portal\/wp-content\/uploads\/2022\/09\/19175539\/prova-oab-xxxv-exame-divulgado-o-resultado-preliminar-da-segunda-fase-oab-96x96.jpg"},"profile_150":{"file":"prova-oab-xxxv-exame-divulgado-o-resultado-preliminar-da-segunda-fase-oab-150x150.jpg","width":150,"height":150,"filesize":4670,"mimeType":"image\/jpeg","sourceUrl":"https:\/\/oab.estrategia.com\/portal\/wp-content\/uploads\/2022\/09\/19175539\/prova-oab-xxxv-exame-divulgado-o-resultado-preliminar-da-segunda-fase-oab-150x150.jpg"},"profile_300":{"file":"prova-oab-xxxv-exame-divulgado-o-resultado-preliminar-da-segunda-fase-oab-300x300.jpg","width":300,"height":300,"filesize":11724,"mimeType":"image\/jpeg","sourceUrl":"https:\/\/oab.estrategia.com\/portal\/wp-content\/uploads\/2022\/09\/19175539\/prova-oab-xxxv-exame-divulgado-o-resultado-preliminar-da-segunda-fase-oab-300x300.jpg"},"web-stories-poster-portrait":{"file":"prova-oab-xxxv-exame-divulgado-o-resultado-preliminar-da-segunda-fase-oab-640x853.jpg","width":640,"height":853,"filesize":43413,"mimeType":"image\/jpeg","sourceUrl":"https:\/\/oab.estrategia.com\/portal\/wp-content\/uploads\/2022\/09\/19175539\/prova-oab-xxxv-exame-divulgado-o-resultado-preliminar-da-segunda-fase-oab-640x853.jpg"},"web-stories-publisher-logo":{"file":"prova-oab-xxxv-exame-divulgado-o-resultado-preliminar-da-segunda-fase-oab-96x96.jpg","width":96,"height":96,"filesize":2563,"mimeType":"image\/jpeg","sourceUrl":"https:\/\/oab.estrategia.com\/portal\/wp-content\/uploads\/2022\/09\/19175539\/prova-oab-xxxv-exame-divulgado-o-resultado-preliminar-da-segunda-fase-oab-96x96.jpg"},"web-stories-thumbnail":{"file":"prova-oab-xxxv-exame-divulgado-o-resultado-preliminar-da-segunda-fase-oab-150x100.jpg","width":150,"height":100,"filesize":3631,"mimeType":"image\/jpeg","sourceUrl":"https:\/\/oab.estrategia.com\/portal\/wp-content\/uploads\/2022\/09\/19175539\/prova-oab-xxxv-exame-divulgado-o-resultado-preliminar-da-segunda-fase-oab-150x100.jpg"},"full":{"file":"prova-oab-xxxv-exame-divulgado-o-resultado-preliminar-da-segunda-fase-oab.jpg","width":1280,"height":853,"mimeType":"image\/jpeg","sourceUrl":"https:\/\/oab.estrategia.com\/portal\/wp-content\/uploads\/2022\/09\/19175539\/prova-oab-xxxv-exame-divulgado-o-resultado-preliminar-da-segunda-fase-oab.jpg"}},"isPlaceholder":false,"isExternal":false,"needsProxy":false,"baseColor":"#191f21","blurHash":"UhKn*kDi_N.89GM{t7ofoej@bIWVx^RjRiof","creationDate":"2022-09-19T20:55:38.000Z","src":"https:\/\/oab.estrategia.com\/portal\/wp-content\/uploads\/2022\/09\/19175539\/prova-oab-xxxv-exame-divulgado-o-resultado-preliminar-da-segunda-fase-oab.jpg","id":2779,"alt":"2 fase","local":false}},{"opacity":100,"flip":{"vertical":false,"horizontal":false},"rotationAngle":0,"lockAspectRatio":false,"backgroundColor":{"color":{"r":164,"g":19,"b":60,"a":0.4}},"width":467,"height":803,"x":-21,"y":-81,"mask":{"type":"rectangle"},"id":"5be65e8c-c502-4fcf-9c97-b4ba6824c333","type":"shape"},{"opacity":100,"flip":{"vertical":false,"horizontal":false},"rotationAngle":0,"lockAspectRatio":true,"backgroundTextMode":"NONE","font":{"family":"Roboto"},"fontSize":30,"backgroundColor":{"color":{"r":196,"g":196,"b":196}},"lineHeight":1.4,"textAlign":"left","padding":{"locked":true,"hasHiddenPadding":false,"horizontal":0,"vertical":0},"content":"<span style=\"color: #fff\">\u00c9 destinada aos candidatos aprovados na 1\u00aa fase do 42\u00ba Exame que foram reprovados, estavam ausentes ou foram eliminados na 2\u00aa fase da 42\u00aa edi\u00e7\u00e3o.<\/span>","borderRadius":{"locked":true,"topLeft":2,"topRight":2,"bottomRight":2,"bottomLeft":2},"x":55,"y":201,"width":302,"height":330,"link":null,"marginOffset":0.703125,"basedOn":"45957b9c-03bf-4a97-8da0-cf42716210de","id":"37730d63-8b04-46d5-991e-391af043e1fc","type":"text"},{"opacity":100,"flip":{"vertical":false,"horizontal":false},"rotationAngle":0,"lockAspectRatio":true,"backgroundTextMode":"NONE","font":{"family":"Roboto"},"fontSize":35,"backgroundColor":{"color":{"r":196,"g":196,"b":196}},"lineHeight":1.2,"textAlign":"left","padding":{"locked":true,"hasHiddenPadding":false,"horizontal":0,"vertical":0},"content":"<span style=\"font-weight: 700; color: #fff\">Quem pode se inscrever?<\/span>","x":55,"y":88,"width":302,"borderRadius":{"locked":true,"topLeft":2,"topRight":2,"bottomRight":2,"bottomLeft":2},"type":"text","height":81,"id":"da764725-cca1-4e56-b109-705ad9a8e84e"}],"animations":[{"id":"9e1301e7-094c-436d-b46f-8cf30eed593b","type":"effect-zoom","scaleDirection":"scaleIn","duration":2000,"delay":0,"targets":["37730d63-8b04-46d5-991e-391af043e1fc"]}],"backgroundColor":{"color":{"r":159,"g":1,"b":49}},"type":"page","id":"e4d3a56e-3898-4aad-aaa7-302557192e0c","defaultBackgroundElement":{"opacity":100,"flip":{"vertical":false,"horizontal":false},"rotationAngle":0,"lockAspectRatio":true,"x":1,"y":1,"width":1,"height":1,"mask":{"type":"rectangle"},"isBackground":true,"isDefaultBackground":true,"type":"shape","id":"813230a3-d001-4bde-a4a2-b436b77e084d","basedOn":"e150b2ed-6e37-469a-a126-79362d402667"}},{"elements":[{"opacity":100,"flip":{"vertical":false,"horizontal":false},"rotationAngle":0,"lockAspectRatio":true,"backgroundColor":{"color":{"r":196,"g":196,"b":196}},"x":48,"y":0,"width":330,"height":330,"mask":{"type":"rectangle"},"isBackground":true,"id":"dcd79d84-bebb-415a-aaa3-be64f2f17ad2","basedOn":"e150b2ed-6e37-469a-a126-79362d402667","type":"image","scale":100,"focalX":27.968594968259296,"focalY":49.843596872556205,"resource":{"type":"image","mimeType":"image\/webp","width":1024,"height":1024,"sizes":{"medium":{"file":"DALL\u00b7E-2024-08-27-15.17.33-A-realistic-scene-of-a-person-taking-the-OAB-Brazilian-Bar-Association-exam.-The-person-is-sitting-at-a-desk-in-a-well-lit-room-focused-and-serious-300x300.webp","width":300,"height":300,"filesize":10314,"mimeType":"image\/webp","sourceUrl":"https:\/\/oab.estrategia.com\/portal\/wp-content\/uploads\/2024\/08\/27151827\/DALL%C2%B7E-2024-08-27-15.17.33-A-realistic-scene-of-a-person-taking-the-OAB-Brazilian-Bar-Association-exam.-The-person-is-sitting-at-a-desk-in-a-well-lit-room-focused-and-serious-300x300.webp"},"thumbnail":{"file":"DALL\u00b7E-2024-08-27-15.17.33-A-realistic-scene-of-a-person-taking-the-OAB-Brazilian-Bar-Association-exam.-The-person-is-sitting-at-a-desk-in-a-well-lit-room-focused-and-serious-150x150.webp","width":150,"height":150,"filesize":4446,"mimeType":"image\/webp","sourceUrl":"https:\/\/oab.estrategia.com\/portal\/wp-content\/uploads\/2024\/08\/27151827\/DALL%C2%B7E-2024-08-27-15.17.33-A-realistic-scene-of-a-person-taking-the-OAB-Brazilian-Bar-Association-exam.-The-person-is-sitting-at-a-desk-in-a-well-lit-room-focused-and-serious-150x150.webp"},"medium_large":{"file":"DALL\u00b7E-2024-08-27-15.17.33-A-realistic-scene-of-a-person-taking-the-OAB-Brazilian-Bar-Association-exam.-The-person-is-sitting-at-a-desk-in-a-well-lit-room-focused-and-serious-768x768.webp","width":768,"height":768,"filesize":38846,"mimeType":"image\/webp","sourceUrl":"https:\/\/oab.estrategia.com\/portal\/wp-content\/uploads\/2024\/08\/27151827\/DALL%C2%B7E-2024-08-27-15.17.33-A-realistic-scene-of-a-person-taking-the-OAB-Brazilian-Bar-Association-exam.-The-person-is-sitting-at-a-desk-in-a-well-lit-room-focused-and-serious-768x768.webp"},"post-custom":{"file":"DALL\u00b7E-2024-08-27-15.17.33-A-realistic-scene-of-a-person-taking-the-OAB-Brazilian-Bar-Association-exam.-The-person-is-sitting-at-a-desk-in-a-well-lit-room-focused-and-serious-960x540.webp","width":960,"height":540,"filesize":36782,"mimeType":"image\/webp","sourceUrl":"https:\/\/oab.estrategia.com\/portal\/wp-content\/uploads\/2024\/08\/27151827\/DALL%C2%B7E-2024-08-27-15.17.33-A-realistic-scene-of-a-person-taking-the-OAB-Brazilian-Bar-Association-exam.-The-person-is-sitting-at-a-desk-in-a-well-lit-room-focused-and-serious-960x540.webp"},"cnvs-small":{"file":"DALL\u00b7E-2024-08-27-15.17.33-A-realistic-scene-of-a-person-taking-the-OAB-Brazilian-Bar-Association-exam.-The-person-is-sitting-at-a-desk-in-a-well-lit-room-focused-and-serious-80x80.webp","width":80,"height":80,"filesize":1826,"mimeType":"image\/webp","sourceUrl":"https:\/\/oab.estrategia.com\/portal\/wp-content\/uploads\/2024\/08\/27151827\/DALL%C2%B7E-2024-08-27-15.17.33-A-realistic-scene-of-a-person-taking-the-OAB-Brazilian-Bar-Association-exam.-The-person-is-sitting-at-a-desk-in-a-well-lit-room-focused-and-serious-80x80.webp"},"cnvs-thumbnail":{"file":"DALL\u00b7E-2024-08-27-15.17.33-A-realistic-scene-of-a-person-taking-the-OAB-Brazilian-Bar-Association-exam.-The-person-is-sitting-at-a-desk-in-a-well-lit-room-focused-and-serious-300x225.webp","width":300,"height":225,"filesize":8140,"mimeType":"image\/webp","sourceUrl":"https:\/\/oab.estrategia.com\/portal\/wp-content\/uploads\/2024\/08\/27151827\/DALL%C2%B7E-2024-08-27-15.17.33-A-realistic-scene-of-a-person-taking-the-OAB-Brazilian-Bar-Association-exam.-The-person-is-sitting-at-a-desk-in-a-well-lit-room-focused-and-serious-300x225.webp"},"pk-small":{"file":"DALL\u00b7E-2024-08-27-15.17.33-A-realistic-scene-of-a-person-taking-the-OAB-Brazilian-Bar-Association-exam.-The-person-is-sitting-at-a-desk-in-a-well-lit-room-focused-and-serious-80x80.webp","width":80,"height":80,"filesize":1826,"mimeType":"image\/webp","sourceUrl":"https:\/\/oab.estrategia.com\/portal\/wp-content\/uploads\/2024\/08\/27151827\/DALL%C2%B7E-2024-08-27-15.17.33-A-realistic-scene-of-a-person-taking-the-OAB-Brazilian-Bar-Association-exam.-The-person-is-sitting-at-a-desk-in-a-well-lit-room-focused-and-serious-80x80.webp"},"pk-thumbnail":{"file":"DALL\u00b7E-2024-08-27-15.17.33-A-realistic-scene-of-a-person-taking-the-OAB-Brazilian-Bar-Association-exam.-The-person-is-sitting-at-a-desk-in-a-well-lit-room-focused-and-serious-300x225.webp","width":300,"height":225,"filesize":8140,"mimeType":"image\/webp","sourceUrl":"https:\/\/oab.estrategia.com\/portal\/wp-content\/uploads\/2024\/08\/27151827\/DALL%C2%B7E-2024-08-27-15.17.33-A-realistic-scene-of-a-person-taking-the-OAB-Brazilian-Bar-Association-exam.-The-person-is-sitting-at-a-desk-in-a-well-lit-room-focused-and-serious-300x225.webp"},"csco-small":{"file":"DALL\u00b7E-2024-08-27-15.17.33-A-realistic-scene-of-a-person-taking-the-OAB-Brazilian-Bar-Association-exam.-The-person-is-sitting-at-a-desk-in-a-well-lit-room-focused-and-serious-80x80.webp","width":80,"height":80,"filesize":1826,"mimeType":"image\/webp","sourceUrl":"https:\/\/oab.estrategia.com\/portal\/wp-content\/uploads\/2024\/08\/27151827\/DALL%C2%B7E-2024-08-27-15.17.33-A-realistic-scene-of-a-person-taking-the-OAB-Brazilian-Bar-Association-exam.-The-person-is-sitting-at-a-desk-in-a-well-lit-room-focused-and-serious-80x80.webp"},"csco-intermediate":{"file":"DALL\u00b7E-2024-08-27-15.17.33-A-realistic-scene-of-a-person-taking-the-OAB-Brazilian-Bar-Association-exam.-The-person-is-sitting-at-a-desk-in-a-well-lit-room-focused-and-serious-200x140.webp","width":200,"height":140,"filesize":4690,"mimeType":"image\/webp","sourceUrl":"https:\/\/oab.estrategia.com\/portal\/wp-content\/uploads\/2024\/08\/27151827\/DALL%C2%B7E-2024-08-27-15.17.33-A-realistic-scene-of-a-person-taking-the-OAB-Brazilian-Bar-Association-exam.-The-person-is-sitting-at-a-desk-in-a-well-lit-room-focused-and-serious-200x140.webp"},"csco-thumbnail":{"file":"DALL\u00b7E-2024-08-27-15.17.33-A-realistic-scene-of-a-person-taking-the-OAB-Brazilian-Bar-Association-exam.-The-person-is-sitting-at-a-desk-in-a-well-lit-room-focused-and-serious-380x220.webp","width":380,"height":220,"filesize":8060,"mimeType":"image\/webp","sourceUrl":"https:\/\/oab.estrategia.com\/portal\/wp-content\/uploads\/2024\/08\/27151827\/DALL%C2%B7E-2024-08-27-15.17.33-A-realistic-scene-of-a-person-taking-the-OAB-Brazilian-Bar-Association-exam.-The-person-is-sitting-at-a-desk-in-a-well-lit-room-focused-and-serious-380x220.webp"},"csco-thumbnail-alternative":{"file":"DALL\u00b7E-2024-08-27-15.17.33-A-realistic-scene-of-a-person-taking-the-OAB-Brazilian-Bar-Association-exam.-The-person-is-sitting-at-a-desk-in-a-well-lit-room-focused-and-serious-300x180.webp","width":300,"height":180,"filesize":6602,"mimeType":"image\/webp","sourceUrl":"https:\/\/oab.estrategia.com\/portal\/wp-content\/uploads\/2024\/08\/27151827\/DALL%C2%B7E-2024-08-27-15.17.33-A-realistic-scene-of-a-person-taking-the-OAB-Brazilian-Bar-Association-exam.-The-person-is-sitting-at-a-desk-in-a-well-lit-room-focused-and-serious-300x180.webp"},"csco-thumbnail-uncropped":{"file":"DALL\u00b7E-2024-08-27-15.17.33-A-realistic-scene-of-a-person-taking-the-OAB-Brazilian-Bar-Association-exam.-The-person-is-sitting-at-a-desk-in-a-well-lit-room-focused-and-serious-380x380.webp","width":380,"height":380,"filesize":13578,"mimeType":"image\/webp","sourceUrl":"https:\/\/oab.estrategia.com\/portal\/wp-content\/uploads\/2024\/08\/27151827\/DALL%C2%B7E-2024-08-27-15.17.33-A-realistic-scene-of-a-person-taking-the-OAB-Brazilian-Bar-Association-exam.-The-person-is-sitting-at-a-desk-in-a-well-lit-room-focused-and-serious-380x380.webp"},"csco-medium":{"file":"DALL\u00b7E-2024-08-27-15.17.33-A-realistic-scene-of-a-person-taking-the-OAB-Brazilian-Bar-Association-exam.-The-person-is-sitting-at-a-desk-in-a-well-lit-room-focused-and-serious-800x500.webp","width":800,"height":500,"filesize":30010,"mimeType":"image\/webp","sourceUrl":"https:\/\/oab.estrategia.com\/portal\/wp-content\/uploads\/2024\/08\/27151827\/DALL%C2%B7E-2024-08-27-15.17.33-A-realistic-scene-of-a-person-taking-the-OAB-Brazilian-Bar-Association-exam.-The-person-is-sitting-at-a-desk-in-a-well-lit-room-focused-and-serious-800x500.webp"},"csco-medium-alternative":{"file":"DALL\u00b7E-2024-08-27-15.17.33-A-realistic-scene-of-a-person-taking-the-OAB-Brazilian-Bar-Association-exam.-The-person-is-sitting-at-a-desk-in-a-well-lit-room-focused-and-serious-560x336.webp","width":560,"height":336,"filesize":14992,"mimeType":"image\/webp","sourceUrl":"https:\/\/oab.estrategia.com\/portal\/wp-content\/uploads\/2024\/08\/27151827\/DALL%C2%B7E-2024-08-27-15.17.33-A-realistic-scene-of-a-person-taking-the-OAB-Brazilian-Bar-Association-exam.-The-person-is-sitting-at-a-desk-in-a-well-lit-room-focused-and-serious-560x336.webp"},"csco-medium-uncropped":{"file":"DALL\u00b7E-2024-08-27-15.17.33-A-realistic-scene-of-a-person-taking-the-OAB-Brazilian-Bar-Association-exam.-The-person-is-sitting-at-a-desk-in-a-well-lit-room-focused-and-serious-800x800.webp","width":800,"height":800,"filesize":41760,"mimeType":"image\/webp","sourceUrl":"https:\/\/oab.estrategia.com\/portal\/wp-content\/uploads\/2024\/08\/27151827\/DALL%C2%B7E-2024-08-27-15.17.33-A-realistic-scene-of-a-person-taking-the-OAB-Brazilian-Bar-Association-exam.-The-person-is-sitting-at-a-desk-in-a-well-lit-room-focused-and-serious-800x800.webp"},"csco-large":{"file":"DALL\u00b7E-2024-08-27-15.17.33-A-realistic-scene-of-a-person-taking-the-OAB-Brazilian-Bar-Association-exam.-The-person-is-sitting-at-a-desk-in-a-well-lit-room-focused-and-serious-1024x680.webp","width":1024,"height":680,"filesize":57878,"mimeType":"image\/webp","sourceUrl":"https:\/\/oab.estrategia.com\/portal\/wp-content\/uploads\/2024\/08\/27151827\/DALL%C2%B7E-2024-08-27-15.17.33-A-realistic-scene-of-a-person-taking-the-OAB-Brazilian-Bar-Association-exam.-The-person-is-sitting-at-a-desk-in-a-well-lit-room-focused-and-serious-1024x680.webp"},"profile_24":{"file":"DALL\u00b7E-2024-08-27-15.17.33-A-realistic-scene-of-a-person-taking-the-OAB-Brazilian-Bar-Association-exam.-The-person-is-sitting-at-a-desk-in-a-well-lit-room-focused-and-serious-24x24.webp","width":24,"height":24,"filesize":346,"mimeType":"image\/webp","sourceUrl":"https:\/\/oab.estrategia.com\/portal\/wp-content\/uploads\/2024\/08\/27151827\/DALL%C2%B7E-2024-08-27-15.17.33-A-realistic-scene-of-a-person-taking-the-OAB-Brazilian-Bar-Association-exam.-The-person-is-sitting-at-a-desk-in-a-well-lit-room-focused-and-serious-24x24.webp"},"profile_48":{"file":"DALL\u00b7E-2024-08-27-15.17.33-A-realistic-scene-of-a-person-taking-the-OAB-Brazilian-Bar-Association-exam.-The-person-is-sitting-at-a-desk-in-a-well-lit-room-focused-and-serious-48x48.webp","width":48,"height":48,"filesize":888,"mimeType":"image\/webp","sourceUrl":"https:\/\/oab.estrategia.com\/portal\/wp-content\/uploads\/2024\/08\/27151827\/DALL%C2%B7E-2024-08-27-15.17.33-A-realistic-scene-of-a-person-taking-the-OAB-Brazilian-Bar-Association-exam.-The-person-is-sitting-at-a-desk-in-a-well-lit-room-focused-and-serious-48x48.webp"},"profile_96":{"file":"DALL\u00b7E-2024-08-27-15.17.33-A-realistic-scene-of-a-person-taking-the-OAB-Brazilian-Bar-Association-exam.-The-person-is-sitting-at-a-desk-in-a-well-lit-room-focused-and-serious-96x96.webp","width":96,"height":96,"filesize":2434,"mimeType":"image\/webp","sourceUrl":"https:\/\/oab.estrategia.com\/portal\/wp-content\/uploads\/2024\/08\/27151827\/DALL%C2%B7E-2024-08-27-15.17.33-A-realistic-scene-of-a-person-taking-the-OAB-Brazilian-Bar-Association-exam.-The-person-is-sitting-at-a-desk-in-a-well-lit-room-focused-and-serious-96x96.webp"},"profile_150":{"file":"DALL\u00b7E-2024-08-27-15.17.33-A-realistic-scene-of-a-person-taking-the-OAB-Brazilian-Bar-Association-exam.-The-person-is-sitting-at-a-desk-in-a-well-lit-room-focused-and-serious-150x150.webp","width":150,"height":150,"filesize":4446,"mimeType":"image\/webp","sourceUrl":"https:\/\/oab.estrategia.com\/portal\/wp-content\/uploads\/2024\/08\/27151827\/DALL%C2%B7E-2024-08-27-15.17.33-A-realistic-scene-of-a-person-taking-the-OAB-Brazilian-Bar-Association-exam.-The-person-is-sitting-at-a-desk-in-a-well-lit-room-focused-and-serious-150x150.webp"},"profile_300":{"file":"DALL\u00b7E-2024-08-27-15.17.33-A-realistic-scene-of-a-person-taking-the-OAB-Brazilian-Bar-Association-exam.-The-person-is-sitting-at-a-desk-in-a-well-lit-room-focused-and-serious-300x300.webp","width":300,"height":300,"filesize":10314,"mimeType":"image\/webp","sourceUrl":"https:\/\/oab.estrategia.com\/portal\/wp-content\/uploads\/2024\/08\/27151827\/DALL%C2%B7E-2024-08-27-15.17.33-A-realistic-scene-of-a-person-taking-the-OAB-Brazilian-Bar-Association-exam.-The-person-is-sitting-at-a-desk-in-a-well-lit-room-focused-and-serious-300x300.webp"},"web-stories-poster-portrait":{"file":"DALL\u00b7E-2024-08-27-15.17.33-A-realistic-scene-of-a-person-taking-the-OAB-Brazilian-Bar-Association-exam.-The-person-is-sitting-at-a-desk-in-a-well-lit-room-focused-and-serious-640x853.webp","width":640,"height":853,"filesize":38650,"mimeType":"image\/webp","sourceUrl":"https:\/\/oab.estrategia.com\/portal\/wp-content\/uploads\/2024\/08\/27151827\/DALL%C2%B7E-2024-08-27-15.17.33-A-realistic-scene-of-a-person-taking-the-OAB-Brazilian-Bar-Association-exam.-The-person-is-sitting-at-a-desk-in-a-well-lit-room-focused-and-serious-640x853.webp"},"web-stories-publisher-logo":{"file":"DALL\u00b7E-2024-08-27-15.17.33-A-realistic-scene-of-a-person-taking-the-OAB-Brazilian-Bar-Association-exam.-The-person-is-sitting-at-a-desk-in-a-well-lit-room-focused-and-serious-96x96.webp","width":96,"height":96,"filesize":2434,"mimeType":"image\/webp","sourceUrl":"https:\/\/oab.estrategia.com\/portal\/wp-content\/uploads\/2024\/08\/27151827\/DALL%C2%B7E-2024-08-27-15.17.33-A-realistic-scene-of-a-person-taking-the-OAB-Brazilian-Bar-Association-exam.-The-person-is-sitting-at-a-desk-in-a-well-lit-room-focused-and-serious-96x96.webp"},"web-stories-thumbnail":{"file":"DALL\u00b7E-2024-08-27-15.17.33-A-realistic-scene-of-a-person-taking-the-OAB-Brazilian-Bar-Association-exam.-The-person-is-sitting-at-a-desk-in-a-well-lit-room-focused-and-serious-150x150.webp","width":150,"height":150,"filesize":4446,"mimeType":"image\/webp","sourceUrl":"https:\/\/oab.estrategia.com\/portal\/wp-content\/uploads\/2024\/08\/27151827\/DALL%C2%B7E-2024-08-27-15.17.33-A-realistic-scene-of-a-person-taking-the-OAB-Brazilian-Bar-Association-exam.-The-person-is-sitting-at-a-desk-in-a-well-lit-room-focused-and-serious-150x150.webp"},"full":{"file":"DALL%C2%B7E-2024-08-27-15.17.33-A-realistic-scene-of-a-person-taking-the-OAB-Brazilian-Bar-Association-exam.-The-person-is-sitting-at-a-desk-in-a-well-lit-room-focused-and-serious.webp","width":1024,"height":1024,"mimeType":"image\/webp","sourceUrl":"https:\/\/oab.estrategia.com\/portal\/wp-content\/uploads\/2024\/08\/27151827\/DALL%C2%B7E-2024-08-27-15.17.33-A-realistic-scene-of-a-person-taking-the-OAB-Brazilian-Bar-Association-exam.-The-person-is-sitting-at-a-desk-in-a-well-lit-room-focused-and-serious.webp"}},"isPlaceholder":false,"isExternal":false,"needsProxy":false,"baseColor":"#685e55","blurHash":"U9F$6700?ux]X3IAxF8_~pE2JAS$01SO-Uoz","creationDate":"2024-08-27T18:18:25.000Z","src":"https:\/\/oab.estrategia.com\/portal\/wp-content\/uploads\/2024\/08\/27151827\/DALL%C2%B7E-2024-08-27-15.17.33-A-realistic-scene-of-a-person-taking-the-OAB-Brazilian-Bar-Association-exam.-The-person-is-sitting-at-a-desk-in-a-well-lit-room-focused-and-serious.webp","id":12742,"alt":"prova oab","local":false}},{"opacity":100,"flip":{"vertical":false,"horizontal":false},"rotationAngle":0,"lockAspectRatio":false,"backgroundColor":{"color":{"r":164,"g":19,"b":60,"a":0.4}},"width":467,"height":803,"x":-21,"y":-81,"mask":{"type":"rectangle"},"id":"eda360fa-8fdb-4bcd-a107-8b70db9ec7af","type":"shape"},{"opacity":100,"flip":{"vertical":false,"horizontal":false},"rotationAngle":0,"lockAspectRatio":true,"backgroundTextMode":"NONE","font":{"family":"Roboto"},"fontSize":30,"backgroundColor":{"color":{"r":196,"g":196,"b":196}},"lineHeight":1.4,"textAlign":"left","padding":{"locked":true,"hasHiddenPadding":false,"horizontal":0,"vertical":0},"content":"<span style=\"color: #fff\">As inscri\u00e7\u00f5es podem ser feitas <\/span><span style=\"font-weight: 700; color: #fff\">entre os dias 17 a 24 de mar\u00e7o<\/span><span style=\"color: #fff\">, no site da banca FGV ao custo de <\/span><span style=\"font-weight: 700; color: #fff\">R$160,00<\/span><span style=\"color: #fff\">.<\/span>","borderRadius":{"locked":true,"topLeft":2,"topRight":2,"bottomRight":2,"bottomLeft":2},"x":55,"y":232,"width":302,"height":244,"link":null,"marginOffset":0.703125,"basedOn":"45957b9c-03bf-4a97-8da0-cf42716210de","id":"97eafe06-4182-47d5-92ab-aa66b8ac1a16","type":"text"},{"opacity":100,"flip":{"vertical":false,"horizontal":false},"rotationAngle":0,"lockAspectRatio":true,"backgroundTextMode":"NONE","font":{"family":"Roboto"},"fontSize":35,"backgroundColor":{"color":{"r":196,"g":196,"b":196}},"lineHeight":1.2,"textAlign":"left","padding":{"locked":true,"hasHiddenPadding":false,"horizontal":0,"vertical":0},"content":"<span style=\"font-weight: 700; color: #fff\">Quando se inscrever?<\/span>","x":48,"y":130,"width":302,"borderRadius":{"locked":true,"topLeft":2,"topRight":2,"bottomRight":2,"bottomLeft":2},"height":81,"id":"308b315e-627e-4f2b-9473-a2b561fbfcf5","type":"text"}],"backgroundColor":{"color":{"r":159,"g":1,"b":49}},"animations":[{"id":"95658c68-0105-4640-b29b-b47323422abc","type":"effect-zoom","scaleDirection":"scaleIn","duration":2000,"delay":0,"targets":["97eafe06-4182-47d5-92ab-aa66b8ac1a16"]}],"type":"page","id":"9a559a82-35db-4bf0-a08d-848de5385005","defaultBackgroundElement":{"opacity":100,"flip":{"vertical":false,"horizontal":false},"rotationAngle":0,"lockAspectRatio":true,"backgroundColor":{"color":{"r":196,"g":196,"b":196}},"x":1,"y":1,"width":1,"height":1,"mask":{"type":"rectangle"},"isBackground":true,"isDefaultBackground":true,"id":"af855bdb-1558-4a06-b646-397fbcf74fe7","basedOn":"e150b2ed-6e37-469a-a126-79362d402667","type":"shape"}},{"elements":[{"opacity":100,"flip":{"vertical":false,"horizontal":false},"rotationAngle":0,"lockAspectRatio":true,"x":1,"y":1,"width":1,"height":1,"mask":{"type":"rectangle"},"isBackground":true,"isDefaultBackground":true,"type":"shape","id":"abf94303-a8e5-4147-a6c3-10d2535e93d9","basedOn":"e150b2ed-6e37-469a-a126-79362d402667"},{"opacity":100,"flip":{"vertical":false,"horizontal":false},"rotationAngle":0,"lockAspectRatio":false,"scale":100,"focalX":50,"focalY":50,"resource":{"baseColor":"#f8e1e7","blurHash":"UBNaJOx]00HsoLRPV@yD8way.mf6%gozMdR5","type":"image","mimeType":"image\/jpeg","creationDate":"2022-07-22T17:59:24","src":"https:\/\/oab.estrategia.com\/portal\/wp-content\/uploads\/2022\/07\/22145924\/estrategia-oab-coordenacao.jpg","width":400,"height":400,"id":1806,"alt":"","sizes":{"medium":{"file":"estrategia-oab-coordenacao-300x300.jpg","width":300,"height":300,"filesize":6675,"mimeType":"image\/jpeg","sourceUrl":"https:\/\/oab.estrategia.com\/portal\/wp-content\/uploads\/2022\/07\/22145924\/estrategia-oab-coordenacao-300x300.jpg"},"thumbnail":{"file":"estrategia-oab-coordenacao-150x150.jpg","width":150,"height":150,"filesize":3495,"mimeType":"image\/jpeg","sourceUrl":"https:\/\/oab.estrategia.com\/portal\/wp-content\/uploads\/2022\/07\/22145924\/estrategia-oab-coordenacao-150x150.jpg"},"cnvs-small":{"file":"estrategia-oab-coordenacao-80x80.jpg","width":80,"height":80,"filesize":2120,"mimeType":"image\/jpeg","sourceUrl":"https:\/\/oab.estrategia.com\/portal\/wp-content\/uploads\/2022\/07\/22145924\/estrategia-oab-coordenacao-80x80.jpg"},"cnvs-thumbnail":{"file":"estrategia-oab-coordenacao-300x225.jpg","width":300,"height":225,"filesize":6374,"mimeType":"image\/jpeg","sourceUrl":"https:\/\/oab.estrategia.com\/portal\/wp-content\/uploads\/2022\/07\/22145924\/estrategia-oab-coordenacao-300x225.jpg"},"pk-small":{"file":"estrategia-oab-coordenacao-80x80.jpg","width":80,"height":80,"filesize":2120,"mimeType":"image\/jpeg","sourceUrl":"https:\/\/oab.estrategia.com\/portal\/wp-content\/uploads\/2022\/07\/22145924\/estrategia-oab-coordenacao-80x80.jpg"},"pk-thumbnail":{"file":"estrategia-oab-coordenacao-300x225.jpg","width":300,"height":225,"filesize":6374,"mimeType":"image\/jpeg","sourceUrl":"https:\/\/oab.estrategia.com\/portal\/wp-content\/uploads\/2022\/07\/22145924\/estrategia-oab-coordenacao-300x225.jpg"},"csco-small":{"file":"estrategia-oab-coordenacao-80x80.jpg","width":80,"height":80,"filesize":2120,"mimeType":"image\/jpeg","sourceUrl":"https:\/\/oab.estrategia.com\/portal\/wp-content\/uploads\/2022\/07\/22145924\/estrategia-oab-coordenacao-80x80.jpg"},"csco-intermediate":{"file":"estrategia-oab-coordenacao-200x140.jpg","width":200,"height":140,"filesize":4176,"mimeType":"image\/jpeg","sourceUrl":"https:\/\/oab.estrategia.com\/portal\/wp-content\/uploads\/2022\/07\/22145924\/estrategia-oab-coordenacao-200x140.jpg"},"csco-thumbnail":{"file":"estrategia-oab-coordenacao-380x220.jpg","width":380,"height":220,"filesize":6727,"mimeType":"image\/jpeg","sourceUrl":"https:\/\/oab.estrategia.com\/portal\/wp-content\/uploads\/2022\/07\/22145924\/estrategia-oab-coordenacao-380x220.jpg"},"csco-thumbnail-alternative":{"file":"estrategia-oab-coordenacao-300x180.jpg","width":300,"height":180,"filesize":5508,"mimeType":"image\/jpeg","sourceUrl":"https:\/\/oab.estrategia.com\/portal\/wp-content\/uploads\/2022\/07\/22145924\/estrategia-oab-coordenacao-300x180.jpg"},"csco-thumbnail-uncropped":{"file":"estrategia-oab-coordenacao-380x380.jpg","width":380,"height":380,"filesize":8578,"mimeType":"image\/jpeg","sourceUrl":"https:\/\/oab.estrategia.com\/portal\/wp-content\/uploads\/2022\/07\/22145924\/estrategia-oab-coordenacao-380x380.jpg"},"csco-medium-alternative":{"file":"estrategia-oab-coordenacao-400x336.jpg","width":400,"height":336,"filesize":9645,"mimeType":"image\/jpeg","sourceUrl":"https:\/\/oab.estrategia.com\/portal\/wp-content\/uploads\/2022\/07\/22145924\/estrategia-oab-coordenacao-400x336.jpg"},"profile_24":{"file":"estrategia-oab-coordenacao-24x24.jpg","width":24,"height":24,"filesize":1208,"mimeType":"image\/jpeg","sourceUrl":"https:\/\/oab.estrategia.com\/portal\/wp-content\/uploads\/2022\/07\/22145924\/estrategia-oab-coordenacao-24x24.jpg"},"profile_48":{"file":"estrategia-oab-coordenacao-48x48.jpg","width":48,"height":48,"filesize":1591,"mimeType":"image\/jpeg","sourceUrl":"https:\/\/oab.estrategia.com\/portal\/wp-content\/uploads\/2022\/07\/22145924\/estrategia-oab-coordenacao-48x48.jpg"},"profile_96":{"file":"estrategia-oab-coordenacao-96x96.jpg","width":96,"height":96,"filesize":2499,"mimeType":"image\/jpeg","sourceUrl":"https:\/\/oab.estrategia.com\/portal\/wp-content\/uploads\/2022\/07\/22145924\/estrategia-oab-coordenacao-96x96.jpg"},"profile_150":{"file":"estrategia-oab-coordenacao-150x150.jpg","width":150,"height":150,"filesize":3495,"mimeType":"image\/jpeg","sourceUrl":"https:\/\/oab.estrategia.com\/portal\/wp-content\/uploads\/2022\/07\/22145924\/estrategia-oab-coordenacao-150x150.jpg"},"profile_300":{"file":"estrategia-oab-coordenacao-300x300.jpg","width":300,"height":300,"filesize":6675,"mimeType":"image\/jpeg","sourceUrl":"https:\/\/oab.estrategia.com\/portal\/wp-content\/uploads\/2022\/07\/22145924\/estrategia-oab-coordenacao-300x300.jpg"},"web-stories-publisher-logo":{"file":"estrategia-oab-coordenacao-96x96.jpg","width":96,"height":96,"filesize":2499,"mimeType":"image\/jpeg","sourceUrl":"https:\/\/oab.estrategia.com\/portal\/wp-content\/uploads\/2022\/07\/22145924\/estrategia-oab-coordenacao-96x96.jpg"},"web-stories-thumbnail":{"file":"estrategia-oab-coordenacao-150x150.jpg","width":150,"height":150,"filesize":3495,"mimeType":"image\/jpeg","sourceUrl":"https:\/\/oab.estrategia.com\/portal\/wp-content\/uploads\/2022\/07\/22145924\/estrategia-oab-coordenacao-150x150.jpg"},"full":{"file":"estrategia-oab-coordenacao.jpg","width":400,"height":400,"mimeType":"image\/jpeg","sourceUrl":"https:\/\/oab.estrategia.com\/portal\/wp-content\/uploads\/2022\/07\/22145924\/estrategia-oab-coordenacao.jpg"}},"isPlaceholder":false,"isOptimized":false,"isMuted":false,"isExternal":false,"needsProxy":false},"type":"image","x":48,"y":0,"width":94,"height":94,"mask":{"type":"rectangle","showInLibrary":true,"name":"Rectangle","path":"M 0,0 1,0 1,1 0,1 0,0 Z","ratio":1,"supportsBorder":true},"id":"016f9035-319f-4436-af5c-9caae866ccd4","basedOn":"f105c184-2b82-40f0-88e5-396146f384e3","alt":"logo estrat\u00e9gia"},{"opacity":100,"flip":{"vertical":false,"horizontal":false},"rotationAngle":0,"lockAspectRatio":true,"backgroundTextMode":"NONE","font":{"family":"Roboto"},"fontSize":30,"backgroundColor":{"color":{"r":196,"g":196,"b":196}},"lineHeight":1.2,"textAlign":"center","padding":{"locked":true,"hasHiddenPadding":false,"horizontal":0,"vertical":0},"content":"<span style=\"font-style: italic; color: #fff\">Confira todas as novidades sobre o <\/span><span style=\"font-weight: 700; font-style: italic; color: #fff\">edital de repescagem do 43\u00ba Exame de Ordem Unificado<\/span><span style=\"font-style: italic; color: #fff\"> com o artigo.<\/span>","x":72,"y":182,"width":268,"borderRadius":{"locked":true,"topLeft":2,"topRight":2,"bottomRight":2,"bottomLeft":2},"type":"text","height":250,"id":"6be4afc4-4341-412c-a3dc-5d4461f1bf64"}],"animations":[],"backgroundColor":{"color":{"r":159,"g":1,"b":49}},"type":"page","id":"b9bfd790-eded-49ea-bcff-f31496e4e830","defaultBackgroundElement":{"opacity":100,"flip":{"vertical":false,"horizontal":false},"rotationAngle":0,"lockAspectRatio":true,"x":1,"y":1,"width":1,"height":1,"mask":{"type":"rectangle"},"isBackground":true,"isDefaultBackground":true,"type":"shape","id":"abf94303-a8e5-4147-a6c3-10d2535e93d9","basedOn":"e150b2ed-6e37-469a-a126-79362d402667"},"pageAttachment":{"url":"https:\/\/oab.estrategia.com\/portal\/repescagem-oab\/","needsProxy":false,"ctaText":"Leia no blog!"}}],"fonts":{"Roboto":{"family":"Roboto","fallbacks":["sans-serif"],"weights":[100,300,400,500,700,900],"styles":["italic","regular"],"variants":[[0,100],[1,100],[0,300],[1,300],[0,400],[1,400],[0,500],[1,500],[0,700],[1,700],[0,900],[1,900]],"service":"fonts.google.com","metrics":{"upm":2048,"asc":1900,"des":-500,"tAsc":1536,"tDes":-512,"tLGap":102,"wAsc":1946,"wDes":512,"xH":1082,"capH":1456,"yMin":-555,"yMax":2163,"hAsc":1900,"hDes":-500,"lGap":0}}},"autoAdvance":true,"defaultPageDuration":8,"currentStoryStyles":{"colors":[]}},"story_poster":{"id":7490,"url":"https:\/\/oab.estrategia.com\/portal\/wp-content\/uploads\/2023\/05\/16110127\/proximas-datas-37-exame-de-ordem-2a-fase.png","width":640,"height":853,"needsProxy":false},"_links":{"self":[{"href":"https:\/\/oab.estrategia.com\/portal\/wp-json\/web-stories\/v1\/web-story\/16555","targetHints":{"allow":["GET"]}}],"collection":[{"href":"https:\/\/oab.estrategia.com\/portal\/wp-json\/web-stories\/v1\/web-story"}],"about":[{"href":"https:\/\/oab.estrategia.com\/portal\/wp-json\/wp\/v2\/types\/web-story"}],"author":[{"embeddable":true,"href":"https:\/\/oab.estrategia.com\/portal\/wp-json\/web-stories\/v1\/users\/12"}],"version-history":[{"count":10,"href":"https:\/\/oab.estrategia.com\/portal\/wp-json\/web-stories\/v1\/web-story\/16555\/revisions"}],"predecessor-version":[{"id":16609,"href":"https:\/\/oab.estrategia.com\/portal\/wp-json\/web-stories\/v1\/web-story\/16555\/revisions\/16609"}],"wp:featuredmedia":[{"embeddable":true,"href":"https:\/\/oab.estrategia.com\/portal\/wp-json\/web-stories\/v1\/media\/7490"}],"wp:attachment":[{"href":"https:\/\/oab.estrategia.com\/portal\/wp-json\/web-stories\/v1\/media?parent=16555"}],"wp:term":[{"taxonomy":"web_story_category","embeddable":true,"href":"https:\/\/oab.estrategia.com\/portal\/wp-json\/web-stories\/v1\/web_story_category?post=16555"},{"taxonomy":"web_story_tag","embeddable":true,"href":"https:\/\/oab.estrategia.com\/portal\/wp-json\/web-stories\/v1\/web_story_tag?post=16555"}],"wp:lock":[{"embeddable":true,"href":"https:\/\/oab.estrategia.com\/portal\/wp-json\/web-stories\/v1\/web-story\/16555\/lock"}],"wp:publisherlogo":[{"embeddable":true,"href":"https:\/\/oab.estrategia.com\/portal\/wp-json\/web-stories\/v1\/media\/1806"}],"curies":[{"name":"wp","href":"https:\/\/api.w.org\/{rel}","templated":true}]}}