{"id":10503,"date":"2024-02-20T11:29:51","date_gmt":"2024-02-20T14:29:51","guid":{"rendered":"https:\/\/oabestrategia.mystagingwebsite.com\/portal\/?p=10503"},"modified":"2024-02-20T12:37:13","modified_gmt":"2024-02-20T15:37:13","slug":"moraes-decide-que-nao-ha-proibicao-ou-limite-para-as-comunicacoes-entre-advogados-de-investigados-pela-pf","status":"publish","type":"post","link":"https:\/\/oab.estrategia.com\/portal\/moraes-decide-que-nao-ha-proibicao-ou-limite-para-as-comunicacoes-entre-advogados-de-investigados-pela-pf\/","title":{"rendered":"Moraes decide que n\u00e3o h\u00e1 proibi\u00e7\u00e3o ou limite para as comunica\u00e7\u00f5es entre advogados de investigados\u00a0pela PF"},"content":{"rendered":"\n<p class=\"wp-block-paragraph\">O ministro do Supremo Tribunal Federal, Alexandre de Moraes, decidiu que <strong>n\u00e3o h\u00e1 proibi\u00e7\u00e3o ou limite<\/strong> para as <strong>comunica\u00e7\u00f5es entre advogados de investigados em opera\u00e7\u00f5es da Pol\u00edcia Federal<\/strong>. <\/p>\n\n\n\n<p class=\"wp-block-paragraph\">O Conselho federal da OAB apresentou peti\u00e7\u00e3o para que o ministro revisasse trecho da decis\u00e3o em que ele autorizou a <strong>Opera\u00e7\u00e3o Tempus Veritatis<\/strong> e determinava uma proibi\u00e7\u00e3o de que investigados se comunicassem, \u201cinclusive atrav\u00e9s de advogados\u201d.<\/p>\n\n\n\n<p class=\"wp-block-paragraph\">Na decis\u00e3o dada \u00e0 solicita\u00e7\u00e3o da OAB, Moraes afirmou que <strong>\u201cconforme pleiteado pelo Conselho Federal da OAB, est\u00e3o mantidos integralmente \u2018o direito \u00e0 liberdade do exerc\u00edcio profissional e o direito \u00e0 comunica\u00e7\u00e3o resguardado constitucionalmente\u2019\u201d.<\/strong><\/p>\n\n\n\n<p class=\"wp-block-paragraph\">Beto Simonetti, presidente nacional da OAB, afirmou que a decis\u00e3o do ministro \u00e9 emblem\u00e1tica no sentido de afastar qualquer interpreta\u00e7\u00e3o divergente e refor\u00e7ar as prerrogativas da advocacia.<\/p>\n\n\n\n<h3 class=\"wp-block-heading\" id=\"h-sobre-a-operacao\"><span id=\"sobre-a-operacao\">Sobre a opera\u00e7\u00e3o:<\/span><\/h3>\n\n\n\n<p class=\"wp-block-paragraph\">A opera\u00e7\u00e3o Tempus Veritatis foi autorizada pelo ministro do STF (Supremo Tribunal Federal), Alexandre de Moraes. <\/p>\n\n\n\n<p class=\"wp-block-paragraph\">Na decis\u00e3o, ele cita a tentativa de manter o ex-presidente Jair Bolsonaro no poder com um golpe de Estado. Moraes tamb\u00e9m levantou o sigilo de uma reuni\u00e3o realizada por Bolsonaro com integrantes de seu governo em julho de 2022.<\/p>\n\n\n\n<h3 class=\"wp-block-heading\" id=\"h-confira-abaixo-outras-informacoes\"><span id=\"confira-abaixo-outras-informacoes\">Confira abaixo outras informa\u00e7\u00f5es: <\/span><\/h3>\n\n\n\n<ul class=\"wp-block-list\">\n<li><a href=\"https:\/\/oab.estrategia.com\/portal\/edital-oab-40o-exame-de-ordem\/\">Edital do 40\u00ba Exame de ordem<\/a><\/li>\n\n\n\n<li><a href=\"https:\/\/oab.estrategia.com\/portal\/recurso-oab\/\">Descubra como realizar recursos para OAB<\/a><\/li>\n<\/ul>\n\n\n\n<h2 class=\"wp-block-heading\" id=\"prova-oab-materiais-gratuitos\">Prova OAB: materiais gratuitos<\/h2>\n\n\n\n<p class=\"wp-block-paragraph\">A Equipe de mestres do Estrat\u00e9gia OAB separou diversos E-books Gratuitos para aprimorar ainda mais as suas habilidades na resolu\u00e7\u00e3o de quest\u00f5es do Exame de Ordem. Voc\u00ea pode conferir em:<\/p>\n\n\n\n<p class=\"has-text-align-center has-background wp-block-paragraph\" style=\"background-color:#f78da84a\"><a href=\"https:\/\/oab.estrategia.com\/portal\/e-books-para-a-oab-materiais-gratuitos\/\" target=\"_blank\" >E-books para OAB<\/a><\/p>\n\n\n\n<h2 class=\"wp-block-heading has-text-align-center\" id=\"h-whatsapp-oab\"><span id=\"whatsapp-oab\">Whatsapp OAB<\/span><\/h2>\n\n\n\n<p class=\"wp-block-paragraph\">Com o&nbsp;<strong>Whatsapp OAB<\/strong>&nbsp;voc\u00ea ter\u00e1 a chance de <strong>refor\u00e7ar os seus estudos tirar d\u00favidas cruciais, mas tamb\u00e9m ganhar\u00e1 dicas valiosas para alcan\u00e7ar a t\u00e3o sonhada a aprova\u00e7\u00e3o no Exame de Ordem.<\/strong> Clique nos banners abaixo:<\/p>\n\n\n\n<h3 class=\"wp-block-heading\" id=\"h-1\u00aa-fase-oab-40\"><span id=\"1a-fase-oab-40\">1\u00aa Fase &#8211; OAB 40<\/span><\/h3>\n\n\n\n<figure class=\"wp-block-image size-large\"><a href=\"https:\/\/www.redirectmais.com\/run\/1-fase-da-oab-40\"><img decoding=\"async\" width=\"1024\" height=\"190\" src=\"https:\/\/oab.estrategia.com\/portal\/wp-content\/uploads\/2023\/12\/14112656\/BANNER-VERMELHO-1-1024x190.jpg\" alt=\"\" class=\"wp-image-9785\" srcset=\"https:\/\/cdn-blog-oab.estrategia.com\/portal\/wp-content\/uploads\/2023\/12\/14112656\/BANNER-VERMELHO-1-1024x190.jpg 1024w, https:\/\/cdn-blog-oab.estrategia.com\/portal\/wp-content\/uploads\/2023\/12\/14112656\/BANNER-VERMELHO-1-300x56.jpg 300w, https:\/\/cdn-blog-oab.estrategia.com\/portal\/wp-content\/uploads\/2023\/12\/14112656\/BANNER-VERMELHO-1-768x143.jpg 768w, https:\/\/cdn-blog-oab.estrategia.com\/portal\/wp-content\/uploads\/2023\/12\/14112656\/BANNER-VERMELHO-1-1536x285.jpg 1536w, https:\/\/cdn-blog-oab.estrategia.com\/portal\/wp-content\/uploads\/2023\/12\/14112656\/BANNER-VERMELHO-1-380x71.jpg 380w, https:\/\/cdn-blog-oab.estrategia.com\/portal\/wp-content\/uploads\/2023\/12\/14112656\/BANNER-VERMELHO-1-800x149.jpg 800w, https:\/\/cdn-blog-oab.estrategia.com\/portal\/wp-content\/uploads\/2023\/12\/14112656\/BANNER-VERMELHO-1-1160x215.jpg 1160w, https:\/\/cdn-blog-oab.estrategia.com\/portal\/wp-content\/uploads\/2023\/12\/14112656\/BANNER-VERMELHO-1-150x28.jpg 150w, https:\/\/cdn-blog-oab.estrategia.com\/portal\/wp-content\/uploads\/2023\/12\/14112656\/BANNER-VERMELHO-1.jpg 1890w\" sizes=\"(max-width: 1024px) 100vw, 1024px\" \/><\/a><\/figure>\n\n\n\n<p class=\"wp-block-paragraph\"><\/p>\n\n\n\n<h3 class=\"wp-block-heading\" id=\"h-1\u00aa-fase-oab-41\"><span id=\"1a-fase-oab-41\">1\u00aa Fase &#8211; OAB 41<\/span><\/h3>\n\n\n\n<figure class=\"wp-block-image size-large\"><a href=\"https:\/\/www.redirectmais.com\/run\/1-fase-da-oab-41\"><img decoding=\"async\" width=\"1024\" height=\"190\" src=\"https:\/\/oab.estrategia.com\/portal\/wp-content\/uploads\/2023\/12\/14112659\/BANNER-VERMELHO-1-1-1024x190.jpg\" alt=\"\" class=\"wp-image-9786\" srcset=\"https:\/\/cdn-blog-oab.estrategia.com\/portal\/wp-content\/uploads\/2023\/12\/14112659\/BANNER-VERMELHO-1-1-1024x190.jpg 1024w, https:\/\/cdn-blog-oab.estrategia.com\/portal\/wp-content\/uploads\/2023\/12\/14112659\/BANNER-VERMELHO-1-1-300x56.jpg 300w, https:\/\/cdn-blog-oab.estrategia.com\/portal\/wp-content\/uploads\/2023\/12\/14112659\/BANNER-VERMELHO-1-1-768x143.jpg 768w, https:\/\/cdn-blog-oab.estrategia.com\/portal\/wp-content\/uploads\/2023\/12\/14112659\/BANNER-VERMELHO-1-1-1536x285.jpg 1536w, https:\/\/cdn-blog-oab.estrategia.com\/portal\/wp-content\/uploads\/2023\/12\/14112659\/BANNER-VERMELHO-1-1-380x71.jpg 380w, https:\/\/cdn-blog-oab.estrategia.com\/portal\/wp-content\/uploads\/2023\/12\/14112659\/BANNER-VERMELHO-1-1-800x149.jpg 800w, https:\/\/cdn-blog-oab.estrategia.com\/portal\/wp-content\/uploads\/2023\/12\/14112659\/BANNER-VERMELHO-1-1-1160x215.jpg 1160w, https:\/\/cdn-blog-oab.estrategia.com\/portal\/wp-content\/uploads\/2023\/12\/14112659\/BANNER-VERMELHO-1-1-150x28.jpg 150w, https:\/\/cdn-blog-oab.estrategia.com\/portal\/wp-content\/uploads\/2023\/12\/14112659\/BANNER-VERMELHO-1-1.jpg 1890w\" sizes=\"(max-width: 1024px) 100vw, 1024px\" \/><\/a><\/figure>\n","protected":false},"excerpt":{"rendered":"O ministro do Supremo Tribunal Federal, Alexandre de Moraes, decidiu que n\u00e3o h\u00e1 proibi\u00e7\u00e3o ou limite para as&hellip;\n","protected":false},"author":12,"featured_media":2570,"comment_status":"open","ping_status":"open","sticky":false,"template":"","format":"standard","meta":{"_acf_changed":false,"_jetpack_newsletter_access":"","_jetpack_dont_email_post_to_subs":false,"_jetpack_newsletter_tier_id":0,"_jetpack_memberships_contains_paywalled_content":false,"_jetpack_feature_clip_id":0,"_jetpack_memberships_contains_paid_content":false,"footnotes":"","jetpack_post_was_ever_published":false},"categories":[1],"tags":[],"class_list":["post-10503","post","type-post","status-publish","format-standard","has-post-thumbnail","category-carreira"],"acf":[],"yoast_head":"<!-- This site is optimized with the Yoast SEO Premium plugin v26.2 (Yoast SEO v28.3) - https:\/\/yoast.com\/product\/yoast-seo-premium-wordpress\/ -->\n<title>Moraes decide que n\u00e3o h\u00e1 proibi\u00e7\u00e3o ou limite para as comunica\u00e7\u00f5es entre advogados de investigados\u00a0pela PF<\/title>\n<meta name=\"robots\" content=\"index, follow, max-snippet:-1, max-image-preview:large, max-video-preview:-1\" \/>\n<link rel=\"canonical\" href=\"https:\/\/oab.estrategia.com\/portal\/moraes-decide-que-nao-ha-proibicao-ou-limite-para-as-comunicacoes-entre-advogados-de-investigados-pela-pf\/\" \/>\n<meta property=\"og:locale\" content=\"pt_BR\" \/>\n<meta property=\"og:type\" content=\"article\" \/>\n<meta property=\"og:title\" content=\"Moraes decide que n\u00e3o h\u00e1 proibi\u00e7\u00e3o ou limite para as comunica\u00e7\u00f5es entre advogados de investigados\u00a0pela PF\" \/>\n<meta property=\"og:description\" content=\"O ministro do Supremo Tribunal Federal, Alexandre de Moraes, decidiu que n\u00e3o h\u00e1 proibi\u00e7\u00e3o ou limite para as&hellip;\" \/>\n<meta property=\"og:url\" content=\"https:\/\/oab.estrategia.com\/portal\/moraes-decide-que-nao-ha-proibicao-ou-limite-para-as-comunicacoes-entre-advogados-de-investigados-pela-pf\/\" \/>\n<meta property=\"og:site_name\" content=\"Blog - OAB - Estrat\u00e9gia\" \/>\n<meta property=\"article:publisher\" content=\"https:\/\/www.facebook.com\/estrategiaoab\/\" \/>\n<meta property=\"article:published_time\" content=\"2024-02-20T14:29:51+00:00\" \/>\n<meta property=\"article:modified_time\" content=\"2024-02-20T15:37:13+00:00\" \/>\n<meta property=\"og:image\" content=\"https:\/\/oab.estrategia.com\/portal\/wp-content\/uploads\/2022\/08\/30180053\/carteira-de-identidade-de-advogado-como-passar-na-oab.jpg\" \/>\n\t<meta property=\"og:image:width\" content=\"392\" \/>\n\t<meta property=\"og:image:height\" content=\"268\" \/>\n\t<meta property=\"og:image:type\" content=\"image\/jpeg\" \/>\n<meta name=\"author\" content=\"Coordena\u00e7\u00e3o\" \/>\n<meta name=\"twitter:card\" content=\"summary_large_image\" \/>\n<meta name=\"twitter:creator\" content=\"@estrategiaoab\" \/>\n<meta name=\"twitter:site\" content=\"@estrategiaoab\" \/>\n<meta name=\"twitter:label1\" content=\"Escrito por\" \/>\n\t<meta name=\"twitter:data1\" content=\"Coordena\u00e7\u00e3o\" \/>\n\t<meta name=\"twitter:label2\" content=\"Est. tempo de leitura\" \/>\n\t<meta name=\"twitter:data2\" content=\"2 minutos\" \/>\n<script type=\"application\/ld+json\" class=\"yoast-schema-graph\">{\"@context\":\"https:\\\/\\\/schema.org\",\"@graph\":[{\"@type\":\"Article\",\"@id\":\"https:\\\/\\\/oab.estrategia.com\\\/portal\\\/moraes-decide-que-nao-ha-proibicao-ou-limite-para-as-comunicacoes-entre-advogados-de-investigados-pela-pf\\\/#article\",\"isPartOf\":{\"@id\":\"https:\\\/\\\/oab.estrategia.com\\\/portal\\\/moraes-decide-que-nao-ha-proibicao-ou-limite-para-as-comunicacoes-entre-advogados-de-investigados-pela-pf\\\/\"},\"author\":{\"name\":\"Coordena\u00e7\u00e3o\",\"@id\":\"https:\\\/\\\/oab.estrategia.com\\\/portal\\\/#\\\/schema\\\/person\\\/9e4f367923f195c7466d88c8e8a86d23\"},\"headline\":\"Moraes decide que n\u00e3o h\u00e1 proibi\u00e7\u00e3o ou limite para as comunica\u00e7\u00f5es entre advogados de investigados\u00a0pela PF\",\"datePublished\":\"2024-02-20T14:29:51+00:00\",\"dateModified\":\"2024-02-20T15:37:13+00:00\",\"mainEntityOfPage\":{\"@id\":\"https:\\\/\\\/oab.estrategia.com\\\/portal\\\/moraes-decide-que-nao-ha-proibicao-ou-limite-para-as-comunicacoes-entre-advogados-de-investigados-pela-pf\\\/\"},\"wordCount\":330,\"commentCount\":0,\"publisher\":{\"@id\":\"https:\\\/\\\/oab.estrategia.com\\\/portal\\\/#organization\"},\"image\":{\"@id\":\"https:\\\/\\\/oab.estrategia.com\\\/portal\\\/moraes-decide-que-nao-ha-proibicao-ou-limite-para-as-comunicacoes-entre-advogados-de-investigados-pela-pf\\\/#primaryimage\"},\"thumbnailUrl\":\"https:\\\/\\\/cdn-blog-oab.estrategia.com\\\/portal\\\/wp-content\\\/uploads\\\/2022\\\/08\\\/30180053\\\/carteira-de-identidade-de-advogado-como-passar-na-oab.jpg\",\"articleSection\":[\"Carreira\"],\"inLanguage\":\"pt-BR\",\"potentialAction\":[{\"@type\":\"CommentAction\",\"name\":\"Comment\",\"target\":[\"https:\\\/\\\/oab.estrategia.com\\\/portal\\\/moraes-decide-que-nao-ha-proibicao-ou-limite-para-as-comunicacoes-entre-advogados-de-investigados-pela-pf\\\/#respond\"]}]},{\"@type\":\"WebPage\",\"@id\":\"https:\\\/\\\/oab.estrategia.com\\\/portal\\\/moraes-decide-que-nao-ha-proibicao-ou-limite-para-as-comunicacoes-entre-advogados-de-investigados-pela-pf\\\/\",\"url\":\"https:\\\/\\\/oab.estrategia.com\\\/portal\\\/moraes-decide-que-nao-ha-proibicao-ou-limite-para-as-comunicacoes-entre-advogados-de-investigados-pela-pf\\\/\",\"name\":\"Moraes decide que n\u00e3o h\u00e1 proibi\u00e7\u00e3o ou limite para as comunica\u00e7\u00f5es entre advogados de investigados\u00a0pela PF\",\"isPartOf\":{\"@id\":\"https:\\\/\\\/oab.estrategia.com\\\/portal\\\/#website\"},\"primaryImageOfPage\":{\"@id\":\"https:\\\/\\\/oab.estrategia.com\\\/portal\\\/moraes-decide-que-nao-ha-proibicao-ou-limite-para-as-comunicacoes-entre-advogados-de-investigados-pela-pf\\\/#primaryimage\"},\"image\":{\"@id\":\"https:\\\/\\\/oab.estrategia.com\\\/portal\\\/moraes-decide-que-nao-ha-proibicao-ou-limite-para-as-comunicacoes-entre-advogados-de-investigados-pela-pf\\\/#primaryimage\"},\"thumbnailUrl\":\"https:\\\/\\\/cdn-blog-oab.estrategia.com\\\/portal\\\/wp-content\\\/uploads\\\/2022\\\/08\\\/30180053\\\/carteira-de-identidade-de-advogado-como-passar-na-oab.jpg\",\"datePublished\":\"2024-02-20T14:29:51+00:00\",\"dateModified\":\"2024-02-20T15:37:13+00:00\",\"breadcrumb\":{\"@id\":\"https:\\\/\\\/oab.estrategia.com\\\/portal\\\/moraes-decide-que-nao-ha-proibicao-ou-limite-para-as-comunicacoes-entre-advogados-de-investigados-pela-pf\\\/#breadcrumb\"},\"inLanguage\":\"pt-BR\",\"potentialAction\":[{\"@type\":\"ReadAction\",\"target\":[\"https:\\\/\\\/oab.estrategia.com\\\/portal\\\/moraes-decide-que-nao-ha-proibicao-ou-limite-para-as-comunicacoes-entre-advogados-de-investigados-pela-pf\\\/\"]}]},{\"@type\":\"ImageObject\",\"inLanguage\":\"pt-BR\",\"@id\":\"https:\\\/\\\/oab.estrategia.com\\\/portal\\\/moraes-decide-que-nao-ha-proibicao-ou-limite-para-as-comunicacoes-entre-advogados-de-investigados-pela-pf\\\/#primaryimage\",\"url\":\"https:\\\/\\\/cdn-blog-oab.estrategia.com\\\/portal\\\/wp-content\\\/uploads\\\/2022\\\/08\\\/30180053\\\/carteira-de-identidade-de-advogado-como-passar-na-oab.jpg\",\"contentUrl\":\"https:\\\/\\\/cdn-blog-oab.estrategia.com\\\/portal\\\/wp-content\\\/uploads\\\/2022\\\/08\\\/30180053\\\/carteira-de-identidade-de-advogado-como-passar-na-oab.jpg\",\"width\":392,\"height\":268,\"caption\":\"ADVOGADO\"},{\"@type\":\"BreadcrumbList\",\"@id\":\"https:\\\/\\\/oab.estrategia.com\\\/portal\\\/moraes-decide-que-nao-ha-proibicao-ou-limite-para-as-comunicacoes-entre-advogados-de-investigados-pela-pf\\\/#breadcrumb\",\"itemListElement\":[{\"@type\":\"ListItem\",\"position\":1,\"name\":\"In\u00edcio\",\"item\":\"https:\\\/\\\/oab.estrategia.com\\\/portal\\\/\"},{\"@type\":\"ListItem\",\"position\":2,\"name\":\"Moraes decide que n\u00e3o h\u00e1 proibi\u00e7\u00e3o ou limite para as comunica\u00e7\u00f5es entre advogados de investigados\u00a0pela PF\"}]},{\"@type\":\"WebSite\",\"@id\":\"https:\\\/\\\/oab.estrategia.com\\\/portal\\\/#website\",\"url\":\"https:\\\/\\\/oab.estrategia.com\\\/portal\\\/\",\"name\":\"Blog - OAB - Estrat\u00e9gia\",\"description\":\"Blog OAB - Estrat\u00e9gia Concursos\",\"publisher\":{\"@id\":\"https:\\\/\\\/oab.estrategia.com\\\/portal\\\/#organization\"},\"potentialAction\":[{\"@type\":\"SearchAction\",\"target\":{\"@type\":\"EntryPoint\",\"urlTemplate\":\"https:\\\/\\\/oab.estrategia.com\\\/portal\\\/?s={search_term_string}\"},\"query-input\":{\"@type\":\"PropertyValueSpecification\",\"valueRequired\":true,\"valueName\":\"search_term_string\"}}],\"inLanguage\":\"pt-BR\"},{\"@type\":\"Organization\",\"@id\":\"https:\\\/\\\/oab.estrategia.com\\\/portal\\\/#organization\",\"name\":\"Estrat\u00e9gia Concursos\",\"url\":\"https:\\\/\\\/oab.estrategia.com\\\/portal\\\/\",\"logo\":{\"@type\":\"ImageObject\",\"inLanguage\":\"pt-BR\",\"@id\":\"https:\\\/\\\/oab.estrategia.com\\\/portal\\\/#\\\/schema\\\/logo\\\/image\\\/\",\"url\":\"https:\\\/\\\/oab.estrategia.com\\\/portal\\\/wp-content\\\/uploads\\\/2022\\\/04\\\/06103601\\\/oab-icone-2.png\",\"contentUrl\":\"https:\\\/\\\/oab.estrategia.com\\\/portal\\\/wp-content\\\/uploads\\\/2022\\\/04\\\/06103601\\\/oab-icone-2.png\",\"width\":900,\"height\":900,\"caption\":\"Estrat\u00e9gia Concursos\"},\"image\":{\"@id\":\"https:\\\/\\\/oab.estrategia.com\\\/portal\\\/#\\\/schema\\\/logo\\\/image\\\/\"},\"sameAs\":[\"https:\\\/\\\/www.facebook.com\\\/estrategiaoab\\\/\",\"https:\\\/\\\/x.com\\\/estrategiaoab\",\"https:\\\/\\\/www.instagram.com\\\/estrategiaoab\\\/\",\"https:\\\/\\\/www.youtube.com\\\/EstrategiaOAB\"]},{\"@type\":\"Person\",\"@id\":\"https:\\\/\\\/oab.estrategia.com\\\/portal\\\/#\\\/schema\\\/person\\\/9e4f367923f195c7466d88c8e8a86d23\",\"name\":\"Coordena\u00e7\u00e3o\",\"image\":{\"@type\":\"ImageObject\",\"inLanguage\":\"pt-BR\",\"@id\":\"https:\\\/\\\/cdn-blog-oab.estrategia.com\\\/portal\\\/wp-content\\\/uploads\\\/2022\\\/03\\\/12164805\\\/estrategia-oab-coordenacao-96x96.png\",\"url\":\"https:\\\/\\\/cdn-blog-oab.estrategia.com\\\/portal\\\/wp-content\\\/uploads\\\/2022\\\/03\\\/12164805\\\/estrategia-oab-coordenacao-96x96.png\",\"contentUrl\":\"https:\\\/\\\/cdn-blog-oab.estrategia.com\\\/portal\\\/wp-content\\\/uploads\\\/2022\\\/03\\\/12164805\\\/estrategia-oab-coordenacao-96x96.png\",\"caption\":\"Coordena\u00e7\u00e3o\"},\"description\":\".\",\"url\":\"https:\\\/\\\/oab.estrategia.com\\\/portal\\\/author\\\/coordenacao\\\/\"}]}<\/script>\n<!-- \/ Yoast SEO Premium plugin. -->","yoast_head_json":{"title":"Moraes decide que n\u00e3o h\u00e1 proibi\u00e7\u00e3o ou limite para as comunica\u00e7\u00f5es entre advogados de investigados\u00a0pela PF","robots":{"index":"index","follow":"follow","max-snippet":"max-snippet:-1","max-image-preview":"max-image-preview:large","max-video-preview":"max-video-preview:-1"},"canonical":"https:\/\/oab.estrategia.com\/portal\/moraes-decide-que-nao-ha-proibicao-ou-limite-para-as-comunicacoes-entre-advogados-de-investigados-pela-pf\/","og_locale":"pt_BR","og_type":"article","og_title":"Moraes decide que n\u00e3o h\u00e1 proibi\u00e7\u00e3o ou limite para as comunica\u00e7\u00f5es entre advogados de investigados\u00a0pela PF","og_description":"O ministro do Supremo Tribunal Federal, Alexandre de Moraes, decidiu que n\u00e3o h\u00e1 proibi\u00e7\u00e3o ou limite para as&hellip;","og_url":"https:\/\/oab.estrategia.com\/portal\/moraes-decide-que-nao-ha-proibicao-ou-limite-para-as-comunicacoes-entre-advogados-de-investigados-pela-pf\/","og_site_name":"Blog - OAB - Estrat\u00e9gia","article_publisher":"https:\/\/www.facebook.com\/estrategiaoab\/","article_published_time":"2024-02-20T14:29:51+00:00","article_modified_time":"2024-02-20T15:37:13+00:00","og_image":[{"width":392,"height":268,"url":"https:\/\/oab.estrategia.com\/portal\/wp-content\/uploads\/2022\/08\/30180053\/carteira-de-identidade-de-advogado-como-passar-na-oab.jpg","type":"image\/jpeg"}],"author":"Coordena\u00e7\u00e3o","twitter_card":"summary_large_image","twitter_creator":"@estrategiaoab","twitter_site":"@estrategiaoab","twitter_misc":{"Escrito por":"Coordena\u00e7\u00e3o","Est. tempo de leitura":"2 minutos"},"schema":{"@context":"https:\/\/schema.org","@graph":[{"@type":"Article","@id":"https:\/\/oab.estrategia.com\/portal\/moraes-decide-que-nao-ha-proibicao-ou-limite-para-as-comunicacoes-entre-advogados-de-investigados-pela-pf\/#article","isPartOf":{"@id":"https:\/\/oab.estrategia.com\/portal\/moraes-decide-que-nao-ha-proibicao-ou-limite-para-as-comunicacoes-entre-advogados-de-investigados-pela-pf\/"},"author":{"name":"Coordena\u00e7\u00e3o","@id":"https:\/\/oab.estrategia.com\/portal\/#\/schema\/person\/9e4f367923f195c7466d88c8e8a86d23"},"headline":"Moraes decide que n\u00e3o h\u00e1 proibi\u00e7\u00e3o ou limite para as comunica\u00e7\u00f5es entre advogados de investigados\u00a0pela PF","datePublished":"2024-02-20T14:29:51+00:00","dateModified":"2024-02-20T15:37:13+00:00","mainEntityOfPage":{"@id":"https:\/\/oab.estrategia.com\/portal\/moraes-decide-que-nao-ha-proibicao-ou-limite-para-as-comunicacoes-entre-advogados-de-investigados-pela-pf\/"},"wordCount":330,"commentCount":0,"publisher":{"@id":"https:\/\/oab.estrategia.com\/portal\/#organization"},"image":{"@id":"https:\/\/oab.estrategia.com\/portal\/moraes-decide-que-nao-ha-proibicao-ou-limite-para-as-comunicacoes-entre-advogados-de-investigados-pela-pf\/#primaryimage"},"thumbnailUrl":"https:\/\/cdn-blog-oab.estrategia.com\/portal\/wp-content\/uploads\/2022\/08\/30180053\/carteira-de-identidade-de-advogado-como-passar-na-oab.jpg","articleSection":["Carreira"],"inLanguage":"pt-BR","potentialAction":[{"@type":"CommentAction","name":"Comment","target":["https:\/\/oab.estrategia.com\/portal\/moraes-decide-que-nao-ha-proibicao-ou-limite-para-as-comunicacoes-entre-advogados-de-investigados-pela-pf\/#respond"]}]},{"@type":"WebPage","@id":"https:\/\/oab.estrategia.com\/portal\/moraes-decide-que-nao-ha-proibicao-ou-limite-para-as-comunicacoes-entre-advogados-de-investigados-pela-pf\/","url":"https:\/\/oab.estrategia.com\/portal\/moraes-decide-que-nao-ha-proibicao-ou-limite-para-as-comunicacoes-entre-advogados-de-investigados-pela-pf\/","name":"Moraes decide que n\u00e3o h\u00e1 proibi\u00e7\u00e3o ou limite para as comunica\u00e7\u00f5es entre advogados de investigados\u00a0pela PF","isPartOf":{"@id":"https:\/\/oab.estrategia.com\/portal\/#website"},"primaryImageOfPage":{"@id":"https:\/\/oab.estrategia.com\/portal\/moraes-decide-que-nao-ha-proibicao-ou-limite-para-as-comunicacoes-entre-advogados-de-investigados-pela-pf\/#primaryimage"},"image":{"@id":"https:\/\/oab.estrategia.com\/portal\/moraes-decide-que-nao-ha-proibicao-ou-limite-para-as-comunicacoes-entre-advogados-de-investigados-pela-pf\/#primaryimage"},"thumbnailUrl":"https:\/\/cdn-blog-oab.estrategia.com\/portal\/wp-content\/uploads\/2022\/08\/30180053\/carteira-de-identidade-de-advogado-como-passar-na-oab.jpg","datePublished":"2024-02-20T14:29:51+00:00","dateModified":"2024-02-20T15:37:13+00:00","breadcrumb":{"@id":"https:\/\/oab.estrategia.com\/portal\/moraes-decide-que-nao-ha-proibicao-ou-limite-para-as-comunicacoes-entre-advogados-de-investigados-pela-pf\/#breadcrumb"},"inLanguage":"pt-BR","potentialAction":[{"@type":"ReadAction","target":["https:\/\/oab.estrategia.com\/portal\/moraes-decide-que-nao-ha-proibicao-ou-limite-para-as-comunicacoes-entre-advogados-de-investigados-pela-pf\/"]}]},{"@type":"ImageObject","inLanguage":"pt-BR","@id":"https:\/\/oab.estrategia.com\/portal\/moraes-decide-que-nao-ha-proibicao-ou-limite-para-as-comunicacoes-entre-advogados-de-investigados-pela-pf\/#primaryimage","url":"https:\/\/cdn-blog-oab.estrategia.com\/portal\/wp-content\/uploads\/2022\/08\/30180053\/carteira-de-identidade-de-advogado-como-passar-na-oab.jpg","contentUrl":"https:\/\/cdn-blog-oab.estrategia.com\/portal\/wp-content\/uploads\/2022\/08\/30180053\/carteira-de-identidade-de-advogado-como-passar-na-oab.jpg","width":392,"height":268,"caption":"ADVOGADO"},{"@type":"BreadcrumbList","@id":"https:\/\/oab.estrategia.com\/portal\/moraes-decide-que-nao-ha-proibicao-ou-limite-para-as-comunicacoes-entre-advogados-de-investigados-pela-pf\/#breadcrumb","itemListElement":[{"@type":"ListItem","position":1,"name":"In\u00edcio","item":"https:\/\/oab.estrategia.com\/portal\/"},{"@type":"ListItem","position":2,"name":"Moraes decide que n\u00e3o h\u00e1 proibi\u00e7\u00e3o ou limite para as comunica\u00e7\u00f5es entre advogados de investigados\u00a0pela PF"}]},{"@type":"WebSite","@id":"https:\/\/oab.estrategia.com\/portal\/#website","url":"https:\/\/oab.estrategia.com\/portal\/","name":"Blog - OAB - Estrat\u00e9gia","description":"Blog OAB - Estrat\u00e9gia Concursos","publisher":{"@id":"https:\/\/oab.estrategia.com\/portal\/#organization"},"potentialAction":[{"@type":"SearchAction","target":{"@type":"EntryPoint","urlTemplate":"https:\/\/oab.estrategia.com\/portal\/?s={search_term_string}"},"query-input":{"@type":"PropertyValueSpecification","valueRequired":true,"valueName":"search_term_string"}}],"inLanguage":"pt-BR"},{"@type":"Organization","@id":"https:\/\/oab.estrategia.com\/portal\/#organization","name":"Estrat\u00e9gia Concursos","url":"https:\/\/oab.estrategia.com\/portal\/","logo":{"@type":"ImageObject","inLanguage":"pt-BR","@id":"https:\/\/oab.estrategia.com\/portal\/#\/schema\/logo\/image\/","url":"https:\/\/oab.estrategia.com\/portal\/wp-content\/uploads\/2022\/04\/06103601\/oab-icone-2.png","contentUrl":"https:\/\/oab.estrategia.com\/portal\/wp-content\/uploads\/2022\/04\/06103601\/oab-icone-2.png","width":900,"height":900,"caption":"Estrat\u00e9gia Concursos"},"image":{"@id":"https:\/\/oab.estrategia.com\/portal\/#\/schema\/logo\/image\/"},"sameAs":["https:\/\/www.facebook.com\/estrategiaoab\/","https:\/\/x.com\/estrategiaoab","https:\/\/www.instagram.com\/estrategiaoab\/","https:\/\/www.youtube.com\/EstrategiaOAB"]},{"@type":"Person","@id":"https:\/\/oab.estrategia.com\/portal\/#\/schema\/person\/9e4f367923f195c7466d88c8e8a86d23","name":"Coordena\u00e7\u00e3o","image":{"@type":"ImageObject","inLanguage":"pt-BR","@id":"https:\/\/cdn-blog-oab.estrategia.com\/portal\/wp-content\/uploads\/2022\/03\/12164805\/estrategia-oab-coordenacao-96x96.png","url":"https:\/\/cdn-blog-oab.estrategia.com\/portal\/wp-content\/uploads\/2022\/03\/12164805\/estrategia-oab-coordenacao-96x96.png","contentUrl":"https:\/\/cdn-blog-oab.estrategia.com\/portal\/wp-content\/uploads\/2022\/03\/12164805\/estrategia-oab-coordenacao-96x96.png","caption":"Coordena\u00e7\u00e3o"},"description":".","url":"https:\/\/oab.estrategia.com\/portal\/author\/coordenacao\/"}]}},"jetpack_sharing_enabled":true,"jetpack_featured_media_url":"https:\/\/cdn-blog-oab.estrategia.com\/portal\/wp-content\/uploads\/2022\/08\/30180053\/carteira-de-identidade-de-advogado-como-passar-na-oab.jpg","_links":{"self":[{"href":"https:\/\/oab.estrategia.com\/portal\/wp-json\/wp\/v2\/posts\/10503","targetHints":{"allow":["GET"]}}],"collection":[{"href":"https:\/\/oab.estrategia.com\/portal\/wp-json\/wp\/v2\/posts"}],"about":[{"href":"https:\/\/oab.estrategia.com\/portal\/wp-json\/wp\/v2\/types\/post"}],"author":[{"embeddable":true,"href":"https:\/\/oab.estrategia.com\/portal\/wp-json\/wp\/v2\/users\/12"}],"replies":[{"embeddable":true,"href":"https:\/\/oab.estrategia.com\/portal\/wp-json\/wp\/v2\/comments?post=10503"}],"version-history":[{"count":8,"href":"https:\/\/oab.estrategia.com\/portal\/wp-json\/wp\/v2\/posts\/10503\/revisions"}],"predecessor-version":[{"id":10527,"href":"https:\/\/oab.estrategia.com\/portal\/wp-json\/wp\/v2\/posts\/10503\/revisions\/10527"}],"wp:featuredmedia":[{"embeddable":true,"href":"https:\/\/oab.estrategia.com\/portal\/wp-json\/wp\/v2\/media\/2570"}],"wp:attachment":[{"href":"https:\/\/oab.estrategia.com\/portal\/wp-json\/wp\/v2\/media?parent=10503"}],"wp:term":[{"taxonomy":"category","embeddable":true,"href":"https:\/\/oab.estrategia.com\/portal\/wp-json\/wp\/v2\/categories?post=10503"},{"taxonomy":"post_tag","embeddable":true,"href":"https:\/\/oab.estrategia.com\/portal\/wp-json\/wp\/v2\/tags?post=10503"}],"curies":[{"name":"wp","href":"https:\/\/api.w.org\/{rel}","templated":true}]}}