{"id":10512,"date":"2024-02-20T12:34:44","date_gmt":"2024-02-20T15:34:44","guid":{"rendered":"https:\/\/oab.estrategia.com\/portal\/?p=10512"},"modified":"2024-02-23T08:18:26","modified_gmt":"2024-02-23T11:18:26","slug":"stf-atende-oab-e-exclui-conversas-de-advogado-expostas-por-delegado","status":"publish","type":"post","link":"https:\/\/oab.estrategia.com\/portal\/stf-atende-oab-e-exclui-conversas-de-advogado-expostas-por-delegado\/","title":{"rendered":"STF atende OAB e exclui conversas de advogado expostas por delegado"},"content":{"rendered":"\n<p>O ministro do STF (Supremo Tribunal Federal), Dias Toffoli, determinou nesta ter\u00e7a-feira (20\/2), a <strong>exclus\u00e3o das transcri\u00e7\u00f5es e men\u00e7\u00f5es das mensagens trocadas<\/strong> entre o advogado Ralph T\u00f3rtima e seu cliente <strong>dos autos do processo<\/strong>, que <strong>foram ilegalmente analisadas e expostas por um delegado da Pol\u00edcia Federal.<\/strong><\/p>\n\n\n\n<p>A <strong>decis\u00e3o favor\u00e1vel \u00e0 Ordem dos Advogados do Brasil<\/strong> (OAB) serve para assegurar o <strong>sigilo das comunica\u00e7\u00f5es entre advogados e clientes.<\/strong><\/p>\n\n\n\n<p class=\"has-background\" style=\"background:linear-gradient(135deg,rgb(238,238,238) 0%,rgb(252,252,252) 25%,rgb(169,184,195) 100%)\">\u201cA decis\u00e3o refor\u00e7a a import\u00e2ncia do sigilo das comunica\u00e7\u00f5es entre advogados e clientes, um princ\u00edpio fundamental para a garantia do direito de defesa. A exclus\u00e3o das transcri\u00e7\u00f5es e men\u00e7\u00f5es das mensagens ilegalmente analisadas e expostas \u00e9 crucial para preservar a integridade do processo legal. Essa medida resguarda n\u00e3o apenas os direitos dos envolvidos, mas tamb\u00e9m a confian\u00e7a no sistema judici\u00e1rio. A OAB segue firme na defesa intransigente do Estado de Direito e da justi\u00e7a para todos&#8221;, destaca o presidente nacional da OAB, Beto Simonetti.&nbsp;<\/p>\n\n\n\n<p>Al\u00e9m de solicitarem que as <strong>conversas ilegalmente analisadas e expostas fossem retiradas do processo e declaradas nulas para fins do processo, pediram&nbsp; que o delegado respons\u00e1vel por praticar a viola\u00e7\u00e3o seja punido criminalmente<\/strong>, como determina a lei, sendo franqueado acesso \u00e0 ampla defesa e contradit\u00f3rio ao infrator.&nbsp;<\/p>\n\n\n\n<p>A OAB ainda solicitou que STF e PGR apurem o caso para buscar a responsabiliza\u00e7\u00e3o e puni\u00e7\u00e3o dos respons\u00e1veis pelo abuso, defendendo que eles tenham acesso \u00e0 ampla defesa e contradit\u00f3rio.<\/p>\n\n\n\n<h3 class=\"wp-block-heading\" id=\"h-o-caso\"><span id=\"o-caso\">O caso:<\/span><\/h3>\n\n\n\n<p>O caso trata da investiga\u00e7\u00e3o da Pol\u00edcia Federal (PF) que apura agress\u00e3o do empres\u00e1rio Roberto Mantovani ao filho do ministro do STF Alexandre de Moraes, no aeroporto de Roma, em julho de 2023.<\/p>\n\n\n\n<h3 class=\"wp-block-heading has-pale-cyan-blue-background-color has-background\" id=\"h-cai-na-oab\"><span id=\"cai-na-oab\">Cai na OAB! <\/span><\/h3>\n\n\n\n<h4 class=\"wp-block-heading\" id=\"h-prerrogativas-do-advogado\"><span id=\"prerrogativas-do-advogado\">Prerrogativas do Advogado <\/span><\/h4>\n\n\n\n<p>De acordo com o art. 7\u00ba, inciso III, do Estatuto da OAB, uma das prerrogativas de suma import\u00e2ncia \u00e9 a condi\u00e7\u00e3o do <strong>advogado de se comunicar com seu cliente em qualquer situa\u00e7\u00e3o<\/strong>.&nbsp;<\/p>\n\n\n\n<p>Ao advogado \u00e9 garantido o acesso ao seu cliente e a comunica\u00e7\u00e3o pessoal e reservada com este cliente, mesmo sem procura\u00e7\u00e3o. <\/p>\n\n\n\n<p>Essa comunica\u00e7\u00e3o visa \u00e0 elabora\u00e7\u00e3o de defesa t\u00e9cnica e a ado\u00e7\u00e3o de medidas necess\u00e1rias ao resguardo dos direitos do cliente, <strong>sendo toda troca de informa\u00e7\u00e3o protegida pelo sigilo profissional.&nbsp;<\/strong><\/p>\n\n\n\n<p><strong>No Brasil \u00e9 vedada a incomunicabilidade do preso<\/strong>, conforme o art. 136, \u00a73\u00ba, IV, da Constitui\u00e7\u00e3o Federal. Assim, caso seja negado o acesso ao cliente preso, sem justa causa, a Procuradoria de Prerrogativas da OAB deve ser acionada imediatamente para auxiliar na preserva\u00e7\u00e3o dos direitos e tomar as medidas cab\u00edveis.&nbsp;<\/p>\n\n\n\n<h3 class=\"wp-block-heading has-light-green-cyan-background-color has-background\" id=\"h-confira-outras-informacoes-nos-links-abaixo\"><span id=\"confira-outras-informacoes-nos-links-abaixo\">Confira outras informa\u00e7\u00f5es nos links abaixo: <\/span><\/h3>\n\n\n\n<ul class=\"wp-block-list\">\n<li><a href=\"https:\/\/oab.estrategia.com\/portal\/dia-28-02-sera-publicado-o-edital-de-repescagem-do-40o-eou\/\">Edital Repescagem 40\u00ba EOU em 28\/02<\/a><\/li>\n\n\n\n<li><a href=\"https:\/\/oab.estrategia.com\/portal\/prova-oab\/\">Prova OAB &#8211; Guia Completo <\/a><\/li>\n\n\n\n<li><a href=\"https:\/\/oab.estrategia.com\/portal\/ordem-das-questoes-na-oab\/\">Ordem das Quest\u00f5es OAB<\/a><\/li>\n\n\n\n<li><a href=\"https:\/\/oab.estrategia.com\/portal\/como-funciona-a-prova-da-oab-primeira-fase\/\">Como funciona a 1\u00aa fase da OAB<\/a><\/li>\n<\/ul>\n\n\n\n<h2 class=\"wp-block-heading has-text-align-center\" id=\"quer-saber-mais-sobre-o-exame-de-ordem\"><span id=\"quer-saber-mais-sobre-o-exame-de-ordem-e-como-passar-na-oab\">Quer saber mais sobre o Exame de Ordem e Como passar na OAB?<\/span><\/h2>\n\n\n\n<p class=\"has-text-align-center has-black-color has-text-color has-background has-medium-font-size\" style=\"background-color:#eb787891\"><a href=\"https:\/\/oab.estrategia.com\/portal\/exame-de-ordem-oab\/\" target=\"_blank\" >Exame OAB<\/a><\/p>\n\n\n\n<h2 id=\"pacotes-completos-exame-de-ordem\" class=\"wp-block-heading alignwide has-text-align-center\">Pacotes completos Exame de Ordem<\/h2>\n\n\n\n<div class=\"wp-block-cover\" style=\"min-height:145px;aspect-ratio:unset;\"><span aria-hidden=\"true\" class=\"wp-block-cover__background has-background-dim\"><\/span><img decoding=\"async\" width=\"1024\" height=\"190\" class=\"wp-block-cover__image-background wp-image-2272\" alt=\"\" src=\"https:\/\/oab.estrategia.com\/portal\/wp-content\/uploads\/2022\/08\/19111944\/assinatura-oab-banner-exame-de-ordem-oab-assinatura-curso-oab-1024x190.jpg\" style=\"object-position:58% 29%\" data-object-fit=\"cover\" data-object-position=\"58% 29%\" srcset=\"https:\/\/oab.estrategia.com\/portal\/wp-content\/uploads\/2022\/08\/19111944\/assinatura-oab-banner-exame-de-ordem-oab-assinatura-curso-oab-1024x190.jpg 1024w, https:\/\/oab.estrategia.com\/portal\/wp-content\/uploads\/2022\/08\/19111944\/assinatura-oab-banner-exame-de-ordem-oab-assinatura-curso-oab-300x56.jpg 300w, https:\/\/oab.estrategia.com\/portal\/wp-content\/uploads\/2022\/08\/19111944\/assinatura-oab-banner-exame-de-ordem-oab-assinatura-curso-oab-768x143.jpg 768w, https:\/\/oab.estrategia.com\/portal\/wp-content\/uploads\/2022\/08\/19111944\/assinatura-oab-banner-exame-de-ordem-oab-assinatura-curso-oab-1536x285.jpg 1536w, https:\/\/oab.estrategia.com\/portal\/wp-content\/uploads\/2022\/08\/19111944\/assinatura-oab-banner-exame-de-ordem-oab-assinatura-curso-oab-380x71.jpg 380w, https:\/\/oab.estrategia.com\/portal\/wp-content\/uploads\/2022\/08\/19111944\/assinatura-oab-banner-exame-de-ordem-oab-assinatura-curso-oab-800x149.jpg 800w, https:\/\/oab.estrategia.com\/portal\/wp-content\/uploads\/2022\/08\/19111944\/assinatura-oab-banner-exame-de-ordem-oab-assinatura-curso-oab-1160x215.jpg 1160w, https:\/\/oab.estrategia.com\/portal\/wp-content\/uploads\/2022\/08\/19111944\/assinatura-oab-banner-exame-de-ordem-oab-assinatura-curso-oab-150x28.jpg 150w, https:\/\/oab.estrategia.com\/portal\/wp-content\/uploads\/2022\/08\/19111944\/assinatura-oab-banner-exame-de-ordem-oab-assinatura-curso-oab.jpg 1890w\" sizes=\"(max-width: 1024px) 100vw, 1024px\" \/><div class=\"wp-block-cover__inner-container is-layout-flow wp-block-cover-is-layout-flow\">\n<h3 id=\"assinatura-oab\" class=\"titulo-assinatura\">Assinatura OAB<\/h3>\n<p class=\"subtitulo-assinatura\" style=\"display:block!important; line-height: 0;\">Conte\u00fado completo para a 1\u00aa e 2\u00aa fase da OAB.<\/p>\n<a target=\"_blank\" href=\"https:\/\/oab.estrategia.com\/curso\/assinatura-oab\/\" rel=\"noopener\"><button style=\"border-radius: 10px; text-transform: capitalize;\">Acessar<\/button><\/a>\n<\/div><\/div>\n\n\n\n<div class=\"wp-block-group\"><div class=\"wp-block-group__inner-container is-layout-constrained wp-block-group-is-layout-constrained\">\n<div class=\"wp-block-cover\" style=\"min-height:84px;aspect-ratio:unset;\"><img decoding=\"async\" width=\"1160\" height=\"215\" class=\"wp-block-cover__image-background wp-image-15434\" alt=\"\" src=\"https:\/\/oab.estrategia.com\/portal\/wp-content\/uploads\/2025\/01\/31012626\/Banner-curso-de-ingles-no-seu-ritmo-vermelho-e-azul-moderno-1160-x-215-px.png\" style=\"object-position:100% 28%\" data-object-fit=\"cover\" data-object-position=\"100% 28%\" srcset=\"https:\/\/oab.estrategia.com\/portal\/wp-content\/uploads\/2025\/01\/31012626\/Banner-curso-de-ingles-no-seu-ritmo-vermelho-e-azul-moderno-1160-x-215-px.png 1160w, https:\/\/oab.estrategia.com\/portal\/wp-content\/uploads\/2025\/01\/31012626\/Banner-curso-de-ingles-no-seu-ritmo-vermelho-e-azul-moderno-1160-x-215-px-300x56.png 300w, https:\/\/oab.estrategia.com\/portal\/wp-content\/uploads\/2025\/01\/31012626\/Banner-curso-de-ingles-no-seu-ritmo-vermelho-e-azul-moderno-1160-x-215-px-1024x190.png 1024w, https:\/\/oab.estrategia.com\/portal\/wp-content\/uploads\/2025\/01\/31012626\/Banner-curso-de-ingles-no-seu-ritmo-vermelho-e-azul-moderno-1160-x-215-px-768x142.png 768w, https:\/\/oab.estrategia.com\/portal\/wp-content\/uploads\/2025\/01\/31012626\/Banner-curso-de-ingles-no-seu-ritmo-vermelho-e-azul-moderno-1160-x-215-px-380x70.png 380w, https:\/\/oab.estrategia.com\/portal\/wp-content\/uploads\/2025\/01\/31012626\/Banner-curso-de-ingles-no-seu-ritmo-vermelho-e-azul-moderno-1160-x-215-px-800x148.png 800w, https:\/\/oab.estrategia.com\/portal\/wp-content\/uploads\/2025\/01\/31012626\/Banner-curso-de-ingles-no-seu-ritmo-vermelho-e-azul-moderno-1160-x-215-px-150x28.png 150w\" sizes=\"(max-width: 1160px) 100vw, 1160px\" \/><span aria-hidden=\"true\" class=\"wp-block-cover__background has-background-dim\"><\/span><div class=\"wp-block-cover__inner-container is-layout-flow wp-block-cover-is-layout-flow\">\n<h3 id=\"cursos-para-a-2a-fase-da-oab\" class=\"titulo-assinatura\">Cursos para a 2\u00aa Fase da OAB<\/h3>\n<p class=\"subtitulo-assinatura\" style=\"display:block!important; line-height: 0;\">Conhe\u00e7a os cursos!<\/p>\n<a target=\"_blank\" href=\"https:\/\/oab.estrategia.com\/concursos\/cursos\/segunda-fase-oab\" rel=\"noopener\"><button style=\"border-radius: 10px; text-transform: capitalize;\">Acessar<\/button><\/a>\n<\/div><\/div>\n<\/div><\/div>\n\n\n\n<p><\/p>\n","protected":false},"excerpt":{"rendered":"O ministro do STF (Supremo Tribunal Federal), Dias Toffoli, determinou nesta ter\u00e7a-feira (20\/2), a exclus\u00e3o das transcri\u00e7\u00f5es e&hellip;\n","protected":false},"author":12,"featured_media":2571,"comment_status":"open","ping_status":"open","sticky":false,"template":"","format":"standard","meta":{"_jetpack_memberships_contains_paid_content":false,"footnotes":""},"categories":[1],"tags":[],"class_list":{"0":"post-10512","1":"post","2":"type-post","3":"status-publish","4":"format-standard","5":"has-post-thumbnail","7":"category-carreira"},"acf":[],"yoast_head":"<!-- This site is optimized with the Yoast SEO Premium plugin v26.2 (Yoast SEO v27.4) - https:\/\/yoast.com\/product\/yoast-seo-premium-wordpress\/ -->\n<title>STF atende OAB e exclui conversas de advogado expostas por delegado<\/title>\n<meta name=\"description\" content=\"Ministro do STF, Dias Toffoli, determinou a exclus\u00e3o das conversas do advogado com o cliente expostas pelo Delegado do caso Moraes.\" \/>\n<meta name=\"robots\" content=\"index, follow, max-snippet:-1, max-image-preview:large, max-video-preview:-1\" \/>\n<link rel=\"canonical\" href=\"https:\/\/oab.estrategia.com\/portal\/stf-atende-oab-e-exclui-conversas-de-advogado-expostas-por-delegado\/\" \/>\n<meta property=\"og:locale\" content=\"pt_BR\" \/>\n<meta property=\"og:type\" content=\"article\" \/>\n<meta property=\"og:title\" content=\"STF atende OAB e exclui conversas de advogado expostas por delegado\" \/>\n<meta property=\"og:description\" content=\"Ministro do STF, Dias Toffoli, determinou a exclus\u00e3o das conversas do advogado com o cliente expostas pelo Delegado do caso Moraes.\" \/>\n<meta property=\"og:url\" content=\"https:\/\/oab.estrategia.com\/portal\/stf-atende-oab-e-exclui-conversas-de-advogado-expostas-por-delegado\/\" \/>\n<meta property=\"og:site_name\" content=\"Blog - OAB - Estrat\u00e9gia\" \/>\n<meta property=\"article:publisher\" content=\"https:\/\/www.facebook.com\/estrategiaoab\/\" \/>\n<meta property=\"article:published_time\" content=\"2024-02-20T15:34:44+00:00\" \/>\n<meta property=\"article:modified_time\" content=\"2024-02-23T11:18:26+00:00\" \/>\n<meta property=\"og:image\" content=\"https:\/\/oab.estrategia.com\/portal\/wp-content\/uploads\/2022\/08\/30180148\/como-passar-na-oab-identidade-dos-advogados.jpg\" \/>\n\t<meta property=\"og:image:width\" content=\"540\" \/>\n\t<meta property=\"og:image:height\" content=\"312\" \/>\n\t<meta property=\"og:image:type\" content=\"image\/jpeg\" \/>\n<meta name=\"author\" content=\"Coordena\u00e7\u00e3o\" \/>\n<meta name=\"twitter:card\" content=\"summary_large_image\" \/>\n<meta name=\"twitter:creator\" content=\"@estrategiaoab\" \/>\n<meta name=\"twitter:site\" content=\"@estrategiaoab\" \/>\n<meta name=\"twitter:label1\" content=\"Escrito por\" \/>\n\t<meta name=\"twitter:data1\" content=\"Coordena\u00e7\u00e3o\" \/>\n\t<meta name=\"twitter:label2\" content=\"Est. tempo de leitura\" \/>\n\t<meta name=\"twitter:data2\" content=\"3 minutos\" \/>\n<script type=\"application\/ld+json\" class=\"yoast-schema-graph\">{\"@context\":\"https:\\\/\\\/schema.org\",\"@graph\":[{\"@type\":\"Article\",\"@id\":\"https:\\\/\\\/oab.estrategia.com\\\/portal\\\/stf-atende-oab-e-exclui-conversas-de-advogado-expostas-por-delegado\\\/#article\",\"isPartOf\":{\"@id\":\"https:\\\/\\\/oab.estrategia.com\\\/portal\\\/stf-atende-oab-e-exclui-conversas-de-advogado-expostas-por-delegado\\\/\"},\"author\":{\"name\":\"Coordena\u00e7\u00e3o\",\"@id\":\"https:\\\/\\\/oab.estrategia.com\\\/portal\\\/#\\\/schema\\\/person\\\/9e4f367923f195c7466d88c8e8a86d23\"},\"headline\":\"STF atende OAB e exclui conversas de advogado expostas por delegado\",\"datePublished\":\"2024-02-20T15:34:44+00:00\",\"dateModified\":\"2024-02-23T11:18:26+00:00\",\"mainEntityOfPage\":{\"@id\":\"https:\\\/\\\/oab.estrategia.com\\\/portal\\\/stf-atende-oab-e-exclui-conversas-de-advogado-expostas-por-delegado\\\/\"},\"wordCount\":501,\"commentCount\":0,\"publisher\":{\"@id\":\"https:\\\/\\\/oab.estrategia.com\\\/portal\\\/#organization\"},\"image\":{\"@id\":\"https:\\\/\\\/oab.estrategia.com\\\/portal\\\/stf-atende-oab-e-exclui-conversas-de-advogado-expostas-por-delegado\\\/#primaryimage\"},\"thumbnailUrl\":\"https:\\\/\\\/oab.estrategia.com\\\/portal\\\/wp-content\\\/uploads\\\/2022\\\/08\\\/30180148\\\/como-passar-na-oab-identidade-dos-advogados.jpg\",\"articleSection\":[\"Carreira\"],\"inLanguage\":\"pt-BR\",\"potentialAction\":[{\"@type\":\"CommentAction\",\"name\":\"Comment\",\"target\":[\"https:\\\/\\\/oab.estrategia.com\\\/portal\\\/stf-atende-oab-e-exclui-conversas-de-advogado-expostas-por-delegado\\\/#respond\"]}]},{\"@type\":\"WebPage\",\"@id\":\"https:\\\/\\\/oab.estrategia.com\\\/portal\\\/stf-atende-oab-e-exclui-conversas-de-advogado-expostas-por-delegado\\\/\",\"url\":\"https:\\\/\\\/oab.estrategia.com\\\/portal\\\/stf-atende-oab-e-exclui-conversas-de-advogado-expostas-por-delegado\\\/\",\"name\":\"STF atende OAB e exclui conversas de advogado expostas por delegado\",\"isPartOf\":{\"@id\":\"https:\\\/\\\/oab.estrategia.com\\\/portal\\\/#website\"},\"primaryImageOfPage\":{\"@id\":\"https:\\\/\\\/oab.estrategia.com\\\/portal\\\/stf-atende-oab-e-exclui-conversas-de-advogado-expostas-por-delegado\\\/#primaryimage\"},\"image\":{\"@id\":\"https:\\\/\\\/oab.estrategia.com\\\/portal\\\/stf-atende-oab-e-exclui-conversas-de-advogado-expostas-por-delegado\\\/#primaryimage\"},\"thumbnailUrl\":\"https:\\\/\\\/oab.estrategia.com\\\/portal\\\/wp-content\\\/uploads\\\/2022\\\/08\\\/30180148\\\/como-passar-na-oab-identidade-dos-advogados.jpg\",\"datePublished\":\"2024-02-20T15:34:44+00:00\",\"dateModified\":\"2024-02-23T11:18:26+00:00\",\"description\":\"Ministro do STF, Dias Toffoli, determinou a exclus\u00e3o das conversas do advogado com o cliente expostas pelo Delegado do caso Moraes.\",\"breadcrumb\":{\"@id\":\"https:\\\/\\\/oab.estrategia.com\\\/portal\\\/stf-atende-oab-e-exclui-conversas-de-advogado-expostas-por-delegado\\\/#breadcrumb\"},\"inLanguage\":\"pt-BR\",\"potentialAction\":[{\"@type\":\"ReadAction\",\"target\":[\"https:\\\/\\\/oab.estrategia.com\\\/portal\\\/stf-atende-oab-e-exclui-conversas-de-advogado-expostas-por-delegado\\\/\"]}]},{\"@type\":\"ImageObject\",\"inLanguage\":\"pt-BR\",\"@id\":\"https:\\\/\\\/oab.estrategia.com\\\/portal\\\/stf-atende-oab-e-exclui-conversas-de-advogado-expostas-por-delegado\\\/#primaryimage\",\"url\":\"https:\\\/\\\/oab.estrategia.com\\\/portal\\\/wp-content\\\/uploads\\\/2022\\\/08\\\/30180148\\\/como-passar-na-oab-identidade-dos-advogados.jpg\",\"contentUrl\":\"https:\\\/\\\/oab.estrategia.com\\\/portal\\\/wp-content\\\/uploads\\\/2022\\\/08\\\/30180148\\\/como-passar-na-oab-identidade-dos-advogados.jpg\",\"width\":540,\"height\":312},{\"@type\":\"BreadcrumbList\",\"@id\":\"https:\\\/\\\/oab.estrategia.com\\\/portal\\\/stf-atende-oab-e-exclui-conversas-de-advogado-expostas-por-delegado\\\/#breadcrumb\",\"itemListElement\":[{\"@type\":\"ListItem\",\"position\":1,\"name\":\"In\u00edcio\",\"item\":\"https:\\\/\\\/oab.estrategia.com\\\/portal\\\/\"},{\"@type\":\"ListItem\",\"position\":2,\"name\":\"STF atende OAB e exclui conversas de advogado expostas por delegado\"}]},{\"@type\":\"WebSite\",\"@id\":\"https:\\\/\\\/oab.estrategia.com\\\/portal\\\/#website\",\"url\":\"https:\\\/\\\/oab.estrategia.com\\\/portal\\\/\",\"name\":\"Blog - OAB - Estrat\u00e9gia\",\"description\":\"Blog OAB - Estrat\u00e9gia Concursos\",\"publisher\":{\"@id\":\"https:\\\/\\\/oab.estrategia.com\\\/portal\\\/#organization\"},\"potentialAction\":[{\"@type\":\"SearchAction\",\"target\":{\"@type\":\"EntryPoint\",\"urlTemplate\":\"https:\\\/\\\/oab.estrategia.com\\\/portal\\\/?s={search_term_string}\"},\"query-input\":{\"@type\":\"PropertyValueSpecification\",\"valueRequired\":true,\"valueName\":\"search_term_string\"}}],\"inLanguage\":\"pt-BR\"},{\"@type\":\"Organization\",\"@id\":\"https:\\\/\\\/oab.estrategia.com\\\/portal\\\/#organization\",\"name\":\"Estrat\u00e9gia Concursos\",\"url\":\"https:\\\/\\\/oab.estrategia.com\\\/portal\\\/\",\"logo\":{\"@type\":\"ImageObject\",\"inLanguage\":\"pt-BR\",\"@id\":\"https:\\\/\\\/oab.estrategia.com\\\/portal\\\/#\\\/schema\\\/logo\\\/image\\\/\",\"url\":\"https:\\\/\\\/oab.estrategia.com\\\/portal\\\/wp-content\\\/uploads\\\/2022\\\/04\\\/06103601\\\/oab-icone-2.png\",\"contentUrl\":\"https:\\\/\\\/oab.estrategia.com\\\/portal\\\/wp-content\\\/uploads\\\/2022\\\/04\\\/06103601\\\/oab-icone-2.png\",\"width\":900,\"height\":900,\"caption\":\"Estrat\u00e9gia Concursos\"},\"image\":{\"@id\":\"https:\\\/\\\/oab.estrategia.com\\\/portal\\\/#\\\/schema\\\/logo\\\/image\\\/\"},\"sameAs\":[\"https:\\\/\\\/www.facebook.com\\\/estrategiaoab\\\/\",\"https:\\\/\\\/x.com\\\/estrategiaoab\",\"https:\\\/\\\/www.instagram.com\\\/estrategiaoab\\\/\",\"https:\\\/\\\/www.youtube.com\\\/EstrategiaOAB\"]},{\"@type\":\"Person\",\"@id\":\"https:\\\/\\\/oab.estrategia.com\\\/portal\\\/#\\\/schema\\\/person\\\/9e4f367923f195c7466d88c8e8a86d23\",\"name\":\"Coordena\u00e7\u00e3o\",\"image\":{\"@type\":\"ImageObject\",\"inLanguage\":\"pt-BR\",\"@id\":\"https:\\\/\\\/oab.estrategia.com\\\/portal\\\/wp-content\\\/uploads\\\/2022\\\/03\\\/12164805\\\/estrategia-oab-coordenacao-96x96.png\",\"url\":\"https:\\\/\\\/oab.estrategia.com\\\/portal\\\/wp-content\\\/uploads\\\/2022\\\/03\\\/12164805\\\/estrategia-oab-coordenacao-96x96.png\",\"contentUrl\":\"https:\\\/\\\/oab.estrategia.com\\\/portal\\\/wp-content\\\/uploads\\\/2022\\\/03\\\/12164805\\\/estrategia-oab-coordenacao-96x96.png\",\"caption\":\"Coordena\u00e7\u00e3o\"},\"description\":\".\",\"url\":\"https:\\\/\\\/oab.estrategia.com\\\/portal\\\/author\\\/coordenacao\\\/\"}]}<\/script>\n<!-- \/ Yoast SEO Premium plugin. -->","yoast_head_json":{"title":"STF atende OAB e exclui conversas de advogado expostas por delegado","description":"Ministro do STF, Dias Toffoli, determinou a exclus\u00e3o das conversas do advogado com o cliente expostas pelo Delegado do caso Moraes.","robots":{"index":"index","follow":"follow","max-snippet":"max-snippet:-1","max-image-preview":"max-image-preview:large","max-video-preview":"max-video-preview:-1"},"canonical":"https:\/\/oab.estrategia.com\/portal\/stf-atende-oab-e-exclui-conversas-de-advogado-expostas-por-delegado\/","og_locale":"pt_BR","og_type":"article","og_title":"STF atende OAB e exclui conversas de advogado expostas por delegado","og_description":"Ministro do STF, Dias Toffoli, determinou a exclus\u00e3o das conversas do advogado com o cliente expostas pelo Delegado do caso Moraes.","og_url":"https:\/\/oab.estrategia.com\/portal\/stf-atende-oab-e-exclui-conversas-de-advogado-expostas-por-delegado\/","og_site_name":"Blog - OAB - Estrat\u00e9gia","article_publisher":"https:\/\/www.facebook.com\/estrategiaoab\/","article_published_time":"2024-02-20T15:34:44+00:00","article_modified_time":"2024-02-23T11:18:26+00:00","og_image":[{"width":540,"height":312,"url":"https:\/\/oab.estrategia.com\/portal\/wp-content\/uploads\/2022\/08\/30180148\/como-passar-na-oab-identidade-dos-advogados.jpg","type":"image\/jpeg"}],"author":"Coordena\u00e7\u00e3o","twitter_card":"summary_large_image","twitter_creator":"@estrategiaoab","twitter_site":"@estrategiaoab","twitter_misc":{"Escrito por":"Coordena\u00e7\u00e3o","Est. tempo de leitura":"3 minutos"},"schema":{"@context":"https:\/\/schema.org","@graph":[{"@type":"Article","@id":"https:\/\/oab.estrategia.com\/portal\/stf-atende-oab-e-exclui-conversas-de-advogado-expostas-por-delegado\/#article","isPartOf":{"@id":"https:\/\/oab.estrategia.com\/portal\/stf-atende-oab-e-exclui-conversas-de-advogado-expostas-por-delegado\/"},"author":{"name":"Coordena\u00e7\u00e3o","@id":"https:\/\/oab.estrategia.com\/portal\/#\/schema\/person\/9e4f367923f195c7466d88c8e8a86d23"},"headline":"STF atende OAB e exclui conversas de advogado expostas por delegado","datePublished":"2024-02-20T15:34:44+00:00","dateModified":"2024-02-23T11:18:26+00:00","mainEntityOfPage":{"@id":"https:\/\/oab.estrategia.com\/portal\/stf-atende-oab-e-exclui-conversas-de-advogado-expostas-por-delegado\/"},"wordCount":501,"commentCount":0,"publisher":{"@id":"https:\/\/oab.estrategia.com\/portal\/#organization"},"image":{"@id":"https:\/\/oab.estrategia.com\/portal\/stf-atende-oab-e-exclui-conversas-de-advogado-expostas-por-delegado\/#primaryimage"},"thumbnailUrl":"https:\/\/oab.estrategia.com\/portal\/wp-content\/uploads\/2022\/08\/30180148\/como-passar-na-oab-identidade-dos-advogados.jpg","articleSection":["Carreira"],"inLanguage":"pt-BR","potentialAction":[{"@type":"CommentAction","name":"Comment","target":["https:\/\/oab.estrategia.com\/portal\/stf-atende-oab-e-exclui-conversas-de-advogado-expostas-por-delegado\/#respond"]}]},{"@type":"WebPage","@id":"https:\/\/oab.estrategia.com\/portal\/stf-atende-oab-e-exclui-conversas-de-advogado-expostas-por-delegado\/","url":"https:\/\/oab.estrategia.com\/portal\/stf-atende-oab-e-exclui-conversas-de-advogado-expostas-por-delegado\/","name":"STF atende OAB e exclui conversas de advogado expostas por delegado","isPartOf":{"@id":"https:\/\/oab.estrategia.com\/portal\/#website"},"primaryImageOfPage":{"@id":"https:\/\/oab.estrategia.com\/portal\/stf-atende-oab-e-exclui-conversas-de-advogado-expostas-por-delegado\/#primaryimage"},"image":{"@id":"https:\/\/oab.estrategia.com\/portal\/stf-atende-oab-e-exclui-conversas-de-advogado-expostas-por-delegado\/#primaryimage"},"thumbnailUrl":"https:\/\/oab.estrategia.com\/portal\/wp-content\/uploads\/2022\/08\/30180148\/como-passar-na-oab-identidade-dos-advogados.jpg","datePublished":"2024-02-20T15:34:44+00:00","dateModified":"2024-02-23T11:18:26+00:00","description":"Ministro do STF, Dias Toffoli, determinou a exclus\u00e3o das conversas do advogado com o cliente expostas pelo Delegado do caso Moraes.","breadcrumb":{"@id":"https:\/\/oab.estrategia.com\/portal\/stf-atende-oab-e-exclui-conversas-de-advogado-expostas-por-delegado\/#breadcrumb"},"inLanguage":"pt-BR","potentialAction":[{"@type":"ReadAction","target":["https:\/\/oab.estrategia.com\/portal\/stf-atende-oab-e-exclui-conversas-de-advogado-expostas-por-delegado\/"]}]},{"@type":"ImageObject","inLanguage":"pt-BR","@id":"https:\/\/oab.estrategia.com\/portal\/stf-atende-oab-e-exclui-conversas-de-advogado-expostas-por-delegado\/#primaryimage","url":"https:\/\/oab.estrategia.com\/portal\/wp-content\/uploads\/2022\/08\/30180148\/como-passar-na-oab-identidade-dos-advogados.jpg","contentUrl":"https:\/\/oab.estrategia.com\/portal\/wp-content\/uploads\/2022\/08\/30180148\/como-passar-na-oab-identidade-dos-advogados.jpg","width":540,"height":312},{"@type":"BreadcrumbList","@id":"https:\/\/oab.estrategia.com\/portal\/stf-atende-oab-e-exclui-conversas-de-advogado-expostas-por-delegado\/#breadcrumb","itemListElement":[{"@type":"ListItem","position":1,"name":"In\u00edcio","item":"https:\/\/oab.estrategia.com\/portal\/"},{"@type":"ListItem","position":2,"name":"STF atende OAB e exclui conversas de advogado expostas por delegado"}]},{"@type":"WebSite","@id":"https:\/\/oab.estrategia.com\/portal\/#website","url":"https:\/\/oab.estrategia.com\/portal\/","name":"Blog - OAB - Estrat\u00e9gia","description":"Blog OAB - Estrat\u00e9gia Concursos","publisher":{"@id":"https:\/\/oab.estrategia.com\/portal\/#organization"},"potentialAction":[{"@type":"SearchAction","target":{"@type":"EntryPoint","urlTemplate":"https:\/\/oab.estrategia.com\/portal\/?s={search_term_string}"},"query-input":{"@type":"PropertyValueSpecification","valueRequired":true,"valueName":"search_term_string"}}],"inLanguage":"pt-BR"},{"@type":"Organization","@id":"https:\/\/oab.estrategia.com\/portal\/#organization","name":"Estrat\u00e9gia Concursos","url":"https:\/\/oab.estrategia.com\/portal\/","logo":{"@type":"ImageObject","inLanguage":"pt-BR","@id":"https:\/\/oab.estrategia.com\/portal\/#\/schema\/logo\/image\/","url":"https:\/\/oab.estrategia.com\/portal\/wp-content\/uploads\/2022\/04\/06103601\/oab-icone-2.png","contentUrl":"https:\/\/oab.estrategia.com\/portal\/wp-content\/uploads\/2022\/04\/06103601\/oab-icone-2.png","width":900,"height":900,"caption":"Estrat\u00e9gia Concursos"},"image":{"@id":"https:\/\/oab.estrategia.com\/portal\/#\/schema\/logo\/image\/"},"sameAs":["https:\/\/www.facebook.com\/estrategiaoab\/","https:\/\/x.com\/estrategiaoab","https:\/\/www.instagram.com\/estrategiaoab\/","https:\/\/www.youtube.com\/EstrategiaOAB"]},{"@type":"Person","@id":"https:\/\/oab.estrategia.com\/portal\/#\/schema\/person\/9e4f367923f195c7466d88c8e8a86d23","name":"Coordena\u00e7\u00e3o","image":{"@type":"ImageObject","inLanguage":"pt-BR","@id":"https:\/\/oab.estrategia.com\/portal\/wp-content\/uploads\/2022\/03\/12164805\/estrategia-oab-coordenacao-96x96.png","url":"https:\/\/oab.estrategia.com\/portal\/wp-content\/uploads\/2022\/03\/12164805\/estrategia-oab-coordenacao-96x96.png","contentUrl":"https:\/\/oab.estrategia.com\/portal\/wp-content\/uploads\/2022\/03\/12164805\/estrategia-oab-coordenacao-96x96.png","caption":"Coordena\u00e7\u00e3o"},"description":".","url":"https:\/\/oab.estrategia.com\/portal\/author\/coordenacao\/"}]}},"jetpack_featured_media_url":"https:\/\/oab.estrategia.com\/portal\/wp-content\/uploads\/2022\/08\/30180148\/como-passar-na-oab-identidade-dos-advogados.jpg","jetpack_sharing_enabled":true,"_links":{"self":[{"href":"https:\/\/oab.estrategia.com\/portal\/wp-json\/wp\/v2\/posts\/10512","targetHints":{"allow":["GET"]}}],"collection":[{"href":"https:\/\/oab.estrategia.com\/portal\/wp-json\/wp\/v2\/posts"}],"about":[{"href":"https:\/\/oab.estrategia.com\/portal\/wp-json\/wp\/v2\/types\/post"}],"author":[{"embeddable":true,"href":"https:\/\/oab.estrategia.com\/portal\/wp-json\/wp\/v2\/users\/12"}],"replies":[{"embeddable":true,"href":"https:\/\/oab.estrategia.com\/portal\/wp-json\/wp\/v2\/comments?post=10512"}],"version-history":[{"count":13,"href":"https:\/\/oab.estrategia.com\/portal\/wp-json\/wp\/v2\/posts\/10512\/revisions"}],"predecessor-version":[{"id":10688,"href":"https:\/\/oab.estrategia.com\/portal\/wp-json\/wp\/v2\/posts\/10512\/revisions\/10688"}],"wp:featuredmedia":[{"embeddable":true,"href":"https:\/\/oab.estrategia.com\/portal\/wp-json\/wp\/v2\/media\/2571"}],"wp:attachment":[{"href":"https:\/\/oab.estrategia.com\/portal\/wp-json\/wp\/v2\/media?parent=10512"}],"wp:term":[{"taxonomy":"category","embeddable":true,"href":"https:\/\/oab.estrategia.com\/portal\/wp-json\/wp\/v2\/categories?post=10512"},{"taxonomy":"post_tag","embeddable":true,"href":"https:\/\/oab.estrategia.com\/portal\/wp-json\/wp\/v2\/tags?post=10512"}],"curies":[{"name":"wp","href":"https:\/\/api.w.org\/{rel}","templated":true}]}}