{"id":12554,"date":"2024-08-12T13:36:49","date_gmt":"2024-08-12T16:36:49","guid":{"rendered":"https:\/\/oab.estrategia.com\/portal\/?p=12554"},"modified":"2024-08-19T11:34:18","modified_gmt":"2024-08-19T14:34:18","slug":"texto-perfeito-2-fase-oab","status":"publish","type":"post","link":"https:\/\/oab.estrategia.com\/portal\/texto-perfeito-2-fase-oab\/","title":{"rendered":"Como montar o texto perfeito na 2\u00aa fase da OAB \u2013 dicas para uma boa escrita!"},"content":{"rendered":"\n<h2 class=\"wp-block-heading\" id=\"h-introducao\"><span id=\"introducao\">Introdu\u00e7\u00e3o<\/span><\/h2>\n\n\n\n<p>Est\u00e1 na <strong><a href=\"https:\/\/oab.estrategia.com\/portal\/2a-fase-oab\/\" target=\"_blank\" >2\u00aa fase da prova da OAB<\/a><\/strong> e ainda se sente inseguro na hora de redigir a pe\u00e7a, n\u00e3o conseguindo <strong><mark style=\"background-color:rgba(0, 0, 0, 0)\" class=\"has-inline-color has-vivid-red-color\">passar para o papel de forma clara e coesa as suas ideias<\/mark><\/strong>? Domina o conte\u00fado da \u00e1rea escolhida, mas ainda se perde no momento da reda\u00e7\u00e3o dos par\u00e1grafos, das frases e de formular respostas curtas e diretas nas quest\u00f5es dissertativas? Ent\u00e3o fique ligado pois essas dicas s\u00e3o para voc\u00ea!<\/p>\n\n\n\n<h2 class=\"wp-block-heading\" id=\"h-passando-para-o-papel-as-suas-ideias\"><span id=\"passando-para-o-papel-as-suas-ideias\">Passando para o papel as suas ideias<\/span><\/h2>\n\n\n\n<p>No momento da elabora\u00e7\u00e3o da pe\u00e7a pr\u00e1tico-profissional, ou ainda na reda\u00e7\u00e3o das respostas das quest\u00f5es dissertativas, a primeira dificuldade \u00e9 passar para o papel tudo o que est\u00e1 em sua mente e que dever\u00e1 compor as suas respostas.<\/p>\n\n\n\n<p>Nesse momento, uma dica valiosa \u00e9 a de inserir no <strong>rascunho <\/strong>as <strong><mark style=\"background-color:rgba(0, 0, 0, 0)\" class=\"has-inline-color has-vivid-red-color\">palavras-chave da sua pe\u00e7a<\/mark><\/strong>, apontando aquilo que \u00e9 <strong>imprescind\u00edvel <\/strong>e que n\u00e3o pode faltar de jeito nenhum na fundamenta\u00e7\u00e3o.<\/p>\n\n\n\n<p>Fa\u00e7a uma lista mesmo das <strong>principais palavras<\/strong>, de prefer\u00eancia, <strong><mark style=\"background-color:rgba(0, 0, 0, 0)\" class=\"has-inline-color has-vivid-red-color\">na ordem que dever\u00e3o ser desenvolvidas na pe\u00e7a<\/mark><\/strong>. Coloque tudo que vem a sua mente, para n\u00e3o correr o risco de esquecer algo, e apenas depois olhe para aquela lista e comece a elaborar melhor a sua reda\u00e7\u00e3o.<\/p>\n\n\n\n<h2 class=\"wp-block-heading\" id=\"h-estruturacao-de-frases\"><span id=\"estruturacao-de-frases\">Estrutura\u00e7\u00e3o de frases<\/span><\/h2>\n\n\n\n<p>Com a lista de palavras-chave j\u00e1 montada em seu rascunho, o pr\u00f3ximo passo ser\u00e1 a <strong><mark style=\"background-color:rgba(0, 0, 0, 0)\" class=\"has-inline-color has-vivid-red-color\">elabora\u00e7\u00e3o de frases curtas<\/mark><\/strong>.<\/p>\n\n\n\n<p>Dica valiosa: <strong><mark style=\"background-color:rgba(0, 0, 0, 0)\" class=\"has-inline-color has-vivid-red-color\">N\u00c3O<\/mark> elabore frases muito longas<\/strong>, pois, al\u00e9m de se perder na hora de redigir, ainda torna, para o leitor, um texto cansativo e muitas vezes n\u00e3o compreensivo. Voc\u00ea n\u00e3o quer que o examinador da 2\u00aa fase da OAB desista de ler o seu texto porque se cansou ou n\u00e3o entendeu, n\u00e3o \u00e9 mesmo?<\/p>\n\n\n\n<p>Ent\u00e3o, estruture frases curtas: melhor pecar pelo excesso de frases curtas do que correr o risco de n\u00e3o ser compreendido. <strong><mark style=\"background-color:rgba(0, 0, 0, 0)\" class=\"has-inline-color has-vivid-red-color\">As frases ter\u00e3o liga\u00e7\u00e3o direta com as palavras-chaves que j\u00e1 listou<\/mark><\/strong> anteriormente, a fim de dar uma sequ\u00eancia l\u00f3gica de ideias ao seu texto.<\/p>\n\n\n\n<h2 class=\"wp-block-heading\" id=\"h-estruturacao-de-paragrafos\"><span id=\"estruturacao-de-paragrafos\">Estrutura\u00e7\u00e3o de par\u00e1grafos<\/span><\/h2>\n\n\n\n<p>Assim como a elabora\u00e7\u00e3o das frases, a estrutura\u00e7\u00e3o de par\u00e1grafos tamb\u00e9m \u00e9 importante e deve seguir a <strong><mark style=\"background-color:rgba(0, 0, 0, 0)\" class=\"has-inline-color has-vivid-red-color\">regra do \u201cmenos \u00e9 mais\u201d<\/mark><\/strong>, devendo elaborar <strong>par\u00e1grafos igualmente curtos<\/strong>. Tenha como par\u00e2metro os temas das frases elaboradas acima.<\/p>\n\n\n\n<p>O ideal \u00e9 que para cada conjunto de ideias que devem permanecer juntas haja a elabora\u00e7\u00e3o de um par\u00e1grafo distinto. <strong>Entenda: um texto dividido em in\u00fameros par\u00e1grafos traz <mark style=\"background-color:rgba(0, 0, 0, 0)\" class=\"has-inline-color has-vivid-red-color\">maior fluidez<\/mark> ao texto<\/strong>.<\/p>\n\n\n\n<h2 class=\"wp-block-heading\" id=\"h-coesao-e-coerencia-no-texto\"><span id=\"coesao-e-coerencia-no-texto\">Coes\u00e3o e coer\u00eancia no texto<\/span><\/h2>\n\n\n\n<p>Todo texto precisa ser coeso e coerente. Ou seja, a coer\u00eancia se liga a ideia de l\u00f3gica no texto, a fim de se evitar contradi\u00e7\u00e3o, ao passo que a coes\u00e3o nada mais \u00e9 do que a promo\u00e7\u00e3o da \u201c<strong><mark style=\"background-color:rgba(0, 0, 0, 0)\" class=\"has-inline-color has-vivid-red-color\">costura do texto<\/mark><\/strong>\u201d, representando o <strong>encadeamento <\/strong>de par\u00e1grafos para coordenar as ideias, a fim de assegurar a <strong>continuidade <\/strong>de sentido, com a utiliza\u00e7\u00e3o dos chamados <strong>conectivos<\/strong>.<\/p>\n\n\n\n<h2 class=\"wp-block-heading\" id=\"h-conectivos\"><span id=\"conectivos\">Conectivos<\/span><\/h2>\n\n\n\n<p>A fim de promover um <strong>encadeamento <\/strong>de ideias entre frases ou ainda entre par\u00e1grafos e dar coer\u00eancia e coes\u00e3o ao texto, existem algumas <strong><mark style=\"background-color:rgba(0, 0, 0, 0)\" class=\"has-inline-color has-vivid-red-color\">palavrinhas m\u00e1gicas<\/mark><\/strong> que salvam vidas e que devem ser utilizadas sempre no in\u00edcio de frases ou par\u00e1grafos, s\u00e3o os chamados conectivos.<\/p>\n\n\n\n<p>Os conectivos possibilitam a <strong><mark style=\"background-color:rgba(0, 0, 0, 0)\" class=\"has-inline-color has-vivid-red-color\">conex\u00e3o de elementos<\/mark><\/strong> da l\u00edngua, a fim de que possamos nos expressar de forma satisfat\u00f3ria, representam ferramentas que nos permitem relacionar as ideias de forma clara e organizada. A fim de auxiliar, segue uma lista r\u00e1pida de conectivos que poder\u00e1 utilizar na sua prova:<\/p>\n\n\n\n<ul class=\"wp-block-list\">\n<li>Conectivos de <strong><mark style=\"background-color:#abb8c3\" class=\"has-inline-color\">adi\u00e7\u00e3o<\/mark><\/strong>: e, nem, n\u00e3o s\u00f3, mas tamb\u00e9m;<\/li>\n\n\n\n<li>Conectivos de <strong><mark style=\"background-color:#abb8c3\" class=\"has-inline-color\">altern\u00e2ncia<\/mark><\/strong>: ou, nem &#8230; nem, quer &#8230; quer, seja &#8230; seja, ou &#8230; ou, ora &#8230; ora;<\/li>\n\n\n\n<li>Conectivos de <strong><mark style=\"background-color:#abb8c3\" class=\"has-inline-color\">causa<\/mark><\/strong>: como, visto, visto que, porque, pois, porquanto, por causa de, devido a, em vista de, em raz\u00e3o de, j\u00e1 que, uma vez que, dado que;<\/li>\n\n\n\n<li>Conectivos de <strong><mark style=\"background-color:#abb8c3\" class=\"has-inline-color\">compara\u00e7\u00e3o<\/mark><\/strong>: como, como se, assim como, tal como, qual;<\/li>\n\n\n\n<li>Conectivos de <strong><mark style=\"background-color:#abb8c3\" class=\"has-inline-color\">condi\u00e7\u00e3o<\/mark><\/strong>: se, caso, salvo, a n\u00e3o ser que, a menos que, exceto, contanto que;<\/li>\n\n\n\n<li>Conectivos de <strong><mark style=\"background-color:#abb8c3\" class=\"has-inline-color\">conclus\u00e3o<\/mark><\/strong>: logo, portanto, ent\u00e3o, assim, pois;<\/li>\n\n\n\n<li>Conectivos de <strong><mark style=\"background-color:#abb8c3\" class=\"has-inline-color\">conformidade<\/mark><\/strong>: conforme, consoante, segundo, como, de acordo com, em conformidade com;<\/li>\n\n\n\n<li>Conectivos de <strong><mark style=\"background-color:#abb8c3\" class=\"has-inline-color\">consequ\u00eancia<\/mark><\/strong>: t\u00e3o, tal, tamanho, de modo que, de forma que, de sorte que, de maneira que, tanto que, por conseguinte;<\/li>\n\n\n\n<li>Conectivos de <strong><mark style=\"background-color:#abb8c3\" class=\"has-inline-color\">finalidade<\/mark><\/strong>: para, para que, a fim de que, a fim de, com o prop\u00f3sito de, com a inten\u00e7\u00e3o de, com o intuito de;<\/li>\n\n\n\n<li>Conectivos de <strong><mark style=\"background-color:#abb8c3\" class=\"has-inline-color\">oposi\u00e7\u00e3o<\/mark><\/strong>: mas, por\u00e9m, contudo, entretanto, no entanto, todavia;<\/li>\n\n\n\n<li>Conectivos de <strong><mark style=\"background-color:#abb8c3\" class=\"has-inline-color\">propor\u00e7\u00e3o<\/mark><\/strong>: \u00e0 medida que, \u00e0 propor\u00e7\u00e3o que, ao passo que;<\/li>\n\n\n\n<li>Conectivos de <strong><mark style=\"background-color:#abb8c3\" class=\"has-inline-color\">tempo<\/mark><\/strong>: quando, enquanto, mal, logo que, antes que, assim que, desde que, cada vez que, sempre que.<\/li>\n<\/ul>\n\n\n\n<h2 class=\"wp-block-heading\" id=\"h-clareza-do-texto\"><span id=\"clareza-do-texto\">Clareza do texto<\/span><\/h2>\n\n\n\n<p>O texto deve sempre trazer ideias claras, para que quem l\u00ea possa compreender o que de fato est\u00e1 sendo passado pelo escritor, bem como diretas, concisas, <strong><mark style=\"background-color:rgba(0, 0, 0, 0)\" class=\"has-inline-color has-vivid-red-color\">sem muito rebuscamento<\/mark><\/strong>, a fim de auxiliar o seu entendimento. Deve-se utilizar de linguagem simples, clara e direta, <strong><mark style=\"background-color:rgba(0, 0, 0, 0)\" class=\"has-inline-color has-vivid-red-color\">evitando a utiliza\u00e7\u00e3o do juridiqu\u00eas<\/mark><\/strong> e de um portugu\u00eas muito rebuscado, que pode mais atrapalhar do que ajudar!<\/p>\n\n\n\n<p>O <strong>juridiqu\u00eas <\/strong>\u00e9 um neologismo em voga no Brasil para designar o <strong><mark style=\"background-color:rgba(0, 0, 0, 0)\" class=\"has-inline-color has-vivid-red-color\">uso desnecess\u00e1rio e excessivo do jarg\u00e3o jur\u00eddico e de termos t\u00e9cnicos de Direito<\/mark><\/strong>. Utilizava-se este termo como <strong>chacota <\/strong>para nomear o linguajar rebuscado dos operadores do Direito, pois a linguagem extremamente t\u00e9cnica <strong>n\u00e3o \u00e9 mais bem vista<\/strong>! Assim, deve-se evitar na sua 2\u00aa fase da OAB! N\u00e3o se utilize de g\u00edrias e de jarg\u00f5es.<\/p>\n\n\n\n<h2 class=\"wp-block-heading\" id=\"h-impessoalidade-e-objetividade\"><span id=\"impessoalidade-e-objetividade\">Impessoalidade e objetividade<\/span><\/h2>\n\n\n\n<p>Seja na elabora\u00e7\u00e3o da pe\u00e7a pr\u00e1tico-profissional ou nas respostas \u00e0s quest\u00f5es dissertativas, no texto deve estar presente a impessoalidade e a objetividade, com a utiliza\u00e7\u00e3o da terceira pessoa do discurso (no singular ou no plural), <strong><mark style=\"background-color:rgba(0, 0, 0, 0)\" class=\"has-inline-color has-vivid-red-color\">NUNCA <\/mark><\/strong>se utilizando da <strong><mark style=\"background-color:rgba(0, 0, 0, 0)\" class=\"has-inline-color has-vivid-red-color\">primeira pessoa<\/mark><\/strong>.<\/p>\n\n\n\n<p>Al\u00e9m disso, n\u00e3o se deve promover impress\u00f5es pessoais no texto. Deve ser um <strong><mark style=\"background-color:rgba(0, 0, 0, 0)\" class=\"has-inline-color has-vivid-red-color\">texto desprovido de opini\u00f5es<\/mark><\/strong>, n\u00e3o deve haver subjetividades (preconceitos e adjetivos). <strong><mark style=\"background-color:rgba(0, 0, 0, 0)\" class=\"has-inline-color has-vivid-red-color\">Evitar as express\u00f5es<\/mark><\/strong>: \u00e9 evidente, \u00e9 \u00f3bvio, \u00e9 natural etc.<\/p>\n\n\n\n<h2 class=\"wp-block-heading\" id=\"h-utilizacao-da-norma-culta-portugues-padrao\"><span id=\"utilizacao-da-norma-culta-portugues-padrao\">Utiliza\u00e7\u00e3o da norma culta \u2013 portugu\u00eas padr\u00e3o<\/span><\/h2>\n\n\n\n<div class=\"wp-block-media-text has-media-on-the-right is-stacked-on-mobile\"><div class=\"wp-block-media-text__content\">\n<p>Uma dica valiosa ao estudar para a 2\u00aa fase da OAB \u00e9 sempre ter um <strong>dicion\u00e1rio <\/strong>(de portugu\u00eas e um jur\u00eddico) do seu lado, a fim de tirar d\u00favidas sobre eventuais palavras, bem como trazer maior <strong><mark style=\"background-color:rgba(0, 0, 0, 0)\" class=\"has-inline-color has-vivid-red-color\">diversidade de palavras<\/mark><\/strong> no seu texto (sin\u00f4nimos, ant\u00f4nimos etc.).<\/p>\n<\/div><figure class=\"wp-block-media-text__media\"><img decoding=\"async\" width=\"1024\" height=\"683\" src=\"https:\/\/oab.estrategia.com\/portal\/wp-content\/uploads\/2024\/08\/12132624\/woman-professional-teacher-tutor-working-from-home-online-lessons-1024x683.jpg\" alt=\"Texto\" class=\"wp-image-12556 size-full\" srcset=\"https:\/\/oab.estrategia.com\/portal\/wp-content\/uploads\/2024\/08\/12132624\/woman-professional-teacher-tutor-working-from-home-online-lessons-1024x683.jpg 1024w, https:\/\/oab.estrategia.com\/portal\/wp-content\/uploads\/2024\/08\/12132624\/woman-professional-teacher-tutor-working-from-home-online-lessons-300x200.jpg 300w, https:\/\/oab.estrategia.com\/portal\/wp-content\/uploads\/2024\/08\/12132624\/woman-professional-teacher-tutor-working-from-home-online-lessons-768x512.jpg 768w, https:\/\/oab.estrategia.com\/portal\/wp-content\/uploads\/2024\/08\/12132624\/woman-professional-teacher-tutor-working-from-home-online-lessons-1536x1024.jpg 1536w, https:\/\/oab.estrategia.com\/portal\/wp-content\/uploads\/2024\/08\/12132624\/woman-professional-teacher-tutor-working-from-home-online-lessons-2048x1365.jpg 2048w, https:\/\/oab.estrategia.com\/portal\/wp-content\/uploads\/2024\/08\/12132624\/woman-professional-teacher-tutor-working-from-home-online-lessons-380x253.jpg 380w, https:\/\/oab.estrategia.com\/portal\/wp-content\/uploads\/2024\/08\/12132624\/woman-professional-teacher-tutor-working-from-home-online-lessons-800x533.jpg 800w, https:\/\/oab.estrategia.com\/portal\/wp-content\/uploads\/2024\/08\/12132624\/woman-professional-teacher-tutor-working-from-home-online-lessons-1160x773.jpg 1160w, https:\/\/oab.estrategia.com\/portal\/wp-content\/uploads\/2024\/08\/12132624\/woman-professional-teacher-tutor-working-from-home-online-lessons-150x100.jpg 150w, https:\/\/oab.estrategia.com\/portal\/wp-content\/uploads\/2024\/08\/12132624\/woman-professional-teacher-tutor-working-from-home-online-lessons-scaled.jpg 2560w\" sizes=\"(max-width: 1024px) 100vw, 1024px\" \/><\/figure><\/div>\n\n\n\n<p>Assim, mesmo que se tenha que evitar o juridiqu\u00eas, isso n\u00e3o implica que deva ser desleixado com rela\u00e7\u00e3o ao portugu\u00eas. Deve-se sempre que poss\u00edvel se utilizar da norma culta, do denominado portugu\u00eas padr\u00e3o, evitando, assim, termos coloquiais, rebuscamentos, neologismos, regionalismos, met\u00e1foras, figuras de linguagem etc.<\/p>\n\n\n\n<h2 class=\"wp-block-heading\" id=\"h-abreviaturas\"><span id=\"abreviaturas\">Abreviaturas<\/span><\/h2>\n\n\n\n<p>Ao se utilizar de abreviaturas, algo muito comum no texto jur\u00eddico, <strong><mark style=\"background-color:rgba(0, 0, 0, 0)\" class=\"has-inline-color has-vivid-red-color\">faz\u00ea-lo pela primeira vez no texto de modo a trazer a designa\u00e7\u00e3o completa por extenso<\/mark><\/strong> <strong>e nas pr\u00f3ximas vezes<\/strong> que for se referir \u00e0quela sigla em quest\u00e3o poder\u00e1 ser de<strong> forma abreviada<\/strong>. Exemplo: Supremo Tribunal Federal (primeira vez no texto), depois poder\u00e1 trazer apenas STF.<\/p>\n\n\n\n<h2 class=\"wp-block-heading\" id=\"h-em-resumo\"><span id=\"em-resumo\">Em resumo<\/span><\/h2>\n\n\n\n<p>Em resumo, a clareza e a organiza\u00e7\u00e3o s\u00e3o as palavras-chave para que um texto alcance seu prop\u00f3sito de comunica\u00e7\u00e3o. Isso porque, se n\u00e3o formos claros, nossos leitores n\u00e3o entender\u00e3o a nossa mensagem. Assim, infelizmente, o objetivo de nossa produ\u00e7\u00e3o textual n\u00e3o ter\u00e1 sido alcan\u00e7ado. Claro que n\u00e3o queremos isso, afinal, <strong>o examinador tem que entender tudo aquilo que voc\u00ea escreveu<\/strong>, promovendo uma comunica\u00e7\u00e3o eficaz!<\/p>\n\n\n\n<p>Espero que essas dicas te auxiliem para uma boa elabora\u00e7\u00e3o da sua pe\u00e7a pr\u00e1tico-profissional!<\/p>\n\n\n\n<p>Um grande abra\u00e7o e uma boa prova,<\/p>\n\n\n\n<p>Profa. Ver\u00f4nica Rodrigues Tagliari<\/p>\n\n\n\n<hr class=\"wp-block-separator has-alpha-channel-opacity\"\/>\n\n\n\n<p class=\"has-text-align-center\"><strong>Nossas redes sociais<\/strong><\/p>\n\n\n\n<p class=\"has-text-align-center has-black-color has-pale-cyan-blue-background-color has-text-color has-background has-link-color has-medium-font-size wp-elements-2e026229bd2a7a653331e3adc6aabef4\"><a href=\"https:\/\/www.instagram.com\/estrategiaoab\/\" target=\"_blank\" >Instagram Estrat\u00e9gia OAB<\/a><\/p>\n\n\n\n<p class=\"has-text-align-center has-black-color has-light-green-cyan-background-color has-text-color has-background has-link-color has-medium-font-size wp-elements-d67442bbf0473a4dcae02563d61287f5\"><a href=\"https:\/\/www.youtube.com\/channel\/UC7rgrKTSF5aOrBGWOw60ovw\" target=\"_blank\" >YouTube Estrat\u00e9gia OAB<\/a><\/p>\n\n\n\n<p class=\"has-text-align-center has-black-color has-cyan-bluish-gray-background-color has-text-color has-background has-link-color has-medium-font-size wp-elements-f50e1bcb02706c1bac577839f0ead64d\"><a href=\"http:\/\/bit.ly\/TelegramOAB\" target=\"_blank\" >Inscreva-se no Telegram<\/a><\/p>\n\n\n\n<p><\/p>\n","protected":false},"excerpt":{"rendered":"Introdu\u00e7\u00e3o Est\u00e1 na 2\u00aa fase da prova da OAB e ainda se sente inseguro na hora de redigir&hellip;\n","protected":false},"author":12,"featured_media":12555,"comment_status":"open","ping_status":"open","sticky":false,"template":"","format":"standard","meta":{"_jetpack_memberships_contains_paid_content":false,"footnotes":""},"categories":[31],"tags":[92,93,58,91,90,56,89],"class_list":{"0":"post-12554","1":"post","2":"type-post","3":"status-publish","4":"format-standard","5":"has-post-thumbnail","7":"category-2a-fase-oab","8":"tag-2a-fase-oab","9":"tag-como-escrever","10":"tag-exame-da-ordem","11":"tag-juridiques","12":"tag-norma-culta","13":"tag-oab","14":"tag-peca"},"acf":[],"yoast_head":"<!-- This site is optimized with the Yoast SEO Premium plugin v26.2 (Yoast SEO v27.4) - https:\/\/yoast.com\/product\/yoast-seo-premium-wordpress\/ -->\n<title>Texto perfeito na 2\u00aa fase da OAB \u2013 dicas para uma boa escrita!<\/title>\n<meta name=\"description\" content=\"Clareza e organiza\u00e7\u00e3o s\u00e3o essenciais para o texto atingir seu prop\u00f3sito de comunica\u00e7\u00e3o, e o examinador tem que entender o que voc\u00ea escreveu.\" \/>\n<meta name=\"robots\" content=\"index, follow, max-snippet:-1, max-image-preview:large, max-video-preview:-1\" \/>\n<link rel=\"canonical\" href=\"https:\/\/oab.estrategia.com\/portal\/texto-perfeito-2-fase-oab\/\" \/>\n<meta property=\"og:locale\" content=\"pt_BR\" \/>\n<meta property=\"og:type\" content=\"article\" \/>\n<meta property=\"og:title\" content=\"Como montar o texto perfeito na 2\u00aa fase da OAB \u2013 dicas para uma boa escrita!\" \/>\n<meta property=\"og:description\" content=\"Clareza e organiza\u00e7\u00e3o s\u00e3o essenciais para o texto atingir seu prop\u00f3sito de comunica\u00e7\u00e3o, e o examinador tem que entender o que voc\u00ea escreveu.\" \/>\n<meta property=\"og:url\" content=\"https:\/\/oab.estrategia.com\/portal\/texto-perfeito-2-fase-oab\/\" \/>\n<meta property=\"og:site_name\" content=\"Blog - OAB - Estrat\u00e9gia\" \/>\n<meta property=\"article:publisher\" content=\"https:\/\/www.facebook.com\/estrategiaoab\/\" \/>\n<meta property=\"article:published_time\" content=\"2024-08-12T16:36:49+00:00\" \/>\n<meta property=\"article:modified_time\" content=\"2024-08-19T14:34:18+00:00\" \/>\n<meta property=\"og:image\" content=\"https:\/\/oab.estrategia.com\/portal\/wp-content\/uploads\/2024\/08\/12130852\/close-up-businesswoman-s-hand-typing-laptop-with-pen-diary-spiral-notepad-wooden-table-scaled.jpg\" \/>\n\t<meta property=\"og:image:width\" content=\"2560\" \/>\n\t<meta property=\"og:image:height\" content=\"1709\" \/>\n\t<meta property=\"og:image:type\" content=\"image\/jpeg\" \/>\n<meta name=\"author\" content=\"Coordena\u00e7\u00e3o\" \/>\n<meta name=\"twitter:card\" content=\"summary_large_image\" \/>\n<meta name=\"twitter:creator\" content=\"@estrategiaoab\" \/>\n<meta name=\"twitter:site\" content=\"@estrategiaoab\" \/>\n<meta name=\"twitter:label1\" content=\"Escrito por\" \/>\n\t<meta name=\"twitter:data1\" content=\"Coordena\u00e7\u00e3o\" \/>\n\t<meta name=\"twitter:label2\" content=\"Est. tempo de leitura\" \/>\n\t<meta name=\"twitter:data2\" content=\"8 minutos\" \/>\n<script type=\"application\/ld+json\" class=\"yoast-schema-graph\">{\"@context\":\"https:\\\/\\\/schema.org\",\"@graph\":[{\"@type\":\"Article\",\"@id\":\"https:\\\/\\\/oab.estrategia.com\\\/portal\\\/texto-perfeito-2-fase-oab\\\/#article\",\"isPartOf\":{\"@id\":\"https:\\\/\\\/oab.estrategia.com\\\/portal\\\/texto-perfeito-2-fase-oab\\\/\"},\"author\":{\"name\":\"Coordena\u00e7\u00e3o\",\"@id\":\"https:\\\/\\\/oab.estrategia.com\\\/portal\\\/#\\\/schema\\\/person\\\/9e4f367923f195c7466d88c8e8a86d23\"},\"headline\":\"Como montar o texto perfeito na 2\u00aa fase da OAB \u2013 dicas para uma boa escrita!\",\"datePublished\":\"2024-08-12T16:36:49+00:00\",\"dateModified\":\"2024-08-19T14:34:18+00:00\",\"mainEntityOfPage\":{\"@id\":\"https:\\\/\\\/oab.estrategia.com\\\/portal\\\/texto-perfeito-2-fase-oab\\\/\"},\"wordCount\":1348,\"commentCount\":0,\"publisher\":{\"@id\":\"https:\\\/\\\/oab.estrategia.com\\\/portal\\\/#organization\"},\"image\":{\"@id\":\"https:\\\/\\\/oab.estrategia.com\\\/portal\\\/texto-perfeito-2-fase-oab\\\/#primaryimage\"},\"thumbnailUrl\":\"https:\\\/\\\/oab.estrategia.com\\\/portal\\\/wp-content\\\/uploads\\\/2024\\\/08\\\/12130852\\\/close-up-businesswoman-s-hand-typing-laptop-with-pen-diary-spiral-notepad-wooden-table-scaled.jpg\",\"keywords\":[\"2\u00aa fase OAB\",\"como escrever\",\"Exame da Ordem\",\"juridiqu\u00eas\",\"norma culta\",\"oab\",\"pe\u00e7a\"],\"articleSection\":[\"2\u00aa Fase OAB\"],\"inLanguage\":\"pt-BR\",\"potentialAction\":[{\"@type\":\"CommentAction\",\"name\":\"Comment\",\"target\":[\"https:\\\/\\\/oab.estrategia.com\\\/portal\\\/texto-perfeito-2-fase-oab\\\/#respond\"]}]},{\"@type\":\"WebPage\",\"@id\":\"https:\\\/\\\/oab.estrategia.com\\\/portal\\\/texto-perfeito-2-fase-oab\\\/\",\"url\":\"https:\\\/\\\/oab.estrategia.com\\\/portal\\\/texto-perfeito-2-fase-oab\\\/\",\"name\":\"Texto perfeito na 2\u00aa fase da OAB \u2013 dicas para uma boa escrita!\",\"isPartOf\":{\"@id\":\"https:\\\/\\\/oab.estrategia.com\\\/portal\\\/#website\"},\"primaryImageOfPage\":{\"@id\":\"https:\\\/\\\/oab.estrategia.com\\\/portal\\\/texto-perfeito-2-fase-oab\\\/#primaryimage\"},\"image\":{\"@id\":\"https:\\\/\\\/oab.estrategia.com\\\/portal\\\/texto-perfeito-2-fase-oab\\\/#primaryimage\"},\"thumbnailUrl\":\"https:\\\/\\\/oab.estrategia.com\\\/portal\\\/wp-content\\\/uploads\\\/2024\\\/08\\\/12130852\\\/close-up-businesswoman-s-hand-typing-laptop-with-pen-diary-spiral-notepad-wooden-table-scaled.jpg\",\"datePublished\":\"2024-08-12T16:36:49+00:00\",\"dateModified\":\"2024-08-19T14:34:18+00:00\",\"description\":\"Clareza e organiza\u00e7\u00e3o s\u00e3o essenciais para o texto atingir seu prop\u00f3sito de comunica\u00e7\u00e3o, e o examinador tem que entender o que voc\u00ea escreveu.\",\"breadcrumb\":{\"@id\":\"https:\\\/\\\/oab.estrategia.com\\\/portal\\\/texto-perfeito-2-fase-oab\\\/#breadcrumb\"},\"inLanguage\":\"pt-BR\",\"potentialAction\":[{\"@type\":\"ReadAction\",\"target\":[\"https:\\\/\\\/oab.estrategia.com\\\/portal\\\/texto-perfeito-2-fase-oab\\\/\"]}]},{\"@type\":\"ImageObject\",\"inLanguage\":\"pt-BR\",\"@id\":\"https:\\\/\\\/oab.estrategia.com\\\/portal\\\/texto-perfeito-2-fase-oab\\\/#primaryimage\",\"url\":\"https:\\\/\\\/oab.estrategia.com\\\/portal\\\/wp-content\\\/uploads\\\/2024\\\/08\\\/12130852\\\/close-up-businesswoman-s-hand-typing-laptop-with-pen-diary-spiral-notepad-wooden-table-scaled.jpg\",\"contentUrl\":\"https:\\\/\\\/oab.estrategia.com\\\/portal\\\/wp-content\\\/uploads\\\/2024\\\/08\\\/12130852\\\/close-up-businesswoman-s-hand-typing-laptop-with-pen-diary-spiral-notepad-wooden-table-scaled.jpg\",\"width\":2560,\"height\":1709},{\"@type\":\"BreadcrumbList\",\"@id\":\"https:\\\/\\\/oab.estrategia.com\\\/portal\\\/texto-perfeito-2-fase-oab\\\/#breadcrumb\",\"itemListElement\":[{\"@type\":\"ListItem\",\"position\":1,\"name\":\"In\u00edcio\",\"item\":\"https:\\\/\\\/oab.estrategia.com\\\/portal\\\/\"},{\"@type\":\"ListItem\",\"position\":2,\"name\":\"Como montar o texto perfeito na 2\u00aa fase da OAB \u2013 dicas para uma boa escrita!\"}]},{\"@type\":\"WebSite\",\"@id\":\"https:\\\/\\\/oab.estrategia.com\\\/portal\\\/#website\",\"url\":\"https:\\\/\\\/oab.estrategia.com\\\/portal\\\/\",\"name\":\"Blog - OAB - Estrat\u00e9gia\",\"description\":\"Blog OAB - Estrat\u00e9gia Concursos\",\"publisher\":{\"@id\":\"https:\\\/\\\/oab.estrategia.com\\\/portal\\\/#organization\"},\"potentialAction\":[{\"@type\":\"SearchAction\",\"target\":{\"@type\":\"EntryPoint\",\"urlTemplate\":\"https:\\\/\\\/oab.estrategia.com\\\/portal\\\/?s={search_term_string}\"},\"query-input\":{\"@type\":\"PropertyValueSpecification\",\"valueRequired\":true,\"valueName\":\"search_term_string\"}}],\"inLanguage\":\"pt-BR\"},{\"@type\":\"Organization\",\"@id\":\"https:\\\/\\\/oab.estrategia.com\\\/portal\\\/#organization\",\"name\":\"Estrat\u00e9gia Concursos\",\"url\":\"https:\\\/\\\/oab.estrategia.com\\\/portal\\\/\",\"logo\":{\"@type\":\"ImageObject\",\"inLanguage\":\"pt-BR\",\"@id\":\"https:\\\/\\\/oab.estrategia.com\\\/portal\\\/#\\\/schema\\\/logo\\\/image\\\/\",\"url\":\"https:\\\/\\\/oab.estrategia.com\\\/portal\\\/wp-content\\\/uploads\\\/2022\\\/04\\\/06103601\\\/oab-icone-2.png\",\"contentUrl\":\"https:\\\/\\\/oab.estrategia.com\\\/portal\\\/wp-content\\\/uploads\\\/2022\\\/04\\\/06103601\\\/oab-icone-2.png\",\"width\":900,\"height\":900,\"caption\":\"Estrat\u00e9gia Concursos\"},\"image\":{\"@id\":\"https:\\\/\\\/oab.estrategia.com\\\/portal\\\/#\\\/schema\\\/logo\\\/image\\\/\"},\"sameAs\":[\"https:\\\/\\\/www.facebook.com\\\/estrategiaoab\\\/\",\"https:\\\/\\\/x.com\\\/estrategiaoab\",\"https:\\\/\\\/www.instagram.com\\\/estrategiaoab\\\/\",\"https:\\\/\\\/www.youtube.com\\\/EstrategiaOAB\"]},{\"@type\":\"Person\",\"@id\":\"https:\\\/\\\/oab.estrategia.com\\\/portal\\\/#\\\/schema\\\/person\\\/9e4f367923f195c7466d88c8e8a86d23\",\"name\":\"Coordena\u00e7\u00e3o\",\"image\":{\"@type\":\"ImageObject\",\"inLanguage\":\"pt-BR\",\"@id\":\"https:\\\/\\\/oab.estrategia.com\\\/portal\\\/wp-content\\\/uploads\\\/2022\\\/03\\\/12164805\\\/estrategia-oab-coordenacao-96x96.png\",\"url\":\"https:\\\/\\\/oab.estrategia.com\\\/portal\\\/wp-content\\\/uploads\\\/2022\\\/03\\\/12164805\\\/estrategia-oab-coordenacao-96x96.png\",\"contentUrl\":\"https:\\\/\\\/oab.estrategia.com\\\/portal\\\/wp-content\\\/uploads\\\/2022\\\/03\\\/12164805\\\/estrategia-oab-coordenacao-96x96.png\",\"caption\":\"Coordena\u00e7\u00e3o\"},\"description\":\".\",\"url\":\"https:\\\/\\\/oab.estrategia.com\\\/portal\\\/author\\\/coordenacao\\\/\"}]}<\/script>\n<!-- \/ Yoast SEO Premium plugin. -->","yoast_head_json":{"title":"Texto perfeito na 2\u00aa fase da OAB \u2013 dicas para uma boa escrita!","description":"Clareza e organiza\u00e7\u00e3o s\u00e3o essenciais para o texto atingir seu prop\u00f3sito de comunica\u00e7\u00e3o, e o examinador tem que entender o que voc\u00ea escreveu.","robots":{"index":"index","follow":"follow","max-snippet":"max-snippet:-1","max-image-preview":"max-image-preview:large","max-video-preview":"max-video-preview:-1"},"canonical":"https:\/\/oab.estrategia.com\/portal\/texto-perfeito-2-fase-oab\/","og_locale":"pt_BR","og_type":"article","og_title":"Como montar o texto perfeito na 2\u00aa fase da OAB \u2013 dicas para uma boa escrita!","og_description":"Clareza e organiza\u00e7\u00e3o s\u00e3o essenciais para o texto atingir seu prop\u00f3sito de comunica\u00e7\u00e3o, e o examinador tem que entender o que voc\u00ea escreveu.","og_url":"https:\/\/oab.estrategia.com\/portal\/texto-perfeito-2-fase-oab\/","og_site_name":"Blog - OAB - Estrat\u00e9gia","article_publisher":"https:\/\/www.facebook.com\/estrategiaoab\/","article_published_time":"2024-08-12T16:36:49+00:00","article_modified_time":"2024-08-19T14:34:18+00:00","og_image":[{"width":2560,"height":1709,"url":"https:\/\/oab.estrategia.com\/portal\/wp-content\/uploads\/2024\/08\/12130852\/close-up-businesswoman-s-hand-typing-laptop-with-pen-diary-spiral-notepad-wooden-table-scaled.jpg","type":"image\/jpeg"}],"author":"Coordena\u00e7\u00e3o","twitter_card":"summary_large_image","twitter_creator":"@estrategiaoab","twitter_site":"@estrategiaoab","twitter_misc":{"Escrito por":"Coordena\u00e7\u00e3o","Est. tempo de leitura":"8 minutos"},"schema":{"@context":"https:\/\/schema.org","@graph":[{"@type":"Article","@id":"https:\/\/oab.estrategia.com\/portal\/texto-perfeito-2-fase-oab\/#article","isPartOf":{"@id":"https:\/\/oab.estrategia.com\/portal\/texto-perfeito-2-fase-oab\/"},"author":{"name":"Coordena\u00e7\u00e3o","@id":"https:\/\/oab.estrategia.com\/portal\/#\/schema\/person\/9e4f367923f195c7466d88c8e8a86d23"},"headline":"Como montar o texto perfeito na 2\u00aa fase da OAB \u2013 dicas para uma boa escrita!","datePublished":"2024-08-12T16:36:49+00:00","dateModified":"2024-08-19T14:34:18+00:00","mainEntityOfPage":{"@id":"https:\/\/oab.estrategia.com\/portal\/texto-perfeito-2-fase-oab\/"},"wordCount":1348,"commentCount":0,"publisher":{"@id":"https:\/\/oab.estrategia.com\/portal\/#organization"},"image":{"@id":"https:\/\/oab.estrategia.com\/portal\/texto-perfeito-2-fase-oab\/#primaryimage"},"thumbnailUrl":"https:\/\/oab.estrategia.com\/portal\/wp-content\/uploads\/2024\/08\/12130852\/close-up-businesswoman-s-hand-typing-laptop-with-pen-diary-spiral-notepad-wooden-table-scaled.jpg","keywords":["2\u00aa fase OAB","como escrever","Exame da Ordem","juridiqu\u00eas","norma culta","oab","pe\u00e7a"],"articleSection":["2\u00aa Fase OAB"],"inLanguage":"pt-BR","potentialAction":[{"@type":"CommentAction","name":"Comment","target":["https:\/\/oab.estrategia.com\/portal\/texto-perfeito-2-fase-oab\/#respond"]}]},{"@type":"WebPage","@id":"https:\/\/oab.estrategia.com\/portal\/texto-perfeito-2-fase-oab\/","url":"https:\/\/oab.estrategia.com\/portal\/texto-perfeito-2-fase-oab\/","name":"Texto perfeito na 2\u00aa fase da OAB \u2013 dicas para uma boa escrita!","isPartOf":{"@id":"https:\/\/oab.estrategia.com\/portal\/#website"},"primaryImageOfPage":{"@id":"https:\/\/oab.estrategia.com\/portal\/texto-perfeito-2-fase-oab\/#primaryimage"},"image":{"@id":"https:\/\/oab.estrategia.com\/portal\/texto-perfeito-2-fase-oab\/#primaryimage"},"thumbnailUrl":"https:\/\/oab.estrategia.com\/portal\/wp-content\/uploads\/2024\/08\/12130852\/close-up-businesswoman-s-hand-typing-laptop-with-pen-diary-spiral-notepad-wooden-table-scaled.jpg","datePublished":"2024-08-12T16:36:49+00:00","dateModified":"2024-08-19T14:34:18+00:00","description":"Clareza e organiza\u00e7\u00e3o s\u00e3o essenciais para o texto atingir seu prop\u00f3sito de comunica\u00e7\u00e3o, e o examinador tem que entender o que voc\u00ea escreveu.","breadcrumb":{"@id":"https:\/\/oab.estrategia.com\/portal\/texto-perfeito-2-fase-oab\/#breadcrumb"},"inLanguage":"pt-BR","potentialAction":[{"@type":"ReadAction","target":["https:\/\/oab.estrategia.com\/portal\/texto-perfeito-2-fase-oab\/"]}]},{"@type":"ImageObject","inLanguage":"pt-BR","@id":"https:\/\/oab.estrategia.com\/portal\/texto-perfeito-2-fase-oab\/#primaryimage","url":"https:\/\/oab.estrategia.com\/portal\/wp-content\/uploads\/2024\/08\/12130852\/close-up-businesswoman-s-hand-typing-laptop-with-pen-diary-spiral-notepad-wooden-table-scaled.jpg","contentUrl":"https:\/\/oab.estrategia.com\/portal\/wp-content\/uploads\/2024\/08\/12130852\/close-up-businesswoman-s-hand-typing-laptop-with-pen-diary-spiral-notepad-wooden-table-scaled.jpg","width":2560,"height":1709},{"@type":"BreadcrumbList","@id":"https:\/\/oab.estrategia.com\/portal\/texto-perfeito-2-fase-oab\/#breadcrumb","itemListElement":[{"@type":"ListItem","position":1,"name":"In\u00edcio","item":"https:\/\/oab.estrategia.com\/portal\/"},{"@type":"ListItem","position":2,"name":"Como montar o texto perfeito na 2\u00aa fase da OAB \u2013 dicas para uma boa escrita!"}]},{"@type":"WebSite","@id":"https:\/\/oab.estrategia.com\/portal\/#website","url":"https:\/\/oab.estrategia.com\/portal\/","name":"Blog - OAB - Estrat\u00e9gia","description":"Blog OAB - Estrat\u00e9gia Concursos","publisher":{"@id":"https:\/\/oab.estrategia.com\/portal\/#organization"},"potentialAction":[{"@type":"SearchAction","target":{"@type":"EntryPoint","urlTemplate":"https:\/\/oab.estrategia.com\/portal\/?s={search_term_string}"},"query-input":{"@type":"PropertyValueSpecification","valueRequired":true,"valueName":"search_term_string"}}],"inLanguage":"pt-BR"},{"@type":"Organization","@id":"https:\/\/oab.estrategia.com\/portal\/#organization","name":"Estrat\u00e9gia Concursos","url":"https:\/\/oab.estrategia.com\/portal\/","logo":{"@type":"ImageObject","inLanguage":"pt-BR","@id":"https:\/\/oab.estrategia.com\/portal\/#\/schema\/logo\/image\/","url":"https:\/\/oab.estrategia.com\/portal\/wp-content\/uploads\/2022\/04\/06103601\/oab-icone-2.png","contentUrl":"https:\/\/oab.estrategia.com\/portal\/wp-content\/uploads\/2022\/04\/06103601\/oab-icone-2.png","width":900,"height":900,"caption":"Estrat\u00e9gia Concursos"},"image":{"@id":"https:\/\/oab.estrategia.com\/portal\/#\/schema\/logo\/image\/"},"sameAs":["https:\/\/www.facebook.com\/estrategiaoab\/","https:\/\/x.com\/estrategiaoab","https:\/\/www.instagram.com\/estrategiaoab\/","https:\/\/www.youtube.com\/EstrategiaOAB"]},{"@type":"Person","@id":"https:\/\/oab.estrategia.com\/portal\/#\/schema\/person\/9e4f367923f195c7466d88c8e8a86d23","name":"Coordena\u00e7\u00e3o","image":{"@type":"ImageObject","inLanguage":"pt-BR","@id":"https:\/\/oab.estrategia.com\/portal\/wp-content\/uploads\/2022\/03\/12164805\/estrategia-oab-coordenacao-96x96.png","url":"https:\/\/oab.estrategia.com\/portal\/wp-content\/uploads\/2022\/03\/12164805\/estrategia-oab-coordenacao-96x96.png","contentUrl":"https:\/\/oab.estrategia.com\/portal\/wp-content\/uploads\/2022\/03\/12164805\/estrategia-oab-coordenacao-96x96.png","caption":"Coordena\u00e7\u00e3o"},"description":".","url":"https:\/\/oab.estrategia.com\/portal\/author\/coordenacao\/"}]}},"jetpack_featured_media_url":"https:\/\/oab.estrategia.com\/portal\/wp-content\/uploads\/2024\/08\/12130852\/close-up-businesswoman-s-hand-typing-laptop-with-pen-diary-spiral-notepad-wooden-table-scaled.jpg","jetpack_sharing_enabled":true,"_links":{"self":[{"href":"https:\/\/oab.estrategia.com\/portal\/wp-json\/wp\/v2\/posts\/12554","targetHints":{"allow":["GET"]}}],"collection":[{"href":"https:\/\/oab.estrategia.com\/portal\/wp-json\/wp\/v2\/posts"}],"about":[{"href":"https:\/\/oab.estrategia.com\/portal\/wp-json\/wp\/v2\/types\/post"}],"author":[{"embeddable":true,"href":"https:\/\/oab.estrategia.com\/portal\/wp-json\/wp\/v2\/users\/12"}],"replies":[{"embeddable":true,"href":"https:\/\/oab.estrategia.com\/portal\/wp-json\/wp\/v2\/comments?post=12554"}],"version-history":[{"count":1,"href":"https:\/\/oab.estrategia.com\/portal\/wp-json\/wp\/v2\/posts\/12554\/revisions"}],"predecessor-version":[{"id":12557,"href":"https:\/\/oab.estrategia.com\/portal\/wp-json\/wp\/v2\/posts\/12554\/revisions\/12557"}],"wp:featuredmedia":[{"embeddable":true,"href":"https:\/\/oab.estrategia.com\/portal\/wp-json\/wp\/v2\/media\/12555"}],"wp:attachment":[{"href":"https:\/\/oab.estrategia.com\/portal\/wp-json\/wp\/v2\/media?parent=12554"}],"wp:term":[{"taxonomy":"category","embeddable":true,"href":"https:\/\/oab.estrategia.com\/portal\/wp-json\/wp\/v2\/categories?post=12554"},{"taxonomy":"post_tag","embeddable":true,"href":"https:\/\/oab.estrategia.com\/portal\/wp-json\/wp\/v2\/tags?post=12554"}],"curies":[{"name":"wp","href":"https:\/\/api.w.org\/{rel}","templated":true}]}}