{"id":12940,"date":"2024-09-11T17:27:10","date_gmt":"2024-09-11T20:27:10","guid":{"rendered":"https:\/\/oab.estrategia.com\/portal\/?p=12940"},"modified":"2025-04-28T09:14:07","modified_gmt":"2025-04-28T12:14:07","slug":"jornada-trabalho-prova-oab","status":"publish","type":"post","link":"https:\/\/oab.estrategia.com\/portal\/jornada-trabalho-prova-oab\/","title":{"rendered":"Principais Pontos sobre Jornada de Trabalho para a sua prova da OAB"},"content":{"rendered":"\n<p><em>Saiba os principais pontos sobre jornada de trabalho que podem cair na sua prova da OAB, incluindo direitos, limites e exce\u00e7\u00f5es legais<\/em><\/p>\n\n\n\n<p><strong><em>Professora Stella Muniz<\/em><\/strong><\/p>\n\n\n\n<h2 class=\"wp-block-heading\" id=\"h-introducao\" style=\"font-style:normal;font-weight:400\"><span id=\"introducao\"><strong><mark style=\"background-color:rgba(0, 0, 0, 0)\" class=\"has-inline-color has-vivid-red-color\">Introdu\u00e7\u00e3o<\/mark><\/strong><\/span><\/h2>\n\n\n\n<p>Antes de entrarmos no assunto,<strong> saiba que estamos diante de um tema que tem alto \u00edndice de incid\u00eancia nos Exames!&nbsp;<\/strong><\/p>\n\n\n\n<p>A Jornada de Trabalho (arts. 7\u00ba, XIII, CF e 58, CLT) prev\u00ea que<strong> o labor n\u00e3o pode exceder a 08 horas por dia e 44 horas semanais, <mark style=\"background-color:rgba(0, 0, 0, 0)\" class=\"has-inline-color has-vivid-red-color\">inclusive para os empregados dom\u00e9sticos<\/mark><\/strong> (art. 2\u00ba, LC 150\/2015).<\/p>\n\n\n\n<p>Assim, a empresa que descumprir este limite dever\u00e1 efetuar o pagamento de horas extras pelo sobre labor.<\/p>\n\n\n\n<h2 class=\"wp-block-heading\" id=\"h-horas-extras-nbsp\" style=\"font-style:normal;font-weight:400\"><span id=\"horas-extras\"><strong><mark style=\"background-color:rgba(0, 0, 0, 0)\" class=\"has-inline-color has-vivid-red-color\">Horas extras&nbsp;<\/mark><\/strong><\/span><\/h2>\n\n\n\n<p>A<strong> jornada normal poder\u00e1 ser prorrogada por meio de <mark style=\"background-color:rgba(0, 0, 0, 0)\" class=\"has-inline-color has-vivid-red-color\">acordo escrito<\/mark>, <mark style=\"background-color:rgba(0, 0, 0, 0)\" class=\"has-inline-color has-vivid-red-color\">limitada a 02 horas di\u00e1rias <\/mark>e <mark style=\"background-color:rgba(0, 0, 0, 0)\" class=\"has-inline-color has-vivid-red-color\">mediante pagamento de adicional de, no m\u00ednimo 50%<\/mark>, a mais sobre o valor da hora normal <\/strong>(arts. 7\u00ba, XVI, CF e 59, CLT).<\/p>\n\n\n\n<p>Al\u00e9m disso, vale ressaltar que <strong>as varia\u00e7\u00f5es de hor\u00e1rios no registro de ponto de at\u00e9 05 minutos, limitado a 10 minutos di\u00e1rios, n\u00e3o computam horas extras<\/strong> (art. 58, \u00a71\u00ba, CLT).<\/p>\n\n\n\n<p>Entretanto, ultrapassados estes limites acima, ser\u00e3o integralmente inclu\u00eddos no tempo que exceder a jornada normal (S\u00famula 366, TST), ainda que haja cl\u00e1usula em norma coletiva que estenda este limite (S\u00famula 449, TST).<\/p>\n\n\n\n<p>Por fim, <strong>caso seja habitual, as horas extras integrar\u00e3o a remunera\u00e7\u00e3o, independente da limita\u00e7\u00e3o legal<\/strong> (S\u00famula 376, TST).<\/p>\n\n\n\n<p>Mas, calma, que nem todo empregado tem controle de jornada. \u00c9 o caso dos trabalhadores externos, cuja jornada de trabalho seja incompat\u00edvel com o registro; gerentes em cargos de gest\u00e3o (confian\u00e7a) e que recebam gratifica\u00e7\u00e3o igual ou maior a 40% do sal\u00e1rio e os teletrabalhadores que prestam servi\u00e7o por produ\u00e7\u00e3o ou tarefa (art. 62, CLT).<\/p>\n\n\n\n<p>\u00c9 importante ressaltar que, independente do tempo de servi\u00e7o na gest\u00e3o, se o gerente volta para a fun\u00e7\u00e3o anterior e deixa o cargo de confian\u00e7a, a gratifica\u00e7\u00e3o de 40% ser\u00e1 suprimida.<\/p>\n\n\n\n<h2 class=\"wp-block-heading\" id=\"h-aplicacao-no-exame-da-oab\" style=\"font-style:normal;font-weight:400\"><span id=\"aplicacao-no-exame-da-oab\"><strong><mark style=\"background-color:rgba(0, 0, 0, 0)\" class=\"has-inline-color has-vivid-red-color\">Aplica\u00e7\u00e3o no Exame da OAB<\/mark><\/strong><\/span><\/h2>\n\n\n\n<p>Veja como esse assunto pode cair na sua prova:<\/p>\n\n\n\n<div class=\"wp-block-group\"><div class=\"wp-block-group__inner-container is-layout-constrained wp-block-group-is-layout-constrained\">\n<div class=\"wp-block-group has-background\" style=\"background-color:#cf2d2d12\"><div class=\"wp-block-group__inner-container is-layout-constrained wp-block-group-is-layout-constrained\">\n<p><strong>(Exame XXXIX) <\/strong>Em determinada sociedade empres\u00e1ria trabalham as seguintes pessoas: Jos\u00e9, teletrabalhador, recebe sal\u00e1rio por produ\u00e7\u00e3o; Vanilda trabalha externamente sem que o empregador consiga controlar o seu hor\u00e1rio, situa\u00e7\u00e3o que foi anotada em sua CTPS e na ficha de registro de empregados; Regina, gerente, comanda um grupo de 45 pessoas, \u00e9 dispensada da marca\u00e7\u00e3o de ponto e recebe sal\u00e1rio de R$ 8.000,00 acrescido de gratifica\u00e7\u00e3o de fun\u00e7\u00e3o de R$ 4.000,00<em>.<\/em><\/p>\n\n\n\n<p>Assinale a correta:<\/p>\n\n\n\n<p>a) Somente Jos\u00e9 ter\u00e1 direito a horas extras, caso ultrapasse a jornada constitucional.<\/p>\n\n\n\n<p>b) Nenhum dos empregados indicados no enunciado ter\u00e1 direito a horas extras.<\/p>\n\n\n\n<p>c) Vanilda e Regina ter\u00e3o direito a horas extras, caso ultrapassem a jornada constitucional<em>.<\/em><\/p>\n\n\n\n<p>d) Jos\u00e9 e Regina ter\u00e3o direito a horas extras, caso ultrapassem a jornada constitucional.<\/p>\n<\/div><\/div>\n<\/div><\/div>\n\n\n\n<div class=\"wp-block-group is-style-cnvs-block-bordered\"><div class=\"wp-block-group__inner-container is-layout-constrained wp-block-group-is-layout-constrained\">\n<p><mark style=\"background-color:rgba(0, 0, 0, 0)\" class=\"has-inline-color has-vivid-red-color\"><strong>Resposta:<\/strong><\/mark> A <strong>correta \u00e9 a letra B<\/strong>, pois nenhum dos empregados ter\u00e1 direito a horas extras, j\u00e1 que Jos\u00e9 \u00e9 teletrabalhador (art. 62, III, CLT).<br>Al\u00e9m disso, Vanilda \u00e9 empregada externa (art. 62, I, CLT) e Regina \u00e9 gerente (art. 62, II, CLT).<\/p>\n<\/div><\/div>\n\n\n\n<h2 class=\"wp-block-heading\" id=\"h-compensacao-de-jornada-e-banco-de-horas\" style=\"font-style:normal;font-weight:400\"><span id=\"compensacao-de-jornada-e-banco-de-horas\"><strong><mark style=\"background-color:rgba(0, 0, 0, 0)\" class=\"has-inline-color has-vivid-red-color\">Compensa\u00e7\u00e3o de Jornada e Banco de Horas<\/mark><\/strong><\/span><\/h2>\n\n\n\n<p>A <strong>compensa\u00e7\u00e3o de jornada<\/strong> (arts. 7\u00ba, XIII, CF e 59, \u00a7 6\u00ba, CLT) permite que as horas extras sejam compensadas em folga, ao inv\u00e9s de serem quitadas em valores.<\/p>\n\n\n\n<div class=\"wp-block-group is-style-cnvs-block-bg-light\"><div class=\"wp-block-group__inner-container is-layout-constrained wp-block-group-is-layout-constrained\">\n<p>Entretanto, para que seja v\u00e1lido, dever\u00e1 ter:<\/p>\n\n\n\n<ul class=\"wp-block-list is-style-cnvs-list-styled-positive\">\n<li>Acordo individual, t\u00e1cito ou escrito, de compensa\u00e7\u00e3o de horas;<\/li>\n\n\n\n<li>O limite de jornada di\u00e1ria de 02 horas extras;<\/li>\n\n\n\n<li>A compensa\u00e7\u00e3o no mesmo m\u00eas da realiza\u00e7\u00e3o do servi\u00e7o extraordin\u00e1rio.<\/li>\n<\/ul>\n<\/div><\/div>\n\n\n\n<div class=\"wp-block-media-text is-stacked-on-mobile\" style=\"grid-template-columns:34% auto\"><figure class=\"wp-block-media-text__media\"><img decoding=\"async\" width=\"1024\" height=\"1024\" src=\"https:\/\/oab.estrategia.com\/portal\/wp-content\/uploads\/2024\/09\/11170214\/Design-sem-nome-1-1-1024x1024.png\" alt=\"\" class=\"wp-image-12971 size-full\" srcset=\"https:\/\/oab.estrategia.com\/portal\/wp-content\/uploads\/2024\/09\/11170214\/Design-sem-nome-1-1-1024x1024.png 1024w, https:\/\/oab.estrategia.com\/portal\/wp-content\/uploads\/2024\/09\/11170214\/Design-sem-nome-1-1-300x300.png 300w, https:\/\/oab.estrategia.com\/portal\/wp-content\/uploads\/2024\/09\/11170214\/Design-sem-nome-1-1-150x150.png 150w, https:\/\/oab.estrategia.com\/portal\/wp-content\/uploads\/2024\/09\/11170214\/Design-sem-nome-1-1-768x768.png 768w, https:\/\/oab.estrategia.com\/portal\/wp-content\/uploads\/2024\/09\/11170214\/Design-sem-nome-1-1-80x80.png 80w, https:\/\/oab.estrategia.com\/portal\/wp-content\/uploads\/2024\/09\/11170214\/Design-sem-nome-1-1-380x380.png 380w, https:\/\/oab.estrategia.com\/portal\/wp-content\/uploads\/2024\/09\/11170214\/Design-sem-nome-1-1-800x800.png 800w, https:\/\/oab.estrategia.com\/portal\/wp-content\/uploads\/2024\/09\/11170214\/Design-sem-nome-1-1-24x24.png 24w, https:\/\/oab.estrategia.com\/portal\/wp-content\/uploads\/2024\/09\/11170214\/Design-sem-nome-1-1-48x48.png 48w, https:\/\/oab.estrategia.com\/portal\/wp-content\/uploads\/2024\/09\/11170214\/Design-sem-nome-1-1-96x96.png 96w, https:\/\/oab.estrategia.com\/portal\/wp-content\/uploads\/2024\/09\/11170214\/Design-sem-nome-1-1.png 1080w\" sizes=\"(max-width: 1024px) 100vw, 1024px\" \/><\/figure><div class=\"wp-block-media-text__content\">\n<p>Ressalta-se que na presta\u00e7\u00e3o de horas extras habituais, o acordo de compensa\u00e7\u00e3o e o banco de horas n\u00e3o s\u00e3o descaracterizados.<\/p>\n\n\n\n<p>Com rela\u00e7\u00e3o ao <strong>Banco de Horas<\/strong> (art. 59, \u00a7\u00a7 2\u00ba e 5\u00ba, CLT), o ajuste acontece por norma coletiva, devendo a compensa\u00e7\u00e3o acontecer em at\u00e9 01 ano, sob pena de pagamento das horas extras n\u00e3o compensadas, calculadas sobre a remunera\u00e7\u00e3o da data do pagamento\/ rescis\u00e3o.<\/p>\n\n\n\n<p>A empresa fica isenta de ajustar por norma coletiva se entabular acordo individual de prorroga\u00e7\u00e3o, desde que a compensa\u00e7\u00e3o ocorra at\u00e9 06 meses e respeite o limite de 02 horas por dia.<\/p>\n<\/div><\/div>\n\n\n\n<h2 class=\"wp-block-heading\" id=\"h-intervalos\" style=\"font-style:normal;font-weight:400\"><span id=\"intervalos\"><strong><mark style=\"background-color:rgba(0, 0, 0, 0)\" class=\"has-inline-color has-vivid-red-color\">Intervalos<\/mark><\/strong><\/span><\/h2>\n\n\n\n<p>As pausas nas atividades, dentro da jornada, s\u00e3o chamadas de \u201cintrajornada\u201d, que podem ou n\u00e3o ser remuneradas, e quando s\u00e3o entre as jornadas, denomina-se \u201cinterjornada\u201d.<\/p>\n\n\n\n<p>O <strong>intervalo intrajornada<\/strong> para repouso e alimenta\u00e7\u00e3o n\u00e3o \u00e9 remunerado, tem natureza indenizat\u00f3ria e n\u00e3o \u00e9 computado na dura\u00e7\u00e3o do trabalho (art. 71, CLT).<\/p>\n\n\n\n<p>Para facilitar o entendimento, memorize o quadro abaixo:<\/p>\n\n\n\n<figure class=\"wp-block-table\"><table><tbody><tr><td><strong>Dura\u00e7\u00e3o da Jornada<\/strong><\/td><td><strong>Dura\u00e7\u00e3o do intervalo<\/strong><\/td><\/tr><tr><td>De 4 horas ou menos<\/td><td>N\u00e3o h\u00e1<\/td><\/tr><tr><td>De 4 horas at\u00e9 6 horas<\/td><td>15 minutos<\/td><\/tr><tr><td>Com mais de 6 horas<\/td><td>M\u00ednimo de 1h e m\u00e1ximo de 2h<\/td><\/tr><\/tbody><\/table><\/figure>\n\n\n\n<h2 class=\"wp-block-heading\" id=\"h-excecoes-e-reducoes-de-intervalos\" style=\"font-style:normal;font-weight:400\"><span id=\"excecoes-e-reducoes-de-intervalos\"><mark style=\"background-color:rgba(0, 0, 0, 0)\" class=\"has-inline-color has-vivid-red-color\"><strong>Exce\u00e7\u00f5es e Redu\u00e7\u00f5es de Intervalos<\/strong><\/mark><\/span><\/h2>\n\n\n\n<div class=\"wp-block-group is-style-cnvs-block-bg-light\"><div class=\"wp-block-group__inner-container is-layout-constrained wp-block-group-is-layout-constrained\">\n<p class=\"has-text-align-center has-medium-font-size\"><mark style=\"background-color:rgba(0, 0, 0, 0)\" class=\"has-inline-color has-vivid-red-color\">Aten\u00e7\u00e3o!<\/mark> <\/p>\n\n\n\n<p>O limite m\u00ednimo de 01 hora pode ser reduzido:<\/p>\n\n\n\n<ul class=\"wp-block-list is-style-cnvs-list-styled-positive\">\n<li>Por autoriza\u00e7\u00e3o do Minist\u00e9rio do Trabalho;<\/li>\n\n\n\n<li>Quando o estabelecimento atender integralmente \u00e0s exig\u00eancias de organiza\u00e7\u00e3o dos refeit\u00f3rios;<\/li>\n\n\n\n<li>Se os empregados n\u00e3o estiverem laborando em horas extras.<\/li>\n<\/ul>\n<\/div><\/div>\n\n\n\n<p>Al\u00e9m disso, tamb\u00e9m pode ser reduzido por norma coletiva, respeitado o m\u00ednimo de 30 minutos para as jornadas superiores a 06 horas (art. 611-A, CLT).<\/p>\n\n\n\n<p>Contudo, suprimido este intervalo, seja total ou parcial, acarretar\u00e1 o pagamento do per\u00edodo suprimido pelo empregador, acrescido de 50% sobre o valor da hora normal.<\/p>\n\n\n\n<p>Por fim, <strong>poder\u00e1 reduzir ou fracionar o intervalo entre o fim da primeira hora trabalhada e o in\u00edcio da \u00faltima, mediante previs\u00e3o em norma coletiva, nos servi\u00e7os de motoristas, cobradores, de fiscaliza\u00e7\u00e3o de campos do setor de transporte coletivo de passageiros<\/strong>, mantida a remunera\u00e7\u00e3o e concedidos intervalos menores ao final de cada viagem (art. 71, \u00a75\u00ba, CLT).<\/p>\n\n\n\n<h4 class=\"wp-block-heading\" id=\"h-nao-esqueca-do-intervalo-intrajornada-remunerado\" style=\"font-size:17px;font-style:normal;font-weight:100\"><span id=\"nao-esqueca-do-intervalo-intrajornada-remunerado\"><mark style=\"background-color:rgba(0, 0, 0, 0)\" class=\"has-inline-color has-vivid-red-color\"><strong>N\u00e3o esque\u00e7a do intervalo intrajornada remunerado!<\/strong><\/mark><\/span><\/h4>\n\n\n\n<p>Ele ocorre dentro da jornada, \u00e9 computado como dura\u00e7\u00e3o de trabalho e n\u00e3o \u00e9 acrescentado ao final da jornada, nos seguintes casos:<\/p>\n\n\n\n<div class=\"wp-block-group is-style-cnvs-block-bg-light\"><div class=\"wp-block-group__inner-container is-layout-constrained wp-block-group-is-layout-constrained\">\n<ul class=\"wp-block-list is-style-cnvs-list-styled-positive\">\n<li>Servi\u00e7os permanentes de datil\u00f3grafos, escritur\u00e1rios, calculistas e digitadores (art. 72, CLT e S\u00famula 346, TST): 10 minutos a cada 90 minutos trabalhados;<\/li>\n\n\n\n<li>Atividades dentro de c\u00e2maras frias ou os deslocamentos de mercadorias de locais quentes ou normal para os frios: 20 minutos a cada per\u00edodo de 01 hora e 40 minutos trabalhados (art. 253, CLT);<\/li>\n\n\n\n<li>Interior de minas: a cada 03 horas consecutivas de labor ter\u00e1 repouso de 15 minutos (art. 298, CLT);<\/li>\n\n\n\n<li>Amamenta\u00e7\u00e3o at\u00e9 os 6 meses da crian\u00e7a: 02 descansos de 30 minutos cada (art. 396, CLT);<\/li>\n\n\n\n<li>Concess\u00e3o pelo empregador de intervalos que n\u00e3o tenham previs\u00e3o em lei (S\u00famula 118, TST).<\/li>\n<\/ul>\n<\/div><\/div>\n\n\n\n<p>&nbsp;J\u00e1 o <strong>Intervalo Interjornada<\/strong> assegura ao empregado o descanso, de no m\u00ednimo 11 horas consecutivas, entre o fim de uma jornada e o in\u00edcio da outra (art. 66, CLT).&nbsp;<\/p>\n\n\n\n<p>Por\u00e9m, h\u00e1 exce\u00e7\u00f5es para os cargos de:&nbsp;<\/p>\n\n\n\n<div class=\"wp-block-group is-style-cnvs-block-bg-light\"><div class=\"wp-block-group__inner-container is-layout-constrained wp-block-group-is-layout-constrained\">\n<ul class=\"wp-block-list is-style-cnvs-list-styled-negative\">\n<li>Jornalistas (art. 308, CLT): M\u00ednimo de 10 horas.<\/li>\n<\/ul>\n\n\n\n<ul class=\"wp-block-list is-style-cnvs-list-styled-negative\">\n<li>Operadores cinematogr\u00e1ficos (art. 235, \u00a72\u00ba, CLT): M\u00ednimo de 12 horas.<\/li>\n<\/ul>\n<\/div><\/div>\n\n\n\n<h2 class=\"wp-block-heading\" id=\"h-descanso-semanal-remunerado\" style=\"font-style:normal;font-weight:400\"><span id=\"descanso-semanal-remunerado\"><strong><mark style=\"background-color:rgba(0, 0, 0, 0)\" class=\"has-inline-color has-vivid-red-color\">Descanso semanal remunerado<\/mark><\/strong><\/span><\/h2>\n\n\n\n<p>A empresa tamb\u00e9m deve <strong>respeitar o descanso ou repouso semanal remunerado (RSR) de 24 horas seguidas, uma vez por semana, <mark style=\"background-color:rgba(0, 0, 0, 0)\" class=\"has-inline-color has-vivid-red-color\">preferencialmente aos domingos.<\/mark><\/strong><\/p>\n\n\n\n<p>Ademais, para haver labor aos domingos e feriados, deve haver autoriza\u00e7\u00e3o pr\u00e9via do Minist\u00e9rio do Trabalho e, tendo o trabalhador atividades nos domingos e feriados, a empresa poder\u00e1 escolher outro dia para compensar e, caso n\u00e3o sejam compensados, devem ser quitados em dobro, sem preju\u00edzo da remunera\u00e7\u00e3o devida pelo RSR (S\u00famula 146, TST).<\/p>\n\n\n\n<p>Por fim, caso haja habitualidade de presta\u00e7\u00e3o de horas extras, dever\u00e3o ser integradas ao RSR (S\u00famula 172, TST).<\/p>\n\n\n\n<h2 class=\"wp-block-heading\" id=\"h-aplicacao-no-exame-da-oab-0\" style=\"font-style:normal;font-weight:400\"><span id=\"aplicacao-no-exame-da-oab-2\"><strong><mark style=\"background-color:rgba(0, 0, 0, 0)\" class=\"has-inline-color has-vivid-red-color\">Aplica\u00e7\u00e3o no Exame da OAB<\/mark><\/strong><\/span><\/h2>\n\n\n\n<p><strong>Veja esta quest\u00e3o:<\/strong><\/p>\n\n\n\n<div class=\"wp-block-group has-background\" style=\"background-color:#cf2d2d12\"><div class=\"wp-block-group__inner-container is-layout-constrained wp-block-group-is-layout-constrained\">\n<p><strong>(Exame IX)<\/strong> Maria foi contratada pela empresa Bolos S.A. para exercer a fun\u00e7\u00e3o de copeira, cumprindo jornada de trabalho de segunda \u00e0 sexta-feira das 13h \u00e0s 17h, sem intervalo alimentar. Decorridos 2 anos do in\u00edcio do pacto contratual, foi a empregada dispensada, recebendo as parcelas da ruptura. Contudo, inconformada porque jamais lhe foi permitido usufruir de intervalo para descanso e alimenta\u00e7\u00e3o, Maria aju\u00edza reclama\u00e7\u00e3o trabalhista postulando o pagamento do per\u00edodo correspondente ao intervalo alimentar n\u00e3o concedido.<\/p>\n\n\n\n<p>Assinale a correta:<\/p>\n\n\n\n<p>a) A ex-empregada faz jus ao pagamento de uma hora extra di\u00e1ria, haja vista a supress\u00e3o do intervalo intrajornada, conforme Art. 71, \u00a7 4\u00ba, CLT.<\/p>\n\n\n\n<p>b) A ex-empregada faz jus ao pagamento de apenas 15 minutos di\u00e1rios a t\u00edtulo de horas extras, haja vista a supress\u00e3o do intervalo intrajornada, conforme Art. 71, \u00a74\u00ba, CLT.<\/p>\n\n\n\n<p>c) A ex-empregada n\u00e3o faz jus ao pagamento de horas extras, porquanto diante da carga hor\u00e1ria cumprida, n\u00e3o lhe era assegurada a frui\u00e7\u00e3o de intervalo intrajornada.<\/p>\n\n\n\n<p>d) A ex-empregada faz jus ao pagamento de indeniza\u00e7\u00e3o correspondente ao valor de uma hora extra di\u00e1ria, haja vista a supress\u00e3o do intervalo intrajornada.<\/p>\n\n\n\n<ol class=\"wp-block-list\"><\/ol>\n<\/div><\/div>\n\n\n\n<div class=\"wp-block-group is-style-cnvs-block-bordered\"><div class=\"wp-block-group__inner-container is-layout-constrained wp-block-group-is-layout-constrained\">\n<p><strong><mark style=\"background-color:rgba(0, 0, 0, 0)\" class=\"has-inline-color has-vivid-red-color\">Resposta:<\/mark><\/strong> A correta \u00e9 a<strong> alternativa C<\/strong>, pois Maria possu\u00eda jornada de trabalho de 04 horas di\u00e1rias, n\u00e3o sendo devido o intervalo intrajornada tampouco o pagamento de horas extras.&nbsp;<\/p>\n<\/div><\/div>\n\n\n\n<h2 class=\"wp-block-heading\" id=\"h-conclusao\" style=\"font-style:normal;font-weight:400\"><span id=\"conclusao\"><strong><mark style=\"background-color:rgba(0, 0, 0, 0)\" class=\"has-inline-color has-vivid-red-color\">Conclus\u00e3o<\/mark><\/strong><\/span><\/h2>\n\n\n\n<p>Vimos que estes s\u00e3o temas de extrema relev\u00e2ncia nos Exames da OAB e, ao fixar os limites da jornada de trabalho de at\u00e9 08 horas di\u00e1rias e 44 horas semanais, o legislador tamb\u00e9m se preocupou com a prorroga\u00e7\u00e3o e a respectiva quita\u00e7\u00e3o de adicional de, no m\u00ednimo, 50% sobre a hora normal.<\/p>\n\n\n\n<p>Apesar disso, houve flexibiliza\u00e7\u00e3o para permitir a compensa\u00e7\u00e3o ou a ado\u00e7\u00e3o do banco de horas, com o intuito de acumular horas extras para posterior compensa\u00e7\u00e3o em folgas.<\/p>\n\n\n\n<p>Por fim, quanto aos intervalos, salienta-se o dever de pagar adicional de 50% apenas pelo tempo suprimido do intervalo intrajornada, assim como o descanso entre o t\u00e9rmino de uma jornada do empregado e o in\u00edcio da outra de, no m\u00ednimo, 11 horas seguidas do intervalo interjornada.<\/p>\n\n\n\n<p><strong><em>Professora Stella Muniz<\/em><\/strong><\/p>\n\n\n\n<div class=\"wp-block-group is-style-cnvs-block-single-border\"><div class=\"wp-block-group__inner-container is-layout-constrained wp-block-group-is-layout-constrained\">\n<p><strong>Refer\u00eancias:<\/strong><\/p>\n\n\n\n<ul class=\"wp-block-list is-style-cnvs-list-styled\">\n<li>Constitui\u00e7\u00e3o Federal.<\/li>\n\n\n\n<li>Consolida\u00e7\u00e3o das Leis Trabalhistas.<\/li>\n\n\n\n<li>S\u00famulas do Tribunal Superior do Trabalho.<\/li>\n<\/ul>\n<\/div><\/div>\n\n\n\n<h2 class=\"wp-block-heading\" id=\"prova-oab-materiais-gratuitos\">Prova OAB: materiais gratuitos<\/h2>\n\n\n\n<p>A Equipe de mestres do Estrat\u00e9gia OAB separou diversos E-books Gratuitos para aprimorar ainda mais as suas habilidades na resolu\u00e7\u00e3o de quest\u00f5es do Exame de Ordem. Voc\u00ea pode conferir em:<\/p>\n\n\n\n<p class=\"has-text-align-center has-background\" style=\"background-color:#f78da84a\"><a href=\"https:\/\/oab.estrategia.com\/portal\/e-books-para-a-oab-materiais-gratuitos\/\" target=\"_blank\" >E-books para OAB<\/a><\/p>\n\n\n\n<div class=\"wp-block-cover\" style=\"min-height:147px;aspect-ratio:unset;\"><img decoding=\"async\" width=\"1024\" height=\"190\" class=\"wp-block-cover__image-background wp-image-963\" alt=\"1\u00aa fase do exame de ordem oab curso\" src=\"https:\/\/oab.estrategia.com\/portal\/wp-content\/uploads\/2022\/06\/20153604\/assinatura-curso-oab-primeira-fase-1024x190.jpg\" style=\"object-position:58% 29%\" data-object-fit=\"cover\" data-object-position=\"58% 29%\" srcset=\"https:\/\/oab.estrategia.com\/portal\/wp-content\/uploads\/2022\/06\/20153604\/assinatura-curso-oab-primeira-fase-1024x190.jpg 1024w, https:\/\/oab.estrategia.com\/portal\/wp-content\/uploads\/2022\/06\/20153604\/assinatura-curso-oab-primeira-fase-300x56.jpg 300w, https:\/\/oab.estrategia.com\/portal\/wp-content\/uploads\/2022\/06\/20153604\/assinatura-curso-oab-primeira-fase-768x143.jpg 768w, https:\/\/oab.estrategia.com\/portal\/wp-content\/uploads\/2022\/06\/20153604\/assinatura-curso-oab-primeira-fase-1536x285.jpg 1536w, https:\/\/oab.estrategia.com\/portal\/wp-content\/uploads\/2022\/06\/20153604\/assinatura-curso-oab-primeira-fase-380x71.jpg 380w, https:\/\/oab.estrategia.com\/portal\/wp-content\/uploads\/2022\/06\/20153604\/assinatura-curso-oab-primeira-fase-800x149.jpg 800w, https:\/\/oab.estrategia.com\/portal\/wp-content\/uploads\/2022\/06\/20153604\/assinatura-curso-oab-primeira-fase-1160x215.jpg 1160w, https:\/\/oab.estrategia.com\/portal\/wp-content\/uploads\/2022\/06\/20153604\/assinatura-curso-oab-primeira-fase.jpg 1890w\" sizes=\"(max-width: 1024px) 100vw, 1024px\" \/><span aria-hidden=\"true\" class=\"wp-block-cover__background has-background-dim\"><\/span><div class=\"wp-block-cover__inner-container is-layout-flow wp-block-cover-is-layout-flow\">\n<h3 id=\"curso-para-a-1a-fase-da-oab\" class=\"titulo-assinatura\">Curso para a 1\u00aa Fase da OAB<\/h3>\n<p class=\"subtitulo-assinatura\" style=\"display:block!important; line-height: 0;\">Conhe\u00e7a os cursos!<\/p>\n<a target=\"_blank\" href=\"https:\/\/oab.estrategia.com\/concurso\/primeira-fase-46-exame\" rel=\"noopener\"><button style=\"border-radius: 10px; text-transform: capitalize;\">Acessar<\/button><\/a>\n<\/div><\/div>\n\n\n\n<div class=\"wp-block-group\"><div class=\"wp-block-group__inner-container is-layout-constrained wp-block-group-is-layout-constrained\">\n<div class=\"wp-block-cover\" style=\"min-height:84px;aspect-ratio:unset;\"><img decoding=\"async\" width=\"1160\" height=\"215\" class=\"wp-block-cover__image-background wp-image-15434\" alt=\"\" src=\"https:\/\/oab.estrategia.com\/portal\/wp-content\/uploads\/2025\/01\/31012626\/Banner-curso-de-ingles-no-seu-ritmo-vermelho-e-azul-moderno-1160-x-215-px.png\" style=\"object-position:100% 28%\" data-object-fit=\"cover\" data-object-position=\"100% 28%\" srcset=\"https:\/\/oab.estrategia.com\/portal\/wp-content\/uploads\/2025\/01\/31012626\/Banner-curso-de-ingles-no-seu-ritmo-vermelho-e-azul-moderno-1160-x-215-px.png 1160w, https:\/\/oab.estrategia.com\/portal\/wp-content\/uploads\/2025\/01\/31012626\/Banner-curso-de-ingles-no-seu-ritmo-vermelho-e-azul-moderno-1160-x-215-px-300x56.png 300w, https:\/\/oab.estrategia.com\/portal\/wp-content\/uploads\/2025\/01\/31012626\/Banner-curso-de-ingles-no-seu-ritmo-vermelho-e-azul-moderno-1160-x-215-px-1024x190.png 1024w, https:\/\/oab.estrategia.com\/portal\/wp-content\/uploads\/2025\/01\/31012626\/Banner-curso-de-ingles-no-seu-ritmo-vermelho-e-azul-moderno-1160-x-215-px-768x142.png 768w, https:\/\/oab.estrategia.com\/portal\/wp-content\/uploads\/2025\/01\/31012626\/Banner-curso-de-ingles-no-seu-ritmo-vermelho-e-azul-moderno-1160-x-215-px-380x70.png 380w, https:\/\/oab.estrategia.com\/portal\/wp-content\/uploads\/2025\/01\/31012626\/Banner-curso-de-ingles-no-seu-ritmo-vermelho-e-azul-moderno-1160-x-215-px-800x148.png 800w, https:\/\/oab.estrategia.com\/portal\/wp-content\/uploads\/2025\/01\/31012626\/Banner-curso-de-ingles-no-seu-ritmo-vermelho-e-azul-moderno-1160-x-215-px-150x28.png 150w\" sizes=\"(max-width: 1160px) 100vw, 1160px\" \/><span aria-hidden=\"true\" class=\"wp-block-cover__background has-background-dim\"><\/span><div class=\"wp-block-cover__inner-container is-layout-flow wp-block-cover-is-layout-flow\">\n<h3 id=\"cursos-para-a-2a-fase-da-oab\" class=\"titulo-assinatura\">Cursos para a 2\u00aa Fase da OAB<\/h3>\n<p class=\"subtitulo-assinatura\" style=\"display:block!important; line-height: 0;\">Conhe\u00e7a os cursos!<\/p>\n<a target=\"_blank\" href=\"https:\/\/oab.estrategia.com\/concursos\/cursos\/segunda-fase-oab\" rel=\"noopener\"><button style=\"border-radius: 10px; text-transform: capitalize;\">Acessar<\/button><\/a>\n<\/div><\/div>\n<\/div><\/div>\n\n\n\n<p class=\"has-text-align-center\"><strong>Nossas redes sociais<\/strong><\/p>\n\n\n\n<p class=\"has-text-align-center has-black-color has-pale-cyan-blue-background-color has-text-color has-background has-link-color has-medium-font-size wp-elements-2e026229bd2a7a653331e3adc6aabef4\"><a href=\"https:\/\/www.instagram.com\/estrategiaoab\/\" target=\"_blank\" >Instagram Estrat\u00e9gia OAB<\/a><\/p>\n\n\n\n<p class=\"has-text-align-center has-black-color has-light-green-cyan-background-color has-text-color has-background has-link-color has-medium-font-size wp-elements-d67442bbf0473a4dcae02563d61287f5\"><a href=\"https:\/\/www.youtube.com\/channel\/UC7rgrKTSF5aOrBGWOw60ovw\" target=\"_blank\" >YouTube Estrat\u00e9gia OAB<\/a><\/p>\n\n\n\n<p class=\"has-text-align-center has-black-color has-cyan-bluish-gray-background-color has-text-color has-background has-link-color has-medium-font-size wp-elements-f50e1bcb02706c1bac577839f0ead64d\"><a href=\"http:\/\/bit.ly\/TelegramOAB\" target=\"_blank\" >Inscreva-se no Telegram<\/a><\/p>\n\n\n\n<p><\/p>\n","protected":false},"excerpt":{"rendered":"Saiba os principais pontos sobre jornada de trabalho que podem cair na sua prova da OAB, incluindo direitos,&hellip;\n","protected":false},"author":107,"featured_media":12961,"comment_status":"open","ping_status":"open","sticky":false,"template":"","format":"standard","meta":{"_jetpack_memberships_contains_paid_content":false,"footnotes":""},"categories":[1],"tags":[125,126,121,118,58,59,120,122,123,119],"class_list":{"0":"post-12940","1":"post","2":"type-post","3":"status-publish","4":"format-standard","5":"has-post-thumbnail","7":"category-carreira","8":"tag-banco-de-horas","9":"tag-clt","10":"tag-descanso-semanal-remunerado","11":"tag-direito-do-trabalho","12":"tag-exame-da-ordem","13":"tag-exame-da-ordem-dos-advogados-do-brasil","14":"tag-horas-extras","15":"tag-intervalo-interjornada","16":"tag-intervalo-intrajornada","17":"tag-jornada-de-trabalho"},"acf":[],"yoast_head":"<!-- This site is optimized with the Yoast SEO Premium plugin v26.2 (Yoast SEO v27.4) - https:\/\/yoast.com\/product\/yoast-seo-premium-wordpress\/ -->\n<title>Jornada de Trabalho - Principais Pontos para a prova da OAB<\/title>\n<meta name=\"description\" content=\"&quot;Saiba os principais pontos sobre jornada de trabalho que podem cair na sua prova da OAB, incluindo direitos, limites e exce\u00e7\u00f5es legais.\" \/>\n<meta name=\"robots\" content=\"index, follow, max-snippet:-1, max-image-preview:large, max-video-preview:-1\" \/>\n<link rel=\"canonical\" href=\"https:\/\/oab.estrategia.com\/portal\/jornada-trabalho-prova-oab\/\" \/>\n<meta property=\"og:locale\" content=\"pt_BR\" \/>\n<meta property=\"og:type\" content=\"article\" \/>\n<meta property=\"og:title\" content=\"Principais Pontos sobre Jornada de Trabalho para a sua prova da OAB\" \/>\n<meta property=\"og:description\" content=\"&quot;Saiba os principais pontos sobre jornada de trabalho que podem cair na sua prova da OAB, incluindo direitos, limites e exce\u00e7\u00f5es legais.\" \/>\n<meta property=\"og:url\" content=\"https:\/\/oab.estrategia.com\/portal\/jornada-trabalho-prova-oab\/\" \/>\n<meta property=\"og:site_name\" content=\"Blog - OAB - Estrat\u00e9gia\" \/>\n<meta property=\"article:publisher\" content=\"https:\/\/www.facebook.com\/estrategiaoab\/\" \/>\n<meta property=\"article:published_time\" content=\"2024-09-11T20:27:10+00:00\" \/>\n<meta property=\"article:modified_time\" content=\"2025-04-28T12:14:07+00:00\" \/>\n<meta property=\"og:image\" content=\"https:\/\/oab.estrategia.com\/portal\/wp-content\/uploads\/2024\/09\/11163538\/DALL%C2%B7E-2024-09-11-16.01.38-A-banner-style-vector-illustration-depicting-the-concept-of-work-hours.-The-image-shows-several-businesspeople-running-with-briefcases-in-their-hand.webp\" \/>\n\t<meta property=\"og:image:width\" content=\"1792\" \/>\n\t<meta property=\"og:image:height\" content=\"1024\" \/>\n\t<meta property=\"og:image:type\" content=\"image\/webp\" \/>\n<meta name=\"author\" content=\"Stella Muniz Campos Elias\" \/>\n<meta name=\"twitter:card\" content=\"summary_large_image\" \/>\n<meta name=\"twitter:creator\" content=\"@estrategiaoab\" \/>\n<meta name=\"twitter:site\" content=\"@estrategiaoab\" \/>\n<meta name=\"twitter:label1\" content=\"Escrito por\" \/>\n\t<meta name=\"twitter:data1\" content=\"Stella Muniz Campos Elias\" \/>\n\t<meta name=\"twitter:label2\" content=\"Est. tempo de leitura\" \/>\n\t<meta name=\"twitter:data2\" content=\"10 minutos\" \/>\n<script type=\"application\/ld+json\" class=\"yoast-schema-graph\">{\"@context\":\"https:\\\/\\\/schema.org\",\"@graph\":[{\"@type\":\"Article\",\"@id\":\"https:\\\/\\\/oab.estrategia.com\\\/portal\\\/jornada-trabalho-prova-oab\\\/#article\",\"isPartOf\":{\"@id\":\"https:\\\/\\\/oab.estrategia.com\\\/portal\\\/jornada-trabalho-prova-oab\\\/\"},\"author\":{\"name\":\"Stella Muniz Campos Elias\",\"@id\":\"https:\\\/\\\/oab.estrategia.com\\\/portal\\\/#\\\/schema\\\/person\\\/9be7e8e2eac32637a6fa93c371adb318\"},\"headline\":\"Principais Pontos sobre Jornada de Trabalho para a sua prova da OAB\",\"datePublished\":\"2024-09-11T20:27:10+00:00\",\"dateModified\":\"2025-04-28T12:14:07+00:00\",\"mainEntityOfPage\":{\"@id\":\"https:\\\/\\\/oab.estrategia.com\\\/portal\\\/jornada-trabalho-prova-oab\\\/\"},\"wordCount\":1690,\"commentCount\":0,\"publisher\":{\"@id\":\"https:\\\/\\\/oab.estrategia.com\\\/portal\\\/#organization\"},\"image\":{\"@id\":\"https:\\\/\\\/oab.estrategia.com\\\/portal\\\/jornada-trabalho-prova-oab\\\/#primaryimage\"},\"thumbnailUrl\":\"https:\\\/\\\/oab.estrategia.com\\\/portal\\\/wp-content\\\/uploads\\\/2024\\\/09\\\/11163538\\\/DALL%C2%B7E-2024-09-11-16.01.38-A-banner-style-vector-illustration-depicting-the-concept-of-work-hours.-The-image-shows-several-businesspeople-running-with-briefcases-in-their-hand.webp\",\"keywords\":[\"Banco de Horas\",\"CLT\",\"Descanso Semanal Remunerado\",\"Direito do Trabalho\",\"Exame da Ordem\",\"Exame da Ordem dos Advogados do Brasil\",\"Horas Extras\",\"Intervalo Interjornada\",\"Intervalo Intrajornada\",\"Jornada de Trabalho\"],\"articleSection\":[\"Carreira\"],\"inLanguage\":\"pt-BR\",\"potentialAction\":[{\"@type\":\"CommentAction\",\"name\":\"Comment\",\"target\":[\"https:\\\/\\\/oab.estrategia.com\\\/portal\\\/jornada-trabalho-prova-oab\\\/#respond\"]}]},{\"@type\":\"WebPage\",\"@id\":\"https:\\\/\\\/oab.estrategia.com\\\/portal\\\/jornada-trabalho-prova-oab\\\/\",\"url\":\"https:\\\/\\\/oab.estrategia.com\\\/portal\\\/jornada-trabalho-prova-oab\\\/\",\"name\":\"Jornada de Trabalho - Principais Pontos para a prova da OAB\",\"isPartOf\":{\"@id\":\"https:\\\/\\\/oab.estrategia.com\\\/portal\\\/#website\"},\"primaryImageOfPage\":{\"@id\":\"https:\\\/\\\/oab.estrategia.com\\\/portal\\\/jornada-trabalho-prova-oab\\\/#primaryimage\"},\"image\":{\"@id\":\"https:\\\/\\\/oab.estrategia.com\\\/portal\\\/jornada-trabalho-prova-oab\\\/#primaryimage\"},\"thumbnailUrl\":\"https:\\\/\\\/oab.estrategia.com\\\/portal\\\/wp-content\\\/uploads\\\/2024\\\/09\\\/11163538\\\/DALL%C2%B7E-2024-09-11-16.01.38-A-banner-style-vector-illustration-depicting-the-concept-of-work-hours.-The-image-shows-several-businesspeople-running-with-briefcases-in-their-hand.webp\",\"datePublished\":\"2024-09-11T20:27:10+00:00\",\"dateModified\":\"2025-04-28T12:14:07+00:00\",\"description\":\"\\\"Saiba os principais pontos sobre jornada de trabalho que podem cair na sua prova da OAB, incluindo direitos, limites e exce\u00e7\u00f5es legais.\",\"breadcrumb\":{\"@id\":\"https:\\\/\\\/oab.estrategia.com\\\/portal\\\/jornada-trabalho-prova-oab\\\/#breadcrumb\"},\"inLanguage\":\"pt-BR\",\"potentialAction\":[{\"@type\":\"ReadAction\",\"target\":[\"https:\\\/\\\/oab.estrategia.com\\\/portal\\\/jornada-trabalho-prova-oab\\\/\"]}]},{\"@type\":\"ImageObject\",\"inLanguage\":\"pt-BR\",\"@id\":\"https:\\\/\\\/oab.estrategia.com\\\/portal\\\/jornada-trabalho-prova-oab\\\/#primaryimage\",\"url\":\"https:\\\/\\\/oab.estrategia.com\\\/portal\\\/wp-content\\\/uploads\\\/2024\\\/09\\\/11163538\\\/DALL%C2%B7E-2024-09-11-16.01.38-A-banner-style-vector-illustration-depicting-the-concept-of-work-hours.-The-image-shows-several-businesspeople-running-with-briefcases-in-their-hand.webp\",\"contentUrl\":\"https:\\\/\\\/oab.estrategia.com\\\/portal\\\/wp-content\\\/uploads\\\/2024\\\/09\\\/11163538\\\/DALL%C2%B7E-2024-09-11-16.01.38-A-banner-style-vector-illustration-depicting-the-concept-of-work-hours.-The-image-shows-several-businesspeople-running-with-briefcases-in-their-hand.webp\",\"width\":1792,\"height\":1024},{\"@type\":\"BreadcrumbList\",\"@id\":\"https:\\\/\\\/oab.estrategia.com\\\/portal\\\/jornada-trabalho-prova-oab\\\/#breadcrumb\",\"itemListElement\":[{\"@type\":\"ListItem\",\"position\":1,\"name\":\"In\u00edcio\",\"item\":\"https:\\\/\\\/oab.estrategia.com\\\/portal\\\/\"},{\"@type\":\"ListItem\",\"position\":2,\"name\":\"Principais Pontos sobre Jornada de Trabalho para a sua prova da OAB\"}]},{\"@type\":\"WebSite\",\"@id\":\"https:\\\/\\\/oab.estrategia.com\\\/portal\\\/#website\",\"url\":\"https:\\\/\\\/oab.estrategia.com\\\/portal\\\/\",\"name\":\"Blog - OAB - Estrat\u00e9gia\",\"description\":\"Blog OAB - Estrat\u00e9gia Concursos\",\"publisher\":{\"@id\":\"https:\\\/\\\/oab.estrategia.com\\\/portal\\\/#organization\"},\"potentialAction\":[{\"@type\":\"SearchAction\",\"target\":{\"@type\":\"EntryPoint\",\"urlTemplate\":\"https:\\\/\\\/oab.estrategia.com\\\/portal\\\/?s={search_term_string}\"},\"query-input\":{\"@type\":\"PropertyValueSpecification\",\"valueRequired\":true,\"valueName\":\"search_term_string\"}}],\"inLanguage\":\"pt-BR\"},{\"@type\":\"Organization\",\"@id\":\"https:\\\/\\\/oab.estrategia.com\\\/portal\\\/#organization\",\"name\":\"Estrat\u00e9gia Concursos\",\"url\":\"https:\\\/\\\/oab.estrategia.com\\\/portal\\\/\",\"logo\":{\"@type\":\"ImageObject\",\"inLanguage\":\"pt-BR\",\"@id\":\"https:\\\/\\\/oab.estrategia.com\\\/portal\\\/#\\\/schema\\\/logo\\\/image\\\/\",\"url\":\"https:\\\/\\\/oab.estrategia.com\\\/portal\\\/wp-content\\\/uploads\\\/2022\\\/04\\\/06103601\\\/oab-icone-2.png\",\"contentUrl\":\"https:\\\/\\\/oab.estrategia.com\\\/portal\\\/wp-content\\\/uploads\\\/2022\\\/04\\\/06103601\\\/oab-icone-2.png\",\"width\":900,\"height\":900,\"caption\":\"Estrat\u00e9gia Concursos\"},\"image\":{\"@id\":\"https:\\\/\\\/oab.estrategia.com\\\/portal\\\/#\\\/schema\\\/logo\\\/image\\\/\"},\"sameAs\":[\"https:\\\/\\\/www.facebook.com\\\/estrategiaoab\\\/\",\"https:\\\/\\\/x.com\\\/estrategiaoab\",\"https:\\\/\\\/www.instagram.com\\\/estrategiaoab\\\/\",\"https:\\\/\\\/www.youtube.com\\\/EstrategiaOAB\"]},{\"@type\":\"Person\",\"@id\":\"https:\\\/\\\/oab.estrategia.com\\\/portal\\\/#\\\/schema\\\/person\\\/9be7e8e2eac32637a6fa93c371adb318\",\"name\":\"Stella Muniz Campos Elias\",\"image\":{\"@type\":\"ImageObject\",\"inLanguage\":\"pt-BR\",\"@id\":\"https:\\\/\\\/oab.estrategia.com\\\/portal\\\/wp-content\\\/uploads\\\/2024\\\/08\\\/28185935\\\/professora-stella-muniz-96x96.png\",\"url\":\"https:\\\/\\\/oab.estrategia.com\\\/portal\\\/wp-content\\\/uploads\\\/2024\\\/08\\\/28185935\\\/professora-stella-muniz-96x96.png\",\"contentUrl\":\"https:\\\/\\\/oab.estrategia.com\\\/portal\\\/wp-content\\\/uploads\\\/2024\\\/08\\\/28185935\\\/professora-stella-muniz-96x96.png\",\"caption\":\"Stella Muniz Campos Elias\"},\"description\":\"Advogada. Mestre em Direito do Trabalho. Professora e Mentora do Estrat\u00e9gia OAB. Coordenadora de P\u00f3s-Gradua\u00e7\u00e3o da ESA\\\/MG. Autora de obras jur\u00eddicas.\",\"url\":\"https:\\\/\\\/oab.estrategia.com\\\/portal\\\/author\\\/stella-muniz-campos-elias\\\/\"}]}<\/script>\n<!-- \/ Yoast SEO Premium plugin. -->","yoast_head_json":{"title":"Jornada de Trabalho - Principais Pontos para a prova da OAB","description":"\"Saiba os principais pontos sobre jornada de trabalho que podem cair na sua prova da OAB, incluindo direitos, limites e exce\u00e7\u00f5es legais.","robots":{"index":"index","follow":"follow","max-snippet":"max-snippet:-1","max-image-preview":"max-image-preview:large","max-video-preview":"max-video-preview:-1"},"canonical":"https:\/\/oab.estrategia.com\/portal\/jornada-trabalho-prova-oab\/","og_locale":"pt_BR","og_type":"article","og_title":"Principais Pontos sobre Jornada de Trabalho para a sua prova da OAB","og_description":"\"Saiba os principais pontos sobre jornada de trabalho que podem cair na sua prova da OAB, incluindo direitos, limites e exce\u00e7\u00f5es legais.","og_url":"https:\/\/oab.estrategia.com\/portal\/jornada-trabalho-prova-oab\/","og_site_name":"Blog - OAB - Estrat\u00e9gia","article_publisher":"https:\/\/www.facebook.com\/estrategiaoab\/","article_published_time":"2024-09-11T20:27:10+00:00","article_modified_time":"2025-04-28T12:14:07+00:00","og_image":[{"width":1792,"height":1024,"url":"https:\/\/oab.estrategia.com\/portal\/wp-content\/uploads\/2024\/09\/11163538\/DALL%C2%B7E-2024-09-11-16.01.38-A-banner-style-vector-illustration-depicting-the-concept-of-work-hours.-The-image-shows-several-businesspeople-running-with-briefcases-in-their-hand.webp","type":"image\/webp"}],"author":"Stella Muniz Campos Elias","twitter_card":"summary_large_image","twitter_creator":"@estrategiaoab","twitter_site":"@estrategiaoab","twitter_misc":{"Escrito por":"Stella Muniz Campos Elias","Est. tempo de leitura":"10 minutos"},"schema":{"@context":"https:\/\/schema.org","@graph":[{"@type":"Article","@id":"https:\/\/oab.estrategia.com\/portal\/jornada-trabalho-prova-oab\/#article","isPartOf":{"@id":"https:\/\/oab.estrategia.com\/portal\/jornada-trabalho-prova-oab\/"},"author":{"name":"Stella Muniz Campos Elias","@id":"https:\/\/oab.estrategia.com\/portal\/#\/schema\/person\/9be7e8e2eac32637a6fa93c371adb318"},"headline":"Principais Pontos sobre Jornada de Trabalho para a sua prova da OAB","datePublished":"2024-09-11T20:27:10+00:00","dateModified":"2025-04-28T12:14:07+00:00","mainEntityOfPage":{"@id":"https:\/\/oab.estrategia.com\/portal\/jornada-trabalho-prova-oab\/"},"wordCount":1690,"commentCount":0,"publisher":{"@id":"https:\/\/oab.estrategia.com\/portal\/#organization"},"image":{"@id":"https:\/\/oab.estrategia.com\/portal\/jornada-trabalho-prova-oab\/#primaryimage"},"thumbnailUrl":"https:\/\/oab.estrategia.com\/portal\/wp-content\/uploads\/2024\/09\/11163538\/DALL%C2%B7E-2024-09-11-16.01.38-A-banner-style-vector-illustration-depicting-the-concept-of-work-hours.-The-image-shows-several-businesspeople-running-with-briefcases-in-their-hand.webp","keywords":["Banco de Horas","CLT","Descanso Semanal Remunerado","Direito do Trabalho","Exame da Ordem","Exame da Ordem dos Advogados do Brasil","Horas Extras","Intervalo Interjornada","Intervalo Intrajornada","Jornada de Trabalho"],"articleSection":["Carreira"],"inLanguage":"pt-BR","potentialAction":[{"@type":"CommentAction","name":"Comment","target":["https:\/\/oab.estrategia.com\/portal\/jornada-trabalho-prova-oab\/#respond"]}]},{"@type":"WebPage","@id":"https:\/\/oab.estrategia.com\/portal\/jornada-trabalho-prova-oab\/","url":"https:\/\/oab.estrategia.com\/portal\/jornada-trabalho-prova-oab\/","name":"Jornada de Trabalho - Principais Pontos para a prova da OAB","isPartOf":{"@id":"https:\/\/oab.estrategia.com\/portal\/#website"},"primaryImageOfPage":{"@id":"https:\/\/oab.estrategia.com\/portal\/jornada-trabalho-prova-oab\/#primaryimage"},"image":{"@id":"https:\/\/oab.estrategia.com\/portal\/jornada-trabalho-prova-oab\/#primaryimage"},"thumbnailUrl":"https:\/\/oab.estrategia.com\/portal\/wp-content\/uploads\/2024\/09\/11163538\/DALL%C2%B7E-2024-09-11-16.01.38-A-banner-style-vector-illustration-depicting-the-concept-of-work-hours.-The-image-shows-several-businesspeople-running-with-briefcases-in-their-hand.webp","datePublished":"2024-09-11T20:27:10+00:00","dateModified":"2025-04-28T12:14:07+00:00","description":"\"Saiba os principais pontos sobre jornada de trabalho que podem cair na sua prova da OAB, incluindo direitos, limites e exce\u00e7\u00f5es legais.","breadcrumb":{"@id":"https:\/\/oab.estrategia.com\/portal\/jornada-trabalho-prova-oab\/#breadcrumb"},"inLanguage":"pt-BR","potentialAction":[{"@type":"ReadAction","target":["https:\/\/oab.estrategia.com\/portal\/jornada-trabalho-prova-oab\/"]}]},{"@type":"ImageObject","inLanguage":"pt-BR","@id":"https:\/\/oab.estrategia.com\/portal\/jornada-trabalho-prova-oab\/#primaryimage","url":"https:\/\/oab.estrategia.com\/portal\/wp-content\/uploads\/2024\/09\/11163538\/DALL%C2%B7E-2024-09-11-16.01.38-A-banner-style-vector-illustration-depicting-the-concept-of-work-hours.-The-image-shows-several-businesspeople-running-with-briefcases-in-their-hand.webp","contentUrl":"https:\/\/oab.estrategia.com\/portal\/wp-content\/uploads\/2024\/09\/11163538\/DALL%C2%B7E-2024-09-11-16.01.38-A-banner-style-vector-illustration-depicting-the-concept-of-work-hours.-The-image-shows-several-businesspeople-running-with-briefcases-in-their-hand.webp","width":1792,"height":1024},{"@type":"BreadcrumbList","@id":"https:\/\/oab.estrategia.com\/portal\/jornada-trabalho-prova-oab\/#breadcrumb","itemListElement":[{"@type":"ListItem","position":1,"name":"In\u00edcio","item":"https:\/\/oab.estrategia.com\/portal\/"},{"@type":"ListItem","position":2,"name":"Principais Pontos sobre Jornada de Trabalho para a sua prova da OAB"}]},{"@type":"WebSite","@id":"https:\/\/oab.estrategia.com\/portal\/#website","url":"https:\/\/oab.estrategia.com\/portal\/","name":"Blog - OAB - Estrat\u00e9gia","description":"Blog OAB - Estrat\u00e9gia Concursos","publisher":{"@id":"https:\/\/oab.estrategia.com\/portal\/#organization"},"potentialAction":[{"@type":"SearchAction","target":{"@type":"EntryPoint","urlTemplate":"https:\/\/oab.estrategia.com\/portal\/?s={search_term_string}"},"query-input":{"@type":"PropertyValueSpecification","valueRequired":true,"valueName":"search_term_string"}}],"inLanguage":"pt-BR"},{"@type":"Organization","@id":"https:\/\/oab.estrategia.com\/portal\/#organization","name":"Estrat\u00e9gia Concursos","url":"https:\/\/oab.estrategia.com\/portal\/","logo":{"@type":"ImageObject","inLanguage":"pt-BR","@id":"https:\/\/oab.estrategia.com\/portal\/#\/schema\/logo\/image\/","url":"https:\/\/oab.estrategia.com\/portal\/wp-content\/uploads\/2022\/04\/06103601\/oab-icone-2.png","contentUrl":"https:\/\/oab.estrategia.com\/portal\/wp-content\/uploads\/2022\/04\/06103601\/oab-icone-2.png","width":900,"height":900,"caption":"Estrat\u00e9gia Concursos"},"image":{"@id":"https:\/\/oab.estrategia.com\/portal\/#\/schema\/logo\/image\/"},"sameAs":["https:\/\/www.facebook.com\/estrategiaoab\/","https:\/\/x.com\/estrategiaoab","https:\/\/www.instagram.com\/estrategiaoab\/","https:\/\/www.youtube.com\/EstrategiaOAB"]},{"@type":"Person","@id":"https:\/\/oab.estrategia.com\/portal\/#\/schema\/person\/9be7e8e2eac32637a6fa93c371adb318","name":"Stella Muniz Campos Elias","image":{"@type":"ImageObject","inLanguage":"pt-BR","@id":"https:\/\/oab.estrategia.com\/portal\/wp-content\/uploads\/2024\/08\/28185935\/professora-stella-muniz-96x96.png","url":"https:\/\/oab.estrategia.com\/portal\/wp-content\/uploads\/2024\/08\/28185935\/professora-stella-muniz-96x96.png","contentUrl":"https:\/\/oab.estrategia.com\/portal\/wp-content\/uploads\/2024\/08\/28185935\/professora-stella-muniz-96x96.png","caption":"Stella Muniz Campos Elias"},"description":"Advogada. Mestre em Direito do Trabalho. Professora e Mentora do Estrat\u00e9gia OAB. Coordenadora de P\u00f3s-Gradua\u00e7\u00e3o da ESA\/MG. Autora de obras jur\u00eddicas.","url":"https:\/\/oab.estrategia.com\/portal\/author\/stella-muniz-campos-elias\/"}]}},"jetpack_featured_media_url":"https:\/\/oab.estrategia.com\/portal\/wp-content\/uploads\/2024\/09\/11163538\/DALL%C2%B7E-2024-09-11-16.01.38-A-banner-style-vector-illustration-depicting-the-concept-of-work-hours.-The-image-shows-several-businesspeople-running-with-briefcases-in-their-hand.webp","jetpack_sharing_enabled":true,"_links":{"self":[{"href":"https:\/\/oab.estrategia.com\/portal\/wp-json\/wp\/v2\/posts\/12940","targetHints":{"allow":["GET"]}}],"collection":[{"href":"https:\/\/oab.estrategia.com\/portal\/wp-json\/wp\/v2\/posts"}],"about":[{"href":"https:\/\/oab.estrategia.com\/portal\/wp-json\/wp\/v2\/types\/post"}],"author":[{"embeddable":true,"href":"https:\/\/oab.estrategia.com\/portal\/wp-json\/wp\/v2\/users\/107"}],"replies":[{"embeddable":true,"href":"https:\/\/oab.estrategia.com\/portal\/wp-json\/wp\/v2\/comments?post=12940"}],"version-history":[{"count":32,"href":"https:\/\/oab.estrategia.com\/portal\/wp-json\/wp\/v2\/posts\/12940\/revisions"}],"predecessor-version":[{"id":17613,"href":"https:\/\/oab.estrategia.com\/portal\/wp-json\/wp\/v2\/posts\/12940\/revisions\/17613"}],"wp:featuredmedia":[{"embeddable":true,"href":"https:\/\/oab.estrategia.com\/portal\/wp-json\/wp\/v2\/media\/12961"}],"wp:attachment":[{"href":"https:\/\/oab.estrategia.com\/portal\/wp-json\/wp\/v2\/media?parent=12940"}],"wp:term":[{"taxonomy":"category","embeddable":true,"href":"https:\/\/oab.estrategia.com\/portal\/wp-json\/wp\/v2\/categories?post=12940"},{"taxonomy":"post_tag","embeddable":true,"href":"https:\/\/oab.estrategia.com\/portal\/wp-json\/wp\/v2\/tags?post=12940"}],"curies":[{"name":"wp","href":"https:\/\/api.w.org\/{rel}","templated":true}]}}