{"id":13052,"date":"2024-09-23T22:42:03","date_gmt":"2024-09-24T01:42:03","guid":{"rendered":"https:\/\/oab.estrategia.com\/portal\/?p=13052"},"modified":"2024-09-25T20:26:39","modified_gmt":"2024-09-25T23:26:39","slug":"direito-de-familia","status":"publish","type":"post","link":"https:\/\/oab.estrategia.com\/portal\/direito-de-familia\/","title":{"rendered":"DIREITO DE FAM\u00cdLIA: O QUE MAIS CAI NA PROVA DA OAB?"},"content":{"rendered":"\n<p>Fique por dentro dos assuntos que mais caem na prova da OAB dentro da mat\u00e9ria de Direito Civil do conte\u00fado de Direito de Fam\u00edlia.<\/p>\n\n\n\n<p>Prof\u00aa Luciana Garret<\/p>\n\n\n<div class=\"wp-block-image\">\n<figure class=\"aligncenter size-full is-resized\"><img decoding=\"async\" width=\"1024\" height=\"1024\" src=\"https:\/\/oab.estrategia.com\/portal\/wp-content\/uploads\/2024\/09\/23223401\/DIREITO-DE-FAMILIA.webp\" alt=\"Direito de Fam\u00edlia na OAB\" class=\"wp-image-13159\" style=\"width:458px;height:auto\" srcset=\"https:\/\/oab.estrategia.com\/portal\/wp-content\/uploads\/2024\/09\/23223401\/DIREITO-DE-FAMILIA.webp 1024w, https:\/\/oab.estrategia.com\/portal\/wp-content\/uploads\/2024\/09\/23223401\/DIREITO-DE-FAMILIA-300x300.webp 300w, https:\/\/oab.estrategia.com\/portal\/wp-content\/uploads\/2024\/09\/23223401\/DIREITO-DE-FAMILIA-150x150.webp 150w, https:\/\/oab.estrategia.com\/portal\/wp-content\/uploads\/2024\/09\/23223401\/DIREITO-DE-FAMILIA-768x768.webp 768w, https:\/\/oab.estrategia.com\/portal\/wp-content\/uploads\/2024\/09\/23223401\/DIREITO-DE-FAMILIA-80x80.webp 80w, https:\/\/oab.estrategia.com\/portal\/wp-content\/uploads\/2024\/09\/23223401\/DIREITO-DE-FAMILIA-380x380.webp 380w, https:\/\/oab.estrategia.com\/portal\/wp-content\/uploads\/2024\/09\/23223401\/DIREITO-DE-FAMILIA-800x800.webp 800w, https:\/\/oab.estrategia.com\/portal\/wp-content\/uploads\/2024\/09\/23223401\/DIREITO-DE-FAMILIA-24x24.webp 24w, https:\/\/oab.estrategia.com\/portal\/wp-content\/uploads\/2024\/09\/23223401\/DIREITO-DE-FAMILIA-48x48.webp 48w, https:\/\/oab.estrategia.com\/portal\/wp-content\/uploads\/2024\/09\/23223401\/DIREITO-DE-FAMILIA-96x96.webp 96w\" sizes=\"(max-width: 1024px) 100vw, 1024px\" \/><\/figure>\n<\/div>\n\n\n<h2 class=\"wp-block-heading\" id=\"h-introducao-direito-de-familia\"><span id=\"introducao-direito-de-familia\">Introdu\u00e7\u00e3o &#8211; &#8211; Direito de Fam\u00edlia <\/span><\/h2>\n\n\n\n<p>O C\u00f3digo Civil de 2002 (CC\/02) engloba desde o in\u00edcio da exist\u00eancia da pessoa natural, em seus arts. 1\u00b0, 2\u00b0 e seguintes, at\u00e9 o fim e suas consequ\u00eancias por meio dos dispositivos acerca do Direito Sucess\u00f3rio, a partir do art. 1.784 e seguintes, sobre a sucess\u00e3o dos bens do \u201cde cujus\u201d (ou seja, da pessoa falecida).<\/p>\n\n\n\n<p>Para o Exame da Ordem, quer pela presen\u00e7a no dia-a-dia da vida em sociedade, quer pelo interesse nas acaloradas discuss\u00f5es na \u00e1rea, ganha especial foco o Livro IV, do CC\/02, o qual aborda um dos mais apaixonantes ramos civilistas: o Direito de Fam\u00edlia.<\/p>\n\n\n\n<p>Neste artigo, vamos tratar acerca desse ramo e dos assuntos mais cobrados nas provas da OAB sobre seus assuntos.<\/p>\n\n\n\n<p><em>Direito de Fam\u00edlia na OAB<\/em><\/p>\n\n\n\n<h2 class=\"wp-block-heading\" id=\"h-contextualizacao-e-legislacao-aplicavel-direito-de-familia-na-oab\"><span id=\"contextualizacao-e-legislacao-aplicavel-direito-de-familia-na-oab\">Contextualiza\u00e7\u00e3o e Legisla\u00e7\u00e3o Aplic\u00e1vel -Direito de Familia na OAB<\/span><\/h2>\n\n\n\n<p>O Direito de Fam\u00edlia possui um Livro \u00e0 parte no <a href=\"https:\/\/www.planalto.gov.br\/ccivil_03\/leis\/2002\/l10406compilada.htm\">CC\/02<\/a>, cujas disposi\u00e7\u00f5es se iniciam com o art.1.511, tratando sobre o instituto do casamento, e finalizam com o art. 1.783-A, abordando acerca da tomada de decis\u00e3o apoiada, inclu\u00edda pela Lei n. 13.146\/2015 (Estatuto da Pessoa com Defici\u00eancia).<\/p>\n\n\n\n<p>Al\u00e9m das disposi\u00e7\u00f5es do C\u00f3digo civilista, por\u00e9m, h\u00e1 leis especiais aplic\u00e1veis e vigentes, como \u00e9 o caso da Lei n. 5.478\/74 (Lei de Alimentos), a qual, apesar de anterior \u00e0 pr\u00f3pria Constitui\u00e7\u00e3o Federal de 1988, \u00e9 basilar quando se trata de presta\u00e7\u00e3o alimentar, tendo aplica\u00e7\u00e3o em conjunto com o CC\/02 e o CPC\/2015.<\/p>\n\n\n\n<p>H\u00e1 ainda entendimentos sumulados acerca da \u00e1rea, em especial os proferidos pelo Supremo Tribunal Federal (STF) e pelo Superior Tribunal de Justi\u00e7a (STJ), a exemplo da S\u00famula n. 596, do STJ, a qual trata sobre os alimentos avoengos, ou da S\u00famula 377, do STF, a qual trata sobre a comunica\u00e7\u00e3o de patrim\u00f4nio em regime de separa\u00e7\u00e3o legal de bens.<\/p>\n\n\n\n<p>Al\u00e9m de tudo, h\u00e1 decis\u00f5es de repercuss\u00e3o geral tomadas pelo STJ ou pelo STF, as quais tamb\u00e9m s\u00e3o cruciais no entendimento da mat\u00e9ria e na resolu\u00e7\u00e3o de quest\u00f5es, inclusive na 1\u00aa fase. Tais decis\u00f5es podem se dar n\u00e3o s\u00f3 diante de um Recurso Especial (perante o STJ) ou Extraordin\u00e1rio (de compet\u00eancia do STF), mas tamb\u00e9m pelo controle direto de constitucionalidade, como o caso da ADIN n. 4277, cujo entendimento formado pelo Supremo foi o de impossibilidade de haver uni\u00f5es est\u00e1veis paralelas em regra.<\/p>\n\n\n\n<p>Outras fontes jur\u00eddicas tamb\u00e9m merecem destaque, como resolu\u00e7\u00f5es do Conselho Nacional de Justi\u00e7a (CNJ), decis\u00f5es de Tribunais de Justi\u00e7a, Jornadas de Direito de Fam\u00edlia, dentre outras. Ocorre que nosso foco \u00e9 tratar sobre quais os assuntos e as respectivas fontes mais cobrados nas provas da OAB, pelo que passamos a list\u00e1-los a seguir.<\/p>\n\n\n\n<p><em>Direito de Fam\u00edlia na OAB<\/em><\/p>\n\n\n\n<h2 class=\"wp-block-heading\" id=\"h-casamento-x-uniao-estavel\"><span id=\"casamento-x-uniao-estavel\">Casamento X Uni\u00e3o Est\u00e1vel<\/span><\/h2>\n\n\n\n<p>Hoje, tem-se uma pluralidade de tipos familiares, mas, de fato, a fam\u00edlia formada pelo Casamento e a pela Uni\u00e3o Est\u00e1vel s\u00e3o as mais cobrados no Exame de Ordem.<\/p>\n\n\n\n<p>O primeiro ponto de aten\u00e7\u00e3o \u00e9 a <strong>equipara\u00e7\u00e3o<\/strong> entre os dois entes familiares, em especial para fins de sucess\u00f3rios, o que se deu com o reconhecimento de inconstitucionalidade do art. 1.790, do CC\/02, pelo STF, quando do julgamento dos Recursos Extraordin\u00e1rios RE n. 646.721 e RE n. 878.694, em maio de 2017, devendo, quer para companheiros quer para c\u00f4njuges, ser aplicada a ordem de voca\u00e7\u00e3o heredit\u00e1ria prevista no art. 1.829, do CC\/02.<\/p>\n\n\n\n<p>Outro ponto que costuma ser cobrado \u00e9 sobre o <strong>regime de bens<\/strong> a ser adotado diante de um casamento com ou sem pacto antenupcial e uma uni\u00e3o est\u00e1vel com ou sem a manifesta\u00e7\u00e3o expressa (por meio de um contrato de uni\u00e3o est\u00e1vel, por exemplo) sobre o regime escolhido, o que ser\u00e1 tratado no item seguinte desta lista.<\/p>\n\n\n\n<p>Um cuidado aqui, quanto ao <strong>pacto antenupcial <\/strong>(art. 1.653 e seguintes do CC\/02), refere-se \u00e0 situa\u00e7\u00e3o na qual o casamento n\u00e3o ocorra como disposto, hip\u00f3tese em que, mesmo se o pacto for v\u00e1lido, n\u00e3o haver\u00e1 produ\u00e7\u00e3o de efeitos, conforme se pode observar a partir dessa pr\u00f3xima quest\u00e3o, j\u00e1 cobrada na prova da OAB:<\/p>\n\n\n\n<p><strong><em>Direito de Familia na <\/em>OAB<\/strong><\/p>\n\n\n\n<p><strong><em>(Ano:<\/em><\/strong><em> 2017\/<strong>Banca:<\/strong> FGV\/<strong>\u00d3rg\u00e3o:<\/strong> OAB\/<strong>Prova:<\/strong> Exame de Ordem Unificado &#8211; XXIII &#8211; Primeira Fase) Arlindo e Berta firmam pacto antenupcial, preenchendo todos os requisitos legais, no qual estabelecem o regime de separa\u00e7\u00e3o absoluta de bens. No entanto, por motivo de sa\u00fade de um dos nubentes, a celebra\u00e7\u00e3o civil do casamento n\u00e3o ocorreu na data estabelecida.<\/em><\/p>\n\n\n\n<p><em>Diante disso, Arlindo e Berta decidem n\u00e3o se casar e passam a conviver maritalmente. Ap\u00f3s cinco anos de uni\u00e3o est\u00e1vel, Arlindo pretende dissolver a rela\u00e7\u00e3o familiar e aplicar o pacto antenupcial, com o objetivo de n\u00e3o dividir os bens adquiridos na const\u00e2ncia dessa uni\u00e3o.<\/em><\/p>\n\n\n\n<p><em>Nessas circunst\u00e2ncias, o pacto antenupcial \u00e9<\/em><\/p>\n\n\n\n<p><em>a) v\u00e1lido e ineficaz. <\/em><em><\/em><\/p>\n\n\n\n<p><em>b) v\u00e1lido e eficaz<\/em><em><\/em><\/p>\n\n\n\n<p><em>c) inv\u00e1lido e ineficaz.&nbsp; <\/em><em><\/em><\/p>\n\n\n\n<p><em>d) inv\u00e1lido e eficaz.<\/em><em><\/em><\/p>\n\n\n\n<p><em>Resposta: Letra \u201ca\u201d, pois, apesar de ser v\u00e1lido por preencher os requisitos para ser v\u00e1lido, logo, compat\u00edvel com o que prev\u00ea o ordenamento jur\u00eddico brasileiro, ser\u00e1 ineficaz, afinal, o casamento n\u00e3o aconteceu.<\/em><\/p>\n\n\n\n<p>Lembre que, embora haja uma equipara\u00e7\u00e3o entre o casamento e a uni\u00e3o est\u00e1vel, tais entes s\u00e3o diferentes, havendo uma maior formalidade quando se trata do casamento e o pacto antenupcial se refere especificamente \u00e0 ocorr\u00eancia da cerim\u00f4nia com todos os devidos procedimentos para fins de validade e efic\u00e1cia das disposi\u00e7\u00f5es dos nubentes (logo, dos noivos).<\/p>\n\n\n\n<p>Destaque-se ainda quanto \u00e0s hip\u00f3teses em que o casamento ser\u00e1 nulo (vide impedimentos previstos nos arts. 1.548 e 1.549, do CC\/02) ou anul\u00e1vel (vide art. 1.555 e seguintes, do CC\/02) e sobre o \u201ccasamento putativo\u201d (art. 1.561, do CC\/02).<\/p>\n\n\n\n<p>A prova da OAB tamb\u00e9m costuma cobrar acerca da configura\u00e7\u00e3o ou n\u00e3o da uni\u00e3o est\u00e1vel, sendo importante se atentar para o elemento \u201ccom o objetivo de constitui\u00e7\u00e3o de fam\u00edlia\u201d, previsto no art. 1.723, do CC\/02, e para a possibilidade de uni\u00e3o homoafetiva, ou seja, entre pessoas do mesmo sexo (vide decis\u00e3o do STF quando do julgamento da ADIN n. 4277 e da ADPF n. 132, em 2011).<\/p>\n\n\n\n<p><em>Direito de Familia na OAB<\/em><\/p>\n\n\n\n<h2 class=\"wp-block-heading\" id=\"h-regime-de-bens-direito-de-familia-na-oab\"><span id=\"regime-de-bens-direito-de-familia-na-oab\">Regime de Bens -Direito de Familia na OAB<\/span><\/h2>\n\n\n\n<p>O primeiro aspecto cobrado acerca de regime de bens \u00e9 quanto ao regime adotado pelo casal diante do casamento ou da uni\u00e3o est\u00e1vel. Aplica-se, diante do sil\u00eancio das partes, o regime supletivo, qual seja, a <strong>Comunh\u00e3o Parcial de Bens<\/strong>, em observ\u00e2ncia aos arts. 1.640 (para casamento) e 1.725 (para uni\u00e3o est\u00e1vel), do CC\/02.<\/p>\n\n\n\n<p>Outroponto que costuma cair \u00e9 quanto \u00e0s hip\u00f3teses de ado\u00e7\u00e3o do regime da <strong>Separa\u00e7\u00e3o Obrigat\u00f3ria de Bens<\/strong>, conforme previsto no art. 1.641, do CC\/02.<\/p>\n\n\n\n<p>\u00c9 importante ainda saber <strong>quais bens<\/strong>, conforme o regime adotado, <strong>comunicam<\/strong>, como o caso de frutos de patrim\u00f4nio particular de um dos c\u00f4njuges ou companheiros na comunh\u00e3o parcial, <strong>e quais n\u00e3o comunicam,<\/strong> como a heran\u00e7a com cl\u00e1usula de incomunicabilidade no regime da comunh\u00e3o universal (vide art. 1.653 e seguintes do CC\/02).<\/p>\n\n\n\n<p>Nesse contexto, a <strong>mea\u00e7\u00e3o<\/strong>, metade cab\u00edvel a cada c\u00f4njuge ou companheiro dentre os bens comunic\u00e1veis, \u00e9 algo que pode ser exigido na prova, sendo crucial lembrar que <strong>obriga\u00e7\u00f5es e d\u00edvidas<\/strong> tamb\u00e9m podem fazer parte da comunh\u00e3o (vide art. 1.644, do CC\/02).<\/p>\n\n\n\n<p>Por fim, costuma-se cobrar acerca da chamada <strong>outorga ux\u00f3ria<\/strong> que consiste na autoriza\u00e7\u00e3o necess\u00e1ria do outro c\u00f4njuge para a realiza\u00e7\u00e3o de certos atos conforme regime de bens adotado, merecendo destaque o ato de prestar fian\u00e7a, consoante prev\u00ea o art. 1.647, do CC\/02.<\/p>\n\n\n\n<p><em>Direito de Familia na OAB<\/em><\/p>\n\n\n\n<h2 class=\"wp-block-heading\" id=\"h-alimentos\"><span id=\"alimentos\">Alimentos<\/span><\/h2>\n\n\n\n<p>O CC\/02, no art. 1.694 eseguintes, disp\u00f5e que s\u00e3o devidos alimentos pelos parentes entre si, logo,<\/p>\n\n\n\n<p><strong>C<\/strong>\u00f4njuges (ou companheiros)<\/p>\n\n\n\n<p><strong>A<\/strong>scendentes<\/p>\n\n\n\n<p><strong>D<\/strong>escendentes<\/p>\n\n\n\n<p><strong>C<\/strong>olaterais at\u00e9 o <strong>4\u00b0grau<\/strong><\/p>\n\n\n\n<p>Tais alimentos devem ser estabelecidos considerando o <strong>BIN\u00d4MIO NECESSIDADE<\/strong> de quem pede e <strong>POSSIBILIDADE<\/strong> de quem ter\u00e1 que prestar, sendo poss\u00edvel buscar <strong>revisar<\/strong> o valor prestado ou at\u00e9 mesmo <strong>exonerar<\/strong> a parte da obriga\u00e7\u00e3o alimentar, tudo conforme o caso (vide art. 1.699, do CC\/02).<\/p>\n\n\n\n<p>Nesse contexto, a Lei n. 5.478\/74 (<strong>Lei de Alimentos<\/strong>) \u00e9 basilar, tendo aplica\u00e7\u00e3o em conjunto com o CC\/02 e o CPC\/2015. Outra lei especial relevante \u00e9 a Lei n. 11.804\/2008 (<strong>Lei dos Alimentos Grav\u00eddicos<\/strong>), tendo a Lei de Alimentos, o CC\/02 e o CPC\/2015 aplica\u00e7\u00e3o subsidi\u00e1ria.<\/p>\n\n\n\n<p><em>Direito de Familia na OAB<\/em><\/p>\n\n\n\n<h2 class=\"wp-block-heading\" id=\"h-filiacao\"><span id=\"filiacao\">Filia\u00e7\u00e3o<\/span><\/h2>\n\n\n\n<p>O CC\/02, no art. 1.596 e seguintes, disp\u00f5e sobre o estado de filia\u00e7\u00e3o, sendo importante se atentar que, como dita o art. 1.609, do CC\/02, o <strong>reconhecimento<\/strong> de filho, a chamada \u201cperfilha\u00e7\u00e3o\u201d, pode se dar de diversas formas e \u00e9 <strong>irrevog\u00e1vel<\/strong>.<\/p>\n\n\n\n<p>Tal v\u00ednculo de parentesco pode se dar em raz\u00e3o de haver uma descend\u00eancia gen\u00e9tica ou ainda em vista da forma\u00e7\u00e3o de filia\u00e7\u00e3o socioafetiva,\u00a0 tendo-se a ado\u00e7\u00e3o como um instituto que pode gerar a forma\u00e7\u00e3o de estado de filia\u00e7\u00e3o, sendo a ado\u00e7\u00e3o deferida na forma prevista no Estatuto da Crian\u00e7a e do Adolescente (ECA).<\/p>\n\n\n\n<p><em>Direito de Familia na OAB<\/em><\/p>\n\n\n\n<h2 class=\"wp-block-heading\" id=\"h-poder-familiar-direito-de-familia-na-oab\"><span id=\"poder-familiar-direito-de-familia-na-oab\">Poder Familiar -Direito de Familia na OAB<\/span><\/h2>\n\n\n\n<p>Conforme disp\u00f5e o art. 1.634 e seguintes, do CC\/02, <strong>cabe aos pais exercer<\/strong> o poder familiar sobre os filhos, exercendo a guarda, representando-os, administrando seu patrim\u00f4nio e tomando decis\u00f5es acerca de quest\u00f5es da vida civil, como estudos, viagens, dentre outros.<\/p>\n\n\n\n<p>Pode ser objeto da prova a perda, a extin\u00e7\u00e3o ou a suspens\u00e3o do poder familiar, nos termos do art. 1.635 e seguintes do CC\/02.<\/p>\n\n\n\n<p><em>Direito de Fam\u00edlia na OAB<\/em><\/p>\n\n\n\n<h2 class=\"wp-block-heading\" id=\"h-bem-de-familia\"><span id=\"bem-de-familia\">Bem de Fam\u00edlia<\/span><\/h2>\n\n\n\n<p>Os arts. 1.711 ao 1.722, do CC\/02, tratam acerca do bem de fam\u00edlia, determinando o que pode ser institu\u00eddo como tal e o car\u00e1ter impenhor\u00e1vel de tal patrim\u00f4nio diante de d\u00edvidas posteriores \u00e0 sua institui\u00e7\u00e3o, salvo em se tratando das provenientes de tributos relacionados ao pr\u00e9dio ou de taxa condominial, nos termos do art. 1.715, do CC\/02.<\/p>\n\n\n\n<p>Costuma-se cobrar ainda sobre a extin\u00e7\u00e3o do bem de fam\u00edlia, merecendo destaque os arts. 1.721 (fim de sociedade conjugal n\u00e3o encerra por si a exist\u00eancia do bem de fam\u00edlia) e 1.722 (hip\u00f3tese de extin\u00e7\u00e3o), ambos do CC\/02.<\/p>\n\n\n\n<p>\u00c9 poss\u00edvel ainda ser cobrado acerca do que disp\u00f5e a Lei n. 8.009\/90 (Lei do bem de fam\u00edlia) sobre a impenhorabilidade do bem de fam\u00edlia, podendo-se abranger m\u00f3veis conforme o caso.<\/p>\n\n\n\n<p>Direito de Familia na OAB<\/p>\n\n\n\n<h2 class=\"wp-block-heading\" id=\"h-conclusao-direito-de-familia-na-oab\"><span id=\"conclusao-direito-de-familia-na-oab\">\u00a0Conclus\u00e3o &#8211; Direito de Fam\u00edlia na OAB<\/span><\/h2>\n\n\n\n<p>O Direito de Fam\u00edlia \u00e9 um dos ramos mais cobrados em Direito Civil para o Exame da Ordem, merecendo destaque os assuntos na prepara\u00e7\u00e3o e nos estudos do candidato:<\/p>\n\n\n\n<p><strong>&#8211; Casamento X Uni\u00e3o Est\u00e1vel<\/strong><\/p>\n\n\n\n<p><strong>&#8211; Regime de Bens<\/strong><\/p>\n\n\n\n<p><strong>&#8211; Alimentos<\/strong><\/p>\n\n\n\n<p><strong>&#8211; Filia\u00e7\u00e3o<\/strong><\/p>\n\n\n\n<p><strong>&#8211; Poder Familiar<\/strong><\/p>\n\n\n\n<p><strong>&#8211; Bem de Fam\u00edlia<\/strong><\/p>\n\n\n\n<h2 class=\"wp-block-heading\" id=\"h-referencias\"><span id=\"referencias\"><strong>Refer\u00eancias<\/strong><\/span><\/h2>\n\n\n\n<ul class=\"wp-block-list\">\n<li>C\u00f3digo Civil de 2002<\/li>\n\n\n\n<li>Lei de Alimentos &#8211; Lei n. 5.478\/74<\/li>\n\n\n\n<li>Lei de Alimentos Grav\u00eddicos &#8211; Lei n. 11.804\/08<\/li>\n\n\n\n<li>Estatuto da Crian\u00e7a e do Adolescente (ECA)<\/li>\n\n\n\n<li>Site do STF &#8211; portal.stf.jus.br<\/li>\n\n\n\n<li>Provas anteriores do Exame da Ordem<\/li>\n<\/ul>\n\n\n\n<p>N\u00e3o percam as atualiza\u00e7\u00f5es do <a href=\"https:\/\/oab.estrategia.com\/?utm_source=google&amp;utm_medium=cpc&amp;utm_campaign=ecj-oab-vd-gsh-oab-inst&amp;gad_source=1&amp;gclid=Cj0KCQjwo8S3BhDeARIsAFRmkOPOShbCBfziwZTnU7d5P5nSJ8OX2dWN7zukUlSAbVF0nVJPE1u1-sUaAlAmEALw_wcB\">Blog Estrat\u00e9gia OAB<\/a>.<\/p>\n\n\n\n<h2 class=\"wp-block-heading\" id=\"h-quer-saber-mais-sobre-o-exame-de-ordem-acesse-o-nosso-guia-completo\"><span id=\"quer-saber-mais-sobre-o-exame-de-ordem-acesse-o-nosso-guia-completo\">Quer saber mais sobre o Exame de Ordem? Acesse o nosso guia completo: <\/span><\/h2>\n\n\n\n<div class=\"wp-block-cover\" style=\"min-height:147px;aspect-ratio:unset;\"><img decoding=\"async\" width=\"1024\" height=\"190\" class=\"wp-block-cover__image-background wp-image-963\" alt=\"1\u00aa fase do exame de ordem oab curso\" src=\"https:\/\/oab.estrategia.com\/portal\/wp-content\/uploads\/2022\/06\/20153604\/assinatura-curso-oab-primeira-fase-1024x190.jpg\" style=\"object-position:58% 29%\" data-object-fit=\"cover\" data-object-position=\"58% 29%\" srcset=\"https:\/\/oab.estrategia.com\/portal\/wp-content\/uploads\/2022\/06\/20153604\/assinatura-curso-oab-primeira-fase-1024x190.jpg 1024w, https:\/\/oab.estrategia.com\/portal\/wp-content\/uploads\/2022\/06\/20153604\/assinatura-curso-oab-primeira-fase-300x56.jpg 300w, https:\/\/oab.estrategia.com\/portal\/wp-content\/uploads\/2022\/06\/20153604\/assinatura-curso-oab-primeira-fase-768x143.jpg 768w, https:\/\/oab.estrategia.com\/portal\/wp-content\/uploads\/2022\/06\/20153604\/assinatura-curso-oab-primeira-fase-1536x285.jpg 1536w, https:\/\/oab.estrategia.com\/portal\/wp-content\/uploads\/2022\/06\/20153604\/assinatura-curso-oab-primeira-fase-380x71.jpg 380w, https:\/\/oab.estrategia.com\/portal\/wp-content\/uploads\/2022\/06\/20153604\/assinatura-curso-oab-primeira-fase-800x149.jpg 800w, https:\/\/oab.estrategia.com\/portal\/wp-content\/uploads\/2022\/06\/20153604\/assinatura-curso-oab-primeira-fase-1160x215.jpg 1160w, https:\/\/oab.estrategia.com\/portal\/wp-content\/uploads\/2022\/06\/20153604\/assinatura-curso-oab-primeira-fase.jpg 1890w\" sizes=\"(max-width: 1024px) 100vw, 1024px\" \/><span aria-hidden=\"true\" class=\"wp-block-cover__background has-background-dim\"><\/span><div class=\"wp-block-cover__inner-container is-layout-flow wp-block-cover-is-layout-flow\">\n<h3 id=\"curso-para-a-1a-fase-da-oab\" class=\"titulo-assinatura\">Curso para a 1\u00aa Fase da OAB<\/h3>\n<p class=\"subtitulo-assinatura\" style=\"display:block!important; line-height: 0;\">Conhe\u00e7a os cursos!<\/p>\n<a target=\"_blank\" href=\"https:\/\/oab.estrategia.com\/concurso\/primeira-fase-46-exame\" rel=\"noopener\"><button style=\"border-radius: 10px; text-transform: capitalize;\">Acessar<\/button><\/a>\n<\/div><\/div>\n\n\n\n<div class=\"wp-block-group\"><div class=\"wp-block-group__inner-container is-layout-constrained wp-block-group-is-layout-constrained\">\n<div class=\"wp-block-cover\" style=\"min-height:84px;aspect-ratio:unset;\"><img decoding=\"async\" width=\"1160\" height=\"215\" class=\"wp-block-cover__image-background wp-image-15434\" alt=\"\" src=\"https:\/\/oab.estrategia.com\/portal\/wp-content\/uploads\/2025\/01\/31012626\/Banner-curso-de-ingles-no-seu-ritmo-vermelho-e-azul-moderno-1160-x-215-px.png\" style=\"object-position:100% 28%\" data-object-fit=\"cover\" data-object-position=\"100% 28%\" srcset=\"https:\/\/oab.estrategia.com\/portal\/wp-content\/uploads\/2025\/01\/31012626\/Banner-curso-de-ingles-no-seu-ritmo-vermelho-e-azul-moderno-1160-x-215-px.png 1160w, https:\/\/oab.estrategia.com\/portal\/wp-content\/uploads\/2025\/01\/31012626\/Banner-curso-de-ingles-no-seu-ritmo-vermelho-e-azul-moderno-1160-x-215-px-300x56.png 300w, https:\/\/oab.estrategia.com\/portal\/wp-content\/uploads\/2025\/01\/31012626\/Banner-curso-de-ingles-no-seu-ritmo-vermelho-e-azul-moderno-1160-x-215-px-1024x190.png 1024w, https:\/\/oab.estrategia.com\/portal\/wp-content\/uploads\/2025\/01\/31012626\/Banner-curso-de-ingles-no-seu-ritmo-vermelho-e-azul-moderno-1160-x-215-px-768x142.png 768w, https:\/\/oab.estrategia.com\/portal\/wp-content\/uploads\/2025\/01\/31012626\/Banner-curso-de-ingles-no-seu-ritmo-vermelho-e-azul-moderno-1160-x-215-px-380x70.png 380w, https:\/\/oab.estrategia.com\/portal\/wp-content\/uploads\/2025\/01\/31012626\/Banner-curso-de-ingles-no-seu-ritmo-vermelho-e-azul-moderno-1160-x-215-px-800x148.png 800w, https:\/\/oab.estrategia.com\/portal\/wp-content\/uploads\/2025\/01\/31012626\/Banner-curso-de-ingles-no-seu-ritmo-vermelho-e-azul-moderno-1160-x-215-px-150x28.png 150w\" sizes=\"(max-width: 1160px) 100vw, 1160px\" \/><span aria-hidden=\"true\" class=\"wp-block-cover__background has-background-dim\"><\/span><div class=\"wp-block-cover__inner-container is-layout-flow wp-block-cover-is-layout-flow\">\n<h3 id=\"cursos-para-a-2a-fase-da-oab\" class=\"titulo-assinatura\">Cursos para a 2\u00aa Fase da OAB<\/h3>\n<p class=\"subtitulo-assinatura\" style=\"display:block!important; line-height: 0;\">Conhe\u00e7a os cursos!<\/p>\n<a target=\"_blank\" href=\"https:\/\/oab.estrategia.com\/concursos\/cursos\/segunda-fase-oab\" rel=\"noopener\"><button style=\"border-radius: 10px; text-transform: capitalize;\">Acessar<\/button><\/a>\n<\/div><\/div>\n<\/div><\/div>\n\n\n\n<p class=\"has-text-align-center\"><strong>Nossas redes sociais<\/strong><\/p>\n\n\n\n<p class=\"has-text-align-center has-pale-cyan-blue-background-color has-background\"><a href=\"https:\/\/www.instagram.com\/estrategiaoab\/\" target=\"_blank\" >Instagram Estrat\u00e9gia OAB<\/a><\/p>\n\n\n\n<p class=\"has-text-align-center has-light-green-cyan-background-color has-background\"><a href=\"https:\/\/www.youtube.com\/channel\/UC7rgrKTSF5aOrBGWOw60ovw\" target=\"_blank\" >YouTube do Estrat\u00e9gia OAB<\/a><\/p>\n\n\n\n<p class=\"has-text-align-center\"><strong>Grupo de Telegram para a OAB<\/strong><\/p>\n\n\n\n<p class=\"has-text-align-center has-very-light-gray-background-color has-background\"><a href=\"http:\/\/bit.ly\/TelegramOAB\" target=\"_blank\" >Inscreva-se no nosso grupo do Telegram<\/a><\/p>\n","protected":false},"excerpt":{"rendered":"Direito de Fam\u00edlia na OAB\n","protected":false},"author":111,"featured_media":13159,"comment_status":"open","ping_status":"open","sticky":false,"template":"","format":"standard","meta":{"_jetpack_memberships_contains_paid_content":false,"footnotes":""},"categories":[30,31,1,34],"tags":[],"class_list":{"0":"post-13052","1":"post","2":"type-post","3":"status-publish","4":"format-standard","5":"has-post-thumbnail","7":"category-1a-fase-oab","8":"category-2a-fase-oab","9":"category-carreira","10":"category-simulados"},"acf":[],"yoast_head":"<!-- This site is optimized with the Yoast SEO Premium plugin v26.2 (Yoast SEO v27.4) - https:\/\/yoast.com\/product\/yoast-seo-premium-wordpress\/ -->\n<title>Direito de Fam\u00edlia: Saiba o que mais cai na prova da OAB<\/title>\n<meta name=\"description\" content=\"Fique por dentro dos assuntos que mais caem na prova da OAB dentro do conte\u00fado de Direito Civil que envolvem Direito de Fam\u00edlia.\" \/>\n<meta name=\"robots\" content=\"index, follow, max-snippet:-1, max-image-preview:large, max-video-preview:-1\" \/>\n<link rel=\"canonical\" href=\"https:\/\/oab.estrategia.com\/portal\/direito-de-familia\/\" \/>\n<meta property=\"og:locale\" content=\"pt_BR\" \/>\n<meta property=\"og:type\" content=\"article\" \/>\n<meta property=\"og:title\" content=\"DIREITO DE FAM\u00cdLIA: O QUE MAIS CAI NA PROVA DA OAB?\" \/>\n<meta property=\"og:description\" content=\"Fique por dentro dos assuntos que mais caem na prova da OAB dentro do conte\u00fado de Direito Civil que envolvem Direito de Fam\u00edlia.\" \/>\n<meta property=\"og:url\" content=\"https:\/\/oab.estrategia.com\/portal\/direito-de-familia\/\" \/>\n<meta property=\"og:site_name\" content=\"Blog - OAB - Estrat\u00e9gia\" \/>\n<meta property=\"article:publisher\" content=\"https:\/\/www.facebook.com\/estrategiaoab\/\" \/>\n<meta property=\"article:published_time\" content=\"2024-09-24T01:42:03+00:00\" \/>\n<meta property=\"article:modified_time\" content=\"2024-09-25T23:26:39+00:00\" \/>\n<meta property=\"og:image\" content=\"https:\/\/oab.estrategia.com\/portal\/wp-content\/uploads\/2024\/09\/23223401\/DIREITO-DE-FAMILIA.webp\" \/>\n\t<meta property=\"og:image:width\" content=\"1024\" \/>\n\t<meta property=\"og:image:height\" content=\"1024\" \/>\n\t<meta property=\"og:image:type\" content=\"image\/webp\" \/>\n<meta name=\"author\" content=\"Luciana Garrett\" \/>\n<meta name=\"twitter:card\" content=\"summary_large_image\" \/>\n<meta name=\"twitter:creator\" content=\"@estrategiaoab\" \/>\n<meta name=\"twitter:site\" content=\"@estrategiaoab\" \/>\n<meta name=\"twitter:label1\" content=\"Escrito por\" \/>\n\t<meta name=\"twitter:data1\" content=\"Luciana Garrett\" \/>\n\t<meta name=\"twitter:label2\" content=\"Est. tempo de leitura\" \/>\n\t<meta name=\"twitter:data2\" content=\"31 minutos\" \/>\n<script type=\"application\/ld+json\" class=\"yoast-schema-graph\">{\"@context\":\"https:\\\/\\\/schema.org\",\"@graph\":[{\"@type\":\"Article\",\"@id\":\"https:\\\/\\\/oab.estrategia.com\\\/portal\\\/direito-de-familia\\\/#article\",\"isPartOf\":{\"@id\":\"https:\\\/\\\/oab.estrategia.com\\\/portal\\\/direito-de-familia\\\/\"},\"author\":{\"name\":\"Luciana Garrett\",\"@id\":\"https:\\\/\\\/oab.estrategia.com\\\/portal\\\/#\\\/schema\\\/person\\\/8d30391f1479d68429b2e0b88f1daea4\"},\"headline\":\"DIREITO DE FAM\u00cdLIA: O QUE MAIS CAI NA PROVA DA OAB?\",\"datePublished\":\"2024-09-24T01:42:03+00:00\",\"dateModified\":\"2024-09-25T23:26:39+00:00\",\"mainEntityOfPage\":{\"@id\":\"https:\\\/\\\/oab.estrategia.com\\\/portal\\\/direito-de-familia\\\/\"},\"wordCount\":1976,\"commentCount\":0,\"publisher\":{\"@id\":\"https:\\\/\\\/oab.estrategia.com\\\/portal\\\/#organization\"},\"image\":{\"@id\":\"https:\\\/\\\/oab.estrategia.com\\\/portal\\\/direito-de-familia\\\/#primaryimage\"},\"thumbnailUrl\":\"https:\\\/\\\/oab.estrategia.com\\\/portal\\\/wp-content\\\/uploads\\\/2024\\\/09\\\/23223401\\\/DIREITO-DE-FAMILIA.webp\",\"articleSection\":[\"1\u00aa Fase OAB\",\"2\u00aa Fase OAB\",\"Carreira\",\"Simulados OAB\"],\"inLanguage\":\"pt-BR\",\"potentialAction\":[{\"@type\":\"CommentAction\",\"name\":\"Comment\",\"target\":[\"https:\\\/\\\/oab.estrategia.com\\\/portal\\\/direito-de-familia\\\/#respond\"]}]},{\"@type\":\"WebPage\",\"@id\":\"https:\\\/\\\/oab.estrategia.com\\\/portal\\\/direito-de-familia\\\/\",\"url\":\"https:\\\/\\\/oab.estrategia.com\\\/portal\\\/direito-de-familia\\\/\",\"name\":\"Direito de Fam\u00edlia: Saiba o que mais cai na prova da OAB\",\"isPartOf\":{\"@id\":\"https:\\\/\\\/oab.estrategia.com\\\/portal\\\/#website\"},\"primaryImageOfPage\":{\"@id\":\"https:\\\/\\\/oab.estrategia.com\\\/portal\\\/direito-de-familia\\\/#primaryimage\"},\"image\":{\"@id\":\"https:\\\/\\\/oab.estrategia.com\\\/portal\\\/direito-de-familia\\\/#primaryimage\"},\"thumbnailUrl\":\"https:\\\/\\\/oab.estrategia.com\\\/portal\\\/wp-content\\\/uploads\\\/2024\\\/09\\\/23223401\\\/DIREITO-DE-FAMILIA.webp\",\"datePublished\":\"2024-09-24T01:42:03+00:00\",\"dateModified\":\"2024-09-25T23:26:39+00:00\",\"description\":\"Fique por dentro dos assuntos que mais caem na prova da OAB dentro do conte\u00fado de Direito Civil que envolvem Direito de Fam\u00edlia.\",\"breadcrumb\":{\"@id\":\"https:\\\/\\\/oab.estrategia.com\\\/portal\\\/direito-de-familia\\\/#breadcrumb\"},\"inLanguage\":\"pt-BR\",\"potentialAction\":[{\"@type\":\"ReadAction\",\"target\":[\"https:\\\/\\\/oab.estrategia.com\\\/portal\\\/direito-de-familia\\\/\"]}]},{\"@type\":\"ImageObject\",\"inLanguage\":\"pt-BR\",\"@id\":\"https:\\\/\\\/oab.estrategia.com\\\/portal\\\/direito-de-familia\\\/#primaryimage\",\"url\":\"https:\\\/\\\/oab.estrategia.com\\\/portal\\\/wp-content\\\/uploads\\\/2024\\\/09\\\/23223401\\\/DIREITO-DE-FAMILIA.webp\",\"contentUrl\":\"https:\\\/\\\/oab.estrategia.com\\\/portal\\\/wp-content\\\/uploads\\\/2024\\\/09\\\/23223401\\\/DIREITO-DE-FAMILIA.webp\",\"width\":1024,\"height\":1024,\"caption\":\"Direito de Fam\u00edlia na OAB\"},{\"@type\":\"BreadcrumbList\",\"@id\":\"https:\\\/\\\/oab.estrategia.com\\\/portal\\\/direito-de-familia\\\/#breadcrumb\",\"itemListElement\":[{\"@type\":\"ListItem\",\"position\":1,\"name\":\"In\u00edcio\",\"item\":\"https:\\\/\\\/oab.estrategia.com\\\/portal\\\/\"},{\"@type\":\"ListItem\",\"position\":2,\"name\":\"DIREITO DE FAM\u00cdLIA: O QUE MAIS CAI NA PROVA DA OAB?\"}]},{\"@type\":\"WebSite\",\"@id\":\"https:\\\/\\\/oab.estrategia.com\\\/portal\\\/#website\",\"url\":\"https:\\\/\\\/oab.estrategia.com\\\/portal\\\/\",\"name\":\"Blog - OAB - Estrat\u00e9gia\",\"description\":\"Blog OAB - Estrat\u00e9gia Concursos\",\"publisher\":{\"@id\":\"https:\\\/\\\/oab.estrategia.com\\\/portal\\\/#organization\"},\"potentialAction\":[{\"@type\":\"SearchAction\",\"target\":{\"@type\":\"EntryPoint\",\"urlTemplate\":\"https:\\\/\\\/oab.estrategia.com\\\/portal\\\/?s={search_term_string}\"},\"query-input\":{\"@type\":\"PropertyValueSpecification\",\"valueRequired\":true,\"valueName\":\"search_term_string\"}}],\"inLanguage\":\"pt-BR\"},{\"@type\":\"Organization\",\"@id\":\"https:\\\/\\\/oab.estrategia.com\\\/portal\\\/#organization\",\"name\":\"Estrat\u00e9gia Concursos\",\"url\":\"https:\\\/\\\/oab.estrategia.com\\\/portal\\\/\",\"logo\":{\"@type\":\"ImageObject\",\"inLanguage\":\"pt-BR\",\"@id\":\"https:\\\/\\\/oab.estrategia.com\\\/portal\\\/#\\\/schema\\\/logo\\\/image\\\/\",\"url\":\"https:\\\/\\\/oab.estrategia.com\\\/portal\\\/wp-content\\\/uploads\\\/2022\\\/04\\\/06103601\\\/oab-icone-2.png\",\"contentUrl\":\"https:\\\/\\\/oab.estrategia.com\\\/portal\\\/wp-content\\\/uploads\\\/2022\\\/04\\\/06103601\\\/oab-icone-2.png\",\"width\":900,\"height\":900,\"caption\":\"Estrat\u00e9gia Concursos\"},\"image\":{\"@id\":\"https:\\\/\\\/oab.estrategia.com\\\/portal\\\/#\\\/schema\\\/logo\\\/image\\\/\"},\"sameAs\":[\"https:\\\/\\\/www.facebook.com\\\/estrategiaoab\\\/\",\"https:\\\/\\\/x.com\\\/estrategiaoab\",\"https:\\\/\\\/www.instagram.com\\\/estrategiaoab\\\/\",\"https:\\\/\\\/www.youtube.com\\\/EstrategiaOAB\"]},{\"@type\":\"Person\",\"@id\":\"https:\\\/\\\/oab.estrategia.com\\\/portal\\\/#\\\/schema\\\/person\\\/8d30391f1479d68429b2e0b88f1daea4\",\"name\":\"Luciana Garrett\",\"image\":{\"@type\":\"ImageObject\",\"inLanguage\":\"pt-BR\",\"@id\":\"https:\\\/\\\/secure.gravatar.com\\\/avatar\\\/ccc3be1c0f1da9d522ffa2ca8117153e1617c7701505963ae5755c315849baf7?s=96&d=mm&r=g\",\"url\":\"https:\\\/\\\/secure.gravatar.com\\\/avatar\\\/ccc3be1c0f1da9d522ffa2ca8117153e1617c7701505963ae5755c315849baf7?s=96&d=mm&r=g\",\"contentUrl\":\"https:\\\/\\\/secure.gravatar.com\\\/avatar\\\/ccc3be1c0f1da9d522ffa2ca8117153e1617c7701505963ae5755c315849baf7?s=96&d=mm&r=g\",\"caption\":\"Luciana Garrett\"},\"description\":\"Advogada Civilista, Consultora Jur\u00eddica, Professora, Mentora e Palestrante. Sou Especialista em Direito P\u00fablico pela Faculdade Est\u00e1cio e estou cursando uma P\u00f3s-Gradua\u00e7\u00e3o na \u00e1rea de Direito M\u00e9dico pela EBRADI.\",\"url\":\"https:\\\/\\\/oab.estrategia.com\\\/portal\\\/author\\\/luciana-garrett\\\/\"}]}<\/script>\n<!-- \/ Yoast SEO Premium plugin. -->","yoast_head_json":{"title":"Direito de Fam\u00edlia: Saiba o que mais cai na prova da OAB","description":"Fique por dentro dos assuntos que mais caem na prova da OAB dentro do conte\u00fado de Direito Civil que envolvem Direito de Fam\u00edlia.","robots":{"index":"index","follow":"follow","max-snippet":"max-snippet:-1","max-image-preview":"max-image-preview:large","max-video-preview":"max-video-preview:-1"},"canonical":"https:\/\/oab.estrategia.com\/portal\/direito-de-familia\/","og_locale":"pt_BR","og_type":"article","og_title":"DIREITO DE FAM\u00cdLIA: O QUE MAIS CAI NA PROVA DA OAB?","og_description":"Fique por dentro dos assuntos que mais caem na prova da OAB dentro do conte\u00fado de Direito Civil que envolvem Direito de Fam\u00edlia.","og_url":"https:\/\/oab.estrategia.com\/portal\/direito-de-familia\/","og_site_name":"Blog - OAB - Estrat\u00e9gia","article_publisher":"https:\/\/www.facebook.com\/estrategiaoab\/","article_published_time":"2024-09-24T01:42:03+00:00","article_modified_time":"2024-09-25T23:26:39+00:00","og_image":[{"width":1024,"height":1024,"url":"https:\/\/oab.estrategia.com\/portal\/wp-content\/uploads\/2024\/09\/23223401\/DIREITO-DE-FAMILIA.webp","type":"image\/webp"}],"author":"Luciana Garrett","twitter_card":"summary_large_image","twitter_creator":"@estrategiaoab","twitter_site":"@estrategiaoab","twitter_misc":{"Escrito por":"Luciana Garrett","Est. tempo de leitura":"31 minutos"},"schema":{"@context":"https:\/\/schema.org","@graph":[{"@type":"Article","@id":"https:\/\/oab.estrategia.com\/portal\/direito-de-familia\/#article","isPartOf":{"@id":"https:\/\/oab.estrategia.com\/portal\/direito-de-familia\/"},"author":{"name":"Luciana Garrett","@id":"https:\/\/oab.estrategia.com\/portal\/#\/schema\/person\/8d30391f1479d68429b2e0b88f1daea4"},"headline":"DIREITO DE FAM\u00cdLIA: O QUE MAIS CAI NA PROVA DA OAB?","datePublished":"2024-09-24T01:42:03+00:00","dateModified":"2024-09-25T23:26:39+00:00","mainEntityOfPage":{"@id":"https:\/\/oab.estrategia.com\/portal\/direito-de-familia\/"},"wordCount":1976,"commentCount":0,"publisher":{"@id":"https:\/\/oab.estrategia.com\/portal\/#organization"},"image":{"@id":"https:\/\/oab.estrategia.com\/portal\/direito-de-familia\/#primaryimage"},"thumbnailUrl":"https:\/\/oab.estrategia.com\/portal\/wp-content\/uploads\/2024\/09\/23223401\/DIREITO-DE-FAMILIA.webp","articleSection":["1\u00aa Fase OAB","2\u00aa Fase OAB","Carreira","Simulados OAB"],"inLanguage":"pt-BR","potentialAction":[{"@type":"CommentAction","name":"Comment","target":["https:\/\/oab.estrategia.com\/portal\/direito-de-familia\/#respond"]}]},{"@type":"WebPage","@id":"https:\/\/oab.estrategia.com\/portal\/direito-de-familia\/","url":"https:\/\/oab.estrategia.com\/portal\/direito-de-familia\/","name":"Direito de Fam\u00edlia: Saiba o que mais cai na prova da OAB","isPartOf":{"@id":"https:\/\/oab.estrategia.com\/portal\/#website"},"primaryImageOfPage":{"@id":"https:\/\/oab.estrategia.com\/portal\/direito-de-familia\/#primaryimage"},"image":{"@id":"https:\/\/oab.estrategia.com\/portal\/direito-de-familia\/#primaryimage"},"thumbnailUrl":"https:\/\/oab.estrategia.com\/portal\/wp-content\/uploads\/2024\/09\/23223401\/DIREITO-DE-FAMILIA.webp","datePublished":"2024-09-24T01:42:03+00:00","dateModified":"2024-09-25T23:26:39+00:00","description":"Fique por dentro dos assuntos que mais caem na prova da OAB dentro do conte\u00fado de Direito Civil que envolvem Direito de Fam\u00edlia.","breadcrumb":{"@id":"https:\/\/oab.estrategia.com\/portal\/direito-de-familia\/#breadcrumb"},"inLanguage":"pt-BR","potentialAction":[{"@type":"ReadAction","target":["https:\/\/oab.estrategia.com\/portal\/direito-de-familia\/"]}]},{"@type":"ImageObject","inLanguage":"pt-BR","@id":"https:\/\/oab.estrategia.com\/portal\/direito-de-familia\/#primaryimage","url":"https:\/\/oab.estrategia.com\/portal\/wp-content\/uploads\/2024\/09\/23223401\/DIREITO-DE-FAMILIA.webp","contentUrl":"https:\/\/oab.estrategia.com\/portal\/wp-content\/uploads\/2024\/09\/23223401\/DIREITO-DE-FAMILIA.webp","width":1024,"height":1024,"caption":"Direito de Fam\u00edlia na OAB"},{"@type":"BreadcrumbList","@id":"https:\/\/oab.estrategia.com\/portal\/direito-de-familia\/#breadcrumb","itemListElement":[{"@type":"ListItem","position":1,"name":"In\u00edcio","item":"https:\/\/oab.estrategia.com\/portal\/"},{"@type":"ListItem","position":2,"name":"DIREITO DE FAM\u00cdLIA: O QUE MAIS CAI NA PROVA DA OAB?"}]},{"@type":"WebSite","@id":"https:\/\/oab.estrategia.com\/portal\/#website","url":"https:\/\/oab.estrategia.com\/portal\/","name":"Blog - OAB - Estrat\u00e9gia","description":"Blog OAB - Estrat\u00e9gia Concursos","publisher":{"@id":"https:\/\/oab.estrategia.com\/portal\/#organization"},"potentialAction":[{"@type":"SearchAction","target":{"@type":"EntryPoint","urlTemplate":"https:\/\/oab.estrategia.com\/portal\/?s={search_term_string}"},"query-input":{"@type":"PropertyValueSpecification","valueRequired":true,"valueName":"search_term_string"}}],"inLanguage":"pt-BR"},{"@type":"Organization","@id":"https:\/\/oab.estrategia.com\/portal\/#organization","name":"Estrat\u00e9gia Concursos","url":"https:\/\/oab.estrategia.com\/portal\/","logo":{"@type":"ImageObject","inLanguage":"pt-BR","@id":"https:\/\/oab.estrategia.com\/portal\/#\/schema\/logo\/image\/","url":"https:\/\/oab.estrategia.com\/portal\/wp-content\/uploads\/2022\/04\/06103601\/oab-icone-2.png","contentUrl":"https:\/\/oab.estrategia.com\/portal\/wp-content\/uploads\/2022\/04\/06103601\/oab-icone-2.png","width":900,"height":900,"caption":"Estrat\u00e9gia Concursos"},"image":{"@id":"https:\/\/oab.estrategia.com\/portal\/#\/schema\/logo\/image\/"},"sameAs":["https:\/\/www.facebook.com\/estrategiaoab\/","https:\/\/x.com\/estrategiaoab","https:\/\/www.instagram.com\/estrategiaoab\/","https:\/\/www.youtube.com\/EstrategiaOAB"]},{"@type":"Person","@id":"https:\/\/oab.estrategia.com\/portal\/#\/schema\/person\/8d30391f1479d68429b2e0b88f1daea4","name":"Luciana Garrett","image":{"@type":"ImageObject","inLanguage":"pt-BR","@id":"https:\/\/secure.gravatar.com\/avatar\/ccc3be1c0f1da9d522ffa2ca8117153e1617c7701505963ae5755c315849baf7?s=96&d=mm&r=g","url":"https:\/\/secure.gravatar.com\/avatar\/ccc3be1c0f1da9d522ffa2ca8117153e1617c7701505963ae5755c315849baf7?s=96&d=mm&r=g","contentUrl":"https:\/\/secure.gravatar.com\/avatar\/ccc3be1c0f1da9d522ffa2ca8117153e1617c7701505963ae5755c315849baf7?s=96&d=mm&r=g","caption":"Luciana Garrett"},"description":"Advogada Civilista, Consultora Jur\u00eddica, Professora, Mentora e Palestrante. Sou Especialista em Direito P\u00fablico pela Faculdade Est\u00e1cio e estou cursando uma P\u00f3s-Gradua\u00e7\u00e3o na \u00e1rea de Direito M\u00e9dico pela EBRADI.","url":"https:\/\/oab.estrategia.com\/portal\/author\/luciana-garrett\/"}]}},"jetpack_featured_media_url":"https:\/\/oab.estrategia.com\/portal\/wp-content\/uploads\/2024\/09\/23223401\/DIREITO-DE-FAMILIA.webp","jetpack_sharing_enabled":true,"_links":{"self":[{"href":"https:\/\/oab.estrategia.com\/portal\/wp-json\/wp\/v2\/posts\/13052","targetHints":{"allow":["GET"]}}],"collection":[{"href":"https:\/\/oab.estrategia.com\/portal\/wp-json\/wp\/v2\/posts"}],"about":[{"href":"https:\/\/oab.estrategia.com\/portal\/wp-json\/wp\/v2\/types\/post"}],"author":[{"embeddable":true,"href":"https:\/\/oab.estrategia.com\/portal\/wp-json\/wp\/v2\/users\/111"}],"replies":[{"embeddable":true,"href":"https:\/\/oab.estrategia.com\/portal\/wp-json\/wp\/v2\/comments?post=13052"}],"version-history":[{"count":2,"href":"https:\/\/oab.estrategia.com\/portal\/wp-json\/wp\/v2\/posts\/13052\/revisions"}],"predecessor-version":[{"id":13160,"href":"https:\/\/oab.estrategia.com\/portal\/wp-json\/wp\/v2\/posts\/13052\/revisions\/13160"}],"wp:featuredmedia":[{"embeddable":true,"href":"https:\/\/oab.estrategia.com\/portal\/wp-json\/wp\/v2\/media\/13159"}],"wp:attachment":[{"href":"https:\/\/oab.estrategia.com\/portal\/wp-json\/wp\/v2\/media?parent=13052"}],"wp:term":[{"taxonomy":"category","embeddable":true,"href":"https:\/\/oab.estrategia.com\/portal\/wp-json\/wp\/v2\/categories?post=13052"},{"taxonomy":"post_tag","embeddable":true,"href":"https:\/\/oab.estrategia.com\/portal\/wp-json\/wp\/v2\/tags?post=13052"}],"curies":[{"name":"wp","href":"https:\/\/api.w.org\/{rel}","templated":true}]}}