{"id":14121,"date":"2024-11-19T20:31:58","date_gmt":"2024-11-19T23:31:58","guid":{"rendered":"https:\/\/oab.estrategia.com\/portal\/?p=14121"},"modified":"2024-12-01T12:55:58","modified_gmt":"2024-12-01T15:55:58","slug":"dia-consciencia-negra-prova-oab","status":"publish","type":"post","link":"https:\/\/oab.estrategia.com\/portal\/dia-consciencia-negra-prova-oab\/","title":{"rendered":"20 de novembro: dia da consci\u00eancia negra, como o combate ao racismo pode ser um tema cobrado na OAB"},"content":{"rendered":"\n<h2 class=\"wp-block-heading\" id=\"h-introducao\"><span id=\"introducao\">Introdu\u00e7\u00e3o<\/span><\/h2>\n\n\n\n<p>O feriado da Consci\u00eancia Negra, comemorado em <strong><mark style=\"background-color:rgba(0, 0, 0, 0);color:#7a3912\" class=\"has-inline-color\">20 de novembro<\/mark><\/strong>, foi institu\u00eddo para refletir sobre a luta contra o racismo e a valoriza\u00e7\u00e3o da cultura e hist\u00f3ria afro-brasileira. A data foi escolhida em homenagem a <strong><mark style=\"background-color:rgba(0, 0, 0, 0);color:#7a3912\" class=\"has-inline-color\">Zumbi dos Palmares<\/mark><\/strong>, l\u00edder do Quilombo dos Palmares, assassinado em 1695, que se tornou s\u00edmbolo de resist\u00eancia \u00e0 escravid\u00e3o e busca por liberdade.<\/p>\n\n\n\n<h2 class=\"wp-block-heading\" id=\"h-importancia-do-tema\"><span id=\"importancia-do-tema\">Import\u00e2ncia do tema<\/span><\/h2>\n\n\n\n<p>O feriado vai al\u00e9m de uma celebra\u00e7\u00e3o: \u00e9 uma oportunidade para <strong><mark style=\"background-color:rgba(0, 0, 0, 0);color:#7a3912\" class=\"has-inline-color\">revisitar a hist\u00f3ria de desigualdade racial no Brasil<\/mark><\/strong>, enfrentando quest\u00f5es como a viol\u00eancia estrutural e as barreiras de acesso aos direitos fundamentais.<\/p>\n\n\n\n<p>No campo jur\u00eddico, ele refor\u00e7a a necessidade de <strong>interpreta\u00e7\u00e3o inclusiva<\/strong> das normas, promovendo uma sociedade mais igualit\u00e1ria, conforme os <strong><mark style=\"background-color:rgba(0, 0, 0, 0);color:#7a3912\" class=\"has-inline-color\">princ\u00edpios de dignidade humana e n\u00e3o discrimina\u00e7\u00e3o<\/mark><\/strong> previstos na Constitui\u00e7\u00e3o Federal de 1988.<\/p>\n\n\n\n<h2 class=\"wp-block-heading\" id=\"h-o-que-temos-em-nossa-legislacao-sobre-o-tema\"><span id=\"o-que-temos-em-nossa-legislacao-sobre-o-tema\">O que temos em nossa legisla\u00e7\u00e3o sobre o tema<\/span><\/h2>\n\n\n\n<h3 class=\"wp-block-heading\" id=\"h-constituicao-federal\"><span id=\"constituicao-federal\">Constitui\u00e7\u00e3o Federal<\/span><\/h3>\n\n\n\n<p>Em nossa Constitui\u00e7\u00e3o Federal encontramos o mandado de criminaliza\u00e7\u00e3o que determina uma puni\u00e7\u00e3o mais r\u00edgida e gravosa \u00e0 pr\u00e1tica do racismo, demonstrando assim a sua relev\u00e2ncia, n\u00e3o s\u00f3 como garantia e prote\u00e7\u00e3o do respeito \u00e0 dignidade humana, independente de ra\u00e7a, cor, etnia, mas trazendo mais ainda a consci\u00eancia acerca da gravidade da conduta de se discriminar algu\u00e9m por quest\u00f5es raciais:<\/p>\n\n\n\n<pre class=\"wp-block-preformatted\">Art. 5\u00ba XLII \u2013 a pr\u00e1tica do racismo constitui crime inafian\u00e7\u00e1vel e imprescrit\u00edvel, sujeito \u00e0 pena de reclus\u00e3o, nos termos da lei;<\/pre>\n\n\n\n<h3 class=\"wp-block-heading\" id=\"h-lei-do-racismo\"><span id=\"lei-do-racismo\">Lei do Racismo<\/span><\/h3>\n\n\n\n<p>Em 5 de janeiro de 1989, foi promulgada a <strong><mark style=\"background-color:rgba(0, 0, 0, 0);color:#7a3912\" class=\"has-inline-color\">Lei n\u00ba 7.716<\/mark><\/strong>, que tipifica como crime a discrimina\u00e7\u00e3o racial, de cor, de religi\u00e3o ou de nacionalidade, prevendo san\u00e7\u00f5es penais para essas pr\u00e1ticas. Essa legisla\u00e7\u00e3o representou um marco na luta contra o preconceito racial no Brasil.<\/p>\n\n\n\n<div class=\"wp-block-media-text is-stacked-on-mobile\"><figure class=\"wp-block-media-text__media\"><img decoding=\"async\" width=\"836\" height=\"1024\" src=\"https:\/\/oab.estrategia.com\/portal\/wp-content\/uploads\/2024\/11\/19193643\/racismo-consciencia-negra-836x1024.jpg\" alt=\"dia da consciencia negra\" class=\"wp-image-14126 size-full\" srcset=\"https:\/\/oab.estrategia.com\/portal\/wp-content\/uploads\/2024\/11\/19193643\/racismo-consciencia-negra-836x1024.jpg 836w, https:\/\/oab.estrategia.com\/portal\/wp-content\/uploads\/2024\/11\/19193643\/racismo-consciencia-negra-245x300.jpg 245w, https:\/\/oab.estrategia.com\/portal\/wp-content\/uploads\/2024\/11\/19193643\/racismo-consciencia-negra-768x940.jpg 768w, https:\/\/oab.estrategia.com\/portal\/wp-content\/uploads\/2024\/11\/19193643\/racismo-consciencia-negra-1255x1536.jpg 1255w, https:\/\/oab.estrategia.com\/portal\/wp-content\/uploads\/2024\/11\/19193643\/racismo-consciencia-negra-1673x2048.jpg 1673w, https:\/\/oab.estrategia.com\/portal\/wp-content\/uploads\/2024\/11\/19193643\/racismo-consciencia-negra-380x465.jpg 380w, https:\/\/oab.estrategia.com\/portal\/wp-content\/uploads\/2024\/11\/19193643\/racismo-consciencia-negra-800x979.jpg 800w, https:\/\/oab.estrategia.com\/portal\/wp-content\/uploads\/2024\/11\/19193643\/racismo-consciencia-negra-1160x1420.jpg 1160w, https:\/\/oab.estrategia.com\/portal\/wp-content\/uploads\/2024\/11\/19193643\/racismo-consciencia-negra-150x184.jpg 150w, https:\/\/oab.estrategia.com\/portal\/wp-content\/uploads\/2024\/11\/19193643\/racismo-consciencia-negra-scaled.jpg 2091w\" sizes=\"(max-width: 836px) 100vw, 836px\" \/><\/figure><div class=\"wp-block-media-text__content\">\n<p>O conceito de racismo no Brasil vai al\u00e9m do disposto na Lei n\u00ba 7.716\/89, mas essa legisla\u00e7\u00e3o \u00e9 fundamental no combate ao racismo, sendo reconhecida como um <strong><mark style=\"background-color:rgba(0, 0, 0, 0);color:#7a3912\" class=\"has-inline-color\">macrossistema de prote\u00e7\u00e3o contra pr\u00e1ticas discriminat\u00f3rias<\/mark><\/strong>. Assim, a Lei traz uma s\u00e9rie de condutas tipificadas como crime de racismo, dentre elas destacamos a mais recente inclus\u00e3o: Inj\u00faria racial (art. 2\u00ba-A).<\/p>\n<\/div><\/div>\n\n\n\n<p>A inj\u00faria racial, presente na Lei 7.716\/89, sofreu uma <strong>transmuta\u00e7\u00e3o geogr\u00e1fica do tipo<\/strong>, ou seja, o que antes era previsto no C\u00f3digo Penal passou a ser prevista nessa lei espec\u00edfica. A reda\u00e7\u00e3o abrange ofensas \u00e0 dignidade ou decoro de algu\u00e9m em raz\u00e3o de ra\u00e7a, cor, etnia ou proced\u00eancia nacional. Importante destacar que, ao contr\u00e1rio do C\u00f3digo Penal, excluiu-se a men\u00e7\u00e3o \u00e0 religi\u00e3o.<\/p>\n\n\n\n<p>As penas para a inj\u00faria racial s\u00e3o de reclus\u00e3o de 2 a 5 anos, com acr\u00e9scimo de multa. O par\u00e1grafo \u00fanico prev\u00ea <strong>aumento da pena pela metade<\/strong> se o crime for cometido mediante o concurso de duas ou mais pessoas.<\/p>\n\n\n\n<p>\u00c9 certo que na legisla\u00e7\u00e3o especial encontramos diversas condutas discriminat\u00f3rias que v\u00e3o al\u00e9m da inj\u00faria racial. Mas, \u00e9 importante aqui mencionar a relev\u00e2ncia e import\u00e2ncia desse crime e suas novas implica\u00e7\u00f5es em raz\u00e3o da sua transfer\u00eancia do C\u00f3digo Penal para a Lei 7.716\/89, tais como a <strong><mark style=\"background-color:rgba(0, 0, 0, 0);color:#7a3912\" class=\"has-inline-color\">inafian\u00e7abilidade e imprescritibilidade<\/mark><\/strong> do crime, al\u00e9m de passar a ser um crime de <strong><mark style=\"background-color:rgba(0, 0, 0, 0);color:#7a3912\" class=\"has-inline-color\">a\u00e7\u00e3o p\u00fablica incondicionada<\/mark><\/strong>.<\/p>\n\n\n\n<h2 class=\"wp-block-heading\" id=\"h-e-na-oab-como-posso-me-deparar-com-o-tema\"><span id=\"e-na-oab-como-posso-me-deparar-com-o-tema\">E na OAB, como posso me deparar com o tema?<\/span><\/h2>\n\n\n\n<p>A probabilidade de cobran\u00e7a do tema &#8220;racismo&#8221; nos pr\u00f3ximos exames da OAB, tanto na primeira quanto na segunda fase, \u00e9 relevante, especialmente devido ao <strong><mark style=\"background-color:rgba(0, 0, 0, 0);color:#7a3912\" class=\"has-inline-color\">contexto social e legislativo brasileiro<\/mark><\/strong>, que tem enfatizado a discuss\u00e3o sobre quest\u00f5es raciais e direitos humanos.<\/p>\n\n\n\n<p>Ali\u00e1s, a banca FGV, que organiza o exame, frequentemente escolhe temas de alta relev\u00e2ncia jur\u00eddica e social para explorar aspectos t\u00e9cnicos e doutrin\u00e1rios, tornando o racismo e a <strong>Lei n\u00ba 7.716\/89<\/strong>\u00a0t\u00f3picos prov\u00e1veis de aparecer.<\/p>\n\n\n\n<p>O aumento da conscientiza\u00e7\u00e3o sobre racismo estrutural e decis\u00f5es judiciais recentes tornam o tema ainda mais pertinente.<\/p>\n\n\n\n<h2 class=\"wp-block-heading\" id=\"h-como-a-fgv-poderia-cobrar-o-tema\"><span id=\"como-a-fgv-poderia-cobrar-o-tema\">Como a FGV poderia cobrar o tema?<\/span><\/h2>\n\n\n\n<ol class=\"wp-block-list\">\n<li><strong>Primeira Fase (Prova Objetiva)<\/strong>:\n<ul class=\"wp-block-list\">\n<li><strong>Quest\u00f5es de Tipicidade Penal<\/strong>: perguntar sobre os crimes previstos na Lei n\u00ba 7.716\/89, como a conduta de &#8220;recusar ou impedir acesso a estabelecimento comercial&#8221; por motivos de ra\u00e7a ou cor (art. 4\u00ba).<\/li>\n\n\n\n<li><strong>Diferen\u00e7a entre Racismo e Inj\u00faria Racial<\/strong>: questionar o car\u00e1ter imprescrit\u00edvel e inafian\u00e7\u00e1vel do crime de racismo em compara\u00e7\u00e3o com inj\u00faria racial, abordando a equipara\u00e7\u00e3o pela jurisprud\u00eancia.<\/li>\n<\/ul>\n<\/li>\n\n\n\n<li><strong>Segunda Fase (Prova Discursiva)<\/strong>:\n<ul class=\"wp-block-list\">\n<li><strong>Pe\u00e7a Pr\u00e1tica<\/strong>: elabora\u00e7\u00e3o de uma defesa ou den\u00fancia envolvendo crime de racismo, com an\u00e1lise da aplicabilidade da Lei n\u00ba 7.716\/89.<\/li>\n\n\n\n<li><strong>Quest\u00e3o Discursiva<\/strong>: pedido para discutir a compet\u00eancia para julgar o crime de racismo, a imprescritibilidade da a\u00e7\u00e3o penal ou a equipara\u00e7\u00e3o de condutas an\u00e1logas, conforme decis\u00f5es do STF.<\/li>\n<\/ul>\n<\/li>\n<\/ol>\n\n\n\n<h2 class=\"wp-block-heading\" id=\"h-dicas\"><span id=\"dicas\">Dicas<\/span><\/h2>\n\n\n\n<ul class=\"wp-block-list\">\n<li>Estude a <strong>Lei n\u00ba 7.716\/89<\/strong>\u00a0com aten\u00e7\u00e3o aos seus dispositivos espec\u00edficos e peculiaridades, como os crimes previstos e suas penas.<\/li>\n\n\n\n<li>Acompanhe as jurisprud\u00eancias recentes, especialmente as decis\u00f5es do STF sobre inj\u00faria racial e racismo.<\/li>\n<\/ul>\n\n\n\n<p>Em resumo, esse <strong><a href=\"https:\/\/oab.estrategia.com\/#plans-session\" target=\"_blank\" >preparo estrat\u00e9gico<\/a><\/strong> aumenta suas chances de \u00eaxito, seja na resolu\u00e7\u00e3o de quest\u00f5es objetivas ou na elabora\u00e7\u00e3o de pe\u00e7as pr\u00e1ticas.<\/p>\n\n\n\n<h2 class=\"wp-block-heading\" id=\"h-referencias\"><span id=\"referencias\">Refer\u00eancias<\/span><\/h2>\n\n\n\n<ul class=\"wp-block-list\">\n<li>BRASIL. Lei n\u00ba 7.716, de 5 de janeiro de 1989. Define os crimes resultantes de preconceito de ra\u00e7a ou de cor. Bras\u00edlia, DF: Di\u00e1rio Oficial da Uni\u00e3o, 1989.<\/li>\n\n\n\n<li>CASTRO, Isabela. <strong>Conhe\u00e7a a origem do Dia da Consci\u00eancia Negra<\/strong>. Museu Regional de S\u00e3o Jo\u00e3o Del Rei. Dispon\u00edvel em: &lt;<a href=\"https:\/\/museuregionaldesaojoaodelrei.museus.gov.br\/conheca-a-origem-do-dia-da-consciencia-negra\/\">https:\/\/museuregionaldesaojoaodelrei.museus.gov.br\/conheca-a-origem-do-dia-da-consciencia-negra\/<\/a>>;<\/li>\n\n\n\n<li>PORF\u00cdRIO, Francisco. Consci\u00eancia negra. <strong>Brasil Escola<\/strong>. Dispon\u00edvel em: &lt;<a href=\"https:\/\/brasilescola.uol.com.br\/sociologia\/consciencia-negra.htm\">https:\/\/brasilescola.uol.com.br\/sociologia\/consciencia-negra.htm<\/a>>.<\/li>\n<\/ul>\n\n\n\n<hr class=\"wp-block-separator has-alpha-channel-opacity\"\/>\n\n\n\n<p class=\"has-text-align-center\"><strong>Nossas redes sociais<\/strong><\/p>\n\n\n\n<p class=\"has-text-align-center has-black-color has-pale-cyan-blue-background-color has-text-color has-background has-link-color has-medium-font-size wp-elements-2e026229bd2a7a653331e3adc6aabef4\"><a href=\"https:\/\/www.instagram.com\/estrategiaoab\/\" target=\"_blank\" >Instagram Estrat\u00e9gia OAB<\/a><\/p>\n\n\n\n<p class=\"has-text-align-center has-black-color has-light-green-cyan-background-color has-text-color has-background has-link-color has-medium-font-size wp-elements-d67442bbf0473a4dcae02563d61287f5\"><a href=\"https:\/\/www.youtube.com\/channel\/UC7rgrKTSF5aOrBGWOw60ovw\" target=\"_blank\" >YouTube Estrat\u00e9gia OAB<\/a><\/p>\n\n\n\n<p class=\"has-text-align-center has-black-color has-cyan-bluish-gray-background-color has-text-color has-background has-link-color has-medium-font-size wp-elements-f50e1bcb02706c1bac577839f0ead64d\"><a href=\"http:\/\/bit.ly\/TelegramOAB\" target=\"_blank\" >Inscreva-se no Telegram<\/a><\/p>\n\n\n\n<p><\/p>\n","protected":false},"excerpt":{"rendered":"Introdu\u00e7\u00e3o O feriado da Consci\u00eancia Negra, comemorado em 20 de novembro, foi institu\u00eddo para refletir sobre a luta&hellip;\n","protected":false},"author":114,"featured_media":14127,"comment_status":"open","ping_status":"open","sticky":false,"template":"","format":"standard","meta":{"_jetpack_memberships_contains_paid_content":false,"footnotes":""},"categories":[30,31,1],"tags":[190,189,187,188,58,191,192,100],"class_list":{"0":"post-14121","1":"post","2":"type-post","3":"status-publish","4":"format-standard","5":"has-post-thumbnail","7":"category-1a-fase-oab","8":"category-2a-fase-oab","9":"category-carreira","10":"tag-20-de-novembro","11":"tag-combate-ao-racismo","12":"tag-consciencia-negra","13":"tag-dia-da-consciencia-negra","14":"tag-exame-da-ordem","15":"tag-lei-do-racismo","16":"tag-lei-n-7716-89","17":"tag-prova-oab"},"acf":[],"yoast_head":"<!-- This site is optimized with the Yoast SEO Premium plugin v26.2 (Yoast SEO v27.4) - https:\/\/yoast.com\/product\/yoast-seo-premium-wordpress\/ -->\n<title>Dia da Consci\u00eancia Negra: como pode ser cobrado na prova OAB<\/title>\n<meta name=\"description\" content=\"O dia da Consci\u00eancia Negra refor\u00e7a a necessidade de interpreta\u00e7\u00e3o inclusiva das normas, promovendo uma sociedade mais igualit\u00e1ria.\" \/>\n<meta name=\"robots\" content=\"index, follow, max-snippet:-1, max-image-preview:large, max-video-preview:-1\" \/>\n<link rel=\"canonical\" href=\"https:\/\/oab.estrategia.com\/portal\/dia-consciencia-negra-prova-oab\/\" \/>\n<meta property=\"og:locale\" content=\"pt_BR\" \/>\n<meta property=\"og:type\" content=\"article\" \/>\n<meta property=\"og:title\" content=\"20 de novembro: dia da consci\u00eancia negra, como o combate ao racismo pode ser um tema cobrado na OAB\" \/>\n<meta property=\"og:description\" content=\"O dia da Consci\u00eancia Negra refor\u00e7a a necessidade de interpreta\u00e7\u00e3o inclusiva das normas, promovendo uma sociedade mais igualit\u00e1ria.\" \/>\n<meta property=\"og:url\" content=\"https:\/\/oab.estrategia.com\/portal\/dia-consciencia-negra-prova-oab\/\" \/>\n<meta property=\"og:site_name\" content=\"Blog - OAB - Estrat\u00e9gia\" \/>\n<meta property=\"article:publisher\" content=\"https:\/\/www.facebook.com\/estrategiaoab\/\" \/>\n<meta property=\"article:published_time\" content=\"2024-11-19T23:31:58+00:00\" \/>\n<meta property=\"article:modified_time\" content=\"2024-12-01T15:55:58+00:00\" \/>\n<meta property=\"og:image\" content=\"https:\/\/oab.estrategia.com\/portal\/portal\/wp-content\/uploads\/2024\/11\/19195113\/dia-consciencia-negra-luta.jpg\" \/>\n\t<meta property=\"og:image:width\" content=\"826\" \/>\n\t<meta property=\"og:image:height\" content=\"463\" \/>\n\t<meta property=\"og:image:type\" content=\"image\/jpeg\" \/>\n<meta name=\"author\" content=\"Kerolinne Barboza\" \/>\n<meta name=\"twitter:card\" content=\"summary_large_image\" \/>\n<meta name=\"twitter:creator\" content=\"@estrategiaoab\" \/>\n<meta name=\"twitter:site\" content=\"@estrategiaoab\" \/>\n<meta name=\"twitter:label1\" content=\"Escrito por\" \/>\n\t<meta name=\"twitter:data1\" content=\"Kerolinne Barboza\" \/>\n\t<meta name=\"twitter:label2\" content=\"Est. tempo de leitura\" \/>\n\t<meta name=\"twitter:data2\" content=\"5 minutos\" \/>\n<script type=\"application\/ld+json\" class=\"yoast-schema-graph\">{\"@context\":\"https:\\\/\\\/schema.org\",\"@graph\":[{\"@type\":\"Article\",\"@id\":\"https:\\\/\\\/oab.estrategia.com\\\/portal\\\/dia-consciencia-negra-prova-oab\\\/#article\",\"isPartOf\":{\"@id\":\"https:\\\/\\\/oab.estrategia.com\\\/portal\\\/dia-consciencia-negra-prova-oab\\\/\"},\"author\":{\"name\":\"Kerolinne Barboza\",\"@id\":\"https:\\\/\\\/oab.estrategia.com\\\/portal\\\/#\\\/schema\\\/person\\\/ac3b9c0b645de60e0b3feff3bcb01b0d\"},\"headline\":\"20 de novembro: dia da consci\u00eancia negra, como o combate ao racismo pode ser um tema cobrado na OAB\",\"datePublished\":\"2024-11-19T23:31:58+00:00\",\"dateModified\":\"2024-12-01T15:55:58+00:00\",\"mainEntityOfPage\":{\"@id\":\"https:\\\/\\\/oab.estrategia.com\\\/portal\\\/dia-consciencia-negra-prova-oab\\\/\"},\"wordCount\":965,\"commentCount\":0,\"publisher\":{\"@id\":\"https:\\\/\\\/oab.estrategia.com\\\/portal\\\/#organization\"},\"image\":{\"@id\":\"https:\\\/\\\/oab.estrategia.com\\\/portal\\\/dia-consciencia-negra-prova-oab\\\/#primaryimage\"},\"thumbnailUrl\":\"https:\\\/\\\/oab.estrategia.com\\\/portal\\\/wp-content\\\/uploads\\\/2024\\\/11\\\/19195113\\\/dia-consciencia-negra-luta.jpg\",\"keywords\":[\"20 de novembro\",\"combate ao racismo\",\"consci\u00eancia negra\",\"dia da consci\u00eancia negra\",\"Exame da Ordem\",\"Lei do Racismo\",\"Lei n. 7716\\\/89\",\"prova OAB\"],\"articleSection\":[\"1\u00aa Fase OAB\",\"2\u00aa Fase OAB\",\"Carreira\"],\"inLanguage\":\"pt-BR\",\"potentialAction\":[{\"@type\":\"CommentAction\",\"name\":\"Comment\",\"target\":[\"https:\\\/\\\/oab.estrategia.com\\\/portal\\\/dia-consciencia-negra-prova-oab\\\/#respond\"]}]},{\"@type\":\"WebPage\",\"@id\":\"https:\\\/\\\/oab.estrategia.com\\\/portal\\\/dia-consciencia-negra-prova-oab\\\/\",\"url\":\"https:\\\/\\\/oab.estrategia.com\\\/portal\\\/dia-consciencia-negra-prova-oab\\\/\",\"name\":\"Dia da Consci\u00eancia Negra: como pode ser cobrado na prova OAB\",\"isPartOf\":{\"@id\":\"https:\\\/\\\/oab.estrategia.com\\\/portal\\\/#website\"},\"primaryImageOfPage\":{\"@id\":\"https:\\\/\\\/oab.estrategia.com\\\/portal\\\/dia-consciencia-negra-prova-oab\\\/#primaryimage\"},\"image\":{\"@id\":\"https:\\\/\\\/oab.estrategia.com\\\/portal\\\/dia-consciencia-negra-prova-oab\\\/#primaryimage\"},\"thumbnailUrl\":\"https:\\\/\\\/oab.estrategia.com\\\/portal\\\/wp-content\\\/uploads\\\/2024\\\/11\\\/19195113\\\/dia-consciencia-negra-luta.jpg\",\"datePublished\":\"2024-11-19T23:31:58+00:00\",\"dateModified\":\"2024-12-01T15:55:58+00:00\",\"description\":\"O dia da Consci\u00eancia Negra refor\u00e7a a necessidade de interpreta\u00e7\u00e3o inclusiva das normas, promovendo uma sociedade mais igualit\u00e1ria.\",\"breadcrumb\":{\"@id\":\"https:\\\/\\\/oab.estrategia.com\\\/portal\\\/dia-consciencia-negra-prova-oab\\\/#breadcrumb\"},\"inLanguage\":\"pt-BR\",\"potentialAction\":[{\"@type\":\"ReadAction\",\"target\":[\"https:\\\/\\\/oab.estrategia.com\\\/portal\\\/dia-consciencia-negra-prova-oab\\\/\"]}]},{\"@type\":\"ImageObject\",\"inLanguage\":\"pt-BR\",\"@id\":\"https:\\\/\\\/oab.estrategia.com\\\/portal\\\/dia-consciencia-negra-prova-oab\\\/#primaryimage\",\"url\":\"https:\\\/\\\/oab.estrategia.com\\\/portal\\\/wp-content\\\/uploads\\\/2024\\\/11\\\/19195113\\\/dia-consciencia-negra-luta.jpg\",\"contentUrl\":\"https:\\\/\\\/oab.estrategia.com\\\/portal\\\/wp-content\\\/uploads\\\/2024\\\/11\\\/19195113\\\/dia-consciencia-negra-luta.jpg\",\"width\":826,\"height\":463},{\"@type\":\"BreadcrumbList\",\"@id\":\"https:\\\/\\\/oab.estrategia.com\\\/portal\\\/dia-consciencia-negra-prova-oab\\\/#breadcrumb\",\"itemListElement\":[{\"@type\":\"ListItem\",\"position\":1,\"name\":\"In\u00edcio\",\"item\":\"https:\\\/\\\/oab.estrategia.com\\\/portal\\\/\"},{\"@type\":\"ListItem\",\"position\":2,\"name\":\"20 de novembro: dia da consci\u00eancia negra, como o combate ao racismo pode ser um tema cobrado na OAB\"}]},{\"@type\":\"WebSite\",\"@id\":\"https:\\\/\\\/oab.estrategia.com\\\/portal\\\/#website\",\"url\":\"https:\\\/\\\/oab.estrategia.com\\\/portal\\\/\",\"name\":\"Blog - OAB - Estrat\u00e9gia\",\"description\":\"Blog OAB - Estrat\u00e9gia Concursos\",\"publisher\":{\"@id\":\"https:\\\/\\\/oab.estrategia.com\\\/portal\\\/#organization\"},\"potentialAction\":[{\"@type\":\"SearchAction\",\"target\":{\"@type\":\"EntryPoint\",\"urlTemplate\":\"https:\\\/\\\/oab.estrategia.com\\\/portal\\\/?s={search_term_string}\"},\"query-input\":{\"@type\":\"PropertyValueSpecification\",\"valueRequired\":true,\"valueName\":\"search_term_string\"}}],\"inLanguage\":\"pt-BR\"},{\"@type\":\"Organization\",\"@id\":\"https:\\\/\\\/oab.estrategia.com\\\/portal\\\/#organization\",\"name\":\"Estrat\u00e9gia Concursos\",\"url\":\"https:\\\/\\\/oab.estrategia.com\\\/portal\\\/\",\"logo\":{\"@type\":\"ImageObject\",\"inLanguage\":\"pt-BR\",\"@id\":\"https:\\\/\\\/oab.estrategia.com\\\/portal\\\/#\\\/schema\\\/logo\\\/image\\\/\",\"url\":\"https:\\\/\\\/oab.estrategia.com\\\/portal\\\/wp-content\\\/uploads\\\/2022\\\/04\\\/06103601\\\/oab-icone-2.png\",\"contentUrl\":\"https:\\\/\\\/oab.estrategia.com\\\/portal\\\/wp-content\\\/uploads\\\/2022\\\/04\\\/06103601\\\/oab-icone-2.png\",\"width\":900,\"height\":900,\"caption\":\"Estrat\u00e9gia Concursos\"},\"image\":{\"@id\":\"https:\\\/\\\/oab.estrategia.com\\\/portal\\\/#\\\/schema\\\/logo\\\/image\\\/\"},\"sameAs\":[\"https:\\\/\\\/www.facebook.com\\\/estrategiaoab\\\/\",\"https:\\\/\\\/x.com\\\/estrategiaoab\",\"https:\\\/\\\/www.instagram.com\\\/estrategiaoab\\\/\",\"https:\\\/\\\/www.youtube.com\\\/EstrategiaOAB\"]},{\"@type\":\"Person\",\"@id\":\"https:\\\/\\\/oab.estrategia.com\\\/portal\\\/#\\\/schema\\\/person\\\/ac3b9c0b645de60e0b3feff3bcb01b0d\",\"name\":\"Kerolinne Barboza\",\"image\":{\"@type\":\"ImageObject\",\"inLanguage\":\"pt-BR\",\"@id\":\"https:\\\/\\\/secure.gravatar.com\\\/avatar\\\/4c87bba9d06fba54bfad883fdccc88d1b96465c3ed5b115da067fc2786a63887?s=96&d=mm&r=g\",\"url\":\"https:\\\/\\\/secure.gravatar.com\\\/avatar\\\/4c87bba9d06fba54bfad883fdccc88d1b96465c3ed5b115da067fc2786a63887?s=96&d=mm&r=g\",\"contentUrl\":\"https:\\\/\\\/secure.gravatar.com\\\/avatar\\\/4c87bba9d06fba54bfad883fdccc88d1b96465c3ed5b115da067fc2786a63887?s=96&d=mm&r=g\",\"caption\":\"Kerolinne Barboza\"},\"description\":\"Advogada. Mestre em Direito. Professora e Coaching no Estrat\u00e9gia OAB. Professora de gradua\u00e7\u00e3o, p\u00f3s gradua\u00e7\u00e3o e em cursos preparat\u00f3rios para concursos p\u00fablicos.\",\"url\":\"https:\\\/\\\/oab.estrategia.com\\\/portal\\\/author\\\/kerolinne-barboza\\\/\"}]}<\/script>\n<!-- \/ Yoast SEO Premium plugin. -->","yoast_head_json":{"title":"Dia da Consci\u00eancia Negra: como pode ser cobrado na prova OAB","description":"O dia da Consci\u00eancia Negra refor\u00e7a a necessidade de interpreta\u00e7\u00e3o inclusiva das normas, promovendo uma sociedade mais igualit\u00e1ria.","robots":{"index":"index","follow":"follow","max-snippet":"max-snippet:-1","max-image-preview":"max-image-preview:large","max-video-preview":"max-video-preview:-1"},"canonical":"https:\/\/oab.estrategia.com\/portal\/dia-consciencia-negra-prova-oab\/","og_locale":"pt_BR","og_type":"article","og_title":"20 de novembro: dia da consci\u00eancia negra, como o combate ao racismo pode ser um tema cobrado na OAB","og_description":"O dia da Consci\u00eancia Negra refor\u00e7a a necessidade de interpreta\u00e7\u00e3o inclusiva das normas, promovendo uma sociedade mais igualit\u00e1ria.","og_url":"https:\/\/oab.estrategia.com\/portal\/dia-consciencia-negra-prova-oab\/","og_site_name":"Blog - OAB - Estrat\u00e9gia","article_publisher":"https:\/\/www.facebook.com\/estrategiaoab\/","article_published_time":"2024-11-19T23:31:58+00:00","article_modified_time":"2024-12-01T15:55:58+00:00","og_image":[{"width":826,"height":463,"url":"https:\/\/oab.estrategia.com\/portal\/portal\/wp-content\/uploads\/2024\/11\/19195113\/dia-consciencia-negra-luta.jpg","type":"image\/jpeg"}],"author":"Kerolinne Barboza","twitter_card":"summary_large_image","twitter_creator":"@estrategiaoab","twitter_site":"@estrategiaoab","twitter_misc":{"Escrito por":"Kerolinne Barboza","Est. tempo de leitura":"5 minutos"},"schema":{"@context":"https:\/\/schema.org","@graph":[{"@type":"Article","@id":"https:\/\/oab.estrategia.com\/portal\/dia-consciencia-negra-prova-oab\/#article","isPartOf":{"@id":"https:\/\/oab.estrategia.com\/portal\/dia-consciencia-negra-prova-oab\/"},"author":{"name":"Kerolinne Barboza","@id":"https:\/\/oab.estrategia.com\/portal\/#\/schema\/person\/ac3b9c0b645de60e0b3feff3bcb01b0d"},"headline":"20 de novembro: dia da consci\u00eancia negra, como o combate ao racismo pode ser um tema cobrado na OAB","datePublished":"2024-11-19T23:31:58+00:00","dateModified":"2024-12-01T15:55:58+00:00","mainEntityOfPage":{"@id":"https:\/\/oab.estrategia.com\/portal\/dia-consciencia-negra-prova-oab\/"},"wordCount":965,"commentCount":0,"publisher":{"@id":"https:\/\/oab.estrategia.com\/portal\/#organization"},"image":{"@id":"https:\/\/oab.estrategia.com\/portal\/dia-consciencia-negra-prova-oab\/#primaryimage"},"thumbnailUrl":"https:\/\/oab.estrategia.com\/portal\/wp-content\/uploads\/2024\/11\/19195113\/dia-consciencia-negra-luta.jpg","keywords":["20 de novembro","combate ao racismo","consci\u00eancia negra","dia da consci\u00eancia negra","Exame da Ordem","Lei do Racismo","Lei n. 7716\/89","prova OAB"],"articleSection":["1\u00aa Fase OAB","2\u00aa Fase OAB","Carreira"],"inLanguage":"pt-BR","potentialAction":[{"@type":"CommentAction","name":"Comment","target":["https:\/\/oab.estrategia.com\/portal\/dia-consciencia-negra-prova-oab\/#respond"]}]},{"@type":"WebPage","@id":"https:\/\/oab.estrategia.com\/portal\/dia-consciencia-negra-prova-oab\/","url":"https:\/\/oab.estrategia.com\/portal\/dia-consciencia-negra-prova-oab\/","name":"Dia da Consci\u00eancia Negra: como pode ser cobrado na prova OAB","isPartOf":{"@id":"https:\/\/oab.estrategia.com\/portal\/#website"},"primaryImageOfPage":{"@id":"https:\/\/oab.estrategia.com\/portal\/dia-consciencia-negra-prova-oab\/#primaryimage"},"image":{"@id":"https:\/\/oab.estrategia.com\/portal\/dia-consciencia-negra-prova-oab\/#primaryimage"},"thumbnailUrl":"https:\/\/oab.estrategia.com\/portal\/wp-content\/uploads\/2024\/11\/19195113\/dia-consciencia-negra-luta.jpg","datePublished":"2024-11-19T23:31:58+00:00","dateModified":"2024-12-01T15:55:58+00:00","description":"O dia da Consci\u00eancia Negra refor\u00e7a a necessidade de interpreta\u00e7\u00e3o inclusiva das normas, promovendo uma sociedade mais igualit\u00e1ria.","breadcrumb":{"@id":"https:\/\/oab.estrategia.com\/portal\/dia-consciencia-negra-prova-oab\/#breadcrumb"},"inLanguage":"pt-BR","potentialAction":[{"@type":"ReadAction","target":["https:\/\/oab.estrategia.com\/portal\/dia-consciencia-negra-prova-oab\/"]}]},{"@type":"ImageObject","inLanguage":"pt-BR","@id":"https:\/\/oab.estrategia.com\/portal\/dia-consciencia-negra-prova-oab\/#primaryimage","url":"https:\/\/oab.estrategia.com\/portal\/wp-content\/uploads\/2024\/11\/19195113\/dia-consciencia-negra-luta.jpg","contentUrl":"https:\/\/oab.estrategia.com\/portal\/wp-content\/uploads\/2024\/11\/19195113\/dia-consciencia-negra-luta.jpg","width":826,"height":463},{"@type":"BreadcrumbList","@id":"https:\/\/oab.estrategia.com\/portal\/dia-consciencia-negra-prova-oab\/#breadcrumb","itemListElement":[{"@type":"ListItem","position":1,"name":"In\u00edcio","item":"https:\/\/oab.estrategia.com\/portal\/"},{"@type":"ListItem","position":2,"name":"20 de novembro: dia da consci\u00eancia negra, como o combate ao racismo pode ser um tema cobrado na OAB"}]},{"@type":"WebSite","@id":"https:\/\/oab.estrategia.com\/portal\/#website","url":"https:\/\/oab.estrategia.com\/portal\/","name":"Blog - OAB - Estrat\u00e9gia","description":"Blog OAB - Estrat\u00e9gia Concursos","publisher":{"@id":"https:\/\/oab.estrategia.com\/portal\/#organization"},"potentialAction":[{"@type":"SearchAction","target":{"@type":"EntryPoint","urlTemplate":"https:\/\/oab.estrategia.com\/portal\/?s={search_term_string}"},"query-input":{"@type":"PropertyValueSpecification","valueRequired":true,"valueName":"search_term_string"}}],"inLanguage":"pt-BR"},{"@type":"Organization","@id":"https:\/\/oab.estrategia.com\/portal\/#organization","name":"Estrat\u00e9gia Concursos","url":"https:\/\/oab.estrategia.com\/portal\/","logo":{"@type":"ImageObject","inLanguage":"pt-BR","@id":"https:\/\/oab.estrategia.com\/portal\/#\/schema\/logo\/image\/","url":"https:\/\/oab.estrategia.com\/portal\/wp-content\/uploads\/2022\/04\/06103601\/oab-icone-2.png","contentUrl":"https:\/\/oab.estrategia.com\/portal\/wp-content\/uploads\/2022\/04\/06103601\/oab-icone-2.png","width":900,"height":900,"caption":"Estrat\u00e9gia Concursos"},"image":{"@id":"https:\/\/oab.estrategia.com\/portal\/#\/schema\/logo\/image\/"},"sameAs":["https:\/\/www.facebook.com\/estrategiaoab\/","https:\/\/x.com\/estrategiaoab","https:\/\/www.instagram.com\/estrategiaoab\/","https:\/\/www.youtube.com\/EstrategiaOAB"]},{"@type":"Person","@id":"https:\/\/oab.estrategia.com\/portal\/#\/schema\/person\/ac3b9c0b645de60e0b3feff3bcb01b0d","name":"Kerolinne Barboza","image":{"@type":"ImageObject","inLanguage":"pt-BR","@id":"https:\/\/secure.gravatar.com\/avatar\/4c87bba9d06fba54bfad883fdccc88d1b96465c3ed5b115da067fc2786a63887?s=96&d=mm&r=g","url":"https:\/\/secure.gravatar.com\/avatar\/4c87bba9d06fba54bfad883fdccc88d1b96465c3ed5b115da067fc2786a63887?s=96&d=mm&r=g","contentUrl":"https:\/\/secure.gravatar.com\/avatar\/4c87bba9d06fba54bfad883fdccc88d1b96465c3ed5b115da067fc2786a63887?s=96&d=mm&r=g","caption":"Kerolinne Barboza"},"description":"Advogada. Mestre em Direito. Professora e Coaching no Estrat\u00e9gia OAB. Professora de gradua\u00e7\u00e3o, p\u00f3s gradua\u00e7\u00e3o e em cursos preparat\u00f3rios para concursos p\u00fablicos.","url":"https:\/\/oab.estrategia.com\/portal\/author\/kerolinne-barboza\/"}]}},"jetpack_featured_media_url":"https:\/\/oab.estrategia.com\/portal\/wp-content\/uploads\/2024\/11\/19195113\/dia-consciencia-negra-luta.jpg","jetpack_sharing_enabled":true,"_links":{"self":[{"href":"https:\/\/oab.estrategia.com\/portal\/wp-json\/wp\/v2\/posts\/14121","targetHints":{"allow":["GET"]}}],"collection":[{"href":"https:\/\/oab.estrategia.com\/portal\/wp-json\/wp\/v2\/posts"}],"about":[{"href":"https:\/\/oab.estrategia.com\/portal\/wp-json\/wp\/v2\/types\/post"}],"author":[{"embeddable":true,"href":"https:\/\/oab.estrategia.com\/portal\/wp-json\/wp\/v2\/users\/114"}],"replies":[{"embeddable":true,"href":"https:\/\/oab.estrategia.com\/portal\/wp-json\/wp\/v2\/comments?post=14121"}],"version-history":[{"count":3,"href":"https:\/\/oab.estrategia.com\/portal\/wp-json\/wp\/v2\/posts\/14121\/revisions"}],"predecessor-version":[{"id":14128,"href":"https:\/\/oab.estrategia.com\/portal\/wp-json\/wp\/v2\/posts\/14121\/revisions\/14128"}],"wp:featuredmedia":[{"embeddable":true,"href":"https:\/\/oab.estrategia.com\/portal\/wp-json\/wp\/v2\/media\/14127"}],"wp:attachment":[{"href":"https:\/\/oab.estrategia.com\/portal\/wp-json\/wp\/v2\/media?parent=14121"}],"wp:term":[{"taxonomy":"category","embeddable":true,"href":"https:\/\/oab.estrategia.com\/portal\/wp-json\/wp\/v2\/categories?post=14121"},{"taxonomy":"post_tag","embeddable":true,"href":"https:\/\/oab.estrategia.com\/portal\/wp-json\/wp\/v2\/tags?post=14121"}],"curies":[{"name":"wp","href":"https:\/\/api.w.org\/{rel}","templated":true}]}}