{"id":14384,"date":"2024-12-02T16:34:17","date_gmt":"2024-12-02T19:34:17","guid":{"rendered":"https:\/\/oab.estrategia.com\/portal\/?p=14384"},"modified":"2024-12-02T16:34:21","modified_gmt":"2024-12-02T19:34:21","slug":"prova-comentada-direito-da-crianca-e-do-adolescente-oab-42","status":"publish","type":"post","link":"https:\/\/oab.estrategia.com\/portal\/prova-comentada-direito-da-crianca-e-do-adolescente-oab-42\/","title":{"rendered":"Prova comentada Direito da Crian\u00e7a e do Adolescente OAB 42"},"content":{"rendered":"<a id=\"cta-icon\" href=\"https:\/\/sndflw.com\/i\/1-fase-da-oab-grupo\" target=\"blank\" style=\"background:rgb(174,10,11)\">\n            <img decoding=\"async\" src=\"https:\/\/oab.estrategia.com\/portal\/wp-content\/uploads\/2023\/12\/07160715\/whatsapp_1385.webp\" alt=\"\" alt=\"whatsapp_1385\"><span > Acesse agora o Grupo de Estudos para 1\u00aa fase da OAB<\/span><\/a>\n\n\n<a id=\"cta-icon\" href=\"https:\/\/sndflw.com\/i\/2-fase-da-oab-grupo\" target=\"blank\" style=\"background:rgb(174,10,11)\">\n            <img decoding=\"async\" src=\"https:\/\/oab.estrategia.com\/portal\/wp-content\/uploads\/2023\/12\/07160715\/whatsapp_1385.webp\" alt=\"\" alt=\"whatsapp_1385\"><span > Acesse agora o grupo de estudos para a 2\u00aa fase da OAB! <\/span><\/a>\n\n\n\n<p>Ol\u00e1, futuro Advogado(a), tudo certo?!<\/p>\n\n\n\n<p>Em 01\/12\/2024, foi aplicada a prova da primeira fase do <strong>XLII Exame da Ordem dos Advogados do Brasil<\/strong>. Assim que encerrada, nosso time de professores elaborou o gabarito extraoficial e analisou o gabarito oficial da FGV, os quais ser\u00e3o apresentados juntamente com a nossa <strong>PROVA COMENTADA<\/strong>.<\/p>\n\n\n\n<p>Este material visa a auxili\u00e1-los na aferi\u00e7\u00e3o das notas, elabora\u00e7\u00e3o de eventuais recursos, verifica\u00e7\u00e3o das chances de avan\u00e7o para fase discursiva, bem como na revis\u00e3o do conte\u00fado cobrado no certame.<\/p>\n\n\n\n<p>Desde j\u00e1, destacamos que nosso time de professores identificou 3 quest\u00f5es pass\u00edveis de recurso e\/ou anula\u00e7\u00e3o, por apresentar duas ou nenhuma alternativa correta.&nbsp; No tipo de prova comentado, trata-se da quest\u00e3o 25, 34 e 43.<\/p>\n\n\n\n<p>De modo complementar, elaboramos tamb\u00e9m um caderno para nossos seguidores, alunos ou n\u00e3o, observarem os coment\u00e1rios, e comentarem as quest\u00f5es da prova: <a href=\"https:\/\/oab.estrategia.com\/cadernos-e-simulados\/cadernos\/dfb2f85f-d1c5-4a01-abb8-fcb3c79e1bfe?page=1&amp;per_page=20\" target=\"_blank\" >Confira AQUI!<\/a><\/p>\n\n\n\n<p>Por fim, voc\u00eas poder\u00e3o acompanhar os eventos e cursos para a fase discursiva, bem como outras novidades envolvendo o Exame de Ordem no nosso canal do Youtube. Inscreva-se e ative as notifica\u00e7\u00f5es!<strong>&nbsp;&nbsp;<\/strong><a href=\"https:\/\/www.youtube.com\/@EstrategiaOAB\" target=\"_blank\" ><strong>Estrat\u00e9gia OAB &#8211; YouTube<\/strong><\/a><\/p>\n\n\n\n<p class=\"has-text-align-center has-white-color has-blush-bordeaux-gradient-background has-text-color has-background has-link-color wp-elements-ca6c68bb7400d17fe3df381a02c2d5af\"><strong><a href=\"https:\/\/oab.estrategia.com\/portal\/gabarito-extraoficial-oab-42o-exame\/\" target=\"_blank\" >Confira AQUI os coment\u00e1rios de todas as disciplinas<\/a><\/strong><\/p>\n\n\n\n<h2 class=\"wp-block-heading has-vivid-red-color has-text-color has-link-color wp-elements-43d93a280008b5225ba51868e8b99a39\" id=\"h-prova-comentada-direito-da-crianca-e-do-adolescente\"><span id=\"prova-comentada-direito-da-crianca-e-do-adolescente\">Prova Comentada Direito da Crian\u00e7a e do Adolescente<\/span><\/h2>\n\n\n\n<p><strong>QUEST\u00c3O 43. Jo\u00e3o, 14 anos, criou um perfil online para realizar apostas em sites de jogos de futebol, realizando-as sozinho e sem qualquer restri\u00e7\u00e3o.<\/strong><\/p>\n\n\n\n<p><strong>Sobre a possibilidade de responsabiliza\u00e7\u00e3o do site, assinale a afirmativa correta.<\/strong><\/p>\n\n\n\n<p><strong>a) N\u00e3o h\u00e1 il\u00edcito por parte do site, pois a maioridade n\u00e3o \u00e9 exigida para sua atividade.<\/strong><\/p>\n\n\n\n<p><strong>b) O site deve ser responsabilizado, pois cometeu infra\u00e7\u00e3o administrativa prevista no Estatuto da Crian\u00e7a e Adolescente.<\/strong><\/p>\n\n\n\n<p><strong>c) O site n\u00e3o deve ser responsabilizado, pois n\u00e3o \u00e9 exig\u00edvel o controle al\u00e9m da autodeclara\u00e7\u00e3o de maioridade, demandada em seu acesso.<\/strong><\/p>\n\n\n\n<p><strong>d) A atividade de aposta desenvolvida no site n\u00e3o se identifica, para fins de reprova\u00e7\u00e3o normativa, com a restri\u00e7\u00e3o de acesso imposta a crian\u00e7as e adolescentes \u00e0s casas de apostas, de modo que n\u00e3o h\u00e1 infra\u00e7\u00e3o por parte do site.<\/strong><\/p>\n\n\n\n<p><strong>Coment\u00e1rios<\/strong><\/p>\n\n\n\n<p>A alternativa correta \u00e9 a <strong>letra B,<\/strong> conforme gabarito preliminar divulgado pela banca. Por\u00e9m, acreditamos que a <strong>alternativa D<\/strong> tamb\u00e9m est\u00e1 correta, com base nos fundamentos a seguir.<\/p>\n\n\n\n<p>A alternativa A est\u00e1 incorreta, j\u00e1 que a maioridade \u00e9 exigida para sua atividade e ainda, caber\u00e1 \u00e0 empresa de apostas n\u00e3o permitir a entrega e perman\u00eancia de crian\u00e7as e adolescentes, nos termos do ECA: \u201cArt. 80. Os respons\u00e1veis por estabelecimentos que explorem comercialmente bilhar, sinuca ou cong\u00eanere ou por casas de jogos, assim entendidas as que realizem apostas, ainda que eventualmente, cuidar\u00e3o para que n\u00e3o seja permitida a entrada e a perman\u00eancia de crian\u00e7as e adolescentes no local, afixando aviso para orienta\u00e7\u00e3o do p\u00fablico\u201d.<\/p>\n\n\n\n<p>A alternativa B est\u00e1 correta, pois o empres\u00e1rio deixou de observar o que disp\u00f5e no ECA e n\u00e3o cumpriu o disposto no art. 80. Por tanto, o site deve ser responsabilizado, pois cometeu infra\u00e7\u00e3o administrativa prevista no Estatuto da Crian\u00e7a e Adolescente: \u201cArt. 258. Deixar o respons\u00e1vel pelo estabelecimento ou o empres\u00e1rio de observar o que disp\u00f5e esta Lei sobre o acesso de crian\u00e7a ou adolescente aos locais de divers\u00e3o, ou sobre sua participa\u00e7\u00e3o no espet\u00e1culo: Pena &#8211; multa de tr\u00eas a vinte sal\u00e1rios de refer\u00eancia; em caso de reincid\u00eancia, a autoridade judici\u00e1ria poder\u00e1 determinar o fechamento do estabelecimento por at\u00e9 quinze dias\u201d.<\/p>\n\n\n\n<p>A alternativa C est\u00e1 incorreta, j\u00e1 o ECA exige que os respons\u00e1veis por estabelecimentos que explorem comercialmente bilhar, sinuca ou cong\u00eanere ou por casas de jogos, assim entendidas as que realizem apostas, cuidem para que n\u00e3o seja permitida a entrada e a perman\u00eancia de crian\u00e7as e adolescentes no local.<\/p>\n\n\n\n<p>A alternativa D est\u00e1 correta, j\u00e1 que a responsabiliza\u00e7\u00e3o trazida pelo artigo 80 do ECA, est\u00e1 falando sobre apostas em eventos presenciais e n\u00e3o em eventos online, por tanto, n\u00e3o haveria a perfeita subsun\u00e7\u00e3o do fato que est\u00e1 sendo narrado no enunciado com o artigo 80 do ECA. \u00c9 uma interpreta\u00e7\u00e3o que amplia a literalidade da lei e entendendo que essas regras sobre apostas em espa\u00e7os f\u00edsicos podem ser utilizadas para apostas em s\u00edtios virtuais, nos leva a assinalar a alternativa B. Por tanto, se fosse feita uma interpreta\u00e7\u00e3o mais restritiva do ECA, se baseando na literalidade dos artigos, a alternativa correta seria a letra D.<\/p>\n\n\n\n<p><strong>QUEST\u00c3O 44. Roberta, 35 anos, descobriu que estava gr\u00e1vida e ficou muito preocupada, j\u00e1 que possui parcos recursos financeiros e acredita que n\u00e3o ser\u00e1 uma boa m\u00e3e. Essa ang\u00fastia desencadeou graves problemas que precisam ser tratados por meio de sess\u00f5es com psic\u00f3logo(a).<\/strong><\/p>\n\n\n\n<p><strong>Diante da falta de recursos financeiros para custear o profissional, Roberta lhe procura para obter orienta\u00e7\u00e3o jur\u00eddica.<\/strong><\/p>\n\n\n\n<p><strong>De acordo com o Estatuto da Crian\u00e7a e do Adolescente (ECA), assinale a orienta\u00e7\u00e3o correta para o caso.<\/strong><\/p>\n\n\n\n<p><strong>a) Roberta n\u00e3o possui direito a assist\u00eancia psicol\u00f3gica, por inexistir previs\u00e3o legal.<\/strong><\/p>\n\n\n\n<p><strong>b) O ECA garante o direito de assist\u00eancia psicol\u00f3gica apenas no per\u00edodo p\u00f3s-natal, caso se verifique que o estado puerperal pode prejudicar o desenvolvimento da crian\u00e7a.<\/strong><\/p>\n\n\n\n<p><strong>c) Roberta tem direito a assist\u00eancia psicol\u00f3gica durante a gesta\u00e7\u00e3o, no per\u00edodo pr\u00e9 e p\u00f3s-natal, inclusive como forma de prevenir ou minorar as consequ\u00eancias do estado puerperal, sendo essa incumb\u00eancia do poder p\u00fablico.<\/strong><\/p>\n\n\n\n<p><strong>d) De acordo com o ECA, o poder p\u00fablico deve proporcionar assist\u00eancia psicol\u00f3gica a Roberta enquanto estiver gestante. No per\u00edodo p\u00f3s-natal, como a crian\u00e7a estar\u00e1 fora de qualquer risco, o poder p\u00fablico n\u00e3o ter\u00e1 a obriga\u00e7\u00e3o de prestar assist\u00eancia psicol\u00f3gica.<\/strong><\/p>\n\n\n\n<p><strong>Coment\u00e1rios<\/strong><\/p>\n\n\n\n<p>A alternativa correta \u00e9 a <strong>letra C.<\/strong> A quest\u00e3o trata sobre o direito das gestantes, nos termos do ECA.A alternativa C est\u00e1 correta, j\u00e1 que Roberta possui direito a assist\u00eancia psicol\u00f3gica, nos termos do ECA:<strong> <\/strong>\u201cArt. 8\u00ba \u00c9 assegurado a todas as mulheres o acesso aos programas e \u00e0s pol\u00edticas de sa\u00fade da mulher e de planejamento reprodutivo e, \u00e0s gestantes, nutri\u00e7\u00e3o adequada, aten\u00e7\u00e3o humanizada \u00e0 gravidez, ao parto e ao puerp\u00e9rio e atendimento pr\u00e9-natal, perinatal e p\u00f3s-natal integral no \u00e2mbito do Sistema \u00danico de Sa\u00fade. \u00a0 \u00a7 4\u00ba Incumbe ao poder p\u00fablico proporcionar assist\u00eancia psicol\u00f3gica \u00e0 gestante e \u00e0 m\u00e3e, no per\u00edodo pr\u00e9 e p\u00f3s-natal, inclusive como forma de prevenir ou minorar as consequ\u00eancias do estado puerperal\u201d.<\/p>\n\n\n\n<h2 class=\"wp-block-heading has-text-align-center\" id=\"quer-saber-mais-sobre-o-exame-de-ordem-xxxiv\"><span id=\"quer-saber-mais-sobre-o-exame-de-ordem-42o-exame\">Quer saber mais sobre o Exame de Ordem 42\u00ba Exame? <\/span><\/h2>\n\n\n\n<p class=\"has-text-align-center has-background has-medium-font-size\" style=\"background-color:#f78da87d\"><a href=\"https:\/\/oab.estrategia.com\/portal\/prova-oab\/\" target=\"_blank\" ><strong>Prova OAB<\/strong><\/a><\/p>\n\n\n\n<p><\/p>\n\n\n\n<h2 class=\"wp-block-heading has-text-align-center\" id=\"grupo-de-telegram-para-a-oab\">Grupo de Telegram para a OAB<\/h2>\n\n\n\n<p class=\"has-text-align-center has-very-light-gray-background-color has-background\" style=\"font-size:25px\"><a href=\"http:\/\/bit.ly\/TelegramOAB\" target=\"_blank\" ><strong>Inscreva-se no nosso grupo do Telegram<\/strong><\/a><\/p>\n\n\n\n<h2 class=\"wp-block-heading has-text-align-center\" id=\"nossas-redes-sociais\">Nossas redes sociais<\/h2>\n\n\n\n<p class=\"has-text-align-center has-very-light-gray-background-color has-background\" style=\"font-size:22px\"><a  href=\"https:\/\/www.instagram.com\/estrategiaoab\/\" target=\"_blank\"><strong>Instagram Estrat\u00e9gia OAB<\/strong><\/a><\/p>\n\n\n\n<p class=\"has-text-align-center has-very-light-gray-background-color has-background\" style=\"font-size:22px\"><a href=\"https:\/\/www.youtube.com\/channel\/UC7rgrKTSF5aOrBGWOw60ovw\" target=\"_blank\" ><strong>YouTube do Estrat\u00e9gia OAB<\/strong><\/a><\/p>\n\n\n\n\n\n<div class=\"wp-block-cover\" style=\"min-height:147px;aspect-ratio:unset;\"><img decoding=\"async\" width=\"1024\" height=\"190\" class=\"wp-block-cover__image-background wp-image-963\" alt=\"1\u00aa fase do exame de ordem oab curso\" src=\"https:\/\/oab.estrategia.com\/portal\/wp-content\/uploads\/2022\/06\/20153604\/assinatura-curso-oab-primeira-fase-1024x190.jpg\" style=\"object-position:58% 29%\" data-object-fit=\"cover\" data-object-position=\"58% 29%\" srcset=\"https:\/\/oab.estrategia.com\/portal\/wp-content\/uploads\/2022\/06\/20153604\/assinatura-curso-oab-primeira-fase-1024x190.jpg 1024w, https:\/\/oab.estrategia.com\/portal\/wp-content\/uploads\/2022\/06\/20153604\/assinatura-curso-oab-primeira-fase-300x56.jpg 300w, https:\/\/oab.estrategia.com\/portal\/wp-content\/uploads\/2022\/06\/20153604\/assinatura-curso-oab-primeira-fase-768x143.jpg 768w, https:\/\/oab.estrategia.com\/portal\/wp-content\/uploads\/2022\/06\/20153604\/assinatura-curso-oab-primeira-fase-1536x285.jpg 1536w, https:\/\/oab.estrategia.com\/portal\/wp-content\/uploads\/2022\/06\/20153604\/assinatura-curso-oab-primeira-fase-380x71.jpg 380w, https:\/\/oab.estrategia.com\/portal\/wp-content\/uploads\/2022\/06\/20153604\/assinatura-curso-oab-primeira-fase-800x149.jpg 800w, https:\/\/oab.estrategia.com\/portal\/wp-content\/uploads\/2022\/06\/20153604\/assinatura-curso-oab-primeira-fase-1160x215.jpg 1160w, https:\/\/oab.estrategia.com\/portal\/wp-content\/uploads\/2022\/06\/20153604\/assinatura-curso-oab-primeira-fase.jpg 1890w\" sizes=\"(max-width: 1024px) 100vw, 1024px\" \/><span aria-hidden=\"true\" class=\"wp-block-cover__background has-background-dim\"><\/span><div class=\"wp-block-cover__inner-container is-layout-flow wp-block-cover-is-layout-flow\">\n<h3 id=\"curso-para-a-1a-fase-da-oab\" class=\"titulo-assinatura\">Curso para a 1\u00aa Fase da OAB<\/h3>\n<p class=\"subtitulo-assinatura\" style=\"display:block!important; line-height: 0;\">Conhe\u00e7a os cursos!<\/p>\n<a target=\"_blank\" href=\"https:\/\/oab.estrategia.com\/concurso\/primeira-fase-46-exame\" rel=\"noopener\"><button style=\"border-radius: 10px; text-transform: capitalize;\">Acessar<\/button><\/a>\n<\/div><\/div>\n\n\n\n<div class=\"wp-block-group\"><div class=\"wp-block-group__inner-container is-layout-constrained wp-block-group-is-layout-constrained\">\n<div class=\"wp-block-cover\" style=\"min-height:84px;aspect-ratio:unset;\"><img decoding=\"async\" width=\"1160\" height=\"215\" class=\"wp-block-cover__image-background wp-image-15434\" alt=\"\" src=\"https:\/\/oab.estrategia.com\/portal\/wp-content\/uploads\/2025\/01\/31012626\/Banner-curso-de-ingles-no-seu-ritmo-vermelho-e-azul-moderno-1160-x-215-px.png\" style=\"object-position:100% 28%\" data-object-fit=\"cover\" data-object-position=\"100% 28%\" srcset=\"https:\/\/oab.estrategia.com\/portal\/wp-content\/uploads\/2025\/01\/31012626\/Banner-curso-de-ingles-no-seu-ritmo-vermelho-e-azul-moderno-1160-x-215-px.png 1160w, https:\/\/oab.estrategia.com\/portal\/wp-content\/uploads\/2025\/01\/31012626\/Banner-curso-de-ingles-no-seu-ritmo-vermelho-e-azul-moderno-1160-x-215-px-300x56.png 300w, https:\/\/oab.estrategia.com\/portal\/wp-content\/uploads\/2025\/01\/31012626\/Banner-curso-de-ingles-no-seu-ritmo-vermelho-e-azul-moderno-1160-x-215-px-1024x190.png 1024w, https:\/\/oab.estrategia.com\/portal\/wp-content\/uploads\/2025\/01\/31012626\/Banner-curso-de-ingles-no-seu-ritmo-vermelho-e-azul-moderno-1160-x-215-px-768x142.png 768w, https:\/\/oab.estrategia.com\/portal\/wp-content\/uploads\/2025\/01\/31012626\/Banner-curso-de-ingles-no-seu-ritmo-vermelho-e-azul-moderno-1160-x-215-px-380x70.png 380w, https:\/\/oab.estrategia.com\/portal\/wp-content\/uploads\/2025\/01\/31012626\/Banner-curso-de-ingles-no-seu-ritmo-vermelho-e-azul-moderno-1160-x-215-px-800x148.png 800w, https:\/\/oab.estrategia.com\/portal\/wp-content\/uploads\/2025\/01\/31012626\/Banner-curso-de-ingles-no-seu-ritmo-vermelho-e-azul-moderno-1160-x-215-px-150x28.png 150w\" sizes=\"(max-width: 1160px) 100vw, 1160px\" \/><span aria-hidden=\"true\" class=\"wp-block-cover__background has-background-dim\"><\/span><div class=\"wp-block-cover__inner-container is-layout-flow wp-block-cover-is-layout-flow\">\n<h3 id=\"cursos-para-a-2a-fase-da-oab\" class=\"titulo-assinatura\">Cursos para a 2\u00aa Fase da OAB<\/h3>\n<p class=\"subtitulo-assinatura\" style=\"display:block!important; line-height: 0;\">Conhe\u00e7a os cursos!<\/p>\n<a target=\"_blank\" href=\"https:\/\/oab.estrategia.com\/concursos\/cursos\/segunda-fase-oab\" rel=\"noopener\"><button style=\"border-radius: 10px; text-transform: capitalize;\">Acessar<\/button><\/a>\n<\/div><\/div>\n<\/div><\/div>\n\n\n\n<p><strong>Leia tamb\u00e9m:<\/strong><\/p>\n\n\n\n<ul class=\"wp-block-yoast-seo-related-links\"><li><a href=\"https:\/\/oab.estrategia.com\/portal\/ordem-das-questoes-na-oab\/\" target=\"_blank\" >Ordem das quest\u00f5es na prova da OAB<\/a><\/li><li><a href=\"https:\/\/oab.estrategia.com\/portal\/os-assuntos-mais-cobrados-na-oab\/\">Os assuntos mais cobrados na OAB: Saiba quais s\u00e3o!<\/a><\/li><li><a href=\"https:\/\/oab.estrategia.com\/portal\/melhor-curso-oab\/\">Melhor Curso para OAB: conhe\u00e7a a melhor ferramenta de estudos<\/a><\/li><li><a href=\"https:\/\/oab.estrategia.com\/portal\/como-funciona-a-prova-da-oab-primeira-fase\/\">Saiba como funciona a prova da OAB 1\u00aa fase<\/a><\/li><\/ul>\n","protected":false},"excerpt":{"rendered":"Ol\u00e1, futuro Advogado(a), tudo certo?! Em 01\/12\/2024, foi aplicada a prova da primeira fase do XLII Exame da&hellip;\n","protected":false},"author":12,"featured_media":2361,"comment_status":"open","ping_status":"open","sticky":false,"template":"","format":"standard","meta":{"_jetpack_memberships_contains_paid_content":false,"footnotes":""},"categories":[30],"tags":[],"class_list":{"0":"post-14384","1":"post","2":"type-post","3":"status-publish","4":"format-standard","5":"has-post-thumbnail","7":"category-1a-fase-oab"},"acf":[],"yoast_head":"<!-- This site is optimized with the Yoast SEO Premium plugin v26.2 (Yoast SEO v27.4) - https:\/\/yoast.com\/product\/yoast-seo-premium-wordpress\/ -->\n<title>Prova comentada Direito da Crian\u00e7a e do Adolescente OAB 42<\/title>\n<meta name=\"description\" content=\"Prova comentada Direito da Crian\u00e7a e do Adolescente OAB 42: confira AQUI os coment\u00e1rios dos nossos professores e tire suas d\u00favidas!\" \/>\n<meta name=\"robots\" content=\"index, follow, max-snippet:-1, max-image-preview:large, max-video-preview:-1\" \/>\n<link rel=\"canonical\" href=\"https:\/\/oab.estrategia.com\/portal\/prova-comentada-direito-da-crianca-e-do-adolescente-oab-42\/\" \/>\n<meta property=\"og:locale\" content=\"pt_BR\" \/>\n<meta property=\"og:type\" content=\"article\" \/>\n<meta property=\"og:title\" content=\"Prova comentada Direito da Crian\u00e7a e do Adolescente OAB 42\" \/>\n<meta property=\"og:description\" content=\"Prova comentada Direito da Crian\u00e7a e do Adolescente OAB 42: confira AQUI os coment\u00e1rios dos nossos professores e tire suas d\u00favidas!\" \/>\n<meta property=\"og:url\" content=\"https:\/\/oab.estrategia.com\/portal\/prova-comentada-direito-da-crianca-e-do-adolescente-oab-42\/\" \/>\n<meta property=\"og:site_name\" content=\"Blog - OAB - Estrat\u00e9gia\" \/>\n<meta property=\"article:publisher\" content=\"https:\/\/www.facebook.com\/estrategiaoab\/\" \/>\n<meta property=\"article:published_time\" content=\"2024-12-02T19:34:17+00:00\" \/>\n<meta property=\"article:modified_time\" content=\"2024-12-02T19:34:21+00:00\" \/>\n<meta property=\"og:image\" content=\"https:\/\/oab.estrategia.com\/portal\/portal\/wp-content\/uploads\/2022\/08\/23141426\/1a-fase-exame-de-ordem-exame-oab-primeira-fase.png\" \/>\n\t<meta property=\"og:image:width\" content=\"960\" \/>\n\t<meta property=\"og:image:height\" content=\"540\" \/>\n\t<meta property=\"og:image:type\" content=\"image\/png\" \/>\n<meta name=\"author\" content=\"Coordena\u00e7\u00e3o\" \/>\n<meta name=\"twitter:card\" content=\"summary_large_image\" \/>\n<meta name=\"twitter:creator\" content=\"@estrategiaoab\" \/>\n<meta name=\"twitter:site\" content=\"@estrategiaoab\" \/>\n<meta name=\"twitter:label1\" content=\"Escrito por\" \/>\n\t<meta name=\"twitter:data1\" content=\"Coordena\u00e7\u00e3o\" \/>\n\t<meta name=\"twitter:label2\" content=\"Est. tempo de leitura\" \/>\n\t<meta name=\"twitter:data2\" content=\"13 minutos\" \/>\n<script type=\"application\/ld+json\" class=\"yoast-schema-graph\">{\"@context\":\"https:\\\/\\\/schema.org\",\"@graph\":[{\"@type\":\"Article\",\"@id\":\"https:\\\/\\\/oab.estrategia.com\\\/portal\\\/prova-comentada-direito-da-crianca-e-do-adolescente-oab-42\\\/#article\",\"isPartOf\":{\"@id\":\"https:\\\/\\\/oab.estrategia.com\\\/portal\\\/prova-comentada-direito-da-crianca-e-do-adolescente-oab-42\\\/\"},\"author\":{\"name\":\"Coordena\u00e7\u00e3o\",\"@id\":\"https:\\\/\\\/oab.estrategia.com\\\/portal\\\/#\\\/schema\\\/person\\\/9e4f367923f195c7466d88c8e8a86d23\"},\"headline\":\"Prova comentada Direito da Crian\u00e7a e do Adolescente OAB 42\",\"datePublished\":\"2024-12-02T19:34:17+00:00\",\"dateModified\":\"2024-12-02T19:34:21+00:00\",\"mainEntityOfPage\":{\"@id\":\"https:\\\/\\\/oab.estrategia.com\\\/portal\\\/prova-comentada-direito-da-crianca-e-do-adolescente-oab-42\\\/\"},\"wordCount\":1216,\"commentCount\":0,\"publisher\":{\"@id\":\"https:\\\/\\\/oab.estrategia.com\\\/portal\\\/#organization\"},\"image\":{\"@id\":\"https:\\\/\\\/oab.estrategia.com\\\/portal\\\/prova-comentada-direito-da-crianca-e-do-adolescente-oab-42\\\/#primaryimage\"},\"thumbnailUrl\":\"https:\\\/\\\/oab.estrategia.com\\\/portal\\\/wp-content\\\/uploads\\\/2022\\\/08\\\/23141426\\\/1a-fase-exame-de-ordem-exame-oab-primeira-fase.png\",\"articleSection\":[\"1\u00aa Fase OAB\"],\"inLanguage\":\"pt-BR\",\"potentialAction\":[{\"@type\":\"CommentAction\",\"name\":\"Comment\",\"target\":[\"https:\\\/\\\/oab.estrategia.com\\\/portal\\\/prova-comentada-direito-da-crianca-e-do-adolescente-oab-42\\\/#respond\"]}]},{\"@type\":\"WebPage\",\"@id\":\"https:\\\/\\\/oab.estrategia.com\\\/portal\\\/prova-comentada-direito-da-crianca-e-do-adolescente-oab-42\\\/\",\"url\":\"https:\\\/\\\/oab.estrategia.com\\\/portal\\\/prova-comentada-direito-da-crianca-e-do-adolescente-oab-42\\\/\",\"name\":\"Prova comentada Direito da Crian\u00e7a e do Adolescente OAB 42\",\"isPartOf\":{\"@id\":\"https:\\\/\\\/oab.estrategia.com\\\/portal\\\/#website\"},\"primaryImageOfPage\":{\"@id\":\"https:\\\/\\\/oab.estrategia.com\\\/portal\\\/prova-comentada-direito-da-crianca-e-do-adolescente-oab-42\\\/#primaryimage\"},\"image\":{\"@id\":\"https:\\\/\\\/oab.estrategia.com\\\/portal\\\/prova-comentada-direito-da-crianca-e-do-adolescente-oab-42\\\/#primaryimage\"},\"thumbnailUrl\":\"https:\\\/\\\/oab.estrategia.com\\\/portal\\\/wp-content\\\/uploads\\\/2022\\\/08\\\/23141426\\\/1a-fase-exame-de-ordem-exame-oab-primeira-fase.png\",\"datePublished\":\"2024-12-02T19:34:17+00:00\",\"dateModified\":\"2024-12-02T19:34:21+00:00\",\"description\":\"Prova comentada Direito da Crian\u00e7a e do Adolescente OAB 42: confira AQUI os coment\u00e1rios dos nossos professores e tire suas d\u00favidas!\",\"breadcrumb\":{\"@id\":\"https:\\\/\\\/oab.estrategia.com\\\/portal\\\/prova-comentada-direito-da-crianca-e-do-adolescente-oab-42\\\/#breadcrumb\"},\"inLanguage\":\"pt-BR\",\"potentialAction\":[{\"@type\":\"ReadAction\",\"target\":[\"https:\\\/\\\/oab.estrategia.com\\\/portal\\\/prova-comentada-direito-da-crianca-e-do-adolescente-oab-42\\\/\"]}]},{\"@type\":\"ImageObject\",\"inLanguage\":\"pt-BR\",\"@id\":\"https:\\\/\\\/oab.estrategia.com\\\/portal\\\/prova-comentada-direito-da-crianca-e-do-adolescente-oab-42\\\/#primaryimage\",\"url\":\"https:\\\/\\\/oab.estrategia.com\\\/portal\\\/wp-content\\\/uploads\\\/2022\\\/08\\\/23141426\\\/1a-fase-exame-de-ordem-exame-oab-primeira-fase.png\",\"contentUrl\":\"https:\\\/\\\/oab.estrategia.com\\\/portal\\\/wp-content\\\/uploads\\\/2022\\\/08\\\/23141426\\\/1a-fase-exame-de-ordem-exame-oab-primeira-fase.png\",\"width\":960,\"height\":540,\"caption\":\"1\u00aa fase oab exame de ordem\"},{\"@type\":\"BreadcrumbList\",\"@id\":\"https:\\\/\\\/oab.estrategia.com\\\/portal\\\/prova-comentada-direito-da-crianca-e-do-adolescente-oab-42\\\/#breadcrumb\",\"itemListElement\":[{\"@type\":\"ListItem\",\"position\":1,\"name\":\"In\u00edcio\",\"item\":\"https:\\\/\\\/oab.estrategia.com\\\/portal\\\/\"},{\"@type\":\"ListItem\",\"position\":2,\"name\":\"Prova comentada Direito da Crian\u00e7a e do Adolescente OAB 42\"}]},{\"@type\":\"WebSite\",\"@id\":\"https:\\\/\\\/oab.estrategia.com\\\/portal\\\/#website\",\"url\":\"https:\\\/\\\/oab.estrategia.com\\\/portal\\\/\",\"name\":\"Blog - OAB - Estrat\u00e9gia\",\"description\":\"Blog OAB - Estrat\u00e9gia Concursos\",\"publisher\":{\"@id\":\"https:\\\/\\\/oab.estrategia.com\\\/portal\\\/#organization\"},\"potentialAction\":[{\"@type\":\"SearchAction\",\"target\":{\"@type\":\"EntryPoint\",\"urlTemplate\":\"https:\\\/\\\/oab.estrategia.com\\\/portal\\\/?s={search_term_string}\"},\"query-input\":{\"@type\":\"PropertyValueSpecification\",\"valueRequired\":true,\"valueName\":\"search_term_string\"}}],\"inLanguage\":\"pt-BR\"},{\"@type\":\"Organization\",\"@id\":\"https:\\\/\\\/oab.estrategia.com\\\/portal\\\/#organization\",\"name\":\"Estrat\u00e9gia Concursos\",\"url\":\"https:\\\/\\\/oab.estrategia.com\\\/portal\\\/\",\"logo\":{\"@type\":\"ImageObject\",\"inLanguage\":\"pt-BR\",\"@id\":\"https:\\\/\\\/oab.estrategia.com\\\/portal\\\/#\\\/schema\\\/logo\\\/image\\\/\",\"url\":\"https:\\\/\\\/oab.estrategia.com\\\/portal\\\/wp-content\\\/uploads\\\/2022\\\/04\\\/06103601\\\/oab-icone-2.png\",\"contentUrl\":\"https:\\\/\\\/oab.estrategia.com\\\/portal\\\/wp-content\\\/uploads\\\/2022\\\/04\\\/06103601\\\/oab-icone-2.png\",\"width\":900,\"height\":900,\"caption\":\"Estrat\u00e9gia Concursos\"},\"image\":{\"@id\":\"https:\\\/\\\/oab.estrategia.com\\\/portal\\\/#\\\/schema\\\/logo\\\/image\\\/\"},\"sameAs\":[\"https:\\\/\\\/www.facebook.com\\\/estrategiaoab\\\/\",\"https:\\\/\\\/x.com\\\/estrategiaoab\",\"https:\\\/\\\/www.instagram.com\\\/estrategiaoab\\\/\",\"https:\\\/\\\/www.youtube.com\\\/EstrategiaOAB\"]},{\"@type\":\"Person\",\"@id\":\"https:\\\/\\\/oab.estrategia.com\\\/portal\\\/#\\\/schema\\\/person\\\/9e4f367923f195c7466d88c8e8a86d23\",\"name\":\"Coordena\u00e7\u00e3o\",\"image\":{\"@type\":\"ImageObject\",\"inLanguage\":\"pt-BR\",\"@id\":\"https:\\\/\\\/oab.estrategia.com\\\/portal\\\/wp-content\\\/uploads\\\/2022\\\/03\\\/12164805\\\/estrategia-oab-coordenacao-96x96.png\",\"url\":\"https:\\\/\\\/oab.estrategia.com\\\/portal\\\/wp-content\\\/uploads\\\/2022\\\/03\\\/12164805\\\/estrategia-oab-coordenacao-96x96.png\",\"contentUrl\":\"https:\\\/\\\/oab.estrategia.com\\\/portal\\\/wp-content\\\/uploads\\\/2022\\\/03\\\/12164805\\\/estrategia-oab-coordenacao-96x96.png\",\"caption\":\"Coordena\u00e7\u00e3o\"},\"description\":\".\",\"url\":\"https:\\\/\\\/oab.estrategia.com\\\/portal\\\/author\\\/coordenacao\\\/\"}]}<\/script>\n<!-- \/ Yoast SEO Premium plugin. -->","yoast_head_json":{"title":"Prova comentada Direito da Crian\u00e7a e do Adolescente OAB 42","description":"Prova comentada Direito da Crian\u00e7a e do Adolescente OAB 42: confira AQUI os coment\u00e1rios dos nossos professores e tire suas d\u00favidas!","robots":{"index":"index","follow":"follow","max-snippet":"max-snippet:-1","max-image-preview":"max-image-preview:large","max-video-preview":"max-video-preview:-1"},"canonical":"https:\/\/oab.estrategia.com\/portal\/prova-comentada-direito-da-crianca-e-do-adolescente-oab-42\/","og_locale":"pt_BR","og_type":"article","og_title":"Prova comentada Direito da Crian\u00e7a e do Adolescente OAB 42","og_description":"Prova comentada Direito da Crian\u00e7a e do Adolescente OAB 42: confira AQUI os coment\u00e1rios dos nossos professores e tire suas d\u00favidas!","og_url":"https:\/\/oab.estrategia.com\/portal\/prova-comentada-direito-da-crianca-e-do-adolescente-oab-42\/","og_site_name":"Blog - OAB - Estrat\u00e9gia","article_publisher":"https:\/\/www.facebook.com\/estrategiaoab\/","article_published_time":"2024-12-02T19:34:17+00:00","article_modified_time":"2024-12-02T19:34:21+00:00","og_image":[{"width":960,"height":540,"url":"https:\/\/oab.estrategia.com\/portal\/portal\/wp-content\/uploads\/2022\/08\/23141426\/1a-fase-exame-de-ordem-exame-oab-primeira-fase.png","type":"image\/png"}],"author":"Coordena\u00e7\u00e3o","twitter_card":"summary_large_image","twitter_creator":"@estrategiaoab","twitter_site":"@estrategiaoab","twitter_misc":{"Escrito por":"Coordena\u00e7\u00e3o","Est. tempo de leitura":"13 minutos"},"schema":{"@context":"https:\/\/schema.org","@graph":[{"@type":"Article","@id":"https:\/\/oab.estrategia.com\/portal\/prova-comentada-direito-da-crianca-e-do-adolescente-oab-42\/#article","isPartOf":{"@id":"https:\/\/oab.estrategia.com\/portal\/prova-comentada-direito-da-crianca-e-do-adolescente-oab-42\/"},"author":{"name":"Coordena\u00e7\u00e3o","@id":"https:\/\/oab.estrategia.com\/portal\/#\/schema\/person\/9e4f367923f195c7466d88c8e8a86d23"},"headline":"Prova comentada Direito da Crian\u00e7a e do Adolescente OAB 42","datePublished":"2024-12-02T19:34:17+00:00","dateModified":"2024-12-02T19:34:21+00:00","mainEntityOfPage":{"@id":"https:\/\/oab.estrategia.com\/portal\/prova-comentada-direito-da-crianca-e-do-adolescente-oab-42\/"},"wordCount":1216,"commentCount":0,"publisher":{"@id":"https:\/\/oab.estrategia.com\/portal\/#organization"},"image":{"@id":"https:\/\/oab.estrategia.com\/portal\/prova-comentada-direito-da-crianca-e-do-adolescente-oab-42\/#primaryimage"},"thumbnailUrl":"https:\/\/oab.estrategia.com\/portal\/wp-content\/uploads\/2022\/08\/23141426\/1a-fase-exame-de-ordem-exame-oab-primeira-fase.png","articleSection":["1\u00aa Fase OAB"],"inLanguage":"pt-BR","potentialAction":[{"@type":"CommentAction","name":"Comment","target":["https:\/\/oab.estrategia.com\/portal\/prova-comentada-direito-da-crianca-e-do-adolescente-oab-42\/#respond"]}]},{"@type":"WebPage","@id":"https:\/\/oab.estrategia.com\/portal\/prova-comentada-direito-da-crianca-e-do-adolescente-oab-42\/","url":"https:\/\/oab.estrategia.com\/portal\/prova-comentada-direito-da-crianca-e-do-adolescente-oab-42\/","name":"Prova comentada Direito da Crian\u00e7a e do Adolescente OAB 42","isPartOf":{"@id":"https:\/\/oab.estrategia.com\/portal\/#website"},"primaryImageOfPage":{"@id":"https:\/\/oab.estrategia.com\/portal\/prova-comentada-direito-da-crianca-e-do-adolescente-oab-42\/#primaryimage"},"image":{"@id":"https:\/\/oab.estrategia.com\/portal\/prova-comentada-direito-da-crianca-e-do-adolescente-oab-42\/#primaryimage"},"thumbnailUrl":"https:\/\/oab.estrategia.com\/portal\/wp-content\/uploads\/2022\/08\/23141426\/1a-fase-exame-de-ordem-exame-oab-primeira-fase.png","datePublished":"2024-12-02T19:34:17+00:00","dateModified":"2024-12-02T19:34:21+00:00","description":"Prova comentada Direito da Crian\u00e7a e do Adolescente OAB 42: confira AQUI os coment\u00e1rios dos nossos professores e tire suas d\u00favidas!","breadcrumb":{"@id":"https:\/\/oab.estrategia.com\/portal\/prova-comentada-direito-da-crianca-e-do-adolescente-oab-42\/#breadcrumb"},"inLanguage":"pt-BR","potentialAction":[{"@type":"ReadAction","target":["https:\/\/oab.estrategia.com\/portal\/prova-comentada-direito-da-crianca-e-do-adolescente-oab-42\/"]}]},{"@type":"ImageObject","inLanguage":"pt-BR","@id":"https:\/\/oab.estrategia.com\/portal\/prova-comentada-direito-da-crianca-e-do-adolescente-oab-42\/#primaryimage","url":"https:\/\/oab.estrategia.com\/portal\/wp-content\/uploads\/2022\/08\/23141426\/1a-fase-exame-de-ordem-exame-oab-primeira-fase.png","contentUrl":"https:\/\/oab.estrategia.com\/portal\/wp-content\/uploads\/2022\/08\/23141426\/1a-fase-exame-de-ordem-exame-oab-primeira-fase.png","width":960,"height":540,"caption":"1\u00aa fase oab exame de ordem"},{"@type":"BreadcrumbList","@id":"https:\/\/oab.estrategia.com\/portal\/prova-comentada-direito-da-crianca-e-do-adolescente-oab-42\/#breadcrumb","itemListElement":[{"@type":"ListItem","position":1,"name":"In\u00edcio","item":"https:\/\/oab.estrategia.com\/portal\/"},{"@type":"ListItem","position":2,"name":"Prova comentada Direito da Crian\u00e7a e do Adolescente OAB 42"}]},{"@type":"WebSite","@id":"https:\/\/oab.estrategia.com\/portal\/#website","url":"https:\/\/oab.estrategia.com\/portal\/","name":"Blog - OAB - Estrat\u00e9gia","description":"Blog OAB - Estrat\u00e9gia Concursos","publisher":{"@id":"https:\/\/oab.estrategia.com\/portal\/#organization"},"potentialAction":[{"@type":"SearchAction","target":{"@type":"EntryPoint","urlTemplate":"https:\/\/oab.estrategia.com\/portal\/?s={search_term_string}"},"query-input":{"@type":"PropertyValueSpecification","valueRequired":true,"valueName":"search_term_string"}}],"inLanguage":"pt-BR"},{"@type":"Organization","@id":"https:\/\/oab.estrategia.com\/portal\/#organization","name":"Estrat\u00e9gia Concursos","url":"https:\/\/oab.estrategia.com\/portal\/","logo":{"@type":"ImageObject","inLanguage":"pt-BR","@id":"https:\/\/oab.estrategia.com\/portal\/#\/schema\/logo\/image\/","url":"https:\/\/oab.estrategia.com\/portal\/wp-content\/uploads\/2022\/04\/06103601\/oab-icone-2.png","contentUrl":"https:\/\/oab.estrategia.com\/portal\/wp-content\/uploads\/2022\/04\/06103601\/oab-icone-2.png","width":900,"height":900,"caption":"Estrat\u00e9gia Concursos"},"image":{"@id":"https:\/\/oab.estrategia.com\/portal\/#\/schema\/logo\/image\/"},"sameAs":["https:\/\/www.facebook.com\/estrategiaoab\/","https:\/\/x.com\/estrategiaoab","https:\/\/www.instagram.com\/estrategiaoab\/","https:\/\/www.youtube.com\/EstrategiaOAB"]},{"@type":"Person","@id":"https:\/\/oab.estrategia.com\/portal\/#\/schema\/person\/9e4f367923f195c7466d88c8e8a86d23","name":"Coordena\u00e7\u00e3o","image":{"@type":"ImageObject","inLanguage":"pt-BR","@id":"https:\/\/oab.estrategia.com\/portal\/wp-content\/uploads\/2022\/03\/12164805\/estrategia-oab-coordenacao-96x96.png","url":"https:\/\/oab.estrategia.com\/portal\/wp-content\/uploads\/2022\/03\/12164805\/estrategia-oab-coordenacao-96x96.png","contentUrl":"https:\/\/oab.estrategia.com\/portal\/wp-content\/uploads\/2022\/03\/12164805\/estrategia-oab-coordenacao-96x96.png","caption":"Coordena\u00e7\u00e3o"},"description":".","url":"https:\/\/oab.estrategia.com\/portal\/author\/coordenacao\/"}]}},"jetpack_featured_media_url":"https:\/\/oab.estrategia.com\/portal\/wp-content\/uploads\/2022\/08\/23141426\/1a-fase-exame-de-ordem-exame-oab-primeira-fase.png","jetpack_sharing_enabled":true,"_links":{"self":[{"href":"https:\/\/oab.estrategia.com\/portal\/wp-json\/wp\/v2\/posts\/14384","targetHints":{"allow":["GET"]}}],"collection":[{"href":"https:\/\/oab.estrategia.com\/portal\/wp-json\/wp\/v2\/posts"}],"about":[{"href":"https:\/\/oab.estrategia.com\/portal\/wp-json\/wp\/v2\/types\/post"}],"author":[{"embeddable":true,"href":"https:\/\/oab.estrategia.com\/portal\/wp-json\/wp\/v2\/users\/12"}],"replies":[{"embeddable":true,"href":"https:\/\/oab.estrategia.com\/portal\/wp-json\/wp\/v2\/comments?post=14384"}],"version-history":[{"count":1,"href":"https:\/\/oab.estrategia.com\/portal\/wp-json\/wp\/v2\/posts\/14384\/revisions"}],"predecessor-version":[{"id":14409,"href":"https:\/\/oab.estrategia.com\/portal\/wp-json\/wp\/v2\/posts\/14384\/revisions\/14409"}],"wp:featuredmedia":[{"embeddable":true,"href":"https:\/\/oab.estrategia.com\/portal\/wp-json\/wp\/v2\/media\/2361"}],"wp:attachment":[{"href":"https:\/\/oab.estrategia.com\/portal\/wp-json\/wp\/v2\/media?parent=14384"}],"wp:term":[{"taxonomy":"category","embeddable":true,"href":"https:\/\/oab.estrategia.com\/portal\/wp-json\/wp\/v2\/categories?post=14384"},{"taxonomy":"post_tag","embeddable":true,"href":"https:\/\/oab.estrategia.com\/portal\/wp-json\/wp\/v2\/tags?post=14384"}],"curies":[{"name":"wp","href":"https:\/\/api.w.org\/{rel}","templated":true}]}}