{"id":14930,"date":"2025-01-09T21:45:06","date_gmt":"2025-01-10T00:45:06","guid":{"rendered":"https:\/\/oabestrategia.mystagingwebsite.com\/portal\/?p=14930"},"modified":"2025-01-12T07:36:06","modified_gmt":"2025-01-12T10:36:06","slug":"isencao-anuidade-jovem-advocacia-suspensa","status":"publish","type":"post","link":"https:\/\/oab.estrategia.com\/portal\/isencao-anuidade-jovem-advocacia-suspensa\/","title":{"rendered":"Isen\u00e7\u00e3o da anuidade da OAB para a jovem advocacia \u00e9 suspensa"},"content":{"rendered":"\n<p class=\"wp-block-paragraph\">Foi muito comum durante o per\u00edodo das elei\u00e7\u00f5es da OAB que propostas de candidatos tivessem como foco as \u201canuidades da OAB\u201d.<\/p>\n\n\n\n<figure class=\"wp-block-image size-large\"><img decoding=\"async\" width=\"1024\" height=\"318\" src=\"https:\/\/oab.estrategia.com\/portal\/wp-content\/uploads\/2025\/01\/09211124\/anuidade_oab-1024x318.png\" alt=\"isen\u00e7\u00e3o anuidade OAB\" class=\"wp-image-14933\" srcset=\"https:\/\/cdn-blog-oab.estrategia.com\/portal\/wp-content\/uploads\/2025\/01\/09211124\/anuidade_oab-1024x318.png 1024w, https:\/\/cdn-blog-oab.estrategia.com\/portal\/wp-content\/uploads\/2025\/01\/09211124\/anuidade_oab-300x93.png 300w, https:\/\/cdn-blog-oab.estrategia.com\/portal\/wp-content\/uploads\/2025\/01\/09211124\/anuidade_oab-768x238.png 768w, https:\/\/cdn-blog-oab.estrategia.com\/portal\/wp-content\/uploads\/2025\/01\/09211124\/anuidade_oab-380x118.png 380w, https:\/\/cdn-blog-oab.estrategia.com\/portal\/wp-content\/uploads\/2025\/01\/09211124\/anuidade_oab-800x248.png 800w, https:\/\/cdn-blog-oab.estrategia.com\/portal\/wp-content\/uploads\/2025\/01\/09211124\/anuidade_oab-150x47.png 150w, https:\/\/cdn-blog-oab.estrategia.com\/portal\/wp-content\/uploads\/2025\/01\/09211124\/anuidade_oab.png 1153w\" sizes=\"(max-width: 1024px) 100vw, 1024px\" \/><\/figure>\n\n\n\n<p class=\"wp-block-paragraph\">Por exemplo, em Pernambuco, a candidata eleita prometeu que haveria a redu\u00e7\u00e3o da anuidade, \u201c<strong><mark style=\"background-color:rgba(0, 0, 0, 0)\" class=\"has-inline-color has-vivid-purple-color\">anuidade zero<\/mark><\/strong>\u201d para os jovens advogados, isto \u00e9, durante os 5 primeiros anos de qualquer advogado <strong><a href=\"https:\/\/oab.estrategia.com\/#plans-session\" target=\"_blank\" >rec\u00e9m inscrito na OAB<\/a><\/strong>. Inclusive houve a divulga\u00e7\u00e3o no dia 07\/01\/2025 que a medida tinha sido deferida de maneira in\u00e9dita no Brasil:<\/p>\n\n\n\n<pre class=\"wp-block-verse\">\u201cA presidente da Ordem dos Advogados do Brasil \u2013 Seccional Pernambuco (OAB-PE), Ingrid Zanella, anunciou nesta ter\u00e7a-feira (07), a anuidade zero para os jovens advogados e advogadas do Estado, com at\u00e9 cinco anos de juramento (compromisso) na OAB. A medida come\u00e7a a vigorar a partir de hoje\u201d.<\/pre>\n\n\n\n<p class=\"wp-block-paragraph\"><strong><a href=\"https:\/\/www.oabpe.org.br\/noticias\/em-medida-inedita-no-brasil-ingrid-zanella-anuncia-anuidade-zero-para-os-jovens-advogados-de-pernambuco\" target=\"_blank\" ><mark style=\"background-color:#41e74e\" class=\"has-inline-color\">Em medida in\u00e9dita no Brasil, Ingrid Zanella anuncia anuidade zero para os jovens advogados de Pernambuco<\/mark><\/a><\/strong><\/p>\n\n\n\n<p class=\"wp-block-paragraph\">Entretanto, o Conselho Federal da OAB voltou atr\u00e1s, <strong><mark style=\"background-color:rgba(0, 0, 0, 0)\" class=\"has-inline-color has-vivid-purple-color\">suspendeu<\/mark><\/strong> o \u201cbenef\u00edcio\u201d de zerar a anuidade conforme divulgado pela OAB-PE:<\/p>\n\n\n\n<p class=\"wp-block-paragraph\"><a href=\"https:\/\/www.oab.org.br\/noticia\/62844\/oab-estudara-politica-nacional-de-descontos-e-isencoes-de-anuidade\"><mark style=\"background-color:#41e74e\" class=\"has-inline-color\"><strong>O<\/strong><\/mark><\/a><a href=\"https:\/\/www.oab.org.br\/noticia\/62844\/oab-estudara-politica-nacional-de-descontos-e-isencoes-de-anuidade\" target=\"_blank\" ><mark style=\"background-color:#41e74e\" class=\"has-inline-color\"><strong>AB estudar\u00e1 pol\u00edtica nacional de descontos e isen\u00e7\u00f5es de anuidade<\/strong><\/mark><\/a><\/p>\n\n\n\n<p class=\"wp-block-paragraph\">Nessa linha, o nosso artigo prop\u00f5e uma an\u00e1lise mais completa sobre o tema das anuidades da OAB e sua isen\u00e7\u00e3o. Conforme divulgado, o conselho federal promete que haja uma revisita\u00e7\u00e3o do tema para maior uniformidade.<\/p>\n\n\n\n<p class=\"wp-block-paragraph\">Vamos aprofundar:<\/p>\n\n\n\n<pre class=\"wp-block-preformatted\"><strong>- O que a regulamenta\u00e7\u00e3o nacional pode mudar?<\/strong>\n\n<strong>- Como est\u00e1 a legisla\u00e7\u00e3o hoje?<\/strong>\n\n<strong>- A anuidade possui natureza tribut\u00e1ria?<\/strong><\/pre>\n\n\n\n<h2 class=\"wp-block-heading\" id=\"h-afinal-pode-ou-nao-haver-descontos-e-isencoes-na-oab\"><span id=\"afinal-pode-ou-nao-haver-descontos-e-isencoes-na-oab\"><em><em>Afinal, pode ou n\u00e3o haver descontos e isen\u00e7\u00f5es na OAB?<\/em><\/em><\/span><\/h2>\n\n\n\n<p class=\"wp-block-paragraph\">Sim, mas dentro dos limites estabelecidos pelo Provimento n\u00ba 111\/2006 e outras normas aplic\u00e1veis.<\/p>\n\n\n\n<p class=\"wp-block-paragraph\">O Provimento n\u00ba 111\/2006 <strong><mark style=\"background-color:rgba(0, 0, 0, 0)\" class=\"has-inline-color has-vivid-purple-color\">regula as hip\u00f3teses em que advogados podem obter redu\u00e7\u00e3o ou isen\u00e7\u00e3o de anuidades<\/mark><\/strong>. S\u00e3o crit\u00e9rios bem delimitados, como:<\/p>\n\n\n\n<ul class=\"wp-block-list\">\n<li>Advogados com mais de 70 anos e 30 anos de contribui\u00e7\u00e3o;<\/li>\n\n\n\n<li>Portadores de defici\u00eancias f\u00edsicas ou mentais que os inabilitem para o exerc\u00edcio da profiss\u00e3o;<\/li>\n\n\n\n<li>Advogadas no ano do parto ou ado\u00e7\u00e3o.<\/li>\n<\/ul>\n\n\n\n<p class=\"wp-block-paragraph\">Nessa linha, o que se percebe \u00e9 que temos um provimento de 2006, ou seja, muito antigo. Isto \u00e9, medidas fora desses crit\u00e9rios s\u00e3o vedadas, conforme o art. 4\u00ba do Provimento:<\/p>\n\n\n\n<pre class=\"wp-block-preformatted\">Art. 4\u00b0 Fica proibida a concess\u00e3o de remiss\u00e3o ou isen\u00e7\u00e3o fora dos limites fixados nos arts. 2\u00ba e 3\u00ba, sob pena de cassa\u00e7\u00e3o do benef\u00edcio, sem preju\u00edzo das penalidades administrativas cab\u00edveis.\n\nPar\u00e1grafo \u00fanico. Ressalva-se, do que disposto neste artigo, o benef\u00edcio concedido previamente \u00e0 vig\u00eancia deste Provimento, que n\u00e3o se enquadre \u00e0s suas preceitua\u00e7\u00f5es.<\/pre>\n\n\n\n<h2 class=\"wp-block-heading\" id=\"h-por-que-a-oab-pe-teve-sua-isencao-de-anuidade-zero-suspensa\"><span id=\"por-que-a-oab-pe-teve-sua-isencao-de-anuidade-zero-suspensa\">Por que a OAB-PE teve sua isen\u00e7\u00e3o de &#8220;anuidade zero&#8221; suspensa?<\/span><\/h2>\n\n\n\n<p class=\"wp-block-paragraph\">A seccional de Pernambuco anunciou, no in\u00edcio de janeiro de 2025, a isen\u00e7\u00e3o total de anuidade para jovens advogados nos primeiros cinco anos de exerc\u00edcio profissional.<\/p>\n\n\n\n<p class=\"wp-block-paragraph\">Embora bem-intencionada, a medida foi rapidamente suspensa por dois motivos principais:<\/p>\n\n\n\n<ol class=\"wp-block-list\">\n<li><strong><mark style=\"background-color:rgba(0, 0, 0, 0)\" class=\"has-inline-color has-vivid-purple-color\">Incompatibilidade legal<\/mark><\/strong>: a medida n\u00e3o encontrava respaldo no Provimento n\u00ba 111\/2006 nem no Estatuto da Advocacia.<\/li>\n\n\n\n<li><strong><mark style=\"background-color:rgba(0, 0, 0, 0)\" class=\"has-inline-color has-vivid-purple-color\">Risco sist\u00eamico\/multiplicador<\/mark><\/strong>: o diretor-tesoureiro do Conselho Federal, Leonardo Campos, alertou para o &#8220;efeito domin\u00f3&#8221; que tal medida poderia provocar no sistema OAB como um todo.<\/li>\n<\/ol>\n\n\n\n<p class=\"wp-block-paragraph\">Entretanto, o Conselho Federal percebeu que haver\u00e1 discuss\u00e3o sobre o tema de maneira a adotar uma uniformidade, isto porque, fica patente que outras seccionais tamb\u00e9m gostaram da ideia, ou ent\u00e3o, devem ter prometido essa ideia.<\/p>\n\n\n\n<h2 class=\"wp-block-heading\" id=\"h-a-anuidade-da-oab-e-um-tributo\"><span id=\"a-anuidade-da-oab-e-um-tributo\">A anuidade da OAB \u00e9 um tributo?<\/span><\/h2>\n\n\n\n<p class=\"wp-block-paragraph\">Esta \u00e9 uma quest\u00e3o interessante que aguarda defini\u00e7\u00e3o pelo Supremo Tribunal Federal (STF) no <strong>Tema 1.302<\/strong> da repercuss\u00e3o geral. O debate central envolve duas correntes:<\/p>\n\n\n\n<ol class=\"wp-block-list\">\n<li>A primeira defende a <strong><mark style=\"background-color:rgba(0, 0, 0, 0)\" class=\"has-inline-color has-vivid-purple-color\">natureza tribut\u00e1ria<\/mark><\/strong> das anuidades, o que submeteria as cobran\u00e7as \u00e0 compet\u00eancia das varas de execu\u00e7\u00e3o fiscal e a todo o regime jur\u00eddico tribut\u00e1rio.<\/li>\n\n\n\n<li>A segunda posi\u00e7\u00e3o, defendida pelo Superior Tribunal de Justi\u00e7a (STJ) e pela pr\u00f3pria OAB, sustenta que as anuidades s\u00e3o <strong><mark style=\"background-color:rgba(0, 0, 0, 0)\" class=\"has-inline-color has-vivid-purple-color\">contribui\u00e7\u00f5es associativas<\/mark><\/strong>, necess\u00e1rias \u00e0 manuten\u00e7\u00e3o da entidade e desvinculadas da Administra\u00e7\u00e3o P\u00fablica.<\/li>\n<\/ol>\n\n\n\n<h2 class=\"wp-block-heading\" id=\"h-o-que-mudaria-se-a-anuidade-fosse-considerada-tributo\"><span id=\"o-que-mudaria-se-a-anuidade-fosse-considerada-tributo\">O que mudaria se a anuidade fosse considerada tributo?<\/span><\/h2>\n\n\n\n<p class=\"wp-block-paragraph\">O reconhecimento da natureza tribut\u00e1ria das anuidades pelo STF traria mudan\u00e7as profundas. Todo o sistema de gest\u00e3o e cobran\u00e7a precisaria se adequar \u00e0s regras do direito tribut\u00e1rio, incluindo:<\/p>\n\n\n\n<ul class=\"wp-block-list\">\n<li>Aplica\u00e7\u00e3o dos <strong><mark style=\"background-color:rgba(0, 0, 0, 0)\" class=\"has-inline-color has-vivid-purple-color\">princ\u00edpios tribut\u00e1rios<\/mark><\/strong> constitucionais;<\/li>\n\n\n\n<li>Submiss\u00e3o \u00e0s <strong><mark style=\"background-color:rgba(0, 0, 0, 0)\" class=\"has-inline-color has-vivid-purple-color\">limita\u00e7\u00f5es<\/mark><\/strong> ao poder de tributar;<\/li>\n\n\n\n<li>Necessidade de <strong><mark style=\"background-color:rgba(0, 0, 0, 0)\" class=\"has-inline-color has-vivid-purple-color\">lei espec\u00edfica<\/mark><\/strong> para majora\u00e7\u00f5es, bem como para isen\u00e7\u00f5es;<\/li>\n\n\n\n<li>Mudan\u00e7a na <strong><mark style=\"background-color:rgba(0, 0, 0, 0)\" class=\"has-inline-color has-vivid-purple-color\">compet\u00eancia<\/mark><\/strong> para processar as execu\u00e7\u00f5es.<\/li>\n<\/ul>\n\n\n\n<h2 class=\"wp-block-heading\" id=\"h-o-que-esta-em-jogo-com-a-uniformizacao-proposta-pela-oab\"><span id=\"o-que-esta-em-jogo-com-a-uniformizacao-proposta-pela-oab\">O que est\u00e1 em jogo com a uniformiza\u00e7\u00e3o proposta pela OAB?<\/span><\/h2>\n\n\n\n<p class=\"wp-block-paragraph\">A iniciativa do Conselho Federal de estudar uma pol\u00edtica nacional de descontos e isen\u00e7\u00f5es busca estabelecer um par\u00e2metro mais atualizado.<\/p>\n\n\n\n<p class=\"wp-block-paragraph\">Perceba, o provimento \u00e9 de 2006! Al\u00e9m disso, corre o risco do tema ser influenciado pela decis\u00e3o do STF se a natureza jur\u00eddica das anuidades for um tributo.<\/p>\n\n\n\n<p class=\"wp-block-paragraph\">Fique esperto!<\/p>\n\n\n\n<h2 class=\"wp-block-heading\" id=\"h-aprofundamento\"><span id=\"aprofundamento\"><em><em>Aprofundamento<\/em><\/em><\/span><\/h2>\n\n\n\n<p class=\"wp-block-paragraph\">Em um julgamento, RE 1.182.189, o STF j\u00e1 decidiu que a&nbsp;anuidade&nbsp;cobrada pela&nbsp;OAB&nbsp;n\u00e3o possui natureza jur\u00eddica tribut\u00e1ria e, por causa disso, ela n\u00e3o se submete ao Tribunal de Contas. Veja a tese fixada:<\/p>\n\n\n\n<pre class=\"wp-block-preformatted\">O Conselho Federal e os Conselhos Seccionais da Ordem dos Advogados do Brasil n\u00e3o est\u00e3o obrigados a prestar contas ao Tribunal de Contas da Uni\u00e3o nem a qualquer outra entidade externa.\n<strong>STF. Plen\u00e1rio. RE 1.182.189\/BA, Rel. Min. Marco Aur\u00e9lio, redator do ac\u00f3rd\u00e3o Min. Edson Fachin, julgado em 25\/4\/2023 (Repercuss\u00e3o Geral \u2013 Tema 1054) (Informativo 1091).<\/strong><\/pre>\n\n\n\n<p class=\"wp-block-paragraph\">Entretanto, vale frisar que em raz\u00e3o da aparente contradi\u00e7\u00e3o nos julgados do STF admitiu-se um julgado de repercuss\u00e3o geral para definir o tema:<\/p>\n\n\n\n<pre class=\"wp-block-preformatted\">3. O Supremo Tribunal Federal no RE 647.885, que tratava da possibilidade de a\u00a0OAB\u00a0suspender do exerc\u00edcio profissional os advogados que n\u00e3o pagassem a\u00a0anuidade, fixou tese de repercuss\u00e3o geral nos seguintes termos: \"\u00c9 inconstitucional a suspens\u00e3o realizada por conselho de fiscaliza\u00e7\u00e3o profissional do exerc\u00edcio laboral de seus inscritos por inadimpl\u00eancia de anuidades, pois a medida consiste em san\u00e7\u00e3o pol\u00edtica em mat\u00e9ria tribut\u00e1ria\". 4. Por sua vez, no RE 1.182.189, que tratava da submiss\u00e3o da\u00a0OAB\u00a0\u00e0 fiscaliza\u00e7\u00e3o do Tribunal de Contas, afirmou-se tese de repercuss\u00e3o geral disciplinando que \"O Conselho Federal e os Conselhos Seccionais da Ordem dos Advogados do Brasil n\u00e3o est\u00e3o obrigados a prestar contas ao Tribunal de Contas da Uni\u00e3o nem a qualquer outra entidade externa\". O voto condutor do ac\u00f3rd\u00e3o consignou que n\u00e3o haveria submiss\u00e3o ao Tribunal de Contas, uma vez que a\u00a0OAB\u00a0arrecadava \"recursos privados de seus associados, que n\u00e3o se confundem com qualquer das esp\u00e9cies tribut\u00e1rias\". 5. Em raz\u00e3o de aparente conflito de raz\u00f5es de decidir de teses de repercuss\u00e3o geral, constitui quest\u00e3o constitucional relevante definir se as contribui\u00e7\u00f5es devidas por advogados \u00e0\u00a0OAB\u00a0t\u00eam natureza tribut\u00e1ria, de modo a determinar o \u00f3rg\u00e3o jurisdicional competente para processo e julgamento de a\u00e7\u00f5es de cobran\u00e7a de anuidades. lV. Dispositivo 6. Repercuss\u00e3o geral reconhecida para a seguinte quest\u00e3o constitucional: Saber se a contribui\u00e7\u00e3o devida por advogados \u00e0 Ordem dos Advogados do Brasil\u00a0OAB\u00a0tem natureza tribut\u00e1ria, para fins de determinar se \u00e9 de varas especializadas em execu\u00e7\u00f5es fiscais ou de varas c\u00edveis comuns a compet\u00eancia para processo e julgamento de a\u00e7\u00f5es de cobran\u00e7a de anuidades.\u00a0<strong>(STF; ARE-RG 1.479.101; SP; Tribunal Pleno; Rel. Min. Presidente; Julg. 24\/05\/2024; DJE 29\/05\/2024)<\/strong>\u00a0<\/pre>\n\n\n\n<p class=\"wp-block-paragraph\"><em><em><strong>Como n\u00e3o tem natureza tribut\u00e1ria, n\u00e3o se aplica a LEF<\/strong><\/em><\/em><\/p>\n\n\n\n<p class=\"wp-block-paragraph\">Logo, a cobran\u00e7a das anuidades n\u00e3o pagas pelos advogados <strong><mark style=\"background-color:rgba(0, 0, 0, 0)\" class=\"has-inline-color has-vivid-purple-color\">n\u00e3o est\u00e3o sujeitas<\/mark> ao regime da Lei de Execu\u00e7\u00f5es Fiscais<\/strong> (Lei n\u00ba 6.830\/80).<\/p>\n\n\n\n<p class=\"wp-block-paragraph\">Nesse sentido:<\/p>\n\n\n\n<pre class=\"wp-block-preformatted\">As contribui\u00e7\u00f5es cobradas pela\u00a0OAB, como n\u00e3o t\u00eam natureza tribut\u00e1ria, n\u00e3o seguem o rito estabelecido pela Lei 6.830\/80.\n<strong>STJ. 1\u00aa Se\u00e7\u00e3o. EREsp 463.258\/SC, Rel. Min. Eliana Calmon, julgado em 10\/12\/2003.<\/strong><\/pre>\n\n\n\n<pre class=\"wp-block-preformatted\">As contribui\u00e7\u00f5es pagas pelos filiados \u00e0\u00a0OAB\u00a0n\u00e3o t\u00eam natureza tribut\u00e1ria.\n\nO t\u00edtulo executivo extrajudicial, referido no art. 46, par\u00e1grafo \u00fanico, da Lei n.\u00ba 8.906\/94, deve ser exigido em execu\u00e7\u00e3o disciplinada pelo C\u00f3digo de Processo Civil, n\u00e3o sendo poss\u00edvel a execu\u00e7\u00e3o fiscal regida pela Lei n.\u00ba 6.830\/80.\n\n<strong>STJ. 1\u00aa Se\u00e7\u00e3o. EREsp 503.252\/SC, Rel. Min. Castro Meira, julgado em 25\/8\/2004.<\/strong><\/pre>\n\n\n\n<hr class=\"wp-block-separator has-alpha-channel-opacity\"\/>\n\n\n\n<p class=\"has-text-align-center wp-block-paragraph\"><strong>Nossas redes sociais<\/strong><\/p>\n\n\n\n<p class=\"has-text-align-center has-black-color has-pale-cyan-blue-background-color has-text-color has-background has-link-color has-medium-font-size wp-elements-1 wp-block-paragraph\"><a href=\"https:\/\/www.instagram.com\/estrategiaoab\/\" target=\"_blank\" >Instagram Estrat\u00e9gia OAB<\/a><\/p>\n\n\n\n<p class=\"has-text-align-center has-black-color has-light-green-cyan-background-color has-text-color has-background has-link-color has-medium-font-size wp-elements-2 wp-block-paragraph\"><a href=\"https:\/\/www.youtube.com\/channel\/UC7rgrKTSF5aOrBGWOw60ovw\" target=\"_blank\" >YouTube Estrat\u00e9gia OAB<\/a><\/p>\n\n\n\n<p class=\"has-text-align-center has-black-color has-cyan-bluish-gray-background-color has-text-color has-background has-link-color has-medium-font-size wp-elements-3 wp-block-paragraph\"><a href=\"http:\/\/bit.ly\/TelegramOAB\" target=\"_blank\" >Inscreva-se no Telegram<\/a><\/p>\n\n\n\n<p class=\"wp-block-paragraph\"><\/p>\n","protected":false},"excerpt":{"rendered":"Foi muito comum durante o per\u00edodo das elei\u00e7\u00f5es da OAB que propostas de candidatos tivessem como foco as&hellip;\n","protected":false},"author":105,"featured_media":14935,"comment_status":"open","ping_status":"open","sticky":false,"template":"","format":"standard","meta":{"_acf_changed":false,"_jetpack_newsletter_access":"","_jetpack_dont_email_post_to_subs":false,"_jetpack_newsletter_tier_id":0,"_jetpack_memberships_contains_paywalled_content":false,"_jetpack_feature_clip_id":0,"_jetpack_memberships_contains_paid_content":false,"footnotes":"","jetpack_post_was_ever_published":false},"categories":[1],"tags":[258,259,261,265,260,264,262,263,266],"class_list":["post-14930","post","type-post","status-publish","format-standard","has-post-thumbnail","category-carreira","tag-analise-juridica","tag-anuidade-oab","tag-conselho-federal-da-oab","tag-contribuicoes-associativas","tag-isencao","tag-natureza-tributaria","tag-provimento-no-111-2006","tag-tema-1-302","tag-tributo"],"acf":[],"yoast_head":"<!-- This site is optimized with the Yoast SEO Premium plugin v26.2 (Yoast SEO v28.3) - https:\/\/yoast.com\/product\/yoast-seo-premium-wordpress\/ -->\n<title>Isen\u00e7\u00e3o da anuidade da OAB para a jovem advocacia \u00e9 suspensa<\/title>\n<meta name=\"description\" content=\"Este artigo prop\u00f5e uma an\u00e1lise sobre isen\u00e7\u00e3o de anuidades da OAB. O Conselho Federal promete uma revisita\u00e7\u00e3o do tema para maior uniformidade.\" \/>\n<meta name=\"robots\" content=\"index, follow, max-snippet:-1, max-image-preview:large, max-video-preview:-1\" \/>\n<link rel=\"canonical\" href=\"https:\/\/oab.estrategia.com\/portal\/isencao-anuidade-jovem-advocacia-suspensa\/\" \/>\n<meta property=\"og:locale\" content=\"pt_BR\" \/>\n<meta property=\"og:type\" content=\"article\" \/>\n<meta property=\"og:title\" content=\"Isen\u00e7\u00e3o da anuidade da OAB para a jovem advocacia \u00e9 suspensa\" \/>\n<meta property=\"og:description\" content=\"Este artigo prop\u00f5e uma an\u00e1lise sobre isen\u00e7\u00e3o de anuidades da OAB. O Conselho Federal promete uma revisita\u00e7\u00e3o do tema para maior uniformidade.\" \/>\n<meta property=\"og:url\" content=\"https:\/\/oab.estrategia.com\/portal\/isencao-anuidade-jovem-advocacia-suspensa\/\" \/>\n<meta property=\"og:site_name\" content=\"Blog - OAB - Estrat\u00e9gia\" \/>\n<meta property=\"article:publisher\" content=\"https:\/\/www.facebook.com\/estrategiaoab\/\" \/>\n<meta property=\"article:published_time\" content=\"2025-01-10T00:45:06+00:00\" \/>\n<meta property=\"article:modified_time\" content=\"2025-01-12T10:36:06+00:00\" \/>\n<meta property=\"og:image\" content=\"https:\/\/oab.estrategia.com\/portal\/wp-content\/uploads\/2025\/01\/09213712\/carteira_oab.jpeg\" \/>\n\t<meta property=\"og:image:width\" content=\"2400\" \/>\n\t<meta property=\"og:image:height\" content=\"1768\" \/>\n\t<meta property=\"og:image:type\" content=\"image\/jpeg\" \/>\n<meta name=\"author\" content=\"Felipe Duque\" \/>\n<meta name=\"twitter:card\" content=\"summary_large_image\" \/>\n<meta name=\"twitter:creator\" content=\"@estrategiaoab\" \/>\n<meta name=\"twitter:site\" content=\"@estrategiaoab\" \/>\n<meta name=\"twitter:label1\" content=\"Escrito por\" \/>\n\t<meta name=\"twitter:data1\" content=\"Felipe Duque\" \/>\n\t<meta name=\"twitter:label2\" content=\"Est. tempo de leitura\" \/>\n\t<meta name=\"twitter:data2\" content=\"5 minutos\" \/>\n<script type=\"application\/ld+json\" class=\"yoast-schema-graph\">{\"@context\":\"https:\\\/\\\/schema.org\",\"@graph\":[{\"@type\":\"Article\",\"@id\":\"https:\\\/\\\/oab.estrategia.com\\\/portal\\\/isencao-anuidade-jovem-advocacia-suspensa\\\/#article\",\"isPartOf\":{\"@id\":\"https:\\\/\\\/oab.estrategia.com\\\/portal\\\/isencao-anuidade-jovem-advocacia-suspensa\\\/\"},\"author\":{\"name\":\"Felipe Duque\",\"@id\":\"https:\\\/\\\/oab.estrategia.com\\\/portal\\\/#\\\/schema\\\/person\\\/a8b05ed0af2fb529b0b803c9dc841241\"},\"headline\":\"Isen\u00e7\u00e3o da anuidade da OAB para a jovem advocacia \u00e9 suspensa\",\"datePublished\":\"2025-01-10T00:45:06+00:00\",\"dateModified\":\"2025-01-12T10:36:06+00:00\",\"mainEntityOfPage\":{\"@id\":\"https:\\\/\\\/oab.estrategia.com\\\/portal\\\/isencao-anuidade-jovem-advocacia-suspensa\\\/\"},\"wordCount\":804,\"commentCount\":0,\"publisher\":{\"@id\":\"https:\\\/\\\/oab.estrategia.com\\\/portal\\\/#organization\"},\"image\":{\"@id\":\"https:\\\/\\\/oab.estrategia.com\\\/portal\\\/isencao-anuidade-jovem-advocacia-suspensa\\\/#primaryimage\"},\"thumbnailUrl\":\"https:\\\/\\\/cdn-blog-oab.estrategia.com\\\/portal\\\/wp-content\\\/uploads\\\/2025\\\/01\\\/09213712\\\/carteira_oab.jpeg\",\"keywords\":[\"an\u00e1lise jur\u00eddica\",\"anuidade OAB\",\"Conselho Federal da OAB\",\"contribui\u00e7\u00f5es associativas\",\"isen\u00e7\u00e3o\",\"natureza tribut\u00e1ria\",\"Provimento n\u00ba 111\\\/2006\",\"Tema 1.302\",\"tributo\"],\"articleSection\":[\"Carreira\"],\"inLanguage\":\"pt-BR\",\"potentialAction\":[{\"@type\":\"CommentAction\",\"name\":\"Comment\",\"target\":[\"https:\\\/\\\/oab.estrategia.com\\\/portal\\\/isencao-anuidade-jovem-advocacia-suspensa\\\/#respond\"]}]},{\"@type\":\"WebPage\",\"@id\":\"https:\\\/\\\/oab.estrategia.com\\\/portal\\\/isencao-anuidade-jovem-advocacia-suspensa\\\/\",\"url\":\"https:\\\/\\\/oab.estrategia.com\\\/portal\\\/isencao-anuidade-jovem-advocacia-suspensa\\\/\",\"name\":\"Isen\u00e7\u00e3o da anuidade da OAB para a jovem advocacia \u00e9 suspensa\",\"isPartOf\":{\"@id\":\"https:\\\/\\\/oab.estrategia.com\\\/portal\\\/#website\"},\"primaryImageOfPage\":{\"@id\":\"https:\\\/\\\/oab.estrategia.com\\\/portal\\\/isencao-anuidade-jovem-advocacia-suspensa\\\/#primaryimage\"},\"image\":{\"@id\":\"https:\\\/\\\/oab.estrategia.com\\\/portal\\\/isencao-anuidade-jovem-advocacia-suspensa\\\/#primaryimage\"},\"thumbnailUrl\":\"https:\\\/\\\/cdn-blog-oab.estrategia.com\\\/portal\\\/wp-content\\\/uploads\\\/2025\\\/01\\\/09213712\\\/carteira_oab.jpeg\",\"datePublished\":\"2025-01-10T00:45:06+00:00\",\"dateModified\":\"2025-01-12T10:36:06+00:00\",\"description\":\"Este artigo prop\u00f5e uma an\u00e1lise sobre isen\u00e7\u00e3o de anuidades da OAB. O Conselho Federal promete uma revisita\u00e7\u00e3o do tema para maior uniformidade.\",\"breadcrumb\":{\"@id\":\"https:\\\/\\\/oab.estrategia.com\\\/portal\\\/isencao-anuidade-jovem-advocacia-suspensa\\\/#breadcrumb\"},\"inLanguage\":\"pt-BR\",\"potentialAction\":[{\"@type\":\"ReadAction\",\"target\":[\"https:\\\/\\\/oab.estrategia.com\\\/portal\\\/isencao-anuidade-jovem-advocacia-suspensa\\\/\"]}]},{\"@type\":\"ImageObject\",\"inLanguage\":\"pt-BR\",\"@id\":\"https:\\\/\\\/oab.estrategia.com\\\/portal\\\/isencao-anuidade-jovem-advocacia-suspensa\\\/#primaryimage\",\"url\":\"https:\\\/\\\/cdn-blog-oab.estrategia.com\\\/portal\\\/wp-content\\\/uploads\\\/2025\\\/01\\\/09213712\\\/carteira_oab.jpeg\",\"contentUrl\":\"https:\\\/\\\/cdn-blog-oab.estrategia.com\\\/portal\\\/wp-content\\\/uploads\\\/2025\\\/01\\\/09213712\\\/carteira_oab.jpeg\",\"width\":2400,\"height\":1768,\"caption\":\"Foto: OAB SP\\\/Divulga\u00e7\u00e3o.\"},{\"@type\":\"BreadcrumbList\",\"@id\":\"https:\\\/\\\/oab.estrategia.com\\\/portal\\\/isencao-anuidade-jovem-advocacia-suspensa\\\/#breadcrumb\",\"itemListElement\":[{\"@type\":\"ListItem\",\"position\":1,\"name\":\"In\u00edcio\",\"item\":\"https:\\\/\\\/oab.estrategia.com\\\/portal\\\/\"},{\"@type\":\"ListItem\",\"position\":2,\"name\":\"Isen\u00e7\u00e3o da anuidade da OAB para a jovem advocacia \u00e9 suspensa\"}]},{\"@type\":\"WebSite\",\"@id\":\"https:\\\/\\\/oab.estrategia.com\\\/portal\\\/#website\",\"url\":\"https:\\\/\\\/oab.estrategia.com\\\/portal\\\/\",\"name\":\"Blog - OAB - Estrat\u00e9gia\",\"description\":\"Blog OAB - Estrat\u00e9gia Concursos\",\"publisher\":{\"@id\":\"https:\\\/\\\/oab.estrategia.com\\\/portal\\\/#organization\"},\"potentialAction\":[{\"@type\":\"SearchAction\",\"target\":{\"@type\":\"EntryPoint\",\"urlTemplate\":\"https:\\\/\\\/oab.estrategia.com\\\/portal\\\/?s={search_term_string}\"},\"query-input\":{\"@type\":\"PropertyValueSpecification\",\"valueRequired\":true,\"valueName\":\"search_term_string\"}}],\"inLanguage\":\"pt-BR\"},{\"@type\":\"Organization\",\"@id\":\"https:\\\/\\\/oab.estrategia.com\\\/portal\\\/#organization\",\"name\":\"Estrat\u00e9gia Concursos\",\"url\":\"https:\\\/\\\/oab.estrategia.com\\\/portal\\\/\",\"logo\":{\"@type\":\"ImageObject\",\"inLanguage\":\"pt-BR\",\"@id\":\"https:\\\/\\\/oab.estrategia.com\\\/portal\\\/#\\\/schema\\\/logo\\\/image\\\/\",\"url\":\"https:\\\/\\\/oab.estrategia.com\\\/portal\\\/wp-content\\\/uploads\\\/2022\\\/04\\\/06103601\\\/oab-icone-2.png\",\"contentUrl\":\"https:\\\/\\\/oab.estrategia.com\\\/portal\\\/wp-content\\\/uploads\\\/2022\\\/04\\\/06103601\\\/oab-icone-2.png\",\"width\":900,\"height\":900,\"caption\":\"Estrat\u00e9gia Concursos\"},\"image\":{\"@id\":\"https:\\\/\\\/oab.estrategia.com\\\/portal\\\/#\\\/schema\\\/logo\\\/image\\\/\"},\"sameAs\":[\"https:\\\/\\\/www.facebook.com\\\/estrategiaoab\\\/\",\"https:\\\/\\\/x.com\\\/estrategiaoab\",\"https:\\\/\\\/www.instagram.com\\\/estrategiaoab\\\/\",\"https:\\\/\\\/www.youtube.com\\\/EstrategiaOAB\"]},{\"@type\":\"Person\",\"@id\":\"https:\\\/\\\/oab.estrategia.com\\\/portal\\\/#\\\/schema\\\/person\\\/a8b05ed0af2fb529b0b803c9dc841241\",\"name\":\"Felipe Duque\",\"image\":{\"@type\":\"ImageObject\",\"inLanguage\":\"pt-BR\",\"@id\":\"https:\\\/\\\/cdn-blog-oab.estrategia.com\\\/portal\\\/wp-content\\\/uploads\\\/2024\\\/08\\\/22101348\\\/professor-felipe-duque-estrategia-oab-ecj-96x96.png\",\"url\":\"https:\\\/\\\/cdn-blog-oab.estrategia.com\\\/portal\\\/wp-content\\\/uploads\\\/2024\\\/08\\\/22101348\\\/professor-felipe-duque-estrategia-oab-ecj-96x96.png\",\"contentUrl\":\"https:\\\/\\\/cdn-blog-oab.estrategia.com\\\/portal\\\/wp-content\\\/uploads\\\/2024\\\/08\\\/22101348\\\/professor-felipe-duque-estrategia-oab-ecj-96x96.png\",\"caption\":\"Felipe Duque\"},\"description\":\"Felipe Duque - Mestre em Direito Pol\u00edtico e Econ\u00f4mico na Mackenzie-SP. Graduado em Direito pela Universidade Cat\u00f3lica de Pernambuco, com conclus\u00e3o pelo regime de Aproveitamento Extraordin\u00e1rio nos Estudos (art. 47, \u00a7 2\u00ba, da Lei n\u00ba 9.394\\\/96). Ex-Assessor de Desembargador no TJPE. Procurador da Fazenda Nacional. Integra voluntariamente a Coordena\u00e7\u00e3o de Assuntos Estrat\u00e9gicos Judiciais da PGFN. Professor do Estrat\u00e9gia Carreira Jur\u00eddica, Estrat\u00e9gia OAB e Buscador Dizer o Direito. Autor do livro \u201cReforma Tribut\u00e1ria Comentada e Esquematizada\u201d.\",\"url\":\"https:\\\/\\\/oab.estrategia.com\\\/portal\\\/author\\\/felipe-duque\\\/\"}]}<\/script>\n<!-- \/ Yoast SEO Premium plugin. -->","yoast_head_json":{"title":"Isen\u00e7\u00e3o da anuidade da OAB para a jovem advocacia \u00e9 suspensa","description":"Este artigo prop\u00f5e uma an\u00e1lise sobre isen\u00e7\u00e3o de anuidades da OAB. O Conselho Federal promete uma revisita\u00e7\u00e3o do tema para maior uniformidade.","robots":{"index":"index","follow":"follow","max-snippet":"max-snippet:-1","max-image-preview":"max-image-preview:large","max-video-preview":"max-video-preview:-1"},"canonical":"https:\/\/oab.estrategia.com\/portal\/isencao-anuidade-jovem-advocacia-suspensa\/","og_locale":"pt_BR","og_type":"article","og_title":"Isen\u00e7\u00e3o da anuidade da OAB para a jovem advocacia \u00e9 suspensa","og_description":"Este artigo prop\u00f5e uma an\u00e1lise sobre isen\u00e7\u00e3o de anuidades da OAB. O Conselho Federal promete uma revisita\u00e7\u00e3o do tema para maior uniformidade.","og_url":"https:\/\/oab.estrategia.com\/portal\/isencao-anuidade-jovem-advocacia-suspensa\/","og_site_name":"Blog - OAB - Estrat\u00e9gia","article_publisher":"https:\/\/www.facebook.com\/estrategiaoab\/","article_published_time":"2025-01-10T00:45:06+00:00","article_modified_time":"2025-01-12T10:36:06+00:00","og_image":[{"width":2400,"height":1768,"url":"https:\/\/oab.estrategia.com\/portal\/wp-content\/uploads\/2025\/01\/09213712\/carteira_oab.jpeg","type":"image\/jpeg"}],"author":"Felipe Duque","twitter_card":"summary_large_image","twitter_creator":"@estrategiaoab","twitter_site":"@estrategiaoab","twitter_misc":{"Escrito por":"Felipe Duque","Est. tempo de leitura":"5 minutos"},"schema":{"@context":"https:\/\/schema.org","@graph":[{"@type":"Article","@id":"https:\/\/oab.estrategia.com\/portal\/isencao-anuidade-jovem-advocacia-suspensa\/#article","isPartOf":{"@id":"https:\/\/oab.estrategia.com\/portal\/isencao-anuidade-jovem-advocacia-suspensa\/"},"author":{"name":"Felipe Duque","@id":"https:\/\/oab.estrategia.com\/portal\/#\/schema\/person\/a8b05ed0af2fb529b0b803c9dc841241"},"headline":"Isen\u00e7\u00e3o da anuidade da OAB para a jovem advocacia \u00e9 suspensa","datePublished":"2025-01-10T00:45:06+00:00","dateModified":"2025-01-12T10:36:06+00:00","mainEntityOfPage":{"@id":"https:\/\/oab.estrategia.com\/portal\/isencao-anuidade-jovem-advocacia-suspensa\/"},"wordCount":804,"commentCount":0,"publisher":{"@id":"https:\/\/oab.estrategia.com\/portal\/#organization"},"image":{"@id":"https:\/\/oab.estrategia.com\/portal\/isencao-anuidade-jovem-advocacia-suspensa\/#primaryimage"},"thumbnailUrl":"https:\/\/cdn-blog-oab.estrategia.com\/portal\/wp-content\/uploads\/2025\/01\/09213712\/carteira_oab.jpeg","keywords":["an\u00e1lise jur\u00eddica","anuidade OAB","Conselho Federal da OAB","contribui\u00e7\u00f5es associativas","isen\u00e7\u00e3o","natureza tribut\u00e1ria","Provimento n\u00ba 111\/2006","Tema 1.302","tributo"],"articleSection":["Carreira"],"inLanguage":"pt-BR","potentialAction":[{"@type":"CommentAction","name":"Comment","target":["https:\/\/oab.estrategia.com\/portal\/isencao-anuidade-jovem-advocacia-suspensa\/#respond"]}]},{"@type":"WebPage","@id":"https:\/\/oab.estrategia.com\/portal\/isencao-anuidade-jovem-advocacia-suspensa\/","url":"https:\/\/oab.estrategia.com\/portal\/isencao-anuidade-jovem-advocacia-suspensa\/","name":"Isen\u00e7\u00e3o da anuidade da OAB para a jovem advocacia \u00e9 suspensa","isPartOf":{"@id":"https:\/\/oab.estrategia.com\/portal\/#website"},"primaryImageOfPage":{"@id":"https:\/\/oab.estrategia.com\/portal\/isencao-anuidade-jovem-advocacia-suspensa\/#primaryimage"},"image":{"@id":"https:\/\/oab.estrategia.com\/portal\/isencao-anuidade-jovem-advocacia-suspensa\/#primaryimage"},"thumbnailUrl":"https:\/\/cdn-blog-oab.estrategia.com\/portal\/wp-content\/uploads\/2025\/01\/09213712\/carteira_oab.jpeg","datePublished":"2025-01-10T00:45:06+00:00","dateModified":"2025-01-12T10:36:06+00:00","description":"Este artigo prop\u00f5e uma an\u00e1lise sobre isen\u00e7\u00e3o de anuidades da OAB. O Conselho Federal promete uma revisita\u00e7\u00e3o do tema para maior uniformidade.","breadcrumb":{"@id":"https:\/\/oab.estrategia.com\/portal\/isencao-anuidade-jovem-advocacia-suspensa\/#breadcrumb"},"inLanguage":"pt-BR","potentialAction":[{"@type":"ReadAction","target":["https:\/\/oab.estrategia.com\/portal\/isencao-anuidade-jovem-advocacia-suspensa\/"]}]},{"@type":"ImageObject","inLanguage":"pt-BR","@id":"https:\/\/oab.estrategia.com\/portal\/isencao-anuidade-jovem-advocacia-suspensa\/#primaryimage","url":"https:\/\/cdn-blog-oab.estrategia.com\/portal\/wp-content\/uploads\/2025\/01\/09213712\/carteira_oab.jpeg","contentUrl":"https:\/\/cdn-blog-oab.estrategia.com\/portal\/wp-content\/uploads\/2025\/01\/09213712\/carteira_oab.jpeg","width":2400,"height":1768,"caption":"Foto: OAB SP\/Divulga\u00e7\u00e3o."},{"@type":"BreadcrumbList","@id":"https:\/\/oab.estrategia.com\/portal\/isencao-anuidade-jovem-advocacia-suspensa\/#breadcrumb","itemListElement":[{"@type":"ListItem","position":1,"name":"In\u00edcio","item":"https:\/\/oab.estrategia.com\/portal\/"},{"@type":"ListItem","position":2,"name":"Isen\u00e7\u00e3o da anuidade da OAB para a jovem advocacia \u00e9 suspensa"}]},{"@type":"WebSite","@id":"https:\/\/oab.estrategia.com\/portal\/#website","url":"https:\/\/oab.estrategia.com\/portal\/","name":"Blog - OAB - Estrat\u00e9gia","description":"Blog OAB - Estrat\u00e9gia Concursos","publisher":{"@id":"https:\/\/oab.estrategia.com\/portal\/#organization"},"potentialAction":[{"@type":"SearchAction","target":{"@type":"EntryPoint","urlTemplate":"https:\/\/oab.estrategia.com\/portal\/?s={search_term_string}"},"query-input":{"@type":"PropertyValueSpecification","valueRequired":true,"valueName":"search_term_string"}}],"inLanguage":"pt-BR"},{"@type":"Organization","@id":"https:\/\/oab.estrategia.com\/portal\/#organization","name":"Estrat\u00e9gia Concursos","url":"https:\/\/oab.estrategia.com\/portal\/","logo":{"@type":"ImageObject","inLanguage":"pt-BR","@id":"https:\/\/oab.estrategia.com\/portal\/#\/schema\/logo\/image\/","url":"https:\/\/oab.estrategia.com\/portal\/wp-content\/uploads\/2022\/04\/06103601\/oab-icone-2.png","contentUrl":"https:\/\/oab.estrategia.com\/portal\/wp-content\/uploads\/2022\/04\/06103601\/oab-icone-2.png","width":900,"height":900,"caption":"Estrat\u00e9gia Concursos"},"image":{"@id":"https:\/\/oab.estrategia.com\/portal\/#\/schema\/logo\/image\/"},"sameAs":["https:\/\/www.facebook.com\/estrategiaoab\/","https:\/\/x.com\/estrategiaoab","https:\/\/www.instagram.com\/estrategiaoab\/","https:\/\/www.youtube.com\/EstrategiaOAB"]},{"@type":"Person","@id":"https:\/\/oab.estrategia.com\/portal\/#\/schema\/person\/a8b05ed0af2fb529b0b803c9dc841241","name":"Felipe Duque","image":{"@type":"ImageObject","inLanguage":"pt-BR","@id":"https:\/\/cdn-blog-oab.estrategia.com\/portal\/wp-content\/uploads\/2024\/08\/22101348\/professor-felipe-duque-estrategia-oab-ecj-96x96.png","url":"https:\/\/cdn-blog-oab.estrategia.com\/portal\/wp-content\/uploads\/2024\/08\/22101348\/professor-felipe-duque-estrategia-oab-ecj-96x96.png","contentUrl":"https:\/\/cdn-blog-oab.estrategia.com\/portal\/wp-content\/uploads\/2024\/08\/22101348\/professor-felipe-duque-estrategia-oab-ecj-96x96.png","caption":"Felipe Duque"},"description":"Felipe Duque - Mestre em Direito Pol\u00edtico e Econ\u00f4mico na Mackenzie-SP. Graduado em Direito pela Universidade Cat\u00f3lica de Pernambuco, com conclus\u00e3o pelo regime de Aproveitamento Extraordin\u00e1rio nos Estudos (art. 47, \u00a7 2\u00ba, da Lei n\u00ba 9.394\/96). Ex-Assessor de Desembargador no TJPE. Procurador da Fazenda Nacional. Integra voluntariamente a Coordena\u00e7\u00e3o de Assuntos Estrat\u00e9gicos Judiciais da PGFN. Professor do Estrat\u00e9gia Carreira Jur\u00eddica, Estrat\u00e9gia OAB e Buscador Dizer o Direito. Autor do livro \u201cReforma Tribut\u00e1ria Comentada e Esquematizada\u201d.","url":"https:\/\/oab.estrategia.com\/portal\/author\/felipe-duque\/"}]}},"jetpack_sharing_enabled":true,"jetpack_featured_media_url":"https:\/\/cdn-blog-oab.estrategia.com\/portal\/wp-content\/uploads\/2025\/01\/09213712\/carteira_oab.jpeg","_links":{"self":[{"href":"https:\/\/oab.estrategia.com\/portal\/wp-json\/wp\/v2\/posts\/14930","targetHints":{"allow":["GET"]}}],"collection":[{"href":"https:\/\/oab.estrategia.com\/portal\/wp-json\/wp\/v2\/posts"}],"about":[{"href":"https:\/\/oab.estrategia.com\/portal\/wp-json\/wp\/v2\/types\/post"}],"author":[{"embeddable":true,"href":"https:\/\/oab.estrategia.com\/portal\/wp-json\/wp\/v2\/users\/105"}],"replies":[{"embeddable":true,"href":"https:\/\/oab.estrategia.com\/portal\/wp-json\/wp\/v2\/comments?post=14930"}],"version-history":[{"count":2,"href":"https:\/\/oab.estrategia.com\/portal\/wp-json\/wp\/v2\/posts\/14930\/revisions"}],"predecessor-version":[{"id":14936,"href":"https:\/\/oab.estrategia.com\/portal\/wp-json\/wp\/v2\/posts\/14930\/revisions\/14936"}],"wp:featuredmedia":[{"embeddable":true,"href":"https:\/\/oab.estrategia.com\/portal\/wp-json\/wp\/v2\/media\/14935"}],"wp:attachment":[{"href":"https:\/\/oab.estrategia.com\/portal\/wp-json\/wp\/v2\/media?parent=14930"}],"wp:term":[{"taxonomy":"category","embeddable":true,"href":"https:\/\/oab.estrategia.com\/portal\/wp-json\/wp\/v2\/categories?post=14930"},{"taxonomy":"post_tag","embeddable":true,"href":"https:\/\/oab.estrategia.com\/portal\/wp-json\/wp\/v2\/tags?post=14930"}],"curies":[{"name":"wp","href":"https:\/\/api.w.org\/{rel}","templated":true}]}}