{"id":15285,"date":"2025-01-28T14:12:51","date_gmt":"2025-01-28T17:12:51","guid":{"rendered":"https:\/\/oab.estrategia.com\/portal\/?p=15285"},"modified":"2025-02-17T18:28:41","modified_gmt":"2025-02-17T21:28:41","slug":"crimes-atos-infracionais-distincoes-oab","status":"publish","type":"post","link":"https:\/\/oab.estrategia.com\/portal\/crimes-atos-infracionais-distincoes-oab\/","title":{"rendered":"Crimes x Atos infracionais: quais as distin\u00e7\u00f5es e como isso pode cair no Exame da OAB?"},"content":{"rendered":"\n<h2 class=\"wp-block-heading\" id=\"h-introducao\"><span id=\"introducao\">Introdu\u00e7\u00e3o<\/span><\/h2>\n\n\n\n<p>O C\u00f3digo Penal Brasileiro e o Estatuto da Crian\u00e7a e do Adolescente (ECA) aplicam crit\u00e9rios diferenciados baseados na idade para julgar atos il\u00edcitos tipificados por lei federal como infra\u00e7\u00f5es penais praticados por crian\u00e7as, adolescentes e adultos.<\/p>\n\n\n\n<p class=\"has-background\" style=\"background-color:#dddddd\">Imagine que Jo\u00e3o, um jovem de 17 anos e 11 meses e 29 dias, tenha subtra\u00eddo violentamente um telefone celular nas imedia\u00e7\u00f5es de sua casa, \u00e0s 23h59 do dia anterior ao seu anivers\u00e1rio de 18 anos. Sua responsabiliza\u00e7\u00e3o seria conforme o C\u00f3digo Penal ou o ECA?<\/p>\n\n\n\n<p>A resposta leva em considera\u00e7\u00e3o o hor\u00e1rio da subtra\u00e7\u00e3o. Ou seja, se tivesse ocorrido \u00e0 meia-noite do dia de seu anivers\u00e1rio, quando Jo\u00e3o j\u00e1 teria 18 anos, seu tratamento seria como adulto (imput\u00e1vel). Assim, teria praticado um <em><strong>crime<\/strong><\/em>, com a respectiva aplica\u00e7\u00e3o de uma <em><strong>pena<\/strong><\/em>.<\/p>\n\n\n\n<p>Todavia, por ter praticado o ato il\u00edcito enquanto ainda era menor de 18 anos, tecnicamente, ele praticou um <em><strong>ato infracional<\/strong><\/em> e ser\u00e1 responsabilizado \u00e0 luz do Estatuto da Crian\u00e7a e do Adolescente, o qual, em seu art. 104, par\u00e1grafo \u00fanico, prescreve que \u201cpara os efeitos desta Lei, deve ser considerada a idade do adolescente \u00e0 data do fato\u201d.<\/p>\n\n\n\n<h2 class=\"wp-block-heading\" id=\"h-por-que-menores-de-18-anos-nao-cometem-crimes\"><span id=\"por-que-menores-de-18-anos-nao-cometem-crimes\">Por que menores de 18 anos n\u00e3o cometem crimes?<\/span><\/h2>\n\n\n\n<p>O artigo 228 da Constitui\u00e7\u00e3o Federal prev\u00ea que \u201cs\u00e3o penalmente inimput\u00e1veis os menores de dezoito anos, sujeitos \u00e0s normas da legisla\u00e7\u00e3o especial\u201d.<\/p>\n\n\n\n<div class=\"wp-block-media-text is-stacked-on-mobile\" style=\"grid-template-columns:56% auto\"><figure class=\"wp-block-media-text__media\"><img decoding=\"async\" width=\"1024\" height=\"613\" src=\"https:\/\/oab.estrategia.com\/portal\/wp-content\/uploads\/2025\/01\/28135433\/infancia-crianca-adolescente-1024x613.jpg\" alt=\"Atos infracionais\" class=\"wp-image-15293 size-full\" srcset=\"https:\/\/oab.estrategia.com\/portal\/wp-content\/uploads\/2025\/01\/28135433\/infancia-crianca-adolescente-1024x613.jpg 1024w, https:\/\/oab.estrategia.com\/portal\/wp-content\/uploads\/2025\/01\/28135433\/infancia-crianca-adolescente-300x180.jpg 300w, https:\/\/oab.estrategia.com\/portal\/wp-content\/uploads\/2025\/01\/28135433\/infancia-crianca-adolescente-768x460.jpg 768w, https:\/\/oab.estrategia.com\/portal\/wp-content\/uploads\/2025\/01\/28135433\/infancia-crianca-adolescente-380x227.jpg 380w, https:\/\/oab.estrategia.com\/portal\/wp-content\/uploads\/2025\/01\/28135433\/infancia-crianca-adolescente-560x336.jpg 560w, https:\/\/oab.estrategia.com\/portal\/wp-content\/uploads\/2025\/01\/28135433\/infancia-crianca-adolescente-800x479.jpg 800w, https:\/\/oab.estrategia.com\/portal\/wp-content\/uploads\/2025\/01\/28135433\/infancia-crianca-adolescente-1160x694.jpg 1160w, https:\/\/oab.estrategia.com\/portal\/wp-content\/uploads\/2025\/01\/28135433\/infancia-crianca-adolescente-150x90.jpg 150w, https:\/\/oab.estrategia.com\/portal\/wp-content\/uploads\/2025\/01\/28135433\/infancia-crianca-adolescente.jpg 1280w\" sizes=\"(max-width: 1024px) 100vw, 1024px\" \/><\/figure><div class=\"wp-block-media-text__content\">\n<p>Considera-se, portanto, que menores de 18 anos, n\u00e3o s\u00e3o capazes de cometer infra\u00e7\u00f5es penais porque lhes falta um elemento definido na teoria do crime: a <em><strong><mark style=\"background-color:rgba(0, 0, 0, 0)\" class=\"has-inline-color has-vivid-purple-color\">culpabilidade<\/mark><\/strong><\/em>, isto \u00e9, a capacidade de entender que o ato cometido \u00e9 errado e de agir de acordo com esse entendimento.<\/p>\n<\/div><\/div>\n\n\n\n<p>A legisla\u00e7\u00e3o especial a que os menores de 18 anos s\u00e3o sujeitos \u00e9 o Estatuto da Crian\u00e7a e do Adolescente, que estabelece em seu art. 103 que \u201cconsidera-se ato infracional a conduta descrita como crime ou contraven\u00e7\u00e3o penal\u201d. Portanto, se uma crian\u00e7a ou um adolescente praticar um ato definitivo em lei federal como crime ou contraven\u00e7\u00e3o, ter\u00e1, tecnicamente, praticado um <em><strong>ato infracional<\/strong><\/em>. S\u00e3o submetidas ent\u00e3o \u00e0 disciplina da Lei n\u00ba 8.069\/90.<\/p>\n\n\n\n<h2 class=\"wp-block-heading\" id=\"h-quais-serao-as-consequencias-para-criancas-e-adolescentes-que-praticam-atos-infracionais\"><span id=\"quais-serao-as-consequencias-para-criancas-e-adolescentes-que-praticam-atos-infracionais\">Quais ser\u00e3o as consequ\u00eancias para <em>crian\u00e7as <\/em>e <em>adolescentes<\/em> que praticam atos infracionais?<\/span><\/h2>\n\n\n\n<p>Se, por um lado, todos os menores de 18 anos n\u00e3o podem praticar crimes, nem contraven\u00e7\u00f5es penais, mas apenas <em><strong>atos infracionais<\/strong><\/em>, por outro, as consequ\u00eancias de suas condutas previstas no ECA n\u00e3o ser\u00e3o id\u00eanticas. Ou seja, as medidas a serem aplicadas ser\u00e3o distintas conforme o agente seja <em><strong>crian\u00e7a <\/strong><\/em>ou <em><strong>adolescente<\/strong><\/em>.<\/p>\n\n\n\n<p>O ECA, na cabe\u00e7a de seu artigo 2\u00ba, define <strong><mark style=\"background-color:rgba(0, 0, 0, 0)\" class=\"has-inline-color has-vivid-purple-color\"><em>crian\u00e7as<\/em> <\/mark><\/strong>como pessoas de at\u00e9 12 anos incompletos e <strong><mark style=\"background-color:rgba(0, 0, 0, 0)\" class=\"has-inline-color has-vivid-purple-color\"><em>adolescentes<\/em> <\/mark><\/strong>entre 12 e 18 anos.<\/p>\n\n\n\n<h3 class=\"wp-block-heading\" id=\"h-criancas\"><span id=\"criancas\">Crian\u00e7as<\/span><\/h3>\n\n\n\n<p>As <strong><mark style=\"background-color:rgba(0, 0, 0, 0)\" class=\"has-inline-color has-vivid-purple-color\"><em>crian\u00e7as<\/em> <\/mark><\/strong>autoras de atos infracionais somente poder\u00e3o se sujeitar \u00e0s medidas de <strong><em>prote\u00e7\u00e3o<\/em> <\/strong>estabelecidas no artigo 105. Tais medidas incluem o encaminhamento aos pais ou respons\u00e1veis, matr\u00edcula e frequ\u00eancia obrigat\u00f3rias na escola, tratamento m\u00e9dico e abrigo em entidade, as quais o <strong>Conselho Tutelar<\/strong> aplicar\u00e1 administrativamente.<\/p>\n\n\n\n<pre class=\"wp-block-verse\">N\u00e3o haver\u00e1 encaminhamento da <strong>crian\u00e7a autora de ato infracional<\/strong> \u00e0 autoridade policial, nem procedimento de apura\u00e7\u00e3o perante a vara da inf\u00e2ncia e da juventude e tampouco a imposi\u00e7\u00e3o de medidas socioeducativas, como a interna\u00e7\u00e3o, a semiliberdade ou a liberdade assistida.<\/pre>\n\n\n\n<h3 class=\"wp-block-heading\" id=\"h-adolescentes\"><span id=\"adolescentes\">Adolescentes<\/span><\/h3>\n\n\n\n<p>Por sua vez, praticado um ato infracional por um <em><strong><mark style=\"background-color:rgba(0, 0, 0, 0)\" class=\"has-inline-color has-vivid-purple-color\">adolescente<\/mark><\/strong><\/em>, ele poder\u00e1 se sujeitar tanto \u00e0s medidas <strong><em>protetivas<\/em> <\/strong>do art. 105 do ECA, quanto \u00e0s medidas <em><strong>socioeducativas <\/strong><\/em>do artigo 112. Elas come\u00e7am com advert\u00eancia e repara\u00e7\u00e3o do dano, passando pelas medidas em meio <em>aberto<\/em>, isto \u00e9, presta\u00e7\u00e3o de servi\u00e7o \u00e0 comunidade e liberdade assistida, at\u00e9 as medidas em meio <em>fechado<\/em>, a semiliberdade e a interna\u00e7\u00e3o.<\/p>\n\n\n\n<p>Somente o <strong><em>juiz<\/em> <\/strong>poder\u00e1 realizar a aplica\u00e7\u00e3o de <em>medidas socioeducativas <\/em>a adolescentes. Isso ocorre ap\u00f3s um procedimento de apura\u00e7\u00e3o de ato infracional, respeitados o devido processo legal, a ampla defesa e o contradit\u00f3rio.<\/p>\n\n\n\n<p>Com a pr\u00e1tica do ato infracional, haver\u00e1 o encaminhamento do adolescente \u00e0 autoridade policial. Logo ap\u00f3s, o promotor de justi\u00e7a chamar\u00e1 para uma <em><strong>oitiva informal<\/strong><\/em>. Na oportunidade, ele poder\u00e1 promover o arquivamento da investiga\u00e7\u00e3o, conceder-lhe a remiss\u00e3o (perd\u00e3o) ou oferecer a <em>representa\u00e7\u00e3o<\/em> ao juiz da vara da inf\u00e2ncia e da juventude para o in\u00edcio do procedimento da apura\u00e7\u00e3o do ato infracional.<\/p>\n\n\n\n<p>Caso o juiz identifique que h\u00e1 certeza da exist\u00eancia do ato infracional e ind\u00edcios suficientes de sua autoria, <em><strong>receber\u00e1 <\/strong><\/em>a representa\u00e7\u00e3o e designar\u00e1 a audi\u00eancia de apresenta\u00e7\u00e3o, em que ouvir\u00e1 o adolescente e seus pais ou respons\u00e1veis. Depois intimar\u00e1 o defensor a oferecer defesa pr\u00e9via em tr\u00eas dias. Ao final, agendar\u00e1 a audi\u00eancia em continua\u00e7\u00e3o, sendo ouvidas v\u00edtimas e testemunhas, com os debates orais entre Minist\u00e9rio P\u00fablico e defesa, e senten\u00e7a do juiz.<\/p>\n\n\n\n<h2 class=\"wp-block-heading\" id=\"h-o-que-acontece-se-praticado-um-ato-infracional-o-adolescente-completa-a-maioridade\"><span id=\"o-que-acontece-se-praticado-um-ato-infracional-o-adolescente-completa-a-maioridade\">O que acontece se, praticado um ato infracional, o adolescente completa a maioridade?<\/span><\/h2>\n\n\n\n<p>Voltemos ao caso de Jo\u00e3o, que praticou um ato infracional equiparado ao roubo, \u00e0s 23h59 do dia anterior ao seu anivers\u00e1rio de 18 anos.<\/p>\n\n\n\n<pre class=\"wp-block-verse\">Com a sua maioridade, tornando-se adulto e, portanto, <em><strong><mark style=\"background-color:rgba(0, 0, 0, 0)\" class=\"has-inline-color has-vivid-purple-color\">imput\u00e1vel<\/mark><\/strong><\/em>, ainda assim poderia ser responsabilizado \u00e0 luz do Estatuto da Crian\u00e7a e do Adolescente, lei que tem como destinat\u00e1rios as crian\u00e7as e os adolescentes, com a consequente aplica\u00e7\u00e3o de medidas <strong><em>socioeducativas<\/em> <\/strong>e de <strong><em>prote\u00e7\u00e3o<\/em> <\/strong>a uma pessoa adulta?<\/pre>\n\n\n\n<p>A resposta \u00e9 <strong>sim<\/strong>, porque o art. 2\u00ba, par\u00e1grafo \u00fanico, do ECA estipula que \u201cnos casos expressos em lei, aplica-se excepcionalmente este Estatuto \u00e0s pessoas entre dezoito e vinte e um anos de idade\u201d.<\/p>\n\n\n\n<p>Al\u00e9m disso, a S\u00famula 605 do STJ estabelece que: \u201ca superveni\u00eancia da maioridade penal n\u00e3o interfere na apura\u00e7\u00e3o de ato infracional nem na aplicabilidade de medida socioeducativa em curso, inclusive na liberdade assistida, enquanto n\u00e3o atingida a idade de 21 anos\u201d.<\/p>\n\n\n\n<pre class=\"wp-block-verse\">Significa dizer, portanto, que, praticado um <em><strong>ato infracional<\/strong><\/em> por um adolescente, ainda que sobrevenha a sua maioridade, ser\u00e1 poss\u00edvel a instaura\u00e7\u00e3o de um procedimento de apura\u00e7\u00e3o de ato infracional e a imposi\u00e7\u00e3o de medidas socioeducativas, at\u00e9 que ele complete 21 anos, quando, ent\u00e3o, eventuais processos ou medidas em curso dever\u00e3o ser extintos.<\/pre>\n\n\n\n<h2 class=\"wp-block-heading\" id=\"h-conclusao\"><span id=\"conclusao\">Conclus\u00e3o<\/span><\/h2>\n\n\n\n<p>Na prepara\u00e7\u00e3o para o Exame da OAB, \u00e9 importante ficar atento \u00e0 distin\u00e7\u00e3o entre crimes e atos infracionais. H\u00e1 grandes chances de termos quest\u00f5es sobre o assunto.<\/p>\n\n\n\n<p>Mas <strong><mark style=\"background-color:#fcb900\" class=\"has-inline-color\">n\u00e3o se esque\u00e7a<\/mark><\/strong>: a Funda\u00e7\u00e3o Get\u00falio Vargas (FGV), respons\u00e1vel pela elabora\u00e7\u00e3o da prova, costuma cobrar casos pr\u00e1ticos que envolvam esses conceitos te\u00f3ricos, como, por exemplo, o caso do adolescente Jo\u00e3o.<\/p>\n\n\n\n<p>Uma boa revis\u00e3o para o exame inclui ler e reler a <em><mark style=\"background-color:rgba(0, 0, 0, 0)\" class=\"has-inline-color has-vivid-purple-color\"><strong>lei seca<\/strong><\/mark><\/em>. Deve-se focar no ECA, e nas <em><strong><mark style=\"background-color:rgba(0, 0, 0, 0)\" class=\"has-inline-color has-vivid-purple-color\">s\u00famulas<\/mark><\/strong><\/em> do STJ, com especial destaque para as de n\u00famero 108, 265, 338, 342, 383, 492, 500 e 605.<\/p>\n\n\n\n<p>Ent\u00e3o, aos estudos, <strong><a href=\"https:\/\/oab.estrategia.com\/#plans-session\" target=\"_blank\" >corujas<\/a><\/strong>!<\/p>\n\n\n\n<hr class=\"wp-block-separator has-alpha-channel-opacity\"\/>\n\n\n\n<p class=\"has-text-align-center\"><strong>Nossas redes sociais<\/strong><\/p>\n\n\n\n<p class=\"has-text-align-center has-black-color has-pale-cyan-blue-background-color has-text-color has-background has-link-color has-medium-font-size wp-elements-2e026229bd2a7a653331e3adc6aabef4\"><a href=\"https:\/\/www.instagram.com\/estrategiaoab\/\" target=\"_blank\" >Instagram Estrat\u00e9gia OAB<\/a><\/p>\n\n\n\n<p class=\"has-text-align-center has-black-color has-light-green-cyan-background-color has-text-color has-background has-link-color has-medium-font-size wp-elements-d67442bbf0473a4dcae02563d61287f5\"><a href=\"https:\/\/www.youtube.com\/channel\/UC7rgrKTSF5aOrBGWOw60ovw\" target=\"_blank\" >YouTube Estrat\u00e9gia OAB<\/a><\/p>\n\n\n\n<p class=\"has-text-align-center has-black-color has-cyan-bluish-gray-background-color has-text-color has-background has-link-color has-medium-font-size wp-elements-f50e1bcb02706c1bac577839f0ead64d\"><a href=\"http:\/\/bit.ly\/TelegramOAB\" target=\"_blank\" >Inscreva-se no Telegram<\/a><\/p>\n\n\n\n<p><\/p>\n","protected":false},"excerpt":{"rendered":"Introdu\u00e7\u00e3o O C\u00f3digo Penal Brasileiro e o Estatuto da Crian\u00e7a e do Adolescente (ECA) aplicam crit\u00e9rios diferenciados baseados&hellip;\n","protected":false},"author":106,"featured_media":14466,"comment_status":"open","ping_status":"open","sticky":false,"template":"","format":"standard","meta":{"_jetpack_memberships_contains_paid_content":false,"footnotes":""},"categories":[1,48],"tags":[276,278,277,138,179,180,58,279,280,184,185],"class_list":{"0":"post-15285","1":"post","2":"type-post","3":"status-publish","4":"format-standard","5":"has-post-thumbnail","7":"category-carreira","8":"category-dicas-oab","9":"tag-ato-infracional","10":"tag-codigo-penal","11":"tag-crime","12":"tag-culpabilidade","13":"tag-eca","14":"tag-estatuto-da-crianca-e-do-adolescente","15":"tag-exame-da-ordem","16":"tag-imputabilidade","17":"tag-maioridade-penal","18":"tag-medidas-protetivas","19":"tag-medidas-socioeducativas"},"acf":[],"yoast_head":"<!-- This site is optimized with the Yoast SEO Premium plugin v26.2 (Yoast SEO v27.4) - https:\/\/yoast.com\/product\/yoast-seo-premium-wordpress\/ -->\n<title>Atos infracionais x crimes: distin\u00e7\u00f5es e cobran\u00e7a no Exame OAB<\/title>\n<meta name=\"description\" content=\"Na prepara\u00e7\u00e3o para o Exame da OAB, \u00e9 importante saber a distin\u00e7\u00e3o entre crimes e atos infracionais. A banca costuma cobrar casos pr\u00e1ticos.\" \/>\n<meta name=\"robots\" content=\"index, follow, max-snippet:-1, max-image-preview:large, max-video-preview:-1\" \/>\n<link rel=\"canonical\" href=\"https:\/\/oab.estrategia.com\/portal\/crimes-atos-infracionais-distincoes-oab\/\" \/>\n<meta property=\"og:locale\" content=\"pt_BR\" \/>\n<meta property=\"og:type\" content=\"article\" \/>\n<meta property=\"og:title\" content=\"Crimes x Atos infracionais: quais as distin\u00e7\u00f5es e como isso pode cair no Exame da OAB?\" \/>\n<meta property=\"og:description\" content=\"Na prepara\u00e7\u00e3o para o Exame da OAB, \u00e9 importante saber a distin\u00e7\u00e3o entre crimes e atos infracionais. A banca costuma cobrar casos pr\u00e1ticos.\" \/>\n<meta property=\"og:url\" content=\"https:\/\/oab.estrategia.com\/portal\/crimes-atos-infracionais-distincoes-oab\/\" \/>\n<meta property=\"og:site_name\" content=\"Blog - OAB - Estrat\u00e9gia\" \/>\n<meta property=\"article:publisher\" content=\"https:\/\/www.facebook.com\/estrategiaoab\/\" \/>\n<meta property=\"article:published_time\" content=\"2025-01-28T17:12:51+00:00\" \/>\n<meta property=\"article:modified_time\" content=\"2025-02-17T21:28:41+00:00\" \/>\n<meta property=\"og:image\" content=\"https:\/\/oab.estrategia.com\/portal\/portal\/wp-content\/uploads\/2024\/12\/04114842\/estudos-direito-prova-oab-scaled.jpg\" \/>\n\t<meta property=\"og:image:width\" content=\"2560\" \/>\n\t<meta property=\"og:image:height\" content=\"1707\" \/>\n\t<meta property=\"og:image:type\" content=\"image\/jpeg\" \/>\n<meta name=\"author\" content=\"Gustavo Henrique de Andrade Cordeiro\" \/>\n<meta name=\"twitter:card\" content=\"summary_large_image\" \/>\n<meta name=\"twitter:creator\" content=\"@estrategiaoab\" \/>\n<meta name=\"twitter:site\" content=\"@estrategiaoab\" \/>\n<meta name=\"twitter:label1\" content=\"Escrito por\" \/>\n\t<meta name=\"twitter:data1\" content=\"Gustavo Henrique de Andrade Cordeiro\" \/>\n\t<meta name=\"twitter:label2\" content=\"Est. tempo de leitura\" \/>\n\t<meta name=\"twitter:data2\" content=\"6 minutos\" \/>\n<script type=\"application\/ld+json\" class=\"yoast-schema-graph\">{\"@context\":\"https:\\\/\\\/schema.org\",\"@graph\":[{\"@type\":\"Article\",\"@id\":\"https:\\\/\\\/oab.estrategia.com\\\/portal\\\/crimes-atos-infracionais-distincoes-oab\\\/#article\",\"isPartOf\":{\"@id\":\"https:\\\/\\\/oab.estrategia.com\\\/portal\\\/crimes-atos-infracionais-distincoes-oab\\\/\"},\"author\":{\"name\":\"Gustavo Henrique de Andrade Cordeiro\",\"@id\":\"https:\\\/\\\/oab.estrategia.com\\\/portal\\\/#\\\/schema\\\/person\\\/6fac512852071b104b1533ae817217ca\"},\"headline\":\"Crimes x Atos infracionais: quais as distin\u00e7\u00f5es e como isso pode cair no Exame da OAB?\",\"datePublished\":\"2025-01-28T17:12:51+00:00\",\"dateModified\":\"2025-02-17T21:28:41+00:00\",\"mainEntityOfPage\":{\"@id\":\"https:\\\/\\\/oab.estrategia.com\\\/portal\\\/crimes-atos-infracionais-distincoes-oab\\\/\"},\"wordCount\":1019,\"commentCount\":0,\"publisher\":{\"@id\":\"https:\\\/\\\/oab.estrategia.com\\\/portal\\\/#organization\"},\"image\":{\"@id\":\"https:\\\/\\\/oab.estrategia.com\\\/portal\\\/crimes-atos-infracionais-distincoes-oab\\\/#primaryimage\"},\"thumbnailUrl\":\"https:\\\/\\\/oab.estrategia.com\\\/portal\\\/wp-content\\\/uploads\\\/2024\\\/12\\\/04114842\\\/estudos-direito-prova-oab-scaled.jpg\",\"keywords\":[\"ato infracional\",\"C\u00f3digo Penal\",\"crime\",\"Culpabilidade\",\"ECA\",\"Estatuto da Crian\u00e7a e do Adolescente\",\"Exame da Ordem\",\"imputabilidade\",\"maioridade penal\",\"medidas protetivas\",\"medidas socioeducativas\"],\"articleSection\":[\"Carreira\",\"Dicas OAB\"],\"inLanguage\":\"pt-BR\",\"potentialAction\":[{\"@type\":\"CommentAction\",\"name\":\"Comment\",\"target\":[\"https:\\\/\\\/oab.estrategia.com\\\/portal\\\/crimes-atos-infracionais-distincoes-oab\\\/#respond\"]}]},{\"@type\":\"WebPage\",\"@id\":\"https:\\\/\\\/oab.estrategia.com\\\/portal\\\/crimes-atos-infracionais-distincoes-oab\\\/\",\"url\":\"https:\\\/\\\/oab.estrategia.com\\\/portal\\\/crimes-atos-infracionais-distincoes-oab\\\/\",\"name\":\"Atos infracionais x crimes: distin\u00e7\u00f5es e cobran\u00e7a no Exame OAB\",\"isPartOf\":{\"@id\":\"https:\\\/\\\/oab.estrategia.com\\\/portal\\\/#website\"},\"primaryImageOfPage\":{\"@id\":\"https:\\\/\\\/oab.estrategia.com\\\/portal\\\/crimes-atos-infracionais-distincoes-oab\\\/#primaryimage\"},\"image\":{\"@id\":\"https:\\\/\\\/oab.estrategia.com\\\/portal\\\/crimes-atos-infracionais-distincoes-oab\\\/#primaryimage\"},\"thumbnailUrl\":\"https:\\\/\\\/oab.estrategia.com\\\/portal\\\/wp-content\\\/uploads\\\/2024\\\/12\\\/04114842\\\/estudos-direito-prova-oab-scaled.jpg\",\"datePublished\":\"2025-01-28T17:12:51+00:00\",\"dateModified\":\"2025-02-17T21:28:41+00:00\",\"description\":\"Na prepara\u00e7\u00e3o para o Exame da OAB, \u00e9 importante saber a distin\u00e7\u00e3o entre crimes e atos infracionais. A banca costuma cobrar casos pr\u00e1ticos.\",\"breadcrumb\":{\"@id\":\"https:\\\/\\\/oab.estrategia.com\\\/portal\\\/crimes-atos-infracionais-distincoes-oab\\\/#breadcrumb\"},\"inLanguage\":\"pt-BR\",\"potentialAction\":[{\"@type\":\"ReadAction\",\"target\":[\"https:\\\/\\\/oab.estrategia.com\\\/portal\\\/crimes-atos-infracionais-distincoes-oab\\\/\"]}]},{\"@type\":\"ImageObject\",\"inLanguage\":\"pt-BR\",\"@id\":\"https:\\\/\\\/oab.estrategia.com\\\/portal\\\/crimes-atos-infracionais-distincoes-oab\\\/#primaryimage\",\"url\":\"https:\\\/\\\/oab.estrategia.com\\\/portal\\\/wp-content\\\/uploads\\\/2024\\\/12\\\/04114842\\\/estudos-direito-prova-oab-scaled.jpg\",\"contentUrl\":\"https:\\\/\\\/oab.estrategia.com\\\/portal\\\/wp-content\\\/uploads\\\/2024\\\/12\\\/04114842\\\/estudos-direito-prova-oab-scaled.jpg\",\"width\":2560,\"height\":1707},{\"@type\":\"BreadcrumbList\",\"@id\":\"https:\\\/\\\/oab.estrategia.com\\\/portal\\\/crimes-atos-infracionais-distincoes-oab\\\/#breadcrumb\",\"itemListElement\":[{\"@type\":\"ListItem\",\"position\":1,\"name\":\"In\u00edcio\",\"item\":\"https:\\\/\\\/oab.estrategia.com\\\/portal\\\/\"},{\"@type\":\"ListItem\",\"position\":2,\"name\":\"Crimes x Atos infracionais: quais as distin\u00e7\u00f5es e como isso pode cair no Exame da OAB?\"}]},{\"@type\":\"WebSite\",\"@id\":\"https:\\\/\\\/oab.estrategia.com\\\/portal\\\/#website\",\"url\":\"https:\\\/\\\/oab.estrategia.com\\\/portal\\\/\",\"name\":\"Blog - OAB - Estrat\u00e9gia\",\"description\":\"Blog OAB - Estrat\u00e9gia Concursos\",\"publisher\":{\"@id\":\"https:\\\/\\\/oab.estrategia.com\\\/portal\\\/#organization\"},\"potentialAction\":[{\"@type\":\"SearchAction\",\"target\":{\"@type\":\"EntryPoint\",\"urlTemplate\":\"https:\\\/\\\/oab.estrategia.com\\\/portal\\\/?s={search_term_string}\"},\"query-input\":{\"@type\":\"PropertyValueSpecification\",\"valueRequired\":true,\"valueName\":\"search_term_string\"}}],\"inLanguage\":\"pt-BR\"},{\"@type\":\"Organization\",\"@id\":\"https:\\\/\\\/oab.estrategia.com\\\/portal\\\/#organization\",\"name\":\"Estrat\u00e9gia Concursos\",\"url\":\"https:\\\/\\\/oab.estrategia.com\\\/portal\\\/\",\"logo\":{\"@type\":\"ImageObject\",\"inLanguage\":\"pt-BR\",\"@id\":\"https:\\\/\\\/oab.estrategia.com\\\/portal\\\/#\\\/schema\\\/logo\\\/image\\\/\",\"url\":\"https:\\\/\\\/oab.estrategia.com\\\/portal\\\/wp-content\\\/uploads\\\/2022\\\/04\\\/06103601\\\/oab-icone-2.png\",\"contentUrl\":\"https:\\\/\\\/oab.estrategia.com\\\/portal\\\/wp-content\\\/uploads\\\/2022\\\/04\\\/06103601\\\/oab-icone-2.png\",\"width\":900,\"height\":900,\"caption\":\"Estrat\u00e9gia Concursos\"},\"image\":{\"@id\":\"https:\\\/\\\/oab.estrategia.com\\\/portal\\\/#\\\/schema\\\/logo\\\/image\\\/\"},\"sameAs\":[\"https:\\\/\\\/www.facebook.com\\\/estrategiaoab\\\/\",\"https:\\\/\\\/x.com\\\/estrategiaoab\",\"https:\\\/\\\/www.instagram.com\\\/estrategiaoab\\\/\",\"https:\\\/\\\/www.youtube.com\\\/EstrategiaOAB\"]},{\"@type\":\"Person\",\"@id\":\"https:\\\/\\\/oab.estrategia.com\\\/portal\\\/#\\\/schema\\\/person\\\/6fac512852071b104b1533ae817217ca\",\"name\":\"Gustavo Henrique de Andrade Cordeiro\",\"image\":{\"@type\":\"ImageObject\",\"inLanguage\":\"pt-BR\",\"@id\":\"https:\\\/\\\/oab.estrategia.com\\\/portal\\\/wp-content\\\/uploads\\\/2024\\\/08\\\/28184513\\\/professor-gustavo-henrique-de-andrade-cordeiro-estrategia-oab-96x96.jpg\",\"url\":\"https:\\\/\\\/oab.estrategia.com\\\/portal\\\/wp-content\\\/uploads\\\/2024\\\/08\\\/28184513\\\/professor-gustavo-henrique-de-andrade-cordeiro-estrategia-oab-96x96.jpg\",\"contentUrl\":\"https:\\\/\\\/oab.estrategia.com\\\/portal\\\/wp-content\\\/uploads\\\/2024\\\/08\\\/28184513\\\/professor-gustavo-henrique-de-andrade-cordeiro-estrategia-oab-96x96.jpg\",\"caption\":\"Gustavo Henrique de Andrade Cordeiro\"},\"description\":\"Promotor de Justi\u00e7a no Minist\u00e9rio P\u00fablico de S\u00e3o Paulo. Mestre e doutor em Direito. Professor universit\u00e1rio.\",\"url\":\"https:\\\/\\\/oab.estrategia.com\\\/portal\\\/author\\\/gustavo-henrique-de-andrade-cordeiro\\\/\"}]}<\/script>\n<!-- \/ Yoast SEO Premium plugin. -->","yoast_head_json":{"title":"Atos infracionais x crimes: distin\u00e7\u00f5es e cobran\u00e7a no Exame OAB","description":"Na prepara\u00e7\u00e3o para o Exame da OAB, \u00e9 importante saber a distin\u00e7\u00e3o entre crimes e atos infracionais. A banca costuma cobrar casos pr\u00e1ticos.","robots":{"index":"index","follow":"follow","max-snippet":"max-snippet:-1","max-image-preview":"max-image-preview:large","max-video-preview":"max-video-preview:-1"},"canonical":"https:\/\/oab.estrategia.com\/portal\/crimes-atos-infracionais-distincoes-oab\/","og_locale":"pt_BR","og_type":"article","og_title":"Crimes x Atos infracionais: quais as distin\u00e7\u00f5es e como isso pode cair no Exame da OAB?","og_description":"Na prepara\u00e7\u00e3o para o Exame da OAB, \u00e9 importante saber a distin\u00e7\u00e3o entre crimes e atos infracionais. A banca costuma cobrar casos pr\u00e1ticos.","og_url":"https:\/\/oab.estrategia.com\/portal\/crimes-atos-infracionais-distincoes-oab\/","og_site_name":"Blog - OAB - Estrat\u00e9gia","article_publisher":"https:\/\/www.facebook.com\/estrategiaoab\/","article_published_time":"2025-01-28T17:12:51+00:00","article_modified_time":"2025-02-17T21:28:41+00:00","og_image":[{"width":2560,"height":1707,"url":"https:\/\/oab.estrategia.com\/portal\/portal\/wp-content\/uploads\/2024\/12\/04114842\/estudos-direito-prova-oab-scaled.jpg","type":"image\/jpeg"}],"author":"Gustavo Henrique de Andrade Cordeiro","twitter_card":"summary_large_image","twitter_creator":"@estrategiaoab","twitter_site":"@estrategiaoab","twitter_misc":{"Escrito por":"Gustavo Henrique de Andrade Cordeiro","Est. tempo de leitura":"6 minutos"},"schema":{"@context":"https:\/\/schema.org","@graph":[{"@type":"Article","@id":"https:\/\/oab.estrategia.com\/portal\/crimes-atos-infracionais-distincoes-oab\/#article","isPartOf":{"@id":"https:\/\/oab.estrategia.com\/portal\/crimes-atos-infracionais-distincoes-oab\/"},"author":{"name":"Gustavo Henrique de Andrade Cordeiro","@id":"https:\/\/oab.estrategia.com\/portal\/#\/schema\/person\/6fac512852071b104b1533ae817217ca"},"headline":"Crimes x Atos infracionais: quais as distin\u00e7\u00f5es e como isso pode cair no Exame da OAB?","datePublished":"2025-01-28T17:12:51+00:00","dateModified":"2025-02-17T21:28:41+00:00","mainEntityOfPage":{"@id":"https:\/\/oab.estrategia.com\/portal\/crimes-atos-infracionais-distincoes-oab\/"},"wordCount":1019,"commentCount":0,"publisher":{"@id":"https:\/\/oab.estrategia.com\/portal\/#organization"},"image":{"@id":"https:\/\/oab.estrategia.com\/portal\/crimes-atos-infracionais-distincoes-oab\/#primaryimage"},"thumbnailUrl":"https:\/\/oab.estrategia.com\/portal\/wp-content\/uploads\/2024\/12\/04114842\/estudos-direito-prova-oab-scaled.jpg","keywords":["ato infracional","C\u00f3digo Penal","crime","Culpabilidade","ECA","Estatuto da Crian\u00e7a e do Adolescente","Exame da Ordem","imputabilidade","maioridade penal","medidas protetivas","medidas socioeducativas"],"articleSection":["Carreira","Dicas OAB"],"inLanguage":"pt-BR","potentialAction":[{"@type":"CommentAction","name":"Comment","target":["https:\/\/oab.estrategia.com\/portal\/crimes-atos-infracionais-distincoes-oab\/#respond"]}]},{"@type":"WebPage","@id":"https:\/\/oab.estrategia.com\/portal\/crimes-atos-infracionais-distincoes-oab\/","url":"https:\/\/oab.estrategia.com\/portal\/crimes-atos-infracionais-distincoes-oab\/","name":"Atos infracionais x crimes: distin\u00e7\u00f5es e cobran\u00e7a no Exame OAB","isPartOf":{"@id":"https:\/\/oab.estrategia.com\/portal\/#website"},"primaryImageOfPage":{"@id":"https:\/\/oab.estrategia.com\/portal\/crimes-atos-infracionais-distincoes-oab\/#primaryimage"},"image":{"@id":"https:\/\/oab.estrategia.com\/portal\/crimes-atos-infracionais-distincoes-oab\/#primaryimage"},"thumbnailUrl":"https:\/\/oab.estrategia.com\/portal\/wp-content\/uploads\/2024\/12\/04114842\/estudos-direito-prova-oab-scaled.jpg","datePublished":"2025-01-28T17:12:51+00:00","dateModified":"2025-02-17T21:28:41+00:00","description":"Na prepara\u00e7\u00e3o para o Exame da OAB, \u00e9 importante saber a distin\u00e7\u00e3o entre crimes e atos infracionais. A banca costuma cobrar casos pr\u00e1ticos.","breadcrumb":{"@id":"https:\/\/oab.estrategia.com\/portal\/crimes-atos-infracionais-distincoes-oab\/#breadcrumb"},"inLanguage":"pt-BR","potentialAction":[{"@type":"ReadAction","target":["https:\/\/oab.estrategia.com\/portal\/crimes-atos-infracionais-distincoes-oab\/"]}]},{"@type":"ImageObject","inLanguage":"pt-BR","@id":"https:\/\/oab.estrategia.com\/portal\/crimes-atos-infracionais-distincoes-oab\/#primaryimage","url":"https:\/\/oab.estrategia.com\/portal\/wp-content\/uploads\/2024\/12\/04114842\/estudos-direito-prova-oab-scaled.jpg","contentUrl":"https:\/\/oab.estrategia.com\/portal\/wp-content\/uploads\/2024\/12\/04114842\/estudos-direito-prova-oab-scaled.jpg","width":2560,"height":1707},{"@type":"BreadcrumbList","@id":"https:\/\/oab.estrategia.com\/portal\/crimes-atos-infracionais-distincoes-oab\/#breadcrumb","itemListElement":[{"@type":"ListItem","position":1,"name":"In\u00edcio","item":"https:\/\/oab.estrategia.com\/portal\/"},{"@type":"ListItem","position":2,"name":"Crimes x Atos infracionais: quais as distin\u00e7\u00f5es e como isso pode cair no Exame da OAB?"}]},{"@type":"WebSite","@id":"https:\/\/oab.estrategia.com\/portal\/#website","url":"https:\/\/oab.estrategia.com\/portal\/","name":"Blog - OAB - Estrat\u00e9gia","description":"Blog OAB - Estrat\u00e9gia Concursos","publisher":{"@id":"https:\/\/oab.estrategia.com\/portal\/#organization"},"potentialAction":[{"@type":"SearchAction","target":{"@type":"EntryPoint","urlTemplate":"https:\/\/oab.estrategia.com\/portal\/?s={search_term_string}"},"query-input":{"@type":"PropertyValueSpecification","valueRequired":true,"valueName":"search_term_string"}}],"inLanguage":"pt-BR"},{"@type":"Organization","@id":"https:\/\/oab.estrategia.com\/portal\/#organization","name":"Estrat\u00e9gia Concursos","url":"https:\/\/oab.estrategia.com\/portal\/","logo":{"@type":"ImageObject","inLanguage":"pt-BR","@id":"https:\/\/oab.estrategia.com\/portal\/#\/schema\/logo\/image\/","url":"https:\/\/oab.estrategia.com\/portal\/wp-content\/uploads\/2022\/04\/06103601\/oab-icone-2.png","contentUrl":"https:\/\/oab.estrategia.com\/portal\/wp-content\/uploads\/2022\/04\/06103601\/oab-icone-2.png","width":900,"height":900,"caption":"Estrat\u00e9gia Concursos"},"image":{"@id":"https:\/\/oab.estrategia.com\/portal\/#\/schema\/logo\/image\/"},"sameAs":["https:\/\/www.facebook.com\/estrategiaoab\/","https:\/\/x.com\/estrategiaoab","https:\/\/www.instagram.com\/estrategiaoab\/","https:\/\/www.youtube.com\/EstrategiaOAB"]},{"@type":"Person","@id":"https:\/\/oab.estrategia.com\/portal\/#\/schema\/person\/6fac512852071b104b1533ae817217ca","name":"Gustavo Henrique de Andrade Cordeiro","image":{"@type":"ImageObject","inLanguage":"pt-BR","@id":"https:\/\/oab.estrategia.com\/portal\/wp-content\/uploads\/2024\/08\/28184513\/professor-gustavo-henrique-de-andrade-cordeiro-estrategia-oab-96x96.jpg","url":"https:\/\/oab.estrategia.com\/portal\/wp-content\/uploads\/2024\/08\/28184513\/professor-gustavo-henrique-de-andrade-cordeiro-estrategia-oab-96x96.jpg","contentUrl":"https:\/\/oab.estrategia.com\/portal\/wp-content\/uploads\/2024\/08\/28184513\/professor-gustavo-henrique-de-andrade-cordeiro-estrategia-oab-96x96.jpg","caption":"Gustavo Henrique de Andrade Cordeiro"},"description":"Promotor de Justi\u00e7a no Minist\u00e9rio P\u00fablico de S\u00e3o Paulo. Mestre e doutor em Direito. Professor universit\u00e1rio.","url":"https:\/\/oab.estrategia.com\/portal\/author\/gustavo-henrique-de-andrade-cordeiro\/"}]}},"jetpack_featured_media_url":"https:\/\/oab.estrategia.com\/portal\/wp-content\/uploads\/2024\/12\/04114842\/estudos-direito-prova-oab-scaled.jpg","jetpack_sharing_enabled":true,"_links":{"self":[{"href":"https:\/\/oab.estrategia.com\/portal\/wp-json\/wp\/v2\/posts\/15285","targetHints":{"allow":["GET"]}}],"collection":[{"href":"https:\/\/oab.estrategia.com\/portal\/wp-json\/wp\/v2\/posts"}],"about":[{"href":"https:\/\/oab.estrategia.com\/portal\/wp-json\/wp\/v2\/types\/post"}],"author":[{"embeddable":true,"href":"https:\/\/oab.estrategia.com\/portal\/wp-json\/wp\/v2\/users\/106"}],"replies":[{"embeddable":true,"href":"https:\/\/oab.estrategia.com\/portal\/wp-json\/wp\/v2\/comments?post=15285"}],"version-history":[{"count":7,"href":"https:\/\/oab.estrategia.com\/portal\/wp-json\/wp\/v2\/posts\/15285\/revisions"}],"predecessor-version":[{"id":15298,"href":"https:\/\/oab.estrategia.com\/portal\/wp-json\/wp\/v2\/posts\/15285\/revisions\/15298"}],"wp:featuredmedia":[{"embeddable":true,"href":"https:\/\/oab.estrategia.com\/portal\/wp-json\/wp\/v2\/media\/14466"}],"wp:attachment":[{"href":"https:\/\/oab.estrategia.com\/portal\/wp-json\/wp\/v2\/media?parent=15285"}],"wp:term":[{"taxonomy":"category","embeddable":true,"href":"https:\/\/oab.estrategia.com\/portal\/wp-json\/wp\/v2\/categories?post=15285"},{"taxonomy":"post_tag","embeddable":true,"href":"https:\/\/oab.estrategia.com\/portal\/wp-json\/wp\/v2\/tags?post=15285"}],"curies":[{"name":"wp","href":"https:\/\/api.w.org\/{rel}","templated":true}]}}