{"id":15299,"date":"2025-01-28T20:27:50","date_gmt":"2025-01-28T23:27:50","guid":{"rendered":"https:\/\/oab.estrategia.com\/portal\/?p=15299"},"modified":"2025-02-03T17:38:41","modified_gmt":"2025-02-03T20:38:41","slug":"identificar-peca-2a-fase-penal","status":"publish","type":"post","link":"https:\/\/oab.estrategia.com\/portal\/identificar-peca-2a-fase-penal\/","title":{"rendered":"Dicas para identificar a pe\u00e7a na 2\u00aa fase em Penal"},"content":{"rendered":"\n<h2 class=\"wp-block-heading\" id=\"h-introducao\"><span id=\"introducao\">Introdu\u00e7\u00e3o<\/span><\/h2>\n\n\n\n<p>A 2\u00aa fase do Exame de Ordem \u00e9 composta por uma pe\u00e7a pr\u00e1tico-profissional e quatro quest\u00f5es discursivas. Para conseguir a aprova\u00e7\u00e3o na segunda fase, o examinado deve alcan\u00e7ar a nota 6,0 (seis).\u00a0S\u00f3 a pe\u00e7a pr\u00e1tico-profissional j\u00e1 vale 5,0 pontos!<\/p>\n\n\n\n<p>Mas, a import\u00e2ncia da pe\u00e7a vai muito al\u00e9m de sua pontua\u00e7\u00e3o, a verdade \u00e9 que, dentre todos os erros que se pode cometer na hora da prova da 2\u00aa fase, h\u00e1 um deles que zera a nota do examinado: <strong><mark style=\"background-color:rgba(0, 0, 0, 0);color:#f40404\" class=\"has-inline-color\">errar a pe\u00e7a pr\u00e1tico-profissional!<\/mark><\/strong><\/p>\n\n\n\n<p>Exatamente por isso que a pe\u00e7a \u00e9 sempre esperada com muita ansiedade e preocupa\u00e7\u00e3o. Por\u00e9m, quando estudamos o <strong>CABIMENTO <\/strong>de cada uma das pe\u00e7as, percebemos que acertar \u00e9 muito mais simples do que parece.<\/p>\n\n\n\n<p>Ademais, ao analisarmos as provas anteriores, identificamos que alguns termos s\u00e3o \u201crepetidos\u201d pela banca quando do cabimento de cada pe\u00e7a pr\u00e1tico-profissional. Ou seja, h\u00e1 uma \u201cdeixa\u201d, quase como uma \u201cdica\u201d para a sua identifica\u00e7\u00e3o.<\/p>\n\n\n\n<h2 class=\"wp-block-heading\" id=\"h-dicas-iniciais\"><span id=\"dicas-iniciais\">Dicas Iniciais<\/span><\/h2>\n\n\n\n<p>Para te auxiliar a identificar a pe\u00e7a e n\u00e3o errar nenhum elemento, existem algumas perguntas que voc\u00ea deve fazer ao ler o enunciado.<\/p>\n\n\n\n<p>Vamos colocar em um quadro para melhor visualiza\u00e7\u00e3o:<\/p>\n\n\n<div class=\"wp-block-image\">\n<figure class=\"aligncenter size-full\"><img decoding=\"async\" width=\"611\" height=\"233\" src=\"https:\/\/oab.estrategia.com\/portal\/wp-content\/uploads\/2025\/01\/28194318\/identificacao-peca-oab.png\" alt=\"IDENTIFICAR PE\u00c7A - 2\u00aa fase\" class=\"wp-image-15300\" srcset=\"https:\/\/oab.estrategia.com\/portal\/wp-content\/uploads\/2025\/01\/28194318\/identificacao-peca-oab.png 611w, https:\/\/oab.estrategia.com\/portal\/wp-content\/uploads\/2025\/01\/28194318\/identificacao-peca-oab-300x114.png 300w, https:\/\/oab.estrategia.com\/portal\/wp-content\/uploads\/2025\/01\/28194318\/identificacao-peca-oab-380x145.png 380w, https:\/\/oab.estrategia.com\/portal\/wp-content\/uploads\/2025\/01\/28194318\/identificacao-peca-oab-150x57.png 150w\" sizes=\"(max-width: 611px) 100vw, 611px\" \/><\/figure>\n<\/div>\n\n\n<p>Ap\u00f3s identificar esses dados iniciais, \u00e9 preciso estabelecer a famosa \u201cLINHA DO TEMPO\u201d e constatar em que fase o caso do enunciado se encontra. Isso porque, a depender da fase, \u00e9 poss\u00edvel limitar as pe\u00e7as que podem estar corretas.<\/p>\n\n\n\n<p>Sen\u00e3o, vamos ilustrar com alguns exemplos:<\/p>\n\n\n<div class=\"wp-block-image\">\n<figure class=\"aligncenter size-full\"><img decoding=\"async\" width=\"646\" height=\"407\" src=\"https:\/\/oab.estrategia.com\/portal\/wp-content\/uploads\/2025\/01\/28194329\/pecas-oab.png\" alt=\"IDENTIFICAR PE\u00c7A - 2\u00aa fase\" class=\"wp-image-15301\" srcset=\"https:\/\/oab.estrategia.com\/portal\/wp-content\/uploads\/2025\/01\/28194329\/pecas-oab.png 646w, https:\/\/oab.estrategia.com\/portal\/wp-content\/uploads\/2025\/01\/28194329\/pecas-oab-300x189.png 300w, https:\/\/oab.estrategia.com\/portal\/wp-content\/uploads\/2025\/01\/28194329\/pecas-oab-380x239.png 380w, https:\/\/oab.estrategia.com\/portal\/wp-content\/uploads\/2025\/01\/28194329\/pecas-oab-150x95.png 150w\" sizes=\"(max-width: 646px) 100vw, 646px\" \/><\/figure>\n<\/div>\n\n\n<p>Claro que esses s\u00e3o s\u00f3 <strong>exemplos <\/strong>de algumas das pe\u00e7as cab\u00edveis cada uma das fases e que podem vir a ser cobradas no Exame de Ordem. Mas, j\u00e1 que estamos falando sobre elas, existem mesmo pe\u00e7as \u201c<strong>favoritas<\/strong>\u201d dos examinadores?<\/p>\n\n\n\n<h2 class=\"wp-block-heading\" id=\"h-as-pecas-mais-cobradas\"><span id=\"as-pecas-mais-cobradas\">As pe\u00e7as mais cobradas<\/span><\/h2>\n\n\n\n<p>Sim!!! Existem algumas pe\u00e7as que costumam aparecer na 2\u00aa fase de Penal com maior frequ\u00eancia!<\/p>\n\n\n\n<p><strong><mark style=\"background-color:#fcb900\" class=\"has-inline-color\">OBS:<\/mark><\/strong> CLARO QUE VOC\u00ca N\u00c3O IR\u00c1 ESTUDAR APENAS ELAS! MAS, elas merecem um pouco do seu cuidado e aten\u00e7\u00e3o.<\/p>\n\n\n\n<p>Observemos as pe\u00e7as cobradas nos \u00faltimos 12 exames:<\/p>\n\n\n\n<ul class=\"wp-block-list\">\n<li>EXAME XXX \u2013 Recurso de Apela\u00e7\u00e3o;<\/li>\n\n\n\n<li>EXAME XXXI \u2013 Recurso em Sentido Estrito;<\/li>\n\n\n\n<li>EXAME XXXII \u2013 Memoriais;<\/li>\n\n\n\n<li>EXAME XXXIII \u2013 Recurso de Apela\u00e7\u00e3o;<\/li>\n\n\n\n<li>EXAME XXXIV \u2013 Recurso em Sentido Estrito;<\/li>\n\n\n\n<li>EXAME XXXV \u2013 Recurso de Apela\u00e7\u00e3o;<\/li>\n\n\n\n<li>EXAME XXXVI \u2013 Resposta \u00e0 Acusa\u00e7\u00e3o;<\/li>\n\n\n\n<li>EXAME XXXVII \u2013 Memoriais;<\/li>\n\n\n\n<li>EXAME XXXVIII \u2013 Agravo em Execu\u00e7\u00e3o;<\/li>\n\n\n\n<li>EXAME XXXIX \u2013 Recurso de Apela\u00e7\u00e3o;<\/li>\n\n\n\n<li>EXAME XL \u2013 Recurso de Apela\u00e7\u00e3o;<\/li>\n\n\n\n<li>EXAME XLI \u2013 Recurso de Apela\u00e7\u00e3o.<\/li>\n<\/ul>\n\n\n\n<p>Ent\u00e3o, das \u00faltimas provas, tivemos:<\/p>\n\n\n\n<ul class=\"is-style-cnvs-list-styled-positive wp-block-list\">\n<li>6 Apela\u00e7\u00f5es<\/li>\n\n\n\n<li>2 Recursos em Sentido Estrito<\/li>\n\n\n\n<li>2 Memoriais<\/li>\n\n\n\n<li>1 Resposta \u00e0 Acusa\u00e7\u00e3o<\/li>\n\n\n\n<li>1 Agravo em Execu\u00e7\u00e3o<\/li>\n<\/ul>\n\n\n\n<p>Passemos \u00e0s dicas espec\u00edficas de como identific\u00e1-las!<\/p>\n\n\n\n<h2 class=\"wp-block-heading\" id=\"h-dicas-especificas-para-identificar-as-pecas-mais-recorrentes\"><span id=\"dicas-especificas-para-identificar-as-pecas-mais-recorrentes\">Dicas espec\u00edficas para identificar as pe\u00e7as mais recorrentes<\/span><\/h2>\n\n\n\n<h3 class=\"wp-block-heading\" id=\"h-apelacao\"><span id=\"apelacao\">Apela\u00e7\u00e3o<\/span><\/h3>\n\n\n\n<p>O recurso de apela\u00e7\u00e3o surpreendeu a todos e foi cobrado 3 vezes seguidas na 2\u00aa fase de Penal, mais especificamente nos exames 39, 40 e 41. Mas, n\u00e3o s\u00f3 por isso \u00e9 importante saber elaborar uma apela\u00e7\u00e3o \u2013 na verdade, por ser uma pe\u00e7a bastante completa e trabalhosa, ela te ajuda a estudar para outras pe\u00e7as e a identificar as teses.<\/p>\n\n\n\n<p>As hip\u00f3teses em que se cabe apela\u00e7\u00e3o est\u00e3o previstas, em sua maioria, no artigo 593, incisos I, II e III do CPP. Mas, tamb\u00e9m temos a sua previs\u00e3o no artigo 416 do CPP e na pr\u00f3pria Lei dos Juizados Especiais Criminais \u2013 Lei 9.099\/95.<\/p>\n\n\n\n<p><strong><mark style=\"background-color:#fcb900\" class=\"has-inline-color\">Dica para identifica\u00e7\u00e3o<\/mark><\/strong>: ap\u00f3s ser proferida a senten\u00e7a condenat\u00f3ria, a defesa \u00e9 intimada para manifesta\u00e7\u00e3o.<\/p>\n\n\n\n<pre class=\"wp-block-preformatted\"><em><em><mark style=\"background-color:rgba(0, 0, 0, 0);color:#f40404\" class=\"has-inline-color\"><span style=\"text-decoration: underline;\">Como apareceu no exame 35:<\/span><\/mark><\/em><\/em>\n\n\u201c(...) Intimado da <strong><u>senten\u00e7a<\/u><\/strong>, o Minist\u00e9rio P\u00fablico se manteve inerte, sendo a <strong><u>defesa t\u00e9cnica de J\u00falio intimada<\/u><\/strong>\u00a0em 11 de julho de 2022, segunda-feira.\u201d<\/pre>\n\n\n\n<pre class=\"wp-block-preformatted\"><em><em><mark style=\"background-color:rgba(0, 0, 0, 0);color:#f40404\" class=\"has-inline-color\"><span style=\"text-decoration: underline;\">Como apareceu no exame 39:<\/span><\/mark><\/em><\/em>\n\n\u201c(...) O Minist\u00e9rio P\u00fablico foi intimado da <strong><u>senten\u00e7a<\/u><\/strong>\u00a0no dia 6 de dezembro de 2023, uma quarta-feira, e manifestou aus\u00eancia de interesse em recorrer. <strong><u>A defesa foi intimada<\/u><\/strong>\u00a0no dia 7 de dezembro de 2023, quinta-feira.\u201d<\/pre>\n\n\n\n<pre class=\"wp-block-preformatted\"><em><em><mark style=\"background-color:rgba(0, 0, 0, 0);color:#f40404\" class=\"has-inline-color\"><span style=\"text-decoration: underline;\">Como apareceu no exame 40:<\/span><\/mark><\/em><\/em>\n\n\u201c(...) O Minist\u00e9rio P\u00fablico manifestou imediata concord\u00e2ncia com a <strong><u>senten\u00e7a<\/u><\/strong>. Voc\u00ea, como <strong><u>advogado(a) de Gustavo, \u00e9 intimado(a)<\/u><\/strong>\u00a0no dia 10 de maio de 2024, sexta-feira, sendo que os dias de segunda a sexta-feira s\u00e3o \u00fateis em todo o pa\u00eds.\u201d<\/pre>\n\n\n\n<pre class=\"wp-block-preformatted\"><em><em><mark style=\"background-color:rgba(0, 0, 0, 0);color:#f40404\" class=\"has-inline-color\"><span style=\"text-decoration: underline;\">Como apareceu no exame 41:<\/span><\/mark><\/em><\/em>\n\n\u201c(...) O Minist\u00e9rio P\u00fablico, <strong><u>intimado da senten\u00e7a<\/u><\/strong>, manteve-se inerte. Voc\u00ea, como <strong><u>advogado(a) de Mendon\u00e7a, \u00e9 intimado<\/u><\/strong>(a) no dia 6 de setembro de 2024, sexta-feira, sendo o dia seguinte e os dias de segunda a sexta-feira \u00fateis em todo o pa\u00eds.<\/pre>\n\n\n\n<h3 class=\"wp-block-heading\" id=\"h-recurso-em-sentido-estrito\"><span id=\"recurso-em-sentido-estrito\">Recurso em Sentido Estrito<\/span><\/h3>\n\n\n\n<p>O Recurso em Sentido Estrito, que amigavelmente chamamos de \u201cRESE\u201d, tamb\u00e9m \u00e9 um dos queridinhos do examinador. As hip\u00f3teses de cabimento do RESE s\u00e3o taxativas e est\u00e3o, em sua maioria, previstas nos incisos do artigo 581 do CPP (mas, <strong><mark style=\"background-color:#fcb900\" class=\"has-inline-color\">tome cuidado<\/mark><\/strong>, existem algumas hip\u00f3teses que, apesar de elencadas no artigo 581, n\u00e3o dever\u00e3o ser recorridas com o RESE).<\/p>\n\n\n\n<p>Claro que \u00e9 preciso estudar e conhecer todas as hip\u00f3teses de cabimento, por\u00e9m, existe uma <strong>vencedora <\/strong>que gosta de assombrar os examinados: o recurso em sentido estrito cab\u00edvel contra a decis\u00e3o de pron\u00fancia (artigo 581, IV\/CPP), na 1\u00aa fase do J\u00fari.<\/p>\n\n\n\n<pre class=\"wp-block-preformatted\"><em><em><mark style=\"background-color:rgba(0, 0, 0, 0);color:#f40404\" class=\"has-inline-color\"><span style=\"text-decoration: underline;\">Como apareceu no exame 31:<\/span><\/mark><\/em><\/em>\n\n\u201c(...) Os autos foram para conclus\u00e3o, e foi <strong><u>proferida decis\u00e3o pronunciando o r\u00e9u<\/u><\/strong>\u00a0nos termos da den\u00fancia. Pessoalmente intimado, o Minist\u00e9rio P\u00fablico se manteve inerte. A <strong><u>defesa t\u00e9cnica e R\u00f4mulo foram intimados <\/u><\/strong>em 10 de mar\u00e7o de 2020, uma ter\u00e7a-feira.<\/pre>\n\n\n\n<pre class=\"wp-block-preformatted\"><em><em><mark style=\"background-color:rgba(0, 0, 0, 0);color:#f40404\" class=\"has-inline-color\"><span style=\"text-decoration: underline;\">Como apareceu no exame 34:<\/span><\/mark><\/em><\/em>\n\n\u201c(...) Considerando que foi constatado o desferimento do soco e do empurr\u00e3o por parte de Rodrigo em Jo\u00e3o, ap\u00f3s manifesta\u00e7\u00e3o das partes, <strong><u>o juiz pronunciou o acusado<\/u><\/strong>\u00a0nos termos da den\u00fancia. Intimado, o Minist\u00e9rio P\u00fablico se manteve inerte. <strong><u>Rodrigo e sua defesa t\u00e9cnica foram intimados da decis\u00e3o<\/u><\/strong>\u00a0em 05 de abril de 2021, segunda-feira.\u201d<\/pre>\n\n\n\n<h3 class=\"wp-block-heading\" id=\"h-memoriais\"><span id=\"memoriais\">Memoriais<\/span><\/h3>\n\n\n\n<p>Memoriais \u00e9 uma pe\u00e7a queridinha da defesa, com ela ainda existe aquela esperan\u00e7a de que a senten\u00e7a ser\u00e1 absolut\u00f3ria ou, ainda, de que haver\u00e1 impron\u00fancia ou absolvi\u00e7\u00e3o sum\u00e1ria (quando o processo est\u00e1 sob o rito do j\u00fari).<\/p>\n\n\n\n<p>Os memoriais s\u00e3o f\u00e1ceis de identificar, se localizam logo ap\u00f3s a audi\u00eancia de instru\u00e7\u00e3o e antes da senten\u00e7a. Ou seja, \u00e9 a \u00faltima manifesta\u00e7\u00e3o da acusa\u00e7\u00e3o e da defesa antes da senten\u00e7a.<\/p>\n\n\n\n<p>Sua previs\u00e3o legal est\u00e1 nos artigos 403, \u00a73\u00ba e 404, par\u00e1grafo \u00fanico, ambos do CPP (<strong><mark style=\"background-color:#fcb900\" class=\"has-inline-color\">aten\u00e7\u00e3o<\/mark><\/strong>: fique atento ao cabimento espec\u00edfico de cada um desses artigos no pre\u00e2mbulo da pe\u00e7a!)<\/p>\n\n\n\n<pre class=\"wp-block-preformatted\"><em><em><mark style=\"background-color:rgba(0, 0, 0, 0);color:#f40404\" class=\"has-inline-color\"><span style=\"text-decoration: underline;\">Como apareceu no exame 32:<\/span><\/mark><\/em><\/em>\n\n\u201c(...) O Minist\u00e9rio P\u00fablico <strong><u>apresentou a manifesta\u00e7\u00e3o cab\u00edvel requerendo a condena\u00e7\u00e3o<\/u><\/strong>\u00a0do r\u00e9u nos termos da den\u00fancia, destacando, ainda, a incid\u00eancia do Art. 61, inciso I, do CP. Em seguida, <strong><u>a defesa t\u00e9cnica de Luiz foi intimada<\/u><\/strong>, em 19 de janeiro de 2021, ter\u00e7a-feira, para apresenta\u00e7\u00e3o da medida cab\u00edvel.\u201d<\/pre>\n\n\n\n<pre class=\"wp-block-preformatted\"><em><em><mark style=\"background-color:rgba(0, 0, 0, 0);color:#f40404\" class=\"has-inline-color\"><span style=\"text-decoration: underline;\">Como apareceu no exame 37:<\/span><\/mark><\/em><\/em>\n\n\u201c(...)Os autos foram enviados ao <strong><u>Minist\u00e9rio P\u00fablico para manifesta\u00e7\u00e3o, o qual postulou pela condena\u00e7\u00e3o dos acusados<\/u><\/strong>, nos termos da den\u00fancia. <strong><u>O(A) advogado(a) constitu\u00eddo(a) foi intimado(a)<\/u><\/strong>\u00a0no dia 11\/04\/2023 (ter\u00e7a-feira).<\/pre>\n\n\n\n<h3 class=\"wp-block-heading\" id=\"h-resposta-a-acusacao\"><span id=\"resposta-a-acusacao\">Resposta \u00e0 Acusa\u00e7\u00e3o<\/span><\/h3>\n\n\n\n<p>A famosa R.A., muito confundida com os memorias. Mas, lembre-se que a Resposta \u00e0 Acusa\u00e7\u00e3o ocorre ANTES da audi\u00eancia de instru\u00e7\u00e3o e logo ap\u00f3s a cita\u00e7\u00e3o do r\u00e9u para se ver sendo processado criminalmente.<\/p>\n\n\n\n<p>O fundamento jur\u00eddico encontra-se nos artigos 396 e 396-A, ambos do CPP. No caso do rito do J\u00fari, o fundamento est\u00e1 no artigo 406 do CPP.<\/p>\n\n\n\n<pre class=\"wp-block-preformatted\"><em><em><mark style=\"background-color:rgba(0, 0, 0, 0);color:#f40404\" class=\"has-inline-color\"><span style=\"text-decoration: underline;\">Como apareceu no exame 36:<\/span><\/mark><\/em><\/em>\n\n\u201c(...) Ap\u00f3s recebimento da den\u00fancia, <strong><u>Matheus foi pessoalmente citado e intimado para ado\u00e7\u00e3o das medidas cab\u00edveis, em 16 de novembro de 2022<\/u><\/strong>, quarta-feira, data em que os mandados foram juntados aos autos, vindo a procurar seu advogado para assist\u00eancia t\u00e9cnica. Informou ao patrono que, na data dos fatos, realizou exame de alcoolemia e atendimento m\u00e9dico, que constatou que ele se encontrava completamente embriagado em raz\u00e3o da ingest\u00e3o de bebida alc\u00f3olica (gin) e sua intoler\u00e2ncia, bem como, que era inteiramente incapaz de determinar-se sobre o car\u00e1ter il\u00edcito do fato. Forneceu, ainda, o nome do funcion\u00e1rio do bar que teria lhe atendido (Carlos) e dos seus amigos Jos\u00e9 e Ant\u00f4nio, que teriam presenciado os fatos. Confirmou, todavia, que desferiu o golpe de garrafa na cabe\u00e7a de Caio, que deixou o local com sangramento.<\/pre>\n\n\n\n<pre class=\"wp-block-preformatted\"><em><em><mark style=\"background-color:rgba(0, 0, 0, 0);color:#f40404\" class=\"has-inline-color\"><span style=\"text-decoration: underline;\">Como apareceu no exame 8:<\/span><\/mark><\/em><\/em>\n\n\u201c(...) Caio confirmado a ocorr\u00eancia dos eventos em sua integralidade, <strong><u>o Minist\u00e9rio P\u00fablico o denuncia pela pr\u00e1tica do crime<\/u><\/strong>\u00a0de extors\u00e3o qualificada pelo emprego de arma de fogo. Recebida a inicial pelo ju\u00edzo da 5\u00aa Vara Criminal, <strong><u>o r\u00e9u \u00e9 citado no dia 18 de janeiro de 2011<\/u><\/strong>. Procurado apenas por Caio para represent\u00e1-lo na a\u00e7\u00e3o penal instaurada, sabendo-se que Joaquim e Manoel presenciaram os telefonemas de Caio cobrando a d\u00edvida vencida, e com base somente nas informa\u00e7\u00f5es de que disp\u00f5e e nas que podem ser inferidas pelo caso concreto acima, redija, no \u00faltimo dia do prazo, a pe\u00e7a cab\u00edvel, invocando todos os argumentos em favor de seu constituinte.\u201d<\/pre>\n\n\n\n<h3 class=\"wp-block-heading\" id=\"h-agravo-em-execucao\"><span id=\"agravo-em-execucao\">Agravo em Execu\u00e7\u00e3o<\/span><\/h3>\n\n\n\n<p>Como o pr\u00f3prio nome j\u00e1 diz, o agravo em execu\u00e7\u00e3o ser\u00e1 cab\u00edvel na fase de EXECU\u00c7\u00c3O. Ou seja, quando o juiz da execu\u00e7\u00e3o proferir uma decis\u00e3o e a parte tiver interesse em recorrer, utilizar\u00e1 o Agravo em Execu\u00e7\u00e3o.<\/p>\n\n\n\n<p>O fundamento legal se encontra no artigo 197 da Lei de Execu\u00e7\u00e3o Penal (Lei 7.210\/84) e o prazo na S\u00famula 700 do STF.<\/p>\n\n\n\n<pre class=\"wp-block-preformatted\"><em><mark style=\"background-color:rgba(0, 0, 0, 0);color:#f40404\" class=\"has-inline-color\"><span style=\"text-decoration: underline;\">Como apareceu no exame 38:<\/span><\/mark><\/em>\n\n\u201c(...) As cartas de execu\u00e7\u00e3o de senten\u00e7a foram tombadas ao <strong><u>Ju\u00edzo de execu\u00e7\u00e3o penal<\/u><\/strong>\u00a0da Vara Federal Criminal de Alfa (vinculada ao Tribunal Regional Federal da 10\u00aa Regi\u00e3o) em datas pr\u00f3ximas. <strong><u>O Ju\u00edzo, \u00e0 luz das tr\u00eas cartas de execu\u00e7\u00e3o definitivas, proferiu decis\u00e3o somando as penas<\/u><\/strong>, na forma do Art. 69, do C\u00f3digo Penal, fixando a pena total de 6 (seis) anos de reclus\u00e3o, em regime fechado, considerando que houve reincid\u00eancia de Marieta quando da realiza\u00e7\u00e3o do segundo e terceiro fato, ap\u00f3s j\u00e1 ter realizado o primeiro ato delituoso. Quanto \u00e0 pena de multa, promoveu a readequa\u00e7\u00e3o, consoante proporcionalidade \u00e0 nova pena privativa de liberdade fixada, estabelecendo-a em 90 dias-multa. Determinou a convers\u00e3o das penas restritivas de direito em privativas de liberdade e a expedi\u00e7\u00e3o de mandado de pris\u00e3o para o in\u00edcio de cumprimento das penas. <strong><u>A intima\u00e7\u00e3o da decis\u00e3o ocorreu no dia 25\/08\/2023<\/u><\/strong>, sexta-feira. O mandado de pris\u00e3o foi expedido na mesma data, pendente de cumprimento.\u201d<\/pre>\n\n\n\n<h2 class=\"wp-block-heading\" id=\"h-dica-extra\"><span id=\"dica-extra\">Dica extra<\/span><\/h2>\n\n\n\n<p>Como voc\u00ea pode perceber, a narrativa do examinador costuma se repetir. Exatamente por isso, a <strong><a href=\"https:\/\/oab.estrategia.com\/#plans-session\" target=\"_blank\" >melhor dica<\/a><\/strong> que voc\u00ea pode seguir nesse momento \u00e9:<\/p>\n\n\n\n<p>TREINE as provas ANTERIORES!<\/p>\n\n\n\n<p>Fa\u00e7a SIMULADOS e veja todas as corre\u00e7\u00f5es!<\/p>\n\n\n\n<hr class=\"wp-block-separator has-alpha-channel-opacity\"\/>\n\n\n\n<p class=\"has-text-align-center\"><strong>Nossas redes sociais<\/strong><\/p>\n\n\n\n<p class=\"has-text-align-center has-black-color has-pale-cyan-blue-background-color has-text-color has-background has-link-color has-medium-font-size wp-elements-2e026229bd2a7a653331e3adc6aabef4\"><a href=\"https:\/\/www.instagram.com\/estrategiaoab\/\" target=\"_blank\" >Instagram Estrat\u00e9gia OAB<\/a><\/p>\n\n\n\n<p class=\"has-text-align-center has-black-color has-light-green-cyan-background-color has-text-color has-background has-link-color has-medium-font-size wp-elements-d67442bbf0473a4dcae02563d61287f5\"><a href=\"https:\/\/www.youtube.com\/channel\/UC7rgrKTSF5aOrBGWOw60ovw\" target=\"_blank\" >YouTube Estrat\u00e9gia OAB<\/a><\/p>\n\n\n\n<p class=\"has-text-align-center has-black-color has-cyan-bluish-gray-background-color has-text-color has-background has-link-color has-medium-font-size wp-elements-f50e1bcb02706c1bac577839f0ead64d\"><a href=\"http:\/\/bit.ly\/TelegramOAB\" target=\"_blank\" >Inscreva-se no Telegram<\/a><\/p>\n\n\n\n<p><\/p>\n","protected":false},"excerpt":{"rendered":"Introdu\u00e7\u00e3o A 2\u00aa fase do Exame de Ordem \u00e9 composta por uma pe\u00e7a pr\u00e1tico-profissional e quatro quest\u00f5es discursivas.&hellip;\n","protected":false},"author":115,"featured_media":15304,"comment_status":"open","ping_status":"open","sticky":false,"template":"","format":"standard","meta":{"_jetpack_memberships_contains_paid_content":false,"footnotes":""},"categories":[31,1],"tags":[92,216,74,58,284,281,282,283,285],"class_list":{"0":"post-15299","1":"post","2":"type-post","3":"status-publish","4":"format-standard","5":"has-post-thumbnail","7":"category-2a-fase-oab","8":"category-carreira","9":"tag-2a-fase-oab","10":"tag-agravo-em-execucao","11":"tag-direito-penal","12":"tag-exame-da-ordem","13":"tag-memoriais","14":"tag-pecas-mais-cobradas","15":"tag-recurso-de-apelacao","16":"tag-recurso-em-sentido-estrito","17":"tag-resposta-a-acusacao"},"acf":[],"yoast_head":"<!-- This site is optimized with the Yoast SEO Premium plugin v26.2 (Yoast SEO v27.4) - https:\/\/yoast.com\/product\/yoast-seo-premium-wordpress\/ -->\n<title>2\u00aa fase OAB: dicas para identificar a pe\u00e7a em Penal<\/title>\n<meta name=\"description\" content=\"A 2\u00aa fase do Exame OAB \u00e9 composta por pe\u00e7a pr\u00e1tico-profissional e quest\u00f5es discursivas. S\u00f3 a pe\u00e7a pr\u00e1tico-profissional j\u00e1 vale muitos pontos!\" \/>\n<meta name=\"robots\" content=\"index, follow, max-snippet:-1, max-image-preview:large, max-video-preview:-1\" \/>\n<link rel=\"canonical\" href=\"https:\/\/oab.estrategia.com\/portal\/identificar-peca-2a-fase-penal\/\" \/>\n<meta property=\"og:locale\" content=\"pt_BR\" \/>\n<meta property=\"og:type\" content=\"article\" \/>\n<meta property=\"og:title\" content=\"Dicas para identificar a pe\u00e7a na 2\u00aa fase em Penal\" \/>\n<meta property=\"og:description\" content=\"A 2\u00aa fase do Exame OAB \u00e9 composta por pe\u00e7a pr\u00e1tico-profissional e quest\u00f5es discursivas. S\u00f3 a pe\u00e7a pr\u00e1tico-profissional j\u00e1 vale muitos pontos!\" \/>\n<meta property=\"og:url\" content=\"https:\/\/oab.estrategia.com\/portal\/identificar-peca-2a-fase-penal\/\" \/>\n<meta property=\"og:site_name\" content=\"Blog - OAB - Estrat\u00e9gia\" \/>\n<meta property=\"article:publisher\" content=\"https:\/\/www.facebook.com\/estrategiaoab\/\" \/>\n<meta property=\"article:published_time\" content=\"2025-01-28T23:27:50+00:00\" \/>\n<meta property=\"article:modified_time\" content=\"2025-02-03T20:38:41+00:00\" \/>\n<meta property=\"og:image\" content=\"https:\/\/oab.estrategia.com\/portal\/portal\/wp-content\/uploads\/2025\/01\/28202057\/direito-penal-justica-oab.jpg\" \/>\n\t<meta property=\"og:image:width\" content=\"1280\" \/>\n\t<meta property=\"og:image:height\" content=\"853\" \/>\n\t<meta property=\"og:image:type\" content=\"image\/jpeg\" \/>\n<meta name=\"author\" content=\"Larissa Pizzotti Fai\u00e7al\" \/>\n<meta name=\"twitter:card\" content=\"summary_large_image\" \/>\n<meta name=\"twitter:creator\" content=\"@estrategiaoab\" \/>\n<meta name=\"twitter:site\" content=\"@estrategiaoab\" \/>\n<meta name=\"twitter:label1\" content=\"Escrito por\" \/>\n\t<meta name=\"twitter:data1\" content=\"Larissa Pizzotti Fai\u00e7al\" \/>\n\t<meta name=\"twitter:label2\" content=\"Est. tempo de leitura\" \/>\n\t<meta name=\"twitter:data2\" content=\"6 minutos\" \/>\n<script type=\"application\/ld+json\" class=\"yoast-schema-graph\">{\"@context\":\"https:\\\/\\\/schema.org\",\"@graph\":[{\"@type\":\"Article\",\"@id\":\"https:\\\/\\\/oab.estrategia.com\\\/portal\\\/identificar-peca-2a-fase-penal\\\/#article\",\"isPartOf\":{\"@id\":\"https:\\\/\\\/oab.estrategia.com\\\/portal\\\/identificar-peca-2a-fase-penal\\\/\"},\"author\":{\"name\":\"Larissa Pizzotti Fai\u00e7al\",\"@id\":\"https:\\\/\\\/oab.estrategia.com\\\/portal\\\/#\\\/schema\\\/person\\\/95d26cd02dd3c7f6f65f40a280f32ea0\"},\"headline\":\"Dicas para identificar a pe\u00e7a na 2\u00aa fase em Penal\",\"datePublished\":\"2025-01-28T23:27:50+00:00\",\"dateModified\":\"2025-02-03T20:38:41+00:00\",\"mainEntityOfPage\":{\"@id\":\"https:\\\/\\\/oab.estrategia.com\\\/portal\\\/identificar-peca-2a-fase-penal\\\/\"},\"wordCount\":1003,\"commentCount\":0,\"publisher\":{\"@id\":\"https:\\\/\\\/oab.estrategia.com\\\/portal\\\/#organization\"},\"image\":{\"@id\":\"https:\\\/\\\/oab.estrategia.com\\\/portal\\\/identificar-peca-2a-fase-penal\\\/#primaryimage\"},\"thumbnailUrl\":\"https:\\\/\\\/oab.estrategia.com\\\/portal\\\/wp-content\\\/uploads\\\/2025\\\/01\\\/28202057\\\/direito-penal-justica-oab.jpg\",\"keywords\":[\"2\u00aa fase OAB\",\"agravo em execu\u00e7\u00e3o\",\"direito penal\",\"Exame da Ordem\",\"memoriais\",\"pe\u00e7as mais cobradas\",\"recurso de apela\u00e7\u00e3o\",\"recurso em sentido estrito\",\"resposta \u00e0 acusa\u00e7\u00e3o\"],\"articleSection\":[\"2\u00aa Fase OAB\",\"Carreira\"],\"inLanguage\":\"pt-BR\",\"potentialAction\":[{\"@type\":\"CommentAction\",\"name\":\"Comment\",\"target\":[\"https:\\\/\\\/oab.estrategia.com\\\/portal\\\/identificar-peca-2a-fase-penal\\\/#respond\"]}]},{\"@type\":\"WebPage\",\"@id\":\"https:\\\/\\\/oab.estrategia.com\\\/portal\\\/identificar-peca-2a-fase-penal\\\/\",\"url\":\"https:\\\/\\\/oab.estrategia.com\\\/portal\\\/identificar-peca-2a-fase-penal\\\/\",\"name\":\"2\u00aa fase OAB: dicas para identificar a pe\u00e7a em Penal\",\"isPartOf\":{\"@id\":\"https:\\\/\\\/oab.estrategia.com\\\/portal\\\/#website\"},\"primaryImageOfPage\":{\"@id\":\"https:\\\/\\\/oab.estrategia.com\\\/portal\\\/identificar-peca-2a-fase-penal\\\/#primaryimage\"},\"image\":{\"@id\":\"https:\\\/\\\/oab.estrategia.com\\\/portal\\\/identificar-peca-2a-fase-penal\\\/#primaryimage\"},\"thumbnailUrl\":\"https:\\\/\\\/oab.estrategia.com\\\/portal\\\/wp-content\\\/uploads\\\/2025\\\/01\\\/28202057\\\/direito-penal-justica-oab.jpg\",\"datePublished\":\"2025-01-28T23:27:50+00:00\",\"dateModified\":\"2025-02-03T20:38:41+00:00\",\"description\":\"A 2\u00aa fase do Exame OAB \u00e9 composta por pe\u00e7a pr\u00e1tico-profissional e quest\u00f5es discursivas. S\u00f3 a pe\u00e7a pr\u00e1tico-profissional j\u00e1 vale muitos pontos!\",\"breadcrumb\":{\"@id\":\"https:\\\/\\\/oab.estrategia.com\\\/portal\\\/identificar-peca-2a-fase-penal\\\/#breadcrumb\"},\"inLanguage\":\"pt-BR\",\"potentialAction\":[{\"@type\":\"ReadAction\",\"target\":[\"https:\\\/\\\/oab.estrategia.com\\\/portal\\\/identificar-peca-2a-fase-penal\\\/\"]}]},{\"@type\":\"ImageObject\",\"inLanguage\":\"pt-BR\",\"@id\":\"https:\\\/\\\/oab.estrategia.com\\\/portal\\\/identificar-peca-2a-fase-penal\\\/#primaryimage\",\"url\":\"https:\\\/\\\/oab.estrategia.com\\\/portal\\\/wp-content\\\/uploads\\\/2025\\\/01\\\/28202057\\\/direito-penal-justica-oab.jpg\",\"contentUrl\":\"https:\\\/\\\/oab.estrategia.com\\\/portal\\\/wp-content\\\/uploads\\\/2025\\\/01\\\/28202057\\\/direito-penal-justica-oab.jpg\",\"width\":1280,\"height\":853},{\"@type\":\"BreadcrumbList\",\"@id\":\"https:\\\/\\\/oab.estrategia.com\\\/portal\\\/identificar-peca-2a-fase-penal\\\/#breadcrumb\",\"itemListElement\":[{\"@type\":\"ListItem\",\"position\":1,\"name\":\"In\u00edcio\",\"item\":\"https:\\\/\\\/oab.estrategia.com\\\/portal\\\/\"},{\"@type\":\"ListItem\",\"position\":2,\"name\":\"Dicas para identificar a pe\u00e7a na 2\u00aa fase em Penal\"}]},{\"@type\":\"WebSite\",\"@id\":\"https:\\\/\\\/oab.estrategia.com\\\/portal\\\/#website\",\"url\":\"https:\\\/\\\/oab.estrategia.com\\\/portal\\\/\",\"name\":\"Blog - OAB - Estrat\u00e9gia\",\"description\":\"Blog OAB - Estrat\u00e9gia Concursos\",\"publisher\":{\"@id\":\"https:\\\/\\\/oab.estrategia.com\\\/portal\\\/#organization\"},\"potentialAction\":[{\"@type\":\"SearchAction\",\"target\":{\"@type\":\"EntryPoint\",\"urlTemplate\":\"https:\\\/\\\/oab.estrategia.com\\\/portal\\\/?s={search_term_string}\"},\"query-input\":{\"@type\":\"PropertyValueSpecification\",\"valueRequired\":true,\"valueName\":\"search_term_string\"}}],\"inLanguage\":\"pt-BR\"},{\"@type\":\"Organization\",\"@id\":\"https:\\\/\\\/oab.estrategia.com\\\/portal\\\/#organization\",\"name\":\"Estrat\u00e9gia Concursos\",\"url\":\"https:\\\/\\\/oab.estrategia.com\\\/portal\\\/\",\"logo\":{\"@type\":\"ImageObject\",\"inLanguage\":\"pt-BR\",\"@id\":\"https:\\\/\\\/oab.estrategia.com\\\/portal\\\/#\\\/schema\\\/logo\\\/image\\\/\",\"url\":\"https:\\\/\\\/oab.estrategia.com\\\/portal\\\/wp-content\\\/uploads\\\/2022\\\/04\\\/06103601\\\/oab-icone-2.png\",\"contentUrl\":\"https:\\\/\\\/oab.estrategia.com\\\/portal\\\/wp-content\\\/uploads\\\/2022\\\/04\\\/06103601\\\/oab-icone-2.png\",\"width\":900,\"height\":900,\"caption\":\"Estrat\u00e9gia Concursos\"},\"image\":{\"@id\":\"https:\\\/\\\/oab.estrategia.com\\\/portal\\\/#\\\/schema\\\/logo\\\/image\\\/\"},\"sameAs\":[\"https:\\\/\\\/www.facebook.com\\\/estrategiaoab\\\/\",\"https:\\\/\\\/x.com\\\/estrategiaoab\",\"https:\\\/\\\/www.instagram.com\\\/estrategiaoab\\\/\",\"https:\\\/\\\/www.youtube.com\\\/EstrategiaOAB\"]},{\"@type\":\"Person\",\"@id\":\"https:\\\/\\\/oab.estrategia.com\\\/portal\\\/#\\\/schema\\\/person\\\/95d26cd02dd3c7f6f65f40a280f32ea0\",\"name\":\"Larissa Pizzotti Fai\u00e7al\",\"image\":{\"@type\":\"ImageObject\",\"inLanguage\":\"pt-BR\",\"@id\":\"https:\\\/\\\/secure.gravatar.com\\\/avatar\\\/76b663ad543902f0892708cb60183eb031c2ff0eee53feca849504dfa1f3d115?s=96&d=mm&r=g\",\"url\":\"https:\\\/\\\/secure.gravatar.com\\\/avatar\\\/76b663ad543902f0892708cb60183eb031c2ff0eee53feca849504dfa1f3d115?s=96&d=mm&r=g\",\"contentUrl\":\"https:\\\/\\\/secure.gravatar.com\\\/avatar\\\/76b663ad543902f0892708cb60183eb031c2ff0eee53feca849504dfa1f3d115?s=96&d=mm&r=g\",\"caption\":\"Larissa Pizzotti Fai\u00e7al\"},\"description\":\"Advogada. Doutoranda em Direito Pol\u00edtico e Econ\u00f4mico (Mackenzie) e Mestre em Direito Penal (Puc\\\/SP). P\u00f3s-graduada em Direito e Processo Penal pelo Mackenzie e em Direitos Fundamentais pela Universidade de Coimbra. Professor de gradua\u00e7\u00e3o e p\u00f3s-gradua\u00e7\u00e3o, autora de obras jur\u00eddicas e pesquisadora.\",\"url\":\"https:\\\/\\\/oab.estrategia.com\\\/portal\\\/author\\\/larissa-pizzotti-faical\\\/\"}]}<\/script>\n<!-- \/ Yoast SEO Premium plugin. -->","yoast_head_json":{"title":"2\u00aa fase OAB: dicas para identificar a pe\u00e7a em Penal","description":"A 2\u00aa fase do Exame OAB \u00e9 composta por pe\u00e7a pr\u00e1tico-profissional e quest\u00f5es discursivas. S\u00f3 a pe\u00e7a pr\u00e1tico-profissional j\u00e1 vale muitos pontos!","robots":{"index":"index","follow":"follow","max-snippet":"max-snippet:-1","max-image-preview":"max-image-preview:large","max-video-preview":"max-video-preview:-1"},"canonical":"https:\/\/oab.estrategia.com\/portal\/identificar-peca-2a-fase-penal\/","og_locale":"pt_BR","og_type":"article","og_title":"Dicas para identificar a pe\u00e7a na 2\u00aa fase em Penal","og_description":"A 2\u00aa fase do Exame OAB \u00e9 composta por pe\u00e7a pr\u00e1tico-profissional e quest\u00f5es discursivas. S\u00f3 a pe\u00e7a pr\u00e1tico-profissional j\u00e1 vale muitos pontos!","og_url":"https:\/\/oab.estrategia.com\/portal\/identificar-peca-2a-fase-penal\/","og_site_name":"Blog - OAB - Estrat\u00e9gia","article_publisher":"https:\/\/www.facebook.com\/estrategiaoab\/","article_published_time":"2025-01-28T23:27:50+00:00","article_modified_time":"2025-02-03T20:38:41+00:00","og_image":[{"width":1280,"height":853,"url":"https:\/\/oab.estrategia.com\/portal\/portal\/wp-content\/uploads\/2025\/01\/28202057\/direito-penal-justica-oab.jpg","type":"image\/jpeg"}],"author":"Larissa Pizzotti Fai\u00e7al","twitter_card":"summary_large_image","twitter_creator":"@estrategiaoab","twitter_site":"@estrategiaoab","twitter_misc":{"Escrito por":"Larissa Pizzotti Fai\u00e7al","Est. tempo de leitura":"6 minutos"},"schema":{"@context":"https:\/\/schema.org","@graph":[{"@type":"Article","@id":"https:\/\/oab.estrategia.com\/portal\/identificar-peca-2a-fase-penal\/#article","isPartOf":{"@id":"https:\/\/oab.estrategia.com\/portal\/identificar-peca-2a-fase-penal\/"},"author":{"name":"Larissa Pizzotti Fai\u00e7al","@id":"https:\/\/oab.estrategia.com\/portal\/#\/schema\/person\/95d26cd02dd3c7f6f65f40a280f32ea0"},"headline":"Dicas para identificar a pe\u00e7a na 2\u00aa fase em Penal","datePublished":"2025-01-28T23:27:50+00:00","dateModified":"2025-02-03T20:38:41+00:00","mainEntityOfPage":{"@id":"https:\/\/oab.estrategia.com\/portal\/identificar-peca-2a-fase-penal\/"},"wordCount":1003,"commentCount":0,"publisher":{"@id":"https:\/\/oab.estrategia.com\/portal\/#organization"},"image":{"@id":"https:\/\/oab.estrategia.com\/portal\/identificar-peca-2a-fase-penal\/#primaryimage"},"thumbnailUrl":"https:\/\/oab.estrategia.com\/portal\/wp-content\/uploads\/2025\/01\/28202057\/direito-penal-justica-oab.jpg","keywords":["2\u00aa fase OAB","agravo em execu\u00e7\u00e3o","direito penal","Exame da Ordem","memoriais","pe\u00e7as mais cobradas","recurso de apela\u00e7\u00e3o","recurso em sentido estrito","resposta \u00e0 acusa\u00e7\u00e3o"],"articleSection":["2\u00aa Fase OAB","Carreira"],"inLanguage":"pt-BR","potentialAction":[{"@type":"CommentAction","name":"Comment","target":["https:\/\/oab.estrategia.com\/portal\/identificar-peca-2a-fase-penal\/#respond"]}]},{"@type":"WebPage","@id":"https:\/\/oab.estrategia.com\/portal\/identificar-peca-2a-fase-penal\/","url":"https:\/\/oab.estrategia.com\/portal\/identificar-peca-2a-fase-penal\/","name":"2\u00aa fase OAB: dicas para identificar a pe\u00e7a em Penal","isPartOf":{"@id":"https:\/\/oab.estrategia.com\/portal\/#website"},"primaryImageOfPage":{"@id":"https:\/\/oab.estrategia.com\/portal\/identificar-peca-2a-fase-penal\/#primaryimage"},"image":{"@id":"https:\/\/oab.estrategia.com\/portal\/identificar-peca-2a-fase-penal\/#primaryimage"},"thumbnailUrl":"https:\/\/oab.estrategia.com\/portal\/wp-content\/uploads\/2025\/01\/28202057\/direito-penal-justica-oab.jpg","datePublished":"2025-01-28T23:27:50+00:00","dateModified":"2025-02-03T20:38:41+00:00","description":"A 2\u00aa fase do Exame OAB \u00e9 composta por pe\u00e7a pr\u00e1tico-profissional e quest\u00f5es discursivas. S\u00f3 a pe\u00e7a pr\u00e1tico-profissional j\u00e1 vale muitos pontos!","breadcrumb":{"@id":"https:\/\/oab.estrategia.com\/portal\/identificar-peca-2a-fase-penal\/#breadcrumb"},"inLanguage":"pt-BR","potentialAction":[{"@type":"ReadAction","target":["https:\/\/oab.estrategia.com\/portal\/identificar-peca-2a-fase-penal\/"]}]},{"@type":"ImageObject","inLanguage":"pt-BR","@id":"https:\/\/oab.estrategia.com\/portal\/identificar-peca-2a-fase-penal\/#primaryimage","url":"https:\/\/oab.estrategia.com\/portal\/wp-content\/uploads\/2025\/01\/28202057\/direito-penal-justica-oab.jpg","contentUrl":"https:\/\/oab.estrategia.com\/portal\/wp-content\/uploads\/2025\/01\/28202057\/direito-penal-justica-oab.jpg","width":1280,"height":853},{"@type":"BreadcrumbList","@id":"https:\/\/oab.estrategia.com\/portal\/identificar-peca-2a-fase-penal\/#breadcrumb","itemListElement":[{"@type":"ListItem","position":1,"name":"In\u00edcio","item":"https:\/\/oab.estrategia.com\/portal\/"},{"@type":"ListItem","position":2,"name":"Dicas para identificar a pe\u00e7a na 2\u00aa fase em Penal"}]},{"@type":"WebSite","@id":"https:\/\/oab.estrategia.com\/portal\/#website","url":"https:\/\/oab.estrategia.com\/portal\/","name":"Blog - OAB - Estrat\u00e9gia","description":"Blog OAB - Estrat\u00e9gia Concursos","publisher":{"@id":"https:\/\/oab.estrategia.com\/portal\/#organization"},"potentialAction":[{"@type":"SearchAction","target":{"@type":"EntryPoint","urlTemplate":"https:\/\/oab.estrategia.com\/portal\/?s={search_term_string}"},"query-input":{"@type":"PropertyValueSpecification","valueRequired":true,"valueName":"search_term_string"}}],"inLanguage":"pt-BR"},{"@type":"Organization","@id":"https:\/\/oab.estrategia.com\/portal\/#organization","name":"Estrat\u00e9gia Concursos","url":"https:\/\/oab.estrategia.com\/portal\/","logo":{"@type":"ImageObject","inLanguage":"pt-BR","@id":"https:\/\/oab.estrategia.com\/portal\/#\/schema\/logo\/image\/","url":"https:\/\/oab.estrategia.com\/portal\/wp-content\/uploads\/2022\/04\/06103601\/oab-icone-2.png","contentUrl":"https:\/\/oab.estrategia.com\/portal\/wp-content\/uploads\/2022\/04\/06103601\/oab-icone-2.png","width":900,"height":900,"caption":"Estrat\u00e9gia Concursos"},"image":{"@id":"https:\/\/oab.estrategia.com\/portal\/#\/schema\/logo\/image\/"},"sameAs":["https:\/\/www.facebook.com\/estrategiaoab\/","https:\/\/x.com\/estrategiaoab","https:\/\/www.instagram.com\/estrategiaoab\/","https:\/\/www.youtube.com\/EstrategiaOAB"]},{"@type":"Person","@id":"https:\/\/oab.estrategia.com\/portal\/#\/schema\/person\/95d26cd02dd3c7f6f65f40a280f32ea0","name":"Larissa Pizzotti Fai\u00e7al","image":{"@type":"ImageObject","inLanguage":"pt-BR","@id":"https:\/\/secure.gravatar.com\/avatar\/76b663ad543902f0892708cb60183eb031c2ff0eee53feca849504dfa1f3d115?s=96&d=mm&r=g","url":"https:\/\/secure.gravatar.com\/avatar\/76b663ad543902f0892708cb60183eb031c2ff0eee53feca849504dfa1f3d115?s=96&d=mm&r=g","contentUrl":"https:\/\/secure.gravatar.com\/avatar\/76b663ad543902f0892708cb60183eb031c2ff0eee53feca849504dfa1f3d115?s=96&d=mm&r=g","caption":"Larissa Pizzotti Fai\u00e7al"},"description":"Advogada. Doutoranda em Direito Pol\u00edtico e Econ\u00f4mico (Mackenzie) e Mestre em Direito Penal (Puc\/SP). P\u00f3s-graduada em Direito e Processo Penal pelo Mackenzie e em Direitos Fundamentais pela Universidade de Coimbra. Professor de gradua\u00e7\u00e3o e p\u00f3s-gradua\u00e7\u00e3o, autora de obras jur\u00eddicas e pesquisadora.","url":"https:\/\/oab.estrategia.com\/portal\/author\/larissa-pizzotti-faical\/"}]}},"jetpack_featured_media_url":"https:\/\/oab.estrategia.com\/portal\/wp-content\/uploads\/2025\/01\/28202057\/direito-penal-justica-oab.jpg","jetpack_sharing_enabled":true,"_links":{"self":[{"href":"https:\/\/oab.estrategia.com\/portal\/wp-json\/wp\/v2\/posts\/15299","targetHints":{"allow":["GET"]}}],"collection":[{"href":"https:\/\/oab.estrategia.com\/portal\/wp-json\/wp\/v2\/posts"}],"about":[{"href":"https:\/\/oab.estrategia.com\/portal\/wp-json\/wp\/v2\/types\/post"}],"author":[{"embeddable":true,"href":"https:\/\/oab.estrategia.com\/portal\/wp-json\/wp\/v2\/users\/115"}],"replies":[{"embeddable":true,"href":"https:\/\/oab.estrategia.com\/portal\/wp-json\/wp\/v2\/comments?post=15299"}],"version-history":[{"count":2,"href":"https:\/\/oab.estrategia.com\/portal\/wp-json\/wp\/v2\/posts\/15299\/revisions"}],"predecessor-version":[{"id":15305,"href":"https:\/\/oab.estrategia.com\/portal\/wp-json\/wp\/v2\/posts\/15299\/revisions\/15305"}],"wp:featuredmedia":[{"embeddable":true,"href":"https:\/\/oab.estrategia.com\/portal\/wp-json\/wp\/v2\/media\/15304"}],"wp:attachment":[{"href":"https:\/\/oab.estrategia.com\/portal\/wp-json\/wp\/v2\/media?parent=15299"}],"wp:term":[{"taxonomy":"category","embeddable":true,"href":"https:\/\/oab.estrategia.com\/portal\/wp-json\/wp\/v2\/categories?post=15299"},{"taxonomy":"post_tag","embeddable":true,"href":"https:\/\/oab.estrategia.com\/portal\/wp-json\/wp\/v2\/tags?post=15299"}],"curies":[{"name":"wp","href":"https:\/\/api.w.org\/{rel}","templated":true}]}}