{"id":15579,"date":"2025-02-10T18:00:00","date_gmt":"2025-02-10T21:00:00","guid":{"rendered":"https:\/\/oab.estrategia.com\/portal\/?p=15579"},"modified":"2025-02-08T12:13:42","modified_gmt":"2025-02-08T15:13:42","slug":"curso-de-legislacao-penal-especial-para-oab","status":"publish","type":"post","link":"https:\/\/oab.estrategia.com\/portal\/curso-de-legislacao-penal-especial-para-oab\/","title":{"rendered":"Curso de Legisla\u00e7\u00e3o Penal Especial para OAB"},"content":{"rendered":"<a id=\"cta-icon\" href=\"https:\/\/sndflw.com\/i\/2-fase-da-oab-grupo\" target=\"blank\" style=\"background:rgb(174,10,11)\">\n            <img decoding=\"async\" src=\"https:\/\/oab.estrategia.com\/portal\/wp-content\/uploads\/2023\/12\/07160715\/whatsapp_1385.webp\" alt=\"\" alt=\"whatsapp_1385\"><span > Acesse agora o grupo de estudos para a 2\u00aa fase da OAB! <\/span><\/a>\n\n\n\n<p>A <strong>1\u00aa Fase do 43\u00aa Exame de Ordem<\/strong> est\u00e1 prevista para acontecer no dia <strong>27\/04.<\/strong> Ent\u00e3o, se voc\u00ea tem dificuldades ou precisa melhorar o desempenho em <strong>Legisla\u00e7\u00e3o Penal Especial<\/strong>, temos uma&nbsp; \u00f3tima not\u00edcia: <strong>um curso gratuito! <\/strong>Pensando em auxiliar sua prepara\u00e7\u00e3o para a etapa, a professora Kerolline Barboza ir\u00e1 ministrar aulas gratuitas a partir de hoje <strong>(10\/02) at\u00e9 o dia 13\/02<\/strong>, para voc\u00ea chegar no dia do exame com for\u00e7a m\u00e1xima! <\/p>\n\n\n\n<p><strong>Evento AO VIVO a partir das 19h.<\/strong><\/p>\n\n\n\n<h2 class=\"wp-block-heading\" id=\"h-curso-de-legislacao-penal-especial-para-oab-cronograma\"><span id=\"curso-de-legislacao-penal-especial-para-oab-cronograma\">Curso de Legisla\u00e7\u00e3o Penal Especial para OAB: cronograma<\/span><\/h2>\n\n\n\n<figure class=\"wp-block-table is-style-stripes\"><table><tbody><tr><td class=\"has-text-align-center\" data-align=\"center\"><strong>Data e hor\u00e1rio<\/strong><\/td><td class=\"has-text-align-center\" data-align=\"center\"><strong>Professora<\/strong><\/td><td class=\"has-text-align-center\" data-align=\"center\"><strong>Tema<\/strong><\/td><\/tr><tr><td class=\"has-text-align-center\" data-align=\"center\">10\/02\/25, 19:00<\/td><td class=\"has-text-align-center\" data-align=\"center\">Kerolline Barboza<\/td><td class=\"has-text-align-center\" data-align=\"center\"><a href=\"https:\/\/www.youtube.com\/watch?v=G34rion7YMA\" target=\"_blank\" >Lei 11.340\/06\u00a0<strong>MARIA DA PENHA<\/strong> na prova da OAB<\/a><\/td><\/tr><tr><td class=\"has-text-align-center\" data-align=\"center\">11\/02\/25, 19:00<\/td><td class=\"has-text-align-center\" data-align=\"center\">Kerolline Barboza<\/td><td class=\"has-text-align-center\" data-align=\"center\"><a href=\"https:\/\/www.youtube.com\/c\/Estrat%C3%A9giaOAB\/videos?view=2&amp;sort=dd&amp;live_view=502&amp;shelf_id=3\" target=\"_blank\" >Lei 11.343\/06\u00a0<strong>LEI DE DROGAS<\/strong> na prova da OAB<\/a><\/td><\/tr><tr><td class=\"has-text-align-center\" data-align=\"center\">12\/02\/25, 19:00<\/td><td class=\"has-text-align-center\" data-align=\"center\">Kerolline Barboza<\/td><td class=\"has-text-align-center\" data-align=\"center\"><a href=\"https:\/\/www.youtube.com\/c\/Estrat%C3%A9giaOAB\/videos?view=2&amp;sort=dd&amp;live_view=502&amp;shelf_id=3\" target=\"_blank\" >Lei 17.210\/84 e Lei 9.503\/97 <strong>LEI DE EXECU\u00c7\u00c3O PENAL <\/strong>E<strong> CRIMES DE TR\u00c2NSITO<\/strong> na prova da OAB<\/a><\/td><\/tr><tr><td class=\"has-text-align-center\" data-align=\"center\">13\/02\/25, 19:00<\/td><td class=\"has-text-align-center\" data-align=\"center\">Kerolline Barboza<\/td><td class=\"has-text-align-center\" data-align=\"center\"><a href=\"https:\/\/www.youtube.com\/c\/Estrat%C3%A9giaOAB\/videos?view=2&amp;sort=dd&amp;live_view=502&amp;shelf_id=3\" target=\"_blank\" >Lei 12.850\/13 e Lei 9.613\/98 <strong>ORGANIZA\u00c7\u00c3O CRIMINOSA <\/strong>E<strong> LAVAGEM DE DINHEIRO<\/strong> na prova da OAB<\/a><\/td><\/tr><\/tbody><\/table><\/figure>\n\n\n\n<h2 class=\"wp-block-heading\" id=\"h-curso-de-legislacao-penal-especial-para-oab-evento-ao-vivo\"><span id=\"curso-de-legislacao-penal-especial-para-oab-evento-ao-vivo\">Curso de Legisla\u00e7\u00e3o Penal Especial para OAB: evento ao vivo<\/span><\/h2>\n\n\n\n<figure class=\"wp-block-embed is-type-video is-provider-youtube wp-block-embed-youtube wp-embed-aspect-16-9 wp-has-aspect-ratio\"><div class=\"wp-block-embed__wrapper\">\n<div class=\"cs-embed cs-embed-responsive\"><iframe title=\"Curso de Legisla\u00e7\u00e3o Penal Especial - Lei 11.340\/06 MARIA DA PENHA na prova da OAB\" width=\"1200\" height=\"675\" src=\"https:\/\/www.youtube.com\/embed\/G34rion7YMA?list=PL_R-F0SJS63-5cLyqWK8EpTq_hHJKBZE5\" frameborder=\"0\" allow=\"accelerometer; autoplay; clipboard-write; encrypted-media; gyroscope; picture-in-picture; web-share\" referrerpolicy=\"strict-origin-when-cross-origin\" allowfullscreen><\/iframe><\/div>\n<\/div><\/figure>\n\n\n\n<h2 class=\"wp-block-heading\" id=\"h-curso-de-legislacao-penal-especial-para-oab-detalhes-sobre-a-prova\"><span id=\"curso-de-legislacao-penal-especial-para-oab-detalhes-sobre-a-prova\">Curso de Legisla\u00e7\u00e3o Penal Especial para OAB: detalhes sobre a prova<\/span><\/h2>\n\n\n\n<p>A prova objetiva,&nbsp;<strong>primeira fase do exame OAB<\/strong>, contar\u00e1 com&nbsp;<strong>80 quest\u00f5es<\/strong>, no valor de 1,00 ponto cada, e tem pontua\u00e7\u00e3o total variando do m\u00ednimo de 0,00 ao m\u00e1ximo de&nbsp;80,00 pontos. A aplica\u00e7\u00e3o da prova est\u00e1 prevista para o dia&nbsp;<strong>27 de abril de 2025<\/strong>, das 13 \u00e0s 18 horas, no hor\u00e1rio oficial de Bras\u00edlia\/DF.<\/p>\n\n\n\n<p>A prova pr\u00e1tico-profissional,&nbsp;<strong>segunda fase do exame OAB<\/strong>, ter\u00e1 a dura\u00e7\u00e3o de 5 horas e ser\u00e1 aplicada no dia&nbsp;<strong>15 de junho de 2025<\/strong>, das 13h \u00e0s 18h, no hor\u00e1rio oficial de Bras\u00edlia\/DF.<\/p>\n\n\n\n<p><strong>Confira tamb\u00e9m: <\/strong><\/p>\n\n\n\n<p><a href=\"https:\/\/oab.estrategia.com\/portal\/wp-admin\/post.php?post=13363&amp;action=edit#h-edital-oab-4-1\" target=\"_blank\" >Edital OAB 43<\/a><br><a href=\"https:\/\/oab.estrategia.com\/portal\/prova-oab\/\" target=\"_blank\" >Prova OAB 43<\/a><\/p>\n\n\n\n<h2 class=\"wp-block-heading has-text-align-center\" id=\"h-quer-saber-mais-sobre-o-exame-de-ordem-acesse-o-nosso-guia-completo\"><span id=\"quer-saber-mais-sobre-o-exame-de-ordem-acesse-o-nosso-guia-completo\">Quer saber mais sobre o Exame de Ordem? Acesse o nosso guia completo: <\/span><\/h2>\n\n\n\n<div class=\"wp-block-cover\" style=\"min-height:147px;aspect-ratio:unset;\"><img decoding=\"async\" width=\"1024\" height=\"190\" class=\"wp-block-cover__image-background wp-image-963\" alt=\"1\u00aa fase do exame de ordem oab curso\" src=\"https:\/\/oab.estrategia.com\/portal\/wp-content\/uploads\/2022\/06\/20153604\/assinatura-curso-oab-primeira-fase-1024x190.jpg\" style=\"object-position:58% 29%\" data-object-fit=\"cover\" data-object-position=\"58% 29%\" srcset=\"https:\/\/oab.estrategia.com\/portal\/wp-content\/uploads\/2022\/06\/20153604\/assinatura-curso-oab-primeira-fase-1024x190.jpg 1024w, https:\/\/oab.estrategia.com\/portal\/wp-content\/uploads\/2022\/06\/20153604\/assinatura-curso-oab-primeira-fase-300x56.jpg 300w, https:\/\/oab.estrategia.com\/portal\/wp-content\/uploads\/2022\/06\/20153604\/assinatura-curso-oab-primeira-fase-768x143.jpg 768w, https:\/\/oab.estrategia.com\/portal\/wp-content\/uploads\/2022\/06\/20153604\/assinatura-curso-oab-primeira-fase-1536x285.jpg 1536w, https:\/\/oab.estrategia.com\/portal\/wp-content\/uploads\/2022\/06\/20153604\/assinatura-curso-oab-primeira-fase-380x71.jpg 380w, https:\/\/oab.estrategia.com\/portal\/wp-content\/uploads\/2022\/06\/20153604\/assinatura-curso-oab-primeira-fase-800x149.jpg 800w, https:\/\/oab.estrategia.com\/portal\/wp-content\/uploads\/2022\/06\/20153604\/assinatura-curso-oab-primeira-fase-1160x215.jpg 1160w, https:\/\/oab.estrategia.com\/portal\/wp-content\/uploads\/2022\/06\/20153604\/assinatura-curso-oab-primeira-fase.jpg 1890w\" sizes=\"(max-width: 1024px) 100vw, 1024px\" \/><span aria-hidden=\"true\" class=\"wp-block-cover__background has-background-dim\"><\/span><div class=\"wp-block-cover__inner-container is-layout-flow wp-block-cover-is-layout-flow\">\n<h3 id=\"curso-para-a-1a-fase-da-oab\" class=\"titulo-assinatura\">Curso para a 1\u00aa Fase da OAB<\/h3>\n<p class=\"subtitulo-assinatura\" style=\"display:block!important; line-height: 0;\">Conhe\u00e7a os cursos!<\/p>\n<a target=\"_blank\" href=\"https:\/\/oab.estrategia.com\/concurso\/primeira-fase-46-exame\" rel=\"noopener\"><button style=\"border-radius: 10px; text-transform: capitalize;\">Acessar<\/button><\/a>\n<\/div><\/div>\n\n\n\n<div class=\"wp-block-group\"><div class=\"wp-block-group__inner-container is-layout-constrained wp-block-group-is-layout-constrained\">\n<div class=\"wp-block-cover\" style=\"min-height:84px;aspect-ratio:unset;\"><img decoding=\"async\" width=\"1160\" height=\"215\" class=\"wp-block-cover__image-background wp-image-15434\" alt=\"\" src=\"https:\/\/oab.estrategia.com\/portal\/wp-content\/uploads\/2025\/01\/31012626\/Banner-curso-de-ingles-no-seu-ritmo-vermelho-e-azul-moderno-1160-x-215-px.png\" style=\"object-position:100% 28%\" data-object-fit=\"cover\" data-object-position=\"100% 28%\" srcset=\"https:\/\/oab.estrategia.com\/portal\/wp-content\/uploads\/2025\/01\/31012626\/Banner-curso-de-ingles-no-seu-ritmo-vermelho-e-azul-moderno-1160-x-215-px.png 1160w, https:\/\/oab.estrategia.com\/portal\/wp-content\/uploads\/2025\/01\/31012626\/Banner-curso-de-ingles-no-seu-ritmo-vermelho-e-azul-moderno-1160-x-215-px-300x56.png 300w, https:\/\/oab.estrategia.com\/portal\/wp-content\/uploads\/2025\/01\/31012626\/Banner-curso-de-ingles-no-seu-ritmo-vermelho-e-azul-moderno-1160-x-215-px-1024x190.png 1024w, https:\/\/oab.estrategia.com\/portal\/wp-content\/uploads\/2025\/01\/31012626\/Banner-curso-de-ingles-no-seu-ritmo-vermelho-e-azul-moderno-1160-x-215-px-768x142.png 768w, https:\/\/oab.estrategia.com\/portal\/wp-content\/uploads\/2025\/01\/31012626\/Banner-curso-de-ingles-no-seu-ritmo-vermelho-e-azul-moderno-1160-x-215-px-380x70.png 380w, https:\/\/oab.estrategia.com\/portal\/wp-content\/uploads\/2025\/01\/31012626\/Banner-curso-de-ingles-no-seu-ritmo-vermelho-e-azul-moderno-1160-x-215-px-800x148.png 800w, https:\/\/oab.estrategia.com\/portal\/wp-content\/uploads\/2025\/01\/31012626\/Banner-curso-de-ingles-no-seu-ritmo-vermelho-e-azul-moderno-1160-x-215-px-150x28.png 150w\" sizes=\"(max-width: 1160px) 100vw, 1160px\" \/><span aria-hidden=\"true\" class=\"wp-block-cover__background has-background-dim\"><\/span><div class=\"wp-block-cover__inner-container is-layout-flow wp-block-cover-is-layout-flow\">\n<h3 id=\"cursos-para-a-2a-fase-da-oab\" class=\"titulo-assinatura\">Cursos para a 2\u00aa Fase da OAB<\/h3>\n<p class=\"subtitulo-assinatura\" style=\"display:block!important; line-height: 0;\">Conhe\u00e7a os cursos!<\/p>\n<a target=\"_blank\" href=\"https:\/\/oab.estrategia.com\/concursos\/cursos\/segunda-fase-oab\" rel=\"noopener\"><button style=\"border-radius: 10px; text-transform: capitalize;\">Acessar<\/button><\/a>\n<\/div><\/div>\n<\/div><\/div>\n\n\n\n<p class=\"has-text-align-center\"><strong>Nossas redes sociais<\/strong><\/p>\n\n\n\n<p class=\"has-text-align-center has-pale-cyan-blue-background-color has-background\"><a href=\"https:\/\/www.instagram.com\/estrategiaoab\/\" target=\"_blank\" >Instagram Estrat\u00e9gia OAB<\/a><\/p>\n\n\n\n<p class=\"has-text-align-center has-light-green-cyan-background-color has-background\"><a href=\"https:\/\/www.youtube.com\/channel\/UC7rgrKTSF5aOrBGWOw60ovw\" target=\"_blank\" >YouTube do Estrat\u00e9gia OAB<\/a><\/p>\n\n\n\n<p class=\"has-text-align-center\"><strong>Grupo de Telegram para a OAB<\/strong><\/p>\n\n\n\n<p class=\"has-text-align-center has-very-light-gray-background-color has-background\"><a href=\"http:\/\/bit.ly\/TelegramOAB\" target=\"_blank\" >Inscreva-se no nosso grupo do Telegram<\/a><\/p>\n","protected":false},"excerpt":{"rendered":"A 1\u00aa Fase do 43\u00aa Exame de Ordem est\u00e1 prevista para acontecer no dia 27\/04. Ent\u00e3o, se voc\u00ea&hellip;\n","protected":false},"author":87,"featured_media":15584,"comment_status":"open","ping_status":"open","sticky":false,"template":"","format":"standard","meta":{"_jetpack_memberships_contains_paid_content":false,"footnotes":""},"categories":[1],"tags":[],"class_list":{"0":"post-15579","1":"post","2":"type-post","3":"status-publish","4":"format-standard","5":"has-post-thumbnail","7":"category-carreira"},"acf":[],"yoast_head":"<!-- This site is optimized with the Yoast SEO Premium plugin v26.2 (Yoast SEO v27.4) - https:\/\/yoast.com\/product\/yoast-seo-premium-wordpress\/ -->\n<title>Curso de Legisla\u00e7\u00e3o Penal Especial para OAB<\/title>\n<meta name=\"description\" content=\"Reforce seus estudos com o Curso de Legisla\u00e7\u00e3o Penal Especial para OAB! Saiba mais informa\u00e7\u00f5es neste artigo.\" \/>\n<meta name=\"robots\" content=\"index, follow, max-snippet:-1, max-image-preview:large, max-video-preview:-1\" \/>\n<link rel=\"canonical\" href=\"https:\/\/oab.estrategia.com\/portal\/curso-de-legislacao-penal-especial-para-oab\/\" \/>\n<meta property=\"og:locale\" content=\"pt_BR\" \/>\n<meta property=\"og:type\" content=\"article\" \/>\n<meta property=\"og:title\" content=\"Curso de Legisla\u00e7\u00e3o Penal Especial para OAB\" \/>\n<meta property=\"og:description\" content=\"Reforce seus estudos com o Curso de Legisla\u00e7\u00e3o Penal Especial para OAB! Saiba mais informa\u00e7\u00f5es neste artigo.\" \/>\n<meta property=\"og:url\" content=\"https:\/\/oab.estrategia.com\/portal\/curso-de-legislacao-penal-especial-para-oab\/\" \/>\n<meta property=\"og:site_name\" content=\"Blog - OAB - Estrat\u00e9gia\" \/>\n<meta property=\"article:publisher\" content=\"https:\/\/www.facebook.com\/estrategiaoab\/\" \/>\n<meta property=\"article:published_time\" content=\"2025-02-10T21:00:00+00:00\" \/>\n<meta property=\"og:image\" content=\"https:\/\/oab.estrategia.com\/portal\/wp-content\/uploads\/2025\/02\/07190503\/YTB_REV-FINAL.jpg\" \/>\n\t<meta property=\"og:image:width\" content=\"1280\" \/>\n\t<meta property=\"og:image:height\" content=\"720\" \/>\n\t<meta property=\"og:image:type\" content=\"image\/jpeg\" \/>\n<meta name=\"author\" content=\"Ana Carolina Jurado Centurion Gomes\" \/>\n<meta name=\"twitter:card\" content=\"summary_large_image\" \/>\n<meta name=\"twitter:creator\" content=\"@estrategiaoab\" \/>\n<meta name=\"twitter:site\" content=\"@estrategiaoab\" \/>\n<meta name=\"twitter:label1\" content=\"Escrito por\" \/>\n\t<meta name=\"twitter:data1\" content=\"Ana Carolina Jurado Centurion Gomes\" \/>\n\t<meta name=\"twitter:label2\" content=\"Est. tempo de leitura\" \/>\n\t<meta name=\"twitter:data2\" content=\"3 minutos\" \/>\n<script type=\"application\/ld+json\" class=\"yoast-schema-graph\">{\"@context\":\"https:\\\/\\\/schema.org\",\"@graph\":[{\"@type\":\"Article\",\"@id\":\"https:\\\/\\\/oab.estrategia.com\\\/portal\\\/curso-de-legislacao-penal-especial-para-oab\\\/#article\",\"isPartOf\":{\"@id\":\"https:\\\/\\\/oab.estrategia.com\\\/portal\\\/curso-de-legislacao-penal-especial-para-oab\\\/\"},\"author\":{\"name\":\"Ana Carolina Jurado Centurion Gomes\",\"@id\":\"https:\\\/\\\/oab.estrategia.com\\\/portal\\\/#\\\/schema\\\/person\\\/29111937b9f85fb11458d553ef505fe4\"},\"headline\":\"Curso de Legisla\u00e7\u00e3o Penal Especial para OAB\",\"datePublished\":\"2025-02-10T21:00:00+00:00\",\"mainEntityOfPage\":{\"@id\":\"https:\\\/\\\/oab.estrategia.com\\\/portal\\\/curso-de-legislacao-penal-especial-para-oab\\\/\"},\"wordCount\":345,\"commentCount\":0,\"publisher\":{\"@id\":\"https:\\\/\\\/oab.estrategia.com\\\/portal\\\/#organization\"},\"image\":{\"@id\":\"https:\\\/\\\/oab.estrategia.com\\\/portal\\\/curso-de-legislacao-penal-especial-para-oab\\\/#primaryimage\"},\"thumbnailUrl\":\"https:\\\/\\\/oab.estrategia.com\\\/portal\\\/wp-content\\\/uploads\\\/2025\\\/02\\\/07190503\\\/YTB_REV-FINAL.jpg\",\"articleSection\":[\"Carreira\"],\"inLanguage\":\"pt-BR\",\"potentialAction\":[{\"@type\":\"CommentAction\",\"name\":\"Comment\",\"target\":[\"https:\\\/\\\/oab.estrategia.com\\\/portal\\\/curso-de-legislacao-penal-especial-para-oab\\\/#respond\"]}]},{\"@type\":\"WebPage\",\"@id\":\"https:\\\/\\\/oab.estrategia.com\\\/portal\\\/curso-de-legislacao-penal-especial-para-oab\\\/\",\"url\":\"https:\\\/\\\/oab.estrategia.com\\\/portal\\\/curso-de-legislacao-penal-especial-para-oab\\\/\",\"name\":\"Curso de Legisla\u00e7\u00e3o Penal Especial para OAB\",\"isPartOf\":{\"@id\":\"https:\\\/\\\/oab.estrategia.com\\\/portal\\\/#website\"},\"primaryImageOfPage\":{\"@id\":\"https:\\\/\\\/oab.estrategia.com\\\/portal\\\/curso-de-legislacao-penal-especial-para-oab\\\/#primaryimage\"},\"image\":{\"@id\":\"https:\\\/\\\/oab.estrategia.com\\\/portal\\\/curso-de-legislacao-penal-especial-para-oab\\\/#primaryimage\"},\"thumbnailUrl\":\"https:\\\/\\\/oab.estrategia.com\\\/portal\\\/wp-content\\\/uploads\\\/2025\\\/02\\\/07190503\\\/YTB_REV-FINAL.jpg\",\"datePublished\":\"2025-02-10T21:00:00+00:00\",\"description\":\"Reforce seus estudos com o Curso de Legisla\u00e7\u00e3o Penal Especial para OAB! Saiba mais informa\u00e7\u00f5es neste artigo.\",\"breadcrumb\":{\"@id\":\"https:\\\/\\\/oab.estrategia.com\\\/portal\\\/curso-de-legislacao-penal-especial-para-oab\\\/#breadcrumb\"},\"inLanguage\":\"pt-BR\",\"potentialAction\":[{\"@type\":\"ReadAction\",\"target\":[\"https:\\\/\\\/oab.estrategia.com\\\/portal\\\/curso-de-legislacao-penal-especial-para-oab\\\/\"]}]},{\"@type\":\"ImageObject\",\"inLanguage\":\"pt-BR\",\"@id\":\"https:\\\/\\\/oab.estrategia.com\\\/portal\\\/curso-de-legislacao-penal-especial-para-oab\\\/#primaryimage\",\"url\":\"https:\\\/\\\/oab.estrategia.com\\\/portal\\\/wp-content\\\/uploads\\\/2025\\\/02\\\/07190503\\\/YTB_REV-FINAL.jpg\",\"contentUrl\":\"https:\\\/\\\/oab.estrategia.com\\\/portal\\\/wp-content\\\/uploads\\\/2025\\\/02\\\/07190503\\\/YTB_REV-FINAL.jpg\",\"width\":1280,\"height\":720},{\"@type\":\"BreadcrumbList\",\"@id\":\"https:\\\/\\\/oab.estrategia.com\\\/portal\\\/curso-de-legislacao-penal-especial-para-oab\\\/#breadcrumb\",\"itemListElement\":[{\"@type\":\"ListItem\",\"position\":1,\"name\":\"In\u00edcio\",\"item\":\"https:\\\/\\\/oab.estrategia.com\\\/portal\\\/\"},{\"@type\":\"ListItem\",\"position\":2,\"name\":\"Curso de Legisla\u00e7\u00e3o Penal Especial para OAB\"}]},{\"@type\":\"WebSite\",\"@id\":\"https:\\\/\\\/oab.estrategia.com\\\/portal\\\/#website\",\"url\":\"https:\\\/\\\/oab.estrategia.com\\\/portal\\\/\",\"name\":\"Blog - OAB - Estrat\u00e9gia\",\"description\":\"Blog OAB - Estrat\u00e9gia Concursos\",\"publisher\":{\"@id\":\"https:\\\/\\\/oab.estrategia.com\\\/portal\\\/#organization\"},\"potentialAction\":[{\"@type\":\"SearchAction\",\"target\":{\"@type\":\"EntryPoint\",\"urlTemplate\":\"https:\\\/\\\/oab.estrategia.com\\\/portal\\\/?s={search_term_string}\"},\"query-input\":{\"@type\":\"PropertyValueSpecification\",\"valueRequired\":true,\"valueName\":\"search_term_string\"}}],\"inLanguage\":\"pt-BR\"},{\"@type\":\"Organization\",\"@id\":\"https:\\\/\\\/oab.estrategia.com\\\/portal\\\/#organization\",\"name\":\"Estrat\u00e9gia Concursos\",\"url\":\"https:\\\/\\\/oab.estrategia.com\\\/portal\\\/\",\"logo\":{\"@type\":\"ImageObject\",\"inLanguage\":\"pt-BR\",\"@id\":\"https:\\\/\\\/oab.estrategia.com\\\/portal\\\/#\\\/schema\\\/logo\\\/image\\\/\",\"url\":\"https:\\\/\\\/oab.estrategia.com\\\/portal\\\/wp-content\\\/uploads\\\/2022\\\/04\\\/06103601\\\/oab-icone-2.png\",\"contentUrl\":\"https:\\\/\\\/oab.estrategia.com\\\/portal\\\/wp-content\\\/uploads\\\/2022\\\/04\\\/06103601\\\/oab-icone-2.png\",\"width\":900,\"height\":900,\"caption\":\"Estrat\u00e9gia Concursos\"},\"image\":{\"@id\":\"https:\\\/\\\/oab.estrategia.com\\\/portal\\\/#\\\/schema\\\/logo\\\/image\\\/\"},\"sameAs\":[\"https:\\\/\\\/www.facebook.com\\\/estrategiaoab\\\/\",\"https:\\\/\\\/x.com\\\/estrategiaoab\",\"https:\\\/\\\/www.instagram.com\\\/estrategiaoab\\\/\",\"https:\\\/\\\/www.youtube.com\\\/EstrategiaOAB\"]},{\"@type\":\"Person\",\"@id\":\"https:\\\/\\\/oab.estrategia.com\\\/portal\\\/#\\\/schema\\\/person\\\/29111937b9f85fb11458d553ef505fe4\",\"name\":\"Ana Carolina Jurado Centurion Gomes\",\"image\":{\"@type\":\"ImageObject\",\"inLanguage\":\"pt-BR\",\"@id\":\"https:\\\/\\\/oab.estrategia.com\\\/portal\\\/wp-content\\\/uploads\\\/2024\\\/04\\\/29134755\\\/1679532598692-96x96.jpg\",\"url\":\"https:\\\/\\\/oab.estrategia.com\\\/portal\\\/wp-content\\\/uploads\\\/2024\\\/04\\\/29134755\\\/1679532598692-96x96.jpg\",\"contentUrl\":\"https:\\\/\\\/oab.estrategia.com\\\/portal\\\/wp-content\\\/uploads\\\/2024\\\/04\\\/29134755\\\/1679532598692-96x96.jpg\",\"caption\":\"Ana Carolina Jurado Centurion Gomes\"},\"description\":\"Jornalista do Estrat\u00e9gia Carreira Jur\u00eddica e Estrat\u00e9gia OAB. Al\u00e9m disso, \u00e9 Mestra em Estudos da M\u00eddia pela UFRN, Bacharel em Jornalismo pela UFPB e desenvolve um projeto pessoal de turismo nas redes sociais.\",\"url\":\"https:\\\/\\\/oab.estrategia.com\\\/portal\\\/author\\\/ana-carolina-gomes\\\/\"}]}<\/script>\n<!-- \/ Yoast SEO Premium plugin. -->","yoast_head_json":{"title":"Curso de Legisla\u00e7\u00e3o Penal Especial para OAB","description":"Reforce seus estudos com o Curso de Legisla\u00e7\u00e3o Penal Especial para OAB! Saiba mais informa\u00e7\u00f5es neste artigo.","robots":{"index":"index","follow":"follow","max-snippet":"max-snippet:-1","max-image-preview":"max-image-preview:large","max-video-preview":"max-video-preview:-1"},"canonical":"https:\/\/oab.estrategia.com\/portal\/curso-de-legislacao-penal-especial-para-oab\/","og_locale":"pt_BR","og_type":"article","og_title":"Curso de Legisla\u00e7\u00e3o Penal Especial para OAB","og_description":"Reforce seus estudos com o Curso de Legisla\u00e7\u00e3o Penal Especial para OAB! Saiba mais informa\u00e7\u00f5es neste artigo.","og_url":"https:\/\/oab.estrategia.com\/portal\/curso-de-legislacao-penal-especial-para-oab\/","og_site_name":"Blog - OAB - Estrat\u00e9gia","article_publisher":"https:\/\/www.facebook.com\/estrategiaoab\/","article_published_time":"2025-02-10T21:00:00+00:00","og_image":[{"width":1280,"height":720,"url":"https:\/\/oab.estrategia.com\/portal\/wp-content\/uploads\/2025\/02\/07190503\/YTB_REV-FINAL.jpg","type":"image\/jpeg"}],"author":"Ana Carolina Jurado Centurion Gomes","twitter_card":"summary_large_image","twitter_creator":"@estrategiaoab","twitter_site":"@estrategiaoab","twitter_misc":{"Escrito por":"Ana Carolina Jurado Centurion Gomes","Est. tempo de leitura":"3 minutos"},"schema":{"@context":"https:\/\/schema.org","@graph":[{"@type":"Article","@id":"https:\/\/oab.estrategia.com\/portal\/curso-de-legislacao-penal-especial-para-oab\/#article","isPartOf":{"@id":"https:\/\/oab.estrategia.com\/portal\/curso-de-legislacao-penal-especial-para-oab\/"},"author":{"name":"Ana Carolina Jurado Centurion Gomes","@id":"https:\/\/oab.estrategia.com\/portal\/#\/schema\/person\/29111937b9f85fb11458d553ef505fe4"},"headline":"Curso de Legisla\u00e7\u00e3o Penal Especial para OAB","datePublished":"2025-02-10T21:00:00+00:00","mainEntityOfPage":{"@id":"https:\/\/oab.estrategia.com\/portal\/curso-de-legislacao-penal-especial-para-oab\/"},"wordCount":345,"commentCount":0,"publisher":{"@id":"https:\/\/oab.estrategia.com\/portal\/#organization"},"image":{"@id":"https:\/\/oab.estrategia.com\/portal\/curso-de-legislacao-penal-especial-para-oab\/#primaryimage"},"thumbnailUrl":"https:\/\/oab.estrategia.com\/portal\/wp-content\/uploads\/2025\/02\/07190503\/YTB_REV-FINAL.jpg","articleSection":["Carreira"],"inLanguage":"pt-BR","potentialAction":[{"@type":"CommentAction","name":"Comment","target":["https:\/\/oab.estrategia.com\/portal\/curso-de-legislacao-penal-especial-para-oab\/#respond"]}]},{"@type":"WebPage","@id":"https:\/\/oab.estrategia.com\/portal\/curso-de-legislacao-penal-especial-para-oab\/","url":"https:\/\/oab.estrategia.com\/portal\/curso-de-legislacao-penal-especial-para-oab\/","name":"Curso de Legisla\u00e7\u00e3o Penal Especial para OAB","isPartOf":{"@id":"https:\/\/oab.estrategia.com\/portal\/#website"},"primaryImageOfPage":{"@id":"https:\/\/oab.estrategia.com\/portal\/curso-de-legislacao-penal-especial-para-oab\/#primaryimage"},"image":{"@id":"https:\/\/oab.estrategia.com\/portal\/curso-de-legislacao-penal-especial-para-oab\/#primaryimage"},"thumbnailUrl":"https:\/\/oab.estrategia.com\/portal\/wp-content\/uploads\/2025\/02\/07190503\/YTB_REV-FINAL.jpg","datePublished":"2025-02-10T21:00:00+00:00","description":"Reforce seus estudos com o Curso de Legisla\u00e7\u00e3o Penal Especial para OAB! Saiba mais informa\u00e7\u00f5es neste artigo.","breadcrumb":{"@id":"https:\/\/oab.estrategia.com\/portal\/curso-de-legislacao-penal-especial-para-oab\/#breadcrumb"},"inLanguage":"pt-BR","potentialAction":[{"@type":"ReadAction","target":["https:\/\/oab.estrategia.com\/portal\/curso-de-legislacao-penal-especial-para-oab\/"]}]},{"@type":"ImageObject","inLanguage":"pt-BR","@id":"https:\/\/oab.estrategia.com\/portal\/curso-de-legislacao-penal-especial-para-oab\/#primaryimage","url":"https:\/\/oab.estrategia.com\/portal\/wp-content\/uploads\/2025\/02\/07190503\/YTB_REV-FINAL.jpg","contentUrl":"https:\/\/oab.estrategia.com\/portal\/wp-content\/uploads\/2025\/02\/07190503\/YTB_REV-FINAL.jpg","width":1280,"height":720},{"@type":"BreadcrumbList","@id":"https:\/\/oab.estrategia.com\/portal\/curso-de-legislacao-penal-especial-para-oab\/#breadcrumb","itemListElement":[{"@type":"ListItem","position":1,"name":"In\u00edcio","item":"https:\/\/oab.estrategia.com\/portal\/"},{"@type":"ListItem","position":2,"name":"Curso de Legisla\u00e7\u00e3o Penal Especial para OAB"}]},{"@type":"WebSite","@id":"https:\/\/oab.estrategia.com\/portal\/#website","url":"https:\/\/oab.estrategia.com\/portal\/","name":"Blog - OAB - Estrat\u00e9gia","description":"Blog OAB - Estrat\u00e9gia Concursos","publisher":{"@id":"https:\/\/oab.estrategia.com\/portal\/#organization"},"potentialAction":[{"@type":"SearchAction","target":{"@type":"EntryPoint","urlTemplate":"https:\/\/oab.estrategia.com\/portal\/?s={search_term_string}"},"query-input":{"@type":"PropertyValueSpecification","valueRequired":true,"valueName":"search_term_string"}}],"inLanguage":"pt-BR"},{"@type":"Organization","@id":"https:\/\/oab.estrategia.com\/portal\/#organization","name":"Estrat\u00e9gia Concursos","url":"https:\/\/oab.estrategia.com\/portal\/","logo":{"@type":"ImageObject","inLanguage":"pt-BR","@id":"https:\/\/oab.estrategia.com\/portal\/#\/schema\/logo\/image\/","url":"https:\/\/oab.estrategia.com\/portal\/wp-content\/uploads\/2022\/04\/06103601\/oab-icone-2.png","contentUrl":"https:\/\/oab.estrategia.com\/portal\/wp-content\/uploads\/2022\/04\/06103601\/oab-icone-2.png","width":900,"height":900,"caption":"Estrat\u00e9gia Concursos"},"image":{"@id":"https:\/\/oab.estrategia.com\/portal\/#\/schema\/logo\/image\/"},"sameAs":["https:\/\/www.facebook.com\/estrategiaoab\/","https:\/\/x.com\/estrategiaoab","https:\/\/www.instagram.com\/estrategiaoab\/","https:\/\/www.youtube.com\/EstrategiaOAB"]},{"@type":"Person","@id":"https:\/\/oab.estrategia.com\/portal\/#\/schema\/person\/29111937b9f85fb11458d553ef505fe4","name":"Ana Carolina Jurado Centurion Gomes","image":{"@type":"ImageObject","inLanguage":"pt-BR","@id":"https:\/\/oab.estrategia.com\/portal\/wp-content\/uploads\/2024\/04\/29134755\/1679532598692-96x96.jpg","url":"https:\/\/oab.estrategia.com\/portal\/wp-content\/uploads\/2024\/04\/29134755\/1679532598692-96x96.jpg","contentUrl":"https:\/\/oab.estrategia.com\/portal\/wp-content\/uploads\/2024\/04\/29134755\/1679532598692-96x96.jpg","caption":"Ana Carolina Jurado Centurion Gomes"},"description":"Jornalista do Estrat\u00e9gia Carreira Jur\u00eddica e Estrat\u00e9gia OAB. Al\u00e9m disso, \u00e9 Mestra em Estudos da M\u00eddia pela UFRN, Bacharel em Jornalismo pela UFPB e desenvolve um projeto pessoal de turismo nas redes sociais.","url":"https:\/\/oab.estrategia.com\/portal\/author\/ana-carolina-gomes\/"}]}},"jetpack_featured_media_url":"https:\/\/oab.estrategia.com\/portal\/wp-content\/uploads\/2025\/02\/07190503\/YTB_REV-FINAL.jpg","jetpack_sharing_enabled":true,"_links":{"self":[{"href":"https:\/\/oab.estrategia.com\/portal\/wp-json\/wp\/v2\/posts\/15579","targetHints":{"allow":["GET"]}}],"collection":[{"href":"https:\/\/oab.estrategia.com\/portal\/wp-json\/wp\/v2\/posts"}],"about":[{"href":"https:\/\/oab.estrategia.com\/portal\/wp-json\/wp\/v2\/types\/post"}],"author":[{"embeddable":true,"href":"https:\/\/oab.estrategia.com\/portal\/wp-json\/wp\/v2\/users\/87"}],"replies":[{"embeddable":true,"href":"https:\/\/oab.estrategia.com\/portal\/wp-json\/wp\/v2\/comments?post=15579"}],"version-history":[{"count":8,"href":"https:\/\/oab.estrategia.com\/portal\/wp-json\/wp\/v2\/posts\/15579\/revisions"}],"predecessor-version":[{"id":15620,"href":"https:\/\/oab.estrategia.com\/portal\/wp-json\/wp\/v2\/posts\/15579\/revisions\/15620"}],"wp:featuredmedia":[{"embeddable":true,"href":"https:\/\/oab.estrategia.com\/portal\/wp-json\/wp\/v2\/media\/15584"}],"wp:attachment":[{"href":"https:\/\/oab.estrategia.com\/portal\/wp-json\/wp\/v2\/media?parent=15579"}],"wp:term":[{"taxonomy":"category","embeddable":true,"href":"https:\/\/oab.estrategia.com\/portal\/wp-json\/wp\/v2\/categories?post=15579"},{"taxonomy":"post_tag","embeddable":true,"href":"https:\/\/oab.estrategia.com\/portal\/wp-json\/wp\/v2\/tags?post=15579"}],"curies":[{"name":"wp","href":"https:\/\/api.w.org\/{rel}","templated":true}]}}