{"id":15625,"date":"2025-02-10T17:01:45","date_gmt":"2025-02-10T20:01:45","guid":{"rendered":"https:\/\/oab.estrategia.com\/portal\/?p=15625"},"modified":"2025-02-20T10:58:19","modified_gmt":"2025-02-20T13:58:19","slug":"42o-exame-de-ordem-locais-de-prova-2-fase-2025","status":"publish","type":"post","link":"https:\/\/oab.estrategia.com\/portal\/42o-exame-de-ordem-locais-de-prova-2-fase-2025\/","title":{"rendered":"42\u00ba Exame de Ordem: locais de prova 2\u00aa fase"},"content":{"rendered":"<a id=\"cta-icon\" href=\"https:\/\/sndflw.com\/i\/1-fase-da-oab-grupo\" target=\"blank\" style=\"background:rgb(174,10,11)\">\n            <img decoding=\"async\" src=\"https:\/\/oab.estrategia.com\/portal\/wp-content\/uploads\/2023\/12\/07160715\/whatsapp_1385.webp\" alt=\"\" alt=\"whatsapp_1385\"><span > Acesse agora o Grupo de Estudos para 1\u00aa fase da OAB<\/span><\/a>\n\n\n<a id=\"cta-icon\" href=\"https:\/\/sndflw.com\/i\/2-fase-da-oab-grupo\" target=\"blank\" style=\"background:rgb(174,10,11)\">\n            <img decoding=\"async\" src=\"https:\/\/oab.estrategia.com\/portal\/wp-content\/uploads\/2023\/12\/07160715\/whatsapp_1385.webp\" alt=\"\" alt=\"whatsapp_1385\"><span > Acesse agora o grupo de estudos para a 2\u00aa fase da OAB! <\/span><\/a>\n\n\n\n<p>Aten\u00e7\u00e3o! J\u00e1 est\u00e3o dispon\u00edveis os <a href=\"https:\/\/inscricaooab.fgv.br\/ConsultaLocalProva.aspx?key=BtBo\/ahsrSimboloMaIs4=&amp;f=9jTwWPnlMFM=\" target=\"_blank\" >locais de prova<\/a> da <strong>2\u00aa fase do 42\u00ba Exame Exame de Ordem. <\/strong><\/p>\n\n\n\n<p>A prova pr\u00e1tico-profissional, <strong>segunda fase do exame OAB<\/strong>, ter\u00e1 a dura\u00e7\u00e3o de 5 horas e ser\u00e1 aplicada no dia <strong>16\/02\/2025<\/strong>, das 13h \u00e0s 18h, no hor\u00e1rio oficial de Bras\u00edlia\/DF.<\/p>\n\n\n\n<p>Clique no link abaixo e confira o seu local de prova:<\/p>\n\n\n\n<p class=\"has-text-align-center has-white-color has-blush-bordeaux-gradient-background has-text-color has-background has-link-color wp-elements-c75bfa4567d4906d264cb837291a56d3\"><strong><a href=\"https:\/\/oab.estrategia.com\/portal\/wp-content\/uploads\/2025\/02\/10170120\/b33201a0-475f-43ac-b0eb-a3f9545da69b.pdf\" target=\"_blank\" >Locais de Prova 42\u00ba Exame de Ordem<\/a><\/strong><\/p>\n\n\n\n<h3 class=\"wp-block-heading\" id=\"h-detalhes-do-42\u00ba-exame-de-ordem\"><span id=\"detalhes-do-42o-exame-de-ordem\">Detalhes do 42\u00ba Exame de Ordem<\/span><\/h3>\n\n\n\n<p>A primeira parte ser\u00e1 uma reda\u00e7\u00e3o de pe\u00e7a profissional, valendo 5,00 pontos, acerca de tema da \u00e1rea jur\u00eddica escolhida no ato da inscri\u00e7\u00e3o, que podem ser Direito Administrativo, Direito Civil, Direito Constitucional, Direito Empresarial, Direito Penal, Direito do Trabalho ou Direito Tribut\u00e1rio e do seu correspondente direito processual.<\/p>\n\n\n\n<p>Na segunda parte, os candidatos ter\u00e3o que responder a 4 (quatro) quest\u00f5es discursivas, sob a forma de situa\u00e7\u00f5es problema, valendo, no m\u00e1ximo, 1,25 pontos cada.<\/p>\n\n\n\n<p class=\"has-text-align-center\"><em>Quer saber sobre os principais detalhes do 42\u00ba Exame de Ordem? Clique no link abaixo e confiras todas as informa\u00e7\u00f5es deste exame:<\/em><\/p>\n\n\n\n<p class=\"has-text-align-center has-pale-ocean-gradient-background has-background\"><a href=\"https:\/\/oab.estrategia.com\/portal\/edital-oab-42o-exame-de-ordem\/\">Edital OAB 42\u00ba Exame de <\/a><a href=\"https:\/\/oab.estrategia.com\/portal\/edital-oab-42o-exame-de-ordem\/\" target=\"_blank\" >Ordem<\/a><\/p>\n\n\n\n<h2 class=\"wp-block-heading has-text-align-center\" id=\"h-quer-ser-aprovado-no-exame-oab-temos-as-melhores-opcoes-aqui\"><span id=\"quer-ser-aprovado-no-exame-oab-temos-as-melhores-opcoes-aqui\">Quer ser aprovado no Exame OAB? Temos as melhores op\u00e7\u00f5es AQUI!<\/span><\/h2>\n\n\n\n<div class=\"wp-block-cover\" style=\"min-height:145px;aspect-ratio:unset;\"><span aria-hidden=\"true\" class=\"wp-block-cover__background has-background-dim\"><\/span><img decoding=\"async\" width=\"1024\" height=\"190\" class=\"wp-block-cover__image-background wp-image-2272\" alt=\"\" src=\"https:\/\/oab.estrategia.com\/portal\/wp-content\/uploads\/2022\/08\/19111944\/assinatura-oab-banner-exame-de-ordem-oab-assinatura-curso-oab-1024x190.jpg\" style=\"object-position:58% 29%\" data-object-fit=\"cover\" data-object-position=\"58% 29%\" srcset=\"https:\/\/oab.estrategia.com\/portal\/wp-content\/uploads\/2022\/08\/19111944\/assinatura-oab-banner-exame-de-ordem-oab-assinatura-curso-oab-1024x190.jpg 1024w, https:\/\/oab.estrategia.com\/portal\/wp-content\/uploads\/2022\/08\/19111944\/assinatura-oab-banner-exame-de-ordem-oab-assinatura-curso-oab-300x56.jpg 300w, https:\/\/oab.estrategia.com\/portal\/wp-content\/uploads\/2022\/08\/19111944\/assinatura-oab-banner-exame-de-ordem-oab-assinatura-curso-oab-768x143.jpg 768w, https:\/\/oab.estrategia.com\/portal\/wp-content\/uploads\/2022\/08\/19111944\/assinatura-oab-banner-exame-de-ordem-oab-assinatura-curso-oab-1536x285.jpg 1536w, https:\/\/oab.estrategia.com\/portal\/wp-content\/uploads\/2022\/08\/19111944\/assinatura-oab-banner-exame-de-ordem-oab-assinatura-curso-oab-380x71.jpg 380w, https:\/\/oab.estrategia.com\/portal\/wp-content\/uploads\/2022\/08\/19111944\/assinatura-oab-banner-exame-de-ordem-oab-assinatura-curso-oab-800x149.jpg 800w, https:\/\/oab.estrategia.com\/portal\/wp-content\/uploads\/2022\/08\/19111944\/assinatura-oab-banner-exame-de-ordem-oab-assinatura-curso-oab-1160x215.jpg 1160w, https:\/\/oab.estrategia.com\/portal\/wp-content\/uploads\/2022\/08\/19111944\/assinatura-oab-banner-exame-de-ordem-oab-assinatura-curso-oab-150x28.jpg 150w, https:\/\/oab.estrategia.com\/portal\/wp-content\/uploads\/2022\/08\/19111944\/assinatura-oab-banner-exame-de-ordem-oab-assinatura-curso-oab.jpg 1890w\" sizes=\"(max-width: 1024px) 100vw, 1024px\" \/><div class=\"wp-block-cover__inner-container is-layout-flow wp-block-cover-is-layout-flow\">\n<h3 id=\"assinatura-oab\" class=\"titulo-assinatura\">Assinatura OAB<\/h3>\n<p class=\"subtitulo-assinatura\" style=\"display:block!important; line-height: 0;\">Conte\u00fado completo para a 1\u00aa e 2\u00aa fase da OAB.<\/p>\n<a target=\"_blank\" href=\"https:\/\/oab.estrategia.com\/curso\/assinatura-oab\/\" rel=\"noopener\"><button style=\"border-radius: 10px; text-transform: capitalize;\">Acessar<\/button><\/a>\n<\/div><\/div>\n\n\n\n<h2 class=\"wp-block-heading has-text-align-center\" id=\"h-fique-sabendo-primeiro-nas-nossas-redes-sociais\"><span id=\"fique-sabendo-primeiro-nas-nossas-redes-sociais\">Fique sabendo primeiro nas nossas redes sociais:<\/span><\/h2>\n\n\n\n<p class=\"has-text-align-center has-white-color has-blush-bordeaux-gradient-background has-text-color has-background has-link-color wp-elements-a706d940ea5cf65af58191b27ed323f8\"><a href=\"https:\/\/www.instagram.com\/estrategiaoab\/\" target=\"_blank\" >Instagram Estrat\u00e9gia OAB<\/a><\/p>\n\n\n\n<p class=\"has-text-align-center has-white-color has-text-color has-background has-link-color wp-elements-b4591d83ea0cde096dcd5d86ad7f20d2\" style=\"background:linear-gradient(135deg,rgb(254,205,165) 0%,rgb(254,45,45) 77%,rgb(107,0,62) 100%)\"><a href=\"https:\/\/www.youtube.com\/channel\/UC7rgrKTSF5aOrBGWOw60ovw\" target=\"_blank\" >YouTube do Estrat\u00e9gia OAB<\/a><\/p>\n\n\n\n<p class=\"has-text-align-center has-white-color has-text-color has-background has-link-color wp-elements-c73be3931962de933788eae694c447c4\" style=\"background:linear-gradient(135deg,rgb(254,205,165) 7%,rgb(254,45,45) 61%,rgb(107,0,62) 100%)\"><a href=\"http:\/\/bit.ly\/TelegramOAB\" target=\"_blank\" >Inscreva-se no nosso grupo do Telegram<\/a><\/p>\n","protected":false},"excerpt":{"rendered":"Aten\u00e7\u00e3o! J\u00e1 est\u00e3o dispon\u00edveis os locais de prova da 2\u00aa fase do 42\u00ba Exame Exame de Ordem. A&hellip;\n","protected":false},"author":81,"featured_media":3852,"comment_status":"open","ping_status":"open","sticky":false,"template":"","format":"standard","meta":{"_jetpack_memberships_contains_paid_content":false,"footnotes":""},"categories":[31],"tags":[],"class_list":{"0":"post-15625","1":"post","2":"type-post","3":"status-publish","4":"format-standard","5":"has-post-thumbnail","7":"category-2a-fase-oab"},"acf":[],"yoast_head":"<!-- This site is optimized with the Yoast SEO Premium plugin v26.2 (Yoast SEO v27.4) - https:\/\/yoast.com\/product\/yoast-seo-premium-wordpress\/ -->\n<title>42\u00ba Exame de Ordem: locais de prova 2\u00aa fase<\/title>\n<meta name=\"description\" content=\"42\u00ba Exame de Ordem: Locais de prova: confira AQUI o seu local de prova e continue a sua prepara\u00e7\u00e3o para a segunda fase!\" \/>\n<meta name=\"robots\" content=\"index, follow, max-snippet:-1, max-image-preview:large, max-video-preview:-1\" \/>\n<link rel=\"canonical\" href=\"https:\/\/oab.estrategia.com\/portal\/42o-exame-de-ordem-locais-de-prova-2-fase-2025\/\" \/>\n<meta property=\"og:locale\" content=\"pt_BR\" \/>\n<meta property=\"og:type\" content=\"article\" \/>\n<meta property=\"og:title\" content=\"42\u00ba Exame de Ordem: locais de prova 2\u00aa fase\" \/>\n<meta property=\"og:description\" content=\"42\u00ba Exame de Ordem: Locais de prova: confira AQUI o seu local de prova e continue a sua prepara\u00e7\u00e3o para a segunda fase!\" \/>\n<meta property=\"og:url\" content=\"https:\/\/oab.estrategia.com\/portal\/42o-exame-de-ordem-locais-de-prova-2-fase-2025\/\" \/>\n<meta property=\"og:site_name\" content=\"Blog - OAB - Estrat\u00e9gia\" \/>\n<meta property=\"article:publisher\" content=\"https:\/\/www.facebook.com\/estrategiaoab\/\" \/>\n<meta property=\"article:published_time\" content=\"2025-02-10T20:01:45+00:00\" \/>\n<meta property=\"article:modified_time\" content=\"2025-02-20T13:58:19+00:00\" \/>\n<meta property=\"og:image\" content=\"https:\/\/oab.estrategia.com\/portal\/wp-content\/uploads\/2019\/05\/18180029\/curso-online-oab-2a-fase-direito-administrativo.png\" \/>\n\t<meta property=\"og:image:width\" content=\"960\" \/>\n\t<meta property=\"og:image:height\" content=\"540\" \/>\n\t<meta property=\"og:image:type\" content=\"image\/png\" \/>\n<meta name=\"author\" content=\"Tauana Silva\" \/>\n<meta name=\"twitter:card\" content=\"summary_large_image\" \/>\n<meta name=\"twitter:creator\" content=\"@estrategiaoab\" \/>\n<meta name=\"twitter:site\" content=\"@estrategiaoab\" \/>\n<meta name=\"twitter:label1\" content=\"Escrito por\" \/>\n\t<meta name=\"twitter:data1\" content=\"Tauana Silva\" \/>\n\t<meta name=\"twitter:label2\" content=\"Est. tempo de leitura\" \/>\n\t<meta name=\"twitter:data2\" content=\"3 minutos\" \/>\n<script type=\"application\/ld+json\" class=\"yoast-schema-graph\">{\"@context\":\"https:\\\/\\\/schema.org\",\"@graph\":[{\"@type\":\"Article\",\"@id\":\"https:\\\/\\\/oab.estrategia.com\\\/portal\\\/42o-exame-de-ordem-locais-de-prova-2-fase-2025\\\/#article\",\"isPartOf\":{\"@id\":\"https:\\\/\\\/oab.estrategia.com\\\/portal\\\/42o-exame-de-ordem-locais-de-prova-2-fase-2025\\\/\"},\"author\":{\"name\":\"Tauana Silva\",\"@id\":\"https:\\\/\\\/oab.estrategia.com\\\/portal\\\/#\\\/schema\\\/person\\\/40cc4064330dc49befc341451f091d13\"},\"headline\":\"42\u00ba Exame de Ordem: locais de prova 2\u00aa fase\",\"datePublished\":\"2025-02-10T20:01:45+00:00\",\"dateModified\":\"2025-02-20T13:58:19+00:00\",\"mainEntityOfPage\":{\"@id\":\"https:\\\/\\\/oab.estrategia.com\\\/portal\\\/42o-exame-de-ordem-locais-de-prova-2-fase-2025\\\/\"},\"wordCount\":225,\"commentCount\":0,\"publisher\":{\"@id\":\"https:\\\/\\\/oab.estrategia.com\\\/portal\\\/#organization\"},\"image\":{\"@id\":\"https:\\\/\\\/oab.estrategia.com\\\/portal\\\/42o-exame-de-ordem-locais-de-prova-2-fase-2025\\\/#primaryimage\"},\"thumbnailUrl\":\"https:\\\/\\\/oab.estrategia.com\\\/portal\\\/wp-content\\\/uploads\\\/2019\\\/05\\\/18180029\\\/curso-online-oab-2a-fase-direito-administrativo.png\",\"articleSection\":[\"2\u00aa Fase OAB\"],\"inLanguage\":\"pt-BR\",\"potentialAction\":[{\"@type\":\"CommentAction\",\"name\":\"Comment\",\"target\":[\"https:\\\/\\\/oab.estrategia.com\\\/portal\\\/42o-exame-de-ordem-locais-de-prova-2-fase-2025\\\/#respond\"]}]},{\"@type\":\"WebPage\",\"@id\":\"https:\\\/\\\/oab.estrategia.com\\\/portal\\\/42o-exame-de-ordem-locais-de-prova-2-fase-2025\\\/\",\"url\":\"https:\\\/\\\/oab.estrategia.com\\\/portal\\\/42o-exame-de-ordem-locais-de-prova-2-fase-2025\\\/\",\"name\":\"42\u00ba Exame de Ordem: locais de prova 2\u00aa fase\",\"isPartOf\":{\"@id\":\"https:\\\/\\\/oab.estrategia.com\\\/portal\\\/#website\"},\"primaryImageOfPage\":{\"@id\":\"https:\\\/\\\/oab.estrategia.com\\\/portal\\\/42o-exame-de-ordem-locais-de-prova-2-fase-2025\\\/#primaryimage\"},\"image\":{\"@id\":\"https:\\\/\\\/oab.estrategia.com\\\/portal\\\/42o-exame-de-ordem-locais-de-prova-2-fase-2025\\\/#primaryimage\"},\"thumbnailUrl\":\"https:\\\/\\\/oab.estrategia.com\\\/portal\\\/wp-content\\\/uploads\\\/2019\\\/05\\\/18180029\\\/curso-online-oab-2a-fase-direito-administrativo.png\",\"datePublished\":\"2025-02-10T20:01:45+00:00\",\"dateModified\":\"2025-02-20T13:58:19+00:00\",\"description\":\"42\u00ba Exame de Ordem: Locais de prova: confira AQUI o seu local de prova e continue a sua prepara\u00e7\u00e3o para a segunda fase!\",\"breadcrumb\":{\"@id\":\"https:\\\/\\\/oab.estrategia.com\\\/portal\\\/42o-exame-de-ordem-locais-de-prova-2-fase-2025\\\/#breadcrumb\"},\"inLanguage\":\"pt-BR\",\"potentialAction\":[{\"@type\":\"ReadAction\",\"target\":[\"https:\\\/\\\/oab.estrategia.com\\\/portal\\\/42o-exame-de-ordem-locais-de-prova-2-fase-2025\\\/\"]}]},{\"@type\":\"ImageObject\",\"inLanguage\":\"pt-BR\",\"@id\":\"https:\\\/\\\/oab.estrategia.com\\\/portal\\\/42o-exame-de-ordem-locais-de-prova-2-fase-2025\\\/#primaryimage\",\"url\":\"https:\\\/\\\/oab.estrategia.com\\\/portal\\\/wp-content\\\/uploads\\\/2019\\\/05\\\/18180029\\\/curso-online-oab-2a-fase-direito-administrativo.png\",\"contentUrl\":\"https:\\\/\\\/oab.estrategia.com\\\/portal\\\/wp-content\\\/uploads\\\/2019\\\/05\\\/18180029\\\/curso-online-oab-2a-fase-direito-administrativo.png\",\"width\":960,\"height\":540,\"caption\":\"Simulado de 2\u00aa Fase\"},{\"@type\":\"BreadcrumbList\",\"@id\":\"https:\\\/\\\/oab.estrategia.com\\\/portal\\\/42o-exame-de-ordem-locais-de-prova-2-fase-2025\\\/#breadcrumb\",\"itemListElement\":[{\"@type\":\"ListItem\",\"position\":1,\"name\":\"In\u00edcio\",\"item\":\"https:\\\/\\\/oab.estrategia.com\\\/portal\\\/\"},{\"@type\":\"ListItem\",\"position\":2,\"name\":\"42\u00ba Exame de Ordem: locais de prova 2\u00aa fase\"}]},{\"@type\":\"WebSite\",\"@id\":\"https:\\\/\\\/oab.estrategia.com\\\/portal\\\/#website\",\"url\":\"https:\\\/\\\/oab.estrategia.com\\\/portal\\\/\",\"name\":\"Blog - OAB - Estrat\u00e9gia\",\"description\":\"Blog OAB - Estrat\u00e9gia Concursos\",\"publisher\":{\"@id\":\"https:\\\/\\\/oab.estrategia.com\\\/portal\\\/#organization\"},\"potentialAction\":[{\"@type\":\"SearchAction\",\"target\":{\"@type\":\"EntryPoint\",\"urlTemplate\":\"https:\\\/\\\/oab.estrategia.com\\\/portal\\\/?s={search_term_string}\"},\"query-input\":{\"@type\":\"PropertyValueSpecification\",\"valueRequired\":true,\"valueName\":\"search_term_string\"}}],\"inLanguage\":\"pt-BR\"},{\"@type\":\"Organization\",\"@id\":\"https:\\\/\\\/oab.estrategia.com\\\/portal\\\/#organization\",\"name\":\"Estrat\u00e9gia Concursos\",\"url\":\"https:\\\/\\\/oab.estrategia.com\\\/portal\\\/\",\"logo\":{\"@type\":\"ImageObject\",\"inLanguage\":\"pt-BR\",\"@id\":\"https:\\\/\\\/oab.estrategia.com\\\/portal\\\/#\\\/schema\\\/logo\\\/image\\\/\",\"url\":\"https:\\\/\\\/oab.estrategia.com\\\/portal\\\/wp-content\\\/uploads\\\/2022\\\/04\\\/06103601\\\/oab-icone-2.png\",\"contentUrl\":\"https:\\\/\\\/oab.estrategia.com\\\/portal\\\/wp-content\\\/uploads\\\/2022\\\/04\\\/06103601\\\/oab-icone-2.png\",\"width\":900,\"height\":900,\"caption\":\"Estrat\u00e9gia Concursos\"},\"image\":{\"@id\":\"https:\\\/\\\/oab.estrategia.com\\\/portal\\\/#\\\/schema\\\/logo\\\/image\\\/\"},\"sameAs\":[\"https:\\\/\\\/www.facebook.com\\\/estrategiaoab\\\/\",\"https:\\\/\\\/x.com\\\/estrategiaoab\",\"https:\\\/\\\/www.instagram.com\\\/estrategiaoab\\\/\",\"https:\\\/\\\/www.youtube.com\\\/EstrategiaOAB\"]},{\"@type\":\"Person\",\"@id\":\"https:\\\/\\\/oab.estrategia.com\\\/portal\\\/#\\\/schema\\\/person\\\/40cc4064330dc49befc341451f091d13\",\"name\":\"Tauana Silva\",\"image\":{\"@type\":\"ImageObject\",\"inLanguage\":\"pt-BR\",\"@id\":\"https:\\\/\\\/oab.estrategia.com\\\/portal\\\/wp-content\\\/uploads\\\/2025\\\/06\\\/27081123\\\/9F48008F-6BA7-4C6F-B3ED-BA576DED4E2C-96x96.jpg\",\"url\":\"https:\\\/\\\/oab.estrategia.com\\\/portal\\\/wp-content\\\/uploads\\\/2025\\\/06\\\/27081123\\\/9F48008F-6BA7-4C6F-B3ED-BA576DED4E2C-96x96.jpg\",\"contentUrl\":\"https:\\\/\\\/oab.estrategia.com\\\/portal\\\/wp-content\\\/uploads\\\/2025\\\/06\\\/27081123\\\/9F48008F-6BA7-4C6F-B3ED-BA576DED4E2C-96x96.jpg\",\"caption\":\"Tauana Silva\"},\"description\":\"Jornalista com expertise em gest\u00e3o e marketing, acumulando mais de uma d\u00e9cada de experi\u00eancia, com foco especializado nos \u00faltimos cinco anos no setor de concursos p\u00fablicos. Habilidades s\u00f3lidas como social media, em reda\u00e7\u00e3o jornal\u00edstica, pr\u00e1ticas de SEO e copywriting.\",\"url\":\"https:\\\/\\\/oab.estrategia.com\\\/portal\\\/author\\\/tauanasilva\\\/\"}]}<\/script>\n<!-- \/ Yoast SEO Premium plugin. -->","yoast_head_json":{"title":"42\u00ba Exame de Ordem: locais de prova 2\u00aa fase","description":"42\u00ba Exame de Ordem: Locais de prova: confira AQUI o seu local de prova e continue a sua prepara\u00e7\u00e3o para a segunda fase!","robots":{"index":"index","follow":"follow","max-snippet":"max-snippet:-1","max-image-preview":"max-image-preview:large","max-video-preview":"max-video-preview:-1"},"canonical":"https:\/\/oab.estrategia.com\/portal\/42o-exame-de-ordem-locais-de-prova-2-fase-2025\/","og_locale":"pt_BR","og_type":"article","og_title":"42\u00ba Exame de Ordem: locais de prova 2\u00aa fase","og_description":"42\u00ba Exame de Ordem: Locais de prova: confira AQUI o seu local de prova e continue a sua prepara\u00e7\u00e3o para a segunda fase!","og_url":"https:\/\/oab.estrategia.com\/portal\/42o-exame-de-ordem-locais-de-prova-2-fase-2025\/","og_site_name":"Blog - OAB - Estrat\u00e9gia","article_publisher":"https:\/\/www.facebook.com\/estrategiaoab\/","article_published_time":"2025-02-10T20:01:45+00:00","article_modified_time":"2025-02-20T13:58:19+00:00","og_image":[{"width":960,"height":540,"url":"https:\/\/oab.estrategia.com\/portal\/wp-content\/uploads\/2019\/05\/18180029\/curso-online-oab-2a-fase-direito-administrativo.png","type":"image\/png"}],"author":"Tauana Silva","twitter_card":"summary_large_image","twitter_creator":"@estrategiaoab","twitter_site":"@estrategiaoab","twitter_misc":{"Escrito por":"Tauana Silva","Est. tempo de leitura":"3 minutos"},"schema":{"@context":"https:\/\/schema.org","@graph":[{"@type":"Article","@id":"https:\/\/oab.estrategia.com\/portal\/42o-exame-de-ordem-locais-de-prova-2-fase-2025\/#article","isPartOf":{"@id":"https:\/\/oab.estrategia.com\/portal\/42o-exame-de-ordem-locais-de-prova-2-fase-2025\/"},"author":{"name":"Tauana Silva","@id":"https:\/\/oab.estrategia.com\/portal\/#\/schema\/person\/40cc4064330dc49befc341451f091d13"},"headline":"42\u00ba Exame de Ordem: locais de prova 2\u00aa fase","datePublished":"2025-02-10T20:01:45+00:00","dateModified":"2025-02-20T13:58:19+00:00","mainEntityOfPage":{"@id":"https:\/\/oab.estrategia.com\/portal\/42o-exame-de-ordem-locais-de-prova-2-fase-2025\/"},"wordCount":225,"commentCount":0,"publisher":{"@id":"https:\/\/oab.estrategia.com\/portal\/#organization"},"image":{"@id":"https:\/\/oab.estrategia.com\/portal\/42o-exame-de-ordem-locais-de-prova-2-fase-2025\/#primaryimage"},"thumbnailUrl":"https:\/\/oab.estrategia.com\/portal\/wp-content\/uploads\/2019\/05\/18180029\/curso-online-oab-2a-fase-direito-administrativo.png","articleSection":["2\u00aa Fase OAB"],"inLanguage":"pt-BR","potentialAction":[{"@type":"CommentAction","name":"Comment","target":["https:\/\/oab.estrategia.com\/portal\/42o-exame-de-ordem-locais-de-prova-2-fase-2025\/#respond"]}]},{"@type":"WebPage","@id":"https:\/\/oab.estrategia.com\/portal\/42o-exame-de-ordem-locais-de-prova-2-fase-2025\/","url":"https:\/\/oab.estrategia.com\/portal\/42o-exame-de-ordem-locais-de-prova-2-fase-2025\/","name":"42\u00ba Exame de Ordem: locais de prova 2\u00aa fase","isPartOf":{"@id":"https:\/\/oab.estrategia.com\/portal\/#website"},"primaryImageOfPage":{"@id":"https:\/\/oab.estrategia.com\/portal\/42o-exame-de-ordem-locais-de-prova-2-fase-2025\/#primaryimage"},"image":{"@id":"https:\/\/oab.estrategia.com\/portal\/42o-exame-de-ordem-locais-de-prova-2-fase-2025\/#primaryimage"},"thumbnailUrl":"https:\/\/oab.estrategia.com\/portal\/wp-content\/uploads\/2019\/05\/18180029\/curso-online-oab-2a-fase-direito-administrativo.png","datePublished":"2025-02-10T20:01:45+00:00","dateModified":"2025-02-20T13:58:19+00:00","description":"42\u00ba Exame de Ordem: Locais de prova: confira AQUI o seu local de prova e continue a sua prepara\u00e7\u00e3o para a segunda fase!","breadcrumb":{"@id":"https:\/\/oab.estrategia.com\/portal\/42o-exame-de-ordem-locais-de-prova-2-fase-2025\/#breadcrumb"},"inLanguage":"pt-BR","potentialAction":[{"@type":"ReadAction","target":["https:\/\/oab.estrategia.com\/portal\/42o-exame-de-ordem-locais-de-prova-2-fase-2025\/"]}]},{"@type":"ImageObject","inLanguage":"pt-BR","@id":"https:\/\/oab.estrategia.com\/portal\/42o-exame-de-ordem-locais-de-prova-2-fase-2025\/#primaryimage","url":"https:\/\/oab.estrategia.com\/portal\/wp-content\/uploads\/2019\/05\/18180029\/curso-online-oab-2a-fase-direito-administrativo.png","contentUrl":"https:\/\/oab.estrategia.com\/portal\/wp-content\/uploads\/2019\/05\/18180029\/curso-online-oab-2a-fase-direito-administrativo.png","width":960,"height":540,"caption":"Simulado de 2\u00aa Fase"},{"@type":"BreadcrumbList","@id":"https:\/\/oab.estrategia.com\/portal\/42o-exame-de-ordem-locais-de-prova-2-fase-2025\/#breadcrumb","itemListElement":[{"@type":"ListItem","position":1,"name":"In\u00edcio","item":"https:\/\/oab.estrategia.com\/portal\/"},{"@type":"ListItem","position":2,"name":"42\u00ba Exame de Ordem: locais de prova 2\u00aa fase"}]},{"@type":"WebSite","@id":"https:\/\/oab.estrategia.com\/portal\/#website","url":"https:\/\/oab.estrategia.com\/portal\/","name":"Blog - OAB - Estrat\u00e9gia","description":"Blog OAB - Estrat\u00e9gia Concursos","publisher":{"@id":"https:\/\/oab.estrategia.com\/portal\/#organization"},"potentialAction":[{"@type":"SearchAction","target":{"@type":"EntryPoint","urlTemplate":"https:\/\/oab.estrategia.com\/portal\/?s={search_term_string}"},"query-input":{"@type":"PropertyValueSpecification","valueRequired":true,"valueName":"search_term_string"}}],"inLanguage":"pt-BR"},{"@type":"Organization","@id":"https:\/\/oab.estrategia.com\/portal\/#organization","name":"Estrat\u00e9gia Concursos","url":"https:\/\/oab.estrategia.com\/portal\/","logo":{"@type":"ImageObject","inLanguage":"pt-BR","@id":"https:\/\/oab.estrategia.com\/portal\/#\/schema\/logo\/image\/","url":"https:\/\/oab.estrategia.com\/portal\/wp-content\/uploads\/2022\/04\/06103601\/oab-icone-2.png","contentUrl":"https:\/\/oab.estrategia.com\/portal\/wp-content\/uploads\/2022\/04\/06103601\/oab-icone-2.png","width":900,"height":900,"caption":"Estrat\u00e9gia Concursos"},"image":{"@id":"https:\/\/oab.estrategia.com\/portal\/#\/schema\/logo\/image\/"},"sameAs":["https:\/\/www.facebook.com\/estrategiaoab\/","https:\/\/x.com\/estrategiaoab","https:\/\/www.instagram.com\/estrategiaoab\/","https:\/\/www.youtube.com\/EstrategiaOAB"]},{"@type":"Person","@id":"https:\/\/oab.estrategia.com\/portal\/#\/schema\/person\/40cc4064330dc49befc341451f091d13","name":"Tauana Silva","image":{"@type":"ImageObject","inLanguage":"pt-BR","@id":"https:\/\/oab.estrategia.com\/portal\/wp-content\/uploads\/2025\/06\/27081123\/9F48008F-6BA7-4C6F-B3ED-BA576DED4E2C-96x96.jpg","url":"https:\/\/oab.estrategia.com\/portal\/wp-content\/uploads\/2025\/06\/27081123\/9F48008F-6BA7-4C6F-B3ED-BA576DED4E2C-96x96.jpg","contentUrl":"https:\/\/oab.estrategia.com\/portal\/wp-content\/uploads\/2025\/06\/27081123\/9F48008F-6BA7-4C6F-B3ED-BA576DED4E2C-96x96.jpg","caption":"Tauana Silva"},"description":"Jornalista com expertise em gest\u00e3o e marketing, acumulando mais de uma d\u00e9cada de experi\u00eancia, com foco especializado nos \u00faltimos cinco anos no setor de concursos p\u00fablicos. Habilidades s\u00f3lidas como social media, em reda\u00e7\u00e3o jornal\u00edstica, pr\u00e1ticas de SEO e copywriting.","url":"https:\/\/oab.estrategia.com\/portal\/author\/tauanasilva\/"}]}},"jetpack_featured_media_url":"https:\/\/oab.estrategia.com\/portal\/wp-content\/uploads\/2019\/05\/18180029\/curso-online-oab-2a-fase-direito-administrativo.png","jetpack_sharing_enabled":true,"_links":{"self":[{"href":"https:\/\/oab.estrategia.com\/portal\/wp-json\/wp\/v2\/posts\/15625","targetHints":{"allow":["GET"]}}],"collection":[{"href":"https:\/\/oab.estrategia.com\/portal\/wp-json\/wp\/v2\/posts"}],"about":[{"href":"https:\/\/oab.estrategia.com\/portal\/wp-json\/wp\/v2\/types\/post"}],"author":[{"embeddable":true,"href":"https:\/\/oab.estrategia.com\/portal\/wp-json\/wp\/v2\/users\/81"}],"replies":[{"embeddable":true,"href":"https:\/\/oab.estrategia.com\/portal\/wp-json\/wp\/v2\/comments?post=15625"}],"version-history":[{"count":13,"href":"https:\/\/oab.estrategia.com\/portal\/wp-json\/wp\/v2\/posts\/15625\/revisions"}],"predecessor-version":[{"id":15665,"href":"https:\/\/oab.estrategia.com\/portal\/wp-json\/wp\/v2\/posts\/15625\/revisions\/15665"}],"wp:featuredmedia":[{"embeddable":true,"href":"https:\/\/oab.estrategia.com\/portal\/wp-json\/wp\/v2\/media\/3852"}],"wp:attachment":[{"href":"https:\/\/oab.estrategia.com\/portal\/wp-json\/wp\/v2\/media?parent=15625"}],"wp:term":[{"taxonomy":"category","embeddable":true,"href":"https:\/\/oab.estrategia.com\/portal\/wp-json\/wp\/v2\/categories?post=15625"},{"taxonomy":"post_tag","embeddable":true,"href":"https:\/\/oab.estrategia.com\/portal\/wp-json\/wp\/v2\/tags?post=15625"}],"curies":[{"name":"wp","href":"https:\/\/api.w.org\/{rel}","templated":true}]}}