{"id":16033,"date":"2025-02-24T14:29:08","date_gmt":"2025-02-24T17:29:08","guid":{"rendered":"https:\/\/oab.estrategia.com\/portal\/?p=16033"},"modified":"2025-02-26T18:27:17","modified_gmt":"2025-02-26T21:27:17","slug":"carteira-da-oab-tem-prazo-de-validade","status":"publish","type":"post","link":"https:\/\/oab.estrategia.com\/portal\/carteira-da-oab-tem-prazo-de-validade\/","title":{"rendered":"A carteira da OAB tem prazo de validade? Entenda!"},"content":{"rendered":"<a id=\"cta-icon\" href=\"https:\/\/sndflw.com\/i\/2-fase-da-oab-grupo\" target=\"blank\" style=\"background:rgb(174,10,11)\">\n            <img decoding=\"async\" src=\"https:\/\/oab.estrategia.com\/portal\/wp-content\/uploads\/2023\/12\/07160715\/whatsapp_1385.webp\" alt=\"\" alt=\"whatsapp_1385\"><span > Acesse agora o grupo de estudos para a 2\u00aa fase da OAB! <\/span><\/a>\n\n\n\n<p>A <strong>carteira da OAB tem prazo de validade por tempo indeterminado!<\/strong> Ela \u00e9 <strong>essencial para quem deseja seguir a carreira de advogado<\/strong>. Para obt\u00ea-la, os bachar\u00e9is em Direito precisam estar inscritos na<strong> Ordem dos Advogados do Brasil<\/strong> e ser considerados aptos para o exerc\u00edcio da profiss\u00e3o.<\/p>\n\n\n\n<p>A equipe do&nbsp;<strong><a href=\"https:\/\/oab.estrategia.com\/\" target=\"_blank\" >Estrat\u00e9gia OAB<\/a><\/strong>&nbsp;preparou este artigo com as principais informa\u00e7\u00f5es que voc\u00ea precisa saber sobre a carteira da OAB, confira!<\/p>\n\n\n\n<h2 class=\"wp-block-heading\" id=\"h-regularidade-carteira-da-oab\"><span id=\"regularidade-carteira-da-oab\">Regularidade carteira da OAB<\/span><\/h2>\n\n\n\n<p>\u00c9 de <strong>responsabilidade do advogado manter a regularidade<\/strong> de sua inscri\u00e7\u00e3o junto \u00e0 Ordem dos Advogados do Brasil. Sendo assim, \u00e9 necess\u00e1rio <strong>renovar o pagamento das anuidades <\/strong>e <strong>cumprir com as exig\u00eancias<\/strong> da profiss\u00e3o.<\/p>\n\n\n\n<p>Caso o advogado deixe de pagar a anuidade ou n\u00e3o mantenha sua inscri\u00e7\u00e3o regularizada, a carteira pode ser suspensa ou cancelada.<\/p>\n\n\n\n<h2 class=\"wp-block-heading\" id=\"h-o-que-fazer-em-caso-de-suspensao-ou-cancelamento-carteira-da-oab\"><span id=\"o-que-fazer-em-caso-de-suspensao-ou-cancelamento-carteira-da-oab\">O que fazer em caso de suspens\u00e3o ou cancelamento carteira da OAB<\/span><\/h2>\n\n\n\n<p>Em caso de suspens\u00e3o ou cancelamento da carteira da OAB, o advogado pode tomar as seguintes provid\u00eancias:<\/p>\n\n\n\n<ul class=\"wp-block-list\">\n<li><strong>Verificar o motivo da suspens\u00e3o ou cancelamento<\/strong>: \u00c9 importante entender qual foi a raz\u00e3o pela qual a inscri\u00e7\u00e3o foi suspensa ou cancelada.<\/li>\n\n\n\n<li><strong>Regularizar a situa\u00e7\u00e3o<\/strong>: Se a suspens\u00e3o foi por inadimpl\u00eancia, o advogado pode regularizar sua situa\u00e7\u00e3o financeira com a OAB, pagando as anuidades em atraso. J\u00e1 em casos de infra\u00e7\u00f5es disciplinares, \u00e9 necess\u00e1rio resolver o problema conforme as normas estabelecidas pela Ordem.<\/li>\n\n\n\n<li><strong>Requerer a reintegra\u00e7\u00e3o<\/strong>: Caso a suspens\u00e3o tenha ocorrido por motivos como inadimpl\u00eancia ou outras situa\u00e7\u00f5es que podem ser regularizadas, o advogado pode solicitar a reintegra\u00e7\u00e3o \u00e0 OAB, apresentando os documentos e comprovantes exigidos.<\/li>\n\n\n\n<li><strong>Recorrer a decis\u00f5es disciplinares<\/strong>: Se a suspens\u00e3o ou cancelamento for devido a uma infra\u00e7\u00e3o \u00e9tica ou disciplina, o advogado pode recorrer da decis\u00e3o por meio de um recurso administrativo junto \u00e0 OAB ou at\u00e9 mesmo recorrer \u00e0 inst\u00e2ncia judicial, caso considere que a decis\u00e3o foi injusta.<\/li>\n\n\n\n<li><strong>Solicitar orienta\u00e7\u00f5es \u00e0 OAB<\/strong>: Em qualquer situa\u00e7\u00e3o de suspens\u00e3o ou cancelamento, o advogado deve entrar em contato com a seccional da OAB em que est\u00e1 inscrito para obter informa\u00e7\u00f5es sobre os passos espec\u00edficos para resolver a quest\u00e3o.<\/li>\n<\/ul>\n\n\n\n<p class=\"has-text-align-center\"><em>Est\u00e1 pronto para come\u00e7ar a prepara\u00e7\u00e3o para OAB?<\/em><br><em>Os cursos do&nbsp;<strong><a href=\"https:\/\/oab.estrategia.com\/\" target=\"_blank\" >Estrat\u00e9gia OAB<\/a><\/strong> s\u00e3o o que voc\u00ea precisa para alcan\u00e7ar a aprova\u00e7\u00e3o!<\/em><\/p>\n\n\n\n<div class=\"wp-block-cover\" style=\"min-height:145px;aspect-ratio:unset;\"><span aria-hidden=\"true\" class=\"wp-block-cover__background has-background-dim\"><\/span><img decoding=\"async\" width=\"1024\" height=\"190\" class=\"wp-block-cover__image-background wp-image-2272\" alt=\"\" src=\"https:\/\/oab.estrategia.com\/portal\/wp-content\/uploads\/2022\/08\/19111944\/assinatura-oab-banner-exame-de-ordem-oab-assinatura-curso-oab-1024x190.jpg\" style=\"object-position:58% 29%\" data-object-fit=\"cover\" data-object-position=\"58% 29%\" srcset=\"https:\/\/oab.estrategia.com\/portal\/wp-content\/uploads\/2022\/08\/19111944\/assinatura-oab-banner-exame-de-ordem-oab-assinatura-curso-oab-1024x190.jpg 1024w, https:\/\/oab.estrategia.com\/portal\/wp-content\/uploads\/2022\/08\/19111944\/assinatura-oab-banner-exame-de-ordem-oab-assinatura-curso-oab-300x56.jpg 300w, https:\/\/oab.estrategia.com\/portal\/wp-content\/uploads\/2022\/08\/19111944\/assinatura-oab-banner-exame-de-ordem-oab-assinatura-curso-oab-768x143.jpg 768w, https:\/\/oab.estrategia.com\/portal\/wp-content\/uploads\/2022\/08\/19111944\/assinatura-oab-banner-exame-de-ordem-oab-assinatura-curso-oab-1536x285.jpg 1536w, https:\/\/oab.estrategia.com\/portal\/wp-content\/uploads\/2022\/08\/19111944\/assinatura-oab-banner-exame-de-ordem-oab-assinatura-curso-oab-380x71.jpg 380w, https:\/\/oab.estrategia.com\/portal\/wp-content\/uploads\/2022\/08\/19111944\/assinatura-oab-banner-exame-de-ordem-oab-assinatura-curso-oab-800x149.jpg 800w, https:\/\/oab.estrategia.com\/portal\/wp-content\/uploads\/2022\/08\/19111944\/assinatura-oab-banner-exame-de-ordem-oab-assinatura-curso-oab-1160x215.jpg 1160w, https:\/\/oab.estrategia.com\/portal\/wp-content\/uploads\/2022\/08\/19111944\/assinatura-oab-banner-exame-de-ordem-oab-assinatura-curso-oab-150x28.jpg 150w, https:\/\/oab.estrategia.com\/portal\/wp-content\/uploads\/2022\/08\/19111944\/assinatura-oab-banner-exame-de-ordem-oab-assinatura-curso-oab.jpg 1890w\" sizes=\"(max-width: 1024px) 100vw, 1024px\" \/><div class=\"wp-block-cover__inner-container is-layout-flow wp-block-cover-is-layout-flow\">\n<h3 id=\"assinatura-oab\" class=\"titulo-assinatura\">Assinatura OAB<\/h3>\n<p class=\"subtitulo-assinatura\" style=\"display:block!important; line-height: 0;\">Conte\u00fado completo para a 1\u00aa e 2\u00aa fase da OAB.<\/p>\n<a target=\"_blank\" href=\"https:\/\/oab.estrategia.com\/curso\/assinatura-oab\/\" rel=\"noopener\"><button style=\"border-radius: 10px; text-transform: capitalize;\">Acessar<\/button><\/a>\n<\/div><\/div>\n\n\n\n<p><em>Conte\u00fado completo e atualizado at\u00e9 voc\u00ea obter a aprova\u00e7\u00e3o na OAB. Conhe\u00e7a o LDI &#8211; \ud83d\udcbbLivro Digital Interativo: exclusividade da Assinatura OAB!<\/em><\/p>\n\n\n\n<h2 class=\"wp-block-heading has-text-align-center\" id=\"h-quer-saber-mais-sobre-o-exame-de-ordem-acesse-o-nosso-guia-completo\"><span id=\"quer-saber-mais-sobre-o-exame-de-ordemacesse-o-nosso-guia-completo\">Quer saber mais sobre o Exame de Ordem?<br>Acesse o nosso guia completo: <\/span><\/h2>\n\n\n\n<p class=\"has-text-align-center has-vivid-red-background-color has-background has-medium-font-size\"><a href=\"https:\/\/oab.estrategia.com\/portal\/prova-oab\/\" target=\"_blank\" >PROVA OAB <\/a><\/p>\n\n\n\n<p class=\"has-text-align-center\"><strong>Nossas redes sociais<\/strong><\/p>\n\n\n\n<p class=\"has-text-align-center has-pale-cyan-blue-background-color has-background\"><a href=\"https:\/\/www.instagram.com\/estrategiaoab\/\" target=\"_blank\" >Instagram Estrat\u00e9gia OAB<\/a><\/p>\n\n\n\n<p class=\"has-text-align-center has-light-green-cyan-background-color has-background\"><a href=\"https:\/\/www.youtube.com\/channel\/UC7rgrKTSF5aOrBGWOw60ovw\" target=\"_blank\" >YouTube do Estrat\u00e9gia OAB<\/a><\/p>\n\n\n\n<p class=\"has-text-align-center\"><strong>Grupo de Telegram para a OAB<\/strong><\/p>\n\n\n\n<p class=\"has-text-align-center has-luminous-vivid-amber-background-color has-background\"><a href=\"http:\/\/bit.ly\/TelegramOAB\" target=\"_blank\" >Inscreva-se no nosso grupo do Telegram<\/a><\/p>\n\n\n\n<p><\/p>\n","protected":false},"excerpt":{"rendered":"A carteira da OAB tem prazo de validade por tempo indeterminado! Ela \u00e9 essencial para quem deseja seguir&hellip;\n","protected":false},"author":117,"featured_media":14935,"comment_status":"open","ping_status":"open","sticky":false,"template":"","format":"standard","meta":{"_jetpack_memberships_contains_paid_content":false,"footnotes":""},"categories":[30,31,32,48],"tags":[],"class_list":{"0":"post-16033","1":"post","2":"type-post","3":"status-publish","4":"format-standard","5":"has-post-thumbnail","7":"category-1a-fase-oab","8":"category-2a-fase-oab","9":"category-advocacia","10":"category-dicas-oab"},"acf":[],"yoast_head":"<!-- This site is optimized with the Yoast SEO Premium plugin v26.2 (Yoast SEO v27.4) - https:\/\/yoast.com\/product\/yoast-seo-premium-wordpress\/ -->\n<title>A carteira da OAB tem prazo de validade? Entenda!<\/title>\n<meta name=\"description\" content=\"Voc\u00ea sabia que a carteira da OAB tem prazo de validade? O certificado de aprova\u00e7\u00e3o tem validade indeterminada, sendo assim, n\u00e3o expira!\" \/>\n<meta name=\"robots\" content=\"index, follow, max-snippet:-1, max-image-preview:large, max-video-preview:-1\" \/>\n<link rel=\"canonical\" href=\"https:\/\/oab.estrategia.com\/portal\/carteira-da-oab-tem-prazo-de-validade\/\" \/>\n<meta property=\"og:locale\" content=\"pt_BR\" \/>\n<meta property=\"og:type\" content=\"article\" \/>\n<meta property=\"og:title\" content=\"A carteira da OAB tem prazo de validade? Entenda!\" \/>\n<meta property=\"og:description\" content=\"Voc\u00ea sabia que a carteira da OAB tem prazo de validade? O certificado de aprova\u00e7\u00e3o tem validade indeterminada, sendo assim, n\u00e3o expira!\" \/>\n<meta property=\"og:url\" content=\"https:\/\/oab.estrategia.com\/portal\/carteira-da-oab-tem-prazo-de-validade\/\" \/>\n<meta property=\"og:site_name\" content=\"Blog - OAB - Estrat\u00e9gia\" \/>\n<meta property=\"article:publisher\" content=\"https:\/\/www.facebook.com\/estrategiaoab\/\" \/>\n<meta property=\"article:published_time\" content=\"2025-02-24T17:29:08+00:00\" \/>\n<meta property=\"article:modified_time\" content=\"2025-02-26T21:27:17+00:00\" \/>\n<meta property=\"og:image\" content=\"https:\/\/oab.estrategia.com\/portal\/portal\/wp-content\/uploads\/2025\/01\/09213712\/carteira_oab.jpeg\" \/>\n\t<meta property=\"og:image:width\" content=\"2400\" \/>\n\t<meta property=\"og:image:height\" content=\"1768\" \/>\n\t<meta property=\"og:image:type\" content=\"image\/jpeg\" \/>\n<meta name=\"author\" content=\"Priscila Bonomi\" \/>\n<meta name=\"twitter:card\" content=\"summary_large_image\" \/>\n<meta name=\"twitter:creator\" content=\"@estrategiaoab\" \/>\n<meta name=\"twitter:site\" content=\"@estrategiaoab\" \/>\n<meta name=\"twitter:label1\" content=\"Escrito por\" \/>\n\t<meta name=\"twitter:data1\" content=\"Priscila Bonomi\" \/>\n\t<meta name=\"twitter:label2\" content=\"Est. tempo de leitura\" \/>\n\t<meta name=\"twitter:data2\" content=\"5 minutos\" \/>\n<script type=\"application\/ld+json\" class=\"yoast-schema-graph\">{\"@context\":\"https:\\\/\\\/schema.org\",\"@graph\":[{\"@type\":\"Article\",\"@id\":\"https:\\\/\\\/oab.estrategia.com\\\/portal\\\/carteira-da-oab-tem-prazo-de-validade\\\/#article\",\"isPartOf\":{\"@id\":\"https:\\\/\\\/oab.estrategia.com\\\/portal\\\/carteira-da-oab-tem-prazo-de-validade\\\/\"},\"author\":{\"name\":\"Priscila Bonomi\",\"@id\":\"https:\\\/\\\/oab.estrategia.com\\\/portal\\\/#\\\/schema\\\/person\\\/74fa7e131ce7fd0199e3ef003d93dd2a\"},\"headline\":\"A carteira da OAB tem prazo de validade? Entenda!\",\"datePublished\":\"2025-02-24T17:29:08+00:00\",\"dateModified\":\"2025-02-26T21:27:17+00:00\",\"mainEntityOfPage\":{\"@id\":\"https:\\\/\\\/oab.estrategia.com\\\/portal\\\/carteira-da-oab-tem-prazo-de-validade\\\/\"},\"wordCount\":448,\"commentCount\":0,\"publisher\":{\"@id\":\"https:\\\/\\\/oab.estrategia.com\\\/portal\\\/#organization\"},\"image\":{\"@id\":\"https:\\\/\\\/oab.estrategia.com\\\/portal\\\/carteira-da-oab-tem-prazo-de-validade\\\/#primaryimage\"},\"thumbnailUrl\":\"https:\\\/\\\/oab.estrategia.com\\\/portal\\\/wp-content\\\/uploads\\\/2025\\\/01\\\/09213712\\\/carteira_oab.jpeg\",\"articleSection\":[\"1\u00aa Fase OAB\",\"2\u00aa Fase OAB\",\"Advocacia\",\"Dicas OAB\"],\"inLanguage\":\"pt-BR\",\"potentialAction\":[{\"@type\":\"CommentAction\",\"name\":\"Comment\",\"target\":[\"https:\\\/\\\/oab.estrategia.com\\\/portal\\\/carteira-da-oab-tem-prazo-de-validade\\\/#respond\"]}]},{\"@type\":\"WebPage\",\"@id\":\"https:\\\/\\\/oab.estrategia.com\\\/portal\\\/carteira-da-oab-tem-prazo-de-validade\\\/\",\"url\":\"https:\\\/\\\/oab.estrategia.com\\\/portal\\\/carteira-da-oab-tem-prazo-de-validade\\\/\",\"name\":\"A carteira da OAB tem prazo de validade? Entenda!\",\"isPartOf\":{\"@id\":\"https:\\\/\\\/oab.estrategia.com\\\/portal\\\/#website\"},\"primaryImageOfPage\":{\"@id\":\"https:\\\/\\\/oab.estrategia.com\\\/portal\\\/carteira-da-oab-tem-prazo-de-validade\\\/#primaryimage\"},\"image\":{\"@id\":\"https:\\\/\\\/oab.estrategia.com\\\/portal\\\/carteira-da-oab-tem-prazo-de-validade\\\/#primaryimage\"},\"thumbnailUrl\":\"https:\\\/\\\/oab.estrategia.com\\\/portal\\\/wp-content\\\/uploads\\\/2025\\\/01\\\/09213712\\\/carteira_oab.jpeg\",\"datePublished\":\"2025-02-24T17:29:08+00:00\",\"dateModified\":\"2025-02-26T21:27:17+00:00\",\"description\":\"Voc\u00ea sabia que a carteira da OAB tem prazo de validade? O certificado de aprova\u00e7\u00e3o tem validade indeterminada, sendo assim, n\u00e3o expira!\",\"breadcrumb\":{\"@id\":\"https:\\\/\\\/oab.estrategia.com\\\/portal\\\/carteira-da-oab-tem-prazo-de-validade\\\/#breadcrumb\"},\"inLanguage\":\"pt-BR\",\"potentialAction\":[{\"@type\":\"ReadAction\",\"target\":[\"https:\\\/\\\/oab.estrategia.com\\\/portal\\\/carteira-da-oab-tem-prazo-de-validade\\\/\"]}]},{\"@type\":\"ImageObject\",\"inLanguage\":\"pt-BR\",\"@id\":\"https:\\\/\\\/oab.estrategia.com\\\/portal\\\/carteira-da-oab-tem-prazo-de-validade\\\/#primaryimage\",\"url\":\"https:\\\/\\\/oab.estrategia.com\\\/portal\\\/wp-content\\\/uploads\\\/2025\\\/01\\\/09213712\\\/carteira_oab.jpeg\",\"contentUrl\":\"https:\\\/\\\/oab.estrategia.com\\\/portal\\\/wp-content\\\/uploads\\\/2025\\\/01\\\/09213712\\\/carteira_oab.jpeg\",\"width\":2400,\"height\":1768,\"caption\":\"Foto: OAB SP\\\/Divulga\u00e7\u00e3o.\"},{\"@type\":\"BreadcrumbList\",\"@id\":\"https:\\\/\\\/oab.estrategia.com\\\/portal\\\/carteira-da-oab-tem-prazo-de-validade\\\/#breadcrumb\",\"itemListElement\":[{\"@type\":\"ListItem\",\"position\":1,\"name\":\"In\u00edcio\",\"item\":\"https:\\\/\\\/oab.estrategia.com\\\/portal\\\/\"},{\"@type\":\"ListItem\",\"position\":2,\"name\":\"A carteira da OAB tem prazo de validade? Entenda!\"}]},{\"@type\":\"WebSite\",\"@id\":\"https:\\\/\\\/oab.estrategia.com\\\/portal\\\/#website\",\"url\":\"https:\\\/\\\/oab.estrategia.com\\\/portal\\\/\",\"name\":\"Blog - OAB - Estrat\u00e9gia\",\"description\":\"Blog OAB - Estrat\u00e9gia Concursos\",\"publisher\":{\"@id\":\"https:\\\/\\\/oab.estrategia.com\\\/portal\\\/#organization\"},\"potentialAction\":[{\"@type\":\"SearchAction\",\"target\":{\"@type\":\"EntryPoint\",\"urlTemplate\":\"https:\\\/\\\/oab.estrategia.com\\\/portal\\\/?s={search_term_string}\"},\"query-input\":{\"@type\":\"PropertyValueSpecification\",\"valueRequired\":true,\"valueName\":\"search_term_string\"}}],\"inLanguage\":\"pt-BR\"},{\"@type\":\"Organization\",\"@id\":\"https:\\\/\\\/oab.estrategia.com\\\/portal\\\/#organization\",\"name\":\"Estrat\u00e9gia Concursos\",\"url\":\"https:\\\/\\\/oab.estrategia.com\\\/portal\\\/\",\"logo\":{\"@type\":\"ImageObject\",\"inLanguage\":\"pt-BR\",\"@id\":\"https:\\\/\\\/oab.estrategia.com\\\/portal\\\/#\\\/schema\\\/logo\\\/image\\\/\",\"url\":\"https:\\\/\\\/oab.estrategia.com\\\/portal\\\/wp-content\\\/uploads\\\/2022\\\/04\\\/06103601\\\/oab-icone-2.png\",\"contentUrl\":\"https:\\\/\\\/oab.estrategia.com\\\/portal\\\/wp-content\\\/uploads\\\/2022\\\/04\\\/06103601\\\/oab-icone-2.png\",\"width\":900,\"height\":900,\"caption\":\"Estrat\u00e9gia Concursos\"},\"image\":{\"@id\":\"https:\\\/\\\/oab.estrategia.com\\\/portal\\\/#\\\/schema\\\/logo\\\/image\\\/\"},\"sameAs\":[\"https:\\\/\\\/www.facebook.com\\\/estrategiaoab\\\/\",\"https:\\\/\\\/x.com\\\/estrategiaoab\",\"https:\\\/\\\/www.instagram.com\\\/estrategiaoab\\\/\",\"https:\\\/\\\/www.youtube.com\\\/EstrategiaOAB\"]},{\"@type\":\"Person\",\"@id\":\"https:\\\/\\\/oab.estrategia.com\\\/portal\\\/#\\\/schema\\\/person\\\/74fa7e131ce7fd0199e3ef003d93dd2a\",\"name\":\"Priscila Bonomi\",\"image\":{\"@type\":\"ImageObject\",\"inLanguage\":\"pt-BR\",\"@id\":\"https:\\\/\\\/oab.estrategia.com\\\/portal\\\/wp-content\\\/uploads\\\/2025\\\/05\\\/05144855\\\/Imagem-do-WhatsApp-de-2025-05-05-as-14.47.57_b98168e4-96x96.jpg\",\"url\":\"https:\\\/\\\/oab.estrategia.com\\\/portal\\\/wp-content\\\/uploads\\\/2025\\\/05\\\/05144855\\\/Imagem-do-WhatsApp-de-2025-05-05-as-14.47.57_b98168e4-96x96.jpg\",\"contentUrl\":\"https:\\\/\\\/oab.estrategia.com\\\/portal\\\/wp-content\\\/uploads\\\/2025\\\/05\\\/05144855\\\/Imagem-do-WhatsApp-de-2025-05-05-as-14.47.57_b98168e4-96x96.jpg\",\"caption\":\"Priscila Bonomi\"},\"url\":\"https:\\\/\\\/oab.estrategia.com\\\/portal\\\/author\\\/priscila-bonomi\\\/\"}]}<\/script>\n<!-- \/ Yoast SEO Premium plugin. -->","yoast_head_json":{"title":"A carteira da OAB tem prazo de validade? Entenda!","description":"Voc\u00ea sabia que a carteira da OAB tem prazo de validade? O certificado de aprova\u00e7\u00e3o tem validade indeterminada, sendo assim, n\u00e3o expira!","robots":{"index":"index","follow":"follow","max-snippet":"max-snippet:-1","max-image-preview":"max-image-preview:large","max-video-preview":"max-video-preview:-1"},"canonical":"https:\/\/oab.estrategia.com\/portal\/carteira-da-oab-tem-prazo-de-validade\/","og_locale":"pt_BR","og_type":"article","og_title":"A carteira da OAB tem prazo de validade? Entenda!","og_description":"Voc\u00ea sabia que a carteira da OAB tem prazo de validade? O certificado de aprova\u00e7\u00e3o tem validade indeterminada, sendo assim, n\u00e3o expira!","og_url":"https:\/\/oab.estrategia.com\/portal\/carteira-da-oab-tem-prazo-de-validade\/","og_site_name":"Blog - OAB - Estrat\u00e9gia","article_publisher":"https:\/\/www.facebook.com\/estrategiaoab\/","article_published_time":"2025-02-24T17:29:08+00:00","article_modified_time":"2025-02-26T21:27:17+00:00","og_image":[{"width":2400,"height":1768,"url":"https:\/\/oab.estrategia.com\/portal\/portal\/wp-content\/uploads\/2025\/01\/09213712\/carteira_oab.jpeg","type":"image\/jpeg"}],"author":"Priscila Bonomi","twitter_card":"summary_large_image","twitter_creator":"@estrategiaoab","twitter_site":"@estrategiaoab","twitter_misc":{"Escrito por":"Priscila Bonomi","Est. tempo de leitura":"5 minutos"},"schema":{"@context":"https:\/\/schema.org","@graph":[{"@type":"Article","@id":"https:\/\/oab.estrategia.com\/portal\/carteira-da-oab-tem-prazo-de-validade\/#article","isPartOf":{"@id":"https:\/\/oab.estrategia.com\/portal\/carteira-da-oab-tem-prazo-de-validade\/"},"author":{"name":"Priscila Bonomi","@id":"https:\/\/oab.estrategia.com\/portal\/#\/schema\/person\/74fa7e131ce7fd0199e3ef003d93dd2a"},"headline":"A carteira da OAB tem prazo de validade? Entenda!","datePublished":"2025-02-24T17:29:08+00:00","dateModified":"2025-02-26T21:27:17+00:00","mainEntityOfPage":{"@id":"https:\/\/oab.estrategia.com\/portal\/carteira-da-oab-tem-prazo-de-validade\/"},"wordCount":448,"commentCount":0,"publisher":{"@id":"https:\/\/oab.estrategia.com\/portal\/#organization"},"image":{"@id":"https:\/\/oab.estrategia.com\/portal\/carteira-da-oab-tem-prazo-de-validade\/#primaryimage"},"thumbnailUrl":"https:\/\/oab.estrategia.com\/portal\/wp-content\/uploads\/2025\/01\/09213712\/carteira_oab.jpeg","articleSection":["1\u00aa Fase OAB","2\u00aa Fase OAB","Advocacia","Dicas OAB"],"inLanguage":"pt-BR","potentialAction":[{"@type":"CommentAction","name":"Comment","target":["https:\/\/oab.estrategia.com\/portal\/carteira-da-oab-tem-prazo-de-validade\/#respond"]}]},{"@type":"WebPage","@id":"https:\/\/oab.estrategia.com\/portal\/carteira-da-oab-tem-prazo-de-validade\/","url":"https:\/\/oab.estrategia.com\/portal\/carteira-da-oab-tem-prazo-de-validade\/","name":"A carteira da OAB tem prazo de validade? Entenda!","isPartOf":{"@id":"https:\/\/oab.estrategia.com\/portal\/#website"},"primaryImageOfPage":{"@id":"https:\/\/oab.estrategia.com\/portal\/carteira-da-oab-tem-prazo-de-validade\/#primaryimage"},"image":{"@id":"https:\/\/oab.estrategia.com\/portal\/carteira-da-oab-tem-prazo-de-validade\/#primaryimage"},"thumbnailUrl":"https:\/\/oab.estrategia.com\/portal\/wp-content\/uploads\/2025\/01\/09213712\/carteira_oab.jpeg","datePublished":"2025-02-24T17:29:08+00:00","dateModified":"2025-02-26T21:27:17+00:00","description":"Voc\u00ea sabia que a carteira da OAB tem prazo de validade? O certificado de aprova\u00e7\u00e3o tem validade indeterminada, sendo assim, n\u00e3o expira!","breadcrumb":{"@id":"https:\/\/oab.estrategia.com\/portal\/carteira-da-oab-tem-prazo-de-validade\/#breadcrumb"},"inLanguage":"pt-BR","potentialAction":[{"@type":"ReadAction","target":["https:\/\/oab.estrategia.com\/portal\/carteira-da-oab-tem-prazo-de-validade\/"]}]},{"@type":"ImageObject","inLanguage":"pt-BR","@id":"https:\/\/oab.estrategia.com\/portal\/carteira-da-oab-tem-prazo-de-validade\/#primaryimage","url":"https:\/\/oab.estrategia.com\/portal\/wp-content\/uploads\/2025\/01\/09213712\/carteira_oab.jpeg","contentUrl":"https:\/\/oab.estrategia.com\/portal\/wp-content\/uploads\/2025\/01\/09213712\/carteira_oab.jpeg","width":2400,"height":1768,"caption":"Foto: OAB SP\/Divulga\u00e7\u00e3o."},{"@type":"BreadcrumbList","@id":"https:\/\/oab.estrategia.com\/portal\/carteira-da-oab-tem-prazo-de-validade\/#breadcrumb","itemListElement":[{"@type":"ListItem","position":1,"name":"In\u00edcio","item":"https:\/\/oab.estrategia.com\/portal\/"},{"@type":"ListItem","position":2,"name":"A carteira da OAB tem prazo de validade? Entenda!"}]},{"@type":"WebSite","@id":"https:\/\/oab.estrategia.com\/portal\/#website","url":"https:\/\/oab.estrategia.com\/portal\/","name":"Blog - OAB - Estrat\u00e9gia","description":"Blog OAB - Estrat\u00e9gia Concursos","publisher":{"@id":"https:\/\/oab.estrategia.com\/portal\/#organization"},"potentialAction":[{"@type":"SearchAction","target":{"@type":"EntryPoint","urlTemplate":"https:\/\/oab.estrategia.com\/portal\/?s={search_term_string}"},"query-input":{"@type":"PropertyValueSpecification","valueRequired":true,"valueName":"search_term_string"}}],"inLanguage":"pt-BR"},{"@type":"Organization","@id":"https:\/\/oab.estrategia.com\/portal\/#organization","name":"Estrat\u00e9gia Concursos","url":"https:\/\/oab.estrategia.com\/portal\/","logo":{"@type":"ImageObject","inLanguage":"pt-BR","@id":"https:\/\/oab.estrategia.com\/portal\/#\/schema\/logo\/image\/","url":"https:\/\/oab.estrategia.com\/portal\/wp-content\/uploads\/2022\/04\/06103601\/oab-icone-2.png","contentUrl":"https:\/\/oab.estrategia.com\/portal\/wp-content\/uploads\/2022\/04\/06103601\/oab-icone-2.png","width":900,"height":900,"caption":"Estrat\u00e9gia Concursos"},"image":{"@id":"https:\/\/oab.estrategia.com\/portal\/#\/schema\/logo\/image\/"},"sameAs":["https:\/\/www.facebook.com\/estrategiaoab\/","https:\/\/x.com\/estrategiaoab","https:\/\/www.instagram.com\/estrategiaoab\/","https:\/\/www.youtube.com\/EstrategiaOAB"]},{"@type":"Person","@id":"https:\/\/oab.estrategia.com\/portal\/#\/schema\/person\/74fa7e131ce7fd0199e3ef003d93dd2a","name":"Priscila Bonomi","image":{"@type":"ImageObject","inLanguage":"pt-BR","@id":"https:\/\/oab.estrategia.com\/portal\/wp-content\/uploads\/2025\/05\/05144855\/Imagem-do-WhatsApp-de-2025-05-05-as-14.47.57_b98168e4-96x96.jpg","url":"https:\/\/oab.estrategia.com\/portal\/wp-content\/uploads\/2025\/05\/05144855\/Imagem-do-WhatsApp-de-2025-05-05-as-14.47.57_b98168e4-96x96.jpg","contentUrl":"https:\/\/oab.estrategia.com\/portal\/wp-content\/uploads\/2025\/05\/05144855\/Imagem-do-WhatsApp-de-2025-05-05-as-14.47.57_b98168e4-96x96.jpg","caption":"Priscila Bonomi"},"url":"https:\/\/oab.estrategia.com\/portal\/author\/priscila-bonomi\/"}]}},"jetpack_featured_media_url":"https:\/\/oab.estrategia.com\/portal\/wp-content\/uploads\/2025\/01\/09213712\/carteira_oab.jpeg","jetpack_sharing_enabled":true,"_links":{"self":[{"href":"https:\/\/oab.estrategia.com\/portal\/wp-json\/wp\/v2\/posts\/16033","targetHints":{"allow":["GET"]}}],"collection":[{"href":"https:\/\/oab.estrategia.com\/portal\/wp-json\/wp\/v2\/posts"}],"about":[{"href":"https:\/\/oab.estrategia.com\/portal\/wp-json\/wp\/v2\/types\/post"}],"author":[{"embeddable":true,"href":"https:\/\/oab.estrategia.com\/portal\/wp-json\/wp\/v2\/users\/117"}],"replies":[{"embeddable":true,"href":"https:\/\/oab.estrategia.com\/portal\/wp-json\/wp\/v2\/comments?post=16033"}],"version-history":[{"count":15,"href":"https:\/\/oab.estrategia.com\/portal\/wp-json\/wp\/v2\/posts\/16033\/revisions"}],"predecessor-version":[{"id":16145,"href":"https:\/\/oab.estrategia.com\/portal\/wp-json\/wp\/v2\/posts\/16033\/revisions\/16145"}],"wp:featuredmedia":[{"embeddable":true,"href":"https:\/\/oab.estrategia.com\/portal\/wp-json\/wp\/v2\/media\/14935"}],"wp:attachment":[{"href":"https:\/\/oab.estrategia.com\/portal\/wp-json\/wp\/v2\/media?parent=16033"}],"wp:term":[{"taxonomy":"category","embeddable":true,"href":"https:\/\/oab.estrategia.com\/portal\/wp-json\/wp\/v2\/categories?post=16033"},{"taxonomy":"post_tag","embeddable":true,"href":"https:\/\/oab.estrategia.com\/portal\/wp-json\/wp\/v2\/tags?post=16033"}],"curies":[{"name":"wp","href":"https:\/\/api.w.org\/{rel}","templated":true}]}}