{"id":16334,"date":"2025-03-04T23:42:17","date_gmt":"2025-03-05T02:42:17","guid":{"rendered":"https:\/\/oab.estrategia.com\/portal\/?p=16334"},"modified":"2025-09-04T14:29:37","modified_gmt":"2025-09-04T17:29:37","slug":"chute-consciente-acertar-questoes-oab","status":"publish","type":"post","link":"https:\/\/oab.estrategia.com\/portal\/chute-consciente-acertar-questoes-oab\/","title":{"rendered":"Chute Consciente: \u00c9 poss\u00edvel acertar quest\u00f5es na 1\u00aa Fase da OAB sem dominar todos os assuntos cobrados?"},"content":{"rendered":"\n<p><em>Descubra como o chute consciente pode aumentar suas chances de acerto na 1\u00aa fase da OAB, mesmo sem dominar todos os assuntos. Estrat\u00e9gias inteligentes para melhorar seu desempenho na prova!<\/em><\/p>\n\n\n\n<p><strong><em>Professora Bruna Vieira<br><\/em><\/strong><\/p>\n\n\n\n<figure class=\"wp-block-image size-full\"><img decoding=\"async\" width=\"615\" height=\"300\" src=\"https:\/\/oab.estrategia.com\/portal\/wp-content\/uploads\/2025\/03\/04233044\/chute.jpg\" alt=\"Chute Consciente\" class=\"wp-image-16351\" srcset=\"https:\/\/oab.estrategia.com\/portal\/wp-content\/uploads\/2025\/03\/04233044\/chute.jpg 615w, https:\/\/oab.estrategia.com\/portal\/wp-content\/uploads\/2025\/03\/04233044\/chute-300x146.jpg 300w, https:\/\/oab.estrategia.com\/portal\/wp-content\/uploads\/2025\/03\/04233044\/chute-380x185.jpg 380w, https:\/\/oab.estrategia.com\/portal\/wp-content\/uploads\/2025\/03\/04233044\/chute-150x73.jpg 150w\" sizes=\"(max-width: 615px) 100vw, 615px\" \/><\/figure>\n\n\n\n<h2 class=\"wp-block-heading\" id=\"h-introducao\" style=\"font-style:normal;font-weight:400\"><span id=\"introducao\"><strong>Introdu\u00e7\u00e3o<\/strong><\/span><\/h2>\n\n\n\n<p>Sem d\u00favidas sim. \u00c9 sabido que o atual conte\u00fado exigido nas provas de 1\u00aa fase do Exame de Ordem \u00e9 extremamente abrangente. Por outro lado, tamb\u00e9m \u00e9 evidente que a maior parte dos aprovados, no momento da sua aprova\u00e7\u00e3o, n\u00e3o dominava todos os temas abordados na prova. Isso significa que de fato \u00e9 poss\u00edvel acertar diversas quest\u00f5es, ainda que n\u00e3o haja a expertise em todos os assuntos cobrados.&nbsp;<\/p>\n\n\n\n<p>Para tanto, h\u00e1 t\u00e9cnicas estrat\u00e9gicas, conhecidas como <strong><mark style=\"background-color:rgba(0, 0, 0, 0)\" class=\"has-inline-color has-vivid-red-color\">t\u00e9cnicas de acerto por exclus\u00e3o<\/mark><\/strong> ou de <em>\u201cchute consciente\u201d<\/em> que, quando corretamente aplicadas, levam ao acerto de muitas quest\u00f5es tidas como perdidas.<\/p>\n\n\n\n<p>\u00c9 claro que tais t\u00e9cnicas <strong><mark style=\"background-color:rgba(0, 0, 0, 0)\" class=\"has-inline-color has-vivid-red-color\">n\u00e3o substituem o estudo planejado e organizado das disciplinas<\/mark><\/strong>, em especial, dos temas recorrentes em cada uma das 20 mat\u00e9rias exigidas na primeira fase. As t\u00e9cnicas complementam o trabalho de base que envolve, ao menos, 5 pilares: planejamento, leitura da lei \u201cseca&#8221;, resolu\u00e7\u00e3o de quest\u00f5es, revis\u00e3o e intelig\u00eancia emocional.&nbsp;<\/p>\n\n\n\n<p>Embora jamais substituam o estudo, as t\u00e9cnicas de acerto por exclus\u00e3o (ou de \u201cchute consciente\u201d) contribu\u00edram para a aprova\u00e7\u00e3o de milhares de alunos que, antes de conhec\u00ea-las e aplic\u00e1-las, por diversas vezes foram reprovados por duas ou tr\u00eas quest\u00f5es. Se voc\u00ea j\u00e1 passou por isso, continue a leitura, pois esse texto foi escrito para voc\u00ea.<\/p>\n\n\n\n<h2 class=\"wp-block-heading\" id=\"h-primeira-tecnica-afirmacoes-generalizantes\" style=\"font-style:normal;font-weight:400\"><span id=\"primeira-tecnica-afirmacoes-generalizantes\"><strong>Primeira t\u00e9cnica (afirma\u00e7\u00f5es generalizantes)<\/strong><\/span><\/h2>\n\n\n\n<p>Uma das mais relevantes e com aplicabilidade em diversas quest\u00f5es, \u00e9 a conhecida t\u00e9cnica das afirma\u00e7\u00f5es generalizantes. Segundo a t\u00e9cnica:<\/p>\n\n\n\n<div class=\"wp-block-group is-style-cnvs-block-bg-light has-background\" style=\"background-color:#fff20030\"><div class=\"wp-block-group__inner-container is-layout-constrained wp-block-group-is-layout-constrained\">\n<p class=\"has-text-align-center\"><mark style=\"background-color:rgba(0, 0, 0, 0)\" class=\"has-inline-color has-vivid-red-color\"> \u201c<strong>afirma\u00e7\u00f5es generalizantes tendem a tornar a alternativa errada\u201d<\/strong>.&nbsp;<\/mark><\/p>\n<\/div><\/div>\n\n\n\n<h4 class=\"wp-block-heading\" id=\"h-mas-o-que-sao-afirmacoes-generalizantes\" style=\"font-style:normal;font-weight:400\"><span id=\"mas-o-que-sao-afirmacoes-generalizantes\"><strong>Mas o que s\u00e3o \u201cafirma\u00e7\u00f5es generalizantes\u201d? <\/strong><\/span><\/h4>\n\n\n\n<p>As afirma\u00e7\u00f5es generalizantes visam aplicar uma regra ou um princ\u00edpio a um conjunto de casos, abstraindo informa\u00e7\u00f5es espec\u00edficas.&nbsp;<\/p>\n\n\n\n<p>H\u00e1 palavras espec\u00edficas capazes de contribuir para a identifica\u00e7\u00e3o dessas afirma\u00e7\u00f5es nas quest\u00f5es e alternativas? Sim. H\u00e1 diversas palavras consideradas generalizantes e que muitas vezes tornam as alternativas erradas. <\/p>\n\n\n\n<div class=\"wp-block-group is-style-cnvs-block-bordered\"><div class=\"wp-block-group__inner-container is-layout-constrained wp-block-group-is-layout-constrained\">\n<div class=\"wp-block-media-text\" style=\"grid-template-columns:16% auto\"><figure class=\"wp-block-media-text__media\"><img decoding=\"async\" width=\"391\" height=\"547\" src=\"https:\/\/oab.estrategia.com\/portal\/wp-content\/uploads\/2024\/10\/11142237\/391-547-max.png\" alt=\"\" class=\"wp-image-13400 size-full\" srcset=\"https:\/\/oab.estrategia.com\/portal\/wp-content\/uploads\/2024\/10\/11142237\/391-547-max.png 391w, https:\/\/oab.estrategia.com\/portal\/wp-content\/uploads\/2024\/10\/11142237\/391-547-max-214x300.png 214w, https:\/\/oab.estrategia.com\/portal\/wp-content\/uploads\/2024\/10\/11142237\/391-547-max-380x532.png 380w, https:\/\/oab.estrategia.com\/portal\/wp-content\/uploads\/2024\/10\/11142237\/391-547-max-150x210.png 150w\" sizes=\"(max-width: 391px) 100vw, 391px\" \/><\/figure><div class=\"wp-block-media-text__content\">\n<p>Por exemplo: <strong>sempre, nunca, qualquer, absolutamente, apenas, s\u00f3, somente, jamais, imposs\u00edvel, todos, exclusiva, exclusivamente, tudo, total, totalmente, pleno, plenamente, completo, completamente, incondicional, incondicionalmente, simplesmente, puramente, integral, integralmente, definitivamente, nenhum, ningu\u00e9m, sem exce\u00e7\u00f5es etc.<\/strong><\/p>\n<\/div><\/div>\n<\/div><\/div>\n\n\n\n<p>Assim, se voc\u00ea se deparar com uma quest\u00e3o que, apesar de ter tentado intensamente buscar a resposta na mem\u00f3ria, n\u00e3o conseguir responder e as alternativas dessa quest\u00e3o trouxerem as chamadas \u201cafirma\u00e7\u00f5es generalizantes\u201d, a utiliza\u00e7\u00e3o da t\u00e9cnica pode lhe ajudar.<\/p>\n\n\n\n<p>\u00c9 poss\u00edvel, por exemplo, excluir as alternativas que contenham as \u201cafirma\u00e7\u00f5es generalizantes\u201d, pois elas tendem a estar erradas. Veja, n\u00e3o \u00e9 uma regra absoluta, \u00e9 claro que h\u00e1 exce\u00e7\u00f5es. Ali\u00e1s, no direito \u201ctoda regra tem exce\u00e7\u00e3o\u201d, mas estatisticamente h\u00e1 muito mais alternativas com afirma\u00e7\u00f5es generalizantes erradas que corretas. De modo que, com essa informa\u00e7\u00e3o, o \u201cchute consciente\u201d pode fazer com que acerte algo que voc\u00ea ainda n\u00e3o domina.&nbsp;<\/p>\n\n\n\n<h2 class=\"wp-block-heading\" id=\"h-aplicacao-no-exame-de-ordem\" style=\"font-style:normal;font-weight:400\"><span id=\"aplicacao-no-exame-de-ordem\"><strong>Aplica\u00e7\u00e3o no Exame de Ordem<\/strong><\/span><\/h2>\n\n\n\n<p>Acompanhe um exemplo recente em que aqueles que n\u00e3o sabiam responder por meio do conte\u00fado acumulado, mas que conheciam a t\u00e9cnica das afirma\u00e7\u00f5es generalizantes (elas tendem a tornar a alternativa errada) conseguiram acertar:<\/p>\n\n\n\n<div class=\"wp-block-group\"><div class=\"wp-block-group__inner-container is-layout-constrained wp-block-group-is-layout-constrained\">\n<div class=\"wp-block-group is-style-cnvs-block-bordered\"><div class=\"wp-block-group__inner-container is-layout-constrained wp-block-group-is-layout-constrained\">\n<p><mark style=\"background-color:#fdc5c5\" class=\"has-inline-color has-black-color\"><strong>(Exame OAB XLI)<\/strong> <\/mark> Pedro e Vitor trabalham na mesma sociedade empres\u00e1ria. Em 2023, Pedro foi convocado para prestar servi\u00e7o militar obrigat\u00f3rio e Vitor sofreu um grave acidente de trabalho, que exigiu seu afastamento do emprego por um ano. Sobre o tempo de servi\u00e7o dos dois empregados, considerando os fatos narrados e o que disp\u00f5e a CLT, assinale a afirmativa correta por erro no parcelamento com o cart\u00e3o de cr\u00e9dito.<\/p>\n\n\n\n<p>a) Ambos os empregados ter\u00e3o computado o tempo de afastamento na contagem de tempo de servi\u00e7o para efeito de indeniza\u00e7\u00e3o.<\/p>\n\n\n\n<p>b) <strong><mark style=\"background-color:rgba(0, 0, 0, 0)\" class=\"has-inline-color has-vivid-red-color\">Somente<\/mark><\/strong> Pedro ter\u00e1 computado o tempo de servi\u00e7o militar na contagem de tempo de servi\u00e7o para efeito de indeniza\u00e7\u00e3o.<\/p>\n\n\n\n<p>c) <strong><mark style=\"background-color:rgba(0, 0, 0, 0)\" class=\"has-inline-color has-vivid-red-color\">Nenhum<\/mark><\/strong> dos empregados ter\u00e1 computado o tempo de afastamento na contagem de tempo de servi\u00e7o para efeito de indeniza\u00e7\u00e3o.<\/p>\n\n\n\n<p>d) <strong><mark style=\"background-color:rgba(0, 0, 0, 0)\" class=\"has-inline-color has-vivid-red-color\">Apenas<\/mark><\/strong> Vitor ter\u00e1 computado o tempo de servi\u00e7o militar na contagem de tempo de servi\u00e7o para efeito de indeniza\u00e7\u00e3o.<\/p>\n\n\n\n<p><strong>Gabarito: Letra A<\/strong><\/p>\n\n\n\n<p><strong><\/strong>A \u00fanica alternativa que n\u00e3o trazia uma \u201cafirma\u00e7\u00e3o generalizante\u201d (letra A) foi justamente a alternativa considerada correta no gabarito oficial.<\/p>\n<\/div><\/div>\n<\/div><\/div>\n\n\n\n<p>H\u00e1 outro exemplo, at\u00e9 para verificarem que n\u00e3o importa a mat\u00e9ria da quest\u00e3o, mas sim a presen\u00e7a ou n\u00e3o de afirma\u00e7\u00f5es generalizantes.<\/p>\n\n\n\n<div class=\"wp-block-group\"><div class=\"wp-block-group__inner-container is-layout-constrained wp-block-group-is-layout-constrained\">\n<div class=\"wp-block-group is-style-cnvs-block-bordered\"><div class=\"wp-block-group__inner-container is-layout-constrained wp-block-group-is-layout-constrained\">\n<p><strong><mark style=\"background-color:#fdc5c5\" class=\"has-inline-color\">(Exame OAB XXXVI)<\/mark><\/strong> Ant\u00f4nio foi condenado em definitivo pela pr\u00e1tica de diversos crimes em concurso material. Al\u00e9m da priva\u00e7\u00e3o da liberdade, tamb\u00e9m foi condenado, cumulativamente, \u00e0 pena de multa e \u00e0 obriga\u00e7\u00e3o de ressarcir os danos causados \u00e0s v\u00edtimas das pr\u00e1ticas criminosas.<\/p>\n\n\n\n<p>Em caso de falecimento de Ant\u00f4nio, com base no texto constitucional, \u00e9 correto afirmar que,<\/p>\n\n\n\n<p>a) \u00e0 exce\u00e7\u00e3o das penas privativas de liberdade, todas as demais podem ser estendidas aos sucessores de Ant\u00f4nio at\u00e9 o limite do valor do patrim\u00f4nio transferido.<\/p>\n\n\n\n<p>b) pelo princ\u00edpio da intransmissibilidade da pena, nenhuma das obriga\u00e7\u00f5es ou penas decorrentes da pr\u00e1tica criminosa pode ser transferida aos sucessores de Ant\u00f4nio.<\/p>\n\n\n\n<p>c) apenas a pena de multa e obriga\u00e7\u00f5es de cunho patrimonial podem ser estendidas aos sucessores de Ant\u00f4nio at\u00e9 o limite do valor do patrim\u00f4nio transferido.<\/p>\n\n\n\n<p>d) a obriga\u00e7\u00e3o de reparar os danos causados \u00e0s v\u00edtimas pode ser estendida aos sucessores de Ant\u00f4nio e contra eles executada at\u00e9 o limite do valor do patrim\u00f4nio transferido.<\/p>\n\n\n\n<p><strong>Gabarito: Letra D<\/strong><\/p>\n\n\n\n<p>Mais uma vez, a alternativa correta (letra D) foi a \u00fanica que n\u00e3o trouxe afirma\u00e7\u00e3o generalizante.<\/p>\n<\/div><\/div>\n<\/div><\/div>\n\n\n\n<div class=\"wp-block-media-text has-background\" style=\"background-color:#ffc21b30;grid-template-columns:20% auto\"><figure class=\"wp-block-media-text__media\"><img decoding=\"async\" width=\"391\" height=\"547\" src=\"https:\/\/oab.estrategia.com\/portal\/wp-content\/uploads\/2024\/10\/11142237\/391-547-max.png\" alt=\"\" class=\"wp-image-13400 size-full\" srcset=\"https:\/\/oab.estrategia.com\/portal\/wp-content\/uploads\/2024\/10\/11142237\/391-547-max.png 391w, https:\/\/oab.estrategia.com\/portal\/wp-content\/uploads\/2024\/10\/11142237\/391-547-max-214x300.png 214w, https:\/\/oab.estrategia.com\/portal\/wp-content\/uploads\/2024\/10\/11142237\/391-547-max-380x532.png 380w, https:\/\/oab.estrategia.com\/portal\/wp-content\/uploads\/2024\/10\/11142237\/391-547-max-150x210.png 150w\" sizes=\"(max-width: 391px) 100vw, 391px\" \/><\/figure><div class=\"wp-block-media-text__content\">\n<p><strong><mark style=\"background-color:rgba(0, 0, 0, 0)\" class=\"has-inline-color has-vivid-red-color\">Mas, aten\u00e7\u00e3o:<\/mark><\/strong> as t\u00e9cnicas s\u00f3 podem ser utilizadas em quest\u00f5es em que realmente n\u00e3o se conseguiu resolver com base no conte\u00fado acumulado. E, al\u00e9m disso, \u00e9 recomendada a sua utiliza\u00e7\u00e3o para, no m\u00e1ximo, 10 por cento da sua prova, ou seja, em at\u00e9 8 quest\u00f5es, justamente aquelas que \u201csobraram\u201d e que, por mais que tenham se esfor\u00e7ado, n\u00e3o conseguiram lembrar do tema.<\/p>\n<\/div><\/div>\n\n\n\n<h2 class=\"wp-block-heading\" id=\"h-segunda-tecnica-dica-no-enunciado\" style=\"font-style:normal;font-weight:400\"><span id=\"segunda-tecnica-dica-no-enunciado\"><strong>Segunda t\u00e9cnica (dica no enunciado)<\/strong><\/span><\/h2>\n\n\n\n<p>Outra t\u00e9cnica \u00e9 a da quest\u00e3o que traz a \u201cdica no enunciado\u201d. H\u00e1 quest\u00f5es que trazem palavras-chave no enunciado e que tamb\u00e9m ser\u00e3o encontradas na alternativa correta. <\/p>\n\n\n\n<p>Vejam o exemplo:<\/p>\n\n\n\n<div class=\"wp-block-group is-style-cnvs-block-bordered\"><div class=\"wp-block-group__inner-container is-layout-constrained wp-block-group-is-layout-constrained\">\n<p><strong><mark style=\"background-color:#fdc5c5\" class=\"has-inline-color\">(XLI Exame de Ordem)<\/mark> <\/strong>Denis cumpria pena em regime fechado, ap\u00f3s ser definitivamente condenado, quando ocorreu um movimento de subvers\u00e3o da ordem e disciplina dentro do ambiente carcer\u00e1rio. No inqu\u00e9rito disciplinar consta que cerca de cem presos rebelados incendiaram colch\u00f5es e tentaram fugir, permanecendo a situa\u00e7\u00e3o de rebeli\u00e3o por cerca de cinco dias, at\u00e9 que eficaz a\u00e7\u00e3o da pol\u00edcia penal cessou o movimento. Todos os cem presos da ala em que Denis cumpre pena foram indiciados no \u00e2mbito disciplinar, indistintamente e <strong>sem individualiza\u00e7\u00e3o<\/strong> de condutas. Considerando o caso narrado, assinale o princ\u00edpio de Direito Penal a ser utilizado pela defesa a fim de evitar a condena\u00e7\u00e3o de Denis.<\/p>\n\n\n\n<p>a) O princ\u00edpio da isonomia, pelo qual deve ser garantida id\u00eantica san\u00e7\u00e3o penal a todos os presos envolvidos na rebeli\u00e3o.<\/p>\n\n\n\n<p>b) O princ\u00edpio da lesividade, que impede a puni\u00e7\u00e3o pela falta grave quando esta n\u00e3o foi efetivamente consumada.<\/p>\n\n\n\n<p>c) O princ\u00edpio da culpabilidade, que demanda que haja <strong>identifica\u00e7\u00e3o individualizada<\/strong> da responsabilidade penal de cada um dos envolvidos.<\/p>\n\n\n\n<p>d) O princ\u00edpio da legalidade, pelo qual se exige que haja pr\u00e9via disposi\u00e7\u00e3o legal, de forma estrita e escrita, da falta disciplinar de natureza grave.<\/p>\n\n\n\n<p><strong>Gabarito: Letra C<\/strong><\/p>\n\n\n\n<p><strong><\/strong>A \u00fanica alternativa que reproduzia a palavra do enunciado foi a C, considerada pelo examinador como correta.<\/p>\n<\/div><\/div>\n\n\n\n<p>Assim, \u00e9 poss\u00edvel verificar que h\u00e1 alguma \u201cdica\u201d no enunciado, pois algumas palavras podem estar tamb\u00e9m reproduzidas na alternativa correta.&nbsp;&nbsp;<\/p>\n\n\n\n<div class=\"wp-block-media-text has-background\" style=\"background-color:#ffc21b30;grid-template-columns:20% auto\"><figure class=\"wp-block-media-text__media\"><img decoding=\"async\" width=\"391\" height=\"547\" src=\"https:\/\/oab.estrategia.com\/portal\/wp-content\/uploads\/2024\/10\/11142237\/391-547-max.png\" alt=\"Chute Consciente\" class=\"wp-image-13400 size-full\" srcset=\"https:\/\/oab.estrategia.com\/portal\/wp-content\/uploads\/2024\/10\/11142237\/391-547-max.png 391w, https:\/\/oab.estrategia.com\/portal\/wp-content\/uploads\/2024\/10\/11142237\/391-547-max-214x300.png 214w, https:\/\/oab.estrategia.com\/portal\/wp-content\/uploads\/2024\/10\/11142237\/391-547-max-380x532.png 380w, https:\/\/oab.estrategia.com\/portal\/wp-content\/uploads\/2024\/10\/11142237\/391-547-max-150x210.png 150w\" sizes=\"(max-width: 391px) 100vw, 391px\" \/><\/figure><div class=\"wp-block-media-text__content\">\n<p><strong><mark style=\"background-color:rgba(0, 0, 0, 0)\" class=\"has-inline-color has-vivid-red-color\">Mas, mais uma vez: ATEN\u00c7\u00c3O!<\/mark><\/strong> As t\u00e9cnicas s\u00f3 podem ser utilizadas no final da prova e em rela\u00e7\u00e3o \u00e0s quest\u00f5es que voc\u00eas n\u00e3o conseguiram responder por meio do conte\u00fado acumulado e que deve gerar em torno de 5 a 10 por cento da sua prova.<\/p>\n<\/div><\/div>\n\n\n\n<h2 class=\"wp-block-heading\" id=\"h-conclusao\" style=\"font-style:normal;font-weight:400\"><span id=\"conclusao\"><strong>Conclus\u00e3o<\/strong><\/span><\/h2>\n\n\n\n<p>S\u00e3o v\u00e1rias as t\u00e9cnicas de acerto por exclus\u00e3o (ou \u201cchute consciente\u201d). Apresentamos duas que podem beneficiar aqueles que est\u00e3o literalmente \u201cbatendo na trave\u201d. Como mencionado, as t\u00e9cnicas <strong>jamais substituir\u00e3o os estudos<\/strong>, n\u00e3o h\u00e1 pretens\u00e3o alguma em rela\u00e7\u00e3o a isso, mas sabemos que elas contribuem, e muito, em especial para a aprova\u00e7\u00e3o daqueles que est\u00e3o precisando de apenas dois ou tr\u00eas pontos.<\/p>\n\n\n\n<p class=\"has-text-align-center\"><strong>E<em>st\u00e1 pronto para come\u00e7ar a prepara\u00e7\u00e3o para OAB?<\/em><br><em>Os cursos do&nbsp;<a href=\"https:\/\/oab.estrategia.com\/\" target=\"_blank\" >Estrat\u00e9gia OAB<\/a> s\u00e3o o que voc\u00ea precisa para alcan\u00e7ar a aprova\u00e7\u00e3o!<\/em><\/strong><\/p>\n\n\n\n<h2 class=\"wp-block-heading has-text-align-center\" id=\"h-quer-saber-mais-sobre-o-exame-de-ordem-acesse-o-nosso-guia-completo\"><span id=\"quer-saber-mais-sobre-o-exame-de-ordemacesse-o-nosso-guia-completo\"><strong>Quer saber mais sobre o Exame de Ordem?<\/strong><br>Acesse o nosso guia completo:<\/span><\/h2>\n\n\n\n<p class=\"has-text-align-center has-white-color has-vivid-red-background-color has-text-color has-background has-link-color has-medium-font-size wp-elements-7dc6086fe92da57b6a81eeaa83f0d857\"><a href=\"https:\/\/oab.estrategia.com\/portal\/prova-oab\/\" target=\"_blank\" >PROVA OAB <\/a><\/p>\n\n\n\n<p class=\"has-text-align-center has-luminous-vivid-amber-background-color has-background\"><strong>Nossas redes sociais<\/strong><\/p>\n\n\n\n<p class=\"has-text-align-center has-pale-cyan-blue-background-color has-background\"><a href=\"https:\/\/www.instagram.com\/estrategiaoab\/\" target=\"_blank\" >Instagram Estrat\u00e9gia OAB<\/a><\/p>\n\n\n\n<p class=\"has-text-align-center has-vivid-green-cyan-background-color has-background\"><a href=\"https:\/\/www.youtube.com\/channel\/UC7rgrKTSF5aOrBGWOw60ovw\" target=\"_blank\" >YouTube do Estrat\u00e9gia OAB<\/a><\/p>\n\n\n\n<p><\/p>\n","protected":false},"excerpt":{"rendered":"Descubra como o chute consciente pode aumentar suas chances de acerto na 1\u00aa fase da OAB, mesmo sem&hellip;\n","protected":false},"author":128,"featured_media":16351,"comment_status":"open","ping_status":"open","sticky":false,"template":"","format":"standard","meta":{"_jetpack_memberships_contains_paid_content":false,"footnotes":""},"categories":[30,1],"tags":[197,303,304,58,305],"class_list":{"0":"post-16334","1":"post","2":"type-post","3":"status-publish","4":"format-standard","5":"has-post-thumbnail","7":"category-1a-fase-oab","8":"category-carreira","9":"tag-1a-fase-oab","10":"tag-chute","11":"tag-chute-consciente","12":"tag-exame-da-ordem","13":"tag-tecnica-do-chute"},"acf":[],"yoast_head":"<!-- This site is optimized with the Yoast SEO Premium plugin v26.2 (Yoast SEO v27.4) - https:\/\/yoast.com\/product\/yoast-seo-premium-wordpress\/ -->\n<title>Chute Consciente: Como acertar quest\u00f5es sem dominar o assunto<\/title>\n<meta name=\"description\" content=\"Descubra como o chute consciente pode aumentar suas chances de acerto na 1\u00aa fase da OAB, mesmo sem dominar todos os assuntos.\" \/>\n<meta name=\"robots\" content=\"index, follow, max-snippet:-1, max-image-preview:large, max-video-preview:-1\" \/>\n<link rel=\"canonical\" href=\"https:\/\/oab.estrategia.com\/portal\/chute-consciente-acertar-questoes-oab\/\" \/>\n<meta property=\"og:locale\" content=\"pt_BR\" \/>\n<meta property=\"og:type\" content=\"article\" \/>\n<meta property=\"og:title\" content=\"Chute Consciente: \u00c9 poss\u00edvel acertar quest\u00f5es na 1\u00aa Fase da OAB sem dominar todos os assuntos cobrados?\" \/>\n<meta property=\"og:description\" content=\"Descubra como o chute consciente pode aumentar suas chances de acerto na 1\u00aa fase da OAB, mesmo sem dominar todos os assuntos.\" \/>\n<meta property=\"og:url\" content=\"https:\/\/oab.estrategia.com\/portal\/chute-consciente-acertar-questoes-oab\/\" \/>\n<meta property=\"og:site_name\" content=\"Blog - OAB - Estrat\u00e9gia\" \/>\n<meta property=\"article:publisher\" content=\"https:\/\/www.facebook.com\/estrategiaoab\/\" \/>\n<meta property=\"article:published_time\" content=\"2025-03-05T02:42:17+00:00\" \/>\n<meta property=\"article:modified_time\" content=\"2025-09-04T17:29:37+00:00\" \/>\n<meta property=\"og:image\" content=\"https:\/\/oab.estrategia.com\/portal\/wp-content\/uploads\/2025\/03\/04233044\/chute.jpg\" \/>\n\t<meta property=\"og:image:width\" content=\"615\" \/>\n\t<meta property=\"og:image:height\" content=\"300\" \/>\n\t<meta property=\"og:image:type\" content=\"image\/jpeg\" \/>\n<meta name=\"author\" content=\"Bruna Vieira\" \/>\n<meta name=\"twitter:card\" content=\"summary_large_image\" \/>\n<meta name=\"twitter:creator\" content=\"@estrategiaoab\" \/>\n<meta name=\"twitter:site\" content=\"@estrategiaoab\" \/>\n<meta name=\"twitter:label1\" content=\"Escrito por\" \/>\n\t<meta name=\"twitter:data1\" content=\"Bruna Vieira\" \/>\n\t<meta name=\"twitter:label2\" content=\"Est. tempo de leitura\" \/>\n\t<meta name=\"twitter:data2\" content=\"9 minutos\" \/>\n<script type=\"application\/ld+json\" class=\"yoast-schema-graph\">{\"@context\":\"https:\\\/\\\/schema.org\",\"@graph\":[{\"@type\":\"Article\",\"@id\":\"https:\\\/\\\/oab.estrategia.com\\\/portal\\\/chute-consciente-acertar-questoes-oab\\\/#article\",\"isPartOf\":{\"@id\":\"https:\\\/\\\/oab.estrategia.com\\\/portal\\\/chute-consciente-acertar-questoes-oab\\\/\"},\"author\":{\"name\":\"Bruna Vieira\",\"@id\":\"https:\\\/\\\/oab.estrategia.com\\\/portal\\\/#\\\/schema\\\/person\\\/2bdbffca747ee643d30528cf7f9425e4\"},\"headline\":\"Chute Consciente: \u00c9 poss\u00edvel acertar quest\u00f5es na 1\u00aa Fase da OAB sem dominar todos os assuntos cobrados?\",\"datePublished\":\"2025-03-05T02:42:17+00:00\",\"dateModified\":\"2025-09-04T17:29:37+00:00\",\"mainEntityOfPage\":{\"@id\":\"https:\\\/\\\/oab.estrategia.com\\\/portal\\\/chute-consciente-acertar-questoes-oab\\\/\"},\"wordCount\":1553,\"commentCount\":0,\"publisher\":{\"@id\":\"https:\\\/\\\/oab.estrategia.com\\\/portal\\\/#organization\"},\"image\":{\"@id\":\"https:\\\/\\\/oab.estrategia.com\\\/portal\\\/chute-consciente-acertar-questoes-oab\\\/#primaryimage\"},\"thumbnailUrl\":\"https:\\\/\\\/oab.estrategia.com\\\/portal\\\/wp-content\\\/uploads\\\/2025\\\/03\\\/04233044\\\/chute.jpg\",\"keywords\":[\"1\u00aa fase OAB\",\"chute\",\"chute consciente\",\"Exame da Ordem\",\"t\u00e9cnica do chute\"],\"articleSection\":[\"1\u00aa Fase OAB\",\"Carreira\"],\"inLanguage\":\"pt-BR\",\"potentialAction\":[{\"@type\":\"CommentAction\",\"name\":\"Comment\",\"target\":[\"https:\\\/\\\/oab.estrategia.com\\\/portal\\\/chute-consciente-acertar-questoes-oab\\\/#respond\"]}]},{\"@type\":\"WebPage\",\"@id\":\"https:\\\/\\\/oab.estrategia.com\\\/portal\\\/chute-consciente-acertar-questoes-oab\\\/\",\"url\":\"https:\\\/\\\/oab.estrategia.com\\\/portal\\\/chute-consciente-acertar-questoes-oab\\\/\",\"name\":\"Chute Consciente: Como acertar quest\u00f5es sem dominar o assunto\",\"isPartOf\":{\"@id\":\"https:\\\/\\\/oab.estrategia.com\\\/portal\\\/#website\"},\"primaryImageOfPage\":{\"@id\":\"https:\\\/\\\/oab.estrategia.com\\\/portal\\\/chute-consciente-acertar-questoes-oab\\\/#primaryimage\"},\"image\":{\"@id\":\"https:\\\/\\\/oab.estrategia.com\\\/portal\\\/chute-consciente-acertar-questoes-oab\\\/#primaryimage\"},\"thumbnailUrl\":\"https:\\\/\\\/oab.estrategia.com\\\/portal\\\/wp-content\\\/uploads\\\/2025\\\/03\\\/04233044\\\/chute.jpg\",\"datePublished\":\"2025-03-05T02:42:17+00:00\",\"dateModified\":\"2025-09-04T17:29:37+00:00\",\"description\":\"Descubra como o chute consciente pode aumentar suas chances de acerto na 1\u00aa fase da OAB, mesmo sem dominar todos os assuntos.\",\"breadcrumb\":{\"@id\":\"https:\\\/\\\/oab.estrategia.com\\\/portal\\\/chute-consciente-acertar-questoes-oab\\\/#breadcrumb\"},\"inLanguage\":\"pt-BR\",\"potentialAction\":[{\"@type\":\"ReadAction\",\"target\":[\"https:\\\/\\\/oab.estrategia.com\\\/portal\\\/chute-consciente-acertar-questoes-oab\\\/\"]}]},{\"@type\":\"ImageObject\",\"inLanguage\":\"pt-BR\",\"@id\":\"https:\\\/\\\/oab.estrategia.com\\\/portal\\\/chute-consciente-acertar-questoes-oab\\\/#primaryimage\",\"url\":\"https:\\\/\\\/oab.estrategia.com\\\/portal\\\/wp-content\\\/uploads\\\/2025\\\/03\\\/04233044\\\/chute.jpg\",\"contentUrl\":\"https:\\\/\\\/oab.estrategia.com\\\/portal\\\/wp-content\\\/uploads\\\/2025\\\/03\\\/04233044\\\/chute.jpg\",\"width\":615,\"height\":300},{\"@type\":\"BreadcrumbList\",\"@id\":\"https:\\\/\\\/oab.estrategia.com\\\/portal\\\/chute-consciente-acertar-questoes-oab\\\/#breadcrumb\",\"itemListElement\":[{\"@type\":\"ListItem\",\"position\":1,\"name\":\"In\u00edcio\",\"item\":\"https:\\\/\\\/oab.estrategia.com\\\/portal\\\/\"},{\"@type\":\"ListItem\",\"position\":2,\"name\":\"Chute Consciente: \u00c9 poss\u00edvel acertar quest\u00f5es na 1\u00aa Fase da OAB sem dominar todos os assuntos cobrados?\"}]},{\"@type\":\"WebSite\",\"@id\":\"https:\\\/\\\/oab.estrategia.com\\\/portal\\\/#website\",\"url\":\"https:\\\/\\\/oab.estrategia.com\\\/portal\\\/\",\"name\":\"Blog - OAB - Estrat\u00e9gia\",\"description\":\"Blog OAB - Estrat\u00e9gia Concursos\",\"publisher\":{\"@id\":\"https:\\\/\\\/oab.estrategia.com\\\/portal\\\/#organization\"},\"potentialAction\":[{\"@type\":\"SearchAction\",\"target\":{\"@type\":\"EntryPoint\",\"urlTemplate\":\"https:\\\/\\\/oab.estrategia.com\\\/portal\\\/?s={search_term_string}\"},\"query-input\":{\"@type\":\"PropertyValueSpecification\",\"valueRequired\":true,\"valueName\":\"search_term_string\"}}],\"inLanguage\":\"pt-BR\"},{\"@type\":\"Organization\",\"@id\":\"https:\\\/\\\/oab.estrategia.com\\\/portal\\\/#organization\",\"name\":\"Estrat\u00e9gia Concursos\",\"url\":\"https:\\\/\\\/oab.estrategia.com\\\/portal\\\/\",\"logo\":{\"@type\":\"ImageObject\",\"inLanguage\":\"pt-BR\",\"@id\":\"https:\\\/\\\/oab.estrategia.com\\\/portal\\\/#\\\/schema\\\/logo\\\/image\\\/\",\"url\":\"https:\\\/\\\/oab.estrategia.com\\\/portal\\\/wp-content\\\/uploads\\\/2022\\\/04\\\/06103601\\\/oab-icone-2.png\",\"contentUrl\":\"https:\\\/\\\/oab.estrategia.com\\\/portal\\\/wp-content\\\/uploads\\\/2022\\\/04\\\/06103601\\\/oab-icone-2.png\",\"width\":900,\"height\":900,\"caption\":\"Estrat\u00e9gia Concursos\"},\"image\":{\"@id\":\"https:\\\/\\\/oab.estrategia.com\\\/portal\\\/#\\\/schema\\\/logo\\\/image\\\/\"},\"sameAs\":[\"https:\\\/\\\/www.facebook.com\\\/estrategiaoab\\\/\",\"https:\\\/\\\/x.com\\\/estrategiaoab\",\"https:\\\/\\\/www.instagram.com\\\/estrategiaoab\\\/\",\"https:\\\/\\\/www.youtube.com\\\/EstrategiaOAB\"]},{\"@type\":\"Person\",\"@id\":\"https:\\\/\\\/oab.estrategia.com\\\/portal\\\/#\\\/schema\\\/person\\\/2bdbffca747ee643d30528cf7f9425e4\",\"name\":\"Bruna Vieira\",\"image\":{\"@type\":\"ImageObject\",\"inLanguage\":\"pt-BR\",\"@id\":\"https:\\\/\\\/oab.estrategia.com\\\/portal\\\/wp-content\\\/uploads\\\/2025\\\/07\\\/28144415\\\/professora-bruna-vieira-estrategia-oab-96x96.png\",\"url\":\"https:\\\/\\\/oab.estrategia.com\\\/portal\\\/wp-content\\\/uploads\\\/2025\\\/07\\\/28144415\\\/professora-bruna-vieira-estrategia-oab-96x96.png\",\"contentUrl\":\"https:\\\/\\\/oab.estrategia.com\\\/portal\\\/wp-content\\\/uploads\\\/2025\\\/07\\\/28144415\\\/professora-bruna-vieira-estrategia-oab-96x96.png\",\"caption\":\"Bruna Vieira\"},\"description\":\"Advogada. Mestra em Direito. Professora do Estrat\u00e9gia OAB e ESAMC Santos. Coordenadora de P\u00f3s-gradua\u00e7\u00e3o. Autora de obras jur\u00eddicas pelas Editoras Foco e Saraiva.\",\"url\":\"https:\\\/\\\/oab.estrategia.com\\\/portal\\\/author\\\/bruna-vieira\\\/\"}]}<\/script>\n<!-- \/ Yoast SEO Premium plugin. -->","yoast_head_json":{"title":"Chute Consciente: Como acertar quest\u00f5es sem dominar o assunto","description":"Descubra como o chute consciente pode aumentar suas chances de acerto na 1\u00aa fase da OAB, mesmo sem dominar todos os assuntos.","robots":{"index":"index","follow":"follow","max-snippet":"max-snippet:-1","max-image-preview":"max-image-preview:large","max-video-preview":"max-video-preview:-1"},"canonical":"https:\/\/oab.estrategia.com\/portal\/chute-consciente-acertar-questoes-oab\/","og_locale":"pt_BR","og_type":"article","og_title":"Chute Consciente: \u00c9 poss\u00edvel acertar quest\u00f5es na 1\u00aa Fase da OAB sem dominar todos os assuntos cobrados?","og_description":"Descubra como o chute consciente pode aumentar suas chances de acerto na 1\u00aa fase da OAB, mesmo sem dominar todos os assuntos.","og_url":"https:\/\/oab.estrategia.com\/portal\/chute-consciente-acertar-questoes-oab\/","og_site_name":"Blog - OAB - Estrat\u00e9gia","article_publisher":"https:\/\/www.facebook.com\/estrategiaoab\/","article_published_time":"2025-03-05T02:42:17+00:00","article_modified_time":"2025-09-04T17:29:37+00:00","og_image":[{"width":615,"height":300,"url":"https:\/\/oab.estrategia.com\/portal\/wp-content\/uploads\/2025\/03\/04233044\/chute.jpg","type":"image\/jpeg"}],"author":"Bruna Vieira","twitter_card":"summary_large_image","twitter_creator":"@estrategiaoab","twitter_site":"@estrategiaoab","twitter_misc":{"Escrito por":"Bruna Vieira","Est. tempo de leitura":"9 minutos"},"schema":{"@context":"https:\/\/schema.org","@graph":[{"@type":"Article","@id":"https:\/\/oab.estrategia.com\/portal\/chute-consciente-acertar-questoes-oab\/#article","isPartOf":{"@id":"https:\/\/oab.estrategia.com\/portal\/chute-consciente-acertar-questoes-oab\/"},"author":{"name":"Bruna Vieira","@id":"https:\/\/oab.estrategia.com\/portal\/#\/schema\/person\/2bdbffca747ee643d30528cf7f9425e4"},"headline":"Chute Consciente: \u00c9 poss\u00edvel acertar quest\u00f5es na 1\u00aa Fase da OAB sem dominar todos os assuntos cobrados?","datePublished":"2025-03-05T02:42:17+00:00","dateModified":"2025-09-04T17:29:37+00:00","mainEntityOfPage":{"@id":"https:\/\/oab.estrategia.com\/portal\/chute-consciente-acertar-questoes-oab\/"},"wordCount":1553,"commentCount":0,"publisher":{"@id":"https:\/\/oab.estrategia.com\/portal\/#organization"},"image":{"@id":"https:\/\/oab.estrategia.com\/portal\/chute-consciente-acertar-questoes-oab\/#primaryimage"},"thumbnailUrl":"https:\/\/oab.estrategia.com\/portal\/wp-content\/uploads\/2025\/03\/04233044\/chute.jpg","keywords":["1\u00aa fase OAB","chute","chute consciente","Exame da Ordem","t\u00e9cnica do chute"],"articleSection":["1\u00aa Fase OAB","Carreira"],"inLanguage":"pt-BR","potentialAction":[{"@type":"CommentAction","name":"Comment","target":["https:\/\/oab.estrategia.com\/portal\/chute-consciente-acertar-questoes-oab\/#respond"]}]},{"@type":"WebPage","@id":"https:\/\/oab.estrategia.com\/portal\/chute-consciente-acertar-questoes-oab\/","url":"https:\/\/oab.estrategia.com\/portal\/chute-consciente-acertar-questoes-oab\/","name":"Chute Consciente: Como acertar quest\u00f5es sem dominar o assunto","isPartOf":{"@id":"https:\/\/oab.estrategia.com\/portal\/#website"},"primaryImageOfPage":{"@id":"https:\/\/oab.estrategia.com\/portal\/chute-consciente-acertar-questoes-oab\/#primaryimage"},"image":{"@id":"https:\/\/oab.estrategia.com\/portal\/chute-consciente-acertar-questoes-oab\/#primaryimage"},"thumbnailUrl":"https:\/\/oab.estrategia.com\/portal\/wp-content\/uploads\/2025\/03\/04233044\/chute.jpg","datePublished":"2025-03-05T02:42:17+00:00","dateModified":"2025-09-04T17:29:37+00:00","description":"Descubra como o chute consciente pode aumentar suas chances de acerto na 1\u00aa fase da OAB, mesmo sem dominar todos os assuntos.","breadcrumb":{"@id":"https:\/\/oab.estrategia.com\/portal\/chute-consciente-acertar-questoes-oab\/#breadcrumb"},"inLanguage":"pt-BR","potentialAction":[{"@type":"ReadAction","target":["https:\/\/oab.estrategia.com\/portal\/chute-consciente-acertar-questoes-oab\/"]}]},{"@type":"ImageObject","inLanguage":"pt-BR","@id":"https:\/\/oab.estrategia.com\/portal\/chute-consciente-acertar-questoes-oab\/#primaryimage","url":"https:\/\/oab.estrategia.com\/portal\/wp-content\/uploads\/2025\/03\/04233044\/chute.jpg","contentUrl":"https:\/\/oab.estrategia.com\/portal\/wp-content\/uploads\/2025\/03\/04233044\/chute.jpg","width":615,"height":300},{"@type":"BreadcrumbList","@id":"https:\/\/oab.estrategia.com\/portal\/chute-consciente-acertar-questoes-oab\/#breadcrumb","itemListElement":[{"@type":"ListItem","position":1,"name":"In\u00edcio","item":"https:\/\/oab.estrategia.com\/portal\/"},{"@type":"ListItem","position":2,"name":"Chute Consciente: \u00c9 poss\u00edvel acertar quest\u00f5es na 1\u00aa Fase da OAB sem dominar todos os assuntos cobrados?"}]},{"@type":"WebSite","@id":"https:\/\/oab.estrategia.com\/portal\/#website","url":"https:\/\/oab.estrategia.com\/portal\/","name":"Blog - OAB - Estrat\u00e9gia","description":"Blog OAB - Estrat\u00e9gia Concursos","publisher":{"@id":"https:\/\/oab.estrategia.com\/portal\/#organization"},"potentialAction":[{"@type":"SearchAction","target":{"@type":"EntryPoint","urlTemplate":"https:\/\/oab.estrategia.com\/portal\/?s={search_term_string}"},"query-input":{"@type":"PropertyValueSpecification","valueRequired":true,"valueName":"search_term_string"}}],"inLanguage":"pt-BR"},{"@type":"Organization","@id":"https:\/\/oab.estrategia.com\/portal\/#organization","name":"Estrat\u00e9gia Concursos","url":"https:\/\/oab.estrategia.com\/portal\/","logo":{"@type":"ImageObject","inLanguage":"pt-BR","@id":"https:\/\/oab.estrategia.com\/portal\/#\/schema\/logo\/image\/","url":"https:\/\/oab.estrategia.com\/portal\/wp-content\/uploads\/2022\/04\/06103601\/oab-icone-2.png","contentUrl":"https:\/\/oab.estrategia.com\/portal\/wp-content\/uploads\/2022\/04\/06103601\/oab-icone-2.png","width":900,"height":900,"caption":"Estrat\u00e9gia Concursos"},"image":{"@id":"https:\/\/oab.estrategia.com\/portal\/#\/schema\/logo\/image\/"},"sameAs":["https:\/\/www.facebook.com\/estrategiaoab\/","https:\/\/x.com\/estrategiaoab","https:\/\/www.instagram.com\/estrategiaoab\/","https:\/\/www.youtube.com\/EstrategiaOAB"]},{"@type":"Person","@id":"https:\/\/oab.estrategia.com\/portal\/#\/schema\/person\/2bdbffca747ee643d30528cf7f9425e4","name":"Bruna Vieira","image":{"@type":"ImageObject","inLanguage":"pt-BR","@id":"https:\/\/oab.estrategia.com\/portal\/wp-content\/uploads\/2025\/07\/28144415\/professora-bruna-vieira-estrategia-oab-96x96.png","url":"https:\/\/oab.estrategia.com\/portal\/wp-content\/uploads\/2025\/07\/28144415\/professora-bruna-vieira-estrategia-oab-96x96.png","contentUrl":"https:\/\/oab.estrategia.com\/portal\/wp-content\/uploads\/2025\/07\/28144415\/professora-bruna-vieira-estrategia-oab-96x96.png","caption":"Bruna Vieira"},"description":"Advogada. Mestra em Direito. Professora do Estrat\u00e9gia OAB e ESAMC Santos. Coordenadora de P\u00f3s-gradua\u00e7\u00e3o. Autora de obras jur\u00eddicas pelas Editoras Foco e Saraiva.","url":"https:\/\/oab.estrategia.com\/portal\/author\/bruna-vieira\/"}]}},"jetpack_featured_media_url":"https:\/\/oab.estrategia.com\/portal\/wp-content\/uploads\/2025\/03\/04233044\/chute.jpg","jetpack_sharing_enabled":true,"_links":{"self":[{"href":"https:\/\/oab.estrategia.com\/portal\/wp-json\/wp\/v2\/posts\/16334","targetHints":{"allow":["GET"]}}],"collection":[{"href":"https:\/\/oab.estrategia.com\/portal\/wp-json\/wp\/v2\/posts"}],"about":[{"href":"https:\/\/oab.estrategia.com\/portal\/wp-json\/wp\/v2\/types\/post"}],"author":[{"embeddable":true,"href":"https:\/\/oab.estrategia.com\/portal\/wp-json\/wp\/v2\/users\/128"}],"replies":[{"embeddable":true,"href":"https:\/\/oab.estrategia.com\/portal\/wp-json\/wp\/v2\/comments?post=16334"}],"version-history":[{"count":23,"href":"https:\/\/oab.estrategia.com\/portal\/wp-json\/wp\/v2\/posts\/16334\/revisions"}],"predecessor-version":[{"id":22465,"href":"https:\/\/oab.estrategia.com\/portal\/wp-json\/wp\/v2\/posts\/16334\/revisions\/22465"}],"wp:featuredmedia":[{"embeddable":true,"href":"https:\/\/oab.estrategia.com\/portal\/wp-json\/wp\/v2\/media\/16351"}],"wp:attachment":[{"href":"https:\/\/oab.estrategia.com\/portal\/wp-json\/wp\/v2\/media?parent=16334"}],"wp:term":[{"taxonomy":"category","embeddable":true,"href":"https:\/\/oab.estrategia.com\/portal\/wp-json\/wp\/v2\/categories?post=16334"},{"taxonomy":"post_tag","embeddable":true,"href":"https:\/\/oab.estrategia.com\/portal\/wp-json\/wp\/v2\/tags?post=16334"}],"curies":[{"name":"wp","href":"https:\/\/api.w.org\/{rel}","templated":true}]}}