{"id":16363,"date":"2025-03-05T13:45:23","date_gmt":"2025-03-05T16:45:23","guid":{"rendered":"https:\/\/oab.estrategia.com\/portal\/?p=16363"},"modified":"2025-06-15T03:28:20","modified_gmt":"2025-06-15T06:28:20","slug":"responsabilidade-civil-objetiva-subjetiva","status":"publish","type":"post","link":"https:\/\/oab.estrategia.com\/portal\/responsabilidade-civil-objetiva-subjetiva\/","title":{"rendered":"Responsabilidade Civil Objetiva e Subjetiva no C\u00f3digo Civil: Diferen\u00e7as e Aplica\u00e7\u00f5es Pr\u00e1ticas"},"content":{"rendered":"\n<p><em>Descubra as diferen\u00e7as entre a responsabilidade civil objetiva e subjetiva no C\u00f3digo Civil, seus fundamentos e aplica\u00e7\u00f5es pr\u00e1ticas.<\/em><\/p>\n\n\n\n<p><strong><em>Por Professora Ver\u00f4nica Tagliari<\/em><\/strong><\/p>\n\n\n\n<figure class=\"wp-block-image size-large\"><img decoding=\"async\" width=\"1024\" height=\"1024\" src=\"https:\/\/oab.estrategia.com\/portal\/wp-content\/uploads\/2025\/03\/05132812\/6770878-1024x1024.jpg\" alt=\"Responsabilidade Civil\" class=\"wp-image-16375\" srcset=\"https:\/\/oab.estrategia.com\/portal\/wp-content\/uploads\/2025\/03\/05132812\/6770878-1024x1024.jpg 1024w, https:\/\/oab.estrategia.com\/portal\/wp-content\/uploads\/2025\/03\/05132812\/6770878-300x300.jpg 300w, https:\/\/oab.estrategia.com\/portal\/wp-content\/uploads\/2025\/03\/05132812\/6770878-150x150.jpg 150w, https:\/\/oab.estrategia.com\/portal\/wp-content\/uploads\/2025\/03\/05132812\/6770878-768x768.jpg 768w, https:\/\/oab.estrategia.com\/portal\/wp-content\/uploads\/2025\/03\/05132812\/6770878-1536x1536.jpg 1536w, https:\/\/oab.estrategia.com\/portal\/wp-content\/uploads\/2025\/03\/05132812\/6770878-80x80.jpg 80w, https:\/\/oab.estrategia.com\/portal\/wp-content\/uploads\/2025\/03\/05132812\/6770878-380x380.jpg 380w, https:\/\/oab.estrategia.com\/portal\/wp-content\/uploads\/2025\/03\/05132812\/6770878-800x800.jpg 800w, https:\/\/oab.estrategia.com\/portal\/wp-content\/uploads\/2025\/03\/05132812\/6770878-1160x1160.jpg 1160w, https:\/\/oab.estrategia.com\/portal\/wp-content\/uploads\/2025\/03\/05132812\/6770878-24x24.jpg 24w, https:\/\/oab.estrategia.com\/portal\/wp-content\/uploads\/2025\/03\/05132812\/6770878-48x48.jpg 48w, https:\/\/oab.estrategia.com\/portal\/wp-content\/uploads\/2025\/03\/05132812\/6770878-96x96.jpg 96w, https:\/\/oab.estrategia.com\/portal\/wp-content\/uploads\/2025\/03\/05132812\/6770878.jpg 2000w\" sizes=\"(max-width: 1024px) 100vw, 1024px\" \/><\/figure>\n\n\n\n<p>Ao estudar o tema relacionado \u00e0 responsabilidade civil no C\u00f3digo Civil ainda tem dificuldades em entender a diferen\u00e7a entre a responsabilidade civil objetiva e a subjetiva? Ent\u00e3o fique ligado pois essas dicas s\u00e3o para voc\u00ea!<\/p>\n\n\n\n<h2 class=\"wp-block-heading\" id=\"h-o-que-e-a-responsabilidade-civil\"><span id=\"o-que-e-a-responsabilidade-civil\"><strong>O que \u00e9 a responsabilidade civil?<\/strong><\/span><\/h2>\n\n\n\n<p>A responsabilidade civil representa toda a\u00e7\u00e3o ou omiss\u00e3o que gera viola\u00e7\u00e3o de uma norma jur\u00eddica legal ou contratual, ensejando a obriga\u00e7\u00e3o de reparar o ato danoso. A obrigatoriedade de reparar dano causado a algu\u00e9m, seja ele material ou moral, nasce em decorr\u00eancia da pr\u00e1tica de um ato il\u00edcito. <\/p>\n\n\n\n<div class=\"wp-block-group is-style-cnvs-block-bordered\"><div class=\"wp-block-group__inner-container is-layout-constrained wp-block-group-is-layout-constrained\">\n<p><strong><mark style=\"background-color:rgba(0, 0, 0, 0)\" class=\"has-inline-color has-vivid-red-color\">Traduzindo: <\/mark><\/strong>se, por ter violado algum dever jur\u00eddico, eu causar dano a algu\u00e9m, devo repar\u00e1-lo, a fim de minimizar os impactos desse dano. Para tanto, ao se estudar a responsabilidade civil e as suas duas principais modalidades, \u00e9 necess\u00e1rio se realizar o estudo relacionado aos elementos da responsabilidade civil, quais sejam: <\/p>\n\n\n\n<ul class=\"wp-block-list is-style-cnvs-list-styled-positive\">\n<li>conduta; <\/li>\n\n\n\n<li>dano; <\/li>\n\n\n\n<li>nexo de causalidade; <\/li>\n\n\n\n<li>culpa; e <\/li>\n\n\n\n<li>risco. <\/li>\n<\/ul>\n<\/div><\/div>\n\n\n\n<div class=\"wp-block-group is-style-cnvs-block-bg-light has-background\" style=\"background-color:#cf2d2d30\"><div class=\"wp-block-group__inner-container is-layout-constrained wp-block-group-is-layout-constrained\">\n<p>Importante dizer que a falta de qualquer um desses elementos implicar\u00e1 na aus\u00eancia de responsabilidade civil.<\/p>\n<\/div><\/div>\n\n\n\n<p>A <strong><mark style=\"background-color:rgba(0, 0, 0, 0)\" class=\"has-inline-color has-vivid-red-color\">responsabilidade civil <\/mark><\/strong>possui regramento espec\u00edfico dos <strong>artigos 927 a 954 do C\u00f3digo Civil<\/strong>, mas tem como principal norma, a trazer a sua defini\u00e7\u00e3o, o <strong>artigo 186 do C\u00f3digo Civil<\/strong>, que disp\u00f5e: <\/p>\n\n\n\n<pre class=\"wp-block-preformatted\">\u201cAquele que, por a\u00e7\u00e3o ou omiss\u00e3o volunt\u00e1ria, neglig\u00eancia ou imprud\u00eancia, violar direito e causar dano a outrem, ainda que exclusivamente moral, comete ato il\u00edcito\u201d. O referido artigo traz a conceitua\u00e7\u00e3o da denominada responsabilidade civil subjetiva.<\/pre>\n\n\n\n<p>O<strong><mark style=\"background-color:rgba(0, 0, 0, 0)\" class=\"has-inline-color has-vivid-red-color\"> ato il\u00edcito<\/mark><\/strong>, por sua vez, representa o fato jur\u00eddico em sentido amplo, sendo o ato contr\u00e1rio ao disposto no ordenamento jur\u00eddico, gerando efeito jur\u00eddico imposto pela lei.<\/p>\n\n\n\n<h3 class=\"wp-block-heading\" id=\"h-conduta\" style=\"font-style:normal;font-weight:400\"><span id=\"conduta\"><strong>Conduta<\/strong><\/span><\/h3>\n\n\n\n<p>A conduta \u00e9 comportamento humano, meio de se portar, conduzir e se encontra espelhado no in\u00edcio do artigo 186 do CC ao trazer: <\/p>\n\n\n\n<p>\u201cAquele que por a\u00e7\u00e3o ou omiss\u00e3o (&#8230;)\u201d \u2013 \u00e9 o fundamento da conduta. <\/p>\n\n\n\n<p>A conduta, por sua vez, \u00e9 <strong>dividida em conduta positiva e negativa.&nbsp;<\/strong><\/p>\n\n\n\n<h4 class=\"wp-block-heading\" id=\"h-1-1-conduta-positiva\"><span id=\"1-1-conduta-positiva\"><strong>1.1 Conduta positiva<\/strong><\/span><\/h4>\n\n\n\n<p>A conduta positiva representa <strong>uma a\u00e7\u00e3o, um fazer.<\/strong> Essa, por sua vez, se divide em <strong>conduta positiva pr\u00f3pria ou impr\u00f3pria. <\/strong><\/p>\n\n\n\n<p>A <strong>conduta positiva pr\u00f3pria<\/strong> \u00e9 aquela em que qualquer um pode incorrer. <\/p>\n\n\n\n<div class=\"wp-block-group is-style-cnvs-block-bordered\"><div class=\"wp-block-group__inner-container is-layout-constrained wp-block-group-is-layout-constrained\">\n<p><strong><mark style=\"background-color:rgba(0, 0, 0, 0)\" class=\"has-inline-color has-vivid-red-color\">Exemplo:<\/mark><\/strong> qualquer um pode matar, caluniar, bater o carro, etc. <\/p>\n<\/div><\/div>\n\n\n\n<p>J\u00e1 a <strong>conduta positiva impr\u00f3pria \u00e9 o abuso de direito<\/strong>.<strong> <\/strong>Ou seja, o causador do dano tem<strong> <\/strong>uma conduta leg\u00edtima, mas a exerce a ponto de causar dano a outrem, tornando a conduta em il\u00edcita. <\/p>\n\n\n\n<div class=\"wp-block-group is-style-cnvs-block-bordered\"><div class=\"wp-block-group__inner-container is-layout-constrained wp-block-group-is-layout-constrained\">\n<p><strong><mark style=\"background-color:rgba(0, 0, 0, 0)\" class=\"has-inline-color has-vivid-red-color\">Exemplo:<\/mark><\/strong> pessoa que reclama muito do p\u00e9ssimo atendimento que teve em uma loja, a ponto de \u201cmanchar\u201d a imagem do estabelecimento e prejudicar os neg\u00f3cios da loja. <\/p>\n<\/div><\/div>\n\n\n\n<p>Tal situa\u00e7\u00e3o se encontra espelhada no artigo 187 do C\u00f3digo Civil, o qual determina que: <\/p>\n\n\n\n<pre class=\"wp-block-preformatted\">\u201cTamb\u00e9m comete ato il\u00edcito o titular de um direito que, ao exerc\u00ea-lo, excede manifestamente os limites impostos pelos seus fins econ\u00f4micos ou sociais, pela boa-f\u00e9 ou pelos bons costumes\u201d.&nbsp;<\/pre>\n\n\n\n<h4 class=\"wp-block-heading\" id=\"h-1-2-conduta-negativa\"><span id=\"1-2-conduta-negativa\"><strong>1.2. Conduta negativa<\/strong><\/span><\/h4>\n\n\n\n<p>A conduta negativa representa uma omiss\u00e3o, um n\u00e3o fazer. Essa, por sua vez, <strong>se divide em conduta positiva pr\u00f3pria ou impr\u00f3pria.<\/strong> <\/p>\n\n\n\n<p>A <strong>conduta negativa pr\u00f3pria<\/strong> \u00e9 aquela em que qualquer um de n\u00f3s pode incorrer. <\/p>\n\n\n\n<div class=\"wp-block-group is-style-cnvs-block-bordered\"><div class=\"wp-block-group__inner-container is-layout-constrained wp-block-group-is-layout-constrained\">\n<p><strong><mark style=\"background-color:rgba(0, 0, 0, 0)\" class=\"has-inline-color has-vivid-red-color\">Exemplo: <\/mark><\/strong>omiss\u00e3o de socorro.&nbsp; <\/p>\n<\/div><\/div>\n\n\n\n<p>J\u00e1 a <strong>conduta omissiva impr\u00f3pria<\/strong>, tamb\u00e9m chamada de comissiva por omiss\u00e3o, \u00e9 aquela conduta negativa de quem \u00e9 obrigado a agir, ou seja, daquelas pessoas que tenham o dever legal ou contratual de agir, mas nada fazem.&nbsp; <\/p>\n\n\n\n<div class=\"wp-block-group is-style-cnvs-block-bordered\"><div class=\"wp-block-group__inner-container is-layout-constrained wp-block-group-is-layout-constrained\">\n<p><strong><mark style=\"background-color:rgba(0, 0, 0, 0)\" class=\"has-inline-color has-vivid-red-color\">Exemplo:<\/mark><\/strong> salva-vidas, bab\u00e1, etc.&nbsp;<\/p>\n<\/div><\/div>\n\n\n\n<h3 class=\"wp-block-heading\" id=\"h-dano\"><span id=\"dano\"><strong>Dano<\/strong><\/span><\/h3>\n\n\n\n<p>O dano, segundo elemento essencial para a responsabilidade civil, \u00e9 a diminui\u00e7\u00e3o ou subtra\u00e7\u00e3o de um bem jur\u00eddico. Com rela\u00e7\u00e3o \u00e0s esp\u00e9cies de dano, traremos aquelas com maior aplicabilidade pr\u00e1tica. <\/p>\n\n\n\n<p><strong>Quanto ao alvo da conduta<\/strong>, ou seja, aquilo que \u00e9 atacado, o dano pode ser: <\/p>\n\n\n\n<p><strong>a) material: <\/strong>em que o alvo da conduta \u00e9 algo (uma coisa, um bem). <\/p>\n\n\n\n<div class=\"wp-block-group is-style-cnvs-block-bordered\"><div class=\"wp-block-group__inner-container is-layout-constrained wp-block-group-is-layout-constrained\">\n<p><strong><mark style=\"background-color:rgba(0, 0, 0, 0)\" class=\"has-inline-color has-vivid-red-color\">Exemplo:<\/mark><\/strong> batida de ve\u00edculos ou; <\/p>\n<\/div><\/div>\n\n\n\n<p><strong>b) moral: <\/strong> em que o alvo da conduta \u00e9 a mente, cora\u00e7\u00e3o, autoimagem, autoestima (um sentimento). <\/p>\n\n\n\n<div class=\"wp-block-group is-style-cnvs-block-bordered\"><div class=\"wp-block-group__inner-container is-layout-constrained wp-block-group-is-layout-constrained\">\n<div class=\"wp-block-media-text\" style=\"grid-template-columns:30% auto\"><figure class=\"wp-block-media-text__media\"><img decoding=\"async\" width=\"461\" height=\"460\" src=\"https:\/\/oab.estrategia.com\/portal\/wp-content\/uploads\/2024\/09\/17160246\/461-460-max.png\" alt=\"Responsabilidade Civil\" class=\"wp-image-13085 size-full\" srcset=\"https:\/\/oab.estrategia.com\/portal\/wp-content\/uploads\/2024\/09\/17160246\/461-460-max.png 461w, https:\/\/oab.estrategia.com\/portal\/wp-content\/uploads\/2024\/09\/17160246\/461-460-max-300x300.png 300w, https:\/\/oab.estrategia.com\/portal\/wp-content\/uploads\/2024\/09\/17160246\/461-460-max-150x150.png 150w, https:\/\/oab.estrategia.com\/portal\/wp-content\/uploads\/2024\/09\/17160246\/461-460-max-80x80.png 80w, https:\/\/oab.estrategia.com\/portal\/wp-content\/uploads\/2024\/09\/17160246\/461-460-max-380x379.png 380w, https:\/\/oab.estrategia.com\/portal\/wp-content\/uploads\/2024\/09\/17160246\/461-460-max-24x24.png 24w, https:\/\/oab.estrategia.com\/portal\/wp-content\/uploads\/2024\/09\/17160246\/461-460-max-48x48.png 48w, https:\/\/oab.estrategia.com\/portal\/wp-content\/uploads\/2024\/09\/17160246\/461-460-max-96x96.png 96w\" sizes=\"(max-width: 461px) 100vw, 461px\" \/><\/figure><div class=\"wp-block-media-text__content\">\n<p>Importante ainda destacar o dano est\u00e9tico, que \u00e9 aquele que altera a apar\u00eancia da pessoa, sua estrutura morfol\u00f3gica e corporal. Consiste na viola\u00e7\u00e3o \u00e0 integridade f\u00edsica em todos os seus aspectos, como a imagem, a voz, o modo de locomo\u00e7\u00e3o e de comportamento. Verificada sua ocorr\u00eancia, configurado est\u00e1 o dever de indenizar. Referido dano poder\u00e1 gerar repercuss\u00f5es tanto no aspecto material quanto moral da pessoa que sofre o dano.<\/p>\n<\/div><\/div>\n<\/div><\/div>\n\n\n\n<p><strong>Quanto \u00e0s consequ\u00eancias do ato danoso<\/strong>, o dano pode ser, segundo o artigo 402 do CC: <\/p>\n\n\n\n<p><strong>c) dano emergente (\u00c9 calculado):<\/strong> Todo aquele preju\u00edzo que adv\u00e9m da conduta. <\/p>\n\n\n\n<div class=\"wp-block-group is-style-cnvs-block-bordered\"><div class=\"wp-block-group__inner-container is-layout-constrained wp-block-group-is-layout-constrained\">\n<p><strong><mark style=\"background-color:rgba(0, 0, 0, 0)\" class=\"has-inline-color has-vivid-red-color\">Exemplo:<\/mark><\/strong> preju\u00edzo pelo conserto do ve\u00edculo em caso de um acidente; <\/p>\n<\/div><\/div>\n\n\n\n<p><strong>d) lucros cessantes (V\u00edtima deixou de ganhar \u2013 \u00e9 estimado):<\/strong> O dano \u00e9 gerado pelo pr\u00f3prio dano, se realimentando. \u00c9 estimado com base no hist\u00f3rico de ganhos.&nbsp;<\/p>\n\n\n\n<div class=\"wp-block-group is-style-cnvs-block-bordered\"><div class=\"wp-block-group__inner-container is-layout-constrained wp-block-group-is-layout-constrained\">\n<p><strong><mark style=\"background-color:rgba(0, 0, 0, 0)\" class=\"has-inline-color has-vivid-red-color\">Exemplo:<\/mark><\/strong> Batida no ve\u00edculo de um motorista de aplicativo, em que ele tenha ficado 10 dias com o carro parado para o conserto, per\u00edodo no qual deixou de trabalhar, e, portanto, de lucrar. <\/p>\n<\/div><\/div>\n\n\n\n<h3 class=\"wp-block-heading\" id=\"h-nexo-causal\"><span id=\"nexo-causal\"><strong>Nexo causal<\/strong><\/span><\/h3>\n\n\n\n<p>O nexo causal \u00e9 a rela\u00e7\u00e3o que <strong>liga determinada CONDUTA a determinado RESULTADO\/DANO.<\/strong><\/p>\n\n\n\n<h3 class=\"wp-block-heading\" id=\"h-culpa\"><span id=\"culpa\"><strong>Culpa<\/strong><\/span><\/h3>\n\n\n\n<p>A culpa \u00e9 a qualificadora da conduta il\u00edcita (envolve cogni\u00e7\u00e3o, pensamento, vontade). <\/p>\n\n\n\n<p>Com rela\u00e7\u00e3o \u00e0 principal classifica\u00e7\u00e3o da culpa, esta pode ser \u201clato sensu\u201d (g\u00eanero), cujas esp\u00e9cies s\u00e3o: <\/p>\n\n\n\n<p>a) <strong><mark style=\"background-color:rgba(0, 0, 0, 0)\" class=\"has-inline-color has-vivid-red-color\">DOLO:<\/mark><\/strong> A culpa onde h\u00e1 um resultado volunt\u00e1rio e querido &#8211; se busca o resultado danoso. (Resultado Pretendido). Ex: Eu quero causar dano a um inimigo; <\/p>\n\n\n\n<p>b)<strong><mark style=\"background-color:rgba(0, 0, 0, 0)\" class=\"has-inline-color has-vivid-red-color\"> CULPA \u201cSTRICTO SENSU\u201d:<\/mark><\/strong> Resultado n\u00e3o se \u00e9 pretendido, o resultado n\u00e3o \u00e9 volunt\u00e1rio (s\u00f3 a conduta). Ex: condu\u00e7\u00e3o de ve\u00edculo embriagado. Existe uma grande probabilidade de causar um acidente.&nbsp;<\/p>\n\n\n\n<p>J\u00e1 <strong>a culpa \u201cstricto sensu\u201d pode ser:&nbsp;<\/strong><\/p>\n\n\n\n<h4 class=\"wp-block-heading\" id=\"h-modalidades-de-culpa\"><span id=\"modalidades-de-culpa\"><strong>Modalidades de Culpa<\/strong><\/span><\/h4>\n\n\n\n<div class=\"wp-block-group is-style-cnvs-block-bg-light has-background\" style=\"background-color:#fcb90047\"><div class=\"wp-block-group__inner-container is-layout-constrained wp-block-group-is-layout-constrained\">\n<p><strong>1. Imprud\u00eancia (\u2191): \u00c9 sempre o + \u2192 <\/strong>\u00e9 fazer mais do que o devido ou fazer o que n\u00e3o deveria ter sido feito. Ex: dirigir acima da velocidade permitida pela via p\u00fablica (houve imprud\u00eancia no excesso de velocidade)<\/p>\n<\/div><\/div>\n\n\n\n<div class=\"wp-block-group is-style-cnvs-block-bg-light has-background\" style=\"background-color:#7bdbb554\"><div class=\"wp-block-group__inner-container is-layout-constrained wp-block-group-is-layout-constrained\">\n<p><strong>2. Neglig\u00eancia (\u2193): \u00c9 fazer menos (-) <\/strong>do que era para fazer ou n\u00e3o fazer o que era devido. Ex: dirigir falando ao telefone celular (houve neglig\u00eancia na falta de aten\u00e7\u00e3o)<\/p>\n<\/div><\/div>\n\n\n\n<div class=\"wp-block-group is-style-cnvs-block-bg-light has-background\" style=\"background-color:#f78da861\"><div class=\"wp-block-group__inner-container is-layout-constrained wp-block-group-is-layout-constrained\">\n<p><strong>3.&nbsp; Imper\u00edcia: \u00c9 n\u00e3o fazer exatamente o que deveria ter sido feito \u2013 \u00e9 a falta de t\u00e9cnica em arte, of\u00edcio ou profiss\u00e3o. <\/strong>O imperito deveria ter a habilita\u00e7\u00e3o t\u00e9cnica para aquilo de forma espec\u00edfica. N\u00e3o o fez, mesmo habilitado para tanto, \u00e9 imperito.<\/p>\n<\/div><\/div>\n\n\n\n<h3 class=\"wp-block-heading\" id=\"h-risco\"><span id=\"risco\"><strong>Risco<\/strong><\/span><\/h3>\n\n\n\n<p>O risco <strong>est\u00e1 voltado a responsabilidade civil objetiva<\/strong>, em que n\u00e3o se verifica a exist\u00eancia de culpa para gerar o dever de indenizar, mas apenas da chamada teoria do risco da atividade, em que a atividade exercida pelo autor do dano implicar, por sua natureza, risco para os direitos de outrem, assim como determina o artigo 927, par\u00e1grafo \u00fanico, do C\u00f3digo Civil: <\/p>\n\n\n\n<pre class=\"wp-block-preformatted\">Art. 927: (...) Par\u00e1grafo \u00fanico. Haver\u00e1 obriga\u00e7\u00e3o de reparar o dano, independentemente de culpa, nos casos especificados em lei, ou quando a atividade normalmente desenvolvida pelo autor do dano implicar, por sua natureza, risco para os direitos de outrem.\u201d&nbsp;<\/pre>\n\n\n\n<h2 class=\"wp-block-heading\" id=\"h-responsabilidade-civil-subjetiva\"><span id=\"responsabilidade-civil-subjetiva\"><strong>Responsabilidade Civil Subjetiva<\/strong><\/span><\/h2>\n\n\n\n<p>A responsabilidade civil subjetiva implica necessariamente, para o dever de indenizar, a aferi\u00e7\u00e3o de culpa na conduta do agente causador do dano. Ou seja, obrigatoriamente dever\u00e1 ser analisada a exist\u00eancia de uma das modalidades culposas (neglig\u00eancia, imprud\u00eancia ou imper\u00edcia) para que de fato o causador do dano seja responsabilizado civilmente e tenha que reparar o dano causado. O elemento culpa, somado a conduta, dano e nexo causal, se apresentam como obrigat\u00f3rios nessa modalidade de responsabilidade civil. <\/p>\n\n\n\n<div class=\"wp-block-group is-style-cnvs-block-bordered\"><div class=\"wp-block-group__inner-container is-layout-constrained wp-block-group-is-layout-constrained\">\n<p><strong><mark style=\"background-color:rgba(0, 0, 0, 0)\" class=\"has-inline-color has-vivid-red-color\">Exemplo:<\/mark><\/strong> em uma batida de ve\u00edculos, somente ser\u00e1 responsabilizado civilmente aquele que causou a batida por qualquer uma das modalidades culposas. Caso n\u00e3o tenha culpa alguma no acidente, n\u00e3o ser\u00e1 responsabilizado.&nbsp;<\/p>\n<\/div><\/div>\n\n\n\n<p>Essa responsabilidade civil representa a regra do C\u00f3digo Civil, tanto pela leitura do artigo 186 anteriormente citado quanto pelo \u201ccaput\u201d do artigo 927: <\/p>\n\n\n\n<pre class=\"wp-block-preformatted\">\u201cAquele que, por ato il\u00edcito (arts. 186 e 187), causar dano a outrem, fica obrigado a repar\u00e1-lo.\u201d<\/pre>\n\n\n\n<h2 class=\"wp-block-heading\" id=\"h-responsabilidade-civil-objetiva-nbsp\"><span id=\"responsabilidade-civil-objetiva\"><strong>Responsabilidade Civil Objetiva&nbsp;<\/strong><\/span><\/h2>\n\n\n\n<p>J\u00e1 a responsabilidade civil objetiva, diferentemente da anterior, n\u00e3o tem como um de seus elementos obrigat\u00f3rios a culpa, mas sim o risco, tendo como o seu maior \u00edcone, o artigo 927, par\u00e1grafo \u00fanico, do C\u00f3digo Civil, que traz a atividade de risco exercida pelo causador do dano como elemento central dessa modalidade de responsabilidade civil.&nbsp;<\/p>\n\n\n\n<p>O C\u00f3digo Civil ainda elenca demais casos em que haver\u00e1 a responsabilidade civil objetiva, ou seja, situa\u00e7\u00f5es que independem de culpa para gerar a responsabiliza\u00e7\u00e3o civil. <\/p>\n\n\n\n<p>Isso se d\u00e1 no caso de responsabilidade por ato de outrem (artigos 932 e 933 do CC), em que <strong>quem responde pelo dano n\u00e3o \u00e9 quem o causou.<\/strong> Isso ocorre em <strong>tr\u00eas situa\u00e7\u00f5es: <\/strong><\/p>\n\n\n\n<div class=\"wp-block-group\"><div class=\"wp-block-group__inner-container is-layout-constrained wp-block-group-is-layout-constrained\">\n<ul class=\"wp-block-list is-style-cnvs-list-styled-negative\">\n<li>N\u00e3o se sabe quem causou; <\/li>\n\n\n\n<li>\u00c9 muito dif\u00edcil se provar quem causou o dano;<\/li>\n\n\n\n<li>Hipossuficiente quem causou o dano.&nbsp;<\/li>\n<\/ul>\n<\/div><\/div>\n\n\n\n<p>Abaixo se demonstram as situa\u00e7\u00f5es trazidas pelo C\u00f3digo Civil:<\/p>\n\n\n\n<h3 class=\"wp-block-heading\" id=\"h-1-responsabilidade-por-ato-de-outrem-artigos-932-e-933-do-cc\"><span id=\"1-responsabilidade-por-ato-de-outrem-artigos-932-e-933-do-cc\"><strong>1. Responsabilidade por ato de outrem (artigos 932 e 933 do CC):<\/strong><\/span><\/h3>\n\n\n\n<ul class=\"wp-block-list is-style-cnvs-list-styled-positive\">\n<li><strong><mark style=\"background-color:rgba(0, 0, 0, 0)\" class=\"has-inline-color has-vivid-red-color\">OS PAIS:<\/mark><\/strong> Respondem pelos danos causados pelos filhos menores e que naquele momento do dano estavam sob sua autoridade e companhia.&nbsp;<\/li>\n\n\n\n<li><strong><mark style=\"background-color:rgba(0, 0, 0, 0)\" class=\"has-inline-color has-vivid-red-color\">TUTORES E CURADORES:<\/mark><\/strong> Respondem pelos danos causados por seus tutelados\/curatelados que estejam sob sua companhia e autoridade.&nbsp;<\/li>\n\n\n\n<li><mark style=\"background-color:rgba(0, 0, 0, 0)\" class=\"has-inline-color has-vivid-red-color\"><strong>EMPREGADOR OU COMITENTE<\/strong>: <\/mark>responde pelos danos causados pelo seu empregado\/comissionado.<\/li>\n\n\n\n<li><mark style=\"background-color:rgba(0, 0, 0, 0)\" class=\"has-inline-color has-vivid-red-color\"><strong>DONOS DE HOTEIS, MOTEIS, ESCOLAS, FACULDADES<\/strong>:<\/mark> Respondem pelos danos causados por seus h\u00f3spedes e educandos.&nbsp;<\/li>\n\n\n\n<li><mark style=\"background-color:rgba(0, 0, 0, 0)\" class=\"has-inline-color has-vivid-red-color\"><strong>PESSOAS JUR\u00cdDICAS DE DIREITO P\u00daBLICO INTERNO<\/strong>:<\/mark> respondem pelos danos causados por seus agentes p\u00fablicos. (Art. 37, \u00a76\u00ba, CF e Art. 43 CC).&nbsp;<\/li>\n<\/ul>\n\n\n\n<h3 class=\"wp-block-heading\" id=\"h-2-responsabilidade-por-fato-de-coisa-ou-animal-art-936\"><span id=\"2-responsabilidade-por-fato-de-coisa-ou-animal-art-936\"><strong>2. Responsabilidade por fato de coisa ou animal (art. 936):<\/strong> <\/span><\/h3>\n\n\n\n<p>O dono ou detentor do animal responde pelos danos causados pelo animal, exceto por culpa exclusiva da v\u00edtima (o semovente \u2013 coisa m\u00f3vel, causa dano a algu\u00e9m e o seu tutor tem que reparar esse dano). <\/p>\n\n\n\n<div class=\"wp-block-group is-style-cnvs-block-bordered\"><div class=\"wp-block-group__inner-container is-layout-constrained wp-block-group-is-layout-constrained\">\n<p><strong><mark style=\"background-color:rgba(0, 0, 0, 0)\" class=\"has-inline-color has-vivid-red-color\">Exemplo:<\/mark><\/strong> Passeando com o c\u00e3o sem focinheira e esse morde algu\u00e9m passando na rua.&nbsp;<\/p>\n<\/div><\/div>\n\n\n\n<h3 class=\"wp-block-heading\" id=\"h-3-responsabilidade-pelas-coisas-caidas-ou-lancadas-de-predio-art-938\"><span id=\"3-responsabilidade-pelas-coisas-caidas-ou-lancadas-de-predio-art-938\"><strong>3. Responsabilidade pelas coisas ca\u00eddas ou lan\u00e7adas de pr\u00e9dio (art. 938):<\/strong> <\/span><\/h3>\n\n\n\n<p>O habitante do local responde por coisas lan\u00e7adas ou arremessadas deste local. <\/p>\n\n\n\n<div class=\"wp-block-group is-style-cnvs-block-bordered\"><div class=\"wp-block-group__inner-container is-layout-constrained wp-block-group-is-layout-constrained\">\n<p><strong><mark style=\"background-color:rgba(0, 0, 0, 0)\" class=\"has-inline-color has-vivid-red-color\">Exemplo: <\/mark><\/strong>Arremesso de vaso de planta do segundo andar do pr\u00e9dio.<\/p>\n<\/div><\/div>\n\n\n\n<h3 class=\"wp-block-heading\" id=\"h-4-responsabilidade-do-dono-de-edificio-art-937\"><span id=\"4-responsabilidade-do-dono-de-edificio-art-937\"><strong>4. Responsabilidade do dono de edif\u00edcio (art. 937):<\/strong> <\/span><\/h3>\n\n\n\n<p>O dono do pr\u00e9dio ou da constru\u00e7\u00e3o \u00e9 respons\u00e1vel por coisas que caiam dessa constru\u00e7\u00e3o e causem dano se esta coisa tiver em ru\u00edna, n\u00e3o importa quem seja o possuidor, inquilino, etc. <\/p>\n\n\n\n<div class=\"wp-block-group is-style-cnvs-block-bordered\"><div class=\"wp-block-group__inner-container is-layout-constrained wp-block-group-is-layout-constrained\">\n<p><strong><mark style=\"background-color:rgba(0, 0, 0, 0)\" class=\"has-inline-color has-vivid-red-color\">Exemplo:<\/mark><\/strong> Caiu uma telha e lesionou algu\u00e9m.&nbsp;<\/p>\n<\/div><\/div>\n\n\n\n<h2 class=\"wp-block-heading\" id=\"h-quadro-comparativo-responsabilidade-civil-subjetiva-x-responsabilidade-civil-objetiva\"><span id=\"quadro-comparativo-responsabilidade-civil-subjetiva-x-responsabilidade-civil-objetiva\"><strong>QUADRO COMPARATIVO: Responsabilidade Civil Subjetiva X Responsabilidade Civil Objetiva<\/strong><\/span><\/h2>\n\n\n\n<p>Veja que na pr\u00e1tica saber a distin\u00e7\u00e3o entre as duas modalidades de responsabilidade civil implicar\u00e1 em uma enorme diferen\u00e7a no momento da promo\u00e7\u00e3o de provas em eventual processo judicial, na medida em que no caso da responsabilidade civil subjetiva haver\u00e1 a necessidade de se comprovar a culpa para gerar a responsabiliza\u00e7\u00e3o civil, ao passo que na modalidade objetiva n\u00e3o haver\u00e1 a necessidade de se provar culpa, havendo a necessidade apenas da comprova\u00e7\u00e3o do dano causado e da conduta do agente.&nbsp;<\/p>\n\n\n\n<figure class=\"wp-block-table\"><table class=\"has-fixed-layout\"><tbody><tr><td><\/td><td><strong>RESPONSABILIDADE CIVIL SUBJETIVA&nbsp;<\/strong><\/td><td><strong>RESPONSABILIDADE CIVIL OBJETIVA<\/strong><\/td><\/tr><tr><td>CONDUTA<\/td><td>A\u00e7\u00e3o ou Omiss\u00e3o<\/td><td>A\u00e7\u00e3o ou Omiss\u00e3o<\/td><\/tr><tr><td>DANO<\/td><td>Material, Moral, Est\u00e9tico<\/td><td>Material, Moral, Est\u00e9tico<\/td><\/tr><tr><td>NEXO CAUSAL<\/td><td>Liga\u00e7\u00e3o entre a conduta e o dano causado<\/td><td>Liga\u00e7\u00e3o entre a conduta e o dano causado<\/td><\/tr><tr><td>CULPA<\/td><td>Neglig\u00eancia, Imprud\u00eancia ou Imper\u00edcia<\/td><td>X<\/td><\/tr><tr><td>RISCO (ATIVIDADE)<\/td><td>X<\/td><td>Exerc\u00edcio de atividade de risco ou casos espalhados pelo C\u00f3digo Civil, tais como a responsabilidade civil dos pais pelos danos causados por seus filhos<\/td><\/tr><tr><td>APLICABILIDADE<\/td><td>Regra no C\u00f3digo Civil&nbsp;<\/td><td>&#8211; Exce\u00e7\u00e3o no C\u00f3digo Civil- Regra no C\u00f3digo de Defesa do Consumidor- Responsabilidade Civil do Estado<\/td><\/tr><\/tbody><\/table><\/figure>\n\n\n\n<h2 class=\"wp-block-heading\" id=\"h-em-resumo\"><span id=\"em-resumo\"><strong>Em resumo<\/strong><\/span><\/h2>\n\n\n\n<p>Em resumo, entender a diferen\u00e7a entre a responsabilidade civil subjetiva da responsabilidade civil objetiva te auxiliar\u00e1 a compreender melhor os casos concretos que venham a versar sobre essa distin\u00e7\u00e3o na sua prova da OAB, bem como na aplicabilidade pr\u00e1tica da advocacia. Tendo dom\u00ednio desses institutos, bem como no\u00e7\u00f5es relacionadas \u00e0 Teoria Geral da responsabilidade civil, provavelmente te auxiliar\u00e1 no acerto de in\u00fameras quest\u00f5es na prova da OAB relacionadas a essa mat\u00e9ria, bem como em eventual pe\u00e7a processual, auxiliando e muito em seus estudos!<\/p>\n\n\n\n<p>Espero que essas dicas te auxiliem para o bom entendimento das no\u00e7\u00f5es relacionadas \u00e0 responsabilidade civil e as diferen\u00e7as entre as suas duas grandes modalidades!<\/p>\n\n\n\n<p>Um grande abra\u00e7o,<\/p>\n\n\n\n<p>Profa. Ver\u00f4nica Tagliari<\/p>\n\n\n\n<p class=\"has-text-align-center\"><strong>Quer ser aprovado no Exame OAB? <br>Temos as melhores op\u00e7\u00f5es <a href=\"https:\/\/oab.estrategia.com\/lp\/assinaturas\/index.html?utm_source=google&amp;utm_medium=cpc&amp;utm_campaign=oab-vd-gsh-marca&amp;gad_source=1&amp;gad_campaignid=14319512082&amp;gbraid=0AAAAADpTrcdVHLNnmf-UmZXDlSJTlhMXi&amp;gclid=Cj0KCQjwu7TCBhCYARIsAM_S3NhzIv_MhvYn9zYxDFCnhxWdQUhb9e4DZHFl6ZaCRJS-Y31zq168JIkaAkyLEALw_wcB\">AQUI!<\/a><\/strong><\/p>\n\n\n\n<div class=\"wp-block-cover\" style=\"min-height:145px;aspect-ratio:unset;\"><span aria-hidden=\"true\" class=\"wp-block-cover__background has-background-dim\"><\/span><img decoding=\"async\" width=\"1024\" height=\"190\" class=\"wp-block-cover__image-background wp-image-2272\" alt=\"\" src=\"https:\/\/oab.estrategia.com\/portal\/wp-content\/uploads\/2022\/08\/19111944\/assinatura-oab-banner-exame-de-ordem-oab-assinatura-curso-oab-1024x190.jpg\" style=\"object-position:58% 29%\" data-object-fit=\"cover\" data-object-position=\"58% 29%\" srcset=\"https:\/\/oab.estrategia.com\/portal\/wp-content\/uploads\/2022\/08\/19111944\/assinatura-oab-banner-exame-de-ordem-oab-assinatura-curso-oab-1024x190.jpg 1024w, https:\/\/oab.estrategia.com\/portal\/wp-content\/uploads\/2022\/08\/19111944\/assinatura-oab-banner-exame-de-ordem-oab-assinatura-curso-oab-300x56.jpg 300w, https:\/\/oab.estrategia.com\/portal\/wp-content\/uploads\/2022\/08\/19111944\/assinatura-oab-banner-exame-de-ordem-oab-assinatura-curso-oab-768x143.jpg 768w, https:\/\/oab.estrategia.com\/portal\/wp-content\/uploads\/2022\/08\/19111944\/assinatura-oab-banner-exame-de-ordem-oab-assinatura-curso-oab-1536x285.jpg 1536w, https:\/\/oab.estrategia.com\/portal\/wp-content\/uploads\/2022\/08\/19111944\/assinatura-oab-banner-exame-de-ordem-oab-assinatura-curso-oab-380x71.jpg 380w, https:\/\/oab.estrategia.com\/portal\/wp-content\/uploads\/2022\/08\/19111944\/assinatura-oab-banner-exame-de-ordem-oab-assinatura-curso-oab-800x149.jpg 800w, https:\/\/oab.estrategia.com\/portal\/wp-content\/uploads\/2022\/08\/19111944\/assinatura-oab-banner-exame-de-ordem-oab-assinatura-curso-oab-1160x215.jpg 1160w, https:\/\/oab.estrategia.com\/portal\/wp-content\/uploads\/2022\/08\/19111944\/assinatura-oab-banner-exame-de-ordem-oab-assinatura-curso-oab-150x28.jpg 150w, https:\/\/oab.estrategia.com\/portal\/wp-content\/uploads\/2022\/08\/19111944\/assinatura-oab-banner-exame-de-ordem-oab-assinatura-curso-oab.jpg 1890w\" sizes=\"(max-width: 1024px) 100vw, 1024px\" \/><div class=\"wp-block-cover__inner-container is-layout-flow wp-block-cover-is-layout-flow\">\n<h3 id=\"assinatura-oab\" class=\"titulo-assinatura\">Assinatura OAB<\/h3>\n<p class=\"subtitulo-assinatura\" style=\"display:block!important; line-height: 0;\">Conte\u00fado completo para a 1\u00aa e 2\u00aa fase da OAB.<\/p>\n<a target=\"_blank\" href=\"https:\/\/oab.estrategia.com\/curso\/assinatura-oab\/\" rel=\"noopener\"><button style=\"border-radius: 10px; text-transform: capitalize;\">Acessar<\/button><\/a>\n<\/div><\/div>\n\n\n\n<h3 class=\"wp-block-heading has-text-align-center\" id=\"h-fique-sabendo-primeiro-nas-nossas-redes-sociais\"><span id=\"fique-sabendo-primeiro-nas-nossas-redes-sociais\">Fique sabendo primeiro nas nossas redes sociais:<\/span><\/h3>\n\n\n\n<p class=\"has-text-align-center has-white-color has-blush-bordeaux-gradient-background has-text-color has-background has-link-color wp-elements-a706d940ea5cf65af58191b27ed323f8\"><a href=\"https:\/\/www.instagram.com\/estrategiaoab\/\" target=\"_blank\" >Instagram Estrat\u00e9gia OAB<\/a><\/p>\n\n\n\n<p class=\"has-text-align-center has-white-color has-text-color has-background has-link-color wp-elements-b4591d83ea0cde096dcd5d86ad7f20d2\" style=\"background:linear-gradient(135deg,rgb(254,205,165) 0%,rgb(254,45,45) 77%,rgb(107,0,62) 100%)\"><a href=\"https:\/\/www.youtube.com\/channel\/UC7rgrKTSF5aOrBGWOw60ovw\" target=\"_blank\" >YouTube do Estrat\u00e9gia OAB<\/a><\/p>\n\n\n\n<p class=\"has-text-align-center has-white-color has-blush-bordeaux-gradient-background has-text-color has-background has-link-color wp-elements-9ef877fc58ecd0545719549ac9523ec7\"><a href=\"http:\/\/bit.ly\/TelegramOAB\" target=\"_blank\" >Inscreva-se no nosso grupo do Telegram<\/a><\/p>\n\n\n\n<p><\/p>\n\n\n\n<p><\/p>\n\n\n\n<p><\/p>\n","protected":false},"excerpt":{"rendered":"Descubra as diferen\u00e7as entre a responsabilidade civil objetiva e subjetiva no C\u00f3digo Civil, seus fundamentos e aplica\u00e7\u00f5es pr\u00e1ticas.&hellip;\n","protected":false},"author":12,"featured_media":16385,"comment_status":"open","ping_status":"open","sticky":false,"template":"","format":"standard","meta":{"_jetpack_memberships_contains_paid_content":false,"footnotes":""},"categories":[1],"tags":[197,92,309,171,52,58,100,306,307,308],"class_list":{"0":"post-16363","1":"post","2":"type-post","3":"status-publish","4":"format-standard","5":"has-post-thumbnail","7":"category-carreira","8":"tag-1a-fase-oab","9":"tag-2a-fase-oab","10":"tag-culpa","11":"tag-direito-civil","12":"tag-estrategia-oab","13":"tag-exame-da-ordem","14":"tag-prova-oab","15":"tag-responsabilidade-civil","16":"tag-responsabilidade-civil-objetiva","17":"tag-responsabilidade-civil-subjetiva"},"acf":[],"yoast_head":"<!-- This site is optimized with the Yoast SEO Premium plugin v26.2 (Yoast SEO v27.4) - https:\/\/yoast.com\/product\/yoast-seo-premium-wordpress\/ -->\n<title>Responsabilidade Civil Objetiva e Subjetiva no C\u00f3digo Civil<\/title>\n<meta name=\"description\" content=\"Descubra as diferen\u00e7as entre a responsabilidade civil objetiva e subjetiva no C\u00f3digo Civil, seus fundamentos e aplica\u00e7\u00f5es pr\u00e1ticas.\" \/>\n<meta name=\"robots\" content=\"index, follow, max-snippet:-1, max-image-preview:large, max-video-preview:-1\" \/>\n<link rel=\"canonical\" href=\"https:\/\/oab.estrategia.com\/portal\/responsabilidade-civil-objetiva-subjetiva\/\" \/>\n<meta property=\"og:locale\" content=\"pt_BR\" \/>\n<meta property=\"og:type\" content=\"article\" \/>\n<meta property=\"og:title\" content=\"Responsabilidade Civil Objetiva e Subjetiva no C\u00f3digo Civil: Diferen\u00e7as e Aplica\u00e7\u00f5es Pr\u00e1ticas\" \/>\n<meta property=\"og:description\" content=\"Descubra as diferen\u00e7as entre a responsabilidade civil objetiva e subjetiva no C\u00f3digo Civil, seus fundamentos e aplica\u00e7\u00f5es pr\u00e1ticas.\" \/>\n<meta property=\"og:url\" content=\"https:\/\/oab.estrategia.com\/portal\/responsabilidade-civil-objetiva-subjetiva\/\" \/>\n<meta property=\"og:site_name\" content=\"Blog - OAB - Estrat\u00e9gia\" \/>\n<meta property=\"article:publisher\" content=\"https:\/\/www.facebook.com\/estrategiaoab\/\" \/>\n<meta property=\"article:published_time\" content=\"2025-03-05T16:45:23+00:00\" \/>\n<meta property=\"article:modified_time\" content=\"2025-06-15T06:28:20+00:00\" \/>\n<meta property=\"og:image\" content=\"https:\/\/oab.estrategia.com\/portal\/portal\/wp-content\/uploads\/2025\/03\/05134953\/nuevocodigocivil1.png\" \/>\n\t<meta property=\"og:image:width\" content=\"600\" \/>\n\t<meta property=\"og:image:height\" content=\"342\" \/>\n\t<meta property=\"og:image:type\" content=\"image\/png\" \/>\n<meta name=\"author\" content=\"Coordena\u00e7\u00e3o\" \/>\n<meta name=\"twitter:card\" content=\"summary_large_image\" \/>\n<meta name=\"twitter:creator\" content=\"@estrategiaoab\" \/>\n<meta name=\"twitter:site\" content=\"@estrategiaoab\" \/>\n<meta name=\"twitter:label1\" content=\"Escrito por\" \/>\n\t<meta name=\"twitter:data1\" content=\"Coordena\u00e7\u00e3o\" \/>\n\t<meta name=\"twitter:label2\" content=\"Est. tempo de leitura\" \/>\n\t<meta name=\"twitter:data2\" content=\"12 minutos\" \/>\n<script type=\"application\/ld+json\" class=\"yoast-schema-graph\">{\"@context\":\"https:\\\/\\\/schema.org\",\"@graph\":[{\"@type\":\"Article\",\"@id\":\"https:\\\/\\\/oab.estrategia.com\\\/portal\\\/responsabilidade-civil-objetiva-subjetiva\\\/#article\",\"isPartOf\":{\"@id\":\"https:\\\/\\\/oab.estrategia.com\\\/portal\\\/responsabilidade-civil-objetiva-subjetiva\\\/\"},\"author\":{\"name\":\"Coordena\u00e7\u00e3o\",\"@id\":\"https:\\\/\\\/oab.estrategia.com\\\/portal\\\/#\\\/schema\\\/person\\\/9e4f367923f195c7466d88c8e8a86d23\"},\"headline\":\"Responsabilidade Civil Objetiva e Subjetiva no C\u00f3digo Civil: Diferen\u00e7as e Aplica\u00e7\u00f5es Pr\u00e1ticas\",\"datePublished\":\"2025-03-05T16:45:23+00:00\",\"dateModified\":\"2025-06-15T06:28:20+00:00\",\"mainEntityOfPage\":{\"@id\":\"https:\\\/\\\/oab.estrategia.com\\\/portal\\\/responsabilidade-civil-objetiva-subjetiva\\\/\"},\"wordCount\":2049,\"commentCount\":0,\"publisher\":{\"@id\":\"https:\\\/\\\/oab.estrategia.com\\\/portal\\\/#organization\"},\"image\":{\"@id\":\"https:\\\/\\\/oab.estrategia.com\\\/portal\\\/responsabilidade-civil-objetiva-subjetiva\\\/#primaryimage\"},\"thumbnailUrl\":\"https:\\\/\\\/oab.estrategia.com\\\/portal\\\/wp-content\\\/uploads\\\/2025\\\/03\\\/05134953\\\/nuevocodigocivil1.png\",\"keywords\":[\"1\u00aa fase OAB\",\"2\u00aa fase OAB\",\"culpa\",\"direito civil\",\"Estrat\u00e9gia OAB\",\"Exame da Ordem\",\"prova OAB\",\"responsabilidade civil\",\"responsabilidade civil objetiva\",\"responsabilidade civil subjetiva\"],\"articleSection\":[\"Carreira\"],\"inLanguage\":\"pt-BR\",\"potentialAction\":[{\"@type\":\"CommentAction\",\"name\":\"Comment\",\"target\":[\"https:\\\/\\\/oab.estrategia.com\\\/portal\\\/responsabilidade-civil-objetiva-subjetiva\\\/#respond\"]}]},{\"@type\":\"WebPage\",\"@id\":\"https:\\\/\\\/oab.estrategia.com\\\/portal\\\/responsabilidade-civil-objetiva-subjetiva\\\/\",\"url\":\"https:\\\/\\\/oab.estrategia.com\\\/portal\\\/responsabilidade-civil-objetiva-subjetiva\\\/\",\"name\":\"Responsabilidade Civil Objetiva e Subjetiva no C\u00f3digo Civil\",\"isPartOf\":{\"@id\":\"https:\\\/\\\/oab.estrategia.com\\\/portal\\\/#website\"},\"primaryImageOfPage\":{\"@id\":\"https:\\\/\\\/oab.estrategia.com\\\/portal\\\/responsabilidade-civil-objetiva-subjetiva\\\/#primaryimage\"},\"image\":{\"@id\":\"https:\\\/\\\/oab.estrategia.com\\\/portal\\\/responsabilidade-civil-objetiva-subjetiva\\\/#primaryimage\"},\"thumbnailUrl\":\"https:\\\/\\\/oab.estrategia.com\\\/portal\\\/wp-content\\\/uploads\\\/2025\\\/03\\\/05134953\\\/nuevocodigocivil1.png\",\"datePublished\":\"2025-03-05T16:45:23+00:00\",\"dateModified\":\"2025-06-15T06:28:20+00:00\",\"description\":\"Descubra as diferen\u00e7as entre a responsabilidade civil objetiva e subjetiva no C\u00f3digo Civil, seus fundamentos e aplica\u00e7\u00f5es pr\u00e1ticas.\",\"breadcrumb\":{\"@id\":\"https:\\\/\\\/oab.estrategia.com\\\/portal\\\/responsabilidade-civil-objetiva-subjetiva\\\/#breadcrumb\"},\"inLanguage\":\"pt-BR\",\"potentialAction\":[{\"@type\":\"ReadAction\",\"target\":[\"https:\\\/\\\/oab.estrategia.com\\\/portal\\\/responsabilidade-civil-objetiva-subjetiva\\\/\"]}]},{\"@type\":\"ImageObject\",\"inLanguage\":\"pt-BR\",\"@id\":\"https:\\\/\\\/oab.estrategia.com\\\/portal\\\/responsabilidade-civil-objetiva-subjetiva\\\/#primaryimage\",\"url\":\"https:\\\/\\\/oab.estrategia.com\\\/portal\\\/wp-content\\\/uploads\\\/2025\\\/03\\\/05134953\\\/nuevocodigocivil1.png\",\"contentUrl\":\"https:\\\/\\\/oab.estrategia.com\\\/portal\\\/wp-content\\\/uploads\\\/2025\\\/03\\\/05134953\\\/nuevocodigocivil1.png\",\"width\":600,\"height\":342},{\"@type\":\"BreadcrumbList\",\"@id\":\"https:\\\/\\\/oab.estrategia.com\\\/portal\\\/responsabilidade-civil-objetiva-subjetiva\\\/#breadcrumb\",\"itemListElement\":[{\"@type\":\"ListItem\",\"position\":1,\"name\":\"In\u00edcio\",\"item\":\"https:\\\/\\\/oab.estrategia.com\\\/portal\\\/\"},{\"@type\":\"ListItem\",\"position\":2,\"name\":\"Responsabilidade Civil Objetiva e Subjetiva no C\u00f3digo Civil: Diferen\u00e7as e Aplica\u00e7\u00f5es Pr\u00e1ticas\"}]},{\"@type\":\"WebSite\",\"@id\":\"https:\\\/\\\/oab.estrategia.com\\\/portal\\\/#website\",\"url\":\"https:\\\/\\\/oab.estrategia.com\\\/portal\\\/\",\"name\":\"Blog - OAB - Estrat\u00e9gia\",\"description\":\"Blog OAB - Estrat\u00e9gia Concursos\",\"publisher\":{\"@id\":\"https:\\\/\\\/oab.estrategia.com\\\/portal\\\/#organization\"},\"potentialAction\":[{\"@type\":\"SearchAction\",\"target\":{\"@type\":\"EntryPoint\",\"urlTemplate\":\"https:\\\/\\\/oab.estrategia.com\\\/portal\\\/?s={search_term_string}\"},\"query-input\":{\"@type\":\"PropertyValueSpecification\",\"valueRequired\":true,\"valueName\":\"search_term_string\"}}],\"inLanguage\":\"pt-BR\"},{\"@type\":\"Organization\",\"@id\":\"https:\\\/\\\/oab.estrategia.com\\\/portal\\\/#organization\",\"name\":\"Estrat\u00e9gia Concursos\",\"url\":\"https:\\\/\\\/oab.estrategia.com\\\/portal\\\/\",\"logo\":{\"@type\":\"ImageObject\",\"inLanguage\":\"pt-BR\",\"@id\":\"https:\\\/\\\/oab.estrategia.com\\\/portal\\\/#\\\/schema\\\/logo\\\/image\\\/\",\"url\":\"https:\\\/\\\/oab.estrategia.com\\\/portal\\\/wp-content\\\/uploads\\\/2022\\\/04\\\/06103601\\\/oab-icone-2.png\",\"contentUrl\":\"https:\\\/\\\/oab.estrategia.com\\\/portal\\\/wp-content\\\/uploads\\\/2022\\\/04\\\/06103601\\\/oab-icone-2.png\",\"width\":900,\"height\":900,\"caption\":\"Estrat\u00e9gia Concursos\"},\"image\":{\"@id\":\"https:\\\/\\\/oab.estrategia.com\\\/portal\\\/#\\\/schema\\\/logo\\\/image\\\/\"},\"sameAs\":[\"https:\\\/\\\/www.facebook.com\\\/estrategiaoab\\\/\",\"https:\\\/\\\/x.com\\\/estrategiaoab\",\"https:\\\/\\\/www.instagram.com\\\/estrategiaoab\\\/\",\"https:\\\/\\\/www.youtube.com\\\/EstrategiaOAB\"]},{\"@type\":\"Person\",\"@id\":\"https:\\\/\\\/oab.estrategia.com\\\/portal\\\/#\\\/schema\\\/person\\\/9e4f367923f195c7466d88c8e8a86d23\",\"name\":\"Coordena\u00e7\u00e3o\",\"image\":{\"@type\":\"ImageObject\",\"inLanguage\":\"pt-BR\",\"@id\":\"https:\\\/\\\/oab.estrategia.com\\\/portal\\\/wp-content\\\/uploads\\\/2022\\\/03\\\/12164805\\\/estrategia-oab-coordenacao-96x96.png\",\"url\":\"https:\\\/\\\/oab.estrategia.com\\\/portal\\\/wp-content\\\/uploads\\\/2022\\\/03\\\/12164805\\\/estrategia-oab-coordenacao-96x96.png\",\"contentUrl\":\"https:\\\/\\\/oab.estrategia.com\\\/portal\\\/wp-content\\\/uploads\\\/2022\\\/03\\\/12164805\\\/estrategia-oab-coordenacao-96x96.png\",\"caption\":\"Coordena\u00e7\u00e3o\"},\"description\":\".\",\"url\":\"https:\\\/\\\/oab.estrategia.com\\\/portal\\\/author\\\/coordenacao\\\/\"}]}<\/script>\n<!-- \/ Yoast SEO Premium plugin. -->","yoast_head_json":{"title":"Responsabilidade Civil Objetiva e Subjetiva no C\u00f3digo Civil","description":"Descubra as diferen\u00e7as entre a responsabilidade civil objetiva e subjetiva no C\u00f3digo Civil, seus fundamentos e aplica\u00e7\u00f5es pr\u00e1ticas.","robots":{"index":"index","follow":"follow","max-snippet":"max-snippet:-1","max-image-preview":"max-image-preview:large","max-video-preview":"max-video-preview:-1"},"canonical":"https:\/\/oab.estrategia.com\/portal\/responsabilidade-civil-objetiva-subjetiva\/","og_locale":"pt_BR","og_type":"article","og_title":"Responsabilidade Civil Objetiva e Subjetiva no C\u00f3digo Civil: Diferen\u00e7as e Aplica\u00e7\u00f5es Pr\u00e1ticas","og_description":"Descubra as diferen\u00e7as entre a responsabilidade civil objetiva e subjetiva no C\u00f3digo Civil, seus fundamentos e aplica\u00e7\u00f5es pr\u00e1ticas.","og_url":"https:\/\/oab.estrategia.com\/portal\/responsabilidade-civil-objetiva-subjetiva\/","og_site_name":"Blog - OAB - Estrat\u00e9gia","article_publisher":"https:\/\/www.facebook.com\/estrategiaoab\/","article_published_time":"2025-03-05T16:45:23+00:00","article_modified_time":"2025-06-15T06:28:20+00:00","og_image":[{"width":600,"height":342,"url":"https:\/\/oab.estrategia.com\/portal\/portal\/wp-content\/uploads\/2025\/03\/05134953\/nuevocodigocivil1.png","type":"image\/png"}],"author":"Coordena\u00e7\u00e3o","twitter_card":"summary_large_image","twitter_creator":"@estrategiaoab","twitter_site":"@estrategiaoab","twitter_misc":{"Escrito por":"Coordena\u00e7\u00e3o","Est. tempo de leitura":"12 minutos"},"schema":{"@context":"https:\/\/schema.org","@graph":[{"@type":"Article","@id":"https:\/\/oab.estrategia.com\/portal\/responsabilidade-civil-objetiva-subjetiva\/#article","isPartOf":{"@id":"https:\/\/oab.estrategia.com\/portal\/responsabilidade-civil-objetiva-subjetiva\/"},"author":{"name":"Coordena\u00e7\u00e3o","@id":"https:\/\/oab.estrategia.com\/portal\/#\/schema\/person\/9e4f367923f195c7466d88c8e8a86d23"},"headline":"Responsabilidade Civil Objetiva e Subjetiva no C\u00f3digo Civil: Diferen\u00e7as e Aplica\u00e7\u00f5es Pr\u00e1ticas","datePublished":"2025-03-05T16:45:23+00:00","dateModified":"2025-06-15T06:28:20+00:00","mainEntityOfPage":{"@id":"https:\/\/oab.estrategia.com\/portal\/responsabilidade-civil-objetiva-subjetiva\/"},"wordCount":2049,"commentCount":0,"publisher":{"@id":"https:\/\/oab.estrategia.com\/portal\/#organization"},"image":{"@id":"https:\/\/oab.estrategia.com\/portal\/responsabilidade-civil-objetiva-subjetiva\/#primaryimage"},"thumbnailUrl":"https:\/\/oab.estrategia.com\/portal\/wp-content\/uploads\/2025\/03\/05134953\/nuevocodigocivil1.png","keywords":["1\u00aa fase OAB","2\u00aa fase OAB","culpa","direito civil","Estrat\u00e9gia OAB","Exame da Ordem","prova OAB","responsabilidade civil","responsabilidade civil objetiva","responsabilidade civil subjetiva"],"articleSection":["Carreira"],"inLanguage":"pt-BR","potentialAction":[{"@type":"CommentAction","name":"Comment","target":["https:\/\/oab.estrategia.com\/portal\/responsabilidade-civil-objetiva-subjetiva\/#respond"]}]},{"@type":"WebPage","@id":"https:\/\/oab.estrategia.com\/portal\/responsabilidade-civil-objetiva-subjetiva\/","url":"https:\/\/oab.estrategia.com\/portal\/responsabilidade-civil-objetiva-subjetiva\/","name":"Responsabilidade Civil Objetiva e Subjetiva no C\u00f3digo Civil","isPartOf":{"@id":"https:\/\/oab.estrategia.com\/portal\/#website"},"primaryImageOfPage":{"@id":"https:\/\/oab.estrategia.com\/portal\/responsabilidade-civil-objetiva-subjetiva\/#primaryimage"},"image":{"@id":"https:\/\/oab.estrategia.com\/portal\/responsabilidade-civil-objetiva-subjetiva\/#primaryimage"},"thumbnailUrl":"https:\/\/oab.estrategia.com\/portal\/wp-content\/uploads\/2025\/03\/05134953\/nuevocodigocivil1.png","datePublished":"2025-03-05T16:45:23+00:00","dateModified":"2025-06-15T06:28:20+00:00","description":"Descubra as diferen\u00e7as entre a responsabilidade civil objetiva e subjetiva no C\u00f3digo Civil, seus fundamentos e aplica\u00e7\u00f5es pr\u00e1ticas.","breadcrumb":{"@id":"https:\/\/oab.estrategia.com\/portal\/responsabilidade-civil-objetiva-subjetiva\/#breadcrumb"},"inLanguage":"pt-BR","potentialAction":[{"@type":"ReadAction","target":["https:\/\/oab.estrategia.com\/portal\/responsabilidade-civil-objetiva-subjetiva\/"]}]},{"@type":"ImageObject","inLanguage":"pt-BR","@id":"https:\/\/oab.estrategia.com\/portal\/responsabilidade-civil-objetiva-subjetiva\/#primaryimage","url":"https:\/\/oab.estrategia.com\/portal\/wp-content\/uploads\/2025\/03\/05134953\/nuevocodigocivil1.png","contentUrl":"https:\/\/oab.estrategia.com\/portal\/wp-content\/uploads\/2025\/03\/05134953\/nuevocodigocivil1.png","width":600,"height":342},{"@type":"BreadcrumbList","@id":"https:\/\/oab.estrategia.com\/portal\/responsabilidade-civil-objetiva-subjetiva\/#breadcrumb","itemListElement":[{"@type":"ListItem","position":1,"name":"In\u00edcio","item":"https:\/\/oab.estrategia.com\/portal\/"},{"@type":"ListItem","position":2,"name":"Responsabilidade Civil Objetiva e Subjetiva no C\u00f3digo Civil: Diferen\u00e7as e Aplica\u00e7\u00f5es Pr\u00e1ticas"}]},{"@type":"WebSite","@id":"https:\/\/oab.estrategia.com\/portal\/#website","url":"https:\/\/oab.estrategia.com\/portal\/","name":"Blog - OAB - Estrat\u00e9gia","description":"Blog OAB - Estrat\u00e9gia Concursos","publisher":{"@id":"https:\/\/oab.estrategia.com\/portal\/#organization"},"potentialAction":[{"@type":"SearchAction","target":{"@type":"EntryPoint","urlTemplate":"https:\/\/oab.estrategia.com\/portal\/?s={search_term_string}"},"query-input":{"@type":"PropertyValueSpecification","valueRequired":true,"valueName":"search_term_string"}}],"inLanguage":"pt-BR"},{"@type":"Organization","@id":"https:\/\/oab.estrategia.com\/portal\/#organization","name":"Estrat\u00e9gia Concursos","url":"https:\/\/oab.estrategia.com\/portal\/","logo":{"@type":"ImageObject","inLanguage":"pt-BR","@id":"https:\/\/oab.estrategia.com\/portal\/#\/schema\/logo\/image\/","url":"https:\/\/oab.estrategia.com\/portal\/wp-content\/uploads\/2022\/04\/06103601\/oab-icone-2.png","contentUrl":"https:\/\/oab.estrategia.com\/portal\/wp-content\/uploads\/2022\/04\/06103601\/oab-icone-2.png","width":900,"height":900,"caption":"Estrat\u00e9gia Concursos"},"image":{"@id":"https:\/\/oab.estrategia.com\/portal\/#\/schema\/logo\/image\/"},"sameAs":["https:\/\/www.facebook.com\/estrategiaoab\/","https:\/\/x.com\/estrategiaoab","https:\/\/www.instagram.com\/estrategiaoab\/","https:\/\/www.youtube.com\/EstrategiaOAB"]},{"@type":"Person","@id":"https:\/\/oab.estrategia.com\/portal\/#\/schema\/person\/9e4f367923f195c7466d88c8e8a86d23","name":"Coordena\u00e7\u00e3o","image":{"@type":"ImageObject","inLanguage":"pt-BR","@id":"https:\/\/oab.estrategia.com\/portal\/wp-content\/uploads\/2022\/03\/12164805\/estrategia-oab-coordenacao-96x96.png","url":"https:\/\/oab.estrategia.com\/portal\/wp-content\/uploads\/2022\/03\/12164805\/estrategia-oab-coordenacao-96x96.png","contentUrl":"https:\/\/oab.estrategia.com\/portal\/wp-content\/uploads\/2022\/03\/12164805\/estrategia-oab-coordenacao-96x96.png","caption":"Coordena\u00e7\u00e3o"},"description":".","url":"https:\/\/oab.estrategia.com\/portal\/author\/coordenacao\/"}]}},"jetpack_featured_media_url":"https:\/\/oab.estrategia.com\/portal\/wp-content\/uploads\/2025\/03\/05134953\/nuevocodigocivil1.png","jetpack_sharing_enabled":true,"_links":{"self":[{"href":"https:\/\/oab.estrategia.com\/portal\/wp-json\/wp\/v2\/posts\/16363","targetHints":{"allow":["GET"]}}],"collection":[{"href":"https:\/\/oab.estrategia.com\/portal\/wp-json\/wp\/v2\/posts"}],"about":[{"href":"https:\/\/oab.estrategia.com\/portal\/wp-json\/wp\/v2\/types\/post"}],"author":[{"embeddable":true,"href":"https:\/\/oab.estrategia.com\/portal\/wp-json\/wp\/v2\/users\/12"}],"replies":[{"embeddable":true,"href":"https:\/\/oab.estrategia.com\/portal\/wp-json\/wp\/v2\/comments?post=16363"}],"version-history":[{"count":21,"href":"https:\/\/oab.estrategia.com\/portal\/wp-json\/wp\/v2\/posts\/16363\/revisions"}],"predecessor-version":[{"id":19209,"href":"https:\/\/oab.estrategia.com\/portal\/wp-json\/wp\/v2\/posts\/16363\/revisions\/19209"}],"wp:featuredmedia":[{"embeddable":true,"href":"https:\/\/oab.estrategia.com\/portal\/wp-json\/wp\/v2\/media\/16385"}],"wp:attachment":[{"href":"https:\/\/oab.estrategia.com\/portal\/wp-json\/wp\/v2\/media?parent=16363"}],"wp:term":[{"taxonomy":"category","embeddable":true,"href":"https:\/\/oab.estrategia.com\/portal\/wp-json\/wp\/v2\/categories?post=16363"},{"taxonomy":"post_tag","embeddable":true,"href":"https:\/\/oab.estrategia.com\/portal\/wp-json\/wp\/v2\/tags?post=16363"}],"curies":[{"name":"wp","href":"https:\/\/api.w.org\/{rel}","templated":true}]}}