{"id":16464,"date":"2025-03-07T20:45:38","date_gmt":"2025-03-07T23:45:38","guid":{"rendered":"https:\/\/oab.estrategia.com\/portal\/?p=16464"},"modified":"2025-03-07T20:46:54","modified_gmt":"2025-03-07T23:46:54","slug":"oab-e-concursos-e-possivel-conciliar-a-carreira-e-os-estudos","status":"publish","type":"post","link":"https:\/\/oab.estrategia.com\/portal\/oab-e-concursos-e-possivel-conciliar-a-carreira-e-os-estudos\/","title":{"rendered":"OAB + Concursos: \u00e9 poss\u00edvel conciliar a carreira e os estudos?"},"content":{"rendered":"<a id=\"cta-icon\" href=\"https:\/\/sndflw.com\/i\/2-fase-da-oab-grupo\" target=\"blank\" style=\"background:rgb(174,10,11)\">\n            <img decoding=\"async\" src=\"https:\/\/oab.estrategia.com\/portal\/wp-content\/uploads\/2023\/12\/07160715\/whatsapp_1385.webp\" alt=\"\" alt=\"whatsapp_1385\"><span > Acesse agora o grupo de estudos para a 2\u00aa fase da OAB! <\/span><\/a>\n\n\n\n<p>A carreira de advogado exige dedica\u00e7\u00e3o e planejamento, especialmente para quem precisa equilibrar os estudos com o exerc\u00edcio da profiss\u00e3o.<\/p>\n\n\n\n<p>A aprova\u00e7\u00e3o no <a href=\"https:\/\/oab.estrategia.com\/\" target=\"_blank\" >exame da OAB<\/a> \u00e9 um passo fundamental, mas garantir uma vaga em <a href=\"https:\/\/cj.estrategia.com\/\" target=\"_blank\" >concursos jur\u00eddicos<\/a> pode ser desafiador. Pensando nisso, preparamos este artigo com dicas essenciais para ajud\u00e1-lo a conciliar carreira e estudos de forma eficiente.<\/p>\n\n\n\n<h2 id=\"como-conciliar-a-carreira-e-os-estudos\" class=\"wp-block-heading\">Como conciliar a carreira e os estudos?<\/h2>\n\n\n\n<p>Para equilibrar a rotina profissional com a <a href=\"https:\/\/oab.estrategia.com\/\" target=\"_blank\" >prepara\u00e7\u00e3o para a OAB<\/a> e <a href=\"https:\/\/cj.estrategia.com\/\" target=\"_blank\" >concursos jur\u00eddicos<\/a>, a organiza\u00e7\u00e3o \u00e9 indispens\u00e1vel. Criar um cronograma estruturado, com hor\u00e1rios dedicados a cada atividade: estudos, trabalho e faculdade, pode fazer toda a diferen\u00e7a!<\/p>\n\n\n\n<p>Uma estrat\u00e9gia eficaz \u00e9 reservar <strong>pelo menos uma hora di\u00e1ria para os estudos de cada atividade.<\/strong> Esse h\u00e1bito potencializa seu foco e contribui para alcan\u00e7ar seus objetivos a longo prazo.<\/p>\n\n\n\n<p>Al\u00e9m disso, o cronograma do <a href=\"https:\/\/oab.estrategia.com\/\" target=\"_blank\" >Estrat\u00e9gia OAB<\/a> abrange diversas \u00e1reas do Direito, o que pode fortalecer seu desempenho acad\u00eamico e garantir um diferencial competitivo tanto na universidade quanto nos concursos.<\/p>\n\n\n\n<h2 id=\"e-possivel-estudar-para-a-oab-e-para-concursos-ao-mesmo-tempo\" class=\"wp-block-heading\">\u00c9 poss\u00edvel estudar para a OAB e para concursos ao mesmo tempo?<\/h2>\n\n\n\n<p><strong>Sim! Na verdade, essa pode ser uma vantagem.<\/strong> Muitas disciplinas cobradas no exame da OAB tamb\u00e9m aparecem em <a href=\"https:\/\/cj.estrategia.com\/\" target=\"_blank\" >concursos jur\u00eddicos<\/a>. Isso significa que, ao estudar para um, voc\u00ea estar\u00e1 se preparando indiretamente para o outro, otimizando seu tempo e ampliando suas chances de aprova\u00e7\u00e3o.<\/p>\n\n\n\n<p>Com planejamento e a metodologia certa, \u00e9 totalmente poss\u00edvel equilibrar a rotina profissional com os estudos e alcan\u00e7ar seus objetivos na advocacia e nos concursos jur\u00eddicos.<\/p>\n\n\n\n<p class=\"has-text-align-center\"><em><em>Est\u00e1 pronto para come\u00e7ar a prepara\u00e7\u00e3o para OAB?<\/em><br><em>Os cursos do&nbsp;<strong><a href=\"https:\/\/oab.estrategia.com\/\" target=\"_blank\" >Estrat\u00e9gia OAB<\/a><\/strong> s\u00e3o o que voc\u00ea precisa para alcan\u00e7ar a aprova\u00e7\u00e3o!<\/em><\/em><\/p>\n\n\n\n<div class=\"wp-block-cover\" style=\"min-height:145px;aspect-ratio:unset;\"><span aria-hidden=\"true\" class=\"wp-block-cover__background has-background-dim\"><\/span><img decoding=\"async\" width=\"1024\" height=\"190\" class=\"wp-block-cover__image-background wp-image-2272\" alt=\"\" src=\"https:\/\/oab.estrategia.com\/portal\/wp-content\/uploads\/2022\/08\/19111944\/assinatura-oab-banner-exame-de-ordem-oab-assinatura-curso-oab-1024x190.jpg\" style=\"object-position:58% 29%\" data-object-fit=\"cover\" data-object-position=\"58% 29%\" srcset=\"https:\/\/oab.estrategia.com\/portal\/wp-content\/uploads\/2022\/08\/19111944\/assinatura-oab-banner-exame-de-ordem-oab-assinatura-curso-oab-1024x190.jpg 1024w, https:\/\/oab.estrategia.com\/portal\/wp-content\/uploads\/2022\/08\/19111944\/assinatura-oab-banner-exame-de-ordem-oab-assinatura-curso-oab-300x56.jpg 300w, https:\/\/oab.estrategia.com\/portal\/wp-content\/uploads\/2022\/08\/19111944\/assinatura-oab-banner-exame-de-ordem-oab-assinatura-curso-oab-768x143.jpg 768w, https:\/\/oab.estrategia.com\/portal\/wp-content\/uploads\/2022\/08\/19111944\/assinatura-oab-banner-exame-de-ordem-oab-assinatura-curso-oab-1536x285.jpg 1536w, https:\/\/oab.estrategia.com\/portal\/wp-content\/uploads\/2022\/08\/19111944\/assinatura-oab-banner-exame-de-ordem-oab-assinatura-curso-oab-380x71.jpg 380w, https:\/\/oab.estrategia.com\/portal\/wp-content\/uploads\/2022\/08\/19111944\/assinatura-oab-banner-exame-de-ordem-oab-assinatura-curso-oab-800x149.jpg 800w, https:\/\/oab.estrategia.com\/portal\/wp-content\/uploads\/2022\/08\/19111944\/assinatura-oab-banner-exame-de-ordem-oab-assinatura-curso-oab-1160x215.jpg 1160w, https:\/\/oab.estrategia.com\/portal\/wp-content\/uploads\/2022\/08\/19111944\/assinatura-oab-banner-exame-de-ordem-oab-assinatura-curso-oab-150x28.jpg 150w, https:\/\/oab.estrategia.com\/portal\/wp-content\/uploads\/2022\/08\/19111944\/assinatura-oab-banner-exame-de-ordem-oab-assinatura-curso-oab.jpg 1890w\" sizes=\"(max-width: 1024px) 100vw, 1024px\" \/><div class=\"wp-block-cover__inner-container is-layout-flow wp-block-cover-is-layout-flow\">\n<h3 id=\"assinatura-oab\" class=\"titulo-assinatura\">Assinatura OAB<\/h3>\n<p class=\"subtitulo-assinatura\" style=\"display:block!important; line-height: 0;\">Conte\u00fado completo para a 1\u00aa e 2\u00aa fase da OAB.<\/p>\n<a target=\"_blank\" href=\"https:\/\/oab.estrategia.com\/curso\/assinatura-oab\/\" rel=\"noopener\"><button style=\"border-radius: 10px; text-transform: capitalize;\">Acessar<\/button><\/a>\n<\/div><\/div>\n\n\n\n<p><em>Conte\u00fado completo e atualizado at\u00e9 voc\u00ea obter a aprova\u00e7\u00e3o na OAB. Conhe\u00e7a o LDI &#8211; \ud83d\udcbbLivro Digital Interativo: exclusividade da Assinatura OAB!<\/em><\/p>\n\n\n\n<h2 class=\"wp-block-heading has-text-align-center\" id=\"h-quer-saber-mais-sobre-o-exame-de-ordem-acesse-o-nosso-guia-completo\"><span id=\"quer-saber-mais-sobre-o-exame-de-ordemacesse-o-nosso-guia-completo\">Quer saber mais sobre o Exame de Ordem?<br>Acesse o nosso guia completo: <\/span><\/h2>\n\n\n\n<p class=\"has-text-align-center has-white-color has-vivid-red-background-color has-text-color has-background has-link-color has-medium-font-size wp-elements-7dc6086fe92da57b6a81eeaa83f0d857\"><a href=\"https:\/\/oab.estrategia.com\/portal\/prova-oab\/\" target=\"_blank\" >PROVA OAB <\/a><\/p>\n\n\n\n<p class=\"has-text-align-center\"><strong>Nossas redes sociais<\/strong><\/p>\n\n\n\n<p class=\"has-text-align-center has-pale-cyan-blue-background-color has-background\"><a href=\"https:\/\/www.instagram.com\/estrategiaoab\/\" target=\"_blank\" >Instagram Estrat\u00e9gia OAB<\/a><\/p>\n\n\n\n<p class=\"has-text-align-center has-light-green-cyan-background-color has-background\"><a href=\"https:\/\/www.youtube.com\/channel\/UC7rgrKTSF5aOrBGWOw60ovw\" target=\"_blank\" >YouTube do Estrat\u00e9gia OAB<\/a><\/p>\n\n\n\n<p class=\"has-text-align-center\"><strong>Grupo de Telegram para a OAB<\/strong><\/p>\n\n\n\n<p class=\"has-text-align-center has-luminous-vivid-amber-background-color has-background\"><a href=\"http:\/\/bit.ly\/TelegramOAB\" target=\"_blank\" >Inscreva-se no nosso grupo do Telegram<\/a><\/p>\n\n\n\n<p><\/p>\n\n\n\n<p><\/p>\n","protected":false},"excerpt":{"rendered":"A carreira de advogado exige dedica\u00e7\u00e3o e planejamento, especialmente para quem precisa equilibrar os estudos com o exerc\u00edcio&hellip;\n","protected":false},"author":117,"featured_media":16228,"comment_status":"open","ping_status":"open","sticky":false,"template":"","format":"standard","meta":{"_jetpack_memberships_contains_paid_content":false,"footnotes":""},"categories":[32,1,48],"tags":[],"class_list":{"0":"post-16464","1":"post","2":"type-post","3":"status-publish","4":"format-standard","5":"has-post-thumbnail","7":"category-advocacia","8":"category-carreira","9":"category-dicas-oab"},"acf":[],"yoast_head":"<!-- This site is optimized with the Yoast SEO Premium plugin v26.2 (Yoast SEO v27.4) - https:\/\/yoast.com\/product\/yoast-seo-premium-wordpress\/ -->\n<title>OAB + Concursos: \u00e9 poss\u00edvel conciliar a carreira e os estudos?<\/title>\n<meta name=\"description\" content=\"Existem muitos desafios na carreira de Advogado entre eles ser aprovado na OAB e tamb\u00e9m conseguir ser aprovado em um concurso...\" \/>\n<meta name=\"robots\" content=\"index, follow, max-snippet:-1, max-image-preview:large, max-video-preview:-1\" \/>\n<link rel=\"canonical\" href=\"https:\/\/oab.estrategia.com\/portal\/oab-e-concursos-e-possivel-conciliar-a-carreira-e-os-estudos\/\" \/>\n<meta property=\"og:locale\" content=\"pt_BR\" \/>\n<meta property=\"og:type\" content=\"article\" \/>\n<meta property=\"og:title\" content=\"OAB + Concursos: \u00e9 poss\u00edvel conciliar a carreira e os estudos?\" \/>\n<meta property=\"og:description\" content=\"Existem muitos desafios na carreira de Advogado entre eles ser aprovado na OAB e tamb\u00e9m conseguir ser aprovado em um concurso...\" \/>\n<meta property=\"og:url\" content=\"https:\/\/oab.estrategia.com\/portal\/oab-e-concursos-e-possivel-conciliar-a-carreira-e-os-estudos\/\" \/>\n<meta property=\"og:site_name\" content=\"Blog - OAB - Estrat\u00e9gia\" \/>\n<meta property=\"article:publisher\" content=\"https:\/\/www.facebook.com\/estrategiaoab\/\" \/>\n<meta property=\"article:published_time\" content=\"2025-03-07T23:45:38+00:00\" \/>\n<meta property=\"article:modified_time\" content=\"2025-03-07T23:46:54+00:00\" \/>\n<meta property=\"og:image\" content=\"https:\/\/oab.estrategia.com\/portal\/portal\/wp-content\/uploads\/2025\/02\/28104159\/estudos-burnout-estafa.jpg\" \/>\n\t<meta property=\"og:image:width\" content=\"2000\" \/>\n\t<meta property=\"og:image:height\" content=\"1021\" \/>\n\t<meta property=\"og:image:type\" content=\"image\/jpeg\" \/>\n<meta name=\"author\" content=\"Priscila Bonomi\" \/>\n<meta name=\"twitter:card\" content=\"summary_large_image\" \/>\n<meta name=\"twitter:creator\" content=\"@estrategiaoab\" \/>\n<meta name=\"twitter:site\" content=\"@estrategiaoab\" \/>\n<meta name=\"twitter:label1\" content=\"Escrito por\" \/>\n\t<meta name=\"twitter:data1\" content=\"Priscila Bonomi\" \/>\n\t<meta name=\"twitter:label2\" content=\"Est. tempo de leitura\" \/>\n\t<meta name=\"twitter:data2\" content=\"3 minutos\" \/>\n<script type=\"application\/ld+json\" class=\"yoast-schema-graph\">{\"@context\":\"https:\\\/\\\/schema.org\",\"@graph\":[{\"@type\":\"Article\",\"@id\":\"https:\\\/\\\/oab.estrategia.com\\\/portal\\\/oab-e-concursos-e-possivel-conciliar-a-carreira-e-os-estudos\\\/#article\",\"isPartOf\":{\"@id\":\"https:\\\/\\\/oab.estrategia.com\\\/portal\\\/oab-e-concursos-e-possivel-conciliar-a-carreira-e-os-estudos\\\/\"},\"author\":{\"name\":\"Priscila Bonomi\",\"@id\":\"https:\\\/\\\/oab.estrategia.com\\\/portal\\\/#\\\/schema\\\/person\\\/74fa7e131ce7fd0199e3ef003d93dd2a\"},\"headline\":\"OAB + Concursos: \u00e9 poss\u00edvel conciliar a carreira e os estudos?\",\"datePublished\":\"2025-03-07T23:45:38+00:00\",\"dateModified\":\"2025-03-07T23:46:54+00:00\",\"mainEntityOfPage\":{\"@id\":\"https:\\\/\\\/oab.estrategia.com\\\/portal\\\/oab-e-concursos-e-possivel-conciliar-a-carreira-e-os-estudos\\\/\"},\"wordCount\":346,\"commentCount\":0,\"publisher\":{\"@id\":\"https:\\\/\\\/oab.estrategia.com\\\/portal\\\/#organization\"},\"image\":{\"@id\":\"https:\\\/\\\/oab.estrategia.com\\\/portal\\\/oab-e-concursos-e-possivel-conciliar-a-carreira-e-os-estudos\\\/#primaryimage\"},\"thumbnailUrl\":\"https:\\\/\\\/oab.estrategia.com\\\/portal\\\/wp-content\\\/uploads\\\/2025\\\/02\\\/28104159\\\/estudos-burnout-estafa.jpg\",\"articleSection\":[\"Advocacia\",\"Carreira\",\"Dicas OAB\"],\"inLanguage\":\"pt-BR\",\"potentialAction\":[{\"@type\":\"CommentAction\",\"name\":\"Comment\",\"target\":[\"https:\\\/\\\/oab.estrategia.com\\\/portal\\\/oab-e-concursos-e-possivel-conciliar-a-carreira-e-os-estudos\\\/#respond\"]}]},{\"@type\":\"WebPage\",\"@id\":\"https:\\\/\\\/oab.estrategia.com\\\/portal\\\/oab-e-concursos-e-possivel-conciliar-a-carreira-e-os-estudos\\\/\",\"url\":\"https:\\\/\\\/oab.estrategia.com\\\/portal\\\/oab-e-concursos-e-possivel-conciliar-a-carreira-e-os-estudos\\\/\",\"name\":\"OAB + Concursos: \u00e9 poss\u00edvel conciliar a carreira e os estudos?\",\"isPartOf\":{\"@id\":\"https:\\\/\\\/oab.estrategia.com\\\/portal\\\/#website\"},\"primaryImageOfPage\":{\"@id\":\"https:\\\/\\\/oab.estrategia.com\\\/portal\\\/oab-e-concursos-e-possivel-conciliar-a-carreira-e-os-estudos\\\/#primaryimage\"},\"image\":{\"@id\":\"https:\\\/\\\/oab.estrategia.com\\\/portal\\\/oab-e-concursos-e-possivel-conciliar-a-carreira-e-os-estudos\\\/#primaryimage\"},\"thumbnailUrl\":\"https:\\\/\\\/oab.estrategia.com\\\/portal\\\/wp-content\\\/uploads\\\/2025\\\/02\\\/28104159\\\/estudos-burnout-estafa.jpg\",\"datePublished\":\"2025-03-07T23:45:38+00:00\",\"dateModified\":\"2025-03-07T23:46:54+00:00\",\"description\":\"Existem muitos desafios na carreira de Advogado entre eles ser aprovado na OAB e tamb\u00e9m conseguir ser aprovado em um concurso...\",\"breadcrumb\":{\"@id\":\"https:\\\/\\\/oab.estrategia.com\\\/portal\\\/oab-e-concursos-e-possivel-conciliar-a-carreira-e-os-estudos\\\/#breadcrumb\"},\"inLanguage\":\"pt-BR\",\"potentialAction\":[{\"@type\":\"ReadAction\",\"target\":[\"https:\\\/\\\/oab.estrategia.com\\\/portal\\\/oab-e-concursos-e-possivel-conciliar-a-carreira-e-os-estudos\\\/\"]}]},{\"@type\":\"ImageObject\",\"inLanguage\":\"pt-BR\",\"@id\":\"https:\\\/\\\/oab.estrategia.com\\\/portal\\\/oab-e-concursos-e-possivel-conciliar-a-carreira-e-os-estudos\\\/#primaryimage\",\"url\":\"https:\\\/\\\/oab.estrategia.com\\\/portal\\\/wp-content\\\/uploads\\\/2025\\\/02\\\/28104159\\\/estudos-burnout-estafa.jpg\",\"contentUrl\":\"https:\\\/\\\/oab.estrategia.com\\\/portal\\\/wp-content\\\/uploads\\\/2025\\\/02\\\/28104159\\\/estudos-burnout-estafa.jpg\",\"width\":2000,\"height\":1021},{\"@type\":\"BreadcrumbList\",\"@id\":\"https:\\\/\\\/oab.estrategia.com\\\/portal\\\/oab-e-concursos-e-possivel-conciliar-a-carreira-e-os-estudos\\\/#breadcrumb\",\"itemListElement\":[{\"@type\":\"ListItem\",\"position\":1,\"name\":\"In\u00edcio\",\"item\":\"https:\\\/\\\/oab.estrategia.com\\\/portal\\\/\"},{\"@type\":\"ListItem\",\"position\":2,\"name\":\"OAB + Concursos: \u00e9 poss\u00edvel conciliar a carreira e os estudos?\"}]},{\"@type\":\"WebSite\",\"@id\":\"https:\\\/\\\/oab.estrategia.com\\\/portal\\\/#website\",\"url\":\"https:\\\/\\\/oab.estrategia.com\\\/portal\\\/\",\"name\":\"Blog - OAB - Estrat\u00e9gia\",\"description\":\"Blog OAB - Estrat\u00e9gia Concursos\",\"publisher\":{\"@id\":\"https:\\\/\\\/oab.estrategia.com\\\/portal\\\/#organization\"},\"potentialAction\":[{\"@type\":\"SearchAction\",\"target\":{\"@type\":\"EntryPoint\",\"urlTemplate\":\"https:\\\/\\\/oab.estrategia.com\\\/portal\\\/?s={search_term_string}\"},\"query-input\":{\"@type\":\"PropertyValueSpecification\",\"valueRequired\":true,\"valueName\":\"search_term_string\"}}],\"inLanguage\":\"pt-BR\"},{\"@type\":\"Organization\",\"@id\":\"https:\\\/\\\/oab.estrategia.com\\\/portal\\\/#organization\",\"name\":\"Estrat\u00e9gia Concursos\",\"url\":\"https:\\\/\\\/oab.estrategia.com\\\/portal\\\/\",\"logo\":{\"@type\":\"ImageObject\",\"inLanguage\":\"pt-BR\",\"@id\":\"https:\\\/\\\/oab.estrategia.com\\\/portal\\\/#\\\/schema\\\/logo\\\/image\\\/\",\"url\":\"https:\\\/\\\/oab.estrategia.com\\\/portal\\\/wp-content\\\/uploads\\\/2022\\\/04\\\/06103601\\\/oab-icone-2.png\",\"contentUrl\":\"https:\\\/\\\/oab.estrategia.com\\\/portal\\\/wp-content\\\/uploads\\\/2022\\\/04\\\/06103601\\\/oab-icone-2.png\",\"width\":900,\"height\":900,\"caption\":\"Estrat\u00e9gia Concursos\"},\"image\":{\"@id\":\"https:\\\/\\\/oab.estrategia.com\\\/portal\\\/#\\\/schema\\\/logo\\\/image\\\/\"},\"sameAs\":[\"https:\\\/\\\/www.facebook.com\\\/estrategiaoab\\\/\",\"https:\\\/\\\/x.com\\\/estrategiaoab\",\"https:\\\/\\\/www.instagram.com\\\/estrategiaoab\\\/\",\"https:\\\/\\\/www.youtube.com\\\/EstrategiaOAB\"]},{\"@type\":\"Person\",\"@id\":\"https:\\\/\\\/oab.estrategia.com\\\/portal\\\/#\\\/schema\\\/person\\\/74fa7e131ce7fd0199e3ef003d93dd2a\",\"name\":\"Priscila Bonomi\",\"image\":{\"@type\":\"ImageObject\",\"inLanguage\":\"pt-BR\",\"@id\":\"https:\\\/\\\/oab.estrategia.com\\\/portal\\\/wp-content\\\/uploads\\\/2025\\\/05\\\/05144855\\\/Imagem-do-WhatsApp-de-2025-05-05-as-14.47.57_b98168e4-96x96.jpg\",\"url\":\"https:\\\/\\\/oab.estrategia.com\\\/portal\\\/wp-content\\\/uploads\\\/2025\\\/05\\\/05144855\\\/Imagem-do-WhatsApp-de-2025-05-05-as-14.47.57_b98168e4-96x96.jpg\",\"contentUrl\":\"https:\\\/\\\/oab.estrategia.com\\\/portal\\\/wp-content\\\/uploads\\\/2025\\\/05\\\/05144855\\\/Imagem-do-WhatsApp-de-2025-05-05-as-14.47.57_b98168e4-96x96.jpg\",\"caption\":\"Priscila Bonomi\"},\"url\":\"https:\\\/\\\/oab.estrategia.com\\\/portal\\\/author\\\/priscila-bonomi\\\/\"}]}<\/script>\n<!-- \/ Yoast SEO Premium plugin. -->","yoast_head_json":{"title":"OAB + Concursos: \u00e9 poss\u00edvel conciliar a carreira e os estudos?","description":"Existem muitos desafios na carreira de Advogado entre eles ser aprovado na OAB e tamb\u00e9m conseguir ser aprovado em um concurso...","robots":{"index":"index","follow":"follow","max-snippet":"max-snippet:-1","max-image-preview":"max-image-preview:large","max-video-preview":"max-video-preview:-1"},"canonical":"https:\/\/oab.estrategia.com\/portal\/oab-e-concursos-e-possivel-conciliar-a-carreira-e-os-estudos\/","og_locale":"pt_BR","og_type":"article","og_title":"OAB + Concursos: \u00e9 poss\u00edvel conciliar a carreira e os estudos?","og_description":"Existem muitos desafios na carreira de Advogado entre eles ser aprovado na OAB e tamb\u00e9m conseguir ser aprovado em um concurso...","og_url":"https:\/\/oab.estrategia.com\/portal\/oab-e-concursos-e-possivel-conciliar-a-carreira-e-os-estudos\/","og_site_name":"Blog - OAB - Estrat\u00e9gia","article_publisher":"https:\/\/www.facebook.com\/estrategiaoab\/","article_published_time":"2025-03-07T23:45:38+00:00","article_modified_time":"2025-03-07T23:46:54+00:00","og_image":[{"width":2000,"height":1021,"url":"https:\/\/oab.estrategia.com\/portal\/portal\/wp-content\/uploads\/2025\/02\/28104159\/estudos-burnout-estafa.jpg","type":"image\/jpeg"}],"author":"Priscila Bonomi","twitter_card":"summary_large_image","twitter_creator":"@estrategiaoab","twitter_site":"@estrategiaoab","twitter_misc":{"Escrito por":"Priscila Bonomi","Est. tempo de leitura":"3 minutos"},"schema":{"@context":"https:\/\/schema.org","@graph":[{"@type":"Article","@id":"https:\/\/oab.estrategia.com\/portal\/oab-e-concursos-e-possivel-conciliar-a-carreira-e-os-estudos\/#article","isPartOf":{"@id":"https:\/\/oab.estrategia.com\/portal\/oab-e-concursos-e-possivel-conciliar-a-carreira-e-os-estudos\/"},"author":{"name":"Priscila Bonomi","@id":"https:\/\/oab.estrategia.com\/portal\/#\/schema\/person\/74fa7e131ce7fd0199e3ef003d93dd2a"},"headline":"OAB + Concursos: \u00e9 poss\u00edvel conciliar a carreira e os estudos?","datePublished":"2025-03-07T23:45:38+00:00","dateModified":"2025-03-07T23:46:54+00:00","mainEntityOfPage":{"@id":"https:\/\/oab.estrategia.com\/portal\/oab-e-concursos-e-possivel-conciliar-a-carreira-e-os-estudos\/"},"wordCount":346,"commentCount":0,"publisher":{"@id":"https:\/\/oab.estrategia.com\/portal\/#organization"},"image":{"@id":"https:\/\/oab.estrategia.com\/portal\/oab-e-concursos-e-possivel-conciliar-a-carreira-e-os-estudos\/#primaryimage"},"thumbnailUrl":"https:\/\/oab.estrategia.com\/portal\/wp-content\/uploads\/2025\/02\/28104159\/estudos-burnout-estafa.jpg","articleSection":["Advocacia","Carreira","Dicas OAB"],"inLanguage":"pt-BR","potentialAction":[{"@type":"CommentAction","name":"Comment","target":["https:\/\/oab.estrategia.com\/portal\/oab-e-concursos-e-possivel-conciliar-a-carreira-e-os-estudos\/#respond"]}]},{"@type":"WebPage","@id":"https:\/\/oab.estrategia.com\/portal\/oab-e-concursos-e-possivel-conciliar-a-carreira-e-os-estudos\/","url":"https:\/\/oab.estrategia.com\/portal\/oab-e-concursos-e-possivel-conciliar-a-carreira-e-os-estudos\/","name":"OAB + Concursos: \u00e9 poss\u00edvel conciliar a carreira e os estudos?","isPartOf":{"@id":"https:\/\/oab.estrategia.com\/portal\/#website"},"primaryImageOfPage":{"@id":"https:\/\/oab.estrategia.com\/portal\/oab-e-concursos-e-possivel-conciliar-a-carreira-e-os-estudos\/#primaryimage"},"image":{"@id":"https:\/\/oab.estrategia.com\/portal\/oab-e-concursos-e-possivel-conciliar-a-carreira-e-os-estudos\/#primaryimage"},"thumbnailUrl":"https:\/\/oab.estrategia.com\/portal\/wp-content\/uploads\/2025\/02\/28104159\/estudos-burnout-estafa.jpg","datePublished":"2025-03-07T23:45:38+00:00","dateModified":"2025-03-07T23:46:54+00:00","description":"Existem muitos desafios na carreira de Advogado entre eles ser aprovado na OAB e tamb\u00e9m conseguir ser aprovado em um concurso...","breadcrumb":{"@id":"https:\/\/oab.estrategia.com\/portal\/oab-e-concursos-e-possivel-conciliar-a-carreira-e-os-estudos\/#breadcrumb"},"inLanguage":"pt-BR","potentialAction":[{"@type":"ReadAction","target":["https:\/\/oab.estrategia.com\/portal\/oab-e-concursos-e-possivel-conciliar-a-carreira-e-os-estudos\/"]}]},{"@type":"ImageObject","inLanguage":"pt-BR","@id":"https:\/\/oab.estrategia.com\/portal\/oab-e-concursos-e-possivel-conciliar-a-carreira-e-os-estudos\/#primaryimage","url":"https:\/\/oab.estrategia.com\/portal\/wp-content\/uploads\/2025\/02\/28104159\/estudos-burnout-estafa.jpg","contentUrl":"https:\/\/oab.estrategia.com\/portal\/wp-content\/uploads\/2025\/02\/28104159\/estudos-burnout-estafa.jpg","width":2000,"height":1021},{"@type":"BreadcrumbList","@id":"https:\/\/oab.estrategia.com\/portal\/oab-e-concursos-e-possivel-conciliar-a-carreira-e-os-estudos\/#breadcrumb","itemListElement":[{"@type":"ListItem","position":1,"name":"In\u00edcio","item":"https:\/\/oab.estrategia.com\/portal\/"},{"@type":"ListItem","position":2,"name":"OAB + Concursos: \u00e9 poss\u00edvel conciliar a carreira e os estudos?"}]},{"@type":"WebSite","@id":"https:\/\/oab.estrategia.com\/portal\/#website","url":"https:\/\/oab.estrategia.com\/portal\/","name":"Blog - OAB - Estrat\u00e9gia","description":"Blog OAB - Estrat\u00e9gia Concursos","publisher":{"@id":"https:\/\/oab.estrategia.com\/portal\/#organization"},"potentialAction":[{"@type":"SearchAction","target":{"@type":"EntryPoint","urlTemplate":"https:\/\/oab.estrategia.com\/portal\/?s={search_term_string}"},"query-input":{"@type":"PropertyValueSpecification","valueRequired":true,"valueName":"search_term_string"}}],"inLanguage":"pt-BR"},{"@type":"Organization","@id":"https:\/\/oab.estrategia.com\/portal\/#organization","name":"Estrat\u00e9gia Concursos","url":"https:\/\/oab.estrategia.com\/portal\/","logo":{"@type":"ImageObject","inLanguage":"pt-BR","@id":"https:\/\/oab.estrategia.com\/portal\/#\/schema\/logo\/image\/","url":"https:\/\/oab.estrategia.com\/portal\/wp-content\/uploads\/2022\/04\/06103601\/oab-icone-2.png","contentUrl":"https:\/\/oab.estrategia.com\/portal\/wp-content\/uploads\/2022\/04\/06103601\/oab-icone-2.png","width":900,"height":900,"caption":"Estrat\u00e9gia Concursos"},"image":{"@id":"https:\/\/oab.estrategia.com\/portal\/#\/schema\/logo\/image\/"},"sameAs":["https:\/\/www.facebook.com\/estrategiaoab\/","https:\/\/x.com\/estrategiaoab","https:\/\/www.instagram.com\/estrategiaoab\/","https:\/\/www.youtube.com\/EstrategiaOAB"]},{"@type":"Person","@id":"https:\/\/oab.estrategia.com\/portal\/#\/schema\/person\/74fa7e131ce7fd0199e3ef003d93dd2a","name":"Priscila Bonomi","image":{"@type":"ImageObject","inLanguage":"pt-BR","@id":"https:\/\/oab.estrategia.com\/portal\/wp-content\/uploads\/2025\/05\/05144855\/Imagem-do-WhatsApp-de-2025-05-05-as-14.47.57_b98168e4-96x96.jpg","url":"https:\/\/oab.estrategia.com\/portal\/wp-content\/uploads\/2025\/05\/05144855\/Imagem-do-WhatsApp-de-2025-05-05-as-14.47.57_b98168e4-96x96.jpg","contentUrl":"https:\/\/oab.estrategia.com\/portal\/wp-content\/uploads\/2025\/05\/05144855\/Imagem-do-WhatsApp-de-2025-05-05-as-14.47.57_b98168e4-96x96.jpg","caption":"Priscila Bonomi"},"url":"https:\/\/oab.estrategia.com\/portal\/author\/priscila-bonomi\/"}]}},"jetpack_featured_media_url":"https:\/\/oab.estrategia.com\/portal\/wp-content\/uploads\/2025\/02\/28104159\/estudos-burnout-estafa.jpg","jetpack_sharing_enabled":true,"_links":{"self":[{"href":"https:\/\/oab.estrategia.com\/portal\/wp-json\/wp\/v2\/posts\/16464","targetHints":{"allow":["GET"]}}],"collection":[{"href":"https:\/\/oab.estrategia.com\/portal\/wp-json\/wp\/v2\/posts"}],"about":[{"href":"https:\/\/oab.estrategia.com\/portal\/wp-json\/wp\/v2\/types\/post"}],"author":[{"embeddable":true,"href":"https:\/\/oab.estrategia.com\/portal\/wp-json\/wp\/v2\/users\/117"}],"replies":[{"embeddable":true,"href":"https:\/\/oab.estrategia.com\/portal\/wp-json\/wp\/v2\/comments?post=16464"}],"version-history":[{"count":6,"href":"https:\/\/oab.estrategia.com\/portal\/wp-json\/wp\/v2\/posts\/16464\/revisions"}],"predecessor-version":[{"id":16470,"href":"https:\/\/oab.estrategia.com\/portal\/wp-json\/wp\/v2\/posts\/16464\/revisions\/16470"}],"wp:featuredmedia":[{"embeddable":true,"href":"https:\/\/oab.estrategia.com\/portal\/wp-json\/wp\/v2\/media\/16228"}],"wp:attachment":[{"href":"https:\/\/oab.estrategia.com\/portal\/wp-json\/wp\/v2\/media?parent=16464"}],"wp:term":[{"taxonomy":"category","embeddable":true,"href":"https:\/\/oab.estrategia.com\/portal\/wp-json\/wp\/v2\/categories?post=16464"},{"taxonomy":"post_tag","embeddable":true,"href":"https:\/\/oab.estrategia.com\/portal\/wp-json\/wp\/v2\/tags?post=16464"}],"curies":[{"name":"wp","href":"https:\/\/api.w.org\/{rel}","templated":true}]}}