{"id":16643,"date":"2025-03-13T08:00:00","date_gmt":"2025-03-13T11:00:00","guid":{"rendered":"https:\/\/oab.estrategia.com\/portal\/?p=16643"},"modified":"2025-03-12T17:01:38","modified_gmt":"2025-03-12T20:01:38","slug":"prazo-recursal-para-o-resultado-do-42o-eou-comeca-hoje","status":"publish","type":"post","link":"https:\/\/oab.estrategia.com\/portal\/prazo-recursal-para-o-resultado-do-42o-eou-comeca-hoje\/","title":{"rendered":"Prazo recursal para o resultado do 42\u00ba EOU come\u00e7a hoje!"},"content":{"rendered":"<a id=\"cta-icon\" href=\"https:\/\/www.redirectmais.com\/run\/2-fase-da-oab-41\" target=\"blank\" style=\"background:rgb(174,10,11)\">\n            <img decoding=\"async\" src=\"https:\/\/oab.estrategia.com\/portal\/wp-content\/uploads\/2023\/12\/07160715\/whatsapp_1385.webp\" alt=\"\" alt=\"whatsapp_1385\"><span > Acesse agora o Grupo de Estudos da 2\u00aa Fase da OAB 41<\/span><\/a>\n\n\n<a id=\"cta-icon\" href=\"https:\/\/www.redirectmais.com\/wpp\/1-fase-da-oab-grupo\" target=\"blank\" style=\"background:rgb(174,10,11)\">\n            <img decoding=\"async\" src=\"https:\/\/oab.estrategia.com\/portal\/wp-content\/uploads\/2023\/12\/07160715\/whatsapp_1385.webp\" alt=\"\" alt=\"whatsapp_1385\"><span > Acesse agora o Grupo de Estudos para a 1\u00aa Fase da OAB 42<\/span><\/a>\n\n\n\n<p>A Coordena\u00e7\u00e3o Nacional do Exame da Ordem Unificado (EOU) da OAB Nacional e a Funda\u00e7\u00e3o Get\u00falio Vargas abrir\u00e1 nesta quinta-feira (13\/03), a partir das 12h, o\u00a0<strong>prazo recursal contra o resultado preliminar<\/strong>\u00a0da 2\u00aa fase (prova pr\u00e1tico-profissional) do 42\u00ba Exame da Ordem. <\/p>\n\n\n\n<p>De acordo com o edital, o prazo ser\u00e1 encerrado <strong>\u00e0s 12h do dia 16 de mar\u00e7o<\/strong>, pelo hor\u00e1rio oficial de Bras\u00edlia (DF). <\/p>\n\n\n\n<ul class=\"wp-block-list\">\n<li><a href=\"https:\/\/oab.fgv.br\/\" target=\"_blank\" >Apresenta\u00e7\u00e3o de recursos.<\/a><\/li>\n<\/ul>\n\n\n\n<h4 class=\"wp-block-heading has-text-align-left\" id=\"h-precisa-de-ajuda-para-montar-o-seu-recurso-o-estrategia-oab-disponibiliza-o-servico-de-recursos-no-qual-um-de-nossos-professores-vai-elaborar-o-parecer-com-todas-as-fundamentacoes-necessarias-para-reverter-a-sua-nota\"><span id=\"precisa-de-ajuda-para-montar-o-seu-recurso-o-estrategia-oab-disponibiliza-o-servico-de-recursos-no-qual-um-de-nossos-professores-vai-elaborar-o-parecer-com-todas-as-fundamentacoes-necessarias-para\"><strong>Precisa de ajuda para montar o seu recurso? O Estrat\u00e9gia OAB disponibiliza o <a href=\"https:\/\/mkt.estrategia.com\/oab\/vendas-recursos-de-2-fase-oab-42\/\">servi\u00e7o de recursos<\/a>, no qual um de nossos professores vai elaborar o parecer com todas as fundamenta\u00e7\u00f5es necess\u00e1rias para\u00a0reverter a sua nota!<\/strong><\/span><\/h4>\n\n\n\n<p>As provas da\u00a0<strong>2\u00aa fase\u00a0<strong>do 42\u00ba Exame de Ordem<\/strong><\/strong>\u00a0<strong>foram realizadas no dia 16 de fevereiro<\/strong>\u00a0e consistiu em uma prova objetiva com 80 quest\u00f5es de m\u00faltipla escolha com quatro alternativas. <\/p>\n\n\n\n<ul class=\"wp-block-list\">\n<li><a href=\"https:\/\/s.oab.org.br\/arquivos\/2025\/03\/7323f582-7421-4ae6-8002-6b74c05ff48e.pdf\" target=\"_blank\" >Resultado Preliminar \u2013 prova pr\u00e1tico-profissional (2\u00aa fase)<\/a>\u00a0\u2013 42\u00ba EOU<\/li>\n<\/ul>\n\n\n\n<p>Vale destacar que o <strong>resultado definitivo da 2\u00aa fase <\/strong>est\u00e1 previsto para o dia <strong>27\/03\/2024.<\/strong><\/p>\n\n\n\n<p><strong>Confira tamb\u00e9m:<\/strong> <\/p>\n\n\n\n<ul class=\"wp-block-list\">\n<li><a href=\"https:\/\/oab.estrategia.com\/portal\/recurso-oab\/\" target=\"_blank\" >Recursos OAB: Descubra como fazer o seu!<\/a><\/li>\n<\/ul>\n\n\n\n<h2 class=\"wp-block-heading has-text-align-center\" id=\"h-quer-saber-mais-sobre-o-exame-de-ordem\"><span id=\"quer-saber-mais-sobre-o-exame-de-ordem\">Quer saber mais sobre o Exame de Ordem?<\/span><\/h2>\n\n\n\n<p class=\"has-text-align-center has-pale-pink-background-color has-background has-medium-font-size\"><strong><a href=\"https:\/\/oab.estrategia.com\/portal\/prova-oab\/\" target=\"_blank\" >Prova OAB<\/a><\/strong><\/p>\n\n\n\n<div class=\"wp-block-group\"><div class=\"wp-block-group__inner-container is-layout-constrained wp-block-group-is-layout-constrained\">\n<div class=\"wp-block-cover\" style=\"min-height:84px;aspect-ratio:unset;\"><img decoding=\"async\" width=\"1160\" height=\"215\" class=\"wp-block-cover__image-background wp-image-15434\" alt=\"\" src=\"https:\/\/oab.estrategia.com\/portal\/wp-content\/uploads\/2025\/01\/31012626\/Banner-curso-de-ingles-no-seu-ritmo-vermelho-e-azul-moderno-1160-x-215-px.png\" style=\"object-position:100% 28%\" data-object-fit=\"cover\" data-object-position=\"100% 28%\" srcset=\"https:\/\/oab.estrategia.com\/portal\/wp-content\/uploads\/2025\/01\/31012626\/Banner-curso-de-ingles-no-seu-ritmo-vermelho-e-azul-moderno-1160-x-215-px.png 1160w, https:\/\/oab.estrategia.com\/portal\/wp-content\/uploads\/2025\/01\/31012626\/Banner-curso-de-ingles-no-seu-ritmo-vermelho-e-azul-moderno-1160-x-215-px-300x56.png 300w, https:\/\/oab.estrategia.com\/portal\/wp-content\/uploads\/2025\/01\/31012626\/Banner-curso-de-ingles-no-seu-ritmo-vermelho-e-azul-moderno-1160-x-215-px-1024x190.png 1024w, https:\/\/oab.estrategia.com\/portal\/wp-content\/uploads\/2025\/01\/31012626\/Banner-curso-de-ingles-no-seu-ritmo-vermelho-e-azul-moderno-1160-x-215-px-768x142.png 768w, https:\/\/oab.estrategia.com\/portal\/wp-content\/uploads\/2025\/01\/31012626\/Banner-curso-de-ingles-no-seu-ritmo-vermelho-e-azul-moderno-1160-x-215-px-380x70.png 380w, https:\/\/oab.estrategia.com\/portal\/wp-content\/uploads\/2025\/01\/31012626\/Banner-curso-de-ingles-no-seu-ritmo-vermelho-e-azul-moderno-1160-x-215-px-800x148.png 800w, https:\/\/oab.estrategia.com\/portal\/wp-content\/uploads\/2025\/01\/31012626\/Banner-curso-de-ingles-no-seu-ritmo-vermelho-e-azul-moderno-1160-x-215-px-150x28.png 150w\" sizes=\"(max-width: 1160px) 100vw, 1160px\" \/><span aria-hidden=\"true\" class=\"wp-block-cover__background has-background-dim\"><\/span><div class=\"wp-block-cover__inner-container is-layout-flow wp-block-cover-is-layout-flow\">\n<h3 id=\"cursos-para-a-2a-fase-da-oab\" class=\"titulo-assinatura\">Cursos para a 2\u00aa Fase da OAB<\/h3>\n<p class=\"subtitulo-assinatura\" style=\"display:block!important; line-height: 0;\">Conhe\u00e7a os cursos!<\/p>\n<a target=\"_blank\" href=\"https:\/\/oab.estrategia.com\/concursos\/cursos\/segunda-fase-oab\" rel=\"noopener\"><button style=\"border-radius: 10px; text-transform: capitalize;\">Acessar<\/button><\/a>\n<\/div><\/div>\n<\/div><\/div>\n\n\n\n<p class=\"has-text-align-center has-pale-cyan-blue-background-color has-background\"><a href=\"https:\/\/www.youtube.com\/@EstrategiaOAB\/featured\" target=\"_blank\" ><strong>Youtube &#8211; Estrat\u00e9gia OAB<\/strong><\/a><\/p>\n\n\n\n<p><\/p>\n","protected":false},"excerpt":{"rendered":"A Coordena\u00e7\u00e3o Nacional do Exame da Ordem Unificado (EOU) da OAB Nacional e a Funda\u00e7\u00e3o Get\u00falio Vargas abrir\u00e1&hellip;\n","protected":false},"author":87,"featured_media":2744,"comment_status":"open","ping_status":"open","sticky":false,"template":"","format":"standard","meta":{"_jetpack_memberships_contains_paid_content":false,"footnotes":""},"categories":[31,1],"tags":[],"class_list":{"0":"post-16643","1":"post","2":"type-post","3":"status-publish","4":"format-standard","5":"has-post-thumbnail","7":"category-2a-fase-oab","8":"category-carreira"},"acf":[],"yoast_head":"<!-- This site is optimized with the Yoast SEO Premium plugin v26.2 (Yoast SEO v27.4) - https:\/\/yoast.com\/product\/yoast-seo-premium-wordpress\/ -->\n<title>Prazo recursal para o resultado do 42\u00ba EOU come\u00e7a hoje!<\/title>\n<meta name=\"description\" content=\"Confira neste artigo a data do prazo recursal contra o resultado preliminar da prova pr\u00e1tico-profissional do 42\u00ba EOU.\" \/>\n<meta name=\"robots\" content=\"index, follow, max-snippet:-1, max-image-preview:large, max-video-preview:-1\" \/>\n<link rel=\"canonical\" href=\"https:\/\/oab.estrategia.com\/portal\/prazo-recursal-para-o-resultado-do-42o-eou-comeca-hoje\/\" \/>\n<meta property=\"og:locale\" content=\"pt_BR\" \/>\n<meta property=\"og:type\" content=\"article\" \/>\n<meta property=\"og:title\" content=\"Prazo recursal para o resultado do 42\u00ba EOU come\u00e7a hoje!\" \/>\n<meta property=\"og:description\" content=\"Confira neste artigo a data do prazo recursal contra o resultado preliminar da prova pr\u00e1tico-profissional do 42\u00ba EOU.\" \/>\n<meta property=\"og:url\" content=\"https:\/\/oab.estrategia.com\/portal\/prazo-recursal-para-o-resultado-do-42o-eou-comeca-hoje\/\" \/>\n<meta property=\"og:site_name\" content=\"Blog - OAB - Estrat\u00e9gia\" \/>\n<meta property=\"article:publisher\" content=\"https:\/\/www.facebook.com\/estrategiaoab\/\" \/>\n<meta property=\"article:published_time\" content=\"2025-03-13T11:00:00+00:00\" \/>\n<meta property=\"og:image\" content=\"https:\/\/oab.estrategia.com\/portal\/portal\/wp-content\/uploads\/2022\/06\/16101758\/exame-oab-exame-de-ordem-ordem-dos-advogados-calendario-de-datas-oab-2023.png\" \/>\n\t<meta property=\"og:image:width\" content=\"960\" \/>\n\t<meta property=\"og:image:height\" content=\"540\" \/>\n\t<meta property=\"og:image:type\" content=\"image\/png\" \/>\n<meta name=\"author\" content=\"Ana Carolina Jurado Centurion Gomes\" \/>\n<meta name=\"twitter:card\" content=\"summary_large_image\" \/>\n<meta name=\"twitter:creator\" content=\"@estrategiaoab\" \/>\n<meta name=\"twitter:site\" content=\"@estrategiaoab\" \/>\n<meta name=\"twitter:label1\" content=\"Escrito por\" \/>\n\t<meta name=\"twitter:data1\" content=\"Ana Carolina Jurado Centurion Gomes\" \/>\n\t<meta name=\"twitter:label2\" content=\"Est. tempo de leitura\" \/>\n\t<meta name=\"twitter:data2\" content=\"2 minutos\" \/>\n<script type=\"application\/ld+json\" class=\"yoast-schema-graph\">{\"@context\":\"https:\\\/\\\/schema.org\",\"@graph\":[{\"@type\":\"Article\",\"@id\":\"https:\\\/\\\/oab.estrategia.com\\\/portal\\\/prazo-recursal-para-o-resultado-do-42o-eou-comeca-hoje\\\/#article\",\"isPartOf\":{\"@id\":\"https:\\\/\\\/oab.estrategia.com\\\/portal\\\/prazo-recursal-para-o-resultado-do-42o-eou-comeca-hoje\\\/\"},\"author\":{\"name\":\"Ana Carolina Jurado Centurion Gomes\",\"@id\":\"https:\\\/\\\/oab.estrategia.com\\\/portal\\\/#\\\/schema\\\/person\\\/29111937b9f85fb11458d553ef505fe4\"},\"headline\":\"Prazo recursal para o resultado do 42\u00ba EOU come\u00e7a hoje!\",\"datePublished\":\"2025-03-13T11:00:00+00:00\",\"mainEntityOfPage\":{\"@id\":\"https:\\\/\\\/oab.estrategia.com\\\/portal\\\/prazo-recursal-para-o-resultado-do-42o-eou-comeca-hoje\\\/\"},\"wordCount\":202,\"commentCount\":0,\"publisher\":{\"@id\":\"https:\\\/\\\/oab.estrategia.com\\\/portal\\\/#organization\"},\"image\":{\"@id\":\"https:\\\/\\\/oab.estrategia.com\\\/portal\\\/prazo-recursal-para-o-resultado-do-42o-eou-comeca-hoje\\\/#primaryimage\"},\"thumbnailUrl\":\"https:\\\/\\\/oab.estrategia.com\\\/portal\\\/wp-content\\\/uploads\\\/2022\\\/06\\\/16101758\\\/exame-oab-exame-de-ordem-ordem-dos-advogados-calendario-de-datas-oab-2023.png\",\"articleSection\":[\"2\u00aa Fase OAB\",\"Carreira\"],\"inLanguage\":\"pt-BR\",\"potentialAction\":[{\"@type\":\"CommentAction\",\"name\":\"Comment\",\"target\":[\"https:\\\/\\\/oab.estrategia.com\\\/portal\\\/prazo-recursal-para-o-resultado-do-42o-eou-comeca-hoje\\\/#respond\"]}]},{\"@type\":\"WebPage\",\"@id\":\"https:\\\/\\\/oab.estrategia.com\\\/portal\\\/prazo-recursal-para-o-resultado-do-42o-eou-comeca-hoje\\\/\",\"url\":\"https:\\\/\\\/oab.estrategia.com\\\/portal\\\/prazo-recursal-para-o-resultado-do-42o-eou-comeca-hoje\\\/\",\"name\":\"Prazo recursal para o resultado do 42\u00ba EOU come\u00e7a hoje!\",\"isPartOf\":{\"@id\":\"https:\\\/\\\/oab.estrategia.com\\\/portal\\\/#website\"},\"primaryImageOfPage\":{\"@id\":\"https:\\\/\\\/oab.estrategia.com\\\/portal\\\/prazo-recursal-para-o-resultado-do-42o-eou-comeca-hoje\\\/#primaryimage\"},\"image\":{\"@id\":\"https:\\\/\\\/oab.estrategia.com\\\/portal\\\/prazo-recursal-para-o-resultado-do-42o-eou-comeca-hoje\\\/#primaryimage\"},\"thumbnailUrl\":\"https:\\\/\\\/oab.estrategia.com\\\/portal\\\/wp-content\\\/uploads\\\/2022\\\/06\\\/16101758\\\/exame-oab-exame-de-ordem-ordem-dos-advogados-calendario-de-datas-oab-2023.png\",\"datePublished\":\"2025-03-13T11:00:00+00:00\",\"description\":\"Confira neste artigo a data do prazo recursal contra o resultado preliminar da prova pr\u00e1tico-profissional do 42\u00ba EOU.\",\"breadcrumb\":{\"@id\":\"https:\\\/\\\/oab.estrategia.com\\\/portal\\\/prazo-recursal-para-o-resultado-do-42o-eou-comeca-hoje\\\/#breadcrumb\"},\"inLanguage\":\"pt-BR\",\"potentialAction\":[{\"@type\":\"ReadAction\",\"target\":[\"https:\\\/\\\/oab.estrategia.com\\\/portal\\\/prazo-recursal-para-o-resultado-do-42o-eou-comeca-hoje\\\/\"]}]},{\"@type\":\"ImageObject\",\"inLanguage\":\"pt-BR\",\"@id\":\"https:\\\/\\\/oab.estrategia.com\\\/portal\\\/prazo-recursal-para-o-resultado-do-42o-eou-comeca-hoje\\\/#primaryimage\",\"url\":\"https:\\\/\\\/oab.estrategia.com\\\/portal\\\/wp-content\\\/uploads\\\/2022\\\/06\\\/16101758\\\/exame-oab-exame-de-ordem-ordem-dos-advogados-calendario-de-datas-oab-2023.png\",\"contentUrl\":\"https:\\\/\\\/oab.estrategia.com\\\/portal\\\/wp-content\\\/uploads\\\/2022\\\/06\\\/16101758\\\/exame-oab-exame-de-ordem-ordem-dos-advogados-calendario-de-datas-oab-2023.png\",\"width\":960,\"height\":540,\"caption\":\"Calend\u00e1rio de datas OAB 2023\"},{\"@type\":\"BreadcrumbList\",\"@id\":\"https:\\\/\\\/oab.estrategia.com\\\/portal\\\/prazo-recursal-para-o-resultado-do-42o-eou-comeca-hoje\\\/#breadcrumb\",\"itemListElement\":[{\"@type\":\"ListItem\",\"position\":1,\"name\":\"In\u00edcio\",\"item\":\"https:\\\/\\\/oab.estrategia.com\\\/portal\\\/\"},{\"@type\":\"ListItem\",\"position\":2,\"name\":\"Prazo recursal para o resultado do 42\u00ba EOU come\u00e7a hoje!\"}]},{\"@type\":\"WebSite\",\"@id\":\"https:\\\/\\\/oab.estrategia.com\\\/portal\\\/#website\",\"url\":\"https:\\\/\\\/oab.estrategia.com\\\/portal\\\/\",\"name\":\"Blog - OAB - Estrat\u00e9gia\",\"description\":\"Blog OAB - Estrat\u00e9gia Concursos\",\"publisher\":{\"@id\":\"https:\\\/\\\/oab.estrategia.com\\\/portal\\\/#organization\"},\"potentialAction\":[{\"@type\":\"SearchAction\",\"target\":{\"@type\":\"EntryPoint\",\"urlTemplate\":\"https:\\\/\\\/oab.estrategia.com\\\/portal\\\/?s={search_term_string}\"},\"query-input\":{\"@type\":\"PropertyValueSpecification\",\"valueRequired\":true,\"valueName\":\"search_term_string\"}}],\"inLanguage\":\"pt-BR\"},{\"@type\":\"Organization\",\"@id\":\"https:\\\/\\\/oab.estrategia.com\\\/portal\\\/#organization\",\"name\":\"Estrat\u00e9gia Concursos\",\"url\":\"https:\\\/\\\/oab.estrategia.com\\\/portal\\\/\",\"logo\":{\"@type\":\"ImageObject\",\"inLanguage\":\"pt-BR\",\"@id\":\"https:\\\/\\\/oab.estrategia.com\\\/portal\\\/#\\\/schema\\\/logo\\\/image\\\/\",\"url\":\"https:\\\/\\\/oab.estrategia.com\\\/portal\\\/wp-content\\\/uploads\\\/2022\\\/04\\\/06103601\\\/oab-icone-2.png\",\"contentUrl\":\"https:\\\/\\\/oab.estrategia.com\\\/portal\\\/wp-content\\\/uploads\\\/2022\\\/04\\\/06103601\\\/oab-icone-2.png\",\"width\":900,\"height\":900,\"caption\":\"Estrat\u00e9gia Concursos\"},\"image\":{\"@id\":\"https:\\\/\\\/oab.estrategia.com\\\/portal\\\/#\\\/schema\\\/logo\\\/image\\\/\"},\"sameAs\":[\"https:\\\/\\\/www.facebook.com\\\/estrategiaoab\\\/\",\"https:\\\/\\\/x.com\\\/estrategiaoab\",\"https:\\\/\\\/www.instagram.com\\\/estrategiaoab\\\/\",\"https:\\\/\\\/www.youtube.com\\\/EstrategiaOAB\"]},{\"@type\":\"Person\",\"@id\":\"https:\\\/\\\/oab.estrategia.com\\\/portal\\\/#\\\/schema\\\/person\\\/29111937b9f85fb11458d553ef505fe4\",\"name\":\"Ana Carolina Jurado Centurion Gomes\",\"image\":{\"@type\":\"ImageObject\",\"inLanguage\":\"pt-BR\",\"@id\":\"https:\\\/\\\/oab.estrategia.com\\\/portal\\\/wp-content\\\/uploads\\\/2024\\\/04\\\/29134755\\\/1679532598692-96x96.jpg\",\"url\":\"https:\\\/\\\/oab.estrategia.com\\\/portal\\\/wp-content\\\/uploads\\\/2024\\\/04\\\/29134755\\\/1679532598692-96x96.jpg\",\"contentUrl\":\"https:\\\/\\\/oab.estrategia.com\\\/portal\\\/wp-content\\\/uploads\\\/2024\\\/04\\\/29134755\\\/1679532598692-96x96.jpg\",\"caption\":\"Ana Carolina Jurado Centurion Gomes\"},\"description\":\"Jornalista do Estrat\u00e9gia Carreira Jur\u00eddica e Estrat\u00e9gia OAB. Al\u00e9m disso, \u00e9 Mestra em Estudos da M\u00eddia pela UFRN, Bacharel em Jornalismo pela UFPB e desenvolve um projeto pessoal de turismo nas redes sociais.\",\"url\":\"https:\\\/\\\/oab.estrategia.com\\\/portal\\\/author\\\/ana-carolina-gomes\\\/\"}]}<\/script>\n<!-- \/ Yoast SEO Premium plugin. -->","yoast_head_json":{"title":"Prazo recursal para o resultado do 42\u00ba EOU come\u00e7a hoje!","description":"Confira neste artigo a data do prazo recursal contra o resultado preliminar da prova pr\u00e1tico-profissional do 42\u00ba EOU.","robots":{"index":"index","follow":"follow","max-snippet":"max-snippet:-1","max-image-preview":"max-image-preview:large","max-video-preview":"max-video-preview:-1"},"canonical":"https:\/\/oab.estrategia.com\/portal\/prazo-recursal-para-o-resultado-do-42o-eou-comeca-hoje\/","og_locale":"pt_BR","og_type":"article","og_title":"Prazo recursal para o resultado do 42\u00ba EOU come\u00e7a hoje!","og_description":"Confira neste artigo a data do prazo recursal contra o resultado preliminar da prova pr\u00e1tico-profissional do 42\u00ba EOU.","og_url":"https:\/\/oab.estrategia.com\/portal\/prazo-recursal-para-o-resultado-do-42o-eou-comeca-hoje\/","og_site_name":"Blog - OAB - Estrat\u00e9gia","article_publisher":"https:\/\/www.facebook.com\/estrategiaoab\/","article_published_time":"2025-03-13T11:00:00+00:00","og_image":[{"width":960,"height":540,"url":"https:\/\/oab.estrategia.com\/portal\/portal\/wp-content\/uploads\/2022\/06\/16101758\/exame-oab-exame-de-ordem-ordem-dos-advogados-calendario-de-datas-oab-2023.png","type":"image\/png"}],"author":"Ana Carolina Jurado Centurion Gomes","twitter_card":"summary_large_image","twitter_creator":"@estrategiaoab","twitter_site":"@estrategiaoab","twitter_misc":{"Escrito por":"Ana Carolina Jurado Centurion Gomes","Est. tempo de leitura":"2 minutos"},"schema":{"@context":"https:\/\/schema.org","@graph":[{"@type":"Article","@id":"https:\/\/oab.estrategia.com\/portal\/prazo-recursal-para-o-resultado-do-42o-eou-comeca-hoje\/#article","isPartOf":{"@id":"https:\/\/oab.estrategia.com\/portal\/prazo-recursal-para-o-resultado-do-42o-eou-comeca-hoje\/"},"author":{"name":"Ana Carolina Jurado Centurion Gomes","@id":"https:\/\/oab.estrategia.com\/portal\/#\/schema\/person\/29111937b9f85fb11458d553ef505fe4"},"headline":"Prazo recursal para o resultado do 42\u00ba EOU come\u00e7a hoje!","datePublished":"2025-03-13T11:00:00+00:00","mainEntityOfPage":{"@id":"https:\/\/oab.estrategia.com\/portal\/prazo-recursal-para-o-resultado-do-42o-eou-comeca-hoje\/"},"wordCount":202,"commentCount":0,"publisher":{"@id":"https:\/\/oab.estrategia.com\/portal\/#organization"},"image":{"@id":"https:\/\/oab.estrategia.com\/portal\/prazo-recursal-para-o-resultado-do-42o-eou-comeca-hoje\/#primaryimage"},"thumbnailUrl":"https:\/\/oab.estrategia.com\/portal\/wp-content\/uploads\/2022\/06\/16101758\/exame-oab-exame-de-ordem-ordem-dos-advogados-calendario-de-datas-oab-2023.png","articleSection":["2\u00aa Fase OAB","Carreira"],"inLanguage":"pt-BR","potentialAction":[{"@type":"CommentAction","name":"Comment","target":["https:\/\/oab.estrategia.com\/portal\/prazo-recursal-para-o-resultado-do-42o-eou-comeca-hoje\/#respond"]}]},{"@type":"WebPage","@id":"https:\/\/oab.estrategia.com\/portal\/prazo-recursal-para-o-resultado-do-42o-eou-comeca-hoje\/","url":"https:\/\/oab.estrategia.com\/portal\/prazo-recursal-para-o-resultado-do-42o-eou-comeca-hoje\/","name":"Prazo recursal para o resultado do 42\u00ba EOU come\u00e7a hoje!","isPartOf":{"@id":"https:\/\/oab.estrategia.com\/portal\/#website"},"primaryImageOfPage":{"@id":"https:\/\/oab.estrategia.com\/portal\/prazo-recursal-para-o-resultado-do-42o-eou-comeca-hoje\/#primaryimage"},"image":{"@id":"https:\/\/oab.estrategia.com\/portal\/prazo-recursal-para-o-resultado-do-42o-eou-comeca-hoje\/#primaryimage"},"thumbnailUrl":"https:\/\/oab.estrategia.com\/portal\/wp-content\/uploads\/2022\/06\/16101758\/exame-oab-exame-de-ordem-ordem-dos-advogados-calendario-de-datas-oab-2023.png","datePublished":"2025-03-13T11:00:00+00:00","description":"Confira neste artigo a data do prazo recursal contra o resultado preliminar da prova pr\u00e1tico-profissional do 42\u00ba EOU.","breadcrumb":{"@id":"https:\/\/oab.estrategia.com\/portal\/prazo-recursal-para-o-resultado-do-42o-eou-comeca-hoje\/#breadcrumb"},"inLanguage":"pt-BR","potentialAction":[{"@type":"ReadAction","target":["https:\/\/oab.estrategia.com\/portal\/prazo-recursal-para-o-resultado-do-42o-eou-comeca-hoje\/"]}]},{"@type":"ImageObject","inLanguage":"pt-BR","@id":"https:\/\/oab.estrategia.com\/portal\/prazo-recursal-para-o-resultado-do-42o-eou-comeca-hoje\/#primaryimage","url":"https:\/\/oab.estrategia.com\/portal\/wp-content\/uploads\/2022\/06\/16101758\/exame-oab-exame-de-ordem-ordem-dos-advogados-calendario-de-datas-oab-2023.png","contentUrl":"https:\/\/oab.estrategia.com\/portal\/wp-content\/uploads\/2022\/06\/16101758\/exame-oab-exame-de-ordem-ordem-dos-advogados-calendario-de-datas-oab-2023.png","width":960,"height":540,"caption":"Calend\u00e1rio de datas OAB 2023"},{"@type":"BreadcrumbList","@id":"https:\/\/oab.estrategia.com\/portal\/prazo-recursal-para-o-resultado-do-42o-eou-comeca-hoje\/#breadcrumb","itemListElement":[{"@type":"ListItem","position":1,"name":"In\u00edcio","item":"https:\/\/oab.estrategia.com\/portal\/"},{"@type":"ListItem","position":2,"name":"Prazo recursal para o resultado do 42\u00ba EOU come\u00e7a hoje!"}]},{"@type":"WebSite","@id":"https:\/\/oab.estrategia.com\/portal\/#website","url":"https:\/\/oab.estrategia.com\/portal\/","name":"Blog - OAB - Estrat\u00e9gia","description":"Blog OAB - Estrat\u00e9gia Concursos","publisher":{"@id":"https:\/\/oab.estrategia.com\/portal\/#organization"},"potentialAction":[{"@type":"SearchAction","target":{"@type":"EntryPoint","urlTemplate":"https:\/\/oab.estrategia.com\/portal\/?s={search_term_string}"},"query-input":{"@type":"PropertyValueSpecification","valueRequired":true,"valueName":"search_term_string"}}],"inLanguage":"pt-BR"},{"@type":"Organization","@id":"https:\/\/oab.estrategia.com\/portal\/#organization","name":"Estrat\u00e9gia Concursos","url":"https:\/\/oab.estrategia.com\/portal\/","logo":{"@type":"ImageObject","inLanguage":"pt-BR","@id":"https:\/\/oab.estrategia.com\/portal\/#\/schema\/logo\/image\/","url":"https:\/\/oab.estrategia.com\/portal\/wp-content\/uploads\/2022\/04\/06103601\/oab-icone-2.png","contentUrl":"https:\/\/oab.estrategia.com\/portal\/wp-content\/uploads\/2022\/04\/06103601\/oab-icone-2.png","width":900,"height":900,"caption":"Estrat\u00e9gia Concursos"},"image":{"@id":"https:\/\/oab.estrategia.com\/portal\/#\/schema\/logo\/image\/"},"sameAs":["https:\/\/www.facebook.com\/estrategiaoab\/","https:\/\/x.com\/estrategiaoab","https:\/\/www.instagram.com\/estrategiaoab\/","https:\/\/www.youtube.com\/EstrategiaOAB"]},{"@type":"Person","@id":"https:\/\/oab.estrategia.com\/portal\/#\/schema\/person\/29111937b9f85fb11458d553ef505fe4","name":"Ana Carolina Jurado Centurion Gomes","image":{"@type":"ImageObject","inLanguage":"pt-BR","@id":"https:\/\/oab.estrategia.com\/portal\/wp-content\/uploads\/2024\/04\/29134755\/1679532598692-96x96.jpg","url":"https:\/\/oab.estrategia.com\/portal\/wp-content\/uploads\/2024\/04\/29134755\/1679532598692-96x96.jpg","contentUrl":"https:\/\/oab.estrategia.com\/portal\/wp-content\/uploads\/2024\/04\/29134755\/1679532598692-96x96.jpg","caption":"Ana Carolina Jurado Centurion Gomes"},"description":"Jornalista do Estrat\u00e9gia Carreira Jur\u00eddica e Estrat\u00e9gia OAB. Al\u00e9m disso, \u00e9 Mestra em Estudos da M\u00eddia pela UFRN, Bacharel em Jornalismo pela UFPB e desenvolve um projeto pessoal de turismo nas redes sociais.","url":"https:\/\/oab.estrategia.com\/portal\/author\/ana-carolina-gomes\/"}]}},"jetpack_featured_media_url":"https:\/\/oab.estrategia.com\/portal\/wp-content\/uploads\/2022\/06\/16101758\/exame-oab-exame-de-ordem-ordem-dos-advogados-calendario-de-datas-oab-2023.png","jetpack_sharing_enabled":true,"_links":{"self":[{"href":"https:\/\/oab.estrategia.com\/portal\/wp-json\/wp\/v2\/posts\/16643","targetHints":{"allow":["GET"]}}],"collection":[{"href":"https:\/\/oab.estrategia.com\/portal\/wp-json\/wp\/v2\/posts"}],"about":[{"href":"https:\/\/oab.estrategia.com\/portal\/wp-json\/wp\/v2\/types\/post"}],"author":[{"embeddable":true,"href":"https:\/\/oab.estrategia.com\/portal\/wp-json\/wp\/v2\/users\/87"}],"replies":[{"embeddable":true,"href":"https:\/\/oab.estrategia.com\/portal\/wp-json\/wp\/v2\/comments?post=16643"}],"version-history":[{"count":3,"href":"https:\/\/oab.estrategia.com\/portal\/wp-json\/wp\/v2\/posts\/16643\/revisions"}],"predecessor-version":[{"id":16647,"href":"https:\/\/oab.estrategia.com\/portal\/wp-json\/wp\/v2\/posts\/16643\/revisions\/16647"}],"wp:featuredmedia":[{"embeddable":true,"href":"https:\/\/oab.estrategia.com\/portal\/wp-json\/wp\/v2\/media\/2744"}],"wp:attachment":[{"href":"https:\/\/oab.estrategia.com\/portal\/wp-json\/wp\/v2\/media?parent=16643"}],"wp:term":[{"taxonomy":"category","embeddable":true,"href":"https:\/\/oab.estrategia.com\/portal\/wp-json\/wp\/v2\/categories?post=16643"},{"taxonomy":"post_tag","embeddable":true,"href":"https:\/\/oab.estrategia.com\/portal\/wp-json\/wp\/v2\/tags?post=16643"}],"curies":[{"name":"wp","href":"https:\/\/api.w.org\/{rel}","templated":true}]}}