{"id":17192,"date":"2025-04-09T09:04:27","date_gmt":"2025-04-09T12:04:27","guid":{"rendered":"https:\/\/oab.estrategia.com\/portal\/?p=17192"},"modified":"2025-04-09T12:58:18","modified_gmt":"2025-04-09T15:58:18","slug":"comissao-aprova-porte-de-arma-para-advogados","status":"publish","type":"post","link":"https:\/\/oab.estrategia.com\/portal\/comissao-aprova-porte-de-arma-para-advogados\/","title":{"rendered":"Comiss\u00e3o aprova porte de arma para advogados"},"content":{"rendered":"\n<p><\/p>\n\n\n<a id=\"cta-icon\" href=\"https:\/\/sndflw.com\/i\/1-fase-da-oab-grupo\" target=\"blank\" style=\"background:rgb(174,10,11)\">\n            <img decoding=\"async\" src=\"https:\/\/oab.estrategia.com\/portal\/wp-content\/uploads\/2023\/12\/07160715\/whatsapp_1385.webp\" alt=\"\" alt=\"whatsapp_1385\"><span > Acesse agora o Grupo de Estudos para 1\u00aa fase da OAB<\/span><\/a>\n\n\n\n<p><\/p>\n\n\n<a id=\"cta-icon\" href=\"https:\/\/sndflw.com\/i\/2-fase-da-oab-grupo\" target=\"blank\" style=\"background:rgb(174,10,11)\">\n            <img decoding=\"async\" src=\"https:\/\/oab.estrategia.com\/portal\/wp-content\/uploads\/2023\/12\/07160715\/whatsapp_1385.webp\" alt=\"\" alt=\"whatsapp_1385\"><span > Acesse agora o grupo de estudos para a 2\u00aa fase da OAB! <\/span><\/a>\n\n\n\n<p><\/p>\n\n\n\n<h3 class=\"wp-block-heading\" id=\"h-proposta-de-porte-de-arma-para-advogados-segue-para-a-ccj\"><span id=\"proposta-de-porte-de-arma-para-advogados-segue-para-a-ccj\">Proposta de porte de arma para advogados segue para a CCJ<\/span><\/h3>\n\n\n\n<p>A Comiss\u00e3o de Seguran\u00e7a P\u00fablica do Senado Federal aprovou por unanimidade, nesta ter\u00e7a-feira (8), o Projeto de Lei n\u00ba 2734\/2021, que assegura o direito ao porte de arma de fogo para advogados, com regras equivalentes \u00e0s aplicadas a magistrados e membros do Minist\u00e9rio P\u00fablico. <\/p>\n\n\n\n<p>A vota\u00e7\u00e3o contou com a presen\u00e7a e acompanhamento do conselheiro federal da OAB pela bancada catarinense e coordenador-geral das Comiss\u00f5es do Conselho Federal da OAB (CFOAB), Rafael Horn. Agora, a proposta segue para an\u00e1lise na Comiss\u00e3o de Constitui\u00e7\u00e3o, Justi\u00e7a e Cidadania (CCJ), antes de poder ser submetida \u00e0 san\u00e7\u00e3o presidencial.<\/p>\n\n\n\n<h3 class=\"wp-block-heading\" id=\"h-regras-para-o-porte-de-arma-para-advogados-e-justificativa-do-projeto\"><span id=\"regras-para-o-porte-de-arma-para-advogados-e-justificativa-do-projeto\">Regras para o porte de arma para advogados e justificativa do projeto<\/span><\/h3>\n\n\n\n<p>O projeto de lei, de autoria do senador Fl\u00e1vio Bolsonaro (PL-RJ), prop\u00f5e altera\u00e7\u00f5es na Lei n\u00ba 8.906\/1994 (Estatuto da Advocacia) e na Lei n\u00ba 10.826\/2003 (Estatuto do Desarmamento), assegurando aos advogados o direito de adquirir e portar armas de fogo para defesa pessoal, em todo o territ\u00f3rio nacional. O texto prev\u00ea que a autoriza\u00e7\u00e3o ser\u00e1 condicionada \u00e0 comprova\u00e7\u00e3o de inscri\u00e7\u00e3o regular na OAB, aptid\u00e3o psicol\u00f3gica e t\u00e9cnica, e aus\u00eancia de antecedentes criminais.<\/p>\n\n\n\n<p>Al\u00e9m disso, o porte concedido aos advogados passar\u00e1 a ter validade nacional, independentemente da seccional de inscri\u00e7\u00e3o, e em paridade de condi\u00e7\u00f5es com ju\u00edzes e membros do Minist\u00e9rio P\u00fablico, inclusive quanto \u00e0 quantidade e calibres permitidos.<\/p>\n\n\n\n<p>A proposta surgiu diante do crescente n\u00famero de casos de viol\u00eancia contra advogados. Segundo dados citados na justificativa do projeto, entre 2016 e 2019, ao menos 80 advogados foram assassinados no pa\u00eds. O texto ressalta ainda a aus\u00eancia de hierarquia entre advogados, magistrados e membros do MP, conforme previsto no Estatuto da Advocacia.<\/p>\n\n\n\n<p>A tramita\u00e7\u00e3o do PL 2734\/2021 \u00e9 acompanhada de perto por diversas lideran\u00e7as da advocacia nacional, que veem na proposta um instrumento necess\u00e1rio para resguardar a integridade dos profissionais que atuam em contextos sens\u00edveis e muitas vezes vulner\u00e1veis.<\/p>\n\n\n\n<h2 class=\"wp-block-heading has-text-align-center\" id=\"h-quer-ser-aprovado-no-exame-oab-temos-as-melhores-opcoes-aqui\"><span id=\"quer-ser-aprovado-no-exame-oab-temos-as-melhores-opcoes-aqui\">Quer ser aprovado no Exame OAB? <br><strong>Temos as melhores op\u00e7\u00f5es AQUI!<\/strong><\/span><\/h2>\n\n\n\n<div class=\"wp-block-cover\" style=\"min-height:145px;aspect-ratio:unset;\"><span aria-hidden=\"true\" class=\"wp-block-cover__background has-background-dim\"><\/span><img decoding=\"async\" width=\"1024\" height=\"190\" class=\"wp-block-cover__image-background wp-image-2272\" alt=\"\" src=\"https:\/\/oab.estrategia.com\/portal\/wp-content\/uploads\/2022\/08\/19111944\/assinatura-oab-banner-exame-de-ordem-oab-assinatura-curso-oab-1024x190.jpg\" style=\"object-position:58% 29%\" data-object-fit=\"cover\" data-object-position=\"58% 29%\" srcset=\"https:\/\/oab.estrategia.com\/portal\/wp-content\/uploads\/2022\/08\/19111944\/assinatura-oab-banner-exame-de-ordem-oab-assinatura-curso-oab-1024x190.jpg 1024w, https:\/\/oab.estrategia.com\/portal\/wp-content\/uploads\/2022\/08\/19111944\/assinatura-oab-banner-exame-de-ordem-oab-assinatura-curso-oab-300x56.jpg 300w, https:\/\/oab.estrategia.com\/portal\/wp-content\/uploads\/2022\/08\/19111944\/assinatura-oab-banner-exame-de-ordem-oab-assinatura-curso-oab-768x143.jpg 768w, https:\/\/oab.estrategia.com\/portal\/wp-content\/uploads\/2022\/08\/19111944\/assinatura-oab-banner-exame-de-ordem-oab-assinatura-curso-oab-1536x285.jpg 1536w, https:\/\/oab.estrategia.com\/portal\/wp-content\/uploads\/2022\/08\/19111944\/assinatura-oab-banner-exame-de-ordem-oab-assinatura-curso-oab-380x71.jpg 380w, https:\/\/oab.estrategia.com\/portal\/wp-content\/uploads\/2022\/08\/19111944\/assinatura-oab-banner-exame-de-ordem-oab-assinatura-curso-oab-800x149.jpg 800w, https:\/\/oab.estrategia.com\/portal\/wp-content\/uploads\/2022\/08\/19111944\/assinatura-oab-banner-exame-de-ordem-oab-assinatura-curso-oab-1160x215.jpg 1160w, https:\/\/oab.estrategia.com\/portal\/wp-content\/uploads\/2022\/08\/19111944\/assinatura-oab-banner-exame-de-ordem-oab-assinatura-curso-oab-150x28.jpg 150w, https:\/\/oab.estrategia.com\/portal\/wp-content\/uploads\/2022\/08\/19111944\/assinatura-oab-banner-exame-de-ordem-oab-assinatura-curso-oab.jpg 1890w\" sizes=\"(max-width: 1024px) 100vw, 1024px\" \/><div class=\"wp-block-cover__inner-container is-layout-flow wp-block-cover-is-layout-flow\">\n<h3 id=\"assinatura-oab\" class=\"titulo-assinatura\">Assinatura OAB<\/h3>\n<p class=\"subtitulo-assinatura\" style=\"display:block!important; line-height: 0;\">Conte\u00fado completo para a 1\u00aa e 2\u00aa fase da OAB.<\/p>\n<a target=\"_blank\" href=\"https:\/\/oab.estrategia.com\/curso\/assinatura-oab\/\" rel=\"noopener\"><button style=\"border-radius: 10px; text-transform: capitalize;\">Acessar<\/button><\/a>\n<\/div><\/div>\n\n\n\n<h2 class=\"wp-block-heading has-text-align-center\" id=\"h-fique-sabendo-primeiro-nas-nossas-redes-sociais\"><span id=\"fique-sabendo-primeiro-nas-nossas-redes-sociais\">Fique sabendo primeiro nas nossas redes sociais:<\/span><\/h2>\n\n\n\n<p class=\"has-text-align-center has-white-color has-blush-bordeaux-gradient-background has-text-color has-background has-link-color wp-elements-0e23d711cf26fb2456ff60a6c7d39771\"><a href=\"https:\/\/www.instagram.com\/estrategiaoab\/\" target=\"_blank\" ><strong>Instagram Estrat\u00e9gia OAB<\/strong><\/a><\/p>\n\n\n\n<p class=\"has-text-align-center has-white-color has-text-color has-background has-link-color wp-elements-05f4bcf9587a8e5ec90fb9efabda3480\" style=\"background:linear-gradient(135deg,rgb(254,205,165) 0%,rgb(254,45,45) 77%,rgb(107,0,62) 100%)\"><a href=\"https:\/\/www.youtube.com\/channel\/UC7rgrKTSF5aOrBGWOw60ovw\" target=\"_blank\" ><strong>YouTube do Estrat\u00e9gia OAB<\/strong><\/a><\/p>\n\n\n\n<p class=\"has-text-align-center has-white-color has-blush-bordeaux-gradient-background has-text-color has-background has-link-color wp-elements-41a107091a2f88ba0c10f13f038b8ccc\"><a href=\"http:\/\/bit.ly\/TelegramOAB\" target=\"_blank\" ><strong>Inscreva-se no nosso grupo do Telegram<\/strong><\/a><\/p>\n\n\n\n<p><\/p>\n","protected":false},"excerpt":{"rendered":"Proposta de porte de arma para advogados segue para a CCJ A Comiss\u00e3o de Seguran\u00e7a P\u00fablica do Senado&hellip;\n","protected":false},"author":81,"featured_media":11794,"comment_status":"open","ping_status":"open","sticky":false,"template":"","format":"standard","meta":{"_jetpack_memberships_contains_paid_content":false,"footnotes":""},"categories":[32,1],"tags":[],"class_list":{"0":"post-17192","1":"post","2":"type-post","3":"status-publish","4":"format-standard","5":"has-post-thumbnail","7":"category-advocacia","8":"category-carreira"},"acf":[],"yoast_head":"<!-- This site is optimized with the Yoast SEO Premium plugin v26.2 (Yoast SEO v27.4) - https:\/\/yoast.com\/product\/yoast-seo-premium-wordpress\/ -->\n<title>Comiss\u00e3o aprova porte de arma para advogados<\/title>\n<meta name=\"description\" content=\"Comiss\u00e3o aprova porte de arma para advogados: Confira AQUI os detalhes deste projeto de lei!\" \/>\n<meta name=\"robots\" content=\"index, follow, max-snippet:-1, max-image-preview:large, max-video-preview:-1\" \/>\n<link rel=\"canonical\" href=\"https:\/\/oab.estrategia.com\/portal\/comissao-aprova-porte-de-arma-para-advogados\/\" \/>\n<meta property=\"og:locale\" content=\"pt_BR\" \/>\n<meta property=\"og:type\" content=\"article\" \/>\n<meta property=\"og:title\" content=\"Comiss\u00e3o aprova porte de arma para advogados\" \/>\n<meta property=\"og:description\" content=\"Comiss\u00e3o aprova porte de arma para advogados: Confira AQUI os detalhes deste projeto de lei!\" \/>\n<meta property=\"og:url\" content=\"https:\/\/oab.estrategia.com\/portal\/comissao-aprova-porte-de-arma-para-advogados\/\" \/>\n<meta property=\"og:site_name\" content=\"Blog - OAB - Estrat\u00e9gia\" \/>\n<meta property=\"article:publisher\" content=\"https:\/\/www.facebook.com\/estrategiaoab\/\" \/>\n<meta property=\"article:published_time\" content=\"2025-04-09T12:04:27+00:00\" \/>\n<meta property=\"article:modified_time\" content=\"2025-04-09T15:58:18+00:00\" \/>\n<meta property=\"og:image\" content=\"https:\/\/oab.estrategia.com\/portal\/portal\/wp-content\/uploads\/2024\/06\/03085506\/arma.jpg\" \/>\n\t<meta property=\"og:image:width\" content=\"500\" \/>\n\t<meta property=\"og:image:height\" content=\"300\" \/>\n\t<meta property=\"og:image:type\" content=\"image\/jpeg\" \/>\n<meta name=\"author\" content=\"Tauana Silva\" \/>\n<meta name=\"twitter:card\" content=\"summary_large_image\" \/>\n<meta name=\"twitter:creator\" content=\"@estrategiaoab\" \/>\n<meta name=\"twitter:site\" content=\"@estrategiaoab\" \/>\n<meta name=\"twitter:label1\" content=\"Escrito por\" \/>\n\t<meta name=\"twitter:data1\" content=\"Tauana Silva\" \/>\n\t<meta name=\"twitter:label2\" content=\"Est. tempo de leitura\" \/>\n\t<meta name=\"twitter:data2\" content=\"5 minutos\" \/>\n<script type=\"application\/ld+json\" class=\"yoast-schema-graph\">{\"@context\":\"https:\\\/\\\/schema.org\",\"@graph\":[{\"@type\":\"Article\",\"@id\":\"https:\\\/\\\/oab.estrategia.com\\\/portal\\\/comissao-aprova-porte-de-arma-para-advogados\\\/#article\",\"isPartOf\":{\"@id\":\"https:\\\/\\\/oab.estrategia.com\\\/portal\\\/comissao-aprova-porte-de-arma-para-advogados\\\/\"},\"author\":{\"name\":\"Tauana Silva\",\"@id\":\"https:\\\/\\\/oab.estrategia.com\\\/portal\\\/#\\\/schema\\\/person\\\/40cc4064330dc49befc341451f091d13\"},\"headline\":\"Comiss\u00e3o aprova porte de arma para advogados\",\"datePublished\":\"2025-04-09T12:04:27+00:00\",\"dateModified\":\"2025-04-09T15:58:18+00:00\",\"mainEntityOfPage\":{\"@id\":\"https:\\\/\\\/oab.estrategia.com\\\/portal\\\/comissao-aprova-porte-de-arma-para-advogados\\\/\"},\"wordCount\":391,\"commentCount\":0,\"publisher\":{\"@id\":\"https:\\\/\\\/oab.estrategia.com\\\/portal\\\/#organization\"},\"image\":{\"@id\":\"https:\\\/\\\/oab.estrategia.com\\\/portal\\\/comissao-aprova-porte-de-arma-para-advogados\\\/#primaryimage\"},\"thumbnailUrl\":\"https:\\\/\\\/oab.estrategia.com\\\/portal\\\/wp-content\\\/uploads\\\/2024\\\/06\\\/03085506\\\/arma.jpg\",\"articleSection\":[\"Advocacia\",\"Carreira\"],\"inLanguage\":\"pt-BR\",\"potentialAction\":[{\"@type\":\"CommentAction\",\"name\":\"Comment\",\"target\":[\"https:\\\/\\\/oab.estrategia.com\\\/portal\\\/comissao-aprova-porte-de-arma-para-advogados\\\/#respond\"]}]},{\"@type\":\"WebPage\",\"@id\":\"https:\\\/\\\/oab.estrategia.com\\\/portal\\\/comissao-aprova-porte-de-arma-para-advogados\\\/\",\"url\":\"https:\\\/\\\/oab.estrategia.com\\\/portal\\\/comissao-aprova-porte-de-arma-para-advogados\\\/\",\"name\":\"Comiss\u00e3o aprova porte de arma para advogados\",\"isPartOf\":{\"@id\":\"https:\\\/\\\/oab.estrategia.com\\\/portal\\\/#website\"},\"primaryImageOfPage\":{\"@id\":\"https:\\\/\\\/oab.estrategia.com\\\/portal\\\/comissao-aprova-porte-de-arma-para-advogados\\\/#primaryimage\"},\"image\":{\"@id\":\"https:\\\/\\\/oab.estrategia.com\\\/portal\\\/comissao-aprova-porte-de-arma-para-advogados\\\/#primaryimage\"},\"thumbnailUrl\":\"https:\\\/\\\/oab.estrategia.com\\\/portal\\\/wp-content\\\/uploads\\\/2024\\\/06\\\/03085506\\\/arma.jpg\",\"datePublished\":\"2025-04-09T12:04:27+00:00\",\"dateModified\":\"2025-04-09T15:58:18+00:00\",\"description\":\"Comiss\u00e3o aprova porte de arma para advogados: Confira AQUI os detalhes deste projeto de lei!\",\"breadcrumb\":{\"@id\":\"https:\\\/\\\/oab.estrategia.com\\\/portal\\\/comissao-aprova-porte-de-arma-para-advogados\\\/#breadcrumb\"},\"inLanguage\":\"pt-BR\",\"potentialAction\":[{\"@type\":\"ReadAction\",\"target\":[\"https:\\\/\\\/oab.estrategia.com\\\/portal\\\/comissao-aprova-porte-de-arma-para-advogados\\\/\"]}]},{\"@type\":\"ImageObject\",\"inLanguage\":\"pt-BR\",\"@id\":\"https:\\\/\\\/oab.estrategia.com\\\/portal\\\/comissao-aprova-porte-de-arma-para-advogados\\\/#primaryimage\",\"url\":\"https:\\\/\\\/oab.estrategia.com\\\/portal\\\/wp-content\\\/uploads\\\/2024\\\/06\\\/03085506\\\/arma.jpg\",\"contentUrl\":\"https:\\\/\\\/oab.estrategia.com\\\/portal\\\/wp-content\\\/uploads\\\/2024\\\/06\\\/03085506\\\/arma.jpg\",\"width\":500,\"height\":300,\"caption\":\"arma advogado\"},{\"@type\":\"BreadcrumbList\",\"@id\":\"https:\\\/\\\/oab.estrategia.com\\\/portal\\\/comissao-aprova-porte-de-arma-para-advogados\\\/#breadcrumb\",\"itemListElement\":[{\"@type\":\"ListItem\",\"position\":1,\"name\":\"In\u00edcio\",\"item\":\"https:\\\/\\\/oab.estrategia.com\\\/portal\\\/\"},{\"@type\":\"ListItem\",\"position\":2,\"name\":\"Comiss\u00e3o aprova porte de arma para advogados\"}]},{\"@type\":\"WebSite\",\"@id\":\"https:\\\/\\\/oab.estrategia.com\\\/portal\\\/#website\",\"url\":\"https:\\\/\\\/oab.estrategia.com\\\/portal\\\/\",\"name\":\"Blog - OAB - Estrat\u00e9gia\",\"description\":\"Blog OAB - Estrat\u00e9gia Concursos\",\"publisher\":{\"@id\":\"https:\\\/\\\/oab.estrategia.com\\\/portal\\\/#organization\"},\"potentialAction\":[{\"@type\":\"SearchAction\",\"target\":{\"@type\":\"EntryPoint\",\"urlTemplate\":\"https:\\\/\\\/oab.estrategia.com\\\/portal\\\/?s={search_term_string}\"},\"query-input\":{\"@type\":\"PropertyValueSpecification\",\"valueRequired\":true,\"valueName\":\"search_term_string\"}}],\"inLanguage\":\"pt-BR\"},{\"@type\":\"Organization\",\"@id\":\"https:\\\/\\\/oab.estrategia.com\\\/portal\\\/#organization\",\"name\":\"Estrat\u00e9gia Concursos\",\"url\":\"https:\\\/\\\/oab.estrategia.com\\\/portal\\\/\",\"logo\":{\"@type\":\"ImageObject\",\"inLanguage\":\"pt-BR\",\"@id\":\"https:\\\/\\\/oab.estrategia.com\\\/portal\\\/#\\\/schema\\\/logo\\\/image\\\/\",\"url\":\"https:\\\/\\\/oab.estrategia.com\\\/portal\\\/wp-content\\\/uploads\\\/2022\\\/04\\\/06103601\\\/oab-icone-2.png\",\"contentUrl\":\"https:\\\/\\\/oab.estrategia.com\\\/portal\\\/wp-content\\\/uploads\\\/2022\\\/04\\\/06103601\\\/oab-icone-2.png\",\"width\":900,\"height\":900,\"caption\":\"Estrat\u00e9gia Concursos\"},\"image\":{\"@id\":\"https:\\\/\\\/oab.estrategia.com\\\/portal\\\/#\\\/schema\\\/logo\\\/image\\\/\"},\"sameAs\":[\"https:\\\/\\\/www.facebook.com\\\/estrategiaoab\\\/\",\"https:\\\/\\\/x.com\\\/estrategiaoab\",\"https:\\\/\\\/www.instagram.com\\\/estrategiaoab\\\/\",\"https:\\\/\\\/www.youtube.com\\\/EstrategiaOAB\"]},{\"@type\":\"Person\",\"@id\":\"https:\\\/\\\/oab.estrategia.com\\\/portal\\\/#\\\/schema\\\/person\\\/40cc4064330dc49befc341451f091d13\",\"name\":\"Tauana Silva\",\"image\":{\"@type\":\"ImageObject\",\"inLanguage\":\"pt-BR\",\"@id\":\"https:\\\/\\\/oab.estrategia.com\\\/portal\\\/wp-content\\\/uploads\\\/2025\\\/06\\\/27081123\\\/9F48008F-6BA7-4C6F-B3ED-BA576DED4E2C-96x96.jpg\",\"url\":\"https:\\\/\\\/oab.estrategia.com\\\/portal\\\/wp-content\\\/uploads\\\/2025\\\/06\\\/27081123\\\/9F48008F-6BA7-4C6F-B3ED-BA576DED4E2C-96x96.jpg\",\"contentUrl\":\"https:\\\/\\\/oab.estrategia.com\\\/portal\\\/wp-content\\\/uploads\\\/2025\\\/06\\\/27081123\\\/9F48008F-6BA7-4C6F-B3ED-BA576DED4E2C-96x96.jpg\",\"caption\":\"Tauana Silva\"},\"description\":\"Jornalista com expertise em gest\u00e3o e marketing, acumulando mais de uma d\u00e9cada de experi\u00eancia, com foco especializado nos \u00faltimos cinco anos no setor de concursos p\u00fablicos. Habilidades s\u00f3lidas como social media, em reda\u00e7\u00e3o jornal\u00edstica, pr\u00e1ticas de SEO e copywriting.\",\"url\":\"https:\\\/\\\/oab.estrategia.com\\\/portal\\\/author\\\/tauanasilva\\\/\"}]}<\/script>\n<!-- \/ Yoast SEO Premium plugin. -->","yoast_head_json":{"title":"Comiss\u00e3o aprova porte de arma para advogados","description":"Comiss\u00e3o aprova porte de arma para advogados: Confira AQUI os detalhes deste projeto de lei!","robots":{"index":"index","follow":"follow","max-snippet":"max-snippet:-1","max-image-preview":"max-image-preview:large","max-video-preview":"max-video-preview:-1"},"canonical":"https:\/\/oab.estrategia.com\/portal\/comissao-aprova-porte-de-arma-para-advogados\/","og_locale":"pt_BR","og_type":"article","og_title":"Comiss\u00e3o aprova porte de arma para advogados","og_description":"Comiss\u00e3o aprova porte de arma para advogados: Confira AQUI os detalhes deste projeto de lei!","og_url":"https:\/\/oab.estrategia.com\/portal\/comissao-aprova-porte-de-arma-para-advogados\/","og_site_name":"Blog - OAB - Estrat\u00e9gia","article_publisher":"https:\/\/www.facebook.com\/estrategiaoab\/","article_published_time":"2025-04-09T12:04:27+00:00","article_modified_time":"2025-04-09T15:58:18+00:00","og_image":[{"width":500,"height":300,"url":"https:\/\/oab.estrategia.com\/portal\/portal\/wp-content\/uploads\/2024\/06\/03085506\/arma.jpg","type":"image\/jpeg"}],"author":"Tauana Silva","twitter_card":"summary_large_image","twitter_creator":"@estrategiaoab","twitter_site":"@estrategiaoab","twitter_misc":{"Escrito por":"Tauana Silva","Est. tempo de leitura":"5 minutos"},"schema":{"@context":"https:\/\/schema.org","@graph":[{"@type":"Article","@id":"https:\/\/oab.estrategia.com\/portal\/comissao-aprova-porte-de-arma-para-advogados\/#article","isPartOf":{"@id":"https:\/\/oab.estrategia.com\/portal\/comissao-aprova-porte-de-arma-para-advogados\/"},"author":{"name":"Tauana Silva","@id":"https:\/\/oab.estrategia.com\/portal\/#\/schema\/person\/40cc4064330dc49befc341451f091d13"},"headline":"Comiss\u00e3o aprova porte de arma para advogados","datePublished":"2025-04-09T12:04:27+00:00","dateModified":"2025-04-09T15:58:18+00:00","mainEntityOfPage":{"@id":"https:\/\/oab.estrategia.com\/portal\/comissao-aprova-porte-de-arma-para-advogados\/"},"wordCount":391,"commentCount":0,"publisher":{"@id":"https:\/\/oab.estrategia.com\/portal\/#organization"},"image":{"@id":"https:\/\/oab.estrategia.com\/portal\/comissao-aprova-porte-de-arma-para-advogados\/#primaryimage"},"thumbnailUrl":"https:\/\/oab.estrategia.com\/portal\/wp-content\/uploads\/2024\/06\/03085506\/arma.jpg","articleSection":["Advocacia","Carreira"],"inLanguage":"pt-BR","potentialAction":[{"@type":"CommentAction","name":"Comment","target":["https:\/\/oab.estrategia.com\/portal\/comissao-aprova-porte-de-arma-para-advogados\/#respond"]}]},{"@type":"WebPage","@id":"https:\/\/oab.estrategia.com\/portal\/comissao-aprova-porte-de-arma-para-advogados\/","url":"https:\/\/oab.estrategia.com\/portal\/comissao-aprova-porte-de-arma-para-advogados\/","name":"Comiss\u00e3o aprova porte de arma para advogados","isPartOf":{"@id":"https:\/\/oab.estrategia.com\/portal\/#website"},"primaryImageOfPage":{"@id":"https:\/\/oab.estrategia.com\/portal\/comissao-aprova-porte-de-arma-para-advogados\/#primaryimage"},"image":{"@id":"https:\/\/oab.estrategia.com\/portal\/comissao-aprova-porte-de-arma-para-advogados\/#primaryimage"},"thumbnailUrl":"https:\/\/oab.estrategia.com\/portal\/wp-content\/uploads\/2024\/06\/03085506\/arma.jpg","datePublished":"2025-04-09T12:04:27+00:00","dateModified":"2025-04-09T15:58:18+00:00","description":"Comiss\u00e3o aprova porte de arma para advogados: Confira AQUI os detalhes deste projeto de lei!","breadcrumb":{"@id":"https:\/\/oab.estrategia.com\/portal\/comissao-aprova-porte-de-arma-para-advogados\/#breadcrumb"},"inLanguage":"pt-BR","potentialAction":[{"@type":"ReadAction","target":["https:\/\/oab.estrategia.com\/portal\/comissao-aprova-porte-de-arma-para-advogados\/"]}]},{"@type":"ImageObject","inLanguage":"pt-BR","@id":"https:\/\/oab.estrategia.com\/portal\/comissao-aprova-porte-de-arma-para-advogados\/#primaryimage","url":"https:\/\/oab.estrategia.com\/portal\/wp-content\/uploads\/2024\/06\/03085506\/arma.jpg","contentUrl":"https:\/\/oab.estrategia.com\/portal\/wp-content\/uploads\/2024\/06\/03085506\/arma.jpg","width":500,"height":300,"caption":"arma advogado"},{"@type":"BreadcrumbList","@id":"https:\/\/oab.estrategia.com\/portal\/comissao-aprova-porte-de-arma-para-advogados\/#breadcrumb","itemListElement":[{"@type":"ListItem","position":1,"name":"In\u00edcio","item":"https:\/\/oab.estrategia.com\/portal\/"},{"@type":"ListItem","position":2,"name":"Comiss\u00e3o aprova porte de arma para advogados"}]},{"@type":"WebSite","@id":"https:\/\/oab.estrategia.com\/portal\/#website","url":"https:\/\/oab.estrategia.com\/portal\/","name":"Blog - OAB - Estrat\u00e9gia","description":"Blog OAB - Estrat\u00e9gia Concursos","publisher":{"@id":"https:\/\/oab.estrategia.com\/portal\/#organization"},"potentialAction":[{"@type":"SearchAction","target":{"@type":"EntryPoint","urlTemplate":"https:\/\/oab.estrategia.com\/portal\/?s={search_term_string}"},"query-input":{"@type":"PropertyValueSpecification","valueRequired":true,"valueName":"search_term_string"}}],"inLanguage":"pt-BR"},{"@type":"Organization","@id":"https:\/\/oab.estrategia.com\/portal\/#organization","name":"Estrat\u00e9gia Concursos","url":"https:\/\/oab.estrategia.com\/portal\/","logo":{"@type":"ImageObject","inLanguage":"pt-BR","@id":"https:\/\/oab.estrategia.com\/portal\/#\/schema\/logo\/image\/","url":"https:\/\/oab.estrategia.com\/portal\/wp-content\/uploads\/2022\/04\/06103601\/oab-icone-2.png","contentUrl":"https:\/\/oab.estrategia.com\/portal\/wp-content\/uploads\/2022\/04\/06103601\/oab-icone-2.png","width":900,"height":900,"caption":"Estrat\u00e9gia Concursos"},"image":{"@id":"https:\/\/oab.estrategia.com\/portal\/#\/schema\/logo\/image\/"},"sameAs":["https:\/\/www.facebook.com\/estrategiaoab\/","https:\/\/x.com\/estrategiaoab","https:\/\/www.instagram.com\/estrategiaoab\/","https:\/\/www.youtube.com\/EstrategiaOAB"]},{"@type":"Person","@id":"https:\/\/oab.estrategia.com\/portal\/#\/schema\/person\/40cc4064330dc49befc341451f091d13","name":"Tauana Silva","image":{"@type":"ImageObject","inLanguage":"pt-BR","@id":"https:\/\/oab.estrategia.com\/portal\/wp-content\/uploads\/2025\/06\/27081123\/9F48008F-6BA7-4C6F-B3ED-BA576DED4E2C-96x96.jpg","url":"https:\/\/oab.estrategia.com\/portal\/wp-content\/uploads\/2025\/06\/27081123\/9F48008F-6BA7-4C6F-B3ED-BA576DED4E2C-96x96.jpg","contentUrl":"https:\/\/oab.estrategia.com\/portal\/wp-content\/uploads\/2025\/06\/27081123\/9F48008F-6BA7-4C6F-B3ED-BA576DED4E2C-96x96.jpg","caption":"Tauana Silva"},"description":"Jornalista com expertise em gest\u00e3o e marketing, acumulando mais de uma d\u00e9cada de experi\u00eancia, com foco especializado nos \u00faltimos cinco anos no setor de concursos p\u00fablicos. Habilidades s\u00f3lidas como social media, em reda\u00e7\u00e3o jornal\u00edstica, pr\u00e1ticas de SEO e copywriting.","url":"https:\/\/oab.estrategia.com\/portal\/author\/tauanasilva\/"}]}},"jetpack_featured_media_url":"https:\/\/oab.estrategia.com\/portal\/wp-content\/uploads\/2024\/06\/03085506\/arma.jpg","jetpack_sharing_enabled":true,"_links":{"self":[{"href":"https:\/\/oab.estrategia.com\/portal\/wp-json\/wp\/v2\/posts\/17192","targetHints":{"allow":["GET"]}}],"collection":[{"href":"https:\/\/oab.estrategia.com\/portal\/wp-json\/wp\/v2\/posts"}],"about":[{"href":"https:\/\/oab.estrategia.com\/portal\/wp-json\/wp\/v2\/types\/post"}],"author":[{"embeddable":true,"href":"https:\/\/oab.estrategia.com\/portal\/wp-json\/wp\/v2\/users\/81"}],"replies":[{"embeddable":true,"href":"https:\/\/oab.estrategia.com\/portal\/wp-json\/wp\/v2\/comments?post=17192"}],"version-history":[{"count":3,"href":"https:\/\/oab.estrategia.com\/portal\/wp-json\/wp\/v2\/posts\/17192\/revisions"}],"predecessor-version":[{"id":17212,"href":"https:\/\/oab.estrategia.com\/portal\/wp-json\/wp\/v2\/posts\/17192\/revisions\/17212"}],"wp:featuredmedia":[{"embeddable":true,"href":"https:\/\/oab.estrategia.com\/portal\/wp-json\/wp\/v2\/media\/11794"}],"wp:attachment":[{"href":"https:\/\/oab.estrategia.com\/portal\/wp-json\/wp\/v2\/media?parent=17192"}],"wp:term":[{"taxonomy":"category","embeddable":true,"href":"https:\/\/oab.estrategia.com\/portal\/wp-json\/wp\/v2\/categories?post=17192"},{"taxonomy":"post_tag","embeddable":true,"href":"https:\/\/oab.estrategia.com\/portal\/wp-json\/wp\/v2\/tags?post=17192"}],"curies":[{"name":"wp","href":"https:\/\/api.w.org\/{rel}","templated":true}]}}