{"id":17712,"date":"2025-04-28T17:31:27","date_gmt":"2025-04-28T20:31:27","guid":{"rendered":"https:\/\/oab.estrategia.com\/portal\/?p=17712"},"modified":"2025-04-29T15:33:56","modified_gmt":"2025-04-29T18:33:56","slug":"prova-comentada-oab-43-exame-etica-profissional","status":"publish","type":"post","link":"https:\/\/oab.estrategia.com\/portal\/prova-comentada-oab-43-exame-etica-profissional\/","title":{"rendered":"Prova comentada OAB 43\u00ba exame: \u00c9tica Profissional"},"content":{"rendered":"\n<p><\/p>\n\n\n<a id=\"cta-icon\" href=\"https:\/\/sndflw.com\/i\/1-fase-da-oab-grupo\" target=\"blank\" style=\"background:rgb(174,10,11)\">\n            <img decoding=\"async\" src=\"https:\/\/oab.estrategia.com\/portal\/wp-content\/uploads\/2023\/12\/07160715\/whatsapp_1385.webp\" alt=\"\" alt=\"whatsapp_1385\"><span > Acesse agora o Grupo de Estudos para 1\u00aa fase da OAB<\/span><\/a>\n\n\n<a id=\"cta-icon\" href=\"https:\/\/sndflw.com\/i\/2-fase-da-oab-grupo\" target=\"blank\" style=\"background:rgb(174,10,11)\">\n            <img decoding=\"async\" src=\"https:\/\/oab.estrategia.com\/portal\/wp-content\/uploads\/2023\/12\/07160715\/whatsapp_1385.webp\" alt=\"\" alt=\"whatsapp_1385\"><span > Acesse agora o grupo de estudos para a 2\u00aa fase da OAB! <\/span><\/a>\n\n\n\n<p>Ol\u00e1, futuro Advogado(a), tudo certo?!<\/p>\n\n\n\n<p>Em 27\/04\/2025, foi aplicada a prova da primeira fase do <strong>43\u00ba Exame da Ordem dos Advogados do Brasil<\/strong>. Assim que encerrada, nosso time de professores elaborou o gabarito extraoficial e analisou o gabarito oficial da FGV, os quais ser\u00e3o apresentados juntamente com a nossa <strong>PROVA COMENTADA<\/strong>.<\/p>\n\n\n\n<p>Este material visa a auxili\u00e1-los na aferi\u00e7\u00e3o das notas, elabora\u00e7\u00e3o de eventuais recursos, verifica\u00e7\u00e3o das chances de avan\u00e7o para fase discursiva, bem como na revis\u00e3o do conte\u00fado cobrado no certame.<\/p>\n\n\n\n<p>De modo complementar, elaboramos tamb\u00e9m um <a href=\"https:\/\/oab.estrategia.com\/cadernos-e-simulados\/cadernos\/dd888deb-9d9b-49b9-9b1d-254cfce14ec9\" target=\"_blank\" rel=\"noreferrer noopener nofollow\">caderno para nossos seguidores,<\/a> alunos ou n\u00e3o, observarem os coment\u00e1rios, e comentarem as quest\u00f5es da prova!<\/p>\n\n\n\n<p>Por fim, voc\u00eas poder\u00e3o acompanhar os eventos e cursos para a fase discursiva, bem como outras novidades envolvendo o Exame de Ordem no nosso canal do Youtube. Inscreva-se e ative as notifica\u00e7\u00f5es!<\/p>\n\n\n\n<p class=\"has-text-align-center has-very-light-gray-to-cyan-bluish-gray-gradient-background has-background\"><a href=\"https:\/\/www.youtube.com\/@EstrategiaOAB\"><strong>Estrat\u00e9gia OAB &#8211; YouTube<\/strong><\/a><\/p>\n\n\n\n<p>Esperamos que gostem do material e de todos os novos projetos que preparamos para que avancem rumo \u00e0 aprova\u00e7\u00e3o.<\/p>\n\n\n\n<p><em>Contem sempre conosco.<br>Yasmin Ushara,<br>Coordena\u00e7\u00e3o de Rodadas do Estrat\u00e9gia Carreiras Jur\u00eddicas.<\/em><\/p>\n\n\n\n<h3 class=\"wp-block-heading has-text-align-center has-very-light-gray-to-cyan-bluish-gray-gradient-background has-background\" id=\"h-confira-a-prova-comentada-de-todas-as-disciplinas-agora-mesmo\"><span id=\"confira-a-prova-comentada-de-todas-as-disciplinas-agora-mesmo\"><a href=\"https:\/\/oab.estrategia.com\/portal\/provas-comentadas-oab-43-exame-todas-as-materias\/\" target=\"_blank\" >Confira a prova comentada de todas as disciplinas agora mesmo!<\/a><\/span><\/h3>\n\n\n\n<h2 class=\"wp-block-heading\" id=\"h-etica-profissional\"><span id=\"etica-profissional\">\u00c9tica Profissional<\/span><\/h2>\n\n\n\n<p class=\"has-vivid-red-color has-text-color has-link-color wp-elements-398752e9aee87dff44650a54c78ac868\"><strong>QUEST\u00c3O 01. Pedro, advogado regularmente inscrito na OAB, foi eleito Deputado Federal e deseja continuar exercendo a advocacia, patrocinando causas contra a Caixa Econ\u00f4mica Federal. Ele tamb\u00e9m cogita a possibilidade de concorrer ao cargo de Presidente da C\u00e2mara dos Deputados.<\/strong><\/p>\n\n\n\n<p class=\"has-vivid-red-color has-text-color has-link-color wp-elements-8f0cc847f3501f98eb3066ca277492af\"><strong>Com base nas disposi\u00e7\u00f5es do Estatuto da OAB, assinale a afirmativa correta sobre a possibilidade de Pedro continuar atuando nessas situa\u00e7\u00f5es.<\/strong><\/p>\n\n\n\n<p class=\"has-vivid-red-color has-text-color has-link-color wp-elements-72d700659d0514a7b497e54678e28681\"><strong>a) Caso Pedro seja eleito Presidente da C\u00e2mara dos Deputados, ficar\u00e1 impedido de atuar em causas contra a Caixa Econ\u00f4mica Federal, mas poder\u00e1 atuar em causas particulares.<\/strong><\/p>\n\n\n\n<p class=\"has-vivid-red-color has-text-color has-link-color wp-elements-1b1a2dd9d9ca606a994e076e8af334d2\"><strong>b) Pedro, na condi\u00e7\u00e3o de Deputado Federal, poder\u00e1 advogar contra a Caixa Econ\u00f4mica Federal, tendo em vista que o impedimento se aplica apenas a causas de interesse direto do ente estatal.<\/strong><\/p>\n\n\n\n<p class=\"has-vivid-red-color has-text-color has-link-color wp-elements-856c455e23c571b6be67dc6f81a55148\"><strong>c) Como Deputado Federal, Pedro est\u00e1 impedido de exercer a advocacia contra a Caixa Econ\u00f4mica Federal, mas poder\u00e1 atuar em causas que n\u00e3o envolvam entes p\u00fablicos ou concession\u00e1rias de servi\u00e7o p\u00fablico.<\/strong><\/p>\n\n\n\n<p class=\"has-vivid-red-color has-text-color has-link-color wp-elements-0b6169258d5f7926d251c0c01347ee40\"><strong>d) Pedro, como Deputado Federal, estar\u00e1 em situa\u00e7\u00e3o de total incompatibilidade com o exerc\u00edcio da advocacia e n\u00e3o poder\u00e1 atuar como advogado em nenhuma causa, mesmo em processos particulares.<\/strong><\/p>\n\n\n\n<p><strong>Coment\u00e1rios<\/strong><\/p>\n\n\n\n<p>A alternativa correta \u00e9 a <strong>letra C.<\/strong> A quest\u00e3o trata do impedimento do exerc\u00edcio da advocacia por Deputado Federal (art. 30, II, da Lei 8.906\/94 &#8211; Art. 30. S\u00e3o impedidos de exercer a advocacia:[&#8230;]II \u2013 os ocupantes de cargos ou fun\u00e7\u00f5es vinculados direta ou indiretamente a atividade policial de qualquer natureza, bem como os que exer\u00e7am fun\u00e7\u00e3o de autoridade p\u00fablica, mesmo que de modo tempor\u00e1rio ou sem remunera\u00e7\u00e3o;).<\/p>\n\n\n\n<p>A alternativa A est\u00e1 incorreta. A fun\u00e7\u00e3o de Presidente da C\u00e2mara dos Deputados gera incompatibilidade total com o exerc\u00edcio da advocacia (art. 28, I, da Lei 8.906\/94) Art. 28. A advocacia \u00e9 incompat\u00edvel, mesmo em causa pr\u00f3pria, com as seguintes atividades: I \u2013 Chefes do Poder Executivo e membros da Mesa do Poder Legislativo e respectivos substitutos legais;).<\/p>\n\n\n\n<p>A alternativa B est\u00e1 incorreta. O Deputado Federal est\u00e1 completamente impedido contra ou a favor das pessoas jur\u00eddicas de direito p\u00fablico, empresas p\u00fablicas, sociedades de economia mista, funda\u00e7\u00f5es p\u00fablicas, entidades paraestatais ou empresas concession\u00e1rias ou permission\u00e1rias de servi\u00e7o p\u00fablico.<\/p>\n\n\n\n<p>A alternativa C est\u00e1 correta. O cargo de Deputado Federal gera apenas o impedimento de exercer a advocacia contra ou a favor das pessoas jur\u00eddicas de direito p\u00fablico, empresas p\u00fablicas, sociedades de economia mista, funda\u00e7\u00f5es p\u00fablicas, entidades paraestatais ou empresas concession\u00e1rias ou permission\u00e1rias de servi\u00e7o p\u00fablico, conforme o Estatuto da OAB.<\/p>\n\n\n\n<p>A alternativa D est\u00e1 incorreta. A quest\u00e3o confunde incompatibilidade com impedimento parcial, o que n\u00e3o se aplica.<\/p>\n\n\n\n<p class=\"has-vivid-red-color has-text-color has-link-color wp-elements-c0172fe75de5d9236fd7cfb82be27f28\"><strong>QUEST\u00c3O 02. Jo\u00e3o Pedro, destacado aluno do \u00faltimo semestre do curso de Direito, logrou \u00eaxito no Exame da Ordem dos Advogados do Brasil, sendo ent\u00e3o convidado a integrar, assim que formado, uma renomada sociedade de advogados da sua cidade. Apesar de ter ficado honrado com o convite, Jo\u00e3o Pedro est\u00e1 em d\u00favida, pois em seus estudos para o Exame da OAB verificou ser poss\u00edvel constituir sociedade unipessoal de advocacia, op\u00e7\u00e3o que lhe parece mais atrativa.<\/strong><\/p>\n\n\n\n<p class=\"has-vivid-red-color has-text-color has-link-color wp-elements-a685488ad7c1f94043ad2add3601bc76\"><strong>Considerando o enunciado, assinale a afirmativa correta.<\/strong><\/p>\n\n\n\n<p class=\"has-vivid-red-color has-text-color has-link-color wp-elements-0c56405671fad91b01edff17022e96f5\"><strong>a) A sociedade unipessoal de advocacia de Jo\u00e3o Pedro poder\u00e1 ter como sede, t\u00edtulo ou local de trabalho, um espa\u00e7o f\u00edsico individual ou compartilhado com outros escrit\u00f3rios de advocacia, desde que respeitadas as hip\u00f3teses de sigilo previstas na legisla\u00e7\u00e3o.<\/strong><\/p>\n\n\n\n<p class=\"has-vivid-red-color has-text-color has-link-color wp-elements-47527f8d0fed537a7c8fb6c19ea53917\"><strong>b) Jo\u00e3o Pedro poder\u00e1 integrar a sociedade de advogados e, simultaneamente, constituir sociedade unipessoal de advocacia, ambas com sede ou filial na mesma \u00e1rea territorial da Seccional.<\/strong><\/p>\n\n\n\n<p class=\"has-vivid-red-color has-text-color has-link-color wp-elements-65070f4706313a4d1d844023688ab3de\"><strong>c) Jo\u00e3o Pedro poder\u00e1 escolher livremente a denomina\u00e7\u00e3o de sua sociedade unipessoal de advocacia, sendo vedada a utiliza\u00e7\u00e3o de nome com a express\u00e3o \u201cSociedade Individual de Advogados\u201d.<\/strong><\/p>\n\n\n\n<p class=\"has-vivid-red-color has-text-color has-link-color wp-elements-8693250f1c35e6753701b52c53846f92\"><strong>d) A sociedade unipessoal de advocacia de Jo\u00e3o Pedro adquirir\u00e1 personalidade jur\u00eddica com o registro aprovado dos seus atos constitutivos no Conselho Federal da OAB.<\/strong><\/p>\n\n\n\n<p><strong>Coment\u00e1rios<\/strong><\/p>\n\n\n\n<p>A alternativa correta \u00e9 a <strong>letra A.<\/strong> A quest\u00e3o trata da constitui\u00e7\u00e3o da sociedade unipessoal de advocacia (art. 15, \u00a712\u00ba da Lei 8.906\/94 &#8211; \u00a7 12. A sociedade de advogados e a sociedade unipessoal de advocacia podem ter como sede, filial ou local de trabalho espa\u00e7o de uso individual ou compartilhado com outros escrit\u00f3rios de advocacia ou empresas, desde que respeitadas as hip\u00f3teses de sigilo previstas nesta Lei e no C\u00f3digo de \u00c9tica e Disciplina).<\/p>\n\n\n\n<p>A alternativa A est\u00e1 correta. A sociedade unipessoal pode ter sede individual ou compartilhada, preservado o sigilo.<\/p>\n\n\n\n<p>A alternativa B est\u00e1 incorreta. O advogado n\u00e3o pode integrar simultaneamente uma sociedade de advogados e uma sociedade unipessoal (Art. 15, \u00a7 8\u00ba da Lei 8.906\/94: Art. 15. [&#8230;] \u00a7 8\u00ba \u00c9 vedado ao advogado integrar mais de uma sociedade de advogados com sede ou filial na mesma \u00e1rea territorial do respectivo Conselho Seccional.)<\/p>\n\n\n\n<p>A alternativa C est\u00e1 incorreta. O nome da sociedade deve conter obrigatoriamente o nome do titular seguido da express\u00e3o \u201cSociedade Individual de Advocacia\u201d (Art. 16 da Lei 8.906\/94: Art. 16. O nome da sociedade deve ser formado obrigatoriamente com o nome de um ou mais de seus integrantes, com a express\u00e3o &#8220;Sociedade de Advogados&#8221; ou &#8220;Sociedade Individual de Advocacia&#8221;).<\/p>\n\n\n\n<p>A alternativa D est\u00e1 incorreta. O registro da sociedade unipessoal ocorre no Conselho Seccional da OAB, e n\u00e3o no Conselho Federal (Art. 15, \u00a7 3\u00ba da Lei 8.906\/94: Art. 15. O advogado pode reunir-se em sociedade simples de presta\u00e7\u00e3o de servi\u00e7os de advocacia, na forma disciplinada nesta Lei e no regulamento geral. \u00a7 3\u00ba A sociedade adquire personalidade jur\u00eddica com o registro aprovado de seus atos constitutivos no Conselho Seccional da OAB da base territorial da sede da sociedade.)<\/p>\n\n\n\n<p class=\"has-vivid-red-color has-text-color has-link-color wp-elements-eec8e9317aae659623e4e3ae8fabcc6e\"><strong>QUEST\u00c3O 03. Ant\u00f4nio, advogado experiente e com extensa carteira de clientes, decidiu fazer uso de instrumentos de intelig\u00eancia artificial, para aux\u00edlio na elabora\u00e7\u00e3o de pe\u00e7as processuais. Apesar da revis\u00e3o posterior, com assessoramento de seu estagi\u00e1rio, dos textos produzidos pela nova tecnologia, determinado Magistrado notifica-o para prestar esclarecimentos acerca de recurso interposto de forma manifestamente incab\u00edvel. No parecer da OAB, Ant\u00f4nio identificou que foram citadas doutrina e jurisprud\u00eancia de forma deturpada, em situa\u00e7\u00e3o que poderia confundir o advers\u00e1rio ou iludir o Juiz da causa.<\/strong><\/p>\n\n\n\n<p class=\"has-vivid-red-color has-text-color has-link-color wp-elements-c733fb22262a4d1c90928569c3fc0ec5\"><strong>Sobre esse contexto, de acordo com o Estatuto da Ordem dos Advogados do Brasil, assinale a afirmativa correta.<\/strong><\/p>\n\n\n\n<p class=\"has-vivid-red-color has-text-color has-link-color wp-elements-52e2fb4b8fccb6c7edc734e8a1582ed3\"><strong>a) Por n\u00e3o ter agido de forma dolosa, Ant\u00f4nio n\u00e3o poder\u00e1 sofrer qualquer tipo de san\u00e7\u00e3o disciplinar, uma vez que o advogado \u00e9 respons\u00e1vel pelos atos praticados com culpa.<\/strong><\/p>\n\n\n\n<p class=\"has-vivid-red-color has-text-color has-link-color wp-elements-4da3df99e9dfaf7132873d636f8e3613\"><strong>b) Em raz\u00e3o da gravidade da situa\u00e7\u00e3o, ap\u00f3s o devido processo disciplinar, Ant\u00f4nio poder\u00e1 ser apenado com a suspens\u00e3o do exerc\u00edcio da advocacia por per\u00edodo que poder\u00e1 variar de 30 dias a 12 meses.<\/strong><\/p>\n\n\n\n<p class=\"has-vivid-red-color has-text-color has-link-color wp-elements-81afbda22e2bd8d91d67f93a4a5b4229\"><strong>c) Ant\u00f4nio poder\u00e1 ser aplicada a pena de censura, a qual pode ser convertida em advert\u00eancia, com efici\u00eancia reservado, sem registro nos seus assentamentos, quando estiver presente circunst\u00e2ncia atenuante.<\/strong><\/p>\n\n\n\n<p class=\"has-vivid-red-color has-text-color has-link-color wp-elements-b536a7f2ae563730d9193aaebe7812b5\"><strong>d) Caso se trate de situa\u00e7\u00e3o reincidente, Ant\u00f4nio poder\u00e1 ser apenado com a san\u00e7\u00e3o de exclus\u00e3o, devendo ser cancelada sua inscri\u00e7\u00e3o na Ordem dos Advogados do Brasil.<\/strong><\/p>\n\n\n\n<p><strong>Coment\u00e1rios<\/strong><\/p>\n\n\n\n<p>A alternativa correta \u00e9 a <strong>letra C.<\/strong> A quest\u00e3o trata da pena de censura e sua convers\u00e3o em advert\u00eancia (art. 36 da Lei 8.906\/94).<\/p>\n\n\n\n<p>A alternativa A est\u00e1 incorreta. O advogado pode ser responsabilizado disciplinarmente mesmo sem dolo, havendo culpa (Art. 34, inciso XIV da Lei 8.906\/94: Art. 34. Constitui infra\u00e7\u00e3o disciplinar:[&#8230;]XIV \u2013 deturpar o teor de dispositivo de lei, de cita\u00e7\u00e3o doutrin\u00e1ria ou de julgado, bem como de depoimentos, documentos e alega\u00e7\u00f5es da parte contr\u00e1ria, para confundir o advers\u00e1rio ou iludir o juiz da causa.).<\/p>\n\n\n\n<p>A alternativa B est\u00e1 incorreta. A pena de suspens\u00e3o exige maior gravidade do ato, o que n\u00e3o se configurou no caso. A pena no caso \u00e9 de censura.<\/p>\n\n\n\n<p>A alternativa C est\u00e1 correta. A pena de censura pode ser aplicada e convertida em advert\u00eancia com efic\u00e1cia reservada, conforme o Estatuto da OAB (Art. 36. A censura \u00e9 aplic\u00e1vel nos casos de:I &#8211; infra\u00e7\u00f5es definidas nos incisos I a XVI e XXIX do art. 34;II &#8211; viola\u00e7\u00e3o a preceito do C\u00f3digo de \u00c9tica e Disciplina;III &#8211; viola\u00e7\u00e3o a preceito desta lei, quando para a infra\u00e7\u00e3o n\u00e3o se tenha estabelecido san\u00e7\u00e3o mais grave.).<\/p>\n\n\n\n<p>A alternativa D est\u00e1 incorreta. A exclus\u00e3o \u00e9 uma pena extrema que depende de reincid\u00eancia grave, o que n\u00e3o se verificou (art. 38 da Lei 8.906\/94: Art. 38. A exclus\u00e3o \u00e9 aplic\u00e1vel nos casos de: I &#8211; aplica\u00e7\u00e3o, por tr\u00eas vezes, de suspens\u00e3o; II &#8211; infra\u00e7\u00f5es definidas nos incisos XXVI a XXVIII do art. 34).<\/p>\n\n\n\n<p class=\"has-vivid-red-color has-text-color has-link-color wp-elements-a8937fe8d6efc3c073578cd93dd57dbe\"><strong>QUEST\u00c3O 04. O advogado Ant\u00f4nio comentou em mat\u00e9rias veiculadas em p\u00e1gina da internet consistente em s\u00edtio eletr\u00f4nico especializado em publicar artigos acad\u00eamicos e jur\u00eddicos, novas teses que s\u00e3o sancionadas e faz explica\u00e7\u00f5es de f\u00e1cil compreens\u00e3o de conceitos e normas jur\u00eddicas.<\/strong><\/p>\n\n\n\n<p class=\"has-vivid-red-color has-text-color has-link-color wp-elements-40304f990111093499bfc090c36f0ca3\"><strong>De acordo com o disposto no C\u00f3digo de \u00c9tica e Disciplina da OAB, assinale a afirmativa correta.<\/strong><\/p>\n\n\n\n<p class=\"has-vivid-red-color has-text-color has-link-color wp-elements-0c5b3febf1a4cbed619c7736f54ca969\"><strong>a) \u00c9 autorizado que Ant\u00f4nio responda \u00e0s consultas jur\u00eddicas com habilita\u00e7\u00e3o na p\u00e1gina mencionada para promo\u00e7\u00e3o pessoal.<\/strong><\/p>\n\n\n\n<p class=\"has-vivid-red-color has-text-color has-link-color wp-elements-b37a3f342f514985918f36d16ea01816\"><strong>b) \u00c9 vedado que Ant\u00f4nio mencione seu e-mail e telefone na mencionada p\u00e1gina, assim como o nome do escrit\u00f3rio onde trabalha.<\/strong><\/p>\n\n\n\n<p class=\"has-vivid-red-color has-text-color has-link-color wp-elements-2a7aad01544351bd480ba8634c663368\"><strong>c) Ant\u00f4nio n\u00e3o poder\u00e1 fornecer, nas mat\u00e9rias que publica, seus meios de contato, tais como endere\u00e7o e telefone, mas \u00e9 permitida a refer\u00eancia a e-mail.<\/strong><\/p>\n\n\n\n<p class=\"has-vivid-red-color has-text-color has-link-color wp-elements-24c3fa2e95b5b47dc1f7b1d5fd85586f\"><strong>d) N\u00e3o \u00e9 vedado que Ant\u00f4nio, ao comentar a atua\u00e7\u00e3o de colegas advogados em tais feitos, cite casos emblem\u00e1ticos para a explica\u00e7\u00e3o de tais normas e conceitos.<\/strong><\/p>\n\n\n\n<p><strong>Coment\u00e1rios<\/strong><\/p>\n\n\n\n<p>A alternativa correta \u00e9 a <strong>letra C.<\/strong> A quest\u00e3o trata da publicidade profissional e seus limites (art. 39 do C\u00f3digo de \u00c9tica e Disciplina da OAB).<\/p>\n\n\n\n<p>A alternativa A est\u00e1 incorreta. N\u00e3o \u00e9 permitido responder consultas jur\u00eddicas para promo\u00e7\u00e3o pessoal (art. 42, I do C\u00f3digo de \u00c9tica e Disciplina da OAB: Art. 42. \u00c9 vedado ao advogado:I \u2013 responder com habitualidade a consulta sobre mat\u00e9ria jur\u00eddica, nos meios de comunica\u00e7\u00e3o social;).<\/p>\n\n\n\n<p>A alternativa B est\u00e1 incorreta. \u00c9 permitido indicar e-mail e telefone, desde que n\u00e3o caracterize capta\u00e7\u00e3o de clientela (art. 40, V do C\u00f3digo de \u00c9tica e Disciplina da OAB:V \u2013 o fornecimento de dados de contato, como endere\u00e7o e telefone, em colunas ou artigos liter\u00e1rios, culturais, acad\u00eamicos ou jur\u00eddicos, publicados na imprensa, bem assim quando de eventual participa\u00e7\u00e3o em programas de r\u00e1dio ou televis\u00e3o, ou em veicula\u00e7\u00e3o de mat\u00e9rias pela internet, sendo permitida a refer\u00eancia a e-mail;).<\/p>\n\n\n\n<p>A alternativa C est\u00e1 correta. O advogado pode divulgar seu e-mail em publica\u00e7\u00f5es, mas n\u00e3o endere\u00e7o f\u00edsico ou telefone (art. 40, V do C\u00f3digo de \u00c9tica e Disciplina da OAB:V \u2013 o fornecimento de dados de contato, como endere\u00e7o e telefone, em colunas ou artigos liter\u00e1rios, culturais, acad\u00eamicos ou jur\u00eddicos, publicados na imprensa, bem assim quando de eventual participa\u00e7\u00e3o em programas de r\u00e1dio ou televis\u00e3o, ou em veicula\u00e7\u00e3o de mat\u00e9rias pela internet, sendo permitida a refer\u00eancia a e-mail;).<\/p>\n\n\n\n<p>A alternativa D est\u00e1 incorreta. \u00c9 vedado comentar casos concretos e atua\u00e7\u00e3o de colegas para fins de divulga\u00e7\u00e3o p\u00fablica (art. 42, II do C\u00f3digo de \u00c9tica e Disciplina da OAB: II \u2013 debater, em qualquer meio de comunica\u00e7\u00e3o, causa sob o patroc\u00ednio de outro advogado;).<\/p>\n\n\n\n<p class=\"has-vivid-red-color has-text-color has-link-color wp-elements-f02ac897967203331df9be07da7a4b2d\"><strong>QUEST\u00c3O 05. Alfonso, condenado por tr\u00e1fico de drogas, cumpre pena dividindo cela com Rodrigo, preso preventivamente h\u00e1 mais de dois anos, e sem julgamento do processo por roubo a que responde ter sido conclu\u00edda. Indignado com a situa\u00e7\u00e3o de Rodrigo, Afonso, que n\u00e3o tem forma\u00e7\u00e3o jur\u00eddica, mas sempre leu muito e habilidoso com a escrita, decide redigir um pedido de habeas corpus em folha de caderno, \u00e0 m\u00e3o, em favor de seu companheiro de cela.<\/strong><\/p>\n\n\n\n<p class=\"has-vivid-red-color has-text-color has-link-color wp-elements-0820ac7e69653eec1c60194c2e9f7056\"><strong>Considerando o disposto no Estatuto da Ordem dos Advogados do Brasil (OAB), assinale a afirmativa correta.<\/strong><\/p>\n\n\n\n<p class=\"has-vivid-red-color has-text-color has-link-color wp-elements-d86c501f24954eb8194e90f874470630\"><strong>a) A impetra\u00e7\u00e3o de habeas corpus \u00e9 atividade privativa de advogado regularmente inscrito na OAB, n\u00e3o podendo ser realizada por um leigo, ainda que em defesa de direitos fundamentais.<\/strong><\/p>\n\n\n\n<p class=\"has-vivid-red-color has-text-color has-link-color wp-elements-749017ca900f2310a012036620dc740c\"><strong>b) Afonso poder\u00e1 redigir e impetrar o habeas corpus em favor de Rodrigo, pois a impetra\u00e7\u00e3o deste rem\u00e9dio constitucional n\u00e3o est\u00e1 inclu\u00edda entre as atividades privativas da advocacia.<\/strong><\/p>\n\n\n\n<p class=\"has-vivid-red-color has-text-color has-link-color wp-elements-66cc818964ecb77a549942909e57b44c\"><strong>c) Afonso somente poderia impetrar o habeas corpus se comprovasse possuir poderes outorgados por instrumento de mandato no caso de Rodrigo.<\/strong><\/p>\n\n\n\n<p class=\"has-vivid-red-color has-text-color has-link-color wp-elements-d769325e0523378e32aa2ee7888650aa\"><strong>d) A impetra\u00e7\u00e3o de habeas corpus \u00e9 vedada para leigos quando se trata de crimes extremamente graves, como o crime de roubo.<\/strong><\/p>\n\n\n\n<p><strong>Coment\u00e1rios<\/strong><\/p>\n\n\n\n<p>A alternativa correta \u00e9 a <strong>letra B.<\/strong> A quest\u00e3o trata da possibilidade de impetra\u00e7\u00e3o de habeas corpus por qualquer pessoa.<\/p>\n\n\n\n<p>A alternativa A est\u00e1 incorreta. O habeas corpus pode ser impetrado por qualquer pessoa, mesmo sem capacidade postulat\u00f3ria (art. 1\u00ba, \u00a71\u00ba da Lei n\u00ba 8.906\/1994: \u00a7 1\u00ba N\u00e3o se inclui na atividade privativa de advocacia a impetra\u00e7\u00e3o de habeas corpus em qualquer inst\u00e2ncia ou tribunal.).<\/p>\n\n\n\n<p>A alternativa B est\u00e1 correta. A impetra\u00e7\u00e3o do habeas corpus n\u00e3o \u00e9 atividade privativa da advocacia.<\/p>\n\n\n\n<p>A alternativa C est\u00e1 incorreta. N\u00e3o \u00e9 necess\u00e1ria procura\u00e7\u00e3o para a impetra\u00e7\u00e3o de habeas corpus.<\/p>\n\n\n\n<p>A alternativa D est\u00e1 incorreta. A gravidade do crime n\u00e3o restringe a legitimidade para impetra\u00e7\u00e3o de habeas corpus por leigo.<\/p>\n\n\n\n<p class=\"has-vivid-red-color has-text-color has-link-color wp-elements-fe8de004ca4cecf8761041fe7a74a54f\"><strong>QUEST\u00c3O 06. Roberto, advogado criminalista, foi contratado para promover a defesa de Juvenal, gestor p\u00fablico acusado da pr\u00e1tica de corrup\u00e7\u00e3o passiva, peculato e \u201clavagem\u201d ou oculta\u00e7\u00e3o de valores. No decorrer do processo criminal, foi decretado, pelo Ju\u00edzo, o bloqueio universal do patrim\u00f4nio de Juvenal, visando ao ressarcimento do suposto dano causado ao er\u00e1rio, o que inviabiliza o adimplemento dos honor\u00e1rios contratuais devidos a Roberto e o reembolso de gastos com a defesa.<\/strong><\/p>\n\n\n\n<p class=\"has-vivid-red-color has-text-color has-link-color wp-elements-f0f9f75b4c31812fad81e3e3d96277dd\"><strong>Sobre essa hip\u00f3tese, assinale a afirmativa correta.<\/strong><\/p>\n\n\n\n<p class=\"has-vivid-red-color has-text-color has-link-color wp-elements-bc321ab9832d554e8debb32e0f7ed373\"><strong>a) Roberto poder\u00e1 requerer o levantamento de at\u00e9 20% dos bens bloqueados para fins de recebimento de honor\u00e1rios e o reembolso de gastos com a defesa.<\/strong><\/p>\n\n\n\n<p class=\"has-vivid-red-color has-text-color has-link-color wp-elements-d74313b8630543ff86447d9ecfcea19e\"><strong>b) Roberto dever\u00e1 requerer, nos pr\u00f3prios autos da a\u00e7\u00e3o penal, a libera\u00e7\u00e3o de at\u00e9 20% dos bens bloqueados, exclusivamente em seu favor.<\/strong><\/p>\n\n\n\n<p class=\"has-vivid-red-color has-text-color has-link-color wp-elements-2a7ebf799eb3fd5e5ba5dce16e3303dd\"><strong>c) Em virtude da supremacia do interesse p\u00fablico, Roberto n\u00e3o poder\u00e1 se valer da libera\u00e7\u00e3o de qualquer valor, independentemente de eventual decis\u00e3o favor\u00e1vel ao desbloqueio parcial do patrim\u00f4nio de Juvenal.<\/strong><\/p>\n\n\n\n<p class=\"has-vivid-red-color has-text-color has-link-color wp-elements-58a5465534ffbc3721a10ee35029dd48\"><strong>d) Caso apresente elementos robustos quanto aos autos, Roberto far\u00e1 jus ao levantamento dos valores apenas em sede de a\u00e7\u00e3o pr\u00f3pria e n\u00e3o incidental, ainda que isso implique o esvaziamento do bloqueio judicial.<\/strong><\/p>\n\n\n\n<p><strong>Coment\u00e1rios<\/strong><\/p>\n\n\n\n<p>A alternativa correta \u00e9 a <strong>letra A<\/strong>. A quest\u00e3o trata da libera\u00e7\u00e3o de valores bloqueados para pagamento de honor\u00e1rios advocat\u00edcios (art. 24-A, da Lei n\u00ba 8.906\/1994:Art. 24-A. No caso de bloqueio universal do patrim\u00f4nio do cliente por decis\u00e3o judicial, garantir-se-\u00e1 ao advogado a libera\u00e7\u00e3o de at\u00e9 20% (vinte por cento) dos bens bloqueados para fins de recebimento de honor\u00e1rios e reembolso de gastos com a defesa, ressalvadas as causas relacionadas aos crimes previstos na Lei n\u00ba 11.343, de 23 de agosto de 2006 (Lei de Drogas), e observado o disposto no par\u00e1grafo \u00fanico do art. 243 da Constitui\u00e7\u00e3o Federal.).<\/p>\n\n\n\n<p>A alternativa A est\u00e1 correta. \u00c9 permitido o levantamento de valores para pagamento de honor\u00e1rios at\u00e9 o limite de 20% (art. 24-A, da Lei n\u00ba 8.906\/1994:Art. 24-A. No caso de bloqueio universal do patrim\u00f4nio do cliente por decis\u00e3o judicial, garantir-se-\u00e1 ao advogado a libera\u00e7\u00e3o de at\u00e9 20% (vinte por cento) dos bens bloqueados para fins de recebimento de honor\u00e1rios e reembolso de gastos com a defesa, ressalvadas as causas relacionadas aos crimes previstos na Lei n\u00ba 11.343, de 23 de agosto de 2006 (Lei de Drogas), e observado o disposto no par\u00e1grafo \u00fanico do art. 243 da Constitui\u00e7\u00e3o Federal.).<\/p>\n\n\n\n<p>A alternativa B est\u00e1 incorreta. N\u00e3o \u00e9 exigido requerimento exclusivo nos autos da a\u00e7\u00e3o penal para levantar os valores (art. 24-A, \u00a7 1\u00ba da Lei n\u00ba 8.906\/1994: \u00a7 1\u00ba O pedido de desbloqueio de bens ser\u00e1 feito em autos apartados, que permanecer\u00e3o em sigilo, mediante a apresenta\u00e7\u00e3o do respectivo contrato.)<\/p>\n\n\n\n<p>A alternativa C est\u00e1 incorreta. Havendo decis\u00e3o favor\u00e1vel e valores dispon\u00edveis, o levantamento pode ser feito (art. 24-A, da Lei n\u00ba 8.906\/1994:Art. 24-A. No caso de bloqueio universal do patrim\u00f4nio do cliente por decis\u00e3o judicial, garantir-se-\u00e1 ao advogado a libera\u00e7\u00e3o de at\u00e9 20% (vinte por cento) dos bens bloqueados para fins de recebimento de honor\u00e1rios e reembolso de gastos com a defesa, ressalvadas as causas relacionadas aos crimes previstos na Lei n\u00ba 11.343, de 23 de agosto de 2006 (Lei de Drogas), e observado o disposto no par\u00e1grafo \u00fanico do art. 243 da Constitui\u00e7\u00e3o Federal.).<\/p>\n\n\n\n<p>A alternativa D est\u00e1 incorreta. N\u00e3o \u00e9 necess\u00e1ria nova a\u00e7\u00e3o para levantamento de valores referentes a honor\u00e1rios advocat\u00edcios (art. 24-A, \u00a7 1\u00ba da Lei n\u00ba 8.906\/1994: \u00a7 1\u00ba O pedido de desbloqueio de bens ser\u00e1 feito em autos apartados, que permanecer\u00e3o em sigilo, mediante a apresenta\u00e7\u00e3o do respectivo contrato.)<\/p>\n\n\n\n<p class=\"has-vivid-red-color has-text-color has-link-color wp-elements-0bd70ee113106c055dd331124aafc7e3\"><strong>QUEST\u00c3O 07. Paulo Afr\u00e2nio foi apresentado ao Tribunal de \u00c9tica e Disciplina do Conselho Seccional do Estado da OAB pela pr\u00e1tica de infra\u00e7\u00e3o disciplinar e viola\u00e7\u00e3o, sem justa causa, de sigilo profissional. No recebimento da representa\u00e7\u00e3o, o Presidente designou relator, que encaminhou direto o processo e parecer conclusivo para julgamento do Tribunal de \u00c9tica e Disciplina.<\/strong><\/p>\n\n\n\n<p class=\"has-vivid-red-color has-text-color has-link-color wp-elements-6225820f06da32c935d320d06d82c24d\"><strong>Por se tratar de infra\u00e7\u00e3o leve, o relator dispensou as etapas de defesa pr\u00e9via e raz\u00f5es finais, garantindo ao representado apenas a defesa oral. Ao final, o relator ofereceu parecer favor\u00e1vel \u00e0 aplica\u00e7\u00e3o de san\u00e7\u00e3o de exclus\u00e3o e o processo, submetido ao Tribunal de \u00c9tica e Disciplina que, acompanhando o parecer, aplicou a referida san\u00e7\u00e3o ao advogado Paulo Afr\u00e2nio.<\/strong><\/p>\n\n\n\n<p class=\"has-vivid-red-color has-text-color has-link-color wp-elements-c23be5ecdbf4f0f65b3d042d27079a8c\"><strong>Sobre o processo disciplinar no \u00e2mbito da OAB, assinale a afirmativa correta.<\/strong><\/p>\n\n\n\n<p class=\"has-vivid-red-color has-text-color has-link-color wp-elements-1eea49cce1c7a899dc9f8db6f63d0467\"><strong>a) O procedimento adotado pelo relator foi correto, porque a legisla\u00e7\u00e3o prev\u00ea que a defesa oral \u00e9 defesa ampla e suficiente, substituindo as etapas finais.<\/strong><\/p>\n\n\n\n<p class=\"has-vivid-red-color has-text-color has-link-color wp-elements-b3d353a20a2eca1ff4ad574462937a4c\"><strong>b) Nos casos de parecer preliminar do relator recomendando a aplica\u00e7\u00e3o de pena de censura, o Presidente do Conselho Seccional, no exerc\u00edcio do seu poder de instru\u00e7\u00e3o, poder\u00e1 aplicar, monocraticamente, a pena.<\/strong><\/p>\n\n\n\n<p class=\"has-vivid-red-color has-text-color has-link-color wp-elements-ad2003b28aaf1bdff82763d44689743e\"><strong>c) A condu\u00e7\u00e3o irregular do processamento disciplinar, que apurou a gravidade da infra\u00e7\u00e3o ou da san\u00e7\u00e3o aplicada n\u00e3o autoriza que sejam reduzidas as oportunidades de defesa e que se suprimam etapas do processo disciplinar.<\/strong><\/p>\n\n\n\n<p class=\"has-vivid-red-color has-text-color has-link-color wp-elements-686f5f8a230a3083e1ee1bbe0e1ccc00\"><strong>d) N\u00e3o houve viola\u00e7\u00e3o da ampla defesa no caso, porque o reconhecimento de nulidades processuais est\u00e1 sujeito ao princ\u00edpio pas de nullit\u00e9 sans grief, ou como no caso foi aplicada a pena de exclus\u00e3o, \u00e9 poss\u00edvel admitir que o advogado foi amplamente defendido.<\/strong><\/p>\n\n\n\n<p><strong>Coment\u00e1rios<\/strong><\/p>\n\n\n\n<p>A alternativa correta \u00e9 a <strong>letra C.<\/strong> A quest\u00e3o trata da nulidade do processo disciplinar pela aus\u00eancia de ampla defesa (art. 70 a 74 da Lei n\u00ba 8.906\/1994).<\/p>\n\n\n\n<p>A alternativa A est\u00e1 incorreta. A defesa oral n\u00e3o substitui a defesa escrita exigida no processo disciplinar (art. 73, \u00a7 1\u00ba da Lei n\u00ba 8.906\/1994: \u00a7 1\u00ba Ao representado deve ser assegurado amplo direito de defesa, podendo acompanhar o processo em todos os termos, pessoalmente ou por interm\u00e9dio de procurador, oferecendo defesa pr\u00e9via ap\u00f3s ser notificado, raz\u00f5es finais ap\u00f3s a instru\u00e7\u00e3o e defesa oral perante o Tribunal de \u00c9tica e Disciplina, por ocasi\u00e3o do julgamento).<\/p>\n\n\n\n<p>A alternativa B est\u00e1 incorreta. O Presidente do Conselho Seccional n\u00e3o pode aplicar pena monocraticamente (Art. 70 da Lei n\u00ba 8.906\/1994: Art. 70. O poder de punir disciplinarmente os inscritos na OAB compete exclusivamente ao Conselho Seccional em cuja base territorial tenha ocorrido a infra\u00e7\u00e3o, salvo se a falta for cometida perante o Conselho Federal).<\/p>\n\n\n\n<p>A alternativa C est\u00e1 correta. A aus\u00eancia de defesa pr\u00e9via e raz\u00f5es finais viola o devido processo legal e a ampla defesa (art. 73, \u00a7 1\u00ba da Lei n\u00ba 8.906\/1994: \u00a7 1\u00ba Ao representado deve ser assegurado amplo direito de defesa, podendo acompanhar o processo em todos os termos, pessoalmente ou por interm\u00e9dio de procurador, oferecendo defesa pr\u00e9via ap\u00f3s ser notificado, raz\u00f5es finais ap\u00f3s a instru\u00e7\u00e3o e defesa oral perante o Tribunal de \u00c9tica e Disciplina, por ocasi\u00e3o do julgamento).<\/p>\n\n\n\n<p>A alternativa D est\u00e1 incorreta. A gravidade da san\u00e7\u00e3o n\u00e3o afasta a necessidade de respeito \u00e0s garantias processuais (art. 73, \u00a7 1\u00ba da Lei n\u00ba 8.906\/1994: \u00a7 1\u00ba Ao representado deve ser assegurado amplo direito de defesa, podendo acompanhar o processo em todos os termos, pessoalmente ou por interm\u00e9dio de procurador, oferecendo defesa pr\u00e9via ap\u00f3s ser notificado, raz\u00f5es finais ap\u00f3s a instru\u00e7\u00e3o e defesa oral perante o Tribunal de \u00c9tica e Disciplina, por ocasi\u00e3o do julgamento).<\/p>\n\n\n\n<p class=\"has-vivid-red-color has-text-color has-link-color wp-elements-15d5b0fabbb436f991d57b7431da21e1\"><strong>QUEST\u00c3O 08. Aur\u00e9lio, advogado regularmente inscrito na OAB, recebeu uma liga\u00e7\u00e3o urgente da fam\u00edlia de Adalberto, seu amigo de inf\u00e2ncia, informando que ele havia sido preso em flagrante, acusado da pr\u00e1tica de homic\u00eddio.<\/strong><\/p>\n\n\n\n<p class=\"has-vivid-red-color has-text-color has-link-color wp-elements-cddc7910e44a6f9f72db3c5a7db1c5be\"><strong>Ao ser comunicado da situa\u00e7\u00e3o, Aur\u00e9lio dirige-se \u00e0 Delegacia de Pol\u00edcia para, com o devido conhecimento e anu\u00eancia de Adalberto, prestar-lhe assist\u00eancia jur\u00eddica. Na entrada, o Delegado Mois\u00e9s impede o pedido de Aur\u00e9lio para ser recebido, bem como nega o atendimento de Adalberto, justificando a negativa pela gravidade do crime e pela aus\u00eancia de procura\u00e7\u00e3o formal outorgada ao advogado.<\/strong><\/p>\n\n\n\n<p class=\"has-vivid-red-color has-text-color has-link-color wp-elements-fade748d93b0383d810166d069ee1b9b\"><strong>Sobre a hip\u00f3tese narrada e nos termos do Estatuto da OAB, assinale a afirmativa correta.<\/strong><\/p>\n\n\n\n<p class=\"has-vivid-red-color has-text-color has-link-color wp-elements-2c64ce857d6fd8bdfb3638ec69a3ec21\"><strong>a) A negativa do delegado foi leg\u00edtima, uma vez que, em raz\u00e3o da gravidade do crime de homic\u00eddio, \u00e9 admiss\u00edvel limitar a atua\u00e7\u00e3o do advogado, mesmo sem decis\u00e3o judicial.<\/strong><\/p>\n\n\n\n<p class=\"has-vivid-red-color has-text-color has-link-color wp-elements-8f5bdaa5b5e7256876f9864d959aedc5\"><strong>b) A comunica\u00e7\u00e3o de Aur\u00e9lio com Adalberto s\u00f3 poderia ocorrer mediante exibi\u00e7\u00e3o de procura\u00e7\u00e3o assinada, sem a qual n\u00e3o \u00e9 exig\u00edvel a assist\u00eancia jur\u00eddica em sede policial.<\/strong><\/p>\n\n\n\n<p class=\"has-vivid-red-color has-text-color has-link-color wp-elements-93511cfbae69cc660487b298a8398977\"><strong>c) A atua\u00e7\u00e3o de Aur\u00e9lio \u00e9 ilegal, exigindo-se que fosse feita a exibi\u00e7\u00e3o pr\u00e9via de carta de constitui\u00e7\u00e3o profissional ou instrumento procurat\u00f3rio.<\/strong><\/p>\n\n\n\n<p class=\"has-vivid-red-color has-text-color has-link-color wp-elements-48a6f1d281cb404ccc86b79f34981e87\"><strong>d) A negativa do Delegado foi ilegal, pois Aur\u00e9lio tem direito de comunicar-se pessoal e reservadamente com Adalberto, mesmo sem procura\u00e7\u00e3o, conforme previsto no Estatuto da OAB.<\/strong><\/p>\n\n\n\n<p><strong>Coment\u00e1rios<\/strong><\/p>\n\n\n\n<p>A alternativa correta \u00e9 a <strong>letra D.<\/strong> A quest\u00e3o trata do direito do advogado de comunicar-se reservadamente com cliente preso (art. 7\u00ba, III da Lei 8.906\/94: III &#8211; comunicar-se com seus clientes, pessoal e reservadamente, mesmo sem procura\u00e7\u00e3o, quando estes se acharem presos, detidos ou recolhidos em estabelecimentos civis ou militares, ainda que considerados incomunic\u00e1veis;).<\/p>\n\n\n\n<p>A alternativa A est\u00e1 incorreta. O Estatuto da OAB assegura a comunica\u00e7\u00e3o pessoal e reservada com o cliente preso, independentemente da gravidade do crime (art. 7\u00ba, III da Lei 8.906\/94: III &#8211; comunicar-se com seus clientes, pessoal e reservadamente, mesmo sem procura\u00e7\u00e3o, quando estes se acharem presos, detidos ou recolhidos em estabelecimentos civis ou militares, ainda que considerados incomunic\u00e1veis;).<\/p>\n\n\n\n<p>A alternativa B est\u00e1 incorreta. N\u00e3o \u00e9 exigida a apresenta\u00e7\u00e3o de procura\u00e7\u00e3o para a comunica\u00e7\u00e3o com o cliente preso (art. 7\u00ba, III da Lei 8.906\/94: III &#8211; comunicar-se com seus clientes, pessoal e reservadamente, mesmo sem procura\u00e7\u00e3o, quando estes se acharem presos, detidos ou recolhidos em estabelecimentos civis ou militares, ainda que considerados incomunic\u00e1veis;).<\/p>\n\n\n\n<p>A alternativa C est\u00e1 incorreta. O advogado n\u00e3o precisa exibir carta de constitui\u00e7\u00e3o ou instrumento de mandato para se comunicar com o cliente preso (art. 7\u00ba, III da Lei 8.906\/94: III &#8211; comunicar-se com seus clientes, pessoal e reservadamente, mesmo sem procura\u00e7\u00e3o, quando estes se acharem presos, detidos ou recolhidos em estabelecimentos civis ou militares, ainda que considerados incomunic\u00e1veis;).<\/p>\n\n\n\n<p>A alternativa D est\u00e1 correta. O advogado tem direito a entrevista pessoal e reservada, mesmo sem procura\u00e7\u00e3o (art. 7\u00ba, III da Lei 8.906\/94: III &#8211; comunicar-se com seus clientes, pessoal e reservadamente, mesmo sem procura\u00e7\u00e3o, quando estes se acharem presos, detidos ou recolhidos em estabelecimentos civis ou militares, ainda que considerados incomunic\u00e1veis;).<\/p>\n\n\n\n<p class=\"has-text-align-center\"><em>Se o seu sonho \u00e9 se tornar Advogado, Juiz, Promotor, Procurador ou Delegado, comece pelo <strong><a href=\"https:\/\/oab.estrategia.com\/\" target=\"_blank\" >primeiro passo: conquistar a OAB<\/a>. <\/strong>Estude de forma estrat\u00e9gica com o curso que mais aprova e transforme seu sonho em realidade com o <strong><a href=\"https:\/\/oab.estrategia.com\/\" target=\"_blank\" >Estrat\u00e9gia OAB<\/a><\/strong><\/em>.<\/p>\n\n\n\n<div class=\"wp-block-cover\" style=\"min-height:145px;aspect-ratio:unset;\"><span aria-hidden=\"true\" class=\"wp-block-cover__background has-background-dim\"><\/span><img decoding=\"async\" width=\"1024\" height=\"190\" class=\"wp-block-cover__image-background wp-image-2272\" alt=\"\" src=\"https:\/\/oab.estrategia.com\/portal\/wp-content\/uploads\/2022\/08\/19111944\/assinatura-oab-banner-exame-de-ordem-oab-assinatura-curso-oab-1024x190.jpg\" style=\"object-position:58% 29%\" data-object-fit=\"cover\" data-object-position=\"58% 29%\" srcset=\"https:\/\/oab.estrategia.com\/portal\/wp-content\/uploads\/2022\/08\/19111944\/assinatura-oab-banner-exame-de-ordem-oab-assinatura-curso-oab-1024x190.jpg 1024w, https:\/\/oab.estrategia.com\/portal\/wp-content\/uploads\/2022\/08\/19111944\/assinatura-oab-banner-exame-de-ordem-oab-assinatura-curso-oab-300x56.jpg 300w, https:\/\/oab.estrategia.com\/portal\/wp-content\/uploads\/2022\/08\/19111944\/assinatura-oab-banner-exame-de-ordem-oab-assinatura-curso-oab-768x143.jpg 768w, https:\/\/oab.estrategia.com\/portal\/wp-content\/uploads\/2022\/08\/19111944\/assinatura-oab-banner-exame-de-ordem-oab-assinatura-curso-oab-1536x285.jpg 1536w, https:\/\/oab.estrategia.com\/portal\/wp-content\/uploads\/2022\/08\/19111944\/assinatura-oab-banner-exame-de-ordem-oab-assinatura-curso-oab-380x71.jpg 380w, https:\/\/oab.estrategia.com\/portal\/wp-content\/uploads\/2022\/08\/19111944\/assinatura-oab-banner-exame-de-ordem-oab-assinatura-curso-oab-800x149.jpg 800w, https:\/\/oab.estrategia.com\/portal\/wp-content\/uploads\/2022\/08\/19111944\/assinatura-oab-banner-exame-de-ordem-oab-assinatura-curso-oab-1160x215.jpg 1160w, https:\/\/oab.estrategia.com\/portal\/wp-content\/uploads\/2022\/08\/19111944\/assinatura-oab-banner-exame-de-ordem-oab-assinatura-curso-oab-150x28.jpg 150w, https:\/\/oab.estrategia.com\/portal\/wp-content\/uploads\/2022\/08\/19111944\/assinatura-oab-banner-exame-de-ordem-oab-assinatura-curso-oab.jpg 1890w\" sizes=\"(max-width: 1024px) 100vw, 1024px\" \/><div class=\"wp-block-cover__inner-container is-layout-flow wp-block-cover-is-layout-flow\">\n<h3 id=\"assinatura-oab\" class=\"titulo-assinatura\">Assinatura OAB<\/h3>\n<p class=\"subtitulo-assinatura\" style=\"display:block!important; line-height: 0;\">Conte\u00fado completo para a 1\u00aa e 2\u00aa fase da OAB.<\/p>\n<a target=\"_blank\" href=\"https:\/\/oab.estrategia.com\/curso\/assinatura-oab\/\" rel=\"noopener\"><button style=\"border-radius: 10px; text-transform: capitalize;\">Acessar<\/button><\/a>\n<\/div><\/div>\n\n\n\n<h4 class=\"wp-block-heading has-text-align-center\" id=\"h-conteudos-exclusivos-e-atualizacoes-em-tempo-real-siga-nossas-redes-e-esteja-sempre-um-passo-a-frente\"><span id=\"conteudos-exclusivos-e-atualizacoes-em-tempo-realsiga-nossas-redes-e-esteja-sempre-um-passo-a-frente\">Conte\u00fados exclusivos e atualiza\u00e7\u00f5es em tempo real?<br>Siga nossas redes e esteja sempre um passo \u00e0 frente!<\/span><\/h4>\n\n\n\n<ul class=\"wp-block-social-links has-normal-icon-size has-visible-labels is-horizontal is-content-justification-center is-layout-flex wp-container-core-social-links-is-layout-499968f5 wp-block-social-links-is-layout-flex\"><li class=\"wp-social-link wp-social-link-facebook  wp-block-social-link\"><a rel=\"noopener nofollow\" target=\"_blank\" href=\"https:\/\/www.facebook.com\/oabestrategia?locale=pt_BR\" class=\"wp-block-social-link-anchor\"><svg width=\"24\" height=\"24\" viewBox=\"0 0 24 24\" version=\"1.1\" xmlns=\"http:\/\/www.w3.org\/2000\/svg\" aria-hidden=\"true\" focusable=\"false\"><path d=\"M12 2C6.5 2 2 6.5 2 12c0 5 3.7 9.1 8.4 9.9v-7H7.9V12h2.5V9.8c0-2.5 1.5-3.9 3.8-3.9 1.1 0 2.2.2 2.2.2v2.5h-1.3c-1.2 0-1.6.8-1.6 1.6V12h2.8l-.4 2.9h-2.3v7C18.3 21.1 22 17 22 12c0-5.5-4.5-10-10-10z\"><\/path><\/svg><span class=\"wp-block-social-link-label\">Facebook<\/span><\/a><\/li>\n\n<li class=\"wp-social-link wp-social-link-instagram  wp-block-social-link\"><a rel=\"noopener nofollow\" target=\"_blank\" href=\"https:\/\/www.instagram.com\/estrategiaoab\/\" class=\"wp-block-social-link-anchor\"><svg width=\"24\" height=\"24\" viewBox=\"0 0 24 24\" version=\"1.1\" xmlns=\"http:\/\/www.w3.org\/2000\/svg\" aria-hidden=\"true\" focusable=\"false\"><path d=\"M12,4.622c2.403,0,2.688,0.009,3.637,0.052c0.877,0.04,1.354,0.187,1.671,0.31c0.42,0.163,0.72,0.358,1.035,0.673 c0.315,0.315,0.51,0.615,0.673,1.035c0.123,0.317,0.27,0.794,0.31,1.671c0.043,0.949,0.052,1.234,0.052,3.637 s-0.009,2.688-0.052,3.637c-0.04,0.877-0.187,1.354-0.31,1.671c-0.163,0.42-0.358,0.72-0.673,1.035 c-0.315,0.315-0.615,0.51-1.035,0.673c-0.317,0.123-0.794,0.27-1.671,0.31c-0.949,0.043-1.233,0.052-3.637,0.052 s-2.688-0.009-3.637-0.052c-0.877-0.04-1.354-0.187-1.671-0.31c-0.42-0.163-0.72-0.358-1.035-0.673 c-0.315-0.315-0.51-0.615-0.673-1.035c-0.123-0.317-0.27-0.794-0.31-1.671C4.631,14.688,4.622,14.403,4.622,12 s0.009-2.688,0.052-3.637c0.04-0.877,0.187-1.354,0.31-1.671c0.163-0.42,0.358-0.72,0.673-1.035 c0.315-0.315,0.615-0.51,1.035-0.673c0.317-0.123,0.794-0.27,1.671-0.31C9.312,4.631,9.597,4.622,12,4.622 M12,3 C9.556,3,9.249,3.01,8.289,3.054C7.331,3.098,6.677,3.25,6.105,3.472C5.513,3.702,5.011,4.01,4.511,4.511 c-0.5,0.5-0.808,1.002-1.038,1.594C3.25,6.677,3.098,7.331,3.054,8.289C3.01,9.249,3,9.556,3,12c0,2.444,0.01,2.751,0.054,3.711 c0.044,0.958,0.196,1.612,0.418,2.185c0.23,0.592,0.538,1.094,1.038,1.594c0.5,0.5,1.002,0.808,1.594,1.038 c0.572,0.222,1.227,0.375,2.185,0.418C9.249,20.99,9.556,21,12,21s2.751-0.01,3.711-0.054c0.958-0.044,1.612-0.196,2.185-0.418 c0.592-0.23,1.094-0.538,1.594-1.038c0.5-0.5,0.808-1.002,1.038-1.594c0.222-0.572,0.375-1.227,0.418-2.185 C20.99,14.751,21,14.444,21,12s-0.01-2.751-0.054-3.711c-0.044-0.958-0.196-1.612-0.418-2.185c-0.23-0.592-0.538-1.094-1.038-1.594 c-0.5-0.5-1.002-0.808-1.594-1.038c-0.572-0.222-1.227-0.375-2.185-0.418C14.751,3.01,14.444,3,12,3L12,3z M12,7.378 c-2.552,0-4.622,2.069-4.622,4.622S9.448,16.622,12,16.622s4.622-2.069,4.622-4.622S14.552,7.378,12,7.378z M12,15 c-1.657,0-3-1.343-3-3s1.343-3,3-3s3,1.343,3,3S13.657,15,12,15z M16.804,6.116c-0.596,0-1.08,0.484-1.08,1.08 s0.484,1.08,1.08,1.08c0.596,0,1.08-0.484,1.08-1.08S17.401,6.116,16.804,6.116z\"><\/path><\/svg><span class=\"wp-block-social-link-label\">Instagram<\/span><\/a><\/li>\n\n<li class=\"wp-social-link wp-social-link-youtube  wp-block-social-link\"><a rel=\"noopener nofollow\" target=\"_blank\" href=\"https:\/\/www.youtube.com\/channel\/UC7rgrKTSF5aOrBGWOw60ovw\" class=\"wp-block-social-link-anchor\"><svg width=\"24\" height=\"24\" viewBox=\"0 0 24 24\" version=\"1.1\" xmlns=\"http:\/\/www.w3.org\/2000\/svg\" aria-hidden=\"true\" focusable=\"false\"><path d=\"M21.8,8.001c0,0-0.195-1.378-0.795-1.985c-0.76-0.797-1.613-0.801-2.004-0.847c-2.799-0.202-6.997-0.202-6.997-0.202 h-0.009c0,0-4.198,0-6.997,0.202C4.608,5.216,3.756,5.22,2.995,6.016C2.395,6.623,2.2,8.001,2.2,8.001S2,9.62,2,11.238v1.517 c0,1.618,0.2,3.237,0.2,3.237s0.195,1.378,0.795,1.985c0.761,0.797,1.76,0.771,2.205,0.855c1.6,0.153,6.8,0.201,6.8,0.201 s4.203-0.006,7.001-0.209c0.391-0.047,1.243-0.051,2.004-0.847c0.6-0.607,0.795-1.985,0.795-1.985s0.2-1.618,0.2-3.237v-1.517 C22,9.62,21.8,8.001,21.8,8.001z M9.935,14.594l-0.001-5.62l5.404,2.82L9.935,14.594z\"><\/path><\/svg><span class=\"wp-block-social-link-label\">Youtube<\/span><\/a><\/li>\n\n<li class=\"wp-social-link wp-social-link-telegram  wp-block-social-link\"><a rel=\"noopener nofollow\" target=\"_blank\" href=\"https:\/\/t.me\/transmissaoEstrategiaOAB\" class=\"wp-block-social-link-anchor\"><svg width=\"24\" height=\"24\" viewBox=\"0 0 128 128\" version=\"1.1\" xmlns=\"http:\/\/www.w3.org\/2000\/svg\" aria-hidden=\"true\" focusable=\"false\"><path d=\"M28.9700376,63.3244248 C47.6273373,55.1957357 60.0684594,49.8368063 66.2934036,47.2476366 C84.0668845,39.855031 87.7600616,38.5708563 90.1672227,38.528 C90.6966555,38.5191258 91.8804274,38.6503351 92.6472251,39.2725385 C93.294694,39.7979149 93.4728387,40.5076237 93.5580865,41.0057381 C93.6433345,41.5038525 93.7494885,42.63857 93.6651041,43.5252052 C92.7019529,53.6451182 88.5344133,78.2034783 86.4142057,89.5379542 C85.5170662,94.3339958 83.750571,95.9420841 82.0403991,96.0994568 C78.3237996,96.4414641 75.5015827,93.6432685 71.9018743,91.2836143 C66.2690414,87.5912212 63.0868492,85.2926952 57.6192095,81.6896017 C51.3004058,77.5256038 55.3966232,75.2369981 58.9976911,71.4967761 C59.9401076,70.5179421 76.3155302,55.6232293 76.6324771,54.2720454 C76.6721165,54.1030573 76.7089039,53.4731496 76.3346867,53.1405352 C75.9604695,52.8079208 75.4081573,52.921662 75.0095933,53.0121213 C74.444641,53.1403447 65.4461175,59.0880351 48.0140228,70.8551922 C45.4598218,72.6091037 43.1463059,73.4636682 41.0734751,73.4188859 C38.7883453,73.3695169 34.3926725,72.1268388 31.1249416,71.0646282 C27.1169366,69.7617838 23.931454,69.0729605 24.208838,66.8603276 C24.3533167,65.7078514 25.9403832,64.5292172 28.9700376,63.3244248 Z\" \/><\/svg><span class=\"wp-block-social-link-label\">Telegram<\/span><\/a><\/li>\n\n<li class=\"wp-social-link wp-social-link-whatsapp  wp-block-social-link\"><a rel=\"noopener nofollow\" target=\"_blank\" href=\"https:\/\/chat.whatsapp.com\/GVIH7MrkoVAGyAxc6MuwWf\" class=\"wp-block-social-link-anchor\"><svg width=\"24\" height=\"24\" viewBox=\"0 0 24 24\" version=\"1.1\" xmlns=\"http:\/\/www.w3.org\/2000\/svg\" aria-hidden=\"true\" focusable=\"false\"><path d=\"M 12.011719 2 C 6.5057187 2 2.0234844 6.478375 2.0214844 11.984375 C 2.0204844 13.744375 2.4814687 15.462563 3.3554688 16.976562 L 2 22 L 7.2324219 20.763672 C 8.6914219 21.559672 10.333859 21.977516 12.005859 21.978516 L 12.009766 21.978516 C 17.514766 21.978516 21.995047 17.499141 21.998047 11.994141 C 22.000047 9.3251406 20.962172 6.8157344 19.076172 4.9277344 C 17.190172 3.0407344 14.683719 2.001 12.011719 2 z M 12.009766 4 C 14.145766 4.001 16.153109 4.8337969 17.662109 6.3417969 C 19.171109 7.8517969 20.000047 9.8581875 19.998047 11.992188 C 19.996047 16.396187 16.413812 19.978516 12.007812 19.978516 C 10.674812 19.977516 9.3544062 19.642812 8.1914062 19.007812 L 7.5175781 18.640625 L 6.7734375 18.816406 L 4.8046875 19.28125 L 5.2851562 17.496094 L 5.5019531 16.695312 L 5.0878906 15.976562 C 4.3898906 14.768562 4.0204844 13.387375 4.0214844 11.984375 C 4.0234844 7.582375 7.6067656 4 12.009766 4 z M 8.4765625 7.375 C 8.3095625 7.375 8.0395469 7.4375 7.8105469 7.6875 C 7.5815469 7.9365 6.9355469 8.5395781 6.9355469 9.7675781 C 6.9355469 10.995578 7.8300781 12.182609 7.9550781 12.349609 C 8.0790781 12.515609 9.68175 15.115234 12.21875 16.115234 C 14.32675 16.946234 14.754891 16.782234 15.212891 16.740234 C 15.670891 16.699234 16.690438 16.137687 16.898438 15.554688 C 17.106437 14.971687 17.106922 14.470187 17.044922 14.367188 C 16.982922 14.263188 16.816406 14.201172 16.566406 14.076172 C 16.317406 13.951172 15.090328 13.348625 14.861328 13.265625 C 14.632328 13.182625 14.464828 13.140625 14.298828 13.390625 C 14.132828 13.640625 13.655766 14.201187 13.509766 14.367188 C 13.363766 14.534188 13.21875 14.556641 12.96875 14.431641 C 12.71875 14.305641 11.914938 14.041406 10.960938 13.191406 C 10.218937 12.530406 9.7182656 11.714844 9.5722656 11.464844 C 9.4272656 11.215844 9.5585938 11.079078 9.6835938 10.955078 C 9.7955938 10.843078 9.9316406 10.663578 10.056641 10.517578 C 10.180641 10.371578 10.223641 10.267562 10.306641 10.101562 C 10.389641 9.9355625 10.347156 9.7890625 10.285156 9.6640625 C 10.223156 9.5390625 9.737625 8.3065 9.515625 7.8125 C 9.328625 7.3975 9.131125 7.3878594 8.953125 7.3808594 C 8.808125 7.3748594 8.6425625 7.375 8.4765625 7.375 z\"><\/path><\/svg><span class=\"wp-block-social-link-label\">WhatsApp<\/span><\/a><\/li><\/ul>\n\n\n\n<p><\/p>\n","protected":false},"excerpt":{"rendered":"Ol\u00e1, futuro Advogado(a), tudo certo?! Em 27\/04\/2025, foi aplicada a prova da primeira fase do 43\u00ba Exame da&hellip;\n","protected":false},"author":117,"featured_media":12852,"comment_status":"open","ping_status":"open","sticky":false,"template":"","format":"standard","meta":{"_jetpack_memberships_contains_paid_content":false,"footnotes":""},"categories":[30,36],"tags":[],"class_list":{"0":"post-17712","1":"post","2":"type-post","3":"status-publish","4":"format-standard","5":"has-post-thumbnail","7":"category-1a-fase-oab","8":"category-gabarito-oab"},"acf":[],"yoast_head":"<!-- This site is optimized with the Yoast SEO Premium plugin v26.2 (Yoast SEO v27.4) - https:\/\/yoast.com\/product\/yoast-seo-premium-wordpress\/ -->\n<title>Prova comentada OAB 43\u00ba exame: \u00c9tica Profissional<\/title>\n<meta name=\"description\" content=\"Confira agora mesmo a Prova comentada OAB 43\u00ba exame: \u00c9tica Profissional, elaborada pelos nossos professores!\" \/>\n<meta name=\"robots\" content=\"index, follow, max-snippet:-1, max-image-preview:large, max-video-preview:-1\" \/>\n<link rel=\"canonical\" href=\"https:\/\/oab.estrategia.com\/portal\/prova-comentada-oab-43-exame-etica-profissional\/\" \/>\n<meta property=\"og:locale\" content=\"pt_BR\" \/>\n<meta property=\"og:type\" content=\"article\" \/>\n<meta property=\"og:title\" content=\"Prova comentada OAB 43\u00ba exame: \u00c9tica Profissional\" \/>\n<meta property=\"og:description\" content=\"Confira agora mesmo a Prova comentada OAB 43\u00ba exame: \u00c9tica Profissional, elaborada pelos nossos professores!\" \/>\n<meta property=\"og:url\" content=\"https:\/\/oab.estrategia.com\/portal\/prova-comentada-oab-43-exame-etica-profissional\/\" \/>\n<meta property=\"og:site_name\" content=\"Blog - OAB - Estrat\u00e9gia\" \/>\n<meta property=\"article:publisher\" content=\"https:\/\/www.facebook.com\/estrategiaoab\/\" \/>\n<meta property=\"article:published_time\" content=\"2025-04-28T20:31:27+00:00\" \/>\n<meta property=\"article:modified_time\" content=\"2025-04-29T18:33:56+00:00\" \/>\n<meta property=\"og:image\" content=\"https:\/\/oab.estrategia.com\/portal\/portal\/wp-content\/uploads\/2024\/09\/05095354\/image-1-1.png\" \/>\n\t<meta property=\"og:image:width\" content=\"745\" \/>\n\t<meta property=\"og:image:height\" content=\"417\" \/>\n\t<meta property=\"og:image:type\" content=\"image\/png\" \/>\n<meta name=\"author\" content=\"Priscila Bonomi\" \/>\n<meta name=\"twitter:card\" content=\"summary_large_image\" \/>\n<meta name=\"twitter:creator\" content=\"@estrategiaoab\" \/>\n<meta name=\"twitter:site\" content=\"@estrategiaoab\" \/>\n<meta name=\"twitter:label1\" content=\"Escrito por\" \/>\n\t<meta name=\"twitter:data1\" content=\"Priscila Bonomi\" \/>\n\t<meta name=\"twitter:label2\" content=\"Est. tempo de leitura\" \/>\n\t<meta name=\"twitter:data2\" content=\"1 minuto\" \/>\n<script type=\"application\/ld+json\" class=\"yoast-schema-graph\">{\"@context\":\"https:\\\/\\\/schema.org\",\"@graph\":[{\"@type\":\"Article\",\"@id\":\"https:\\\/\\\/oab.estrategia.com\\\/portal\\\/prova-comentada-oab-43-exame-etica-profissional\\\/#article\",\"isPartOf\":{\"@id\":\"https:\\\/\\\/oab.estrategia.com\\\/portal\\\/prova-comentada-oab-43-exame-etica-profissional\\\/\"},\"author\":{\"name\":\"Priscila Bonomi\",\"@id\":\"https:\\\/\\\/oab.estrategia.com\\\/portal\\\/#\\\/schema\\\/person\\\/74fa7e131ce7fd0199e3ef003d93dd2a\"},\"headline\":\"Prova comentada OAB 43\u00ba exame: \u00c9tica Profissional\",\"datePublished\":\"2025-04-28T20:31:27+00:00\",\"dateModified\":\"2025-04-29T18:33:56+00:00\",\"mainEntityOfPage\":{\"@id\":\"https:\\\/\\\/oab.estrategia.com\\\/portal\\\/prova-comentada-oab-43-exame-etica-profissional\\\/\"},\"wordCount\":4290,\"commentCount\":0,\"publisher\":{\"@id\":\"https:\\\/\\\/oab.estrategia.com\\\/portal\\\/#organization\"},\"image\":{\"@id\":\"https:\\\/\\\/oab.estrategia.com\\\/portal\\\/prova-comentada-oab-43-exame-etica-profissional\\\/#primaryimage\"},\"thumbnailUrl\":\"https:\\\/\\\/oab.estrategia.com\\\/portal\\\/wp-content\\\/uploads\\\/2024\\\/09\\\/05095354\\\/image-1-1.png\",\"articleSection\":[\"1\u00aa Fase OAB\",\"Gabaritos OAB\"],\"inLanguage\":\"pt-BR\",\"potentialAction\":[{\"@type\":\"CommentAction\",\"name\":\"Comment\",\"target\":[\"https:\\\/\\\/oab.estrategia.com\\\/portal\\\/prova-comentada-oab-43-exame-etica-profissional\\\/#respond\"]}]},{\"@type\":\"WebPage\",\"@id\":\"https:\\\/\\\/oab.estrategia.com\\\/portal\\\/prova-comentada-oab-43-exame-etica-profissional\\\/\",\"url\":\"https:\\\/\\\/oab.estrategia.com\\\/portal\\\/prova-comentada-oab-43-exame-etica-profissional\\\/\",\"name\":\"Prova comentada OAB 43\u00ba exame: \u00c9tica Profissional\",\"isPartOf\":{\"@id\":\"https:\\\/\\\/oab.estrategia.com\\\/portal\\\/#website\"},\"primaryImageOfPage\":{\"@id\":\"https:\\\/\\\/oab.estrategia.com\\\/portal\\\/prova-comentada-oab-43-exame-etica-profissional\\\/#primaryimage\"},\"image\":{\"@id\":\"https:\\\/\\\/oab.estrategia.com\\\/portal\\\/prova-comentada-oab-43-exame-etica-profissional\\\/#primaryimage\"},\"thumbnailUrl\":\"https:\\\/\\\/oab.estrategia.com\\\/portal\\\/wp-content\\\/uploads\\\/2024\\\/09\\\/05095354\\\/image-1-1.png\",\"datePublished\":\"2025-04-28T20:31:27+00:00\",\"dateModified\":\"2025-04-29T18:33:56+00:00\",\"description\":\"Confira agora mesmo a Prova comentada OAB 43\u00ba exame: \u00c9tica Profissional, elaborada pelos nossos professores!\",\"breadcrumb\":{\"@id\":\"https:\\\/\\\/oab.estrategia.com\\\/portal\\\/prova-comentada-oab-43-exame-etica-profissional\\\/#breadcrumb\"},\"inLanguage\":\"pt-BR\",\"potentialAction\":[{\"@type\":\"ReadAction\",\"target\":[\"https:\\\/\\\/oab.estrategia.com\\\/portal\\\/prova-comentada-oab-43-exame-etica-profissional\\\/\"]}]},{\"@type\":\"ImageObject\",\"inLanguage\":\"pt-BR\",\"@id\":\"https:\\\/\\\/oab.estrategia.com\\\/portal\\\/prova-comentada-oab-43-exame-etica-profissional\\\/#primaryimage\",\"url\":\"https:\\\/\\\/oab.estrategia.com\\\/portal\\\/wp-content\\\/uploads\\\/2024\\\/09\\\/05095354\\\/image-1-1.png\",\"contentUrl\":\"https:\\\/\\\/oab.estrategia.com\\\/portal\\\/wp-content\\\/uploads\\\/2024\\\/09\\\/05095354\\\/image-1-1.png\",\"width\":745,\"height\":417},{\"@type\":\"BreadcrumbList\",\"@id\":\"https:\\\/\\\/oab.estrategia.com\\\/portal\\\/prova-comentada-oab-43-exame-etica-profissional\\\/#breadcrumb\",\"itemListElement\":[{\"@type\":\"ListItem\",\"position\":1,\"name\":\"In\u00edcio\",\"item\":\"https:\\\/\\\/oab.estrategia.com\\\/portal\\\/\"},{\"@type\":\"ListItem\",\"position\":2,\"name\":\"Prova comentada OAB 43\u00ba exame: \u00c9tica Profissional\"}]},{\"@type\":\"WebSite\",\"@id\":\"https:\\\/\\\/oab.estrategia.com\\\/portal\\\/#website\",\"url\":\"https:\\\/\\\/oab.estrategia.com\\\/portal\\\/\",\"name\":\"Blog - OAB - Estrat\u00e9gia\",\"description\":\"Blog OAB - Estrat\u00e9gia Concursos\",\"publisher\":{\"@id\":\"https:\\\/\\\/oab.estrategia.com\\\/portal\\\/#organization\"},\"potentialAction\":[{\"@type\":\"SearchAction\",\"target\":{\"@type\":\"EntryPoint\",\"urlTemplate\":\"https:\\\/\\\/oab.estrategia.com\\\/portal\\\/?s={search_term_string}\"},\"query-input\":{\"@type\":\"PropertyValueSpecification\",\"valueRequired\":true,\"valueName\":\"search_term_string\"}}],\"inLanguage\":\"pt-BR\"},{\"@type\":\"Organization\",\"@id\":\"https:\\\/\\\/oab.estrategia.com\\\/portal\\\/#organization\",\"name\":\"Estrat\u00e9gia Concursos\",\"url\":\"https:\\\/\\\/oab.estrategia.com\\\/portal\\\/\",\"logo\":{\"@type\":\"ImageObject\",\"inLanguage\":\"pt-BR\",\"@id\":\"https:\\\/\\\/oab.estrategia.com\\\/portal\\\/#\\\/schema\\\/logo\\\/image\\\/\",\"url\":\"https:\\\/\\\/oab.estrategia.com\\\/portal\\\/wp-content\\\/uploads\\\/2022\\\/04\\\/06103601\\\/oab-icone-2.png\",\"contentUrl\":\"https:\\\/\\\/oab.estrategia.com\\\/portal\\\/wp-content\\\/uploads\\\/2022\\\/04\\\/06103601\\\/oab-icone-2.png\",\"width\":900,\"height\":900,\"caption\":\"Estrat\u00e9gia Concursos\"},\"image\":{\"@id\":\"https:\\\/\\\/oab.estrategia.com\\\/portal\\\/#\\\/schema\\\/logo\\\/image\\\/\"},\"sameAs\":[\"https:\\\/\\\/www.facebook.com\\\/estrategiaoab\\\/\",\"https:\\\/\\\/x.com\\\/estrategiaoab\",\"https:\\\/\\\/www.instagram.com\\\/estrategiaoab\\\/\",\"https:\\\/\\\/www.youtube.com\\\/EstrategiaOAB\"]},{\"@type\":\"Person\",\"@id\":\"https:\\\/\\\/oab.estrategia.com\\\/portal\\\/#\\\/schema\\\/person\\\/74fa7e131ce7fd0199e3ef003d93dd2a\",\"name\":\"Priscila Bonomi\",\"image\":{\"@type\":\"ImageObject\",\"inLanguage\":\"pt-BR\",\"@id\":\"https:\\\/\\\/oab.estrategia.com\\\/portal\\\/wp-content\\\/uploads\\\/2025\\\/05\\\/05144855\\\/Imagem-do-WhatsApp-de-2025-05-05-as-14.47.57_b98168e4-96x96.jpg\",\"url\":\"https:\\\/\\\/oab.estrategia.com\\\/portal\\\/wp-content\\\/uploads\\\/2025\\\/05\\\/05144855\\\/Imagem-do-WhatsApp-de-2025-05-05-as-14.47.57_b98168e4-96x96.jpg\",\"contentUrl\":\"https:\\\/\\\/oab.estrategia.com\\\/portal\\\/wp-content\\\/uploads\\\/2025\\\/05\\\/05144855\\\/Imagem-do-WhatsApp-de-2025-05-05-as-14.47.57_b98168e4-96x96.jpg\",\"caption\":\"Priscila Bonomi\"},\"url\":\"https:\\\/\\\/oab.estrategia.com\\\/portal\\\/author\\\/priscila-bonomi\\\/\"}]}<\/script>\n<!-- \/ Yoast SEO Premium plugin. -->","yoast_head_json":{"title":"Prova comentada OAB 43\u00ba exame: \u00c9tica Profissional","description":"Confira agora mesmo a Prova comentada OAB 43\u00ba exame: \u00c9tica Profissional, elaborada pelos nossos professores!","robots":{"index":"index","follow":"follow","max-snippet":"max-snippet:-1","max-image-preview":"max-image-preview:large","max-video-preview":"max-video-preview:-1"},"canonical":"https:\/\/oab.estrategia.com\/portal\/prova-comentada-oab-43-exame-etica-profissional\/","og_locale":"pt_BR","og_type":"article","og_title":"Prova comentada OAB 43\u00ba exame: \u00c9tica Profissional","og_description":"Confira agora mesmo a Prova comentada OAB 43\u00ba exame: \u00c9tica Profissional, elaborada pelos nossos professores!","og_url":"https:\/\/oab.estrategia.com\/portal\/prova-comentada-oab-43-exame-etica-profissional\/","og_site_name":"Blog - OAB - Estrat\u00e9gia","article_publisher":"https:\/\/www.facebook.com\/estrategiaoab\/","article_published_time":"2025-04-28T20:31:27+00:00","article_modified_time":"2025-04-29T18:33:56+00:00","og_image":[{"width":745,"height":417,"url":"https:\/\/oab.estrategia.com\/portal\/portal\/wp-content\/uploads\/2024\/09\/05095354\/image-1-1.png","type":"image\/png"}],"author":"Priscila Bonomi","twitter_card":"summary_large_image","twitter_creator":"@estrategiaoab","twitter_site":"@estrategiaoab","twitter_misc":{"Escrito por":"Priscila Bonomi","Est. tempo de leitura":"1 minuto"},"schema":{"@context":"https:\/\/schema.org","@graph":[{"@type":"Article","@id":"https:\/\/oab.estrategia.com\/portal\/prova-comentada-oab-43-exame-etica-profissional\/#article","isPartOf":{"@id":"https:\/\/oab.estrategia.com\/portal\/prova-comentada-oab-43-exame-etica-profissional\/"},"author":{"name":"Priscila Bonomi","@id":"https:\/\/oab.estrategia.com\/portal\/#\/schema\/person\/74fa7e131ce7fd0199e3ef003d93dd2a"},"headline":"Prova comentada OAB 43\u00ba exame: \u00c9tica Profissional","datePublished":"2025-04-28T20:31:27+00:00","dateModified":"2025-04-29T18:33:56+00:00","mainEntityOfPage":{"@id":"https:\/\/oab.estrategia.com\/portal\/prova-comentada-oab-43-exame-etica-profissional\/"},"wordCount":4290,"commentCount":0,"publisher":{"@id":"https:\/\/oab.estrategia.com\/portal\/#organization"},"image":{"@id":"https:\/\/oab.estrategia.com\/portal\/prova-comentada-oab-43-exame-etica-profissional\/#primaryimage"},"thumbnailUrl":"https:\/\/oab.estrategia.com\/portal\/wp-content\/uploads\/2024\/09\/05095354\/image-1-1.png","articleSection":["1\u00aa Fase OAB","Gabaritos OAB"],"inLanguage":"pt-BR","potentialAction":[{"@type":"CommentAction","name":"Comment","target":["https:\/\/oab.estrategia.com\/portal\/prova-comentada-oab-43-exame-etica-profissional\/#respond"]}]},{"@type":"WebPage","@id":"https:\/\/oab.estrategia.com\/portal\/prova-comentada-oab-43-exame-etica-profissional\/","url":"https:\/\/oab.estrategia.com\/portal\/prova-comentada-oab-43-exame-etica-profissional\/","name":"Prova comentada OAB 43\u00ba exame: \u00c9tica Profissional","isPartOf":{"@id":"https:\/\/oab.estrategia.com\/portal\/#website"},"primaryImageOfPage":{"@id":"https:\/\/oab.estrategia.com\/portal\/prova-comentada-oab-43-exame-etica-profissional\/#primaryimage"},"image":{"@id":"https:\/\/oab.estrategia.com\/portal\/prova-comentada-oab-43-exame-etica-profissional\/#primaryimage"},"thumbnailUrl":"https:\/\/oab.estrategia.com\/portal\/wp-content\/uploads\/2024\/09\/05095354\/image-1-1.png","datePublished":"2025-04-28T20:31:27+00:00","dateModified":"2025-04-29T18:33:56+00:00","description":"Confira agora mesmo a Prova comentada OAB 43\u00ba exame: \u00c9tica Profissional, elaborada pelos nossos professores!","breadcrumb":{"@id":"https:\/\/oab.estrategia.com\/portal\/prova-comentada-oab-43-exame-etica-profissional\/#breadcrumb"},"inLanguage":"pt-BR","potentialAction":[{"@type":"ReadAction","target":["https:\/\/oab.estrategia.com\/portal\/prova-comentada-oab-43-exame-etica-profissional\/"]}]},{"@type":"ImageObject","inLanguage":"pt-BR","@id":"https:\/\/oab.estrategia.com\/portal\/prova-comentada-oab-43-exame-etica-profissional\/#primaryimage","url":"https:\/\/oab.estrategia.com\/portal\/wp-content\/uploads\/2024\/09\/05095354\/image-1-1.png","contentUrl":"https:\/\/oab.estrategia.com\/portal\/wp-content\/uploads\/2024\/09\/05095354\/image-1-1.png","width":745,"height":417},{"@type":"BreadcrumbList","@id":"https:\/\/oab.estrategia.com\/portal\/prova-comentada-oab-43-exame-etica-profissional\/#breadcrumb","itemListElement":[{"@type":"ListItem","position":1,"name":"In\u00edcio","item":"https:\/\/oab.estrategia.com\/portal\/"},{"@type":"ListItem","position":2,"name":"Prova comentada OAB 43\u00ba exame: \u00c9tica Profissional"}]},{"@type":"WebSite","@id":"https:\/\/oab.estrategia.com\/portal\/#website","url":"https:\/\/oab.estrategia.com\/portal\/","name":"Blog - OAB - Estrat\u00e9gia","description":"Blog OAB - Estrat\u00e9gia Concursos","publisher":{"@id":"https:\/\/oab.estrategia.com\/portal\/#organization"},"potentialAction":[{"@type":"SearchAction","target":{"@type":"EntryPoint","urlTemplate":"https:\/\/oab.estrategia.com\/portal\/?s={search_term_string}"},"query-input":{"@type":"PropertyValueSpecification","valueRequired":true,"valueName":"search_term_string"}}],"inLanguage":"pt-BR"},{"@type":"Organization","@id":"https:\/\/oab.estrategia.com\/portal\/#organization","name":"Estrat\u00e9gia Concursos","url":"https:\/\/oab.estrategia.com\/portal\/","logo":{"@type":"ImageObject","inLanguage":"pt-BR","@id":"https:\/\/oab.estrategia.com\/portal\/#\/schema\/logo\/image\/","url":"https:\/\/oab.estrategia.com\/portal\/wp-content\/uploads\/2022\/04\/06103601\/oab-icone-2.png","contentUrl":"https:\/\/oab.estrategia.com\/portal\/wp-content\/uploads\/2022\/04\/06103601\/oab-icone-2.png","width":900,"height":900,"caption":"Estrat\u00e9gia Concursos"},"image":{"@id":"https:\/\/oab.estrategia.com\/portal\/#\/schema\/logo\/image\/"},"sameAs":["https:\/\/www.facebook.com\/estrategiaoab\/","https:\/\/x.com\/estrategiaoab","https:\/\/www.instagram.com\/estrategiaoab\/","https:\/\/www.youtube.com\/EstrategiaOAB"]},{"@type":"Person","@id":"https:\/\/oab.estrategia.com\/portal\/#\/schema\/person\/74fa7e131ce7fd0199e3ef003d93dd2a","name":"Priscila Bonomi","image":{"@type":"ImageObject","inLanguage":"pt-BR","@id":"https:\/\/oab.estrategia.com\/portal\/wp-content\/uploads\/2025\/05\/05144855\/Imagem-do-WhatsApp-de-2025-05-05-as-14.47.57_b98168e4-96x96.jpg","url":"https:\/\/oab.estrategia.com\/portal\/wp-content\/uploads\/2025\/05\/05144855\/Imagem-do-WhatsApp-de-2025-05-05-as-14.47.57_b98168e4-96x96.jpg","contentUrl":"https:\/\/oab.estrategia.com\/portal\/wp-content\/uploads\/2025\/05\/05144855\/Imagem-do-WhatsApp-de-2025-05-05-as-14.47.57_b98168e4-96x96.jpg","caption":"Priscila Bonomi"},"url":"https:\/\/oab.estrategia.com\/portal\/author\/priscila-bonomi\/"}]}},"jetpack_featured_media_url":"https:\/\/oab.estrategia.com\/portal\/wp-content\/uploads\/2024\/09\/05095354\/image-1-1.png","jetpack_sharing_enabled":true,"_links":{"self":[{"href":"https:\/\/oab.estrategia.com\/portal\/wp-json\/wp\/v2\/posts\/17712","targetHints":{"allow":["GET"]}}],"collection":[{"href":"https:\/\/oab.estrategia.com\/portal\/wp-json\/wp\/v2\/posts"}],"about":[{"href":"https:\/\/oab.estrategia.com\/portal\/wp-json\/wp\/v2\/types\/post"}],"author":[{"embeddable":true,"href":"https:\/\/oab.estrategia.com\/portal\/wp-json\/wp\/v2\/users\/117"}],"replies":[{"embeddable":true,"href":"https:\/\/oab.estrategia.com\/portal\/wp-json\/wp\/v2\/comments?post=17712"}],"version-history":[{"count":5,"href":"https:\/\/oab.estrategia.com\/portal\/wp-json\/wp\/v2\/posts\/17712\/revisions"}],"predecessor-version":[{"id":17871,"href":"https:\/\/oab.estrategia.com\/portal\/wp-json\/wp\/v2\/posts\/17712\/revisions\/17871"}],"wp:featuredmedia":[{"embeddable":true,"href":"https:\/\/oab.estrategia.com\/portal\/wp-json\/wp\/v2\/media\/12852"}],"wp:attachment":[{"href":"https:\/\/oab.estrategia.com\/portal\/wp-json\/wp\/v2\/media?parent=17712"}],"wp:term":[{"taxonomy":"category","embeddable":true,"href":"https:\/\/oab.estrategia.com\/portal\/wp-json\/wp\/v2\/categories?post=17712"},{"taxonomy":"post_tag","embeddable":true,"href":"https:\/\/oab.estrategia.com\/portal\/wp-json\/wp\/v2\/tags?post=17712"}],"curies":[{"name":"wp","href":"https:\/\/api.w.org\/{rel}","templated":true}]}}