{"id":17718,"date":"2025-04-28T19:43:28","date_gmt":"2025-04-28T22:43:28","guid":{"rendered":"https:\/\/oab.estrategia.com\/portal\/?p=17718"},"modified":"2025-04-29T15:33:11","modified_gmt":"2025-04-29T18:33:11","slug":"prova-comentada-oab-43-exame-direito-administrativo","status":"publish","type":"post","link":"https:\/\/oab.estrategia.com\/portal\/prova-comentada-oab-43-exame-direito-administrativo\/","title":{"rendered":"Prova comentada OAB 43\u00ba exame: Direito Administrativo"},"content":{"rendered":"<a id=\"cta-icon\" href=\"https:\/\/sndflw.com\/i\/1-fase-da-oab-grupo\" target=\"blank\" style=\"background:rgb(174,10,11)\">\n            <img decoding=\"async\" src=\"https:\/\/oab.estrategia.com\/portal\/wp-content\/uploads\/2023\/12\/07160715\/whatsapp_1385.webp\" alt=\"\" alt=\"whatsapp_1385\"><span > Acesse agora o Grupo de Estudos para 1\u00aa fase da OAB<\/span><\/a>\n\n\n<a id=\"cta-icon\" href=\"https:\/\/sndflw.com\/i\/2-fase-da-oab-grupo\" target=\"blank\" style=\"background:rgb(174,10,11)\">\n            <img decoding=\"async\" src=\"https:\/\/oab.estrategia.com\/portal\/wp-content\/uploads\/2023\/12\/07160715\/whatsapp_1385.webp\" alt=\"\" alt=\"whatsapp_1385\"><span > Acesse agora o grupo de estudos para a 2\u00aa fase da OAB! <\/span><\/a>\n\n\n\n<p>Ol\u00e1, futuro Advogado(a), tudo certo?!<\/p>\n\n\n\n<p>Em 27\/04\/2025, foi aplicada a prova da primeira fase do <strong>43\u00ba Exame da Ordem dos Advogados do Brasil<\/strong>. Assim que encerrada, nosso time de professores elaborou o gabarito extraoficial e analisou o gabarito oficial da FGV, os quais ser\u00e3o apresentados juntamente com a nossa <strong>PROVA COMENTADA<\/strong>.<\/p>\n\n\n\n<p>Este material visa a auxili\u00e1-los na aferi\u00e7\u00e3o das notas, elabora\u00e7\u00e3o de eventuais recursos, verifica\u00e7\u00e3o das chances de avan\u00e7o para fase discursiva, bem como na revis\u00e3o do conte\u00fado cobrado no certame.<\/p>\n\n\n\n<p>De modo complementar, elaboramos tamb\u00e9m um <a href=\"https:\/\/oab.estrategia.com\/cadernos-e-simulados\/cadernos\/dd888deb-9d9b-49b9-9b1d-254cfce14ec9\" target=\"_blank\" rel=\"noreferrer noopener nofollow\">caderno para nossos seguidores,<\/a> alunos ou n\u00e3o, observarem os coment\u00e1rios, e comentarem as quest\u00f5es da prova!<\/p>\n\n\n\n<p>Por fim, voc\u00eas poder\u00e3o acompanhar os eventos e cursos para a fase discursiva, bem como outras novidades envolvendo o Exame de Ordem no nosso canal do Youtube. Inscreva-se e ative as notifica\u00e7\u00f5es!<\/p>\n\n\n\n<p class=\"has-text-align-center has-very-light-gray-to-cyan-bluish-gray-gradient-background has-background\"><a href=\"https:\/\/www.youtube.com\/@EstrategiaOAB\"><strong>Estrat\u00e9gia OAB &#8211; YouTube<\/strong><\/a><\/p>\n\n\n\n<p>Esperamos que gostem do material e de todos os novos projetos que preparamos para que avancem rumo \u00e0 aprova\u00e7\u00e3o.<\/p>\n\n\n\n<p><em>Contem sempre conosco.<br>Yasmin Ushara,<br>Coordena\u00e7\u00e3o de Rodadas do Estrat\u00e9gia Carreiras Jur\u00eddicas.<\/em><\/p>\n\n\n\n<h3 class=\"wp-block-heading has-text-align-center has-very-light-gray-to-cyan-bluish-gray-gradient-background has-background\" id=\"h-confira-a-prova-comentada-de-todas-as-disciplinas-agora-mesmo\"><span id=\"confira-a-prova-comentada-de-todas-as-disciplinas-agora-mesmo\"><a href=\"https:\/\/oab.estrategia.com\/portal\/provas-comentadas-oab-43-exame-todas-as-materias\/\" target=\"_blank\" >Confira a prova comentada de todas as disciplinas agora mesmo!<\/a><\/span><\/h3>\n\n\n\n<h2 class=\"wp-block-heading\" id=\"h-direito-administrativo\"><span id=\"direito-administrativo\">Direito Administrativo<\/span><\/h2>\n\n\n\n<p class=\"has-vivid-red-color has-text-color has-link-color wp-elements-d1f207108b9f5c1ee1e24c2d07d93188\"><strong>QUEST\u00c3O 30. Com o intuito de promover o tombamento de dois im\u00f3veis vizinhos de inequ\u00edvoco valor hist\u00f3rico e cultural, o Instituto do Patrim\u00f4nio Hist\u00f3rico Nacional (Iphan), autarquia federal, no exerc\u00edcio de suas atribui\u00e7\u00f5es, promoveu a notifica\u00e7\u00e3o dos respectivos propriet\u00e1rios: o Munic\u00edpio Alfa e a senhora Maria Silva. Maria Silva acredita que ter\u00e1 graves preju\u00edzos financeiros com a materializa\u00e7\u00e3o do tombamento de ambos os im\u00f3veis, raz\u00e3o pela qual, logo ap\u00f3s a notifica\u00e7\u00e3o, procurou voc\u00ea, como advogado(a), para dirimir d\u00favidas acerca da mat\u00e9ria. \u00c0 luz do disposto no Decreto-Lei n\u00ba 25\/1937, assinale a op\u00e7\u00e3o que apresenta, corretamente, o esclarecimento que voc\u00ea deu a Maria Silva.<\/strong><\/p>\n\n\n\n<p class=\"has-vivid-red-color has-text-color has-link-color wp-elements-b15aca08ec96fb3ef469e936c6a7971f\"><strong>a) Com a notifica\u00e7\u00e3o, considera-se que ocorreu o tombamento provis\u00f3rio do im\u00f3vel de Maria.<\/strong><\/p>\n\n\n\n<p class=\"has-vivid-red-color has-text-color has-link-color wp-elements-168715ea89d1d25f013cfcfd97819e20\"><strong>b) A conclus\u00e3o do tombamento do im\u00f3vel do Munic\u00edpio Alfa n\u00e3o gera qualquer efeito sobre o im\u00f3vel de Maria.<\/strong><\/p>\n\n\n\n<p class=\"has-vivid-red-color has-text-color has-link-color wp-elements-fe85a1d9e8e9278794b0c137c3431a71\"><strong>c) Caso Maria realize tempestivamente a impugna\u00e7\u00e3o relacionada ao im\u00f3vel de sua propriedade, n\u00e3o ser\u00e1 cab\u00edvel o tombamento compuls\u00f3rio.<\/strong><\/p>\n\n\n\n<p class=\"has-vivid-red-color has-text-color has-link-color wp-elements-4bdf1d873118d57573b3c011122b30bd\"><strong>d) N\u00e3o \u00e9 poss\u00edvel o tombamento do im\u00f3vel vizinho \u00e0 propriedade de Maria, por se tratar de bem p\u00fablico que integra o patrim\u00f4nio do Munic\u00edpio Alfa.<\/strong><\/p>\n\n\n\n<p><strong>Coment\u00e1rios<\/strong><\/p>\n\n\n\n<p>A alternativa correta \u00e9 a <strong>letra A<\/strong>. A quest\u00e3o trata do tema tombamento.<\/p>\n\n\n\n<p>A alternativa A est\u00e1 correta. O tombamento provis\u00f3rio \u00e9 iniciado pela notifica\u00e7\u00e3o, e o tombamento definitivo \u00e9 conclu\u00eddo pela inscri\u00e7\u00e3o dos bens no livro do tombo, conforme art. 10 do DL 25\/37: \u201cArt. 10. O tombamento dos bens, a que se refere o art. 6\u00ba desta lei, ser\u00e1 considerado provis\u00f3rio ou definitivo, conforme esteja o respectivo processo iniciado pela notifica\u00e7\u00e3o ou conclu\u00eddo pela inscri\u00e7\u00e3o dos referidos bens no competente Livro do Tombo.\u201d<\/p>\n\n\n\n<p>A alternativa B est\u00e1 incorreta. Conforme art. 18 do DL 25\/37: \u201cArt. 18. Sem pr\u00e9via autoriza\u00e7\u00e3o do Servi\u00e7o do Patrim\u00f4nio Hist\u00f3rico e Art\u00edstico Nacional, n\u00e3o se poder\u00e1, na vizinhan\u00e7a da coisa tombada, fazer constru\u00e7\u00e3o que lhe impe\u00e7a ou reduza a visibilidade, nem nela colocar an\u00fancios ou cartazes, sob pena de ser mandada destruir a obra ou retirar o objeto, impondo-se neste caso a multa de cinquenta por cento do valor do mesmo objeto.\u201d<\/p>\n\n\n\n<p>A alternativa C est\u00e1 incorreta. Ainda que haja impugna\u00e7\u00e3o, o tombamento compuls\u00f3rio ainda pode ocorrer. \u00c9 o que disp\u00f5e art. 9\u00ba do DL 25\/37: \u201cArt. 9\u00ba O tombamento compuls\u00f3rio se far\u00e1 de ac\u00f4rdo com o seguinte processo: (&#8230;) 3) se a impugna\u00e7\u00e3o for oferecida dentro do prazo assinado, far-se-\u00e1 vista da mesma, dentro de outros quinze dias fatais, ao \u00f3rg\u00e3o de que houver emanado a iniciativa do tombamento, afim de sustent\u00e1-la. Em seguida, independentemente de custas, ser\u00e1 o processo remetido ao Conselho Consultivo do Servi\u00e7o do Patrim\u00f4nio Hist\u00f3rico e Art\u00edstico Nacional, que proferir\u00e1 decis\u00e3o a respeito, dentro do prazo de sessenta dias, a contar do seu recebimento. Dessa decis\u00e3o n\u00e3o caber\u00e1 recurso.\u201d<\/p>\n\n\n\n<p>A alternativa D est\u00e1 incorreta. \u00c9 poss\u00edvel, sim, o tombamento de im\u00f3vel pertencente ao poder p\u00fablico, conforme disp\u00f5e artigo 2\u00ba do DL 25\/37: \u201cArt. 2\u00ba A presente lei se aplica \u00e0s coisas pertencentes \u00e0s pessoas naturais, bem como \u00e0s pessoas jur\u00eddicas de direito privado e de direito p\u00fablico interno.\u201d<\/p>\n\n\n\n<p class=\"has-vivid-red-color has-text-color has-link-color wp-elements-e4c1613d44b259a1660dbc942a86c3a9\"><strong>QUEST\u00c3O 31. Janu\u00e1rio, ex-prefeito do Munic\u00edpio Imagin\u00e1rio, teve conhecimento de um inqu\u00e9rito civil que tem por objeto avaliar condutas praticadas no exerc\u00edcio de seu mandato que se enquadram como atos de improbidade e que causaram preju\u00edzo ao er\u00e1rio. Em raz\u00e3o disso, ele procurou voc\u00ea, na qualidade de advogada(o), para definir uma estrat\u00e9gia de defesa, destacando que tem provas de que atuou de forma culposa. Considerando o fato de a conduta ter sido culposa, \u00e0 luz do disposto na Lei n\u00ba 8.429\/1992, com a reda\u00e7\u00e3o conferida pela Lei n\u00b0 14.230\/2021, assinale a op\u00e7\u00e3o que apresenta, corretamente, a orienta\u00e7\u00e3o jur\u00eddica prestada.<\/strong><\/p>\n\n\n\n<p class=\"has-vivid-red-color has-text-color has-link-color wp-elements-53d4d4d496ae87118838c34134d87d07\"><strong>a) fato \u00e9 determinante para a estrat\u00e9gia de defesa, na medida em que os atos de improbidade n\u00e3o mais podem ser caracterizados na modalidade culposa.<\/strong><\/p>\n\n\n\n<p class=\"has-vivid-red-color has-text-color has-link-color wp-elements-186d2f3623a845f6314cb673d3446100\"><strong>b) O fato \u00e9 importante para a estrat\u00e9gia de defesa, para fins de redu\u00e7\u00e3o da pena, pois os atos de improbidade que ocasionam preju\u00edzo ao er\u00e1rio admitem a modalidade culposa.<\/strong><\/p>\n\n\n\n<p class=\"has-vivid-red-color has-text-color has-link-color wp-elements-7e93f76789aa1c06920263a7aa378980\"><strong>c) O fato \u00e9 desinfluente para a respectiva estrat\u00e9gia de defesa, em um primeiro momento, pois os atos de improbidade admitem tanto a modalidade culposa quanto a dolosa.<\/strong><\/p>\n\n\n\n<p class=\"has-vivid-red-color has-text-color has-link-color wp-elements-2b7cd79e8907ca6e6c1c148a990d121c\"><strong>d) O fato n\u00e3o tem muita relev\u00e2ncia para a estrat\u00e9gia de defesa, na medida em que a responsabiliza\u00e7\u00e3o por improbidade administrativa \u00e9 objetiva.<\/strong><\/p>\n\n\n\n<p><strong>Coment\u00e1rios<\/strong><\/p>\n\n\n\n<p>A alternativa correta \u00e9 a <strong>letra A<\/strong>. A quest\u00e3o trata do tema improbidade administrativa. De fato, desde as altera\u00e7\u00f5es realizadas na Lei 8.429\/92 (Lei de Improbidade Administrativa) pela Lei 14.230\/2021, n\u00e3o se admite mais a modalidade culposa em atos de improbidade administrativa. Agora, o dolo \u00e9 necess\u00e1rio. Conforme art. 1\u00ba, \u00a7 1\u00ba, da Lei 8.429\/92: \u201c\u00a7 1\u00ba Consideram-se atos de improbidade administrativa as condutas dolosas tipificadas nos arts. 9\u00ba, 10 e 11 desta Lei, ressalvados tipos previstos em leis especiais. (Inclu\u00eddo pela Lei n\u00ba 14.230, de 2021)\u201d. Ressalte-se que o dolo \u00e9 definido pela pr\u00f3pria lei 8.429\/92, em seu artigo 1\u00ba, \u00a7 2\u00ba, como \u201ca vontade livre e consciente de alcan\u00e7ar o resultado il\u00edcito tipificado nos arts. 9\u00ba, 10 e 11 desta Lei, n\u00e3o bastando a voluntariedade do agente\u201d. Portanto, a alternativa correta \u00e9 a letra A.<\/p>\n\n\n\n<p>Automaticamente, as alternativas B e C ficam incorretas, pois falam em admiss\u00e3o da modalidade culposa.<\/p>\n\n\n\n<p>A alternativa D tamb\u00e9m est\u00e1 incorreta, pois a configura\u00e7\u00e3o da culpa tem, sim, relev\u00e2ncia, j\u00e1 que a a responsabiliza\u00e7\u00e3o por improbidade administrativa depende da caracteriza\u00e7\u00e3o do dolo, conforme explicitado acima.<\/p>\n\n\n\n<p class=\"has-vivid-red-color has-text-color has-link-color wp-elements-c324fb58b7805a58393bda6dbaa4772c\"><strong>QUEST\u00c3O 32. Rodrigo agrediu fisicamente seu desafeto Afonso, quando estava no exerc\u00edcio de suas atribui\u00e7\u00f5es como servidor p\u00fablico do Estado Alja, em decorr\u00eancia de uma desaven\u00e7a entre eles, no momento em que realizava atendimento ao p\u00fablico. Em raz\u00e3o dos danos sofridos, Afonso ajuizou a\u00e7\u00e3o de responsabilidade civil em face do mencionado ente federativo\/ Depois do tr\u00e2nsito em julgado da senten\u00e7a condenat\u00f3ria ao pagamento da quantia indenizat\u00f3ria de R$ 20.000 (vinte mil reais), o Estado Alfa ajuizou a\u00e7\u00e3o de regresso em desfavor de Rodrigo, com vistas a obter o ressarcimento do er\u00e1rio. O ent\u00e3o agente p\u00fablico foi citado na \u00faltima segunda-feira, motivo pelo qual ele procurou voc\u00ea, como advogado (a), para a realiza\u00e7\u00e3o da sua defesa no respectivo processo. Assinale a op\u00e7\u00e3o que indica, corretamente, a orienta\u00e7\u00e3o jur\u00eddica que voc\u00ea prestou e que deve constar da contesta\u00e7\u00e3o na a\u00e7\u00e3o de regresso em que Rodrigo \u00e9 o demandado.<\/strong><\/p>\n\n\n\n<p class=\"has-vivid-red-color has-text-color has-link-color wp-elements-c3860da3a746fdd7a79c945fc0f0ebc7\"><strong>a) A responsabilidade civil do Estado \u00e9 objetiva, com base na teoria do risco integral, enquanto a de Rodrigo, apesar de objetiva, com base na teoria do risco administrativo, admite a discuss\u00e3o acerca do elemento subjetivo.<\/strong><\/p>\n\n\n\n<p class=\"has-vivid-red-color has-text-color has-link-color wp-elements-8ad2f84ba58719571076a99db5fe1a73\"><strong>b) A responsabilidade civil \u00e9 objetiva, com base na teoria do risco administrativo, tanto para Rodrigo quanto para o Estado Alfa, motivo pelo qual a pe\u00e7a de defesa deve se restringir a indicar eventuais causas excludentes do nexo de causalidade.<\/strong><\/p>\n\n\n\n<p class=\"has-vivid-red-color has-text-color has-link-color wp-elements-8dabccc2fbb7945b41805f1e701c0911\"><strong>c) A responsabilidade civil \u00e9 subjetiva na situa\u00e7\u00e3o de Rodrigo, sendo necess\u00e1ria a demonstra\u00e7\u00e3o de dolo ou culpa na a\u00e7\u00e3o de regresso em quest\u00e3o, a qual foi ajuizada em decorr\u00eancia da condena\u00e7\u00e3o do Estado fundada em sua responsabiliza\u00e7\u00e3o objetiva, com base na teoria do risco administrativo.<\/strong><\/p>\n\n\n\n<p class=\"has-vivid-red-color has-text-color has-link-color wp-elements-d994f53efea85bd2fe6d5846ac366ed9\"><strong>d) A responsabilidade civil \u00e9 subjetiva tanto para Rodrigo quanto para o Estado, com base na teoria do risco administrativo, admitindo, contudo, a discuss\u00e3o do elemento subjetivo em ambas as hip\u00f3teses, que \u00e9 imprescind\u00edvel para fins de romper o nexo de causalidade.<\/strong><\/p>\n\n\n\n<p><strong>Coment\u00e1rios<\/strong><\/p>\n\n\n\n<p>A alternativa correta \u00e9 a <strong>letra C<\/strong>. A quest\u00e3o trata do tema responsabilidade civil do estado.<\/p>\n\n\n\n<p>A alternativa A est\u00e1 incorreta. A responsabilidade civil do estado, em regra, se fundamenta na Teoria do Risco Administrativo, sendo necess\u00e1rio haver, para sua caracteriza\u00e7\u00e3o, uma conduta (seja de a\u00e7\u00e3o ou omiss\u00e3o), um dano, e nexo causal entre eles. \u00c9 o que se depreende da leitura do art. 37, \u00a7 6\u00ba, da CF: \u201c\u00a7 6\u00ba As pessoas jur\u00eddicas de direito p\u00fablico e as de direito privado prestadoras de servi\u00e7os p\u00fablicos responder\u00e3o pelos danos que seus agentes, nessa qualidade, causarem a terceiros, assegurado o direito de regresso contra o respons\u00e1vel nos casos de dolo ou culpa.\u201d A responsabilidade civil do estado baseada na teoria do risco integral somente ocorre em casos bastante espec\u00edficos (por exemplo, danos nucleares); nela, o Estado figura como um segurador universal e, independente de caso fortuito ou for\u00e7a maior, responde integralmente pelo dano causado ao particular.<\/p>\n\n\n\n<p>As alternativas B e D est\u00e3o incorretas, pois falam, respectivamente, em responsabilidade objetiva do agente p\u00fablico, e em responsabilidade subjetiva do Estado.<\/p>\n\n\n\n<p>A alternativa C est\u00e1 correta. De fato, a responsabilidade civil \u00e9 subjetiva para o agente p\u00fablico (sendo necess\u00e1ria a demonstra\u00e7\u00e3o de dolo ou culpa na a\u00e7\u00e3o de regresso), e objetiva para o Estado (com base na teoria do risco administrativo). De acordo com tese fixada pelo STF em sede de repercuss\u00e3o geral: \u201cA teor do disposto no art. 37, \u00a7 6\u00ba, da Constitui\u00e7\u00e3o Federal, a a\u00e7\u00e3o por danos causados por agente p\u00fablico deve ser ajuizada contra o Estado ou a pessoa jur\u00eddica de direito privado prestadora de servi\u00e7o p\u00fablico, sendo parte ileg\u00edtima para a a\u00e7\u00e3o o autor do ato, assegurado o direito de regresso contra o respons\u00e1vel nos casos de dolo ou culpa. STF. Plen\u00e1rio. RE 1027633\/SP, Rel. Min. Marco Aur\u00e9lio, julgado em 14\/8\/2019 (repercuss\u00e3o geral)\u201d.<\/p>\n\n\n\n<p class=\"has-vivid-red-color has-text-color has-link-color wp-elements-37c2f4a07877a4bbc3e076360e79b405\"><strong>QUEST\u00c3O 33. Tertuliano vem acumulando ilicitamente dois cargos p\u00fablicos em autarquias federais diferentes. Ao detectar tal situa\u00e7\u00e3o, ap\u00f3s os devidos tr\u00e2mites, a autoridade competente notificou o servidor para que ele optasse pelo cargo em que pretendia permanecer. Em decorr\u00eancia da omiss\u00e3o de Tertuliano em realizar a aludida escolha foi publicada a portaria atinente \u00e0 instaura\u00e7\u00e3o do processo administrativo disciplinar por acumula\u00e7\u00e3o ilegal de cargos. Tertuliano procurou voc\u00ea, como advogado(a), para saber das peculiaridades do andamento desse procedimento. Diante dessa situa\u00e7\u00e3o hipot\u00e9tica, assinale a afirmativa que indica, corretamente, sua orienta\u00e7\u00e3o.<\/strong><\/p>\n\n\n\n<p class=\"has-vivid-red-color has-text-color has-link-color wp-elements-5bcbe90e381bccfe40df3cbf26060d74\"><strong>a) A an\u00e1lise do caso dever\u00e1 ser feita por uma comiss\u00e3o processante, composta de tr\u00eas servidores est\u00e1veis, cujo presidente dever\u00e1 ser ocupante de cargo superior ou de mesmo n\u00edvel de Tertuliano.<\/strong><\/p>\n\n\n\n<p class=\"has-vivid-red-color has-text-color has-link-color wp-elements-79af41759101e5852c18b0692712567d\"><strong>b) A comiss\u00e3o processante, caracterizada a acumula\u00e7\u00e3o ilegal e provada a m\u00e1-f\u00e9 de Tertuliano, dever\u00e1 indicar o cargo que estar\u00e1 sujeito \u00e0 pena de demiss\u00e3o.<\/strong><\/p>\n\n\n\n<p class=\"has-vivid-red-color has-text-color has-link-color wp-elements-7bae3f4c14a118d7b15b1494ea7fb8dd\"><strong>c) A notifica\u00e7\u00e3o para que Tertuliano realize a op\u00e7\u00e3o por um dos cargos vai contra a lei, pois ele deve ser demitido de ambos os cargos ilicitamente acumulados, ap\u00f3s o devido processo administrativo.<\/strong><\/p>\n\n\n\n<p class=\"has-vivid-red-color has-text-color has-link-color wp-elements-f1d68ef8377c340f3526b3cc78bcd915\"><strong>d) A op\u00e7\u00e3o de Tertuliano por um dos cargos at\u00e9 o \u00faltimo dia do prazo para defesa configura sua boa-f\u00e9, hip\u00f3tese que se converter\u00e1, automaticamente, em pedido de exonera\u00e7\u00e3o do outro cargo.<\/strong><\/p>\n\n\n\n<p><strong>Coment\u00e1rios<\/strong><\/p>\n\n\n\n<p>A alternativa correta \u00e9 a <strong>letra D<\/strong>. A quest\u00e3o trata do tema agentes p\u00fablicos.<\/p>\n\n\n\n<p>A alternativa A est\u00e1 incorreta. A comiss\u00e3o ser\u00e1 composta de 2 servidores est\u00e1veis. \u00c9 o que determina art. 133, I, da Lei 8.112\/90: \u201cI &#8211; instaura\u00e7\u00e3o, com a publica\u00e7\u00e3o do ato que constituir a comiss\u00e3o, a ser composta por dois servidores est\u00e1veis, e simultaneamente indicar a autoria e a materialidade da transgress\u00e3o objeto da apura\u00e7\u00e3o.\u201d<\/p>\n\n\n\n<p>A alternativa B est\u00e1 incorreta. Conforme art. 133, \u00a7 6\u00ba, da Lei 8.112\/90: \u201c\u00a7 6\u00ba Caracterizada a acumula\u00e7\u00e3o ilegal e provada a m\u00e1-f\u00e9, aplicar-se-\u00e1 a pena de demiss\u00e3o, destitui\u00e7\u00e3o ou cassa\u00e7\u00e3o de aposentadoria ou disponibilidade em rela\u00e7\u00e3o aos cargos, empregos ou fun\u00e7\u00f5es p\u00fablicas em regime de acumula\u00e7\u00e3o ilegal, hip\u00f3tese em que os \u00f3rg\u00e3os ou entidades de vincula\u00e7\u00e3o ser\u00e3o comunicados.\u201d<\/p>\n\n\n\n<p>A alternativa C est\u00e1 incorreta. Antes de aplicada a penalidade de demiss\u00e3o, o servidor \u00e9 notificado, por interm\u00e9dio de sua chefia imediata, para apresentar op\u00e7\u00e3o no prazo improrrog\u00e1vel de 10 dias, contados da data da ci\u00eancia e, na hip\u00f3tese de omiss\u00e3o, a autoridade adotar\u00e1 procedimento sum\u00e1rio para a sua apura\u00e7\u00e3o e regulariza\u00e7\u00e3o imediata. \u00c9 o que determina caput do art. 133 da Lei 8.112\/90: \u201cArt. 133. Detectada a qualquer tempo a acumula\u00e7\u00e3o ilegal de cargos, empregos ou fun\u00e7\u00f5es p\u00fablicas, a autoridade a que se refere o art. 143 notificar\u00e1 o servidor, por interm\u00e9dio de sua chefia imediata, para apresentar op\u00e7\u00e3o no prazo improrrog\u00e1vel de dez dias, contados da data da ci\u00eancia e, na hip\u00f3tese de omiss\u00e3o, adotar\u00e1 procedimento sum\u00e1rio para a sua apura\u00e7\u00e3o e regulariza\u00e7\u00e3o imediata, cujo processo administrativo disciplinar se desenvolver\u00e1 nas seguintes fases: (&#8230;)\u201d.<\/p>\n\n\n\n<p>A alternativa D est\u00e1 correta. Na forma do art. 133, \u00a7 5\u00ba, da Lei 8.112\/90: \u201c\u00a7 5\u00ba A op\u00e7\u00e3o pelo servidor at\u00e9 o \u00faltimo dia de prazo para defesa configurar\u00e1 sua boa-f\u00e9, hip\u00f3tese em que se converter\u00e1 automaticamente em pedido de exonera\u00e7\u00e3o do outro cargo.\u201d<\/p>\n\n\n\n<p class=\"has-vivid-red-color has-text-color has-link-color wp-elements-ef4eabe79caf3b46cf7fe127cdd13620\"><strong>QUEST\u00c3O 34. O Estado Beta, ap\u00f3s os devidos tr\u00e2mites, promoveu a concess\u00e3o. de servi\u00e7os de sua compet\u00eancia para a sociedade empres\u00e1ria Servicaos. Em decorr\u00eancia do descumprimento de algumas cl\u00e1usulas contratuais que est\u00e3o impactando a qualidade da atividade delegada, o poder concedente editou um decreto, contendo a designa\u00e7\u00e3o do interventor, o prazo da interven\u00e7\u00e3o e os objetivos e limites da medida, a fim de assegurar a adequa\u00e7\u00e3o na presta\u00e7\u00e3o do servi\u00e7o, bem como o fiel cumprimento das normas contratuais, regulamentares e legais pertinentes. Em raz\u00e3o disso, a sociedade empres\u00e1ria Servicaos procura voc\u00ea, na condi\u00e7\u00e3o de advogado(a), a fim de obter esclarecimentos acerca da validade e dos desdobramentos da medida adotada. Assinale a op\u00e7\u00e3o que apresenta o esclarecimento correto a ser prestado.<\/strong><\/p>\n\n\n\n<p class=\"has-vivid-red-color has-text-color has-link-color wp-elements-b7bb2cdd4129c871ff89f93d99c22454\"><strong>a) A medida \u00e9 nula, pois n\u00e3o poderia se materializar por meio de decreto, na medida em que o Poder Concedente deveria ter editado uma lei autorizativa para tal finalidade.<\/strong><\/p>\n\n\n\n<p class=\"has-vivid-red-color has-text-color has-link-color wp-elements-79c66b175de09116f797928db54f7846\"><strong>b) Ap\u00f3s a devido processo administrativo, a constata\u00e7\u00e3o de inexecu\u00e7\u00e3o do contrato deve ensejar sua extin\u00e7\u00e3o, constituindo causa justificadora da encampa\u00e7\u00e3o, que independe do interesse p\u00fablico.<\/strong><\/p>\n\n\n\n<p class=\"has-vivid-red-color has-text-color has-link-color wp-elements-d180cadafa172942179267ef08c1c693\"><strong>c) O Poder Concedente, declarada a interven\u00e7\u00e3o, dever\u00e1, no prazo de 30 dias, instaurar procedimento administrativo para comprovar as causas determinantes da medida e apurar as responsabilidades, assegurado o direito de ampla defesa.<\/strong><\/p>\n\n\n\n<p class=\"has-vivid-red-color has-text-color has-link-color wp-elements-09840b03e41b2d30de879bb37b837a37\"><strong>d) A administra\u00e7\u00e3o do servi\u00e7o, cessada a interven\u00e7\u00e3o e caso n\u00e3o seja extinta a concess\u00e3o, ser\u00e1 devolvida \u00e0 concession\u00e1ria, independentemente da presta\u00e7\u00e3o de contas do interventor, na medida em que este n\u00e3o responde pelos atos por ele praticados na vig\u00eancia da medida.<\/strong><\/p>\n\n\n\n<p><strong>Coment\u00e1rios<\/strong><\/p>\n\n\n\n<p>A alternativa correta \u00e9 a <strong>letra C<\/strong>. A quest\u00e3o trata do tema concess\u00e3o de servi\u00e7os p\u00fablicos.<\/p>\n\n\n\n<p>A alternativa A est\u00e1 incorreta. Conforme art. 32, p.u., da Lei 8.987\/95: \u201cPar\u00e1grafo \u00fanico. A interven\u00e7\u00e3o far-se-\u00e1 por decreto do poder concedente, que conter\u00e1 a designa\u00e7\u00e3o do interventor, o prazo da interven\u00e7\u00e3o e os objetivos e limites da medida.\u201d<\/p>\n\n\n\n<p>A alternativa B est\u00e1 incorreta. A constata\u00e7\u00e3o da inexecu\u00e7\u00e3o do contrato acarreta a declara\u00e7\u00e3o de caducidade, e n\u00e3o na encampa\u00e7\u00e3o. Conforme art. 38 da Lei 8.987\/95: \u201cArt. 38. A inexecu\u00e7\u00e3o total ou parcial do contrato acarretar\u00e1, a crit\u00e9rio do poder concedente, a declara\u00e7\u00e3o de caducidade da concess\u00e3o ou a aplica\u00e7\u00e3o das san\u00e7\u00f5es contratuais, respeitadas as disposi\u00e7\u00f5es deste artigo, do art. 27, e as normas convencionadas entre as partes.\u201d<\/p>\n\n\n\n<p>A alternativa C est\u00e1 correta. Conforme art. 33, caput, da Lei 8.987\/95: \u201cArt. 33. Declarada a interven\u00e7\u00e3o, o poder concedente dever\u00e1, no prazo de trinta dias, instaurar procedimento administrativo para comprovar as causas determinantes da medida e apurar responsabilidades, assegurado o direito de ampla defesa.\u201d<\/p>\n\n\n\n<p>A alternativa D est\u00e1 incorreta. A devolu\u00e7\u00e3o da administra\u00e7\u00e3o do servi\u00e7o \u00e0 concession\u00e1ria deve ser precedida de presta\u00e7\u00e3o de contas pelo interventor. \u00c9 o que determina art. 34 da Lei 8.987\/95: \u201cArt. 34. Cessada a interven\u00e7\u00e3o, se n\u00e3o for extinta a concess\u00e3o, a administra\u00e7\u00e3o do servi\u00e7o ser\u00e1 devolvida \u00e0 concession\u00e1ria, precedida de presta\u00e7\u00e3o de contas pelo interventor, que responder\u00e1 pelos atos praticados durante a sua gest\u00e3o.\u201d<\/p>\n\n\n\n<p class=\"has-text-align-center\"><em>Se o seu sonho \u00e9 se tornar Advogado, Juiz, Promotor, Procurador ou Delegado, comece pelo <strong><a href=\"https:\/\/oab.estrategia.com\/\" target=\"_blank\" >primeiro passo: conquistar a OAB<\/a>. <\/strong>Estude de forma estrat\u00e9gica com o curso que mais aprova e transforme seu sonho em realidade com o <strong><a href=\"https:\/\/oab.estrategia.com\/\" target=\"_blank\" >Estrat\u00e9gia OAB<\/a><\/strong><\/em>.<\/p>\n\n\n\n<div class=\"wp-block-cover\" style=\"min-height:145px;aspect-ratio:unset;\"><span aria-hidden=\"true\" class=\"wp-block-cover__background has-background-dim\"><\/span><img decoding=\"async\" width=\"1024\" height=\"190\" class=\"wp-block-cover__image-background wp-image-2272\" alt=\"\" src=\"https:\/\/oab.estrategia.com\/portal\/wp-content\/uploads\/2022\/08\/19111944\/assinatura-oab-banner-exame-de-ordem-oab-assinatura-curso-oab-1024x190.jpg\" style=\"object-position:58% 29%\" data-object-fit=\"cover\" data-object-position=\"58% 29%\" srcset=\"https:\/\/oab.estrategia.com\/portal\/wp-content\/uploads\/2022\/08\/19111944\/assinatura-oab-banner-exame-de-ordem-oab-assinatura-curso-oab-1024x190.jpg 1024w, https:\/\/oab.estrategia.com\/portal\/wp-content\/uploads\/2022\/08\/19111944\/assinatura-oab-banner-exame-de-ordem-oab-assinatura-curso-oab-300x56.jpg 300w, https:\/\/oab.estrategia.com\/portal\/wp-content\/uploads\/2022\/08\/19111944\/assinatura-oab-banner-exame-de-ordem-oab-assinatura-curso-oab-768x143.jpg 768w, https:\/\/oab.estrategia.com\/portal\/wp-content\/uploads\/2022\/08\/19111944\/assinatura-oab-banner-exame-de-ordem-oab-assinatura-curso-oab-1536x285.jpg 1536w, https:\/\/oab.estrategia.com\/portal\/wp-content\/uploads\/2022\/08\/19111944\/assinatura-oab-banner-exame-de-ordem-oab-assinatura-curso-oab-380x71.jpg 380w, https:\/\/oab.estrategia.com\/portal\/wp-content\/uploads\/2022\/08\/19111944\/assinatura-oab-banner-exame-de-ordem-oab-assinatura-curso-oab-800x149.jpg 800w, https:\/\/oab.estrategia.com\/portal\/wp-content\/uploads\/2022\/08\/19111944\/assinatura-oab-banner-exame-de-ordem-oab-assinatura-curso-oab-1160x215.jpg 1160w, https:\/\/oab.estrategia.com\/portal\/wp-content\/uploads\/2022\/08\/19111944\/assinatura-oab-banner-exame-de-ordem-oab-assinatura-curso-oab-150x28.jpg 150w, https:\/\/oab.estrategia.com\/portal\/wp-content\/uploads\/2022\/08\/19111944\/assinatura-oab-banner-exame-de-ordem-oab-assinatura-curso-oab.jpg 1890w\" sizes=\"(max-width: 1024px) 100vw, 1024px\" \/><div class=\"wp-block-cover__inner-container is-layout-flow wp-block-cover-is-layout-flow\">\n<h3 id=\"assinatura-oab\" class=\"titulo-assinatura\">Assinatura OAB<\/h3>\n<p class=\"subtitulo-assinatura\" style=\"display:block!important; line-height: 0;\">Conte\u00fado completo para a 1\u00aa e 2\u00aa fase da OAB.<\/p>\n<a target=\"_blank\" href=\"https:\/\/oab.estrategia.com\/curso\/assinatura-oab\/\" rel=\"noopener\"><button style=\"border-radius: 10px; text-transform: capitalize;\">Acessar<\/button><\/a>\n<\/div><\/div>\n\n\n\n<h4 class=\"wp-block-heading has-text-align-center\" id=\"h-conteudos-exclusivos-e-atualizacoes-em-tempo-real-siga-nossas-redes-e-esteja-sempre-um-passo-a-frente\"><span id=\"conteudos-exclusivos-e-atualizacoes-em-tempo-realsiga-nossas-redes-e-esteja-sempre-um-passo-a-frente\">Conte\u00fados exclusivos e atualiza\u00e7\u00f5es em tempo real?<br>Siga nossas redes e esteja sempre um passo \u00e0 frente!<\/span><\/h4>\n\n\n\n<ul class=\"wp-block-social-links has-normal-icon-size has-visible-labels is-horizontal is-content-justification-center is-layout-flex wp-container-core-social-links-is-layout-499968f5 wp-block-social-links-is-layout-flex\"><li class=\"wp-social-link wp-social-link-facebook  wp-block-social-link\"><a rel=\"noopener nofollow\" target=\"_blank\" href=\"https:\/\/www.facebook.com\/oabestrategia?locale=pt_BR\" class=\"wp-block-social-link-anchor\"><svg width=\"24\" height=\"24\" viewBox=\"0 0 24 24\" version=\"1.1\" xmlns=\"http:\/\/www.w3.org\/2000\/svg\" aria-hidden=\"true\" focusable=\"false\"><path d=\"M12 2C6.5 2 2 6.5 2 12c0 5 3.7 9.1 8.4 9.9v-7H7.9V12h2.5V9.8c0-2.5 1.5-3.9 3.8-3.9 1.1 0 2.2.2 2.2.2v2.5h-1.3c-1.2 0-1.6.8-1.6 1.6V12h2.8l-.4 2.9h-2.3v7C18.3 21.1 22 17 22 12c0-5.5-4.5-10-10-10z\"><\/path><\/svg><span class=\"wp-block-social-link-label\">Facebook<\/span><\/a><\/li>\n\n<li class=\"wp-social-link wp-social-link-instagram  wp-block-social-link\"><a rel=\"noopener nofollow\" target=\"_blank\" href=\"https:\/\/www.instagram.com\/estrategiaoab\/\" class=\"wp-block-social-link-anchor\"><svg width=\"24\" height=\"24\" viewBox=\"0 0 24 24\" version=\"1.1\" xmlns=\"http:\/\/www.w3.org\/2000\/svg\" aria-hidden=\"true\" focusable=\"false\"><path d=\"M12,4.622c2.403,0,2.688,0.009,3.637,0.052c0.877,0.04,1.354,0.187,1.671,0.31c0.42,0.163,0.72,0.358,1.035,0.673 c0.315,0.315,0.51,0.615,0.673,1.035c0.123,0.317,0.27,0.794,0.31,1.671c0.043,0.949,0.052,1.234,0.052,3.637 s-0.009,2.688-0.052,3.637c-0.04,0.877-0.187,1.354-0.31,1.671c-0.163,0.42-0.358,0.72-0.673,1.035 c-0.315,0.315-0.615,0.51-1.035,0.673c-0.317,0.123-0.794,0.27-1.671,0.31c-0.949,0.043-1.233,0.052-3.637,0.052 s-2.688-0.009-3.637-0.052c-0.877-0.04-1.354-0.187-1.671-0.31c-0.42-0.163-0.72-0.358-1.035-0.673 c-0.315-0.315-0.51-0.615-0.673-1.035c-0.123-0.317-0.27-0.794-0.31-1.671C4.631,14.688,4.622,14.403,4.622,12 s0.009-2.688,0.052-3.637c0.04-0.877,0.187-1.354,0.31-1.671c0.163-0.42,0.358-0.72,0.673-1.035 c0.315-0.315,0.615-0.51,1.035-0.673c0.317-0.123,0.794-0.27,1.671-0.31C9.312,4.631,9.597,4.622,12,4.622 M12,3 C9.556,3,9.249,3.01,8.289,3.054C7.331,3.098,6.677,3.25,6.105,3.472C5.513,3.702,5.011,4.01,4.511,4.511 c-0.5,0.5-0.808,1.002-1.038,1.594C3.25,6.677,3.098,7.331,3.054,8.289C3.01,9.249,3,9.556,3,12c0,2.444,0.01,2.751,0.054,3.711 c0.044,0.958,0.196,1.612,0.418,2.185c0.23,0.592,0.538,1.094,1.038,1.594c0.5,0.5,1.002,0.808,1.594,1.038 c0.572,0.222,1.227,0.375,2.185,0.418C9.249,20.99,9.556,21,12,21s2.751-0.01,3.711-0.054c0.958-0.044,1.612-0.196,2.185-0.418 c0.592-0.23,1.094-0.538,1.594-1.038c0.5-0.5,0.808-1.002,1.038-1.594c0.222-0.572,0.375-1.227,0.418-2.185 C20.99,14.751,21,14.444,21,12s-0.01-2.751-0.054-3.711c-0.044-0.958-0.196-1.612-0.418-2.185c-0.23-0.592-0.538-1.094-1.038-1.594 c-0.5-0.5-1.002-0.808-1.594-1.038c-0.572-0.222-1.227-0.375-2.185-0.418C14.751,3.01,14.444,3,12,3L12,3z M12,7.378 c-2.552,0-4.622,2.069-4.622,4.622S9.448,16.622,12,16.622s4.622-2.069,4.622-4.622S14.552,7.378,12,7.378z M12,15 c-1.657,0-3-1.343-3-3s1.343-3,3-3s3,1.343,3,3S13.657,15,12,15z M16.804,6.116c-0.596,0-1.08,0.484-1.08,1.08 s0.484,1.08,1.08,1.08c0.596,0,1.08-0.484,1.08-1.08S17.401,6.116,16.804,6.116z\"><\/path><\/svg><span class=\"wp-block-social-link-label\">Instagram<\/span><\/a><\/li>\n\n<li class=\"wp-social-link wp-social-link-youtube  wp-block-social-link\"><a rel=\"noopener nofollow\" target=\"_blank\" href=\"https:\/\/www.youtube.com\/channel\/UC7rgrKTSF5aOrBGWOw60ovw\" class=\"wp-block-social-link-anchor\"><svg width=\"24\" height=\"24\" viewBox=\"0 0 24 24\" version=\"1.1\" xmlns=\"http:\/\/www.w3.org\/2000\/svg\" aria-hidden=\"true\" focusable=\"false\"><path d=\"M21.8,8.001c0,0-0.195-1.378-0.795-1.985c-0.76-0.797-1.613-0.801-2.004-0.847c-2.799-0.202-6.997-0.202-6.997-0.202 h-0.009c0,0-4.198,0-6.997,0.202C4.608,5.216,3.756,5.22,2.995,6.016C2.395,6.623,2.2,8.001,2.2,8.001S2,9.62,2,11.238v1.517 c0,1.618,0.2,3.237,0.2,3.237s0.195,1.378,0.795,1.985c0.761,0.797,1.76,0.771,2.205,0.855c1.6,0.153,6.8,0.201,6.8,0.201 s4.203-0.006,7.001-0.209c0.391-0.047,1.243-0.051,2.004-0.847c0.6-0.607,0.795-1.985,0.795-1.985s0.2-1.618,0.2-3.237v-1.517 C22,9.62,21.8,8.001,21.8,8.001z M9.935,14.594l-0.001-5.62l5.404,2.82L9.935,14.594z\"><\/path><\/svg><span class=\"wp-block-social-link-label\">Youtube<\/span><\/a><\/li>\n\n<li class=\"wp-social-link wp-social-link-telegram  wp-block-social-link\"><a rel=\"noopener nofollow\" target=\"_blank\" href=\"https:\/\/t.me\/transmissaoEstrategiaOAB\" class=\"wp-block-social-link-anchor\"><svg width=\"24\" height=\"24\" viewBox=\"0 0 128 128\" version=\"1.1\" xmlns=\"http:\/\/www.w3.org\/2000\/svg\" aria-hidden=\"true\" focusable=\"false\"><path d=\"M28.9700376,63.3244248 C47.6273373,55.1957357 60.0684594,49.8368063 66.2934036,47.2476366 C84.0668845,39.855031 87.7600616,38.5708563 90.1672227,38.528 C90.6966555,38.5191258 91.8804274,38.6503351 92.6472251,39.2725385 C93.294694,39.7979149 93.4728387,40.5076237 93.5580865,41.0057381 C93.6433345,41.5038525 93.7494885,42.63857 93.6651041,43.5252052 C92.7019529,53.6451182 88.5344133,78.2034783 86.4142057,89.5379542 C85.5170662,94.3339958 83.750571,95.9420841 82.0403991,96.0994568 C78.3237996,96.4414641 75.5015827,93.6432685 71.9018743,91.2836143 C66.2690414,87.5912212 63.0868492,85.2926952 57.6192095,81.6896017 C51.3004058,77.5256038 55.3966232,75.2369981 58.9976911,71.4967761 C59.9401076,70.5179421 76.3155302,55.6232293 76.6324771,54.2720454 C76.6721165,54.1030573 76.7089039,53.4731496 76.3346867,53.1405352 C75.9604695,52.8079208 75.4081573,52.921662 75.0095933,53.0121213 C74.444641,53.1403447 65.4461175,59.0880351 48.0140228,70.8551922 C45.4598218,72.6091037 43.1463059,73.4636682 41.0734751,73.4188859 C38.7883453,73.3695169 34.3926725,72.1268388 31.1249416,71.0646282 C27.1169366,69.7617838 23.931454,69.0729605 24.208838,66.8603276 C24.3533167,65.7078514 25.9403832,64.5292172 28.9700376,63.3244248 Z\" \/><\/svg><span class=\"wp-block-social-link-label\">Telegram<\/span><\/a><\/li>\n\n<li class=\"wp-social-link wp-social-link-whatsapp  wp-block-social-link\"><a rel=\"noopener nofollow\" target=\"_blank\" href=\"https:\/\/chat.whatsapp.com\/GVIH7MrkoVAGyAxc6MuwWf\" class=\"wp-block-social-link-anchor\"><svg width=\"24\" height=\"24\" viewBox=\"0 0 24 24\" version=\"1.1\" xmlns=\"http:\/\/www.w3.org\/2000\/svg\" aria-hidden=\"true\" focusable=\"false\"><path d=\"M 12.011719 2 C 6.5057187 2 2.0234844 6.478375 2.0214844 11.984375 C 2.0204844 13.744375 2.4814687 15.462563 3.3554688 16.976562 L 2 22 L 7.2324219 20.763672 C 8.6914219 21.559672 10.333859 21.977516 12.005859 21.978516 L 12.009766 21.978516 C 17.514766 21.978516 21.995047 17.499141 21.998047 11.994141 C 22.000047 9.3251406 20.962172 6.8157344 19.076172 4.9277344 C 17.190172 3.0407344 14.683719 2.001 12.011719 2 z M 12.009766 4 C 14.145766 4.001 16.153109 4.8337969 17.662109 6.3417969 C 19.171109 7.8517969 20.000047 9.8581875 19.998047 11.992188 C 19.996047 16.396187 16.413812 19.978516 12.007812 19.978516 C 10.674812 19.977516 9.3544062 19.642812 8.1914062 19.007812 L 7.5175781 18.640625 L 6.7734375 18.816406 L 4.8046875 19.28125 L 5.2851562 17.496094 L 5.5019531 16.695312 L 5.0878906 15.976562 C 4.3898906 14.768562 4.0204844 13.387375 4.0214844 11.984375 C 4.0234844 7.582375 7.6067656 4 12.009766 4 z M 8.4765625 7.375 C 8.3095625 7.375 8.0395469 7.4375 7.8105469 7.6875 C 7.5815469 7.9365 6.9355469 8.5395781 6.9355469 9.7675781 C 6.9355469 10.995578 7.8300781 12.182609 7.9550781 12.349609 C 8.0790781 12.515609 9.68175 15.115234 12.21875 16.115234 C 14.32675 16.946234 14.754891 16.782234 15.212891 16.740234 C 15.670891 16.699234 16.690438 16.137687 16.898438 15.554688 C 17.106437 14.971687 17.106922 14.470187 17.044922 14.367188 C 16.982922 14.263188 16.816406 14.201172 16.566406 14.076172 C 16.317406 13.951172 15.090328 13.348625 14.861328 13.265625 C 14.632328 13.182625 14.464828 13.140625 14.298828 13.390625 C 14.132828 13.640625 13.655766 14.201187 13.509766 14.367188 C 13.363766 14.534188 13.21875 14.556641 12.96875 14.431641 C 12.71875 14.305641 11.914938 14.041406 10.960938 13.191406 C 10.218937 12.530406 9.7182656 11.714844 9.5722656 11.464844 C 9.4272656 11.215844 9.5585938 11.079078 9.6835938 10.955078 C 9.7955938 10.843078 9.9316406 10.663578 10.056641 10.517578 C 10.180641 10.371578 10.223641 10.267562 10.306641 10.101562 C 10.389641 9.9355625 10.347156 9.7890625 10.285156 9.6640625 C 10.223156 9.5390625 9.737625 8.3065 9.515625 7.8125 C 9.328625 7.3975 9.131125 7.3878594 8.953125 7.3808594 C 8.808125 7.3748594 8.6425625 7.375 8.4765625 7.375 z\"><\/path><\/svg><span class=\"wp-block-social-link-label\">WhatsApp<\/span><\/a><\/li><\/ul>\n\n\n\n<p><\/p>\n","protected":false},"excerpt":{"rendered":"Ol\u00e1, futuro Advogado(a), tudo certo?! Em 27\/04\/2025, foi aplicada a prova da primeira fase do 43\u00ba Exame da&hellip;\n","protected":false},"author":117,"featured_media":12852,"comment_status":"open","ping_status":"open","sticky":false,"template":"","format":"standard","meta":{"_jetpack_memberships_contains_paid_content":false,"footnotes":""},"categories":[30,36],"tags":[],"class_list":{"0":"post-17718","1":"post","2":"type-post","3":"status-publish","4":"format-standard","5":"has-post-thumbnail","7":"category-1a-fase-oab","8":"category-gabarito-oab"},"acf":[],"yoast_head":"<!-- This site is optimized with the Yoast SEO Premium plugin v26.2 (Yoast SEO v27.4) - https:\/\/yoast.com\/product\/yoast-seo-premium-wordpress\/ -->\n<title>Prova comentada OAB 43\u00ba exame: Direito Administrativo<\/title>\n<meta name=\"description\" content=\"Confira agora mesmo a Prova comentada OAB 43\u00ba exame de Direito Administrativo elaborada pelos nossos professores!\" \/>\n<meta name=\"robots\" content=\"index, follow, max-snippet:-1, max-image-preview:large, max-video-preview:-1\" \/>\n<link rel=\"canonical\" href=\"https:\/\/oab.estrategia.com\/portal\/prova-comentada-oab-43-exame-direito-administrativo\/\" \/>\n<meta property=\"og:locale\" content=\"pt_BR\" \/>\n<meta property=\"og:type\" content=\"article\" \/>\n<meta property=\"og:title\" content=\"Prova comentada OAB 43\u00ba exame: Direito Administrativo\" \/>\n<meta property=\"og:description\" content=\"Confira agora mesmo a Prova comentada OAB 43\u00ba exame de Direito Administrativo elaborada pelos nossos professores!\" \/>\n<meta property=\"og:url\" content=\"https:\/\/oab.estrategia.com\/portal\/prova-comentada-oab-43-exame-direito-administrativo\/\" \/>\n<meta property=\"og:site_name\" content=\"Blog - OAB - Estrat\u00e9gia\" \/>\n<meta property=\"article:publisher\" content=\"https:\/\/www.facebook.com\/estrategiaoab\/\" \/>\n<meta property=\"article:published_time\" content=\"2025-04-28T22:43:28+00:00\" \/>\n<meta property=\"article:modified_time\" content=\"2025-04-29T18:33:11+00:00\" \/>\n<meta property=\"og:image\" content=\"https:\/\/oab.estrategia.com\/portal\/portal\/wp-content\/uploads\/2024\/09\/05095354\/image-1-1.png\" \/>\n\t<meta property=\"og:image:width\" content=\"745\" \/>\n\t<meta property=\"og:image:height\" content=\"417\" \/>\n\t<meta property=\"og:image:type\" content=\"image\/png\" \/>\n<meta name=\"author\" content=\"Priscila Bonomi\" \/>\n<meta name=\"twitter:card\" content=\"summary_large_image\" \/>\n<meta name=\"twitter:creator\" content=\"@estrategiaoab\" \/>\n<meta name=\"twitter:site\" content=\"@estrategiaoab\" \/>\n<meta name=\"twitter:label1\" content=\"Escrito por\" \/>\n\t<meta name=\"twitter:data1\" content=\"Priscila Bonomi\" \/>\n\t<meta name=\"twitter:label2\" content=\"Est. tempo de leitura\" \/>\n\t<meta name=\"twitter:data2\" content=\"1 minuto\" \/>\n<script type=\"application\/ld+json\" class=\"yoast-schema-graph\">{\"@context\":\"https:\\\/\\\/schema.org\",\"@graph\":[{\"@type\":\"Article\",\"@id\":\"https:\\\/\\\/oab.estrategia.com\\\/portal\\\/prova-comentada-oab-43-exame-direito-administrativo\\\/#article\",\"isPartOf\":{\"@id\":\"https:\\\/\\\/oab.estrategia.com\\\/portal\\\/prova-comentada-oab-43-exame-direito-administrativo\\\/\"},\"author\":{\"name\":\"Priscila Bonomi\",\"@id\":\"https:\\\/\\\/oab.estrategia.com\\\/portal\\\/#\\\/schema\\\/person\\\/74fa7e131ce7fd0199e3ef003d93dd2a\"},\"headline\":\"Prova comentada OAB 43\u00ba exame: Direito Administrativo\",\"datePublished\":\"2025-04-28T22:43:28+00:00\",\"dateModified\":\"2025-04-29T18:33:11+00:00\",\"mainEntityOfPage\":{\"@id\":\"https:\\\/\\\/oab.estrategia.com\\\/portal\\\/prova-comentada-oab-43-exame-direito-administrativo\\\/\"},\"wordCount\":2998,\"commentCount\":0,\"publisher\":{\"@id\":\"https:\\\/\\\/oab.estrategia.com\\\/portal\\\/#organization\"},\"image\":{\"@id\":\"https:\\\/\\\/oab.estrategia.com\\\/portal\\\/prova-comentada-oab-43-exame-direito-administrativo\\\/#primaryimage\"},\"thumbnailUrl\":\"https:\\\/\\\/oab.estrategia.com\\\/portal\\\/wp-content\\\/uploads\\\/2024\\\/09\\\/05095354\\\/image-1-1.png\",\"articleSection\":[\"1\u00aa Fase OAB\",\"Gabaritos OAB\"],\"inLanguage\":\"pt-BR\",\"potentialAction\":[{\"@type\":\"CommentAction\",\"name\":\"Comment\",\"target\":[\"https:\\\/\\\/oab.estrategia.com\\\/portal\\\/prova-comentada-oab-43-exame-direito-administrativo\\\/#respond\"]}]},{\"@type\":\"WebPage\",\"@id\":\"https:\\\/\\\/oab.estrategia.com\\\/portal\\\/prova-comentada-oab-43-exame-direito-administrativo\\\/\",\"url\":\"https:\\\/\\\/oab.estrategia.com\\\/portal\\\/prova-comentada-oab-43-exame-direito-administrativo\\\/\",\"name\":\"Prova comentada OAB 43\u00ba exame: Direito Administrativo\",\"isPartOf\":{\"@id\":\"https:\\\/\\\/oab.estrategia.com\\\/portal\\\/#website\"},\"primaryImageOfPage\":{\"@id\":\"https:\\\/\\\/oab.estrategia.com\\\/portal\\\/prova-comentada-oab-43-exame-direito-administrativo\\\/#primaryimage\"},\"image\":{\"@id\":\"https:\\\/\\\/oab.estrategia.com\\\/portal\\\/prova-comentada-oab-43-exame-direito-administrativo\\\/#primaryimage\"},\"thumbnailUrl\":\"https:\\\/\\\/oab.estrategia.com\\\/portal\\\/wp-content\\\/uploads\\\/2024\\\/09\\\/05095354\\\/image-1-1.png\",\"datePublished\":\"2025-04-28T22:43:28+00:00\",\"dateModified\":\"2025-04-29T18:33:11+00:00\",\"description\":\"Confira agora mesmo a Prova comentada OAB 43\u00ba exame de Direito Administrativo elaborada pelos nossos professores!\",\"breadcrumb\":{\"@id\":\"https:\\\/\\\/oab.estrategia.com\\\/portal\\\/prova-comentada-oab-43-exame-direito-administrativo\\\/#breadcrumb\"},\"inLanguage\":\"pt-BR\",\"potentialAction\":[{\"@type\":\"ReadAction\",\"target\":[\"https:\\\/\\\/oab.estrategia.com\\\/portal\\\/prova-comentada-oab-43-exame-direito-administrativo\\\/\"]}]},{\"@type\":\"ImageObject\",\"inLanguage\":\"pt-BR\",\"@id\":\"https:\\\/\\\/oab.estrategia.com\\\/portal\\\/prova-comentada-oab-43-exame-direito-administrativo\\\/#primaryimage\",\"url\":\"https:\\\/\\\/oab.estrategia.com\\\/portal\\\/wp-content\\\/uploads\\\/2024\\\/09\\\/05095354\\\/image-1-1.png\",\"contentUrl\":\"https:\\\/\\\/oab.estrategia.com\\\/portal\\\/wp-content\\\/uploads\\\/2024\\\/09\\\/05095354\\\/image-1-1.png\",\"width\":745,\"height\":417},{\"@type\":\"BreadcrumbList\",\"@id\":\"https:\\\/\\\/oab.estrategia.com\\\/portal\\\/prova-comentada-oab-43-exame-direito-administrativo\\\/#breadcrumb\",\"itemListElement\":[{\"@type\":\"ListItem\",\"position\":1,\"name\":\"In\u00edcio\",\"item\":\"https:\\\/\\\/oab.estrategia.com\\\/portal\\\/\"},{\"@type\":\"ListItem\",\"position\":2,\"name\":\"Prova comentada OAB 43\u00ba exame: Direito Administrativo\"}]},{\"@type\":\"WebSite\",\"@id\":\"https:\\\/\\\/oab.estrategia.com\\\/portal\\\/#website\",\"url\":\"https:\\\/\\\/oab.estrategia.com\\\/portal\\\/\",\"name\":\"Blog - OAB - Estrat\u00e9gia\",\"description\":\"Blog OAB - Estrat\u00e9gia Concursos\",\"publisher\":{\"@id\":\"https:\\\/\\\/oab.estrategia.com\\\/portal\\\/#organization\"},\"potentialAction\":[{\"@type\":\"SearchAction\",\"target\":{\"@type\":\"EntryPoint\",\"urlTemplate\":\"https:\\\/\\\/oab.estrategia.com\\\/portal\\\/?s={search_term_string}\"},\"query-input\":{\"@type\":\"PropertyValueSpecification\",\"valueRequired\":true,\"valueName\":\"search_term_string\"}}],\"inLanguage\":\"pt-BR\"},{\"@type\":\"Organization\",\"@id\":\"https:\\\/\\\/oab.estrategia.com\\\/portal\\\/#organization\",\"name\":\"Estrat\u00e9gia Concursos\",\"url\":\"https:\\\/\\\/oab.estrategia.com\\\/portal\\\/\",\"logo\":{\"@type\":\"ImageObject\",\"inLanguage\":\"pt-BR\",\"@id\":\"https:\\\/\\\/oab.estrategia.com\\\/portal\\\/#\\\/schema\\\/logo\\\/image\\\/\",\"url\":\"https:\\\/\\\/oab.estrategia.com\\\/portal\\\/wp-content\\\/uploads\\\/2022\\\/04\\\/06103601\\\/oab-icone-2.png\",\"contentUrl\":\"https:\\\/\\\/oab.estrategia.com\\\/portal\\\/wp-content\\\/uploads\\\/2022\\\/04\\\/06103601\\\/oab-icone-2.png\",\"width\":900,\"height\":900,\"caption\":\"Estrat\u00e9gia Concursos\"},\"image\":{\"@id\":\"https:\\\/\\\/oab.estrategia.com\\\/portal\\\/#\\\/schema\\\/logo\\\/image\\\/\"},\"sameAs\":[\"https:\\\/\\\/www.facebook.com\\\/estrategiaoab\\\/\",\"https:\\\/\\\/x.com\\\/estrategiaoab\",\"https:\\\/\\\/www.instagram.com\\\/estrategiaoab\\\/\",\"https:\\\/\\\/www.youtube.com\\\/EstrategiaOAB\"]},{\"@type\":\"Person\",\"@id\":\"https:\\\/\\\/oab.estrategia.com\\\/portal\\\/#\\\/schema\\\/person\\\/74fa7e131ce7fd0199e3ef003d93dd2a\",\"name\":\"Priscila Bonomi\",\"image\":{\"@type\":\"ImageObject\",\"inLanguage\":\"pt-BR\",\"@id\":\"https:\\\/\\\/oab.estrategia.com\\\/portal\\\/wp-content\\\/uploads\\\/2025\\\/05\\\/05144855\\\/Imagem-do-WhatsApp-de-2025-05-05-as-14.47.57_b98168e4-96x96.jpg\",\"url\":\"https:\\\/\\\/oab.estrategia.com\\\/portal\\\/wp-content\\\/uploads\\\/2025\\\/05\\\/05144855\\\/Imagem-do-WhatsApp-de-2025-05-05-as-14.47.57_b98168e4-96x96.jpg\",\"contentUrl\":\"https:\\\/\\\/oab.estrategia.com\\\/portal\\\/wp-content\\\/uploads\\\/2025\\\/05\\\/05144855\\\/Imagem-do-WhatsApp-de-2025-05-05-as-14.47.57_b98168e4-96x96.jpg\",\"caption\":\"Priscila Bonomi\"},\"url\":\"https:\\\/\\\/oab.estrategia.com\\\/portal\\\/author\\\/priscila-bonomi\\\/\"}]}<\/script>\n<!-- \/ Yoast SEO Premium plugin. -->","yoast_head_json":{"title":"Prova comentada OAB 43\u00ba exame: Direito Administrativo","description":"Confira agora mesmo a Prova comentada OAB 43\u00ba exame de Direito Administrativo elaborada pelos nossos professores!","robots":{"index":"index","follow":"follow","max-snippet":"max-snippet:-1","max-image-preview":"max-image-preview:large","max-video-preview":"max-video-preview:-1"},"canonical":"https:\/\/oab.estrategia.com\/portal\/prova-comentada-oab-43-exame-direito-administrativo\/","og_locale":"pt_BR","og_type":"article","og_title":"Prova comentada OAB 43\u00ba exame: Direito Administrativo","og_description":"Confira agora mesmo a Prova comentada OAB 43\u00ba exame de Direito Administrativo elaborada pelos nossos professores!","og_url":"https:\/\/oab.estrategia.com\/portal\/prova-comentada-oab-43-exame-direito-administrativo\/","og_site_name":"Blog - OAB - Estrat\u00e9gia","article_publisher":"https:\/\/www.facebook.com\/estrategiaoab\/","article_published_time":"2025-04-28T22:43:28+00:00","article_modified_time":"2025-04-29T18:33:11+00:00","og_image":[{"width":745,"height":417,"url":"https:\/\/oab.estrategia.com\/portal\/portal\/wp-content\/uploads\/2024\/09\/05095354\/image-1-1.png","type":"image\/png"}],"author":"Priscila Bonomi","twitter_card":"summary_large_image","twitter_creator":"@estrategiaoab","twitter_site":"@estrategiaoab","twitter_misc":{"Escrito por":"Priscila Bonomi","Est. tempo de leitura":"1 minuto"},"schema":{"@context":"https:\/\/schema.org","@graph":[{"@type":"Article","@id":"https:\/\/oab.estrategia.com\/portal\/prova-comentada-oab-43-exame-direito-administrativo\/#article","isPartOf":{"@id":"https:\/\/oab.estrategia.com\/portal\/prova-comentada-oab-43-exame-direito-administrativo\/"},"author":{"name":"Priscila Bonomi","@id":"https:\/\/oab.estrategia.com\/portal\/#\/schema\/person\/74fa7e131ce7fd0199e3ef003d93dd2a"},"headline":"Prova comentada OAB 43\u00ba exame: Direito Administrativo","datePublished":"2025-04-28T22:43:28+00:00","dateModified":"2025-04-29T18:33:11+00:00","mainEntityOfPage":{"@id":"https:\/\/oab.estrategia.com\/portal\/prova-comentada-oab-43-exame-direito-administrativo\/"},"wordCount":2998,"commentCount":0,"publisher":{"@id":"https:\/\/oab.estrategia.com\/portal\/#organization"},"image":{"@id":"https:\/\/oab.estrategia.com\/portal\/prova-comentada-oab-43-exame-direito-administrativo\/#primaryimage"},"thumbnailUrl":"https:\/\/oab.estrategia.com\/portal\/wp-content\/uploads\/2024\/09\/05095354\/image-1-1.png","articleSection":["1\u00aa Fase OAB","Gabaritos OAB"],"inLanguage":"pt-BR","potentialAction":[{"@type":"CommentAction","name":"Comment","target":["https:\/\/oab.estrategia.com\/portal\/prova-comentada-oab-43-exame-direito-administrativo\/#respond"]}]},{"@type":"WebPage","@id":"https:\/\/oab.estrategia.com\/portal\/prova-comentada-oab-43-exame-direito-administrativo\/","url":"https:\/\/oab.estrategia.com\/portal\/prova-comentada-oab-43-exame-direito-administrativo\/","name":"Prova comentada OAB 43\u00ba exame: Direito Administrativo","isPartOf":{"@id":"https:\/\/oab.estrategia.com\/portal\/#website"},"primaryImageOfPage":{"@id":"https:\/\/oab.estrategia.com\/portal\/prova-comentada-oab-43-exame-direito-administrativo\/#primaryimage"},"image":{"@id":"https:\/\/oab.estrategia.com\/portal\/prova-comentada-oab-43-exame-direito-administrativo\/#primaryimage"},"thumbnailUrl":"https:\/\/oab.estrategia.com\/portal\/wp-content\/uploads\/2024\/09\/05095354\/image-1-1.png","datePublished":"2025-04-28T22:43:28+00:00","dateModified":"2025-04-29T18:33:11+00:00","description":"Confira agora mesmo a Prova comentada OAB 43\u00ba exame de Direito Administrativo elaborada pelos nossos professores!","breadcrumb":{"@id":"https:\/\/oab.estrategia.com\/portal\/prova-comentada-oab-43-exame-direito-administrativo\/#breadcrumb"},"inLanguage":"pt-BR","potentialAction":[{"@type":"ReadAction","target":["https:\/\/oab.estrategia.com\/portal\/prova-comentada-oab-43-exame-direito-administrativo\/"]}]},{"@type":"ImageObject","inLanguage":"pt-BR","@id":"https:\/\/oab.estrategia.com\/portal\/prova-comentada-oab-43-exame-direito-administrativo\/#primaryimage","url":"https:\/\/oab.estrategia.com\/portal\/wp-content\/uploads\/2024\/09\/05095354\/image-1-1.png","contentUrl":"https:\/\/oab.estrategia.com\/portal\/wp-content\/uploads\/2024\/09\/05095354\/image-1-1.png","width":745,"height":417},{"@type":"BreadcrumbList","@id":"https:\/\/oab.estrategia.com\/portal\/prova-comentada-oab-43-exame-direito-administrativo\/#breadcrumb","itemListElement":[{"@type":"ListItem","position":1,"name":"In\u00edcio","item":"https:\/\/oab.estrategia.com\/portal\/"},{"@type":"ListItem","position":2,"name":"Prova comentada OAB 43\u00ba exame: Direito Administrativo"}]},{"@type":"WebSite","@id":"https:\/\/oab.estrategia.com\/portal\/#website","url":"https:\/\/oab.estrategia.com\/portal\/","name":"Blog - OAB - Estrat\u00e9gia","description":"Blog OAB - Estrat\u00e9gia Concursos","publisher":{"@id":"https:\/\/oab.estrategia.com\/portal\/#organization"},"potentialAction":[{"@type":"SearchAction","target":{"@type":"EntryPoint","urlTemplate":"https:\/\/oab.estrategia.com\/portal\/?s={search_term_string}"},"query-input":{"@type":"PropertyValueSpecification","valueRequired":true,"valueName":"search_term_string"}}],"inLanguage":"pt-BR"},{"@type":"Organization","@id":"https:\/\/oab.estrategia.com\/portal\/#organization","name":"Estrat\u00e9gia Concursos","url":"https:\/\/oab.estrategia.com\/portal\/","logo":{"@type":"ImageObject","inLanguage":"pt-BR","@id":"https:\/\/oab.estrategia.com\/portal\/#\/schema\/logo\/image\/","url":"https:\/\/oab.estrategia.com\/portal\/wp-content\/uploads\/2022\/04\/06103601\/oab-icone-2.png","contentUrl":"https:\/\/oab.estrategia.com\/portal\/wp-content\/uploads\/2022\/04\/06103601\/oab-icone-2.png","width":900,"height":900,"caption":"Estrat\u00e9gia Concursos"},"image":{"@id":"https:\/\/oab.estrategia.com\/portal\/#\/schema\/logo\/image\/"},"sameAs":["https:\/\/www.facebook.com\/estrategiaoab\/","https:\/\/x.com\/estrategiaoab","https:\/\/www.instagram.com\/estrategiaoab\/","https:\/\/www.youtube.com\/EstrategiaOAB"]},{"@type":"Person","@id":"https:\/\/oab.estrategia.com\/portal\/#\/schema\/person\/74fa7e131ce7fd0199e3ef003d93dd2a","name":"Priscila Bonomi","image":{"@type":"ImageObject","inLanguage":"pt-BR","@id":"https:\/\/oab.estrategia.com\/portal\/wp-content\/uploads\/2025\/05\/05144855\/Imagem-do-WhatsApp-de-2025-05-05-as-14.47.57_b98168e4-96x96.jpg","url":"https:\/\/oab.estrategia.com\/portal\/wp-content\/uploads\/2025\/05\/05144855\/Imagem-do-WhatsApp-de-2025-05-05-as-14.47.57_b98168e4-96x96.jpg","contentUrl":"https:\/\/oab.estrategia.com\/portal\/wp-content\/uploads\/2025\/05\/05144855\/Imagem-do-WhatsApp-de-2025-05-05-as-14.47.57_b98168e4-96x96.jpg","caption":"Priscila Bonomi"},"url":"https:\/\/oab.estrategia.com\/portal\/author\/priscila-bonomi\/"}]}},"jetpack_featured_media_url":"https:\/\/oab.estrategia.com\/portal\/wp-content\/uploads\/2024\/09\/05095354\/image-1-1.png","jetpack_sharing_enabled":true,"_links":{"self":[{"href":"https:\/\/oab.estrategia.com\/portal\/wp-json\/wp\/v2\/posts\/17718","targetHints":{"allow":["GET"]}}],"collection":[{"href":"https:\/\/oab.estrategia.com\/portal\/wp-json\/wp\/v2\/posts"}],"about":[{"href":"https:\/\/oab.estrategia.com\/portal\/wp-json\/wp\/v2\/types\/post"}],"author":[{"embeddable":true,"href":"https:\/\/oab.estrategia.com\/portal\/wp-json\/wp\/v2\/users\/117"}],"replies":[{"embeddable":true,"href":"https:\/\/oab.estrategia.com\/portal\/wp-json\/wp\/v2\/comments?post=17718"}],"version-history":[{"count":7,"href":"https:\/\/oab.estrategia.com\/portal\/wp-json\/wp\/v2\/posts\/17718\/revisions"}],"predecessor-version":[{"id":17863,"href":"https:\/\/oab.estrategia.com\/portal\/wp-json\/wp\/v2\/posts\/17718\/revisions\/17863"}],"wp:featuredmedia":[{"embeddable":true,"href":"https:\/\/oab.estrategia.com\/portal\/wp-json\/wp\/v2\/media\/12852"}],"wp:attachment":[{"href":"https:\/\/oab.estrategia.com\/portal\/wp-json\/wp\/v2\/media?parent=17718"}],"wp:term":[{"taxonomy":"category","embeddable":true,"href":"https:\/\/oab.estrategia.com\/portal\/wp-json\/wp\/v2\/categories?post=17718"},{"taxonomy":"post_tag","embeddable":true,"href":"https:\/\/oab.estrategia.com\/portal\/wp-json\/wp\/v2\/tags?post=17718"}],"curies":[{"name":"wp","href":"https:\/\/api.w.org\/{rel}","templated":true}]}}