{"id":17726,"date":"2025-04-28T20:01:52","date_gmt":"2025-04-28T23:01:52","guid":{"rendered":"https:\/\/oab.estrategia.com\/portal\/?p=17726"},"modified":"2025-04-29T15:32:42","modified_gmt":"2025-04-29T18:32:42","slug":"prova-comentada-oab-43-exame-direito-empresarial","status":"publish","type":"post","link":"https:\/\/oab.estrategia.com\/portal\/prova-comentada-oab-43-exame-direito-empresarial\/","title":{"rendered":"Prova comentada OAB 43\u00ba exame: Direito Empresarial"},"content":{"rendered":"<a id=\"cta-icon\" href=\"https:\/\/sndflw.com\/i\/1-fase-da-oab-grupo\" target=\"blank\" style=\"background:rgb(174,10,11)\">\n            <img decoding=\"async\" src=\"https:\/\/oab.estrategia.com\/portal\/wp-content\/uploads\/2023\/12\/07160715\/whatsapp_1385.webp\" alt=\"\" alt=\"whatsapp_1385\"><span > Acesse agora o Grupo de Estudos para 1\u00aa fase da OAB<\/span><\/a>\n\n\n<a id=\"cta-icon\" href=\"https:\/\/sndflw.com\/i\/2-fase-da-oab-grupo\" target=\"blank\" style=\"background:rgb(174,10,11)\">\n            <img decoding=\"async\" src=\"https:\/\/oab.estrategia.com\/portal\/wp-content\/uploads\/2023\/12\/07160715\/whatsapp_1385.webp\" alt=\"\" alt=\"whatsapp_1385\"><span > Acesse agora o grupo de estudos para a 2\u00aa fase da OAB! <\/span><\/a>\n\n\n\n<p>Ol\u00e1, futuro Advogado(a), tudo certo?!<\/p>\n\n\n\n<p>Em 27\/04\/2025, foi aplicada a prova da primeira fase do <strong>43\u00ba Exame da Ordem dos Advogados do Brasil<\/strong>. Assim que encerrada, nosso time de professores elaborou o gabarito extraoficial e analisou o gabarito oficial da FGV, os quais ser\u00e3o apresentados juntamente com a nossa <strong>PROVA COMENTADA<\/strong>.<\/p>\n\n\n\n<p>Este material visa a auxili\u00e1-los na aferi\u00e7\u00e3o das notas, elabora\u00e7\u00e3o de eventuais recursos, verifica\u00e7\u00e3o das chances de avan\u00e7o para fase discursiva, bem como na revis\u00e3o do conte\u00fado cobrado no certame.<\/p>\n\n\n\n<p>De modo complementar, elaboramos tamb\u00e9m um <a href=\"https:\/\/oab.estrategia.com\/cadernos-e-simulados\/cadernos\/dd888deb-9d9b-49b9-9b1d-254cfce14ec9\" target=\"_blank\" rel=\"noreferrer noopener nofollow\">caderno para nossos seguidores,<\/a> alunos ou n\u00e3o, observarem os coment\u00e1rios, e comentarem as quest\u00f5es da prova!<\/p>\n\n\n\n<p>Por fim, voc\u00eas poder\u00e3o acompanhar os eventos e cursos para a fase discursiva, bem como outras novidades envolvendo o Exame de Ordem no nosso canal do Youtube. Inscreva-se e ative as notifica\u00e7\u00f5es!<\/p>\n\n\n\n<p class=\"has-text-align-center has-very-light-gray-to-cyan-bluish-gray-gradient-background has-background\"><a href=\"https:\/\/www.youtube.com\/@EstrategiaOAB\"><strong>Estrat\u00e9gia OAB &#8211; YouTube<\/strong><\/a><\/p>\n\n\n\n<p>Esperamos que gostem do material e de todos os novos projetos que preparamos para que avancem rumo \u00e0 aprova\u00e7\u00e3o.<\/p>\n\n\n\n<p><em>Contem sempre conosco.<br>Yasmin Ushara,<br>Coordena\u00e7\u00e3o de Rodadas do Estrat\u00e9gia Carreiras Jur\u00eddicas.<\/em><\/p>\n\n\n\n<h3 class=\"wp-block-heading has-text-align-center has-very-light-gray-to-cyan-bluish-gray-gradient-background has-background\" id=\"h-confira-a-prova-comentada-de-todas-as-disciplinas-agora-mesmo\"><span id=\"confira-a-prova-comentada-de-todas-as-disciplinas-agora-mesmo\"><a href=\"https:\/\/oab.estrategia.com\/portal\/provas-comentadas-oab-43-exame-todas-as-materias\/\" target=\"_blank\" >Confira a prova comentada de todas as disciplinas agora mesmo!<\/a><\/span><\/h3>\n\n\n\n<h2 class=\"wp-block-heading\" id=\"h-direito-empresarial\"><span id=\"direito-empresarial\">Direito Empresarial<\/span><\/h2>\n\n\n\n<p class=\"has-vivid-red-color has-text-color has-link-color wp-elements-3474db991bd0bd7cb3e536e85f800de8\"><strong>QUEST\u00c3O 47. Itarana Av\u00edcola e Abatedouro S.A. celebrou contrato de aliena\u00e7\u00e3o fiduci\u00e1ria de ve\u00edculos automotores com o Banco Alegre S.A. O valor financiado deveria ser pago em 60 (sessenta) presta\u00e7\u00f5es mensais, mas, ap\u00f3s o vencimento da 14\u00aa (d\u00e9cima quarta) presta\u00e7\u00e3o, a fiduciante cessou o pagamento. Sobre a hip\u00f3tese, assinale a op\u00e7\u00e3o que indica a provid\u00eancia assegurada por lei ao fiduci\u00e1rio.<\/strong><\/p>\n\n\n\n<p class=\"has-vivid-red-color has-text-color has-link-color wp-elements-dbe78dc6f419a4e48fe05d49a6284b32\"><strong>a) Vender os bens alienados a terceiros, independentemente de leil\u00e3o, hasta p\u00fablica, avalia\u00e7\u00e3o pr\u00e9via ou qualquer outra medida judicial ou extrajudicial, ap\u00f3s a comprova\u00e7\u00e3o pr\u00e9via da mora do fiduciante, salvo disposi\u00e7\u00e3o expressa em contr\u00e1rio prevista no contrato.<\/strong><\/p>\n\n\n\n<p class=\"has-vivid-red-color has-text-color has-link-color wp-elements-ab97da007c34957311fe8296732fdb3a\"><strong>b) Requerer, independentemente de comprova\u00e7\u00e3o da mora, contra o fiduciante, a busca e apreens\u00e3o dos bens alienados fiduciariamente, a qual ser\u00e1 concedida liminarmente, podendo ser apreciada em plant\u00e3o judici\u00e1rio.<\/strong><\/p>\n\n\n\n<p class=\"has-vivid-red-color has-text-color has-link-color wp-elements-a34f8304c0a733f5b2f5f0e5636e9aaf\"><strong>c) Ajuizar a\u00e7\u00e3o de execu\u00e7\u00e3o para a entrega de coisa certa, pleiteando nos mesmos autos a busca e apreens\u00e3o, que ser\u00e1 deferida liminarmente, salvo na hip\u00f3tese de ter sido requerida recupera\u00e7\u00e3o judicial pelo fiduciante.<\/strong><\/p>\n\n\n\n<p class=\"has-vivid-red-color has-text-color has-link-color wp-elements-6c3f477fbe4600f427a0574f9ea56058\"><strong>d) Promover, alternativamente ao pedido de busca e apreens\u00e3o dos bens, independentemente de comprova\u00e7\u00e3o da mora, a consolida\u00e7\u00e3o da propriedade perante o competente cart\u00f3rio de registro de t\u00edtulos e documentos, desde que haja previs\u00e3o expressa no contrato em cl\u00e1usula em destaque.<\/strong><\/p>\n\n\n\n<p><strong>Coment\u00e1rio<\/strong><\/p>\n\n\n\n<p>A alternativa correta \u00e9 a <strong>letra A<\/strong>.<\/p>\n\n\n\n<p>A alternativa A est\u00e1 correta, porque reproduz o texto do art. 2\u00ba <em>caput, <\/em>do Decreto-Lei 911\/1969: \u201cNo caso de inadimplemento ou mora nas obriga\u00e7\u00f5es contratuais garantidas mediante aliena\u00e7\u00e3o fiduci\u00e1ria, o propriet\u00e1rio fiduci\u00e1rio ou credor poder\u00e1 vender a coisa a terceiros, independentemente de leil\u00e3o, hasta p\u00fablica, avalia\u00e7\u00e3o pr\u00e9via ou qualquer outra medida judicial ou extrajudicial, salvo disposi\u00e7\u00e3o expressa em contr\u00e1rio prevista no contrato, devendo aplicar o pre\u00e7o da venda no pagamento de seu cr\u00e9dito e das despesas decorrentes e entregar ao devedor o saldo apurado, se houver, com a devida presta\u00e7\u00e3o de contas\u201d.<\/p>\n\n\n\n<p>A alternativa B est\u00e1 incorreta, porque \u00e9 pressuposto da busca e apreens\u00e3o a comprova\u00e7\u00e3o da mora, a teor do previsto no art. 3\u00ba, <em>caput, <\/em>do Decreto-Lei 911\/1969: \u201cO propriet\u00e1rio fiduci\u00e1rio ou credor poder\u00e1, desde que comprovada a mora, na forma estabelecida pelo \u00a7 2<sup><u>o<\/u><\/sup> do art. 2<sup><u>o<\/u><\/sup>, ou o inadimplemento, requerer contra o devedor ou terceiro a busca e apreens\u00e3o do bem alienado fiduciariamente, a qual ser\u00e1 concedida liminarmente, podendo ser apreciada em plant\u00e3o judici\u00e1rio.\u201d.<\/p>\n\n\n\n<p>A alternativa C est\u00e1 incorreta, porque o pedido de recupera\u00e7\u00e3o judicial n\u00e3o impede a busca e apreens\u00e3o do bem, na forma do art. 6\u00ba-A, do Decreto-Lei 911\/1969: \u201cO pedido de recupera\u00e7\u00e3o judicial ou extrajudicial pelo devedor nos termos da Lei n<sup><u>o<\/u><\/sup> 11.101, de 9 de fevereiro de 2005, n\u00e3o impede a distribui\u00e7\u00e3o e a busca e apreens\u00e3o do bem.\u201d.<\/p>\n\n\n\n<p>A alternativa D est\u00e1 incorreta, porque a consolida\u00e7\u00e3o da propriedade tem como pressuposto a comprova\u00e7\u00e3o da mora, conforme art. 8\u00ba-B, <em>caput, <\/em>do Decreto-Lei 911\/1969: \u201cDesde que haja previs\u00e3o expressa no contrato em cl\u00e1usula em destaque e ap\u00f3s comprova\u00e7\u00e3o da mora na forma do \u00a7 2\u00ba do art. 2\u00ba deste Decreto-Lei, \u00e9 facultado ao credor promover a consolida\u00e7\u00e3o da propriedade perante o competente cart\u00f3rio de registro de t\u00edtulos e documentos no lugar do procedimento judicial a que se referem os arts. 3\u00ba, 4\u00ba, 5\u00ba e 6\u00ba deste Decreto-Lei.\u201d.<\/p>\n\n\n\n<p class=\"has-vivid-red-color has-text-color has-link-color wp-elements-c322afa5cb675c23348b9ace2ce2a913\"><strong>QUEST\u00c3O 48. Bento de Abreu e Bernardino de Campos s\u00e3o os \u00fanicos s\u00f3cios e fundadores da sociedade empres\u00e1ria Abreu &amp; Campos Ltda. Os s\u00f3cios deliberaram a transforma\u00e7\u00e3o da sociedade de limitada para companhia e lhe pediram orienta\u00e7\u00e3o sobre o nome empresarial. Considerando algumas das regras para a forma\u00e7\u00e3o do nome empresarial do tipo que a sociedade adotar\u00e1, assinale a afirmativa correta.<\/strong><\/p>\n\n\n\n<p class=\"has-vivid-red-color has-text-color has-link-color wp-elements-b552b4f225704276ac117cb98ff68df6\"><strong>a) A companhia adotar\u00e1 denomina\u00e7\u00e3o, na qual poder\u00e1 constar o(s) nome(s) do(s) fundador(es), sendo facultada a designa\u00e7\u00e3o do objeto social.<\/strong><\/p>\n\n\n\n<p class=\"has-vivid-red-color has-text-color has-link-color wp-elements-c26ed3266c2c98f36a68919fc2de5210\"><strong>b) A companhia adotar\u00e1 firma, sendo formada por nome de fantasia a partir da escolha dos s\u00f3cios, seguido obrigatoriamente pela designa\u00e7\u00e3o do objeto social.<\/strong><\/p>\n\n\n\n<p class=\"has-vivid-red-color has-text-color has-link-color wp-elements-5a7269efc0ffd6adc4a7ca8591208f28\"><strong>c) A companhia adotar\u00e1 denomina\u00e7\u00e3o, formada apenas pelo nome dos s\u00f3cios, seguida facultativamente pela express\u00e3o Sociedade An\u00f4nima ou Companhia, indicadas unicamente ao final.<\/strong><\/p>\n\n\n\n<p class=\"has-vivid-red-color has-text-color has-link-color wp-elements-1c791835dc86fb303b67469aa5930696\"><strong>d) A companhia poder\u00e1 adotar firma ou denomina\u00e7\u00e3o, devendo ser mantido o nome antigo Abreu &amp; Campos, substituindo-se o aditivo Ltda. pelo aditivo Companhia ou Cia.<\/strong><\/p>\n\n\n\n<p><strong>Coment\u00e1rios<\/strong><\/p>\n\n\n\n<p>A alternativa correta \u00e9 a <strong>letra A<\/strong>.<\/p>\n\n\n\n<p>A alternativa A est\u00e1 correta, porque reproduz o texto do art. 1.160, do CC: \u201cA sociedade an\u00f4nima opera sob denomina\u00e7\u00e3o integrada pelas express\u00f5es \u2018sociedade an\u00f4nima\u2019 ou \u2018companhia\u2019, por extenso ou abreviadamente, facultada a designa\u00e7\u00e3o do objeto social. Par\u00e1grafo \u00fanico. Pode constar da denomina\u00e7\u00e3o o nome do fundador, acionista, ou pessoa que haja concorrido para o bom \u00eaxito da forma\u00e7\u00e3o da empresa.\u201d.<\/p>\n\n\n\n<p>A alternativa B est\u00e1 incorreta, porque, conforme o art. 1.160, do CC, a sociedade an\u00f4nima n\u00e3o adotar\u00e1 firma, mas denomina\u00e7\u00e3o.<\/p>\n\n\n\n<p>A alternativa C est\u00e1 incorreta, porque, conforme o art. 1.160, do CC, a denomina\u00e7\u00e3o da Companhia pode se dar pelo nome do fundador, acionista ou pessoa que haja concorrido para o bom \u00eaxito da forma\u00e7\u00e3o da empresa, n\u00e3o sendo o caso do uso do nome de s\u00f3cios, al\u00e9m de ser obrigat\u00f3rio o uso da express\u00e3o \u201csociedade an\u00f4nima\u201d ou \u201ccompanhia\u201d.<\/p>\n\n\n\n<p>A alternativa D est\u00e1 incorreta, porque, conforme art. 1.160, do CC, o nome da sociedade an\u00f4nima n\u00e3o pode ser composto por firma, podendo ser alterado o nome original para o nome de seu fundador, acionista ou benfeitor ou pelo objeto social.<\/p>\n\n\n\n<p class=\"has-vivid-red-color has-text-color has-link-color wp-elements-97c7ff90c333fd0506f13ff34b0d1c01\"><strong>QUEST\u00c3O 49. Luc\u00e9lia, Mar\u00edlia e Natividade constitu\u00edram uma sociedade empres\u00e1ria sem levar o documento escrito de constitui\u00e7\u00e3o a qualquer registro. Ficou estabelecido verbalmente entre as s\u00f3cias que os atos sociais seriam praticados por Mar\u00edlia, no interesse comum. Inadimplida uma obriga\u00e7\u00e3o social, o credor, ciente da exist\u00eancia da sociedade, demandou a sociedade e todas as s\u00f3cias, responsabilizando-as solidariamente e sem benef\u00edcio de ordem pela obriga\u00e7\u00e3o assumida por Mar\u00edlia. Considerados tais fatos, assinale a afirmativa correta.<\/strong><\/p>\n\n\n\n<p class=\"has-vivid-red-color has-text-color has-link-color wp-elements-5267e6807d70ed29c3290ab880a199b7\"><strong>a) O credor n\u00e3o poderia demandar a sociedade em raz\u00e3o da aus\u00eancia de personalidade jur\u00eddica, sendo, contudo, poss\u00edvel exigir de todas as s\u00f3cias, solidariamente e sem benef\u00edcio de ordem, a obriga\u00e7\u00e3o assumida por Mar\u00edlia.<\/strong><\/p>\n\n\n\n<p class=\"has-vivid-red-color has-text-color has-link-color wp-elements-700d614f50a24849094f9c4a76b59f75\"><strong>b) O credor agiu corretamente ao demandar a sociedade, ainda que diante da aus\u00eancia de personalidade jur\u00eddica; contudo, mesmo havendo solidariedade entre as s\u00f3cias, Luc\u00e9lia e Natividade possuem benef\u00edcio de ordem.<\/strong><\/p>\n\n\n\n<p class=\"has-vivid-red-color has-text-color has-link-color wp-elements-347009159b719a93dfffa7f1afd8c38b\"><strong>c) O credor est\u00e1 autorizado a demandar a sociedade, diante da aus\u00eancia de personalidade jur\u00eddica, como tamb\u00e9m poder\u00e1 responsabilizar as s\u00f3cias Luc\u00e9lia e Natividade, solidariamente e sem benef\u00edcio de ordem, pela obriga\u00e7\u00e3o assumida por Mar\u00edlia.<\/strong><\/p>\n\n\n\n<p class=\"has-vivid-red-color has-text-color has-link-color wp-elements-ca744fee4957814b0f83e730b1538b8f\"><strong>d) O credor est\u00e1 totalmente equivocado, pois a sociedade n\u00e3o poderia ser demandada, em raz\u00e3o da aus\u00eancia de personalidade jur\u00eddica, e deve ser respeitado o benef\u00edcio de ordem das s\u00f3cias Luc\u00e9lia e Natividade, que n\u00e3o contrataram pela sociedade.<\/strong><\/p>\n\n\n\n<p><strong>Coment\u00e1rios<\/strong><\/p>\n\n\n\n<p>A alternativa correta \u00e9 a <strong>letra B<\/strong>.<\/p>\n\n\n\n<p>A alternativa B est\u00e1 correta, porque apenas Mar\u00edlia n\u00e3o tem o benef\u00edcio de ordem, por ter contratado em nome da sociedade, podendo o benef\u00edcio legal ser utilizado pelas demais s\u00f3cias, conforme o previsto no art. 990, do CC: \u201cTodos os s\u00f3cios respondem solid\u00e1ria e ilimitadamente pelas obriga\u00e7\u00f5es sociais, exclu\u00eddo do benef\u00edcio de ordem, previsto no art. 1.024, aquele que contratou pela sociedade.\u201d. Assim, as demais est\u00e3o incorretas, j\u00e1 retiram o benef\u00edcio de ordem das s\u00f3cias Luc\u00e9lia e Natividade. Por fim, est\u00e1 incorreta a letra D, porque a sociedade em comum pode ser demandada, tendo capacidade processual, devendo, neste caso, ser representada em ju\u00edzo por Mar\u00edlia, a quem compete a administra\u00e7\u00e3o de seus bens, conforme art. 75, IX, do CPC: \u201cSer\u00e3o representados em ju\u00edzo, ativa e passivamente: [&#8230;] IX &#8211; a sociedade e a associa\u00e7\u00e3o irregulares e outros entes organizados sem personalidade jur\u00eddica, pela pessoa a quem couber a administra\u00e7\u00e3o de seus bens; [&#8230;].\u201d.<\/p>\n\n\n\n<p class=\"has-vivid-red-color has-text-color has-link-color wp-elements-7118fa3d4f91a73d7993d8392a20b6d9\"><strong>QUEST\u00c3O 50. Uma sociedade simples que adotou um dos tipos societ\u00e1rios previstos no C\u00f3digo Civil, com sede em Guarapari\/ES, foi constitu\u00edda por prazo determinado, at\u00e9 31 de dezembro de 2023. Sobre a situa\u00e7\u00e3o da sociedade empres\u00e1ria a partir de 1\u00ba de janeiro de 2024, assinale a afirmativa correta.<\/strong><\/p>\n\n\n\n<p class=\"has-vivid-red-color has-text-color has-link-color wp-elements-879143ffca9257d3afb9a1bfe65d9e6f\"><strong>a) Ela continuar\u00e1 em atividade normalmente at\u00e9 que algum s\u00f3cio ou credor requeira sua dissolu\u00e7\u00e3o judicial nos 30 (trinta) dias seguintes ap\u00f3s o t\u00e9rmino do prazo de dura\u00e7\u00e3o.<\/strong><\/p>\n\n\n\n<p class=\"has-vivid-red-color has-text-color has-link-color wp-elements-337ff15f256ca104305d34a7f5377480\"><strong>b) Os administradores devem providenciar imediatamente a investidura do liquidante, mantendo os neg\u00f3cios sociais por at\u00e9 180 dias (cento e oitenta dias); findo esse prazo, a continuidade da atividade implica na responsabilidade ilimitada e solid\u00e1ria deles.<\/strong><\/p>\n\n\n\n<p class=\"has-vivid-red-color has-text-color has-link-color wp-elements-f2396566323a71bebcce94a123652b94\"><strong>c) A dissolu\u00e7\u00e3o judicial da sociedade pode ser requerida por qualquer s\u00f3cio, devido ao exaurimento do fim social, cabendo ao Juiz a nomea\u00e7\u00e3o do liquidante.<\/strong><\/p>\n\n\n\n<p class=\"has-vivid-red-color has-text-color has-link-color wp-elements-bd94e2f7199483b44d867d64956e7a0d\"><strong>d) A sociedade reputa-se dissolvida em raz\u00e3o do vencimento do prazo de dura\u00e7\u00e3o, salvo se, sem oposi\u00e7\u00e3o de s\u00f3cio, n\u00e3o entrar a sociedade em liquida\u00e7\u00e3o, caso em que se prorrogar\u00e1 por tempo indeterminado.<\/strong><\/p>\n\n\n\n<p><strong>Coment\u00e1rios<\/strong><\/p>\n\n\n\n<p>A alternativa correta \u00e9 a <strong>letra D<\/strong>.<\/p>\n\n\n\n<p>A alternativa D est\u00e1 correta, porque reproduz o texto do art. 1.033, I, do CC: \u201cDissolve-se a sociedade quando ocorrer: I &#8211; o vencimento do prazo de dura\u00e7\u00e3o, salvo se, vencido este e sem oposi\u00e7\u00e3o de s\u00f3cio, n\u00e3o entrar a sociedade em liquida\u00e7\u00e3o, caso em que se prorrogar\u00e1 por tempo indeterminado; [&#8230;].\u201d. Assim, as demais est\u00e3o incorretas, porque, n\u00e3o dissolvida a sociedade, esta prorroga-se, automaticamente, por prazo indeterminado, n\u00e3o havendo transmuda\u00e7\u00e3o do regime de sociedade dos s\u00f3cios, j\u00e1 que n\u00e3o se trata de sociedade irregular. J\u00e1, quanto ao liquidante, este ser\u00e1 o definido no contrato social ou, na sua falta, por delibera\u00e7\u00e3o dos s\u00f3cios, conforme o <em>caput<\/em>, do art. 1.038, do CC: \u201cSe n\u00e3o estiver designado no contrato social, o liquidante ser\u00e1 eleito por delibera\u00e7\u00e3o dos s\u00f3cios, podendo a escolha recair em pessoa estranha \u00e0 sociedade.\u201d.<\/p>\n\n\n\n<p class=\"has-text-align-center\"><em>Se o seu sonho \u00e9 se tornar Advogado, Juiz, Promotor, Procurador ou Delegado, comece pelo <strong><a href=\"https:\/\/oab.estrategia.com\/\" target=\"_blank\" >primeiro passo: conquistar a OAB<\/a>. <\/strong>Estude de forma estrat\u00e9gica com o curso que mais aprova e transforme seu sonho em realidade com o <strong><a href=\"https:\/\/oab.estrategia.com\/\" target=\"_blank\" >Estrat\u00e9gia OAB<\/a><\/strong><\/em>.<\/p>\n\n\n\n<div class=\"wp-block-cover\" style=\"min-height:145px;aspect-ratio:unset;\"><span aria-hidden=\"true\" class=\"wp-block-cover__background has-background-dim\"><\/span><img decoding=\"async\" width=\"1024\" height=\"190\" class=\"wp-block-cover__image-background wp-image-2272\" alt=\"\" src=\"https:\/\/oab.estrategia.com\/portal\/wp-content\/uploads\/2022\/08\/19111944\/assinatura-oab-banner-exame-de-ordem-oab-assinatura-curso-oab-1024x190.jpg\" style=\"object-position:58% 29%\" data-object-fit=\"cover\" data-object-position=\"58% 29%\" srcset=\"https:\/\/oab.estrategia.com\/portal\/wp-content\/uploads\/2022\/08\/19111944\/assinatura-oab-banner-exame-de-ordem-oab-assinatura-curso-oab-1024x190.jpg 1024w, https:\/\/oab.estrategia.com\/portal\/wp-content\/uploads\/2022\/08\/19111944\/assinatura-oab-banner-exame-de-ordem-oab-assinatura-curso-oab-300x56.jpg 300w, https:\/\/oab.estrategia.com\/portal\/wp-content\/uploads\/2022\/08\/19111944\/assinatura-oab-banner-exame-de-ordem-oab-assinatura-curso-oab-768x143.jpg 768w, https:\/\/oab.estrategia.com\/portal\/wp-content\/uploads\/2022\/08\/19111944\/assinatura-oab-banner-exame-de-ordem-oab-assinatura-curso-oab-1536x285.jpg 1536w, https:\/\/oab.estrategia.com\/portal\/wp-content\/uploads\/2022\/08\/19111944\/assinatura-oab-banner-exame-de-ordem-oab-assinatura-curso-oab-380x71.jpg 380w, https:\/\/oab.estrategia.com\/portal\/wp-content\/uploads\/2022\/08\/19111944\/assinatura-oab-banner-exame-de-ordem-oab-assinatura-curso-oab-800x149.jpg 800w, https:\/\/oab.estrategia.com\/portal\/wp-content\/uploads\/2022\/08\/19111944\/assinatura-oab-banner-exame-de-ordem-oab-assinatura-curso-oab-1160x215.jpg 1160w, https:\/\/oab.estrategia.com\/portal\/wp-content\/uploads\/2022\/08\/19111944\/assinatura-oab-banner-exame-de-ordem-oab-assinatura-curso-oab-150x28.jpg 150w, https:\/\/oab.estrategia.com\/portal\/wp-content\/uploads\/2022\/08\/19111944\/assinatura-oab-banner-exame-de-ordem-oab-assinatura-curso-oab.jpg 1890w\" sizes=\"(max-width: 1024px) 100vw, 1024px\" \/><div class=\"wp-block-cover__inner-container is-layout-flow wp-block-cover-is-layout-flow\">\n<h3 id=\"assinatura-oab\" class=\"titulo-assinatura\">Assinatura OAB<\/h3>\n<p class=\"subtitulo-assinatura\" style=\"display:block!important; line-height: 0;\">Conte\u00fado completo para a 1\u00aa e 2\u00aa fase da OAB.<\/p>\n<a target=\"_blank\" href=\"https:\/\/oab.estrategia.com\/curso\/assinatura-oab\/\" rel=\"noopener\"><button style=\"border-radius: 10px; text-transform: capitalize;\">Acessar<\/button><\/a>\n<\/div><\/div>\n\n\n\n<h4 class=\"wp-block-heading has-text-align-center\" id=\"h-conteudos-exclusivos-e-atualizacoes-em-tempo-real-siga-nossas-redes-e-esteja-sempre-um-passo-a-frente\"><span id=\"conteudos-exclusivos-e-atualizacoes-em-tempo-realsiga-nossas-redes-e-esteja-sempre-um-passo-a-frente\">Conte\u00fados exclusivos e atualiza\u00e7\u00f5es em tempo real?<br>Siga nossas redes e esteja sempre um passo \u00e0 frente!<\/span><\/h4>\n\n\n\n<ul class=\"wp-block-social-links has-normal-icon-size has-visible-labels is-horizontal is-content-justification-center is-layout-flex wp-container-core-social-links-is-layout-499968f5 wp-block-social-links-is-layout-flex\"><li class=\"wp-social-link wp-social-link-facebook  wp-block-social-link\"><a rel=\"noopener nofollow\" target=\"_blank\" href=\"https:\/\/www.facebook.com\/oabestrategia?locale=pt_BR\" class=\"wp-block-social-link-anchor\"><svg width=\"24\" height=\"24\" viewBox=\"0 0 24 24\" version=\"1.1\" xmlns=\"http:\/\/www.w3.org\/2000\/svg\" aria-hidden=\"true\" focusable=\"false\"><path d=\"M12 2C6.5 2 2 6.5 2 12c0 5 3.7 9.1 8.4 9.9v-7H7.9V12h2.5V9.8c0-2.5 1.5-3.9 3.8-3.9 1.1 0 2.2.2 2.2.2v2.5h-1.3c-1.2 0-1.6.8-1.6 1.6V12h2.8l-.4 2.9h-2.3v7C18.3 21.1 22 17 22 12c0-5.5-4.5-10-10-10z\"><\/path><\/svg><span class=\"wp-block-social-link-label\">Facebook<\/span><\/a><\/li>\n\n<li class=\"wp-social-link wp-social-link-instagram  wp-block-social-link\"><a rel=\"noopener nofollow\" target=\"_blank\" href=\"https:\/\/www.instagram.com\/estrategiaoab\/\" class=\"wp-block-social-link-anchor\"><svg width=\"24\" height=\"24\" viewBox=\"0 0 24 24\" version=\"1.1\" xmlns=\"http:\/\/www.w3.org\/2000\/svg\" aria-hidden=\"true\" focusable=\"false\"><path d=\"M12,4.622c2.403,0,2.688,0.009,3.637,0.052c0.877,0.04,1.354,0.187,1.671,0.31c0.42,0.163,0.72,0.358,1.035,0.673 c0.315,0.315,0.51,0.615,0.673,1.035c0.123,0.317,0.27,0.794,0.31,1.671c0.043,0.949,0.052,1.234,0.052,3.637 s-0.009,2.688-0.052,3.637c-0.04,0.877-0.187,1.354-0.31,1.671c-0.163,0.42-0.358,0.72-0.673,1.035 c-0.315,0.315-0.615,0.51-1.035,0.673c-0.317,0.123-0.794,0.27-1.671,0.31c-0.949,0.043-1.233,0.052-3.637,0.052 s-2.688-0.009-3.637-0.052c-0.877-0.04-1.354-0.187-1.671-0.31c-0.42-0.163-0.72-0.358-1.035-0.673 c-0.315-0.315-0.51-0.615-0.673-1.035c-0.123-0.317-0.27-0.794-0.31-1.671C4.631,14.688,4.622,14.403,4.622,12 s0.009-2.688,0.052-3.637c0.04-0.877,0.187-1.354,0.31-1.671c0.163-0.42,0.358-0.72,0.673-1.035 c0.315-0.315,0.615-0.51,1.035-0.673c0.317-0.123,0.794-0.27,1.671-0.31C9.312,4.631,9.597,4.622,12,4.622 M12,3 C9.556,3,9.249,3.01,8.289,3.054C7.331,3.098,6.677,3.25,6.105,3.472C5.513,3.702,5.011,4.01,4.511,4.511 c-0.5,0.5-0.808,1.002-1.038,1.594C3.25,6.677,3.098,7.331,3.054,8.289C3.01,9.249,3,9.556,3,12c0,2.444,0.01,2.751,0.054,3.711 c0.044,0.958,0.196,1.612,0.418,2.185c0.23,0.592,0.538,1.094,1.038,1.594c0.5,0.5,1.002,0.808,1.594,1.038 c0.572,0.222,1.227,0.375,2.185,0.418C9.249,20.99,9.556,21,12,21s2.751-0.01,3.711-0.054c0.958-0.044,1.612-0.196,2.185-0.418 c0.592-0.23,1.094-0.538,1.594-1.038c0.5-0.5,0.808-1.002,1.038-1.594c0.222-0.572,0.375-1.227,0.418-2.185 C20.99,14.751,21,14.444,21,12s-0.01-2.751-0.054-3.711c-0.044-0.958-0.196-1.612-0.418-2.185c-0.23-0.592-0.538-1.094-1.038-1.594 c-0.5-0.5-1.002-0.808-1.594-1.038c-0.572-0.222-1.227-0.375-2.185-0.418C14.751,3.01,14.444,3,12,3L12,3z M12,7.378 c-2.552,0-4.622,2.069-4.622,4.622S9.448,16.622,12,16.622s4.622-2.069,4.622-4.622S14.552,7.378,12,7.378z M12,15 c-1.657,0-3-1.343-3-3s1.343-3,3-3s3,1.343,3,3S13.657,15,12,15z M16.804,6.116c-0.596,0-1.08,0.484-1.08,1.08 s0.484,1.08,1.08,1.08c0.596,0,1.08-0.484,1.08-1.08S17.401,6.116,16.804,6.116z\"><\/path><\/svg><span class=\"wp-block-social-link-label\">Instagram<\/span><\/a><\/li>\n\n<li class=\"wp-social-link wp-social-link-youtube  wp-block-social-link\"><a rel=\"noopener nofollow\" target=\"_blank\" href=\"https:\/\/www.youtube.com\/channel\/UC7rgrKTSF5aOrBGWOw60ovw\" class=\"wp-block-social-link-anchor\"><svg width=\"24\" height=\"24\" viewBox=\"0 0 24 24\" version=\"1.1\" xmlns=\"http:\/\/www.w3.org\/2000\/svg\" aria-hidden=\"true\" focusable=\"false\"><path d=\"M21.8,8.001c0,0-0.195-1.378-0.795-1.985c-0.76-0.797-1.613-0.801-2.004-0.847c-2.799-0.202-6.997-0.202-6.997-0.202 h-0.009c0,0-4.198,0-6.997,0.202C4.608,5.216,3.756,5.22,2.995,6.016C2.395,6.623,2.2,8.001,2.2,8.001S2,9.62,2,11.238v1.517 c0,1.618,0.2,3.237,0.2,3.237s0.195,1.378,0.795,1.985c0.761,0.797,1.76,0.771,2.205,0.855c1.6,0.153,6.8,0.201,6.8,0.201 s4.203-0.006,7.001-0.209c0.391-0.047,1.243-0.051,2.004-0.847c0.6-0.607,0.795-1.985,0.795-1.985s0.2-1.618,0.2-3.237v-1.517 C22,9.62,21.8,8.001,21.8,8.001z M9.935,14.594l-0.001-5.62l5.404,2.82L9.935,14.594z\"><\/path><\/svg><span class=\"wp-block-social-link-label\">Youtube<\/span><\/a><\/li>\n\n<li class=\"wp-social-link wp-social-link-telegram  wp-block-social-link\"><a rel=\"noopener nofollow\" target=\"_blank\" href=\"https:\/\/t.me\/transmissaoEstrategiaOAB\" class=\"wp-block-social-link-anchor\"><svg width=\"24\" height=\"24\" viewBox=\"0 0 128 128\" version=\"1.1\" xmlns=\"http:\/\/www.w3.org\/2000\/svg\" aria-hidden=\"true\" focusable=\"false\"><path d=\"M28.9700376,63.3244248 C47.6273373,55.1957357 60.0684594,49.8368063 66.2934036,47.2476366 C84.0668845,39.855031 87.7600616,38.5708563 90.1672227,38.528 C90.6966555,38.5191258 91.8804274,38.6503351 92.6472251,39.2725385 C93.294694,39.7979149 93.4728387,40.5076237 93.5580865,41.0057381 C93.6433345,41.5038525 93.7494885,42.63857 93.6651041,43.5252052 C92.7019529,53.6451182 88.5344133,78.2034783 86.4142057,89.5379542 C85.5170662,94.3339958 83.750571,95.9420841 82.0403991,96.0994568 C78.3237996,96.4414641 75.5015827,93.6432685 71.9018743,91.2836143 C66.2690414,87.5912212 63.0868492,85.2926952 57.6192095,81.6896017 C51.3004058,77.5256038 55.3966232,75.2369981 58.9976911,71.4967761 C59.9401076,70.5179421 76.3155302,55.6232293 76.6324771,54.2720454 C76.6721165,54.1030573 76.7089039,53.4731496 76.3346867,53.1405352 C75.9604695,52.8079208 75.4081573,52.921662 75.0095933,53.0121213 C74.444641,53.1403447 65.4461175,59.0880351 48.0140228,70.8551922 C45.4598218,72.6091037 43.1463059,73.4636682 41.0734751,73.4188859 C38.7883453,73.3695169 34.3926725,72.1268388 31.1249416,71.0646282 C27.1169366,69.7617838 23.931454,69.0729605 24.208838,66.8603276 C24.3533167,65.7078514 25.9403832,64.5292172 28.9700376,63.3244248 Z\" \/><\/svg><span class=\"wp-block-social-link-label\">Telegram<\/span><\/a><\/li>\n\n<li class=\"wp-social-link wp-social-link-whatsapp  wp-block-social-link\"><a rel=\"noopener nofollow\" target=\"_blank\" href=\"https:\/\/chat.whatsapp.com\/GVIH7MrkoVAGyAxc6MuwWf\" class=\"wp-block-social-link-anchor\"><svg width=\"24\" height=\"24\" viewBox=\"0 0 24 24\" version=\"1.1\" xmlns=\"http:\/\/www.w3.org\/2000\/svg\" aria-hidden=\"true\" focusable=\"false\"><path d=\"M 12.011719 2 C 6.5057187 2 2.0234844 6.478375 2.0214844 11.984375 C 2.0204844 13.744375 2.4814687 15.462563 3.3554688 16.976562 L 2 22 L 7.2324219 20.763672 C 8.6914219 21.559672 10.333859 21.977516 12.005859 21.978516 L 12.009766 21.978516 C 17.514766 21.978516 21.995047 17.499141 21.998047 11.994141 C 22.000047 9.3251406 20.962172 6.8157344 19.076172 4.9277344 C 17.190172 3.0407344 14.683719 2.001 12.011719 2 z M 12.009766 4 C 14.145766 4.001 16.153109 4.8337969 17.662109 6.3417969 C 19.171109 7.8517969 20.000047 9.8581875 19.998047 11.992188 C 19.996047 16.396187 16.413812 19.978516 12.007812 19.978516 C 10.674812 19.977516 9.3544062 19.642812 8.1914062 19.007812 L 7.5175781 18.640625 L 6.7734375 18.816406 L 4.8046875 19.28125 L 5.2851562 17.496094 L 5.5019531 16.695312 L 5.0878906 15.976562 C 4.3898906 14.768562 4.0204844 13.387375 4.0214844 11.984375 C 4.0234844 7.582375 7.6067656 4 12.009766 4 z M 8.4765625 7.375 C 8.3095625 7.375 8.0395469 7.4375 7.8105469 7.6875 C 7.5815469 7.9365 6.9355469 8.5395781 6.9355469 9.7675781 C 6.9355469 10.995578 7.8300781 12.182609 7.9550781 12.349609 C 8.0790781 12.515609 9.68175 15.115234 12.21875 16.115234 C 14.32675 16.946234 14.754891 16.782234 15.212891 16.740234 C 15.670891 16.699234 16.690438 16.137687 16.898438 15.554688 C 17.106437 14.971687 17.106922 14.470187 17.044922 14.367188 C 16.982922 14.263188 16.816406 14.201172 16.566406 14.076172 C 16.317406 13.951172 15.090328 13.348625 14.861328 13.265625 C 14.632328 13.182625 14.464828 13.140625 14.298828 13.390625 C 14.132828 13.640625 13.655766 14.201187 13.509766 14.367188 C 13.363766 14.534188 13.21875 14.556641 12.96875 14.431641 C 12.71875 14.305641 11.914938 14.041406 10.960938 13.191406 C 10.218937 12.530406 9.7182656 11.714844 9.5722656 11.464844 C 9.4272656 11.215844 9.5585938 11.079078 9.6835938 10.955078 C 9.7955938 10.843078 9.9316406 10.663578 10.056641 10.517578 C 10.180641 10.371578 10.223641 10.267562 10.306641 10.101562 C 10.389641 9.9355625 10.347156 9.7890625 10.285156 9.6640625 C 10.223156 9.5390625 9.737625 8.3065 9.515625 7.8125 C 9.328625 7.3975 9.131125 7.3878594 8.953125 7.3808594 C 8.808125 7.3748594 8.6425625 7.375 8.4765625 7.375 z\"><\/path><\/svg><span class=\"wp-block-social-link-label\">WhatsApp<\/span><\/a><\/li><\/ul>\n\n\n\n<p><\/p>\n","protected":false},"excerpt":{"rendered":"Ol\u00e1, futuro Advogado(a), tudo certo?! Em 27\/04\/2025, foi aplicada a prova da primeira fase do 43\u00ba Exame da&hellip;\n","protected":false},"author":117,"featured_media":12852,"comment_status":"open","ping_status":"open","sticky":false,"template":"","format":"standard","meta":{"_jetpack_memberships_contains_paid_content":false,"footnotes":""},"categories":[30,36],"tags":[],"class_list":{"0":"post-17726","1":"post","2":"type-post","3":"status-publish","4":"format-standard","5":"has-post-thumbnail","7":"category-1a-fase-oab","8":"category-gabarito-oab"},"acf":[],"yoast_head":"<!-- This site is optimized with the Yoast SEO Premium plugin v26.2 (Yoast SEO v27.4) - https:\/\/yoast.com\/product\/yoast-seo-premium-wordpress\/ -->\n<title>Prova comentada OAB 43\u00ba exame: Direito Empresarial<\/title>\n<meta name=\"description\" content=\"Confira agora mesmo a Prova comentada OAB 43\u00ba exame de Direito Empresarial elaborada pelo nosso time de especialistas em aprova\u00e7\u00e3o OAB!\" \/>\n<meta name=\"robots\" content=\"index, follow, max-snippet:-1, max-image-preview:large, max-video-preview:-1\" \/>\n<link rel=\"canonical\" href=\"https:\/\/oab.estrategia.com\/portal\/prova-comentada-oab-43-exame-direito-empresarial\/\" \/>\n<meta property=\"og:locale\" content=\"pt_BR\" \/>\n<meta property=\"og:type\" content=\"article\" \/>\n<meta property=\"og:title\" content=\"Prova comentada OAB 43\u00ba exame: Direito Empresarial\" \/>\n<meta property=\"og:description\" content=\"Confira agora mesmo a Prova comentada OAB 43\u00ba exame de Direito Empresarial elaborada pelo nosso time de especialistas em aprova\u00e7\u00e3o OAB!\" \/>\n<meta property=\"og:url\" content=\"https:\/\/oab.estrategia.com\/portal\/prova-comentada-oab-43-exame-direito-empresarial\/\" \/>\n<meta property=\"og:site_name\" content=\"Blog - OAB - Estrat\u00e9gia\" \/>\n<meta property=\"article:publisher\" content=\"https:\/\/www.facebook.com\/estrategiaoab\/\" \/>\n<meta property=\"article:published_time\" content=\"2025-04-28T23:01:52+00:00\" \/>\n<meta property=\"article:modified_time\" content=\"2025-04-29T18:32:42+00:00\" \/>\n<meta property=\"og:image\" content=\"https:\/\/oab.estrategia.com\/portal\/portal\/wp-content\/uploads\/2024\/09\/05095354\/image-1-1.png\" \/>\n\t<meta property=\"og:image:width\" content=\"745\" \/>\n\t<meta property=\"og:image:height\" content=\"417\" \/>\n\t<meta property=\"og:image:type\" content=\"image\/png\" \/>\n<meta name=\"author\" content=\"Priscila Bonomi\" \/>\n<meta name=\"twitter:card\" content=\"summary_large_image\" \/>\n<meta name=\"twitter:creator\" content=\"@estrategiaoab\" \/>\n<meta name=\"twitter:site\" content=\"@estrategiaoab\" \/>\n<meta name=\"twitter:label1\" content=\"Escrito por\" \/>\n\t<meta name=\"twitter:data1\" content=\"Priscila Bonomi\" \/>\n\t<meta name=\"twitter:label2\" content=\"Est. tempo de leitura\" \/>\n\t<meta name=\"twitter:data2\" content=\"20 minutos\" \/>\n<script type=\"application\/ld+json\" class=\"yoast-schema-graph\">{\"@context\":\"https:\\\/\\\/schema.org\",\"@graph\":[{\"@type\":\"Article\",\"@id\":\"https:\\\/\\\/oab.estrategia.com\\\/portal\\\/prova-comentada-oab-43-exame-direito-empresarial\\\/#article\",\"isPartOf\":{\"@id\":\"https:\\\/\\\/oab.estrategia.com\\\/portal\\\/prova-comentada-oab-43-exame-direito-empresarial\\\/\"},\"author\":{\"name\":\"Priscila Bonomi\",\"@id\":\"https:\\\/\\\/oab.estrategia.com\\\/portal\\\/#\\\/schema\\\/person\\\/74fa7e131ce7fd0199e3ef003d93dd2a\"},\"headline\":\"Prova comentada OAB 43\u00ba exame: Direito Empresarial\",\"datePublished\":\"2025-04-28T23:01:52+00:00\",\"dateModified\":\"2025-04-29T18:32:42+00:00\",\"mainEntityOfPage\":{\"@id\":\"https:\\\/\\\/oab.estrategia.com\\\/portal\\\/prova-comentada-oab-43-exame-direito-empresarial\\\/\"},\"wordCount\":2004,\"commentCount\":0,\"publisher\":{\"@id\":\"https:\\\/\\\/oab.estrategia.com\\\/portal\\\/#organization\"},\"image\":{\"@id\":\"https:\\\/\\\/oab.estrategia.com\\\/portal\\\/prova-comentada-oab-43-exame-direito-empresarial\\\/#primaryimage\"},\"thumbnailUrl\":\"https:\\\/\\\/oab.estrategia.com\\\/portal\\\/wp-content\\\/uploads\\\/2024\\\/09\\\/05095354\\\/image-1-1.png\",\"articleSection\":[\"1\u00aa Fase OAB\",\"Gabaritos OAB\"],\"inLanguage\":\"pt-BR\",\"potentialAction\":[{\"@type\":\"CommentAction\",\"name\":\"Comment\",\"target\":[\"https:\\\/\\\/oab.estrategia.com\\\/portal\\\/prova-comentada-oab-43-exame-direito-empresarial\\\/#respond\"]}]},{\"@type\":\"WebPage\",\"@id\":\"https:\\\/\\\/oab.estrategia.com\\\/portal\\\/prova-comentada-oab-43-exame-direito-empresarial\\\/\",\"url\":\"https:\\\/\\\/oab.estrategia.com\\\/portal\\\/prova-comentada-oab-43-exame-direito-empresarial\\\/\",\"name\":\"Prova comentada OAB 43\u00ba exame: Direito Empresarial\",\"isPartOf\":{\"@id\":\"https:\\\/\\\/oab.estrategia.com\\\/portal\\\/#website\"},\"primaryImageOfPage\":{\"@id\":\"https:\\\/\\\/oab.estrategia.com\\\/portal\\\/prova-comentada-oab-43-exame-direito-empresarial\\\/#primaryimage\"},\"image\":{\"@id\":\"https:\\\/\\\/oab.estrategia.com\\\/portal\\\/prova-comentada-oab-43-exame-direito-empresarial\\\/#primaryimage\"},\"thumbnailUrl\":\"https:\\\/\\\/oab.estrategia.com\\\/portal\\\/wp-content\\\/uploads\\\/2024\\\/09\\\/05095354\\\/image-1-1.png\",\"datePublished\":\"2025-04-28T23:01:52+00:00\",\"dateModified\":\"2025-04-29T18:32:42+00:00\",\"description\":\"Confira agora mesmo a Prova comentada OAB 43\u00ba exame de Direito Empresarial elaborada pelo nosso time de especialistas em aprova\u00e7\u00e3o OAB!\",\"breadcrumb\":{\"@id\":\"https:\\\/\\\/oab.estrategia.com\\\/portal\\\/prova-comentada-oab-43-exame-direito-empresarial\\\/#breadcrumb\"},\"inLanguage\":\"pt-BR\",\"potentialAction\":[{\"@type\":\"ReadAction\",\"target\":[\"https:\\\/\\\/oab.estrategia.com\\\/portal\\\/prova-comentada-oab-43-exame-direito-empresarial\\\/\"]}]},{\"@type\":\"ImageObject\",\"inLanguage\":\"pt-BR\",\"@id\":\"https:\\\/\\\/oab.estrategia.com\\\/portal\\\/prova-comentada-oab-43-exame-direito-empresarial\\\/#primaryimage\",\"url\":\"https:\\\/\\\/oab.estrategia.com\\\/portal\\\/wp-content\\\/uploads\\\/2024\\\/09\\\/05095354\\\/image-1-1.png\",\"contentUrl\":\"https:\\\/\\\/oab.estrategia.com\\\/portal\\\/wp-content\\\/uploads\\\/2024\\\/09\\\/05095354\\\/image-1-1.png\",\"width\":745,\"height\":417},{\"@type\":\"BreadcrumbList\",\"@id\":\"https:\\\/\\\/oab.estrategia.com\\\/portal\\\/prova-comentada-oab-43-exame-direito-empresarial\\\/#breadcrumb\",\"itemListElement\":[{\"@type\":\"ListItem\",\"position\":1,\"name\":\"In\u00edcio\",\"item\":\"https:\\\/\\\/oab.estrategia.com\\\/portal\\\/\"},{\"@type\":\"ListItem\",\"position\":2,\"name\":\"Prova comentada OAB 43\u00ba exame: Direito Empresarial\"}]},{\"@type\":\"WebSite\",\"@id\":\"https:\\\/\\\/oab.estrategia.com\\\/portal\\\/#website\",\"url\":\"https:\\\/\\\/oab.estrategia.com\\\/portal\\\/\",\"name\":\"Blog - OAB - Estrat\u00e9gia\",\"description\":\"Blog OAB - Estrat\u00e9gia Concursos\",\"publisher\":{\"@id\":\"https:\\\/\\\/oab.estrategia.com\\\/portal\\\/#organization\"},\"potentialAction\":[{\"@type\":\"SearchAction\",\"target\":{\"@type\":\"EntryPoint\",\"urlTemplate\":\"https:\\\/\\\/oab.estrategia.com\\\/portal\\\/?s={search_term_string}\"},\"query-input\":{\"@type\":\"PropertyValueSpecification\",\"valueRequired\":true,\"valueName\":\"search_term_string\"}}],\"inLanguage\":\"pt-BR\"},{\"@type\":\"Organization\",\"@id\":\"https:\\\/\\\/oab.estrategia.com\\\/portal\\\/#organization\",\"name\":\"Estrat\u00e9gia Concursos\",\"url\":\"https:\\\/\\\/oab.estrategia.com\\\/portal\\\/\",\"logo\":{\"@type\":\"ImageObject\",\"inLanguage\":\"pt-BR\",\"@id\":\"https:\\\/\\\/oab.estrategia.com\\\/portal\\\/#\\\/schema\\\/logo\\\/image\\\/\",\"url\":\"https:\\\/\\\/oab.estrategia.com\\\/portal\\\/wp-content\\\/uploads\\\/2022\\\/04\\\/06103601\\\/oab-icone-2.png\",\"contentUrl\":\"https:\\\/\\\/oab.estrategia.com\\\/portal\\\/wp-content\\\/uploads\\\/2022\\\/04\\\/06103601\\\/oab-icone-2.png\",\"width\":900,\"height\":900,\"caption\":\"Estrat\u00e9gia Concursos\"},\"image\":{\"@id\":\"https:\\\/\\\/oab.estrategia.com\\\/portal\\\/#\\\/schema\\\/logo\\\/image\\\/\"},\"sameAs\":[\"https:\\\/\\\/www.facebook.com\\\/estrategiaoab\\\/\",\"https:\\\/\\\/x.com\\\/estrategiaoab\",\"https:\\\/\\\/www.instagram.com\\\/estrategiaoab\\\/\",\"https:\\\/\\\/www.youtube.com\\\/EstrategiaOAB\"]},{\"@type\":\"Person\",\"@id\":\"https:\\\/\\\/oab.estrategia.com\\\/portal\\\/#\\\/schema\\\/person\\\/74fa7e131ce7fd0199e3ef003d93dd2a\",\"name\":\"Priscila Bonomi\",\"image\":{\"@type\":\"ImageObject\",\"inLanguage\":\"pt-BR\",\"@id\":\"https:\\\/\\\/oab.estrategia.com\\\/portal\\\/wp-content\\\/uploads\\\/2025\\\/05\\\/05144855\\\/Imagem-do-WhatsApp-de-2025-05-05-as-14.47.57_b98168e4-96x96.jpg\",\"url\":\"https:\\\/\\\/oab.estrategia.com\\\/portal\\\/wp-content\\\/uploads\\\/2025\\\/05\\\/05144855\\\/Imagem-do-WhatsApp-de-2025-05-05-as-14.47.57_b98168e4-96x96.jpg\",\"contentUrl\":\"https:\\\/\\\/oab.estrategia.com\\\/portal\\\/wp-content\\\/uploads\\\/2025\\\/05\\\/05144855\\\/Imagem-do-WhatsApp-de-2025-05-05-as-14.47.57_b98168e4-96x96.jpg\",\"caption\":\"Priscila Bonomi\"},\"url\":\"https:\\\/\\\/oab.estrategia.com\\\/portal\\\/author\\\/priscila-bonomi\\\/\"}]}<\/script>\n<!-- \/ Yoast SEO Premium plugin. -->","yoast_head_json":{"title":"Prova comentada OAB 43\u00ba exame: Direito Empresarial","description":"Confira agora mesmo a Prova comentada OAB 43\u00ba exame de Direito Empresarial elaborada pelo nosso time de especialistas em aprova\u00e7\u00e3o OAB!","robots":{"index":"index","follow":"follow","max-snippet":"max-snippet:-1","max-image-preview":"max-image-preview:large","max-video-preview":"max-video-preview:-1"},"canonical":"https:\/\/oab.estrategia.com\/portal\/prova-comentada-oab-43-exame-direito-empresarial\/","og_locale":"pt_BR","og_type":"article","og_title":"Prova comentada OAB 43\u00ba exame: Direito Empresarial","og_description":"Confira agora mesmo a Prova comentada OAB 43\u00ba exame de Direito Empresarial elaborada pelo nosso time de especialistas em aprova\u00e7\u00e3o OAB!","og_url":"https:\/\/oab.estrategia.com\/portal\/prova-comentada-oab-43-exame-direito-empresarial\/","og_site_name":"Blog - OAB - Estrat\u00e9gia","article_publisher":"https:\/\/www.facebook.com\/estrategiaoab\/","article_published_time":"2025-04-28T23:01:52+00:00","article_modified_time":"2025-04-29T18:32:42+00:00","og_image":[{"width":745,"height":417,"url":"https:\/\/oab.estrategia.com\/portal\/portal\/wp-content\/uploads\/2024\/09\/05095354\/image-1-1.png","type":"image\/png"}],"author":"Priscila Bonomi","twitter_card":"summary_large_image","twitter_creator":"@estrategiaoab","twitter_site":"@estrategiaoab","twitter_misc":{"Escrito por":"Priscila Bonomi","Est. tempo de leitura":"20 minutos"},"schema":{"@context":"https:\/\/schema.org","@graph":[{"@type":"Article","@id":"https:\/\/oab.estrategia.com\/portal\/prova-comentada-oab-43-exame-direito-empresarial\/#article","isPartOf":{"@id":"https:\/\/oab.estrategia.com\/portal\/prova-comentada-oab-43-exame-direito-empresarial\/"},"author":{"name":"Priscila Bonomi","@id":"https:\/\/oab.estrategia.com\/portal\/#\/schema\/person\/74fa7e131ce7fd0199e3ef003d93dd2a"},"headline":"Prova comentada OAB 43\u00ba exame: Direito Empresarial","datePublished":"2025-04-28T23:01:52+00:00","dateModified":"2025-04-29T18:32:42+00:00","mainEntityOfPage":{"@id":"https:\/\/oab.estrategia.com\/portal\/prova-comentada-oab-43-exame-direito-empresarial\/"},"wordCount":2004,"commentCount":0,"publisher":{"@id":"https:\/\/oab.estrategia.com\/portal\/#organization"},"image":{"@id":"https:\/\/oab.estrategia.com\/portal\/prova-comentada-oab-43-exame-direito-empresarial\/#primaryimage"},"thumbnailUrl":"https:\/\/oab.estrategia.com\/portal\/wp-content\/uploads\/2024\/09\/05095354\/image-1-1.png","articleSection":["1\u00aa Fase OAB","Gabaritos OAB"],"inLanguage":"pt-BR","potentialAction":[{"@type":"CommentAction","name":"Comment","target":["https:\/\/oab.estrategia.com\/portal\/prova-comentada-oab-43-exame-direito-empresarial\/#respond"]}]},{"@type":"WebPage","@id":"https:\/\/oab.estrategia.com\/portal\/prova-comentada-oab-43-exame-direito-empresarial\/","url":"https:\/\/oab.estrategia.com\/portal\/prova-comentada-oab-43-exame-direito-empresarial\/","name":"Prova comentada OAB 43\u00ba exame: Direito Empresarial","isPartOf":{"@id":"https:\/\/oab.estrategia.com\/portal\/#website"},"primaryImageOfPage":{"@id":"https:\/\/oab.estrategia.com\/portal\/prova-comentada-oab-43-exame-direito-empresarial\/#primaryimage"},"image":{"@id":"https:\/\/oab.estrategia.com\/portal\/prova-comentada-oab-43-exame-direito-empresarial\/#primaryimage"},"thumbnailUrl":"https:\/\/oab.estrategia.com\/portal\/wp-content\/uploads\/2024\/09\/05095354\/image-1-1.png","datePublished":"2025-04-28T23:01:52+00:00","dateModified":"2025-04-29T18:32:42+00:00","description":"Confira agora mesmo a Prova comentada OAB 43\u00ba exame de Direito Empresarial elaborada pelo nosso time de especialistas em aprova\u00e7\u00e3o OAB!","breadcrumb":{"@id":"https:\/\/oab.estrategia.com\/portal\/prova-comentada-oab-43-exame-direito-empresarial\/#breadcrumb"},"inLanguage":"pt-BR","potentialAction":[{"@type":"ReadAction","target":["https:\/\/oab.estrategia.com\/portal\/prova-comentada-oab-43-exame-direito-empresarial\/"]}]},{"@type":"ImageObject","inLanguage":"pt-BR","@id":"https:\/\/oab.estrategia.com\/portal\/prova-comentada-oab-43-exame-direito-empresarial\/#primaryimage","url":"https:\/\/oab.estrategia.com\/portal\/wp-content\/uploads\/2024\/09\/05095354\/image-1-1.png","contentUrl":"https:\/\/oab.estrategia.com\/portal\/wp-content\/uploads\/2024\/09\/05095354\/image-1-1.png","width":745,"height":417},{"@type":"BreadcrumbList","@id":"https:\/\/oab.estrategia.com\/portal\/prova-comentada-oab-43-exame-direito-empresarial\/#breadcrumb","itemListElement":[{"@type":"ListItem","position":1,"name":"In\u00edcio","item":"https:\/\/oab.estrategia.com\/portal\/"},{"@type":"ListItem","position":2,"name":"Prova comentada OAB 43\u00ba exame: Direito Empresarial"}]},{"@type":"WebSite","@id":"https:\/\/oab.estrategia.com\/portal\/#website","url":"https:\/\/oab.estrategia.com\/portal\/","name":"Blog - OAB - Estrat\u00e9gia","description":"Blog OAB - Estrat\u00e9gia Concursos","publisher":{"@id":"https:\/\/oab.estrategia.com\/portal\/#organization"},"potentialAction":[{"@type":"SearchAction","target":{"@type":"EntryPoint","urlTemplate":"https:\/\/oab.estrategia.com\/portal\/?s={search_term_string}"},"query-input":{"@type":"PropertyValueSpecification","valueRequired":true,"valueName":"search_term_string"}}],"inLanguage":"pt-BR"},{"@type":"Organization","@id":"https:\/\/oab.estrategia.com\/portal\/#organization","name":"Estrat\u00e9gia Concursos","url":"https:\/\/oab.estrategia.com\/portal\/","logo":{"@type":"ImageObject","inLanguage":"pt-BR","@id":"https:\/\/oab.estrategia.com\/portal\/#\/schema\/logo\/image\/","url":"https:\/\/oab.estrategia.com\/portal\/wp-content\/uploads\/2022\/04\/06103601\/oab-icone-2.png","contentUrl":"https:\/\/oab.estrategia.com\/portal\/wp-content\/uploads\/2022\/04\/06103601\/oab-icone-2.png","width":900,"height":900,"caption":"Estrat\u00e9gia Concursos"},"image":{"@id":"https:\/\/oab.estrategia.com\/portal\/#\/schema\/logo\/image\/"},"sameAs":["https:\/\/www.facebook.com\/estrategiaoab\/","https:\/\/x.com\/estrategiaoab","https:\/\/www.instagram.com\/estrategiaoab\/","https:\/\/www.youtube.com\/EstrategiaOAB"]},{"@type":"Person","@id":"https:\/\/oab.estrategia.com\/portal\/#\/schema\/person\/74fa7e131ce7fd0199e3ef003d93dd2a","name":"Priscila Bonomi","image":{"@type":"ImageObject","inLanguage":"pt-BR","@id":"https:\/\/oab.estrategia.com\/portal\/wp-content\/uploads\/2025\/05\/05144855\/Imagem-do-WhatsApp-de-2025-05-05-as-14.47.57_b98168e4-96x96.jpg","url":"https:\/\/oab.estrategia.com\/portal\/wp-content\/uploads\/2025\/05\/05144855\/Imagem-do-WhatsApp-de-2025-05-05-as-14.47.57_b98168e4-96x96.jpg","contentUrl":"https:\/\/oab.estrategia.com\/portal\/wp-content\/uploads\/2025\/05\/05144855\/Imagem-do-WhatsApp-de-2025-05-05-as-14.47.57_b98168e4-96x96.jpg","caption":"Priscila Bonomi"},"url":"https:\/\/oab.estrategia.com\/portal\/author\/priscila-bonomi\/"}]}},"jetpack_featured_media_url":"https:\/\/oab.estrategia.com\/portal\/wp-content\/uploads\/2024\/09\/05095354\/image-1-1.png","jetpack_sharing_enabled":true,"_links":{"self":[{"href":"https:\/\/oab.estrategia.com\/portal\/wp-json\/wp\/v2\/posts\/17726","targetHints":{"allow":["GET"]}}],"collection":[{"href":"https:\/\/oab.estrategia.com\/portal\/wp-json\/wp\/v2\/posts"}],"about":[{"href":"https:\/\/oab.estrategia.com\/portal\/wp-json\/wp\/v2\/types\/post"}],"author":[{"embeddable":true,"href":"https:\/\/oab.estrategia.com\/portal\/wp-json\/wp\/v2\/users\/117"}],"replies":[{"embeddable":true,"href":"https:\/\/oab.estrategia.com\/portal\/wp-json\/wp\/v2\/comments?post=17726"}],"version-history":[{"count":4,"href":"https:\/\/oab.estrategia.com\/portal\/wp-json\/wp\/v2\/posts\/17726\/revisions"}],"predecessor-version":[{"id":17858,"href":"https:\/\/oab.estrategia.com\/portal\/wp-json\/wp\/v2\/posts\/17726\/revisions\/17858"}],"wp:featuredmedia":[{"embeddable":true,"href":"https:\/\/oab.estrategia.com\/portal\/wp-json\/wp\/v2\/media\/12852"}],"wp:attachment":[{"href":"https:\/\/oab.estrategia.com\/portal\/wp-json\/wp\/v2\/media?parent=17726"}],"wp:term":[{"taxonomy":"category","embeddable":true,"href":"https:\/\/oab.estrategia.com\/portal\/wp-json\/wp\/v2\/categories?post=17726"},{"taxonomy":"post_tag","embeddable":true,"href":"https:\/\/oab.estrategia.com\/portal\/wp-json\/wp\/v2\/tags?post=17726"}],"curies":[{"name":"wp","href":"https:\/\/api.w.org\/{rel}","templated":true}]}}