{"id":17727,"date":"2025-04-28T20:04:52","date_gmt":"2025-04-28T23:04:52","guid":{"rendered":"https:\/\/oab.estrategia.com\/portal\/?p=17727"},"modified":"2025-04-29T15:32:03","modified_gmt":"2025-04-29T18:32:03","slug":"prova-comentada-oab-43-exame-direito-processual-civil","status":"publish","type":"post","link":"https:\/\/oab.estrategia.com\/portal\/prova-comentada-oab-43-exame-direito-processual-civil\/","title":{"rendered":"Prova comentada OAB 43\u00ba exame: Direito Processual Civil"},"content":{"rendered":"<a id=\"cta-icon\" href=\"https:\/\/sndflw.com\/i\/1-fase-da-oab-grupo\" target=\"blank\" style=\"background:rgb(174,10,11)\">\n            <img decoding=\"async\" src=\"https:\/\/oab.estrategia.com\/portal\/wp-content\/uploads\/2023\/12\/07160715\/whatsapp_1385.webp\" alt=\"\" alt=\"whatsapp_1385\"><span > Acesse agora o Grupo de Estudos para 1\u00aa fase da OAB<\/span><\/a>\n\n\n<a id=\"cta-icon\" href=\"https:\/\/sndflw.com\/i\/2-fase-da-oab-grupo\" target=\"blank\" style=\"background:rgb(174,10,11)\">\n            <img decoding=\"async\" src=\"https:\/\/oab.estrategia.com\/portal\/wp-content\/uploads\/2023\/12\/07160715\/whatsapp_1385.webp\" alt=\"\" alt=\"whatsapp_1385\"><span > Acesse agora o grupo de estudos para a 2\u00aa fase da OAB! <\/span><\/a>\n\n\n\n<p>Ol\u00e1, futuro Advogado(a), tudo certo?!<\/p>\n\n\n\n<p>Em 27\/04\/2025, foi aplicada a prova da primeira fase do <strong>43\u00ba Exame da Ordem dos Advogados do Brasil<\/strong>. Assim que encerrada, nosso time de professores elaborou o gabarito extraoficial e analisou o gabarito oficial da FGV, os quais ser\u00e3o apresentados juntamente com a nossa <strong>PROVA COMENTADA<\/strong>.<\/p>\n\n\n\n<p>Este material visa a auxili\u00e1-los na aferi\u00e7\u00e3o das notas, elabora\u00e7\u00e3o de eventuais recursos, verifica\u00e7\u00e3o das chances de avan\u00e7o para fase discursiva, bem como na revis\u00e3o do conte\u00fado cobrado no certame.<\/p>\n\n\n\n<p>De modo complementar, elaboramos tamb\u00e9m um <a href=\"https:\/\/oab.estrategia.com\/cadernos-e-simulados\/cadernos\/dd888deb-9d9b-49b9-9b1d-254cfce14ec9\" target=\"_blank\" rel=\"noreferrer noopener nofollow\">caderno para nossos seguidores,<\/a> alunos ou n\u00e3o, observarem os coment\u00e1rios, e comentarem as quest\u00f5es da prova!<\/p>\n\n\n\n<p>Por fim, voc\u00eas poder\u00e3o acompanhar os eventos e cursos para a fase discursiva, bem como outras novidades envolvendo o Exame de Ordem no nosso canal do Youtube. Inscreva-se e ative as notifica\u00e7\u00f5es!<\/p>\n\n\n\n<p class=\"has-text-align-center has-very-light-gray-to-cyan-bluish-gray-gradient-background has-background\"><a href=\"https:\/\/www.youtube.com\/@EstrategiaOAB\"><strong>Estrat\u00e9gia OAB &#8211; YouTube<\/strong><\/a><\/p>\n\n\n\n<p>Esperamos que gostem do material e de todos os novos projetos que preparamos para que avancem rumo \u00e0 aprova\u00e7\u00e3o.<\/p>\n\n\n\n<p><em>Contem sempre conosco.<br>Yasmin Ushara,<br>Coordena\u00e7\u00e3o de Rodadas do Estrat\u00e9gia Carreiras Jur\u00eddicas.<\/em><\/p>\n\n\n\n<h3 class=\"wp-block-heading has-text-align-center has-very-light-gray-to-cyan-bluish-gray-gradient-background has-background\" id=\"h-confira-a-prova-comentada-de-todas-as-disciplinas-agora-mesmo\"><span id=\"confira-a-prova-comentada-de-todas-as-disciplinas-agora-mesmo\"><a href=\"https:\/\/oab.estrategia.com\/portal\/provas-comentadas-oab-43-exame-todas-as-materias\/\" target=\"_blank\" >Confira a prova comentada de todas as disciplinas agora mesmo!<\/a><\/span><\/h3>\n\n\n\n<h2 class=\"wp-block-heading\" id=\"h-direito-processual-civil\"><span id=\"direito-processual-civil\">Direito Processual Civil<\/span><\/h2>\n\n\n\n<p class=\"has-vivid-red-color has-text-color has-link-color wp-elements-991bd75419a1fa2cf47707a6b6abfe62\"><strong>QUEST\u00c3O 51. Henrique prop\u00f4s a\u00e7\u00e3o condenat\u00f3ria de alimentos em face de Juliano, seu pai. A senten\u00e7a julgou procedente o pedido, condenando o r\u00e9u ao pagamento de R$ 5.000 (cinco mil reais) por m\u00eas. Inconformado, Juliano interp\u00f4s recurso de apela\u00e7\u00e3o, buscando a reforma da senten\u00e7a.<\/strong><\/p>\n\n\n\n<p class=\"has-vivid-red-color has-text-color has-link-color wp-elements-8e29da5c72975d5642885ad1514f2176\"><strong>Ap\u00f3s a intima\u00e7\u00e3o para apresenta\u00e7\u00e3o de contrarraz\u00f5es, voc\u00ea, como advogado(a) contratado por Henrique, deseja requerer o cumprimento provis\u00f3rio da senten\u00e7a, com o intuito de, desde logo, receber os alimentos vincendos.<\/strong><\/p>\n\n\n\n<p class=\"has-vivid-red-color has-text-color has-link-color wp-elements-56eb6c75133f8d146212b08cba702e40\"><strong>Nessa hip\u00f3tese, assinale a afirmativa correta.<\/strong><\/p>\n\n\n\n<p class=\"has-vivid-red-color has-text-color has-link-color wp-elements-f787606a6af15b6c5045cf908ffd9ba0\"><strong>a) Voc\u00ea poder\u00e1 requerer o cumprimento provis\u00f3rio de senten\u00e7a, com dispensa de cau\u00e7\u00e3o para a execu\u00e7\u00e3o da decis\u00e3o.<\/strong><\/p>\n\n\n\n<p class=\"has-vivid-red-color has-text-color has-link-color wp-elements-2d087f2025b5523b1f1df3eb4b688028\"><strong>b) Eventual reforma parcial da senten\u00e7a, em raz\u00e3o do recurso de apela\u00e7\u00e3o, levar\u00e1 \u00e0 perda da efic\u00e1cia total do cumprimento, em raz\u00e3o s\u00f3 da provisoriedade.<\/strong><\/p>\n\n\n\n<p class=\"has-vivid-red-color has-text-color has-link-color wp-elements-b989be2f922b09ecb37884a01926dc58\"><strong>c) N\u00e3o incidir\u00e3o multa e honor\u00e1rios no cumprimento provis\u00f3rio de senten\u00e7a, pois o executado, em raz\u00e3o da pend\u00eancia do recurso, n\u00e3o \u00e9 obrigado a cumprir a decis\u00e3o at\u00e9 o seu tr\u00e2nsito em julgado.<\/strong><\/p>\n\n\n\n<p class=\"has-vivid-red-color has-text-color has-link-color wp-elements-7ef99ce11cd554258770368652529c23\"><strong>d) Indicado o cumprimento provis\u00f3rio da senten\u00e7a, caso Juliano deposite o valor executado para se exonerar da multa, tal dep\u00f3sito n\u00e3o implicar\u00e1 em desist\u00eancia do recurso de apela\u00e7\u00e3o nem acarretar\u00e1 a preclus\u00e3o l\u00f3gica do direito de recorrer.<\/strong><\/p>\n\n\n\n<p><strong>Coment\u00e1rios<\/strong><\/p>\n\n\n\n<p>A alternativa correta \u00e9 a <strong>letra A<\/strong>. A quest\u00e3o trata do cumprimento provis\u00f3rio de senten\u00e7a que reconhece obriga\u00e7\u00e3o de pagar alimentos (art. 520, II, do CPC).<\/p>\n\n\n\n<p>A alternativa A est\u00e1 correta. No cumprimento provis\u00f3rio de senten\u00e7a que reconhece obriga\u00e7\u00e3o de prestar alimentos, a cau\u00e7\u00e3o \u00e9 dispensada (Art. 521. A cau\u00e7\u00e3o prevista no inciso IV do art. 520 poder\u00e1 ser dispensada nos casos em que: I &#8211; o cr\u00e9dito for de natureza alimentar, independentemente de sua origem;)<\/p>\n\n\n\n<p>A alternativa B est\u00e1 incorreta. O cumprimento provis\u00f3rio se baseia no efeito devolutivo do recurso (Art. 520. O cumprimento provis\u00f3rio da senten\u00e7a impugnada por recurso desprovido de efeito suspensivo&#8230;)<\/p>\n\n\n\n<p>A alternativa C est\u00e1 incorreta. Multa e honor\u00e1rios s\u00e3o devidos no cumprimento provis\u00f3rio, mesmo com recurso pendente. (Art. 520, \u00a71\u00ba:\u00a71\u00ba. A multa e os honor\u00e1rios a que se refere o art. 523, \u00a72\u00ba A multa e os honor\u00e1rios a que se refere o \u00a7 1\u00ba do art. 523 s\u00e3o devidos no cumprimento provis\u00f3rio de senten\u00e7a condenat\u00f3ria ao pagamento de quantia certa.)<\/p>\n\n\n\n<p>A alternativa D est\u00e1 incorreta. O dep\u00f3sito volunt\u00e1rio n\u00e3o implica desist\u00eancia do recurso nem preclus\u00e3o l\u00f3gica. (Art. 520, \u00a7 3\u00ba Se o executado comparecer tempestivamente e depositar o valor, com a finalidade de isentar-se da multa, o ato n\u00e3o ser\u00e1 havido como incompat\u00edvel com o recurso por ele interposto.)<\/p>\n\n\n\n<p class=\"has-vivid-red-color has-text-color has-link-color wp-elements-3e18efc43b1eea5f3139d37f080cdc6c\"><strong>QUEST\u00c3O 52. Anacleto ajuizou a\u00e7\u00e3o de indeniza\u00e7\u00e3o contra a sociedade empres\u00e1ria de telefonia Al\u00f4, tendo sido proferida senten\u00e7a de proced\u00eancia do pedido, com a condena\u00e7\u00e3o da r\u00e9 ao pagamento de indeniza\u00e7\u00e3o por danos morais e materiais, mas sem especifica\u00e7\u00e3o dos valores.<\/strong><\/p>\n\n\n\n<p class=\"has-vivid-red-color has-text-color has-link-color wp-elements-b4a6aee844460279d096fd5cf613afe8\"><strong>A sociedade Al\u00f4 interp\u00f4s recurso de apela\u00e7\u00e3o, ainda pendente de julgamento, mas Anacleto desejou logo obter a defini\u00e7\u00e3o do montante correspondente aos danos sofridos.<\/strong><\/p>\n\n\n\n<p class=\"has-vivid-red-color has-text-color has-link-color wp-elements-a542f788ec44bb648479a6c938f6e1f6\"><strong>Acerca da situa\u00e7\u00e3o apresentada, assinale a afirmativa correta.<\/strong><\/p>\n\n\n\n<p class=\"has-vivid-red-color has-text-color has-link-color wp-elements-dc147393fc861aa5e01d069b952e89ff\"><strong>a) A liquida\u00e7\u00e3o da senten\u00e7a antes do tr\u00e2nsito em julgado s\u00f3 \u00e9 cab\u00edvel caso o autor ofere\u00e7a cau\u00e7\u00e3o.<\/strong><\/p>\n\n\n\n<p class=\"has-vivid-red-color has-text-color has-link-color wp-elements-462afa2b3c59e2b3e71cbc34d84ee76b\"><strong>b) \u00c9 poss\u00edvel a liquida\u00e7\u00e3o de senten\u00e7a mesmo antes do tr\u00e2nsito em julgado, independentemente dos efeitos em que foi recebido o recurso de apela\u00e7\u00e3o.<\/strong><\/p>\n\n\n\n<p class=\"has-vivid-red-color has-text-color has-link-color wp-elements-dab5daff56ea749b1aed5a348edc1b64\"><strong>c) Anacleto poder\u00e1 promover a liquida\u00e7\u00e3o de senten\u00e7a antes do tr\u00e2nsito em julgado, caso a decis\u00e3o tenha sido recebida unicamente no efeito devolutivo.<\/strong><\/p>\n\n\n\n<p class=\"has-vivid-red-color has-text-color has-link-color wp-elements-c4c946f1f6cbbb1ff3e4a263be8d384b\"><strong>d) Anacleto n\u00e3o poder\u00e1 promover a liquida\u00e7\u00e3o de senten\u00e7a antes do tr\u00e2nsito em julgado, uma vez que a decis\u00e3o ainda pode ser modificada quando do julgamento de recurso de apela\u00e7\u00e3o.<\/strong><\/p>\n\n\n\n<p><strong>Coment\u00e1rios<\/strong><\/p>\n\n\n\n<p>A alternativa correta \u00e9 a <strong>letra B<\/strong>. A quest\u00e3o trata da liquida\u00e7\u00e3o de senten\u00e7a antes do tr\u00e2nsito em julgado (art. 512 e art. 509, \u00a72\u00ba, do CPC).<\/p>\n\n\n\n<p>A alternativa A est\u00e1 incorreta. N\u00e3o se exige cau\u00e7\u00e3o para promover a liquida\u00e7\u00e3o de senten\u00e7a antes do tr\u00e2nsito em julgado (Art. 512. A liquida\u00e7\u00e3o poder\u00e1 ser realizada na pend\u00eancia de recurso, processando-se em autos apartados no ju\u00edzo de origem, cumprindo ao liquidante instruir o pedido com c\u00f3pias das pe\u00e7as processuais pertinentes.)<\/p>\n\n\n\n<p>A alternativa B est\u00e1 correta. A liquida\u00e7\u00e3o pode ocorrer mesmo antes do tr\u00e2nsito em julgado se o recurso foi recebido apenas no efeito devolutivo (Art. 512. A liquida\u00e7\u00e3o poder\u00e1 ser realizada na pend\u00eancia de recurso, processando-se em autos apartados no ju\u00edzo de origem, cumprindo ao liquidante instruir o pedido com c\u00f3pias das pe\u00e7as processuais pertinentes.)<\/p>\n\n\n\n<p>A alternativa C est\u00e1 incorreta. A liquida\u00e7\u00e3o antes do tr\u00e2nsito \u00e9 poss\u00edvel somente se o recurso n\u00e3o tiver efeito suspensivo (Art. 512. A liquida\u00e7\u00e3o poder\u00e1 ser realizada na pend\u00eancia de recurso, processando-se em autos apartados no ju\u00edzo de origem, cumprindo ao liquidante instruir o pedido com c\u00f3pias das pe\u00e7as processuais pertinentes.)<\/p>\n\n\n\n<p>A alternativa D est\u00e1 incorreta. A possibilidade de liquida\u00e7\u00e3o antes do tr\u00e2nsito depende dos efeitos do recurso (Art. 512. A liquida\u00e7\u00e3o poder\u00e1 ser realizada na pend\u00eancia de recurso, processando-se em autos apartados no ju\u00edzo de origem, cumprindo ao liquidante instruir o pedido com c\u00f3pias das pe\u00e7as processuais pertinentes.)<\/p>\n\n\n\n<p class=\"has-vivid-red-color has-text-color has-link-color wp-elements-0bfd4e8ca4f037f866609729266f091e\"><strong>QUEST\u00c3O 53. Jo\u00e3o e Marina celebraram contrato de arrendamento com previs\u00e3o de cl\u00e1usula compromiss\u00f3ria arbitral, na qual estipularam que qualquer disputa de natureza patrimonial decorrente do contrato seria submetida \u00e0 arbitragem.<\/strong><\/p>\n\n\n\n<p class=\"has-vivid-red-color has-text-color has-link-color wp-elements-f06681bee2755fa968d619fee0b9c878\"><strong>Ap\u00f3s desentendimentos acerca do cumprimento de uma das obriga\u00e7\u00f5es previstas no contrato, Marina resolveu ajuizar a\u00e7\u00e3o judicial contra Jo\u00e3o, na qual busca indeniza\u00e7\u00e3o pelos preju\u00edzos que alega ter sofrido.<\/strong><\/p>\n\n\n\n<p class=\"has-vivid-red-color has-text-color has-link-color wp-elements-cb7097c92fea04c442100afb8df152f9\"><strong>Uma vez citado, Jo\u00e3o n\u00e3o apresentou contesta\u00e7\u00e3o.<\/strong><\/p>\n\n\n\n<p class=\"has-vivid-red-color has-text-color has-link-color wp-elements-25f66d6d32f03431ea00fac4e71f7bad\"><strong>Durante a fase instrut\u00f3ria, ao examinar o contrato celebrado entre as partes, o Magistrado do caso visualizou a exist\u00eancia de cl\u00e1usula compromiss\u00f3ria celebrada entre as partes.<\/strong><\/p>\n\n\n\n<p class=\"has-vivid-red-color has-text-color has-link-color wp-elements-04317d42f918e73f322cb3eeb6904d78\"><strong>Considerando o caso narrado, assinale a afirmativa correta.<\/strong><\/p>\n\n\n\n<p class=\"has-vivid-red-color has-text-color has-link-color wp-elements-4892577246d347fade6dea01fceddf2d\"><strong>a) Caso Jo\u00e3o instaure procedimento arbitral contra Marina no bojo da a\u00e7\u00e3o judicial ajuizada por ela, ambos ter\u00e3o seu caso julgado exclusivamente pelo Tribunal Arbitral.<\/strong><\/p>\n\n\n\n<p class=\"has-vivid-red-color has-text-color has-link-color wp-elements-461ee366b118e93d2272cc66367222ec\"><strong>b) As partes ter\u00e3o seu caso julgado pelo ju\u00edzo estatal, tendo em vista que Jo\u00e3o n\u00e3o alegou conven\u00e7\u00e3o de arbitragem como preliminar de contesta\u00e7\u00e3o, circunst\u00e2ncia que gera ren\u00fancia \u00e0 jurisdi\u00e7\u00e3o arbitral.<\/strong><\/p>\n\n\n\n<p class=\"has-vivid-red-color has-text-color has-link-color wp-elements-e116123e8967207d7c0d122e320d1a41\"><strong>c) Jo\u00e3o deve arguir a exist\u00eancia da cl\u00e1usula compromiss\u00f3ria quando da contesta\u00e7\u00e3o, sob pena de perder a faculdade de se beneficiar da arbitragem.<\/strong><\/p>\n\n\n\n<p class=\"has-vivid-red-color has-text-color has-link-color wp-elements-b18abb360bd0d3c5f643c5b7a12f08dc\"><strong>d) Jo\u00e3o n\u00e3o precisa se manifestar nos autos acerca da exist\u00eancia de cl\u00e1usula compromiss\u00f3ria no contrato, pois cabe ao Magistrado conhecer de of\u00edcio da conven\u00e7\u00e3o de arbitragem e extinguir a a\u00e7\u00e3o sem resolu\u00e7\u00e3o do m\u00e9rito, uma vez que n\u00e3o tem compet\u00eancia para julgar o caso.<\/strong><\/p>\n\n\n\n<p><strong>Coment\u00e1rios<\/strong><\/p>\n\n\n\n<p>A alternativa correta \u00e9 a <strong>letra B<\/strong>. A quest\u00e3o trata da conven\u00e7\u00e3o de arbitragem e da sua argui\u00e7\u00e3o (art. 8\u00ba da Lei de Arbitragem).<\/p>\n\n\n\n<p>A alternativa A est\u00e1 incorreta. O simples in\u00edcio do procedimento arbitral n\u00e3o retira automaticamente a jurisdi\u00e7\u00e3o estatal sobre o processo j\u00e1 instaurado. (Art. 337, inciso X:&#8221;Incumbe ao r\u00e9u, antes de discutir o m\u00e9rito, alegar: [&#8230;]X \u2013 conven\u00e7\u00e3o de arbitragem.&#8221;)<\/p>\n\n\n\n<p>A alternativa B est\u00e1 correta. O r\u00e9u deve alegar a exist\u00eancia da cl\u00e1usula compromiss\u00f3ria na contesta\u00e7\u00e3o, sob pena de preclus\u00e3o. (Art. 337, inciso X:&#8221;Incumbe ao r\u00e9u, antes de discutir o m\u00e9rito, alegar: [&#8230;]X \u2013 conven\u00e7\u00e3o de arbitragem.&#8221;)<\/p>\n\n\n\n<p>A alternativa C est\u00e1 incorreta. A conven\u00e7\u00e3o de arbitragem deve ser alegada pelo r\u00e9u e n\u00e3o pode ser conhecida de of\u00edcio pelo juiz. (Art. 337, \u00a76\u00ba: A aus\u00eancia de alega\u00e7\u00e3o da exist\u00eancia de conven\u00e7\u00e3o de arbitragem, na forma prevista neste artigo, implica aceita\u00e7\u00e3o da jurisdi\u00e7\u00e3o estatal e ren\u00fancia ao ju\u00edzo arbitral.)<\/p>\n\n\n\n<p>A alternativa D est\u00e1 incorreta. A omiss\u00e3o da parte quanto \u00e0 cl\u00e1usula compromiss\u00f3ria enseja a continuidade do processo judicial. (Art. 337, \u00a76\u00ba: A aus\u00eancia de alega\u00e7\u00e3o da exist\u00eancia de conven\u00e7\u00e3o de arbitragem, na forma prevista neste artigo, implica aceita\u00e7\u00e3o da jurisdi\u00e7\u00e3o estatal e ren\u00fancia ao ju\u00edzo arbitral.)<\/p>\n\n\n\n<p class=\"has-vivid-red-color has-text-color has-link-color wp-elements-4d345e6f29563327f5ce9706918c3b4d\"><strong>QUEST\u00c3O 54. Rodrigo e Tha\u00eds, ap\u00f3s o in\u00edcio do namoro, assistiam a um show em uma arena lotada, com cerca de mil pessoas, promovido pela Alegria Produ\u00e7\u00f5es Art\u00edsticas. Em um determinado momento, eles perceberam que o teto montado especialmente para o evento estava desabando e, em consequ\u00eancia, duas mil pessoas ficaram feridas, entre elas, Rodrigo e Tha\u00eds.<\/strong><\/p>\n\n\n\n<p class=\"has-vivid-red-color has-text-color has-link-color wp-elements-1df31587992c4471fe3aeb94422c30f5\"><strong>Ap\u00f3s a negativa da Alegria Produ\u00e7\u00f5es Art\u00edsticas em reparar os danos causados, Rodrigo e Tha\u00eds convenceram todas as pessoas feridas no show a propor a\u00e7\u00e3o, em conjunto, em face da produtora.<\/strong><\/p>\n\n\n\n<p class=\"has-vivid-red-color has-text-color has-link-color wp-elements-4d75225897d5c2feaa7097ba937a40ce\"><strong>Sobre o caso concreto, assinale a afirmativa correta.<\/strong><\/p>\n\n\n\n<p class=\"has-vivid-red-color has-text-color has-link-color wp-elements-cbd0b6a99c98101828b6da2ec2248062\"><strong>a) Duas ou mais pessoas n\u00e3o podem litigar no mesmo processo, haja vista que a a\u00e7\u00e3o judicial dever\u00e1 ser proposta de forma individualizada.<\/strong><\/p>\n\n\n\n<p class=\"has-vivid-red-color has-text-color has-link-color wp-elements-2b875b8f422d0b79a037d3028992ed9e\"><strong>b) Duas ou mais pessoas podem litigar no mesmo processo, em conjunto, mas apenas no polo ativo, ficando vedado o litiscons\u00f3rcio passivo.<\/strong><\/p>\n\n\n\n<p class=\"has-vivid-red-color has-text-color has-link-color wp-elements-061617b22dde7917d35be6e25ccc0377\"><strong>c) O Juiz poder\u00e1 limitar o litiscons\u00f3rcio facultativo quanto ao n\u00famero de litigantes na fase de conhecimento, quando este comprometer a r\u00e1pida solu\u00e7\u00e3o do lit\u00edgio ou dificultar a defesa ou o cumprimento de senten\u00e7a.<\/strong><\/p>\n\n\n\n<p class=\"has-vivid-red-color has-text-color has-link-color wp-elements-e5ece488916ca756870d11aeb0cfb1a0\"><strong>d) O Juiz n\u00e3o poder\u00e1 limitar o litiscons\u00f3rcio facultativo, por aus\u00eancia de previs\u00e3o legal, sendo direito de todos os envolvidos no acidente propor a a\u00e7\u00e3o em conjunto.<\/strong><\/p>\n\n\n\n<p><strong>Coment\u00e1rios<\/strong><\/p>\n\n\n\n<p>A alternativa correta \u00e9 a <strong>letra C<\/strong>. A quest\u00e3o trata da limita\u00e7\u00e3o do litiscons\u00f3rcio facultativo (art. 113, \u00a71\u00ba, do CPC).<\/p>\n\n\n\n<p>A alternativa A est\u00e1 incorreta. O litiscons\u00f3rcio \u00e9 permitido tanto no polo ativo quanto no polo passivo, se houver conex\u00e3o entre as causas (Art. 113. Duas ou mais pessoas podem litigar, no mesmo processo, em conjunto, ativa ou passivamente:)<\/p>\n\n\n\n<p>A alternativa B est\u00e1 incorreta. O litiscons\u00f3rcio pode ocorrer em qualquer dos polos processuais, inclusive passivo. (Art. 113. Duas ou mais pessoas podem litigar, no mesmo processo, em conjunto, ativa ou passivamente:)<\/p>\n\n\n\n<p>A alternativa C est\u00e1 correta. O juiz poder\u00e1 limitar o n\u00famero de litigantes no litiscons\u00f3rcio para garantir a r\u00e1pida solu\u00e7\u00e3o do processo ou facilitar a defesa (Art. 113. \u00a7 1\u00ba O juiz poder\u00e1 limitar o litiscons\u00f3rcio facultativo quanto ao n\u00famero de litigantes na fase de conhecimento, na liquida\u00e7\u00e3o de senten\u00e7a ou na execu\u00e7\u00e3o, quando este comprometer a r\u00e1pida solu\u00e7\u00e3o do lit\u00edgio ou dificultar a defesa ou o cumprimento da senten\u00e7a.)<\/p>\n\n\n\n<p>A alternativa D est\u00e1 incorreta. A limita\u00e7\u00e3o do litiscons\u00f3rcio est\u00e1 expressamente prevista no CPC (Art. 113. \u00a7 1\u00ba O juiz poder\u00e1 limitar o litiscons\u00f3rcio facultativo quanto ao n\u00famero de litigantes na fase de conhecimento, na liquida\u00e7\u00e3o de senten\u00e7a ou na execu\u00e7\u00e3o, quando este comprometer a r\u00e1pida solu\u00e7\u00e3o do lit\u00edgio ou dificultar a defesa ou o cumprimento da senten\u00e7a).<\/p>\n\n\n\n<p class=\"has-vivid-red-color has-text-color has-link-color wp-elements-625df51d2bc12e804d89e73c8ab273e6\"><strong>QUEST\u00c3O 55. Voc\u00ea, como advogado(a), foi procurado(a) por Joana e por Regina, cada uma pretendendo propor a\u00e7\u00e3o reparat\u00f3ria perante os Juizados Especiais C\u00edveis. Joana deseja ajuizar a\u00e7\u00e3o para cobrar o equivalente a 100 sal\u00e1rios m\u00ednimos, ao passo que Regina pretende cobrar o correspondente a 30 sal\u00e1rios m\u00ednimos.<\/strong><\/p>\n\n\n\n<p class=\"has-vivid-red-color has-text-color has-link-color wp-elements-03f1172de9f9df73505692b8e8eb9ca1\"><strong>Sobre as a\u00e7\u00f5es pretendidas por Joana e Regina, assinale a afirmativa correta.<\/strong><\/p>\n\n\n\n<p class=\"has-vivid-red-color has-text-color has-link-color wp-elements-633c348b6096148082be7c2c92e8f23a\"><strong>a) Regina poder\u00e1 propor a\u00e7\u00e3o sozinha, pois nas causas de at\u00e9 30 sal\u00e1rios m\u00ednimos n\u00e3o \u00e9 obrigat\u00f3ria a assist\u00eancia de advogado.<\/strong><\/p>\n\n\n\n<p class=\"has-vivid-red-color has-text-color has-link-color wp-elements-6c077616d79584cedd889e9b131ccf0a\"><strong>b) Como a mat\u00e9ria imposta Joana poder\u00e1 ingressar no Juizado Especial C\u00edvel, pois este n\u00e3o tem compet\u00eancia para processar causas cujo valor exceda 40 sal\u00e1rios m\u00ednimos, independentemente da mat\u00e9ria.<\/strong><\/p>\n\n\n\n<p class=\"has-vivid-red-color has-text-color has-link-color wp-elements-c7eb98f1fdd7a55ca91f0e5de80ed5ce\"><strong>c) Para o deferimento da gratuidade de justi\u00e7a, Joana e Regina dever\u00e3o comprovar que t\u00eam renda inferior a 10 sal\u00e1rios m\u00ednimos.<\/strong><\/p>\n\n\n\n<p class=\"has-vivid-red-color has-text-color has-link-color wp-elements-11421825b4442e5dacd9c2f3fe14aca1\"><strong>d) Se as pe\u00e7as propostas por Joana e Regina forem recebidas e instru\u00eddas no mesmo procedimento e a audi\u00eancia de instru\u00e7\u00e3o e julgamento, restar-se-\u00e3o verdadeiros os fatos alegados por elas, independentemente da sua veracidade.<\/strong><\/p>\n\n\n\n<p><strong>Coment\u00e1rios<\/strong><\/p>\n\n\n\n<p>A alternativa correta \u00e9 a <strong>letra D<\/strong>. A quest\u00e3o trata das a\u00e7\u00f5es nos Juizados Especiais C\u00edveis (Lei 9.099\/95).<\/p>\n\n\n\n<p>A alternativa A est\u00e1 incorreta. Nas causas at\u00e9 20 sal\u00e1rios-m\u00ednimos \u00e9 que n\u00e3o \u00e9 obrigat\u00f3ria a presen\u00e7a de advogado (Lei n\u00ba 9.099\/95 \u2013 Art. 9\u00ba: Nas causas de valor at\u00e9 vinte vezes o sal\u00e1rio m\u00ednimo, as partes comparecer\u00e3o pessoalmente, podendo ser assistidas por advogado.)<\/p>\n\n\n\n<p>A alternativa B est\u00e1 incorreta. O valor da causa de Joana excede o limite de 40 sal\u00e1rios-m\u00ednimos para o Juizado Especial. (Art. 3\u00ba O Juizado Especial C\u00edvel tem compet\u00eancia para concilia\u00e7\u00e3o, processo e julgamento das causas c\u00edveis de menor complexidade, assim consideradas: I &#8211; as causas cujo valor n\u00e3o exceda a quarenta vezes o sal\u00e1rio m\u00ednimo;).<\/p>\n\n\n\n<p>A alternativa C est\u00e1 incorreta. A gratuidade de justi\u00e7a depende da comprova\u00e7\u00e3o de insufici\u00eancia de recursos, e n\u00e3o de renda fixa de 10 sal\u00e1rios-m\u00ednimos. (Art. 98 do CPC: A pessoa natural ou jur\u00eddica, brasileira ou estrangeira, com insufici\u00eancia de recursos para pagar as custas, as despesas processuais e os honor\u00e1rios advocat\u00edcios t\u00eam direito \u00e0 gratuidade da justi\u00e7a, na forma da lei.&#8221;<\/p>\n\n\n\n<p>A alternativa D est\u00e1 correta. No Juizado Especial, a aus\u00eancia de contesta\u00e7\u00e3o implica presun\u00e7\u00e3o de veracidade dos fatos alegados. (Lei n\u00ba 9.099\/95 \u2013 Art. 20: N\u00e3o comparecendo o demandado, reputar-se-\u00e3o verdadeiros os fatos alegados no pedido inicial, salvo se o contr\u00e1rio resultar da convic\u00e7\u00e3o do juiz.)<\/p>\n\n\n\n<p class=\"has-vivid-red-color has-text-color has-link-color wp-elements-2d4f923a8954b42d7c3b66e0b0f3d1c1\"><strong>QUEST\u00c3O 56. Maria ajuizou a\u00e7\u00e3o em face da Uni\u00e3o, com pedido de condena\u00e7\u00e3o desta \u00e0 entrega de rem\u00e9dios, por ser portadora de grave doen\u00e7a card\u00edaca.<\/strong><\/p>\n\n\n\n<p class=\"has-vivid-red-color has-text-color has-link-color wp-elements-f6abcd8fd973305d6133211c19042a7b\"><strong>Ap\u00f3s regular processamento, o Ju\u00edzo da Vara Federal competente proferiu senten\u00e7a de proced\u00eancia condenando a Uni\u00e3o \u00e0 entrega do medicamento solicitado. A Fazenda P\u00fablica foi vencida e, na hip\u00f3tese, foi aplicado pelo ju\u00edzo o instituto da remessa necess\u00e1ria, com o envio do processo ao Tribunal Regional Federal, embora a Uni\u00e3o n\u00e3o tenha apelado da senten\u00e7a.<\/strong><\/p>\n\n\n\n<p class=\"has-vivid-red-color has-text-color has-link-color wp-elements-77e7b02e4cd22f861e6c29c0cb7448a4\"><strong>Acerca da remessa necess\u00e1ria, segundo o ordenamento jur\u00eddico brasileiro, assinale a afirmativa correta.<\/strong><\/p>\n\n\n\n<p class=\"has-vivid-red-color has-text-color has-link-color wp-elements-a166d56acec6ab1852ae42593f899d99\"><strong>a) Aplica-se a remessa necess\u00e1ria quando a senten\u00e7a estiver fundada em entendimento firmado em incidente de assun\u00e7\u00e3o de compet\u00eancia.<\/strong><\/p>\n\n\n\n<p class=\"has-vivid-red-color has-text-color has-link-color wp-elements-8d12f0ebaa9d0b6f7aca809c9f967858\"><strong>b) Aplica-se a remessa necess\u00e1ria quando a condena\u00e7\u00e3o ou o proveito econ\u00f4mico obtido na causa for de valor certo e l\u00edquido inferior a mil sal\u00e1rios m\u00ednimos para a Uni\u00e3o.<\/strong><\/p>\n\n\n\n<p class=\"has-vivid-red-color has-text-color has-link-color wp-elements-3dd6ead7134621e6ac868276deb463c7\"><strong>c) N\u00e3o se aplicar\u00e1 a remessa necess\u00e1ria aos casos de compet\u00eancia de Juizados Especiais da Fazenda P\u00fablica, mas pode ser aplicada \u00e0s senten\u00e7as de a\u00e7\u00f5es ajuizadas em Varas Federais.<\/strong><\/p>\n\n\n\n<p class=\"has-vivid-red-color has-text-color has-link-color wp-elements-89f4cdfc2c3a0193da5106f7a44d9411\"><strong>d) Como a Uni\u00e3o n\u00e3o interp\u00f4s o recurso de apela\u00e7\u00e3o no prazo legal, o Juiz n\u00e3o poder\u00e1 ordenar a remessa do processo para reexame necess\u00e1rio no Tribunal, independentemente do valor dos rem\u00e9dios.<\/strong><\/p>\n\n\n\n<p><strong>Coment\u00e1rios<\/strong><\/p>\n\n\n\n<p>A alternativa correta \u00e9 a <strong>letra C<\/strong>. A quest\u00e3o trata da remessa necess\u00e1ria (art. 496, \u00a73\u00ba, do CPC).<\/p>\n\n\n\n<p>A alternativa A est\u00e1 incorreta. A senten\u00e7a fundada em entendimento firmado em incidente de assun\u00e7\u00e3o de compet\u00eancia n\u00e3o exige remessa necess\u00e1ria (C\u00f3digo de Processo Civil \u2013 Art. 496. Est\u00e1 sujeita ao duplo grau de jurisdi\u00e7\u00e3o, n\u00e3o produzindo efeito sen\u00e3o depois de confirmada pelo tribunal, a senten\u00e7a:[&#8230;] \u00a74\u00ba N\u00e3o se aplica o disposto no caput aos casos deI &#8211; s\u00famula de tribunal superior; II &#8211; ac\u00f3rd\u00e3o proferido pelo Supremo Tribunal Federal ou pelo Superior Tribunal de Justi\u00e7a em julgamento de recursos repetitivos; III &#8211; entendimento firmado em incidente de resolu\u00e7\u00e3o de demandas repetitivas ou de assun\u00e7\u00e3o de compet\u00eancia; IV &#8211; entendimento coincidente com orienta\u00e7\u00e3o vinculante firmada no \u00e2mbito administrativo do pr\u00f3prio ente p\u00fablico, consolidada em manifesta\u00e7\u00e3o, parecer ou s\u00famula administrativa.)<\/p>\n\n\n\n<p>A alternativa B est\u00e1 incorreta. A condena\u00e7\u00e3o inferior a mil sal\u00e1rios-m\u00ednimos para a Uni\u00e3o dispensa a remessa necess\u00e1ria. (C\u00f3digo de Processo Civil \u2013 Art. 496, \u00a73\u00ba, inciso I: \u00a73\u00ba N\u00e3o se aplica o disposto no caput: I \u2013 quando a condena\u00e7\u00e3o ou o proveito econ\u00f4mico obtido na causa for inferior a: a) 1.000 (mil) sal\u00e1rios-m\u00ednimos para a Uni\u00e3o.)<\/p>\n\n\n\n<p>A alternativa C est\u00e1 correta. N\u00e3o se aplica a remessa necess\u00e1ria nas senten\u00e7as de Juizado Especial da Fazenda P\u00fablica, mas se aplica nas Varas Federais comuns. (LEI No 10.259, DE 12 DE JULHO DE 2001. Art. 13. Nas causas de que trata esta Lei, n\u00e3o haver\u00e1 reexame necess\u00e1rio.)<\/p>\n\n\n\n<p>A alternativa D est\u00e1 incorreta. Mesmo sem apela\u00e7\u00e3o da Uni\u00e3o, se presentes os requisitos legais, o juiz pode determinar a remessa necess\u00e1ria.<\/p>\n\n\n\n<p class=\"has-text-align-center\"><em>Se o seu sonho \u00e9 se tornar Advogado, Juiz, Promotor, Procurador ou Delegado, comece pelo <strong><a href=\"https:\/\/oab.estrategia.com\/\" target=\"_blank\" >primeiro passo: conquistar a OAB<\/a>. <\/strong>Estude de forma estrat\u00e9gica com o curso que mais aprova e transforme seu sonho em realidade com o <strong><a href=\"https:\/\/oab.estrategia.com\/\" target=\"_blank\" >Estrat\u00e9gia OAB<\/a><\/strong><\/em>.<\/p>\n\n\n\n<div class=\"wp-block-cover\" style=\"min-height:145px;aspect-ratio:unset;\"><span aria-hidden=\"true\" class=\"wp-block-cover__background has-background-dim\"><\/span><img decoding=\"async\" width=\"1024\" height=\"190\" class=\"wp-block-cover__image-background wp-image-2272\" alt=\"\" src=\"https:\/\/oab.estrategia.com\/portal\/wp-content\/uploads\/2022\/08\/19111944\/assinatura-oab-banner-exame-de-ordem-oab-assinatura-curso-oab-1024x190.jpg\" style=\"object-position:58% 29%\" data-object-fit=\"cover\" data-object-position=\"58% 29%\" srcset=\"https:\/\/oab.estrategia.com\/portal\/wp-content\/uploads\/2022\/08\/19111944\/assinatura-oab-banner-exame-de-ordem-oab-assinatura-curso-oab-1024x190.jpg 1024w, https:\/\/oab.estrategia.com\/portal\/wp-content\/uploads\/2022\/08\/19111944\/assinatura-oab-banner-exame-de-ordem-oab-assinatura-curso-oab-300x56.jpg 300w, https:\/\/oab.estrategia.com\/portal\/wp-content\/uploads\/2022\/08\/19111944\/assinatura-oab-banner-exame-de-ordem-oab-assinatura-curso-oab-768x143.jpg 768w, https:\/\/oab.estrategia.com\/portal\/wp-content\/uploads\/2022\/08\/19111944\/assinatura-oab-banner-exame-de-ordem-oab-assinatura-curso-oab-1536x285.jpg 1536w, https:\/\/oab.estrategia.com\/portal\/wp-content\/uploads\/2022\/08\/19111944\/assinatura-oab-banner-exame-de-ordem-oab-assinatura-curso-oab-380x71.jpg 380w, https:\/\/oab.estrategia.com\/portal\/wp-content\/uploads\/2022\/08\/19111944\/assinatura-oab-banner-exame-de-ordem-oab-assinatura-curso-oab-800x149.jpg 800w, https:\/\/oab.estrategia.com\/portal\/wp-content\/uploads\/2022\/08\/19111944\/assinatura-oab-banner-exame-de-ordem-oab-assinatura-curso-oab-1160x215.jpg 1160w, https:\/\/oab.estrategia.com\/portal\/wp-content\/uploads\/2022\/08\/19111944\/assinatura-oab-banner-exame-de-ordem-oab-assinatura-curso-oab-150x28.jpg 150w, https:\/\/oab.estrategia.com\/portal\/wp-content\/uploads\/2022\/08\/19111944\/assinatura-oab-banner-exame-de-ordem-oab-assinatura-curso-oab.jpg 1890w\" sizes=\"(max-width: 1024px) 100vw, 1024px\" \/><div class=\"wp-block-cover__inner-container is-layout-flow wp-block-cover-is-layout-flow\">\n<h3 id=\"assinatura-oab\" class=\"titulo-assinatura\">Assinatura OAB<\/h3>\n<p class=\"subtitulo-assinatura\" style=\"display:block!important; line-height: 0;\">Conte\u00fado completo para a 1\u00aa e 2\u00aa fase da OAB.<\/p>\n<a target=\"_blank\" href=\"https:\/\/oab.estrategia.com\/curso\/assinatura-oab\/\" rel=\"noopener\"><button style=\"border-radius: 10px; text-transform: capitalize;\">Acessar<\/button><\/a>\n<\/div><\/div>\n\n\n\n<h4 class=\"wp-block-heading has-text-align-center\" id=\"h-conteudos-exclusivos-e-atualizacoes-em-tempo-real-siga-nossas-redes-e-esteja-sempre-um-passo-a-frente\"><span id=\"conteudos-exclusivos-e-atualizacoes-em-tempo-realsiga-nossas-redes-e-esteja-sempre-um-passo-a-frente\">Conte\u00fados exclusivos e atualiza\u00e7\u00f5es em tempo real?<br>Siga nossas redes e esteja sempre um passo \u00e0 frente!<\/span><\/h4>\n\n\n\n<ul class=\"wp-block-social-links has-normal-icon-size has-visible-labels is-horizontal is-content-justification-center is-layout-flex wp-container-core-social-links-is-layout-499968f5 wp-block-social-links-is-layout-flex\"><li class=\"wp-social-link wp-social-link-facebook  wp-block-social-link\"><a rel=\"noopener nofollow\" target=\"_blank\" href=\"https:\/\/www.facebook.com\/oabestrategia?locale=pt_BR\" class=\"wp-block-social-link-anchor\"><svg width=\"24\" height=\"24\" viewBox=\"0 0 24 24\" version=\"1.1\" xmlns=\"http:\/\/www.w3.org\/2000\/svg\" aria-hidden=\"true\" focusable=\"false\"><path d=\"M12 2C6.5 2 2 6.5 2 12c0 5 3.7 9.1 8.4 9.9v-7H7.9V12h2.5V9.8c0-2.5 1.5-3.9 3.8-3.9 1.1 0 2.2.2 2.2.2v2.5h-1.3c-1.2 0-1.6.8-1.6 1.6V12h2.8l-.4 2.9h-2.3v7C18.3 21.1 22 17 22 12c0-5.5-4.5-10-10-10z\"><\/path><\/svg><span class=\"wp-block-social-link-label\">Facebook<\/span><\/a><\/li>\n\n<li class=\"wp-social-link wp-social-link-instagram  wp-block-social-link\"><a rel=\"noopener nofollow\" target=\"_blank\" href=\"https:\/\/www.instagram.com\/estrategiaoab\/\" class=\"wp-block-social-link-anchor\"><svg width=\"24\" height=\"24\" viewBox=\"0 0 24 24\" version=\"1.1\" xmlns=\"http:\/\/www.w3.org\/2000\/svg\" aria-hidden=\"true\" focusable=\"false\"><path d=\"M12,4.622c2.403,0,2.688,0.009,3.637,0.052c0.877,0.04,1.354,0.187,1.671,0.31c0.42,0.163,0.72,0.358,1.035,0.673 c0.315,0.315,0.51,0.615,0.673,1.035c0.123,0.317,0.27,0.794,0.31,1.671c0.043,0.949,0.052,1.234,0.052,3.637 s-0.009,2.688-0.052,3.637c-0.04,0.877-0.187,1.354-0.31,1.671c-0.163,0.42-0.358,0.72-0.673,1.035 c-0.315,0.315-0.615,0.51-1.035,0.673c-0.317,0.123-0.794,0.27-1.671,0.31c-0.949,0.043-1.233,0.052-3.637,0.052 s-2.688-0.009-3.637-0.052c-0.877-0.04-1.354-0.187-1.671-0.31c-0.42-0.163-0.72-0.358-1.035-0.673 c-0.315-0.315-0.51-0.615-0.673-1.035c-0.123-0.317-0.27-0.794-0.31-1.671C4.631,14.688,4.622,14.403,4.622,12 s0.009-2.688,0.052-3.637c0.04-0.877,0.187-1.354,0.31-1.671c0.163-0.42,0.358-0.72,0.673-1.035 c0.315-0.315,0.615-0.51,1.035-0.673c0.317-0.123,0.794-0.27,1.671-0.31C9.312,4.631,9.597,4.622,12,4.622 M12,3 C9.556,3,9.249,3.01,8.289,3.054C7.331,3.098,6.677,3.25,6.105,3.472C5.513,3.702,5.011,4.01,4.511,4.511 c-0.5,0.5-0.808,1.002-1.038,1.594C3.25,6.677,3.098,7.331,3.054,8.289C3.01,9.249,3,9.556,3,12c0,2.444,0.01,2.751,0.054,3.711 c0.044,0.958,0.196,1.612,0.418,2.185c0.23,0.592,0.538,1.094,1.038,1.594c0.5,0.5,1.002,0.808,1.594,1.038 c0.572,0.222,1.227,0.375,2.185,0.418C9.249,20.99,9.556,21,12,21s2.751-0.01,3.711-0.054c0.958-0.044,1.612-0.196,2.185-0.418 c0.592-0.23,1.094-0.538,1.594-1.038c0.5-0.5,0.808-1.002,1.038-1.594c0.222-0.572,0.375-1.227,0.418-2.185 C20.99,14.751,21,14.444,21,12s-0.01-2.751-0.054-3.711c-0.044-0.958-0.196-1.612-0.418-2.185c-0.23-0.592-0.538-1.094-1.038-1.594 c-0.5-0.5-1.002-0.808-1.594-1.038c-0.572-0.222-1.227-0.375-2.185-0.418C14.751,3.01,14.444,3,12,3L12,3z M12,7.378 c-2.552,0-4.622,2.069-4.622,4.622S9.448,16.622,12,16.622s4.622-2.069,4.622-4.622S14.552,7.378,12,7.378z M12,15 c-1.657,0-3-1.343-3-3s1.343-3,3-3s3,1.343,3,3S13.657,15,12,15z M16.804,6.116c-0.596,0-1.08,0.484-1.08,1.08 s0.484,1.08,1.08,1.08c0.596,0,1.08-0.484,1.08-1.08S17.401,6.116,16.804,6.116z\"><\/path><\/svg><span class=\"wp-block-social-link-label\">Instagram<\/span><\/a><\/li>\n\n<li class=\"wp-social-link wp-social-link-youtube  wp-block-social-link\"><a rel=\"noopener nofollow\" target=\"_blank\" href=\"https:\/\/www.youtube.com\/channel\/UC7rgrKTSF5aOrBGWOw60ovw\" class=\"wp-block-social-link-anchor\"><svg width=\"24\" height=\"24\" viewBox=\"0 0 24 24\" version=\"1.1\" xmlns=\"http:\/\/www.w3.org\/2000\/svg\" aria-hidden=\"true\" focusable=\"false\"><path d=\"M21.8,8.001c0,0-0.195-1.378-0.795-1.985c-0.76-0.797-1.613-0.801-2.004-0.847c-2.799-0.202-6.997-0.202-6.997-0.202 h-0.009c0,0-4.198,0-6.997,0.202C4.608,5.216,3.756,5.22,2.995,6.016C2.395,6.623,2.2,8.001,2.2,8.001S2,9.62,2,11.238v1.517 c0,1.618,0.2,3.237,0.2,3.237s0.195,1.378,0.795,1.985c0.761,0.797,1.76,0.771,2.205,0.855c1.6,0.153,6.8,0.201,6.8,0.201 s4.203-0.006,7.001-0.209c0.391-0.047,1.243-0.051,2.004-0.847c0.6-0.607,0.795-1.985,0.795-1.985s0.2-1.618,0.2-3.237v-1.517 C22,9.62,21.8,8.001,21.8,8.001z M9.935,14.594l-0.001-5.62l5.404,2.82L9.935,14.594z\"><\/path><\/svg><span class=\"wp-block-social-link-label\">Youtube<\/span><\/a><\/li>\n\n<li class=\"wp-social-link wp-social-link-telegram  wp-block-social-link\"><a rel=\"noopener nofollow\" target=\"_blank\" href=\"https:\/\/t.me\/transmissaoEstrategiaOAB\" class=\"wp-block-social-link-anchor\"><svg width=\"24\" height=\"24\" viewBox=\"0 0 128 128\" version=\"1.1\" xmlns=\"http:\/\/www.w3.org\/2000\/svg\" aria-hidden=\"true\" focusable=\"false\"><path d=\"M28.9700376,63.3244248 C47.6273373,55.1957357 60.0684594,49.8368063 66.2934036,47.2476366 C84.0668845,39.855031 87.7600616,38.5708563 90.1672227,38.528 C90.6966555,38.5191258 91.8804274,38.6503351 92.6472251,39.2725385 C93.294694,39.7979149 93.4728387,40.5076237 93.5580865,41.0057381 C93.6433345,41.5038525 93.7494885,42.63857 93.6651041,43.5252052 C92.7019529,53.6451182 88.5344133,78.2034783 86.4142057,89.5379542 C85.5170662,94.3339958 83.750571,95.9420841 82.0403991,96.0994568 C78.3237996,96.4414641 75.5015827,93.6432685 71.9018743,91.2836143 C66.2690414,87.5912212 63.0868492,85.2926952 57.6192095,81.6896017 C51.3004058,77.5256038 55.3966232,75.2369981 58.9976911,71.4967761 C59.9401076,70.5179421 76.3155302,55.6232293 76.6324771,54.2720454 C76.6721165,54.1030573 76.7089039,53.4731496 76.3346867,53.1405352 C75.9604695,52.8079208 75.4081573,52.921662 75.0095933,53.0121213 C74.444641,53.1403447 65.4461175,59.0880351 48.0140228,70.8551922 C45.4598218,72.6091037 43.1463059,73.4636682 41.0734751,73.4188859 C38.7883453,73.3695169 34.3926725,72.1268388 31.1249416,71.0646282 C27.1169366,69.7617838 23.931454,69.0729605 24.208838,66.8603276 C24.3533167,65.7078514 25.9403832,64.5292172 28.9700376,63.3244248 Z\" \/><\/svg><span class=\"wp-block-social-link-label\">Telegram<\/span><\/a><\/li>\n\n<li class=\"wp-social-link wp-social-link-whatsapp  wp-block-social-link\"><a rel=\"noopener nofollow\" target=\"_blank\" href=\"https:\/\/chat.whatsapp.com\/GVIH7MrkoVAGyAxc6MuwWf\" class=\"wp-block-social-link-anchor\"><svg width=\"24\" height=\"24\" viewBox=\"0 0 24 24\" version=\"1.1\" xmlns=\"http:\/\/www.w3.org\/2000\/svg\" aria-hidden=\"true\" focusable=\"false\"><path d=\"M 12.011719 2 C 6.5057187 2 2.0234844 6.478375 2.0214844 11.984375 C 2.0204844 13.744375 2.4814687 15.462563 3.3554688 16.976562 L 2 22 L 7.2324219 20.763672 C 8.6914219 21.559672 10.333859 21.977516 12.005859 21.978516 L 12.009766 21.978516 C 17.514766 21.978516 21.995047 17.499141 21.998047 11.994141 C 22.000047 9.3251406 20.962172 6.8157344 19.076172 4.9277344 C 17.190172 3.0407344 14.683719 2.001 12.011719 2 z M 12.009766 4 C 14.145766 4.001 16.153109 4.8337969 17.662109 6.3417969 C 19.171109 7.8517969 20.000047 9.8581875 19.998047 11.992188 C 19.996047 16.396187 16.413812 19.978516 12.007812 19.978516 C 10.674812 19.977516 9.3544062 19.642812 8.1914062 19.007812 L 7.5175781 18.640625 L 6.7734375 18.816406 L 4.8046875 19.28125 L 5.2851562 17.496094 L 5.5019531 16.695312 L 5.0878906 15.976562 C 4.3898906 14.768562 4.0204844 13.387375 4.0214844 11.984375 C 4.0234844 7.582375 7.6067656 4 12.009766 4 z M 8.4765625 7.375 C 8.3095625 7.375 8.0395469 7.4375 7.8105469 7.6875 C 7.5815469 7.9365 6.9355469 8.5395781 6.9355469 9.7675781 C 6.9355469 10.995578 7.8300781 12.182609 7.9550781 12.349609 C 8.0790781 12.515609 9.68175 15.115234 12.21875 16.115234 C 14.32675 16.946234 14.754891 16.782234 15.212891 16.740234 C 15.670891 16.699234 16.690438 16.137687 16.898438 15.554688 C 17.106437 14.971687 17.106922 14.470187 17.044922 14.367188 C 16.982922 14.263188 16.816406 14.201172 16.566406 14.076172 C 16.317406 13.951172 15.090328 13.348625 14.861328 13.265625 C 14.632328 13.182625 14.464828 13.140625 14.298828 13.390625 C 14.132828 13.640625 13.655766 14.201187 13.509766 14.367188 C 13.363766 14.534188 13.21875 14.556641 12.96875 14.431641 C 12.71875 14.305641 11.914938 14.041406 10.960938 13.191406 C 10.218937 12.530406 9.7182656 11.714844 9.5722656 11.464844 C 9.4272656 11.215844 9.5585938 11.079078 9.6835938 10.955078 C 9.7955938 10.843078 9.9316406 10.663578 10.056641 10.517578 C 10.180641 10.371578 10.223641 10.267562 10.306641 10.101562 C 10.389641 9.9355625 10.347156 9.7890625 10.285156 9.6640625 C 10.223156 9.5390625 9.737625 8.3065 9.515625 7.8125 C 9.328625 7.3975 9.131125 7.3878594 8.953125 7.3808594 C 8.808125 7.3748594 8.6425625 7.375 8.4765625 7.375 z\"><\/path><\/svg><span class=\"wp-block-social-link-label\">WhatsApp<\/span><\/a><\/li><\/ul>\n\n\n\n<p><\/p>\n","protected":false},"excerpt":{"rendered":"Ol\u00e1, futuro Advogado(a), tudo certo?! Em 27\/04\/2025, foi aplicada a prova da primeira fase do 43\u00ba Exame da&hellip;\n","protected":false},"author":117,"featured_media":12852,"comment_status":"open","ping_status":"open","sticky":false,"template":"","format":"standard","meta":{"_jetpack_memberships_contains_paid_content":false,"footnotes":""},"categories":[30,36],"tags":[],"class_list":{"0":"post-17727","1":"post","2":"type-post","3":"status-publish","4":"format-standard","5":"has-post-thumbnail","7":"category-1a-fase-oab","8":"category-gabarito-oab"},"acf":[],"yoast_head":"<!-- This site is optimized with the Yoast SEO Premium plugin v26.2 (Yoast SEO v27.4) - https:\/\/yoast.com\/product\/yoast-seo-premium-wordpress\/ -->\n<title>Prova comentada OAB 43\u00ba exame: Direito Processual Civil<\/title>\n<meta name=\"description\" content=\"Confira agora mesmo a Prova comentada OAB 43\u00ba exame de Direito Processual Civil elaborada pelo nosso time de especialistas em aprova\u00e7\u00e3o!\" \/>\n<meta name=\"robots\" content=\"index, follow, max-snippet:-1, max-image-preview:large, max-video-preview:-1\" \/>\n<link rel=\"canonical\" href=\"https:\/\/oab.estrategia.com\/portal\/prova-comentada-oab-43-exame-direito-processual-civil\/\" \/>\n<meta property=\"og:locale\" content=\"pt_BR\" \/>\n<meta property=\"og:type\" content=\"article\" \/>\n<meta property=\"og:title\" content=\"Prova comentada OAB 43\u00ba exame: Direito Processual Civil\" \/>\n<meta property=\"og:description\" content=\"Confira agora mesmo a Prova comentada OAB 43\u00ba exame de Direito Processual Civil elaborada pelo nosso time de especialistas em aprova\u00e7\u00e3o!\" \/>\n<meta property=\"og:url\" content=\"https:\/\/oab.estrategia.com\/portal\/prova-comentada-oab-43-exame-direito-processual-civil\/\" \/>\n<meta property=\"og:site_name\" content=\"Blog - OAB - Estrat\u00e9gia\" \/>\n<meta property=\"article:publisher\" content=\"https:\/\/www.facebook.com\/estrategiaoab\/\" \/>\n<meta property=\"article:published_time\" content=\"2025-04-28T23:04:52+00:00\" \/>\n<meta property=\"article:modified_time\" content=\"2025-04-29T18:32:03+00:00\" \/>\n<meta property=\"og:image\" content=\"https:\/\/oab.estrategia.com\/portal\/wp-content\/uploads\/2024\/09\/05095354\/image-1-1.png\" \/>\n\t<meta property=\"og:image:width\" content=\"745\" \/>\n\t<meta property=\"og:image:height\" content=\"417\" \/>\n\t<meta property=\"og:image:type\" content=\"image\/png\" \/>\n<meta name=\"author\" content=\"Priscila Bonomi\" \/>\n<meta name=\"twitter:card\" content=\"summary_large_image\" \/>\n<meta name=\"twitter:creator\" content=\"@estrategiaoab\" \/>\n<meta name=\"twitter:site\" content=\"@estrategiaoab\" \/>\n<meta name=\"twitter:label1\" content=\"Escrito por\" \/>\n\t<meta name=\"twitter:data1\" content=\"Priscila Bonomi\" \/>\n\t<meta name=\"twitter:label2\" content=\"Est. tempo de leitura\" \/>\n\t<meta name=\"twitter:data2\" content=\"16 minutos\" \/>\n<script type=\"application\/ld+json\" class=\"yoast-schema-graph\">{\"@context\":\"https:\\\/\\\/schema.org\",\"@graph\":[{\"@type\":\"Article\",\"@id\":\"https:\\\/\\\/oab.estrategia.com\\\/portal\\\/prova-comentada-oab-43-exame-direito-processual-civil\\\/#article\",\"isPartOf\":{\"@id\":\"https:\\\/\\\/oab.estrategia.com\\\/portal\\\/prova-comentada-oab-43-exame-direito-processual-civil\\\/\"},\"author\":{\"name\":\"Priscila Bonomi\",\"@id\":\"https:\\\/\\\/oab.estrategia.com\\\/portal\\\/#\\\/schema\\\/person\\\/74fa7e131ce7fd0199e3ef003d93dd2a\"},\"headline\":\"Prova comentada OAB 43\u00ba exame: Direito Processual Civil\",\"datePublished\":\"2025-04-28T23:04:52+00:00\",\"dateModified\":\"2025-04-29T18:32:03+00:00\",\"mainEntityOfPage\":{\"@id\":\"https:\\\/\\\/oab.estrategia.com\\\/portal\\\/prova-comentada-oab-43-exame-direito-processual-civil\\\/\"},\"wordCount\":3151,\"commentCount\":0,\"publisher\":{\"@id\":\"https:\\\/\\\/oab.estrategia.com\\\/portal\\\/#organization\"},\"image\":{\"@id\":\"https:\\\/\\\/oab.estrategia.com\\\/portal\\\/prova-comentada-oab-43-exame-direito-processual-civil\\\/#primaryimage\"},\"thumbnailUrl\":\"https:\\\/\\\/oab.estrategia.com\\\/portal\\\/wp-content\\\/uploads\\\/2024\\\/09\\\/05095354\\\/image-1-1.png\",\"articleSection\":[\"1\u00aa Fase OAB\",\"Gabaritos OAB\"],\"inLanguage\":\"pt-BR\",\"potentialAction\":[{\"@type\":\"CommentAction\",\"name\":\"Comment\",\"target\":[\"https:\\\/\\\/oab.estrategia.com\\\/portal\\\/prova-comentada-oab-43-exame-direito-processual-civil\\\/#respond\"]}]},{\"@type\":\"WebPage\",\"@id\":\"https:\\\/\\\/oab.estrategia.com\\\/portal\\\/prova-comentada-oab-43-exame-direito-processual-civil\\\/\",\"url\":\"https:\\\/\\\/oab.estrategia.com\\\/portal\\\/prova-comentada-oab-43-exame-direito-processual-civil\\\/\",\"name\":\"Prova comentada OAB 43\u00ba exame: Direito Processual Civil\",\"isPartOf\":{\"@id\":\"https:\\\/\\\/oab.estrategia.com\\\/portal\\\/#website\"},\"primaryImageOfPage\":{\"@id\":\"https:\\\/\\\/oab.estrategia.com\\\/portal\\\/prova-comentada-oab-43-exame-direito-processual-civil\\\/#primaryimage\"},\"image\":{\"@id\":\"https:\\\/\\\/oab.estrategia.com\\\/portal\\\/prova-comentada-oab-43-exame-direito-processual-civil\\\/#primaryimage\"},\"thumbnailUrl\":\"https:\\\/\\\/oab.estrategia.com\\\/portal\\\/wp-content\\\/uploads\\\/2024\\\/09\\\/05095354\\\/image-1-1.png\",\"datePublished\":\"2025-04-28T23:04:52+00:00\",\"dateModified\":\"2025-04-29T18:32:03+00:00\",\"description\":\"Confira agora mesmo a Prova comentada OAB 43\u00ba exame de Direito Processual Civil elaborada pelo nosso time de especialistas em aprova\u00e7\u00e3o!\",\"breadcrumb\":{\"@id\":\"https:\\\/\\\/oab.estrategia.com\\\/portal\\\/prova-comentada-oab-43-exame-direito-processual-civil\\\/#breadcrumb\"},\"inLanguage\":\"pt-BR\",\"potentialAction\":[{\"@type\":\"ReadAction\",\"target\":[\"https:\\\/\\\/oab.estrategia.com\\\/portal\\\/prova-comentada-oab-43-exame-direito-processual-civil\\\/\"]}]},{\"@type\":\"ImageObject\",\"inLanguage\":\"pt-BR\",\"@id\":\"https:\\\/\\\/oab.estrategia.com\\\/portal\\\/prova-comentada-oab-43-exame-direito-processual-civil\\\/#primaryimage\",\"url\":\"https:\\\/\\\/oab.estrategia.com\\\/portal\\\/wp-content\\\/uploads\\\/2024\\\/09\\\/05095354\\\/image-1-1.png\",\"contentUrl\":\"https:\\\/\\\/oab.estrategia.com\\\/portal\\\/wp-content\\\/uploads\\\/2024\\\/09\\\/05095354\\\/image-1-1.png\",\"width\":745,\"height\":417},{\"@type\":\"BreadcrumbList\",\"@id\":\"https:\\\/\\\/oab.estrategia.com\\\/portal\\\/prova-comentada-oab-43-exame-direito-processual-civil\\\/#breadcrumb\",\"itemListElement\":[{\"@type\":\"ListItem\",\"position\":1,\"name\":\"In\u00edcio\",\"item\":\"https:\\\/\\\/oab.estrategia.com\\\/portal\\\/\"},{\"@type\":\"ListItem\",\"position\":2,\"name\":\"Prova comentada OAB 43\u00ba exame: Direito Processual Civil\"}]},{\"@type\":\"WebSite\",\"@id\":\"https:\\\/\\\/oab.estrategia.com\\\/portal\\\/#website\",\"url\":\"https:\\\/\\\/oab.estrategia.com\\\/portal\\\/\",\"name\":\"Blog - OAB - Estrat\u00e9gia\",\"description\":\"Blog OAB - Estrat\u00e9gia Concursos\",\"publisher\":{\"@id\":\"https:\\\/\\\/oab.estrategia.com\\\/portal\\\/#organization\"},\"potentialAction\":[{\"@type\":\"SearchAction\",\"target\":{\"@type\":\"EntryPoint\",\"urlTemplate\":\"https:\\\/\\\/oab.estrategia.com\\\/portal\\\/?s={search_term_string}\"},\"query-input\":{\"@type\":\"PropertyValueSpecification\",\"valueRequired\":true,\"valueName\":\"search_term_string\"}}],\"inLanguage\":\"pt-BR\"},{\"@type\":\"Organization\",\"@id\":\"https:\\\/\\\/oab.estrategia.com\\\/portal\\\/#organization\",\"name\":\"Estrat\u00e9gia Concursos\",\"url\":\"https:\\\/\\\/oab.estrategia.com\\\/portal\\\/\",\"logo\":{\"@type\":\"ImageObject\",\"inLanguage\":\"pt-BR\",\"@id\":\"https:\\\/\\\/oab.estrategia.com\\\/portal\\\/#\\\/schema\\\/logo\\\/image\\\/\",\"url\":\"https:\\\/\\\/oab.estrategia.com\\\/portal\\\/wp-content\\\/uploads\\\/2022\\\/04\\\/06103601\\\/oab-icone-2.png\",\"contentUrl\":\"https:\\\/\\\/oab.estrategia.com\\\/portal\\\/wp-content\\\/uploads\\\/2022\\\/04\\\/06103601\\\/oab-icone-2.png\",\"width\":900,\"height\":900,\"caption\":\"Estrat\u00e9gia Concursos\"},\"image\":{\"@id\":\"https:\\\/\\\/oab.estrategia.com\\\/portal\\\/#\\\/schema\\\/logo\\\/image\\\/\"},\"sameAs\":[\"https:\\\/\\\/www.facebook.com\\\/estrategiaoab\\\/\",\"https:\\\/\\\/x.com\\\/estrategiaoab\",\"https:\\\/\\\/www.instagram.com\\\/estrategiaoab\\\/\",\"https:\\\/\\\/www.youtube.com\\\/EstrategiaOAB\"]},{\"@type\":\"Person\",\"@id\":\"https:\\\/\\\/oab.estrategia.com\\\/portal\\\/#\\\/schema\\\/person\\\/74fa7e131ce7fd0199e3ef003d93dd2a\",\"name\":\"Priscila Bonomi\",\"image\":{\"@type\":\"ImageObject\",\"inLanguage\":\"pt-BR\",\"@id\":\"https:\\\/\\\/oab.estrategia.com\\\/portal\\\/wp-content\\\/uploads\\\/2025\\\/05\\\/05144855\\\/Imagem-do-WhatsApp-de-2025-05-05-as-14.47.57_b98168e4-96x96.jpg\",\"url\":\"https:\\\/\\\/oab.estrategia.com\\\/portal\\\/wp-content\\\/uploads\\\/2025\\\/05\\\/05144855\\\/Imagem-do-WhatsApp-de-2025-05-05-as-14.47.57_b98168e4-96x96.jpg\",\"contentUrl\":\"https:\\\/\\\/oab.estrategia.com\\\/portal\\\/wp-content\\\/uploads\\\/2025\\\/05\\\/05144855\\\/Imagem-do-WhatsApp-de-2025-05-05-as-14.47.57_b98168e4-96x96.jpg\",\"caption\":\"Priscila Bonomi\"},\"url\":\"https:\\\/\\\/oab.estrategia.com\\\/portal\\\/author\\\/priscila-bonomi\\\/\"}]}<\/script>\n<!-- \/ Yoast SEO Premium plugin. -->","yoast_head_json":{"title":"Prova comentada OAB 43\u00ba exame: Direito Processual Civil","description":"Confira agora mesmo a Prova comentada OAB 43\u00ba exame de Direito Processual Civil elaborada pelo nosso time de especialistas em aprova\u00e7\u00e3o!","robots":{"index":"index","follow":"follow","max-snippet":"max-snippet:-1","max-image-preview":"max-image-preview:large","max-video-preview":"max-video-preview:-1"},"canonical":"https:\/\/oab.estrategia.com\/portal\/prova-comentada-oab-43-exame-direito-processual-civil\/","og_locale":"pt_BR","og_type":"article","og_title":"Prova comentada OAB 43\u00ba exame: Direito Processual Civil","og_description":"Confira agora mesmo a Prova comentada OAB 43\u00ba exame de Direito Processual Civil elaborada pelo nosso time de especialistas em aprova\u00e7\u00e3o!","og_url":"https:\/\/oab.estrategia.com\/portal\/prova-comentada-oab-43-exame-direito-processual-civil\/","og_site_name":"Blog - OAB - Estrat\u00e9gia","article_publisher":"https:\/\/www.facebook.com\/estrategiaoab\/","article_published_time":"2025-04-28T23:04:52+00:00","article_modified_time":"2025-04-29T18:32:03+00:00","og_image":[{"width":745,"height":417,"url":"https:\/\/oab.estrategia.com\/portal\/wp-content\/uploads\/2024\/09\/05095354\/image-1-1.png","type":"image\/png"}],"author":"Priscila Bonomi","twitter_card":"summary_large_image","twitter_creator":"@estrategiaoab","twitter_site":"@estrategiaoab","twitter_misc":{"Escrito por":"Priscila Bonomi","Est. tempo de leitura":"16 minutos"},"schema":{"@context":"https:\/\/schema.org","@graph":[{"@type":"Article","@id":"https:\/\/oab.estrategia.com\/portal\/prova-comentada-oab-43-exame-direito-processual-civil\/#article","isPartOf":{"@id":"https:\/\/oab.estrategia.com\/portal\/prova-comentada-oab-43-exame-direito-processual-civil\/"},"author":{"name":"Priscila Bonomi","@id":"https:\/\/oab.estrategia.com\/portal\/#\/schema\/person\/74fa7e131ce7fd0199e3ef003d93dd2a"},"headline":"Prova comentada OAB 43\u00ba exame: Direito Processual Civil","datePublished":"2025-04-28T23:04:52+00:00","dateModified":"2025-04-29T18:32:03+00:00","mainEntityOfPage":{"@id":"https:\/\/oab.estrategia.com\/portal\/prova-comentada-oab-43-exame-direito-processual-civil\/"},"wordCount":3151,"commentCount":0,"publisher":{"@id":"https:\/\/oab.estrategia.com\/portal\/#organization"},"image":{"@id":"https:\/\/oab.estrategia.com\/portal\/prova-comentada-oab-43-exame-direito-processual-civil\/#primaryimage"},"thumbnailUrl":"https:\/\/oab.estrategia.com\/portal\/wp-content\/uploads\/2024\/09\/05095354\/image-1-1.png","articleSection":["1\u00aa Fase OAB","Gabaritos OAB"],"inLanguage":"pt-BR","potentialAction":[{"@type":"CommentAction","name":"Comment","target":["https:\/\/oab.estrategia.com\/portal\/prova-comentada-oab-43-exame-direito-processual-civil\/#respond"]}]},{"@type":"WebPage","@id":"https:\/\/oab.estrategia.com\/portal\/prova-comentada-oab-43-exame-direito-processual-civil\/","url":"https:\/\/oab.estrategia.com\/portal\/prova-comentada-oab-43-exame-direito-processual-civil\/","name":"Prova comentada OAB 43\u00ba exame: Direito Processual Civil","isPartOf":{"@id":"https:\/\/oab.estrategia.com\/portal\/#website"},"primaryImageOfPage":{"@id":"https:\/\/oab.estrategia.com\/portal\/prova-comentada-oab-43-exame-direito-processual-civil\/#primaryimage"},"image":{"@id":"https:\/\/oab.estrategia.com\/portal\/prova-comentada-oab-43-exame-direito-processual-civil\/#primaryimage"},"thumbnailUrl":"https:\/\/oab.estrategia.com\/portal\/wp-content\/uploads\/2024\/09\/05095354\/image-1-1.png","datePublished":"2025-04-28T23:04:52+00:00","dateModified":"2025-04-29T18:32:03+00:00","description":"Confira agora mesmo a Prova comentada OAB 43\u00ba exame de Direito Processual Civil elaborada pelo nosso time de especialistas em aprova\u00e7\u00e3o!","breadcrumb":{"@id":"https:\/\/oab.estrategia.com\/portal\/prova-comentada-oab-43-exame-direito-processual-civil\/#breadcrumb"},"inLanguage":"pt-BR","potentialAction":[{"@type":"ReadAction","target":["https:\/\/oab.estrategia.com\/portal\/prova-comentada-oab-43-exame-direito-processual-civil\/"]}]},{"@type":"ImageObject","inLanguage":"pt-BR","@id":"https:\/\/oab.estrategia.com\/portal\/prova-comentada-oab-43-exame-direito-processual-civil\/#primaryimage","url":"https:\/\/oab.estrategia.com\/portal\/wp-content\/uploads\/2024\/09\/05095354\/image-1-1.png","contentUrl":"https:\/\/oab.estrategia.com\/portal\/wp-content\/uploads\/2024\/09\/05095354\/image-1-1.png","width":745,"height":417},{"@type":"BreadcrumbList","@id":"https:\/\/oab.estrategia.com\/portal\/prova-comentada-oab-43-exame-direito-processual-civil\/#breadcrumb","itemListElement":[{"@type":"ListItem","position":1,"name":"In\u00edcio","item":"https:\/\/oab.estrategia.com\/portal\/"},{"@type":"ListItem","position":2,"name":"Prova comentada OAB 43\u00ba exame: Direito Processual Civil"}]},{"@type":"WebSite","@id":"https:\/\/oab.estrategia.com\/portal\/#website","url":"https:\/\/oab.estrategia.com\/portal\/","name":"Blog - OAB - Estrat\u00e9gia","description":"Blog OAB - Estrat\u00e9gia Concursos","publisher":{"@id":"https:\/\/oab.estrategia.com\/portal\/#organization"},"potentialAction":[{"@type":"SearchAction","target":{"@type":"EntryPoint","urlTemplate":"https:\/\/oab.estrategia.com\/portal\/?s={search_term_string}"},"query-input":{"@type":"PropertyValueSpecification","valueRequired":true,"valueName":"search_term_string"}}],"inLanguage":"pt-BR"},{"@type":"Organization","@id":"https:\/\/oab.estrategia.com\/portal\/#organization","name":"Estrat\u00e9gia Concursos","url":"https:\/\/oab.estrategia.com\/portal\/","logo":{"@type":"ImageObject","inLanguage":"pt-BR","@id":"https:\/\/oab.estrategia.com\/portal\/#\/schema\/logo\/image\/","url":"https:\/\/oab.estrategia.com\/portal\/wp-content\/uploads\/2022\/04\/06103601\/oab-icone-2.png","contentUrl":"https:\/\/oab.estrategia.com\/portal\/wp-content\/uploads\/2022\/04\/06103601\/oab-icone-2.png","width":900,"height":900,"caption":"Estrat\u00e9gia Concursos"},"image":{"@id":"https:\/\/oab.estrategia.com\/portal\/#\/schema\/logo\/image\/"},"sameAs":["https:\/\/www.facebook.com\/estrategiaoab\/","https:\/\/x.com\/estrategiaoab","https:\/\/www.instagram.com\/estrategiaoab\/","https:\/\/www.youtube.com\/EstrategiaOAB"]},{"@type":"Person","@id":"https:\/\/oab.estrategia.com\/portal\/#\/schema\/person\/74fa7e131ce7fd0199e3ef003d93dd2a","name":"Priscila Bonomi","image":{"@type":"ImageObject","inLanguage":"pt-BR","@id":"https:\/\/oab.estrategia.com\/portal\/wp-content\/uploads\/2025\/05\/05144855\/Imagem-do-WhatsApp-de-2025-05-05-as-14.47.57_b98168e4-96x96.jpg","url":"https:\/\/oab.estrategia.com\/portal\/wp-content\/uploads\/2025\/05\/05144855\/Imagem-do-WhatsApp-de-2025-05-05-as-14.47.57_b98168e4-96x96.jpg","contentUrl":"https:\/\/oab.estrategia.com\/portal\/wp-content\/uploads\/2025\/05\/05144855\/Imagem-do-WhatsApp-de-2025-05-05-as-14.47.57_b98168e4-96x96.jpg","caption":"Priscila Bonomi"},"url":"https:\/\/oab.estrategia.com\/portal\/author\/priscila-bonomi\/"}]}},"jetpack_featured_media_url":"https:\/\/oab.estrategia.com\/portal\/wp-content\/uploads\/2024\/09\/05095354\/image-1-1.png","jetpack_sharing_enabled":true,"_links":{"self":[{"href":"https:\/\/oab.estrategia.com\/portal\/wp-json\/wp\/v2\/posts\/17727","targetHints":{"allow":["GET"]}}],"collection":[{"href":"https:\/\/oab.estrategia.com\/portal\/wp-json\/wp\/v2\/posts"}],"about":[{"href":"https:\/\/oab.estrategia.com\/portal\/wp-json\/wp\/v2\/types\/post"}],"author":[{"embeddable":true,"href":"https:\/\/oab.estrategia.com\/portal\/wp-json\/wp\/v2\/users\/117"}],"replies":[{"embeddable":true,"href":"https:\/\/oab.estrategia.com\/portal\/wp-json\/wp\/v2\/comments?post=17727"}],"version-history":[{"count":4,"href":"https:\/\/oab.estrategia.com\/portal\/wp-json\/wp\/v2\/posts\/17727\/revisions"}],"predecessor-version":[{"id":17857,"href":"https:\/\/oab.estrategia.com\/portal\/wp-json\/wp\/v2\/posts\/17727\/revisions\/17857"}],"wp:featuredmedia":[{"embeddable":true,"href":"https:\/\/oab.estrategia.com\/portal\/wp-json\/wp\/v2\/media\/12852"}],"wp:attachment":[{"href":"https:\/\/oab.estrategia.com\/portal\/wp-json\/wp\/v2\/media?parent=17727"}],"wp:term":[{"taxonomy":"category","embeddable":true,"href":"https:\/\/oab.estrategia.com\/portal\/wp-json\/wp\/v2\/categories?post=17727"},{"taxonomy":"post_tag","embeddable":true,"href":"https:\/\/oab.estrategia.com\/portal\/wp-json\/wp\/v2\/tags?post=17727"}],"curies":[{"name":"wp","href":"https:\/\/api.w.org\/{rel}","templated":true}]}}