{"id":20296,"date":"2025-07-11T12:49:30","date_gmt":"2025-07-11T15:49:30","guid":{"rendered":"https:\/\/oab.estrategia.com\/portal\/?p=20296"},"modified":"2025-07-11T12:52:18","modified_gmt":"2025-07-11T15:52:18","slug":"o-que-pode-cair-de-direito-do-trabalho-na-prova-da-oab","status":"publish","type":"post","link":"https:\/\/oab.estrategia.com\/portal\/o-que-pode-cair-de-direito-do-trabalho-na-prova-da-oab\/","title":{"rendered":"O que pode cair de Direito do Trabalho na prova da OAB?"},"content":{"rendered":"<a id=\"cta-icon\" href=\"https:\/\/sndflw.com\/i\/1-fase-da-oab-grupo\" target=\"blank\" style=\"background:rgb(174,10,11)\">\n            <img decoding=\"async\" src=\"https:\/\/oab.estrategia.com\/portal\/wp-content\/uploads\/2023\/12\/07160715\/whatsapp_1385.webp\" alt=\"\" alt=\"whatsapp_1385\"><span > Acesse agora o Grupo de Estudos para 1\u00aa fase da OAB<\/span><\/a>\n\n\n<a id=\"cta-icon\" href=\"https:\/\/sndflw.com\/i\/2-fase-da-oab-grupo\" target=\"blank\" style=\"background:rgb(174,10,11)\">\n            <img decoding=\"async\" src=\"https:\/\/oab.estrategia.com\/portal\/wp-content\/uploads\/2023\/12\/07160715\/whatsapp_1385.webp\" alt=\"\" alt=\"whatsapp_1385\"><span > Acesse agora o grupo de estudos para a 2\u00aa fase da OAB! <\/span><\/a>\n\n\n\n<p>Direito do Trabalho \u00e9 uma das mat\u00e9rias mais relevantes da<strong> 1\u00aa fase do Exame de Ordem.<\/strong> Com at\u00e9 <strong>6 quest\u00f5es na prova objetiva<\/strong>, \u00e9 uma disciplina que exige do candidato n\u00e3o s\u00f3 memoriza\u00e7\u00e3o de artigos, mas tamb\u00e9m compreens\u00e3o da l\u00f3gica protetiva que orienta toda a legisla\u00e7\u00e3o trabalhista.<\/p>\n\n\n\n<p>Se voc\u00ea quer <strong>gabaritar Direito do Trabalho<\/strong>, precisa saber <strong>quais s\u00e3o os temas mais cobrados pela FGV<\/strong>, como eles costumam ser exigidos e como aplicar o conhecimento na pr\u00e1tica. \u00c9 isso que vamos te mostrar neste artigo, com <strong>explica\u00e7\u00f5es claras e exemplos reais de prova.<\/strong><\/p>\n\n\n\n<p class=\"has-background\" style=\"background-color:#8a0000\"><strong><em><mark style=\"background-color:rgba(0, 0, 0, 0)\" class=\"has-inline-color has-white-color\">Importante: direito do trabalho \u00e9 o ramo do Direito que regula as rela\u00e7\u00f5es entre empregados e empregadores, com foco na prote\u00e7\u00e3o da parte mais vulner\u00e1vel da rela\u00e7\u00e3o: o trabalhador. Seu objetivo \u00e9 garantir condi\u00e7\u00f5es dignas de trabalho.<\/mark><\/em><\/strong><\/p>\n\n\n\n<h2 class=\"wp-block-heading\" id=\"h-direito-do-trabalho\"><span id=\"direito-do-trabalho\">Direito do Trabalho<\/span><\/h2>\n\n\n\n<p>A <strong>prova costuma abordar os princ\u00edpios fundamentais da disciplina<\/strong> (como prote\u00e7\u00e3o, norma mais favor\u00e1vel e primazia da realidade), al\u00e9m dos contratos de trabalho e suas esp\u00e9cies (contrato por prazo determinado, intermitente, de experi\u00eancia, entre outros).<\/p>\n\n\n\n<p>As quest\u00f5es sobre jornada de trabalho, horas extras, banco de horas, intervalos e trabalho noturno tamb\u00e9m costumam aparecer. <strong>A FGV cobra temas como estabilidade no emprego, FGTS, remunera\u00e7\u00e3o, equipara\u00e7\u00e3o salarial e prote\u00e7\u00e3o \u00e0 mulher e ao menor.<\/strong><\/p>\n\n\n\n<p><strong>Voc\u00ea vai precisar dominar as hip\u00f3teses de rescis\u00e3o contratua<\/strong>l (inclusive com justa causa ou indireta), aviso pr\u00e9vio proporcional e prazos para pagamento das verbas rescis\u00f3rias. O Direito Coletivo do Trabalho (greves, conven\u00e7\u00f5es e acordos coletivos) e a atua\u00e7\u00e3o dos sindicatos tamb\u00e9m aparecem, embora com menor frequ\u00eancia.<\/p>\n\n\n\n<ul class=\"wp-block-list\"><\/ul>\n\n\n\n<h3 id=\"%f0%9f%8e%af-exemplo-com-explicacao\" class=\"wp-block-heading\">\ud83c\udfaf Exemplo com explica\u00e7\u00e3o:<\/h3>\n\n\n\n<p><strong><em>Quest\u00e3o (adaptada da OAB XXVII):<\/em><\/strong><\/p>\n\n\n\n<blockquote class=\"wp-block-quote is-layout-flow wp-block-quote-is-layout-flow\">\n<p><em>Jo\u00e3o foi contratado como auxiliar administrativo com sal\u00e1rio de R$ 2.000, mas passou a exercer tarefas de analista cont\u00e1bil, sem reajuste de sal\u00e1rio. Qual princ\u00edpio foi violado?<\/em><\/p>\n<\/blockquote>\n\n\n\n<p><strong>Coment\u00e1rio:<\/strong> <em>Aqui a quest\u00e3o testa o <strong>princ\u00edpio da prote\u00e7\u00e3o<\/strong>, mais especificamente o <strong>subprinc\u00edpio da inalterabilidade contratual lesiva<\/strong>, que protege o trabalhador contra preju\u00edzos unilaterais. A mudan\u00e7a de fun\u00e7\u00e3o sem contrapartida financeira fere esse princ\u00edpio.<\/em><\/p>\n\n\n\n<p><em>\u2705 Gabarito: <strong>Princ\u00edpio da prote\u00e7\u00e3o ao trabalhador.<\/strong><\/em><\/p>\n\n\n\n<h2 class=\"wp-block-heading has-text-align-center\" id=\"h-quer-intensificar-seu-conhecimento-vem-para-o-nosso-oab-game-show-direito-do-trabalho-processo-do-trabalho\"><span id=\"quer-intensificar-seu-conhecimento-vem-para-o-nosso-oab-game-show-direito-do-trabalho-processo-do-trabalho\">Quer intensificar seu conhecimento? Vem para o nosso OAB Game Show &#8211; Direito do Trabalho + Processo do Trabalho<\/span><\/h2>\n\n\n\n<figure class=\"wp-block-embed is-type-video is-provider-youtube wp-block-embed-youtube wp-embed-aspect-16-9 wp-has-aspect-ratio\"><div class=\"wp-block-embed__wrapper\">\n<div class=\"cs-embed cs-embed-responsive\"><iframe title=\"OAB Game Show - Direito do Trabalho + Processo do Trabalho\" width=\"1200\" height=\"675\" src=\"https:\/\/www.youtube.com\/embed\/HS3Ukxh_41M?feature=oembed\" frameborder=\"0\" allow=\"accelerometer; autoplay; clipboard-write; encrypted-media; gyroscope; picture-in-picture; web-share\" referrerpolicy=\"strict-origin-when-cross-origin\" allowfullscreen><\/iframe><\/div>\n<\/div><\/figure>\n\n\n\n<h3 class=\"wp-block-heading\" id=\"h-conclusao-como-estudar-direito-do-trabalho-para-a-oab\"><span id=\"%f0%9f%8e%93-conclusao-como-estudar-direito-do-trabalho-para-a-oab\">\ud83c\udf93 Conclus\u00e3o: como estudar Direito do Trabalho para a OAB?<\/span><\/h3>\n\n\n\n<p>Estude com base em <strong>exemplos pr\u00e1ticos<\/strong>, <strong>resumos com artigos-chave<\/strong> e muita <strong>resolu\u00e7\u00e3o de quest\u00f5es FGV<\/strong>. Priorize os temas mais cobrados:<\/p>\n\n\n\n<ul class=\"wp-block-list\">\n<li>Princ\u00edpios do Direito do Trabalho<\/li>\n\n\n\n<li>Contratos e suas esp\u00e9cies<\/li>\n\n\n\n<li>Jornada, horas extras e controle<\/li>\n\n\n\n<li>Direitos do menor e do aprendiz<\/li>\n\n\n\n<li>Rescis\u00e3o, aviso pr\u00e9vio e verbas rescis\u00f3rias<\/li>\n\n\n\n<li>Direito coletivo e estabilidade<\/li>\n<\/ul>\n\n\n\n<p><em>Esses s\u00e3o os <strong>queridinhos da banca<\/strong>, e domin\u00e1-los pode garantir seus 6 pontos na prova!<\/em><\/p>\n\n\n\n<h2 class=\"wp-block-heading has-text-align-center\" id=\"h-que-tal-estudar-com-a-nossa-ultima-revisao-de-vespera-2\u00aa-fase-direito-do-trabalho-do-43-exame-de-ordem\"><span id=\"que-tal-estudar-com-a-nossa-ultima-revisao-de-vespera-2a-fase-direito-do-trabalho-do-43-exame-de-ordem\">Que tal estudar com a nossa \u00faltima Revis\u00e3o de V\u00e9spera | 2\u00aa Fase \u2013 Direito do Trabalho do 43\u00b0 Exame de Ordem?<\/span><\/h2>\n\n\n\n<figure class=\"wp-block-embed is-type-video is-provider-youtube wp-block-embed-youtube wp-embed-aspect-16-9 wp-has-aspect-ratio\"><div class=\"wp-block-embed__wrapper\">\n<div class=\"cs-embed cs-embed-responsive\"><iframe title=\"Revis\u00e3o de V\u00e9spera | 2\u00aa Fase \u2013 Direito do Trabalho | 43\u00b0 Exame de Ordem\" width=\"1200\" height=\"675\" src=\"https:\/\/www.youtube.com\/embed\/cV7lQlopC3M?feature=oembed\" frameborder=\"0\" allow=\"accelerometer; autoplay; clipboard-write; encrypted-media; gyroscope; picture-in-picture; web-share\" referrerpolicy=\"strict-origin-when-cross-origin\" allowfullscreen><\/iframe><\/div>\n<\/div><\/figure>\n\n\n\n<p class=\"has-text-align-center\"><em>Confira todos os detalhes e disciplinas: <\/em><\/p>\n\n\n\n<p class=\"has-text-align-center has-very-light-gray-to-cyan-bluish-gray-gradient-background has-background\"><a href=\"https:\/\/oab.estrategia.com\/portal\/edital-oab-44-exame-de-ordem\/\" target=\"_blank\" >Edital OAB 44\u00ba Exame de Ordem<\/a><\/p>\n\n\n\n<p class=\"has-text-align-center\"><em>Se o seu sonho \u00e9 se tornar Advogado, Juiz, Promotor, Procurador ou Delegado, comece pelo&nbsp;<strong><a href=\"https:\/\/oab.estrategia.com\/\" target=\"_blank\" >primeiro passo: conquistar a OAB<\/a>.&nbsp;<\/strong>Estude de forma estrat\u00e9gica com o curso que mais aprova e transforme seu sonho em realidade com o&nbsp;<strong><a href=\"https:\/\/oab.estrategia.com\/\" target=\"_blank\" >Estrat\u00e9gia OAB<\/a><\/strong><\/em>.<\/p>\n\n\n\n<div class=\"wp-block-group\"><div class=\"wp-block-group__inner-container is-layout-constrained wp-block-group-is-layout-constrained\">\n<div class=\"wp-block-cover\" style=\"min-height:84px;aspect-ratio:unset;\"><img decoding=\"async\" width=\"1160\" height=\"215\" class=\"wp-block-cover__image-background wp-image-15434\" alt=\"\" src=\"https:\/\/oab.estrategia.com\/portal\/wp-content\/uploads\/2025\/01\/31012626\/Banner-curso-de-ingles-no-seu-ritmo-vermelho-e-azul-moderno-1160-x-215-px.png\" style=\"object-position:100% 28%\" data-object-fit=\"cover\" data-object-position=\"100% 28%\" srcset=\"https:\/\/oab.estrategia.com\/portal\/wp-content\/uploads\/2025\/01\/31012626\/Banner-curso-de-ingles-no-seu-ritmo-vermelho-e-azul-moderno-1160-x-215-px.png 1160w, https:\/\/oab.estrategia.com\/portal\/wp-content\/uploads\/2025\/01\/31012626\/Banner-curso-de-ingles-no-seu-ritmo-vermelho-e-azul-moderno-1160-x-215-px-300x56.png 300w, https:\/\/oab.estrategia.com\/portal\/wp-content\/uploads\/2025\/01\/31012626\/Banner-curso-de-ingles-no-seu-ritmo-vermelho-e-azul-moderno-1160-x-215-px-1024x190.png 1024w, https:\/\/oab.estrategia.com\/portal\/wp-content\/uploads\/2025\/01\/31012626\/Banner-curso-de-ingles-no-seu-ritmo-vermelho-e-azul-moderno-1160-x-215-px-768x142.png 768w, https:\/\/oab.estrategia.com\/portal\/wp-content\/uploads\/2025\/01\/31012626\/Banner-curso-de-ingles-no-seu-ritmo-vermelho-e-azul-moderno-1160-x-215-px-380x70.png 380w, https:\/\/oab.estrategia.com\/portal\/wp-content\/uploads\/2025\/01\/31012626\/Banner-curso-de-ingles-no-seu-ritmo-vermelho-e-azul-moderno-1160-x-215-px-800x148.png 800w, https:\/\/oab.estrategia.com\/portal\/wp-content\/uploads\/2025\/01\/31012626\/Banner-curso-de-ingles-no-seu-ritmo-vermelho-e-azul-moderno-1160-x-215-px-150x28.png 150w\" sizes=\"(max-width: 1160px) 100vw, 1160px\" \/><span aria-hidden=\"true\" class=\"wp-block-cover__background has-background-dim\"><\/span><div class=\"wp-block-cover__inner-container is-layout-flow wp-block-cover-is-layout-flow\">\n<h3 id=\"cursos-para-a-2a-fase-da-oab\" class=\"titulo-assinatura\">Cursos para a 2\u00aa Fase da OAB<\/h3>\n<p class=\"subtitulo-assinatura\" style=\"display:block!important; line-height: 0;\">Conhe\u00e7a os cursos!<\/p>\n<a target=\"_blank\" href=\"https:\/\/oab.estrategia.com\/concursos\/cursos\/segunda-fase-oab\" rel=\"noopener\"><button style=\"border-radius: 10px; text-transform: capitalize;\">Acessar<\/button><\/a>\n<\/div><\/div>\n<\/div><\/div>\n\n\n\n<p><strong><em>Leia tamb\u00e9m:<\/em><\/strong><\/p>\n\n\n\n<ul style=\"background-color:#ffc9c9\" class=\"wp-block-list has-background\">\n<li><a href=\"https:\/\/oab.estrategia.com\/portal\/qual-a-melhor-forma-de-estudar-o-vade-mecum\/\" target=\"_blank\" ><em>Qual a melhor forma de estudar o Vade Mecum?<\/em><\/a><\/li>\n\n\n\n<li><a href=\"https:\/\/oab.estrategia.com\/portal\/posso-prestar-o-exame-da-oab-antes-de-me-formar\/\" target=\"_blank\" ><em>Posso prestar o Exame da OAB antes de me formar?<\/em><\/a><\/li>\n\n\n\n<li><a href=\"https:\/\/oab.estrategia.com\/portal\/maiores-erros-oab\/\" target=\"_blank\" ><em>Os 4 maiores erros na prepara\u00e7\u00e3o para a OAB<\/em><\/a><\/li>\n\n\n\n<li><a href=\"https:\/\/oab.estrategia.com\/portal\/roteiro-de-estudos-ideal-para-a-1-fase-da-oab\/\" target=\"_blank\" ><em>Roteiro de Estudos Ideal para a 1\u00aa Fase da OAB<\/em><\/a><\/li>\n\n\n\n<li><a href=\"https:\/\/oab.estrategia.com\/portal\/oab-e-concursos-e-possivel-conciliar-a-carreira-e-os-estudos\/\" target=\"_blank\" ><em>OAB + Concursos: \u00e9 poss\u00edvel conciliar a carreira e os estudos?<\/em><\/a><\/li>\n\n\n\n<li><a href=\"https:\/\/oab.estrategia.com\/portal\/o-que-acontece-se-eu-passar-na-oab-antes-de-terminar-a-faculdade\/\" target=\"_blank\" ><em>O que acontece se eu passar na OAB antes de terminar a faculdade?<\/em><\/a><\/li>\n<\/ul>\n\n\n\n<h3 class=\"wp-block-heading has-text-align-center\" id=\"h-conteudos-exclusivos-e-atualizacoes-em-tempo-real-siga-nossas-redes-e-esteja-sempre-um-passo-a-frente\"><span id=\"conteudos-exclusivos-e-atualizacoes-em-tempo-realsiga-nossas-redes-e-esteja-sempre-um-passo-a-frente\">Conte\u00fados exclusivos e atualiza\u00e7\u00f5es em tempo real?<br>Siga nossas redes e esteja sempre um passo \u00e0 frente!<\/span><\/h3>\n\n\n\n<ul class=\"wp-block-social-links has-normal-icon-size has-visible-labels is-horizontal is-content-justification-center is-layout-flex wp-container-core-social-links-is-layout-499968f5 wp-block-social-links-is-layout-flex\"><li class=\"wp-social-link wp-social-link-facebook  wp-block-social-link\"><a rel=\"noopener nofollow\" target=\"_blank\" href=\"https:\/\/www.facebook.com\/oabestrategia?locale=pt_BR\" class=\"wp-block-social-link-anchor\"><svg width=\"24\" height=\"24\" viewBox=\"0 0 24 24\" version=\"1.1\" xmlns=\"http:\/\/www.w3.org\/2000\/svg\" aria-hidden=\"true\" focusable=\"false\"><path d=\"M12 2C6.5 2 2 6.5 2 12c0 5 3.7 9.1 8.4 9.9v-7H7.9V12h2.5V9.8c0-2.5 1.5-3.9 3.8-3.9 1.1 0 2.2.2 2.2.2v2.5h-1.3c-1.2 0-1.6.8-1.6 1.6V12h2.8l-.4 2.9h-2.3v7C18.3 21.1 22 17 22 12c0-5.5-4.5-10-10-10z\"><\/path><\/svg><span class=\"wp-block-social-link-label\">Facebook<\/span><\/a><\/li>\n\n<li class=\"wp-social-link wp-social-link-instagram  wp-block-social-link\"><a rel=\"noopener nofollow\" target=\"_blank\" href=\"https:\/\/www.instagram.com\/estrategiaoab\/\" class=\"wp-block-social-link-anchor\"><svg width=\"24\" height=\"24\" viewBox=\"0 0 24 24\" version=\"1.1\" xmlns=\"http:\/\/www.w3.org\/2000\/svg\" aria-hidden=\"true\" focusable=\"false\"><path d=\"M12,4.622c2.403,0,2.688,0.009,3.637,0.052c0.877,0.04,1.354,0.187,1.671,0.31c0.42,0.163,0.72,0.358,1.035,0.673 c0.315,0.315,0.51,0.615,0.673,1.035c0.123,0.317,0.27,0.794,0.31,1.671c0.043,0.949,0.052,1.234,0.052,3.637 s-0.009,2.688-0.052,3.637c-0.04,0.877-0.187,1.354-0.31,1.671c-0.163,0.42-0.358,0.72-0.673,1.035 c-0.315,0.315-0.615,0.51-1.035,0.673c-0.317,0.123-0.794,0.27-1.671,0.31c-0.949,0.043-1.233,0.052-3.637,0.052 s-2.688-0.009-3.637-0.052c-0.877-0.04-1.354-0.187-1.671-0.31c-0.42-0.163-0.72-0.358-1.035-0.673 c-0.315-0.315-0.51-0.615-0.673-1.035c-0.123-0.317-0.27-0.794-0.31-1.671C4.631,14.688,4.622,14.403,4.622,12 s0.009-2.688,0.052-3.637c0.04-0.877,0.187-1.354,0.31-1.671c0.163-0.42,0.358-0.72,0.673-1.035 c0.315-0.315,0.615-0.51,1.035-0.673c0.317-0.123,0.794-0.27,1.671-0.31C9.312,4.631,9.597,4.622,12,4.622 M12,3 C9.556,3,9.249,3.01,8.289,3.054C7.331,3.098,6.677,3.25,6.105,3.472C5.513,3.702,5.011,4.01,4.511,4.511 c-0.5,0.5-0.808,1.002-1.038,1.594C3.25,6.677,3.098,7.331,3.054,8.289C3.01,9.249,3,9.556,3,12c0,2.444,0.01,2.751,0.054,3.711 c0.044,0.958,0.196,1.612,0.418,2.185c0.23,0.592,0.538,1.094,1.038,1.594c0.5,0.5,1.002,0.808,1.594,1.038 c0.572,0.222,1.227,0.375,2.185,0.418C9.249,20.99,9.556,21,12,21s2.751-0.01,3.711-0.054c0.958-0.044,1.612-0.196,2.185-0.418 c0.592-0.23,1.094-0.538,1.594-1.038c0.5-0.5,0.808-1.002,1.038-1.594c0.222-0.572,0.375-1.227,0.418-2.185 C20.99,14.751,21,14.444,21,12s-0.01-2.751-0.054-3.711c-0.044-0.958-0.196-1.612-0.418-2.185c-0.23-0.592-0.538-1.094-1.038-1.594 c-0.5-0.5-1.002-0.808-1.594-1.038c-0.572-0.222-1.227-0.375-2.185-0.418C14.751,3.01,14.444,3,12,3L12,3z M12,7.378 c-2.552,0-4.622,2.069-4.622,4.622S9.448,16.622,12,16.622s4.622-2.069,4.622-4.622S14.552,7.378,12,7.378z M12,15 c-1.657,0-3-1.343-3-3s1.343-3,3-3s3,1.343,3,3S13.657,15,12,15z M16.804,6.116c-0.596,0-1.08,0.484-1.08,1.08 s0.484,1.08,1.08,1.08c0.596,0,1.08-0.484,1.08-1.08S17.401,6.116,16.804,6.116z\"><\/path><\/svg><span class=\"wp-block-social-link-label\">Instagram<\/span><\/a><\/li>\n\n<li class=\"wp-social-link wp-social-link-youtube  wp-block-social-link\"><a rel=\"noopener nofollow\" target=\"_blank\" href=\"https:\/\/www.youtube.com\/channel\/UC7rgrKTSF5aOrBGWOw60ovw\" class=\"wp-block-social-link-anchor\"><svg width=\"24\" height=\"24\" viewBox=\"0 0 24 24\" version=\"1.1\" xmlns=\"http:\/\/www.w3.org\/2000\/svg\" aria-hidden=\"true\" focusable=\"false\"><path d=\"M21.8,8.001c0,0-0.195-1.378-0.795-1.985c-0.76-0.797-1.613-0.801-2.004-0.847c-2.799-0.202-6.997-0.202-6.997-0.202 h-0.009c0,0-4.198,0-6.997,0.202C4.608,5.216,3.756,5.22,2.995,6.016C2.395,6.623,2.2,8.001,2.2,8.001S2,9.62,2,11.238v1.517 c0,1.618,0.2,3.237,0.2,3.237s0.195,1.378,0.795,1.985c0.761,0.797,1.76,0.771,2.205,0.855c1.6,0.153,6.8,0.201,6.8,0.201 s4.203-0.006,7.001-0.209c0.391-0.047,1.243-0.051,2.004-0.847c0.6-0.607,0.795-1.985,0.795-1.985s0.2-1.618,0.2-3.237v-1.517 C22,9.62,21.8,8.001,21.8,8.001z M9.935,14.594l-0.001-5.62l5.404,2.82L9.935,14.594z\"><\/path><\/svg><span class=\"wp-block-social-link-label\">Youtube<\/span><\/a><\/li>\n\n<li class=\"wp-social-link wp-social-link-telegram  wp-block-social-link\"><a rel=\"noopener nofollow\" target=\"_blank\" href=\"https:\/\/t.me\/transmissaoEstrategiaOAB\" class=\"wp-block-social-link-anchor\"><svg width=\"24\" height=\"24\" viewBox=\"0 0 128 128\" version=\"1.1\" xmlns=\"http:\/\/www.w3.org\/2000\/svg\" aria-hidden=\"true\" focusable=\"false\"><path d=\"M28.9700376,63.3244248 C47.6273373,55.1957357 60.0684594,49.8368063 66.2934036,47.2476366 C84.0668845,39.855031 87.7600616,38.5708563 90.1672227,38.528 C90.6966555,38.5191258 91.8804274,38.6503351 92.6472251,39.2725385 C93.294694,39.7979149 93.4728387,40.5076237 93.5580865,41.0057381 C93.6433345,41.5038525 93.7494885,42.63857 93.6651041,43.5252052 C92.7019529,53.6451182 88.5344133,78.2034783 86.4142057,89.5379542 C85.5170662,94.3339958 83.750571,95.9420841 82.0403991,96.0994568 C78.3237996,96.4414641 75.5015827,93.6432685 71.9018743,91.2836143 C66.2690414,87.5912212 63.0868492,85.2926952 57.6192095,81.6896017 C51.3004058,77.5256038 55.3966232,75.2369981 58.9976911,71.4967761 C59.9401076,70.5179421 76.3155302,55.6232293 76.6324771,54.2720454 C76.6721165,54.1030573 76.7089039,53.4731496 76.3346867,53.1405352 C75.9604695,52.8079208 75.4081573,52.921662 75.0095933,53.0121213 C74.444641,53.1403447 65.4461175,59.0880351 48.0140228,70.8551922 C45.4598218,72.6091037 43.1463059,73.4636682 41.0734751,73.4188859 C38.7883453,73.3695169 34.3926725,72.1268388 31.1249416,71.0646282 C27.1169366,69.7617838 23.931454,69.0729605 24.208838,66.8603276 C24.3533167,65.7078514 25.9403832,64.5292172 28.9700376,63.3244248 Z\" \/><\/svg><span class=\"wp-block-social-link-label\">Telegram<\/span><\/a><\/li>\n\n<li class=\"wp-social-link wp-social-link-whatsapp  wp-block-social-link\"><a rel=\"noopener nofollow\" target=\"_blank\" href=\"https:\/\/chat.whatsapp.com\/GVIH7MrkoVAGyAxc6MuwWf\" class=\"wp-block-social-link-anchor\"><svg width=\"24\" height=\"24\" viewBox=\"0 0 24 24\" version=\"1.1\" xmlns=\"http:\/\/www.w3.org\/2000\/svg\" aria-hidden=\"true\" focusable=\"false\"><path d=\"M 12.011719 2 C 6.5057187 2 2.0234844 6.478375 2.0214844 11.984375 C 2.0204844 13.744375 2.4814687 15.462563 3.3554688 16.976562 L 2 22 L 7.2324219 20.763672 C 8.6914219 21.559672 10.333859 21.977516 12.005859 21.978516 L 12.009766 21.978516 C 17.514766 21.978516 21.995047 17.499141 21.998047 11.994141 C 22.000047 9.3251406 20.962172 6.8157344 19.076172 4.9277344 C 17.190172 3.0407344 14.683719 2.001 12.011719 2 z M 12.009766 4 C 14.145766 4.001 16.153109 4.8337969 17.662109 6.3417969 C 19.171109 7.8517969 20.000047 9.8581875 19.998047 11.992188 C 19.996047 16.396187 16.413812 19.978516 12.007812 19.978516 C 10.674812 19.977516 9.3544062 19.642812 8.1914062 19.007812 L 7.5175781 18.640625 L 6.7734375 18.816406 L 4.8046875 19.28125 L 5.2851562 17.496094 L 5.5019531 16.695312 L 5.0878906 15.976562 C 4.3898906 14.768562 4.0204844 13.387375 4.0214844 11.984375 C 4.0234844 7.582375 7.6067656 4 12.009766 4 z M 8.4765625 7.375 C 8.3095625 7.375 8.0395469 7.4375 7.8105469 7.6875 C 7.5815469 7.9365 6.9355469 8.5395781 6.9355469 9.7675781 C 6.9355469 10.995578 7.8300781 12.182609 7.9550781 12.349609 C 8.0790781 12.515609 9.68175 15.115234 12.21875 16.115234 C 14.32675 16.946234 14.754891 16.782234 15.212891 16.740234 C 15.670891 16.699234 16.690438 16.137687 16.898438 15.554688 C 17.106437 14.971687 17.106922 14.470187 17.044922 14.367188 C 16.982922 14.263188 16.816406 14.201172 16.566406 14.076172 C 16.317406 13.951172 15.090328 13.348625 14.861328 13.265625 C 14.632328 13.182625 14.464828 13.140625 14.298828 13.390625 C 14.132828 13.640625 13.655766 14.201187 13.509766 14.367188 C 13.363766 14.534188 13.21875 14.556641 12.96875 14.431641 C 12.71875 14.305641 11.914938 14.041406 10.960938 13.191406 C 10.218937 12.530406 9.7182656 11.714844 9.5722656 11.464844 C 9.4272656 11.215844 9.5585938 11.079078 9.6835938 10.955078 C 9.7955938 10.843078 9.9316406 10.663578 10.056641 10.517578 C 10.180641 10.371578 10.223641 10.267562 10.306641 10.101562 C 10.389641 9.9355625 10.347156 9.7890625 10.285156 9.6640625 C 10.223156 9.5390625 9.737625 8.3065 9.515625 7.8125 C 9.328625 7.3975 9.131125 7.3878594 8.953125 7.3808594 C 8.808125 7.3748594 8.6425625 7.375 8.4765625 7.375 z\"><\/path><\/svg><span class=\"wp-block-social-link-label\">WhatsApp<\/span><\/a><\/li><\/ul>\n\n\n\n<h2 class=\"wp-block-heading has-text-align-center\" id=\"h-quer-saber-tudo-sobre-o-exame-de-ordem-confira-nossos-artigos\"><span id=\"quer-saber-tudo-sobre-o-exame-de-ordemconfira-nossos-artigos\">Quer saber tudo sobre o Exame de Ordem?<br>Confira nossos artigos!<\/span><\/h2>\n\n\n\n<ul class=\"wp-block-list\">\n<li><a href=\"https:\/\/oab.estrategia.com\/portal\/prova-oab\/\">Prova OAB<\/a><\/li>\n\n\n\n<li><a href=\"https:\/\/oab.estrategia.com\/portal\/prova-1-fase-oab\/\">Prova de 1\u00aa Fase da OAB<\/a><\/li>\n\n\n\n<li><a href=\"https:\/\/oab.estrategia.com\/portal\/prova-2-fase-oab\/\">Prova de 2\u00aa Fase da OAB<\/a><\/li>\n<\/ul>\n","protected":false},"excerpt":{"rendered":"Direito do Trabalho \u00e9 uma das mat\u00e9rias mais relevantes da 1\u00aa fase do Exame de Ordem. Com at\u00e9&hellip;\n","protected":false},"author":117,"featured_media":14511,"comment_status":"open","ping_status":"open","sticky":false,"template":"","format":"standard","meta":{"_jetpack_memberships_contains_paid_content":false,"footnotes":""},"categories":[30,48],"tags":[],"class_list":{"0":"post-20296","1":"post","2":"type-post","3":"status-publish","4":"format-standard","5":"has-post-thumbnail","7":"category-1a-fase-oab","8":"category-dicas-oab"},"acf":[],"yoast_head":"<!-- This site is optimized with the Yoast SEO Premium plugin v26.2 (Yoast SEO v27.4) - https:\/\/yoast.com\/product\/yoast-seo-premium-wordpress\/ -->\n<title>O que pode cair de Direito do Trabalho na prova da OAB?<\/title>\n<meta name=\"description\" content=\"Direito do Trabalho \u00e9 o ramo do Direito que regula as rela\u00e7\u00f5es entre empregados e empregadores mas, voc\u00ea sabe como isso cai na prova?\" \/>\n<meta name=\"robots\" content=\"index, follow, max-snippet:-1, max-image-preview:large, max-video-preview:-1\" \/>\n<link rel=\"canonical\" href=\"https:\/\/oab.estrategia.com\/portal\/o-que-pode-cair-de-direito-do-trabalho-na-prova-da-oab\/\" \/>\n<meta property=\"og:locale\" content=\"pt_BR\" \/>\n<meta property=\"og:type\" content=\"article\" \/>\n<meta property=\"og:title\" content=\"O que pode cair de Direito do Trabalho na prova da OAB?\" \/>\n<meta property=\"og:description\" content=\"Direito do Trabalho \u00e9 o ramo do Direito que regula as rela\u00e7\u00f5es entre empregados e empregadores mas, voc\u00ea sabe como isso cai na prova?\" \/>\n<meta property=\"og:url\" content=\"https:\/\/oab.estrategia.com\/portal\/o-que-pode-cair-de-direito-do-trabalho-na-prova-da-oab\/\" \/>\n<meta property=\"og:site_name\" content=\"Blog - OAB - Estrat\u00e9gia\" \/>\n<meta property=\"article:publisher\" content=\"https:\/\/www.facebook.com\/estrategiaoab\/\" \/>\n<meta property=\"article:published_time\" content=\"2025-07-11T15:49:30+00:00\" \/>\n<meta property=\"article:modified_time\" content=\"2025-07-11T15:52:18+00:00\" \/>\n<meta property=\"og:image\" content=\"https:\/\/oab.estrategia.com\/portal\/portal\/wp-content\/uploads\/2024\/12\/09132133\/estudos-material-prova.jpg\" \/>\n\t<meta property=\"og:image:width\" content=\"2000\" \/>\n\t<meta property=\"og:image:height\" content=\"1334\" \/>\n\t<meta property=\"og:image:type\" content=\"image\/jpeg\" \/>\n<meta name=\"author\" content=\"Priscila Bonomi\" \/>\n<meta name=\"twitter:card\" content=\"summary_large_image\" \/>\n<meta name=\"twitter:creator\" content=\"@estrategiaoab\" \/>\n<meta name=\"twitter:site\" content=\"@estrategiaoab\" \/>\n<meta name=\"twitter:label1\" content=\"Escrito por\" \/>\n\t<meta name=\"twitter:data1\" content=\"Priscila Bonomi\" \/>\n\t<meta name=\"twitter:label2\" content=\"Est. tempo de leitura\" \/>\n\t<meta name=\"twitter:data2\" content=\"4 minutos\" \/>\n<script type=\"application\/ld+json\" class=\"yoast-schema-graph\">{\"@context\":\"https:\\\/\\\/schema.org\",\"@graph\":[{\"@type\":\"Article\",\"@id\":\"https:\\\/\\\/oab.estrategia.com\\\/portal\\\/o-que-pode-cair-de-direito-do-trabalho-na-prova-da-oab\\\/#article\",\"isPartOf\":{\"@id\":\"https:\\\/\\\/oab.estrategia.com\\\/portal\\\/o-que-pode-cair-de-direito-do-trabalho-na-prova-da-oab\\\/\"},\"author\":{\"name\":\"Priscila Bonomi\",\"@id\":\"https:\\\/\\\/oab.estrategia.com\\\/portal\\\/#\\\/schema\\\/person\\\/74fa7e131ce7fd0199e3ef003d93dd2a\"},\"headline\":\"O que pode cair de Direito do Trabalho na prova da OAB?\",\"datePublished\":\"2025-07-11T15:49:30+00:00\",\"dateModified\":\"2025-07-11T15:52:18+00:00\",\"mainEntityOfPage\":{\"@id\":\"https:\\\/\\\/oab.estrategia.com\\\/portal\\\/o-que-pode-cair-de-direito-do-trabalho-na-prova-da-oab\\\/\"},\"wordCount\":686,\"commentCount\":0,\"publisher\":{\"@id\":\"https:\\\/\\\/oab.estrategia.com\\\/portal\\\/#organization\"},\"image\":{\"@id\":\"https:\\\/\\\/oab.estrategia.com\\\/portal\\\/o-que-pode-cair-de-direito-do-trabalho-na-prova-da-oab\\\/#primaryimage\"},\"thumbnailUrl\":\"https:\\\/\\\/oab.estrategia.com\\\/portal\\\/wp-content\\\/uploads\\\/2024\\\/12\\\/09132133\\\/estudos-material-prova.jpg\",\"articleSection\":[\"1\u00aa Fase OAB\",\"Dicas OAB\"],\"inLanguage\":\"pt-BR\",\"potentialAction\":[{\"@type\":\"CommentAction\",\"name\":\"Comment\",\"target\":[\"https:\\\/\\\/oab.estrategia.com\\\/portal\\\/o-que-pode-cair-de-direito-do-trabalho-na-prova-da-oab\\\/#respond\"]}]},{\"@type\":\"WebPage\",\"@id\":\"https:\\\/\\\/oab.estrategia.com\\\/portal\\\/o-que-pode-cair-de-direito-do-trabalho-na-prova-da-oab\\\/\",\"url\":\"https:\\\/\\\/oab.estrategia.com\\\/portal\\\/o-que-pode-cair-de-direito-do-trabalho-na-prova-da-oab\\\/\",\"name\":\"O que pode cair de Direito do Trabalho na prova da OAB?\",\"isPartOf\":{\"@id\":\"https:\\\/\\\/oab.estrategia.com\\\/portal\\\/#website\"},\"primaryImageOfPage\":{\"@id\":\"https:\\\/\\\/oab.estrategia.com\\\/portal\\\/o-que-pode-cair-de-direito-do-trabalho-na-prova-da-oab\\\/#primaryimage\"},\"image\":{\"@id\":\"https:\\\/\\\/oab.estrategia.com\\\/portal\\\/o-que-pode-cair-de-direito-do-trabalho-na-prova-da-oab\\\/#primaryimage\"},\"thumbnailUrl\":\"https:\\\/\\\/oab.estrategia.com\\\/portal\\\/wp-content\\\/uploads\\\/2024\\\/12\\\/09132133\\\/estudos-material-prova.jpg\",\"datePublished\":\"2025-07-11T15:49:30+00:00\",\"dateModified\":\"2025-07-11T15:52:18+00:00\",\"description\":\"Direito do Trabalho \u00e9 o ramo do Direito que regula as rela\u00e7\u00f5es entre empregados e empregadores mas, voc\u00ea sabe como isso cai na prova?\",\"breadcrumb\":{\"@id\":\"https:\\\/\\\/oab.estrategia.com\\\/portal\\\/o-que-pode-cair-de-direito-do-trabalho-na-prova-da-oab\\\/#breadcrumb\"},\"inLanguage\":\"pt-BR\",\"potentialAction\":[{\"@type\":\"ReadAction\",\"target\":[\"https:\\\/\\\/oab.estrategia.com\\\/portal\\\/o-que-pode-cair-de-direito-do-trabalho-na-prova-da-oab\\\/\"]}]},{\"@type\":\"ImageObject\",\"inLanguage\":\"pt-BR\",\"@id\":\"https:\\\/\\\/oab.estrategia.com\\\/portal\\\/o-que-pode-cair-de-direito-do-trabalho-na-prova-da-oab\\\/#primaryimage\",\"url\":\"https:\\\/\\\/oab.estrategia.com\\\/portal\\\/wp-content\\\/uploads\\\/2024\\\/12\\\/09132133\\\/estudos-material-prova.jpg\",\"contentUrl\":\"https:\\\/\\\/oab.estrategia.com\\\/portal\\\/wp-content\\\/uploads\\\/2024\\\/12\\\/09132133\\\/estudos-material-prova.jpg\",\"width\":2000,\"height\":1334},{\"@type\":\"BreadcrumbList\",\"@id\":\"https:\\\/\\\/oab.estrategia.com\\\/portal\\\/o-que-pode-cair-de-direito-do-trabalho-na-prova-da-oab\\\/#breadcrumb\",\"itemListElement\":[{\"@type\":\"ListItem\",\"position\":1,\"name\":\"In\u00edcio\",\"item\":\"https:\\\/\\\/oab.estrategia.com\\\/portal\\\/\"},{\"@type\":\"ListItem\",\"position\":2,\"name\":\"O que pode cair de Direito do Trabalho na prova da OAB?\"}]},{\"@type\":\"WebSite\",\"@id\":\"https:\\\/\\\/oab.estrategia.com\\\/portal\\\/#website\",\"url\":\"https:\\\/\\\/oab.estrategia.com\\\/portal\\\/\",\"name\":\"Blog - OAB - Estrat\u00e9gia\",\"description\":\"Blog OAB - Estrat\u00e9gia Concursos\",\"publisher\":{\"@id\":\"https:\\\/\\\/oab.estrategia.com\\\/portal\\\/#organization\"},\"potentialAction\":[{\"@type\":\"SearchAction\",\"target\":{\"@type\":\"EntryPoint\",\"urlTemplate\":\"https:\\\/\\\/oab.estrategia.com\\\/portal\\\/?s={search_term_string}\"},\"query-input\":{\"@type\":\"PropertyValueSpecification\",\"valueRequired\":true,\"valueName\":\"search_term_string\"}}],\"inLanguage\":\"pt-BR\"},{\"@type\":\"Organization\",\"@id\":\"https:\\\/\\\/oab.estrategia.com\\\/portal\\\/#organization\",\"name\":\"Estrat\u00e9gia Concursos\",\"url\":\"https:\\\/\\\/oab.estrategia.com\\\/portal\\\/\",\"logo\":{\"@type\":\"ImageObject\",\"inLanguage\":\"pt-BR\",\"@id\":\"https:\\\/\\\/oab.estrategia.com\\\/portal\\\/#\\\/schema\\\/logo\\\/image\\\/\",\"url\":\"https:\\\/\\\/oab.estrategia.com\\\/portal\\\/wp-content\\\/uploads\\\/2022\\\/04\\\/06103601\\\/oab-icone-2.png\",\"contentUrl\":\"https:\\\/\\\/oab.estrategia.com\\\/portal\\\/wp-content\\\/uploads\\\/2022\\\/04\\\/06103601\\\/oab-icone-2.png\",\"width\":900,\"height\":900,\"caption\":\"Estrat\u00e9gia Concursos\"},\"image\":{\"@id\":\"https:\\\/\\\/oab.estrategia.com\\\/portal\\\/#\\\/schema\\\/logo\\\/image\\\/\"},\"sameAs\":[\"https:\\\/\\\/www.facebook.com\\\/estrategiaoab\\\/\",\"https:\\\/\\\/x.com\\\/estrategiaoab\",\"https:\\\/\\\/www.instagram.com\\\/estrategiaoab\\\/\",\"https:\\\/\\\/www.youtube.com\\\/EstrategiaOAB\"]},{\"@type\":\"Person\",\"@id\":\"https:\\\/\\\/oab.estrategia.com\\\/portal\\\/#\\\/schema\\\/person\\\/74fa7e131ce7fd0199e3ef003d93dd2a\",\"name\":\"Priscila Bonomi\",\"image\":{\"@type\":\"ImageObject\",\"inLanguage\":\"pt-BR\",\"@id\":\"https:\\\/\\\/oab.estrategia.com\\\/portal\\\/wp-content\\\/uploads\\\/2025\\\/05\\\/05144855\\\/Imagem-do-WhatsApp-de-2025-05-05-as-14.47.57_b98168e4-96x96.jpg\",\"url\":\"https:\\\/\\\/oab.estrategia.com\\\/portal\\\/wp-content\\\/uploads\\\/2025\\\/05\\\/05144855\\\/Imagem-do-WhatsApp-de-2025-05-05-as-14.47.57_b98168e4-96x96.jpg\",\"contentUrl\":\"https:\\\/\\\/oab.estrategia.com\\\/portal\\\/wp-content\\\/uploads\\\/2025\\\/05\\\/05144855\\\/Imagem-do-WhatsApp-de-2025-05-05-as-14.47.57_b98168e4-96x96.jpg\",\"caption\":\"Priscila Bonomi\"},\"url\":\"https:\\\/\\\/oab.estrategia.com\\\/portal\\\/author\\\/priscila-bonomi\\\/\"}]}<\/script>\n<!-- \/ Yoast SEO Premium plugin. -->","yoast_head_json":{"title":"O que pode cair de Direito do Trabalho na prova da OAB?","description":"Direito do Trabalho \u00e9 o ramo do Direito que regula as rela\u00e7\u00f5es entre empregados e empregadores mas, voc\u00ea sabe como isso cai na prova?","robots":{"index":"index","follow":"follow","max-snippet":"max-snippet:-1","max-image-preview":"max-image-preview:large","max-video-preview":"max-video-preview:-1"},"canonical":"https:\/\/oab.estrategia.com\/portal\/o-que-pode-cair-de-direito-do-trabalho-na-prova-da-oab\/","og_locale":"pt_BR","og_type":"article","og_title":"O que pode cair de Direito do Trabalho na prova da OAB?","og_description":"Direito do Trabalho \u00e9 o ramo do Direito que regula as rela\u00e7\u00f5es entre empregados e empregadores mas, voc\u00ea sabe como isso cai na prova?","og_url":"https:\/\/oab.estrategia.com\/portal\/o-que-pode-cair-de-direito-do-trabalho-na-prova-da-oab\/","og_site_name":"Blog - OAB - Estrat\u00e9gia","article_publisher":"https:\/\/www.facebook.com\/estrategiaoab\/","article_published_time":"2025-07-11T15:49:30+00:00","article_modified_time":"2025-07-11T15:52:18+00:00","og_image":[{"width":2000,"height":1334,"url":"https:\/\/oab.estrategia.com\/portal\/portal\/wp-content\/uploads\/2024\/12\/09132133\/estudos-material-prova.jpg","type":"image\/jpeg"}],"author":"Priscila Bonomi","twitter_card":"summary_large_image","twitter_creator":"@estrategiaoab","twitter_site":"@estrategiaoab","twitter_misc":{"Escrito por":"Priscila Bonomi","Est. tempo de leitura":"4 minutos"},"schema":{"@context":"https:\/\/schema.org","@graph":[{"@type":"Article","@id":"https:\/\/oab.estrategia.com\/portal\/o-que-pode-cair-de-direito-do-trabalho-na-prova-da-oab\/#article","isPartOf":{"@id":"https:\/\/oab.estrategia.com\/portal\/o-que-pode-cair-de-direito-do-trabalho-na-prova-da-oab\/"},"author":{"name":"Priscila Bonomi","@id":"https:\/\/oab.estrategia.com\/portal\/#\/schema\/person\/74fa7e131ce7fd0199e3ef003d93dd2a"},"headline":"O que pode cair de Direito do Trabalho na prova da OAB?","datePublished":"2025-07-11T15:49:30+00:00","dateModified":"2025-07-11T15:52:18+00:00","mainEntityOfPage":{"@id":"https:\/\/oab.estrategia.com\/portal\/o-que-pode-cair-de-direito-do-trabalho-na-prova-da-oab\/"},"wordCount":686,"commentCount":0,"publisher":{"@id":"https:\/\/oab.estrategia.com\/portal\/#organization"},"image":{"@id":"https:\/\/oab.estrategia.com\/portal\/o-que-pode-cair-de-direito-do-trabalho-na-prova-da-oab\/#primaryimage"},"thumbnailUrl":"https:\/\/oab.estrategia.com\/portal\/wp-content\/uploads\/2024\/12\/09132133\/estudos-material-prova.jpg","articleSection":["1\u00aa Fase OAB","Dicas OAB"],"inLanguage":"pt-BR","potentialAction":[{"@type":"CommentAction","name":"Comment","target":["https:\/\/oab.estrategia.com\/portal\/o-que-pode-cair-de-direito-do-trabalho-na-prova-da-oab\/#respond"]}]},{"@type":"WebPage","@id":"https:\/\/oab.estrategia.com\/portal\/o-que-pode-cair-de-direito-do-trabalho-na-prova-da-oab\/","url":"https:\/\/oab.estrategia.com\/portal\/o-que-pode-cair-de-direito-do-trabalho-na-prova-da-oab\/","name":"O que pode cair de Direito do Trabalho na prova da OAB?","isPartOf":{"@id":"https:\/\/oab.estrategia.com\/portal\/#website"},"primaryImageOfPage":{"@id":"https:\/\/oab.estrategia.com\/portal\/o-que-pode-cair-de-direito-do-trabalho-na-prova-da-oab\/#primaryimage"},"image":{"@id":"https:\/\/oab.estrategia.com\/portal\/o-que-pode-cair-de-direito-do-trabalho-na-prova-da-oab\/#primaryimage"},"thumbnailUrl":"https:\/\/oab.estrategia.com\/portal\/wp-content\/uploads\/2024\/12\/09132133\/estudos-material-prova.jpg","datePublished":"2025-07-11T15:49:30+00:00","dateModified":"2025-07-11T15:52:18+00:00","description":"Direito do Trabalho \u00e9 o ramo do Direito que regula as rela\u00e7\u00f5es entre empregados e empregadores mas, voc\u00ea sabe como isso cai na prova?","breadcrumb":{"@id":"https:\/\/oab.estrategia.com\/portal\/o-que-pode-cair-de-direito-do-trabalho-na-prova-da-oab\/#breadcrumb"},"inLanguage":"pt-BR","potentialAction":[{"@type":"ReadAction","target":["https:\/\/oab.estrategia.com\/portal\/o-que-pode-cair-de-direito-do-trabalho-na-prova-da-oab\/"]}]},{"@type":"ImageObject","inLanguage":"pt-BR","@id":"https:\/\/oab.estrategia.com\/portal\/o-que-pode-cair-de-direito-do-trabalho-na-prova-da-oab\/#primaryimage","url":"https:\/\/oab.estrategia.com\/portal\/wp-content\/uploads\/2024\/12\/09132133\/estudos-material-prova.jpg","contentUrl":"https:\/\/oab.estrategia.com\/portal\/wp-content\/uploads\/2024\/12\/09132133\/estudos-material-prova.jpg","width":2000,"height":1334},{"@type":"BreadcrumbList","@id":"https:\/\/oab.estrategia.com\/portal\/o-que-pode-cair-de-direito-do-trabalho-na-prova-da-oab\/#breadcrumb","itemListElement":[{"@type":"ListItem","position":1,"name":"In\u00edcio","item":"https:\/\/oab.estrategia.com\/portal\/"},{"@type":"ListItem","position":2,"name":"O que pode cair de Direito do Trabalho na prova da OAB?"}]},{"@type":"WebSite","@id":"https:\/\/oab.estrategia.com\/portal\/#website","url":"https:\/\/oab.estrategia.com\/portal\/","name":"Blog - OAB - Estrat\u00e9gia","description":"Blog OAB - Estrat\u00e9gia Concursos","publisher":{"@id":"https:\/\/oab.estrategia.com\/portal\/#organization"},"potentialAction":[{"@type":"SearchAction","target":{"@type":"EntryPoint","urlTemplate":"https:\/\/oab.estrategia.com\/portal\/?s={search_term_string}"},"query-input":{"@type":"PropertyValueSpecification","valueRequired":true,"valueName":"search_term_string"}}],"inLanguage":"pt-BR"},{"@type":"Organization","@id":"https:\/\/oab.estrategia.com\/portal\/#organization","name":"Estrat\u00e9gia Concursos","url":"https:\/\/oab.estrategia.com\/portal\/","logo":{"@type":"ImageObject","inLanguage":"pt-BR","@id":"https:\/\/oab.estrategia.com\/portal\/#\/schema\/logo\/image\/","url":"https:\/\/oab.estrategia.com\/portal\/wp-content\/uploads\/2022\/04\/06103601\/oab-icone-2.png","contentUrl":"https:\/\/oab.estrategia.com\/portal\/wp-content\/uploads\/2022\/04\/06103601\/oab-icone-2.png","width":900,"height":900,"caption":"Estrat\u00e9gia Concursos"},"image":{"@id":"https:\/\/oab.estrategia.com\/portal\/#\/schema\/logo\/image\/"},"sameAs":["https:\/\/www.facebook.com\/estrategiaoab\/","https:\/\/x.com\/estrategiaoab","https:\/\/www.instagram.com\/estrategiaoab\/","https:\/\/www.youtube.com\/EstrategiaOAB"]},{"@type":"Person","@id":"https:\/\/oab.estrategia.com\/portal\/#\/schema\/person\/74fa7e131ce7fd0199e3ef003d93dd2a","name":"Priscila Bonomi","image":{"@type":"ImageObject","inLanguage":"pt-BR","@id":"https:\/\/oab.estrategia.com\/portal\/wp-content\/uploads\/2025\/05\/05144855\/Imagem-do-WhatsApp-de-2025-05-05-as-14.47.57_b98168e4-96x96.jpg","url":"https:\/\/oab.estrategia.com\/portal\/wp-content\/uploads\/2025\/05\/05144855\/Imagem-do-WhatsApp-de-2025-05-05-as-14.47.57_b98168e4-96x96.jpg","contentUrl":"https:\/\/oab.estrategia.com\/portal\/wp-content\/uploads\/2025\/05\/05144855\/Imagem-do-WhatsApp-de-2025-05-05-as-14.47.57_b98168e4-96x96.jpg","caption":"Priscila Bonomi"},"url":"https:\/\/oab.estrategia.com\/portal\/author\/priscila-bonomi\/"}]}},"jetpack_featured_media_url":"https:\/\/oab.estrategia.com\/portal\/wp-content\/uploads\/2024\/12\/09132133\/estudos-material-prova.jpg","jetpack_sharing_enabled":true,"_links":{"self":[{"href":"https:\/\/oab.estrategia.com\/portal\/wp-json\/wp\/v2\/posts\/20296","targetHints":{"allow":["GET"]}}],"collection":[{"href":"https:\/\/oab.estrategia.com\/portal\/wp-json\/wp\/v2\/posts"}],"about":[{"href":"https:\/\/oab.estrategia.com\/portal\/wp-json\/wp\/v2\/types\/post"}],"author":[{"embeddable":true,"href":"https:\/\/oab.estrategia.com\/portal\/wp-json\/wp\/v2\/users\/117"}],"replies":[{"embeddable":true,"href":"https:\/\/oab.estrategia.com\/portal\/wp-json\/wp\/v2\/comments?post=20296"}],"version-history":[{"count":11,"href":"https:\/\/oab.estrategia.com\/portal\/wp-json\/wp\/v2\/posts\/20296\/revisions"}],"predecessor-version":[{"id":20334,"href":"https:\/\/oab.estrategia.com\/portal\/wp-json\/wp\/v2\/posts\/20296\/revisions\/20334"}],"wp:featuredmedia":[{"embeddable":true,"href":"https:\/\/oab.estrategia.com\/portal\/wp-json\/wp\/v2\/media\/14511"}],"wp:attachment":[{"href":"https:\/\/oab.estrategia.com\/portal\/wp-json\/wp\/v2\/media?parent=20296"}],"wp:term":[{"taxonomy":"category","embeddable":true,"href":"https:\/\/oab.estrategia.com\/portal\/wp-json\/wp\/v2\/categories?post=20296"},{"taxonomy":"post_tag","embeddable":true,"href":"https:\/\/oab.estrategia.com\/portal\/wp-json\/wp\/v2\/tags?post=20296"}],"curies":[{"name":"wp","href":"https:\/\/api.w.org\/{rel}","templated":true}]}}