{"id":20792,"date":"2025-07-25T14:42:55","date_gmt":"2025-07-25T17:42:55","guid":{"rendered":"https:\/\/oab.estrategia.com\/portal\/?p=20792"},"modified":"2025-07-25T14:43:44","modified_gmt":"2025-07-25T17:43:44","slug":"fgv-amplia-gabarito-da-2a-fase-do-43o-exame-da-oab-mas-mantem-incertezas","status":"publish","type":"post","link":"https:\/\/oab.estrategia.com\/portal\/fgv-amplia-gabarito-da-2a-fase-do-43o-exame-da-oab-mas-mantem-incertezas\/","title":{"rendered":"FGV amplia gabarito da 2\u00aa fase do 43\u00ba Exame da OAB, mas mant\u00e9m incertezas"},"content":{"rendered":"<a id=\"cta-icon\" href=\"https:\/\/sndflw.com\/i\/1-fase-da-oab-grupo\" target=\"blank\" style=\"background:rgb(174,10,11)\">\n            <img decoding=\"async\" src=\"https:\/\/oab.estrategia.com\/portal\/wp-content\/uploads\/2023\/12\/07160715\/whatsapp_1385.webp\" alt=\"\" alt=\"whatsapp_1385\"><span > Acesse agora o Grupo de Estudos para 1\u00aa fase da OAB<\/span><\/a>\n\n\n<a id=\"cta-icon\" href=\"https:\/\/sndflw.com\/i\/2-fase-da-oab-grupo\" target=\"blank\" style=\"background:rgb(174,10,11)\">\n            <img decoding=\"async\" src=\"https:\/\/oab.estrategia.com\/portal\/wp-content\/uploads\/2023\/12\/07160715\/whatsapp_1385.webp\" alt=\"\" alt=\"whatsapp_1385\"><span > Acesse agora o grupo de estudos para a 2\u00aa fase da OAB! <\/span><\/a>\n\n\n\n<p>O Estrat\u00e9gia OAB acompanha de perto cada movimenta\u00e7\u00e3o da banca respons\u00e1vel pela aplica\u00e7\u00e3o do 43\u00ba Exame de Ordem. Nossa equipe tem analisado ponto a ponto os desdobramentos, buscando esclarecer o que pode impactar a corre\u00e7\u00e3o das provas e a situa\u00e7\u00e3o dos candidatos.<\/p>\n\n\n\n<p>A seguir, voc\u00ea confere a <strong>an\u00e1lise da professora Priscila Ferreira sobre o atual cen\u00e1rio da segunda fase em Direito do Trabalho<\/strong>.<\/p>\n\n\n\n<h3 class=\"wp-block-heading has-text-align-center\" id=\"h-priscila-ferreira\"><span id=\"priscila-ferreira\">Priscila Ferreira<\/span><\/h3>\n\n\n\n<p>Antes de mais nada, precisamos parar, dar um passo e olhar com aten\u00e7\u00e3o tudo o que aconteceu nos \u00faltimos dias. Sim, tivemos um comunicado da FGV no dia 23 de julho, no qual a banca afirmou: <em>\u201cvamos ampliar o gabarito; vamos admitir outras pe\u00e7as na prova de segunda fase do 43\u00ba Exame, em Direito do Trabalho, al\u00e9m da j\u00e1 aceita Exce\u00e7\u00e3o de Pr\u00e9-Executividade e do Agravo de Peti\u00e7\u00e3o. Agora, aceitaremos tamb\u00e9m os Embargos \u00e0 Execu\u00e7\u00e3o e outras pe\u00e7as de execu\u00e7\u00e3o dirigidas ao ju\u00edzo de 1\u00ba grau\u201d<\/em>.<\/p>\n\n\n\n<p>No mesmo comunicado, a FGV tamb\u00e9m indicou quais pe\u00e7as consideraria erro grosseiro e, portanto, n\u00e3o admitiria &#8211; mesmo ap\u00f3s o Estrat\u00e9gia ter apresentado argumentos defendendo a aceita\u00e7\u00e3o de algumas delas. <\/p>\n\n\n\n<p>A banca afirmou que n\u00e3o ser\u00e3o aceitas: <em>Mandado de Seguran\u00e7a<\/em>, <em>A\u00e7\u00e3o Rescis\u00f3ria<\/em>, <em>A\u00e7\u00e3o Anulat\u00f3ria<\/em>, <em>Embargos \u00e0 Penhora<\/em>, <em>Embargos \u00e0 Arremata\u00e7\u00e3o<\/em>, <em>Embargos de Terceiro<\/em> e outras pe\u00e7as aut\u00f4nomas.<\/p>\n\n\n\n<p>No entanto, o problema se agravou. Em 24 de julho, a FGV disponibilizou um gabarito preliminar no qual consta que <em>\u201cser\u00e3o aceitas pe\u00e7as inominadas, dirigidas ao ju\u00edzo de 1\u00ba grau\u201d<\/em>. A\u00ed surge a d\u00favida: que pe\u00e7as inominadas s\u00e3o essas? Mais uma vez, a banca n\u00e3o foi clara sobre quais pe\u00e7as, de fato, ser\u00e3o corrigidas e aceitas.<\/p>\n\n\n\n<p>O cen\u00e1rio atual \u00e9 o seguinte: at\u00e9 agora, as pe\u00e7as admitidas s\u00e3o <em>Exce\u00e7\u00e3o de Pr\u00e9-Executividade<\/em>, <em>Agravo de Peti\u00e7\u00e3o<\/em>, <em>Embargos \u00e0 Execu\u00e7\u00e3o<\/em> e <em>Pe\u00e7as sem Identifica\u00e7\u00e3o<\/em>. Essa \u00faltima, ali\u00e1s, contraria o pr\u00f3prio edital, que pro\u00edbe expressamente a aceita\u00e7\u00e3o de pe\u00e7as inominadas. Isso gera ainda mais incerteza: ser\u00e1 que ser\u00e3o aceitos tamb\u00e9m <em>Contesta\u00e7\u00e3o<\/em> ou <em>Embargos de Declara\u00e7\u00e3o<\/em>? N\u00e3o d\u00e1 para afirmar com seguran\u00e7a.<\/p>\n\n\n\n<p>Por ora, o que temos de certo \u00e9 que <em>Mandado de Seguran\u00e7a<\/em>, <em>A\u00e7\u00e3o Rescis\u00f3ria<\/em>, <em>A\u00e7\u00e3o Anulat\u00f3ria<\/em>, <em>Embargos \u00e0 Penhora<\/em>, <em>Embargos \u00e0 Arremata\u00e7\u00e3o<\/em> e <em>Embargos de Terceiro<\/em> n\u00e3o ser\u00e3o corrigidos &#8211; por serem considerados pe\u00e7as aut\u00f4nomas. O grande problema, por\u00e9m, \u00e9 que a banca desrespeitou o edital ao admitir diversas pe\u00e7as que n\u00e3o poderiam ser aceitas, j\u00e1 que o pr\u00f3prio edital \u00e9 claro ao afirmar que s\u00f3 cabe uma pe\u00e7a para o caso. S\u00f3 por isso, a prova j\u00e1 deveria ser anulada.<\/p>\n\n\n\n<p>Mas a FGV seguiu outro caminho: ampliou o gabarito, abriu espa\u00e7o para diversas possibilidades &#8211; sem, no entanto, deixar claro quais s\u00e3o. No novo gabarito preliminar consta, como item: <em>\u201c1. Pe\u00e7a em sede de execu\u00e7\u00e3o dirigida ao Ju\u00edzo da 220\u00aa Vara do Trabalho de Campo Grande\u201d<\/em>. Certo, pe\u00e7as de execu\u00e7\u00e3o&#8230; mas quais, exatamente? N\u00e3o d\u00e1 para saber.<\/p>\n\n\n\n<p>O problema cresce ainda mais quando comparamos esse novo gabarito com o anterior, referente ao <em>Agravo de Peti\u00e7\u00e3o<\/em>. O novo gabarito \u00e9 mais enxuto, o que levanta a seguinte quest\u00e3o: o candidato que foi reprovado por ter feito a pe\u00e7a \u201cem sede de Agravo de Peti\u00e7\u00e3o\u201d poder\u00e1 ter sua resposta corrigida agora com base no novo gabarito? Ele substitui os anteriores, tanto o do Agravo quanto o da Exce\u00e7\u00e3o? Ou, por ser mais abrangente, o novo gabarito agora beneficiaria quem fez o Agravo, permitindo que a pontua\u00e7\u00e3o seja atribu\u00edda de forma mais concentrada nas teses acertadas? Ser\u00e1 que esses candidatos podem, enfim, ser aprovados com base nesse novo gabarito?<\/p>\n\n\n\n<p>\u00c9 evidente que a FGV gerou um problema enorme &#8211; muito maior do que se esperava. N\u00e3o houve anula\u00e7\u00e3o da prova. Tamb\u00e9m n\u00e3o tivemos, at\u00e9 o momento, uma amplia\u00e7\u00e3o do gabarito que corresponda a todas as possibilidades apresentadas pelos candidatos. \u00c9 verdade que a aceita\u00e7\u00e3o dos <em>Embargos \u00e0 Execu\u00e7\u00e3o<\/em> beneficia uma grande parcela dos candidatos, mas ainda assim prejudica outra parte que n\u00e3o optou por essa pe\u00e7a. Parte esta que, inclusive, tinha fundamentos &#8211; como demonstrado pelo Estrat\u00e9gia &#8211; para justificar a escolha de outras pe\u00e7as que poderiam ser igualmente aceitas.<\/p>\n\n\n\n<p>Hoje, n\u00e3o conseguimos afirmar com clareza se o novo gabarito substitui os anteriores ou n\u00e3o, nem o que ser\u00e1 feito daqui para frente. Estamos em um verdadeiro limbo, sem defini\u00e7\u00e3o, enquanto a banca continua falhando em esclarecer o que far\u00e1 com a prova da segunda fase do 43\u00ba Exame.<\/p>\n\n\n\n<p>Diante disso tudo, a FGV tamb\u00e9m divulgou um novo cronograma, com novos prazos para inscri\u00e7\u00e3o na repescagem, para recursos e para corre\u00e7\u00e3o das pe\u00e7as que forem, de fato, admitidas. Mas a pergunta permanece: <em>O que esperar agora?<\/em><\/p>\n\n\n\n<p>Sabemos que temos prazos &#8211; para repescagem, recurso, corre\u00e7\u00e3o e publica\u00e7\u00e3o do gabarito definitivo -, mas at\u00e9 l\u00e1, a d\u00favida permanece: quais pe\u00e7as, de fato, ser\u00e3o corrigidas pela banca? E as demais? Ser\u00e3o mesmo desconsideradas? Outra d\u00favida: se a banca aceita <em>pe\u00e7as inominadas<\/em>, como est\u00e1 no edital, por que n\u00e3o aceitar outras tantas que, embora identificadas, tamb\u00e9m seriam cab\u00edveis? Por que limitar a aceita\u00e7\u00e3o de determinadas pe\u00e7as se, ao mesmo tempo, se admite aquelas sem identifica\u00e7\u00e3o?<\/p>\n\n\n\n<p>Fica o questionamento. N\u00e3o sabemos como a FGV ir\u00e1 se posicionar daqui em diante. Mas a expectativa \u00e9 que o melhor aconte\u00e7a. Que, caso a banca n\u00e3o anule a prova &#8211; o que \u00e9 o desejo de muitos candidatos -, ao menos amplie o gabarito e aceite toda e qualquer pe\u00e7a apresentada com fundamenta\u00e7\u00e3o plaus\u00edvel, avaliando as teses nelas contidas.<\/p>\n\n\n\n<p>Esse \u00e9 o meu recado para voc\u00ea. Estou \u00e0 disposi\u00e7\u00e3o para o que voc\u00eas precisarem, tanto aqui no Estrat\u00e9gia OAB quanto nas minhas redes sociais (@<a href=\"https:\/\/www.instagram.com\/profpriscilaferreira\/#\" target=\"_blank\" >profpriscilaferreira<\/a>). Eu, aqui da equipe, me solidarizo com voc\u00ea e nos colocamos \u00e0 disposi\u00e7\u00e3o para ajudar no que for necess\u00e1rio para que voc\u00ea alcance a sua aprova\u00e7\u00e3o.<\/p>\n\n\n\n<h2 class=\"wp-block-heading has-text-align-center\" id=\"h-veja-o-novo-cronograma-de-correcao-das-pecas-de-direito-do-trabalho-43\u00ba-exame-de-ordem\"><span id=\"veja-o-novo-cronograma-de-correcao-das-pecas-de-direito-do-trabalho-43o-exame-de-ordem\">Veja o novo cronograma de corre\u00e7\u00e3o das pe\u00e7as de Direito do Trabalho (43\u00ba Exame de Ordem)<\/span><\/h2>\n\n\n\n<h3 class=\"wp-block-heading has-text-align-center\" id=\"h-para-examinandos-reprovados-na-area-de-direito-do-trabalho\"><span id=\"para-examinandos-reprovados-na-area-de-direito-do-trabalho\">(Para examinandos reprovados na \u00e1rea de Direito do Trabalho)<\/span><\/h3>\n\n\n\n<figure class=\"wp-block-table is-style-stripes\"><table class=\"has-electric-grass-gradient-background has-background\"><thead><tr><th class=\"has-text-align-center\" data-align=\"center\"><strong>Evento<\/strong><\/th><th class=\"has-text-align-center\" data-align=\"center\"><strong>Data \/ Per\u00edodo<\/strong><\/th><\/tr><\/thead><tbody><tr><td class=\"has-text-align-center\" data-align=\"center\">Publica\u00e7\u00e3o do padr\u00e3o de resposta preliminar da 2\u00aa Fase de Direito do Trabalho do 43\u00ba EOU<\/td><td class=\"has-text-align-center\" data-align=\"center\">24\/07\/2025<\/td><\/tr><tr><td class=\"has-text-align-center\" data-align=\"center\">Divulga\u00e7\u00e3o do padr\u00e3o de resposta definitivo da 2\u00aa Fase de Direito do Trabalho do 43\u00ba EOU<\/td><td class=\"has-text-align-center\" data-align=\"center\">06\/08\/2025<\/td><\/tr><tr><td class=\"has-text-align-center\" data-align=\"center\">Publica\u00e7\u00e3o do resultado preliminar da 2\u00aa Fase de Direito do Trabalho do 43\u00ba EOU<\/td><td class=\"has-text-align-center\" data-align=\"center\">06\/08\/2025<\/td><\/tr><tr><td class=\"has-text-align-center\" data-align=\"center\">Prazo para interposi\u00e7\u00e3o de recurso da 2\u00aa Fase de Direito do Trabalho do 43\u00ba EOU<\/td><td class=\"has-text-align-center\" data-align=\"center\">07\/08\/2025 a 09\/08\/2025 (00h do dia 07\/08 at\u00e9 23h59 do dia 09\/08)<\/td><\/tr><tr><td class=\"has-text-align-center\" data-align=\"center\">Publica\u00e7\u00e3o do resultado final da 2\u00aa Fase de Direito do Trabalho do 43\u00ba EOU<\/td><td class=\"has-text-align-center\" data-align=\"center\">19\/08\/2025<\/td><\/tr><tr><td class=\"has-text-align-center\" data-align=\"center\">Reabertura da inscri\u00e7\u00e3o para o reaproveitamento da 1\u00aa fase do 43\u00ba EOU<\/td><td class=\"has-text-align-center\" data-align=\"center\">20\/08\/2025 a 22\/08\/2025 (00h do dia 20\/08 at\u00e9 23h59 do dia 22\/08)<\/td><\/tr><tr><td class=\"has-text-align-center\" data-align=\"center\">Per\u00edodo de solicita\u00e7\u00e3o de isen\u00e7\u00e3o da taxa para o reaproveitamento da 1\u00aa fase do 43\u00ba EOU<\/td><td class=\"has-text-align-center\" data-align=\"center\">20\/08\/2025 a 22\/08\/2025 (00h do dia 20\/08 at\u00e9 23h59 do dia 22\/08)<\/td><\/tr><tr><td class=\"has-text-align-center\" data-align=\"center\">Publica\u00e7\u00e3o do resultado preliminar das solicita\u00e7\u00f5es de isen\u00e7\u00e3o da taxa para o reaproveitamento da 1\u00aa fase do 43\u00ba EOU<\/td><td class=\"has-text-align-center\" data-align=\"center\">28\/08\/2025<\/td><\/tr><tr><td class=\"has-text-align-center\" data-align=\"center\">Prazo recursal contra o resultado preliminar das solicita\u00e7\u00f5es de isen\u00e7\u00e3o<\/td><td class=\"has-text-align-center\" data-align=\"center\">29\/08\/2025 (00h \u00e0s 23h59)<\/td><\/tr><tr><td class=\"has-text-align-center\" data-align=\"center\">Publica\u00e7\u00e3o do resultado definitivo das solicita\u00e7\u00f5es de isen\u00e7\u00e3o da taxa<\/td><td class=\"has-text-align-center\" data-align=\"center\">04\/09\/2025<\/td><\/tr><tr><td class=\"has-text-align-center\" data-align=\"center\">\u00daltimo dia para pagamento da taxa para o reaproveitamento da 1\u00aa fase do 43\u00ba EOU<\/td><td class=\"has-text-align-center\" data-align=\"center\">05\/09\/2025<\/td><\/tr><\/tbody><\/table><\/figure>\n\n\n\n<h2 class=\"wp-block-heading\" id=\"h-resultado-final-do-exame-43-disponivel-confira\"><span id=\"resultado-final-do-exame-43-disponivel-confira\">Resultado final do Exame 43 dispon\u00edvel! Confira!<\/span><\/h2>\n\n\n\n<p>A<strong> Funda\u00e7\u00e3o Get\u00falio Vargas (FGV) divulgou<\/strong>, na \u00faltima quarta-feira (23), <strong>o resultado final do 43\u00ba Exame de Ordem Unificado<\/strong>. Veja o documento:<\/p>\n\n\n\n<ul class=\"wp-block-list\">\n<li><a href=\"https:\/\/oab.estrategia.com\/portal\/wp-content\/uploads\/2025\/07\/23170416\/2d7186b0-037e-4e39-aa1d-9af4f33f0eeb.pdf\" target=\"_blank\" >Resultado definitivo da 2\u00aa fase<\/a>.<\/li>\n<\/ul>\n\n\n\n<p>A banca organizadora tamb\u00e9m <strong>publicou a decis\u00e3o sobre os recursos interpostos contra o resultado preliminar<\/strong> e a<strong> consulta individual ao espelho de corre\u00e7\u00e3o\/espelho de prova<\/strong>:<\/p>\n\n\n\n<ul class=\"wp-block-list\">\n<li><a href=\"https:\/\/recursos-fgvprojetos.fgv.br\/inscricao\/oab251_recurso_dis\/expirou.cfm?CFID=11745608&amp;CFTOKEN=59572937\" target=\"_blank\" >Respostas aos recursos interpostos contra o resultado da prova pr\u00e1tico-profissional<\/a>.<\/li>\n\n\n\n<li><a href=\"https:\/\/inscricaooab.fgv.br\/ResultadoEOU2v2.aspx?tab=vi7c046e834ca3e0b514c792b83090bb21\" target=\"_blank\" >Consulta individual ao espelho de corre\u00e7\u00e3o\/espelho de prova da 2\u00aa fase (resultado final)<\/a>.<\/li>\n<\/ul>\n\n\n\n<p>Ap\u00f3s a divulga\u00e7\u00e3o do resultado final da OAB, os candidatos aprovados recebem o certificado e devem solicitar a inscri\u00e7\u00e3o na entidade para obter o registro profissional e a carteira da advocacia, podendo assim atuar regularmente como advogados.<\/p>\n\n\n\n<h2 class=\"wp-block-heading has-text-align-center\" id=\"h-quer-ser-aprovado-ou-aprovada-no-exame-oab-temos-as-melhores-opcoes-aqui\"><span id=\"quer-ser-aprovado-ou-aprovada-no-exame-oabtemos-as-melhores-opcoes-aqui\">Quer ser aprovado ou aprovada no Exame OAB?<br><strong>Temos as melhores op\u00e7\u00f5es AQUI!<\/strong><\/span><\/h2>\n\n\n\n<div class=\"wp-block-cover\" style=\"min-height:145px;aspect-ratio:unset;\"><span aria-hidden=\"true\" class=\"wp-block-cover__background has-background-dim\"><\/span><img decoding=\"async\" width=\"1024\" height=\"190\" class=\"wp-block-cover__image-background wp-image-2272\" alt=\"\" src=\"https:\/\/oab.estrategia.com\/portal\/wp-content\/uploads\/2022\/08\/19111944\/assinatura-oab-banner-exame-de-ordem-oab-assinatura-curso-oab-1024x190.jpg\" style=\"object-position:58% 29%\" data-object-fit=\"cover\" data-object-position=\"58% 29%\" srcset=\"https:\/\/oab.estrategia.com\/portal\/wp-content\/uploads\/2022\/08\/19111944\/assinatura-oab-banner-exame-de-ordem-oab-assinatura-curso-oab-1024x190.jpg 1024w, https:\/\/oab.estrategia.com\/portal\/wp-content\/uploads\/2022\/08\/19111944\/assinatura-oab-banner-exame-de-ordem-oab-assinatura-curso-oab-300x56.jpg 300w, https:\/\/oab.estrategia.com\/portal\/wp-content\/uploads\/2022\/08\/19111944\/assinatura-oab-banner-exame-de-ordem-oab-assinatura-curso-oab-768x143.jpg 768w, https:\/\/oab.estrategia.com\/portal\/wp-content\/uploads\/2022\/08\/19111944\/assinatura-oab-banner-exame-de-ordem-oab-assinatura-curso-oab-1536x285.jpg 1536w, https:\/\/oab.estrategia.com\/portal\/wp-content\/uploads\/2022\/08\/19111944\/assinatura-oab-banner-exame-de-ordem-oab-assinatura-curso-oab-380x71.jpg 380w, https:\/\/oab.estrategia.com\/portal\/wp-content\/uploads\/2022\/08\/19111944\/assinatura-oab-banner-exame-de-ordem-oab-assinatura-curso-oab-800x149.jpg 800w, https:\/\/oab.estrategia.com\/portal\/wp-content\/uploads\/2022\/08\/19111944\/assinatura-oab-banner-exame-de-ordem-oab-assinatura-curso-oab-1160x215.jpg 1160w, https:\/\/oab.estrategia.com\/portal\/wp-content\/uploads\/2022\/08\/19111944\/assinatura-oab-banner-exame-de-ordem-oab-assinatura-curso-oab-150x28.jpg 150w, https:\/\/oab.estrategia.com\/portal\/wp-content\/uploads\/2022\/08\/19111944\/assinatura-oab-banner-exame-de-ordem-oab-assinatura-curso-oab.jpg 1890w\" sizes=\"(max-width: 1024px) 100vw, 1024px\" \/><div class=\"wp-block-cover__inner-container is-layout-flow wp-block-cover-is-layout-flow\">\n<h3 id=\"assinatura-oab\" class=\"titulo-assinatura\">Assinatura OAB<\/h3>\n<p class=\"subtitulo-assinatura\" style=\"display:block!important; line-height: 0;\">Conte\u00fado completo para a 1\u00aa e 2\u00aa fase da OAB.<\/p>\n<a target=\"_blank\" href=\"https:\/\/oab.estrategia.com\/curso\/assinatura-oab\/\" rel=\"noopener\"><button style=\"border-radius: 10px; text-transform: capitalize;\">Acessar<\/button><\/a>\n<\/div><\/div>\n\n\n\n<h3 class=\"wp-block-heading has-text-align-center\" id=\"h-conteudos-exclusivos-e-atualizacoes-em-tempo-real-siga-nossas-redes-e-esteja-sempre-um-passo-a-frente\"><span id=\"conteudos-exclusivos-e-atualizacoes-em-tempo-realsiga-nossas-redes-e-esteja-sempre-um-passo-a-frente\">Conte\u00fados exclusivos e atualiza\u00e7\u00f5es em tempo real?<br>Siga nossas redes e esteja sempre um passo \u00e0 frente!<\/span><\/h3>\n\n\n\n<ul class=\"wp-block-social-links has-normal-icon-size has-visible-labels is-horizontal is-content-justification-center is-layout-flex wp-container-core-social-links-is-layout-499968f5 wp-block-social-links-is-layout-flex\"><li class=\"wp-social-link wp-social-link-facebook  wp-block-social-link\"><a rel=\"noopener nofollow\" target=\"_blank\" href=\"https:\/\/www.facebook.com\/oabestrategia?locale=pt_BR\" class=\"wp-block-social-link-anchor\"><svg width=\"24\" height=\"24\" viewBox=\"0 0 24 24\" version=\"1.1\" xmlns=\"http:\/\/www.w3.org\/2000\/svg\" aria-hidden=\"true\" focusable=\"false\"><path d=\"M12 2C6.5 2 2 6.5 2 12c0 5 3.7 9.1 8.4 9.9v-7H7.9V12h2.5V9.8c0-2.5 1.5-3.9 3.8-3.9 1.1 0 2.2.2 2.2.2v2.5h-1.3c-1.2 0-1.6.8-1.6 1.6V12h2.8l-.4 2.9h-2.3v7C18.3 21.1 22 17 22 12c0-5.5-4.5-10-10-10z\"><\/path><\/svg><span class=\"wp-block-social-link-label\">Facebook<\/span><\/a><\/li>\n\n<li class=\"wp-social-link wp-social-link-instagram  wp-block-social-link\"><a rel=\"noopener nofollow\" target=\"_blank\" href=\"https:\/\/www.instagram.com\/estrategiaoab\/\" class=\"wp-block-social-link-anchor\"><svg width=\"24\" height=\"24\" viewBox=\"0 0 24 24\" version=\"1.1\" xmlns=\"http:\/\/www.w3.org\/2000\/svg\" aria-hidden=\"true\" focusable=\"false\"><path d=\"M12,4.622c2.403,0,2.688,0.009,3.637,0.052c0.877,0.04,1.354,0.187,1.671,0.31c0.42,0.163,0.72,0.358,1.035,0.673 c0.315,0.315,0.51,0.615,0.673,1.035c0.123,0.317,0.27,0.794,0.31,1.671c0.043,0.949,0.052,1.234,0.052,3.637 s-0.009,2.688-0.052,3.637c-0.04,0.877-0.187,1.354-0.31,1.671c-0.163,0.42-0.358,0.72-0.673,1.035 c-0.315,0.315-0.615,0.51-1.035,0.673c-0.317,0.123-0.794,0.27-1.671,0.31c-0.949,0.043-1.233,0.052-3.637,0.052 s-2.688-0.009-3.637-0.052c-0.877-0.04-1.354-0.187-1.671-0.31c-0.42-0.163-0.72-0.358-1.035-0.673 c-0.315-0.315-0.51-0.615-0.673-1.035c-0.123-0.317-0.27-0.794-0.31-1.671C4.631,14.688,4.622,14.403,4.622,12 s0.009-2.688,0.052-3.637c0.04-0.877,0.187-1.354,0.31-1.671c0.163-0.42,0.358-0.72,0.673-1.035 c0.315-0.315,0.615-0.51,1.035-0.673c0.317-0.123,0.794-0.27,1.671-0.31C9.312,4.631,9.597,4.622,12,4.622 M12,3 C9.556,3,9.249,3.01,8.289,3.054C7.331,3.098,6.677,3.25,6.105,3.472C5.513,3.702,5.011,4.01,4.511,4.511 c-0.5,0.5-0.808,1.002-1.038,1.594C3.25,6.677,3.098,7.331,3.054,8.289C3.01,9.249,3,9.556,3,12c0,2.444,0.01,2.751,0.054,3.711 c0.044,0.958,0.196,1.612,0.418,2.185c0.23,0.592,0.538,1.094,1.038,1.594c0.5,0.5,1.002,0.808,1.594,1.038 c0.572,0.222,1.227,0.375,2.185,0.418C9.249,20.99,9.556,21,12,21s2.751-0.01,3.711-0.054c0.958-0.044,1.612-0.196,2.185-0.418 c0.592-0.23,1.094-0.538,1.594-1.038c0.5-0.5,0.808-1.002,1.038-1.594c0.222-0.572,0.375-1.227,0.418-2.185 C20.99,14.751,21,14.444,21,12s-0.01-2.751-0.054-3.711c-0.044-0.958-0.196-1.612-0.418-2.185c-0.23-0.592-0.538-1.094-1.038-1.594 c-0.5-0.5-1.002-0.808-1.594-1.038c-0.572-0.222-1.227-0.375-2.185-0.418C14.751,3.01,14.444,3,12,3L12,3z M12,7.378 c-2.552,0-4.622,2.069-4.622,4.622S9.448,16.622,12,16.622s4.622-2.069,4.622-4.622S14.552,7.378,12,7.378z M12,15 c-1.657,0-3-1.343-3-3s1.343-3,3-3s3,1.343,3,3S13.657,15,12,15z M16.804,6.116c-0.596,0-1.08,0.484-1.08,1.08 s0.484,1.08,1.08,1.08c0.596,0,1.08-0.484,1.08-1.08S17.401,6.116,16.804,6.116z\"><\/path><\/svg><span class=\"wp-block-social-link-label\">Instagram<\/span><\/a><\/li>\n\n<li class=\"wp-social-link wp-social-link-youtube  wp-block-social-link\"><a rel=\"noopener nofollow\" target=\"_blank\" href=\"https:\/\/www.youtube.com\/channel\/UC7rgrKTSF5aOrBGWOw60ovw\" class=\"wp-block-social-link-anchor\"><svg width=\"24\" height=\"24\" viewBox=\"0 0 24 24\" version=\"1.1\" xmlns=\"http:\/\/www.w3.org\/2000\/svg\" aria-hidden=\"true\" focusable=\"false\"><path d=\"M21.8,8.001c0,0-0.195-1.378-0.795-1.985c-0.76-0.797-1.613-0.801-2.004-0.847c-2.799-0.202-6.997-0.202-6.997-0.202 h-0.009c0,0-4.198,0-6.997,0.202C4.608,5.216,3.756,5.22,2.995,6.016C2.395,6.623,2.2,8.001,2.2,8.001S2,9.62,2,11.238v1.517 c0,1.618,0.2,3.237,0.2,3.237s0.195,1.378,0.795,1.985c0.761,0.797,1.76,0.771,2.205,0.855c1.6,0.153,6.8,0.201,6.8,0.201 s4.203-0.006,7.001-0.209c0.391-0.047,1.243-0.051,2.004-0.847c0.6-0.607,0.795-1.985,0.795-1.985s0.2-1.618,0.2-3.237v-1.517 C22,9.62,21.8,8.001,21.8,8.001z M9.935,14.594l-0.001-5.62l5.404,2.82L9.935,14.594z\"><\/path><\/svg><span class=\"wp-block-social-link-label\">Youtube<\/span><\/a><\/li>\n\n<li class=\"wp-social-link wp-social-link-telegram  wp-block-social-link\"><a rel=\"noopener nofollow\" target=\"_blank\" href=\"https:\/\/t.me\/transmissaoEstrategiaOAB\" class=\"wp-block-social-link-anchor\"><svg width=\"24\" height=\"24\" viewBox=\"0 0 128 128\" version=\"1.1\" xmlns=\"http:\/\/www.w3.org\/2000\/svg\" aria-hidden=\"true\" focusable=\"false\"><path d=\"M28.9700376,63.3244248 C47.6273373,55.1957357 60.0684594,49.8368063 66.2934036,47.2476366 C84.0668845,39.855031 87.7600616,38.5708563 90.1672227,38.528 C90.6966555,38.5191258 91.8804274,38.6503351 92.6472251,39.2725385 C93.294694,39.7979149 93.4728387,40.5076237 93.5580865,41.0057381 C93.6433345,41.5038525 93.7494885,42.63857 93.6651041,43.5252052 C92.7019529,53.6451182 88.5344133,78.2034783 86.4142057,89.5379542 C85.5170662,94.3339958 83.750571,95.9420841 82.0403991,96.0994568 C78.3237996,96.4414641 75.5015827,93.6432685 71.9018743,91.2836143 C66.2690414,87.5912212 63.0868492,85.2926952 57.6192095,81.6896017 C51.3004058,77.5256038 55.3966232,75.2369981 58.9976911,71.4967761 C59.9401076,70.5179421 76.3155302,55.6232293 76.6324771,54.2720454 C76.6721165,54.1030573 76.7089039,53.4731496 76.3346867,53.1405352 C75.9604695,52.8079208 75.4081573,52.921662 75.0095933,53.0121213 C74.444641,53.1403447 65.4461175,59.0880351 48.0140228,70.8551922 C45.4598218,72.6091037 43.1463059,73.4636682 41.0734751,73.4188859 C38.7883453,73.3695169 34.3926725,72.1268388 31.1249416,71.0646282 C27.1169366,69.7617838 23.931454,69.0729605 24.208838,66.8603276 C24.3533167,65.7078514 25.9403832,64.5292172 28.9700376,63.3244248 Z\" \/><\/svg><span class=\"wp-block-social-link-label\">Telegram<\/span><\/a><\/li>\n\n<li class=\"wp-social-link wp-social-link-whatsapp  wp-block-social-link\"><a rel=\"noopener nofollow\" target=\"_blank\" href=\"https:\/\/chat.whatsapp.com\/GVIH7MrkoVAGyAxc6MuwWf\" class=\"wp-block-social-link-anchor\"><svg width=\"24\" height=\"24\" viewBox=\"0 0 24 24\" version=\"1.1\" xmlns=\"http:\/\/www.w3.org\/2000\/svg\" aria-hidden=\"true\" focusable=\"false\"><path d=\"M 12.011719 2 C 6.5057187 2 2.0234844 6.478375 2.0214844 11.984375 C 2.0204844 13.744375 2.4814687 15.462563 3.3554688 16.976562 L 2 22 L 7.2324219 20.763672 C 8.6914219 21.559672 10.333859 21.977516 12.005859 21.978516 L 12.009766 21.978516 C 17.514766 21.978516 21.995047 17.499141 21.998047 11.994141 C 22.000047 9.3251406 20.962172 6.8157344 19.076172 4.9277344 C 17.190172 3.0407344 14.683719 2.001 12.011719 2 z M 12.009766 4 C 14.145766 4.001 16.153109 4.8337969 17.662109 6.3417969 C 19.171109 7.8517969 20.000047 9.8581875 19.998047 11.992188 C 19.996047 16.396187 16.413812 19.978516 12.007812 19.978516 C 10.674812 19.977516 9.3544062 19.642812 8.1914062 19.007812 L 7.5175781 18.640625 L 6.7734375 18.816406 L 4.8046875 19.28125 L 5.2851562 17.496094 L 5.5019531 16.695312 L 5.0878906 15.976562 C 4.3898906 14.768562 4.0204844 13.387375 4.0214844 11.984375 C 4.0234844 7.582375 7.6067656 4 12.009766 4 z M 8.4765625 7.375 C 8.3095625 7.375 8.0395469 7.4375 7.8105469 7.6875 C 7.5815469 7.9365 6.9355469 8.5395781 6.9355469 9.7675781 C 6.9355469 10.995578 7.8300781 12.182609 7.9550781 12.349609 C 8.0790781 12.515609 9.68175 15.115234 12.21875 16.115234 C 14.32675 16.946234 14.754891 16.782234 15.212891 16.740234 C 15.670891 16.699234 16.690438 16.137687 16.898438 15.554688 C 17.106437 14.971687 17.106922 14.470187 17.044922 14.367188 C 16.982922 14.263188 16.816406 14.201172 16.566406 14.076172 C 16.317406 13.951172 15.090328 13.348625 14.861328 13.265625 C 14.632328 13.182625 14.464828 13.140625 14.298828 13.390625 C 14.132828 13.640625 13.655766 14.201187 13.509766 14.367188 C 13.363766 14.534188 13.21875 14.556641 12.96875 14.431641 C 12.71875 14.305641 11.914938 14.041406 10.960938 13.191406 C 10.218937 12.530406 9.7182656 11.714844 9.5722656 11.464844 C 9.4272656 11.215844 9.5585938 11.079078 9.6835938 10.955078 C 9.7955938 10.843078 9.9316406 10.663578 10.056641 10.517578 C 10.180641 10.371578 10.223641 10.267562 10.306641 10.101562 C 10.389641 9.9355625 10.347156 9.7890625 10.285156 9.6640625 C 10.223156 9.5390625 9.737625 8.3065 9.515625 7.8125 C 9.328625 7.3975 9.131125 7.3878594 8.953125 7.3808594 C 8.808125 7.3748594 8.6425625 7.375 8.4765625 7.375 z\"><\/path><\/svg><span class=\"wp-block-social-link-label\">WhatsApp<\/span><\/a><\/li><\/ul>\n\n\n\n<p><\/p>\n","protected":false},"excerpt":{"rendered":"O Estrat\u00e9gia OAB acompanha de perto cada movimenta\u00e7\u00e3o da banca respons\u00e1vel pela aplica\u00e7\u00e3o do 43\u00ba Exame de Ordem.&hellip;\n","protected":false},"author":118,"featured_media":3890,"comment_status":"open","ping_status":"open","sticky":false,"template":"","format":"standard","meta":{"_jetpack_memberships_contains_paid_content":false,"footnotes":""},"categories":[31,36],"tags":[],"class_list":{"0":"post-20792","1":"post","2":"type-post","3":"status-publish","4":"format-standard","5":"has-post-thumbnail","7":"category-2a-fase-oab","8":"category-gabarito-oab"},"acf":[],"yoast_head":"<!-- This site is optimized with the Yoast SEO Premium plugin v26.2 (Yoast SEO v27.4) - https:\/\/yoast.com\/product\/yoast-seo-premium-wordpress\/ -->\n<title>FGV amplia gabarito da 2\u00aa fase do 43\u00ba Exame da OAB, mas mant\u00e9m incertezas<\/title>\n<meta name=\"description\" content=\"Entenda as implica\u00e7\u00f5es da FGV ao ampliar o gabarito da 2\u00aa fase do 43\u00ba Exame da OAB conforme a an\u00e1lise da professora Priscila.\" \/>\n<meta name=\"robots\" content=\"index, follow, max-snippet:-1, max-image-preview:large, max-video-preview:-1\" \/>\n<link rel=\"canonical\" href=\"https:\/\/oab.estrategia.com\/portal\/fgv-amplia-gabarito-da-2a-fase-do-43o-exame-da-oab-mas-mantem-incertezas\/\" \/>\n<meta property=\"og:locale\" content=\"pt_BR\" \/>\n<meta property=\"og:type\" content=\"article\" \/>\n<meta property=\"og:title\" content=\"FGV amplia gabarito da 2\u00aa fase do 43\u00ba Exame da OAB, mas mant\u00e9m incertezas\" \/>\n<meta property=\"og:description\" content=\"Entenda as implica\u00e7\u00f5es da FGV ao ampliar o gabarito da 2\u00aa fase do 43\u00ba Exame da OAB conforme a an\u00e1lise da professora Priscila.\" \/>\n<meta property=\"og:url\" content=\"https:\/\/oab.estrategia.com\/portal\/fgv-amplia-gabarito-da-2a-fase-do-43o-exame-da-oab-mas-mantem-incertezas\/\" \/>\n<meta property=\"og:site_name\" content=\"Blog - OAB - Estrat\u00e9gia\" \/>\n<meta property=\"article:publisher\" content=\"https:\/\/www.facebook.com\/estrategiaoab\/\" \/>\n<meta property=\"article:published_time\" content=\"2025-07-25T17:42:55+00:00\" \/>\n<meta property=\"article:modified_time\" content=\"2025-07-25T17:43:44+00:00\" \/>\n<meta property=\"og:image\" content=\"https:\/\/oab.estrategia.com\/portal\/portal\/wp-content\/uploads\/2022\/11\/22101641\/exame-de-ordem-oab-xxxvi-exame-resultado-definitivo-prova-objetiva.png\" \/>\n\t<meta property=\"og:image:width\" content=\"960\" \/>\n\t<meta property=\"og:image:height\" content=\"540\" \/>\n\t<meta property=\"og:image:type\" content=\"image\/png\" \/>\n<meta name=\"author\" content=\"Jos\u00e9 Ferreira\" \/>\n<meta name=\"twitter:card\" content=\"summary_large_image\" \/>\n<meta name=\"twitter:creator\" content=\"@estrategiaoab\" \/>\n<meta name=\"twitter:site\" content=\"@estrategiaoab\" \/>\n<meta name=\"twitter:label1\" content=\"Escrito por\" \/>\n\t<meta name=\"twitter:data1\" content=\"Jos\u00e9 Ferreira\" \/>\n\t<meta name=\"twitter:label2\" content=\"Est. tempo de leitura\" \/>\n\t<meta name=\"twitter:data2\" content=\"8 minutos\" \/>\n<script type=\"application\/ld+json\" class=\"yoast-schema-graph\">{\"@context\":\"https:\\\/\\\/schema.org\",\"@graph\":[{\"@type\":\"Article\",\"@id\":\"https:\\\/\\\/oab.estrategia.com\\\/portal\\\/fgv-amplia-gabarito-da-2a-fase-do-43o-exame-da-oab-mas-mantem-incertezas\\\/#article\",\"isPartOf\":{\"@id\":\"https:\\\/\\\/oab.estrategia.com\\\/portal\\\/fgv-amplia-gabarito-da-2a-fase-do-43o-exame-da-oab-mas-mantem-incertezas\\\/\"},\"author\":{\"name\":\"Jos\u00e9 Ferreira\",\"@id\":\"https:\\\/\\\/oab.estrategia.com\\\/portal\\\/#\\\/schema\\\/person\\\/90ac1742cf0ec5aeb8675072ab02efed\"},\"headline\":\"FGV amplia gabarito da 2\u00aa fase do 43\u00ba Exame da OAB, mas mant\u00e9m incertezas\",\"datePublished\":\"2025-07-25T17:42:55+00:00\",\"dateModified\":\"2025-07-25T17:43:44+00:00\",\"mainEntityOfPage\":{\"@id\":\"https:\\\/\\\/oab.estrategia.com\\\/portal\\\/fgv-amplia-gabarito-da-2a-fase-do-43o-exame-da-oab-mas-mantem-incertezas\\\/\"},\"wordCount\":1440,\"commentCount\":0,\"publisher\":{\"@id\":\"https:\\\/\\\/oab.estrategia.com\\\/portal\\\/#organization\"},\"image\":{\"@id\":\"https:\\\/\\\/oab.estrategia.com\\\/portal\\\/fgv-amplia-gabarito-da-2a-fase-do-43o-exame-da-oab-mas-mantem-incertezas\\\/#primaryimage\"},\"thumbnailUrl\":\"https:\\\/\\\/oab.estrategia.com\\\/portal\\\/wp-content\\\/uploads\\\/2022\\\/11\\\/22101641\\\/exame-de-ordem-oab-xxxvi-exame-resultado-definitivo-prova-objetiva.png\",\"articleSection\":[\"2\u00aa Fase OAB\",\"Gabaritos OAB\"],\"inLanguage\":\"pt-BR\",\"potentialAction\":[{\"@type\":\"CommentAction\",\"name\":\"Comment\",\"target\":[\"https:\\\/\\\/oab.estrategia.com\\\/portal\\\/fgv-amplia-gabarito-da-2a-fase-do-43o-exame-da-oab-mas-mantem-incertezas\\\/#respond\"]}]},{\"@type\":\"WebPage\",\"@id\":\"https:\\\/\\\/oab.estrategia.com\\\/portal\\\/fgv-amplia-gabarito-da-2a-fase-do-43o-exame-da-oab-mas-mantem-incertezas\\\/\",\"url\":\"https:\\\/\\\/oab.estrategia.com\\\/portal\\\/fgv-amplia-gabarito-da-2a-fase-do-43o-exame-da-oab-mas-mantem-incertezas\\\/\",\"name\":\"FGV amplia gabarito da 2\u00aa fase do 43\u00ba Exame da OAB, mas mant\u00e9m incertezas\",\"isPartOf\":{\"@id\":\"https:\\\/\\\/oab.estrategia.com\\\/portal\\\/#website\"},\"primaryImageOfPage\":{\"@id\":\"https:\\\/\\\/oab.estrategia.com\\\/portal\\\/fgv-amplia-gabarito-da-2a-fase-do-43o-exame-da-oab-mas-mantem-incertezas\\\/#primaryimage\"},\"image\":{\"@id\":\"https:\\\/\\\/oab.estrategia.com\\\/portal\\\/fgv-amplia-gabarito-da-2a-fase-do-43o-exame-da-oab-mas-mantem-incertezas\\\/#primaryimage\"},\"thumbnailUrl\":\"https:\\\/\\\/oab.estrategia.com\\\/portal\\\/wp-content\\\/uploads\\\/2022\\\/11\\\/22101641\\\/exame-de-ordem-oab-xxxvi-exame-resultado-definitivo-prova-objetiva.png\",\"datePublished\":\"2025-07-25T17:42:55+00:00\",\"dateModified\":\"2025-07-25T17:43:44+00:00\",\"description\":\"Entenda as implica\u00e7\u00f5es da FGV ao ampliar o gabarito da 2\u00aa fase do 43\u00ba Exame da OAB conforme a an\u00e1lise da professora Priscila.\",\"breadcrumb\":{\"@id\":\"https:\\\/\\\/oab.estrategia.com\\\/portal\\\/fgv-amplia-gabarito-da-2a-fase-do-43o-exame-da-oab-mas-mantem-incertezas\\\/#breadcrumb\"},\"inLanguage\":\"pt-BR\",\"potentialAction\":[{\"@type\":\"ReadAction\",\"target\":[\"https:\\\/\\\/oab.estrategia.com\\\/portal\\\/fgv-amplia-gabarito-da-2a-fase-do-43o-exame-da-oab-mas-mantem-incertezas\\\/\"]}]},{\"@type\":\"ImageObject\",\"inLanguage\":\"pt-BR\",\"@id\":\"https:\\\/\\\/oab.estrategia.com\\\/portal\\\/fgv-amplia-gabarito-da-2a-fase-do-43o-exame-da-oab-mas-mantem-incertezas\\\/#primaryimage\",\"url\":\"https:\\\/\\\/oab.estrategia.com\\\/portal\\\/wp-content\\\/uploads\\\/2022\\\/11\\\/22101641\\\/exame-de-ordem-oab-xxxvi-exame-resultado-definitivo-prova-objetiva.png\",\"contentUrl\":\"https:\\\/\\\/oab.estrategia.com\\\/portal\\\/wp-content\\\/uploads\\\/2022\\\/11\\\/22101641\\\/exame-de-ordem-oab-xxxvi-exame-resultado-definitivo-prova-objetiva.png\",\"width\":960,\"height\":540,\"caption\":\"Exame de ordem\"},{\"@type\":\"BreadcrumbList\",\"@id\":\"https:\\\/\\\/oab.estrategia.com\\\/portal\\\/fgv-amplia-gabarito-da-2a-fase-do-43o-exame-da-oab-mas-mantem-incertezas\\\/#breadcrumb\",\"itemListElement\":[{\"@type\":\"ListItem\",\"position\":1,\"name\":\"In\u00edcio\",\"item\":\"https:\\\/\\\/oab.estrategia.com\\\/portal\\\/\"},{\"@type\":\"ListItem\",\"position\":2,\"name\":\"FGV amplia gabarito da 2\u00aa fase do 43\u00ba Exame da OAB, mas mant\u00e9m incertezas\"}]},{\"@type\":\"WebSite\",\"@id\":\"https:\\\/\\\/oab.estrategia.com\\\/portal\\\/#website\",\"url\":\"https:\\\/\\\/oab.estrategia.com\\\/portal\\\/\",\"name\":\"Blog - OAB - Estrat\u00e9gia\",\"description\":\"Blog OAB - Estrat\u00e9gia Concursos\",\"publisher\":{\"@id\":\"https:\\\/\\\/oab.estrategia.com\\\/portal\\\/#organization\"},\"potentialAction\":[{\"@type\":\"SearchAction\",\"target\":{\"@type\":\"EntryPoint\",\"urlTemplate\":\"https:\\\/\\\/oab.estrategia.com\\\/portal\\\/?s={search_term_string}\"},\"query-input\":{\"@type\":\"PropertyValueSpecification\",\"valueRequired\":true,\"valueName\":\"search_term_string\"}}],\"inLanguage\":\"pt-BR\"},{\"@type\":\"Organization\",\"@id\":\"https:\\\/\\\/oab.estrategia.com\\\/portal\\\/#organization\",\"name\":\"Estrat\u00e9gia Concursos\",\"url\":\"https:\\\/\\\/oab.estrategia.com\\\/portal\\\/\",\"logo\":{\"@type\":\"ImageObject\",\"inLanguage\":\"pt-BR\",\"@id\":\"https:\\\/\\\/oab.estrategia.com\\\/portal\\\/#\\\/schema\\\/logo\\\/image\\\/\",\"url\":\"https:\\\/\\\/oab.estrategia.com\\\/portal\\\/wp-content\\\/uploads\\\/2022\\\/04\\\/06103601\\\/oab-icone-2.png\",\"contentUrl\":\"https:\\\/\\\/oab.estrategia.com\\\/portal\\\/wp-content\\\/uploads\\\/2022\\\/04\\\/06103601\\\/oab-icone-2.png\",\"width\":900,\"height\":900,\"caption\":\"Estrat\u00e9gia Concursos\"},\"image\":{\"@id\":\"https:\\\/\\\/oab.estrategia.com\\\/portal\\\/#\\\/schema\\\/logo\\\/image\\\/\"},\"sameAs\":[\"https:\\\/\\\/www.facebook.com\\\/estrategiaoab\\\/\",\"https:\\\/\\\/x.com\\\/estrategiaoab\",\"https:\\\/\\\/www.instagram.com\\\/estrategiaoab\\\/\",\"https:\\\/\\\/www.youtube.com\\\/EstrategiaOAB\"]},{\"@type\":\"Person\",\"@id\":\"https:\\\/\\\/oab.estrategia.com\\\/portal\\\/#\\\/schema\\\/person\\\/90ac1742cf0ec5aeb8675072ab02efed\",\"name\":\"Jos\u00e9 Ferreira\",\"image\":{\"@type\":\"ImageObject\",\"inLanguage\":\"pt-BR\",\"@id\":\"https:\\\/\\\/oab.estrategia.com\\\/portal\\\/wp-content\\\/uploads\\\/2025\\\/04\\\/18142330\\\/jose-ferreira-navarro-analista-de-conteudo-jornalismo-carreiras-juridicas-96x96.png\",\"url\":\"https:\\\/\\\/oab.estrategia.com\\\/portal\\\/wp-content\\\/uploads\\\/2025\\\/04\\\/18142330\\\/jose-ferreira-navarro-analista-de-conteudo-jornalismo-carreiras-juridicas-96x96.png\",\"contentUrl\":\"https:\\\/\\\/oab.estrategia.com\\\/portal\\\/wp-content\\\/uploads\\\/2025\\\/04\\\/18142330\\\/jose-ferreira-navarro-analista-de-conteudo-jornalismo-carreiras-juridicas-96x96.png\",\"caption\":\"Jos\u00e9 Ferreira\"},\"description\":\"Analista de conte\u00fado na equipe de Jornalismo, atua com SEO e estrat\u00e9gia para desenvolver conte\u00fados relevantes e de alta qualidade voltados para OAB e para o universo de Concursos Jur\u00eddicos.\",\"url\":\"https:\\\/\\\/oab.estrategia.com\\\/portal\\\/author\\\/jose-navarro-de-andrade-cintra-ferreira\\\/\"}]}<\/script>\n<!-- \/ Yoast SEO Premium plugin. -->","yoast_head_json":{"title":"FGV amplia gabarito da 2\u00aa fase do 43\u00ba Exame da OAB, mas mant\u00e9m incertezas","description":"Entenda as implica\u00e7\u00f5es da FGV ao ampliar o gabarito da 2\u00aa fase do 43\u00ba Exame da OAB conforme a an\u00e1lise da professora Priscila.","robots":{"index":"index","follow":"follow","max-snippet":"max-snippet:-1","max-image-preview":"max-image-preview:large","max-video-preview":"max-video-preview:-1"},"canonical":"https:\/\/oab.estrategia.com\/portal\/fgv-amplia-gabarito-da-2a-fase-do-43o-exame-da-oab-mas-mantem-incertezas\/","og_locale":"pt_BR","og_type":"article","og_title":"FGV amplia gabarito da 2\u00aa fase do 43\u00ba Exame da OAB, mas mant\u00e9m incertezas","og_description":"Entenda as implica\u00e7\u00f5es da FGV ao ampliar o gabarito da 2\u00aa fase do 43\u00ba Exame da OAB conforme a an\u00e1lise da professora Priscila.","og_url":"https:\/\/oab.estrategia.com\/portal\/fgv-amplia-gabarito-da-2a-fase-do-43o-exame-da-oab-mas-mantem-incertezas\/","og_site_name":"Blog - OAB - Estrat\u00e9gia","article_publisher":"https:\/\/www.facebook.com\/estrategiaoab\/","article_published_time":"2025-07-25T17:42:55+00:00","article_modified_time":"2025-07-25T17:43:44+00:00","og_image":[{"width":960,"height":540,"url":"https:\/\/oab.estrategia.com\/portal\/portal\/wp-content\/uploads\/2022\/11\/22101641\/exame-de-ordem-oab-xxxvi-exame-resultado-definitivo-prova-objetiva.png","type":"image\/png"}],"author":"Jos\u00e9 Ferreira","twitter_card":"summary_large_image","twitter_creator":"@estrategiaoab","twitter_site":"@estrategiaoab","twitter_misc":{"Escrito por":"Jos\u00e9 Ferreira","Est. tempo de leitura":"8 minutos"},"schema":{"@context":"https:\/\/schema.org","@graph":[{"@type":"Article","@id":"https:\/\/oab.estrategia.com\/portal\/fgv-amplia-gabarito-da-2a-fase-do-43o-exame-da-oab-mas-mantem-incertezas\/#article","isPartOf":{"@id":"https:\/\/oab.estrategia.com\/portal\/fgv-amplia-gabarito-da-2a-fase-do-43o-exame-da-oab-mas-mantem-incertezas\/"},"author":{"name":"Jos\u00e9 Ferreira","@id":"https:\/\/oab.estrategia.com\/portal\/#\/schema\/person\/90ac1742cf0ec5aeb8675072ab02efed"},"headline":"FGV amplia gabarito da 2\u00aa fase do 43\u00ba Exame da OAB, mas mant\u00e9m incertezas","datePublished":"2025-07-25T17:42:55+00:00","dateModified":"2025-07-25T17:43:44+00:00","mainEntityOfPage":{"@id":"https:\/\/oab.estrategia.com\/portal\/fgv-amplia-gabarito-da-2a-fase-do-43o-exame-da-oab-mas-mantem-incertezas\/"},"wordCount":1440,"commentCount":0,"publisher":{"@id":"https:\/\/oab.estrategia.com\/portal\/#organization"},"image":{"@id":"https:\/\/oab.estrategia.com\/portal\/fgv-amplia-gabarito-da-2a-fase-do-43o-exame-da-oab-mas-mantem-incertezas\/#primaryimage"},"thumbnailUrl":"https:\/\/oab.estrategia.com\/portal\/wp-content\/uploads\/2022\/11\/22101641\/exame-de-ordem-oab-xxxvi-exame-resultado-definitivo-prova-objetiva.png","articleSection":["2\u00aa Fase OAB","Gabaritos OAB"],"inLanguage":"pt-BR","potentialAction":[{"@type":"CommentAction","name":"Comment","target":["https:\/\/oab.estrategia.com\/portal\/fgv-amplia-gabarito-da-2a-fase-do-43o-exame-da-oab-mas-mantem-incertezas\/#respond"]}]},{"@type":"WebPage","@id":"https:\/\/oab.estrategia.com\/portal\/fgv-amplia-gabarito-da-2a-fase-do-43o-exame-da-oab-mas-mantem-incertezas\/","url":"https:\/\/oab.estrategia.com\/portal\/fgv-amplia-gabarito-da-2a-fase-do-43o-exame-da-oab-mas-mantem-incertezas\/","name":"FGV amplia gabarito da 2\u00aa fase do 43\u00ba Exame da OAB, mas mant\u00e9m incertezas","isPartOf":{"@id":"https:\/\/oab.estrategia.com\/portal\/#website"},"primaryImageOfPage":{"@id":"https:\/\/oab.estrategia.com\/portal\/fgv-amplia-gabarito-da-2a-fase-do-43o-exame-da-oab-mas-mantem-incertezas\/#primaryimage"},"image":{"@id":"https:\/\/oab.estrategia.com\/portal\/fgv-amplia-gabarito-da-2a-fase-do-43o-exame-da-oab-mas-mantem-incertezas\/#primaryimage"},"thumbnailUrl":"https:\/\/oab.estrategia.com\/portal\/wp-content\/uploads\/2022\/11\/22101641\/exame-de-ordem-oab-xxxvi-exame-resultado-definitivo-prova-objetiva.png","datePublished":"2025-07-25T17:42:55+00:00","dateModified":"2025-07-25T17:43:44+00:00","description":"Entenda as implica\u00e7\u00f5es da FGV ao ampliar o gabarito da 2\u00aa fase do 43\u00ba Exame da OAB conforme a an\u00e1lise da professora Priscila.","breadcrumb":{"@id":"https:\/\/oab.estrategia.com\/portal\/fgv-amplia-gabarito-da-2a-fase-do-43o-exame-da-oab-mas-mantem-incertezas\/#breadcrumb"},"inLanguage":"pt-BR","potentialAction":[{"@type":"ReadAction","target":["https:\/\/oab.estrategia.com\/portal\/fgv-amplia-gabarito-da-2a-fase-do-43o-exame-da-oab-mas-mantem-incertezas\/"]}]},{"@type":"ImageObject","inLanguage":"pt-BR","@id":"https:\/\/oab.estrategia.com\/portal\/fgv-amplia-gabarito-da-2a-fase-do-43o-exame-da-oab-mas-mantem-incertezas\/#primaryimage","url":"https:\/\/oab.estrategia.com\/portal\/wp-content\/uploads\/2022\/11\/22101641\/exame-de-ordem-oab-xxxvi-exame-resultado-definitivo-prova-objetiva.png","contentUrl":"https:\/\/oab.estrategia.com\/portal\/wp-content\/uploads\/2022\/11\/22101641\/exame-de-ordem-oab-xxxvi-exame-resultado-definitivo-prova-objetiva.png","width":960,"height":540,"caption":"Exame de ordem"},{"@type":"BreadcrumbList","@id":"https:\/\/oab.estrategia.com\/portal\/fgv-amplia-gabarito-da-2a-fase-do-43o-exame-da-oab-mas-mantem-incertezas\/#breadcrumb","itemListElement":[{"@type":"ListItem","position":1,"name":"In\u00edcio","item":"https:\/\/oab.estrategia.com\/portal\/"},{"@type":"ListItem","position":2,"name":"FGV amplia gabarito da 2\u00aa fase do 43\u00ba Exame da OAB, mas mant\u00e9m incertezas"}]},{"@type":"WebSite","@id":"https:\/\/oab.estrategia.com\/portal\/#website","url":"https:\/\/oab.estrategia.com\/portal\/","name":"Blog - OAB - Estrat\u00e9gia","description":"Blog OAB - Estrat\u00e9gia Concursos","publisher":{"@id":"https:\/\/oab.estrategia.com\/portal\/#organization"},"potentialAction":[{"@type":"SearchAction","target":{"@type":"EntryPoint","urlTemplate":"https:\/\/oab.estrategia.com\/portal\/?s={search_term_string}"},"query-input":{"@type":"PropertyValueSpecification","valueRequired":true,"valueName":"search_term_string"}}],"inLanguage":"pt-BR"},{"@type":"Organization","@id":"https:\/\/oab.estrategia.com\/portal\/#organization","name":"Estrat\u00e9gia Concursos","url":"https:\/\/oab.estrategia.com\/portal\/","logo":{"@type":"ImageObject","inLanguage":"pt-BR","@id":"https:\/\/oab.estrategia.com\/portal\/#\/schema\/logo\/image\/","url":"https:\/\/oab.estrategia.com\/portal\/wp-content\/uploads\/2022\/04\/06103601\/oab-icone-2.png","contentUrl":"https:\/\/oab.estrategia.com\/portal\/wp-content\/uploads\/2022\/04\/06103601\/oab-icone-2.png","width":900,"height":900,"caption":"Estrat\u00e9gia Concursos"},"image":{"@id":"https:\/\/oab.estrategia.com\/portal\/#\/schema\/logo\/image\/"},"sameAs":["https:\/\/www.facebook.com\/estrategiaoab\/","https:\/\/x.com\/estrategiaoab","https:\/\/www.instagram.com\/estrategiaoab\/","https:\/\/www.youtube.com\/EstrategiaOAB"]},{"@type":"Person","@id":"https:\/\/oab.estrategia.com\/portal\/#\/schema\/person\/90ac1742cf0ec5aeb8675072ab02efed","name":"Jos\u00e9 Ferreira","image":{"@type":"ImageObject","inLanguage":"pt-BR","@id":"https:\/\/oab.estrategia.com\/portal\/wp-content\/uploads\/2025\/04\/18142330\/jose-ferreira-navarro-analista-de-conteudo-jornalismo-carreiras-juridicas-96x96.png","url":"https:\/\/oab.estrategia.com\/portal\/wp-content\/uploads\/2025\/04\/18142330\/jose-ferreira-navarro-analista-de-conteudo-jornalismo-carreiras-juridicas-96x96.png","contentUrl":"https:\/\/oab.estrategia.com\/portal\/wp-content\/uploads\/2025\/04\/18142330\/jose-ferreira-navarro-analista-de-conteudo-jornalismo-carreiras-juridicas-96x96.png","caption":"Jos\u00e9 Ferreira"},"description":"Analista de conte\u00fado na equipe de Jornalismo, atua com SEO e estrat\u00e9gia para desenvolver conte\u00fados relevantes e de alta qualidade voltados para OAB e para o universo de Concursos Jur\u00eddicos.","url":"https:\/\/oab.estrategia.com\/portal\/author\/jose-navarro-de-andrade-cintra-ferreira\/"}]}},"jetpack_featured_media_url":"https:\/\/oab.estrategia.com\/portal\/wp-content\/uploads\/2022\/11\/22101641\/exame-de-ordem-oab-xxxvi-exame-resultado-definitivo-prova-objetiva.png","jetpack_sharing_enabled":true,"_links":{"self":[{"href":"https:\/\/oab.estrategia.com\/portal\/wp-json\/wp\/v2\/posts\/20792","targetHints":{"allow":["GET"]}}],"collection":[{"href":"https:\/\/oab.estrategia.com\/portal\/wp-json\/wp\/v2\/posts"}],"about":[{"href":"https:\/\/oab.estrategia.com\/portal\/wp-json\/wp\/v2\/types\/post"}],"author":[{"embeddable":true,"href":"https:\/\/oab.estrategia.com\/portal\/wp-json\/wp\/v2\/users\/118"}],"replies":[{"embeddable":true,"href":"https:\/\/oab.estrategia.com\/portal\/wp-json\/wp\/v2\/comments?post=20792"}],"version-history":[{"count":5,"href":"https:\/\/oab.estrategia.com\/portal\/wp-json\/wp\/v2\/posts\/20792\/revisions"}],"predecessor-version":[{"id":20798,"href":"https:\/\/oab.estrategia.com\/portal\/wp-json\/wp\/v2\/posts\/20792\/revisions\/20798"}],"wp:featuredmedia":[{"embeddable":true,"href":"https:\/\/oab.estrategia.com\/portal\/wp-json\/wp\/v2\/media\/3890"}],"wp:attachment":[{"href":"https:\/\/oab.estrategia.com\/portal\/wp-json\/wp\/v2\/media?parent=20792"}],"wp:term":[{"taxonomy":"category","embeddable":true,"href":"https:\/\/oab.estrategia.com\/portal\/wp-json\/wp\/v2\/categories?post=20792"},{"taxonomy":"post_tag","embeddable":true,"href":"https:\/\/oab.estrategia.com\/portal\/wp-json\/wp\/v2\/tags?post=20792"}],"curies":[{"name":"wp","href":"https:\/\/api.w.org\/{rel}","templated":true}]}}