{"id":25187,"date":"2025-10-22T17:55:29","date_gmt":"2025-10-22T20:55:29","guid":{"rendered":"https:\/\/oab.estrategia.com\/portal\/?p=25187"},"modified":"2025-10-22T17:55:33","modified_gmt":"2025-10-22T20:55:33","slug":"analise-44-exame-unificado-direito-administrativo","status":"publish","type":"post","link":"https:\/\/oab.estrategia.com\/portal\/analise-44-exame-unificado-direito-administrativo\/","title":{"rendered":"An\u00e1lise da prova da 2\u00aa fase do 44\u00ba Exame de Ordem Unificado \u2013 Direito Administrativo"},"content":{"rendered":"\n<p>Ol\u00e1 queridos amigos!<\/p>\n\n\n\n<p>Vamos fazer uma an\u00e1lise da segunda fase do 44\u00ba Exame de Ordem Unificado, aplicada em 19 de outubro de 2025 na \u00e1rea de Direito Administrativo, que apresentou a estrutura tradicional composta por uma pe\u00e7a profissional e quatro quest\u00f5es discursivas.<\/p>\n\n\n\n<p>Nessa linha, este artigo tem como objetivo analisar criticamente o conte\u00fado cobrado, identificar os fundamentos jur\u00eddicos exigidos, apontar poss\u00edveis controv\u00e9rsias e discutir eventuais recursos cab\u00edveis.<\/p>\n\n\n\n<p>Tudo aqui est\u00e1 sendo retirado do gabarito preliminar dispon\u00edvel:<\/p>\n\n\n\n<p><a href=\"https:\/\/oab.fgv.br\/arq\/647\/267669_OAB44%20-%20B001%20(DIREITO%20ADMINISTRATIVO)%20-%20GABARITO_PUBLICA%c3%87%c3%83O.pdf\" target=\"_blank\" >Prova Pr\u00e1tico-profissional<\/a><\/p>\n\n\n\n<p><strong>O que caiu, em s\u00edntese?<\/strong><strong><\/strong><\/p>\n\n\n\n<p>Bom, a prova demonstrou alinhamento com os principais temas do Direito Administrativo, abordando regime disciplinar de servidores p\u00fablicos, contratos administrativos, bens p\u00fablicos, improbidade administrativa e abuso de autoridade, todos previstos no edital.<\/p>\n\n\n\n<h2 class=\"wp-block-heading\" id=\"h-analise-da-peca-profissional\"><span id=\"analise-da-peca-profissional\">An\u00e1lise da pe\u00e7a profissional<\/span><\/h2>\n\n\n\n<p>Em s\u00edntese, a pe\u00e7a profissional apresentou o caso de Fred, servidor p\u00fablico federal est\u00e1vel do Minist\u00e9rio do Meio Ambiente, que foi suspenso por 180 dias ap\u00f3s processo administrativo disciplinar. Os principais fatos narrados foram:<\/p>\n\n\n\n<ul class=\"wp-block-list\">\n<li>Falta disciplinar praticada em maio de 2022 (resist\u00eancia injustificada \u00e0 execu\u00e7\u00e3o de servi\u00e7o)<\/li>\n\n\n\n<li>Ci\u00eancia da Administra\u00e7\u00e3o sobre a falta em 31\/05\/2022<\/li>\n\n\n\n<li>Instaura\u00e7\u00e3o do PAD apenas em 20\/06\/2024 (mais de 2 anos depois)<\/li>\n\n\n\n<li>Penalidade aplicada por Carlos, Chefe da Reparti\u00e7\u00e3o<\/li>\n\n\n\n<li>Servidor sem antecedentes disciplinares ou criminais<\/li>\n\n\n\n<li>Falta n\u00e3o gerou danos concretos ao servi\u00e7o p\u00fablico<\/li>\n\n\n\n<li>Servidor sem recursos para custear processo judicial<\/li>\n<\/ul>\n\n\n\n<h3 class=\"wp-block-heading\" id=\"h-qual-era-a-peca\"><span id=\"qual-era-a-peca\">Qual era a pe\u00e7a?<\/span><\/h3>\n\n\n\n<p>O gabarito oficial indicou que a pe\u00e7a cab\u00edvel seria uma <strong><mark style=\"background-color:rgba(0, 0, 0, 0)\" class=\"has-inline-color has-vivid-red-color\">A\u00e7\u00e3o Anulat\u00f3ria cumulada com pedido de ressarcimento de vantagens<\/mark><\/strong>, direcionada ao Ju\u00edzo Federal da Se\u00e7\u00e3o Judici\u00e1ria do Distrito Federal, tendo Fred como autor e a Uni\u00e3o como r\u00e9.<\/p>\n\n\n\n<h3 class=\"wp-block-heading\" id=\"h-fundamentos-juridicos\"><span id=\"fundamentos-juridicos\">Fundamentos jur\u00eddicos <\/span><\/h3>\n\n\n\n<h4 class=\"wp-block-heading\" id=\"h-prescricao-da-acao-disciplinar\"><span id=\"prescricao-da-acao-disciplinar\">Prescri\u00e7\u00e3o da a\u00e7\u00e3o disciplinar<\/span><\/h4>\n\n\n\n<p>O gabarito apresentou <strong>duas alternativas<\/strong>&nbsp;para caracteriza\u00e7\u00e3o da prescri\u00e7\u00e3o, ambas aceit\u00e1veis:<\/p>\n\n\n\n<p><strong>Primeira alternativa:<\/strong>&nbsp;Prescri\u00e7\u00e3o bienal para infra\u00e7\u00f5es pun\u00edveis com suspens\u00e3o (Art. 142, II, Lei 8.112\/90). Como transcorreram mais de 2 anos entre o conhecimento da falta (31\/05\/2022) e a instaura\u00e7\u00e3o do PAD (20\/06\/2024), configurou-se a prescri\u00e7\u00e3o.<\/p>\n\n\n\n<p><strong>Segunda alternativa:<\/strong>&nbsp;A falta de &#8220;oposi\u00e7\u00e3o de resist\u00eancia injustificada \u00e0 execu\u00e7\u00e3o de servi\u00e7o&#8221; (Art. 117, V, Lei 8.112\/90), quando n\u00e3o h\u00e1 justificativa para penalidade mais grave, deve ser punida com advert\u00eancia, cujo prazo prescricional \u00e9 de 180 dias (Art. 142, III, Lei 8.112\/90).<\/p>\n\n\n\n<h4 class=\"wp-block-heading\" id=\"h-desproporcionalidade-da-penalidade\"><span id=\"desproporcionalidade-da-penalidade\">Desproporcionalidade da penalidade<\/span><\/h4>\n\n\n\n<p>Al\u00e9m disso, o candidato deveria argumentar que a penalidade de advert\u00eancia seria adequada ao caso (Art. 129 c\/c Art. 117, V, Lei 8.112\/90), considerando:<\/p>\n\n\n\n<ul class=\"wp-block-list\">\n<li>Aus\u00eancia de antecedentes<\/li>\n\n\n\n<li>Inexist\u00eancia de danos concretos ao servi\u00e7o p\u00fablico<\/li>\n\n\n\n<li>Princ\u00edpio da proporcionalidade<\/li>\n<\/ul>\n\n\n\n<h4 class=\"wp-block-heading\" id=\"h-excesso-no-prazo-de-suspensao\"><span id=\"excesso-no-prazo-de-suspensao\">Excesso no prazo de suspens\u00e3o<\/span><\/h4>\n\n\n\n<p>Ora, era fundamental apontar que o Art. 130, caput, da <strong><a href=\"https:\/\/oab.estrategia.com\/lp\/assinaturas\/index.html\" target=\"_blank\" >Lei 8.112\/90<\/a><\/strong> estabelece o limite m\u00e1ximo de <strong>90 dias<\/strong>\u00a0para suspens\u00e3o.<\/p>\n\n\n\n<p>Isto porque, a aplica\u00e7\u00e3o de 180 dias configurou clara ilegalidade.<\/p>\n\n\n\n<h4 class=\"wp-block-heading\" id=\"h-incompetencia-da-autoridade\"><span id=\"incompetencia-da-autoridade\">Incompet\u00eancia da autoridade<\/span><\/h4>\n\n\n\n<p>Carlos, como Chefe da Reparti\u00e7\u00e3o, apenas poderia aplicar suspens\u00e3o de at\u00e9 <strong>30 dias<\/strong>&nbsp;(Art. 141, III, Lei 8.112\/90).<\/p>\n\n\n\n<p>Veja, para suspens\u00e3o superior a 30 dias, a compet\u00eancia seria de autoridade hierarquicamente superior.<\/p>\n\n\n\n<p>\ud83d\udccc <strong>Observa\u00e7\u00e3o:<\/strong>\u00a0O enunciado menciona que Carlos \u00e9 subordinado ao Ministro e a &#8220;dez outros agentes p\u00fablicos&#8221;, o que refor\u00e7a sua posi\u00e7\u00e3o hier\u00e1rquica intermedi\u00e1ria e a incompet\u00eancia para aplicar a penalidade.<\/p>\n\n\n\n<h4 class=\"wp-block-heading\" id=\"h-gratuidade-de-justica\"><span id=\"gratuidade-de-justica\">Gratuidade de justi\u00e7a<\/span><\/h4>\n\n\n\n<p>Correto o pedido com base no Art. 98, caput, do CPC, considerando a declara\u00e7\u00e3o de hipossufici\u00eancia do servidor ap\u00f3s per\u00edodo de suspens\u00e3o sem vencimentos.<\/p>\n\n\n\n<h3 class=\"wp-block-heading\" id=\"h-pedidos\"><span id=\"pedidos\">Pedidos<\/span><\/h3>\n\n\n\n<p>O gabarito corretamente indicou os seguintes pedidos:<\/p>\n\n\n\n<ol class=\"wp-block-list\">\n<li>Concess\u00e3o de gratuidade de justi\u00e7a<\/li>\n\n\n\n<li>Anula\u00e7\u00e3o da decis\u00e3o administrativa<\/li>\n\n\n\n<li>Ressarcimento de vantagens do per\u00edodo de suspens\u00e3o com juros e corre\u00e7\u00e3o monet\u00e1ria<\/li>\n\n\n\n<li>Cita\u00e7\u00e3o da r\u00e9<\/li>\n\n\n\n<li>Condena\u00e7\u00e3o em custas e honor\u00e1rios<\/li>\n\n\n\n<li>Valor da causa<\/li>\n\n\n\n<li>Op\u00e7\u00e3o sobre audi\u00eancia de concilia\u00e7\u00e3o<\/li>\n<\/ol>\n\n\n\n<h3 class=\"wp-block-heading\" id=\"h-pontos-de-atencao\"><span id=\"pontos-de-atencao\">Pontos de aten\u00e7\u00e3o<\/span><\/h3>\n\n\n\n<p><strong>Quest\u00e3o processual relevante:<\/strong>&nbsp;A prova exigiu pe\u00e7a judicial ap\u00f3s 7 meses do tr\u00e2nsito em julgado administrativo.<\/p>\n\n\n\n<div class=\"wp-block-media-text is-stacked-on-mobile\" style=\"grid-template-columns:39% auto\"><figure class=\"wp-block-media-text__media\"><img decoding=\"async\" width=\"527\" height=\"527\" src=\"https:\/\/oab.estrategia.com\/portal\/wp-content\/uploads\/2025\/10\/22172949\/atencao-aviso-observacao-cuidado.jpg\" alt=\"An\u00e1lise\" class=\"wp-image-25196 size-full\" srcset=\"https:\/\/oab.estrategia.com\/portal\/wp-content\/uploads\/2025\/10\/22172949\/atencao-aviso-observacao-cuidado.jpg 527w, https:\/\/oab.estrategia.com\/portal\/wp-content\/uploads\/2025\/10\/22172949\/atencao-aviso-observacao-cuidado-300x300.jpg 300w, https:\/\/oab.estrategia.com\/portal\/wp-content\/uploads\/2025\/10\/22172949\/atencao-aviso-observacao-cuidado-150x150.jpg 150w, https:\/\/oab.estrategia.com\/portal\/wp-content\/uploads\/2025\/10\/22172949\/atencao-aviso-observacao-cuidado-80x80.jpg 80w, https:\/\/oab.estrategia.com\/portal\/wp-content\/uploads\/2025\/10\/22172949\/atencao-aviso-observacao-cuidado-380x380.jpg 380w, https:\/\/oab.estrategia.com\/portal\/wp-content\/uploads\/2025\/10\/22172949\/atencao-aviso-observacao-cuidado-24x24.jpg 24w, https:\/\/oab.estrategia.com\/portal\/wp-content\/uploads\/2025\/10\/22172949\/atencao-aviso-observacao-cuidado-48x48.jpg 48w, https:\/\/oab.estrategia.com\/portal\/wp-content\/uploads\/2025\/10\/22172949\/atencao-aviso-observacao-cuidado-96x96.jpg 96w\" sizes=\"(max-width: 527px) 100vw, 527px\" \/><\/figure><div class=\"wp-block-media-text__content\">\n<p>Candidatos que eventualmente mencionassem o esgotamento da via administrativa ou discutissem a tempestividade da a\u00e7\u00e3o deveriam ser considerados, pois demonstram conhecimento de temas processuais pertinentes.<\/p>\n<\/div><\/div>\n\n\n\n<p>Al\u00e9m disso, devido ao decurso do prazo de 120 dias, n\u00e3o caberia Mandado de Seguran\u00e7a.<\/p>\n\n\n\n<p><strong>Cumula\u00e7\u00e3o de pedidos:<\/strong>&nbsp;A cumula\u00e7\u00e3o de anula\u00e7\u00e3o com ressarcimento \u00e9 adequada e est\u00e1 em conformidade com o Art. 327 do CPC.<\/p>\n\n\n\n<h2 class=\"wp-block-heading\" id=\"h-analise-das-questoes-discursivas\"><span id=\"analise-das-questoes-discursivas\">An\u00e1lise das quest\u00f5es discursivas<\/span><\/h2>\n\n\n\n<h3 class=\"wp-block-heading\" id=\"h-questao-1-contratos-administrativos-lei-14-133-2021\"><span id=\"questao-1-contratos-administrativos-lei-14-133-2021\">Quest\u00e3o 1 \u2013 Contratos Administrativos (Lei 14.133\/2021)<\/span><\/h3>\n\n\n\n<pre class=\"wp-block-preformatted\"><strong>Tema:<\/strong>\u00a0Altera\u00e7\u00e3o unilateral e supress\u00e3o contratual<br><br><strong>Item A \u2013 Regularidade da supress\u00e3o de 20%<\/strong><br><br><strong>Gabarito:<\/strong>\u00a0A Uni\u00e3o atuou regularmente, pois o contrato pode ser alterado unilateralmente quando houver modifica\u00e7\u00e3o do projeto para melhor adequa\u00e7\u00e3o t\u00e9cnica (Art. 124, I, \"a\", Lei 14.133\/21), e o contratado deve aceitar supress\u00f5es de at\u00e9 25% (Art. 125, Lei 14.133\/21).<\/pre>\n\n\n\n<p><strong>An\u00e1lise cr\u00edtica:<\/strong>&nbsp;A resposta est\u00e1 correta e bem fundamentada. A Lei 14.133\/21 (Nova Lei de Licita\u00e7\u00f5es) ampliou os limites de supress\u00e3o em rela\u00e7\u00e3o \u00e0 antiga Lei 8.666\/93, que previa 25% apenas para obras, servi\u00e7os ou compras.<\/p>\n\n\n\n<p>\u26a0\ufe0f <strong>Pontos de aten\u00e7\u00e3o:<\/strong><\/p>\n\n\n\n<ul class=\"wp-block-list\">\n<li>Candidatos que citassem corretamente os dispositivos e explicassem a l\u00f3gica jur\u00eddica mereceriam pontua\u00e7\u00e3o integral<\/li>\n\n\n\n<li>A fundamenta\u00e7\u00e3o deve evidenciar que s\u00e3o requisitos cumulativos: (i) adequa\u00e7\u00e3o t\u00e9cnica e (ii) respeito ao limite de 25%<\/li>\n<\/ul>\n\n\n\n<pre class=\"wp-block-preformatted\"><strong>Item B \u2013 Pagamento dos materiais j\u00e1 adquiridos<\/strong><br><br><strong>Gabarito:<\/strong>\u00a0Sim, os materiais j\u00e1 adquiridos e colocados no local devem ser pagos pelos custos comprovados e monetariamente reajustados (Art. 129, Lei 14.133\/21).<\/pre>\n\n\n\n<p><strong>An\u00e1lise cr\u00edtica:<\/strong>&nbsp;Dispositivo espec\u00edfico e claro. <em>A ratio legis<\/em>&nbsp;\u00e9 evitar preju\u00edzo ao contratado de boa-f\u00e9 que j\u00e1 havia se preparado para executar o contrato conforme originalmente pactuado.<\/p>\n\n\n\n<h3 class=\"wp-block-heading\" id=\"h-questao-2-bens-publicos\"><span id=\"questao-2-bens-publicos\">Quest\u00e3o 2 \u2013 Bens P\u00fablicos<\/span><\/h3>\n\n\n\n<pre class=\"wp-block-preformatted\"><strong>Tema:<\/strong>\u00a0Titularidade e alienabilidade de praias mar\u00edtimas<br><br><strong>Item A \u2013 Titularidade<\/strong><br><br><strong>Gabarito:<\/strong>\u00a0A praia mar\u00edtima \u00e9 de titularidade da Uni\u00e3o (Art. 20, IV, CF\/88).<\/pre>\n\n\n\n<p><strong>An\u00e1lise cr\u00edtica:<\/strong>&nbsp;Quest\u00e3o direta de Direito Constitucional aplicado ao Direito Administrativo. A literalidade do dispositivo facilita a resposta, mas exige conhecimento da classifica\u00e7\u00e3o dos bens da Uni\u00e3o.<\/p>\n\n\n\n<p>\ud83d\udccc <strong>Observa\u00e7\u00e3o:<\/strong>\u00a0O enunciado especifica &#8220;praia mar\u00edtima continental&#8221;, excluindo praias insulares, o que refor\u00e7a a aplica\u00e7\u00e3o do Art. 20, IV, que menciona praias mar\u00edtimas genericamente.<\/p>\n\n\n\n<pre class=\"wp-block-preformatted\"><strong>Item B \u2013 Possibilidade de aliena\u00e7\u00e3o<\/strong><br><br><strong>Gabarito:<\/strong>\u00a0N\u00e3o \u00e9 poss\u00edvel alienar, pois a praia \u00e9 bem de uso comum do povo (Art. 99, I, CC), e apenas bens dominicais s\u00e3o alien\u00e1veis (Art. 100, CC).<\/pre>\n\n\n\n<p><strong>An\u00e1lise cr\u00edtica:<\/strong>&nbsp;A quest\u00e3o cobra conhecimento da classifica\u00e7\u00e3o tripartite dos bens p\u00fablicos quanto \u00e0 destina\u00e7\u00e3o:<\/p>\n\n\n\n<ul class=\"wp-block-list\">\n<li>Bens de uso comum do povo<\/li>\n\n\n\n<li>Bens de uso especial<\/li>\n\n\n\n<li>Bens dominicais<\/li>\n<\/ul>\n\n\n\n<p><strong>Fundamenta\u00e7\u00e3o completa:<\/strong>&nbsp;O candidato deveria mencionar que a desafeta\u00e7\u00e3o \u00e9 requisito para aliena\u00e7\u00e3o, e que praias, por sua natureza e prote\u00e7\u00e3o constitucional (Art. 225, CF\/88), n\u00e3o podem ser objeto de desafeta\u00e7\u00e3o e posterior aliena\u00e7\u00e3o.<\/p>\n\n\n\n<h3 class=\"wp-block-heading\" id=\"h-questao-3-improbidade-administrativa-lei-8-429-92-com-alteracoes-da-lei-14-230-21\"><span id=\"questao-3-improbidade-administrativa-lei-8-429-92-com-alteracoes-da-lei-14-230-21\">Quest\u00e3o 3 \u2013 Improbidade Administrativa (Lei 8.429\/92 com altera\u00e7\u00f5es da Lei 14.230\/21)<\/span><\/h3>\n\n\n\n<pre class=\"wp-block-preformatted\"><strong>Tema:<\/strong>\u00a0Responsabiliza\u00e7\u00e3o de terceiros e sucess\u00e3o empresarial<br><br><strong>Item A \u2013 Necessidade de imputa\u00e7\u00e3o ao agente p\u00fablico<\/strong><br><br><strong>Gabarito:<\/strong>\u00a0Sim, \u00e9 necess\u00e1ria a imputa\u00e7\u00e3o ao agente p\u00fablico, pois terceiros s\u00f3 respondem se induzirem ou concorrerem dolosamente com o agente p\u00fablico (Art. 3\u00ba, Lei 8.429\/92).<\/pre>\n\n\n\n<p><strong>An\u00e1lise cr\u00edtica:<\/strong>&nbsp;Esta quest\u00e3o cobra o entendimento da reforma trazida pela Lei 14.230\/21, que estabeleceu expressamente a necessidade de condena\u00e7\u00e3o do agente p\u00fablico para responsabiliza\u00e7\u00e3o do terceiro.<\/p>\n\n\n\n<p><strong>Controv\u00e9rsia importante:<\/strong>&nbsp;H\u00e1 debate doutrin\u00e1rio sobre se essa exig\u00eancia viola o princ\u00edpio da independ\u00eancia das inst\u00e2ncias. Alguns autores defendem que a responsabiliza\u00e7\u00e3o do terceiro deveria ser aut\u00f4noma quando houver dolo espec\u00edfico comprovado, isto porque, houve mudan\u00e7a na lei.<\/p>\n\n\n\n<p><strong>Jurisprud\u00eancia do STJ:<\/strong><\/p>\n\n\n\n<ul class=\"wp-block-list\">\n<li><strong>Invi\u00e1vel<\/strong>\u00a0ACP de improbidade <strong>exclusivamente<\/strong>\u00a0contra o particular, <strong>sem<\/strong>\u00a0agente p\u00fablico no polo passivo: <strong>REsp 1.980.604\/PE<\/strong>, 2\u00aa Turma, Rel. Min. <strong>Herman Benjamin<\/strong>, j. 21.6.2022, DJe 30.6.2022.<br><\/li>\n\n\n\n<li><strong>N\u00e3o h\u00e1 litiscons\u00f3rcio necess\u00e1rio<\/strong>\u00a0entre agente p\u00fablico e terceiro <strong>no mesmo processo<\/strong>; contudo, <strong>os particulares n\u00e3o podem ser responsabilizados sem que haja agente p\u00fablico respons\u00e1vel pelo ato questionado<\/strong>. Admite-se a responsabiliza\u00e7\u00e3o do agente em <strong>a\u00e7\u00e3o conexa<\/strong>: <strong>AgInt-REsp 2.020.205\/PE<\/strong>, 2\u00aa Turma, Rel. Min. <strong>Herman Benjamin<\/strong>, DJe 4.4.2023; no mesmo sentido, <strong>EDcl-AgInt-REsp 2.020.205\/PE<\/strong>, DJe 27.6.2023.<\/li>\n<\/ul>\n\n\n\n<p><strong>Fundamenta\u00e7\u00e3o adequada:<\/strong>&nbsp;O candidato deve mencionar:<\/p>\n\n\n\n<ul class=\"wp-block-list\">\n<li>A natureza d\u00faplice da a\u00e7\u00e3o de improbidade ap\u00f3s a reforma<\/li>\n\n\n\n<li>A exig\u00eancia de dolo para terceiros<\/li>\n\n\n\n<li>A impossibilidade de responsabiliza\u00e7\u00e3o isolada do terceiro<\/li>\n<\/ul>\n\n\n\n<pre class=\"wp-block-preformatted\"><strong>Item B \u2013 Responsabiliza\u00e7\u00e3o da sucessora empresarial<\/strong><br><br><strong>Gabarito:<\/strong>\u00a0Sim, a sucessora responde at\u00e9 o limite do patrim\u00f4nio transferido (Art. 8\u00ba-A, par\u00e1grafo \u00fanico, Lei 8.429\/92).<\/pre>\n\n\n\n<p><strong>An\u00e1lise cr\u00edtica:<\/strong>&nbsp;A quest\u00e3o aborda inova\u00e7\u00e3o da Lei 14.230\/21 que estabeleceu regras espec\u00edficas para sucess\u00e3o empresarial em casos de improbidade.<\/p>\n\n\n\n<p>\u26a0\ufe0f <strong>Ponto de aten\u00e7\u00e3o:<\/strong>\u00a0O enunciado questiona especificamente sobre situa\u00e7\u00e3o em que &#8220;o patrim\u00f4nio transferido \u00e9 superior \u00e0 les\u00e3o&#8221;. A resposta correta \u00e9 que a sucessora responde pela repara\u00e7\u00e3o integral, limitada ao patrim\u00f4nio transferido. Como o patrim\u00f4nio \u00e9 superior ao dano, responder\u00e1 integralmente pelo dano.<\/p>\n\n\n\n<p><strong>Poss\u00edvel confus\u00e3o:<\/strong>&nbsp;Candidatos poderiam entender que &#8220;limite do patrim\u00f4nio transferido&#8221; significaria responder apenas parcialmente. A interpreta\u00e7\u00e3o correta \u00e9 que responde at\u00e9 aquele limite, mas se o dano \u00e9 inferior, responde integralmente pelo dano.<\/p>\n\n\n\n<h3 class=\"wp-block-heading\" id=\"h-questao-4-abuso-de-autoridade-lei-13-869-19\"><span id=\"questao-4-abuso-de-autoridade-lei-13-869-19\">Quest\u00e3o 4 \u2013 Abuso de Autoridade (Lei 13.869\/19)<\/span><\/h3>\n\n\n\n<pre class=\"wp-block-preformatted\"><strong>Tema:<\/strong>\u00a0Independ\u00eancia das inst\u00e2ncias e coisa julgada<br><br><strong>Item A \u2013 Independ\u00eancia da condena\u00e7\u00e3o criminal<\/strong><br><br><strong>Gabarito:<\/strong>\u00a0N\u00e3o depende de condena\u00e7\u00e3o criminal (Art. 6\u00ba ou 7\u00ba, Lei 13.869\/19).<\/pre>\n\n\n\n<p><strong>An\u00e1lise cr\u00edtica:<\/strong>&nbsp;Quest\u00e3o clara sobre o princ\u00edpio da independ\u00eancia das inst\u00e2ncias, aplic\u00e1vel tamb\u00e9m ao abuso de autoridade.<\/p>\n\n\n\n<p><strong>Fundamenta\u00e7\u00e3o completa:<\/strong>&nbsp;O candidato deveria mencionar:<\/p>\n\n\n\n<ul class=\"wp-block-list\">\n<li>Princ\u00edpio da independ\u00eancia das inst\u00e2ncias (penal, civil e administrativa)<\/li>\n\n\n\n<li>Possibilidade de responsabiliza\u00e7\u00e3o administrativa mesmo sem condena\u00e7\u00e3o criminal<\/li>\n\n\n\n<li>Natureza aut\u00f4noma do processo administrativo disciplinar<\/li>\n<\/ul>\n\n\n\n<pre class=\"wp-block-preformatted\"><strong>Item B \u2013 Coisa julgada criminal absolut\u00f3ria<\/strong><br><br><strong>Gabarito:<\/strong>\u00a0Sim, a absolvi\u00e7\u00e3o por estrito cumprimento do dever legal faz coisa julgada no \u00e2mbito administrativo (Art. 8\u00ba, Lei 13.869\/19).<\/pre>\n\n\n\n<p><strong>An\u00e1lise cr\u00edtica:<\/strong>&nbsp;Esta \u00e9 a exce\u00e7\u00e3o ao princ\u00edpio da independ\u00eancia das inst\u00e2ncias. Quando o Judici\u00e1rio criminal reconhece excludente de ilicitude (estrito cumprimento do dever legal), vincula a esfera administrativa.<\/p>\n\n\n\n<p><strong>Fundamenta\u00e7\u00e3o adequada:<\/strong><\/p>\n\n\n\n<ul class=\"wp-block-list\">\n<li>Absolvi\u00e7\u00e3o criminal por negativa de autoria, negativa de materialidade ou excludente de ilicitude vincula a esfera administrativa<\/li>\n\n\n\n<li>Fundamento: impossibilidade de contradi\u00e7\u00e3o entre inst\u00e2ncias quanto a fatos objetivos<\/li>\n\n\n\n<li>Distin\u00e7\u00e3o com absolvi\u00e7\u00e3o por insufici\u00eancia de provas (n\u00e3o vincula)<\/li>\n<\/ul>\n\n\n\n<p>\ud83d\udccc <strong>Observa\u00e7\u00e3o t\u00e9cnica:<\/strong>\u00a0O candidato que diferenciasse as hip\u00f3teses de absolvi\u00e7\u00e3o do Art. 386, CPP, demonstraria conhecimento aprofundado, especialmente distinguindo incisos que vinculam (I, II, III, V, VI) dos que n\u00e3o vinculam (VII) a esfera administrativa.<\/p>\n\n\n\n<h2 class=\"wp-block-heading\" id=\"h-temas-recorrentes-e-analise-estatistica\"><span id=\"temas-recorrentes-e-analise-estatistica\">Temas recorrentes e an\u00e1lise estat\u00edstica<\/span><\/h2>\n\n\n\n<h3 class=\"wp-block-heading\" id=\"h-temas-cobrados\"><span id=\"temas-cobrados\">Temas cobrados<\/span><\/h3>\n\n\n\n<p>A prova do 44\u00ba Exame cobrou:<\/p>\n\n\n\n<ol class=\"wp-block-list\">\n<li><strong>Regime Disciplinar de Servidores<\/strong>\u00a0(Pe\u00e7a + implicitamente na Quest\u00e3o 4)<\/li>\n\n\n\n<li><strong>Contratos Administrativos<\/strong>\u00a0(Quest\u00e3o 1) \u2013 Lei 14.133\/21<\/li>\n\n\n\n<li><strong>Bens P\u00fablicos<\/strong>\u00a0(Quest\u00e3o 2)<\/li>\n\n\n\n<li><strong>Improbidade Administrativa<\/strong>\u00a0(Quest\u00e3o 3)<\/li>\n\n\n\n<li><strong>Abuso de Autoridade<\/strong>\u00a0(Quest\u00e3o 4)<\/li>\n<\/ol>\n\n\n\n<h3 class=\"wp-block-heading\" id=\"h-legislacoes-exigidas\"><span id=\"legislacoes-exigidas\">Legisla\u00e7\u00f5es exigidas<\/span><\/h3>\n\n\n\n<ul class=\"wp-block-list\">\n<li><strong>Lei 8.112\/90<\/strong>\u00a0(Regime Jur\u00eddico dos Servidores P\u00fablicos Federais)<\/li>\n\n\n\n<li><strong>Lei 14.133\/21<\/strong>\u00a0(Nova Lei de Licita\u00e7\u00f5es e Contratos)<\/li>\n\n\n\n<li><strong>C\u00f3digo Civil<\/strong>\u00a0(Arts. 99 e 100 \u2013 Bens P\u00fablicos)<\/li>\n\n\n\n<li><strong>Lei 8.429\/92<\/strong>\u00a0com altera\u00e7\u00f5es da Lei 14.230\/21 (Improbidade Administrativa)<\/li>\n\n\n\n<li><strong>Lei 13.869\/19<\/strong>\u00a0(Abuso de Autoridade)<\/li>\n\n\n\n<li><strong>Constitui\u00e7\u00e3o Federal<\/strong>\u00a0(Art. 20, IV)<\/li>\n\n\n\n<li><strong>C\u00f3digo de Processo Civil<\/strong>\u00a0(Art. 98 \u2013 Gratuidade)<\/li>\n<\/ul>\n\n\n\n<h3 class=\"wp-block-heading\" id=\"h-nivel-de-dificuldade\"><span id=\"nivel-de-dificuldade\">N\u00edvel de dificuldade<\/span><\/h3>\n\n\n\n<p><strong>Pe\u00e7a profissional:<\/strong>\u00a0Dificuldade m\u00e9dia. Exigiu identifica\u00e7\u00e3o de m\u00faltiplos v\u00edcios (prescri\u00e7\u00e3o, incompet\u00eancia, desproporcionalidade, excesso de prazo), demonstrando conhecimento sistem\u00e1tico da Lei 8.112\/90.<\/p>\n\n\n\n<p><strong>Quest\u00f5es discursivas:<\/strong><\/p>\n\n\n\n<ul class=\"wp-block-list\">\n<li><strong>Quest\u00e3o 1:<\/strong>\u00a0M\u00e9dia (conhecimento da Lei 14.133\/21, relativamente nova)<\/li>\n\n\n\n<li><strong>Quest\u00e3o 2:<\/strong>\u00a0F\u00e1cil (conceitos b\u00e1sicos de bens p\u00fablicos)<\/li>\n\n\n\n<li><strong>Quest\u00e3o 3:<\/strong>\u00a0M\u00e9dia-alta (exigiu conhecimento da reforma da Lei de Improbidade)<\/li>\n\n\n\n<li><strong>Quest\u00e3o 4:<\/strong>\u00a0M\u00e9dia (princ\u00edpios de independ\u00eancia e comunica\u00e7\u00e3o das inst\u00e2ncias)<\/li>\n<\/ul>\n\n\n\n<h2 class=\"wp-block-heading\" id=\"h-controversias-e-possibilidades-de-recursos\"><span id=\"controversias-e-possibilidades-de-recursos\">Controv\u00e9rsias e possibilidades de recursos<\/span><\/h2>\n\n\n\n<p>Infelizmente, n\u00e3o h\u00e1 tanta possibilidade de recurso.<\/p>\n\n\n\n<hr class=\"wp-block-separator has-alpha-channel-opacity\"\/>\n\n\n\n<p class=\"has-text-align-center\"><strong>Nossas redes sociais<\/strong><\/p>\n\n\n\n<p class=\"has-text-align-center has-black-color has-pale-cyan-blue-background-color has-text-color has-background has-link-color has-medium-font-size wp-elements-2e026229bd2a7a653331e3adc6aabef4\"><a href=\"https:\/\/www.instagram.com\/estrategiaoab\/\" target=\"_blank\" >Instagram Estrat\u00e9gia OAB<\/a><\/p>\n\n\n\n<p class=\"has-text-align-center has-black-color has-light-green-cyan-background-color has-text-color has-background has-link-color has-medium-font-size wp-elements-d67442bbf0473a4dcae02563d61287f5\"><a href=\"https:\/\/www.youtube.com\/channel\/UC7rgrKTSF5aOrBGWOw60ovw\" target=\"_blank\" >YouTube Estrat\u00e9gia OAB<\/a><\/p>\n\n\n\n<p class=\"has-text-align-center has-black-color has-cyan-bluish-gray-background-color has-text-color has-background has-link-color has-medium-font-size wp-elements-f50e1bcb02706c1bac577839f0ead64d\"><a href=\"http:\/\/bit.ly\/TelegramOAB\" target=\"_blank\" >Inscreva-se no Telegram<\/a><\/p>\n\n\n\n<p><\/p>\n","protected":false},"excerpt":{"rendered":"Ol\u00e1 queridos amigos! Vamos fazer uma an\u00e1lise da segunda fase do 44\u00ba Exame de Ordem Unificado, aplicada em&hellip;\n","protected":false},"author":105,"featured_media":14033,"comment_status":"open","ping_status":"open","sticky":false,"template":"","format":"standard","meta":{"_jetpack_memberships_contains_paid_content":false,"footnotes":""},"categories":[31,1],"tags":[92,455,461,457,267,389,101,362,458,459,274,342,456,460],"class_list":{"0":"post-25187","1":"post","2":"type-post","3":"status-publish","4":"format-standard","5":"has-post-thumbnail","7":"category-2a-fase-oab","8":"category-carreira","9":"tag-2a-fase-oab","10":"tag-44o-exame-de-ordem-unificado","11":"tag-abuso-de-autoridade","12":"tag-acao-disciplinar","13":"tag-bens-publicos","14":"tag-contratos-administrativos","15":"tag-direito-administrativo","16":"tag-discursiva","17":"tag-estatuto-do-servidor-publico-lei-8-112-90","18":"tag-gratuidade-de-justica","19":"tag-improbidade-administrativa","20":"tag-jurisprudencia","21":"tag-peca-profissional","22":"tag-stj"},"acf":[],"yoast_head":"<!-- This site is optimized with the Yoast SEO Premium plugin v26.2 (Yoast SEO v27.4) - https:\/\/yoast.com\/product\/yoast-seo-premium-wordpress\/ -->\n<title>An\u00e1lise do 44\u00ba Exame de Ordem Unificado - Direito Administrativo<\/title>\n<meta name=\"description\" content=\"Analisaremos a 2\u00aa fase do 44\u00ba Exame de Ordem Unificado, que apresentou estrutura tradicional de 1 pe\u00e7a profissional e 4 quest\u00f5es discursivas.\" \/>\n<meta name=\"robots\" content=\"index, follow, max-snippet:-1, max-image-preview:large, max-video-preview:-1\" \/>\n<link rel=\"canonical\" href=\"https:\/\/oab.estrategia.com\/portal\/analise-44-exame-unificado-direito-administrativo\/\" \/>\n<meta property=\"og:locale\" content=\"pt_BR\" \/>\n<meta property=\"og:type\" content=\"article\" \/>\n<meta property=\"og:title\" content=\"An\u00e1lise da prova da 2\u00aa fase do 44\u00ba Exame de Ordem Unificado \u2013 Direito Administrativo\" \/>\n<meta property=\"og:description\" content=\"Analisaremos a 2\u00aa fase do 44\u00ba Exame de Ordem Unificado, que apresentou estrutura tradicional de 1 pe\u00e7a profissional e 4 quest\u00f5es discursivas.\" \/>\n<meta property=\"og:url\" content=\"https:\/\/oab.estrategia.com\/portal\/analise-44-exame-unificado-direito-administrativo\/\" \/>\n<meta property=\"og:site_name\" content=\"Blog - OAB - Estrat\u00e9gia\" \/>\n<meta property=\"article:publisher\" content=\"https:\/\/www.facebook.com\/estrategiaoab\/\" \/>\n<meta property=\"article:published_time\" content=\"2025-10-22T20:55:29+00:00\" \/>\n<meta property=\"article:modified_time\" content=\"2025-10-22T20:55:33+00:00\" \/>\n<meta property=\"og:image\" content=\"https:\/\/oab.estrategia.com\/portal\/portal\/wp-content\/uploads\/2024\/11\/11203412\/estudos-exame-oab-prova-dicas-scaled.jpg\" \/>\n\t<meta property=\"og:image:width\" content=\"2560\" \/>\n\t<meta property=\"og:image:height\" content=\"1709\" \/>\n\t<meta property=\"og:image:type\" content=\"image\/jpeg\" \/>\n<meta name=\"author\" content=\"Felipe Duque\" \/>\n<meta name=\"twitter:card\" content=\"summary_large_image\" \/>\n<meta name=\"twitter:creator\" content=\"@estrategiaoab\" \/>\n<meta name=\"twitter:site\" content=\"@estrategiaoab\" \/>\n<meta name=\"twitter:label1\" content=\"Escrito por\" \/>\n\t<meta name=\"twitter:data1\" content=\"Felipe Duque\" \/>\n\t<meta name=\"twitter:label2\" content=\"Est. tempo de leitura\" \/>\n\t<meta name=\"twitter:data2\" content=\"9 minutos\" \/>\n<script type=\"application\/ld+json\" class=\"yoast-schema-graph\">{\"@context\":\"https:\\\/\\\/schema.org\",\"@graph\":[{\"@type\":\"Article\",\"@id\":\"https:\\\/\\\/oab.estrategia.com\\\/portal\\\/analise-44-exame-unificado-direito-administrativo\\\/#article\",\"isPartOf\":{\"@id\":\"https:\\\/\\\/oab.estrategia.com\\\/portal\\\/analise-44-exame-unificado-direito-administrativo\\\/\"},\"author\":{\"name\":\"Felipe Duque\",\"@id\":\"https:\\\/\\\/oab.estrategia.com\\\/portal\\\/#\\\/schema\\\/person\\\/a8b05ed0af2fb529b0b803c9dc841241\"},\"headline\":\"An\u00e1lise da prova da 2\u00aa fase do 44\u00ba Exame de Ordem Unificado \u2013 Direito Administrativo\",\"datePublished\":\"2025-10-22T20:55:29+00:00\",\"dateModified\":\"2025-10-22T20:55:33+00:00\",\"mainEntityOfPage\":{\"@id\":\"https:\\\/\\\/oab.estrategia.com\\\/portal\\\/analise-44-exame-unificado-direito-administrativo\\\/\"},\"wordCount\":1722,\"commentCount\":0,\"publisher\":{\"@id\":\"https:\\\/\\\/oab.estrategia.com\\\/portal\\\/#organization\"},\"image\":{\"@id\":\"https:\\\/\\\/oab.estrategia.com\\\/portal\\\/analise-44-exame-unificado-direito-administrativo\\\/#primaryimage\"},\"thumbnailUrl\":\"https:\\\/\\\/oab.estrategia.com\\\/portal\\\/wp-content\\\/uploads\\\/2024\\\/11\\\/11203412\\\/estudos-exame-oab-prova-dicas-scaled.jpg\",\"keywords\":[\"2\u00aa fase OAB\",\"44\u00ba Exame de Ordem Unificado\",\"abuso de autoridade\",\"a\u00e7\u00e3o disciplinar\",\"bens p\u00fablicos\",\"Contratos Administrativos\",\"direito administrativo\",\"discursiva\",\"Estatuto do Servidor P\u00fablico (Lei 8.112\\\/90)\",\"gratuidade de justi\u00e7a\",\"improbidade administrativa\",\"jurisprud\u00eancia\",\"pe\u00e7a profissional\",\"STJ\"],\"articleSection\":[\"2\u00aa Fase OAB\",\"Carreira\"],\"inLanguage\":\"pt-BR\",\"potentialAction\":[{\"@type\":\"CommentAction\",\"name\":\"Comment\",\"target\":[\"https:\\\/\\\/oab.estrategia.com\\\/portal\\\/analise-44-exame-unificado-direito-administrativo\\\/#respond\"]}]},{\"@type\":\"WebPage\",\"@id\":\"https:\\\/\\\/oab.estrategia.com\\\/portal\\\/analise-44-exame-unificado-direito-administrativo\\\/\",\"url\":\"https:\\\/\\\/oab.estrategia.com\\\/portal\\\/analise-44-exame-unificado-direito-administrativo\\\/\",\"name\":\"An\u00e1lise do 44\u00ba Exame de Ordem Unificado - Direito Administrativo\",\"isPartOf\":{\"@id\":\"https:\\\/\\\/oab.estrategia.com\\\/portal\\\/#website\"},\"primaryImageOfPage\":{\"@id\":\"https:\\\/\\\/oab.estrategia.com\\\/portal\\\/analise-44-exame-unificado-direito-administrativo\\\/#primaryimage\"},\"image\":{\"@id\":\"https:\\\/\\\/oab.estrategia.com\\\/portal\\\/analise-44-exame-unificado-direito-administrativo\\\/#primaryimage\"},\"thumbnailUrl\":\"https:\\\/\\\/oab.estrategia.com\\\/portal\\\/wp-content\\\/uploads\\\/2024\\\/11\\\/11203412\\\/estudos-exame-oab-prova-dicas-scaled.jpg\",\"datePublished\":\"2025-10-22T20:55:29+00:00\",\"dateModified\":\"2025-10-22T20:55:33+00:00\",\"description\":\"Analisaremos a 2\u00aa fase do 44\u00ba Exame de Ordem Unificado, que apresentou estrutura tradicional de 1 pe\u00e7a profissional e 4 quest\u00f5es discursivas.\",\"breadcrumb\":{\"@id\":\"https:\\\/\\\/oab.estrategia.com\\\/portal\\\/analise-44-exame-unificado-direito-administrativo\\\/#breadcrumb\"},\"inLanguage\":\"pt-BR\",\"potentialAction\":[{\"@type\":\"ReadAction\",\"target\":[\"https:\\\/\\\/oab.estrategia.com\\\/portal\\\/analise-44-exame-unificado-direito-administrativo\\\/\"]}]},{\"@type\":\"ImageObject\",\"inLanguage\":\"pt-BR\",\"@id\":\"https:\\\/\\\/oab.estrategia.com\\\/portal\\\/analise-44-exame-unificado-direito-administrativo\\\/#primaryimage\",\"url\":\"https:\\\/\\\/oab.estrategia.com\\\/portal\\\/wp-content\\\/uploads\\\/2024\\\/11\\\/11203412\\\/estudos-exame-oab-prova-dicas-scaled.jpg\",\"contentUrl\":\"https:\\\/\\\/oab.estrategia.com\\\/portal\\\/wp-content\\\/uploads\\\/2024\\\/11\\\/11203412\\\/estudos-exame-oab-prova-dicas-scaled.jpg\",\"width\":2560,\"height\":1709},{\"@type\":\"BreadcrumbList\",\"@id\":\"https:\\\/\\\/oab.estrategia.com\\\/portal\\\/analise-44-exame-unificado-direito-administrativo\\\/#breadcrumb\",\"itemListElement\":[{\"@type\":\"ListItem\",\"position\":1,\"name\":\"In\u00edcio\",\"item\":\"https:\\\/\\\/oab.estrategia.com\\\/portal\\\/\"},{\"@type\":\"ListItem\",\"position\":2,\"name\":\"An\u00e1lise da prova da 2\u00aa fase do 44\u00ba Exame de Ordem Unificado \u2013 Direito Administrativo\"}]},{\"@type\":\"WebSite\",\"@id\":\"https:\\\/\\\/oab.estrategia.com\\\/portal\\\/#website\",\"url\":\"https:\\\/\\\/oab.estrategia.com\\\/portal\\\/\",\"name\":\"Blog - OAB - Estrat\u00e9gia\",\"description\":\"Blog OAB - Estrat\u00e9gia Concursos\",\"publisher\":{\"@id\":\"https:\\\/\\\/oab.estrategia.com\\\/portal\\\/#organization\"},\"potentialAction\":[{\"@type\":\"SearchAction\",\"target\":{\"@type\":\"EntryPoint\",\"urlTemplate\":\"https:\\\/\\\/oab.estrategia.com\\\/portal\\\/?s={search_term_string}\"},\"query-input\":{\"@type\":\"PropertyValueSpecification\",\"valueRequired\":true,\"valueName\":\"search_term_string\"}}],\"inLanguage\":\"pt-BR\"},{\"@type\":\"Organization\",\"@id\":\"https:\\\/\\\/oab.estrategia.com\\\/portal\\\/#organization\",\"name\":\"Estrat\u00e9gia Concursos\",\"url\":\"https:\\\/\\\/oab.estrategia.com\\\/portal\\\/\",\"logo\":{\"@type\":\"ImageObject\",\"inLanguage\":\"pt-BR\",\"@id\":\"https:\\\/\\\/oab.estrategia.com\\\/portal\\\/#\\\/schema\\\/logo\\\/image\\\/\",\"url\":\"https:\\\/\\\/oab.estrategia.com\\\/portal\\\/wp-content\\\/uploads\\\/2022\\\/04\\\/06103601\\\/oab-icone-2.png\",\"contentUrl\":\"https:\\\/\\\/oab.estrategia.com\\\/portal\\\/wp-content\\\/uploads\\\/2022\\\/04\\\/06103601\\\/oab-icone-2.png\",\"width\":900,\"height\":900,\"caption\":\"Estrat\u00e9gia Concursos\"},\"image\":{\"@id\":\"https:\\\/\\\/oab.estrategia.com\\\/portal\\\/#\\\/schema\\\/logo\\\/image\\\/\"},\"sameAs\":[\"https:\\\/\\\/www.facebook.com\\\/estrategiaoab\\\/\",\"https:\\\/\\\/x.com\\\/estrategiaoab\",\"https:\\\/\\\/www.instagram.com\\\/estrategiaoab\\\/\",\"https:\\\/\\\/www.youtube.com\\\/EstrategiaOAB\"]},{\"@type\":\"Person\",\"@id\":\"https:\\\/\\\/oab.estrategia.com\\\/portal\\\/#\\\/schema\\\/person\\\/a8b05ed0af2fb529b0b803c9dc841241\",\"name\":\"Felipe Duque\",\"image\":{\"@type\":\"ImageObject\",\"inLanguage\":\"pt-BR\",\"@id\":\"https:\\\/\\\/oab.estrategia.com\\\/portal\\\/wp-content\\\/uploads\\\/2024\\\/08\\\/22101348\\\/professor-felipe-duque-estrategia-oab-ecj-96x96.png\",\"url\":\"https:\\\/\\\/oab.estrategia.com\\\/portal\\\/wp-content\\\/uploads\\\/2024\\\/08\\\/22101348\\\/professor-felipe-duque-estrategia-oab-ecj-96x96.png\",\"contentUrl\":\"https:\\\/\\\/oab.estrategia.com\\\/portal\\\/wp-content\\\/uploads\\\/2024\\\/08\\\/22101348\\\/professor-felipe-duque-estrategia-oab-ecj-96x96.png\",\"caption\":\"Felipe Duque\"},\"description\":\"Felipe Duque - Mestre em Direito Pol\u00edtico e Econ\u00f4mico na Mackenzie-SP. Graduado em Direito pela Universidade Cat\u00f3lica de Pernambuco, com conclus\u00e3o pelo regime de Aproveitamento Extraordin\u00e1rio nos Estudos (art. 47, \u00a7 2\u00ba, da Lei n\u00ba 9.394\\\/96). Ex-Assessor de Desembargador no TJPE. Procurador da Fazenda Nacional. Integra voluntariamente a Coordena\u00e7\u00e3o de Assuntos Estrat\u00e9gicos Judiciais da PGFN. Professor do Estrat\u00e9gia Carreira Jur\u00eddica, Estrat\u00e9gia OAB e Buscador Dizer o Direito. Autor do livro \u201cReforma Tribut\u00e1ria Comentada e Esquematizada\u201d.\",\"url\":\"https:\\\/\\\/oab.estrategia.com\\\/portal\\\/author\\\/felipe-duque\\\/\"}]}<\/script>\n<!-- \/ Yoast SEO Premium plugin. -->","yoast_head_json":{"title":"An\u00e1lise do 44\u00ba Exame de Ordem Unificado - Direito Administrativo","description":"Analisaremos a 2\u00aa fase do 44\u00ba Exame de Ordem Unificado, que apresentou estrutura tradicional de 1 pe\u00e7a profissional e 4 quest\u00f5es discursivas.","robots":{"index":"index","follow":"follow","max-snippet":"max-snippet:-1","max-image-preview":"max-image-preview:large","max-video-preview":"max-video-preview:-1"},"canonical":"https:\/\/oab.estrategia.com\/portal\/analise-44-exame-unificado-direito-administrativo\/","og_locale":"pt_BR","og_type":"article","og_title":"An\u00e1lise da prova da 2\u00aa fase do 44\u00ba Exame de Ordem Unificado \u2013 Direito Administrativo","og_description":"Analisaremos a 2\u00aa fase do 44\u00ba Exame de Ordem Unificado, que apresentou estrutura tradicional de 1 pe\u00e7a profissional e 4 quest\u00f5es discursivas.","og_url":"https:\/\/oab.estrategia.com\/portal\/analise-44-exame-unificado-direito-administrativo\/","og_site_name":"Blog - OAB - Estrat\u00e9gia","article_publisher":"https:\/\/www.facebook.com\/estrategiaoab\/","article_published_time":"2025-10-22T20:55:29+00:00","article_modified_time":"2025-10-22T20:55:33+00:00","og_image":[{"width":2560,"height":1709,"url":"https:\/\/oab.estrategia.com\/portal\/portal\/wp-content\/uploads\/2024\/11\/11203412\/estudos-exame-oab-prova-dicas-scaled.jpg","type":"image\/jpeg"}],"author":"Felipe Duque","twitter_card":"summary_large_image","twitter_creator":"@estrategiaoab","twitter_site":"@estrategiaoab","twitter_misc":{"Escrito por":"Felipe Duque","Est. tempo de leitura":"9 minutos"},"schema":{"@context":"https:\/\/schema.org","@graph":[{"@type":"Article","@id":"https:\/\/oab.estrategia.com\/portal\/analise-44-exame-unificado-direito-administrativo\/#article","isPartOf":{"@id":"https:\/\/oab.estrategia.com\/portal\/analise-44-exame-unificado-direito-administrativo\/"},"author":{"name":"Felipe Duque","@id":"https:\/\/oab.estrategia.com\/portal\/#\/schema\/person\/a8b05ed0af2fb529b0b803c9dc841241"},"headline":"An\u00e1lise da prova da 2\u00aa fase do 44\u00ba Exame de Ordem Unificado \u2013 Direito Administrativo","datePublished":"2025-10-22T20:55:29+00:00","dateModified":"2025-10-22T20:55:33+00:00","mainEntityOfPage":{"@id":"https:\/\/oab.estrategia.com\/portal\/analise-44-exame-unificado-direito-administrativo\/"},"wordCount":1722,"commentCount":0,"publisher":{"@id":"https:\/\/oab.estrategia.com\/portal\/#organization"},"image":{"@id":"https:\/\/oab.estrategia.com\/portal\/analise-44-exame-unificado-direito-administrativo\/#primaryimage"},"thumbnailUrl":"https:\/\/oab.estrategia.com\/portal\/wp-content\/uploads\/2024\/11\/11203412\/estudos-exame-oab-prova-dicas-scaled.jpg","keywords":["2\u00aa fase OAB","44\u00ba Exame de Ordem Unificado","abuso de autoridade","a\u00e7\u00e3o disciplinar","bens p\u00fablicos","Contratos Administrativos","direito administrativo","discursiva","Estatuto do Servidor P\u00fablico (Lei 8.112\/90)","gratuidade de justi\u00e7a","improbidade administrativa","jurisprud\u00eancia","pe\u00e7a profissional","STJ"],"articleSection":["2\u00aa Fase OAB","Carreira"],"inLanguage":"pt-BR","potentialAction":[{"@type":"CommentAction","name":"Comment","target":["https:\/\/oab.estrategia.com\/portal\/analise-44-exame-unificado-direito-administrativo\/#respond"]}]},{"@type":"WebPage","@id":"https:\/\/oab.estrategia.com\/portal\/analise-44-exame-unificado-direito-administrativo\/","url":"https:\/\/oab.estrategia.com\/portal\/analise-44-exame-unificado-direito-administrativo\/","name":"An\u00e1lise do 44\u00ba Exame de Ordem Unificado - Direito Administrativo","isPartOf":{"@id":"https:\/\/oab.estrategia.com\/portal\/#website"},"primaryImageOfPage":{"@id":"https:\/\/oab.estrategia.com\/portal\/analise-44-exame-unificado-direito-administrativo\/#primaryimage"},"image":{"@id":"https:\/\/oab.estrategia.com\/portal\/analise-44-exame-unificado-direito-administrativo\/#primaryimage"},"thumbnailUrl":"https:\/\/oab.estrategia.com\/portal\/wp-content\/uploads\/2024\/11\/11203412\/estudos-exame-oab-prova-dicas-scaled.jpg","datePublished":"2025-10-22T20:55:29+00:00","dateModified":"2025-10-22T20:55:33+00:00","description":"Analisaremos a 2\u00aa fase do 44\u00ba Exame de Ordem Unificado, que apresentou estrutura tradicional de 1 pe\u00e7a profissional e 4 quest\u00f5es discursivas.","breadcrumb":{"@id":"https:\/\/oab.estrategia.com\/portal\/analise-44-exame-unificado-direito-administrativo\/#breadcrumb"},"inLanguage":"pt-BR","potentialAction":[{"@type":"ReadAction","target":["https:\/\/oab.estrategia.com\/portal\/analise-44-exame-unificado-direito-administrativo\/"]}]},{"@type":"ImageObject","inLanguage":"pt-BR","@id":"https:\/\/oab.estrategia.com\/portal\/analise-44-exame-unificado-direito-administrativo\/#primaryimage","url":"https:\/\/oab.estrategia.com\/portal\/wp-content\/uploads\/2024\/11\/11203412\/estudos-exame-oab-prova-dicas-scaled.jpg","contentUrl":"https:\/\/oab.estrategia.com\/portal\/wp-content\/uploads\/2024\/11\/11203412\/estudos-exame-oab-prova-dicas-scaled.jpg","width":2560,"height":1709},{"@type":"BreadcrumbList","@id":"https:\/\/oab.estrategia.com\/portal\/analise-44-exame-unificado-direito-administrativo\/#breadcrumb","itemListElement":[{"@type":"ListItem","position":1,"name":"In\u00edcio","item":"https:\/\/oab.estrategia.com\/portal\/"},{"@type":"ListItem","position":2,"name":"An\u00e1lise da prova da 2\u00aa fase do 44\u00ba Exame de Ordem Unificado \u2013 Direito Administrativo"}]},{"@type":"WebSite","@id":"https:\/\/oab.estrategia.com\/portal\/#website","url":"https:\/\/oab.estrategia.com\/portal\/","name":"Blog - OAB - Estrat\u00e9gia","description":"Blog OAB - Estrat\u00e9gia Concursos","publisher":{"@id":"https:\/\/oab.estrategia.com\/portal\/#organization"},"potentialAction":[{"@type":"SearchAction","target":{"@type":"EntryPoint","urlTemplate":"https:\/\/oab.estrategia.com\/portal\/?s={search_term_string}"},"query-input":{"@type":"PropertyValueSpecification","valueRequired":true,"valueName":"search_term_string"}}],"inLanguage":"pt-BR"},{"@type":"Organization","@id":"https:\/\/oab.estrategia.com\/portal\/#organization","name":"Estrat\u00e9gia Concursos","url":"https:\/\/oab.estrategia.com\/portal\/","logo":{"@type":"ImageObject","inLanguage":"pt-BR","@id":"https:\/\/oab.estrategia.com\/portal\/#\/schema\/logo\/image\/","url":"https:\/\/oab.estrategia.com\/portal\/wp-content\/uploads\/2022\/04\/06103601\/oab-icone-2.png","contentUrl":"https:\/\/oab.estrategia.com\/portal\/wp-content\/uploads\/2022\/04\/06103601\/oab-icone-2.png","width":900,"height":900,"caption":"Estrat\u00e9gia Concursos"},"image":{"@id":"https:\/\/oab.estrategia.com\/portal\/#\/schema\/logo\/image\/"},"sameAs":["https:\/\/www.facebook.com\/estrategiaoab\/","https:\/\/x.com\/estrategiaoab","https:\/\/www.instagram.com\/estrategiaoab\/","https:\/\/www.youtube.com\/EstrategiaOAB"]},{"@type":"Person","@id":"https:\/\/oab.estrategia.com\/portal\/#\/schema\/person\/a8b05ed0af2fb529b0b803c9dc841241","name":"Felipe Duque","image":{"@type":"ImageObject","inLanguage":"pt-BR","@id":"https:\/\/oab.estrategia.com\/portal\/wp-content\/uploads\/2024\/08\/22101348\/professor-felipe-duque-estrategia-oab-ecj-96x96.png","url":"https:\/\/oab.estrategia.com\/portal\/wp-content\/uploads\/2024\/08\/22101348\/professor-felipe-duque-estrategia-oab-ecj-96x96.png","contentUrl":"https:\/\/oab.estrategia.com\/portal\/wp-content\/uploads\/2024\/08\/22101348\/professor-felipe-duque-estrategia-oab-ecj-96x96.png","caption":"Felipe Duque"},"description":"Felipe Duque - Mestre em Direito Pol\u00edtico e Econ\u00f4mico na Mackenzie-SP. Graduado em Direito pela Universidade Cat\u00f3lica de Pernambuco, com conclus\u00e3o pelo regime de Aproveitamento Extraordin\u00e1rio nos Estudos (art. 47, \u00a7 2\u00ba, da Lei n\u00ba 9.394\/96). Ex-Assessor de Desembargador no TJPE. Procurador da Fazenda Nacional. Integra voluntariamente a Coordena\u00e7\u00e3o de Assuntos Estrat\u00e9gicos Judiciais da PGFN. Professor do Estrat\u00e9gia Carreira Jur\u00eddica, Estrat\u00e9gia OAB e Buscador Dizer o Direito. Autor do livro \u201cReforma Tribut\u00e1ria Comentada e Esquematizada\u201d.","url":"https:\/\/oab.estrategia.com\/portal\/author\/felipe-duque\/"}]}},"jetpack_featured_media_url":"https:\/\/oab.estrategia.com\/portal\/wp-content\/uploads\/2024\/11\/11203412\/estudos-exame-oab-prova-dicas-scaled.jpg","jetpack_sharing_enabled":true,"_links":{"self":[{"href":"https:\/\/oab.estrategia.com\/portal\/wp-json\/wp\/v2\/posts\/25187","targetHints":{"allow":["GET"]}}],"collection":[{"href":"https:\/\/oab.estrategia.com\/portal\/wp-json\/wp\/v2\/posts"}],"about":[{"href":"https:\/\/oab.estrategia.com\/portal\/wp-json\/wp\/v2\/types\/post"}],"author":[{"embeddable":true,"href":"https:\/\/oab.estrategia.com\/portal\/wp-json\/wp\/v2\/users\/105"}],"replies":[{"embeddable":true,"href":"https:\/\/oab.estrategia.com\/portal\/wp-json\/wp\/v2\/comments?post=25187"}],"version-history":[{"count":4,"href":"https:\/\/oab.estrategia.com\/portal\/wp-json\/wp\/v2\/posts\/25187\/revisions"}],"predecessor-version":[{"id":25202,"href":"https:\/\/oab.estrategia.com\/portal\/wp-json\/wp\/v2\/posts\/25187\/revisions\/25202"}],"wp:featuredmedia":[{"embeddable":true,"href":"https:\/\/oab.estrategia.com\/portal\/wp-json\/wp\/v2\/media\/14033"}],"wp:attachment":[{"href":"https:\/\/oab.estrategia.com\/portal\/wp-json\/wp\/v2\/media?parent=25187"}],"wp:term":[{"taxonomy":"category","embeddable":true,"href":"https:\/\/oab.estrategia.com\/portal\/wp-json\/wp\/v2\/categories?post=25187"},{"taxonomy":"post_tag","embeddable":true,"href":"https:\/\/oab.estrategia.com\/portal\/wp-json\/wp\/v2\/tags?post=25187"}],"curies":[{"name":"wp","href":"https:\/\/api.w.org\/{rel}","templated":true}]}}