{"id":25453,"date":"2025-10-27T16:41:03","date_gmt":"2025-10-27T19:41:03","guid":{"rendered":"https:\/\/oab.estrategia.com\/portal\/?p=25453"},"modified":"2025-10-27T16:41:06","modified_gmt":"2025-10-27T19:41:06","slug":"analise-1a-fase-da-oab-44","status":"publish","type":"post","link":"https:\/\/oab.estrategia.com\/portal\/analise-1a-fase-da-oab-44\/","title":{"rendered":"1\u00aa Fase da OAB 44: entenda o padr\u00e3o da FGV e como usar essa an\u00e1lise para passar na pr\u00f3xima prova"},"content":{"rendered":"\n<p><em>Descubra a an\u00e1lise completa da 1\u00aa fase da OAB 44 e o que o exame revelou sobre o padr\u00e3o de cobran\u00e7a da FGV. Entenda tend\u00eancias e prepare-se!<\/em><\/p>\n\n\n\n<p><strong>Por Professora Bruna Vieira \u2013 Estrat\u00e9gia OAB<\/strong><\/p>\n\n\n\n<p>A 1\u00aa fase do <strong>44\u00ba Exame da Ordem dos Advogados do Brasil (OAB)<\/strong> trouxe mais uma amostra clara do perfil da <strong>Funda\u00e7\u00e3o Getulio Vargas (FGV)<\/strong>: uma prova t\u00e9cnica, contextualizada, interdisciplinar e com forte \u00eanfase na <strong>interpreta\u00e7\u00e3o e no racioc\u00ednio jur\u00eddico<\/strong>.<\/p>\n\n\n\n<p>Se voc\u00ea prestou essa edi\u00e7\u00e3o, j\u00e1 deve ter sentido o peso dessas caracter\u00edsticas. E se est\u00e1 se preparando para o <strong>45\u00ba Exame<\/strong>, precisa entender o que esse modelo de cobran\u00e7a revela sobre o padr\u00e3o da banca \u2014 e, principalmente, <strong>como adaptar sua prepara\u00e7\u00e3o a ele<\/strong>.<\/p>\n\n\n\n<p>Fica comigo at\u00e9 o final deste artigo, porque vamos analisar o que a FGV quis comunicar no 44\u00ba Exame, quais tend\u00eancias ela manteve e o que isso significa para sua aprova\u00e7\u00e3o.<\/p>\n\n\n\n<h2 class=\"wp-block-heading\" id=\"h-a-reafirmacao-de-um-perfil-tecnico-interpretativo-e-integrado\" style=\"font-style:normal;font-weight:400\"><span id=\"a-reafirmacao-de-um-perfil-tecnico-interpretativo-e-integrado\"><strong>A reafirma\u00e7\u00e3o de um perfil: t\u00e9cnico, interpretativo e integrado<\/strong><\/span><\/h2>\n\n\n\n<p>A prova da FGV nunca se prop\u00f4s a testar apenas memoriza\u00e7\u00e3o. Mas, no 44\u00ba Exame, isso ficou ainda mais evidente. O exame apresentou <strong>quest\u00f5es longas, densas e contextualizadas<\/strong>, que exigiam do candidato n\u00e3o apenas o conhecimento literal de normas, mas a <strong>compreens\u00e3o da l\u00f3gica jur\u00eddica por tr\u00e1s delas<\/strong>.<\/p>\n\n\n\n<p>As perguntas, em sua maioria, partiam de <strong>situa\u00e7\u00f5es concretas<\/strong>, extra\u00eddas de problemas do cotidiano da advocacia p\u00fablica e privada. O candidato precisou analisar fatos, identificar fundamentos normativos aplic\u00e1veis e articular princ\u00edpios e regras de diferentes ramos do Direito para chegar \u00e0 resposta correta.<\/p>\n\n\n\n<div class=\"wp-block-media-text has-background\" style=\"background-color:#f6d6d640;grid-template-columns:22% auto\"><figure class=\"wp-block-media-text__media\"><img decoding=\"async\" width=\"1024\" height=\"1024\" src=\"https:\/\/oab.estrategia.com\/portal\/wp-content\/uploads\/2025\/07\/07163702\/coruja_oab_dica_renata.png\" alt=\"1\u00aa fase da OAB 44\" class=\"wp-image-20100 size-full\" srcset=\"https:\/\/oab.estrategia.com\/portal\/wp-content\/uploads\/2025\/07\/07163702\/coruja_oab_dica_renata.png 1024w, https:\/\/oab.estrategia.com\/portal\/wp-content\/uploads\/2025\/07\/07163702\/coruja_oab_dica_renata-300x300.png 300w, https:\/\/oab.estrategia.com\/portal\/wp-content\/uploads\/2025\/07\/07163702\/coruja_oab_dica_renata-150x150.png 150w, https:\/\/oab.estrategia.com\/portal\/wp-content\/uploads\/2025\/07\/07163702\/coruja_oab_dica_renata-768x768.png 768w, https:\/\/oab.estrategia.com\/portal\/wp-content\/uploads\/2025\/07\/07163702\/coruja_oab_dica_renata-80x80.png 80w, https:\/\/oab.estrategia.com\/portal\/wp-content\/uploads\/2025\/07\/07163702\/coruja_oab_dica_renata-380x380.png 380w, https:\/\/oab.estrategia.com\/portal\/wp-content\/uploads\/2025\/07\/07163702\/coruja_oab_dica_renata-800x800.png 800w, https:\/\/oab.estrategia.com\/portal\/wp-content\/uploads\/2025\/07\/07163702\/coruja_oab_dica_renata-24x24.png 24w, https:\/\/oab.estrategia.com\/portal\/wp-content\/uploads\/2025\/07\/07163702\/coruja_oab_dica_renata-48x48.png 48w, https:\/\/oab.estrategia.com\/portal\/wp-content\/uploads\/2025\/07\/07163702\/coruja_oab_dica_renata-96x96.png 96w\" sizes=\"(max-width: 1024px) 100vw, 1024px\" \/><\/figure><div class=\"wp-block-media-text__content\">\n<p><strong><mark style=\"background-color:rgba(0, 0, 0, 0)\" class=\"has-inline-color has-vivid-red-color\">RESUMINDO!<\/mark><\/strong><mark style=\"background-color:rgba(0, 0, 0, 0)\" class=\"has-inline-color has-white-color\"><strong> <\/strong><\/mark>A FGV quis saber <strong>se o examinando pensa como advogado<\/strong>. Isso significa interpretar, correlacionar e aplicar o Direito e n\u00e3o apenas reproduzir a letra fria da lei.<br><\/p>\n<\/div><\/div>\n\n\n\n<h2 class=\"wp-block-heading\" id=\"h-a-interdisciplinaridade-voltou-com-forca-total\" style=\"font-style:normal;font-weight:400\"><span id=\"a-interdisciplinaridade-voltou-com-forca-total\"><strong>A interdisciplinaridade voltou com for\u00e7a total<\/strong><\/span><\/h2>\n\n\n\n<p>Uma das marcas mais evidentes do 44\u00ba Exame foi a <strong>interdisciplinaridade<\/strong>.<br>Ela n\u00e3o \u00e9 novidade, mas nesta edi\u00e7\u00e3o apareceu de forma <strong>mais estruturada e intencional<\/strong>, confirmando uma tend\u00eancia que deve se repetir no 45\u00ba Exame.<\/p>\n\n\n\n<p>O edital permite expressamente a elabora\u00e7\u00e3o de quest\u00f5es interdisciplinares, e a FGV tem usado essa liberdade para <strong>avaliar a capacidade do candidato de compreender o Direito como um sistema<\/strong>, n\u00e3o como um conjunto de compartimentos estanques.<\/p>\n\n\n\n<p>A seguir, alguns exemplos concretos extra\u00eddos da prova que ilustram bem essa tend\u00eancia:<\/p>\n\n\n\n<p class=\"has-vivid-red-background-color has-background\"><strong><mark style=\"background-color:rgba(0, 0, 0, 0)\" class=\"has-inline-color has-white-color\">\u00c9tica Profissional e Direito Empresarial<\/mark><\/strong><\/p>\n\n\n\n<p>Uma quest\u00e3o envolvia uma <strong>sociedade de advogados que pretendia exercer atividade comercial. <\/strong>O examinando precisou dominar tanto o <strong>Estatuto da Advocacia (Lei 8.906\/94)<\/strong>, que veda essa pr\u00e1tica, quanto as <strong>regras de Direito Societ\u00e1rio<\/strong>, compreendendo a natureza jur\u00eddica das sociedades simples e empres\u00e1rias.<\/p>\n\n\n\n<p class=\"has-vivid-red-background-color has-background\"><strong><mark style=\"background-color:rgba(0, 0, 0, 0)\" class=\"has-inline-color has-white-color\">Filosofia do Direito e Constitucional<\/mark><\/strong><\/p>\n\n\n\n<p>Em uma quest\u00e3o que, \u00e0 primeira vista, parecia puramente filos\u00f3fica, a FGV trouxe uma reflex\u00e3o sobre o <strong>conceito de \u201ccasa\u201d<\/strong> e o princ\u00edpio da <strong>inviolabilidade do domic\u00edlio<\/strong> previsto no <strong>art. 5\u00ba, XI, da Constitui\u00e7\u00e3o Federal<\/strong>. Embora o tema seja cl\u00e1ssico de <strong>Direitos Fundamentais<\/strong>, a banca cruzou-o com <strong>interpreta\u00e7\u00e3o filos\u00f3fica da norma<\/strong>, exigindo an\u00e1lise sem\u00e2ntica e principiol\u00f3gica, coerente com o perfil anal\u00edtico da FGV.<\/p>\n\n\n\n<p class=\"has-vivid-red-background-color has-background\"><strong><mark style=\"background-color:rgba(0, 0, 0, 0)\" class=\"has-inline-color has-white-color\">Constitucional, Consumidor e Administrativo<\/mark><\/strong><\/p>\n\n\n\n<p>Outra quest\u00e3o tratou da <strong>negativa\u00e7\u00e3o indevida realizada por uma sociedade de economia mista. <\/strong>O candidato precisou identificar:<\/p>\n\n\n\n<ul class=\"wp-block-list\">\n<li>A natureza jur\u00eddica da entidade (Administra\u00e7\u00e3o Indireta);<\/li>\n\n\n\n<li>A aplicabilidade do <strong>CDC<\/strong>;<\/li>\n\n\n\n<li>E a compet\u00eancia jurisdicional adequada para resolver o conflito.<\/li>\n<\/ul>\n\n\n\n<p>Um verdadeiro exerc\u00edcio de <strong>integra\u00e7\u00e3o normativa<\/strong>, no qual a resposta dependia de articular os tr\u00eas ramos do Direito.<\/p>\n\n\n\n<p class=\"has-vivid-red-background-color has-background\"><strong><mark style=\"background-color:rgba(0, 0, 0, 0)\" class=\"has-inline-color has-white-color\">Constitucional e Administrativo<\/mark><\/strong><\/p>\n\n\n\n<p>Ainda na parte inicial da prova, uma quest\u00e3o abordou a <strong>requisi\u00e7\u00e3o administrativa<\/strong>, forma de interven\u00e7\u00e3o do Estado na propriedade privada.<br>Curiosamente, o tema apareceu no bloco de <strong>Direito Constitucional<\/strong>, e n\u00e3o em <strong>Administrativo<\/strong>, refor\u00e7ando que a FGV <strong>n\u00e3o se prende \u00e0 estrutura tradicional das disciplinas<\/strong>, mas privilegia a <strong>coer\u00eancia material do tema<\/strong>.<\/p>\n\n\n\n<p class=\"has-vivid-red-background-color has-background\"><strong><mark style=\"background-color:rgba(0, 0, 0, 0)\" class=\"has-inline-color has-white-color\">Processo Civil e Administrativo<\/mark><\/strong><\/p>\n\n\n\n<p>Outra quest\u00e3o trouxe um cen\u00e1rio envolvendo <strong>a\u00e7\u00f5es indenizat\u00f3rias e a penhora de bens de entidades da Administra\u00e7\u00e3o Indireta<\/strong>, pedindo do candidato o discernimento sobre <strong>a responsabilidade patrimonial e as imunidades processuais<\/strong> dessas pessoas jur\u00eddicas.<\/p>\n\n\n\n<p class=\"has-vivid-red-background-color has-background\"><strong><mark style=\"background-color:rgba(0, 0, 0, 0)\" class=\"has-inline-color has-white-color\">Consumidor e Administrativo<\/mark><\/strong><\/p>\n\n\n\n<p>O di\u00e1logo entre os dois ramos apareceu tamb\u00e9m em quest\u00e3o que envolvia a <strong>Anvisa<\/strong> e <strong>publicidade enganosa<\/strong>, misturando a <strong>fun\u00e7\u00e3o regulat\u00f3ria da Administra\u00e7\u00e3o P\u00fablica<\/strong> com o <strong>direito \u00e0 informa\u00e7\u00e3o e prote\u00e7\u00e3o do consumidor<\/strong>.<\/p>\n\n\n\n<p class=\"has-vivid-red-background-color has-background\"><strong><mark style=\"background-color:rgba(0, 0, 0, 0)\" class=\"has-inline-color has-white-color\">Trabalho, Civil e Previdenci\u00e1rio<\/mark><\/strong><\/p>\n\n\n\n<p>Por fim, uma quest\u00e3o uniu tr\u00eas \u00e1reas<strong> (Trabalho, Civil e Previdenci\u00e1rio)<\/strong> em um caso \u00fanico, exigindo a compreens\u00e3o das repercuss\u00f5es contratuais e previdenci\u00e1rias de uma rela\u00e7\u00e3o laboral.<\/p>\n\n\n\n<p>Esses exemplos mostram que a FGV tem apostado em <strong>situa\u00e7\u00f5es jur\u00eddicas realistas<\/strong>, nas quais o Direito aparece como um <strong>sistema interconectado<\/strong>, e n\u00e3o como uma cole\u00e7\u00e3o de regras isoladas.<\/p>\n\n\n\n<p>Quem entende essa din\u00e2mica tem vantagem: a prova valoriza o candidato que <strong>enxerga o todo<\/strong>, identifica rela\u00e7\u00f5es entre normas e <strong>interpreta o Direito com base em fundamentos sist\u00eamicos.<\/strong><\/p>\n\n\n\n<h2 class=\"wp-block-heading\" id=\"h-temas-recorrentes-e-reaproveitamento-de-padroes\" style=\"font-style:normal;font-weight:400\"><span id=\"temas-recorrentes-e-reaproveitamento-de-padroes\"><strong>Temas recorrentes e reaproveitamento de padr\u00f5es<\/strong><\/span><\/h2>\n\n\n\n<p>Outro ponto que chama aten\u00e7\u00e3o, e que deve ser explorado estrategicamente, \u00e9 a <strong>recorr\u00eancia de temas entre exames consecutivos.<\/strong><\/p>\n\n\n\n<p>Ao comparar o <strong>Exame 43<\/strong> e o <strong>Exame 44<\/strong>, \u00e9 poss\u00edvel perceber uma clara <strong>reutiliza\u00e7\u00e3o de t\u00f3picos<\/strong>, ainda que em contextos diferentes.<\/p>\n\n\n\n<p>A FGV mant\u00e9m uma <strong>linha tem\u00e1tica constante<\/strong>, alterando apenas a forma de apresenta\u00e7\u00e3o do problema. Isso significa que o candidato que <strong>resolve provas anteriores<\/strong> n\u00e3o apenas treina o estilo da banca, mas <strong>antecipa tend\u00eancias reais.<\/strong><\/p>\n\n\n\n<p>Veja alguns exemplos:<\/p>\n\n\n\n<div class=\"wp-block-group is-style-cnvs-block-bg-light\"><div class=\"wp-block-group__inner-container is-layout-constrained wp-block-group-is-layout-constrained\">\n<ul class=\"wp-block-list is-style-cnvs-list-styled-positive\">\n<li><strong>Responsabilidade civil do Estado<\/strong> voltou a ser cobrada, mas agora sob o enfoque da <strong>culpa administrativa<\/strong>.<\/li>\n\n\n\n<li><strong>Sociedades empres\u00e1rias<\/strong> e <strong>contratos p\u00fablicos<\/strong> reapareceram, com novos detalhes normativos.<\/li>\n\n\n\n<li><strong>Compet\u00eancia e legitimidade em a\u00e7\u00f5es coletivas<\/strong> foram retomadas em nova roupagem.<\/li>\n\n\n\n<li><strong>\u00c9tica Profissional<\/strong> seguiu firme, com uma quest\u00e3o praticamente id\u00eantica \u00e0 do exame anterior sobre a <strong>utiliza\u00e7\u00e3o da carteira da OAB como documento oficial<\/strong>.<\/li>\n<\/ul>\n<\/div><\/div>\n\n\n\n<p>Essas repeti\u00e7\u00f5es confirmam que a FGV trabalha com <strong>n\u00facleos tem\u00e1ticos estruturantes<\/strong>, o que refor\u00e7a a import\u00e2ncia da <strong>revis\u00e3o dirigida e estrat\u00e9gica de provas anteriores<\/strong>.<\/p>\n\n\n\n<h2 class=\"wp-block-heading\" id=\"h-estrategias-praticas-para-o-45\u00ba-exame-da-oab\" style=\"font-style:normal;font-weight:400\"><span id=\"estrategias-praticas-para-o-45o-exame-da-oab\"><strong>Estrat\u00e9gias pr\u00e1ticas para o 45\u00ba Exame da OAB<\/strong><\/span><\/h2>\n\n\n\n<p>A an\u00e1lise do 44\u00ba Exame oferece li\u00e7\u00f5es valiosas para quem est\u00e1 se preparando para o pr\u00f3ximo. Aqui est\u00e3o quatro diretrizes que podem orientar seus estudos:<\/p>\n\n\n\n<div class=\"wp-block-group is-style-cnvs-block-bordered\"><div class=\"wp-block-group__inner-container is-layout-constrained wp-block-group-is-layout-constrained\">\n<ol class=\"wp-block-list is-style-cnvs-list-styled-negative\">\n<li><strong>Estude de forma integrada.<\/strong><br>As disciplinas n\u00e3o s\u00e3o caixas fechadas. Quando revisar <strong>Direito Administrativo<\/strong>, por exemplo, pense tamb\u00e9m nos reflexos <strong>constitucionais e civis<\/strong> dos temas tratados. Essa abordagem sist\u00eamica \u00e9 exatamente o que a FGV cobra.<\/li>\n\n\n\n<li><strong>Desenvolva leitura e interpreta\u00e7\u00e3o refinadas.<\/strong><br>Muitas quest\u00f5es se resolvem com a percep\u00e7\u00e3o de <strong>uma \u00fanica palavra-chave<\/strong> ou <strong>nuance conceitual<\/strong>. Treine a leitura anal\u00edtica e evite resolver quest\u00f5es de forma apressada.<\/li>\n\n\n\n<li><strong>Refa\u00e7a provas anteriores.<\/strong><br>Cerca de <strong>um ter\u00e7o das quest\u00f5es da 1\u00aa fase<\/strong> do 44\u00ba exame envolveu <strong>temas reaproveitados<\/strong> de edi\u00e7\u00f5es anteriores. Dominar o repert\u00f3rio da FGV \u00e9 dominar sua l\u00f3gica de cobran\u00e7a.<\/li>\n\n\n\n<li><strong>Participe de simulados interdisciplinares.<\/strong><br>Eles te ajudam a raciocinar de forma integrada, a identificar lacunas de racioc\u00ednio jur\u00eddico e a <strong>pensar como a banca pensa<\/strong>, o passo mais pr\u00f3ximo da aprova\u00e7\u00e3o.<\/li>\n<\/ol>\n<\/div><\/div>\n\n\n\n<h2 class=\"wp-block-heading\" id=\"h-a-mensagem-por-tras-da-prova-1\u00aa-fase-da-oab-44\" style=\"font-style:normal;font-weight:400\"><span id=\"a-mensagem-por-tras-da-prova-1a-fase-da-oab-44\"><strong>A mensagem por tr\u00e1s da prova &#8211; 1\u00aa fase da OAB 44<\/strong><\/span><\/h2>\n\n\n\n<p>O 44\u00ba Exame da OAB deixou um recado cristalino: <strong>decorar lei n\u00e3o basta. <\/strong>A FGV quer o candidato que <strong>entende o sistema jur\u00eddico<\/strong>, que <strong>articula princ\u00edpios e normas<\/strong>, e que <strong>consegue visualizar as consequ\u00eancias pr\u00e1ticas de suas respostas<\/strong>.<\/p>\n\n\n\n<div class=\"wp-block-group is-style-cnvs-block-bg-light has-background\" style=\"background-color:#fb96961f\"><div class=\"wp-block-group__inner-container is-layout-constrained wp-block-group-is-layout-constrained\">\n<p>Isso muda completamente a forma de estudar:<br><br>\ud83d\udcda <strong>N\u00e3o estude por compartimentos.<\/strong><br>\ud83d\udcda <strong>Busque compreender o funcionamento do Direito como sistema.<\/strong><br>\ud83d\udcda <strong>Valorize o racioc\u00ednio e a interpreta\u00e7\u00e3o.<\/strong><\/p>\n<\/div><\/div>\n\n\n\n<p>Quem internaliza esse m\u00e9todo n\u00e3o apenas acerta mais quest\u00f5es, mas <strong>chega \u00e0 2\u00aa fase com seguran\u00e7a, estrat\u00e9gia e consci\u00eancia jur\u00eddica.<\/strong><\/p>\n\n\n\n<h2 class=\"wp-block-heading\" id=\"h-conclusao-analise-da-1\u00aa-fase-da-oab-44\" style=\"font-style:normal;font-weight:400\"><span id=\"conclusao-analise-da-1a-fase-da-oab-44\"><strong>Conclus\u00e3o &#8211; An\u00e1lise da 1\u00aa fase da OAB 44<\/strong><\/span><\/h2>\n\n\n\n<p>A an\u00e1lise da 1\u00aa fase da OAB 44 confirma a consolida\u00e7\u00e3o do padr\u00e3o FGV: <strong>provas contextualizadas, integradas e inteligentes<\/strong>. Mais do que decorar, o candidato precisa <strong>pensar juridicamente<\/strong>, relacionar normas e compreender a l\u00f3gica dos institutos.<\/p>\n\n\n\n<p>A FGV vem refor\u00e7ando, a cada exame, a import\u00e2ncia de um estudo <strong>reflexivo, sistem\u00e1tico e interdisciplinar<\/strong>. Quem reconhece essa estrutura e se prepara com base nela, <strong>est\u00e1 um passo \u00e0 frente da concorr\u00eancia.<\/strong><\/p>\n\n\n\n<p>Por fim, continue acompanhando os conte\u00fados escritos do <strong>Estrat\u00e9gia OAB<\/strong>, <br>e, claro, os v\u00eddeos no canal, onde destrinchamos cada detalhe das provas e transformamos teoria em <strong>estrat\u00e9gia real de aprova\u00e7\u00e3o<\/strong>.<\/p>\n\n\n\n<p><strong>At\u00e9 o pr\u00f3ximo artigo e bons estudos,<\/strong><\/p>\n\n\n\n<p><strong>Professora Bruna Vieira.<\/strong><\/p>\n\n\n\n<p class=\"has-text-align-center\" style=\"font-size:20px\"><strong>Quer ser aprovado ou aprovada no Exame OAB?<br><a href=\"https:\/\/oab.estrategia.com\/lp\/assinaturas\/index.html?utm_source=google&amp;utm_medium=cpc&amp;utm_campaign=oab-vd-gsh-marca&amp;gad_source=1&amp;gad_campaignid=14319512082&amp;gbraid=0AAAAADpTrcfj8iGdO_wwldDlbDgCmRXhw&amp;gclid=CjwKCAjw2vTFBhAuEiwAFaScwgoZAkDdGghONc8_MwUkK2x2XCPBLZLgGSRtp9whavGB-JMpS97GXhoCqvUQAvD_BwE\">Temos as melhores op\u00e7\u00f5es AQUI!<\/a><\/strong><\/p>\n\n\n\n<div class=\"wp-block-cover\" style=\"min-height:145px;aspect-ratio:unset;\"><span aria-hidden=\"true\" class=\"wp-block-cover__background has-background-dim\"><\/span><img decoding=\"async\" width=\"1024\" height=\"190\" class=\"wp-block-cover__image-background wp-image-2272\" alt=\"\" src=\"https:\/\/oab.estrategia.com\/portal\/wp-content\/uploads\/2022\/08\/19111944\/assinatura-oab-banner-exame-de-ordem-oab-assinatura-curso-oab-1024x190.jpg\" style=\"object-position:58% 29%\" data-object-fit=\"cover\" data-object-position=\"58% 29%\" srcset=\"https:\/\/oab.estrategia.com\/portal\/wp-content\/uploads\/2022\/08\/19111944\/assinatura-oab-banner-exame-de-ordem-oab-assinatura-curso-oab-1024x190.jpg 1024w, https:\/\/oab.estrategia.com\/portal\/wp-content\/uploads\/2022\/08\/19111944\/assinatura-oab-banner-exame-de-ordem-oab-assinatura-curso-oab-300x56.jpg 300w, https:\/\/oab.estrategia.com\/portal\/wp-content\/uploads\/2022\/08\/19111944\/assinatura-oab-banner-exame-de-ordem-oab-assinatura-curso-oab-768x143.jpg 768w, https:\/\/oab.estrategia.com\/portal\/wp-content\/uploads\/2022\/08\/19111944\/assinatura-oab-banner-exame-de-ordem-oab-assinatura-curso-oab-1536x285.jpg 1536w, https:\/\/oab.estrategia.com\/portal\/wp-content\/uploads\/2022\/08\/19111944\/assinatura-oab-banner-exame-de-ordem-oab-assinatura-curso-oab-380x71.jpg 380w, https:\/\/oab.estrategia.com\/portal\/wp-content\/uploads\/2022\/08\/19111944\/assinatura-oab-banner-exame-de-ordem-oab-assinatura-curso-oab-800x149.jpg 800w, https:\/\/oab.estrategia.com\/portal\/wp-content\/uploads\/2022\/08\/19111944\/assinatura-oab-banner-exame-de-ordem-oab-assinatura-curso-oab-1160x215.jpg 1160w, https:\/\/oab.estrategia.com\/portal\/wp-content\/uploads\/2022\/08\/19111944\/assinatura-oab-banner-exame-de-ordem-oab-assinatura-curso-oab-150x28.jpg 150w, https:\/\/oab.estrategia.com\/portal\/wp-content\/uploads\/2022\/08\/19111944\/assinatura-oab-banner-exame-de-ordem-oab-assinatura-curso-oab.jpg 1890w\" sizes=\"(max-width: 1024px) 100vw, 1024px\" \/><div class=\"wp-block-cover__inner-container is-layout-flow wp-block-cover-is-layout-flow\">\n<h3 id=\"assinatura-oab\" class=\"titulo-assinatura\">Assinatura OAB<\/h3>\n<p class=\"subtitulo-assinatura\" style=\"display:block!important; line-height: 0;\">Conte\u00fado completo para a 1\u00aa e 2\u00aa fase da OAB.<\/p>\n<a target=\"_blank\" href=\"https:\/\/oab.estrategia.com\/curso\/assinatura-oab\/\" rel=\"noopener\"><button style=\"border-radius: 10px; text-transform: capitalize;\">Acessar<\/button><\/a>\n<\/div><\/div>\n\n\n\n<h3 class=\"wp-block-heading has-text-align-center\" id=\"h-conteudos-exclusivos-e-atualizacoes-em-tempo-real-siga-nossas-redes-e-esteja-sempre-um-passo-a-frente\"><span id=\"conteudos-exclusivos-e-atualizacoes-em-tempo-realsiga-nossas-redes-e-esteja-sempre-um-passo-a-frente\">Conte\u00fados exclusivos e atualiza\u00e7\u00f5es em tempo real?<br>Siga<a href=\"https:\/\/www.instagram.com\/estrategiaoab\/\"> nossas redes<\/a> e esteja sempre um passo \u00e0 frente!<\/span><\/h3>\n\n\n\n<ul class=\"wp-block-social-links has-normal-icon-size has-visible-labels is-horizontal is-content-justification-center is-layout-flex wp-container-core-social-links-is-layout-499968f5 wp-block-social-links-is-layout-flex\"><li class=\"wp-social-link wp-social-link-facebook  wp-block-social-link\"><a rel=\"noopener nofollow\" target=\"_blank\" href=\"https:\/\/www.facebook.com\/oabestrategia?locale=pt_BR\" class=\"wp-block-social-link-anchor\"><svg width=\"24\" height=\"24\" viewBox=\"0 0 24 24\" version=\"1.1\" xmlns=\"http:\/\/www.w3.org\/2000\/svg\" aria-hidden=\"true\" focusable=\"false\"><path d=\"M12 2C6.5 2 2 6.5 2 12c0 5 3.7 9.1 8.4 9.9v-7H7.9V12h2.5V9.8c0-2.5 1.5-3.9 3.8-3.9 1.1 0 2.2.2 2.2.2v2.5h-1.3c-1.2 0-1.6.8-1.6 1.6V12h2.8l-.4 2.9h-2.3v7C18.3 21.1 22 17 22 12c0-5.5-4.5-10-10-10z\"><\/path><\/svg><span class=\"wp-block-social-link-label\">Facebook<\/span><\/a><\/li>\n\n<li class=\"wp-social-link wp-social-link-instagram  wp-block-social-link\"><a rel=\"noopener nofollow\" target=\"_blank\" href=\"https:\/\/www.instagram.com\/estrategiaoab\/\" class=\"wp-block-social-link-anchor\"><svg width=\"24\" height=\"24\" viewBox=\"0 0 24 24\" version=\"1.1\" xmlns=\"http:\/\/www.w3.org\/2000\/svg\" aria-hidden=\"true\" focusable=\"false\"><path d=\"M12,4.622c2.403,0,2.688,0.009,3.637,0.052c0.877,0.04,1.354,0.187,1.671,0.31c0.42,0.163,0.72,0.358,1.035,0.673 c0.315,0.315,0.51,0.615,0.673,1.035c0.123,0.317,0.27,0.794,0.31,1.671c0.043,0.949,0.052,1.234,0.052,3.637 s-0.009,2.688-0.052,3.637c-0.04,0.877-0.187,1.354-0.31,1.671c-0.163,0.42-0.358,0.72-0.673,1.035 c-0.315,0.315-0.615,0.51-1.035,0.673c-0.317,0.123-0.794,0.27-1.671,0.31c-0.949,0.043-1.233,0.052-3.637,0.052 s-2.688-0.009-3.637-0.052c-0.877-0.04-1.354-0.187-1.671-0.31c-0.42-0.163-0.72-0.358-1.035-0.673 c-0.315-0.315-0.51-0.615-0.673-1.035c-0.123-0.317-0.27-0.794-0.31-1.671C4.631,14.688,4.622,14.403,4.622,12 s0.009-2.688,0.052-3.637c0.04-0.877,0.187-1.354,0.31-1.671c0.163-0.42,0.358-0.72,0.673-1.035 c0.315-0.315,0.615-0.51,1.035-0.673c0.317-0.123,0.794-0.27,1.671-0.31C9.312,4.631,9.597,4.622,12,4.622 M12,3 C9.556,3,9.249,3.01,8.289,3.054C7.331,3.098,6.677,3.25,6.105,3.472C5.513,3.702,5.011,4.01,4.511,4.511 c-0.5,0.5-0.808,1.002-1.038,1.594C3.25,6.677,3.098,7.331,3.054,8.289C3.01,9.249,3,9.556,3,12c0,2.444,0.01,2.751,0.054,3.711 c0.044,0.958,0.196,1.612,0.418,2.185c0.23,0.592,0.538,1.094,1.038,1.594c0.5,0.5,1.002,0.808,1.594,1.038 c0.572,0.222,1.227,0.375,2.185,0.418C9.249,20.99,9.556,21,12,21s2.751-0.01,3.711-0.054c0.958-0.044,1.612-0.196,2.185-0.418 c0.592-0.23,1.094-0.538,1.594-1.038c0.5-0.5,0.808-1.002,1.038-1.594c0.222-0.572,0.375-1.227,0.418-2.185 C20.99,14.751,21,14.444,21,12s-0.01-2.751-0.054-3.711c-0.044-0.958-0.196-1.612-0.418-2.185c-0.23-0.592-0.538-1.094-1.038-1.594 c-0.5-0.5-1.002-0.808-1.594-1.038c-0.572-0.222-1.227-0.375-2.185-0.418C14.751,3.01,14.444,3,12,3L12,3z M12,7.378 c-2.552,0-4.622,2.069-4.622,4.622S9.448,16.622,12,16.622s4.622-2.069,4.622-4.622S14.552,7.378,12,7.378z M12,15 c-1.657,0-3-1.343-3-3s1.343-3,3-3s3,1.343,3,3S13.657,15,12,15z M16.804,6.116c-0.596,0-1.08,0.484-1.08,1.08 s0.484,1.08,1.08,1.08c0.596,0,1.08-0.484,1.08-1.08S17.401,6.116,16.804,6.116z\"><\/path><\/svg><span class=\"wp-block-social-link-label\">Instagram<\/span><\/a><\/li>\n\n<li class=\"wp-social-link wp-social-link-youtube  wp-block-social-link\"><a rel=\"noopener nofollow\" target=\"_blank\" href=\"https:\/\/www.youtube.com\/channel\/UC7rgrKTSF5aOrBGWOw60ovw\" class=\"wp-block-social-link-anchor\"><svg width=\"24\" height=\"24\" viewBox=\"0 0 24 24\" version=\"1.1\" xmlns=\"http:\/\/www.w3.org\/2000\/svg\" aria-hidden=\"true\" focusable=\"false\"><path d=\"M21.8,8.001c0,0-0.195-1.378-0.795-1.985c-0.76-0.797-1.613-0.801-2.004-0.847c-2.799-0.202-6.997-0.202-6.997-0.202 h-0.009c0,0-4.198,0-6.997,0.202C4.608,5.216,3.756,5.22,2.995,6.016C2.395,6.623,2.2,8.001,2.2,8.001S2,9.62,2,11.238v1.517 c0,1.618,0.2,3.237,0.2,3.237s0.195,1.378,0.795,1.985c0.761,0.797,1.76,0.771,2.205,0.855c1.6,0.153,6.8,0.201,6.8,0.201 s4.203-0.006,7.001-0.209c0.391-0.047,1.243-0.051,2.004-0.847c0.6-0.607,0.795-1.985,0.795-1.985s0.2-1.618,0.2-3.237v-1.517 C22,9.62,21.8,8.001,21.8,8.001z M9.935,14.594l-0.001-5.62l5.404,2.82L9.935,14.594z\"><\/path><\/svg><span class=\"wp-block-social-link-label\">Youtube<\/span><\/a><\/li>\n\n<li class=\"wp-social-link wp-social-link-telegram  wp-block-social-link\"><a rel=\"noopener nofollow\" target=\"_blank\" href=\"https:\/\/t.me\/transmissaoEstrategiaOAB\" class=\"wp-block-social-link-anchor\"><svg width=\"24\" height=\"24\" viewBox=\"0 0 128 128\" version=\"1.1\" xmlns=\"http:\/\/www.w3.org\/2000\/svg\" aria-hidden=\"true\" focusable=\"false\"><path d=\"M28.9700376,63.3244248 C47.6273373,55.1957357 60.0684594,49.8368063 66.2934036,47.2476366 C84.0668845,39.855031 87.7600616,38.5708563 90.1672227,38.528 C90.6966555,38.5191258 91.8804274,38.6503351 92.6472251,39.2725385 C93.294694,39.7979149 93.4728387,40.5076237 93.5580865,41.0057381 C93.6433345,41.5038525 93.7494885,42.63857 93.6651041,43.5252052 C92.7019529,53.6451182 88.5344133,78.2034783 86.4142057,89.5379542 C85.5170662,94.3339958 83.750571,95.9420841 82.0403991,96.0994568 C78.3237996,96.4414641 75.5015827,93.6432685 71.9018743,91.2836143 C66.2690414,87.5912212 63.0868492,85.2926952 57.6192095,81.6896017 C51.3004058,77.5256038 55.3966232,75.2369981 58.9976911,71.4967761 C59.9401076,70.5179421 76.3155302,55.6232293 76.6324771,54.2720454 C76.6721165,54.1030573 76.7089039,53.4731496 76.3346867,53.1405352 C75.9604695,52.8079208 75.4081573,52.921662 75.0095933,53.0121213 C74.444641,53.1403447 65.4461175,59.0880351 48.0140228,70.8551922 C45.4598218,72.6091037 43.1463059,73.4636682 41.0734751,73.4188859 C38.7883453,73.3695169 34.3926725,72.1268388 31.1249416,71.0646282 C27.1169366,69.7617838 23.931454,69.0729605 24.208838,66.8603276 C24.3533167,65.7078514 25.9403832,64.5292172 28.9700376,63.3244248 Z\" \/><\/svg><span class=\"wp-block-social-link-label\">Telegram<\/span><\/a><\/li>\n\n<li class=\"wp-social-link wp-social-link-whatsapp  wp-block-social-link\"><a rel=\"noopener nofollow\" target=\"_blank\" href=\"https:\/\/chat.whatsapp.com\/GVIH7MrkoVAGyAxc6MuwWf\" class=\"wp-block-social-link-anchor\"><svg width=\"24\" height=\"24\" viewBox=\"0 0 24 24\" version=\"1.1\" xmlns=\"http:\/\/www.w3.org\/2000\/svg\" aria-hidden=\"true\" focusable=\"false\"><path d=\"M 12.011719 2 C 6.5057187 2 2.0234844 6.478375 2.0214844 11.984375 C 2.0204844 13.744375 2.4814687 15.462563 3.3554688 16.976562 L 2 22 L 7.2324219 20.763672 C 8.6914219 21.559672 10.333859 21.977516 12.005859 21.978516 L 12.009766 21.978516 C 17.514766 21.978516 21.995047 17.499141 21.998047 11.994141 C 22.000047 9.3251406 20.962172 6.8157344 19.076172 4.9277344 C 17.190172 3.0407344 14.683719 2.001 12.011719 2 z M 12.009766 4 C 14.145766 4.001 16.153109 4.8337969 17.662109 6.3417969 C 19.171109 7.8517969 20.000047 9.8581875 19.998047 11.992188 C 19.996047 16.396187 16.413812 19.978516 12.007812 19.978516 C 10.674812 19.977516 9.3544062 19.642812 8.1914062 19.007812 L 7.5175781 18.640625 L 6.7734375 18.816406 L 4.8046875 19.28125 L 5.2851562 17.496094 L 5.5019531 16.695312 L 5.0878906 15.976562 C 4.3898906 14.768562 4.0204844 13.387375 4.0214844 11.984375 C 4.0234844 7.582375 7.6067656 4 12.009766 4 z M 8.4765625 7.375 C 8.3095625 7.375 8.0395469 7.4375 7.8105469 7.6875 C 7.5815469 7.9365 6.9355469 8.5395781 6.9355469 9.7675781 C 6.9355469 10.995578 7.8300781 12.182609 7.9550781 12.349609 C 8.0790781 12.515609 9.68175 15.115234 12.21875 16.115234 C 14.32675 16.946234 14.754891 16.782234 15.212891 16.740234 C 15.670891 16.699234 16.690438 16.137687 16.898438 15.554688 C 17.106437 14.971687 17.106922 14.470187 17.044922 14.367188 C 16.982922 14.263188 16.816406 14.201172 16.566406 14.076172 C 16.317406 13.951172 15.090328 13.348625 14.861328 13.265625 C 14.632328 13.182625 14.464828 13.140625 14.298828 13.390625 C 14.132828 13.640625 13.655766 14.201187 13.509766 14.367188 C 13.363766 14.534188 13.21875 14.556641 12.96875 14.431641 C 12.71875 14.305641 11.914938 14.041406 10.960938 13.191406 C 10.218937 12.530406 9.7182656 11.714844 9.5722656 11.464844 C 9.4272656 11.215844 9.5585938 11.079078 9.6835938 10.955078 C 9.7955938 10.843078 9.9316406 10.663578 10.056641 10.517578 C 10.180641 10.371578 10.223641 10.267562 10.306641 10.101562 C 10.389641 9.9355625 10.347156 9.7890625 10.285156 9.6640625 C 10.223156 9.5390625 9.737625 8.3065 9.515625 7.8125 C 9.328625 7.3975 9.131125 7.3878594 8.953125 7.3808594 C 8.808125 7.3748594 8.6425625 7.375 8.4765625 7.375 z\"><\/path><\/svg><span class=\"wp-block-social-link-label\">WhatsApp<\/span><\/a><\/li><\/ul>\n\n\n\n<p><\/p>\n","protected":false},"excerpt":{"rendered":"Descubra a an\u00e1lise completa da 1\u00aa fase da OAB 44 e o que o exame revelou sobre o&hellip;\n","protected":false},"author":128,"featured_media":25473,"comment_status":"open","ping_status":"open","sticky":false,"template":"","format":"standard","meta":{"_jetpack_memberships_contains_paid_content":false,"footnotes":""},"categories":[30,1],"tags":[197,464,58,199,444,100],"class_list":{"0":"post-25453","1":"post","2":"type-post","3":"status-publish","4":"format-standard","5":"has-post-thumbnail","7":"category-1a-fase-oab","8":"category-carreira","9":"tag-1a-fase-oab","10":"tag-analise","11":"tag-exame-da-ordem","12":"tag-fgv","13":"tag-oab-44","14":"tag-prova-oab"},"acf":[],"yoast_head":"<!-- This site is optimized with the Yoast SEO Premium plugin v26.2 (Yoast SEO v27.4) - https:\/\/yoast.com\/product\/yoast-seo-premium-wordpress\/ -->\n<title>1\u00aa fase da OAB 44: o que o exame revelou sobre o padr\u00e3o da FGV<\/title>\n<meta name=\"description\" content=\"Descubra a an\u00e1lise completa da 1\u00aa fase da OAB 44 e o que o exame revelou sobre o padr\u00e3o de cobran\u00e7a da FGV. Entenda tend\u00eancias e prepare-se!\" \/>\n<meta name=\"robots\" content=\"index, follow, max-snippet:-1, max-image-preview:large, max-video-preview:-1\" \/>\n<link rel=\"canonical\" href=\"https:\/\/oab.estrategia.com\/portal\/analise-1a-fase-da-oab-44\/\" \/>\n<meta property=\"og:locale\" content=\"pt_BR\" \/>\n<meta property=\"og:type\" content=\"article\" \/>\n<meta property=\"og:title\" content=\"1\u00aa Fase da OAB 44: entenda o padr\u00e3o da FGV e como usar essa an\u00e1lise para passar na pr\u00f3xima prova\" \/>\n<meta property=\"og:description\" content=\"Descubra a an\u00e1lise completa da 1\u00aa fase da OAB 44 e o que o exame revelou sobre o padr\u00e3o de cobran\u00e7a da FGV. Entenda tend\u00eancias e prepare-se!\" \/>\n<meta property=\"og:url\" content=\"https:\/\/oab.estrategia.com\/portal\/analise-1a-fase-da-oab-44\/\" \/>\n<meta property=\"og:site_name\" content=\"Blog - OAB - Estrat\u00e9gia\" \/>\n<meta property=\"article:publisher\" content=\"https:\/\/www.facebook.com\/estrategiaoab\/\" \/>\n<meta property=\"article:published_time\" content=\"2025-10-27T19:41:03+00:00\" \/>\n<meta property=\"article:modified_time\" content=\"2025-10-27T19:41:06+00:00\" \/>\n<meta property=\"og:image\" content=\"https:\/\/oab.estrategia.com\/portal\/wp-content\/uploads\/2025\/10\/27160409\/EXAME-ORDEM-1-1024x683.png\" \/>\n\t<meta property=\"og:image:width\" content=\"1024\" \/>\n\t<meta property=\"og:image:height\" content=\"683\" \/>\n\t<meta property=\"og:image:type\" content=\"image\/png\" \/>\n<meta name=\"author\" content=\"Bruna Vieira\" \/>\n<meta name=\"twitter:card\" content=\"summary_large_image\" \/>\n<meta name=\"twitter:creator\" content=\"@estrategiaoab\" \/>\n<meta name=\"twitter:site\" content=\"@estrategiaoab\" \/>\n<meta name=\"twitter:label1\" content=\"Escrito por\" \/>\n\t<meta name=\"twitter:data1\" content=\"Bruna Vieira\" \/>\n\t<meta name=\"twitter:label2\" content=\"Est. tempo de leitura\" \/>\n\t<meta name=\"twitter:data2\" content=\"9 minutos\" \/>\n<script type=\"application\/ld+json\" class=\"yoast-schema-graph\">{\"@context\":\"https:\\\/\\\/schema.org\",\"@graph\":[{\"@type\":\"Article\",\"@id\":\"https:\\\/\\\/oab.estrategia.com\\\/portal\\\/analise-1a-fase-da-oab-44\\\/#article\",\"isPartOf\":{\"@id\":\"https:\\\/\\\/oab.estrategia.com\\\/portal\\\/analise-1a-fase-da-oab-44\\\/\"},\"author\":{\"name\":\"Bruna Vieira\",\"@id\":\"https:\\\/\\\/oab.estrategia.com\\\/portal\\\/#\\\/schema\\\/person\\\/2bdbffca747ee643d30528cf7f9425e4\"},\"headline\":\"1\u00aa Fase da OAB 44: entenda o padr\u00e3o da FGV e como usar essa an\u00e1lise para passar na pr\u00f3xima prova\",\"datePublished\":\"2025-10-27T19:41:03+00:00\",\"dateModified\":\"2025-10-27T19:41:06+00:00\",\"mainEntityOfPage\":{\"@id\":\"https:\\\/\\\/oab.estrategia.com\\\/portal\\\/analise-1a-fase-da-oab-44\\\/\"},\"wordCount\":1505,\"commentCount\":0,\"publisher\":{\"@id\":\"https:\\\/\\\/oab.estrategia.com\\\/portal\\\/#organization\"},\"image\":{\"@id\":\"https:\\\/\\\/oab.estrategia.com\\\/portal\\\/analise-1a-fase-da-oab-44\\\/#primaryimage\"},\"thumbnailUrl\":\"https:\\\/\\\/oab.estrategia.com\\\/portal\\\/wp-content\\\/uploads\\\/2025\\\/10\\\/27160409\\\/EXAME-ORDEM-1.png\",\"keywords\":[\"1\u00aa fase OAB\",\"an\u00e1lise\",\"Exame da Ordem\",\"FGV\",\"OAB 44\",\"prova OAB\"],\"articleSection\":[\"1\u00aa Fase OAB\",\"Carreira\"],\"inLanguage\":\"pt-BR\",\"potentialAction\":[{\"@type\":\"CommentAction\",\"name\":\"Comment\",\"target\":[\"https:\\\/\\\/oab.estrategia.com\\\/portal\\\/analise-1a-fase-da-oab-44\\\/#respond\"]}]},{\"@type\":\"WebPage\",\"@id\":\"https:\\\/\\\/oab.estrategia.com\\\/portal\\\/analise-1a-fase-da-oab-44\\\/\",\"url\":\"https:\\\/\\\/oab.estrategia.com\\\/portal\\\/analise-1a-fase-da-oab-44\\\/\",\"name\":\"1\u00aa fase da OAB 44: o que o exame revelou sobre o padr\u00e3o da FGV\",\"isPartOf\":{\"@id\":\"https:\\\/\\\/oab.estrategia.com\\\/portal\\\/#website\"},\"primaryImageOfPage\":{\"@id\":\"https:\\\/\\\/oab.estrategia.com\\\/portal\\\/analise-1a-fase-da-oab-44\\\/#primaryimage\"},\"image\":{\"@id\":\"https:\\\/\\\/oab.estrategia.com\\\/portal\\\/analise-1a-fase-da-oab-44\\\/#primaryimage\"},\"thumbnailUrl\":\"https:\\\/\\\/oab.estrategia.com\\\/portal\\\/wp-content\\\/uploads\\\/2025\\\/10\\\/27160409\\\/EXAME-ORDEM-1.png\",\"datePublished\":\"2025-10-27T19:41:03+00:00\",\"dateModified\":\"2025-10-27T19:41:06+00:00\",\"description\":\"Descubra a an\u00e1lise completa da 1\u00aa fase da OAB 44 e o que o exame revelou sobre o padr\u00e3o de cobran\u00e7a da FGV. Entenda tend\u00eancias e prepare-se!\",\"breadcrumb\":{\"@id\":\"https:\\\/\\\/oab.estrategia.com\\\/portal\\\/analise-1a-fase-da-oab-44\\\/#breadcrumb\"},\"inLanguage\":\"pt-BR\",\"potentialAction\":[{\"@type\":\"ReadAction\",\"target\":[\"https:\\\/\\\/oab.estrategia.com\\\/portal\\\/analise-1a-fase-da-oab-44\\\/\"]}]},{\"@type\":\"ImageObject\",\"inLanguage\":\"pt-BR\",\"@id\":\"https:\\\/\\\/oab.estrategia.com\\\/portal\\\/analise-1a-fase-da-oab-44\\\/#primaryimage\",\"url\":\"https:\\\/\\\/oab.estrategia.com\\\/portal\\\/wp-content\\\/uploads\\\/2025\\\/10\\\/27160409\\\/EXAME-ORDEM-1.png\",\"contentUrl\":\"https:\\\/\\\/oab.estrategia.com\\\/portal\\\/wp-content\\\/uploads\\\/2025\\\/10\\\/27160409\\\/EXAME-ORDEM-1.png\",\"width\":1536,\"height\":1024},{\"@type\":\"BreadcrumbList\",\"@id\":\"https:\\\/\\\/oab.estrategia.com\\\/portal\\\/analise-1a-fase-da-oab-44\\\/#breadcrumb\",\"itemListElement\":[{\"@type\":\"ListItem\",\"position\":1,\"name\":\"In\u00edcio\",\"item\":\"https:\\\/\\\/oab.estrategia.com\\\/portal\\\/\"},{\"@type\":\"ListItem\",\"position\":2,\"name\":\"1\u00aa Fase da OAB 44: entenda o padr\u00e3o da FGV e como usar essa an\u00e1lise para passar na pr\u00f3xima prova\"}]},{\"@type\":\"WebSite\",\"@id\":\"https:\\\/\\\/oab.estrategia.com\\\/portal\\\/#website\",\"url\":\"https:\\\/\\\/oab.estrategia.com\\\/portal\\\/\",\"name\":\"Blog - OAB - Estrat\u00e9gia\",\"description\":\"Blog OAB - Estrat\u00e9gia Concursos\",\"publisher\":{\"@id\":\"https:\\\/\\\/oab.estrategia.com\\\/portal\\\/#organization\"},\"potentialAction\":[{\"@type\":\"SearchAction\",\"target\":{\"@type\":\"EntryPoint\",\"urlTemplate\":\"https:\\\/\\\/oab.estrategia.com\\\/portal\\\/?s={search_term_string}\"},\"query-input\":{\"@type\":\"PropertyValueSpecification\",\"valueRequired\":true,\"valueName\":\"search_term_string\"}}],\"inLanguage\":\"pt-BR\"},{\"@type\":\"Organization\",\"@id\":\"https:\\\/\\\/oab.estrategia.com\\\/portal\\\/#organization\",\"name\":\"Estrat\u00e9gia Concursos\",\"url\":\"https:\\\/\\\/oab.estrategia.com\\\/portal\\\/\",\"logo\":{\"@type\":\"ImageObject\",\"inLanguage\":\"pt-BR\",\"@id\":\"https:\\\/\\\/oab.estrategia.com\\\/portal\\\/#\\\/schema\\\/logo\\\/image\\\/\",\"url\":\"https:\\\/\\\/oab.estrategia.com\\\/portal\\\/wp-content\\\/uploads\\\/2022\\\/04\\\/06103601\\\/oab-icone-2.png\",\"contentUrl\":\"https:\\\/\\\/oab.estrategia.com\\\/portal\\\/wp-content\\\/uploads\\\/2022\\\/04\\\/06103601\\\/oab-icone-2.png\",\"width\":900,\"height\":900,\"caption\":\"Estrat\u00e9gia Concursos\"},\"image\":{\"@id\":\"https:\\\/\\\/oab.estrategia.com\\\/portal\\\/#\\\/schema\\\/logo\\\/image\\\/\"},\"sameAs\":[\"https:\\\/\\\/www.facebook.com\\\/estrategiaoab\\\/\",\"https:\\\/\\\/x.com\\\/estrategiaoab\",\"https:\\\/\\\/www.instagram.com\\\/estrategiaoab\\\/\",\"https:\\\/\\\/www.youtube.com\\\/EstrategiaOAB\"]},{\"@type\":\"Person\",\"@id\":\"https:\\\/\\\/oab.estrategia.com\\\/portal\\\/#\\\/schema\\\/person\\\/2bdbffca747ee643d30528cf7f9425e4\",\"name\":\"Bruna Vieira\",\"image\":{\"@type\":\"ImageObject\",\"inLanguage\":\"pt-BR\",\"@id\":\"https:\\\/\\\/oab.estrategia.com\\\/portal\\\/wp-content\\\/uploads\\\/2025\\\/07\\\/28144415\\\/professora-bruna-vieira-estrategia-oab-96x96.png\",\"url\":\"https:\\\/\\\/oab.estrategia.com\\\/portal\\\/wp-content\\\/uploads\\\/2025\\\/07\\\/28144415\\\/professora-bruna-vieira-estrategia-oab-96x96.png\",\"contentUrl\":\"https:\\\/\\\/oab.estrategia.com\\\/portal\\\/wp-content\\\/uploads\\\/2025\\\/07\\\/28144415\\\/professora-bruna-vieira-estrategia-oab-96x96.png\",\"caption\":\"Bruna Vieira\"},\"description\":\"Advogada. Mestra em Direito. Professora do Estrat\u00e9gia OAB e ESAMC Santos. Coordenadora de P\u00f3s-gradua\u00e7\u00e3o. Autora de obras jur\u00eddicas pelas Editoras Foco e Saraiva.\",\"url\":\"https:\\\/\\\/oab.estrategia.com\\\/portal\\\/author\\\/bruna-vieira\\\/\"}]}<\/script>\n<!-- \/ Yoast SEO Premium plugin. -->","yoast_head_json":{"title":"1\u00aa fase da OAB 44: o que o exame revelou sobre o padr\u00e3o da FGV","description":"Descubra a an\u00e1lise completa da 1\u00aa fase da OAB 44 e o que o exame revelou sobre o padr\u00e3o de cobran\u00e7a da FGV. Entenda tend\u00eancias e prepare-se!","robots":{"index":"index","follow":"follow","max-snippet":"max-snippet:-1","max-image-preview":"max-image-preview:large","max-video-preview":"max-video-preview:-1"},"canonical":"https:\/\/oab.estrategia.com\/portal\/analise-1a-fase-da-oab-44\/","og_locale":"pt_BR","og_type":"article","og_title":"1\u00aa Fase da OAB 44: entenda o padr\u00e3o da FGV e como usar essa an\u00e1lise para passar na pr\u00f3xima prova","og_description":"Descubra a an\u00e1lise completa da 1\u00aa fase da OAB 44 e o que o exame revelou sobre o padr\u00e3o de cobran\u00e7a da FGV. Entenda tend\u00eancias e prepare-se!","og_url":"https:\/\/oab.estrategia.com\/portal\/analise-1a-fase-da-oab-44\/","og_site_name":"Blog - OAB - Estrat\u00e9gia","article_publisher":"https:\/\/www.facebook.com\/estrategiaoab\/","article_published_time":"2025-10-27T19:41:03+00:00","article_modified_time":"2025-10-27T19:41:06+00:00","og_image":[{"width":1024,"height":683,"url":"https:\/\/oab.estrategia.com\/portal\/wp-content\/uploads\/2025\/10\/27160409\/EXAME-ORDEM-1-1024x683.png","type":"image\/png"}],"author":"Bruna Vieira","twitter_card":"summary_large_image","twitter_creator":"@estrategiaoab","twitter_site":"@estrategiaoab","twitter_misc":{"Escrito por":"Bruna Vieira","Est. tempo de leitura":"9 minutos"},"schema":{"@context":"https:\/\/schema.org","@graph":[{"@type":"Article","@id":"https:\/\/oab.estrategia.com\/portal\/analise-1a-fase-da-oab-44\/#article","isPartOf":{"@id":"https:\/\/oab.estrategia.com\/portal\/analise-1a-fase-da-oab-44\/"},"author":{"name":"Bruna Vieira","@id":"https:\/\/oab.estrategia.com\/portal\/#\/schema\/person\/2bdbffca747ee643d30528cf7f9425e4"},"headline":"1\u00aa Fase da OAB 44: entenda o padr\u00e3o da FGV e como usar essa an\u00e1lise para passar na pr\u00f3xima prova","datePublished":"2025-10-27T19:41:03+00:00","dateModified":"2025-10-27T19:41:06+00:00","mainEntityOfPage":{"@id":"https:\/\/oab.estrategia.com\/portal\/analise-1a-fase-da-oab-44\/"},"wordCount":1505,"commentCount":0,"publisher":{"@id":"https:\/\/oab.estrategia.com\/portal\/#organization"},"image":{"@id":"https:\/\/oab.estrategia.com\/portal\/analise-1a-fase-da-oab-44\/#primaryimage"},"thumbnailUrl":"https:\/\/oab.estrategia.com\/portal\/wp-content\/uploads\/2025\/10\/27160409\/EXAME-ORDEM-1.png","keywords":["1\u00aa fase OAB","an\u00e1lise","Exame da Ordem","FGV","OAB 44","prova OAB"],"articleSection":["1\u00aa Fase OAB","Carreira"],"inLanguage":"pt-BR","potentialAction":[{"@type":"CommentAction","name":"Comment","target":["https:\/\/oab.estrategia.com\/portal\/analise-1a-fase-da-oab-44\/#respond"]}]},{"@type":"WebPage","@id":"https:\/\/oab.estrategia.com\/portal\/analise-1a-fase-da-oab-44\/","url":"https:\/\/oab.estrategia.com\/portal\/analise-1a-fase-da-oab-44\/","name":"1\u00aa fase da OAB 44: o que o exame revelou sobre o padr\u00e3o da FGV","isPartOf":{"@id":"https:\/\/oab.estrategia.com\/portal\/#website"},"primaryImageOfPage":{"@id":"https:\/\/oab.estrategia.com\/portal\/analise-1a-fase-da-oab-44\/#primaryimage"},"image":{"@id":"https:\/\/oab.estrategia.com\/portal\/analise-1a-fase-da-oab-44\/#primaryimage"},"thumbnailUrl":"https:\/\/oab.estrategia.com\/portal\/wp-content\/uploads\/2025\/10\/27160409\/EXAME-ORDEM-1.png","datePublished":"2025-10-27T19:41:03+00:00","dateModified":"2025-10-27T19:41:06+00:00","description":"Descubra a an\u00e1lise completa da 1\u00aa fase da OAB 44 e o que o exame revelou sobre o padr\u00e3o de cobran\u00e7a da FGV. Entenda tend\u00eancias e prepare-se!","breadcrumb":{"@id":"https:\/\/oab.estrategia.com\/portal\/analise-1a-fase-da-oab-44\/#breadcrumb"},"inLanguage":"pt-BR","potentialAction":[{"@type":"ReadAction","target":["https:\/\/oab.estrategia.com\/portal\/analise-1a-fase-da-oab-44\/"]}]},{"@type":"ImageObject","inLanguage":"pt-BR","@id":"https:\/\/oab.estrategia.com\/portal\/analise-1a-fase-da-oab-44\/#primaryimage","url":"https:\/\/oab.estrategia.com\/portal\/wp-content\/uploads\/2025\/10\/27160409\/EXAME-ORDEM-1.png","contentUrl":"https:\/\/oab.estrategia.com\/portal\/wp-content\/uploads\/2025\/10\/27160409\/EXAME-ORDEM-1.png","width":1536,"height":1024},{"@type":"BreadcrumbList","@id":"https:\/\/oab.estrategia.com\/portal\/analise-1a-fase-da-oab-44\/#breadcrumb","itemListElement":[{"@type":"ListItem","position":1,"name":"In\u00edcio","item":"https:\/\/oab.estrategia.com\/portal\/"},{"@type":"ListItem","position":2,"name":"1\u00aa Fase da OAB 44: entenda o padr\u00e3o da FGV e como usar essa an\u00e1lise para passar na pr\u00f3xima prova"}]},{"@type":"WebSite","@id":"https:\/\/oab.estrategia.com\/portal\/#website","url":"https:\/\/oab.estrategia.com\/portal\/","name":"Blog - OAB - Estrat\u00e9gia","description":"Blog OAB - Estrat\u00e9gia Concursos","publisher":{"@id":"https:\/\/oab.estrategia.com\/portal\/#organization"},"potentialAction":[{"@type":"SearchAction","target":{"@type":"EntryPoint","urlTemplate":"https:\/\/oab.estrategia.com\/portal\/?s={search_term_string}"},"query-input":{"@type":"PropertyValueSpecification","valueRequired":true,"valueName":"search_term_string"}}],"inLanguage":"pt-BR"},{"@type":"Organization","@id":"https:\/\/oab.estrategia.com\/portal\/#organization","name":"Estrat\u00e9gia Concursos","url":"https:\/\/oab.estrategia.com\/portal\/","logo":{"@type":"ImageObject","inLanguage":"pt-BR","@id":"https:\/\/oab.estrategia.com\/portal\/#\/schema\/logo\/image\/","url":"https:\/\/oab.estrategia.com\/portal\/wp-content\/uploads\/2022\/04\/06103601\/oab-icone-2.png","contentUrl":"https:\/\/oab.estrategia.com\/portal\/wp-content\/uploads\/2022\/04\/06103601\/oab-icone-2.png","width":900,"height":900,"caption":"Estrat\u00e9gia Concursos"},"image":{"@id":"https:\/\/oab.estrategia.com\/portal\/#\/schema\/logo\/image\/"},"sameAs":["https:\/\/www.facebook.com\/estrategiaoab\/","https:\/\/x.com\/estrategiaoab","https:\/\/www.instagram.com\/estrategiaoab\/","https:\/\/www.youtube.com\/EstrategiaOAB"]},{"@type":"Person","@id":"https:\/\/oab.estrategia.com\/portal\/#\/schema\/person\/2bdbffca747ee643d30528cf7f9425e4","name":"Bruna Vieira","image":{"@type":"ImageObject","inLanguage":"pt-BR","@id":"https:\/\/oab.estrategia.com\/portal\/wp-content\/uploads\/2025\/07\/28144415\/professora-bruna-vieira-estrategia-oab-96x96.png","url":"https:\/\/oab.estrategia.com\/portal\/wp-content\/uploads\/2025\/07\/28144415\/professora-bruna-vieira-estrategia-oab-96x96.png","contentUrl":"https:\/\/oab.estrategia.com\/portal\/wp-content\/uploads\/2025\/07\/28144415\/professora-bruna-vieira-estrategia-oab-96x96.png","caption":"Bruna Vieira"},"description":"Advogada. Mestra em Direito. Professora do Estrat\u00e9gia OAB e ESAMC Santos. Coordenadora de P\u00f3s-gradua\u00e7\u00e3o. Autora de obras jur\u00eddicas pelas Editoras Foco e Saraiva.","url":"https:\/\/oab.estrategia.com\/portal\/author\/bruna-vieira\/"}]}},"jetpack_featured_media_url":"https:\/\/oab.estrategia.com\/portal\/wp-content\/uploads\/2025\/10\/27160409\/EXAME-ORDEM-1.png","jetpack_sharing_enabled":true,"_links":{"self":[{"href":"https:\/\/oab.estrategia.com\/portal\/wp-json\/wp\/v2\/posts\/25453","targetHints":{"allow":["GET"]}}],"collection":[{"href":"https:\/\/oab.estrategia.com\/portal\/wp-json\/wp\/v2\/posts"}],"about":[{"href":"https:\/\/oab.estrategia.com\/portal\/wp-json\/wp\/v2\/types\/post"}],"author":[{"embeddable":true,"href":"https:\/\/oab.estrategia.com\/portal\/wp-json\/wp\/v2\/users\/128"}],"replies":[{"embeddable":true,"href":"https:\/\/oab.estrategia.com\/portal\/wp-json\/wp\/v2\/comments?post=25453"}],"version-history":[{"count":33,"href":"https:\/\/oab.estrategia.com\/portal\/wp-json\/wp\/v2\/posts\/25453\/revisions"}],"predecessor-version":[{"id":25500,"href":"https:\/\/oab.estrategia.com\/portal\/wp-json\/wp\/v2\/posts\/25453\/revisions\/25500"}],"wp:featuredmedia":[{"embeddable":true,"href":"https:\/\/oab.estrategia.com\/portal\/wp-json\/wp\/v2\/media\/25473"}],"wp:attachment":[{"href":"https:\/\/oab.estrategia.com\/portal\/wp-json\/wp\/v2\/media?parent=25453"}],"wp:term":[{"taxonomy":"category","embeddable":true,"href":"https:\/\/oab.estrategia.com\/portal\/wp-json\/wp\/v2\/categories?post=25453"},{"taxonomy":"post_tag","embeddable":true,"href":"https:\/\/oab.estrategia.com\/portal\/wp-json\/wp\/v2\/tags?post=25453"}],"curies":[{"name":"wp","href":"https:\/\/api.w.org\/{rel}","templated":true}]}}