{"id":27883,"date":"2025-12-08T07:00:00","date_gmt":"2025-12-08T10:00:00","guid":{"rendered":"https:\/\/oab.estrategia.com\/portal\/?p=27883"},"modified":"2025-12-03T20:28:32","modified_gmt":"2025-12-03T23:28:32","slug":"voce-acertaria-essas-4-questoes-na-prova-da-oab-45","status":"publish","type":"post","link":"https:\/\/oab.estrategia.com\/portal\/voce-acertaria-essas-4-questoes-na-prova-da-oab-45\/","title":{"rendered":"Voc\u00ea acertaria essas 4 quest\u00f5es na prova da OAB 45?"},"content":{"rendered":"\n<p class=\"has-medium-font-size\"><strong><em>A prepara\u00e7\u00e3o para o 45\u00ba Exame de Ordem est\u00e1 nos seus \u00faltimos dias e est\u00e1 iniciada a contagem regressiva para a primeira fase (prova objetiva).<\/em><\/strong><\/p>\n\n\n\n<p>Neste artigo, voc\u00ea ter\u00e1 a chance de revisitar quatro quest\u00f5es que j\u00e1 cairam em exames anteriores e descobrir se est\u00e1 preparado para enfrent\u00e1-las no<strong> domingo, 21 de dezembro.<\/strong><\/p>\n\n\n\n<p><strong>Vamos as dicas: analise o enunciado, pense como a banca e, claro, deixe para conferir o gabarito ao final do artigo. Preparado para testar seu conhecimento? Vamos come\u00e7ar! \ud83d\ude80\ud83d\udcda<\/strong><\/p>\n\n\n<a id=\"cta-icon\" href=\"https:\/\/sndflw.com\/i\/1-fase-da-oab-grupo\" target=\"blank\" style=\"background:rgb(174,10,11)\">\n            <img decoding=\"async\" src=\"https:\/\/oab.estrategia.com\/portal\/wp-content\/uploads\/2023\/12\/07160715\/whatsapp_1385.webp\" alt=\"\" alt=\"whatsapp_1385\"><span > Acesse agora o Grupo de Estudos para 1\u00aa fase da OAB<\/span><\/a>\n\n\n\n<h2 class=\"wp-block-heading\" id=\"h-primeira-questao\"><span id=\"primeira-questao\">Primeira quest\u00e3o<\/span><\/h2>\n\n\n\n<p><em>XXV EXAME DE ORDEM UNIFICADO<\/em><\/p>\n\n\n\n<pre class=\"wp-block-preformatted\">Lina, cidad\u00e3 que n\u00e3o exerce a advocacia, deseja endere\u00e7ar \u00e0 presid\u00eancia de certa Subse\u00e7\u00e3o da OAB representa\u00e7\u00e3o pela instaura\u00e7\u00e3o de processo disciplinar em face de determinado advogado, pelo cometimento de infra\u00e7\u00f5es \u00e9ticas. Assim, ela busca se informar sobre como pode oferecer tal representa\u00e7\u00e3o e qual a forma adequada para tanto.<br><br>De acordo com o disposto no C\u00f3digo de \u00c9tica e Disciplina da OAB, Lina poder\u00e1 oferecer representa\u00e7\u00e3o pela instaura\u00e7\u00e3o de processo disciplinar em face do advogado, mas:<br><br><strong>A) <\/strong>deve endere\u00e7\u00e1-la ao presidente do respectivo Conselho Seccional, uma vez que receber e processar representa\u00e7\u00f5es com tal conte\u00fado n\u00e3o se inclui entre as atribui\u00e7\u00f5es das Subse\u00e7\u00f5es. A representa\u00e7\u00e3o poder\u00e1 ser realizada por escrito ou verbalmente, com ou sem identifica\u00e7\u00e3o do representante.<br><strong>B) <\/strong>deve formul\u00e1-la ao presidente do Conselho Seccional ou ao presidente da Subse\u00e7\u00e3o. A representa\u00e7\u00e3o poder\u00e1 ser realizada por escrito ou verbalmente, mas \u00e9 necess\u00e1ria a identifica\u00e7\u00e3o do representante, sob pena de n\u00e3o ser considerada fonte id\u00f4nea.<br><strong>C) <\/strong>deve endere\u00e7\u00e1-la ao presidente do respectivo Conselho Seccional, uma vez que n\u00e3o se inclui entre as atribui\u00e7\u00f5es das Subse\u00e7\u00f5es receber e processar representa\u00e7\u00f5es com tal conte\u00fado. A representa\u00e7\u00e3o dever\u00e1 ser realizada por escrito, n\u00e3o sendo consideradas fontes id\u00f4neas as representa\u00e7\u00f5es verbais ou sem identifica\u00e7\u00e3o do representante.<br><strong>D) <\/strong>deve formul\u00e1-la ao presidente do Conselho Seccional ou ao presidente da Subse\u00e7\u00e3o. A representa\u00e7\u00e3o poder\u00e1 ser realizada por escrito ou verbalmente, com ou sem identifica\u00e7\u00e3o do representante. Ser\u00e1 considerada fonte id\u00f4nea ainda que oferecida sem a identifica\u00e7\u00e3o do representante.<\/pre>\n\n\n\n<h2 class=\"wp-block-heading\" id=\"h-segunda-questao\"><span id=\"segunda-questao\">Segunda quest\u00e3o<\/span><\/h2>\n\n\n\n<p><em>XXXII EXAME DE ORDEM UNIFICADO<\/em><\/p>\n\n\n\n<pre class=\"wp-block-preformatted\">Como advogada(o) atuante na \u00e1rea dos Direitos Humanos, voc\u00ea foi convidada(o) para participar de um evento na OAB sobre o Sistema Interamericano de Direitos Humanos. Em meio ao debate, foi alegado que a Conven\u00e7\u00e3o Americana dos Direitos Humanos n\u00e3o vincula juridicamente os Estados que a ratificaram, mas apenas cria um compromisso moral.<br><br>Em rela\u00e7\u00e3o a tal alega\u00e7\u00e3o, \u00e9 fundamental invocar o conhecido e importante Caso Vel\u00e1squez Rodriguez. Essa decis\u00e3o da Corte Interamericana dos Direitos Humanos \u00e9 especialmente relevante porque:<br><br><strong>A) <\/strong>foi a primeira condena\u00e7\u00e3o do Brasil pela Corte Interamericana de Direitos Humanos e obrigou o Estado brasileiro a reconhecer suas omiss\u00f5es, a indenizar os familiares da v\u00edtima e a promover ajustes no sistema de sa\u00fade p\u00fablica brasileiro.<br><strong>B) <\/strong>afirmou que os Estados partes devem prevenir, investigar e punir toda viola\u00e7\u00e3o dos direitos reconhecidos pela Conven\u00e7\u00e3o Americana, bem como procurar, ademais, o restabelecimento, se poss\u00edvel, do direito violado e, se for o caso, a repara\u00e7\u00e3o dos anos produzidos pela viola\u00e7\u00e3o dos Direitos Humanos.<br><strong>C) <\/strong>admitiu que o Sistema Interamericano dos Direitos Humanos \u00e9 formado por um conjunto de \u00f3rg\u00e3os que est\u00e3o vinculados \u00e0 Secretaria Geral da Organiza\u00e7\u00e3o dos Estados Americanos e subordinados \u00e0 Assembleia Geral dessa mesma Organiza\u00e7\u00e3o, de forma que suas decis\u00f5es apenas adquirem for\u00e7a vinculante quando confirmadas pela Assembleia Geral.<br><strong>D) <\/strong>estabeleceu o procedimento de efic\u00e1cia das pr\u00f3prias decis\u00f5es da Corte, que, ap\u00f3s serem prolatadas, dever\u00e3o ser encaminhadas para os tribunais superiores dos Estados partes da Conven\u00e7\u00e3o Americana dos Direitos Humanos, a fim de que sejam ratificadas por esses tribunais. Somente ap\u00f3s essa confirma\u00e7\u00e3o \u00e9 que as decis\u00f5es se tornar\u00e3o juridicamente vinculantes. <\/pre>\n\n\n\n<h2 class=\"wp-block-heading\" id=\"h-terceira-questao\"><span id=\"terceira-questao\">Terceira quest\u00e3o<\/span><\/h2>\n\n\n\n<p><em>XXXVII EXAME DE ORDEM UNIFICADO<\/em><\/p>\n\n\n\n<pre class=\"wp-block-preformatted\">Diante do crescimento desordenado de determinado bairro da zona sul da cidade Alfa, a associa\u00e7\u00e3o de moradores local vem realizando reuni\u00f5es peri\u00f3dicas para tra\u00e7ar o diagn\u00f3stico urban\u00edstico atual e verificar as medidas que podem ser adotadas.<br><br>Durante as reuni\u00f5es, a citada associa\u00e7\u00e3o verificou que tal expans\u00e3o urbana causou adensamento populacional, gera\u00e7\u00e3o de tr\u00e1fego e demanda por transporte p\u00fablico, desvaloriza\u00e7\u00e3o imobili\u00e1ria e insufici\u00eancia dos equipamentos urbanos e comunit\u00e1rios, sem qualquer planejamento do Munic\u00edpio, sobretudo em mat\u00e9ria de meio ambiente artificial.<br><br>Contratado como advogado(a) da associa\u00e7\u00e3o de moradores, voc\u00ea informou que, em tema de instrumentos da pol\u00edtica urbana, o Estatuto da Cidade (Lei n\u00ba 10.257\/2001) prev\u00ea que lei municipal definir\u00e1 os empreendimentos e atividades<br><br><strong>A) <\/strong>privados em \u00e1rea urbana, que depender\u00e3o de elabora\u00e7\u00e3o de estudo pr\u00e9vio de impacto ambiental (EIA) para obter quaisquer licen\u00e7as ou autoriza\u00e7\u00f5es de constru\u00e7\u00e3o, amplia\u00e7\u00e3o ou funcionamento, a cargo do Poder P\u00fablico municipal, exclu\u00edda a exig\u00eancia de EIA quando o empreendedor for ente p\u00fablico.<br><strong>B) <\/strong>licitamente instalados no \u00e2mbito municipal, desde que compat\u00edveis com o plano diretor, que \u00e9 parte integrante do processo de planejamento municipal, n\u00e3o podendo o plano plurianual, as diretrizes or\u00e7ament\u00e1rias e o or\u00e7amento anual incorporar as diretrizes e as prioridades nele contidas.<br><strong>C) <\/strong>legalmente licenciados no \u00e2mbito municipal, desde que compat\u00edveis com o plano diretor, cuja elabora\u00e7\u00e3o prescindir\u00e1 de promo\u00e7\u00e3o de audi\u00eancias p\u00fablicas e debates com a participa\u00e7\u00e3o da popula\u00e7\u00e3o e de associa\u00e7\u00f5es representativas dos v\u00e1rios segmentos da comunidade.<br><strong>D) <\/strong>privados ou p\u00fablicos em \u00e1rea urbana, que depender\u00e3o de elabora\u00e7\u00e3o de estudo pr\u00e9vio de impacto de vizinhan\u00e7a (EIV) para obter as licen\u00e7as ou autoriza\u00e7\u00f5es de constru\u00e7\u00e3o, amplia\u00e7\u00e3o ou funcionamento, a cargo do Poder P\u00fablico municipal. <\/pre>\n\n\n\n<h2 class=\"wp-block-heading\" id=\"h-quarta-questao\"><span id=\"quarta-questao\">Quarta quest\u00e3o<\/span><\/h2>\n\n\n\n<p><em>43o EXAME DE ORDEM UNIFICADO<\/em><\/p>\n\n\n\n<pre class=\"wp-block-preformatted\">Em execu\u00e7\u00e3o que tramita perante a 120\u00aa Vara do Trabalho de Salvador, o executado \u00e9 um ente p\u00fablico condenado de forma subsidi\u00e1ria em virtude de uma terceiriza\u00e7\u00e3o na qual foi comprovado que n\u00e3o houve fiscaliza\u00e7\u00e3o adequada. Contudo, o valor homologado pelo Ju\u00edzo n\u00e3o obteve a concord\u00e2ncia do executado, que entende estar majorado em rela\u00e7\u00e3o \u00e0 coisa julgada formada. <br><br>Considerando a din\u00e2mica da execu\u00e7\u00e3o prevista na norma de reg\u00eancia, assinale a afirmativa correta.<br><br><strong>A) <\/strong>\u00c9 desnecess\u00e1ria a garantia do Ju\u00edzo e o ente p\u00fablico ter\u00e1 30 (trinta) dias para embargar.<br><strong>B)<\/strong> Caber\u00e1 ao ente p\u00fablico garantir o Ju\u00edzo e ajuizar embargos \u00e0 execu\u00e7\u00e3o no prazo de oito dias.<br><strong>C) <\/strong>\u00c9 desnecess\u00e1ria a garantia do Ju\u00edzo e o ente p\u00fablico ter\u00e1 oito dias para embargar.<br><strong>D)<\/strong> Caber\u00e1 ao ente p\u00fablico garantir o Ju\u00edzo e ajuizar embargos \u00e0 execu\u00e7\u00e3o no prazo de 16 dias.<\/pre>\n\n\n\n<h2 class=\"wp-block-heading\" id=\"h-gabarito\"><span id=\"gabarito\">GABARITO<\/span><\/h2>\n\n\n\n<figure class=\"wp-block-table is-style-stripes\"><table class=\"has-very-light-gray-to-cyan-bluish-gray-gradient-background has-background\"><thead><tr><th class=\"has-text-align-center\" data-align=\"center\">QUEST\u00c3O<\/th><th class=\"has-text-align-center\" data-align=\"center\">RESPOSTA \/ ALTERNATIVA<\/th><\/tr><\/thead><tbody><tr><td class=\"has-text-align-center\" data-align=\"center\">01<\/td><td class=\"has-text-align-center\" data-align=\"center\">D<\/td><\/tr><tr><td class=\"has-text-align-center\" data-align=\"center\">02<\/td><td class=\"has-text-align-center\" data-align=\"center\">B<\/td><\/tr><tr><td class=\"has-text-align-center\" data-align=\"center\">03<\/td><td class=\"has-text-align-center\" data-align=\"center\">D<\/td><\/tr><tr><td class=\"has-text-align-center\" data-align=\"center\">04<\/td><td class=\"has-text-align-center\" data-align=\"center\">A<\/td><\/tr><\/tbody><\/table><\/figure>\n\n\n\n<p class=\"has-text-align-center\"><em>Quer ficar por dentro de todos os detalhes do edital do 45 Exame de Ordem, acesse:<\/em><\/p>\n\n\n\n<p class=\"has-text-align-center has-blush-bordeaux-gradient-background has-background\"><strong><a href=\"https:\/\/oab.estrategia.com\/portal\/edital-oab-45-exame-de-ordem\/\" target=\"_blank\" ><mark style=\"background-color:rgba(0, 0, 0, 0)\" class=\"has-inline-color has-white-color\">Edital 45\u00ba EOU<\/mark><\/a><\/strong><\/p>\n\n\n\n<h2 class=\"wp-block-heading has-text-align-center\" id=\"h-quer-ser-aprovado-no-exame-oab-temos-as-melhores-opcoes-aqui\"><span id=\"quer-ser-aprovado-no-exame-oab-temos-as-melhores-opcoes-aqui\">Quer ser aprovado no Exame OAB? <br><strong>Temos as melhores op\u00e7\u00f5es AQUI!<\/strong><\/span><\/h2>\n\n\n\n<div class=\"wp-block-group\"><div class=\"wp-block-group__inner-container is-layout-constrained wp-block-group-is-layout-constrained\">\n<div class=\"wp-block-cover\" style=\"min-height:84px;aspect-ratio:unset;\"><img decoding=\"async\" width=\"1160\" height=\"215\" class=\"wp-block-cover__image-background wp-image-15434\" alt=\"\" src=\"https:\/\/oab.estrategia.com\/portal\/wp-content\/uploads\/2025\/01\/31012626\/Banner-curso-de-ingles-no-seu-ritmo-vermelho-e-azul-moderno-1160-x-215-px.png\" style=\"object-position:100% 28%\" data-object-fit=\"cover\" data-object-position=\"100% 28%\" srcset=\"https:\/\/oab.estrategia.com\/portal\/wp-content\/uploads\/2025\/01\/31012626\/Banner-curso-de-ingles-no-seu-ritmo-vermelho-e-azul-moderno-1160-x-215-px.png 1160w, https:\/\/oab.estrategia.com\/portal\/wp-content\/uploads\/2025\/01\/31012626\/Banner-curso-de-ingles-no-seu-ritmo-vermelho-e-azul-moderno-1160-x-215-px-300x56.png 300w, https:\/\/oab.estrategia.com\/portal\/wp-content\/uploads\/2025\/01\/31012626\/Banner-curso-de-ingles-no-seu-ritmo-vermelho-e-azul-moderno-1160-x-215-px-1024x190.png 1024w, https:\/\/oab.estrategia.com\/portal\/wp-content\/uploads\/2025\/01\/31012626\/Banner-curso-de-ingles-no-seu-ritmo-vermelho-e-azul-moderno-1160-x-215-px-768x142.png 768w, https:\/\/oab.estrategia.com\/portal\/wp-content\/uploads\/2025\/01\/31012626\/Banner-curso-de-ingles-no-seu-ritmo-vermelho-e-azul-moderno-1160-x-215-px-380x70.png 380w, https:\/\/oab.estrategia.com\/portal\/wp-content\/uploads\/2025\/01\/31012626\/Banner-curso-de-ingles-no-seu-ritmo-vermelho-e-azul-moderno-1160-x-215-px-800x148.png 800w, https:\/\/oab.estrategia.com\/portal\/wp-content\/uploads\/2025\/01\/31012626\/Banner-curso-de-ingles-no-seu-ritmo-vermelho-e-azul-moderno-1160-x-215-px-150x28.png 150w\" sizes=\"(max-width: 1160px) 100vw, 1160px\" \/><span aria-hidden=\"true\" class=\"wp-block-cover__background has-background-dim\"><\/span><div class=\"wp-block-cover__inner-container is-layout-flow wp-block-cover-is-layout-flow\">\n<h3 id=\"cursos-para-a-2a-fase-da-oab\" class=\"titulo-assinatura\">Cursos para a 2\u00aa Fase da OAB<\/h3>\n<p class=\"subtitulo-assinatura\" style=\"display:block!important; line-height: 0;\">Conhe\u00e7a os cursos!<\/p>\n<a target=\"_blank\" href=\"https:\/\/oab.estrategia.com\/concursos\/cursos\/segunda-fase-oab\" rel=\"noopener\"><button style=\"border-radius: 10px; text-transform: capitalize;\">Acessar<\/button><\/a>\n<\/div><\/div>\n<\/div><\/div>\n\n\n\n<h4 class=\"wp-block-heading has-text-align-center\" id=\"h-conteudos-exclusivos-e-atualizacoes-em-tempo-real-siga-nossas-redes-e-esteja-sempre-um-passo-a-frente\"><span id=\"conteudos-exclusivos-e-atualizacoes-em-tempo-realsiga-nossas-redes-e-esteja-sempre-um-passo-a-frente\">Conte\u00fados exclusivos e atualiza\u00e7\u00f5es em tempo real?<br>Siga nossas redes e esteja sempre um passo \u00e0 frente!<\/span><\/h4>\n\n\n\n<ul class=\"wp-block-social-links has-normal-icon-size has-visible-labels is-horizontal is-content-justification-center is-layout-flex wp-container-core-social-links-is-layout-499968f5 wp-block-social-links-is-layout-flex\"><li class=\"wp-social-link wp-social-link-facebook  wp-block-social-link\"><a rel=\"noopener nofollow\" target=\"_blank\" href=\"https:\/\/www.facebook.com\/oabestrategia?locale=pt_BR\" class=\"wp-block-social-link-anchor\"><svg width=\"24\" height=\"24\" viewBox=\"0 0 24 24\" version=\"1.1\" xmlns=\"http:\/\/www.w3.org\/2000\/svg\" aria-hidden=\"true\" focusable=\"false\"><path d=\"M12 2C6.5 2 2 6.5 2 12c0 5 3.7 9.1 8.4 9.9v-7H7.9V12h2.5V9.8c0-2.5 1.5-3.9 3.8-3.9 1.1 0 2.2.2 2.2.2v2.5h-1.3c-1.2 0-1.6.8-1.6 1.6V12h2.8l-.4 2.9h-2.3v7C18.3 21.1 22 17 22 12c0-5.5-4.5-10-10-10z\"><\/path><\/svg><span class=\"wp-block-social-link-label\">Facebook<\/span><\/a><\/li>\n\n<li class=\"wp-social-link wp-social-link-instagram  wp-block-social-link\"><a rel=\"noopener nofollow\" target=\"_blank\" href=\"https:\/\/www.instagram.com\/estrategiaoab\/\" class=\"wp-block-social-link-anchor\"><svg width=\"24\" height=\"24\" viewBox=\"0 0 24 24\" version=\"1.1\" xmlns=\"http:\/\/www.w3.org\/2000\/svg\" aria-hidden=\"true\" focusable=\"false\"><path d=\"M12,4.622c2.403,0,2.688,0.009,3.637,0.052c0.877,0.04,1.354,0.187,1.671,0.31c0.42,0.163,0.72,0.358,1.035,0.673 c0.315,0.315,0.51,0.615,0.673,1.035c0.123,0.317,0.27,0.794,0.31,1.671c0.043,0.949,0.052,1.234,0.052,3.637 s-0.009,2.688-0.052,3.637c-0.04,0.877-0.187,1.354-0.31,1.671c-0.163,0.42-0.358,0.72-0.673,1.035 c-0.315,0.315-0.615,0.51-1.035,0.673c-0.317,0.123-0.794,0.27-1.671,0.31c-0.949,0.043-1.233,0.052-3.637,0.052 s-2.688-0.009-3.637-0.052c-0.877-0.04-1.354-0.187-1.671-0.31c-0.42-0.163-0.72-0.358-1.035-0.673 c-0.315-0.315-0.51-0.615-0.673-1.035c-0.123-0.317-0.27-0.794-0.31-1.671C4.631,14.688,4.622,14.403,4.622,12 s0.009-2.688,0.052-3.637c0.04-0.877,0.187-1.354,0.31-1.671c0.163-0.42,0.358-0.72,0.673-1.035 c0.315-0.315,0.615-0.51,1.035-0.673c0.317-0.123,0.794-0.27,1.671-0.31C9.312,4.631,9.597,4.622,12,4.622 M12,3 C9.556,3,9.249,3.01,8.289,3.054C7.331,3.098,6.677,3.25,6.105,3.472C5.513,3.702,5.011,4.01,4.511,4.511 c-0.5,0.5-0.808,1.002-1.038,1.594C3.25,6.677,3.098,7.331,3.054,8.289C3.01,9.249,3,9.556,3,12c0,2.444,0.01,2.751,0.054,3.711 c0.044,0.958,0.196,1.612,0.418,2.185c0.23,0.592,0.538,1.094,1.038,1.594c0.5,0.5,1.002,0.808,1.594,1.038 c0.572,0.222,1.227,0.375,2.185,0.418C9.249,20.99,9.556,21,12,21s2.751-0.01,3.711-0.054c0.958-0.044,1.612-0.196,2.185-0.418 c0.592-0.23,1.094-0.538,1.594-1.038c0.5-0.5,0.808-1.002,1.038-1.594c0.222-0.572,0.375-1.227,0.418-2.185 C20.99,14.751,21,14.444,21,12s-0.01-2.751-0.054-3.711c-0.044-0.958-0.196-1.612-0.418-2.185c-0.23-0.592-0.538-1.094-1.038-1.594 c-0.5-0.5-1.002-0.808-1.594-1.038c-0.572-0.222-1.227-0.375-2.185-0.418C14.751,3.01,14.444,3,12,3L12,3z M12,7.378 c-2.552,0-4.622,2.069-4.622,4.622S9.448,16.622,12,16.622s4.622-2.069,4.622-4.622S14.552,7.378,12,7.378z M12,15 c-1.657,0-3-1.343-3-3s1.343-3,3-3s3,1.343,3,3S13.657,15,12,15z M16.804,6.116c-0.596,0-1.08,0.484-1.08,1.08 s0.484,1.08,1.08,1.08c0.596,0,1.08-0.484,1.08-1.08S17.401,6.116,16.804,6.116z\"><\/path><\/svg><span class=\"wp-block-social-link-label\">Instagram<\/span><\/a><\/li>\n\n<li class=\"wp-social-link wp-social-link-youtube  wp-block-social-link\"><a rel=\"noopener nofollow\" target=\"_blank\" href=\"https:\/\/www.youtube.com\/channel\/UC7rgrKTSF5aOrBGWOw60ovw\" class=\"wp-block-social-link-anchor\"><svg width=\"24\" height=\"24\" viewBox=\"0 0 24 24\" version=\"1.1\" xmlns=\"http:\/\/www.w3.org\/2000\/svg\" aria-hidden=\"true\" focusable=\"false\"><path d=\"M21.8,8.001c0,0-0.195-1.378-0.795-1.985c-0.76-0.797-1.613-0.801-2.004-0.847c-2.799-0.202-6.997-0.202-6.997-0.202 h-0.009c0,0-4.198,0-6.997,0.202C4.608,5.216,3.756,5.22,2.995,6.016C2.395,6.623,2.2,8.001,2.2,8.001S2,9.62,2,11.238v1.517 c0,1.618,0.2,3.237,0.2,3.237s0.195,1.378,0.795,1.985c0.761,0.797,1.76,0.771,2.205,0.855c1.6,0.153,6.8,0.201,6.8,0.201 s4.203-0.006,7.001-0.209c0.391-0.047,1.243-0.051,2.004-0.847c0.6-0.607,0.795-1.985,0.795-1.985s0.2-1.618,0.2-3.237v-1.517 C22,9.62,21.8,8.001,21.8,8.001z M9.935,14.594l-0.001-5.62l5.404,2.82L9.935,14.594z\"><\/path><\/svg><span class=\"wp-block-social-link-label\">Youtube<\/span><\/a><\/li>\n\n<li class=\"wp-social-link wp-social-link-telegram  wp-block-social-link\"><a rel=\"noopener nofollow\" target=\"_blank\" href=\"https:\/\/t.me\/transmissaoEstrategiaOAB\" class=\"wp-block-social-link-anchor\"><svg width=\"24\" height=\"24\" viewBox=\"0 0 128 128\" version=\"1.1\" xmlns=\"http:\/\/www.w3.org\/2000\/svg\" aria-hidden=\"true\" focusable=\"false\"><path d=\"M28.9700376,63.3244248 C47.6273373,55.1957357 60.0684594,49.8368063 66.2934036,47.2476366 C84.0668845,39.855031 87.7600616,38.5708563 90.1672227,38.528 C90.6966555,38.5191258 91.8804274,38.6503351 92.6472251,39.2725385 C93.294694,39.7979149 93.4728387,40.5076237 93.5580865,41.0057381 C93.6433345,41.5038525 93.7494885,42.63857 93.6651041,43.5252052 C92.7019529,53.6451182 88.5344133,78.2034783 86.4142057,89.5379542 C85.5170662,94.3339958 83.750571,95.9420841 82.0403991,96.0994568 C78.3237996,96.4414641 75.5015827,93.6432685 71.9018743,91.2836143 C66.2690414,87.5912212 63.0868492,85.2926952 57.6192095,81.6896017 C51.3004058,77.5256038 55.3966232,75.2369981 58.9976911,71.4967761 C59.9401076,70.5179421 76.3155302,55.6232293 76.6324771,54.2720454 C76.6721165,54.1030573 76.7089039,53.4731496 76.3346867,53.1405352 C75.9604695,52.8079208 75.4081573,52.921662 75.0095933,53.0121213 C74.444641,53.1403447 65.4461175,59.0880351 48.0140228,70.8551922 C45.4598218,72.6091037 43.1463059,73.4636682 41.0734751,73.4188859 C38.7883453,73.3695169 34.3926725,72.1268388 31.1249416,71.0646282 C27.1169366,69.7617838 23.931454,69.0729605 24.208838,66.8603276 C24.3533167,65.7078514 25.9403832,64.5292172 28.9700376,63.3244248 Z\" \/><\/svg><span class=\"wp-block-social-link-label\">Telegram<\/span><\/a><\/li>\n\n<li class=\"wp-social-link wp-social-link-whatsapp  wp-block-social-link\"><a rel=\"noopener nofollow\" target=\"_blank\" href=\"https:\/\/chat.whatsapp.com\/GVIH7MrkoVAGyAxc6MuwWf\" class=\"wp-block-social-link-anchor\"><svg width=\"24\" height=\"24\" viewBox=\"0 0 24 24\" version=\"1.1\" xmlns=\"http:\/\/www.w3.org\/2000\/svg\" aria-hidden=\"true\" focusable=\"false\"><path d=\"M 12.011719 2 C 6.5057187 2 2.0234844 6.478375 2.0214844 11.984375 C 2.0204844 13.744375 2.4814687 15.462563 3.3554688 16.976562 L 2 22 L 7.2324219 20.763672 C 8.6914219 21.559672 10.333859 21.977516 12.005859 21.978516 L 12.009766 21.978516 C 17.514766 21.978516 21.995047 17.499141 21.998047 11.994141 C 22.000047 9.3251406 20.962172 6.8157344 19.076172 4.9277344 C 17.190172 3.0407344 14.683719 2.001 12.011719 2 z M 12.009766 4 C 14.145766 4.001 16.153109 4.8337969 17.662109 6.3417969 C 19.171109 7.8517969 20.000047 9.8581875 19.998047 11.992188 C 19.996047 16.396187 16.413812 19.978516 12.007812 19.978516 C 10.674812 19.977516 9.3544062 19.642812 8.1914062 19.007812 L 7.5175781 18.640625 L 6.7734375 18.816406 L 4.8046875 19.28125 L 5.2851562 17.496094 L 5.5019531 16.695312 L 5.0878906 15.976562 C 4.3898906 14.768562 4.0204844 13.387375 4.0214844 11.984375 C 4.0234844 7.582375 7.6067656 4 12.009766 4 z M 8.4765625 7.375 C 8.3095625 7.375 8.0395469 7.4375 7.8105469 7.6875 C 7.5815469 7.9365 6.9355469 8.5395781 6.9355469 9.7675781 C 6.9355469 10.995578 7.8300781 12.182609 7.9550781 12.349609 C 8.0790781 12.515609 9.68175 15.115234 12.21875 16.115234 C 14.32675 16.946234 14.754891 16.782234 15.212891 16.740234 C 15.670891 16.699234 16.690438 16.137687 16.898438 15.554688 C 17.106437 14.971687 17.106922 14.470187 17.044922 14.367188 C 16.982922 14.263188 16.816406 14.201172 16.566406 14.076172 C 16.317406 13.951172 15.090328 13.348625 14.861328 13.265625 C 14.632328 13.182625 14.464828 13.140625 14.298828 13.390625 C 14.132828 13.640625 13.655766 14.201187 13.509766 14.367188 C 13.363766 14.534188 13.21875 14.556641 12.96875 14.431641 C 12.71875 14.305641 11.914938 14.041406 10.960938 13.191406 C 10.218937 12.530406 9.7182656 11.714844 9.5722656 11.464844 C 9.4272656 11.215844 9.5585938 11.079078 9.6835938 10.955078 C 9.7955938 10.843078 9.9316406 10.663578 10.056641 10.517578 C 10.180641 10.371578 10.223641 10.267562 10.306641 10.101562 C 10.389641 9.9355625 10.347156 9.7890625 10.285156 9.6640625 C 10.223156 9.5390625 9.737625 8.3065 9.515625 7.8125 C 9.328625 7.3975 9.131125 7.3878594 8.953125 7.3808594 C 8.808125 7.3748594 8.6425625 7.375 8.4765625 7.375 z\"><\/path><\/svg><span class=\"wp-block-social-link-label\">WhatsApp<\/span><\/a><\/li><\/ul>\n\n\n\n<h2 class=\"wp-block-heading has-text-align-center\" id=\"h-quer-saber-tudo-sobre-o-exame-de-nbsp-ordem-confira-nossos-artigos\"><span id=\"quer-saber-tudo-sobre-o-exame-de-ordemconfira-nossos-artigos\">Quer saber tudo sobre o Exame de&nbsp;Ordem?<br>Confira nossos artigos!<\/span><\/h2>\n\n\n\n<ul class=\"wp-block-list\">\n<li><a href=\"https:\/\/oab.estrategia.com\/portal\/prova-oab\/\" target=\"_blank\" >Prova OAB<\/a><\/li>\n\n\n\n<li><a href=\"https:\/\/oab.estrategia.com\/portal\/prova-1-fase-oab\/\" target=\"_blank\" >Prova de 1\u00aa Fase da OAB<\/a><\/li>\n\n\n\n<li><a href=\"https:\/\/oab.estrategia.com\/portal\/prova-2-fase-oab\/\" target=\"_blank\" >Prova de 2\u00aa Fase da OAB<\/a><\/li>\n<\/ul>\n","protected":false},"excerpt":{"rendered":"A prepara\u00e7\u00e3o para o 45\u00ba Exame de Ordem est\u00e1 nos seus \u00faltimos dias e est\u00e1 iniciada a contagem&hellip;\n","protected":false},"author":117,"featured_media":23209,"comment_status":"open","ping_status":"open","sticky":false,"template":"","format":"standard","meta":{"_jetpack_memberships_contains_paid_content":false,"footnotes":""},"categories":[30],"tags":[],"class_list":{"0":"post-27883","1":"post","2":"type-post","3":"status-publish","4":"format-standard","5":"has-post-thumbnail","7":"category-1a-fase-oab"},"acf":[],"yoast_head":"<!-- This site is optimized with the Yoast SEO Premium plugin v26.2 (Yoast SEO v27.4) - https:\/\/yoast.com\/product\/yoast-seo-premium-wordpress\/ -->\n<title>Voc\u00ea acertaria essas 4 quest\u00f5es na prova da OAB 45?<\/title>\n<meta name=\"description\" content=\"Ei candidato, ser\u00e1 que voc\u00ea acertaria essas 4 quest\u00f5es na prova da OAB 45? Para termos a certeza voc\u00ea precisar\u00e1 responder com...\" \/>\n<meta name=\"robots\" content=\"index, follow, max-snippet:-1, max-image-preview:large, max-video-preview:-1\" \/>\n<link rel=\"canonical\" href=\"https:\/\/oab.estrategia.com\/portal\/voce-acertaria-essas-4-questoes-na-prova-da-oab-45\/\" \/>\n<meta property=\"og:locale\" content=\"pt_BR\" \/>\n<meta property=\"og:type\" content=\"article\" \/>\n<meta property=\"og:title\" content=\"Voc\u00ea acertaria essas 4 quest\u00f5es na prova da OAB 45?\" \/>\n<meta property=\"og:description\" content=\"Ei candidato, ser\u00e1 que voc\u00ea acertaria essas 4 quest\u00f5es na prova da OAB 45? Para termos a certeza voc\u00ea precisar\u00e1 responder com...\" \/>\n<meta property=\"og:url\" content=\"https:\/\/oab.estrategia.com\/portal\/voce-acertaria-essas-4-questoes-na-prova-da-oab-45\/\" \/>\n<meta property=\"og:site_name\" content=\"Blog - OAB - Estrat\u00e9gia\" \/>\n<meta property=\"article:publisher\" content=\"https:\/\/www.facebook.com\/estrategiaoab\/\" \/>\n<meta property=\"article:published_time\" content=\"2025-12-08T10:00:00+00:00\" \/>\n<meta property=\"og:image\" content=\"https:\/\/oab.estrategia.com\/portal\/wp-content\/uploads\/2025\/09\/24150336\/peca-processual.jpg\" \/>\n\t<meta property=\"og:image:width\" content=\"640\" \/>\n\t<meta property=\"og:image:height\" content=\"426\" \/>\n\t<meta property=\"og:image:type\" content=\"image\/jpeg\" \/>\n<meta name=\"author\" content=\"Priscila Bonomi\" \/>\n<meta name=\"twitter:card\" content=\"summary_large_image\" \/>\n<meta name=\"twitter:creator\" content=\"@estrategiaoab\" \/>\n<meta name=\"twitter:site\" content=\"@estrategiaoab\" \/>\n<meta name=\"twitter:label1\" content=\"Escrito por\" \/>\n\t<meta name=\"twitter:data1\" content=\"Priscila Bonomi\" \/>\n\t<meta name=\"twitter:label2\" content=\"Est. tempo de leitura\" \/>\n\t<meta name=\"twitter:data2\" content=\"2 minutos\" \/>\n<script type=\"application\/ld+json\" class=\"yoast-schema-graph\">{\"@context\":\"https:\\\/\\\/schema.org\",\"@graph\":[{\"@type\":\"Article\",\"@id\":\"https:\\\/\\\/oab.estrategia.com\\\/portal\\\/voce-acertaria-essas-4-questoes-na-prova-da-oab-45\\\/#article\",\"isPartOf\":{\"@id\":\"https:\\\/\\\/oab.estrategia.com\\\/portal\\\/voce-acertaria-essas-4-questoes-na-prova-da-oab-45\\\/\"},\"author\":{\"name\":\"Priscila Bonomi\",\"@id\":\"https:\\\/\\\/oab.estrategia.com\\\/portal\\\/#\\\/schema\\\/person\\\/74fa7e131ce7fd0199e3ef003d93dd2a\"},\"headline\":\"Voc\u00ea acertaria essas 4 quest\u00f5es na prova da OAB 45?\",\"datePublished\":\"2025-12-08T10:00:00+00:00\",\"mainEntityOfPage\":{\"@id\":\"https:\\\/\\\/oab.estrategia.com\\\/portal\\\/voce-acertaria-essas-4-questoes-na-prova-da-oab-45\\\/\"},\"wordCount\":207,\"commentCount\":0,\"publisher\":{\"@id\":\"https:\\\/\\\/oab.estrategia.com\\\/portal\\\/#organization\"},\"image\":{\"@id\":\"https:\\\/\\\/oab.estrategia.com\\\/portal\\\/voce-acertaria-essas-4-questoes-na-prova-da-oab-45\\\/#primaryimage\"},\"thumbnailUrl\":\"https:\\\/\\\/oab.estrategia.com\\\/portal\\\/wp-content\\\/uploads\\\/2025\\\/09\\\/24150336\\\/peca-processual.jpg\",\"articleSection\":[\"1\u00aa Fase OAB\"],\"inLanguage\":\"pt-BR\",\"potentialAction\":[{\"@type\":\"CommentAction\",\"name\":\"Comment\",\"target\":[\"https:\\\/\\\/oab.estrategia.com\\\/portal\\\/voce-acertaria-essas-4-questoes-na-prova-da-oab-45\\\/#respond\"]}]},{\"@type\":\"WebPage\",\"@id\":\"https:\\\/\\\/oab.estrategia.com\\\/portal\\\/voce-acertaria-essas-4-questoes-na-prova-da-oab-45\\\/\",\"url\":\"https:\\\/\\\/oab.estrategia.com\\\/portal\\\/voce-acertaria-essas-4-questoes-na-prova-da-oab-45\\\/\",\"name\":\"Voc\u00ea acertaria essas 4 quest\u00f5es na prova da OAB 45?\",\"isPartOf\":{\"@id\":\"https:\\\/\\\/oab.estrategia.com\\\/portal\\\/#website\"},\"primaryImageOfPage\":{\"@id\":\"https:\\\/\\\/oab.estrategia.com\\\/portal\\\/voce-acertaria-essas-4-questoes-na-prova-da-oab-45\\\/#primaryimage\"},\"image\":{\"@id\":\"https:\\\/\\\/oab.estrategia.com\\\/portal\\\/voce-acertaria-essas-4-questoes-na-prova-da-oab-45\\\/#primaryimage\"},\"thumbnailUrl\":\"https:\\\/\\\/oab.estrategia.com\\\/portal\\\/wp-content\\\/uploads\\\/2025\\\/09\\\/24150336\\\/peca-processual.jpg\",\"datePublished\":\"2025-12-08T10:00:00+00:00\",\"description\":\"Ei candidato, ser\u00e1 que voc\u00ea acertaria essas 4 quest\u00f5es na prova da OAB 45? Para termos a certeza voc\u00ea precisar\u00e1 responder com...\",\"breadcrumb\":{\"@id\":\"https:\\\/\\\/oab.estrategia.com\\\/portal\\\/voce-acertaria-essas-4-questoes-na-prova-da-oab-45\\\/#breadcrumb\"},\"inLanguage\":\"pt-BR\",\"potentialAction\":[{\"@type\":\"ReadAction\",\"target\":[\"https:\\\/\\\/oab.estrategia.com\\\/portal\\\/voce-acertaria-essas-4-questoes-na-prova-da-oab-45\\\/\"]}]},{\"@type\":\"ImageObject\",\"inLanguage\":\"pt-BR\",\"@id\":\"https:\\\/\\\/oab.estrategia.com\\\/portal\\\/voce-acertaria-essas-4-questoes-na-prova-da-oab-45\\\/#primaryimage\",\"url\":\"https:\\\/\\\/oab.estrategia.com\\\/portal\\\/wp-content\\\/uploads\\\/2025\\\/09\\\/24150336\\\/peca-processual.jpg\",\"contentUrl\":\"https:\\\/\\\/oab.estrategia.com\\\/portal\\\/wp-content\\\/uploads\\\/2025\\\/09\\\/24150336\\\/peca-processual.jpg\",\"width\":640,\"height\":426},{\"@type\":\"BreadcrumbList\",\"@id\":\"https:\\\/\\\/oab.estrategia.com\\\/portal\\\/voce-acertaria-essas-4-questoes-na-prova-da-oab-45\\\/#breadcrumb\",\"itemListElement\":[{\"@type\":\"ListItem\",\"position\":1,\"name\":\"In\u00edcio\",\"item\":\"https:\\\/\\\/oab.estrategia.com\\\/portal\\\/\"},{\"@type\":\"ListItem\",\"position\":2,\"name\":\"Voc\u00ea acertaria essas 4 quest\u00f5es na prova da OAB 45?\"}]},{\"@type\":\"WebSite\",\"@id\":\"https:\\\/\\\/oab.estrategia.com\\\/portal\\\/#website\",\"url\":\"https:\\\/\\\/oab.estrategia.com\\\/portal\\\/\",\"name\":\"Blog - OAB - Estrat\u00e9gia\",\"description\":\"Blog OAB - Estrat\u00e9gia Concursos\",\"publisher\":{\"@id\":\"https:\\\/\\\/oab.estrategia.com\\\/portal\\\/#organization\"},\"potentialAction\":[{\"@type\":\"SearchAction\",\"target\":{\"@type\":\"EntryPoint\",\"urlTemplate\":\"https:\\\/\\\/oab.estrategia.com\\\/portal\\\/?s={search_term_string}\"},\"query-input\":{\"@type\":\"PropertyValueSpecification\",\"valueRequired\":true,\"valueName\":\"search_term_string\"}}],\"inLanguage\":\"pt-BR\"},{\"@type\":\"Organization\",\"@id\":\"https:\\\/\\\/oab.estrategia.com\\\/portal\\\/#organization\",\"name\":\"Estrat\u00e9gia Concursos\",\"url\":\"https:\\\/\\\/oab.estrategia.com\\\/portal\\\/\",\"logo\":{\"@type\":\"ImageObject\",\"inLanguage\":\"pt-BR\",\"@id\":\"https:\\\/\\\/oab.estrategia.com\\\/portal\\\/#\\\/schema\\\/logo\\\/image\\\/\",\"url\":\"https:\\\/\\\/oab.estrategia.com\\\/portal\\\/wp-content\\\/uploads\\\/2022\\\/04\\\/06103601\\\/oab-icone-2.png\",\"contentUrl\":\"https:\\\/\\\/oab.estrategia.com\\\/portal\\\/wp-content\\\/uploads\\\/2022\\\/04\\\/06103601\\\/oab-icone-2.png\",\"width\":900,\"height\":900,\"caption\":\"Estrat\u00e9gia Concursos\"},\"image\":{\"@id\":\"https:\\\/\\\/oab.estrategia.com\\\/portal\\\/#\\\/schema\\\/logo\\\/image\\\/\"},\"sameAs\":[\"https:\\\/\\\/www.facebook.com\\\/estrategiaoab\\\/\",\"https:\\\/\\\/x.com\\\/estrategiaoab\",\"https:\\\/\\\/www.instagram.com\\\/estrategiaoab\\\/\",\"https:\\\/\\\/www.youtube.com\\\/EstrategiaOAB\"]},{\"@type\":\"Person\",\"@id\":\"https:\\\/\\\/oab.estrategia.com\\\/portal\\\/#\\\/schema\\\/person\\\/74fa7e131ce7fd0199e3ef003d93dd2a\",\"name\":\"Priscila Bonomi\",\"image\":{\"@type\":\"ImageObject\",\"inLanguage\":\"pt-BR\",\"@id\":\"https:\\\/\\\/oab.estrategia.com\\\/portal\\\/wp-content\\\/uploads\\\/2025\\\/05\\\/05144855\\\/Imagem-do-WhatsApp-de-2025-05-05-as-14.47.57_b98168e4-96x96.jpg\",\"url\":\"https:\\\/\\\/oab.estrategia.com\\\/portal\\\/wp-content\\\/uploads\\\/2025\\\/05\\\/05144855\\\/Imagem-do-WhatsApp-de-2025-05-05-as-14.47.57_b98168e4-96x96.jpg\",\"contentUrl\":\"https:\\\/\\\/oab.estrategia.com\\\/portal\\\/wp-content\\\/uploads\\\/2025\\\/05\\\/05144855\\\/Imagem-do-WhatsApp-de-2025-05-05-as-14.47.57_b98168e4-96x96.jpg\",\"caption\":\"Priscila Bonomi\"},\"url\":\"https:\\\/\\\/oab.estrategia.com\\\/portal\\\/author\\\/priscila-bonomi\\\/\"}]}<\/script>\n<!-- \/ Yoast SEO Premium plugin. -->","yoast_head_json":{"title":"Voc\u00ea acertaria essas 4 quest\u00f5es na prova da OAB 45?","description":"Ei candidato, ser\u00e1 que voc\u00ea acertaria essas 4 quest\u00f5es na prova da OAB 45? Para termos a certeza voc\u00ea precisar\u00e1 responder com...","robots":{"index":"index","follow":"follow","max-snippet":"max-snippet:-1","max-image-preview":"max-image-preview:large","max-video-preview":"max-video-preview:-1"},"canonical":"https:\/\/oab.estrategia.com\/portal\/voce-acertaria-essas-4-questoes-na-prova-da-oab-45\/","og_locale":"pt_BR","og_type":"article","og_title":"Voc\u00ea acertaria essas 4 quest\u00f5es na prova da OAB 45?","og_description":"Ei candidato, ser\u00e1 que voc\u00ea acertaria essas 4 quest\u00f5es na prova da OAB 45? Para termos a certeza voc\u00ea precisar\u00e1 responder com...","og_url":"https:\/\/oab.estrategia.com\/portal\/voce-acertaria-essas-4-questoes-na-prova-da-oab-45\/","og_site_name":"Blog - OAB - Estrat\u00e9gia","article_publisher":"https:\/\/www.facebook.com\/estrategiaoab\/","article_published_time":"2025-12-08T10:00:00+00:00","og_image":[{"width":640,"height":426,"url":"https:\/\/oab.estrategia.com\/portal\/wp-content\/uploads\/2025\/09\/24150336\/peca-processual.jpg","type":"image\/jpeg"}],"author":"Priscila Bonomi","twitter_card":"summary_large_image","twitter_creator":"@estrategiaoab","twitter_site":"@estrategiaoab","twitter_misc":{"Escrito por":"Priscila Bonomi","Est. tempo de leitura":"2 minutos"},"schema":{"@context":"https:\/\/schema.org","@graph":[{"@type":"Article","@id":"https:\/\/oab.estrategia.com\/portal\/voce-acertaria-essas-4-questoes-na-prova-da-oab-45\/#article","isPartOf":{"@id":"https:\/\/oab.estrategia.com\/portal\/voce-acertaria-essas-4-questoes-na-prova-da-oab-45\/"},"author":{"name":"Priscila Bonomi","@id":"https:\/\/oab.estrategia.com\/portal\/#\/schema\/person\/74fa7e131ce7fd0199e3ef003d93dd2a"},"headline":"Voc\u00ea acertaria essas 4 quest\u00f5es na prova da OAB 45?","datePublished":"2025-12-08T10:00:00+00:00","mainEntityOfPage":{"@id":"https:\/\/oab.estrategia.com\/portal\/voce-acertaria-essas-4-questoes-na-prova-da-oab-45\/"},"wordCount":207,"commentCount":0,"publisher":{"@id":"https:\/\/oab.estrategia.com\/portal\/#organization"},"image":{"@id":"https:\/\/oab.estrategia.com\/portal\/voce-acertaria-essas-4-questoes-na-prova-da-oab-45\/#primaryimage"},"thumbnailUrl":"https:\/\/oab.estrategia.com\/portal\/wp-content\/uploads\/2025\/09\/24150336\/peca-processual.jpg","articleSection":["1\u00aa Fase OAB"],"inLanguage":"pt-BR","potentialAction":[{"@type":"CommentAction","name":"Comment","target":["https:\/\/oab.estrategia.com\/portal\/voce-acertaria-essas-4-questoes-na-prova-da-oab-45\/#respond"]}]},{"@type":"WebPage","@id":"https:\/\/oab.estrategia.com\/portal\/voce-acertaria-essas-4-questoes-na-prova-da-oab-45\/","url":"https:\/\/oab.estrategia.com\/portal\/voce-acertaria-essas-4-questoes-na-prova-da-oab-45\/","name":"Voc\u00ea acertaria essas 4 quest\u00f5es na prova da OAB 45?","isPartOf":{"@id":"https:\/\/oab.estrategia.com\/portal\/#website"},"primaryImageOfPage":{"@id":"https:\/\/oab.estrategia.com\/portal\/voce-acertaria-essas-4-questoes-na-prova-da-oab-45\/#primaryimage"},"image":{"@id":"https:\/\/oab.estrategia.com\/portal\/voce-acertaria-essas-4-questoes-na-prova-da-oab-45\/#primaryimage"},"thumbnailUrl":"https:\/\/oab.estrategia.com\/portal\/wp-content\/uploads\/2025\/09\/24150336\/peca-processual.jpg","datePublished":"2025-12-08T10:00:00+00:00","description":"Ei candidato, ser\u00e1 que voc\u00ea acertaria essas 4 quest\u00f5es na prova da OAB 45? Para termos a certeza voc\u00ea precisar\u00e1 responder com...","breadcrumb":{"@id":"https:\/\/oab.estrategia.com\/portal\/voce-acertaria-essas-4-questoes-na-prova-da-oab-45\/#breadcrumb"},"inLanguage":"pt-BR","potentialAction":[{"@type":"ReadAction","target":["https:\/\/oab.estrategia.com\/portal\/voce-acertaria-essas-4-questoes-na-prova-da-oab-45\/"]}]},{"@type":"ImageObject","inLanguage":"pt-BR","@id":"https:\/\/oab.estrategia.com\/portal\/voce-acertaria-essas-4-questoes-na-prova-da-oab-45\/#primaryimage","url":"https:\/\/oab.estrategia.com\/portal\/wp-content\/uploads\/2025\/09\/24150336\/peca-processual.jpg","contentUrl":"https:\/\/oab.estrategia.com\/portal\/wp-content\/uploads\/2025\/09\/24150336\/peca-processual.jpg","width":640,"height":426},{"@type":"BreadcrumbList","@id":"https:\/\/oab.estrategia.com\/portal\/voce-acertaria-essas-4-questoes-na-prova-da-oab-45\/#breadcrumb","itemListElement":[{"@type":"ListItem","position":1,"name":"In\u00edcio","item":"https:\/\/oab.estrategia.com\/portal\/"},{"@type":"ListItem","position":2,"name":"Voc\u00ea acertaria essas 4 quest\u00f5es na prova da OAB 45?"}]},{"@type":"WebSite","@id":"https:\/\/oab.estrategia.com\/portal\/#website","url":"https:\/\/oab.estrategia.com\/portal\/","name":"Blog - OAB - Estrat\u00e9gia","description":"Blog OAB - Estrat\u00e9gia Concursos","publisher":{"@id":"https:\/\/oab.estrategia.com\/portal\/#organization"},"potentialAction":[{"@type":"SearchAction","target":{"@type":"EntryPoint","urlTemplate":"https:\/\/oab.estrategia.com\/portal\/?s={search_term_string}"},"query-input":{"@type":"PropertyValueSpecification","valueRequired":true,"valueName":"search_term_string"}}],"inLanguage":"pt-BR"},{"@type":"Organization","@id":"https:\/\/oab.estrategia.com\/portal\/#organization","name":"Estrat\u00e9gia Concursos","url":"https:\/\/oab.estrategia.com\/portal\/","logo":{"@type":"ImageObject","inLanguage":"pt-BR","@id":"https:\/\/oab.estrategia.com\/portal\/#\/schema\/logo\/image\/","url":"https:\/\/oab.estrategia.com\/portal\/wp-content\/uploads\/2022\/04\/06103601\/oab-icone-2.png","contentUrl":"https:\/\/oab.estrategia.com\/portal\/wp-content\/uploads\/2022\/04\/06103601\/oab-icone-2.png","width":900,"height":900,"caption":"Estrat\u00e9gia Concursos"},"image":{"@id":"https:\/\/oab.estrategia.com\/portal\/#\/schema\/logo\/image\/"},"sameAs":["https:\/\/www.facebook.com\/estrategiaoab\/","https:\/\/x.com\/estrategiaoab","https:\/\/www.instagram.com\/estrategiaoab\/","https:\/\/www.youtube.com\/EstrategiaOAB"]},{"@type":"Person","@id":"https:\/\/oab.estrategia.com\/portal\/#\/schema\/person\/74fa7e131ce7fd0199e3ef003d93dd2a","name":"Priscila Bonomi","image":{"@type":"ImageObject","inLanguage":"pt-BR","@id":"https:\/\/oab.estrategia.com\/portal\/wp-content\/uploads\/2025\/05\/05144855\/Imagem-do-WhatsApp-de-2025-05-05-as-14.47.57_b98168e4-96x96.jpg","url":"https:\/\/oab.estrategia.com\/portal\/wp-content\/uploads\/2025\/05\/05144855\/Imagem-do-WhatsApp-de-2025-05-05-as-14.47.57_b98168e4-96x96.jpg","contentUrl":"https:\/\/oab.estrategia.com\/portal\/wp-content\/uploads\/2025\/05\/05144855\/Imagem-do-WhatsApp-de-2025-05-05-as-14.47.57_b98168e4-96x96.jpg","caption":"Priscila Bonomi"},"url":"https:\/\/oab.estrategia.com\/portal\/author\/priscila-bonomi\/"}]}},"jetpack_featured_media_url":"https:\/\/oab.estrategia.com\/portal\/wp-content\/uploads\/2025\/09\/24150336\/peca-processual.jpg","jetpack_sharing_enabled":true,"_links":{"self":[{"href":"https:\/\/oab.estrategia.com\/portal\/wp-json\/wp\/v2\/posts\/27883","targetHints":{"allow":["GET"]}}],"collection":[{"href":"https:\/\/oab.estrategia.com\/portal\/wp-json\/wp\/v2\/posts"}],"about":[{"href":"https:\/\/oab.estrategia.com\/portal\/wp-json\/wp\/v2\/types\/post"}],"author":[{"embeddable":true,"href":"https:\/\/oab.estrategia.com\/portal\/wp-json\/wp\/v2\/users\/117"}],"replies":[{"embeddable":true,"href":"https:\/\/oab.estrategia.com\/portal\/wp-json\/wp\/v2\/comments?post=27883"}],"version-history":[{"count":10,"href":"https:\/\/oab.estrategia.com\/portal\/wp-json\/wp\/v2\/posts\/27883\/revisions"}],"predecessor-version":[{"id":27894,"href":"https:\/\/oab.estrategia.com\/portal\/wp-json\/wp\/v2\/posts\/27883\/revisions\/27894"}],"wp:featuredmedia":[{"embeddable":true,"href":"https:\/\/oab.estrategia.com\/portal\/wp-json\/wp\/v2\/media\/23209"}],"wp:attachment":[{"href":"https:\/\/oab.estrategia.com\/portal\/wp-json\/wp\/v2\/media?parent=27883"}],"wp:term":[{"taxonomy":"category","embeddable":true,"href":"https:\/\/oab.estrategia.com\/portal\/wp-json\/wp\/v2\/categories?post=27883"},{"taxonomy":"post_tag","embeddable":true,"href":"https:\/\/oab.estrategia.com\/portal\/wp-json\/wp\/v2\/tags?post=27883"}],"curies":[{"name":"wp","href":"https:\/\/api.w.org\/{rel}","templated":true}]}}