{"id":28109,"date":"2026-01-07T20:39:24","date_gmt":"2026-01-07T23:39:24","guid":{"rendered":"https:\/\/oab.estrategia.com\/portal\/?p=28109"},"modified":"2026-01-07T20:39:27","modified_gmt":"2026-01-07T23:39:27","slug":"calendario-oficial-dos-proximos-exames-de-ordem-da-oab","status":"publish","type":"post","link":"https:\/\/oab.estrategia.com\/portal\/calendario-oficial-dos-proximos-exames-de-ordem-da-oab\/","title":{"rendered":"Acabou de sair o calend\u00e1rio oficial dos Exames de Ordem da OAB de 2026"},"content":{"rendered":"\n<p class=\"has-medium-font-size\"><strong><em>A OAB acaba de divulgar as datas oficiais dos pr\u00f3ximos Exames de Ordem!<\/em><\/strong><\/p>\n\n\n\n<p>Neste artigo, voc\u00ea confere <strong>todas as datas do 46\u00ba, 47\u00ba e 48\u00ba <a href=\"https:\/\/oab.estrategia.com\/portal\/prova-oab\/\" target=\"_blank\" >Exame de Ordem Unificado<\/a><\/strong>, al\u00e9m dos per\u00edodos de reaproveitamento das 1\u00aa fases anteriores. <\/p>\n\n\n\n<p>Se voc\u00ea est\u00e1 estudando para o <a href=\"https:\/\/oab.estrategia.com\/portal\/prova-oab\/\" target=\"_blank\" >Exame de Ordem<\/a>, chegou a hora de <strong>organizar seu cronograma<\/strong> e ajustar a prepara\u00e7\u00e3o para cada etapa.<\/p>\n\n\n\n<p><em>Vamos \u00e0s informa\u00e7\u00f5es completas! \ud83d\udc47<\/em><\/p>\n\n\n<a id=\"cta-icon\" href=\"https:\/\/sndflw.com\/i\/1-fase-da-oab-grupo\" target=\"blank\" style=\"background:rgb(174,10,11)\">\n            <img decoding=\"async\" src=\"https:\/\/oab.estrategia.com\/portal\/wp-content\/uploads\/2023\/12\/07160715\/whatsapp_1385.webp\" alt=\"\" alt=\"whatsapp_1385\"><span > Acesse agora o Grupo de Estudos para 1\u00aa fase da OAB<\/span><\/a>\n\n\n<a id=\"cta-icon\" href=\"https:\/\/sndflw.com\/i\/2-fase-da-oab-grupo\" target=\"blank\" style=\"background:rgb(174,10,11)\">\n            <img decoding=\"async\" src=\"https:\/\/oab.estrategia.com\/portal\/wp-content\/uploads\/2023\/12\/07160715\/whatsapp_1385.webp\" alt=\"\" alt=\"whatsapp_1385\"><span > Acesse agora o grupo de estudos para a 2\u00aa fase da OAB! <\/span><\/a>\n\n\n\n<h4 class=\"wp-block-heading has-text-align-center\" id=\"h-conteudos-exclusivos-e-atualizacoes-em-tempo-real-siga-nossas-redes-e-esteja-sempre-um-passo-a-frente\"><span id=\"conteudos-exclusivos-e-atualizacoes-em-tempo-realsiga-nossas-redes-e-esteja-sempre-um-passo-a-frente\">Conte\u00fados exclusivos e atualiza\u00e7\u00f5es em tempo real?<br>Siga nossas redes e esteja sempre um passo \u00e0 frente!<\/span><\/h4>\n\n\n\n<ul class=\"wp-block-social-links has-normal-icon-size has-visible-labels is-horizontal is-content-justification-center is-layout-flex wp-container-core-social-links-is-layout-499968f5 wp-block-social-links-is-layout-flex\"><li class=\"wp-social-link wp-social-link-facebook  wp-block-social-link\"><a rel=\"noopener nofollow\" target=\"_blank\" href=\"https:\/\/www.facebook.com\/oabestrategia?locale=pt_BR\" class=\"wp-block-social-link-anchor\"><svg width=\"24\" height=\"24\" viewBox=\"0 0 24 24\" version=\"1.1\" xmlns=\"http:\/\/www.w3.org\/2000\/svg\" aria-hidden=\"true\" focusable=\"false\"><path d=\"M12 2C6.5 2 2 6.5 2 12c0 5 3.7 9.1 8.4 9.9v-7H7.9V12h2.5V9.8c0-2.5 1.5-3.9 3.8-3.9 1.1 0 2.2.2 2.2.2v2.5h-1.3c-1.2 0-1.6.8-1.6 1.6V12h2.8l-.4 2.9h-2.3v7C18.3 21.1 22 17 22 12c0-5.5-4.5-10-10-10z\"><\/path><\/svg><span class=\"wp-block-social-link-label\">Facebook<\/span><\/a><\/li>\n\n<li class=\"wp-social-link wp-social-link-instagram  wp-block-social-link\"><a rel=\"noopener nofollow\" target=\"_blank\" href=\"https:\/\/www.instagram.com\/estrategiaoab\/\" class=\"wp-block-social-link-anchor\"><svg width=\"24\" height=\"24\" viewBox=\"0 0 24 24\" version=\"1.1\" xmlns=\"http:\/\/www.w3.org\/2000\/svg\" aria-hidden=\"true\" focusable=\"false\"><path d=\"M12,4.622c2.403,0,2.688,0.009,3.637,0.052c0.877,0.04,1.354,0.187,1.671,0.31c0.42,0.163,0.72,0.358,1.035,0.673 c0.315,0.315,0.51,0.615,0.673,1.035c0.123,0.317,0.27,0.794,0.31,1.671c0.043,0.949,0.052,1.234,0.052,3.637 s-0.009,2.688-0.052,3.637c-0.04,0.877-0.187,1.354-0.31,1.671c-0.163,0.42-0.358,0.72-0.673,1.035 c-0.315,0.315-0.615,0.51-1.035,0.673c-0.317,0.123-0.794,0.27-1.671,0.31c-0.949,0.043-1.233,0.052-3.637,0.052 s-2.688-0.009-3.637-0.052c-0.877-0.04-1.354-0.187-1.671-0.31c-0.42-0.163-0.72-0.358-1.035-0.673 c-0.315-0.315-0.51-0.615-0.673-1.035c-0.123-0.317-0.27-0.794-0.31-1.671C4.631,14.688,4.622,14.403,4.622,12 s0.009-2.688,0.052-3.637c0.04-0.877,0.187-1.354,0.31-1.671c0.163-0.42,0.358-0.72,0.673-1.035 c0.315-0.315,0.615-0.51,1.035-0.673c0.317-0.123,0.794-0.27,1.671-0.31C9.312,4.631,9.597,4.622,12,4.622 M12,3 C9.556,3,9.249,3.01,8.289,3.054C7.331,3.098,6.677,3.25,6.105,3.472C5.513,3.702,5.011,4.01,4.511,4.511 c-0.5,0.5-0.808,1.002-1.038,1.594C3.25,6.677,3.098,7.331,3.054,8.289C3.01,9.249,3,9.556,3,12c0,2.444,0.01,2.751,0.054,3.711 c0.044,0.958,0.196,1.612,0.418,2.185c0.23,0.592,0.538,1.094,1.038,1.594c0.5,0.5,1.002,0.808,1.594,1.038 c0.572,0.222,1.227,0.375,2.185,0.418C9.249,20.99,9.556,21,12,21s2.751-0.01,3.711-0.054c0.958-0.044,1.612-0.196,2.185-0.418 c0.592-0.23,1.094-0.538,1.594-1.038c0.5-0.5,0.808-1.002,1.038-1.594c0.222-0.572,0.375-1.227,0.418-2.185 C20.99,14.751,21,14.444,21,12s-0.01-2.751-0.054-3.711c-0.044-0.958-0.196-1.612-0.418-2.185c-0.23-0.592-0.538-1.094-1.038-1.594 c-0.5-0.5-1.002-0.808-1.594-1.038c-0.572-0.222-1.227-0.375-2.185-0.418C14.751,3.01,14.444,3,12,3L12,3z M12,7.378 c-2.552,0-4.622,2.069-4.622,4.622S9.448,16.622,12,16.622s4.622-2.069,4.622-4.622S14.552,7.378,12,7.378z M12,15 c-1.657,0-3-1.343-3-3s1.343-3,3-3s3,1.343,3,3S13.657,15,12,15z M16.804,6.116c-0.596,0-1.08,0.484-1.08,1.08 s0.484,1.08,1.08,1.08c0.596,0,1.08-0.484,1.08-1.08S17.401,6.116,16.804,6.116z\"><\/path><\/svg><span class=\"wp-block-social-link-label\">Instagram<\/span><\/a><\/li>\n\n<li class=\"wp-social-link wp-social-link-youtube  wp-block-social-link\"><a rel=\"noopener nofollow\" target=\"_blank\" href=\"https:\/\/www.youtube.com\/channel\/UC7rgrKTSF5aOrBGWOw60ovw\" class=\"wp-block-social-link-anchor\"><svg width=\"24\" height=\"24\" viewBox=\"0 0 24 24\" version=\"1.1\" xmlns=\"http:\/\/www.w3.org\/2000\/svg\" aria-hidden=\"true\" focusable=\"false\"><path d=\"M21.8,8.001c0,0-0.195-1.378-0.795-1.985c-0.76-0.797-1.613-0.801-2.004-0.847c-2.799-0.202-6.997-0.202-6.997-0.202 h-0.009c0,0-4.198,0-6.997,0.202C4.608,5.216,3.756,5.22,2.995,6.016C2.395,6.623,2.2,8.001,2.2,8.001S2,9.62,2,11.238v1.517 c0,1.618,0.2,3.237,0.2,3.237s0.195,1.378,0.795,1.985c0.761,0.797,1.76,0.771,2.205,0.855c1.6,0.153,6.8,0.201,6.8,0.201 s4.203-0.006,7.001-0.209c0.391-0.047,1.243-0.051,2.004-0.847c0.6-0.607,0.795-1.985,0.795-1.985s0.2-1.618,0.2-3.237v-1.517 C22,9.62,21.8,8.001,21.8,8.001z M9.935,14.594l-0.001-5.62l5.404,2.82L9.935,14.594z\"><\/path><\/svg><span class=\"wp-block-social-link-label\">Youtube<\/span><\/a><\/li>\n\n<li class=\"wp-social-link wp-social-link-telegram  wp-block-social-link\"><a rel=\"noopener nofollow\" target=\"_blank\" href=\"https:\/\/t.me\/transmissaoEstrategiaOAB\" class=\"wp-block-social-link-anchor\"><svg width=\"24\" height=\"24\" viewBox=\"0 0 128 128\" version=\"1.1\" xmlns=\"http:\/\/www.w3.org\/2000\/svg\" aria-hidden=\"true\" focusable=\"false\"><path d=\"M28.9700376,63.3244248 C47.6273373,55.1957357 60.0684594,49.8368063 66.2934036,47.2476366 C84.0668845,39.855031 87.7600616,38.5708563 90.1672227,38.528 C90.6966555,38.5191258 91.8804274,38.6503351 92.6472251,39.2725385 C93.294694,39.7979149 93.4728387,40.5076237 93.5580865,41.0057381 C93.6433345,41.5038525 93.7494885,42.63857 93.6651041,43.5252052 C92.7019529,53.6451182 88.5344133,78.2034783 86.4142057,89.5379542 C85.5170662,94.3339958 83.750571,95.9420841 82.0403991,96.0994568 C78.3237996,96.4414641 75.5015827,93.6432685 71.9018743,91.2836143 C66.2690414,87.5912212 63.0868492,85.2926952 57.6192095,81.6896017 C51.3004058,77.5256038 55.3966232,75.2369981 58.9976911,71.4967761 C59.9401076,70.5179421 76.3155302,55.6232293 76.6324771,54.2720454 C76.6721165,54.1030573 76.7089039,53.4731496 76.3346867,53.1405352 C75.9604695,52.8079208 75.4081573,52.921662 75.0095933,53.0121213 C74.444641,53.1403447 65.4461175,59.0880351 48.0140228,70.8551922 C45.4598218,72.6091037 43.1463059,73.4636682 41.0734751,73.4188859 C38.7883453,73.3695169 34.3926725,72.1268388 31.1249416,71.0646282 C27.1169366,69.7617838 23.931454,69.0729605 24.208838,66.8603276 C24.3533167,65.7078514 25.9403832,64.5292172 28.9700376,63.3244248 Z\" \/><\/svg><span class=\"wp-block-social-link-label\">Telegram<\/span><\/a><\/li><\/ul>\n\n\n\n<h2 class=\"wp-block-heading\" id=\"h-46\u00ba-exame-de-ordem\"><span id=\"%f0%9f%93%85-46o-exame-de-ordem\">\ud83d\udcc5 46\u00ba Exame de Ordem <\/span><\/h2>\n\n\n\n<h3 class=\"wp-block-heading\" id=\"h-principais-datas\"><span id=\"principais-datas\">Principais datas:<\/span><\/h3>\n\n\n\n<ul class=\"wp-block-list is-style-cnvs-list-styled has-very-light-gray-to-cyan-bluish-gray-gradient-background has-background\">\n<li><strong>Edital de Abertura:<\/strong> 26\/01\/2026<\/li>\n\n\n\n<li><strong>Inscri\u00e7\u00f5es:<\/strong> 02\/02 a 09\/02\/2026<\/li>\n\n\n\n<li><strong><a href=\"https:\/\/oab.estrategia.com\/portal\/prova-1-fase-oab\/\" target=\"_blank\" >1\u00aa fase (Objetiva)<\/a>:<\/strong> 03\/05\/2026<\/li>\n\n\n\n<li><strong><a href=\"https:\/\/oab.estrategia.com\/portal\/prova-2-fase-oab\/\" target=\"_blank\" >2\u00aa fase (Pr\u00e1tico-Profissional)<\/a>:<\/strong> 21\/06\/2026<\/li>\n\n\n\n<li><strong>Edital Complementar do <a href=\"https:\/\/oab.estrategia.com\/portal\/repescagem-oab\/\" target=\"_blank\" >Reaproveitamento<\/a><\/strong> <strong>(45\u00ba):<\/strong> 26\/03\/2026<\/li>\n\n\n\n<li><strong>Inscri\u00e7\u00e3o para Reaproveitamento:<\/strong> 02\/04 a 09\/04\/2026<\/li>\n<\/ul>\n\n\n\n<p><a href=\"https:\/\/examedeordem.oab.org.br\/Calendario\" target=\"_blank\" >* <em>Datas sujeitas a altera\u00e7\u00f5es pela banca.<\/em><\/a><\/p>\n\n\n\n<hr class=\"wp-block-separator has-alpha-channel-opacity\"\/>\n\n\n\n<h2 class=\"wp-block-heading\" id=\"h-47\u00ba-exame-de-ordem\"><span id=\"%f0%9f%93%85-47o-exame-de-ordem\">\ud83d\udcc5 47\u00ba Exame de Ordem<\/span><\/h2>\n\n\n\n<h3 class=\"wp-block-heading\" id=\"h-principais-datas-0\"><span id=\"principais-datas-2\">Principais datas:<\/span><\/h3>\n\n\n\n<ul class=\"wp-block-list is-style-cnvs-list-styled has-very-light-gray-to-cyan-bluish-gray-gradient-background has-background\">\n<li><strong>Edital de Abertura:<\/strong> 25\/05\/2026<\/li>\n\n\n\n<li><strong>Inscri\u00e7\u00f5es:<\/strong> 01\/06 a 08\/06\/2026<\/li>\n\n\n\n<li><strong><a href=\"https:\/\/oab.estrategia.com\/portal\/prova-1-fase-oab\/\" target=\"_blank\" >1\u00aa fase (Objetiva)<\/a>:<\/strong> 30\/08\/2026<\/li>\n\n\n\n<li><strong><a href=\"https:\/\/oab.estrategia.com\/portal\/prova-2-fase-oab\/\" target=\"_blank\" >2\u00aa fase (Pr\u00e1tico-Profissional)<\/a>:<\/strong> 18\/10\/2026<\/li>\n\n\n\n<li><strong>Edital Complementar do <a href=\"https:\/\/oab.estrategia.com\/portal\/repescagem-oab\/\" target=\"_blank\" >Reaproveitamento<\/a><\/strong> <strong>(46\u00ba):<\/strong> 24\/07\/2026<\/li>\n\n\n\n<li><strong>Inscri\u00e7\u00e3o para Reaproveitamento:<\/strong> 31\/07 a 07\/08\/2026<\/li>\n<\/ul>\n\n\n\n<p><a href=\"https:\/\/examedeordem.oab.org.br\/Calendario\" target=\"_blank\" >* <em>Datas sujeitas a altera\u00e7\u00f5es pela banca.<\/em><\/a><\/p>\n\n\n\n<hr class=\"wp-block-separator has-alpha-channel-opacity\"\/>\n\n\n\n<h2 class=\"wp-block-heading\" id=\"h-48\u00ba-exame-de-ordem\"><span id=\"%f0%9f%93%85-48o-exame-de-ordem\">\ud83d\udcc5 48\u00ba Exame de Ordem<\/span><\/h2>\n\n\n\n<h3 class=\"wp-block-heading\" id=\"h-principais-datas-1\"><span id=\"principais-datas-3\">Principais datas:<\/span><\/h3>\n\n\n\n<ul class=\"wp-block-list has-very-light-gray-to-cyan-bluish-gray-gradient-background has-background\">\n<li><strong>Edital de Abertura:<\/strong> 14\/09\/2026<\/li>\n\n\n\n<li><strong>Inscri\u00e7\u00f5es:<\/strong> 21\/09 a 28\/09\/2026<\/li>\n\n\n\n<li><strong><a href=\"https:\/\/oab.estrategia.com\/portal\/prova-1-fase-oab\/\" target=\"_blank\" >1\u00aa fase (Objetiva)<\/a>:<\/strong> 20\/12\/2026<\/li>\n\n\n\n<li><strong><a href=\"https:\/\/oab.estrategia.com\/portal\/prova-2-fase-oab\/\" target=\"_blank\" >2\u00aa fase (Pr\u00e1tico-Profissional)<\/a>:<\/strong> 21\/02\/2027<\/li>\n\n\n\n<li><strong>Edital Complementar do <a href=\"https:\/\/oab.estrategia.com\/portal\/repescagem-oab\/\" target=\"_blank\" >Reaproveitamento<\/a><\/strong> <strong>(47\u00ba):<\/strong> 19\/11\/2026<\/li>\n\n\n\n<li><strong>Inscri\u00e7\u00e3o para Reaproveitamento:<\/strong> 27\/11 a 04\/12\/2026<\/li>\n<\/ul>\n\n\n\n<p><a href=\"https:\/\/examedeordem.oab.org.br\/Calendario\" target=\"_blank\" >* <em>Datas sujeitas a altera\u00e7\u00f5es pela banca.<\/em><\/a><\/p>\n\n\n\n<hr class=\"wp-block-separator has-alpha-channel-opacity\"\/>\n\n\n\n<h2 class=\"wp-block-heading\" id=\"h-por-que-esse-calendario-e-tao-importante\"><span id=\"por-que-esse-calendario-e-tao-importante\">Por que esse calend\u00e1rio \u00e9 t\u00e3o importante?<\/span><\/h2>\n\n\n\n<p>A publica\u00e7\u00e3o antecipada das datas permite que os candidatos:<\/p>\n\n\n\n<ul class=\"wp-block-list\">\n<li><a href=\"https:\/\/oab.estrategia.com\/\" target=\"_blank\" >Planejem o estudo com mais estrat\u00e9gia<\/a>;<\/li>\n\n\n\n<li>Ajustem o ritmo de prepara\u00e7\u00e3o;<\/li>\n\n\n\n<li>Visualizem o melhor momento para tentar o exame;<\/li>\n\n\n\n<li>Programem <a href=\"https:\/\/www.youtube.com\/c\/Estrat%C3%A9giaOAB\" target=\"_blank\" >revis\u00e3o, simulados e resolu\u00e7\u00e3o de quest\u00f5es<\/a>;<\/li>\n\n\n\n<li>Definam se v\u00e3o aproveitar o reaproveitamento da 1\u00aa fase.<\/li>\n<\/ul>\n\n\n\n<p>Ter previsibilidade \u00e9 essencial para quem estuda para um exame de alta concorr\u00eancia e exig\u00eancia como o da OAB.<\/p>\n\n\n\n<h2 class=\"wp-block-heading\" id=\"h-dica-final-organize-seu-cronograma-e-siga-firme\"><span id=\"%f0%9f%92%a1-dica-final-organize-seu-cronograma-e-siga-firme\">\ud83d\udca1 Dica final: organize seu cronograma e siga firme!<\/span><\/h2>\n\n\n\n<p>Com as datas em m\u00e3os, \u00e9 hora de <a href=\"https:\/\/oab.estrategia.com\/\" target=\"_blank\" >estruturar sua rotina de estudos<\/a>, revisar os pontos fracos e manter a const\u00e2ncia.<\/p>\n\n\n\n<p>Se voc\u00ea quer acompanhar todos os detalhes, an\u00e1lises, dicas de estudo e atualiza\u00e7\u00f5es sobre a OAB, fique de olho nos conte\u00fados do <strong><a href=\"https:\/\/oab.estrategia.com\/\" target=\"_blank\" >Estrat\u00e9gia OAB<\/a><\/strong>.<\/p>\n\n\n\n<p class=\"has-text-align-center\"><em><em>Quer ficar por dentro de todas as atualiza\u00e7\u00f5es dos exames de ordem? Acesse:<\/em><\/em><\/p>\n\n\n\n<h3 class=\"wp-block-heading has-text-align-center has-white-color has-text-color has-background has-link-color wp-elements-c25ecd04daee58144f7f8d7ae1fee7b6\" id=\"h-ultimas-noticias-oab-editais-prazos-e-muito-mais\" style=\"background:linear-gradient(135deg,rgb(254,205,165) 0%,rgb(254,45,45) 31%,rgb(107,0,62) 88%)\"><span id=\"ultimas-noticias-oab-editais-prazos-e-muito-mais\"><a href=\"https:\/\/oab.estrategia.com\/portal\/oab-ultimas-noticias\/\" target=\"_blank\" ><em><mark style=\"background-color:rgba(0, 0, 0, 0)\" class=\"has-inline-color has-white-color\">\u00daltimas not\u00edcias OAB: editais, prazos e muito mais<\/mark><\/em><\/a><\/span><\/h3>\n\n\n\n<p><strong><em>Fique por dentro de outras atualiza\u00e7\u00f5es:<\/em><\/strong><\/p>\n\n\n<ul class=\"wp-block-latest-posts__list wp-block-latest-posts\"><li><a class=\"wp-block-latest-posts__post-title\" href=\"https:\/\/oab.estrategia.com\/portal\/qual-e-o-salario-de-um-advogado-do-estado\/\">Qual \u00e9 o sal\u00e1rio de um advogado do Estado?<\/a><\/li>\n<li><a class=\"wp-block-latest-posts__post-title\" href=\"https:\/\/oab.estrategia.com\/portal\/prova-oab\/\">Prova OAB: entenda como funciona o Exame dos Advogados<\/a><\/li>\n<li><a class=\"wp-block-latest-posts__post-title\" href=\"https:\/\/oab.estrategia.com\/portal\/inscricao-suplementar-na-oab\/\">Inscri\u00e7\u00e3o Suplementar na OAB: entenda o que \u00e9 e como funciona<\/a><\/li>\n<li><a class=\"wp-block-latest-posts__post-title\" href=\"https:\/\/oab.estrategia.com\/portal\/codigo-etica-oab-resumo\/\">C\u00f3digo de \u00c9tica da OAB: explicado de forma simples<\/a><\/li>\n<li><a class=\"wp-block-latest-posts__post-title\" href=\"https:\/\/oab.estrategia.com\/portal\/ansiedade-na-prova-da-oab-como-controlar-o-emocional\/\">Ansiedade na prova da OAB: como controlar o emocional<\/a><\/li>\n<\/ul>\n\n\n<h2 class=\"wp-block-heading has-text-align-center\" id=\"h-prepare-se-com-estrategia-oab\"><span id=\"prepare-se-com-estrategia-oab\"><em>Prepare-se com Estrat\u00e9gia OAB:<\/em><\/span><\/h2>\n\n\n\n<div class=\"wp-block-group\"><div class=\"wp-block-group__inner-container is-layout-constrained wp-block-group-is-layout-constrained\">\n<div class=\"wp-block-cover\" style=\"min-height:84px;aspect-ratio:unset;\"><img decoding=\"async\" width=\"1160\" height=\"215\" class=\"wp-block-cover__image-background wp-image-15434\" alt=\"\" src=\"https:\/\/oab.estrategia.com\/portal\/wp-content\/uploads\/2025\/01\/31012626\/Banner-curso-de-ingles-no-seu-ritmo-vermelho-e-azul-moderno-1160-x-215-px.png\" style=\"object-position:100% 28%\" data-object-fit=\"cover\" data-object-position=\"100% 28%\" srcset=\"https:\/\/oab.estrategia.com\/portal\/wp-content\/uploads\/2025\/01\/31012626\/Banner-curso-de-ingles-no-seu-ritmo-vermelho-e-azul-moderno-1160-x-215-px.png 1160w, https:\/\/oab.estrategia.com\/portal\/wp-content\/uploads\/2025\/01\/31012626\/Banner-curso-de-ingles-no-seu-ritmo-vermelho-e-azul-moderno-1160-x-215-px-300x56.png 300w, https:\/\/oab.estrategia.com\/portal\/wp-content\/uploads\/2025\/01\/31012626\/Banner-curso-de-ingles-no-seu-ritmo-vermelho-e-azul-moderno-1160-x-215-px-1024x190.png 1024w, https:\/\/oab.estrategia.com\/portal\/wp-content\/uploads\/2025\/01\/31012626\/Banner-curso-de-ingles-no-seu-ritmo-vermelho-e-azul-moderno-1160-x-215-px-768x142.png 768w, https:\/\/oab.estrategia.com\/portal\/wp-content\/uploads\/2025\/01\/31012626\/Banner-curso-de-ingles-no-seu-ritmo-vermelho-e-azul-moderno-1160-x-215-px-380x70.png 380w, https:\/\/oab.estrategia.com\/portal\/wp-content\/uploads\/2025\/01\/31012626\/Banner-curso-de-ingles-no-seu-ritmo-vermelho-e-azul-moderno-1160-x-215-px-800x148.png 800w, https:\/\/oab.estrategia.com\/portal\/wp-content\/uploads\/2025\/01\/31012626\/Banner-curso-de-ingles-no-seu-ritmo-vermelho-e-azul-moderno-1160-x-215-px-150x28.png 150w\" sizes=\"(max-width: 1160px) 100vw, 1160px\" \/><span aria-hidden=\"true\" class=\"wp-block-cover__background has-background-dim\"><\/span><div class=\"wp-block-cover__inner-container is-layout-flow wp-block-cover-is-layout-flow\">\n<h3 id=\"cursos-para-a-2a-fase-da-oab\" class=\"titulo-assinatura\">Cursos para a 2\u00aa Fase da OAB<\/h3>\n<p class=\"subtitulo-assinatura\" style=\"display:block!important; line-height: 0;\">Conhe\u00e7a os cursos!<\/p>\n<a target=\"_blank\" href=\"https:\/\/oab.estrategia.com\/concursos\/cursos\/segunda-fase-oab\" rel=\"noopener\"><button style=\"border-radius: 10px; text-transform: capitalize;\">Acessar<\/button><\/a>\n<\/div><\/div>\n<\/div><\/div>\n\n\n\n<h2 class=\"wp-block-heading has-text-align-center\" id=\"h-quer-saber-tudo-sobre-o-exame-de-ordem-confira-nossos-artigos\"><span id=\"quer-saber-tudo-sobre-o-exame-de-ordemconfira-nossos-artigos\">Quer saber tudo sobre o Exame de\u00a0Ordem?<br>Confira nossos artigos!<\/span><\/h2>\n\n\n\n<ul class=\"wp-block-list\">\n<li><a href=\"https:\/\/oab.estrategia.com\/portal\/prova-oab\/\" target=\"_blank\" >Prova OAB<\/a><\/li>\n\n\n\n<li><a href=\"https:\/\/oab.estrategia.com\/portal\/prova-1-fase-oab\/\" target=\"_blank\" >Prova de 1\u00aa Fase da OAB<\/a><\/li>\n\n\n\n<li><a href=\"https:\/\/oab.estrategia.com\/portal\/prova-2-fase-oab\/\" target=\"_blank\" >Prova de 2\u00aa Fase da OAB<\/a><\/li>\n<\/ul>\n\n\n\n<p><\/p>\n","protected":false},"excerpt":{"rendered":"A OAB acaba de divulgar as datas oficiais dos pr\u00f3ximos Exames de Ordem! Neste artigo, voc\u00ea confere todas&hellip;\n","protected":false},"author":117,"featured_media":17037,"comment_status":"open","ping_status":"open","sticky":false,"template":"","format":"standard","meta":{"_jetpack_memberships_contains_paid_content":false,"footnotes":""},"categories":[30,31],"tags":[],"class_list":{"0":"post-28109","1":"post","2":"type-post","3":"status-publish","4":"format-standard","5":"has-post-thumbnail","7":"category-1a-fase-oab","8":"category-2a-fase-oab"},"acf":[],"yoast_head":"<!-- This site is optimized with the Yoast SEO Premium plugin v26.2 (Yoast SEO v27.4) - https:\/\/yoast.com\/product\/yoast-seo-premium-wordpress\/ -->\n<title>Acabou de sair o calend\u00e1rio oficial dos Exames de Ordem da OAB de 2026<\/title>\n<meta name=\"description\" content=\"Aten\u00e7\u00e3o!! Acabou de ser divulgado o calend\u00e1rio oficial dos pr\u00f3ximos Exames de Ordem da OAB dos anos de 2026 e 2027, veja...\" \/>\n<meta name=\"robots\" content=\"index, follow, max-snippet:-1, max-image-preview:large, max-video-preview:-1\" \/>\n<link rel=\"canonical\" href=\"https:\/\/oab.estrategia.com\/portal\/calendario-oficial-dos-proximos-exames-de-ordem-da-oab\/\" \/>\n<meta property=\"og:locale\" content=\"pt_BR\" \/>\n<meta property=\"og:type\" content=\"article\" \/>\n<meta property=\"og:title\" content=\"Acabou de sair o calend\u00e1rio oficial dos Exames de Ordem da OAB de 2026\" \/>\n<meta property=\"og:description\" content=\"Aten\u00e7\u00e3o!! Acabou de ser divulgado o calend\u00e1rio oficial dos pr\u00f3ximos Exames de Ordem da OAB dos anos de 2026 e 2027, veja...\" \/>\n<meta property=\"og:url\" content=\"https:\/\/oab.estrategia.com\/portal\/calendario-oficial-dos-proximos-exames-de-ordem-da-oab\/\" \/>\n<meta property=\"og:site_name\" content=\"Blog - OAB - Estrat\u00e9gia\" \/>\n<meta property=\"article:publisher\" content=\"https:\/\/www.facebook.com\/estrategiaoab\/\" \/>\n<meta property=\"article:published_time\" content=\"2026-01-07T23:39:24+00:00\" \/>\n<meta property=\"article:modified_time\" content=\"2026-01-07T23:39:27+00:00\" \/>\n<meta property=\"og:image\" content=\"https:\/\/oab.estrategia.com\/portal\/wp-content\/uploads\/2025\/03\/31103619\/image-3.png\" \/>\n\t<meta property=\"og:image:width\" content=\"635\" \/>\n\t<meta property=\"og:image:height\" content=\"396\" \/>\n\t<meta property=\"og:image:type\" content=\"image\/png\" \/>\n<meta name=\"author\" content=\"Priscila Bonomi\" \/>\n<meta name=\"twitter:card\" content=\"summary_large_image\" \/>\n<meta name=\"twitter:creator\" content=\"@estrategiaoab\" \/>\n<meta name=\"twitter:site\" content=\"@estrategiaoab\" \/>\n<meta name=\"twitter:label1\" content=\"Escrito por\" \/>\n\t<meta name=\"twitter:data1\" content=\"Priscila Bonomi\" \/>\n\t<meta name=\"twitter:label2\" content=\"Est. tempo de leitura\" \/>\n\t<meta name=\"twitter:data2\" content=\"5 minutos\" \/>\n<script type=\"application\/ld+json\" class=\"yoast-schema-graph\">{\"@context\":\"https:\\\/\\\/schema.org\",\"@graph\":[{\"@type\":\"Article\",\"@id\":\"https:\\\/\\\/oab.estrategia.com\\\/portal\\\/calendario-oficial-dos-proximos-exames-de-ordem-da-oab\\\/#article\",\"isPartOf\":{\"@id\":\"https:\\\/\\\/oab.estrategia.com\\\/portal\\\/calendario-oficial-dos-proximos-exames-de-ordem-da-oab\\\/\"},\"author\":{\"name\":\"Priscila Bonomi\",\"@id\":\"https:\\\/\\\/oab.estrategia.com\\\/portal\\\/#\\\/schema\\\/person\\\/74fa7e131ce7fd0199e3ef003d93dd2a\"},\"headline\":\"Acabou de sair o calend\u00e1rio oficial dos Exames de Ordem da OAB de 2026\",\"datePublished\":\"2026-01-07T23:39:24+00:00\",\"dateModified\":\"2026-01-07T23:39:27+00:00\",\"mainEntityOfPage\":{\"@id\":\"https:\\\/\\\/oab.estrategia.com\\\/portal\\\/calendario-oficial-dos-proximos-exames-de-ordem-da-oab\\\/\"},\"wordCount\":394,\"commentCount\":0,\"publisher\":{\"@id\":\"https:\\\/\\\/oab.estrategia.com\\\/portal\\\/#organization\"},\"image\":{\"@id\":\"https:\\\/\\\/oab.estrategia.com\\\/portal\\\/calendario-oficial-dos-proximos-exames-de-ordem-da-oab\\\/#primaryimage\"},\"thumbnailUrl\":\"https:\\\/\\\/oab.estrategia.com\\\/portal\\\/wp-content\\\/uploads\\\/2025\\\/03\\\/31103619\\\/image-3.png\",\"articleSection\":[\"1\u00aa Fase OAB\",\"2\u00aa Fase OAB\"],\"inLanguage\":\"pt-BR\",\"potentialAction\":[{\"@type\":\"CommentAction\",\"name\":\"Comment\",\"target\":[\"https:\\\/\\\/oab.estrategia.com\\\/portal\\\/calendario-oficial-dos-proximos-exames-de-ordem-da-oab\\\/#respond\"]}]},{\"@type\":\"WebPage\",\"@id\":\"https:\\\/\\\/oab.estrategia.com\\\/portal\\\/calendario-oficial-dos-proximos-exames-de-ordem-da-oab\\\/\",\"url\":\"https:\\\/\\\/oab.estrategia.com\\\/portal\\\/calendario-oficial-dos-proximos-exames-de-ordem-da-oab\\\/\",\"name\":\"Acabou de sair o calend\u00e1rio oficial dos Exames de Ordem da OAB de 2026\",\"isPartOf\":{\"@id\":\"https:\\\/\\\/oab.estrategia.com\\\/portal\\\/#website\"},\"primaryImageOfPage\":{\"@id\":\"https:\\\/\\\/oab.estrategia.com\\\/portal\\\/calendario-oficial-dos-proximos-exames-de-ordem-da-oab\\\/#primaryimage\"},\"image\":{\"@id\":\"https:\\\/\\\/oab.estrategia.com\\\/portal\\\/calendario-oficial-dos-proximos-exames-de-ordem-da-oab\\\/#primaryimage\"},\"thumbnailUrl\":\"https:\\\/\\\/oab.estrategia.com\\\/portal\\\/wp-content\\\/uploads\\\/2025\\\/03\\\/31103619\\\/image-3.png\",\"datePublished\":\"2026-01-07T23:39:24+00:00\",\"dateModified\":\"2026-01-07T23:39:27+00:00\",\"description\":\"Aten\u00e7\u00e3o!! Acabou de ser divulgado o calend\u00e1rio oficial dos pr\u00f3ximos Exames de Ordem da OAB dos anos de 2026 e 2027, veja...\",\"breadcrumb\":{\"@id\":\"https:\\\/\\\/oab.estrategia.com\\\/portal\\\/calendario-oficial-dos-proximos-exames-de-ordem-da-oab\\\/#breadcrumb\"},\"inLanguage\":\"pt-BR\",\"potentialAction\":[{\"@type\":\"ReadAction\",\"target\":[\"https:\\\/\\\/oab.estrategia.com\\\/portal\\\/calendario-oficial-dos-proximos-exames-de-ordem-da-oab\\\/\"]}]},{\"@type\":\"ImageObject\",\"inLanguage\":\"pt-BR\",\"@id\":\"https:\\\/\\\/oab.estrategia.com\\\/portal\\\/calendario-oficial-dos-proximos-exames-de-ordem-da-oab\\\/#primaryimage\",\"url\":\"https:\\\/\\\/oab.estrategia.com\\\/portal\\\/wp-content\\\/uploads\\\/2025\\\/03\\\/31103619\\\/image-3.png\",\"contentUrl\":\"https:\\\/\\\/oab.estrategia.com\\\/portal\\\/wp-content\\\/uploads\\\/2025\\\/03\\\/31103619\\\/image-3.png\",\"width\":635,\"height\":396,\"caption\":\"conselho seccional da oab\"},{\"@type\":\"BreadcrumbList\",\"@id\":\"https:\\\/\\\/oab.estrategia.com\\\/portal\\\/calendario-oficial-dos-proximos-exames-de-ordem-da-oab\\\/#breadcrumb\",\"itemListElement\":[{\"@type\":\"ListItem\",\"position\":1,\"name\":\"In\u00edcio\",\"item\":\"https:\\\/\\\/oab.estrategia.com\\\/portal\\\/\"},{\"@type\":\"ListItem\",\"position\":2,\"name\":\"Acabou de sair o calend\u00e1rio oficial dos Exames de Ordem da OAB de 2026\"}]},{\"@type\":\"WebSite\",\"@id\":\"https:\\\/\\\/oab.estrategia.com\\\/portal\\\/#website\",\"url\":\"https:\\\/\\\/oab.estrategia.com\\\/portal\\\/\",\"name\":\"Blog - OAB - Estrat\u00e9gia\",\"description\":\"Blog OAB - Estrat\u00e9gia Concursos\",\"publisher\":{\"@id\":\"https:\\\/\\\/oab.estrategia.com\\\/portal\\\/#organization\"},\"potentialAction\":[{\"@type\":\"SearchAction\",\"target\":{\"@type\":\"EntryPoint\",\"urlTemplate\":\"https:\\\/\\\/oab.estrategia.com\\\/portal\\\/?s={search_term_string}\"},\"query-input\":{\"@type\":\"PropertyValueSpecification\",\"valueRequired\":true,\"valueName\":\"search_term_string\"}}],\"inLanguage\":\"pt-BR\"},{\"@type\":\"Organization\",\"@id\":\"https:\\\/\\\/oab.estrategia.com\\\/portal\\\/#organization\",\"name\":\"Estrat\u00e9gia Concursos\",\"url\":\"https:\\\/\\\/oab.estrategia.com\\\/portal\\\/\",\"logo\":{\"@type\":\"ImageObject\",\"inLanguage\":\"pt-BR\",\"@id\":\"https:\\\/\\\/oab.estrategia.com\\\/portal\\\/#\\\/schema\\\/logo\\\/image\\\/\",\"url\":\"https:\\\/\\\/oab.estrategia.com\\\/portal\\\/wp-content\\\/uploads\\\/2022\\\/04\\\/06103601\\\/oab-icone-2.png\",\"contentUrl\":\"https:\\\/\\\/oab.estrategia.com\\\/portal\\\/wp-content\\\/uploads\\\/2022\\\/04\\\/06103601\\\/oab-icone-2.png\",\"width\":900,\"height\":900,\"caption\":\"Estrat\u00e9gia Concursos\"},\"image\":{\"@id\":\"https:\\\/\\\/oab.estrategia.com\\\/portal\\\/#\\\/schema\\\/logo\\\/image\\\/\"},\"sameAs\":[\"https:\\\/\\\/www.facebook.com\\\/estrategiaoab\\\/\",\"https:\\\/\\\/x.com\\\/estrategiaoab\",\"https:\\\/\\\/www.instagram.com\\\/estrategiaoab\\\/\",\"https:\\\/\\\/www.youtube.com\\\/EstrategiaOAB\"]},{\"@type\":\"Person\",\"@id\":\"https:\\\/\\\/oab.estrategia.com\\\/portal\\\/#\\\/schema\\\/person\\\/74fa7e131ce7fd0199e3ef003d93dd2a\",\"name\":\"Priscila Bonomi\",\"image\":{\"@type\":\"ImageObject\",\"inLanguage\":\"pt-BR\",\"@id\":\"https:\\\/\\\/oab.estrategia.com\\\/portal\\\/wp-content\\\/uploads\\\/2025\\\/05\\\/05144855\\\/Imagem-do-WhatsApp-de-2025-05-05-as-14.47.57_b98168e4-96x96.jpg\",\"url\":\"https:\\\/\\\/oab.estrategia.com\\\/portal\\\/wp-content\\\/uploads\\\/2025\\\/05\\\/05144855\\\/Imagem-do-WhatsApp-de-2025-05-05-as-14.47.57_b98168e4-96x96.jpg\",\"contentUrl\":\"https:\\\/\\\/oab.estrategia.com\\\/portal\\\/wp-content\\\/uploads\\\/2025\\\/05\\\/05144855\\\/Imagem-do-WhatsApp-de-2025-05-05-as-14.47.57_b98168e4-96x96.jpg\",\"caption\":\"Priscila Bonomi\"},\"url\":\"https:\\\/\\\/oab.estrategia.com\\\/portal\\\/author\\\/priscila-bonomi\\\/\"}]}<\/script>\n<!-- \/ Yoast SEO Premium plugin. -->","yoast_head_json":{"title":"Acabou de sair o calend\u00e1rio oficial dos Exames de Ordem da OAB de 2026","description":"Aten\u00e7\u00e3o!! Acabou de ser divulgado o calend\u00e1rio oficial dos pr\u00f3ximos Exames de Ordem da OAB dos anos de 2026 e 2027, veja...","robots":{"index":"index","follow":"follow","max-snippet":"max-snippet:-1","max-image-preview":"max-image-preview:large","max-video-preview":"max-video-preview:-1"},"canonical":"https:\/\/oab.estrategia.com\/portal\/calendario-oficial-dos-proximos-exames-de-ordem-da-oab\/","og_locale":"pt_BR","og_type":"article","og_title":"Acabou de sair o calend\u00e1rio oficial dos Exames de Ordem da OAB de 2026","og_description":"Aten\u00e7\u00e3o!! Acabou de ser divulgado o calend\u00e1rio oficial dos pr\u00f3ximos Exames de Ordem da OAB dos anos de 2026 e 2027, veja...","og_url":"https:\/\/oab.estrategia.com\/portal\/calendario-oficial-dos-proximos-exames-de-ordem-da-oab\/","og_site_name":"Blog - OAB - Estrat\u00e9gia","article_publisher":"https:\/\/www.facebook.com\/estrategiaoab\/","article_published_time":"2026-01-07T23:39:24+00:00","article_modified_time":"2026-01-07T23:39:27+00:00","og_image":[{"width":635,"height":396,"url":"https:\/\/oab.estrategia.com\/portal\/wp-content\/uploads\/2025\/03\/31103619\/image-3.png","type":"image\/png"}],"author":"Priscila Bonomi","twitter_card":"summary_large_image","twitter_creator":"@estrategiaoab","twitter_site":"@estrategiaoab","twitter_misc":{"Escrito por":"Priscila Bonomi","Est. tempo de leitura":"5 minutos"},"schema":{"@context":"https:\/\/schema.org","@graph":[{"@type":"Article","@id":"https:\/\/oab.estrategia.com\/portal\/calendario-oficial-dos-proximos-exames-de-ordem-da-oab\/#article","isPartOf":{"@id":"https:\/\/oab.estrategia.com\/portal\/calendario-oficial-dos-proximos-exames-de-ordem-da-oab\/"},"author":{"name":"Priscila Bonomi","@id":"https:\/\/oab.estrategia.com\/portal\/#\/schema\/person\/74fa7e131ce7fd0199e3ef003d93dd2a"},"headline":"Acabou de sair o calend\u00e1rio oficial dos Exames de Ordem da OAB de 2026","datePublished":"2026-01-07T23:39:24+00:00","dateModified":"2026-01-07T23:39:27+00:00","mainEntityOfPage":{"@id":"https:\/\/oab.estrategia.com\/portal\/calendario-oficial-dos-proximos-exames-de-ordem-da-oab\/"},"wordCount":394,"commentCount":0,"publisher":{"@id":"https:\/\/oab.estrategia.com\/portal\/#organization"},"image":{"@id":"https:\/\/oab.estrategia.com\/portal\/calendario-oficial-dos-proximos-exames-de-ordem-da-oab\/#primaryimage"},"thumbnailUrl":"https:\/\/oab.estrategia.com\/portal\/wp-content\/uploads\/2025\/03\/31103619\/image-3.png","articleSection":["1\u00aa Fase OAB","2\u00aa Fase OAB"],"inLanguage":"pt-BR","potentialAction":[{"@type":"CommentAction","name":"Comment","target":["https:\/\/oab.estrategia.com\/portal\/calendario-oficial-dos-proximos-exames-de-ordem-da-oab\/#respond"]}]},{"@type":"WebPage","@id":"https:\/\/oab.estrategia.com\/portal\/calendario-oficial-dos-proximos-exames-de-ordem-da-oab\/","url":"https:\/\/oab.estrategia.com\/portal\/calendario-oficial-dos-proximos-exames-de-ordem-da-oab\/","name":"Acabou de sair o calend\u00e1rio oficial dos Exames de Ordem da OAB de 2026","isPartOf":{"@id":"https:\/\/oab.estrategia.com\/portal\/#website"},"primaryImageOfPage":{"@id":"https:\/\/oab.estrategia.com\/portal\/calendario-oficial-dos-proximos-exames-de-ordem-da-oab\/#primaryimage"},"image":{"@id":"https:\/\/oab.estrategia.com\/portal\/calendario-oficial-dos-proximos-exames-de-ordem-da-oab\/#primaryimage"},"thumbnailUrl":"https:\/\/oab.estrategia.com\/portal\/wp-content\/uploads\/2025\/03\/31103619\/image-3.png","datePublished":"2026-01-07T23:39:24+00:00","dateModified":"2026-01-07T23:39:27+00:00","description":"Aten\u00e7\u00e3o!! Acabou de ser divulgado o calend\u00e1rio oficial dos pr\u00f3ximos Exames de Ordem da OAB dos anos de 2026 e 2027, veja...","breadcrumb":{"@id":"https:\/\/oab.estrategia.com\/portal\/calendario-oficial-dos-proximos-exames-de-ordem-da-oab\/#breadcrumb"},"inLanguage":"pt-BR","potentialAction":[{"@type":"ReadAction","target":["https:\/\/oab.estrategia.com\/portal\/calendario-oficial-dos-proximos-exames-de-ordem-da-oab\/"]}]},{"@type":"ImageObject","inLanguage":"pt-BR","@id":"https:\/\/oab.estrategia.com\/portal\/calendario-oficial-dos-proximos-exames-de-ordem-da-oab\/#primaryimage","url":"https:\/\/oab.estrategia.com\/portal\/wp-content\/uploads\/2025\/03\/31103619\/image-3.png","contentUrl":"https:\/\/oab.estrategia.com\/portal\/wp-content\/uploads\/2025\/03\/31103619\/image-3.png","width":635,"height":396,"caption":"conselho seccional da oab"},{"@type":"BreadcrumbList","@id":"https:\/\/oab.estrategia.com\/portal\/calendario-oficial-dos-proximos-exames-de-ordem-da-oab\/#breadcrumb","itemListElement":[{"@type":"ListItem","position":1,"name":"In\u00edcio","item":"https:\/\/oab.estrategia.com\/portal\/"},{"@type":"ListItem","position":2,"name":"Acabou de sair o calend\u00e1rio oficial dos Exames de Ordem da OAB de 2026"}]},{"@type":"WebSite","@id":"https:\/\/oab.estrategia.com\/portal\/#website","url":"https:\/\/oab.estrategia.com\/portal\/","name":"Blog - OAB - Estrat\u00e9gia","description":"Blog OAB - Estrat\u00e9gia Concursos","publisher":{"@id":"https:\/\/oab.estrategia.com\/portal\/#organization"},"potentialAction":[{"@type":"SearchAction","target":{"@type":"EntryPoint","urlTemplate":"https:\/\/oab.estrategia.com\/portal\/?s={search_term_string}"},"query-input":{"@type":"PropertyValueSpecification","valueRequired":true,"valueName":"search_term_string"}}],"inLanguage":"pt-BR"},{"@type":"Organization","@id":"https:\/\/oab.estrategia.com\/portal\/#organization","name":"Estrat\u00e9gia Concursos","url":"https:\/\/oab.estrategia.com\/portal\/","logo":{"@type":"ImageObject","inLanguage":"pt-BR","@id":"https:\/\/oab.estrategia.com\/portal\/#\/schema\/logo\/image\/","url":"https:\/\/oab.estrategia.com\/portal\/wp-content\/uploads\/2022\/04\/06103601\/oab-icone-2.png","contentUrl":"https:\/\/oab.estrategia.com\/portal\/wp-content\/uploads\/2022\/04\/06103601\/oab-icone-2.png","width":900,"height":900,"caption":"Estrat\u00e9gia Concursos"},"image":{"@id":"https:\/\/oab.estrategia.com\/portal\/#\/schema\/logo\/image\/"},"sameAs":["https:\/\/www.facebook.com\/estrategiaoab\/","https:\/\/x.com\/estrategiaoab","https:\/\/www.instagram.com\/estrategiaoab\/","https:\/\/www.youtube.com\/EstrategiaOAB"]},{"@type":"Person","@id":"https:\/\/oab.estrategia.com\/portal\/#\/schema\/person\/74fa7e131ce7fd0199e3ef003d93dd2a","name":"Priscila Bonomi","image":{"@type":"ImageObject","inLanguage":"pt-BR","@id":"https:\/\/oab.estrategia.com\/portal\/wp-content\/uploads\/2025\/05\/05144855\/Imagem-do-WhatsApp-de-2025-05-05-as-14.47.57_b98168e4-96x96.jpg","url":"https:\/\/oab.estrategia.com\/portal\/wp-content\/uploads\/2025\/05\/05144855\/Imagem-do-WhatsApp-de-2025-05-05-as-14.47.57_b98168e4-96x96.jpg","contentUrl":"https:\/\/oab.estrategia.com\/portal\/wp-content\/uploads\/2025\/05\/05144855\/Imagem-do-WhatsApp-de-2025-05-05-as-14.47.57_b98168e4-96x96.jpg","caption":"Priscila Bonomi"},"url":"https:\/\/oab.estrategia.com\/portal\/author\/priscila-bonomi\/"}]}},"jetpack_featured_media_url":"https:\/\/oab.estrategia.com\/portal\/wp-content\/uploads\/2025\/03\/31103619\/image-3.png","jetpack_sharing_enabled":true,"_links":{"self":[{"href":"https:\/\/oab.estrategia.com\/portal\/wp-json\/wp\/v2\/posts\/28109","targetHints":{"allow":["GET"]}}],"collection":[{"href":"https:\/\/oab.estrategia.com\/portal\/wp-json\/wp\/v2\/posts"}],"about":[{"href":"https:\/\/oab.estrategia.com\/portal\/wp-json\/wp\/v2\/types\/post"}],"author":[{"embeddable":true,"href":"https:\/\/oab.estrategia.com\/portal\/wp-json\/wp\/v2\/users\/117"}],"replies":[{"embeddable":true,"href":"https:\/\/oab.estrategia.com\/portal\/wp-json\/wp\/v2\/comments?post=28109"}],"version-history":[{"count":23,"href":"https:\/\/oab.estrategia.com\/portal\/wp-json\/wp\/v2\/posts\/28109\/revisions"}],"predecessor-version":[{"id":29302,"href":"https:\/\/oab.estrategia.com\/portal\/wp-json\/wp\/v2\/posts\/28109\/revisions\/29302"}],"wp:featuredmedia":[{"embeddable":true,"href":"https:\/\/oab.estrategia.com\/portal\/wp-json\/wp\/v2\/media\/17037"}],"wp:attachment":[{"href":"https:\/\/oab.estrategia.com\/portal\/wp-json\/wp\/v2\/media?parent=28109"}],"wp:term":[{"taxonomy":"category","embeddable":true,"href":"https:\/\/oab.estrategia.com\/portal\/wp-json\/wp\/v2\/categories?post=28109"},{"taxonomy":"post_tag","embeddable":true,"href":"https:\/\/oab.estrategia.com\/portal\/wp-json\/wp\/v2\/tags?post=28109"}],"curies":[{"name":"wp","href":"https:\/\/api.w.org\/{rel}","templated":true}]}}