{"id":28454,"date":"2025-12-13T16:52:19","date_gmt":"2025-12-13T19:52:19","guid":{"rendered":"https:\/\/oab.estrategia.com\/portal\/?p=28454"},"modified":"2025-12-13T16:52:23","modified_gmt":"2025-12-13T19:52:23","slug":"direitos-humanos-atualidades-oab-45","status":"publish","type":"post","link":"https:\/\/oab.estrategia.com\/portal\/direitos-humanos-atualidades-oab-45\/","title":{"rendered":"Direitos Humanos: atualidades que podem cair na OAB 45"},"content":{"rendered":"\n<p><em>Confira as principais atualidades de Direitos Humanos para OAB<\/em> <em>e estude os temas mais cobrados na 1\u00aa fase.<\/em><\/p>\n\n\n\n<p><strong><em>Professor Gustavo Cordeiro<\/em><\/strong><\/p>\n\n\n\n<h2 class=\"wp-block-heading\" id=\"h-introducao-direitos-humanos-para-oab\"><span id=\"introducao-direitos-humanos-para-oab\"><strong>Introdu\u00e7\u00e3o &#8211; Direitos Humanos para OAB<\/strong><\/span><\/h2>\n\n\n\n<p>Novembro de 2025. O Superior Tribunal de Justi\u00e7a transfere para a Justi\u00e7a Federal a investiga\u00e7\u00e3o de seis homic\u00eddios e um desaparecimento no Complexo de Pedrinhas, no Maranh\u00e3o. Os crimes ocorreram entre 2013 e 2014, durante rebeli\u00f5es que mataram 60 detentos. A decis\u00e3o foi un\u00e2nime.<\/p>\n\n\n\n<p>Por que isso importa para voc\u00ea, candidato da OAB? Porque o Incidente de Deslocamento de Compet\u00eancia (IDC) \u00e9 tema recorrente na primeira fase. A FGV adora cobrar esse instituto em quest\u00f5es envolvendo viola\u00e7\u00f5es de direitos humanos, omiss\u00e3o estatal e graves crimes. E agora h\u00e1 uma decis\u00e3o fresquinha do STJ para voc\u00ea conhecer.<\/p>\n\n\n\n<p>O IDC \u00e9 uma ferramenta constitucional poderosa. Permite transferir investiga\u00e7\u00f5es e processos da Justi\u00e7a Estadual para a Federal quando h\u00e1 grave viola\u00e7\u00e3o de direitos humanos. Mas aten\u00e7\u00e3o: n\u00e3o \u00e9 qualquer viola\u00e7\u00e3o. Existem requisitos r\u00edgidos que voc\u00ea precisa dominar.<\/p>\n\n\n\n<p>Vamos direto ao ponto. Neste artigo, voc\u00ea vai entender o que \u00e9 o IDC, quais seus requisitos, como funciona o procedimento, quais os precedentes importantes e \u2013 principalmente \u2013 como isso cai na prova da OAB.<\/p>\n\n\n\n<h2 class=\"wp-block-heading\" id=\"h-1-fundamento-constitucional-ec-45-2004-e-o-art-109-5\u00ba-da-cf-88\"><span id=\"1-fundamento-constitucional-ec-45-2004-e-o-art-109-%c2%a75o-da-cf-88\"><strong>1. Fundamento Constitucional: EC 45\/2004 e o art. 109, \u00a75\u00ba, da CF\/88<\/strong><\/span><\/h2>\n\n\n\n<p>A Emenda Constitucional 45\/2004 incluiu o \u00a75\u00ba no artigo 109 da Constitui\u00e7\u00e3o Federal. Veja a reda\u00e7\u00e3o literal:<\/p>\n\n\n\n<pre class=\"wp-block-preformatted\"><strong>Art. 109, \u00a75\u00ba, CF\/88:<\/strong> Nas hip\u00f3teses de grave viola\u00e7\u00e3o de direitos humanos, o Procurador-Geral da Rep\u00fablica, com a finalidade de assegurar o cumprimento de obriga\u00e7\u00f5es decorrentes de tratados internacionais de direitos humanos dos quais o Brasil seja parte, poder\u00e1 suscitar, perante o Superior Tribunal de Justi\u00e7a, em qualquer fase do inqu\u00e9rito ou processo, incidente de deslocamento de compet\u00eancia para a Justi\u00e7a Federal.<\/pre>\n\n\n\n<p>Grave tr\u00eas informa\u00e7\u00f5es essenciais deste dispositivo:<\/p>\n\n\n\n<ul style=\"background-color:#ffef6252\" class=\"wp-block-list has-background\">\n<li><strong>Legitimidade exclusiva:<\/strong> S\u00f3 o Procurador-Geral da Rep\u00fablica pode suscitar o IDC<\/li>\n\n\n\n<li><strong>Compet\u00eancia origin\u00e1ria:<\/strong> O pedido vai direto ao STJ (n\u00e3o ao STF)<\/li>\n\n\n\n<li><strong>Finalidade espec\u00edfica:<\/strong> Assegurar cumprimento de tratados internacionais de direitos humanos<\/li>\n<\/ul>\n\n\n\n<p>A FGV j\u00e1 cobrou essas informa\u00e7\u00f5es em v\u00e1rias quest\u00f5es. Candidatos erram ao confundir a legitimidade (achando que qualquer parte pode pedir) ou a compet\u00eancia (achando que \u00e9 do STF).<\/p>\n\n\n\n<h2 class=\"wp-block-heading\" id=\"h-2-requisitos-cumulativos-para-o-deslocamento\"><span id=\"2-requisitos-cumulativos-para-o-deslocamento\"><strong>2. Requisitos Cumulativos para o Deslocamento<\/strong><\/span><\/h2>\n\n\n\n<p>Para o STJ deferir o IDC, todos os requisitos abaixo devem estar presentes <strong>simultaneamente<\/strong>:<\/p>\n\n\n\n<p><strong>2.1. Grave viola\u00e7\u00e3o de direitos humanos<\/strong><\/p>\n\n\n\n<p>N\u00e3o basta qualquer viola\u00e7\u00e3o. Deve ser grave, com repercuss\u00e3o especial, afrontando valores essenciais da dignidade humana. A gravidade \u00e9 aferida:<\/p>\n\n\n\n<ul style=\"background-color:#ffef6252\" class=\"wp-block-list has-background\">\n<li>Pela natureza objetiva do crime (homic\u00eddios, torturas, desaparecimentos for\u00e7ados)<\/li>\n\n\n\n<li>Pelo contexto (padr\u00f5es sistem\u00e1ticos de viola\u00e7\u00e3o)<\/li>\n<\/ul>\n\n\n\n<p>Exemplo pr\u00e1tico: homic\u00eddio isolado em briga de bar n\u00e3o caracteriza. M\u00faltiplos homic\u00eddios de lideran\u00e7as sociais em contexto de conflito agr\u00e1rio caracteriza.<\/p>\n\n\n\n<p><strong>2.2. Risco de descumprimento de obriga\u00e7\u00f5es internacionais<\/strong><\/p>\n\n\n\n<p>Deve existir risco concreto de que a inefetividade da persecu\u00e7\u00e3o na Justi\u00e7a estadual resulte em responsabiliza\u00e7\u00e3o internacional do Brasil. Quando isso ocorre?<\/p>\n\n\n\n<ul style=\"background-color:#ffef6252\" class=\"wp-block-list has-background\">\n<li>Caso j\u00e1 chegou a organismos internacionais (Corte Interamericana, Comiss\u00e3o IDH)<\/li>\n\n\n\n<li>H\u00e1 receio fundado de que morosidade prejudique credibilidade internacional do Brasil<\/li>\n<\/ul>\n\n\n\n<p>No caso Pedrinhas, a Corte Interamericana de Direitos Humanos j\u00e1 havia concedido medidas cautelares (2013) e provis\u00f3rias (2014, 2018, 2019). O Brasil estava sob escrut\u00ednio internacional direto.<\/p>\n\n\n\n<p><strong>2.3. Incapacidade do Estado-membro<\/strong><\/p>\n\n\n\n<p>Deve ficar demonstrada incapacidade, inefic\u00e1cia ou omiss\u00e3o das autoridades estaduais em assegurar apura\u00e7\u00e3o dos fatos e responsabiliza\u00e7\u00e3o dos culpados. N\u00e3o pressup\u00f5e m\u00e1-f\u00e9, mas constata\u00e7\u00e3o objetiva de que a Justi\u00e7a estadual n\u00e3o dar\u00e1 resposta satisfat\u00f3ria.<\/p>\n\n\n\n<p>Indicadores dessa incapacidade:<\/p>\n\n\n\n<div class=\"wp-block-group is-style-cnvs-block-bordered has-background\" style=\"background-color:#ffef6252\"><div class=\"wp-block-group__inner-container is-layout-constrained wp-block-group-is-layout-constrained\">\n<ul class=\"wp-block-list is-style-cnvs-list-styled-positive\">\n<li>Investiga\u00e7\u00f5es superficiais ou inexistentes<\/li>\n\n\n\n<li>Arquivamento prematuro de inqu\u00e9ritos<\/li>\n\n\n\n<li>Morosidade injustificada<\/li>\n\n\n\n<li>Envolvimento de autoridades locais nos crimes<\/li>\n<\/ul>\n<\/div><\/div>\n\n\n\n<p>No caso Pedrinhas, o Ministro Schietti destacou: nem sequer foram instaurados inqu\u00e9ritos para apurar algumas mortes. Isso revela incapacidade estrutural, n\u00e3o mera disfun\u00e7\u00e3o pontual.<\/p>\n\n\n\n<p><strong>2.4. Legitimidade exclusiva do PGR<\/strong><\/p>\n\n\n\n<p>S\u00f3 o Procurador-Geral da Rep\u00fablica pode suscitar o IDC. Ningu\u00e9m mais. Nem v\u00edtimas, nem familiares, nem organiza\u00e7\u00f5es de direitos humanos, nem o Minist\u00e9rio P\u00fablico Estadual.<\/p>\n\n\n\n<p>Por qu\u00ea? O PGR \u00e9 chefe do Minist\u00e9rio P\u00fablico Federal, institui\u00e7\u00e3o respons\u00e1vel pela defesa da ordem jur\u00eddica e dos direitos humanos. A legitima\u00e7\u00e3o extraordin\u00e1ria concentra no PGR a avalia\u00e7\u00e3o pol\u00edtica e jur\u00eddica sobre a conveni\u00eancia do deslocamento.<\/p>\n\n\n\n<p><strong>2.5. Possibilidade de suscita\u00e7\u00e3o em qualquer fase<\/strong><\/p>\n\n\n\n<p>O incidente pode ser proposto em qualquer momento:<\/p>\n\n\n\n<div class=\"wp-block-group is-style-cnvs-block-bordered has-background\" style=\"background-color:#ffef6252\"><div class=\"wp-block-group__inner-container is-layout-constrained wp-block-group-is-layout-constrained\">\n<ul class=\"wp-block-list is-style-cnvs-list-styled-positive\">\n<li>Durante inqu\u00e9rito policial<\/li>\n\n\n\n<li>Durante processo penal<\/li>\n<\/ul>\n<\/div><\/div>\n\n\n\n<h2 class=\"wp-block-heading\" id=\"h-3-procedimento-no-stj-direitos-humanos-para-oab\"><span id=\"3-procedimento-no-stj-direitos-humanos-para-oab\"><strong>3. Procedimento no STJ &#8211; Direitos Humanos para OAB<\/strong><\/span><\/h2>\n\n\n\n<p>Suscitado o IDC perante o STJ, o procedimento segue estas etapas:<\/p>\n\n\n\n<p><mark style=\"background-color:#cf2e2e\" class=\"has-inline-color has-white-color\"><strong>Passo 1:<\/strong> <\/mark> Distribui\u00e7\u00e3o a Ministro-Relator da Terceira Se\u00e7\u00e3o (\u00f3rg\u00e3o composto pelas Quinta e Sexta Turmas, especializadas em mat\u00e9ria penal)<\/p>\n\n\n\n<p><mark style=\"background-color:#cf2e2e\" class=\"has-inline-color has-white-color\"><strong>Passo 2:<\/strong><\/mark><mark style=\"background-color:rgba(0, 0, 0, 0)\" class=\"has-inline-color has-white-color\"> <\/mark>O Relator determina intima\u00e7\u00e3o das partes, do Minist\u00e9rio P\u00fablico estadual e das autoridades respons\u00e1veis pela investiga\u00e7\u00e3o\/processo na Justi\u00e7a estadual. Prazo: 10 dias para manifesta\u00e7\u00e3o<\/p>\n\n\n\n<p><strong><mark style=\"background-color:#cf2e2e\" class=\"has-inline-color has-white-color\">Passo 3:<\/mark><\/strong> Ap\u00f3s as manifesta\u00e7\u00f5es, o incidente vai a julgamento pela Terceira Se\u00e7\u00e3o<\/p>\n\n\n\n<p><strong><mark style=\"background-color:#cf2e2e\" class=\"has-inline-color has-white-color\">Passo 4:<\/mark><\/strong> O julgamento tem natureza jurisdicional (n\u00e3o \u00e9 mero ato administrativo). O STJ analisa profundamente:<\/p>\n\n\n\n<div class=\"wp-block-group is-style-cnvs-block-bordered\"><div class=\"wp-block-group__inner-container is-layout-constrained wp-block-group-is-layout-constrained\">\n<ul class=\"wp-block-list is-style-cnvs-list-styled-positive\">\n<li>Gravidade da viola\u00e7\u00e3o<\/li>\n\n\n\n<li>Risco de responsabiliza\u00e7\u00e3o internacional<\/li>\n\n\n\n<li>Incapacidade do Estado-membro<\/li>\n<\/ul>\n<\/div><\/div>\n\n\n\n<p><strong>Se deferido:<\/strong> Autos do inqu\u00e9rito ou processo v\u00e3o para a Justi\u00e7a Federal. A compet\u00eancia territorial segue regras ordin\u00e1rias (local da infra\u00e7\u00e3o).<\/p>\n\n\n\n<p><strong>Se negado:<\/strong> Autos voltam \u00e0 Justi\u00e7a estadual. O inqu\u00e9rito ou processo prossegue normalmente.<\/p>\n\n\n\n<h2 class=\"wp-block-heading\" id=\"h-4-precedentes-importantes-dorothy-stang-e-manoel-mattos\"><span id=\"4-precedentes-importantes-dorothy-stang-e-manoel-mattos\"><strong>4. Precedentes Importantes: Dorothy Stang e Manoel Mattos<\/strong><\/span><\/h2>\n\n\n\n<p><strong>4.1. Primeiro caso: Dorothy Stang (IDC negado)<\/strong><\/p>\n\n\n\n<p>Inqu\u00e9rito 2.245\/PA. Homic\u00eddio da mission\u00e1ria norte-americana Dorothy Stang, assassinada em 2005 no munic\u00edpio de Anapu (PA) por sua atua\u00e7\u00e3o na defesa de trabalhadores rurais e do meio ambiente.<\/p>\n\n\n\n<p>O PGR argumentou: grave viola\u00e7\u00e3o de direitos humanos em contexto de conflitos agr\u00e1rios recorrentes, com inefetividade das investiga\u00e7\u00f5es de crimes anteriores.<\/p>\n\n\n\n<p><strong>Decis\u00e3o do STJ:<\/strong> Negou o deslocamento. Entendeu que as autoridades estaduais estavam atuando adequadamente nas investiga\u00e7\u00f5es e na persecu\u00e7\u00e3o penal. N\u00e3o havia risco concreto de descumprimento das obriga\u00e7\u00f5es internacionais.<\/p>\n\n\n\n<p><strong>4.2. Primeiro deferimento: Manoel Mattos<\/strong><\/p>\n\n\n\n<p>Inqu\u00e9rito 4.148\/PB. Homic\u00eddio do advogado e vereador Manoel Mattos, assassinado em janeiro de 2009 no munic\u00edpio de Pitimbu (PB) por sua atua\u00e7\u00e3o na defesa dos direitos humanos e combate a grupos de exterm\u00ednio.<\/p>\n\n\n\n<p class=\"has-background\" style=\"background-color:#ffef6252\"><strong>Decis\u00e3o do STJ (2014):<\/strong> Deferiu o deslocamento. Considerou que havia grave viola\u00e7\u00e3o de direitos humanos em contexto de in\u00fameras mortes violentas na regi\u00e3o, com fortes ind\u00edcios de envolvimento de autoridades p\u00fablicas. Configurava risco de descumprimento das obriga\u00e7\u00f5es internacionais.<\/p>\n\n\n\n<p><strong>4.3. Caso recente: Pedrinhas (2024)<\/strong><\/p>\n\n\n\n<p>A decis\u00e3o de dezembro de 2024 sobre Pedrinhas refor\u00e7a a jurisprud\u00eancia. O STJ reconheceu:<\/p>\n\n\n\n<div class=\"wp-block-group is-style-cnvs-block-bordered\"><div class=\"wp-block-group__inner-container is-layout-constrained wp-block-group-is-layout-constrained\">\n<ul class=\"wp-block-list is-style-cnvs-list-styled-positive\">\n<li>Padr\u00e3o alarmante de graves viola\u00e7\u00f5es no sistema penitenci\u00e1rio maranhense<\/li>\n\n\n\n<li>Mortes e desaparecimento em locais onde o Estado deveria garantir seguran\u00e7a<\/li>\n\n\n\n<li>Aus\u00eancia de investiga\u00e7\u00f5es efetivas (alguns casos nem tiveram inqu\u00e9ritos instaurados)<\/li>\n\n\n\n<li>Brasil sob escrut\u00ednio da Corte Interamericana (medidas provis\u00f3rias em 2013, 2014, 2018 e 2019)<\/li>\n<\/ul>\n<\/div><\/div>\n\n\n\n<p>O Ministro Schietti foi direto: &#8220;A in\u00e9rcia investigativa n\u00e3o pode ser compreendida como mera disfun\u00e7\u00e3o, mas como manifesta\u00e7\u00e3o de incapacidade estrutural do sistema de justi\u00e7a estadual.&#8221;<\/p>\n\n\n\n<h2 class=\"wp-block-heading\" id=\"h-5-como-o-idc-cai-na-oab\"><span id=\"5-como-o-idc-cai-na-oab\"><strong>5. Como o IDC Cai na OAB<\/strong><\/span><\/h2>\n\n\n\n<p>A FGV cobra o IDC de v\u00e1rias formas:<\/p>\n\n\n\n<p><strong>Forma 1:<\/strong> Identificar o instituto correto diante de grave viola\u00e7\u00e3o de direitos humanos<\/p>\n\n\n\n<p><strong>Forma 2:<\/strong> Saber quem tem legitimidade para suscitar o IDC<\/p>\n\n\n\n<p><strong>Forma 3:<\/strong> Conhecer a finalidade expressa do instituto (cumprimento de tratados internacionais)<\/p>\n\n\n\n<p><strong>Forma 4:<\/strong> Distinguir IDC de outros institutos (ADPF, a\u00e7\u00e3o popular, Corte Interamericana)<\/p>\n\n\n\n<p>Veja uma quest\u00e3o real sobre o tema que j\u00e1 caiu:<\/p>\n\n\n\n<div class=\"wp-block-group is-style-cnvs-block-bordered\"><div class=\"wp-block-group__inner-container is-layout-constrained wp-block-group-is-layout-constrained\">\n<p><strong>Quest\u00e3o FGV 2024 (XL Exame)  &#8211; Direitos Humanos para OAB<\/strong><\/p>\n\n\n\n<p><em>STJ transfere \u00e0 Justi\u00e7a Federal apura\u00e7\u00e3o da morte de l\u00edderes de trabalhadores rurais em Rond\u00f4nia. A pedido da Procuradoria-Geral da Rep\u00fablica (PGR), a Terceira Se\u00e7\u00e3o do Superior Tribunal de Justi\u00e7a (STJ) determinou a transfer\u00eancia, para a Justi\u00e7a Federal, de seis inqu\u00e9ritos relativos a crimes de homic\u00eddio praticados contra l\u00edderes de trabalhadores rurais e outras pessoas que denunciaram grilagem de terras e explora\u00e7\u00e3o ilegal de madeira em Rond\u00f4nia. A not\u00edcia acima diz respeito a um instituto exclusivo para a prote\u00e7\u00e3o dos Direitos Humanos previsto na Constitui\u00e7\u00e3o Federal\/88. Assinale a op\u00e7\u00e3o que o indica.<\/em><\/p>\n\n\n\n<p>(A) Argui\u00e7\u00e3o de Descumprimento de Preceito Fundamental (B) Incidente de Deslocamento de Compet\u00eancia (C) Tese com Repercuss\u00e3o Geral (D) A\u00e7\u00e3o Popular<\/p>\n\n\n\n<p><strong>Gabarito: B<\/strong><\/p>\n\n\n\n<p><strong>Por que B est\u00e1 correta:<\/strong> O caso descrito \u00e9 aplica\u00e7\u00e3o t\u00edpica do IDC (art. 109, \u00a75\u00ba, CF\/88). PGR suscita perante o STJ transfer\u00eancia de compet\u00eancia para Justi\u00e7a Federal em caso de grave viola\u00e7\u00e3o de direitos humanos.<\/p>\n\n\n\n<p><strong>Por que A est\u00e1 incorreta:<\/strong> ADPF \u00e9 a\u00e7\u00e3o constitucional de compet\u00eancia do STF para evitar les\u00e3o a preceito fundamental. N\u00e3o serve para deslocar compet\u00eancia em casos concretos.<\/p>\n\n\n\n<p><strong>Por que C est\u00e1 incorreta:<\/strong> Repercuss\u00e3o geral \u00e9 requisito de admissibilidade do recurso extraordin\u00e1rio no STF. N\u00e3o \u00e9 instituto de prote\u00e7\u00e3o de direitos humanos.<\/p>\n\n\n\n<p><strong>Por que D est\u00e1 incorreta:<\/strong> A\u00e7\u00e3o popular \u00e9 instrumento de controle de atos lesivos ao patrim\u00f4nio p\u00fablico. N\u00e3o tem rela\u00e7\u00e3o com federaliza\u00e7\u00e3o de investiga\u00e7\u00f5es.<\/p>\n<\/div><\/div>\n\n\n\n<div class=\"wp-block-group is-style-cnvs-block-bordered\"><div class=\"wp-block-group__inner-container is-layout-constrained wp-block-group-is-layout-constrained\">\n<p><strong>Quest\u00e3o Simulada Estilo FGV &#8211; Direitos Humanos para OAB:<\/strong><\/p>\n\n\n\n<p><em>Em determinado Estado da federa\u00e7\u00e3o, cinco lideran\u00e7as ind\u00edgenas foram assassinadas em contexto de disputa territorial. As investiga\u00e7\u00f5es estaduais tramitam h\u00e1 tr\u00eas anos sem avan\u00e7os significativos. H\u00e1 ind\u00edcios de envolvimento de agentes p\u00fablicos locais. O Brasil foi notificado pela Comiss\u00e3o Interamericana de Direitos Humanos para prestar informa\u00e7\u00f5es sobre o caso. Diante desse quadro, assinale a medida constitucionalmente prevista que pode ser adotada.<\/em><\/p>\n\n\n\n<p>(A) O Minist\u00e9rio P\u00fablico Federal deve ingressar com a\u00e7\u00e3o civil p\u00fablica diretamente no STF para garantir continuidade das investiga\u00e7\u00f5es<\/p>\n\n\n\n<p>(B) As fam\u00edlias das v\u00edtimas podem suscitar incidente de deslocamento de compet\u00eancia perante o STJ<\/p>\n\n\n\n<p>(C) O Procurador-Geral da Rep\u00fablica pode suscitar, perante o STJ, incidente de deslocamento de compet\u00eancia para a Justi\u00e7a Federal<\/p>\n\n\n\n<p>(D) O Conselho Nacional de Justi\u00e7a deve avocar os processos e redistribu\u00ed-los \u00e0 Justi\u00e7a Federal<\/p>\n\n\n\n<p><strong>Gabarito: C<\/strong><\/p>\n\n\n\n<p><strong>Por que C est\u00e1 correta:<\/strong> O caso preenche todos os requisitos do IDC (art. 109, \u00a75\u00ba, CF\/88): grave viola\u00e7\u00e3o de direitos humanos (homic\u00eddios de lideran\u00e7as ind\u00edgenas), risco de responsabiliza\u00e7\u00e3o internacional (notifica\u00e7\u00e3o da Comiss\u00e3o IDH), incapacidade estatal (investiga\u00e7\u00f5es sem avan\u00e7o por tr\u00eas anos, ind\u00edcios de envolvimento de agentes locais). Apenas o PGR tem legitimidade para suscitar o IDC perante o STJ.<\/p>\n\n\n\n<p><strong>Por que A est\u00e1 incorreta:<\/strong> O MPF n\u00e3o ingressa diretamente no STF com esse tipo de a\u00e7\u00e3o. O STF n\u00e3o tem compet\u00eancia para julgar o IDC (compet\u00eancia \u00e9 do STJ). Al\u00e9m disso, a\u00e7\u00e3o civil p\u00fablica n\u00e3o serve para deslocar compet\u00eancia criminal.<\/p>\n\n\n\n<p><strong>Por que B est\u00e1 incorreta:<\/strong> Fam\u00edlias de v\u00edtimas n\u00e3o t\u00eam legitimidade para suscitar o IDC. A legitimidade \u00e9 exclusiva do Procurador-Geral da Rep\u00fablica.<\/p>\n\n\n\n<p><strong>Por que D est\u00e1 incorreta:<\/strong> CNJ n\u00e3o tem compet\u00eancia para avocar processos nem determinar deslocamento de compet\u00eancia. A avocat\u00f3ria \u00e9 instituto administrativo, n\u00e3o jurisdicional, e n\u00e3o se aplica a esse caso.<\/p>\n<\/div><\/div>\n\n\n\n<h2 class=\"wp-block-heading\" id=\"h-6-conclusao-como-estudar-o-idc-para-a-oab\"><span id=\"6-conclusao-como-estudar-o-idc-para-a-oab\"><strong>6. Conclus\u00e3o: Como Estudar o IDC para a OAB<\/strong><\/span><\/h2>\n\n\n\n<p>O Incidente de Deslocamento de Compet\u00eancia \u00e9 tema que volta sempre. Para dominar o assunto:<\/p>\n\n\n\n<p><strong><mark style=\"background-color:#cf2e2e\" class=\"has-inline-color has-white-color\">Decore o dispositivo:<\/mark><\/strong> Art. 109, \u00a75\u00ba, CF\/88. Saiba de cor a finalidade expressa: &#8220;assegurar o cumprimento de obriga\u00e7\u00f5es decorrentes de tratados internacionais de direitos humanos&#8221;.<\/p>\n\n\n\n<p><strong><mark style=\"background-color:#cf2e2e\" class=\"has-inline-color has-white-color\">Memorize os requisitos:<\/mark><\/strong> Todos devem estar presentes cumulativamente. Grave especialmente que \u00e9 necess\u00e1ria <strong>grave<\/strong> viola\u00e7\u00e3o (n\u00e3o qualquer viola\u00e7\u00e3o) e que deve haver <strong>risco concreto<\/strong> de responsabiliza\u00e7\u00e3o internacional.<\/p>\n\n\n\n<p><strong><mark style=\"background-color:#cf2e2e\" class=\"has-inline-color has-white-color\">Fixe a legitimidade:<\/mark><\/strong> S\u00f3 o PGR pode suscitar. S\u00f3 o STJ pode julgar. Qualquer quest\u00e3o que falar em v\u00edtima, fam\u00edlia, MPE ou STF como \u00f3rg\u00e3o competente est\u00e1 errada.<\/p>\n\n\n\n<p><strong><mark style=\"background-color:#cf2e2e\" class=\"has-inline-color has-white-color\">Conhe\u00e7a os precedentes:<\/mark><\/strong> Dorothy Stang (negado) e Manoel Mattos (primeiro deferimento). O caso Pedrinhas de 2024 refor\u00e7a a jurisprud\u00eancia.<\/p>\n\n\n\n<p><mark style=\"background-color:#cf2e2e\" class=\"has-inline-color has-white-color\"><strong>Pratique quest\u00f5es:<\/strong> <\/mark>A FGV adora cobrar o IDC misturado com outros institutos. Treine identificar o IDC e distingui-lo de ADPF, a\u00e7\u00e3o popular, Corte Interamericana e mandado de seguran\u00e7a.<\/p>\n\n\n\n<p>O IDC \u00e9 exce\u00e7\u00e3o \u00e0 regra geral de compet\u00eancia. Use-o com parcim\u00f4nia nas suas respostas discursivas. Mas na objetiva, saiba identificar quando ele deve ser aplicado. Isso vale pontos preciosos na primeira fase.<\/p>\n\n\n\n<p>E a\u00ed, est\u00e1 se sentindo mais preparado para estudar Direitos Humanos para OAB?<\/p>\n\n\n\n<p><strong><a href=\"https:\/\/oab.estrategia.com\/lp\/assinaturas\/index.html?utm_source=google&amp;utm_medium=cpc&amp;utm_campaign=oab-vd-gsh-marca&amp;gad_source=1&amp;gad_campaignid=14319512082&amp;gbraid=0AAAAADpTrcfj8iGdO_wwldDlbDgCmRXhw&amp;gclid=CjwKCAjw2vTFBhAuEiwAFaScwgoZAkDdGghONc8_MwUkK2x2XCPBLZLgGSRtp9whavGB-JMpS97GXhoCqvUQAvD_BwE\">Temos as melhores op\u00e7\u00f5es AQUI!<\/a><\/strong><\/p>\n\n\n\n<div class=\"wp-block-cover\" style=\"min-height:145px;aspect-ratio:unset;\"><span aria-hidden=\"true\" class=\"wp-block-cover__background has-background-dim\"><\/span><img decoding=\"async\" width=\"1024\" height=\"190\" class=\"wp-block-cover__image-background wp-image-2272\" alt=\"\" src=\"https:\/\/oab.estrategia.com\/portal\/wp-content\/uploads\/2022\/08\/19111944\/assinatura-oab-banner-exame-de-ordem-oab-assinatura-curso-oab-1024x190.jpg\" style=\"object-position:58% 29%\" data-object-fit=\"cover\" data-object-position=\"58% 29%\" srcset=\"https:\/\/oab.estrategia.com\/portal\/wp-content\/uploads\/2022\/08\/19111944\/assinatura-oab-banner-exame-de-ordem-oab-assinatura-curso-oab-1024x190.jpg 1024w, https:\/\/oab.estrategia.com\/portal\/wp-content\/uploads\/2022\/08\/19111944\/assinatura-oab-banner-exame-de-ordem-oab-assinatura-curso-oab-300x56.jpg 300w, https:\/\/oab.estrategia.com\/portal\/wp-content\/uploads\/2022\/08\/19111944\/assinatura-oab-banner-exame-de-ordem-oab-assinatura-curso-oab-768x143.jpg 768w, https:\/\/oab.estrategia.com\/portal\/wp-content\/uploads\/2022\/08\/19111944\/assinatura-oab-banner-exame-de-ordem-oab-assinatura-curso-oab-1536x285.jpg 1536w, https:\/\/oab.estrategia.com\/portal\/wp-content\/uploads\/2022\/08\/19111944\/assinatura-oab-banner-exame-de-ordem-oab-assinatura-curso-oab-380x71.jpg 380w, https:\/\/oab.estrategia.com\/portal\/wp-content\/uploads\/2022\/08\/19111944\/assinatura-oab-banner-exame-de-ordem-oab-assinatura-curso-oab-800x149.jpg 800w, https:\/\/oab.estrategia.com\/portal\/wp-content\/uploads\/2022\/08\/19111944\/assinatura-oab-banner-exame-de-ordem-oab-assinatura-curso-oab-1160x215.jpg 1160w, https:\/\/oab.estrategia.com\/portal\/wp-content\/uploads\/2022\/08\/19111944\/assinatura-oab-banner-exame-de-ordem-oab-assinatura-curso-oab-150x28.jpg 150w, https:\/\/oab.estrategia.com\/portal\/wp-content\/uploads\/2022\/08\/19111944\/assinatura-oab-banner-exame-de-ordem-oab-assinatura-curso-oab.jpg 1890w\" sizes=\"(max-width: 1024px) 100vw, 1024px\" \/><div class=\"wp-block-cover__inner-container is-layout-flow wp-block-cover-is-layout-flow\">\n<h3 id=\"assinatura-oab\" class=\"titulo-assinatura\">Assinatura OAB<\/h3>\n<p class=\"subtitulo-assinatura\" style=\"display:block!important; line-height: 0;\">Conte\u00fado completo para a 1\u00aa e 2\u00aa fase da OAB.<\/p>\n<a target=\"_blank\" href=\"https:\/\/oab.estrategia.com\/curso\/assinatura-oab\/\" rel=\"noopener\"><button style=\"border-radius: 10px; text-transform: capitalize;\">Acessar<\/button><\/a>\n<\/div><\/div>\n\n\n\n<h3 class=\"wp-block-heading has-text-align-center\" id=\"h-conteudos-exclusivos-e-atualizacoes-em-tempo-real-siga-nossas-redes-e-esteja-sempre-um-passo-a-frente\"><span id=\"conteudos-exclusivos-e-atualizacoes-em-tempo-realsiga-nossas-redes-e-esteja-sempre-um-passo-a-frente\">Conte\u00fados exclusivos e atualiza\u00e7\u00f5es em tempo real?<br>Siga<a href=\"https:\/\/www.instagram.com\/estrategiaoab\/\"> nossas redes<\/a> e esteja sempre um passo \u00e0 frente!<\/span><\/h3>\n\n\n\n<ul class=\"wp-block-social-links has-normal-icon-size has-visible-labels is-horizontal is-content-justification-center is-layout-flex wp-container-core-social-links-is-layout-499968f5 wp-block-social-links-is-layout-flex\"><li class=\"wp-social-link wp-social-link-facebook  wp-block-social-link\"><a rel=\"noopener nofollow\" target=\"_blank\" href=\"https:\/\/www.facebook.com\/oabestrategia?locale=pt_BR\" class=\"wp-block-social-link-anchor\"><svg width=\"24\" height=\"24\" viewBox=\"0 0 24 24\" version=\"1.1\" xmlns=\"http:\/\/www.w3.org\/2000\/svg\" aria-hidden=\"true\" focusable=\"false\"><path d=\"M12 2C6.5 2 2 6.5 2 12c0 5 3.7 9.1 8.4 9.9v-7H7.9V12h2.5V9.8c0-2.5 1.5-3.9 3.8-3.9 1.1 0 2.2.2 2.2.2v2.5h-1.3c-1.2 0-1.6.8-1.6 1.6V12h2.8l-.4 2.9h-2.3v7C18.3 21.1 22 17 22 12c0-5.5-4.5-10-10-10z\"><\/path><\/svg><span class=\"wp-block-social-link-label\">Facebook<\/span><\/a><\/li>\n\n<li class=\"wp-social-link wp-social-link-instagram  wp-block-social-link\"><a rel=\"noopener nofollow\" target=\"_blank\" href=\"https:\/\/www.instagram.com\/estrategiaoab\/\" class=\"wp-block-social-link-anchor\"><svg width=\"24\" height=\"24\" viewBox=\"0 0 24 24\" version=\"1.1\" xmlns=\"http:\/\/www.w3.org\/2000\/svg\" aria-hidden=\"true\" focusable=\"false\"><path d=\"M12,4.622c2.403,0,2.688,0.009,3.637,0.052c0.877,0.04,1.354,0.187,1.671,0.31c0.42,0.163,0.72,0.358,1.035,0.673 c0.315,0.315,0.51,0.615,0.673,1.035c0.123,0.317,0.27,0.794,0.31,1.671c0.043,0.949,0.052,1.234,0.052,3.637 s-0.009,2.688-0.052,3.637c-0.04,0.877-0.187,1.354-0.31,1.671c-0.163,0.42-0.358,0.72-0.673,1.035 c-0.315,0.315-0.615,0.51-1.035,0.673c-0.317,0.123-0.794,0.27-1.671,0.31c-0.949,0.043-1.233,0.052-3.637,0.052 s-2.688-0.009-3.637-0.052c-0.877-0.04-1.354-0.187-1.671-0.31c-0.42-0.163-0.72-0.358-1.035-0.673 c-0.315-0.315-0.51-0.615-0.673-1.035c-0.123-0.317-0.27-0.794-0.31-1.671C4.631,14.688,4.622,14.403,4.622,12 s0.009-2.688,0.052-3.637c0.04-0.877,0.187-1.354,0.31-1.671c0.163-0.42,0.358-0.72,0.673-1.035 c0.315-0.315,0.615-0.51,1.035-0.673c0.317-0.123,0.794-0.27,1.671-0.31C9.312,4.631,9.597,4.622,12,4.622 M12,3 C9.556,3,9.249,3.01,8.289,3.054C7.331,3.098,6.677,3.25,6.105,3.472C5.513,3.702,5.011,4.01,4.511,4.511 c-0.5,0.5-0.808,1.002-1.038,1.594C3.25,6.677,3.098,7.331,3.054,8.289C3.01,9.249,3,9.556,3,12c0,2.444,0.01,2.751,0.054,3.711 c0.044,0.958,0.196,1.612,0.418,2.185c0.23,0.592,0.538,1.094,1.038,1.594c0.5,0.5,1.002,0.808,1.594,1.038 c0.572,0.222,1.227,0.375,2.185,0.418C9.249,20.99,9.556,21,12,21s2.751-0.01,3.711-0.054c0.958-0.044,1.612-0.196,2.185-0.418 c0.592-0.23,1.094-0.538,1.594-1.038c0.5-0.5,0.808-1.002,1.038-1.594c0.222-0.572,0.375-1.227,0.418-2.185 C20.99,14.751,21,14.444,21,12s-0.01-2.751-0.054-3.711c-0.044-0.958-0.196-1.612-0.418-2.185c-0.23-0.592-0.538-1.094-1.038-1.594 c-0.5-0.5-1.002-0.808-1.594-1.038c-0.572-0.222-1.227-0.375-2.185-0.418C14.751,3.01,14.444,3,12,3L12,3z M12,7.378 c-2.552,0-4.622,2.069-4.622,4.622S9.448,16.622,12,16.622s4.622-2.069,4.622-4.622S14.552,7.378,12,7.378z M12,15 c-1.657,0-3-1.343-3-3s1.343-3,3-3s3,1.343,3,3S13.657,15,12,15z M16.804,6.116c-0.596,0-1.08,0.484-1.08,1.08 s0.484,1.08,1.08,1.08c0.596,0,1.08-0.484,1.08-1.08S17.401,6.116,16.804,6.116z\"><\/path><\/svg><span class=\"wp-block-social-link-label\">Instagram<\/span><\/a><\/li>\n\n<li class=\"wp-social-link wp-social-link-youtube  wp-block-social-link\"><a rel=\"noopener nofollow\" target=\"_blank\" href=\"https:\/\/www.youtube.com\/channel\/UC7rgrKTSF5aOrBGWOw60ovw\" class=\"wp-block-social-link-anchor\"><svg width=\"24\" height=\"24\" viewBox=\"0 0 24 24\" version=\"1.1\" xmlns=\"http:\/\/www.w3.org\/2000\/svg\" aria-hidden=\"true\" focusable=\"false\"><path d=\"M21.8,8.001c0,0-0.195-1.378-0.795-1.985c-0.76-0.797-1.613-0.801-2.004-0.847c-2.799-0.202-6.997-0.202-6.997-0.202 h-0.009c0,0-4.198,0-6.997,0.202C4.608,5.216,3.756,5.22,2.995,6.016C2.395,6.623,2.2,8.001,2.2,8.001S2,9.62,2,11.238v1.517 c0,1.618,0.2,3.237,0.2,3.237s0.195,1.378,0.795,1.985c0.761,0.797,1.76,0.771,2.205,0.855c1.6,0.153,6.8,0.201,6.8,0.201 s4.203-0.006,7.001-0.209c0.391-0.047,1.243-0.051,2.004-0.847c0.6-0.607,0.795-1.985,0.795-1.985s0.2-1.618,0.2-3.237v-1.517 C22,9.62,21.8,8.001,21.8,8.001z M9.935,14.594l-0.001-5.62l5.404,2.82L9.935,14.594z\"><\/path><\/svg><span class=\"wp-block-social-link-label\">Youtube<\/span><\/a><\/li>\n\n<li class=\"wp-social-link wp-social-link-telegram  wp-block-social-link\"><a rel=\"noopener nofollow\" target=\"_blank\" href=\"https:\/\/t.me\/transmissaoEstrategiaOAB\" class=\"wp-block-social-link-anchor\"><svg width=\"24\" height=\"24\" viewBox=\"0 0 128 128\" version=\"1.1\" xmlns=\"http:\/\/www.w3.org\/2000\/svg\" aria-hidden=\"true\" focusable=\"false\"><path d=\"M28.9700376,63.3244248 C47.6273373,55.1957357 60.0684594,49.8368063 66.2934036,47.2476366 C84.0668845,39.855031 87.7600616,38.5708563 90.1672227,38.528 C90.6966555,38.5191258 91.8804274,38.6503351 92.6472251,39.2725385 C93.294694,39.7979149 93.4728387,40.5076237 93.5580865,41.0057381 C93.6433345,41.5038525 93.7494885,42.63857 93.6651041,43.5252052 C92.7019529,53.6451182 88.5344133,78.2034783 86.4142057,89.5379542 C85.5170662,94.3339958 83.750571,95.9420841 82.0403991,96.0994568 C78.3237996,96.4414641 75.5015827,93.6432685 71.9018743,91.2836143 C66.2690414,87.5912212 63.0868492,85.2926952 57.6192095,81.6896017 C51.3004058,77.5256038 55.3966232,75.2369981 58.9976911,71.4967761 C59.9401076,70.5179421 76.3155302,55.6232293 76.6324771,54.2720454 C76.6721165,54.1030573 76.7089039,53.4731496 76.3346867,53.1405352 C75.9604695,52.8079208 75.4081573,52.921662 75.0095933,53.0121213 C74.444641,53.1403447 65.4461175,59.0880351 48.0140228,70.8551922 C45.4598218,72.6091037 43.1463059,73.4636682 41.0734751,73.4188859 C38.7883453,73.3695169 34.3926725,72.1268388 31.1249416,71.0646282 C27.1169366,69.7617838 23.931454,69.0729605 24.208838,66.8603276 C24.3533167,65.7078514 25.9403832,64.5292172 28.9700376,63.3244248 Z\" \/><\/svg><span class=\"wp-block-social-link-label\">Telegram<\/span><\/a><\/li>\n\n<li class=\"wp-social-link wp-social-link-whatsapp  wp-block-social-link\"><a rel=\"noopener nofollow\" target=\"_blank\" href=\"https:\/\/chat.whatsapp.com\/GVIH7MrkoVAGyAxc6MuwWf\" class=\"wp-block-social-link-anchor\"><svg width=\"24\" height=\"24\" viewBox=\"0 0 24 24\" version=\"1.1\" xmlns=\"http:\/\/www.w3.org\/2000\/svg\" aria-hidden=\"true\" focusable=\"false\"><path d=\"M 12.011719 2 C 6.5057187 2 2.0234844 6.478375 2.0214844 11.984375 C 2.0204844 13.744375 2.4814687 15.462563 3.3554688 16.976562 L 2 22 L 7.2324219 20.763672 C 8.6914219 21.559672 10.333859 21.977516 12.005859 21.978516 L 12.009766 21.978516 C 17.514766 21.978516 21.995047 17.499141 21.998047 11.994141 C 22.000047 9.3251406 20.962172 6.8157344 19.076172 4.9277344 C 17.190172 3.0407344 14.683719 2.001 12.011719 2 z M 12.009766 4 C 14.145766 4.001 16.153109 4.8337969 17.662109 6.3417969 C 19.171109 7.8517969 20.000047 9.8581875 19.998047 11.992188 C 19.996047 16.396187 16.413812 19.978516 12.007812 19.978516 C 10.674812 19.977516 9.3544062 19.642812 8.1914062 19.007812 L 7.5175781 18.640625 L 6.7734375 18.816406 L 4.8046875 19.28125 L 5.2851562 17.496094 L 5.5019531 16.695312 L 5.0878906 15.976562 C 4.3898906 14.768562 4.0204844 13.387375 4.0214844 11.984375 C 4.0234844 7.582375 7.6067656 4 12.009766 4 z M 8.4765625 7.375 C 8.3095625 7.375 8.0395469 7.4375 7.8105469 7.6875 C 7.5815469 7.9365 6.9355469 8.5395781 6.9355469 9.7675781 C 6.9355469 10.995578 7.8300781 12.182609 7.9550781 12.349609 C 8.0790781 12.515609 9.68175 15.115234 12.21875 16.115234 C 14.32675 16.946234 14.754891 16.782234 15.212891 16.740234 C 15.670891 16.699234 16.690438 16.137687 16.898438 15.554688 C 17.106437 14.971687 17.106922 14.470187 17.044922 14.367188 C 16.982922 14.263188 16.816406 14.201172 16.566406 14.076172 C 16.317406 13.951172 15.090328 13.348625 14.861328 13.265625 C 14.632328 13.182625 14.464828 13.140625 14.298828 13.390625 C 14.132828 13.640625 13.655766 14.201187 13.509766 14.367188 C 13.363766 14.534188 13.21875 14.556641 12.96875 14.431641 C 12.71875 14.305641 11.914938 14.041406 10.960938 13.191406 C 10.218937 12.530406 9.7182656 11.714844 9.5722656 11.464844 C 9.4272656 11.215844 9.5585938 11.079078 9.6835938 10.955078 C 9.7955938 10.843078 9.9316406 10.663578 10.056641 10.517578 C 10.180641 10.371578 10.223641 10.267562 10.306641 10.101562 C 10.389641 9.9355625 10.347156 9.7890625 10.285156 9.6640625 C 10.223156 9.5390625 9.737625 8.3065 9.515625 7.8125 C 9.328625 7.3975 9.131125 7.3878594 8.953125 7.3808594 C 8.808125 7.3748594 8.6425625 7.375 8.4765625 7.375 z\"><\/path><\/svg><span class=\"wp-block-social-link-label\">WhatsApp<\/span><\/a><\/li><\/ul>\n\n\n\n<p><\/p>\n","protected":false},"excerpt":{"rendered":"Confira as principais atualidades de Direitos Humanos para OAB e estude os temas mais cobrados na 1\u00aa fase.&hellip;\n","protected":false},"author":106,"featured_media":7695,"comment_status":"open","ping_status":"open","sticky":false,"template":"","format":"standard","meta":{"_jetpack_memberships_contains_paid_content":false,"footnotes":""},"categories":[30,31,1],"tags":[197,92,131,474,52,58,56,100],"class_list":{"0":"post-28454","1":"post","2":"type-post","3":"status-publish","4":"format-standard","5":"has-post-thumbnail","7":"category-1a-fase-oab","8":"category-2a-fase-oab","9":"category-carreira","10":"tag-1a-fase-oab","11":"tag-2a-fase-oab","12":"tag-dicas-de-estudos","13":"tag-direitos-humanos","14":"tag-estrategia-oab","15":"tag-exame-da-ordem","16":"tag-oab","17":"tag-prova-oab"},"acf":[],"yoast_head":"<!-- This site is optimized with the Yoast SEO Premium plugin v26.2 (Yoast SEO v27.4) - https:\/\/yoast.com\/product\/yoast-seo-premium-wordpress\/ -->\n<title>Direitos Humanos para OAB: atualidades que podem cair na prova<\/title>\n<meta name=\"description\" content=\"Confira as principais atualidades de Direitos Humanos que podem cair na OAB 45 e estude os temas mais cobrados na 1\u00aa fase.\" \/>\n<meta name=\"robots\" content=\"index, follow, max-snippet:-1, max-image-preview:large, max-video-preview:-1\" \/>\n<link rel=\"canonical\" href=\"https:\/\/oab.estrategia.com\/portal\/direitos-humanos-atualidades-oab-45\/\" \/>\n<meta property=\"og:locale\" content=\"pt_BR\" \/>\n<meta property=\"og:type\" content=\"article\" \/>\n<meta property=\"og:title\" content=\"Direitos Humanos: atualidades que podem cair na OAB 45\" \/>\n<meta property=\"og:description\" content=\"Confira as principais atualidades de Direitos Humanos que podem cair na OAB 45 e estude os temas mais cobrados na 1\u00aa fase.\" \/>\n<meta property=\"og:url\" content=\"https:\/\/oab.estrategia.com\/portal\/direitos-humanos-atualidades-oab-45\/\" \/>\n<meta property=\"og:site_name\" content=\"Blog - OAB - Estrat\u00e9gia\" \/>\n<meta property=\"article:publisher\" content=\"https:\/\/www.facebook.com\/estrategiaoab\/\" \/>\n<meta property=\"article:published_time\" content=\"2025-12-13T19:52:19+00:00\" \/>\n<meta property=\"article:modified_time\" content=\"2025-12-13T19:52:23+00:00\" \/>\n<meta property=\"og:image\" content=\"https:\/\/oab.estrategia.com\/portal\/portal\/wp-content\/uploads\/2023\/05\/30173247\/dimensoes-direitos-humanos-oab-1a-fase.png\" \/>\n\t<meta property=\"og:image:width\" content=\"640\" \/>\n\t<meta property=\"og:image:height\" content=\"853\" \/>\n\t<meta property=\"og:image:type\" content=\"image\/png\" \/>\n<meta name=\"author\" content=\"Gustavo Henrique de Andrade Cordeiro\" \/>\n<meta name=\"twitter:card\" content=\"summary_large_image\" \/>\n<meta name=\"twitter:creator\" content=\"@estrategiaoab\" \/>\n<meta name=\"twitter:site\" content=\"@estrategiaoab\" \/>\n<meta name=\"twitter:label1\" content=\"Escrito por\" \/>\n\t<meta name=\"twitter:data1\" content=\"Gustavo Henrique de Andrade Cordeiro\" \/>\n\t<meta name=\"twitter:label2\" content=\"Est. tempo de leitura\" \/>\n\t<meta name=\"twitter:data2\" content=\"11 minutos\" \/>\n<script type=\"application\/ld+json\" class=\"yoast-schema-graph\">{\"@context\":\"https:\\\/\\\/schema.org\",\"@graph\":[{\"@type\":\"Article\",\"@id\":\"https:\\\/\\\/oab.estrategia.com\\\/portal\\\/direitos-humanos-atualidades-oab-45\\\/#article\",\"isPartOf\":{\"@id\":\"https:\\\/\\\/oab.estrategia.com\\\/portal\\\/direitos-humanos-atualidades-oab-45\\\/\"},\"author\":{\"name\":\"Gustavo Henrique de Andrade Cordeiro\",\"@id\":\"https:\\\/\\\/oab.estrategia.com\\\/portal\\\/#\\\/schema\\\/person\\\/6fac512852071b104b1533ae817217ca\"},\"headline\":\"Direitos Humanos: atualidades que podem cair na OAB 45\",\"datePublished\":\"2025-12-13T19:52:19+00:00\",\"dateModified\":\"2025-12-13T19:52:23+00:00\",\"mainEntityOfPage\":{\"@id\":\"https:\\\/\\\/oab.estrategia.com\\\/portal\\\/direitos-humanos-atualidades-oab-45\\\/\"},\"wordCount\":2056,\"commentCount\":0,\"publisher\":{\"@id\":\"https:\\\/\\\/oab.estrategia.com\\\/portal\\\/#organization\"},\"image\":{\"@id\":\"https:\\\/\\\/oab.estrategia.com\\\/portal\\\/direitos-humanos-atualidades-oab-45\\\/#primaryimage\"},\"thumbnailUrl\":\"https:\\\/\\\/oab.estrategia.com\\\/portal\\\/wp-content\\\/uploads\\\/2023\\\/05\\\/30173247\\\/dimensoes-direitos-humanos-oab-1a-fase.png\",\"keywords\":[\"1\u00aa fase OAB\",\"2\u00aa fase OAB\",\"dicas de estudos\",\"direitos humanos\",\"Estrat\u00e9gia OAB\",\"Exame da Ordem\",\"oab\",\"prova OAB\"],\"articleSection\":[\"1\u00aa Fase OAB\",\"2\u00aa Fase OAB\",\"Carreira\"],\"inLanguage\":\"pt-BR\",\"potentialAction\":[{\"@type\":\"CommentAction\",\"name\":\"Comment\",\"target\":[\"https:\\\/\\\/oab.estrategia.com\\\/portal\\\/direitos-humanos-atualidades-oab-45\\\/#respond\"]}]},{\"@type\":\"WebPage\",\"@id\":\"https:\\\/\\\/oab.estrategia.com\\\/portal\\\/direitos-humanos-atualidades-oab-45\\\/\",\"url\":\"https:\\\/\\\/oab.estrategia.com\\\/portal\\\/direitos-humanos-atualidades-oab-45\\\/\",\"name\":\"Direitos Humanos para OAB: atualidades que podem cair na prova\",\"isPartOf\":{\"@id\":\"https:\\\/\\\/oab.estrategia.com\\\/portal\\\/#website\"},\"primaryImageOfPage\":{\"@id\":\"https:\\\/\\\/oab.estrategia.com\\\/portal\\\/direitos-humanos-atualidades-oab-45\\\/#primaryimage\"},\"image\":{\"@id\":\"https:\\\/\\\/oab.estrategia.com\\\/portal\\\/direitos-humanos-atualidades-oab-45\\\/#primaryimage\"},\"thumbnailUrl\":\"https:\\\/\\\/oab.estrategia.com\\\/portal\\\/wp-content\\\/uploads\\\/2023\\\/05\\\/30173247\\\/dimensoes-direitos-humanos-oab-1a-fase.png\",\"datePublished\":\"2025-12-13T19:52:19+00:00\",\"dateModified\":\"2025-12-13T19:52:23+00:00\",\"description\":\"Confira as principais atualidades de Direitos Humanos que podem cair na OAB 45 e estude os temas mais cobrados na 1\u00aa fase.\",\"breadcrumb\":{\"@id\":\"https:\\\/\\\/oab.estrategia.com\\\/portal\\\/direitos-humanos-atualidades-oab-45\\\/#breadcrumb\"},\"inLanguage\":\"pt-BR\",\"potentialAction\":[{\"@type\":\"ReadAction\",\"target\":[\"https:\\\/\\\/oab.estrategia.com\\\/portal\\\/direitos-humanos-atualidades-oab-45\\\/\"]}]},{\"@type\":\"ImageObject\",\"inLanguage\":\"pt-BR\",\"@id\":\"https:\\\/\\\/oab.estrategia.com\\\/portal\\\/direitos-humanos-atualidades-oab-45\\\/#primaryimage\",\"url\":\"https:\\\/\\\/oab.estrategia.com\\\/portal\\\/wp-content\\\/uploads\\\/2023\\\/05\\\/30173247\\\/dimensoes-direitos-humanos-oab-1a-fase.png\",\"contentUrl\":\"https:\\\/\\\/oab.estrategia.com\\\/portal\\\/wp-content\\\/uploads\\\/2023\\\/05\\\/30173247\\\/dimensoes-direitos-humanos-oab-1a-fase.png\",\"width\":640,\"height\":853,\"caption\":\"dimens\u00f5es dos direitos humanos 1\u00aa fase da OAB\"},{\"@type\":\"BreadcrumbList\",\"@id\":\"https:\\\/\\\/oab.estrategia.com\\\/portal\\\/direitos-humanos-atualidades-oab-45\\\/#breadcrumb\",\"itemListElement\":[{\"@type\":\"ListItem\",\"position\":1,\"name\":\"In\u00edcio\",\"item\":\"https:\\\/\\\/oab.estrategia.com\\\/portal\\\/\"},{\"@type\":\"ListItem\",\"position\":2,\"name\":\"Direitos Humanos: atualidades que podem cair na OAB 45\"}]},{\"@type\":\"WebSite\",\"@id\":\"https:\\\/\\\/oab.estrategia.com\\\/portal\\\/#website\",\"url\":\"https:\\\/\\\/oab.estrategia.com\\\/portal\\\/\",\"name\":\"Blog - OAB - Estrat\u00e9gia\",\"description\":\"Blog OAB - Estrat\u00e9gia Concursos\",\"publisher\":{\"@id\":\"https:\\\/\\\/oab.estrategia.com\\\/portal\\\/#organization\"},\"potentialAction\":[{\"@type\":\"SearchAction\",\"target\":{\"@type\":\"EntryPoint\",\"urlTemplate\":\"https:\\\/\\\/oab.estrategia.com\\\/portal\\\/?s={search_term_string}\"},\"query-input\":{\"@type\":\"PropertyValueSpecification\",\"valueRequired\":true,\"valueName\":\"search_term_string\"}}],\"inLanguage\":\"pt-BR\"},{\"@type\":\"Organization\",\"@id\":\"https:\\\/\\\/oab.estrategia.com\\\/portal\\\/#organization\",\"name\":\"Estrat\u00e9gia Concursos\",\"url\":\"https:\\\/\\\/oab.estrategia.com\\\/portal\\\/\",\"logo\":{\"@type\":\"ImageObject\",\"inLanguage\":\"pt-BR\",\"@id\":\"https:\\\/\\\/oab.estrategia.com\\\/portal\\\/#\\\/schema\\\/logo\\\/image\\\/\",\"url\":\"https:\\\/\\\/oab.estrategia.com\\\/portal\\\/wp-content\\\/uploads\\\/2022\\\/04\\\/06103601\\\/oab-icone-2.png\",\"contentUrl\":\"https:\\\/\\\/oab.estrategia.com\\\/portal\\\/wp-content\\\/uploads\\\/2022\\\/04\\\/06103601\\\/oab-icone-2.png\",\"width\":900,\"height\":900,\"caption\":\"Estrat\u00e9gia Concursos\"},\"image\":{\"@id\":\"https:\\\/\\\/oab.estrategia.com\\\/portal\\\/#\\\/schema\\\/logo\\\/image\\\/\"},\"sameAs\":[\"https:\\\/\\\/www.facebook.com\\\/estrategiaoab\\\/\",\"https:\\\/\\\/x.com\\\/estrategiaoab\",\"https:\\\/\\\/www.instagram.com\\\/estrategiaoab\\\/\",\"https:\\\/\\\/www.youtube.com\\\/EstrategiaOAB\"]},{\"@type\":\"Person\",\"@id\":\"https:\\\/\\\/oab.estrategia.com\\\/portal\\\/#\\\/schema\\\/person\\\/6fac512852071b104b1533ae817217ca\",\"name\":\"Gustavo Henrique de Andrade Cordeiro\",\"image\":{\"@type\":\"ImageObject\",\"inLanguage\":\"pt-BR\",\"@id\":\"https:\\\/\\\/oab.estrategia.com\\\/portal\\\/wp-content\\\/uploads\\\/2024\\\/08\\\/28184513\\\/professor-gustavo-henrique-de-andrade-cordeiro-estrategia-oab-96x96.jpg\",\"url\":\"https:\\\/\\\/oab.estrategia.com\\\/portal\\\/wp-content\\\/uploads\\\/2024\\\/08\\\/28184513\\\/professor-gustavo-henrique-de-andrade-cordeiro-estrategia-oab-96x96.jpg\",\"contentUrl\":\"https:\\\/\\\/oab.estrategia.com\\\/portal\\\/wp-content\\\/uploads\\\/2024\\\/08\\\/28184513\\\/professor-gustavo-henrique-de-andrade-cordeiro-estrategia-oab-96x96.jpg\",\"caption\":\"Gustavo Henrique de Andrade Cordeiro\"},\"description\":\"Promotor de Justi\u00e7a no Minist\u00e9rio P\u00fablico de S\u00e3o Paulo. Mestre e doutor em Direito. Professor universit\u00e1rio.\",\"url\":\"https:\\\/\\\/oab.estrategia.com\\\/portal\\\/author\\\/gustavo-henrique-de-andrade-cordeiro\\\/\"}]}<\/script>\n<!-- \/ Yoast SEO Premium plugin. -->","yoast_head_json":{"title":"Direitos Humanos para OAB: atualidades que podem cair na prova","description":"Confira as principais atualidades de Direitos Humanos que podem cair na OAB 45 e estude os temas mais cobrados na 1\u00aa fase.","robots":{"index":"index","follow":"follow","max-snippet":"max-snippet:-1","max-image-preview":"max-image-preview:large","max-video-preview":"max-video-preview:-1"},"canonical":"https:\/\/oab.estrategia.com\/portal\/direitos-humanos-atualidades-oab-45\/","og_locale":"pt_BR","og_type":"article","og_title":"Direitos Humanos: atualidades que podem cair na OAB 45","og_description":"Confira as principais atualidades de Direitos Humanos que podem cair na OAB 45 e estude os temas mais cobrados na 1\u00aa fase.","og_url":"https:\/\/oab.estrategia.com\/portal\/direitos-humanos-atualidades-oab-45\/","og_site_name":"Blog - OAB - Estrat\u00e9gia","article_publisher":"https:\/\/www.facebook.com\/estrategiaoab\/","article_published_time":"2025-12-13T19:52:19+00:00","article_modified_time":"2025-12-13T19:52:23+00:00","og_image":[{"width":640,"height":853,"url":"https:\/\/oab.estrategia.com\/portal\/portal\/wp-content\/uploads\/2023\/05\/30173247\/dimensoes-direitos-humanos-oab-1a-fase.png","type":"image\/png"}],"author":"Gustavo Henrique de Andrade Cordeiro","twitter_card":"summary_large_image","twitter_creator":"@estrategiaoab","twitter_site":"@estrategiaoab","twitter_misc":{"Escrito por":"Gustavo Henrique de Andrade Cordeiro","Est. tempo de leitura":"11 minutos"},"schema":{"@context":"https:\/\/schema.org","@graph":[{"@type":"Article","@id":"https:\/\/oab.estrategia.com\/portal\/direitos-humanos-atualidades-oab-45\/#article","isPartOf":{"@id":"https:\/\/oab.estrategia.com\/portal\/direitos-humanos-atualidades-oab-45\/"},"author":{"name":"Gustavo Henrique de Andrade Cordeiro","@id":"https:\/\/oab.estrategia.com\/portal\/#\/schema\/person\/6fac512852071b104b1533ae817217ca"},"headline":"Direitos Humanos: atualidades que podem cair na OAB 45","datePublished":"2025-12-13T19:52:19+00:00","dateModified":"2025-12-13T19:52:23+00:00","mainEntityOfPage":{"@id":"https:\/\/oab.estrategia.com\/portal\/direitos-humanos-atualidades-oab-45\/"},"wordCount":2056,"commentCount":0,"publisher":{"@id":"https:\/\/oab.estrategia.com\/portal\/#organization"},"image":{"@id":"https:\/\/oab.estrategia.com\/portal\/direitos-humanos-atualidades-oab-45\/#primaryimage"},"thumbnailUrl":"https:\/\/oab.estrategia.com\/portal\/wp-content\/uploads\/2023\/05\/30173247\/dimensoes-direitos-humanos-oab-1a-fase.png","keywords":["1\u00aa fase OAB","2\u00aa fase OAB","dicas de estudos","direitos humanos","Estrat\u00e9gia OAB","Exame da Ordem","oab","prova OAB"],"articleSection":["1\u00aa Fase OAB","2\u00aa Fase OAB","Carreira"],"inLanguage":"pt-BR","potentialAction":[{"@type":"CommentAction","name":"Comment","target":["https:\/\/oab.estrategia.com\/portal\/direitos-humanos-atualidades-oab-45\/#respond"]}]},{"@type":"WebPage","@id":"https:\/\/oab.estrategia.com\/portal\/direitos-humanos-atualidades-oab-45\/","url":"https:\/\/oab.estrategia.com\/portal\/direitos-humanos-atualidades-oab-45\/","name":"Direitos Humanos para OAB: atualidades que podem cair na prova","isPartOf":{"@id":"https:\/\/oab.estrategia.com\/portal\/#website"},"primaryImageOfPage":{"@id":"https:\/\/oab.estrategia.com\/portal\/direitos-humanos-atualidades-oab-45\/#primaryimage"},"image":{"@id":"https:\/\/oab.estrategia.com\/portal\/direitos-humanos-atualidades-oab-45\/#primaryimage"},"thumbnailUrl":"https:\/\/oab.estrategia.com\/portal\/wp-content\/uploads\/2023\/05\/30173247\/dimensoes-direitos-humanos-oab-1a-fase.png","datePublished":"2025-12-13T19:52:19+00:00","dateModified":"2025-12-13T19:52:23+00:00","description":"Confira as principais atualidades de Direitos Humanos que podem cair na OAB 45 e estude os temas mais cobrados na 1\u00aa fase.","breadcrumb":{"@id":"https:\/\/oab.estrategia.com\/portal\/direitos-humanos-atualidades-oab-45\/#breadcrumb"},"inLanguage":"pt-BR","potentialAction":[{"@type":"ReadAction","target":["https:\/\/oab.estrategia.com\/portal\/direitos-humanos-atualidades-oab-45\/"]}]},{"@type":"ImageObject","inLanguage":"pt-BR","@id":"https:\/\/oab.estrategia.com\/portal\/direitos-humanos-atualidades-oab-45\/#primaryimage","url":"https:\/\/oab.estrategia.com\/portal\/wp-content\/uploads\/2023\/05\/30173247\/dimensoes-direitos-humanos-oab-1a-fase.png","contentUrl":"https:\/\/oab.estrategia.com\/portal\/wp-content\/uploads\/2023\/05\/30173247\/dimensoes-direitos-humanos-oab-1a-fase.png","width":640,"height":853,"caption":"dimens\u00f5es dos direitos humanos 1\u00aa fase da OAB"},{"@type":"BreadcrumbList","@id":"https:\/\/oab.estrategia.com\/portal\/direitos-humanos-atualidades-oab-45\/#breadcrumb","itemListElement":[{"@type":"ListItem","position":1,"name":"In\u00edcio","item":"https:\/\/oab.estrategia.com\/portal\/"},{"@type":"ListItem","position":2,"name":"Direitos Humanos: atualidades que podem cair na OAB 45"}]},{"@type":"WebSite","@id":"https:\/\/oab.estrategia.com\/portal\/#website","url":"https:\/\/oab.estrategia.com\/portal\/","name":"Blog - OAB - Estrat\u00e9gia","description":"Blog OAB - Estrat\u00e9gia Concursos","publisher":{"@id":"https:\/\/oab.estrategia.com\/portal\/#organization"},"potentialAction":[{"@type":"SearchAction","target":{"@type":"EntryPoint","urlTemplate":"https:\/\/oab.estrategia.com\/portal\/?s={search_term_string}"},"query-input":{"@type":"PropertyValueSpecification","valueRequired":true,"valueName":"search_term_string"}}],"inLanguage":"pt-BR"},{"@type":"Organization","@id":"https:\/\/oab.estrategia.com\/portal\/#organization","name":"Estrat\u00e9gia Concursos","url":"https:\/\/oab.estrategia.com\/portal\/","logo":{"@type":"ImageObject","inLanguage":"pt-BR","@id":"https:\/\/oab.estrategia.com\/portal\/#\/schema\/logo\/image\/","url":"https:\/\/oab.estrategia.com\/portal\/wp-content\/uploads\/2022\/04\/06103601\/oab-icone-2.png","contentUrl":"https:\/\/oab.estrategia.com\/portal\/wp-content\/uploads\/2022\/04\/06103601\/oab-icone-2.png","width":900,"height":900,"caption":"Estrat\u00e9gia Concursos"},"image":{"@id":"https:\/\/oab.estrategia.com\/portal\/#\/schema\/logo\/image\/"},"sameAs":["https:\/\/www.facebook.com\/estrategiaoab\/","https:\/\/x.com\/estrategiaoab","https:\/\/www.instagram.com\/estrategiaoab\/","https:\/\/www.youtube.com\/EstrategiaOAB"]},{"@type":"Person","@id":"https:\/\/oab.estrategia.com\/portal\/#\/schema\/person\/6fac512852071b104b1533ae817217ca","name":"Gustavo Henrique de Andrade Cordeiro","image":{"@type":"ImageObject","inLanguage":"pt-BR","@id":"https:\/\/oab.estrategia.com\/portal\/wp-content\/uploads\/2024\/08\/28184513\/professor-gustavo-henrique-de-andrade-cordeiro-estrategia-oab-96x96.jpg","url":"https:\/\/oab.estrategia.com\/portal\/wp-content\/uploads\/2024\/08\/28184513\/professor-gustavo-henrique-de-andrade-cordeiro-estrategia-oab-96x96.jpg","contentUrl":"https:\/\/oab.estrategia.com\/portal\/wp-content\/uploads\/2024\/08\/28184513\/professor-gustavo-henrique-de-andrade-cordeiro-estrategia-oab-96x96.jpg","caption":"Gustavo Henrique de Andrade Cordeiro"},"description":"Promotor de Justi\u00e7a no Minist\u00e9rio P\u00fablico de S\u00e3o Paulo. Mestre e doutor em Direito. Professor universit\u00e1rio.","url":"https:\/\/oab.estrategia.com\/portal\/author\/gustavo-henrique-de-andrade-cordeiro\/"}]}},"jetpack_featured_media_url":"https:\/\/oab.estrategia.com\/portal\/wp-content\/uploads\/2023\/05\/30173247\/dimensoes-direitos-humanos-oab-1a-fase.png","jetpack_sharing_enabled":true,"_links":{"self":[{"href":"https:\/\/oab.estrategia.com\/portal\/wp-json\/wp\/v2\/posts\/28454","targetHints":{"allow":["GET"]}}],"collection":[{"href":"https:\/\/oab.estrategia.com\/portal\/wp-json\/wp\/v2\/posts"}],"about":[{"href":"https:\/\/oab.estrategia.com\/portal\/wp-json\/wp\/v2\/types\/post"}],"author":[{"embeddable":true,"href":"https:\/\/oab.estrategia.com\/portal\/wp-json\/wp\/v2\/users\/106"}],"replies":[{"embeddable":true,"href":"https:\/\/oab.estrategia.com\/portal\/wp-json\/wp\/v2\/comments?post=28454"}],"version-history":[{"count":21,"href":"https:\/\/oab.estrategia.com\/portal\/wp-json\/wp\/v2\/posts\/28454\/revisions"}],"predecessor-version":[{"id":28488,"href":"https:\/\/oab.estrategia.com\/portal\/wp-json\/wp\/v2\/posts\/28454\/revisions\/28488"}],"wp:featuredmedia":[{"embeddable":true,"href":"https:\/\/oab.estrategia.com\/portal\/wp-json\/wp\/v2\/media\/7695"}],"wp:attachment":[{"href":"https:\/\/oab.estrategia.com\/portal\/wp-json\/wp\/v2\/media?parent=28454"}],"wp:term":[{"taxonomy":"category","embeddable":true,"href":"https:\/\/oab.estrategia.com\/portal\/wp-json\/wp\/v2\/categories?post=28454"},{"taxonomy":"post_tag","embeddable":true,"href":"https:\/\/oab.estrategia.com\/portal\/wp-json\/wp\/v2\/tags?post=28454"}],"curies":[{"name":"wp","href":"https:\/\/api.w.org\/{rel}","templated":true}]}}