{"id":30018,"date":"2026-01-24T19:07:35","date_gmt":"2026-01-24T22:07:35","guid":{"rendered":"https:\/\/oab.estrategia.com\/portal\/?p=30018"},"modified":"2026-01-24T19:07:38","modified_gmt":"2026-01-24T22:07:38","slug":"vade-mecum-de-tributario-estrategias-oab","status":"publish","type":"post","link":"https:\/\/oab.estrategia.com\/portal\/vade-mecum-de-tributario-estrategias-oab\/","title":{"rendered":"Pontos escondidos no Vade-m\u00e9cum de Tribut\u00e1rio: estrat\u00e9gias pr\u00e1ticas para a Segunda Fase da OAB"},"content":{"rendered":"\n<p><em>Saiba como explorar as marca\u00e7\u00f5es no Vade-m\u00e9cum de Tribut\u00e1rio e aplicar estrat\u00e9gias pr\u00e1ticas que fazem diferen\u00e7a na 2\u00aa fase da OAB.<\/em><\/p>\n\n\n\n<p><\/p>\n\n\n\n<figure class=\"wp-block-image size-full\"><img decoding=\"async\" width=\"849\" height=\"564\" src=\"https:\/\/oab.estrategia.com\/portal\/wp-content\/uploads\/2026\/01\/24185141\/image-5.png\" alt=\"vade-m\u00e9cum de Tribut\u00e1rio\" class=\"wp-image-30033\" srcset=\"https:\/\/oab.estrategia.com\/portal\/wp-content\/uploads\/2026\/01\/24185141\/image-5.png 849w, https:\/\/oab.estrategia.com\/portal\/wp-content\/uploads\/2026\/01\/24185141\/image-5-300x199.png 300w, https:\/\/oab.estrategia.com\/portal\/wp-content\/uploads\/2026\/01\/24185141\/image-5-768x510.png 768w, https:\/\/oab.estrategia.com\/portal\/wp-content\/uploads\/2026\/01\/24185141\/image-5-380x252.png 380w, https:\/\/oab.estrategia.com\/portal\/wp-content\/uploads\/2026\/01\/24185141\/image-5-800x531.png 800w, https:\/\/oab.estrategia.com\/portal\/wp-content\/uploads\/2026\/01\/24185141\/image-5-150x100.png 150w\" sizes=\"(max-width: 849px) 100vw, 849px\" \/><\/figure>\n\n\n\n<p><\/p>\n\n\n\n<h2 class=\"wp-block-heading\" id=\"h-introducao-vade-mecum-de-tributario\"><span id=\"introducao-vade-mecum-de-tributario\"><strong>Introdu\u00e7\u00e3o &#8211; Vade-m\u00e9cum de Tribut\u00e1rio<\/strong><\/span><\/h2>\n\n\n\n<p>A segunda fase da OAB em direito tribut\u00e1rio representa desafio que exige n\u00e3o apenas conhecimento te\u00f3rico s\u00f3lido, mas tamb\u00e9m dom\u00ednio estrat\u00e9gico do vade-m\u00e9cum.\u00a0<\/p>\n\n\n\n<p>Muitos candidatos conhecem os dispositivos principais do C\u00f3digo Tribut\u00e1rio Nacional, mas desconhecem artigos fundamentais que podem fazer a diferen\u00e7a entre a aprova\u00e7\u00e3o e a reprova\u00e7\u00e3o.&nbsp;<\/p>\n\n\n\n<p>Nessa linha, o examinador da FGV frequentemente explora normas que passam despercebidas na prepara\u00e7\u00e3o tradicional, testando a capacidade do candidato de localizar rapidamente fundamentos jur\u00eddicos precisos durante a prova.<\/p>\n\n\n\n<p>Logo, este artigo revela os pontos estrat\u00e9gicos que voc\u00ea deve marcar no seu vademecum e apresenta t\u00e9cnicas comprovadas para maximizar seu desempenho tanto na pe\u00e7a pr\u00e1tico-profissional quanto nas quest\u00f5es discursivas.&nbsp;<\/p>\n\n\n\n<p>Vamos al\u00e9m da decoreba dos artigos mais \u00f3bvios e mergulhar nos dispositivos que realmente aparecem nas provas, mas que poucos candidatos dominam.<\/p>\n\n\n<div class=\"wp-block-image\">\n<figure class=\"aligncenter size-full is-resized\"><img decoding=\"async\" width=\"639\" height=\"654\" src=\"https:\/\/oab.estrategia.com\/portal\/wp-content\/uploads\/2026\/01\/24190602\/coruja_marca.png\" alt=\"\" class=\"wp-image-30043\" style=\"width:162px;height:auto\" srcset=\"https:\/\/oab.estrategia.com\/portal\/wp-content\/uploads\/2026\/01\/24190602\/coruja_marca.png 639w, https:\/\/oab.estrategia.com\/portal\/wp-content\/uploads\/2026\/01\/24190602\/coruja_marca-293x300.png 293w, https:\/\/oab.estrategia.com\/portal\/wp-content\/uploads\/2026\/01\/24190602\/coruja_marca-380x389.png 380w, https:\/\/oab.estrategia.com\/portal\/wp-content\/uploads\/2026\/01\/24190602\/coruja_marca-24x24.png 24w, https:\/\/oab.estrategia.com\/portal\/wp-content\/uploads\/2026\/01\/24190602\/coruja_marca-48x48.png 48w, https:\/\/oab.estrategia.com\/portal\/wp-content\/uploads\/2026\/01\/24190602\/coruja_marca-150x154.png 150w\" sizes=\"(max-width: 639px) 100vw, 639px\" \/><\/figure>\n<\/div>\n\n\n<h2 class=\"wp-block-heading\" id=\"h-a-importancia-estrategica-do-vade-mecum-bem-marcado\"><span id=\"a-importancia-estrategica-do-vade-mecum-bem-marcado\"><strong>A import\u00e2ncia estrat\u00e9gica do Vade-m\u00e9cum bem marcado<\/strong><\/span><\/h2>\n\n\n\n<p>Antes de revelar os pontos espec\u00edficos, voc\u00ea precisa compreender algo fundamental sobre a segunda fase: n\u00e3o se trata de teste de mem\u00f3ria, mas de capacidade de argumenta\u00e7\u00e3o jur\u00eddica fundamentada.&nbsp;<\/p>\n\n\n\n<p>O examinador quer ver que voc\u00ea sabe onde buscar a resposta, como interpretar o dispositivo legal e como aplic\u00e1-lo ao caso concreto.&nbsp;<\/p>\n\n\n\n<p>Nesse sentido, um vade-m\u00e9cum bem organizado funciona como seu mapa do tesouro durante as quatro horas de prova.<\/p>\n\n\n\n<p>A <strong>diferen\u00e7a entre candidatos aprovados e reprovados frequentemente reside na velocidade de localiza\u00e7\u00e3o dos fundamentos legais.\u00a0<\/strong><\/p>\n\n\n\n<p>Ora, quando voc\u00ea perde tempo folheando o CTN sem rumo, acaba n\u00e3o desenvolvendo adequadamente sua argumenta\u00e7\u00e3o.<\/p>\n\n\n\n<p>Por outro lado, <strong>marca\u00e7\u00f5es estrat\u00e9gicas permitem que voc\u00ea encontre rapidamente o dispositivo <\/strong>aplic\u00e1vel, tenha tempo para reler o enunciado com aten\u00e7\u00e3o e construa uma resposta tecnicamente irrepreens\u00edvel.<\/p>\n\n\n\n<h2 class=\"wp-block-heading\" id=\"h-dispositivos-essenciais-frequentemente-esquecidos\"><span id=\"dispositivos-essenciais-frequentemente-esquecidos\"><strong>Dispositivos essenciais frequentemente esquecidos<\/strong><\/span><\/h2>\n\n\n\n<p>Vamos come\u00e7ar pelos artigos do CTN que aparecem com frequ\u00eancia nas provas mas que muitos candidatos n\u00e3o marcam adequadamente.&nbsp;<\/p>\n\n\n\n<p>Primeiro, os artigos sobre <strong><mark style=\"background-color:rgba(0, 0, 0, 0)\" class=\"has-inline-color has-vivid-red-color\">responsabilidade tribut\u00e1ria merecem aten\u00e7\u00e3o especial.<\/mark><\/strong> Perceba que n\u00e3o basta conhecer o artigo 121 que define sujeito passivo direto e indireto.\u00a0<\/p>\n\n\n\n<p>Voc\u00ea precisa ter marcados e compreendidos os<strong><mark style=\"background-color:#f4ff84\" class=\"has-inline-color\"> artigos 128 a 138<\/mark><\/strong>, que tratam das hip\u00f3teses espec\u00edficas de responsabilidade de terceiros.<\/p>\n\n\n\n<p>O <strong><mark style=\"background-color:#f4ff84\" class=\"has-inline-color\">artigo 133 do CTN<\/mark>,<\/strong> por exemplo, estabelece a responsabilidade pessoal dos diretores de pessoas jur\u00eddicas por cr\u00e9ditos correspondentes a obriga\u00e7\u00f5es tribut\u00e1rias resultantes de atos praticados com excesso de poderes ou infra\u00e7\u00e3o de lei, contrato social ou estatutos.\u00a0<\/p>\n\n\n\n<p>Veja que esse dispositivo aparece frequentemente em quest\u00f5es sobre redirecionamento de execu\u00e7\u00e3o fiscal, tema recorrente nas provas.&nbsp;<\/p>\n\n\n\n<p class=\"has-background\" style=\"background-color:#fb494917\">Marque esse artigo com destaque especial, preferencialmente com anota\u00e7\u00e3o lateral indicando &#8220;redirecionamento&#8221; ou &#8220;responsabilidade s\u00f3cios\/administradores&#8221;.<\/p>\n\n\n\n<p>Outro ponto frequentemente esquecido encontra-se no <strong>artigo 135 do CTN<\/strong>, que trata da <strong>responsabilidade de terceiros por infra\u00e7\u00f5es.<\/strong>\u00a0<\/p>\n\n\n\n<p>Destarte, <strong>muitos candidatos confundem as hip\u00f3teses do <mark style=\"background-color:#f4ff84\" class=\"has-inline-color has-black-color\">artigo 133<\/mark><mark style=\"background-color:rgba(0, 0, 0, 0);color:#fff982\" class=\"has-inline-color\"> <\/mark>com as do <mark style=\"background-color:#f4ff84\" class=\"has-inline-color\">artigo 135<\/mark><\/strong>, comprometendo a qualidade t\u00e9cnica da resposta.\u00a0<\/p>\n\n\n\n<p class=\"has-background\" style=\"background-color:#fb494917\"><strong><mark style=\"background-color:rgba(0, 0, 0, 0)\" class=\"has-inline-color has-vivid-red-color\">DICA: <\/mark><\/strong>Marque esses dois artigos com <strong>cores diferentes<\/strong> ou s\u00edmbolos distintos para n\u00e3o confundi-los durante a prova.<\/p>\n\n\n\n<p>Al\u00e9m disso, os <strong>artigos sobre lan\u00e7amento tribut\u00e1rio tamb\u00e9m escondem dispositivos essenciais.<\/strong> Isto \u00e9, os <strong><mark style=\"background-color:#f4ff84\" class=\"has-inline-color\">artigos 142 a 146<\/mark><\/strong> que todos conhecem, voc\u00ea <strong><mark style=\"background-color:rgba(0, 0, 0, 0)\" class=\"has-inline-color has-vivid-red-color\">deve ter especial aten\u00e7\u00e3o ao artigo 149<\/mark><\/strong>, <strong>que regula o lan\u00e7amento por homologa\u00e7\u00e3o.\u00a0<\/strong><\/p>\n\n\n\n<p>Ora, quest\u00f5es sobre compensa\u00e7\u00e3o tribut\u00e1ria, restitui\u00e7\u00e3o de ind\u00e9bito e decad\u00eancia em tributos sujeitos a lan\u00e7amento por homologa\u00e7\u00e3o exigem compreens\u00e3o precisa desse dispositivo.&nbsp;<\/p>\n\n\n\n<p>Marque o <strong>artigo 149 e suas rela\u00e7\u00f5es com os artigos 150 sobre lan\u00e7amento e 156 sobre extin\u00e7\u00e3o do cr\u00e9dito tribut\u00e1rio.<\/strong><\/p>\n\n\n\n<h2 class=\"wp-block-heading\" id=\"h-pontos-criticos-sobre-decadencia-e-prescricao\"><span id=\"pontos-criticos-sobre-decadencia-e-prescricao\"><strong>Pontos cr\u00edticos sobre decad\u00eancia e prescri\u00e7\u00e3o<\/strong><\/span><\/h2>\n\n\n\n<p>A <strong>confus\u00e3o entre decad\u00eancia e prescri\u00e7\u00e3o representa uma das principais armadilhas<\/strong> da segunda fase em tribut\u00e1rio.\u00a0<\/p>\n\n\n\n<p class=\"has-background\" style=\"background-color:#fb494917\">Os artigos<strong> 173 e 174<\/strong> do CTN exigem marca\u00e7\u00e3o detalhada com anota\u00e7\u00f5es que facilitem a distin\u00e7\u00e3o durante a prova.\u00a0<\/p>\n\n\n\n<p>No<strong> <mark style=\"background-color:#f4ff84\" class=\"has-inline-color\">artigo 173<\/mark><\/strong>, voc\u00ea deve <strong>destacar especialmente o inciso I, que estabelece o prazo decadencial de <mark style=\"background-color:rgba(0, 0, 0, 0)\" class=\"has-inline-color has-vivid-red-color\">cinco anos <\/mark><\/strong>contados do primeiro dia do exerc\u00edcio seguinte \u00e0quele em que o lan\u00e7amento poderia ter sido efetuado. <\/p>\n\n\n\n<p>Esse dispositivo aparece constantemente em quest\u00f5es sobre tributos sujeitos a lan\u00e7amento de of\u00edcio.<\/p>\n\n\n\n<p>Com efeito, <strong>o <mark style=\"background-color:#f4ff84\" class=\"has-inline-color\">par\u00e1grafo \u00fanico do artigo 173<\/mark> merece marca\u00e7\u00e3o especial<\/strong> porque trata da <strong>decad\u00eancia no lan\u00e7amento por homologa\u00e7\u00e3o<\/strong>, tema que gera enorme quantidade de quest\u00f5es de prova.\u00a0<\/p>\n\n\n\n<p>Quanto \u00e0 prescri\u00e7\u00e3o, <strong>o <mark style=\"background-color:#f4ff84\" class=\"has-inline-color\">artigo 174<\/mark> deve estar marcado com destaque <\/strong>para o caput que estabelece a prescri\u00e7\u00e3o do direito da Fazenda P\u00fablica de cobrar cr\u00e9ditos definitivamente constitu\u00eddos.\u00a0<\/p>\n\n\n\n<p>Marque especialmente <strong>o par\u00e1grafo \u00fanico que trata das causas que interrompem a prescri\u00e7\u00e3o<\/strong>, dispositivo que aparece com frequ\u00eancia em quest\u00f5es sobre parcelamento e execu\u00e7\u00e3o fiscal.\u00a0<\/p>\n\n\n\n<p>Anote ao lado desse par\u00e1grafo as <strong><mark style=\"background-color:rgba(0, 0, 0, 0)\" class=\"has-inline-color has-vivid-red-color\">S\u00famulas 106 e 314 do STJ<\/mark> <\/strong>para ter refer\u00eancia r\u00e1pida durante a prova.<\/p>\n\n\n\n<h2 class=\"wp-block-heading\" id=\"h-garantias-e-privilegios-do-credito-tributario\"><span id=\"garantias-e-privilegios-do-credito-tributario\"><strong>Garantias e privil\u00e9gios do cr\u00e9dito tribut\u00e1rio<\/strong><\/span><\/h2>\n\n\n\n<p>Os <strong><mark style=\"background-color:#f4ff84\" class=\"has-inline-color\">artigos 183 a 193 do CTN<\/mark><\/strong> tratam das garantias e privil\u00e9gios do cr\u00e9dito tribut\u00e1rio, se\u00e7\u00e3o frequentemente negligenciada pelos candidatos mas que aparece em quest\u00f5es sobre execu\u00e7\u00e3o fiscal e fal\u00eancia.\u00a0<\/p>\n\n\n\n<p>O <strong><mark style=\"background-color:#f4ff84\" class=\"has-inline-color\">artigo 186<\/mark> estabelece o cr\u00e9dito tribut\u00e1rio como preferencial sobre qualquer outro<\/strong>, <strong><mark style=\"background-color:rgba(0, 0, 0, 0)\" class=\"has-inline-color has-vivid-red-color\">ressalvados<\/mark><\/strong> <strong>os cr\u00e9ditos decorrentes da legisla\u00e7\u00e3o do trabalho ou do acidente de trabalho.<\/strong> <\/p>\n\n\n\n<p>Veja que esse dispositivo \u00e9 fundamental em quest\u00f5es envolvendo ordem de prefer\u00eancia na satisfa\u00e7\u00e3o de cr\u00e9ditos.<\/p>\n\n\n\n<h2 class=\"wp-block-heading\" id=\"h-certidoes-negativas-e-positivas-com-efeitos-de-negativa\"><span id=\"certidoes-negativas-e-positivas-com-efeitos-de-negativa\"><strong>Certid\u00f5es negativas e positivas com efeitos de negativa<\/strong><\/span><\/h2>\n\n\n\n<p>Os <strong><mark style=\"background-color:#f4ff84\" class=\"has-inline-color\">artigos 205 a 208 do CTN <\/mark>regulam as certid\u00f5es fiscais<\/strong>, tema que aparece com frequ\u00eancia nas pe\u00e7as pr\u00e1ticas.\u00a0<\/p>\n\n\n\n<p>Ora, muitos candidatos conhecem o conceito de certid\u00e3o negativa de d\u00e9bitos, mas n\u00e3o dominam adequadamente a certid\u00e3o positiva com efeitos de negativa prevista no par\u00e1grafo \u00fanico do artigo 206.&nbsp;<\/p>\n\n\n\n<p>Esse dispositivo estabelece que tem os mesmos efeitos da certid\u00e3o negativa aquela que conste a exist\u00eancia de cr\u00e9ditos n\u00e3o vencidos, em curso de cobran\u00e7a executiva em que tenha sido efetivada a penhora, ou cuja exigibilidade esteja suspensa.<\/p>\n\n\n\n<p>Marque o <strong>par\u00e1grafo \u00fanico do <mark style=\"background-color:#f4ff84\" class=\"has-inline-color\">artigo 206<\/mark><\/strong> com <strong><mark style=\"background-color:rgba(0, 0, 0, 0)\" class=\"has-inline-color has-vivid-red-color\">destaque especial <\/mark><\/strong>e <strong>anote ao lado as hip\u00f3teses de suspens\u00e3o da exigibilidade do cr\u00e9dito tribut\u00e1rio <\/strong>previstas no artigo 151 do CTN.\u00a0<\/p>\n\n\n\n<p>Veja que quest\u00f5es de prova frequentemente pedem an\u00e1lise sobre possibilidade de obten\u00e7\u00e3o de certid\u00e3o quando h\u00e1 d\u00e9bito garantido por penhora ou depositado judicialmente. A conex\u00e3o entre esses dispositivos precisa estar clara no seu vade-m\u00e9cum.<\/p>\n\n\n\n<p>Com efeito, <strong>o <mark style=\"background-color:#f4ff84\" class=\"has-inline-color\">artigo 208<\/mark> do CTN<\/strong> estabelece que <strong><mark style=\"background-color:rgba(0, 0, 0, 0)\" class=\"has-inline-color has-vivid-red-color\">n\u00e3o se expedir\u00e1<\/mark> certid\u00e3o negativa quando o requerente n\u00e3o tenha cumprido obriga\u00e7\u00e3o acess\u00f3ria.<\/strong> <\/p>\n\n\n\n<p>Esse dispositivo aparece em quest\u00f5es sobre penalidades e rela\u00e7\u00e3o entre obriga\u00e7\u00e3o principal e acess\u00f3ria. Marque-o e anote que a falta de apresenta\u00e7\u00e3o de declara\u00e7\u00e3o tribut\u00e1ria impede a expedi\u00e7\u00e3o de certid\u00e3o, mesmo sem d\u00e9bito de tributo.<\/p>\n\n\n\n<h2 class=\"wp-block-heading\" id=\"h-conclusao-vade-mecum-de-tributario\"><span id=\"conclusao-vade-mecum-de-tributario\"><strong>Conclus\u00e3o- Vade m\u00e9cum de Tribut\u00e1rio<\/strong><\/span><\/h2>\n\n\n\n<p>Lembre-se que <strong>o vade-m\u00e9cum bem marcado funciona como seu aliado silencioso durante as horas de prova<\/strong>, fornecendo rapidamente a fundamenta\u00e7\u00e3o legal que sustenta sua argumenta\u00e7\u00e3o jur\u00eddica.\u00a0<\/p>\n\n\n\n<p>Invista tempo na prepara\u00e7\u00e3o adequada desse material, pois cada minuto economizado na localiza\u00e7\u00e3o de dispositivos representa tempo adicional para desenvolver racioc\u00ednio jur\u00eddico mais sofisticado e construir respostas tecnicamente irrepreens\u00edveis.<\/p>\n\n\n\n<p><strong><a href=\"https:\/\/oab.estrategia.com\/lp\/assinaturas\/index.html?utm_source=google&amp;utm_medium=cpc&amp;utm_campaign=oab-vd-gsh-marca&amp;gad_source=1&amp;gad_campaignid=14319512082&amp;gbraid=0AAAAADpTrcfj8iGdO_wwldDlbDgCmRXhw&amp;gclid=CjwKCAjw2vTFBhAuEiwAFaScwgoZAkDdGghONc8_MwUkK2x2XCPBLZLgGSRtp9whavGB-JMpS97GXhoCqvUQAvD_BwE\">Temos as melhores op\u00e7\u00f5es AQUI!<\/a><\/strong><\/p>\n\n\n\n<div class=\"wp-block-cover\" style=\"min-height:145px;aspect-ratio:unset;\"><span aria-hidden=\"true\" class=\"wp-block-cover__background has-background-dim\"><\/span><img decoding=\"async\" width=\"1024\" height=\"190\" class=\"wp-block-cover__image-background wp-image-2272\" alt=\"\" src=\"https:\/\/oab.estrategia.com\/portal\/wp-content\/uploads\/2022\/08\/19111944\/assinatura-oab-banner-exame-de-ordem-oab-assinatura-curso-oab-1024x190.jpg\" style=\"object-position:58% 29%\" data-object-fit=\"cover\" data-object-position=\"58% 29%\" srcset=\"https:\/\/oab.estrategia.com\/portal\/wp-content\/uploads\/2022\/08\/19111944\/assinatura-oab-banner-exame-de-ordem-oab-assinatura-curso-oab-1024x190.jpg 1024w, https:\/\/oab.estrategia.com\/portal\/wp-content\/uploads\/2022\/08\/19111944\/assinatura-oab-banner-exame-de-ordem-oab-assinatura-curso-oab-300x56.jpg 300w, https:\/\/oab.estrategia.com\/portal\/wp-content\/uploads\/2022\/08\/19111944\/assinatura-oab-banner-exame-de-ordem-oab-assinatura-curso-oab-768x143.jpg 768w, https:\/\/oab.estrategia.com\/portal\/wp-content\/uploads\/2022\/08\/19111944\/assinatura-oab-banner-exame-de-ordem-oab-assinatura-curso-oab-1536x285.jpg 1536w, https:\/\/oab.estrategia.com\/portal\/wp-content\/uploads\/2022\/08\/19111944\/assinatura-oab-banner-exame-de-ordem-oab-assinatura-curso-oab-380x71.jpg 380w, https:\/\/oab.estrategia.com\/portal\/wp-content\/uploads\/2022\/08\/19111944\/assinatura-oab-banner-exame-de-ordem-oab-assinatura-curso-oab-800x149.jpg 800w, https:\/\/oab.estrategia.com\/portal\/wp-content\/uploads\/2022\/08\/19111944\/assinatura-oab-banner-exame-de-ordem-oab-assinatura-curso-oab-1160x215.jpg 1160w, https:\/\/oab.estrategia.com\/portal\/wp-content\/uploads\/2022\/08\/19111944\/assinatura-oab-banner-exame-de-ordem-oab-assinatura-curso-oab-150x28.jpg 150w, https:\/\/oab.estrategia.com\/portal\/wp-content\/uploads\/2022\/08\/19111944\/assinatura-oab-banner-exame-de-ordem-oab-assinatura-curso-oab.jpg 1890w\" sizes=\"(max-width: 1024px) 100vw, 1024px\" \/><div class=\"wp-block-cover__inner-container is-layout-flow wp-block-cover-is-layout-flow\">\n<h3 id=\"assinatura-oab\" class=\"titulo-assinatura\">Assinatura OAB<\/h3>\n<p class=\"subtitulo-assinatura\" style=\"display:block!important; line-height: 0;\">Conte\u00fado completo para a 1\u00aa e 2\u00aa fase da OAB.<\/p>\n<a target=\"_blank\" href=\"https:\/\/oab.estrategia.com\/curso\/assinatura-oab\/\" rel=\"noopener\"><button style=\"border-radius: 10px; text-transform: capitalize;\">Acessar<\/button><\/a>\n<\/div><\/div>\n\n\n\n<h3 class=\"wp-block-heading has-text-align-center\" id=\"h-conteudos-exclusivos-e-atualizacoes-em-tempo-real-siga-nossas-redes-e-esteja-sempre-um-passo-a-frente\"><span id=\"conteudos-exclusivos-e-atualizacoes-em-tempo-realsiga-nossas-redes-e-esteja-sempre-um-passo-a-frente\">Conte\u00fados exclusivos e atualiza\u00e7\u00f5es em tempo real?<br>Siga<a href=\"https:\/\/www.instagram.com\/estrategiaoab\/\"> nossas redes<\/a> e esteja sempre um passo \u00e0 frente!<\/span><\/h3>\n\n\n\n<ul class=\"wp-block-social-links has-normal-icon-size has-visible-labels is-horizontal is-content-justification-center is-layout-flex wp-container-core-social-links-is-layout-499968f5 wp-block-social-links-is-layout-flex\"><li class=\"wp-social-link wp-social-link-facebook  wp-block-social-link\"><a rel=\"noopener nofollow\" target=\"_blank\" href=\"https:\/\/www.facebook.com\/oabestrategia?locale=pt_BR\" class=\"wp-block-social-link-anchor\"><svg width=\"24\" height=\"24\" viewBox=\"0 0 24 24\" version=\"1.1\" xmlns=\"http:\/\/www.w3.org\/2000\/svg\" aria-hidden=\"true\" focusable=\"false\"><path d=\"M12 2C6.5 2 2 6.5 2 12c0 5 3.7 9.1 8.4 9.9v-7H7.9V12h2.5V9.8c0-2.5 1.5-3.9 3.8-3.9 1.1 0 2.2.2 2.2.2v2.5h-1.3c-1.2 0-1.6.8-1.6 1.6V12h2.8l-.4 2.9h-2.3v7C18.3 21.1 22 17 22 12c0-5.5-4.5-10-10-10z\"><\/path><\/svg><span class=\"wp-block-social-link-label\">Facebook<\/span><\/a><\/li>\n\n<li class=\"wp-social-link wp-social-link-instagram  wp-block-social-link\"><a rel=\"noopener nofollow\" target=\"_blank\" href=\"https:\/\/www.instagram.com\/estrategiaoab\/\" class=\"wp-block-social-link-anchor\"><svg width=\"24\" height=\"24\" viewBox=\"0 0 24 24\" version=\"1.1\" xmlns=\"http:\/\/www.w3.org\/2000\/svg\" aria-hidden=\"true\" focusable=\"false\"><path d=\"M12,4.622c2.403,0,2.688,0.009,3.637,0.052c0.877,0.04,1.354,0.187,1.671,0.31c0.42,0.163,0.72,0.358,1.035,0.673 c0.315,0.315,0.51,0.615,0.673,1.035c0.123,0.317,0.27,0.794,0.31,1.671c0.043,0.949,0.052,1.234,0.052,3.637 s-0.009,2.688-0.052,3.637c-0.04,0.877-0.187,1.354-0.31,1.671c-0.163,0.42-0.358,0.72-0.673,1.035 c-0.315,0.315-0.615,0.51-1.035,0.673c-0.317,0.123-0.794,0.27-1.671,0.31c-0.949,0.043-1.233,0.052-3.637,0.052 s-2.688-0.009-3.637-0.052c-0.877-0.04-1.354-0.187-1.671-0.31c-0.42-0.163-0.72-0.358-1.035-0.673 c-0.315-0.315-0.51-0.615-0.673-1.035c-0.123-0.317-0.27-0.794-0.31-1.671C4.631,14.688,4.622,14.403,4.622,12 s0.009-2.688,0.052-3.637c0.04-0.877,0.187-1.354,0.31-1.671c0.163-0.42,0.358-0.72,0.673-1.035 c0.315-0.315,0.615-0.51,1.035-0.673c0.317-0.123,0.794-0.27,1.671-0.31C9.312,4.631,9.597,4.622,12,4.622 M12,3 C9.556,3,9.249,3.01,8.289,3.054C7.331,3.098,6.677,3.25,6.105,3.472C5.513,3.702,5.011,4.01,4.511,4.511 c-0.5,0.5-0.808,1.002-1.038,1.594C3.25,6.677,3.098,7.331,3.054,8.289C3.01,9.249,3,9.556,3,12c0,2.444,0.01,2.751,0.054,3.711 c0.044,0.958,0.196,1.612,0.418,2.185c0.23,0.592,0.538,1.094,1.038,1.594c0.5,0.5,1.002,0.808,1.594,1.038 c0.572,0.222,1.227,0.375,2.185,0.418C9.249,20.99,9.556,21,12,21s2.751-0.01,3.711-0.054c0.958-0.044,1.612-0.196,2.185-0.418 c0.592-0.23,1.094-0.538,1.594-1.038c0.5-0.5,0.808-1.002,1.038-1.594c0.222-0.572,0.375-1.227,0.418-2.185 C20.99,14.751,21,14.444,21,12s-0.01-2.751-0.054-3.711c-0.044-0.958-0.196-1.612-0.418-2.185c-0.23-0.592-0.538-1.094-1.038-1.594 c-0.5-0.5-1.002-0.808-1.594-1.038c-0.572-0.222-1.227-0.375-2.185-0.418C14.751,3.01,14.444,3,12,3L12,3z M12,7.378 c-2.552,0-4.622,2.069-4.622,4.622S9.448,16.622,12,16.622s4.622-2.069,4.622-4.622S14.552,7.378,12,7.378z M12,15 c-1.657,0-3-1.343-3-3s1.343-3,3-3s3,1.343,3,3S13.657,15,12,15z M16.804,6.116c-0.596,0-1.08,0.484-1.08,1.08 s0.484,1.08,1.08,1.08c0.596,0,1.08-0.484,1.08-1.08S17.401,6.116,16.804,6.116z\"><\/path><\/svg><span class=\"wp-block-social-link-label\">Instagram<\/span><\/a><\/li>\n\n<li class=\"wp-social-link wp-social-link-youtube  wp-block-social-link\"><a rel=\"noopener nofollow\" target=\"_blank\" href=\"https:\/\/www.youtube.com\/channel\/UC7rgrKTSF5aOrBGWOw60ovw\" class=\"wp-block-social-link-anchor\"><svg width=\"24\" height=\"24\" viewBox=\"0 0 24 24\" version=\"1.1\" xmlns=\"http:\/\/www.w3.org\/2000\/svg\" aria-hidden=\"true\" focusable=\"false\"><path d=\"M21.8,8.001c0,0-0.195-1.378-0.795-1.985c-0.76-0.797-1.613-0.801-2.004-0.847c-2.799-0.202-6.997-0.202-6.997-0.202 h-0.009c0,0-4.198,0-6.997,0.202C4.608,5.216,3.756,5.22,2.995,6.016C2.395,6.623,2.2,8.001,2.2,8.001S2,9.62,2,11.238v1.517 c0,1.618,0.2,3.237,0.2,3.237s0.195,1.378,0.795,1.985c0.761,0.797,1.76,0.771,2.205,0.855c1.6,0.153,6.8,0.201,6.8,0.201 s4.203-0.006,7.001-0.209c0.391-0.047,1.243-0.051,2.004-0.847c0.6-0.607,0.795-1.985,0.795-1.985s0.2-1.618,0.2-3.237v-1.517 C22,9.62,21.8,8.001,21.8,8.001z M9.935,14.594l-0.001-5.62l5.404,2.82L9.935,14.594z\"><\/path><\/svg><span class=\"wp-block-social-link-label\">Youtube<\/span><\/a><\/li>\n\n<li class=\"wp-social-link wp-social-link-telegram  wp-block-social-link\"><a rel=\"noopener nofollow\" target=\"_blank\" href=\"https:\/\/t.me\/transmissaoEstrategiaOAB\" class=\"wp-block-social-link-anchor\"><svg width=\"24\" height=\"24\" viewBox=\"0 0 128 128\" version=\"1.1\" xmlns=\"http:\/\/www.w3.org\/2000\/svg\" aria-hidden=\"true\" focusable=\"false\"><path d=\"M28.9700376,63.3244248 C47.6273373,55.1957357 60.0684594,49.8368063 66.2934036,47.2476366 C84.0668845,39.855031 87.7600616,38.5708563 90.1672227,38.528 C90.6966555,38.5191258 91.8804274,38.6503351 92.6472251,39.2725385 C93.294694,39.7979149 93.4728387,40.5076237 93.5580865,41.0057381 C93.6433345,41.5038525 93.7494885,42.63857 93.6651041,43.5252052 C92.7019529,53.6451182 88.5344133,78.2034783 86.4142057,89.5379542 C85.5170662,94.3339958 83.750571,95.9420841 82.0403991,96.0994568 C78.3237996,96.4414641 75.5015827,93.6432685 71.9018743,91.2836143 C66.2690414,87.5912212 63.0868492,85.2926952 57.6192095,81.6896017 C51.3004058,77.5256038 55.3966232,75.2369981 58.9976911,71.4967761 C59.9401076,70.5179421 76.3155302,55.6232293 76.6324771,54.2720454 C76.6721165,54.1030573 76.7089039,53.4731496 76.3346867,53.1405352 C75.9604695,52.8079208 75.4081573,52.921662 75.0095933,53.0121213 C74.444641,53.1403447 65.4461175,59.0880351 48.0140228,70.8551922 C45.4598218,72.6091037 43.1463059,73.4636682 41.0734751,73.4188859 C38.7883453,73.3695169 34.3926725,72.1268388 31.1249416,71.0646282 C27.1169366,69.7617838 23.931454,69.0729605 24.208838,66.8603276 C24.3533167,65.7078514 25.9403832,64.5292172 28.9700376,63.3244248 Z\" \/><\/svg><span class=\"wp-block-social-link-label\">Telegram<\/span><\/a><\/li>\n\n<li class=\"wp-social-link wp-social-link-whatsapp  wp-block-social-link\"><a rel=\"noopener nofollow\" target=\"_blank\" href=\"https:\/\/chat.whatsapp.com\/GVIH7MrkoVAGyAxc6MuwWf\" class=\"wp-block-social-link-anchor\"><svg width=\"24\" height=\"24\" viewBox=\"0 0 24 24\" version=\"1.1\" xmlns=\"http:\/\/www.w3.org\/2000\/svg\" aria-hidden=\"true\" focusable=\"false\"><path d=\"M 12.011719 2 C 6.5057187 2 2.0234844 6.478375 2.0214844 11.984375 C 2.0204844 13.744375 2.4814687 15.462563 3.3554688 16.976562 L 2 22 L 7.2324219 20.763672 C 8.6914219 21.559672 10.333859 21.977516 12.005859 21.978516 L 12.009766 21.978516 C 17.514766 21.978516 21.995047 17.499141 21.998047 11.994141 C 22.000047 9.3251406 20.962172 6.8157344 19.076172 4.9277344 C 17.190172 3.0407344 14.683719 2.001 12.011719 2 z M 12.009766 4 C 14.145766 4.001 16.153109 4.8337969 17.662109 6.3417969 C 19.171109 7.8517969 20.000047 9.8581875 19.998047 11.992188 C 19.996047 16.396187 16.413812 19.978516 12.007812 19.978516 C 10.674812 19.977516 9.3544062 19.642812 8.1914062 19.007812 L 7.5175781 18.640625 L 6.7734375 18.816406 L 4.8046875 19.28125 L 5.2851562 17.496094 L 5.5019531 16.695312 L 5.0878906 15.976562 C 4.3898906 14.768562 4.0204844 13.387375 4.0214844 11.984375 C 4.0234844 7.582375 7.6067656 4 12.009766 4 z M 8.4765625 7.375 C 8.3095625 7.375 8.0395469 7.4375 7.8105469 7.6875 C 7.5815469 7.9365 6.9355469 8.5395781 6.9355469 9.7675781 C 6.9355469 10.995578 7.8300781 12.182609 7.9550781 12.349609 C 8.0790781 12.515609 9.68175 15.115234 12.21875 16.115234 C 14.32675 16.946234 14.754891 16.782234 15.212891 16.740234 C 15.670891 16.699234 16.690438 16.137687 16.898438 15.554688 C 17.106437 14.971687 17.106922 14.470187 17.044922 14.367188 C 16.982922 14.263188 16.816406 14.201172 16.566406 14.076172 C 16.317406 13.951172 15.090328 13.348625 14.861328 13.265625 C 14.632328 13.182625 14.464828 13.140625 14.298828 13.390625 C 14.132828 13.640625 13.655766 14.201187 13.509766 14.367188 C 13.363766 14.534188 13.21875 14.556641 12.96875 14.431641 C 12.71875 14.305641 11.914938 14.041406 10.960938 13.191406 C 10.218937 12.530406 9.7182656 11.714844 9.5722656 11.464844 C 9.4272656 11.215844 9.5585938 11.079078 9.6835938 10.955078 C 9.7955938 10.843078 9.9316406 10.663578 10.056641 10.517578 C 10.180641 10.371578 10.223641 10.267562 10.306641 10.101562 C 10.389641 9.9355625 10.347156 9.7890625 10.285156 9.6640625 C 10.223156 9.5390625 9.737625 8.3065 9.515625 7.8125 C 9.328625 7.3975 9.131125 7.3878594 8.953125 7.3808594 C 8.808125 7.3748594 8.6425625 7.375 8.4765625 7.375 z\"><\/path><\/svg><span class=\"wp-block-social-link-label\">WhatsApp<\/span><\/a><\/li><\/ul>\n\n\n\n<p><\/p>\n","protected":false},"excerpt":{"rendered":"Saiba como explorar as marca\u00e7\u00f5es no Vade-m\u00e9cum de Tribut\u00e1rio e aplicar estrat\u00e9gias pr\u00e1ticas que fazem diferen\u00e7a na 2\u00aa&hellip;\n","protected":false},"author":105,"featured_media":30033,"comment_status":"open","ping_status":"open","sticky":false,"template":"","format":"standard","meta":{"_jetpack_memberships_contains_paid_content":false,"footnotes":""},"categories":[30,31,1],"tags":[92,516,515,139,58,514],"class_list":{"0":"post-30018","1":"post","2":"type-post","3":"status-publish","4":"format-standard","5":"has-post-thumbnail","7":"category-1a-fase-oab","8":"category-2a-fase-oab","9":"category-carreira","10":"tag-2a-fase-oab","11":"tag-codigo-tributario-nacional","12":"tag-ctn","13":"tag-direito-tributario","14":"tag-exame-da-ordem","15":"tag-vade-mecum-2"},"acf":[],"yoast_head":"<!-- This site is optimized with the Yoast SEO Premium plugin v26.2 (Yoast SEO v27.4) - https:\/\/yoast.com\/product\/yoast-seo-premium-wordpress\/ -->\n<title>Vade-m\u00e9cum de Tribut\u00e1rio: Estrat\u00e9gias para a OAB<\/title>\n<meta name=\"description\" content=\"Descubra pontos escondidos no Vade-m\u00e9cum de Tribut\u00e1rio e estrat\u00e9gias pr\u00e1ticas para ganhar seguran\u00e7a e pontos decisivos na 2\u00aa fase da OAB.\" \/>\n<meta name=\"robots\" content=\"index, follow, max-snippet:-1, max-image-preview:large, max-video-preview:-1\" \/>\n<link rel=\"canonical\" href=\"https:\/\/oab.estrategia.com\/portal\/vade-mecum-de-tributario-estrategias-oab\/\" \/>\n<meta property=\"og:locale\" content=\"pt_BR\" \/>\n<meta property=\"og:type\" content=\"article\" \/>\n<meta property=\"og:title\" content=\"Pontos escondidos no Vade-m\u00e9cum de Tribut\u00e1rio: estrat\u00e9gias pr\u00e1ticas para a Segunda Fase da OAB\" \/>\n<meta property=\"og:description\" content=\"Descubra pontos escondidos no Vade-m\u00e9cum de Tribut\u00e1rio e estrat\u00e9gias pr\u00e1ticas para ganhar seguran\u00e7a e pontos decisivos na 2\u00aa fase da OAB.\" \/>\n<meta property=\"og:url\" content=\"https:\/\/oab.estrategia.com\/portal\/vade-mecum-de-tributario-estrategias-oab\/\" \/>\n<meta property=\"og:site_name\" content=\"Blog - OAB - Estrat\u00e9gia\" \/>\n<meta property=\"article:publisher\" content=\"https:\/\/www.facebook.com\/estrategiaoab\/\" \/>\n<meta property=\"article:published_time\" content=\"2026-01-24T22:07:35+00:00\" \/>\n<meta property=\"article:modified_time\" content=\"2026-01-24T22:07:38+00:00\" \/>\n<meta property=\"og:image\" content=\"https:\/\/oab.estrategia.com\/portal\/portal\/wp-content\/uploads\/2026\/01\/24185141\/image-5.png\" \/>\n\t<meta property=\"og:image:width\" content=\"849\" \/>\n\t<meta property=\"og:image:height\" content=\"564\" \/>\n\t<meta property=\"og:image:type\" content=\"image\/png\" \/>\n<meta name=\"author\" content=\"Felipe Duque\" \/>\n<meta name=\"twitter:card\" content=\"summary_large_image\" \/>\n<meta name=\"twitter:creator\" content=\"@estrategiaoab\" \/>\n<meta name=\"twitter:site\" content=\"@estrategiaoab\" \/>\n<meta name=\"twitter:label1\" content=\"Escrito por\" \/>\n\t<meta name=\"twitter:data1\" content=\"Felipe Duque\" \/>\n\t<meta name=\"twitter:label2\" content=\"Est. tempo de leitura\" \/>\n\t<meta name=\"twitter:data2\" content=\"8 minutos\" \/>\n<script type=\"application\/ld+json\" class=\"yoast-schema-graph\">{\"@context\":\"https:\\\/\\\/schema.org\",\"@graph\":[{\"@type\":\"Article\",\"@id\":\"https:\\\/\\\/oab.estrategia.com\\\/portal\\\/vade-mecum-de-tributario-estrategias-oab\\\/#article\",\"isPartOf\":{\"@id\":\"https:\\\/\\\/oab.estrategia.com\\\/portal\\\/vade-mecum-de-tributario-estrategias-oab\\\/\"},\"author\":{\"name\":\"Felipe Duque\",\"@id\":\"https:\\\/\\\/oab.estrategia.com\\\/portal\\\/#\\\/schema\\\/person\\\/a8b05ed0af2fb529b0b803c9dc841241\"},\"headline\":\"Pontos escondidos no Vade-m\u00e9cum de Tribut\u00e1rio: estrat\u00e9gias pr\u00e1ticas para a Segunda Fase da OAB\",\"datePublished\":\"2026-01-24T22:07:35+00:00\",\"dateModified\":\"2026-01-24T22:07:38+00:00\",\"mainEntityOfPage\":{\"@id\":\"https:\\\/\\\/oab.estrategia.com\\\/portal\\\/vade-mecum-de-tributario-estrategias-oab\\\/\"},\"wordCount\":1314,\"commentCount\":0,\"publisher\":{\"@id\":\"https:\\\/\\\/oab.estrategia.com\\\/portal\\\/#organization\"},\"image\":{\"@id\":\"https:\\\/\\\/oab.estrategia.com\\\/portal\\\/vade-mecum-de-tributario-estrategias-oab\\\/#primaryimage\"},\"thumbnailUrl\":\"https:\\\/\\\/oab.estrategia.com\\\/portal\\\/wp-content\\\/uploads\\\/2026\\\/01\\\/24185141\\\/image-5.png\",\"keywords\":[\"2\u00aa fase OAB\",\"c\u00f3digo tribut\u00e1rio nacional\",\"ctn\",\"direito tribut\u00e1rio\",\"Exame da Ordem\",\"vade-mecum\"],\"articleSection\":[\"1\u00aa Fase OAB\",\"2\u00aa Fase OAB\",\"Carreira\"],\"inLanguage\":\"pt-BR\",\"potentialAction\":[{\"@type\":\"CommentAction\",\"name\":\"Comment\",\"target\":[\"https:\\\/\\\/oab.estrategia.com\\\/portal\\\/vade-mecum-de-tributario-estrategias-oab\\\/#respond\"]}]},{\"@type\":\"WebPage\",\"@id\":\"https:\\\/\\\/oab.estrategia.com\\\/portal\\\/vade-mecum-de-tributario-estrategias-oab\\\/\",\"url\":\"https:\\\/\\\/oab.estrategia.com\\\/portal\\\/vade-mecum-de-tributario-estrategias-oab\\\/\",\"name\":\"Vade-m\u00e9cum de Tribut\u00e1rio: Estrat\u00e9gias para a OAB\",\"isPartOf\":{\"@id\":\"https:\\\/\\\/oab.estrategia.com\\\/portal\\\/#website\"},\"primaryImageOfPage\":{\"@id\":\"https:\\\/\\\/oab.estrategia.com\\\/portal\\\/vade-mecum-de-tributario-estrategias-oab\\\/#primaryimage\"},\"image\":{\"@id\":\"https:\\\/\\\/oab.estrategia.com\\\/portal\\\/vade-mecum-de-tributario-estrategias-oab\\\/#primaryimage\"},\"thumbnailUrl\":\"https:\\\/\\\/oab.estrategia.com\\\/portal\\\/wp-content\\\/uploads\\\/2026\\\/01\\\/24185141\\\/image-5.png\",\"datePublished\":\"2026-01-24T22:07:35+00:00\",\"dateModified\":\"2026-01-24T22:07:38+00:00\",\"description\":\"Descubra pontos escondidos no Vade-m\u00e9cum de Tribut\u00e1rio e estrat\u00e9gias pr\u00e1ticas para ganhar seguran\u00e7a e pontos decisivos na 2\u00aa fase da OAB.\",\"breadcrumb\":{\"@id\":\"https:\\\/\\\/oab.estrategia.com\\\/portal\\\/vade-mecum-de-tributario-estrategias-oab\\\/#breadcrumb\"},\"inLanguage\":\"pt-BR\",\"potentialAction\":[{\"@type\":\"ReadAction\",\"target\":[\"https:\\\/\\\/oab.estrategia.com\\\/portal\\\/vade-mecum-de-tributario-estrategias-oab\\\/\"]}]},{\"@type\":\"ImageObject\",\"inLanguage\":\"pt-BR\",\"@id\":\"https:\\\/\\\/oab.estrategia.com\\\/portal\\\/vade-mecum-de-tributario-estrategias-oab\\\/#primaryimage\",\"url\":\"https:\\\/\\\/oab.estrategia.com\\\/portal\\\/wp-content\\\/uploads\\\/2026\\\/01\\\/24185141\\\/image-5.png\",\"contentUrl\":\"https:\\\/\\\/oab.estrategia.com\\\/portal\\\/wp-content\\\/uploads\\\/2026\\\/01\\\/24185141\\\/image-5.png\",\"width\":849,\"height\":564},{\"@type\":\"BreadcrumbList\",\"@id\":\"https:\\\/\\\/oab.estrategia.com\\\/portal\\\/vade-mecum-de-tributario-estrategias-oab\\\/#breadcrumb\",\"itemListElement\":[{\"@type\":\"ListItem\",\"position\":1,\"name\":\"In\u00edcio\",\"item\":\"https:\\\/\\\/oab.estrategia.com\\\/portal\\\/\"},{\"@type\":\"ListItem\",\"position\":2,\"name\":\"Pontos escondidos no Vade-m\u00e9cum de Tribut\u00e1rio: estrat\u00e9gias pr\u00e1ticas para a Segunda Fase da OAB\"}]},{\"@type\":\"WebSite\",\"@id\":\"https:\\\/\\\/oab.estrategia.com\\\/portal\\\/#website\",\"url\":\"https:\\\/\\\/oab.estrategia.com\\\/portal\\\/\",\"name\":\"Blog - OAB - Estrat\u00e9gia\",\"description\":\"Blog OAB - Estrat\u00e9gia Concursos\",\"publisher\":{\"@id\":\"https:\\\/\\\/oab.estrategia.com\\\/portal\\\/#organization\"},\"potentialAction\":[{\"@type\":\"SearchAction\",\"target\":{\"@type\":\"EntryPoint\",\"urlTemplate\":\"https:\\\/\\\/oab.estrategia.com\\\/portal\\\/?s={search_term_string}\"},\"query-input\":{\"@type\":\"PropertyValueSpecification\",\"valueRequired\":true,\"valueName\":\"search_term_string\"}}],\"inLanguage\":\"pt-BR\"},{\"@type\":\"Organization\",\"@id\":\"https:\\\/\\\/oab.estrategia.com\\\/portal\\\/#organization\",\"name\":\"Estrat\u00e9gia Concursos\",\"url\":\"https:\\\/\\\/oab.estrategia.com\\\/portal\\\/\",\"logo\":{\"@type\":\"ImageObject\",\"inLanguage\":\"pt-BR\",\"@id\":\"https:\\\/\\\/oab.estrategia.com\\\/portal\\\/#\\\/schema\\\/logo\\\/image\\\/\",\"url\":\"https:\\\/\\\/oab.estrategia.com\\\/portal\\\/wp-content\\\/uploads\\\/2022\\\/04\\\/06103601\\\/oab-icone-2.png\",\"contentUrl\":\"https:\\\/\\\/oab.estrategia.com\\\/portal\\\/wp-content\\\/uploads\\\/2022\\\/04\\\/06103601\\\/oab-icone-2.png\",\"width\":900,\"height\":900,\"caption\":\"Estrat\u00e9gia Concursos\"},\"image\":{\"@id\":\"https:\\\/\\\/oab.estrategia.com\\\/portal\\\/#\\\/schema\\\/logo\\\/image\\\/\"},\"sameAs\":[\"https:\\\/\\\/www.facebook.com\\\/estrategiaoab\\\/\",\"https:\\\/\\\/x.com\\\/estrategiaoab\",\"https:\\\/\\\/www.instagram.com\\\/estrategiaoab\\\/\",\"https:\\\/\\\/www.youtube.com\\\/EstrategiaOAB\"]},{\"@type\":\"Person\",\"@id\":\"https:\\\/\\\/oab.estrategia.com\\\/portal\\\/#\\\/schema\\\/person\\\/a8b05ed0af2fb529b0b803c9dc841241\",\"name\":\"Felipe Duque\",\"image\":{\"@type\":\"ImageObject\",\"inLanguage\":\"pt-BR\",\"@id\":\"https:\\\/\\\/oab.estrategia.com\\\/portal\\\/wp-content\\\/uploads\\\/2024\\\/08\\\/22101348\\\/professor-felipe-duque-estrategia-oab-ecj-96x96.png\",\"url\":\"https:\\\/\\\/oab.estrategia.com\\\/portal\\\/wp-content\\\/uploads\\\/2024\\\/08\\\/22101348\\\/professor-felipe-duque-estrategia-oab-ecj-96x96.png\",\"contentUrl\":\"https:\\\/\\\/oab.estrategia.com\\\/portal\\\/wp-content\\\/uploads\\\/2024\\\/08\\\/22101348\\\/professor-felipe-duque-estrategia-oab-ecj-96x96.png\",\"caption\":\"Felipe Duque\"},\"description\":\"Felipe Duque - Mestre em Direito Pol\u00edtico e Econ\u00f4mico na Mackenzie-SP. Graduado em Direito pela Universidade Cat\u00f3lica de Pernambuco, com conclus\u00e3o pelo regime de Aproveitamento Extraordin\u00e1rio nos Estudos (art. 47, \u00a7 2\u00ba, da Lei n\u00ba 9.394\\\/96). Ex-Assessor de Desembargador no TJPE. Procurador da Fazenda Nacional. Integra voluntariamente a Coordena\u00e7\u00e3o de Assuntos Estrat\u00e9gicos Judiciais da PGFN. Professor do Estrat\u00e9gia Carreira Jur\u00eddica, Estrat\u00e9gia OAB e Buscador Dizer o Direito. Autor do livro \u201cReforma Tribut\u00e1ria Comentada e Esquematizada\u201d.\",\"url\":\"https:\\\/\\\/oab.estrategia.com\\\/portal\\\/author\\\/felipe-duque\\\/\"}]}<\/script>\n<!-- \/ Yoast SEO Premium plugin. -->","yoast_head_json":{"title":"Vade-m\u00e9cum de Tribut\u00e1rio: Estrat\u00e9gias para a OAB","description":"Descubra pontos escondidos no Vade-m\u00e9cum de Tribut\u00e1rio e estrat\u00e9gias pr\u00e1ticas para ganhar seguran\u00e7a e pontos decisivos na 2\u00aa fase da OAB.","robots":{"index":"index","follow":"follow","max-snippet":"max-snippet:-1","max-image-preview":"max-image-preview:large","max-video-preview":"max-video-preview:-1"},"canonical":"https:\/\/oab.estrategia.com\/portal\/vade-mecum-de-tributario-estrategias-oab\/","og_locale":"pt_BR","og_type":"article","og_title":"Pontos escondidos no Vade-m\u00e9cum de Tribut\u00e1rio: estrat\u00e9gias pr\u00e1ticas para a Segunda Fase da OAB","og_description":"Descubra pontos escondidos no Vade-m\u00e9cum de Tribut\u00e1rio e estrat\u00e9gias pr\u00e1ticas para ganhar seguran\u00e7a e pontos decisivos na 2\u00aa fase da OAB.","og_url":"https:\/\/oab.estrategia.com\/portal\/vade-mecum-de-tributario-estrategias-oab\/","og_site_name":"Blog - OAB - Estrat\u00e9gia","article_publisher":"https:\/\/www.facebook.com\/estrategiaoab\/","article_published_time":"2026-01-24T22:07:35+00:00","article_modified_time":"2026-01-24T22:07:38+00:00","og_image":[{"width":849,"height":564,"url":"https:\/\/oab.estrategia.com\/portal\/portal\/wp-content\/uploads\/2026\/01\/24185141\/image-5.png","type":"image\/png"}],"author":"Felipe Duque","twitter_card":"summary_large_image","twitter_creator":"@estrategiaoab","twitter_site":"@estrategiaoab","twitter_misc":{"Escrito por":"Felipe Duque","Est. tempo de leitura":"8 minutos"},"schema":{"@context":"https:\/\/schema.org","@graph":[{"@type":"Article","@id":"https:\/\/oab.estrategia.com\/portal\/vade-mecum-de-tributario-estrategias-oab\/#article","isPartOf":{"@id":"https:\/\/oab.estrategia.com\/portal\/vade-mecum-de-tributario-estrategias-oab\/"},"author":{"name":"Felipe Duque","@id":"https:\/\/oab.estrategia.com\/portal\/#\/schema\/person\/a8b05ed0af2fb529b0b803c9dc841241"},"headline":"Pontos escondidos no Vade-m\u00e9cum de Tribut\u00e1rio: estrat\u00e9gias pr\u00e1ticas para a Segunda Fase da OAB","datePublished":"2026-01-24T22:07:35+00:00","dateModified":"2026-01-24T22:07:38+00:00","mainEntityOfPage":{"@id":"https:\/\/oab.estrategia.com\/portal\/vade-mecum-de-tributario-estrategias-oab\/"},"wordCount":1314,"commentCount":0,"publisher":{"@id":"https:\/\/oab.estrategia.com\/portal\/#organization"},"image":{"@id":"https:\/\/oab.estrategia.com\/portal\/vade-mecum-de-tributario-estrategias-oab\/#primaryimage"},"thumbnailUrl":"https:\/\/oab.estrategia.com\/portal\/wp-content\/uploads\/2026\/01\/24185141\/image-5.png","keywords":["2\u00aa fase OAB","c\u00f3digo tribut\u00e1rio nacional","ctn","direito tribut\u00e1rio","Exame da Ordem","vade-mecum"],"articleSection":["1\u00aa Fase OAB","2\u00aa Fase OAB","Carreira"],"inLanguage":"pt-BR","potentialAction":[{"@type":"CommentAction","name":"Comment","target":["https:\/\/oab.estrategia.com\/portal\/vade-mecum-de-tributario-estrategias-oab\/#respond"]}]},{"@type":"WebPage","@id":"https:\/\/oab.estrategia.com\/portal\/vade-mecum-de-tributario-estrategias-oab\/","url":"https:\/\/oab.estrategia.com\/portal\/vade-mecum-de-tributario-estrategias-oab\/","name":"Vade-m\u00e9cum de Tribut\u00e1rio: Estrat\u00e9gias para a OAB","isPartOf":{"@id":"https:\/\/oab.estrategia.com\/portal\/#website"},"primaryImageOfPage":{"@id":"https:\/\/oab.estrategia.com\/portal\/vade-mecum-de-tributario-estrategias-oab\/#primaryimage"},"image":{"@id":"https:\/\/oab.estrategia.com\/portal\/vade-mecum-de-tributario-estrategias-oab\/#primaryimage"},"thumbnailUrl":"https:\/\/oab.estrategia.com\/portal\/wp-content\/uploads\/2026\/01\/24185141\/image-5.png","datePublished":"2026-01-24T22:07:35+00:00","dateModified":"2026-01-24T22:07:38+00:00","description":"Descubra pontos escondidos no Vade-m\u00e9cum de Tribut\u00e1rio e estrat\u00e9gias pr\u00e1ticas para ganhar seguran\u00e7a e pontos decisivos na 2\u00aa fase da OAB.","breadcrumb":{"@id":"https:\/\/oab.estrategia.com\/portal\/vade-mecum-de-tributario-estrategias-oab\/#breadcrumb"},"inLanguage":"pt-BR","potentialAction":[{"@type":"ReadAction","target":["https:\/\/oab.estrategia.com\/portal\/vade-mecum-de-tributario-estrategias-oab\/"]}]},{"@type":"ImageObject","inLanguage":"pt-BR","@id":"https:\/\/oab.estrategia.com\/portal\/vade-mecum-de-tributario-estrategias-oab\/#primaryimage","url":"https:\/\/oab.estrategia.com\/portal\/wp-content\/uploads\/2026\/01\/24185141\/image-5.png","contentUrl":"https:\/\/oab.estrategia.com\/portal\/wp-content\/uploads\/2026\/01\/24185141\/image-5.png","width":849,"height":564},{"@type":"BreadcrumbList","@id":"https:\/\/oab.estrategia.com\/portal\/vade-mecum-de-tributario-estrategias-oab\/#breadcrumb","itemListElement":[{"@type":"ListItem","position":1,"name":"In\u00edcio","item":"https:\/\/oab.estrategia.com\/portal\/"},{"@type":"ListItem","position":2,"name":"Pontos escondidos no Vade-m\u00e9cum de Tribut\u00e1rio: estrat\u00e9gias pr\u00e1ticas para a Segunda Fase da OAB"}]},{"@type":"WebSite","@id":"https:\/\/oab.estrategia.com\/portal\/#website","url":"https:\/\/oab.estrategia.com\/portal\/","name":"Blog - OAB - Estrat\u00e9gia","description":"Blog OAB - Estrat\u00e9gia Concursos","publisher":{"@id":"https:\/\/oab.estrategia.com\/portal\/#organization"},"potentialAction":[{"@type":"SearchAction","target":{"@type":"EntryPoint","urlTemplate":"https:\/\/oab.estrategia.com\/portal\/?s={search_term_string}"},"query-input":{"@type":"PropertyValueSpecification","valueRequired":true,"valueName":"search_term_string"}}],"inLanguage":"pt-BR"},{"@type":"Organization","@id":"https:\/\/oab.estrategia.com\/portal\/#organization","name":"Estrat\u00e9gia Concursos","url":"https:\/\/oab.estrategia.com\/portal\/","logo":{"@type":"ImageObject","inLanguage":"pt-BR","@id":"https:\/\/oab.estrategia.com\/portal\/#\/schema\/logo\/image\/","url":"https:\/\/oab.estrategia.com\/portal\/wp-content\/uploads\/2022\/04\/06103601\/oab-icone-2.png","contentUrl":"https:\/\/oab.estrategia.com\/portal\/wp-content\/uploads\/2022\/04\/06103601\/oab-icone-2.png","width":900,"height":900,"caption":"Estrat\u00e9gia Concursos"},"image":{"@id":"https:\/\/oab.estrategia.com\/portal\/#\/schema\/logo\/image\/"},"sameAs":["https:\/\/www.facebook.com\/estrategiaoab\/","https:\/\/x.com\/estrategiaoab","https:\/\/www.instagram.com\/estrategiaoab\/","https:\/\/www.youtube.com\/EstrategiaOAB"]},{"@type":"Person","@id":"https:\/\/oab.estrategia.com\/portal\/#\/schema\/person\/a8b05ed0af2fb529b0b803c9dc841241","name":"Felipe Duque","image":{"@type":"ImageObject","inLanguage":"pt-BR","@id":"https:\/\/oab.estrategia.com\/portal\/wp-content\/uploads\/2024\/08\/22101348\/professor-felipe-duque-estrategia-oab-ecj-96x96.png","url":"https:\/\/oab.estrategia.com\/portal\/wp-content\/uploads\/2024\/08\/22101348\/professor-felipe-duque-estrategia-oab-ecj-96x96.png","contentUrl":"https:\/\/oab.estrategia.com\/portal\/wp-content\/uploads\/2024\/08\/22101348\/professor-felipe-duque-estrategia-oab-ecj-96x96.png","caption":"Felipe Duque"},"description":"Felipe Duque - Mestre em Direito Pol\u00edtico e Econ\u00f4mico na Mackenzie-SP. Graduado em Direito pela Universidade Cat\u00f3lica de Pernambuco, com conclus\u00e3o pelo regime de Aproveitamento Extraordin\u00e1rio nos Estudos (art. 47, \u00a7 2\u00ba, da Lei n\u00ba 9.394\/96). Ex-Assessor de Desembargador no TJPE. Procurador da Fazenda Nacional. Integra voluntariamente a Coordena\u00e7\u00e3o de Assuntos Estrat\u00e9gicos Judiciais da PGFN. Professor do Estrat\u00e9gia Carreira Jur\u00eddica, Estrat\u00e9gia OAB e Buscador Dizer o Direito. Autor do livro \u201cReforma Tribut\u00e1ria Comentada e Esquematizada\u201d.","url":"https:\/\/oab.estrategia.com\/portal\/author\/felipe-duque\/"}]}},"jetpack_featured_media_url":"https:\/\/oab.estrategia.com\/portal\/wp-content\/uploads\/2026\/01\/24185141\/image-5.png","jetpack_sharing_enabled":true,"_links":{"self":[{"href":"https:\/\/oab.estrategia.com\/portal\/wp-json\/wp\/v2\/posts\/30018","targetHints":{"allow":["GET"]}}],"collection":[{"href":"https:\/\/oab.estrategia.com\/portal\/wp-json\/wp\/v2\/posts"}],"about":[{"href":"https:\/\/oab.estrategia.com\/portal\/wp-json\/wp\/v2\/types\/post"}],"author":[{"embeddable":true,"href":"https:\/\/oab.estrategia.com\/portal\/wp-json\/wp\/v2\/users\/105"}],"replies":[{"embeddable":true,"href":"https:\/\/oab.estrategia.com\/portal\/wp-json\/wp\/v2\/comments?post=30018"}],"version-history":[{"count":16,"href":"https:\/\/oab.estrategia.com\/portal\/wp-json\/wp\/v2\/posts\/30018\/revisions"}],"predecessor-version":[{"id":30044,"href":"https:\/\/oab.estrategia.com\/portal\/wp-json\/wp\/v2\/posts\/30018\/revisions\/30044"}],"wp:featuredmedia":[{"embeddable":true,"href":"https:\/\/oab.estrategia.com\/portal\/wp-json\/wp\/v2\/media\/30033"}],"wp:attachment":[{"href":"https:\/\/oab.estrategia.com\/portal\/wp-json\/wp\/v2\/media?parent=30018"}],"wp:term":[{"taxonomy":"category","embeddable":true,"href":"https:\/\/oab.estrategia.com\/portal\/wp-json\/wp\/v2\/categories?post=30018"},{"taxonomy":"post_tag","embeddable":true,"href":"https:\/\/oab.estrategia.com\/portal\/wp-json\/wp\/v2\/tags?post=30018"}],"curies":[{"name":"wp","href":"https:\/\/api.w.org\/{rel}","templated":true}]}}