{"id":32848,"date":"2026-09-02T08:30:00","date_gmt":"2026-09-02T11:30:00","guid":{"rendered":"https:\/\/oabestrategia.mystagingwebsite.com\/portal\/?p=32848"},"modified":"2026-09-03T11:34:23","modified_gmt":"2026-09-03T14:34:23","slug":"como-utilizar-vade-mecum-prova-oab","status":"publish","type":"post","link":"https:\/\/oab.estrategia.com\/portal\/como-utilizar-vade-mecum-prova-oab\/","title":{"rendered":"Como utilizar o Vade Mecum durante a prova da OAB"},"content":{"rendered":"\n<p class=\"wp-block-paragraph\">O <strong>Vade Mecum<\/strong> \u00e9 um dos principais instrumentos utilizados pelos candidatos na segunda fase da <strong>OAB (Exame de Ordem Unificado)<\/strong>. <\/p>\n\n\n\n<p class=\"wp-block-paragraph\">Saber consultar a legisla\u00e7\u00e3o com rapidez pode fazer toda a diferen\u00e7a durante a prova pr\u00e1tico-profissional, principalmente diante do tempo limitado para elaborar a pe\u00e7a e responder \u00e0s quest\u00f5es discursivas.<\/p>\n\n\n\n<p class=\"wp-block-paragraph\">Entretanto, <strong>al\u00e9m de conhecer o conte\u00fado da legisla\u00e7\u00e3o<\/strong>, \u00e9 <strong>fundamental observar as regras<\/strong> previstas no edital e nos comunicados da Funda\u00e7\u00e3o Getulio Vargas (FGV), respons\u00e1vel pela organiza\u00e7\u00e3o do exame. <\/p>\n\n\n\n<p class=\"wp-block-paragraph\">O uso inadequado do material pode resultar na reten\u00e7\u00e3o do Vade Mecum ou at\u00e9 mesmo na elimina\u00e7\u00e3o do candidato. Neste artigo, voc\u00ea confere o que \u00e9 permitido, o que \u00e9 proibido e como utilizar o Vade Mecum de forma estrat\u00e9gica.<\/p>\n\n\n\n<h2 id=\"a-preparacao-para-a-oab-ficou-ainda-mais-completaleve-o-estrategia-oab-para-a-sua-prova-de-2a-fase\" class=\"wp-block-heading has-text-align-center has-medium-font-size\">A prepara\u00e7\u00e3o para a OAB ficou ainda mais completa!<br>Leve o Estrat\u00e9gia OAB para a sua prova de 2\u00aa fase.<\/h2>\n\n\n\n<p class=\"has-text-align-center wp-block-paragraph\"><em>Organizado pelos professores do corpo docente do Estrat\u00e9gia OAB, o conte\u00fado reflete a legisla\u00e7\u00e3o de que precisa o aluno para realizar a prova de 2\u00aa fase, com estrita aten\u00e7\u00e3o aos par\u00e2metros definidos no edital.<\/em><\/p>\n\n\n\n<p class=\"has-text-align-center has-background has-medium-font-size wp-block-paragraph\" style=\"background:linear-gradient(169deg,rgb(254,205,165) 4%,rgb(255,133,133) 53%,rgb(254,45,45) 100%,rgb(107,0,62) 100%)\"><a href=\"https:\/\/mkt.estrategia.com\/oab\/vade-mecuns-2026\/\" target=\"_blank\" ><strong>Vade-M\u00e9cuns de 2\u00aa Fase<\/strong><\/a><\/p>\n\n\n\n<div class=\"wp-block-yoast-seo-table-of-contents yoast-table-of-contents\"><h2 id=\"acompanhe-os-detalhes\">Acompanhe os detalhes:<\/h2><ul><li><a href=\"#h-o-vade-mecum-e-permitido-na-2\u00aa-fase-da-oab\" data-level=\"2\">O Vade Mecum \u00e9 permitido na 2\u00aa fase da OAB?<\/a><ul><li><a href=\"#h-qual-vade-mecum-pode-ser-utilizado\" data-level=\"3\">Qual Vade Mecum pode ser utilizado?<\/a><\/li><\/ul><\/li><li><a href=\"#h-o-que-e-permitido-no-vade-mecum-para-a-prova-oab\" data-level=\"2\">O que \u00e9 permitido no Vade Mecum para a prova OAB?<\/a><ul><li><a href=\"#h-o-que-e-proibido\" data-level=\"3\">O que \u00e9 proibido?<\/a><\/li><\/ul><\/li><li><a href=\"#h-posso-utilizar-post-its\" data-level=\"2\">Posso utilizar post-its?<\/a><\/li><li><a href=\"#h-vale-a-pena-marcar-o-vade-mecum\" data-level=\"2\">Vale a pena marcar o Vade Mecum?<\/a><\/li><li><a href=\"#h-como-organizar-o-vade-mecum-antes-da-prova-da-oab\" data-level=\"2\">Como organizar o Vade Mecum antes da prova da OAB?<\/a><ul><li><a href=\"#h-como-consultar-a-legislacao-durante-a-prova\" data-level=\"3\">Como consultar a legisla\u00e7\u00e3o durante a prova?<\/a><\/li><\/ul><\/li><li><a href=\"#h-dicas-para-utilizar-o-vade-mecum-com-eficiencia-na-prova-oab\" data-level=\"2\">Dicas para utilizar o Vade Mecum com efici\u00eancia na prova OAB<\/a><\/li><li><a href=\"#h-perguntas-frequentes\" data-level=\"2\">Perguntas frequentes<\/a><ul><li><a href=\"#h-posso-levar-mais-de-um-vade-mecum\" data-level=\"3\">Posso levar mais de um Vade Mecum?<\/a><\/li><li><a href=\"#h-posso-utilizar-marca-texto\" data-level=\"3\">Posso utilizar marca-texto?<\/a><\/li><li><a href=\"#h-posso-escrever-palavras-chave\" data-level=\"3\">Posso escrever palavras-chave?<\/a><\/li><li><a href=\"#h-posso-colocar-post-its-coloridos\" data-level=\"3\">Posso colocar post-its coloridos?<\/a><\/li><li><a href=\"#h-preciso-consultar-a-legislacao-o-tempo-todo\" data-level=\"3\">Preciso consultar a legisla\u00e7\u00e3o o tempo todo?<\/a><\/li><\/ul><\/li><\/ul><\/div>\n\n\n\n<div class=\"wp-block-cover\" style=\"min-height:145px;aspect-ratio:unset;\"><img decoding=\"async\" width=\"1024\" height=\"190\" class=\"wp-block-cover__image-background wp-image-2272\" alt=\"\" src=\"https:\/\/oab.estrategia.com\/portal\/wp-content\/uploads\/2022\/08\/19111944\/assinatura-oab-banner-exame-de-ordem-oab-assinatura-curso-oab-1024x190.jpg\" style=\"object-position:58% 29%\" data-object-fit=\"cover\" data-object-position=\"58% 29%\" srcset=\"https:\/\/cdn-blog-oab.estrategia.com\/portal\/wp-content\/uploads\/2022\/08\/19111944\/assinatura-oab-banner-exame-de-ordem-oab-assinatura-curso-oab-1024x190.jpg 1024w, https:\/\/cdn-blog-oab.estrategia.com\/portal\/wp-content\/uploads\/2022\/08\/19111944\/assinatura-oab-banner-exame-de-ordem-oab-assinatura-curso-oab-300x56.jpg 300w, https:\/\/cdn-blog-oab.estrategia.com\/portal\/wp-content\/uploads\/2022\/08\/19111944\/assinatura-oab-banner-exame-de-ordem-oab-assinatura-curso-oab-768x143.jpg 768w, https:\/\/cdn-blog-oab.estrategia.com\/portal\/wp-content\/uploads\/2022\/08\/19111944\/assinatura-oab-banner-exame-de-ordem-oab-assinatura-curso-oab-1536x285.jpg 1536w, https:\/\/cdn-blog-oab.estrategia.com\/portal\/wp-content\/uploads\/2022\/08\/19111944\/assinatura-oab-banner-exame-de-ordem-oab-assinatura-curso-oab-380x71.jpg 380w, https:\/\/cdn-blog-oab.estrategia.com\/portal\/wp-content\/uploads\/2022\/08\/19111944\/assinatura-oab-banner-exame-de-ordem-oab-assinatura-curso-oab-800x149.jpg 800w, https:\/\/cdn-blog-oab.estrategia.com\/portal\/wp-content\/uploads\/2022\/08\/19111944\/assinatura-oab-banner-exame-de-ordem-oab-assinatura-curso-oab-1160x215.jpg 1160w, https:\/\/cdn-blog-oab.estrategia.com\/portal\/wp-content\/uploads\/2022\/08\/19111944\/assinatura-oab-banner-exame-de-ordem-oab-assinatura-curso-oab-150x28.jpg 150w, https:\/\/cdn-blog-oab.estrategia.com\/portal\/wp-content\/uploads\/2022\/08\/19111944\/assinatura-oab-banner-exame-de-ordem-oab-assinatura-curso-oab.jpg 1890w\" sizes=\"(max-width: 1024px) 100vw, 1024px\" \/><span aria-hidden=\"true\" class=\"wp-block-cover__background has-background-dim\"><\/span><div class=\"wp-block-cover__inner-container is-layout-flow wp-block-cover-is-layout-flow\">\n<h3 id=\"assinatura-oab\" class=\"titulo-assinatura\">Assinatura OAB<\/h3>\n<p class=\"subtitulo-assinatura\" style=\"display:block!important; line-height: 0;\">Conte\u00fado completo para a 1\u00aa e 2\u00aa fase da OAB.<\/p>\n<a target=\"_blank\" href=\"https:\/\/oab.estrategia.com\/curso\/assinatura-oab\/\" rel=\"noopener\"><button style=\"border-radius: 10px; text-transform: capitalize;\">Acessar<\/button><\/a>\n<\/div><\/div>\n\n\n\n<p class=\"wp-block-paragraph\"><\/p>\n\n\n\n<h2 id=\"h-o-vade-mecum-e-permitido-na-2\u00aa-fase-da-oab\" class=\"wp-block-heading\"><span id=\"o-vade-mecum-e-permitido-na-2a-fase-da-oab\">O Vade Mecum \u00e9 permitido na 2\u00aa fase da OAB?<\/span><\/h2>\n\n\n\n<p class=\"wp-block-paragraph\">Sim. O edital do Exame de Ordem autoriza a consulta \u00e0 legisla\u00e7\u00e3o impressa durante toda a prova pr\u00e1tico-profissional.<\/p>\n\n\n\n<p class=\"wp-block-paragraph\">O objetivo da segunda fase n\u00e3o \u00e9 avaliar a capacidade de memoriza\u00e7\u00e3o dos dispositivos legais, mas verificar se o candidato consegue identificar o problema jur\u00eddico, escolher a pe\u00e7a adequada e aplicar corretamente a legisla\u00e7\u00e3o ao caso concreto.<\/p>\n\n\n\n<p class=\"wp-block-paragraph\">Por isso, a consulta ao Vade Mecum faz parte da din\u00e2mica da prova.<\/p>\n\n\n\n<h3 id=\"h-qual-vade-mecum-pode-ser-utilizado\" class=\"wp-block-heading\"><span id=\"qual-vade-mecum-pode-ser-utilizado\">Qual Vade Mecum pode ser utilizado?<\/span><\/h3>\n\n\n\n<p class=\"wp-block-paragraph\">O candidato pode utilizar edi\u00e7\u00f5es comerciais de Vade Mecum, desde que estejam de acordo com as regras do edital.<\/p>\n\n\n\n<p class=\"wp-block-paragraph\">O material deve conter textos legais, \u00edndices e remiss\u00f5es editoriais normalmente existentes na obra.<\/p>\n\n\n\n<p class=\"wp-block-paragraph\">Tamb\u00e9m \u00e9 recomend\u00e1vel utilizar uma edi\u00e7\u00e3o atualizada, especialmente ap\u00f3s altera\u00e7\u00f5es legislativas relevantes.<\/p>\n\n\n\n<p class=\"wp-block-paragraph\">Antes da prova, consulte sempre o edital vigente e os comunicados da FGV para verificar se houve alguma atualiza\u00e7\u00e3o nas regras de utiliza\u00e7\u00e3o do material.<\/p>\n\n\n\n<h2 id=\"h-o-que-e-permitido-no-vade-mecum-para-a-prova-oab\" class=\"wp-block-heading\"><span id=\"o-que-e-permitido-no-vade-mecum-para-a-prova-oab\">O que \u00e9 permitido no Vade Mecum para a prova OAB?<\/span><\/h2>\n\n\n\n<p class=\"wp-block-paragraph\">De forma geral, os editais da FGV permitem:<\/p>\n\n\n\n<ul class=\"wp-block-list\">\n<li>marca\u00e7\u00f5es com marca-texto;<\/li>\n\n\n\n<li>sublinhados;<\/li>\n\n\n\n<li>uso de cores;<\/li>\n\n\n\n<li>etiquetas adesivas (post-its) sem anota\u00e7\u00f5es;<\/li>\n\n\n\n<li>\u00edndices remissivos produzidos pela pr\u00f3pria editora;<\/li>\n\n\n\n<li>divis\u00f3rias para facilitar a localiza\u00e7\u00e3o das normas.<\/li>\n<\/ul>\n\n\n\n<p class=\"wp-block-paragraph\">Esses recursos auxiliam a organiza\u00e7\u00e3o do material e tornam a consulta muito mais r\u00e1pida durante a prova.<\/p>\n\n\n\n<h3 id=\"h-o-que-e-proibido\" class=\"wp-block-heading\"><span id=\"o-que-e-proibido\">O que \u00e9 proibido?<\/span><\/h3>\n\n\n\n<p class=\"wp-block-paragraph\">Entre as principais restri\u00e7\u00f5es normalmente previstas nos editais est\u00e3o:<\/p>\n\n\n\n<ul class=\"wp-block-list\">\n<li>anota\u00e7\u00f5es manuscritas;<\/li>\n\n\n\n<li>coment\u00e1rios doutrin\u00e1rios;<\/li>\n\n\n\n<li>resumos;<\/li>\n\n\n\n<li>folhas avulsas inseridas no material;<\/li>\n\n\n\n<li>modelos de pe\u00e7as;<\/li>\n\n\n\n<li>esquemas;<\/li>\n\n\n\n<li>mapas mentais;<\/li>\n\n\n\n<li>formul\u00e1rios;<\/li>\n\n\n\n<li>qualquer anota\u00e7\u00e3o que represente conte\u00fado jur\u00eddico elaborado pelo candidato.<\/li>\n<\/ul>\n\n\n\n<p class=\"wp-block-paragraph\">Tamb\u00e9m n\u00e3o s\u00e3o permitidas refer\u00eancias que configurem orienta\u00e7\u00e3o para resolu\u00e7\u00e3o das quest\u00f5es.<\/p>\n\n\n\n<p class=\"wp-block-paragraph\">Caso o fiscal identifique irregularidades, o material poder\u00e1 ser recolhido.<\/p>\n\n\n\n<p class=\"wp-block-paragraph\">Dependendo da situa\u00e7\u00e3o, o candidato poder\u00e1 ser eliminado do exame.<\/p>\n\n\n\n<h2 id=\"h-posso-utilizar-post-its\" class=\"wp-block-heading\"><span id=\"posso-utilizar-post-its\">Posso utilizar post-its?<\/span><\/h2>\n\n\n\n<p class=\"wp-block-paragraph\">Sim, desde que respeitem as regras do edital. Normalmente, s\u00e3o admitidas etiquetas adesivas destinadas apenas \u00e0 identifica\u00e7\u00e3o das normas.<\/p>\n\n\n\n<p class=\"wp-block-paragraph\">Esses marcadores n\u00e3o podem conter:<\/p>\n\n\n\n<ul class=\"wp-block-list\">\n<li>palavras-chave;<\/li>\n\n\n\n<li>resumos;<\/li>\n\n\n\n<li>artigos anotados;<\/li>\n\n\n\n<li>lembretes;<\/li>\n\n\n\n<li>teses jur\u00eddicas;<\/li>\n\n\n\n<li>nomes de pe\u00e7as processuais.<\/li>\n<\/ul>\n\n\n\n<p class=\"wp-block-paragraph\">O objetivo \u00e9 facilitar a localiza\u00e7\u00e3o da legisla\u00e7\u00e3o, e n\u00e3o servir como material de consulta elaborado pelo candidato.<\/p>\n\n\n\n<h2 id=\"h-vale-a-pena-marcar-o-vade-mecum\" class=\"wp-block-heading\"><span id=\"vale-a-pena-marcar-o-vade-mecum\">Vale a pena marcar o Vade Mecum?<\/span><\/h2>\n\n\n\n<p class=\"wp-block-paragraph\">Sim. Uma boa organiza\u00e7\u00e3o reduz significativamente o tempo gasto durante a prova.<\/p>\n\n\n\n<p class=\"wp-block-paragraph\">Entre as melhores pr\u00e1ticas est\u00e3o:<\/p>\n\n\n\n<ul class=\"wp-block-list\">\n<li>separar os principais c\u00f3digos;<\/li>\n\n\n\n<li>identificar Constitui\u00e7\u00f5es, leis especiais e estatutos;<\/li>\n\n\n\n<li>utilizar cores diferentes para cada \u00e1rea do Direito;<\/li>\n\n\n\n<li>marcar rapidamente dispositivos frequentemente cobrados.<\/li>\n<\/ul>\n\n\n\n<p class=\"wp-block-paragraph\">Quanto menos tempo voc\u00ea gastar procurando artigos, mais tempo ter\u00e1 para desenvolver a pe\u00e7a e responder \u00e0s quest\u00f5es.<\/p>\n\n\n\n<h2 id=\"h-como-organizar-o-vade-mecum-antes-da-prova-da-oab\" class=\"wp-block-heading\"><span id=\"como-organizar-o-vade-mecum-antes-da-prova-da-oab\">Como organizar o Vade Mecum antes da prova da OAB?<\/span><\/h2>\n\n\n\n<p class=\"wp-block-paragraph\">A prepara\u00e7\u00e3o come\u00e7a muito antes do dia do exame. Durante os estudos, utilize sempre o mesmo Vade Mecum. Isso permite criar mem\u00f3ria visual sobre a localiza\u00e7\u00e3o das normas.<\/p>\n\n\n\n<p class=\"wp-block-paragraph\">Uma sugest\u00e3o de organiza\u00e7\u00e3o \u00e9:<\/p>\n\n\n\n<ul class=\"wp-block-list\">\n<li>Constitui\u00e7\u00e3o Federal;<\/li>\n\n\n\n<li>C\u00f3digo Civil;<\/li>\n\n\n\n<li>C\u00f3digo de Processo Civil;<\/li>\n\n\n\n<li>C\u00f3digo Penal;<\/li>\n\n\n\n<li>C\u00f3digo de Processo Penal;<\/li>\n\n\n\n<li>CLT;<\/li>\n\n\n\n<li>C\u00f3digo Tribut\u00e1rio Nacional;<\/li>\n\n\n\n<li>Estatutos espec\u00edficos da disciplina escolhida.<\/li>\n<\/ul>\n\n\n\n<p class=\"wp-block-paragraph\">Evite criar um n\u00famero excessivo de divis\u00f3rias.<\/p>\n\n\n\n<p class=\"wp-block-paragraph\">Muitos marcadores acabam dificultando a consulta.<\/p>\n\n\n\n<h3 id=\"h-como-consultar-a-legislacao-durante-a-prova\" class=\"wp-block-heading\"><span id=\"como-consultar-a-legislacao-durante-a-prova\">Como consultar a legisla\u00e7\u00e3o durante a prova?<\/span><\/h3>\n\n\n\n<p class=\"wp-block-paragraph\">Ao identificar a pe\u00e7a processual ou responder \u00e0s quest\u00f5es discursivas:<\/p>\n\n\n\n<p class=\"wp-block-paragraph\">Primeiro, localize a legisla\u00e7\u00e3o principal.<\/p>\n\n\n\n<p class=\"wp-block-paragraph\">Depois, leia atentamente os artigos aplic\u00e1veis.<\/p>\n\n\n\n<p class=\"wp-block-paragraph\">Em seguida, confirme requisitos, prazos, compet\u00eancias e hip\u00f3teses legais.<\/p>\n\n\n\n<p class=\"wp-block-paragraph\">Somente depois inicie a reda\u00e7\u00e3o da resposta.<\/p>\n\n\n\n<p class=\"wp-block-paragraph\">Essa sequ\u00eancia reduz erros decorrentes da lembran\u00e7a imprecisa dos dispositivos legais.<\/p>\n\n\n\n<h2 id=\"h-dicas-para-utilizar-o-vade-mecum-com-eficiencia-na-prova-oab\" class=\"wp-block-heading\"><span id=\"dicas-para-utilizar-o-vade-mecum-com-eficiencia-na-prova-oab\">Dicas para utilizar o Vade Mecum com efici\u00eancia na prova OAB<\/span><\/h2>\n\n\n\n<p class=\"wp-block-paragraph\">Durante a prepara\u00e7\u00e3o:<\/p>\n\n\n\n<ul class=\"wp-block-list\">\n<li>utilize sempre o mesmo material;<\/li>\n\n\n\n<li>pratique a localiza\u00e7\u00e3o r\u00e1pida dos dispositivos;<\/li>\n\n\n\n<li>resolva provas anteriores consultando apenas o Vade Mecum;<\/li>\n\n\n\n<li>familiarize-se com os \u00edndices remissivos;<\/li>\n\n\n\n<li>mantenha o material atualizado.<\/li>\n<\/ul>\n\n\n\n<p class=\"wp-block-paragraph\">Na prova, consulte a legisla\u00e7\u00e3o apenas quando necess\u00e1rio.<\/p>\n\n\n\n<p class=\"wp-block-paragraph\">Quanto maior for seu dom\u00ednio do conte\u00fado, menor ser\u00e1 sua depend\u00eancia da consulta.<\/p>\n\n\n\n<h2 id=\"h-perguntas-frequentes\" class=\"wp-block-heading\"><span id=\"perguntas-frequentes\">Perguntas frequentes<\/span><\/h2>\n\n\n\n<h3 id=\"h-posso-levar-mais-de-um-vade-mecum\" class=\"wp-block-heading\"><span id=\"posso-levar-mais-de-um-vade-mecum\">Posso levar mais de um Vade Mecum?<\/span><\/h3>\n\n\n\n<ul class=\"wp-block-list\">\n<li>Sim, desde que todos estejam de acordo com as regras previstas no edital vigente.<\/li>\n<\/ul>\n\n\n\n<hr class=\"wp-block-separator has-alpha-channel-opacity\"\/>\n\n\n\n<h3 id=\"h-posso-utilizar-marca-texto\" class=\"wp-block-heading\"><span id=\"posso-utilizar-marca-texto\">Posso utilizar marca-texto?<\/span><\/h3>\n\n\n\n<ul class=\"wp-block-list\">\n<li>Sim. Marca\u00e7\u00f5es com marca-texto costumam ser permitidas, desde que n\u00e3o configurem anota\u00e7\u00f5es.<\/li>\n<\/ul>\n\n\n\n<hr class=\"wp-block-separator has-alpha-channel-opacity\"\/>\n\n\n\n<h3 id=\"h-posso-escrever-palavras-chave\" class=\"wp-block-heading\"><span id=\"posso-escrever-palavras-chave\">Posso escrever palavras-chave?<\/span><\/h3>\n\n\n\n<ul class=\"wp-block-list\">\n<li>N\u00e3o. Anota\u00e7\u00f5es manuscritas e conte\u00fados produzidos pelo candidato normalmente s\u00e3o proibidos.<\/li>\n<\/ul>\n\n\n\n<hr class=\"wp-block-separator has-alpha-channel-opacity\"\/>\n\n\n\n<h3 id=\"h-posso-colocar-post-its-coloridos\" class=\"wp-block-heading\"><span id=\"posso-colocar-post-its-coloridos\">Posso colocar post-its coloridos?<\/span><\/h3>\n\n\n\n<ul class=\"wp-block-list\">\n<li>Sim, desde que sejam utilizados apenas como identificadores e n\u00e3o contenham qualquer anota\u00e7\u00e3o.<\/li>\n<\/ul>\n\n\n\n<hr class=\"wp-block-separator has-alpha-channel-opacity\"\/>\n\n\n\n<h3 id=\"h-preciso-consultar-a-legislacao-o-tempo-todo\" class=\"wp-block-heading\"><span id=\"preciso-consultar-a-legislacao-o-tempo-todo\">Preciso consultar a legisla\u00e7\u00e3o o tempo todo?<\/span><\/h3>\n\n\n\n<ul class=\"wp-block-list\">\n<li>N\u00e3o. O ideal \u00e9 utilizar o Vade Mecum apenas para confirmar dispositivos legais, evitando perder tempo com consultas desnecess\u00e1rias.<\/li>\n<\/ul>\n\n\n\n<hr class=\"wp-block-separator has-alpha-channel-opacity\"\/>\n\n\n\n<p class=\"has-text-align-center wp-block-paragraph\" id=\"h-quer-saber-tudo-sobre-o-exame-de-ordem-confira-nossos-artigos\" style=\"font-size:26px\"><strong>Quer saber tudo sobre o Exame de Ordem?<br>Confira nossos artigos!<\/strong><\/p>\n\n\n\n<ul class=\"wp-block-list\">\n<li><a href=\"https:\/\/oab.estrategia.com\/portal\/prova-oab\/\">Prova OAB<\/a><\/li>\n\n\n\n<li><a href=\"https:\/\/oab.estrategia.com\/portal\/ordem-das-questoes-na-oab\/\" type=\"link\" id=\"https:\/\/oab.estrategia.com\/portal\/ordem-das-questoes-na-oab\/\" target=\"_blank\" >Ordem das quest\u00f5es na OAB<\/a><\/li>\n<\/ul>\n\n\n\n<p class=\"has-text-align-center has-medium-font-size wp-block-paragraph\" id=\"h-conteudos-exclusivos-e-atualizacoes-em-tempo-real-siga-nossas-redes-e-esteja-sempre-um-passo-a-frente\"><strong>Conte\u00fados exclusivos e atualiza\u00e7\u00f5es em tempo real?<br>Siga nossas redes e esteja sempre um passo \u00e0 frente!<\/strong><\/p>\n\n\n\n<ul class=\"wp-block-social-links has-normal-icon-size has-visible-labels is-horizontal is-content-justification-center is-layout-flex wp-container-core-social-links-is-layout-7d812b4c wp-block-social-links-is-layout-flex\"><li class=\"wp-social-link wp-social-link-facebook wp-block-social-link\"><a rel=\"noopener nofollow\" target=\"_blank\" href=\"https:\/\/www.facebook.com\/oabestrategia?locale=pt_BR\" class=\"wp-block-social-link-anchor\"><svg width=\"24\" height=\"24\" viewBox=\"0 0 24 24\" version=\"1.1\" xmlns=\"http:\/\/www.w3.org\/2000\/svg\" aria-hidden=\"true\" focusable=\"false\"><path d=\"M12 2C6.5 2 2 6.5 2 12c0 5 3.7 9.1 8.4 9.9v-7H7.9V12h2.5V9.8c0-2.5 1.5-3.9 3.8-3.9 1.1 0 2.2.2 2.2.2v2.5h-1.3c-1.2 0-1.6.8-1.6 1.6V12h2.8l-.4 2.9h-2.3v7C18.3 21.1 22 17 22 12c0-5.5-4.5-10-10-10z\"><\/path><\/svg><span class=\"wp-block-social-link-label\">Facebook<\/span><\/a><\/li>\n\n<li class=\"wp-social-link wp-social-link-instagram wp-block-social-link\"><a rel=\"noopener nofollow\" target=\"_blank\" href=\"https:\/\/www.instagram.com\/estrategiaoab\/\" class=\"wp-block-social-link-anchor\"><svg width=\"24\" height=\"24\" viewBox=\"0 0 24 24\" version=\"1.1\" xmlns=\"http:\/\/www.w3.org\/2000\/svg\" aria-hidden=\"true\" focusable=\"false\"><path d=\"M12,4.622c2.403,0,2.688,0.009,3.637,0.052c0.877,0.04,1.354,0.187,1.671,0.31c0.42,0.163,0.72,0.358,1.035,0.673 c0.315,0.315,0.51,0.615,0.673,1.035c0.123,0.317,0.27,0.794,0.31,1.671c0.043,0.949,0.052,1.234,0.052,3.637 s-0.009,2.688-0.052,3.637c-0.04,0.877-0.187,1.354-0.31,1.671c-0.163,0.42-0.358,0.72-0.673,1.035 c-0.315,0.315-0.615,0.51-1.035,0.673c-0.317,0.123-0.794,0.27-1.671,0.31c-0.949,0.043-1.233,0.052-3.637,0.052 s-2.688-0.009-3.637-0.052c-0.877-0.04-1.354-0.187-1.671-0.31c-0.42-0.163-0.72-0.358-1.035-0.673 c-0.315-0.315-0.51-0.615-0.673-1.035c-0.123-0.317-0.27-0.794-0.31-1.671C4.631,14.688,4.622,14.403,4.622,12 s0.009-2.688,0.052-3.637c0.04-0.877,0.187-1.354,0.31-1.671c0.163-0.42,0.358-0.72,0.673-1.035 c0.315-0.315,0.615-0.51,1.035-0.673c0.317-0.123,0.794-0.27,1.671-0.31C9.312,4.631,9.597,4.622,12,4.622 M12,3 C9.556,3,9.249,3.01,8.289,3.054C7.331,3.098,6.677,3.25,6.105,3.472C5.513,3.702,5.011,4.01,4.511,4.511 c-0.5,0.5-0.808,1.002-1.038,1.594C3.25,6.677,3.098,7.331,3.054,8.289C3.01,9.249,3,9.556,3,12c0,2.444,0.01,2.751,0.054,3.711 c0.044,0.958,0.196,1.612,0.418,2.185c0.23,0.592,0.538,1.094,1.038,1.594c0.5,0.5,1.002,0.808,1.594,1.038 c0.572,0.222,1.227,0.375,2.185,0.418C9.249,20.99,9.556,21,12,21s2.751-0.01,3.711-0.054c0.958-0.044,1.612-0.196,2.185-0.418 c0.592-0.23,1.094-0.538,1.594-1.038c0.5-0.5,0.808-1.002,1.038-1.594c0.222-0.572,0.375-1.227,0.418-2.185 C20.99,14.751,21,14.444,21,12s-0.01-2.751-0.054-3.711c-0.044-0.958-0.196-1.612-0.418-2.185c-0.23-0.592-0.538-1.094-1.038-1.594 c-0.5-0.5-1.002-0.808-1.594-1.038c-0.572-0.222-1.227-0.375-2.185-0.418C14.751,3.01,14.444,3,12,3L12,3z M12,7.378 c-2.552,0-4.622,2.069-4.622,4.622S9.448,16.622,12,16.622s4.622-2.069,4.622-4.622S14.552,7.378,12,7.378z M12,15 c-1.657,0-3-1.343-3-3s1.343-3,3-3s3,1.343,3,3S13.657,15,12,15z M16.804,6.116c-0.596,0-1.08,0.484-1.08,1.08 s0.484,1.08,1.08,1.08c0.596,0,1.08-0.484,1.08-1.08S17.401,6.116,16.804,6.116z\"><\/path><\/svg><span class=\"wp-block-social-link-label\">Instagram<\/span><\/a><\/li>\n\n<li class=\"wp-social-link wp-social-link-youtube wp-block-social-link\"><a rel=\"noopener nofollow\" target=\"_blank\" href=\"https:\/\/www.youtube.com\/channel\/UC7rgrKTSF5aOrBGWOw60ovw\" class=\"wp-block-social-link-anchor\"><svg width=\"24\" height=\"24\" viewBox=\"0 0 24 24\" version=\"1.1\" xmlns=\"http:\/\/www.w3.org\/2000\/svg\" aria-hidden=\"true\" focusable=\"false\"><path d=\"M21.8,8.001c0,0-0.195-1.378-0.795-1.985c-0.76-0.797-1.613-0.801-2.004-0.847c-2.799-0.202-6.997-0.202-6.997-0.202 h-0.009c0,0-4.198,0-6.997,0.202C4.608,5.216,3.756,5.22,2.995,6.016C2.395,6.623,2.2,8.001,2.2,8.001S2,9.62,2,11.238v1.517 c0,1.618,0.2,3.237,0.2,3.237s0.195,1.378,0.795,1.985c0.761,0.797,1.76,0.771,2.205,0.855c1.6,0.153,6.8,0.201,6.8,0.201 s4.203-0.006,7.001-0.209c0.391-0.047,1.243-0.051,2.004-0.847c0.6-0.607,0.795-1.985,0.795-1.985s0.2-1.618,0.2-3.237v-1.517 C22,9.62,21.8,8.001,21.8,8.001z M9.935,14.594l-0.001-5.62l5.404,2.82L9.935,14.594z\"><\/path><\/svg><span class=\"wp-block-social-link-label\">Youtube<\/span><\/a><\/li>\n\n<li class=\"wp-social-link wp-social-link-telegram wp-block-social-link\"><a rel=\"noopener nofollow\" target=\"_blank\" href=\"https:\/\/t.me\/transmissaoEstrategiaOAB\" class=\"wp-block-social-link-anchor\"><svg width=\"24\" height=\"24\" viewBox=\"0 0 128 128\" version=\"1.1\" xmlns=\"http:\/\/www.w3.org\/2000\/svg\" aria-hidden=\"true\" focusable=\"false\"><path d=\"M28.9700376,63.3244248 C47.6273373,55.1957357 60.0684594,49.8368063 66.2934036,47.2476366 C84.0668845,39.855031 87.7600616,38.5708563 90.1672227,38.528 C90.6966555,38.5191258 91.8804274,38.6503351 92.6472251,39.2725385 C93.294694,39.7979149 93.4728387,40.5076237 93.5580865,41.0057381 C93.6433345,41.5038525 93.7494885,42.63857 93.6651041,43.5252052 C92.7019529,53.6451182 88.5344133,78.2034783 86.4142057,89.5379542 C85.5170662,94.3339958 83.750571,95.9420841 82.0403991,96.0994568 C78.3237996,96.4414641 75.5015827,93.6432685 71.9018743,91.2836143 C66.2690414,87.5912212 63.0868492,85.2926952 57.6192095,81.6896017 C51.3004058,77.5256038 55.3966232,75.2369981 58.9976911,71.4967761 C59.9401076,70.5179421 76.3155302,55.6232293 76.6324771,54.2720454 C76.6721165,54.1030573 76.7089039,53.4731496 76.3346867,53.1405352 C75.9604695,52.8079208 75.4081573,52.921662 75.0095933,53.0121213 C74.444641,53.1403447 65.4461175,59.0880351 48.0140228,70.8551922 C45.4598218,72.6091037 43.1463059,73.4636682 41.0734751,73.4188859 C38.7883453,73.3695169 34.3926725,72.1268388 31.1249416,71.0646282 C27.1169366,69.7617838 23.931454,69.0729605 24.208838,66.8603276 C24.3533167,65.7078514 25.9403832,64.5292172 28.9700376,63.3244248 Z\" \/><\/svg><span class=\"wp-block-social-link-label\">Telegram<\/span><\/a><\/li>\n\n<li class=\"wp-social-link wp-social-link-whatsapp wp-block-social-link\"><a rel=\"noopener nofollow\" target=\"_blank\" href=\"https:\/\/chat.whatsapp.com\/GVIH7MrkoVAGyAxc6MuwWf\" class=\"wp-block-social-link-anchor\"><svg width=\"24\" height=\"24\" viewBox=\"0 0 24 24\" version=\"1.1\" xmlns=\"http:\/\/www.w3.org\/2000\/svg\" aria-hidden=\"true\" focusable=\"false\"><path d=\"M 12.011719 2 C 6.5057187 2 2.0234844 6.478375 2.0214844 11.984375 C 2.0204844 13.744375 2.4814687 15.462563 3.3554688 16.976562 L 2 22 L 7.2324219 20.763672 C 8.6914219 21.559672 10.333859 21.977516 12.005859 21.978516 L 12.009766 21.978516 C 17.514766 21.978516 21.995047 17.499141 21.998047 11.994141 C 22.000047 9.3251406 20.962172 6.8157344 19.076172 4.9277344 C 17.190172 3.0407344 14.683719 2.001 12.011719 2 z M 12.009766 4 C 14.145766 4.001 16.153109 4.8337969 17.662109 6.3417969 C 19.171109 7.8517969 20.000047 9.8581875 19.998047 11.992188 C 19.996047 16.396187 16.413812 19.978516 12.007812 19.978516 C 10.674812 19.977516 9.3544062 19.642812 8.1914062 19.007812 L 7.5175781 18.640625 L 6.7734375 18.816406 L 4.8046875 19.28125 L 5.2851562 17.496094 L 5.5019531 16.695312 L 5.0878906 15.976562 C 4.3898906 14.768562 4.0204844 13.387375 4.0214844 11.984375 C 4.0234844 7.582375 7.6067656 4 12.009766 4 z M 8.4765625 7.375 C 8.3095625 7.375 8.0395469 7.4375 7.8105469 7.6875 C 7.5815469 7.9365 6.9355469 8.5395781 6.9355469 9.7675781 C 6.9355469 10.995578 7.8300781 12.182609 7.9550781 12.349609 C 8.0790781 12.515609 9.68175 15.115234 12.21875 16.115234 C 14.32675 16.946234 14.754891 16.782234 15.212891 16.740234 C 15.670891 16.699234 16.690438 16.137687 16.898438 15.554688 C 17.106437 14.971687 17.106922 14.470187 17.044922 14.367188 C 16.982922 14.263188 16.816406 14.201172 16.566406 14.076172 C 16.317406 13.951172 15.090328 13.348625 14.861328 13.265625 C 14.632328 13.182625 14.464828 13.140625 14.298828 13.390625 C 14.132828 13.640625 13.655766 14.201187 13.509766 14.367188 C 13.363766 14.534188 13.21875 14.556641 12.96875 14.431641 C 12.71875 14.305641 11.914938 14.041406 10.960938 13.191406 C 10.218937 12.530406 9.7182656 11.714844 9.5722656 11.464844 C 9.4272656 11.215844 9.5585938 11.079078 9.6835938 10.955078 C 9.7955938 10.843078 9.9316406 10.663578 10.056641 10.517578 C 10.180641 10.371578 10.223641 10.267562 10.306641 10.101562 C 10.389641 9.9355625 10.347156 9.7890625 10.285156 9.6640625 C 10.223156 9.5390625 9.737625 8.3065 9.515625 7.8125 C 9.328625 7.3975 9.131125 7.3878594 8.953125 7.3808594 C 8.808125 7.3748594 8.6425625 7.375 8.4765625 7.375 z\"><\/path><\/svg><span class=\"wp-block-social-link-label\">WhatsApp<\/span><\/a><\/li><\/ul>\n\n\n\n<p class=\"has-text-align-center wp-block-paragraph\" id=\"h-quer-se-preparar-para-o-exame-de-ordem\" style=\"font-size:26px\"><strong>Quer se preparar para o Exame de Ordem?<\/strong><\/p>\n\n\n\n<div class=\"wp-block-cover\" style=\"min-height:147px;aspect-ratio:unset;\"><img decoding=\"async\" width=\"1024\" height=\"190\" class=\"wp-block-cover__image-background wp-image-963\" alt=\"1\u00aa fase do exame de ordem oab curso\" src=\"https:\/\/oab.estrategia.com\/portal\/wp-content\/uploads\/2022\/06\/20153604\/assinatura-curso-oab-primeira-fase-1024x190.jpg\" style=\"object-position:58% 29%\" data-object-fit=\"cover\" data-object-position=\"58% 29%\" srcset=\"https:\/\/cdn-blog-oab.estrategia.com\/portal\/wp-content\/uploads\/2022\/06\/20153604\/assinatura-curso-oab-primeira-fase-1024x190.jpg 1024w, https:\/\/cdn-blog-oab.estrategia.com\/portal\/wp-content\/uploads\/2022\/06\/20153604\/assinatura-curso-oab-primeira-fase-300x56.jpg 300w, https:\/\/cdn-blog-oab.estrategia.com\/portal\/wp-content\/uploads\/2022\/06\/20153604\/assinatura-curso-oab-primeira-fase-768x143.jpg 768w, https:\/\/cdn-blog-oab.estrategia.com\/portal\/wp-content\/uploads\/2022\/06\/20153604\/assinatura-curso-oab-primeira-fase-1536x285.jpg 1536w, https:\/\/cdn-blog-oab.estrategia.com\/portal\/wp-content\/uploads\/2022\/06\/20153604\/assinatura-curso-oab-primeira-fase-380x71.jpg 380w, https:\/\/cdn-blog-oab.estrategia.com\/portal\/wp-content\/uploads\/2022\/06\/20153604\/assinatura-curso-oab-primeira-fase-800x149.jpg 800w, https:\/\/cdn-blog-oab.estrategia.com\/portal\/wp-content\/uploads\/2022\/06\/20153604\/assinatura-curso-oab-primeira-fase-1160x215.jpg 1160w, https:\/\/cdn-blog-oab.estrategia.com\/portal\/wp-content\/uploads\/2022\/06\/20153604\/assinatura-curso-oab-primeira-fase.jpg 1890w\" sizes=\"(max-width: 1024px) 100vw, 1024px\" \/><span aria-hidden=\"true\" class=\"wp-block-cover__background has-background-dim\"><\/span><div class=\"wp-block-cover__inner-container is-layout-flow wp-block-cover-is-layout-flow\">\n<h3 id=\"curso-para-a-1a-fase-da-oab\" class=\"titulo-assinatura\">Curso para a 1\u00aa Fase da OAB<\/h3>\n<p class=\"subtitulo-assinatura\" style=\"display:block!important; line-height: 0;\">Conhe\u00e7a os cursos!<\/p>\n<a target=\"_blank\" href=\"https:\/\/oab.estrategia.com\/concurso\/primeira-fase-46-exame\" rel=\"noopener\"><button style=\"border-radius: 10px; text-transform: capitalize;\">Acessar<\/button><\/a>\n<\/div><\/div>\n\n\n\n<div class=\"wp-block-group\"><div class=\"wp-block-group__inner-container is-layout-constrained wp-block-group-is-layout-constrained\">\n<div class=\"wp-block-cover\" style=\"min-height:84px;aspect-ratio:unset;\"><img decoding=\"async\" width=\"1160\" height=\"215\" class=\"wp-block-cover__image-background wp-image-15434\" alt=\"\" src=\"https:\/\/oab.estrategia.com\/portal\/wp-content\/uploads\/2025\/01\/31012626\/Banner-curso-de-ingles-no-seu-ritmo-vermelho-e-azul-moderno-1160-x-215-px.png\" style=\"object-position:100% 28%\" data-object-fit=\"cover\" data-object-position=\"100% 28%\" srcset=\"https:\/\/cdn-blog-oab.estrategia.com\/portal\/wp-content\/uploads\/2025\/01\/31012626\/Banner-curso-de-ingles-no-seu-ritmo-vermelho-e-azul-moderno-1160-x-215-px.png 1160w, https:\/\/cdn-blog-oab.estrategia.com\/portal\/wp-content\/uploads\/2025\/01\/31012626\/Banner-curso-de-ingles-no-seu-ritmo-vermelho-e-azul-moderno-1160-x-215-px-300x56.png 300w, https:\/\/cdn-blog-oab.estrategia.com\/portal\/wp-content\/uploads\/2025\/01\/31012626\/Banner-curso-de-ingles-no-seu-ritmo-vermelho-e-azul-moderno-1160-x-215-px-1024x190.png 1024w, https:\/\/cdn-blog-oab.estrategia.com\/portal\/wp-content\/uploads\/2025\/01\/31012626\/Banner-curso-de-ingles-no-seu-ritmo-vermelho-e-azul-moderno-1160-x-215-px-768x142.png 768w, https:\/\/cdn-blog-oab.estrategia.com\/portal\/wp-content\/uploads\/2025\/01\/31012626\/Banner-curso-de-ingles-no-seu-ritmo-vermelho-e-azul-moderno-1160-x-215-px-380x70.png 380w, https:\/\/cdn-blog-oab.estrategia.com\/portal\/wp-content\/uploads\/2025\/01\/31012626\/Banner-curso-de-ingles-no-seu-ritmo-vermelho-e-azul-moderno-1160-x-215-px-800x148.png 800w, https:\/\/cdn-blog-oab.estrategia.com\/portal\/wp-content\/uploads\/2025\/01\/31012626\/Banner-curso-de-ingles-no-seu-ritmo-vermelho-e-azul-moderno-1160-x-215-px-150x28.png 150w\" sizes=\"(max-width: 1160px) 100vw, 1160px\" \/><span aria-hidden=\"true\" class=\"wp-block-cover__background has-background-dim\"><\/span><div class=\"wp-block-cover__inner-container is-layout-flow wp-block-cover-is-layout-flow\">\n<h3 id=\"cursos-para-a-2a-fase-da-oab\" class=\"titulo-assinatura\">Cursos para a 2\u00aa Fase da OAB<\/h3>\n<p class=\"subtitulo-assinatura\" style=\"display:block!important; line-height: 0;\">Conhe\u00e7a os cursos!<\/p>\n<a target=\"_blank\" href=\"https:\/\/oab.estrategia.com\/concursos\/cursos\/segunda-fase-oab\" rel=\"noopener\"><button style=\"border-radius: 10px; text-transform: capitalize;\">Acessar<\/button><\/a>\n<\/div><\/div>\n<\/div><\/div>\n\n\n\n<p class=\"wp-block-paragraph\"><\/p>\n\n\n\n<p class=\"wp-block-paragraph\"><\/p>\n\n\n\n<p class=\"wp-block-paragraph\"><\/p>\n\n\n\n<p class=\"wp-block-paragraph\"><\/p>\n\n\n\n<p class=\"wp-block-paragraph\"><\/p>\n\n\n\n<p class=\"wp-block-paragraph\"><\/p>\n\n\n\n<p class=\"wp-block-paragraph\"><\/p>\n","protected":false},"excerpt":{"rendered":"O Vade Mecum \u00e9 um dos principais instrumentos utilizados pelos candidatos na segunda fase da OAB (Exame de&hellip;\n","protected":false},"author":12,"featured_media":3890,"comment_status":"open","ping_status":"open","sticky":false,"template":"","format":"standard","meta":{"_acf_changed":false,"_jetpack_newsletter_access":"","_jetpack_dont_email_post_to_subs":false,"_jetpack_newsletter_tier_id":0,"_jetpack_memberships_contains_paywalled_content":false,"_jetpack_feature_clip_id":0,"_jetpack_memberships_contains_paid_content":false,"footnotes":"","jetpack_post_was_ever_published":false},"categories":[1],"tags":[],"class_list":["post-32848","post","type-post","status-publish","format-standard","has-post-thumbnail","category-carreira"],"acf":[],"yoast_head":"<!-- This site is optimized with the Yoast SEO Premium plugin v26.2 (Yoast SEO v28.3) - https:\/\/yoast.com\/product\/yoast-seo-premium-wordpress\/ -->\n<title>Como utilizar o Vade Mecum durante a prova da OAB<\/title>\n<meta name=\"description\" content=\"Saiba como utilizar o Vade Mecum durante a prova da OAB, o que \u00e9 permitido pela FGV, como organizar o material e evitar erros!\" \/>\n<meta name=\"robots\" content=\"index, follow, max-snippet:-1, max-image-preview:large, max-video-preview:-1\" \/>\n<link rel=\"canonical\" href=\"https:\/\/oab.estrategia.com\/portal\/como-utilizar-vade-mecum-prova-oab\/\" \/>\n<meta property=\"og:locale\" content=\"pt_BR\" \/>\n<meta property=\"og:type\" content=\"article\" \/>\n<meta property=\"og:title\" content=\"Como utilizar o Vade Mecum durante a prova da OAB\" \/>\n<meta property=\"og:description\" content=\"Saiba como utilizar o Vade Mecum durante a prova da OAB, o que \u00e9 permitido pela FGV, como organizar o material e evitar erros!\" \/>\n<meta property=\"og:url\" content=\"https:\/\/oab.estrategia.com\/portal\/como-utilizar-vade-mecum-prova-oab\/\" \/>\n<meta property=\"og:site_name\" content=\"Blog - OAB - Estrat\u00e9gia\" \/>\n<meta property=\"article:publisher\" content=\"https:\/\/www.facebook.com\/estrategiaoab\/\" \/>\n<meta property=\"article:published_time\" content=\"2026-09-02T11:30:00+00:00\" \/>\n<meta property=\"article:modified_time\" content=\"2026-09-03T14:34:23+00:00\" \/>\n<meta property=\"og:image\" content=\"https:\/\/cdn-blog-oab.estrategia.com\/portal\/wp-content\/uploads\/2022\/11\/22101641\/exame-de-ordem-oab-xxxvi-exame-resultado-definitivo-prova-objetiva.png\" \/>\n\t<meta property=\"og:image:width\" content=\"960\" \/>\n\t<meta property=\"og:image:height\" content=\"540\" \/>\n\t<meta property=\"og:image:type\" content=\"image\/png\" \/>\n<meta name=\"author\" content=\"Coordena\u00e7\u00e3o\" \/>\n<meta name=\"twitter:card\" content=\"summary_large_image\" \/>\n<meta name=\"twitter:creator\" content=\"@estrategiaoab\" \/>\n<meta name=\"twitter:site\" content=\"@estrategiaoab\" \/>\n<meta name=\"twitter:label1\" content=\"Escrito por\" \/>\n\t<meta name=\"twitter:data1\" content=\"Coordena\u00e7\u00e3o\" \/>\n\t<meta name=\"twitter:label2\" content=\"Est. tempo de leitura\" \/>\n\t<meta name=\"twitter:data2\" content=\"7 minutos\" \/>\n<script type=\"application\/ld+json\" class=\"yoast-schema-graph\">{\"@context\":\"https:\\\/\\\/schema.org\",\"@graph\":[{\"@type\":\"Article\",\"@id\":\"https:\\\/\\\/oab.estrategia.com\\\/portal\\\/como-utilizar-vade-mecum-prova-oab\\\/#article\",\"isPartOf\":{\"@id\":\"https:\\\/\\\/oab.estrategia.com\\\/portal\\\/como-utilizar-vade-mecum-prova-oab\\\/\"},\"author\":{\"name\":\"Coordena\u00e7\u00e3o\",\"@id\":\"https:\\\/\\\/oab.estrategia.com\\\/portal\\\/#\\\/schema\\\/person\\\/9e4f367923f195c7466d88c8e8a86d23\"},\"headline\":\"Como utilizar o Vade Mecum durante a prova da OAB\",\"datePublished\":\"2026-09-02T11:30:00+00:00\",\"dateModified\":\"2026-09-03T14:34:23+00:00\",\"mainEntityOfPage\":{\"@id\":\"https:\\\/\\\/oab.estrategia.com\\\/portal\\\/como-utilizar-vade-mecum-prova-oab\\\/\"},\"wordCount\":1135,\"commentCount\":0,\"publisher\":{\"@id\":\"https:\\\/\\\/oab.estrategia.com\\\/portal\\\/#organization\"},\"image\":{\"@id\":\"https:\\\/\\\/oab.estrategia.com\\\/portal\\\/como-utilizar-vade-mecum-prova-oab\\\/#primaryimage\"},\"thumbnailUrl\":\"https:\\\/\\\/cdn-blog-oab.estrategia.com\\\/portal\\\/wp-content\\\/uploads\\\/2022\\\/11\\\/22101641\\\/exame-de-ordem-oab-xxxvi-exame-resultado-definitivo-prova-objetiva.png\",\"articleSection\":[\"Carreira\"],\"inLanguage\":\"pt-BR\",\"potentialAction\":[{\"@type\":\"CommentAction\",\"name\":\"Comment\",\"target\":[\"https:\\\/\\\/oab.estrategia.com\\\/portal\\\/como-utilizar-vade-mecum-prova-oab\\\/#respond\"]}],\"accessibilityFeature\":[\"tableOfContents\"]},{\"@type\":\"WebPage\",\"@id\":\"https:\\\/\\\/oab.estrategia.com\\\/portal\\\/como-utilizar-vade-mecum-prova-oab\\\/\",\"url\":\"https:\\\/\\\/oab.estrategia.com\\\/portal\\\/como-utilizar-vade-mecum-prova-oab\\\/\",\"name\":\"Como utilizar o Vade Mecum durante a prova da OAB\",\"isPartOf\":{\"@id\":\"https:\\\/\\\/oab.estrategia.com\\\/portal\\\/#website\"},\"primaryImageOfPage\":{\"@id\":\"https:\\\/\\\/oab.estrategia.com\\\/portal\\\/como-utilizar-vade-mecum-prova-oab\\\/#primaryimage\"},\"image\":{\"@id\":\"https:\\\/\\\/oab.estrategia.com\\\/portal\\\/como-utilizar-vade-mecum-prova-oab\\\/#primaryimage\"},\"thumbnailUrl\":\"https:\\\/\\\/cdn-blog-oab.estrategia.com\\\/portal\\\/wp-content\\\/uploads\\\/2022\\\/11\\\/22101641\\\/exame-de-ordem-oab-xxxvi-exame-resultado-definitivo-prova-objetiva.png\",\"datePublished\":\"2026-09-02T11:30:00+00:00\",\"dateModified\":\"2026-09-03T14:34:23+00:00\",\"description\":\"Saiba como utilizar o Vade Mecum durante a prova da OAB, o que \u00e9 permitido pela FGV, como organizar o material e evitar erros!\",\"breadcrumb\":{\"@id\":\"https:\\\/\\\/oab.estrategia.com\\\/portal\\\/como-utilizar-vade-mecum-prova-oab\\\/#breadcrumb\"},\"inLanguage\":\"pt-BR\",\"potentialAction\":[{\"@type\":\"ReadAction\",\"target\":[\"https:\\\/\\\/oab.estrategia.com\\\/portal\\\/como-utilizar-vade-mecum-prova-oab\\\/\"]}]},{\"@type\":\"ImageObject\",\"inLanguage\":\"pt-BR\",\"@id\":\"https:\\\/\\\/oab.estrategia.com\\\/portal\\\/como-utilizar-vade-mecum-prova-oab\\\/#primaryimage\",\"url\":\"https:\\\/\\\/cdn-blog-oab.estrategia.com\\\/portal\\\/wp-content\\\/uploads\\\/2022\\\/11\\\/22101641\\\/exame-de-ordem-oab-xxxvi-exame-resultado-definitivo-prova-objetiva.png\",\"contentUrl\":\"https:\\\/\\\/cdn-blog-oab.estrategia.com\\\/portal\\\/wp-content\\\/uploads\\\/2022\\\/11\\\/22101641\\\/exame-de-ordem-oab-xxxvi-exame-resultado-definitivo-prova-objetiva.png\",\"width\":960,\"height\":540,\"caption\":\"Exame de ordem\"},{\"@type\":\"BreadcrumbList\",\"@id\":\"https:\\\/\\\/oab.estrategia.com\\\/portal\\\/como-utilizar-vade-mecum-prova-oab\\\/#breadcrumb\",\"itemListElement\":[{\"@type\":\"ListItem\",\"position\":1,\"name\":\"In\u00edcio\",\"item\":\"https:\\\/\\\/oab.estrategia.com\\\/portal\\\/\"},{\"@type\":\"ListItem\",\"position\":2,\"name\":\"Como utilizar o Vade Mecum durante a prova da OAB\"}]},{\"@type\":\"WebSite\",\"@id\":\"https:\\\/\\\/oab.estrategia.com\\\/portal\\\/#website\",\"url\":\"https:\\\/\\\/oab.estrategia.com\\\/portal\\\/\",\"name\":\"Blog - OAB - Estrat\u00e9gia\",\"description\":\"Blog OAB - Estrat\u00e9gia Concursos\",\"publisher\":{\"@id\":\"https:\\\/\\\/oab.estrategia.com\\\/portal\\\/#organization\"},\"potentialAction\":[{\"@type\":\"SearchAction\",\"target\":{\"@type\":\"EntryPoint\",\"urlTemplate\":\"https:\\\/\\\/oab.estrategia.com\\\/portal\\\/?s={search_term_string}\"},\"query-input\":{\"@type\":\"PropertyValueSpecification\",\"valueRequired\":true,\"valueName\":\"search_term_string\"}}],\"inLanguage\":\"pt-BR\"},{\"@type\":\"Organization\",\"@id\":\"https:\\\/\\\/oab.estrategia.com\\\/portal\\\/#organization\",\"name\":\"Estrat\u00e9gia Concursos\",\"url\":\"https:\\\/\\\/oab.estrategia.com\\\/portal\\\/\",\"logo\":{\"@type\":\"ImageObject\",\"inLanguage\":\"pt-BR\",\"@id\":\"https:\\\/\\\/oab.estrategia.com\\\/portal\\\/#\\\/schema\\\/logo\\\/image\\\/\",\"url\":\"https:\\\/\\\/oab.estrategia.com\\\/portal\\\/wp-content\\\/uploads\\\/2022\\\/04\\\/06103601\\\/oab-icone-2.png\",\"contentUrl\":\"https:\\\/\\\/oab.estrategia.com\\\/portal\\\/wp-content\\\/uploads\\\/2022\\\/04\\\/06103601\\\/oab-icone-2.png\",\"width\":900,\"height\":900,\"caption\":\"Estrat\u00e9gia Concursos\"},\"image\":{\"@id\":\"https:\\\/\\\/oab.estrategia.com\\\/portal\\\/#\\\/schema\\\/logo\\\/image\\\/\"},\"sameAs\":[\"https:\\\/\\\/www.facebook.com\\\/estrategiaoab\\\/\",\"https:\\\/\\\/x.com\\\/estrategiaoab\",\"https:\\\/\\\/www.instagram.com\\\/estrategiaoab\\\/\",\"https:\\\/\\\/www.youtube.com\\\/EstrategiaOAB\"]},{\"@type\":\"Person\",\"@id\":\"https:\\\/\\\/oab.estrategia.com\\\/portal\\\/#\\\/schema\\\/person\\\/9e4f367923f195c7466d88c8e8a86d23\",\"name\":\"Coordena\u00e7\u00e3o\",\"image\":{\"@type\":\"ImageObject\",\"inLanguage\":\"pt-BR\",\"@id\":\"https:\\\/\\\/cdn-blog-oab.estrategia.com\\\/portal\\\/wp-content\\\/uploads\\\/2022\\\/03\\\/12164805\\\/estrategia-oab-coordenacao-96x96.png\",\"url\":\"https:\\\/\\\/cdn-blog-oab.estrategia.com\\\/portal\\\/wp-content\\\/uploads\\\/2022\\\/03\\\/12164805\\\/estrategia-oab-coordenacao-96x96.png\",\"contentUrl\":\"https:\\\/\\\/cdn-blog-oab.estrategia.com\\\/portal\\\/wp-content\\\/uploads\\\/2022\\\/03\\\/12164805\\\/estrategia-oab-coordenacao-96x96.png\",\"caption\":\"Coordena\u00e7\u00e3o\"},\"description\":\".\",\"url\":\"https:\\\/\\\/oab.estrategia.com\\\/portal\\\/author\\\/coordenacao\\\/\"}]}<\/script>\n<!-- \/ Yoast SEO Premium plugin. -->","yoast_head_json":{"title":"Como utilizar o Vade Mecum durante a prova da OAB","description":"Saiba como utilizar o Vade Mecum durante a prova da OAB, o que \u00e9 permitido pela FGV, como organizar o material e evitar erros!","robots":{"index":"index","follow":"follow","max-snippet":"max-snippet:-1","max-image-preview":"max-image-preview:large","max-video-preview":"max-video-preview:-1"},"canonical":"https:\/\/oab.estrategia.com\/portal\/como-utilizar-vade-mecum-prova-oab\/","og_locale":"pt_BR","og_type":"article","og_title":"Como utilizar o Vade Mecum durante a prova da OAB","og_description":"Saiba como utilizar o Vade Mecum durante a prova da OAB, o que \u00e9 permitido pela FGV, como organizar o material e evitar erros!","og_url":"https:\/\/oab.estrategia.com\/portal\/como-utilizar-vade-mecum-prova-oab\/","og_site_name":"Blog - OAB - Estrat\u00e9gia","article_publisher":"https:\/\/www.facebook.com\/estrategiaoab\/","article_published_time":"2026-09-02T11:30:00+00:00","article_modified_time":"2026-09-03T14:34:23+00:00","og_image":[{"width":960,"height":540,"url":"https:\/\/cdn-blog-oab.estrategia.com\/portal\/wp-content\/uploads\/2022\/11\/22101641\/exame-de-ordem-oab-xxxvi-exame-resultado-definitivo-prova-objetiva.png","type":"image\/png"}],"author":"Coordena\u00e7\u00e3o","twitter_card":"summary_large_image","twitter_creator":"@estrategiaoab","twitter_site":"@estrategiaoab","twitter_misc":{"Escrito por":"Coordena\u00e7\u00e3o","Est. tempo de leitura":"7 minutos"},"schema":{"@context":"https:\/\/schema.org","@graph":[{"@type":"Article","@id":"https:\/\/oab.estrategia.com\/portal\/como-utilizar-vade-mecum-prova-oab\/#article","isPartOf":{"@id":"https:\/\/oab.estrategia.com\/portal\/como-utilizar-vade-mecum-prova-oab\/"},"author":{"name":"Coordena\u00e7\u00e3o","@id":"https:\/\/oab.estrategia.com\/portal\/#\/schema\/person\/9e4f367923f195c7466d88c8e8a86d23"},"headline":"Como utilizar o Vade Mecum durante a prova da OAB","datePublished":"2026-09-02T11:30:00+00:00","dateModified":"2026-09-03T14:34:23+00:00","mainEntityOfPage":{"@id":"https:\/\/oab.estrategia.com\/portal\/como-utilizar-vade-mecum-prova-oab\/"},"wordCount":1135,"commentCount":0,"publisher":{"@id":"https:\/\/oab.estrategia.com\/portal\/#organization"},"image":{"@id":"https:\/\/oab.estrategia.com\/portal\/como-utilizar-vade-mecum-prova-oab\/#primaryimage"},"thumbnailUrl":"https:\/\/cdn-blog-oab.estrategia.com\/portal\/wp-content\/uploads\/2022\/11\/22101641\/exame-de-ordem-oab-xxxvi-exame-resultado-definitivo-prova-objetiva.png","articleSection":["Carreira"],"inLanguage":"pt-BR","potentialAction":[{"@type":"CommentAction","name":"Comment","target":["https:\/\/oab.estrategia.com\/portal\/como-utilizar-vade-mecum-prova-oab\/#respond"]}],"accessibilityFeature":["tableOfContents"]},{"@type":"WebPage","@id":"https:\/\/oab.estrategia.com\/portal\/como-utilizar-vade-mecum-prova-oab\/","url":"https:\/\/oab.estrategia.com\/portal\/como-utilizar-vade-mecum-prova-oab\/","name":"Como utilizar o Vade Mecum durante a prova da OAB","isPartOf":{"@id":"https:\/\/oab.estrategia.com\/portal\/#website"},"primaryImageOfPage":{"@id":"https:\/\/oab.estrategia.com\/portal\/como-utilizar-vade-mecum-prova-oab\/#primaryimage"},"image":{"@id":"https:\/\/oab.estrategia.com\/portal\/como-utilizar-vade-mecum-prova-oab\/#primaryimage"},"thumbnailUrl":"https:\/\/cdn-blog-oab.estrategia.com\/portal\/wp-content\/uploads\/2022\/11\/22101641\/exame-de-ordem-oab-xxxvi-exame-resultado-definitivo-prova-objetiva.png","datePublished":"2026-09-02T11:30:00+00:00","dateModified":"2026-09-03T14:34:23+00:00","description":"Saiba como utilizar o Vade Mecum durante a prova da OAB, o que \u00e9 permitido pela FGV, como organizar o material e evitar erros!","breadcrumb":{"@id":"https:\/\/oab.estrategia.com\/portal\/como-utilizar-vade-mecum-prova-oab\/#breadcrumb"},"inLanguage":"pt-BR","potentialAction":[{"@type":"ReadAction","target":["https:\/\/oab.estrategia.com\/portal\/como-utilizar-vade-mecum-prova-oab\/"]}]},{"@type":"ImageObject","inLanguage":"pt-BR","@id":"https:\/\/oab.estrategia.com\/portal\/como-utilizar-vade-mecum-prova-oab\/#primaryimage","url":"https:\/\/cdn-blog-oab.estrategia.com\/portal\/wp-content\/uploads\/2022\/11\/22101641\/exame-de-ordem-oab-xxxvi-exame-resultado-definitivo-prova-objetiva.png","contentUrl":"https:\/\/cdn-blog-oab.estrategia.com\/portal\/wp-content\/uploads\/2022\/11\/22101641\/exame-de-ordem-oab-xxxvi-exame-resultado-definitivo-prova-objetiva.png","width":960,"height":540,"caption":"Exame de ordem"},{"@type":"BreadcrumbList","@id":"https:\/\/oab.estrategia.com\/portal\/como-utilizar-vade-mecum-prova-oab\/#breadcrumb","itemListElement":[{"@type":"ListItem","position":1,"name":"In\u00edcio","item":"https:\/\/oab.estrategia.com\/portal\/"},{"@type":"ListItem","position":2,"name":"Como utilizar o Vade Mecum durante a prova da OAB"}]},{"@type":"WebSite","@id":"https:\/\/oab.estrategia.com\/portal\/#website","url":"https:\/\/oab.estrategia.com\/portal\/","name":"Blog - OAB - Estrat\u00e9gia","description":"Blog OAB - Estrat\u00e9gia Concursos","publisher":{"@id":"https:\/\/oab.estrategia.com\/portal\/#organization"},"potentialAction":[{"@type":"SearchAction","target":{"@type":"EntryPoint","urlTemplate":"https:\/\/oab.estrategia.com\/portal\/?s={search_term_string}"},"query-input":{"@type":"PropertyValueSpecification","valueRequired":true,"valueName":"search_term_string"}}],"inLanguage":"pt-BR"},{"@type":"Organization","@id":"https:\/\/oab.estrategia.com\/portal\/#organization","name":"Estrat\u00e9gia Concursos","url":"https:\/\/oab.estrategia.com\/portal\/","logo":{"@type":"ImageObject","inLanguage":"pt-BR","@id":"https:\/\/oab.estrategia.com\/portal\/#\/schema\/logo\/image\/","url":"https:\/\/oab.estrategia.com\/portal\/wp-content\/uploads\/2022\/04\/06103601\/oab-icone-2.png","contentUrl":"https:\/\/oab.estrategia.com\/portal\/wp-content\/uploads\/2022\/04\/06103601\/oab-icone-2.png","width":900,"height":900,"caption":"Estrat\u00e9gia Concursos"},"image":{"@id":"https:\/\/oab.estrategia.com\/portal\/#\/schema\/logo\/image\/"},"sameAs":["https:\/\/www.facebook.com\/estrategiaoab\/","https:\/\/x.com\/estrategiaoab","https:\/\/www.instagram.com\/estrategiaoab\/","https:\/\/www.youtube.com\/EstrategiaOAB"]},{"@type":"Person","@id":"https:\/\/oab.estrategia.com\/portal\/#\/schema\/person\/9e4f367923f195c7466d88c8e8a86d23","name":"Coordena\u00e7\u00e3o","image":{"@type":"ImageObject","inLanguage":"pt-BR","@id":"https:\/\/cdn-blog-oab.estrategia.com\/portal\/wp-content\/uploads\/2022\/03\/12164805\/estrategia-oab-coordenacao-96x96.png","url":"https:\/\/cdn-blog-oab.estrategia.com\/portal\/wp-content\/uploads\/2022\/03\/12164805\/estrategia-oab-coordenacao-96x96.png","contentUrl":"https:\/\/cdn-blog-oab.estrategia.com\/portal\/wp-content\/uploads\/2022\/03\/12164805\/estrategia-oab-coordenacao-96x96.png","caption":"Coordena\u00e7\u00e3o"},"description":".","url":"https:\/\/oab.estrategia.com\/portal\/author\/coordenacao\/"}]}},"jetpack_sharing_enabled":true,"jetpack_featured_media_url":"https:\/\/cdn-blog-oab.estrategia.com\/portal\/wp-content\/uploads\/2022\/11\/22101641\/exame-de-ordem-oab-xxxvi-exame-resultado-definitivo-prova-objetiva.png","_links":{"self":[{"href":"https:\/\/oab.estrategia.com\/portal\/wp-json\/wp\/v2\/posts\/32848","targetHints":{"allow":["GET"]}}],"collection":[{"href":"https:\/\/oab.estrategia.com\/portal\/wp-json\/wp\/v2\/posts"}],"about":[{"href":"https:\/\/oab.estrategia.com\/portal\/wp-json\/wp\/v2\/types\/post"}],"author":[{"embeddable":true,"href":"https:\/\/oab.estrategia.com\/portal\/wp-json\/wp\/v2\/users\/12"}],"replies":[{"embeddable":true,"href":"https:\/\/oab.estrategia.com\/portal\/wp-json\/wp\/v2\/comments?post=32848"}],"version-history":[{"count":7,"href":"https:\/\/oab.estrategia.com\/portal\/wp-json\/wp\/v2\/posts\/32848\/revisions"}],"predecessor-version":[{"id":33380,"href":"https:\/\/oab.estrategia.com\/portal\/wp-json\/wp\/v2\/posts\/32848\/revisions\/33380"}],"wp:featuredmedia":[{"embeddable":true,"href":"https:\/\/oab.estrategia.com\/portal\/wp-json\/wp\/v2\/media\/3890"}],"wp:attachment":[{"href":"https:\/\/oab.estrategia.com\/portal\/wp-json\/wp\/v2\/media?parent=32848"}],"wp:term":[{"taxonomy":"category","embeddable":true,"href":"https:\/\/oab.estrategia.com\/portal\/wp-json\/wp\/v2\/categories?post=32848"},{"taxonomy":"post_tag","embeddable":true,"href":"https:\/\/oab.estrategia.com\/portal\/wp-json\/wp\/v2\/tags?post=32848"}],"curies":[{"name":"wp","href":"https:\/\/api.w.org\/{rel}","templated":true}]}}