{"id":33364,"date":"2026-09-03T08:09:00","date_gmt":"2026-09-03T11:09:00","guid":{"rendered":"https:\/\/oab.estrategia.com\/portal\/?p=33364"},"modified":"2026-09-02T15:06:31","modified_gmt":"2026-09-02T18:06:31","slug":"oab-47-horarios-instrucoes-prova-1-fase","status":"publish","type":"post","link":"https:\/\/oab.estrategia.com\/portal\/oab-47-horarios-instrucoes-prova-1-fase\/","title":{"rendered":"OAB 47: o que levar, hor\u00e1rios e instru\u00e7\u00f5es da prova de 1\u00aa fase"},"content":{"rendered":"\n<p class=\"has-medium-font-size wp-block-paragraph\"><strong><em>OAB 47 ter\u00e1 prova objetiva em 6 de setembro; confira hor\u00e1rios, documentos, materiais permitidos e calend\u00e1rio de recursos<\/em><\/strong><\/p>\n\n\n<a id=\"cta-icon\" href=\"https:\/\/sndflw.com\/i\/1-fase-da-oab-grupo\" target=\"blank\" style=\"background:rgb(174,10,11)\">\n            <img decoding=\"async\" src=\"https:\/\/cdn-blog-oab.estrategia.com\/portal\/wp-content\/uploads\/2023\/12\/07160715\/whatsapp_1385.webp\" alt=\"\" alt=\"whatsapp_1385\"><span > Acesse agora o Grupo de Estudos para 1\u00aa fase da OAB<\/span><\/a>\n\n\n\n<p class=\"wp-block-paragraph\">O Conselho Federal da Ordem dos Advogados do Brasil (CFOAB) aplicar\u00e1 a primeira fase do <strong>47\u00ba Exame de Ordem Unificado<\/strong> em <strong>6 de setembro de 2026<\/strong>, em cidades de todas as unidades da Federa\u00e7\u00e3o. <\/p>\n\n\n\n<p class=\"wp-block-paragraph\">Segundo o edital publicado pela <strong>Funda\u00e7\u00e3o Getulio Vargas (FGV)<\/strong>, ser\u00e3o 80 quest\u00f5es objetivas. Para avan\u00e7ar \u00e0 segunda fase, ser\u00e1 necess\u00e1rio obter <strong>40 pontos<\/strong>, equivalentes a 50% da prova objetiva.<\/p>\n\n\n\n<div class=\"wp-block-cover\" style=\"min-height:145px;aspect-ratio:unset;\"><img decoding=\"async\" width=\"1024\" height=\"190\" class=\"wp-block-cover__image-background wp-image-2272\" alt=\"\" src=\"https:\/\/oab.estrategia.com\/portal\/wp-content\/uploads\/2022\/08\/19111944\/assinatura-oab-banner-exame-de-ordem-oab-assinatura-curso-oab-1024x190.jpg\" style=\"object-position:58% 29%\" data-object-fit=\"cover\" data-object-position=\"58% 29%\" srcset=\"https:\/\/cdn-blog-oab.estrategia.com\/portal\/wp-content\/uploads\/2022\/08\/19111944\/assinatura-oab-banner-exame-de-ordem-oab-assinatura-curso-oab-1024x190.jpg 1024w, https:\/\/cdn-blog-oab.estrategia.com\/portal\/wp-content\/uploads\/2022\/08\/19111944\/assinatura-oab-banner-exame-de-ordem-oab-assinatura-curso-oab-300x56.jpg 300w, https:\/\/cdn-blog-oab.estrategia.com\/portal\/wp-content\/uploads\/2022\/08\/19111944\/assinatura-oab-banner-exame-de-ordem-oab-assinatura-curso-oab-768x143.jpg 768w, https:\/\/cdn-blog-oab.estrategia.com\/portal\/wp-content\/uploads\/2022\/08\/19111944\/assinatura-oab-banner-exame-de-ordem-oab-assinatura-curso-oab-1536x285.jpg 1536w, https:\/\/cdn-blog-oab.estrategia.com\/portal\/wp-content\/uploads\/2022\/08\/19111944\/assinatura-oab-banner-exame-de-ordem-oab-assinatura-curso-oab-380x71.jpg 380w, https:\/\/cdn-blog-oab.estrategia.com\/portal\/wp-content\/uploads\/2022\/08\/19111944\/assinatura-oab-banner-exame-de-ordem-oab-assinatura-curso-oab-800x149.jpg 800w, https:\/\/cdn-blog-oab.estrategia.com\/portal\/wp-content\/uploads\/2022\/08\/19111944\/assinatura-oab-banner-exame-de-ordem-oab-assinatura-curso-oab-1160x215.jpg 1160w, https:\/\/cdn-blog-oab.estrategia.com\/portal\/wp-content\/uploads\/2022\/08\/19111944\/assinatura-oab-banner-exame-de-ordem-oab-assinatura-curso-oab-150x28.jpg 150w, https:\/\/cdn-blog-oab.estrategia.com\/portal\/wp-content\/uploads\/2022\/08\/19111944\/assinatura-oab-banner-exame-de-ordem-oab-assinatura-curso-oab.jpg 1890w\" sizes=\"(max-width: 1024px) 100vw, 1024px\" \/><span aria-hidden=\"true\" class=\"wp-block-cover__background has-background-dim\"><\/span><div class=\"wp-block-cover__inner-container is-layout-flow wp-block-cover-is-layout-flow\">\n<h3 id=\"assinatura-oab\" class=\"titulo-assinatura\">Assinatura OAB<\/h3>\n<p class=\"subtitulo-assinatura\" style=\"display:block!important; line-height: 0;\">Conte\u00fado completo para a 1\u00aa e 2\u00aa fase da OAB.<\/p>\n<a target=\"_blank\" href=\"https:\/\/oab.estrategia.com\/curso\/assinatura-oab\/\" rel=\"noopener\"><button style=\"border-radius: 10px; text-transform: capitalize;\">Acessar<\/button><\/a>\n<\/div><\/div>\n\n\n\n<p class=\"wp-block-paragraph\"><\/p>\n\n\n\n<h2 id=\"h-quais-os-horarios-da-prova-da-1\u00aa-fase-da-oab-47\" class=\"wp-block-heading\"><span id=\"quais-os-horarios-da-prova-da-1a-fase-da-oab-47\">Quais os hor\u00e1rios da prova da 1\u00aa fase da OAB 47?<\/span><\/h2>\n\n\n\n<p class=\"wp-block-paragraph\">A prova objetiva ser\u00e1 realizada no turno da tarde, conforme o hor\u00e1rio oficial de Bras\u00edlia. O examinando deve conferir o endere\u00e7o e a sala indicados na consulta individual.<\/p>\n\n\n\n<p class=\"wp-block-paragraph\">Os hor\u00e1rios da primeira fase s\u00e3o os seguintes:<\/p>\n\n\n\n<ul class=\"wp-block-list\">\n<li>apresenta\u00e7\u00e3o recomendada: at\u00e9 as <strong>11h30<\/strong>;<\/li>\n\n\n\n<li>fechamento dos port\u00f5es: <strong>12h30<\/strong>;<\/li>\n\n\n\n<li>in\u00edcio da prova: <strong>13h<\/strong>;<\/li>\n\n\n\n<li>t\u00e9rmino da prova: <strong>18h<\/strong>;<\/li>\n\n\n\n<li>dura\u00e7\u00e3o: <strong>5 horas<\/strong>.<\/li>\n<\/ul>\n\n\n\n<p class=\"wp-block-paragraph\">O edital n\u00e3o indica um hor\u00e1rio formal de abertura dos port\u00f5es. A apresenta\u00e7\u00e3o \u00e0s <strong>11h30<\/strong> decorre da exig\u00eancia de comparecimento com pelo menos uma hora de anteced\u00eancia em rela\u00e7\u00e3o ao fechamento.<\/p>\n\n\n\n<p class=\"wp-block-paragraph\">A segunda fase est\u00e1 marcada para <strong>18 de outubro de 2026<\/strong>, tamb\u00e9m das <strong>13h \u00e0s 18h<\/strong>. Nessa etapa, o examinando dever\u00e1 chegar at\u00e9 as <strong>11h<\/strong>, devido \u00e0 vistoria do material de consulta. Os port\u00f5es ser\u00e3o fechados \u00e0s <strong>12h30<\/strong>.<\/p>\n\n\n\n<p class=\"wp-block-paragraph\">O participante dever\u00e1 permanecer no local por, no m\u00ednimo, duas horas ap\u00f3s o in\u00edcio. A retirada do caderno de prova ou do caderno de rascunho ser\u00e1 permitida somente a partir das <strong>17h<\/strong>.<\/p>\n\n\n\n<h2 id=\"h-o-que-levar-nas-provas-da-oab-47\" class=\"wp-block-heading\"><span id=\"o-que-levar-nas-provas-da-oab-47\">O que levar nas provas da OAB 47?<\/span><\/h2>\n\n\n\n<p class=\"wp-block-paragraph\">O acesso ao local depende da apresenta\u00e7\u00e3o de documento de identifica\u00e7\u00e3o e do uso do material de escrita definido pela organiza\u00e7\u00e3o. O examinando dever\u00e1 levar:<\/p>\n\n\n\n<ul class=\"wp-block-list\">\n<li><strong>documento de identidade original com foto<\/strong> e assinatura vis\u00edvel;<\/li>\n\n\n\n<li><strong>caneta esferogr\u00e1fica de tinta azul ou preta<\/strong>, fabricada em material transparente.<\/li>\n<\/ul>\n\n\n\n<p class=\"wp-block-paragraph\">S\u00e3o aceitas carteiras expedidas por \u00f3rg\u00e3os de seguran\u00e7a, comandos militares, corpos de bombeiros e conselhos profissionais, al\u00e9m de passaporte, certificado de reservista, carteira de trabalho, determinadas carteiras funcionais e Carteira Nacional de Habilita\u00e7\u00e3o com foto.<\/p>\n\n\n\n<p class=\"wp-block-paragraph\">O documento digital poder\u00e1 ser apresentado somente no in\u00edcio da prova. Nesse caso, o examinando dever\u00e1 portar tamb\u00e9m um documento oficial f\u00edsico para as verifica\u00e7\u00f5es realizadas durante a aplica\u00e7\u00e3o.<\/p>\n\n\n\n<p class=\"wp-block-paragraph\">Na segunda fase, ser\u00e1 permitida a consulta a legisla\u00e7\u00e3o, s\u00famulas, enunciados, orienta\u00e7\u00f5es jurisprudenciais e precedentes normativos sem coment\u00e1rios ou anota\u00e7\u00f5es, conforme as regras do Anexo III.<\/p>\n\n\n\n<p class=\"wp-block-paragraph\">Alimentos e bebidas dever\u00e3o estar em recipientes transparentes e sujeitos \u00e0 inspe\u00e7\u00e3o. A \u00e1gua tamb\u00e9m dever\u00e1 ser levada em embalagem transparente.<\/p>\n\n\n\n<h3 id=\"o-que-nao-posso-levar-no-dia-das-provas-da-ordem-dos-advogados-do-brasil\" class=\"wp-block-heading\">O que n\u00e3o posso levar no dia das provas da Ordem dos Advogados do Brasil<\/h3>\n\n\n\n<p class=\"wp-block-paragraph\">O edital relaciona objetos que n\u00e3o podem permanecer com o examinando durante a aplica\u00e7\u00e3o. O porte ou uso de material proibido pode causar a anula\u00e7\u00e3o da prova e a elimina\u00e7\u00e3o.<\/p>\n\n\n\n<p class=\"wp-block-paragraph\">Est\u00e3o <strong>proibidos<\/strong>:<\/p>\n\n\n\n<ul class=\"wp-block-list\">\n<li>l\u00e1pis, lapiseira, borracha e corretivo;<\/li>\n\n\n\n<li>caneta de corpo opaco;<\/li>\n\n\n\n<li>rel\u00f3gio de qualquer esp\u00e9cie;<\/li>\n\n\n\n<li>calculadora, r\u00e9gua de c\u00e1lculo, livros, anota\u00e7\u00f5es e impressos n\u00e3o autorizados;<\/li>\n\n\n\n<li>celular, notebook, tablet, gravador, receptor, m\u00e1quina fotogr\u00e1fica e reprodutores de \u00e1udio;<\/li>\n\n\n\n<li>fones de ouvido, protetor auricular, pendrive e controle de alarme;<\/li>\n\n\n\n<li>\u00f3culos escuros, chap\u00e9u, bon\u00e9, gorro e acess\u00f3rios semelhantes;<\/li>\n\n\n\n<li>recipientes opacos ou com r\u00f3tulos que impe\u00e7am a visualiza\u00e7\u00e3o do conte\u00fado;<\/li>\n\n\n\n<li>bebidas alco\u00f3licas;<\/li>\n\n\n\n<li>armas, ressalvados os procedimentos aplic\u00e1veis a quem tenha informado previamente a necessidade de port\u00e1-las.<\/li>\n<\/ul>\n\n\n\n<p class=\"wp-block-paragraph\">Caso leve celular ou outro eletr\u00f4nico, o examinando dever\u00e1 deslig\u00e1-lo e guard\u00e1-lo no envelope de seguran\u00e7a. O inv\u00f3lucro permanecer\u00e1 lacrado, ao lado ou embaixo da carteira, e somente poder\u00e1 ser aberto fora do local de prova.<\/p>\n\n\n\n<p class=\"wp-block-paragraph\">A utiliza\u00e7\u00e3o de eletr\u00f4nicos permanece proibida mesmo depois da entrega da prova e durante o deslocamento para a sa\u00edda. Embora o edital n\u00e3o trate separadamente da emiss\u00e3o de sons, um toque ou alarme pode revelar o porte do aparelho, situa\u00e7\u00e3o sujeita \u00e0 elimina\u00e7\u00e3o.<\/p>\n\n\n\n<p class=\"wp-block-paragraph\">Bolsas, mochilas, carteiras, dinheiro e outros pertences tamb\u00e9m dever\u00e3o permanecer guardados. Participantes com cabelos longos dever\u00e3o prend\u00ea-los, mantendo as orelhas vis\u00edveis. Vestimentas religiosas que cubram as orelhas ou a parte superior da cabe\u00e7a poder\u00e3o ser submetidas a vistoria reservada.<\/p>\n\n\n\n<h2 id=\"h-como-sera-a-prova-da-oab-47\" class=\"wp-block-heading\"><span id=\"como-sera-a-prova-da-oab-47\">Como ser\u00e1 a prova da OAB 47?<\/span><\/h2>\n\n\n\n<p class=\"wp-block-paragraph\">O <strong>47\u00ba Exame de Ordem Unificado<\/strong> ter\u00e1 duas fases obrigat\u00f3rias e eliminat\u00f3rias, ambas organizadas pela <strong>FGV<\/strong>.<\/p>\n\n\n\n<p class=\"wp-block-paragraph\">A primeira fase ser\u00e1 composta por <strong>80 quest\u00f5es de m\u00faltipla escolha<\/strong>, com quatro alternativas e apenas uma resposta correta. Cada quest\u00e3o valer\u00e1 um ponto. A prova ser\u00e1 realizada sem consulta e poder\u00e1 apresentar situa\u00e7\u00f5es-problema e quest\u00f5es baseadas na jurisprud\u00eancia consolidada dos tribunais superiores.<\/p>\n\n\n\n<p class=\"wp-block-paragraph\">O conte\u00fado inclui as disciplinas de forma\u00e7\u00e3o geral e t\u00e9cnico-jur\u00eddica do curso de Direito. Tamb\u00e9m abrange Estatuto da Advocacia e da OAB, Regulamento Geral, C\u00f3digo de \u00c9tica e Disciplina, Direitos Humanos, Filosofia do Direito, Direito do Consumidor, Direito da Crian\u00e7a e do Adolescente, Direito Ambiental, Direito Internacional, Direito Financeiro, Direito Previdenci\u00e1rio e Direito Eleitoral.<\/p>\n\n\n\n<p class=\"wp-block-paragraph\">Pelo menos 15% das quest\u00f5es dever\u00e3o abordar Estatuto da Advocacia e da OAB, Regulamento Geral, C\u00f3digo de \u00c9tica e Disciplina, Direitos Humanos e Filosofia do Direito.<\/p>\n\n\n\n<p class=\"wp-block-paragraph\">Para avan\u00e7ar \u00e0 segunda fase, ser\u00e1 necess\u00e1rio obter <strong>40 pontos<\/strong>, equivalentes a 50% da prova objetiva.<\/p>\n\n\n\n<p class=\"wp-block-paragraph\">A prova pr\u00e1tico-profissional valer\u00e1 <strong>10 pontos<\/strong> e ser\u00e1 dividida em duas partes. O examinando dever\u00e1 redigir uma pe\u00e7a profissional, no valor de cinco pontos, e responder a quatro quest\u00f5es discursivas, com valor m\u00e1ximo de 1,25 ponto cada.<\/p>\n\n\n\n<p class=\"wp-block-paragraph\">A avalia\u00e7\u00e3o ser\u00e1 baseada na \u00e1rea escolhida durante a inscri\u00e7\u00e3o. As op\u00e7\u00f5es s\u00e3o Direito Administrativo, Direito Civil, Direito Constitucional, Direito do Trabalho, Direito Empresarial, Direito Penal e Direito Tribut\u00e1rio. A aprova\u00e7\u00e3o exige nota igual ou superior a <strong>6 pontos<\/strong>, sem arredondamento.<\/p>\n\n\n\n<h3 id=\"h-quando-sai-o-gabarito-da-prova-oab-47\" class=\"wp-block-heading\"><span id=\"quando-sai-o-gabarito-da-prova-oab-47\">Quando sai o gabarito da prova OAB 47?<\/span><\/h3>\n\n\n\n<p class=\"wp-block-paragraph\">O gabarito preliminar da prova objetiva ser\u00e1 publicado at\u00e9 \u00e0s <strong>22h de 6 de setembro de 2026<\/strong>, conforme o hor\u00e1rio oficial de Bras\u00edlia.<\/p>\n\n\n\n<p class=\"wp-block-paragraph\">Os recursos contra o gabarito poder\u00e3o ser apresentados das <strong>0h de 8 de setembro \u00e0s 23h59 de 10 de setembro de 2026<\/strong>. O envio dever\u00e1 ser feito pelo sistema eletr\u00f4nico indicado pela banca.<\/p>\n\n\n\n<p class=\"wp-block-paragraph\">O gabarito definitivo, as respostas aos recursos e o resultado preliminar da primeira fase est\u00e3o previstos para <strong>23 de setembro de 2026<\/strong>. Recursos relacionados a erro material no somat\u00f3rio da nota ser\u00e3o aceitos das <strong>0h de 24 de setembro \u00e0s 23h59 de 25 de setembro de 2026<\/strong>.<\/p>\n\n\n\n<p class=\"wp-block-paragraph\">O resultado definitivo da prova objetiva ser\u00e1 divulgado em <strong>5 de outubro de 2026<\/strong>.<\/p>\n\n\n\n<p class=\"wp-block-paragraph\">Na segunda fase, o padr\u00e3o preliminar de respostas sair\u00e1 at\u00e9 \u00e0s <strong>22h de 18 de outubro de 2026<\/strong>. O resultado preliminar est\u00e1 previsto para <strong>12 de novembro<\/strong>, com recursos das <strong>0h de 13 de novembro \u00e0s 23h59 de 15 de novembro de 2026<\/strong>. O resultado final do exame ser\u00e1 publicado em <strong>3 de dezembro de 2026<\/strong>.<\/p>\n\n\n\n<p class=\"has-text-align-center wp-block-paragraph\"><em>Confira os detalhes completos para se preparar e ser aprovado no Edital OAB 47:<\/em><\/p>\n\n\n\n<p class=\"has-text-align-center has-blush-bordeaux-gradient-background has-background has-medium-font-size wp-block-paragraph\"><strong>Saiba mais: <a href=\"https:\/\/oab.estrategia.com\/portal\/edital-exame-de-ordem-oab-47\/\" target=\"_blank\" >Edital OAB 47<\/a><\/strong><\/p>\n\n\n\n<hr class=\"wp-block-separator has-alpha-channel-opacity\"\/>\n\n\n\n<h2 class=\"wp-block-heading has-text-align-center\" id=\"h-quer-saber-tudo-sobre-o-exame-de-ordem-confira-nossos-artigos\"><span id=\"quer-saber-tudo-sobre-o-exame-de-ordemconfira-nossos-artigos\">Quer saber tudo sobre o Exame de Ordem?<br>Confira nossos artigos!<\/span><\/h2>\n\n\n\n<ul class=\"wp-block-list\">\n<li><a href=\"https:\/\/oab.estrategia.com\/portal\/prova-oab\/\">Guia completo: Prova OAB<\/a><\/li>\n\n\n\n<li><a href=\"https:\/\/oab.estrategia.com\/portal\/ordem-das-questoes-na-oab\/\" type=\"link\" id=\"https:\/\/oab.estrategia.com\/portal\/ordem-das-questoes-na-oab\/\" target=\"_blank\" >Ordem das quest\u00f5es na OAB<\/a><\/li>\n<\/ul>\n\n\n\n<h4 class=\"wp-block-heading has-text-align-center\" id=\"h-conteudos-exclusivos-e-atualizacoes-em-tempo-real-siga-nossas-redes-e-esteja-sempre-um-passo-a-frente\"><span id=\"conteudos-exclusivos-e-atualizacoes-em-tempo-realsiga-nossas-redes-e-esteja-sempre-um-passo-a-frente\">Conte\u00fados exclusivos e atualiza\u00e7\u00f5es em tempo real?<br>Siga nossas redes e esteja sempre um passo \u00e0 frente!<\/span><\/h4>\n\n\n\n<ul class=\"wp-block-social-links has-normal-icon-size has-visible-labels is-horizontal is-content-justification-center is-layout-flex wp-container-core-social-links-is-layout-7d812b4c wp-block-social-links-is-layout-flex\"><li class=\"wp-social-link wp-social-link-facebook wp-block-social-link\"><a rel=\"noopener nofollow\" target=\"_blank\" href=\"https:\/\/www.facebook.com\/oabestrategia?locale=pt_BR\" class=\"wp-block-social-link-anchor\"><svg width=\"24\" height=\"24\" viewBox=\"0 0 24 24\" version=\"1.1\" xmlns=\"http:\/\/www.w3.org\/2000\/svg\" aria-hidden=\"true\" focusable=\"false\"><path d=\"M12 2C6.5 2 2 6.5 2 12c0 5 3.7 9.1 8.4 9.9v-7H7.9V12h2.5V9.8c0-2.5 1.5-3.9 3.8-3.9 1.1 0 2.2.2 2.2.2v2.5h-1.3c-1.2 0-1.6.8-1.6 1.6V12h2.8l-.4 2.9h-2.3v7C18.3 21.1 22 17 22 12c0-5.5-4.5-10-10-10z\"><\/path><\/svg><span class=\"wp-block-social-link-label\">Facebook<\/span><\/a><\/li>\n\n<li class=\"wp-social-link wp-social-link-instagram wp-block-social-link\"><a rel=\"noopener nofollow\" target=\"_blank\" href=\"https:\/\/www.instagram.com\/estrategiaoab\/\" class=\"wp-block-social-link-anchor\"><svg width=\"24\" height=\"24\" viewBox=\"0 0 24 24\" version=\"1.1\" xmlns=\"http:\/\/www.w3.org\/2000\/svg\" aria-hidden=\"true\" focusable=\"false\"><path d=\"M12,4.622c2.403,0,2.688,0.009,3.637,0.052c0.877,0.04,1.354,0.187,1.671,0.31c0.42,0.163,0.72,0.358,1.035,0.673 c0.315,0.315,0.51,0.615,0.673,1.035c0.123,0.317,0.27,0.794,0.31,1.671c0.043,0.949,0.052,1.234,0.052,3.637 s-0.009,2.688-0.052,3.637c-0.04,0.877-0.187,1.354-0.31,1.671c-0.163,0.42-0.358,0.72-0.673,1.035 c-0.315,0.315-0.615,0.51-1.035,0.673c-0.317,0.123-0.794,0.27-1.671,0.31c-0.949,0.043-1.233,0.052-3.637,0.052 s-2.688-0.009-3.637-0.052c-0.877-0.04-1.354-0.187-1.671-0.31c-0.42-0.163-0.72-0.358-1.035-0.673 c-0.315-0.315-0.51-0.615-0.673-1.035c-0.123-0.317-0.27-0.794-0.31-1.671C4.631,14.688,4.622,14.403,4.622,12 s0.009-2.688,0.052-3.637c0.04-0.877,0.187-1.354,0.31-1.671c0.163-0.42,0.358-0.72,0.673-1.035 c0.315-0.315,0.615-0.51,1.035-0.673c0.317-0.123,0.794-0.27,1.671-0.31C9.312,4.631,9.597,4.622,12,4.622 M12,3 C9.556,3,9.249,3.01,8.289,3.054C7.331,3.098,6.677,3.25,6.105,3.472C5.513,3.702,5.011,4.01,4.511,4.511 c-0.5,0.5-0.808,1.002-1.038,1.594C3.25,6.677,3.098,7.331,3.054,8.289C3.01,9.249,3,9.556,3,12c0,2.444,0.01,2.751,0.054,3.711 c0.044,0.958,0.196,1.612,0.418,2.185c0.23,0.592,0.538,1.094,1.038,1.594c0.5,0.5,1.002,0.808,1.594,1.038 c0.572,0.222,1.227,0.375,2.185,0.418C9.249,20.99,9.556,21,12,21s2.751-0.01,3.711-0.054c0.958-0.044,1.612-0.196,2.185-0.418 c0.592-0.23,1.094-0.538,1.594-1.038c0.5-0.5,0.808-1.002,1.038-1.594c0.222-0.572,0.375-1.227,0.418-2.185 C20.99,14.751,21,14.444,21,12s-0.01-2.751-0.054-3.711c-0.044-0.958-0.196-1.612-0.418-2.185c-0.23-0.592-0.538-1.094-1.038-1.594 c-0.5-0.5-1.002-0.808-1.594-1.038c-0.572-0.222-1.227-0.375-2.185-0.418C14.751,3.01,14.444,3,12,3L12,3z M12,7.378 c-2.552,0-4.622,2.069-4.622,4.622S9.448,16.622,12,16.622s4.622-2.069,4.622-4.622S14.552,7.378,12,7.378z M12,15 c-1.657,0-3-1.343-3-3s1.343-3,3-3s3,1.343,3,3S13.657,15,12,15z M16.804,6.116c-0.596,0-1.08,0.484-1.08,1.08 s0.484,1.08,1.08,1.08c0.596,0,1.08-0.484,1.08-1.08S17.401,6.116,16.804,6.116z\"><\/path><\/svg><span class=\"wp-block-social-link-label\">Instagram<\/span><\/a><\/li>\n\n<li class=\"wp-social-link wp-social-link-youtube wp-block-social-link\"><a rel=\"noopener nofollow\" target=\"_blank\" href=\"https:\/\/www.youtube.com\/channel\/UC7rgrKTSF5aOrBGWOw60ovw\" class=\"wp-block-social-link-anchor\"><svg width=\"24\" height=\"24\" viewBox=\"0 0 24 24\" version=\"1.1\" xmlns=\"http:\/\/www.w3.org\/2000\/svg\" aria-hidden=\"true\" focusable=\"false\"><path d=\"M21.8,8.001c0,0-0.195-1.378-0.795-1.985c-0.76-0.797-1.613-0.801-2.004-0.847c-2.799-0.202-6.997-0.202-6.997-0.202 h-0.009c0,0-4.198,0-6.997,0.202C4.608,5.216,3.756,5.22,2.995,6.016C2.395,6.623,2.2,8.001,2.2,8.001S2,9.62,2,11.238v1.517 c0,1.618,0.2,3.237,0.2,3.237s0.195,1.378,0.795,1.985c0.761,0.797,1.76,0.771,2.205,0.855c1.6,0.153,6.8,0.201,6.8,0.201 s4.203-0.006,7.001-0.209c0.391-0.047,1.243-0.051,2.004-0.847c0.6-0.607,0.795-1.985,0.795-1.985s0.2-1.618,0.2-3.237v-1.517 C22,9.62,21.8,8.001,21.8,8.001z M9.935,14.594l-0.001-5.62l5.404,2.82L9.935,14.594z\"><\/path><\/svg><span class=\"wp-block-social-link-label\">Youtube<\/span><\/a><\/li>\n\n<li class=\"wp-social-link wp-social-link-telegram wp-block-social-link\"><a rel=\"noopener nofollow\" target=\"_blank\" href=\"https:\/\/t.me\/transmissaoEstrategiaOAB\" class=\"wp-block-social-link-anchor\"><svg width=\"24\" height=\"24\" viewBox=\"0 0 128 128\" version=\"1.1\" xmlns=\"http:\/\/www.w3.org\/2000\/svg\" aria-hidden=\"true\" focusable=\"false\"><path d=\"M28.9700376,63.3244248 C47.6273373,55.1957357 60.0684594,49.8368063 66.2934036,47.2476366 C84.0668845,39.855031 87.7600616,38.5708563 90.1672227,38.528 C90.6966555,38.5191258 91.8804274,38.6503351 92.6472251,39.2725385 C93.294694,39.7979149 93.4728387,40.5076237 93.5580865,41.0057381 C93.6433345,41.5038525 93.7494885,42.63857 93.6651041,43.5252052 C92.7019529,53.6451182 88.5344133,78.2034783 86.4142057,89.5379542 C85.5170662,94.3339958 83.750571,95.9420841 82.0403991,96.0994568 C78.3237996,96.4414641 75.5015827,93.6432685 71.9018743,91.2836143 C66.2690414,87.5912212 63.0868492,85.2926952 57.6192095,81.6896017 C51.3004058,77.5256038 55.3966232,75.2369981 58.9976911,71.4967761 C59.9401076,70.5179421 76.3155302,55.6232293 76.6324771,54.2720454 C76.6721165,54.1030573 76.7089039,53.4731496 76.3346867,53.1405352 C75.9604695,52.8079208 75.4081573,52.921662 75.0095933,53.0121213 C74.444641,53.1403447 65.4461175,59.0880351 48.0140228,70.8551922 C45.4598218,72.6091037 43.1463059,73.4636682 41.0734751,73.4188859 C38.7883453,73.3695169 34.3926725,72.1268388 31.1249416,71.0646282 C27.1169366,69.7617838 23.931454,69.0729605 24.208838,66.8603276 C24.3533167,65.7078514 25.9403832,64.5292172 28.9700376,63.3244248 Z\" \/><\/svg><span class=\"wp-block-social-link-label\">Telegram<\/span><\/a><\/li>\n\n<li class=\"wp-social-link wp-social-link-whatsapp wp-block-social-link\"><a rel=\"noopener nofollow\" target=\"_blank\" href=\"https:\/\/chat.whatsapp.com\/GVIH7MrkoVAGyAxc6MuwWf\" class=\"wp-block-social-link-anchor\"><svg width=\"24\" height=\"24\" viewBox=\"0 0 24 24\" version=\"1.1\" xmlns=\"http:\/\/www.w3.org\/2000\/svg\" aria-hidden=\"true\" focusable=\"false\"><path d=\"M 12.011719 2 C 6.5057187 2 2.0234844 6.478375 2.0214844 11.984375 C 2.0204844 13.744375 2.4814687 15.462563 3.3554688 16.976562 L 2 22 L 7.2324219 20.763672 C 8.6914219 21.559672 10.333859 21.977516 12.005859 21.978516 L 12.009766 21.978516 C 17.514766 21.978516 21.995047 17.499141 21.998047 11.994141 C 22.000047 9.3251406 20.962172 6.8157344 19.076172 4.9277344 C 17.190172 3.0407344 14.683719 2.001 12.011719 2 z M 12.009766 4 C 14.145766 4.001 16.153109 4.8337969 17.662109 6.3417969 C 19.171109 7.8517969 20.000047 9.8581875 19.998047 11.992188 C 19.996047 16.396187 16.413812 19.978516 12.007812 19.978516 C 10.674812 19.977516 9.3544062 19.642812 8.1914062 19.007812 L 7.5175781 18.640625 L 6.7734375 18.816406 L 4.8046875 19.28125 L 5.2851562 17.496094 L 5.5019531 16.695312 L 5.0878906 15.976562 C 4.3898906 14.768562 4.0204844 13.387375 4.0214844 11.984375 C 4.0234844 7.582375 7.6067656 4 12.009766 4 z M 8.4765625 7.375 C 8.3095625 7.375 8.0395469 7.4375 7.8105469 7.6875 C 7.5815469 7.9365 6.9355469 8.5395781 6.9355469 9.7675781 C 6.9355469 10.995578 7.8300781 12.182609 7.9550781 12.349609 C 8.0790781 12.515609 9.68175 15.115234 12.21875 16.115234 C 14.32675 16.946234 14.754891 16.782234 15.212891 16.740234 C 15.670891 16.699234 16.690438 16.137687 16.898438 15.554688 C 17.106437 14.971687 17.106922 14.470187 17.044922 14.367188 C 16.982922 14.263188 16.816406 14.201172 16.566406 14.076172 C 16.317406 13.951172 15.090328 13.348625 14.861328 13.265625 C 14.632328 13.182625 14.464828 13.140625 14.298828 13.390625 C 14.132828 13.640625 13.655766 14.201187 13.509766 14.367188 C 13.363766 14.534188 13.21875 14.556641 12.96875 14.431641 C 12.71875 14.305641 11.914938 14.041406 10.960938 13.191406 C 10.218937 12.530406 9.7182656 11.714844 9.5722656 11.464844 C 9.4272656 11.215844 9.5585938 11.079078 9.6835938 10.955078 C 9.7955938 10.843078 9.9316406 10.663578 10.056641 10.517578 C 10.180641 10.371578 10.223641 10.267562 10.306641 10.101562 C 10.389641 9.9355625 10.347156 9.7890625 10.285156 9.6640625 C 10.223156 9.5390625 9.737625 8.3065 9.515625 7.8125 C 9.328625 7.3975 9.131125 7.3878594 8.953125 7.3808594 C 8.808125 7.3748594 8.6425625 7.375 8.4765625 7.375 z\"><\/path><\/svg><span class=\"wp-block-social-link-label\">WhatsApp<\/span><\/a><\/li><\/ul>\n\n\n\n<h2 class=\"wp-block-heading has-text-align-center\" id=\"h-quer-se-preparar-para-o-exame-de-ordem\"><span id=\"quer-se-preparar-para-o-exame-de-ordem\"><strong>Quer se preparar para o Exame de Ordem?<\/strong><\/span><\/h2>\n\n\n\n<div class=\"wp-block-cover\" style=\"min-height:147px;aspect-ratio:unset;\"><img decoding=\"async\" width=\"1024\" height=\"190\" class=\"wp-block-cover__image-background wp-image-963\" alt=\"1\u00aa fase do exame de ordem oab curso\" src=\"https:\/\/oab.estrategia.com\/portal\/wp-content\/uploads\/2022\/06\/20153604\/assinatura-curso-oab-primeira-fase-1024x190.jpg\" style=\"object-position:58% 29%\" data-object-fit=\"cover\" data-object-position=\"58% 29%\" srcset=\"https:\/\/cdn-blog-oab.estrategia.com\/portal\/wp-content\/uploads\/2022\/06\/20153604\/assinatura-curso-oab-primeira-fase-1024x190.jpg 1024w, https:\/\/cdn-blog-oab.estrategia.com\/portal\/wp-content\/uploads\/2022\/06\/20153604\/assinatura-curso-oab-primeira-fase-300x56.jpg 300w, https:\/\/cdn-blog-oab.estrategia.com\/portal\/wp-content\/uploads\/2022\/06\/20153604\/assinatura-curso-oab-primeira-fase-768x143.jpg 768w, https:\/\/cdn-blog-oab.estrategia.com\/portal\/wp-content\/uploads\/2022\/06\/20153604\/assinatura-curso-oab-primeira-fase-1536x285.jpg 1536w, https:\/\/cdn-blog-oab.estrategia.com\/portal\/wp-content\/uploads\/2022\/06\/20153604\/assinatura-curso-oab-primeira-fase-380x71.jpg 380w, https:\/\/cdn-blog-oab.estrategia.com\/portal\/wp-content\/uploads\/2022\/06\/20153604\/assinatura-curso-oab-primeira-fase-800x149.jpg 800w, https:\/\/cdn-blog-oab.estrategia.com\/portal\/wp-content\/uploads\/2022\/06\/20153604\/assinatura-curso-oab-primeira-fase-1160x215.jpg 1160w, https:\/\/cdn-blog-oab.estrategia.com\/portal\/wp-content\/uploads\/2022\/06\/20153604\/assinatura-curso-oab-primeira-fase.jpg 1890w\" sizes=\"(max-width: 1024px) 100vw, 1024px\" \/><span aria-hidden=\"true\" class=\"wp-block-cover__background has-background-dim\"><\/span><div class=\"wp-block-cover__inner-container is-layout-flow wp-block-cover-is-layout-flow\">\n<h3 id=\"curso-para-a-1a-fase-da-oab\" class=\"titulo-assinatura\">Curso para a 1\u00aa Fase da OAB<\/h3>\n<p class=\"subtitulo-assinatura\" style=\"display:block!important; line-height: 0;\">Conhe\u00e7a os cursos!<\/p>\n<a target=\"_blank\" href=\"https:\/\/oab.estrategia.com\/concurso\/primeira-fase-46-exame\" rel=\"noopener\"><button style=\"border-radius: 10px; text-transform: capitalize;\">Acessar<\/button><\/a>\n<\/div><\/div>\n\n\n\n<div class=\"wp-block-group\"><div class=\"wp-block-group__inner-container is-layout-constrained wp-block-group-is-layout-constrained\">\n<div class=\"wp-block-cover\" style=\"min-height:84px;aspect-ratio:unset;\"><img decoding=\"async\" width=\"1160\" height=\"215\" class=\"wp-block-cover__image-background wp-image-15434\" alt=\"\" src=\"https:\/\/oab.estrategia.com\/portal\/wp-content\/uploads\/2025\/01\/31012626\/Banner-curso-de-ingles-no-seu-ritmo-vermelho-e-azul-moderno-1160-x-215-px.png\" style=\"object-position:100% 28%\" data-object-fit=\"cover\" data-object-position=\"100% 28%\" srcset=\"https:\/\/cdn-blog-oab.estrategia.com\/portal\/wp-content\/uploads\/2025\/01\/31012626\/Banner-curso-de-ingles-no-seu-ritmo-vermelho-e-azul-moderno-1160-x-215-px.png 1160w, https:\/\/cdn-blog-oab.estrategia.com\/portal\/wp-content\/uploads\/2025\/01\/31012626\/Banner-curso-de-ingles-no-seu-ritmo-vermelho-e-azul-moderno-1160-x-215-px-300x56.png 300w, https:\/\/cdn-blog-oab.estrategia.com\/portal\/wp-content\/uploads\/2025\/01\/31012626\/Banner-curso-de-ingles-no-seu-ritmo-vermelho-e-azul-moderno-1160-x-215-px-1024x190.png 1024w, https:\/\/cdn-blog-oab.estrategia.com\/portal\/wp-content\/uploads\/2025\/01\/31012626\/Banner-curso-de-ingles-no-seu-ritmo-vermelho-e-azul-moderno-1160-x-215-px-768x142.png 768w, https:\/\/cdn-blog-oab.estrategia.com\/portal\/wp-content\/uploads\/2025\/01\/31012626\/Banner-curso-de-ingles-no-seu-ritmo-vermelho-e-azul-moderno-1160-x-215-px-380x70.png 380w, https:\/\/cdn-blog-oab.estrategia.com\/portal\/wp-content\/uploads\/2025\/01\/31012626\/Banner-curso-de-ingles-no-seu-ritmo-vermelho-e-azul-moderno-1160-x-215-px-800x148.png 800w, https:\/\/cdn-blog-oab.estrategia.com\/portal\/wp-content\/uploads\/2025\/01\/31012626\/Banner-curso-de-ingles-no-seu-ritmo-vermelho-e-azul-moderno-1160-x-215-px-150x28.png 150w\" sizes=\"(max-width: 1160px) 100vw, 1160px\" \/><span aria-hidden=\"true\" class=\"wp-block-cover__background has-background-dim\"><\/span><div class=\"wp-block-cover__inner-container is-layout-flow wp-block-cover-is-layout-flow\">\n<h3 id=\"cursos-para-a-2a-fase-da-oab\" class=\"titulo-assinatura\">Cursos para a 2\u00aa Fase da OAB<\/h3>\n<p class=\"subtitulo-assinatura\" style=\"display:block!important; line-height: 0;\">Conhe\u00e7a os cursos!<\/p>\n<a target=\"_blank\" href=\"https:\/\/oab.estrategia.com\/concursos\/cursos\/segunda-fase-oab\" rel=\"noopener\"><button style=\"border-radius: 10px; text-transform: capitalize;\">Acessar<\/button><\/a>\n<\/div><\/div>\n<\/div><\/div>\n\n\n\n<p class=\"wp-block-paragraph\"><\/p>\n","protected":false},"excerpt":{"rendered":"OAB 47 ter\u00e1 prova objetiva em 6 de setembro; confira hor\u00e1rios, documentos, materiais permitidos e calend\u00e1rio de recursos&hellip;\n","protected":false},"author":7,"featured_media":2361,"comment_status":"open","ping_status":"open","sticky":false,"template":"","format":"standard","meta":{"_acf_changed":false,"_jetpack_newsletter_access":"","_jetpack_dont_email_post_to_subs":false,"_jetpack_newsletter_tier_id":0,"_jetpack_memberships_contains_paywalled_content":false,"_jetpack_feature_clip_id":0,"_jetpack_memberships_contains_paid_content":false,"footnotes":"","jetpack_post_was_ever_published":false},"categories":[30,48,506],"tags":[],"class_list":["post-33364","post","type-post","status-publish","format-standard","has-post-thumbnail","category-1a-fase-oab","category-dicas-oab","category-ultimas-noticias"],"acf":[],"yoast_head":"<!-- This site is optimized with the Yoast SEO Premium plugin v26.2 (Yoast SEO v28.3) - https:\/\/yoast.com\/product\/yoast-seo-premium-wordpress\/ -->\n<title>OAB 47: o que levar, hor\u00e1rios e instru\u00e7\u00f5es da prova de 1\u00aa fase<\/title>\n<meta name=\"description\" content=\"OAB 47 ter\u00e1 prova objetiva em 6 de setembro; confira hor\u00e1rios, documentos, materiais permitidos e calend\u00e1rio de recursos\" \/>\n<meta name=\"robots\" content=\"index, follow, max-snippet:-1, max-image-preview:large, max-video-preview:-1\" \/>\n<link rel=\"canonical\" href=\"https:\/\/oab.estrategia.com\/portal\/oab-47-horarios-instrucoes-prova-1-fase\/\" \/>\n<meta property=\"og:locale\" content=\"pt_BR\" \/>\n<meta property=\"og:type\" content=\"article\" \/>\n<meta property=\"og:title\" content=\"OAB 47: o que levar, hor\u00e1rios e instru\u00e7\u00f5es da prova de 1\u00aa fase\" \/>\n<meta property=\"og:description\" content=\"OAB 47 ter\u00e1 prova objetiva em 6 de setembro; confira hor\u00e1rios, documentos, materiais permitidos e calend\u00e1rio de recursos\" \/>\n<meta property=\"og:url\" content=\"https:\/\/oab.estrategia.com\/portal\/oab-47-horarios-instrucoes-prova-1-fase\/\" \/>\n<meta property=\"og:site_name\" content=\"Blog - OAB - Estrat\u00e9gia\" \/>\n<meta property=\"article:publisher\" content=\"https:\/\/www.facebook.com\/estrategiaoab\/\" \/>\n<meta property=\"article:published_time\" content=\"2026-09-03T11:09:00+00:00\" \/>\n<meta property=\"og:image\" content=\"https:\/\/cdn-blog-oab.estrategia.com\/portal\/wp-content\/uploads\/2022\/08\/23141426\/1a-fase-exame-de-ordem-exame-oab-primeira-fase.png\" \/>\n\t<meta property=\"og:image:width\" content=\"960\" \/>\n\t<meta property=\"og:image:height\" content=\"540\" \/>\n\t<meta property=\"og:image:type\" content=\"image\/png\" \/>\n<meta name=\"author\" content=\"Bruna de Andrade Fran\u00e7a\" \/>\n<meta name=\"twitter:card\" content=\"summary_large_image\" \/>\n<meta name=\"twitter:creator\" content=\"@estrategiaoab\" \/>\n<meta name=\"twitter:site\" content=\"@estrategiaoab\" \/>\n<meta name=\"twitter:label1\" content=\"Escrito por\" \/>\n\t<meta name=\"twitter:data1\" content=\"Bruna de Andrade Fran\u00e7a\" \/>\n\t<meta name=\"twitter:label2\" content=\"Est. tempo de leitura\" \/>\n\t<meta name=\"twitter:data2\" content=\"8 minutos\" \/>\n<script type=\"application\/ld+json\" class=\"yoast-schema-graph\">{\"@context\":\"https:\\\/\\\/schema.org\",\"@graph\":[{\"@type\":\"Article\",\"@id\":\"https:\\\/\\\/oab.estrategia.com\\\/portal\\\/oab-47-horarios-instrucoes-prova-1-fase\\\/#article\",\"isPartOf\":{\"@id\":\"https:\\\/\\\/oab.estrategia.com\\\/portal\\\/oab-47-horarios-instrucoes-prova-1-fase\\\/\"},\"author\":{\"name\":\"Bruna de Andrade Fran\u00e7a\",\"@id\":\"https:\\\/\\\/oab.estrategia.com\\\/portal\\\/#\\\/schema\\\/person\\\/806b4b5f7eed4be8bc2068940fa17e9a\"},\"headline\":\"OAB 47: o que levar, hor\u00e1rios e instru\u00e7\u00f5es da prova de 1\u00aa fase\",\"datePublished\":\"2026-09-03T11:09:00+00:00\",\"mainEntityOfPage\":{\"@id\":\"https:\\\/\\\/oab.estrategia.com\\\/portal\\\/oab-47-horarios-instrucoes-prova-1-fase\\\/\"},\"wordCount\":1246,\"commentCount\":0,\"publisher\":{\"@id\":\"https:\\\/\\\/oab.estrategia.com\\\/portal\\\/#organization\"},\"image\":{\"@id\":\"https:\\\/\\\/oab.estrategia.com\\\/portal\\\/oab-47-horarios-instrucoes-prova-1-fase\\\/#primaryimage\"},\"thumbnailUrl\":\"https:\\\/\\\/cdn-blog-oab.estrategia.com\\\/portal\\\/wp-content\\\/uploads\\\/2022\\\/08\\\/23141426\\\/1a-fase-exame-de-ordem-exame-oab-primeira-fase.png\",\"articleSection\":[\"1\u00aa Fase OAB\",\"Dicas OAB\",\"\u00daltimas not\u00edcias\"],\"inLanguage\":\"pt-BR\",\"potentialAction\":[{\"@type\":\"CommentAction\",\"name\":\"Comment\",\"target\":[\"https:\\\/\\\/oab.estrategia.com\\\/portal\\\/oab-47-horarios-instrucoes-prova-1-fase\\\/#respond\"]}]},{\"@type\":\"WebPage\",\"@id\":\"https:\\\/\\\/oab.estrategia.com\\\/portal\\\/oab-47-horarios-instrucoes-prova-1-fase\\\/\",\"url\":\"https:\\\/\\\/oab.estrategia.com\\\/portal\\\/oab-47-horarios-instrucoes-prova-1-fase\\\/\",\"name\":\"OAB 47: o que levar, hor\u00e1rios e instru\u00e7\u00f5es da prova de 1\u00aa fase\",\"isPartOf\":{\"@id\":\"https:\\\/\\\/oab.estrategia.com\\\/portal\\\/#website\"},\"primaryImageOfPage\":{\"@id\":\"https:\\\/\\\/oab.estrategia.com\\\/portal\\\/oab-47-horarios-instrucoes-prova-1-fase\\\/#primaryimage\"},\"image\":{\"@id\":\"https:\\\/\\\/oab.estrategia.com\\\/portal\\\/oab-47-horarios-instrucoes-prova-1-fase\\\/#primaryimage\"},\"thumbnailUrl\":\"https:\\\/\\\/cdn-blog-oab.estrategia.com\\\/portal\\\/wp-content\\\/uploads\\\/2022\\\/08\\\/23141426\\\/1a-fase-exame-de-ordem-exame-oab-primeira-fase.png\",\"datePublished\":\"2026-09-03T11:09:00+00:00\",\"description\":\"OAB 47 ter\u00e1 prova objetiva em 6 de setembro; confira hor\u00e1rios, documentos, materiais permitidos e calend\u00e1rio de recursos\",\"breadcrumb\":{\"@id\":\"https:\\\/\\\/oab.estrategia.com\\\/portal\\\/oab-47-horarios-instrucoes-prova-1-fase\\\/#breadcrumb\"},\"inLanguage\":\"pt-BR\",\"potentialAction\":[{\"@type\":\"ReadAction\",\"target\":[\"https:\\\/\\\/oab.estrategia.com\\\/portal\\\/oab-47-horarios-instrucoes-prova-1-fase\\\/\"]}]},{\"@type\":\"ImageObject\",\"inLanguage\":\"pt-BR\",\"@id\":\"https:\\\/\\\/oab.estrategia.com\\\/portal\\\/oab-47-horarios-instrucoes-prova-1-fase\\\/#primaryimage\",\"url\":\"https:\\\/\\\/cdn-blog-oab.estrategia.com\\\/portal\\\/wp-content\\\/uploads\\\/2022\\\/08\\\/23141426\\\/1a-fase-exame-de-ordem-exame-oab-primeira-fase.png\",\"contentUrl\":\"https:\\\/\\\/cdn-blog-oab.estrategia.com\\\/portal\\\/wp-content\\\/uploads\\\/2022\\\/08\\\/23141426\\\/1a-fase-exame-de-ordem-exame-oab-primeira-fase.png\",\"width\":960,\"height\":540,\"caption\":\"1\u00aa fase oab exame de ordem\"},{\"@type\":\"BreadcrumbList\",\"@id\":\"https:\\\/\\\/oab.estrategia.com\\\/portal\\\/oab-47-horarios-instrucoes-prova-1-fase\\\/#breadcrumb\",\"itemListElement\":[{\"@type\":\"ListItem\",\"position\":1,\"name\":\"In\u00edcio\",\"item\":\"https:\\\/\\\/oab.estrategia.com\\\/portal\\\/\"},{\"@type\":\"ListItem\",\"position\":2,\"name\":\"OAB 47: o que levar, hor\u00e1rios e instru\u00e7\u00f5es da prova de 1\u00aa fase\"}]},{\"@type\":\"WebSite\",\"@id\":\"https:\\\/\\\/oab.estrategia.com\\\/portal\\\/#website\",\"url\":\"https:\\\/\\\/oab.estrategia.com\\\/portal\\\/\",\"name\":\"Blog - OAB - Estrat\u00e9gia\",\"description\":\"Blog OAB - Estrat\u00e9gia Concursos\",\"publisher\":{\"@id\":\"https:\\\/\\\/oab.estrategia.com\\\/portal\\\/#organization\"},\"potentialAction\":[{\"@type\":\"SearchAction\",\"target\":{\"@type\":\"EntryPoint\",\"urlTemplate\":\"https:\\\/\\\/oab.estrategia.com\\\/portal\\\/?s={search_term_string}\"},\"query-input\":{\"@type\":\"PropertyValueSpecification\",\"valueRequired\":true,\"valueName\":\"search_term_string\"}}],\"inLanguage\":\"pt-BR\"},{\"@type\":\"Organization\",\"@id\":\"https:\\\/\\\/oab.estrategia.com\\\/portal\\\/#organization\",\"name\":\"Estrat\u00e9gia Concursos\",\"url\":\"https:\\\/\\\/oab.estrategia.com\\\/portal\\\/\",\"logo\":{\"@type\":\"ImageObject\",\"inLanguage\":\"pt-BR\",\"@id\":\"https:\\\/\\\/oab.estrategia.com\\\/portal\\\/#\\\/schema\\\/logo\\\/image\\\/\",\"url\":\"https:\\\/\\\/oab.estrategia.com\\\/portal\\\/wp-content\\\/uploads\\\/2022\\\/04\\\/06103601\\\/oab-icone-2.png\",\"contentUrl\":\"https:\\\/\\\/oab.estrategia.com\\\/portal\\\/wp-content\\\/uploads\\\/2022\\\/04\\\/06103601\\\/oab-icone-2.png\",\"width\":900,\"height\":900,\"caption\":\"Estrat\u00e9gia Concursos\"},\"image\":{\"@id\":\"https:\\\/\\\/oab.estrategia.com\\\/portal\\\/#\\\/schema\\\/logo\\\/image\\\/\"},\"sameAs\":[\"https:\\\/\\\/www.facebook.com\\\/estrategiaoab\\\/\",\"https:\\\/\\\/x.com\\\/estrategiaoab\",\"https:\\\/\\\/www.instagram.com\\\/estrategiaoab\\\/\",\"https:\\\/\\\/www.youtube.com\\\/EstrategiaOAB\"]},{\"@type\":\"Person\",\"@id\":\"https:\\\/\\\/oab.estrategia.com\\\/portal\\\/#\\\/schema\\\/person\\\/806b4b5f7eed4be8bc2068940fa17e9a\",\"name\":\"Bruna de Andrade Fran\u00e7a\",\"image\":{\"@type\":\"ImageObject\",\"inLanguage\":\"pt-BR\",\"@id\":\"https:\\\/\\\/cdn-blog-oab.estrategia.com\\\/portal\\\/wp-content\\\/uploads\\\/2022\\\/03\\\/06111404\\\/WhatsApp-Image-2026-08-06-at-11.07.51-96x96.jpeg\",\"url\":\"https:\\\/\\\/cdn-blog-oab.estrategia.com\\\/portal\\\/wp-content\\\/uploads\\\/2022\\\/03\\\/06111404\\\/WhatsApp-Image-2026-08-06-at-11.07.51-96x96.jpeg\",\"contentUrl\":\"https:\\\/\\\/cdn-blog-oab.estrategia.com\\\/portal\\\/wp-content\\\/uploads\\\/2022\\\/03\\\/06111404\\\/WhatsApp-Image-2026-08-06-at-11.07.51-96x96.jpeg\",\"caption\":\"Bruna de Andrade Fran\u00e7a\"},\"description\":\"Bruna de Andrade Fran\u00e7a \u00e9 publicit\u00e1ria, p\u00f3s-graduada em Marketing &amp; Growth, e atua h\u00e1 mais de sete anos no mercado de concursos p\u00fablicos. Atualmente, \u00e9 coordenadora do jornalismo de Carreira Jur\u00eddica e OAB no Estrat\u00e9gia Concursos, liderando a cobertura editorial das principais sele\u00e7\u00f5es do pa\u00eds. Especialista em reda\u00e7\u00e3o, SEO e Copywriting, acumula ampla experi\u00eancia na produ\u00e7\u00e3o e gest\u00e3o de conte\u00fado jornal\u00edstico. Ao longo de sua trajet\u00f3ria, tamb\u00e9m esteve \u00e0 frente da cobertura de concursos policiais, banc\u00e1rios, \u00e1rea legislativa e sa\u00fade.\",\"url\":\"https:\\\/\\\/oab.estrategia.com\\\/portal\\\/author\\\/bruna-andrade\\\/\"}]}<\/script>\n<!-- \/ Yoast SEO Premium plugin. -->","yoast_head_json":{"title":"OAB 47: o que levar, hor\u00e1rios e instru\u00e7\u00f5es da prova de 1\u00aa fase","description":"OAB 47 ter\u00e1 prova objetiva em 6 de setembro; confira hor\u00e1rios, documentos, materiais permitidos e calend\u00e1rio de recursos","robots":{"index":"index","follow":"follow","max-snippet":"max-snippet:-1","max-image-preview":"max-image-preview:large","max-video-preview":"max-video-preview:-1"},"canonical":"https:\/\/oab.estrategia.com\/portal\/oab-47-horarios-instrucoes-prova-1-fase\/","og_locale":"pt_BR","og_type":"article","og_title":"OAB 47: o que levar, hor\u00e1rios e instru\u00e7\u00f5es da prova de 1\u00aa fase","og_description":"OAB 47 ter\u00e1 prova objetiva em 6 de setembro; confira hor\u00e1rios, documentos, materiais permitidos e calend\u00e1rio de recursos","og_url":"https:\/\/oab.estrategia.com\/portal\/oab-47-horarios-instrucoes-prova-1-fase\/","og_site_name":"Blog - OAB - Estrat\u00e9gia","article_publisher":"https:\/\/www.facebook.com\/estrategiaoab\/","article_published_time":"2026-09-03T11:09:00+00:00","og_image":[{"width":960,"height":540,"url":"https:\/\/cdn-blog-oab.estrategia.com\/portal\/wp-content\/uploads\/2022\/08\/23141426\/1a-fase-exame-de-ordem-exame-oab-primeira-fase.png","type":"image\/png"}],"author":"Bruna de Andrade Fran\u00e7a","twitter_card":"summary_large_image","twitter_creator":"@estrategiaoab","twitter_site":"@estrategiaoab","twitter_misc":{"Escrito por":"Bruna de Andrade Fran\u00e7a","Est. tempo de leitura":"8 minutos"},"schema":{"@context":"https:\/\/schema.org","@graph":[{"@type":"Article","@id":"https:\/\/oab.estrategia.com\/portal\/oab-47-horarios-instrucoes-prova-1-fase\/#article","isPartOf":{"@id":"https:\/\/oab.estrategia.com\/portal\/oab-47-horarios-instrucoes-prova-1-fase\/"},"author":{"name":"Bruna de Andrade Fran\u00e7a","@id":"https:\/\/oab.estrategia.com\/portal\/#\/schema\/person\/806b4b5f7eed4be8bc2068940fa17e9a"},"headline":"OAB 47: o que levar, hor\u00e1rios e instru\u00e7\u00f5es da prova de 1\u00aa fase","datePublished":"2026-09-03T11:09:00+00:00","mainEntityOfPage":{"@id":"https:\/\/oab.estrategia.com\/portal\/oab-47-horarios-instrucoes-prova-1-fase\/"},"wordCount":1246,"commentCount":0,"publisher":{"@id":"https:\/\/oab.estrategia.com\/portal\/#organization"},"image":{"@id":"https:\/\/oab.estrategia.com\/portal\/oab-47-horarios-instrucoes-prova-1-fase\/#primaryimage"},"thumbnailUrl":"https:\/\/cdn-blog-oab.estrategia.com\/portal\/wp-content\/uploads\/2022\/08\/23141426\/1a-fase-exame-de-ordem-exame-oab-primeira-fase.png","articleSection":["1\u00aa Fase OAB","Dicas OAB","\u00daltimas not\u00edcias"],"inLanguage":"pt-BR","potentialAction":[{"@type":"CommentAction","name":"Comment","target":["https:\/\/oab.estrategia.com\/portal\/oab-47-horarios-instrucoes-prova-1-fase\/#respond"]}]},{"@type":"WebPage","@id":"https:\/\/oab.estrategia.com\/portal\/oab-47-horarios-instrucoes-prova-1-fase\/","url":"https:\/\/oab.estrategia.com\/portal\/oab-47-horarios-instrucoes-prova-1-fase\/","name":"OAB 47: o que levar, hor\u00e1rios e instru\u00e7\u00f5es da prova de 1\u00aa fase","isPartOf":{"@id":"https:\/\/oab.estrategia.com\/portal\/#website"},"primaryImageOfPage":{"@id":"https:\/\/oab.estrategia.com\/portal\/oab-47-horarios-instrucoes-prova-1-fase\/#primaryimage"},"image":{"@id":"https:\/\/oab.estrategia.com\/portal\/oab-47-horarios-instrucoes-prova-1-fase\/#primaryimage"},"thumbnailUrl":"https:\/\/cdn-blog-oab.estrategia.com\/portal\/wp-content\/uploads\/2022\/08\/23141426\/1a-fase-exame-de-ordem-exame-oab-primeira-fase.png","datePublished":"2026-09-03T11:09:00+00:00","description":"OAB 47 ter\u00e1 prova objetiva em 6 de setembro; confira hor\u00e1rios, documentos, materiais permitidos e calend\u00e1rio de recursos","breadcrumb":{"@id":"https:\/\/oab.estrategia.com\/portal\/oab-47-horarios-instrucoes-prova-1-fase\/#breadcrumb"},"inLanguage":"pt-BR","potentialAction":[{"@type":"ReadAction","target":["https:\/\/oab.estrategia.com\/portal\/oab-47-horarios-instrucoes-prova-1-fase\/"]}]},{"@type":"ImageObject","inLanguage":"pt-BR","@id":"https:\/\/oab.estrategia.com\/portal\/oab-47-horarios-instrucoes-prova-1-fase\/#primaryimage","url":"https:\/\/cdn-blog-oab.estrategia.com\/portal\/wp-content\/uploads\/2022\/08\/23141426\/1a-fase-exame-de-ordem-exame-oab-primeira-fase.png","contentUrl":"https:\/\/cdn-blog-oab.estrategia.com\/portal\/wp-content\/uploads\/2022\/08\/23141426\/1a-fase-exame-de-ordem-exame-oab-primeira-fase.png","width":960,"height":540,"caption":"1\u00aa fase oab exame de ordem"},{"@type":"BreadcrumbList","@id":"https:\/\/oab.estrategia.com\/portal\/oab-47-horarios-instrucoes-prova-1-fase\/#breadcrumb","itemListElement":[{"@type":"ListItem","position":1,"name":"In\u00edcio","item":"https:\/\/oab.estrategia.com\/portal\/"},{"@type":"ListItem","position":2,"name":"OAB 47: o que levar, hor\u00e1rios e instru\u00e7\u00f5es da prova de 1\u00aa fase"}]},{"@type":"WebSite","@id":"https:\/\/oab.estrategia.com\/portal\/#website","url":"https:\/\/oab.estrategia.com\/portal\/","name":"Blog - OAB - Estrat\u00e9gia","description":"Blog OAB - Estrat\u00e9gia Concursos","publisher":{"@id":"https:\/\/oab.estrategia.com\/portal\/#organization"},"potentialAction":[{"@type":"SearchAction","target":{"@type":"EntryPoint","urlTemplate":"https:\/\/oab.estrategia.com\/portal\/?s={search_term_string}"},"query-input":{"@type":"PropertyValueSpecification","valueRequired":true,"valueName":"search_term_string"}}],"inLanguage":"pt-BR"},{"@type":"Organization","@id":"https:\/\/oab.estrategia.com\/portal\/#organization","name":"Estrat\u00e9gia Concursos","url":"https:\/\/oab.estrategia.com\/portal\/","logo":{"@type":"ImageObject","inLanguage":"pt-BR","@id":"https:\/\/oab.estrategia.com\/portal\/#\/schema\/logo\/image\/","url":"https:\/\/oab.estrategia.com\/portal\/wp-content\/uploads\/2022\/04\/06103601\/oab-icone-2.png","contentUrl":"https:\/\/oab.estrategia.com\/portal\/wp-content\/uploads\/2022\/04\/06103601\/oab-icone-2.png","width":900,"height":900,"caption":"Estrat\u00e9gia Concursos"},"image":{"@id":"https:\/\/oab.estrategia.com\/portal\/#\/schema\/logo\/image\/"},"sameAs":["https:\/\/www.facebook.com\/estrategiaoab\/","https:\/\/x.com\/estrategiaoab","https:\/\/www.instagram.com\/estrategiaoab\/","https:\/\/www.youtube.com\/EstrategiaOAB"]},{"@type":"Person","@id":"https:\/\/oab.estrategia.com\/portal\/#\/schema\/person\/806b4b5f7eed4be8bc2068940fa17e9a","name":"Bruna de Andrade Fran\u00e7a","image":{"@type":"ImageObject","inLanguage":"pt-BR","@id":"https:\/\/cdn-blog-oab.estrategia.com\/portal\/wp-content\/uploads\/2022\/03\/06111404\/WhatsApp-Image-2026-08-06-at-11.07.51-96x96.jpeg","url":"https:\/\/cdn-blog-oab.estrategia.com\/portal\/wp-content\/uploads\/2022\/03\/06111404\/WhatsApp-Image-2026-08-06-at-11.07.51-96x96.jpeg","contentUrl":"https:\/\/cdn-blog-oab.estrategia.com\/portal\/wp-content\/uploads\/2022\/03\/06111404\/WhatsApp-Image-2026-08-06-at-11.07.51-96x96.jpeg","caption":"Bruna de Andrade Fran\u00e7a"},"description":"Bruna de Andrade Fran\u00e7a \u00e9 publicit\u00e1ria, p\u00f3s-graduada em Marketing &amp; Growth, e atua h\u00e1 mais de sete anos no mercado de concursos p\u00fablicos. Atualmente, \u00e9 coordenadora do jornalismo de Carreira Jur\u00eddica e OAB no Estrat\u00e9gia Concursos, liderando a cobertura editorial das principais sele\u00e7\u00f5es do pa\u00eds. Especialista em reda\u00e7\u00e3o, SEO e Copywriting, acumula ampla experi\u00eancia na produ\u00e7\u00e3o e gest\u00e3o de conte\u00fado jornal\u00edstico. Ao longo de sua trajet\u00f3ria, tamb\u00e9m esteve \u00e0 frente da cobertura de concursos policiais, banc\u00e1rios, \u00e1rea legislativa e sa\u00fade.","url":"https:\/\/oab.estrategia.com\/portal\/author\/bruna-andrade\/"}]}},"jetpack_sharing_enabled":true,"jetpack_featured_media_url":"https:\/\/cdn-blog-oab.estrategia.com\/portal\/wp-content\/uploads\/2022\/08\/23141426\/1a-fase-exame-de-ordem-exame-oab-primeira-fase.png","_links":{"self":[{"href":"https:\/\/oab.estrategia.com\/portal\/wp-json\/wp\/v2\/posts\/33364","targetHints":{"allow":["GET"]}}],"collection":[{"href":"https:\/\/oab.estrategia.com\/portal\/wp-json\/wp\/v2\/posts"}],"about":[{"href":"https:\/\/oab.estrategia.com\/portal\/wp-json\/wp\/v2\/types\/post"}],"author":[{"embeddable":true,"href":"https:\/\/oab.estrategia.com\/portal\/wp-json\/wp\/v2\/users\/7"}],"replies":[{"embeddable":true,"href":"https:\/\/oab.estrategia.com\/portal\/wp-json\/wp\/v2\/comments?post=33364"}],"version-history":[{"count":1,"href":"https:\/\/oab.estrategia.com\/portal\/wp-json\/wp\/v2\/posts\/33364\/revisions"}],"predecessor-version":[{"id":33366,"href":"https:\/\/oab.estrategia.com\/portal\/wp-json\/wp\/v2\/posts\/33364\/revisions\/33366"}],"wp:featuredmedia":[{"embeddable":true,"href":"https:\/\/oab.estrategia.com\/portal\/wp-json\/wp\/v2\/media\/2361"}],"wp:attachment":[{"href":"https:\/\/oab.estrategia.com\/portal\/wp-json\/wp\/v2\/media?parent=33364"}],"wp:term":[{"taxonomy":"category","embeddable":true,"href":"https:\/\/oab.estrategia.com\/portal\/wp-json\/wp\/v2\/categories?post=33364"},{"taxonomy":"post_tag","embeddable":true,"href":"https:\/\/oab.estrategia.com\/portal\/wp-json\/wp\/v2\/tags?post=33364"}],"curies":[{"name":"wp","href":"https:\/\/api.w.org\/{rel}","templated":true}]}}