{"id":5925,"date":"2023-03-08T09:00:00","date_gmt":"2023-03-08T12:00:00","guid":{"rendered":"https:\/\/oab.estrategia.com\/portal\/?p=5925"},"modified":"2023-03-07T12:36:35","modified_gmt":"2023-03-07T15:36:35","slug":"mulheres-no-direito","status":"publish","type":"post","link":"https:\/\/oab.estrategia.com\/portal\/mulheres-no-direito\/","title":{"rendered":"Mulheres no Direito: conhe\u00e7a as mulheres que fizeram hist\u00f3ria na advocacia"},"content":{"rendered":"\n<p>Desde a d\u00e9cada de 1890, <strong>mulheres <\/strong>come\u00e7aram a ingressar na \u00e1rea jur\u00eddica no Brasil, mas a regulamenta\u00e7\u00e3o da profiss\u00e3o ainda n\u00e3o permitia que elas atuassem como advogadas. Somente em 1932, com a aprova\u00e7\u00e3o do C\u00f3digo Eleitoral, as mulheres conquistaram o direito ao voto e, consequentemente, o direito de exercer a advocacia.<\/p>\n\n\n\n<p>Nesse contexto, as mulheres pioneiras do direito tiveram que enfrentar diversos obst\u00e1culos, como preconceito, discrimina\u00e7\u00e3o e falta de oportunidades. No entanto, elas persistiram e abriram caminho para outras mulheres que viriam depois.<\/p>\n\n\n\n<p>Uma dessas mulheres foi Myrthes Gomes de Campos, a primeira mulher a se formar em Direito no Brasil, em 1898. Ela enfrentou forte resist\u00eancia e at\u00e9 mesmo a rejei\u00e7\u00e3o dos colegas de turma, mas n\u00e3o desistiu de seu sonho de se tornar advogada. Myrthes n\u00e3o s\u00f3 se formou em Direito, como tamb\u00e9m foi aprovada no <strong>exame da Ordem dos Advogados do Brasil (OAB) <\/strong>e atuou na defesa dos direitos das mulheres.<\/p>\n\n\n\n<p>Atualmente, as mulheres j\u00e1 representam cerca de <strong>50% dos profissionais de Direito no Brasil<\/strong>, mas ainda h\u00e1 muito a ser feito para garantir a igualdade de oportunidades e combater o preconceito de g\u00eanero no ambiente jur\u00eddico. \u00c9 importante lembrar e valorizar as mulheres pioneiras do direito que abriram caminho para que outras pudessem seguir seus passos e lutar pelos seus direitos.<\/p>\n\n\n\n<div class=\"wp-block-yoast-seo-table-of-contents yoast-table-of-contents\"><ul><li><a href=\"#mulheres\" data-level=\"2\">Mulheres no Direito: inspire-se com a hist\u00f3ria delas<\/a><ul><li><a href=\"#h-themis-a-deusa-da-justica-e-uma-mulher\" data-level=\"3\">Th\u00eamis, a Deusa da Justi\u00e7a, \u00e9 uma mulher!<\/a><\/li><li><a href=\"#myrthes\" data-level=\"3\">Myrthes Gomes de Campos: a primeira advogada brasileira<\/a><\/li><li><a href=\"#auri\" data-level=\"3\">Auri de Moura Costa: a primeira ju\u00edza brasileira<\/a><\/li><li><a href=\"#zuleika\" data-level=\"3\">Zuleika Sucupira Kenworthy: a primeira promotora brasileira<\/a><\/li><li><a href=\"#janaina\" data-level=\"3\">Jana\u00edna Dutra: a primeira transexual a atuar como advogada no pa\u00eds<\/a><\/li><li><a href=\"#eliana\" data-level=\"3\">Eliana Calmon: a primeira ministra do STJ<\/a><\/li><li><a href=\"#ellen\" data-level=\"3\">Ellen Gracie: a primeira ministra do STF<\/a><\/li><li><a href=\"#patricia\" data-level=\"3\">Patricia Vanzolini: eleita presidente da OAB-SP<\/a><\/li><\/ul><\/li><\/ul><\/div>\n\n\n\n<h2 class=\"wp-block-heading\" id=\"mulheres\"><span id=\"mulheres-no-direito-inspire-se-com-a-historia-delas\">Mulheres no Direito: inspire-se com a hist\u00f3ria delas<\/span><\/h2>\n\n\n\n<h3 class=\"wp-block-heading\" id=\"h-themis-a-deusa-da-justica-e-uma-mulher\"><span id=\"themis-a-deusa-da-justica-e-uma-mulher\">Th\u00eamis, a Deusa da Justi\u00e7a, \u00e9 uma mulher!<\/span><\/h3>\n\n\n\n<p>Themis, na mitologia grega, \u00e9 a deusa da justi\u00e7a e da lei. Ela \u00e9 representada segurando uma <strong>balan\u00e7a<\/strong> e uma <strong>espada<\/strong>, simbolizando o equil\u00edbrio e a for\u00e7a que s\u00e3o necess\u00e1rios para se fazer justi\u00e7a. Acredita-se que Themis era consultada pelos deuses para solucionar conflitos e tomar decis\u00f5es justas. Ela \u00e9 tamb\u00e9m associada \u00e0 ordem divina e \u00e0 moralidade, sendo considerada uma das divindades mais importantes da <strong>mitologia grega<\/strong>. Themis \u00e9 um s\u00edmbolo de equidade e de uma justi\u00e7a imparcial, que busca sempre o bem comum e o equil\u00edbrio entre as partes envolvidas em um conflito.<\/p>\n\n\n<div class=\"wp-block-image\">\n<figure class=\"aligncenter size-large\"><img decoding=\"async\" width=\"1024\" height=\"682\" src=\"https:\/\/oab.estrategia.com\/portal\/wp-content\/uploads\/2023\/03\/07104515\/themis-deusa-grega-mulheres-no-direito-com-a-balanca-da-justica-1024x682.jpg\" alt=\"Imagem representando a Themis, deusa grega da justi\u00e7a segundando uma balan\u00e7a e uma espada\" class=\"wp-image-5958\" srcset=\"https:\/\/oab.estrategia.com\/portal\/wp-content\/uploads\/2023\/03\/07104515\/themis-deusa-grega-mulheres-no-direito-com-a-balanca-da-justica-1024x682.jpg 1024w, https:\/\/oab.estrategia.com\/portal\/wp-content\/uploads\/2023\/03\/07104515\/themis-deusa-grega-mulheres-no-direito-com-a-balanca-da-justica-300x200.jpg 300w, https:\/\/oab.estrategia.com\/portal\/wp-content\/uploads\/2023\/03\/07104515\/themis-deusa-grega-mulheres-no-direito-com-a-balanca-da-justica-768x512.jpg 768w, https:\/\/oab.estrategia.com\/portal\/wp-content\/uploads\/2023\/03\/07104515\/themis-deusa-grega-mulheres-no-direito-com-a-balanca-da-justica-380x253.jpg 380w, https:\/\/oab.estrategia.com\/portal\/wp-content\/uploads\/2023\/03\/07104515\/themis-deusa-grega-mulheres-no-direito-com-a-balanca-da-justica-800x533.jpg 800w, https:\/\/oab.estrategia.com\/portal\/wp-content\/uploads\/2023\/03\/07104515\/themis-deusa-grega-mulheres-no-direito-com-a-balanca-da-justica-1160x773.jpg 1160w, https:\/\/oab.estrategia.com\/portal\/wp-content\/uploads\/2023\/03\/07104515\/themis-deusa-grega-mulheres-no-direito-com-a-balanca-da-justica-150x100.jpg 150w, https:\/\/oab.estrategia.com\/portal\/wp-content\/uploads\/2023\/03\/07104515\/themis-deusa-grega-mulheres-no-direito-com-a-balanca-da-justica.jpg 1280w\" sizes=\"(max-width: 1024px) 100vw, 1024px\" \/><figcaption class=\"wp-element-caption\"><em>Themis &#8211; Deusa Grega da Justi\u00e7a<\/em><\/figcaption><\/figure>\n<\/div>\n\n\n<h3 class=\"wp-block-heading\" id=\"myrthes\"><span id=\"myrthes-gomes-de-campos-a-primeira-advogada-brasileira\">Myrthes Gomes de Campos: a primeira advogada brasileira<\/span><\/h3>\n\n\n\n<p>Myrthes Gomes de Campos foi pioneira n\u00e3o apenas no campo do Direito, mas tamb\u00e9m na sociedade brasileira. Ela se tornou a primeira mulher a exercer a advocacia no pa\u00eds ao se inscrever no Instituto dos Advogados do Brasil, <strong>precursor da OAB<\/strong>, e defender um homem no Tribunal do J\u00fari do Rio de Janeiro em 1899. O fato chamou a aten\u00e7\u00e3o por ser a primeira vez que uma mulher patrocinava uma causa judicial, tornando-se not\u00edcia em todo o pa\u00eds. Sua trajet\u00f3ria representa uma importante luta pela igualdade de g\u00eanero e pela amplia\u00e7\u00e3o do acesso das mulheres aos espa\u00e7os de poder e de decis\u00e3o.<\/p>\n\n\n\n<h3 class=\"wp-block-heading\" id=\"auri\"><span id=\"auri-de-moura-costa-a-primeira-juiza-brasileira\">Auri de Moura Costa: a primeira ju\u00edza brasileira<\/span><\/h3>\n\n\n\n<p>Auri de Moura Costa foi a primeira mulher a se tornar ju\u00edza no Brasil. Ela nasceu em 1912 no Rio Grande do Norte e se formou em Direito pela Universidade do Estado do Rio de Janeiro em 1935. Em 1941, ela se tornou ju\u00edza do Tribunal de Justi\u00e7a do Rio Grande do Norte, rompendo barreiras de g\u00eanero em uma \u00e9poca em que as mulheres eram exclu\u00eddas do mercado de trabalho e da pol\u00edtica. Auri de Moura Costa foi uma <strong>pioneira na luta pela igualdade de g\u00eanero<\/strong> e pela amplia\u00e7\u00e3o do acesso das mulheres aos cargos p\u00fablicos e ao poder judici\u00e1rio. Sua hist\u00f3ria representa um importante marco na hist\u00f3ria da Justi\u00e7a brasileira e um exemplo de coragem e determina\u00e7\u00e3o na busca pela igualdade e pela justi\u00e7a social.<\/p>\n\n\n\n<h3 class=\"wp-block-heading\" id=\"zuleika\"><span id=\"zuleika-sucupira-kenworthy-a-primeira-promotora-brasileira\">Zuleika Sucupira Kenworthy: a primeira promotora brasileira<\/span><\/h3>\n\n\n\n<p>Zuleika Sucupira Kenworthy foi a primeira mulher a se tornar promotora de Justi\u00e7a no Brasil. Nascida em Recife, em 1916, ela se formou em Direito pela Universidade de S\u00e3o Paulo em 1938, sendo a \u00fanica mulher de sua turma. Em 1943, ela se tornou a primeira promotora de Justi\u00e7a do pa\u00eds ao passar em <a href=\"https:\/\/cj.estrategia.com\/portal\/concurso-mp-sp-promotor\/\" target=\"_blank\" >concurso para o Minist\u00e9rio P\u00fablico de S\u00e3o Paulo<\/a>. Sua carreira foi marcada pela defesa dos direitos das mulheres e das crian\u00e7as, sendo uma das fundadoras do Conselho Estadual da Condi\u00e7\u00e3o Feminina.<\/p>\n\n\n\n<h3 class=\"wp-block-heading\" id=\"janaina\"><span id=\"janaina-dutra-a-primeira-transexual-a-atuar-como-advogada-no-pais\">Jana\u00edna Dutra: a primeira transexual a atuar como advogada no pa\u00eds<\/span><\/h3>\n\n\n\n<p>Jana\u00edna Dutra foi a primeira advogada transexual a atuar profissionalmente no Brasil. Formada pela Universidade de Fortaleza (Unifor), ela foi aprovada no exame da <strong>Ordem dos Advogados do Brasil (OAB) <\/strong>logo em seguida, tornando-se a primeira pessoa trans a obter a carteira da OAB no pa\u00eds. Al\u00e9m da atua\u00e7\u00e3o na advocacia, ela tamb\u00e9m foi uma importante ativista pelos direitos das pessoas LGBTQIA+ lutando contra a discrimina\u00e7\u00e3o e o preconceito.<\/p>\n\n\n\n<h3 class=\"wp-block-heading\" id=\"eliana\"><span id=\"eliana-calmon-a-primeira-ministra-do-stj\">Eliana Calmon: a primeira ministra do STJ<\/span><\/h3>\n\n\n\n<p>Eliana Calmon foi a primeira mulher a ocupar o <strong>cargo de ministra no Superior Tribunal de Justi\u00e7a <\/strong>(STJ), uma das mais importantes cortes do pa\u00eds. Sua trajet\u00f3ria no mundo jur\u00eddico \u00e9 marcada por uma atua\u00e7\u00e3o combativa contra a corrup\u00e7\u00e3o e a falta de transpar\u00eancia no sistema judici\u00e1rio brasileiro. Antes de chegar ao <a href=\"https:\/\/www.estrategiaconcursos.com.br\/blog\/concurso-stj\/\" target=\"_blank\" >STJ<\/a>, Calmon atuou como ju\u00edza em diversas comarcas da Bahia e como desembargadora do Tribunal de Justi\u00e7a do Estado. Em 2010, ela foi nomeada para o cargo de corregedora nacional de justi\u00e7a, onde ganhou notoriedade nacional e internacional por seu trabalho no combate \u00e0 corrup\u00e7\u00e3o no Judici\u00e1rio. Sua passagem pelo STJ foi marcada por uma atua\u00e7\u00e3o firme e comprometida com a \u00e9tica e a transpar\u00eancia, consolidando sua imagem como uma das mais importantes refer\u00eancias femininas no mundo jur\u00eddico brasileiro.<\/p>\n\n\n\n<h3 class=\"wp-block-heading\" id=\"ellen\"><span id=\"ellen-gracie-a-primeira-ministra-do-stf\">Ellen Gracie: a primeira ministra do STF<\/span><\/h3>\n\n\n\n<p>Ellen Gracie teve uma carreira de destaque tanto na advocacia privada quanto no servi\u00e7o p\u00fablico. Em 1973, ela ingressou no Minist\u00e9rio P\u00fablico Federal como Procuradora da Rep\u00fablica e, anos depois, foi nomeada para uma vaga destinada aos membros do Minist\u00e9rio no Tribunal Regional Federal da 4\u00aa Regi\u00e3o. Em 2000, ela se tornou a primeira mulher a ocupar uma cadeira no <strong>Supremo Tribunal Federal<\/strong>, um marco hist\u00f3rico para a participa\u00e7\u00e3o feminina na mais alta corte do pa\u00eds. Mais tarde, Ellen Gracie foi eleita a primeira mulher a presidir o STF, consolidando sua trajet\u00f3ria como uma das <strong>mais importantes refer\u00eancias femininas<\/strong> no mundo <strong>jur\u00eddico brasileiro<\/strong>. Sua hist\u00f3ria de pioneirismo e supera\u00e7\u00e3o \u00e9 um exemplo para todas as mulheres que buscam espa\u00e7o e representatividade no cen\u00e1rio jur\u00eddico e pol\u00edtico brasileiro.<\/p>\n\n\n\n<h3 class=\"wp-block-heading\" id=\"patricia\"><span id=\"patricia-vanzolini-eleita-presidente-da-oab-sp\">Patricia Vanzolini: eleita presidente da OAB-SP<\/span><\/h3>\n\n\n\n<p>Nenhuma mulher jamais chegou ao cargo m\u00e1ximo da OAB Nacional antes dela. <\/p>\n\n\n\n<p>A advogada criminalista Patr\u00edcia Vanzolini, de 49 anos, foi escolhida como a nova presidente da seccional S\u00e3o Paulo da Ordem dos Advogados do Brasil (OAB) para liderar a institui\u00e7\u00e3o pelos pr\u00f3ximos tr\u00eas anos (2022-2024). \u00c9 importante destacar que a OAB \u00e9 uma organiza\u00e7\u00e3o com mais de 90 anos de hist\u00f3ria, fundada em 1932. Patr\u00edcia fez hist\u00f3ria ao se tornar a primeira mulher eleita para o cargo m\u00e1ximo da entidade. Em 2018, a advogada j\u00e1 havia concorrido como candidata \u00e0 vice-presid\u00eancia da OAB-SP.<\/p>\n\n\n\n<p>Apesar de ser necess\u00e1rio que a igualdade seja um par\u00e2metro para a inclus\u00e3o feminina em todos os setores do mercado de trabalho, ainda existe uma realidade de desigualdade de g\u00eanero a ser superada. No entanto, o crescimento das mulheres no mercado de trabalho \u00e9 promissor, como <strong>indicam dados do IBGE<\/strong>. Isso se deve n\u00e3o apenas \u00e0 desmistifica\u00e7\u00e3o de preconceitos, mas tamb\u00e9m ao aumento da presen\u00e7a feminina em <a href=\"https:\/\/cj.estrategia.com\/\" target=\"_blank\" >carreiras jur\u00eddicas<\/a>, especialmente em concursos p\u00fablicos. \u00c9 crucial a presen\u00e7a de mulheres nas \u00e1reas do Direito, que ainda s\u00e3o dominadas por homens em posi\u00e7\u00f5es de destaque. Portanto, \u00e9 preciso desfazer o desn\u00edvel cultural existente atrav\u00e9s de pol\u00edticas p\u00fablicas que enfatizem a igualdade de oportunidades de trabalho entre os g\u00eaneros e valorizem as conquistas das mulheres ao longo dos anos, n\u00e3o apenas como um direito, mas como um sinal de respeito.<\/p>\n\n\n\n<h2 class=\"wp-block-heading has-text-align-center\" id=\"h-quer-saber-tudo-sobre-o-exame-de-ordem-acesse\"><span id=\"quer-saber-tudo-sobre-o-exame-de-ordem-acesse\">Quer saber tudo sobre o Exame de Ordem? Acesse:<\/span><\/h2>\n\n\n\n<p class=\"has-text-align-center has-background has-medium-font-size\" style=\"background-color:#f78da86e\"><a href=\"https:\/\/oab.estrategia.com\/portal\/prova-oab\/\" target=\"_blank\" >Prova OAB<\/a><\/p>\n\n\n\n<div class=\"wp-block-cover\" style=\"min-height:147px;aspect-ratio:unset;\"><img decoding=\"async\" width=\"1024\" height=\"190\" class=\"wp-block-cover__image-background wp-image-963\" alt=\"1\u00aa fase do exame de ordem oab curso\" src=\"https:\/\/oab.estrategia.com\/portal\/wp-content\/uploads\/2022\/06\/20153604\/assinatura-curso-oab-primeira-fase-1024x190.jpg\" style=\"object-position:58% 29%\" data-object-fit=\"cover\" data-object-position=\"58% 29%\" srcset=\"https:\/\/oab.estrategia.com\/portal\/wp-content\/uploads\/2022\/06\/20153604\/assinatura-curso-oab-primeira-fase-1024x190.jpg 1024w, https:\/\/oab.estrategia.com\/portal\/wp-content\/uploads\/2022\/06\/20153604\/assinatura-curso-oab-primeira-fase-300x56.jpg 300w, https:\/\/oab.estrategia.com\/portal\/wp-content\/uploads\/2022\/06\/20153604\/assinatura-curso-oab-primeira-fase-768x143.jpg 768w, https:\/\/oab.estrategia.com\/portal\/wp-content\/uploads\/2022\/06\/20153604\/assinatura-curso-oab-primeira-fase-1536x285.jpg 1536w, https:\/\/oab.estrategia.com\/portal\/wp-content\/uploads\/2022\/06\/20153604\/assinatura-curso-oab-primeira-fase-380x71.jpg 380w, https:\/\/oab.estrategia.com\/portal\/wp-content\/uploads\/2022\/06\/20153604\/assinatura-curso-oab-primeira-fase-800x149.jpg 800w, https:\/\/oab.estrategia.com\/portal\/wp-content\/uploads\/2022\/06\/20153604\/assinatura-curso-oab-primeira-fase-1160x215.jpg 1160w, https:\/\/oab.estrategia.com\/portal\/wp-content\/uploads\/2022\/06\/20153604\/assinatura-curso-oab-primeira-fase.jpg 1890w\" sizes=\"(max-width: 1024px) 100vw, 1024px\" \/><span aria-hidden=\"true\" class=\"wp-block-cover__background has-background-dim\"><\/span><div class=\"wp-block-cover__inner-container is-layout-flow wp-block-cover-is-layout-flow\">\n<h3 id=\"curso-para-a-1a-fase-da-oab\" class=\"titulo-assinatura\">Curso para a 1\u00aa Fase da OAB<\/h3>\n<p class=\"subtitulo-assinatura\" style=\"display:block!important; line-height: 0;\">Conhe\u00e7a os cursos!<\/p>\n<a target=\"_blank\" href=\"https:\/\/oab.estrategia.com\/concurso\/primeira-fase-46-exame\" rel=\"noopener\"><button style=\"border-radius: 10px; text-transform: capitalize;\">Acessar<\/button><\/a>\n<\/div><\/div>\n\n\n\n<div class=\"wp-block-group\"><div class=\"wp-block-group__inner-container is-layout-constrained wp-block-group-is-layout-constrained\">\n<div class=\"wp-block-cover\" style=\"min-height:84px;aspect-ratio:unset;\"><img decoding=\"async\" width=\"1160\" height=\"215\" class=\"wp-block-cover__image-background wp-image-15434\" alt=\"\" src=\"https:\/\/oab.estrategia.com\/portal\/wp-content\/uploads\/2025\/01\/31012626\/Banner-curso-de-ingles-no-seu-ritmo-vermelho-e-azul-moderno-1160-x-215-px.png\" style=\"object-position:100% 28%\" data-object-fit=\"cover\" data-object-position=\"100% 28%\" srcset=\"https:\/\/oab.estrategia.com\/portal\/wp-content\/uploads\/2025\/01\/31012626\/Banner-curso-de-ingles-no-seu-ritmo-vermelho-e-azul-moderno-1160-x-215-px.png 1160w, https:\/\/oab.estrategia.com\/portal\/wp-content\/uploads\/2025\/01\/31012626\/Banner-curso-de-ingles-no-seu-ritmo-vermelho-e-azul-moderno-1160-x-215-px-300x56.png 300w, https:\/\/oab.estrategia.com\/portal\/wp-content\/uploads\/2025\/01\/31012626\/Banner-curso-de-ingles-no-seu-ritmo-vermelho-e-azul-moderno-1160-x-215-px-1024x190.png 1024w, https:\/\/oab.estrategia.com\/portal\/wp-content\/uploads\/2025\/01\/31012626\/Banner-curso-de-ingles-no-seu-ritmo-vermelho-e-azul-moderno-1160-x-215-px-768x142.png 768w, https:\/\/oab.estrategia.com\/portal\/wp-content\/uploads\/2025\/01\/31012626\/Banner-curso-de-ingles-no-seu-ritmo-vermelho-e-azul-moderno-1160-x-215-px-380x70.png 380w, https:\/\/oab.estrategia.com\/portal\/wp-content\/uploads\/2025\/01\/31012626\/Banner-curso-de-ingles-no-seu-ritmo-vermelho-e-azul-moderno-1160-x-215-px-800x148.png 800w, https:\/\/oab.estrategia.com\/portal\/wp-content\/uploads\/2025\/01\/31012626\/Banner-curso-de-ingles-no-seu-ritmo-vermelho-e-azul-moderno-1160-x-215-px-150x28.png 150w\" sizes=\"(max-width: 1160px) 100vw, 1160px\" \/><span aria-hidden=\"true\" class=\"wp-block-cover__background has-background-dim\"><\/span><div class=\"wp-block-cover__inner-container is-layout-flow wp-block-cover-is-layout-flow\">\n<h3 id=\"cursos-para-a-2a-fase-da-oab\" class=\"titulo-assinatura\">Cursos para a 2\u00aa Fase da OAB<\/h3>\n<p class=\"subtitulo-assinatura\" style=\"display:block!important; line-height: 0;\">Conhe\u00e7a os cursos!<\/p>\n<a target=\"_blank\" href=\"https:\/\/oab.estrategia.com\/concursos\/cursos\/segunda-fase-oab\" rel=\"noopener\"><button style=\"border-radius: 10px; text-transform: capitalize;\">Acessar<\/button><\/a>\n<\/div><\/div>\n<\/div><\/div>\n\n\n\n<div class=\"wp-block-cover\" style=\"min-height:145px;aspect-ratio:unset;\"><span aria-hidden=\"true\" class=\"wp-block-cover__background has-background-dim\"><\/span><img decoding=\"async\" width=\"1024\" height=\"190\" class=\"wp-block-cover__image-background wp-image-2272\" alt=\"\" src=\"https:\/\/oab.estrategia.com\/portal\/wp-content\/uploads\/2022\/08\/19111944\/assinatura-oab-banner-exame-de-ordem-oab-assinatura-curso-oab-1024x190.jpg\" style=\"object-position:58% 29%\" data-object-fit=\"cover\" data-object-position=\"58% 29%\" srcset=\"https:\/\/oab.estrategia.com\/portal\/wp-content\/uploads\/2022\/08\/19111944\/assinatura-oab-banner-exame-de-ordem-oab-assinatura-curso-oab-1024x190.jpg 1024w, https:\/\/oab.estrategia.com\/portal\/wp-content\/uploads\/2022\/08\/19111944\/assinatura-oab-banner-exame-de-ordem-oab-assinatura-curso-oab-300x56.jpg 300w, https:\/\/oab.estrategia.com\/portal\/wp-content\/uploads\/2022\/08\/19111944\/assinatura-oab-banner-exame-de-ordem-oab-assinatura-curso-oab-768x143.jpg 768w, https:\/\/oab.estrategia.com\/portal\/wp-content\/uploads\/2022\/08\/19111944\/assinatura-oab-banner-exame-de-ordem-oab-assinatura-curso-oab-1536x285.jpg 1536w, https:\/\/oab.estrategia.com\/portal\/wp-content\/uploads\/2022\/08\/19111944\/assinatura-oab-banner-exame-de-ordem-oab-assinatura-curso-oab-380x71.jpg 380w, https:\/\/oab.estrategia.com\/portal\/wp-content\/uploads\/2022\/08\/19111944\/assinatura-oab-banner-exame-de-ordem-oab-assinatura-curso-oab-800x149.jpg 800w, https:\/\/oab.estrategia.com\/portal\/wp-content\/uploads\/2022\/08\/19111944\/assinatura-oab-banner-exame-de-ordem-oab-assinatura-curso-oab-1160x215.jpg 1160w, https:\/\/oab.estrategia.com\/portal\/wp-content\/uploads\/2022\/08\/19111944\/assinatura-oab-banner-exame-de-ordem-oab-assinatura-curso-oab-150x28.jpg 150w, https:\/\/oab.estrategia.com\/portal\/wp-content\/uploads\/2022\/08\/19111944\/assinatura-oab-banner-exame-de-ordem-oab-assinatura-curso-oab.jpg 1890w\" sizes=\"(max-width: 1024px) 100vw, 1024px\" \/><div class=\"wp-block-cover__inner-container is-layout-flow wp-block-cover-is-layout-flow\">\n<h3 id=\"assinatura-oab\" class=\"titulo-assinatura\">Assinatura OAB<\/h3>\n<p class=\"subtitulo-assinatura\" style=\"display:block!important; line-height: 0;\">Conte\u00fado completo para a 1\u00aa e 2\u00aa fase da OAB.<\/p>\n<a target=\"_blank\" href=\"https:\/\/oab.estrategia.com\/curso\/assinatura-oab\/\" rel=\"noopener\"><button style=\"border-radius: 10px; text-transform: capitalize;\">Acessar<\/button><\/a>\n<\/div><\/div>\n\n\n\n<p class=\"has-text-align-center\"><strong>Nossas redes sociais<\/strong><\/p>\n\n\n\n<p class=\"has-text-align-center has-pale-cyan-blue-background-color has-background has-small-font-size\"><a href=\"https:\/\/www.instagram.com\/estrategiaoab\/\" target=\"_blank\" >Instagram Estrat\u00e9gia OAB<\/a><\/p>\n\n\n\n<p class=\"has-text-align-center has-light-green-cyan-background-color has-background has-small-font-size\"><a href=\"https:\/\/www.youtube.com\/channel\/UC7rgrKTSF5aOrBGWOw60ovw\" target=\"_blank\" >YouTube Estrat\u00e9gia OAB<\/a><\/p>\n\n\n\n<p class=\"has-text-align-center has-very-light-gray-background-color has-background has-small-font-size\"><a href=\"http:\/\/bit.ly\/TelegramOAB\" target=\"_blank\" >Inscreva-se no Telegram<\/a><\/p>\n\n\n\n<p><\/p>\n\n\n\n<p><\/p>\n\n\n\n<p><\/p>\n\n\n\n<div class=\"wp-block-cover\" style=\"min-height:145px;aspect-ratio:unset;\"><span aria-hidden=\"true\" class=\"wp-block-cover__background has-background-dim\"><\/span><img decoding=\"async\" width=\"1024\" height=\"190\" class=\"wp-block-cover__image-background wp-image-2272\" alt=\"\" src=\"https:\/\/oab.estrategia.com\/portal\/wp-content\/uploads\/2022\/08\/19111944\/assinatura-oab-banner-exame-de-ordem-oab-assinatura-curso-oab-1024x190.jpg\" style=\"object-position:58% 29%\" data-object-fit=\"cover\" data-object-position=\"58% 29%\" srcset=\"https:\/\/oab.estrategia.com\/portal\/wp-content\/uploads\/2022\/08\/19111944\/assinatura-oab-banner-exame-de-ordem-oab-assinatura-curso-oab-1024x190.jpg 1024w, https:\/\/oab.estrategia.com\/portal\/wp-content\/uploads\/2022\/08\/19111944\/assinatura-oab-banner-exame-de-ordem-oab-assinatura-curso-oab-300x56.jpg 300w, https:\/\/oab.estrategia.com\/portal\/wp-content\/uploads\/2022\/08\/19111944\/assinatura-oab-banner-exame-de-ordem-oab-assinatura-curso-oab-768x143.jpg 768w, https:\/\/oab.estrategia.com\/portal\/wp-content\/uploads\/2022\/08\/19111944\/assinatura-oab-banner-exame-de-ordem-oab-assinatura-curso-oab-1536x285.jpg 1536w, https:\/\/oab.estrategia.com\/portal\/wp-content\/uploads\/2022\/08\/19111944\/assinatura-oab-banner-exame-de-ordem-oab-assinatura-curso-oab-380x71.jpg 380w, https:\/\/oab.estrategia.com\/portal\/wp-content\/uploads\/2022\/08\/19111944\/assinatura-oab-banner-exame-de-ordem-oab-assinatura-curso-oab-800x149.jpg 800w, https:\/\/oab.estrategia.com\/portal\/wp-content\/uploads\/2022\/08\/19111944\/assinatura-oab-banner-exame-de-ordem-oab-assinatura-curso-oab-1160x215.jpg 1160w, https:\/\/oab.estrategia.com\/portal\/wp-content\/uploads\/2022\/08\/19111944\/assinatura-oab-banner-exame-de-ordem-oab-assinatura-curso-oab-150x28.jpg 150w, https:\/\/oab.estrategia.com\/portal\/wp-content\/uploads\/2022\/08\/19111944\/assinatura-oab-banner-exame-de-ordem-oab-assinatura-curso-oab.jpg 1890w\" sizes=\"(max-width: 1024px) 100vw, 1024px\" \/><div class=\"wp-block-cover__inner-container is-layout-flow wp-block-cover-is-layout-flow\">\n<h3 id=\"assinatura-oab-2\" class=\"titulo-assinatura\">Assinatura OAB<\/h3>\n<p class=\"subtitulo-assinatura\" style=\"display:block!important; line-height: 0;\">Conte\u00fado completo para a 1\u00aa e 2\u00aa fase da OAB.<\/p>\n<a target=\"_blank\" href=\"https:\/\/oab.estrategia.com\/curso\/assinatura-oab\/\" rel=\"noopener\"><button style=\"border-radius: 10px; text-transform: capitalize;\">Acessar<\/button><\/a>\n<\/div><\/div>\n\n\n\n<div class=\"wp-block-cover\" style=\"min-height:147px;aspect-ratio:unset;\"><img decoding=\"async\" width=\"1024\" height=\"190\" class=\"wp-block-cover__image-background wp-image-963\" alt=\"1\u00aa fase do exame de ordem oab curso\" src=\"https:\/\/oab.estrategia.com\/portal\/wp-content\/uploads\/2022\/06\/20153604\/assinatura-curso-oab-primeira-fase-1024x190.jpg\" style=\"object-position:58% 29%\" data-object-fit=\"cover\" data-object-position=\"58% 29%\" srcset=\"https:\/\/oab.estrategia.com\/portal\/wp-content\/uploads\/2022\/06\/20153604\/assinatura-curso-oab-primeira-fase-1024x190.jpg 1024w, https:\/\/oab.estrategia.com\/portal\/wp-content\/uploads\/2022\/06\/20153604\/assinatura-curso-oab-primeira-fase-300x56.jpg 300w, https:\/\/oab.estrategia.com\/portal\/wp-content\/uploads\/2022\/06\/20153604\/assinatura-curso-oab-primeira-fase-768x143.jpg 768w, https:\/\/oab.estrategia.com\/portal\/wp-content\/uploads\/2022\/06\/20153604\/assinatura-curso-oab-primeira-fase-1536x285.jpg 1536w, https:\/\/oab.estrategia.com\/portal\/wp-content\/uploads\/2022\/06\/20153604\/assinatura-curso-oab-primeira-fase-380x71.jpg 380w, https:\/\/oab.estrategia.com\/portal\/wp-content\/uploads\/2022\/06\/20153604\/assinatura-curso-oab-primeira-fase-800x149.jpg 800w, https:\/\/oab.estrategia.com\/portal\/wp-content\/uploads\/2022\/06\/20153604\/assinatura-curso-oab-primeira-fase-1160x215.jpg 1160w, https:\/\/oab.estrategia.com\/portal\/wp-content\/uploads\/2022\/06\/20153604\/assinatura-curso-oab-primeira-fase.jpg 1890w\" sizes=\"(max-width: 1024px) 100vw, 1024px\" \/><span aria-hidden=\"true\" class=\"wp-block-cover__background has-background-dim\"><\/span><div class=\"wp-block-cover__inner-container is-layout-flow wp-block-cover-is-layout-flow\">\n<h3 id=\"curso-para-a-1a-fase-da-oab-2\" class=\"titulo-assinatura\">Curso para a 1\u00aa Fase da OAB<\/h3>\n<p class=\"subtitulo-assinatura\" style=\"display:block!important; line-height: 0;\">Conhe\u00e7a os cursos!<\/p>\n<a target=\"_blank\" href=\"https:\/\/oab.estrategia.com\/concurso\/primeira-fase-46-exame\" rel=\"noopener\"><button style=\"border-radius: 10px; text-transform: capitalize;\">Acessar<\/button><\/a>\n<\/div><\/div>\n\n\n\n<div class=\"wp-block-group\"><div class=\"wp-block-group__inner-container is-layout-constrained wp-block-group-is-layout-constrained\">\n<div class=\"wp-block-cover\" style=\"min-height:84px;aspect-ratio:unset;\"><img decoding=\"async\" width=\"1160\" height=\"215\" class=\"wp-block-cover__image-background wp-image-15434\" alt=\"\" src=\"https:\/\/oab.estrategia.com\/portal\/wp-content\/uploads\/2025\/01\/31012626\/Banner-curso-de-ingles-no-seu-ritmo-vermelho-e-azul-moderno-1160-x-215-px.png\" style=\"object-position:100% 28%\" data-object-fit=\"cover\" data-object-position=\"100% 28%\" srcset=\"https:\/\/oab.estrategia.com\/portal\/wp-content\/uploads\/2025\/01\/31012626\/Banner-curso-de-ingles-no-seu-ritmo-vermelho-e-azul-moderno-1160-x-215-px.png 1160w, https:\/\/oab.estrategia.com\/portal\/wp-content\/uploads\/2025\/01\/31012626\/Banner-curso-de-ingles-no-seu-ritmo-vermelho-e-azul-moderno-1160-x-215-px-300x56.png 300w, https:\/\/oab.estrategia.com\/portal\/wp-content\/uploads\/2025\/01\/31012626\/Banner-curso-de-ingles-no-seu-ritmo-vermelho-e-azul-moderno-1160-x-215-px-1024x190.png 1024w, https:\/\/oab.estrategia.com\/portal\/wp-content\/uploads\/2025\/01\/31012626\/Banner-curso-de-ingles-no-seu-ritmo-vermelho-e-azul-moderno-1160-x-215-px-768x142.png 768w, https:\/\/oab.estrategia.com\/portal\/wp-content\/uploads\/2025\/01\/31012626\/Banner-curso-de-ingles-no-seu-ritmo-vermelho-e-azul-moderno-1160-x-215-px-380x70.png 380w, https:\/\/oab.estrategia.com\/portal\/wp-content\/uploads\/2025\/01\/31012626\/Banner-curso-de-ingles-no-seu-ritmo-vermelho-e-azul-moderno-1160-x-215-px-800x148.png 800w, https:\/\/oab.estrategia.com\/portal\/wp-content\/uploads\/2025\/01\/31012626\/Banner-curso-de-ingles-no-seu-ritmo-vermelho-e-azul-moderno-1160-x-215-px-150x28.png 150w\" sizes=\"(max-width: 1160px) 100vw, 1160px\" \/><span aria-hidden=\"true\" class=\"wp-block-cover__background has-background-dim\"><\/span><div class=\"wp-block-cover__inner-container is-layout-flow wp-block-cover-is-layout-flow\">\n<h3 id=\"cursos-para-a-2a-fase-da-oab-2\" class=\"titulo-assinatura\">Cursos para a 2\u00aa Fase da OAB<\/h3>\n<p class=\"subtitulo-assinatura\" style=\"display:block!important; line-height: 0;\">Conhe\u00e7a os cursos!<\/p>\n<a target=\"_blank\" href=\"https:\/\/oab.estrategia.com\/concursos\/cursos\/segunda-fase-oab\" rel=\"noopener\"><button style=\"border-radius: 10px; text-transform: capitalize;\">Acessar<\/button><\/a>\n<\/div><\/div>\n<\/div><\/div>\n\n\n\n<div class=\"wp-block-cover\" style=\"min-height:145px;aspect-ratio:unset;\"><span aria-hidden=\"true\" class=\"wp-block-cover__background has-background-dim\"><\/span><img decoding=\"async\" width=\"1024\" height=\"190\" class=\"wp-block-cover__image-background wp-image-2272\" alt=\"\" src=\"https:\/\/oab.estrategia.com\/portal\/wp-content\/uploads\/2022\/08\/19111944\/assinatura-oab-banner-exame-de-ordem-oab-assinatura-curso-oab-1024x190.jpg\" style=\"object-position:58% 29%\" data-object-fit=\"cover\" data-object-position=\"58% 29%\" srcset=\"https:\/\/oab.estrategia.com\/portal\/wp-content\/uploads\/2022\/08\/19111944\/assinatura-oab-banner-exame-de-ordem-oab-assinatura-curso-oab-1024x190.jpg 1024w, https:\/\/oab.estrategia.com\/portal\/wp-content\/uploads\/2022\/08\/19111944\/assinatura-oab-banner-exame-de-ordem-oab-assinatura-curso-oab-300x56.jpg 300w, https:\/\/oab.estrategia.com\/portal\/wp-content\/uploads\/2022\/08\/19111944\/assinatura-oab-banner-exame-de-ordem-oab-assinatura-curso-oab-768x143.jpg 768w, https:\/\/oab.estrategia.com\/portal\/wp-content\/uploads\/2022\/08\/19111944\/assinatura-oab-banner-exame-de-ordem-oab-assinatura-curso-oab-1536x285.jpg 1536w, https:\/\/oab.estrategia.com\/portal\/wp-content\/uploads\/2022\/08\/19111944\/assinatura-oab-banner-exame-de-ordem-oab-assinatura-curso-oab-380x71.jpg 380w, https:\/\/oab.estrategia.com\/portal\/wp-content\/uploads\/2022\/08\/19111944\/assinatura-oab-banner-exame-de-ordem-oab-assinatura-curso-oab-800x149.jpg 800w, https:\/\/oab.estrategia.com\/portal\/wp-content\/uploads\/2022\/08\/19111944\/assinatura-oab-banner-exame-de-ordem-oab-assinatura-curso-oab-1160x215.jpg 1160w, https:\/\/oab.estrategia.com\/portal\/wp-content\/uploads\/2022\/08\/19111944\/assinatura-oab-banner-exame-de-ordem-oab-assinatura-curso-oab-150x28.jpg 150w, https:\/\/oab.estrategia.com\/portal\/wp-content\/uploads\/2022\/08\/19111944\/assinatura-oab-banner-exame-de-ordem-oab-assinatura-curso-oab.jpg 1890w\" sizes=\"(max-width: 1024px) 100vw, 1024px\" \/><div class=\"wp-block-cover__inner-container is-layout-flow wp-block-cover-is-layout-flow\">\n<h3 id=\"assinatura-oab-3\" class=\"titulo-assinatura\">Assinatura OAB<\/h3>\n<p class=\"subtitulo-assinatura\" style=\"display:block!important; line-height: 0;\">Conte\u00fado completo para a 1\u00aa e 2\u00aa fase da OAB.<\/p>\n<a target=\"_blank\" href=\"https:\/\/oab.estrategia.com\/curso\/assinatura-oab\/\" rel=\"noopener\"><button style=\"border-radius: 10px; text-transform: capitalize;\">Acessar<\/button><\/a>\n<\/div><\/div>\n\n\n\n<p class=\"has-text-align-center\"><strong>Nossas redes sociais<\/strong><\/p>\n\n\n\n<p class=\"has-text-align-center has-pale-cyan-blue-background-color has-background has-small-font-size\"><a href=\"https:\/\/www.instagram.com\/estrategiaoab\/\" target=\"_blank\" >Instagram Estrat\u00e9gia OAB<\/a><\/p>\n\n\n\n<p class=\"has-text-align-center has-light-green-cyan-background-color has-background has-small-font-size\"><a href=\"https:\/\/www.youtube.com\/channel\/UC7rgrKTSF5aOrBGWOw60ovw\" target=\"_blank\" >YouTube Estrat\u00e9gia OAB<\/a><\/p>\n\n\n\n<p class=\"has-text-align-center has-very-light-gray-background-color has-background has-small-font-size\"><a href=\"http:\/\/bit.ly\/TelegramOAB\" target=\"_blank\" >Inscreva-se no Telegram<\/a><\/p>\n","protected":false},"excerpt":{"rendered":"Dia 08 de Mar\u00e7o, O Dia Internacional da Mulher! Vamos relembrar a luta das mulheres no direito e vamos nos inspirar com as personalidades incr\u00edveis que j\u00e1 passaram pela hist\u00f3ria da advocacia trazendo inspira\u00e7\u00e3o para as futuras advogadas do nosso pa\u00eds!\n","protected":false},"author":12,"featured_media":5928,"comment_status":"open","ping_status":"open","sticky":false,"template":"","format":"standard","meta":{"_jetpack_memberships_contains_paid_content":false,"footnotes":""},"categories":[32],"tags":[52],"class_list":{"0":"post-5925","1":"post","2":"type-post","3":"status-publish","4":"format-standard","5":"has-post-thumbnail","7":"category-advocacia","8":"tag-estrategia-oab"},"acf":[],"yoast_head":"<!-- This site is optimized with the Yoast SEO Premium plugin v26.2 (Yoast SEO v27.4) - https:\/\/yoast.com\/product\/yoast-seo-premium-wordpress\/ -->\n<title>Mulheres no Direito: Hist\u00f3ria da Advocacia na Vida das Mulheres!<\/title>\n<meta name=\"description\" content=\"Hoje \u00e9 dia 08 de Mar\u00e7o, um dia que transborda muita luta para todas as mulheres, veja a hist\u00f3ria de cada uma das pioneiras no direito aqui!\" \/>\n<meta name=\"robots\" content=\"index, follow, max-snippet:-1, max-image-preview:large, max-video-preview:-1\" \/>\n<link rel=\"canonical\" href=\"https:\/\/oab.estrategia.com\/portal\/mulheres-no-direito\/\" \/>\n<meta property=\"og:locale\" content=\"pt_BR\" \/>\n<meta property=\"og:type\" content=\"article\" \/>\n<meta property=\"og:title\" content=\"Mulheres no Direito: conhe\u00e7a as mulheres que fizeram hist\u00f3ria na advocacia\" \/>\n<meta property=\"og:description\" content=\"Hoje \u00e9 dia 08 de Mar\u00e7o, um dia que transborda muita luta para todas as mulheres, veja a hist\u00f3ria de cada uma das pioneiras no direito aqui!\" \/>\n<meta property=\"og:url\" content=\"https:\/\/oab.estrategia.com\/portal\/mulheres-no-direito\/\" \/>\n<meta property=\"og:site_name\" content=\"Blog - OAB - Estrat\u00e9gia\" \/>\n<meta property=\"article:publisher\" content=\"https:\/\/www.facebook.com\/estrategiaoab\/\" \/>\n<meta property=\"article:published_time\" content=\"2023-03-08T12:00:00+00:00\" \/>\n<meta property=\"og:image\" content=\"https:\/\/oab.estrategia.com\/portal\/wp-content\/uploads\/2023\/03\/03104013\/mulheres-pioneiras-no-direito-e-na-advocacia.png\" \/>\n\t<meta property=\"og:image:width\" content=\"909\" \/>\n\t<meta property=\"og:image:height\" content=\"602\" \/>\n\t<meta property=\"og:image:type\" content=\"image\/png\" \/>\n<meta name=\"author\" content=\"Coordena\u00e7\u00e3o\" \/>\n<meta name=\"twitter:card\" content=\"summary_large_image\" \/>\n<meta name=\"twitter:creator\" content=\"@estrategiaoab\" \/>\n<meta name=\"twitter:site\" content=\"@estrategiaoab\" \/>\n<meta name=\"twitter:label1\" content=\"Escrito por\" \/>\n\t<meta name=\"twitter:data1\" content=\"Coordena\u00e7\u00e3o\" \/>\n\t<meta name=\"twitter:label2\" content=\"Est. tempo de leitura\" \/>\n\t<meta name=\"twitter:data2\" content=\"8 minutos\" \/>\n<script type=\"application\/ld+json\" class=\"yoast-schema-graph\">{\"@context\":\"https:\\\/\\\/schema.org\",\"@graph\":[{\"@type\":\"Article\",\"@id\":\"https:\\\/\\\/oab.estrategia.com\\\/portal\\\/mulheres-no-direito\\\/#article\",\"isPartOf\":{\"@id\":\"https:\\\/\\\/oab.estrategia.com\\\/portal\\\/mulheres-no-direito\\\/\"},\"author\":{\"name\":\"Coordena\u00e7\u00e3o\",\"@id\":\"https:\\\/\\\/oab.estrategia.com\\\/portal\\\/#\\\/schema\\\/person\\\/9e4f367923f195c7466d88c8e8a86d23\"},\"headline\":\"Mulheres no Direito: conhe\u00e7a as mulheres que fizeram hist\u00f3ria na advocacia\",\"datePublished\":\"2023-03-08T12:00:00+00:00\",\"mainEntityOfPage\":{\"@id\":\"https:\\\/\\\/oab.estrategia.com\\\/portal\\\/mulheres-no-direito\\\/\"},\"wordCount\":1453,\"commentCount\":0,\"publisher\":{\"@id\":\"https:\\\/\\\/oab.estrategia.com\\\/portal\\\/#organization\"},\"image\":{\"@id\":\"https:\\\/\\\/oab.estrategia.com\\\/portal\\\/mulheres-no-direito\\\/#primaryimage\"},\"thumbnailUrl\":\"https:\\\/\\\/oab.estrategia.com\\\/portal\\\/wp-content\\\/uploads\\\/2023\\\/03\\\/03104013\\\/mulheres-pioneiras-no-direito-e-na-advocacia.png\",\"keywords\":[\"Estrat\u00e9gia OAB\"],\"articleSection\":[\"Advocacia\"],\"inLanguage\":\"pt-BR\",\"potentialAction\":[{\"@type\":\"CommentAction\",\"name\":\"Comment\",\"target\":[\"https:\\\/\\\/oab.estrategia.com\\\/portal\\\/mulheres-no-direito\\\/#respond\"]}],\"accessibilityFeature\":[\"tableOfContents\"]},{\"@type\":\"WebPage\",\"@id\":\"https:\\\/\\\/oab.estrategia.com\\\/portal\\\/mulheres-no-direito\\\/\",\"url\":\"https:\\\/\\\/oab.estrategia.com\\\/portal\\\/mulheres-no-direito\\\/\",\"name\":\"Mulheres no Direito: Hist\u00f3ria da Advocacia na Vida das Mulheres!\",\"isPartOf\":{\"@id\":\"https:\\\/\\\/oab.estrategia.com\\\/portal\\\/#website\"},\"primaryImageOfPage\":{\"@id\":\"https:\\\/\\\/oab.estrategia.com\\\/portal\\\/mulheres-no-direito\\\/#primaryimage\"},\"image\":{\"@id\":\"https:\\\/\\\/oab.estrategia.com\\\/portal\\\/mulheres-no-direito\\\/#primaryimage\"},\"thumbnailUrl\":\"https:\\\/\\\/oab.estrategia.com\\\/portal\\\/wp-content\\\/uploads\\\/2023\\\/03\\\/03104013\\\/mulheres-pioneiras-no-direito-e-na-advocacia.png\",\"datePublished\":\"2023-03-08T12:00:00+00:00\",\"description\":\"Hoje \u00e9 dia 08 de Mar\u00e7o, um dia que transborda muita luta para todas as mulheres, veja a hist\u00f3ria de cada uma das pioneiras no direito aqui!\",\"breadcrumb\":{\"@id\":\"https:\\\/\\\/oab.estrategia.com\\\/portal\\\/mulheres-no-direito\\\/#breadcrumb\"},\"inLanguage\":\"pt-BR\",\"potentialAction\":[{\"@type\":\"ReadAction\",\"target\":[\"https:\\\/\\\/oab.estrategia.com\\\/portal\\\/mulheres-no-direito\\\/\"]}]},{\"@type\":\"ImageObject\",\"inLanguage\":\"pt-BR\",\"@id\":\"https:\\\/\\\/oab.estrategia.com\\\/portal\\\/mulheres-no-direito\\\/#primaryimage\",\"url\":\"https:\\\/\\\/oab.estrategia.com\\\/portal\\\/wp-content\\\/uploads\\\/2023\\\/03\\\/03104013\\\/mulheres-pioneiras-no-direito-e-na-advocacia.png\",\"contentUrl\":\"https:\\\/\\\/oab.estrategia.com\\\/portal\\\/wp-content\\\/uploads\\\/2023\\\/03\\\/03104013\\\/mulheres-pioneiras-no-direito-e-na-advocacia.png\",\"width\":909,\"height\":602,\"caption\":\"mulheres no direito e na advocacia\"},{\"@type\":\"BreadcrumbList\",\"@id\":\"https:\\\/\\\/oab.estrategia.com\\\/portal\\\/mulheres-no-direito\\\/#breadcrumb\",\"itemListElement\":[{\"@type\":\"ListItem\",\"position\":1,\"name\":\"In\u00edcio\",\"item\":\"https:\\\/\\\/oab.estrategia.com\\\/portal\\\/\"},{\"@type\":\"ListItem\",\"position\":2,\"name\":\"Mulheres no Direito: conhe\u00e7a as mulheres que fizeram hist\u00f3ria na advocacia\"}]},{\"@type\":\"WebSite\",\"@id\":\"https:\\\/\\\/oab.estrategia.com\\\/portal\\\/#website\",\"url\":\"https:\\\/\\\/oab.estrategia.com\\\/portal\\\/\",\"name\":\"Blog - OAB - Estrat\u00e9gia\",\"description\":\"Blog OAB - Estrat\u00e9gia Concursos\",\"publisher\":{\"@id\":\"https:\\\/\\\/oab.estrategia.com\\\/portal\\\/#organization\"},\"potentialAction\":[{\"@type\":\"SearchAction\",\"target\":{\"@type\":\"EntryPoint\",\"urlTemplate\":\"https:\\\/\\\/oab.estrategia.com\\\/portal\\\/?s={search_term_string}\"},\"query-input\":{\"@type\":\"PropertyValueSpecification\",\"valueRequired\":true,\"valueName\":\"search_term_string\"}}],\"inLanguage\":\"pt-BR\"},{\"@type\":\"Organization\",\"@id\":\"https:\\\/\\\/oab.estrategia.com\\\/portal\\\/#organization\",\"name\":\"Estrat\u00e9gia Concursos\",\"url\":\"https:\\\/\\\/oab.estrategia.com\\\/portal\\\/\",\"logo\":{\"@type\":\"ImageObject\",\"inLanguage\":\"pt-BR\",\"@id\":\"https:\\\/\\\/oab.estrategia.com\\\/portal\\\/#\\\/schema\\\/logo\\\/image\\\/\",\"url\":\"https:\\\/\\\/oab.estrategia.com\\\/portal\\\/wp-content\\\/uploads\\\/2022\\\/04\\\/06103601\\\/oab-icone-2.png\",\"contentUrl\":\"https:\\\/\\\/oab.estrategia.com\\\/portal\\\/wp-content\\\/uploads\\\/2022\\\/04\\\/06103601\\\/oab-icone-2.png\",\"width\":900,\"height\":900,\"caption\":\"Estrat\u00e9gia Concursos\"},\"image\":{\"@id\":\"https:\\\/\\\/oab.estrategia.com\\\/portal\\\/#\\\/schema\\\/logo\\\/image\\\/\"},\"sameAs\":[\"https:\\\/\\\/www.facebook.com\\\/estrategiaoab\\\/\",\"https:\\\/\\\/x.com\\\/estrategiaoab\",\"https:\\\/\\\/www.instagram.com\\\/estrategiaoab\\\/\",\"https:\\\/\\\/www.youtube.com\\\/EstrategiaOAB\"]},{\"@type\":\"Person\",\"@id\":\"https:\\\/\\\/oab.estrategia.com\\\/portal\\\/#\\\/schema\\\/person\\\/9e4f367923f195c7466d88c8e8a86d23\",\"name\":\"Coordena\u00e7\u00e3o\",\"image\":{\"@type\":\"ImageObject\",\"inLanguage\":\"pt-BR\",\"@id\":\"https:\\\/\\\/oab.estrategia.com\\\/portal\\\/wp-content\\\/uploads\\\/2022\\\/03\\\/12164805\\\/estrategia-oab-coordenacao-96x96.png\",\"url\":\"https:\\\/\\\/oab.estrategia.com\\\/portal\\\/wp-content\\\/uploads\\\/2022\\\/03\\\/12164805\\\/estrategia-oab-coordenacao-96x96.png\",\"contentUrl\":\"https:\\\/\\\/oab.estrategia.com\\\/portal\\\/wp-content\\\/uploads\\\/2022\\\/03\\\/12164805\\\/estrategia-oab-coordenacao-96x96.png\",\"caption\":\"Coordena\u00e7\u00e3o\"},\"description\":\".\",\"url\":\"https:\\\/\\\/oab.estrategia.com\\\/portal\\\/author\\\/coordenacao\\\/\"}]}<\/script>\n<!-- \/ Yoast SEO Premium plugin. -->","yoast_head_json":{"title":"Mulheres no Direito: Hist\u00f3ria da Advocacia na Vida das Mulheres!","description":"Hoje \u00e9 dia 08 de Mar\u00e7o, um dia que transborda muita luta para todas as mulheres, veja a hist\u00f3ria de cada uma das pioneiras no direito aqui!","robots":{"index":"index","follow":"follow","max-snippet":"max-snippet:-1","max-image-preview":"max-image-preview:large","max-video-preview":"max-video-preview:-1"},"canonical":"https:\/\/oab.estrategia.com\/portal\/mulheres-no-direito\/","og_locale":"pt_BR","og_type":"article","og_title":"Mulheres no Direito: conhe\u00e7a as mulheres que fizeram hist\u00f3ria na advocacia","og_description":"Hoje \u00e9 dia 08 de Mar\u00e7o, um dia que transborda muita luta para todas as mulheres, veja a hist\u00f3ria de cada uma das pioneiras no direito aqui!","og_url":"https:\/\/oab.estrategia.com\/portal\/mulheres-no-direito\/","og_site_name":"Blog - OAB - Estrat\u00e9gia","article_publisher":"https:\/\/www.facebook.com\/estrategiaoab\/","article_published_time":"2023-03-08T12:00:00+00:00","og_image":[{"width":909,"height":602,"url":"https:\/\/oab.estrategia.com\/portal\/wp-content\/uploads\/2023\/03\/03104013\/mulheres-pioneiras-no-direito-e-na-advocacia.png","type":"image\/png"}],"author":"Coordena\u00e7\u00e3o","twitter_card":"summary_large_image","twitter_creator":"@estrategiaoab","twitter_site":"@estrategiaoab","twitter_misc":{"Escrito por":"Coordena\u00e7\u00e3o","Est. tempo de leitura":"8 minutos"},"schema":{"@context":"https:\/\/schema.org","@graph":[{"@type":"Article","@id":"https:\/\/oab.estrategia.com\/portal\/mulheres-no-direito\/#article","isPartOf":{"@id":"https:\/\/oab.estrategia.com\/portal\/mulheres-no-direito\/"},"author":{"name":"Coordena\u00e7\u00e3o","@id":"https:\/\/oab.estrategia.com\/portal\/#\/schema\/person\/9e4f367923f195c7466d88c8e8a86d23"},"headline":"Mulheres no Direito: conhe\u00e7a as mulheres que fizeram hist\u00f3ria na advocacia","datePublished":"2023-03-08T12:00:00+00:00","mainEntityOfPage":{"@id":"https:\/\/oab.estrategia.com\/portal\/mulheres-no-direito\/"},"wordCount":1453,"commentCount":0,"publisher":{"@id":"https:\/\/oab.estrategia.com\/portal\/#organization"},"image":{"@id":"https:\/\/oab.estrategia.com\/portal\/mulheres-no-direito\/#primaryimage"},"thumbnailUrl":"https:\/\/oab.estrategia.com\/portal\/wp-content\/uploads\/2023\/03\/03104013\/mulheres-pioneiras-no-direito-e-na-advocacia.png","keywords":["Estrat\u00e9gia OAB"],"articleSection":["Advocacia"],"inLanguage":"pt-BR","potentialAction":[{"@type":"CommentAction","name":"Comment","target":["https:\/\/oab.estrategia.com\/portal\/mulheres-no-direito\/#respond"]}],"accessibilityFeature":["tableOfContents"]},{"@type":"WebPage","@id":"https:\/\/oab.estrategia.com\/portal\/mulheres-no-direito\/","url":"https:\/\/oab.estrategia.com\/portal\/mulheres-no-direito\/","name":"Mulheres no Direito: Hist\u00f3ria da Advocacia na Vida das Mulheres!","isPartOf":{"@id":"https:\/\/oab.estrategia.com\/portal\/#website"},"primaryImageOfPage":{"@id":"https:\/\/oab.estrategia.com\/portal\/mulheres-no-direito\/#primaryimage"},"image":{"@id":"https:\/\/oab.estrategia.com\/portal\/mulheres-no-direito\/#primaryimage"},"thumbnailUrl":"https:\/\/oab.estrategia.com\/portal\/wp-content\/uploads\/2023\/03\/03104013\/mulheres-pioneiras-no-direito-e-na-advocacia.png","datePublished":"2023-03-08T12:00:00+00:00","description":"Hoje \u00e9 dia 08 de Mar\u00e7o, um dia que transborda muita luta para todas as mulheres, veja a hist\u00f3ria de cada uma das pioneiras no direito aqui!","breadcrumb":{"@id":"https:\/\/oab.estrategia.com\/portal\/mulheres-no-direito\/#breadcrumb"},"inLanguage":"pt-BR","potentialAction":[{"@type":"ReadAction","target":["https:\/\/oab.estrategia.com\/portal\/mulheres-no-direito\/"]}]},{"@type":"ImageObject","inLanguage":"pt-BR","@id":"https:\/\/oab.estrategia.com\/portal\/mulheres-no-direito\/#primaryimage","url":"https:\/\/oab.estrategia.com\/portal\/wp-content\/uploads\/2023\/03\/03104013\/mulheres-pioneiras-no-direito-e-na-advocacia.png","contentUrl":"https:\/\/oab.estrategia.com\/portal\/wp-content\/uploads\/2023\/03\/03104013\/mulheres-pioneiras-no-direito-e-na-advocacia.png","width":909,"height":602,"caption":"mulheres no direito e na advocacia"},{"@type":"BreadcrumbList","@id":"https:\/\/oab.estrategia.com\/portal\/mulheres-no-direito\/#breadcrumb","itemListElement":[{"@type":"ListItem","position":1,"name":"In\u00edcio","item":"https:\/\/oab.estrategia.com\/portal\/"},{"@type":"ListItem","position":2,"name":"Mulheres no Direito: conhe\u00e7a as mulheres que fizeram hist\u00f3ria na advocacia"}]},{"@type":"WebSite","@id":"https:\/\/oab.estrategia.com\/portal\/#website","url":"https:\/\/oab.estrategia.com\/portal\/","name":"Blog - OAB - Estrat\u00e9gia","description":"Blog OAB - Estrat\u00e9gia Concursos","publisher":{"@id":"https:\/\/oab.estrategia.com\/portal\/#organization"},"potentialAction":[{"@type":"SearchAction","target":{"@type":"EntryPoint","urlTemplate":"https:\/\/oab.estrategia.com\/portal\/?s={search_term_string}"},"query-input":{"@type":"PropertyValueSpecification","valueRequired":true,"valueName":"search_term_string"}}],"inLanguage":"pt-BR"},{"@type":"Organization","@id":"https:\/\/oab.estrategia.com\/portal\/#organization","name":"Estrat\u00e9gia Concursos","url":"https:\/\/oab.estrategia.com\/portal\/","logo":{"@type":"ImageObject","inLanguage":"pt-BR","@id":"https:\/\/oab.estrategia.com\/portal\/#\/schema\/logo\/image\/","url":"https:\/\/oab.estrategia.com\/portal\/wp-content\/uploads\/2022\/04\/06103601\/oab-icone-2.png","contentUrl":"https:\/\/oab.estrategia.com\/portal\/wp-content\/uploads\/2022\/04\/06103601\/oab-icone-2.png","width":900,"height":900,"caption":"Estrat\u00e9gia Concursos"},"image":{"@id":"https:\/\/oab.estrategia.com\/portal\/#\/schema\/logo\/image\/"},"sameAs":["https:\/\/www.facebook.com\/estrategiaoab\/","https:\/\/x.com\/estrategiaoab","https:\/\/www.instagram.com\/estrategiaoab\/","https:\/\/www.youtube.com\/EstrategiaOAB"]},{"@type":"Person","@id":"https:\/\/oab.estrategia.com\/portal\/#\/schema\/person\/9e4f367923f195c7466d88c8e8a86d23","name":"Coordena\u00e7\u00e3o","image":{"@type":"ImageObject","inLanguage":"pt-BR","@id":"https:\/\/oab.estrategia.com\/portal\/wp-content\/uploads\/2022\/03\/12164805\/estrategia-oab-coordenacao-96x96.png","url":"https:\/\/oab.estrategia.com\/portal\/wp-content\/uploads\/2022\/03\/12164805\/estrategia-oab-coordenacao-96x96.png","contentUrl":"https:\/\/oab.estrategia.com\/portal\/wp-content\/uploads\/2022\/03\/12164805\/estrategia-oab-coordenacao-96x96.png","caption":"Coordena\u00e7\u00e3o"},"description":".","url":"https:\/\/oab.estrategia.com\/portal\/author\/coordenacao\/"}]}},"jetpack_featured_media_url":"https:\/\/oab.estrategia.com\/portal\/wp-content\/uploads\/2023\/03\/03104013\/mulheres-pioneiras-no-direito-e-na-advocacia.png","jetpack_sharing_enabled":true,"_links":{"self":[{"href":"https:\/\/oab.estrategia.com\/portal\/wp-json\/wp\/v2\/posts\/5925","targetHints":{"allow":["GET"]}}],"collection":[{"href":"https:\/\/oab.estrategia.com\/portal\/wp-json\/wp\/v2\/posts"}],"about":[{"href":"https:\/\/oab.estrategia.com\/portal\/wp-json\/wp\/v2\/types\/post"}],"author":[{"embeddable":true,"href":"https:\/\/oab.estrategia.com\/portal\/wp-json\/wp\/v2\/users\/12"}],"replies":[{"embeddable":true,"href":"https:\/\/oab.estrategia.com\/portal\/wp-json\/wp\/v2\/comments?post=5925"}],"version-history":[{"count":22,"href":"https:\/\/oab.estrategia.com\/portal\/wp-json\/wp\/v2\/posts\/5925\/revisions"}],"predecessor-version":[{"id":5981,"href":"https:\/\/oab.estrategia.com\/portal\/wp-json\/wp\/v2\/posts\/5925\/revisions\/5981"}],"wp:featuredmedia":[{"embeddable":true,"href":"https:\/\/oab.estrategia.com\/portal\/wp-json\/wp\/v2\/media\/5928"}],"wp:attachment":[{"href":"https:\/\/oab.estrategia.com\/portal\/wp-json\/wp\/v2\/media?parent=5925"}],"wp:term":[{"taxonomy":"category","embeddable":true,"href":"https:\/\/oab.estrategia.com\/portal\/wp-json\/wp\/v2\/categories?post=5925"},{"taxonomy":"post_tag","embeddable":true,"href":"https:\/\/oab.estrategia.com\/portal\/wp-json\/wp\/v2\/tags?post=5925"}],"curies":[{"name":"wp","href":"https:\/\/api.w.org\/{rel}","templated":true}]}}