{"id":621,"date":"2025-10-01T00:52:31","date_gmt":"2025-10-01T03:52:31","guid":{"rendered":"https:\/\/oab.estrategia.com\/portal\/?p=621"},"modified":"2025-10-31T01:02:55","modified_gmt":"2025-10-31T04:02:55","slug":"edital-oab-xxxiii-exame","status":"publish","type":"post","link":"https:\/\/oab.estrategia.com\/portal\/edital-oab-xxxiii-exame\/","title":{"rendered":"Edital OAB XXXIII Exame de Ordem: resultado final dispon\u00edvel!"},"content":{"rendered":"\n<p><strong>Foi publicado o resultado final do XXXIII Exame de Ordem Unificado, confira agora mesmo:<\/strong><\/p>\n\n\n\n<p class=\"has-text-align-center has-very-light-gray-to-cyan-bluish-gray-gradient-background has-background\"><a style=\"font-weight: bold;\" href=\"https:\/\/dhg1h5j42swfq.cloudfront.net\/2022\/01\/26173054\/3454387_resultado-definitivo-2a-fase.pdf\" target=\"_blank\" >Resultado final<\/a><\/p>\n\n\n\n<p class=\"has-text-align-center\"><strong><em><a href=\"https:\/\/dhg1h5j42swfq.cloudfront.net\/2021\/11\/17090115\/resultado-oab.pdf\" target=\"_blank\" >Resultado definitivo da prova objetiva<\/a><\/em><\/strong><\/p>\n\n\n\n<h2 class=\"wp-block-heading\" id=\"edital-oab-xxxiii-exame-principais-informacoes\"><span id=\"confira-o-padrao-de-respostas-da-2a-fase\">Confira o padr\u00e3o de respostas da 2\u00aa fase:<\/span><\/h2>\n\n\n\n<ul class=\"wp-block-list\">\n<li><strong>Direito Administrativo: <\/strong><a href=\"https:\/\/s.oab.org.br\/arquivos\/2021\/12\/fe02e20b-1715-487f-b689-a603778fded3.pdf\" target=\"_blank\" >Caderno<\/a>\/<a href=\"https:\/\/s.oab.org.br\/arquivos\/2021\/12\/cb735c2b-ffeb-473a-837b-85ff8891674c.pdf\" target=\"_blank\" >Padr\u00e3o<\/a><\/li>\n\n\n\n<li><strong>Direito Civil: <\/strong><a href=\"https:\/\/s.oab.org.br\/arquivos\/2021\/12\/d5fb8dd6-e7eb-46b2-ad9a-ee16885be6c8.pdf\" target=\"_blank\" >Caderno<\/a>\/<a href=\"https:\/\/s.oab.org.br\/arquivos\/2021\/12\/b7606745-c2f9-4b43-a1ed-3758a5e9aafe.pdf\" target=\"_blank\" >Padr\u00e3o<\/a><\/li>\n\n\n\n<li><strong>Direito Constitucional:<\/strong> <a href=\"https:\/\/s.oab.org.br\/arquivos\/2021\/12\/c8c704df-dd10-40e7-b327-4f1221f0ddc6.pdf\" target=\"_blank\" >Caderno<\/a>\/<a href=\"https:\/\/s.oab.org.br\/arquivos\/2021\/12\/684fb6d4-88f5-446b-b519-2c6ef1e58681.pdf\" target=\"_blank\" >Padr\u00e3o<\/a><\/li>\n\n\n\n<li><strong>Direito Empresarial: <\/strong><a href=\"https:\/\/s.oab.org.br\/arquivos\/2021\/12\/3966daf1-7c3b-4f8d-89d4-95ae1b943b0a.pdf\" target=\"_blank\" >Caderno<\/a>\/<a href=\"https:\/\/s.oab.org.br\/arquivos\/2021\/12\/887ed93f-abe4-4c97-943e-1404e87198c3.pdf\" target=\"_blank\" >Padr\u00e3o<\/a><\/li>\n\n\n\n<li><strong>Direito Penal: <\/strong><a href=\"https:\/\/s.oab.org.br\/arquivos\/2021\/12\/70b3c533-2af3-480c-895a-8e7def4d7d1e.pdf\" target=\"_blank\" >Caderno<\/a>\/<a href=\"https:\/\/s.oab.org.br\/arquivos\/2021\/12\/e1cccb94-9977-43a5-97b4-52ff199b7133.pdf\" target=\"_blank\" >Padr\u00e3o<\/a><\/li>\n\n\n\n<li><strong>Direito do Trabalho:<\/strong> <a href=\"https:\/\/s.oab.org.br\/arquivos\/2021\/12\/47582aad-2300-4e38-a4e5-8fed59a774f3.pdf\" target=\"_blank\" >Caderno<\/a>\/<a href=\"https:\/\/s.oab.org.br\/arquivos\/2021\/12\/f3f01e38-07e9-48da-be6b-cd47fa240899.pdf\" target=\"_blank\" >Padr\u00e3o<\/a><\/li>\n\n\n\n<li><strong>Direito Tribut\u00e1rio:<\/strong> <a href=\"https:\/\/s.oab.org.br\/arquivos\/2021\/12\/5474b0be-c940-4c07-a0e8-8ed99684c149.pdf\" target=\"_blank\" >Caderno<\/a>\/<a href=\"https:\/\/s.oab.org.br\/arquivos\/2021\/12\/f72285fd-6039-45ea-aad3-c95044dfca65.pdf\" target=\"_blank\" >Padr\u00e3o<\/a><\/li>\n<\/ul>\n\n\n\n<h2 class=\"wp-block-heading\" id=\"h-edital-oab-xxxiii-exame-principais-datas\"><span id=\"edital-oab-xxxiii-exame-principais-datas\">Edital OAB &#8211; XXXIII Exame: principais datas<\/span><\/h2>\n\n\n\n<p class=\"has-very-light-gray-background-color has-background\"><strong>Publica\u00e7\u00e3o do Edital de Abertura<\/strong>: <s>11 de agosto de 2021<\/s><br><strong>Per\u00edodo de Inscri\u00e7\u00e3o\/Isen\u00e7\u00e3o<\/strong>: <s>12 a 21 de agosto de 2021<\/s><br><strong>Taxa:<\/strong> R$ 260,00<br><strong>Prazo limite para pagamento da taxa<\/strong>: <s>27 de setembro 2021<\/s><br><strong>Prova Objetiva &#8211; 1.\u00aa fase<\/strong>: <s>17 de outubro de 2021<\/s><br><strong>Prova pr\u00e1tico-profissional &#8211; 2.\u00aa fase<\/strong>: <s>12 de dezembro de 2021<\/s><\/p>\n\n\n\n<h2 class=\"wp-block-heading\" id=\"edital-oab-xxxiii-exame-conhecendo-a-1\u00aa-fase\"><span id=\"edital-oab-xxxiii-exame-conhecendo-a-1a-fase\">Edital OAB &#8211; XXXIII Exame: conhecendo a 1\u00aa fase<\/span><\/h2>\n\n\n\n<p>A primeira fase do Exame de Ordem consistiu em uma <strong>prova objetiva<\/strong> com <strong>80 quest\u00f5es<\/strong> de m\u00faltipla escolha. A prova teve a dura\u00e7\u00e3o de <strong>5 horas <\/strong>e foi aplicada no dia <strong>17 de outubro de 2021<\/strong>, das <strong>13h \u00e0s 18h<\/strong>.<\/p>\n\n\n\n<p>De acordo com o edital, al\u00e9m das disciplinas do curr\u00edculo m\u00ednimo do curso de Direito, o Exame tamb\u00e9m exigir\u00e1 outras <strong>sete disciplinas<\/strong>:<\/p>\n\n\n\n<ul class=\"wp-block-list\">\n<li><em>Direitos Humanos;<\/em><\/li>\n\n\n\n<li><em>C\u00f3digo do Consumidor;<\/em><\/li>\n\n\n\n<li><em>Estatuto da Crian\u00e7a e do Adolescente;<\/em><\/li>\n\n\n\n<li><em>Direito Ambiental;<\/em><\/li>\n\n\n\n<li><em>Direito Internacional;<\/em><\/li>\n\n\n\n<li><em>Filosofia do Direito;<\/em><\/li>\n\n\n\n<li><em>Estatuto da Advocacia e da OAB, Regulamento Geral e C\u00f3digo de \u00c9tica e Disciplina da OAB .<\/em><\/li>\n<\/ul>\n\n\n\n<h3 class=\"wp-block-heading\" id=\"criterios-para-aprovacao-na-1\u00aa-fase\"><span id=\"criterios-para-aprovacao-na-1a-fase\">Crit\u00e9rios para aprova\u00e7\u00e3o na 1\u00aa fase<\/span><\/h3>\n\n\n\n<p>Para ser convocado para a 2\u00aa fase do Exame de Ordem, o candidato teve de acertar pelo menos <strong>40 quest\u00f5es<\/strong> (50% da prova).<\/p>\n\n\n\n<h2 class=\"wp-block-heading\" id=\"edital-oab-conhecendo-a-2\u00aa-fase\"><span id=\"edital-oab-conhecendo-a-2a-fase\">Edital OAB: conhecendo a 2\u00aa fase<\/span><\/h2>\n\n\n\n<p>Enquanto a 1\u00aa fase do Exame de Ordem buscou avaliar todos os conhecimentos te\u00f3ricos adquiridos durante o curso de Direito, em todas as disciplinas do curr\u00edculo nacional m\u00ednimo, a 2\u00aa fase exigiu maior profundidade e especializa\u00e7\u00e3o.<\/p>\n\n\n\n<p>A chamada prova pr\u00e1tico-profissional avaliou a express\u00e3o escrita e as compet\u00eancias pr\u00e1ticas dos futuros operadores do Direito nas \u00e1reas profissionais de sua escolha.<\/p>\n\n\n\n<p>No ato da inscri\u00e7\u00e3o, o candidato escolheu qual seria a \u00e1rea de concentra\u00e7\u00e3o de sua prova de 2\u00aa fase. Foram disponibilizadas sete \u00e1reas:<\/p>\n\n\n\n<ol class=\"wp-block-list\">\n<li><em>Direito Administrativo;<\/em><\/li>\n\n\n\n<li><em>Direito Constitucional;<\/em><\/li>\n\n\n\n<li><em>Direito Civil;<\/em><\/li>\n\n\n\n<li><em>Direito do Trabalho;<\/em><\/li>\n\n\n\n<li><em>Direito Empresarial;<\/em><\/li>\n\n\n\n<li><em>Direito Penal; e<\/em><\/li>\n\n\n\n<li><em>Direito Tribut\u00e1rio.<\/em> <\/li>\n<\/ol>\n\n\n\n<h3 class=\"wp-block-heading\" id=\"a-prova-pratico-profissional\">A\u00a0prova\u00a0pr\u00e1tico-profissional<\/h3>\n\n\n\n<p>Esta prova foi composta por duas partes: uma pe\u00e7a processual, no valor de 5 pontos, e quatro quest\u00f5es discursivas, valendo 1,25 pontos cada. Para ser aprovado, era necess\u00e1rio alcan\u00e7ar 60% de aproveitamento (6 pontos).<\/p>\n\n\n\n<p>A 2\u00aa fase tamb\u00e9m teve dura\u00e7\u00e3o de 5 horas e, diferentemente da prova objetiva, permitiu consulta a legisla\u00e7\u00e3o n\u00e3o comentada ou anotada.<\/p>\n\n\n\n<p>A reda\u00e7\u00e3o de pe\u00e7a profissional teve o valor m\u00e1ximo de 5,00 pontos, e cada quest\u00e3o teve o valor m\u00e1ximo de 1,25 ponto.<\/p>\n\n\n\n<p>A nota na Prova Pr\u00e1tico-Profissional foi a soma das notas obtidas nas quest\u00f5es e na reda\u00e7\u00e3o da pe\u00e7a profissional, e foi calculada na escala de 0,00 a 10,00 pontos.<\/p>\n\n\n\n<p>Foi considerado aprovado o examinando que obteve NPPP igual ou superior a 6,00 pontos na prova pr\u00e1tico-profissional, sendo vedado o arredondamento.<\/p>\n\n\n\n<p><strong>O edital prev\u00ea uma lista de materiais permitidos, confira abaixo:<\/strong><\/p>\n\n\n\n<ul class=\"wp-block-list\">\n<li>Legisla\u00e7\u00e3o n\u00e3o comentada, n\u00e3o anotada e n\u00e3o comparada.<\/li>\n\n\n\n<li>C\u00f3digos, inclusive os organizados que n\u00e3o possuam \u00edndices estruturando roteiros de pe\u00e7as processuais, remiss\u00e3o doutrin\u00e1ria, jurisprud\u00eancia, informativos dos tribunais ou quaisquer coment\u00e1rios, anota\u00e7\u00f5es ou compara\u00e7\u00f5es.<\/li>\n\n\n\n<li>S\u00famulas, Enunciados e Orienta\u00e7\u00f5es Jurisprudenciais, inclusive organizados, desde que n\u00e3o estruturem roteiros de pe\u00e7as processuais.<\/li>\n\n\n\n<li>Leis de Introdu\u00e7\u00e3o dos C\u00f3digos.<\/li>\n\n\n\n<li>Instru\u00e7\u00f5es Normativas.<\/li>\n\n\n\n<li>\u00cdndices remissivos, em ordem alfab\u00e9tica ou tem\u00e1ticos, desde que n\u00e3o estruturem roteiros de pe\u00e7as processuais.<\/li>\n\n\n\n<li>Exposi\u00e7\u00e3o de Motivos.<\/li>\n\n\n\n<li>Regimento Interno.<\/li>\n\n\n\n<li>Resolu\u00e7\u00f5es dos Tribunais.<\/li>\n\n\n\n<li>Simples utiliza\u00e7\u00e3o de marca texto, tra\u00e7o ou simples remiss\u00e3o a artigos ou a lei.<\/li>\n\n\n\n<li>Separa\u00e7\u00e3o de c\u00f3digos por clipes.<\/li>\n\n\n\n<li>Utiliza\u00e7\u00e3o de separadores de c\u00f3digos fabricados por editoras ou outras institui\u00e7\u00f5es ligadas ao mercado gr\u00e1fico, desde que com impress\u00e3o que contenha simples remiss\u00e3o a ramos do Direito ou a leis. <\/li>\n<\/ul>\n\n\n\n<h2 class=\"wp-block-heading\" id=\"medidas-preventivas-relativas-a-covid-19\">Medidas preventivas relativas \u00e0 Covid-19<\/h2>\n\n\n\n<p>De acordo com as disposi\u00e7\u00f5es do edital XXXIII Exame de Ordem, a Funda\u00e7\u00e3o Getulio Vargas foi a respons\u00e1vel pelas seguintes medidas preventivas, relativamente \u00e0 emerg\u00eancia de sa\u00fade p\u00fablica de import\u00e2ncia internacional decorrente do coronav\u00edrus (Covid-19), durante a aplica\u00e7\u00e3o das provas.<br><\/p>\n\n\n\n<ul class=\"wp-block-list\">\n<li>Todos os locais de aplica\u00e7\u00e3o apresentaram rotas e marca\u00e7\u00f5es no ch\u00e3o, a fim de garantir o distanciamento seguro entre colaboradores e candidatos. Foram consideradas como marca\u00e7\u00f5es de distanciamento nas salas de aplica\u00e7\u00e3o os espa\u00e7os estabelecidos entre as carteiras.<\/li>\n\n\n\n<li>As salas de aplica\u00e7\u00e3o foram organizadas com um quantitativo reduzido e foram submetidas aos cuidados necess\u00e1rios de higiene. A recomenda\u00e7\u00e3o foi, sempre que poss\u00edvel, manter o ar-condicionado ou ventilador ligado, mantendo portas e janelas abertas.<\/li>\n\n\n\n<li>Foi refor\u00e7ada a preven\u00e7\u00e3o individual dos colaboradores, com o uso de m\u00e1scaras modelo N95 e outros Equipamentos de Prote\u00e7\u00e3o Individual (EPI), bem como a defini\u00e7\u00e3o de etiqueta respirat\u00f3ria.<\/li>\n\n\n\n<li>Foram disponibilizados frascos de \u00e1lcool gel em todas as salas e em pontos de circula\u00e7\u00e3o.<\/li>\n\n\n\n<li>Foi realizada triagem r\u00e1pida na entrada dos examinandos para reduzir o tempo de espera no atendimento, com hor\u00e1rios diferenciados de entrada, por coordena\u00e7\u00e3o, e demarca\u00e7\u00f5es das filas a serem respeitadas.<\/li>\n\n\n\n<li>Houve desinfec\u00e7\u00e3o constante de superf\u00edcies mais tocadas, como corrim\u00e3os e ma\u00e7anetas.<\/li>\n\n\n\n<li>Foi realizado processo individual de identifica\u00e7\u00e3o do examinando na entrada no ambiente de prova.<\/li>\n\n\n\n<li>Foi feita higieniza\u00e7\u00e3o dos envelopes de provas lacrados pelos fiscais. O procedimento foi realizado na frente de todos os examinandos em momento anterior \u00e0 entrega e coleta de todos os materiais de prova.<\/li>\n\n\n\n<li>Foi realizada confer\u00eancia dos materiais de cada sala, inclusive durante a confer\u00eancia na Coordena\u00e7\u00e3o. Para isso, fiscais de aplica\u00e7\u00e3o e equipe de coordena\u00e7\u00e3o, respectivamente, higienizaram as m\u00e3os, iniciaram a confer\u00eancia e, ao t\u00e9rmino, higienizaram as m\u00e3os novamente.<\/li>\n\n\n\n<li>P\u00f4de haver captura, \u00e0 dist\u00e2ncia, de fotografia digital dos examinandos no ambiente de provas, garantindo assim o armazenamento de seus dados e a confer\u00eancia automatizada da presen\u00e7a de cada um.<\/li>\n\n\n\n<li>Foi garantido distanciamento m\u00ednimo de 1 metro entre os examinandos, nas salas de aplica\u00e7\u00e3o das provas.<\/li>\n\n\n\n<li>Houve controle individual de sa\u00edda dos examinandos ao t\u00e9rmino das provas, evitando tumulto e aglomera\u00e7\u00e3o de pessoas.<\/li>\n<\/ul>\n\n\n\n<p class=\"has-text-align-center has-very-light-gray-to-cyan-bluish-gray-gradient-background has-background\" style=\"font-size:25px\"><a href=\"https:\/\/dhg1h5j42swfq.cloudfront.net\/2021\/08\/11165446\/edital_xxxiii_exame_oab.pdf\" target=\"_blank\" rel=\"noreferrer noopener nofollow\"><strong>Edital do XXXIII Exame<\/strong><\/a><\/p>\n\n\n\n\n\n<h2 class=\"wp-block-heading has-text-align-center\" id=\"h-quer-saber-tudo-sobre-o-exame-de-ordem-confira-nossos-artigos\"><span id=\"quer-saber-tudo-sobre-o-exame-de-ordemconfira-nossos-artigos\">Quer saber tudo sobre o Exame de Ordem?<br>Confira nossos artigos!<\/span><\/h2>\n\n\n\n<ul class=\"wp-block-list\">\n<li><a href=\"https:\/\/oab.estrategia.com\/portal\/prova-oab\/\">Prova OAB<\/a><\/li>\n\n\n\n<li><a href=\"https:\/\/oab.estrategia.com\/portal\/prova-1-fase-oab\/\">Prova de 1\u00aa Fase da OAB<\/a><\/li>\n\n\n\n<li><a href=\"https:\/\/oab.estrategia.com\/portal\/prova-2-fase-oab\/\">Prova de 2\u00aa Fase da OAB<\/a><\/li>\n\n\n\n<li><a href=\"https:\/\/oab.estrategia.com\/portal\/oab-ultimas-noticias\/\" target=\"_blank\" >\u00daltimas not\u00edcias OAB: editais, prazos e muito mais!<\/a><\/li>\n<\/ul>\n\n\n\n<h4 class=\"wp-block-heading has-text-align-center\" id=\"h-conteudos-exclusivos-e-atualizacoes-em-tempo-real-siga-nossas-redes-e-esteja-sempre-um-passo-a-frente\"><span id=\"conteudos-exclusivos-e-atualizacoes-em-tempo-realsiga-nossas-redes-e-esteja-sempre-um-passo-a-frente\">Conte\u00fados exclusivos e atualiza\u00e7\u00f5es em tempo real?<br>Siga nossas redes e esteja sempre um passo \u00e0 frente!<\/span><\/h4>\n\n\n\n<ul class=\"wp-block-social-links has-normal-icon-size has-visible-labels is-horizontal is-content-justification-center is-layout-flex wp-container-core-social-links-is-layout-499968f5 wp-block-social-links-is-layout-flex\"><li class=\"wp-social-link wp-social-link-facebook  wp-block-social-link\"><a rel=\"noopener nofollow\" target=\"_blank\" href=\"https:\/\/www.facebook.com\/oabestrategia?locale=pt_BR\" class=\"wp-block-social-link-anchor\"><svg width=\"24\" height=\"24\" viewBox=\"0 0 24 24\" version=\"1.1\" xmlns=\"http:\/\/www.w3.org\/2000\/svg\" aria-hidden=\"true\" focusable=\"false\"><path d=\"M12 2C6.5 2 2 6.5 2 12c0 5 3.7 9.1 8.4 9.9v-7H7.9V12h2.5V9.8c0-2.5 1.5-3.9 3.8-3.9 1.1 0 2.2.2 2.2.2v2.5h-1.3c-1.2 0-1.6.8-1.6 1.6V12h2.8l-.4 2.9h-2.3v7C18.3 21.1 22 17 22 12c0-5.5-4.5-10-10-10z\"><\/path><\/svg><span class=\"wp-block-social-link-label\">Facebook<\/span><\/a><\/li>\n\n<li class=\"wp-social-link wp-social-link-instagram  wp-block-social-link\"><a rel=\"noopener nofollow\" target=\"_blank\" href=\"https:\/\/www.instagram.com\/estrategiaoab\/\" class=\"wp-block-social-link-anchor\"><svg width=\"24\" height=\"24\" viewBox=\"0 0 24 24\" version=\"1.1\" xmlns=\"http:\/\/www.w3.org\/2000\/svg\" aria-hidden=\"true\" focusable=\"false\"><path d=\"M12,4.622c2.403,0,2.688,0.009,3.637,0.052c0.877,0.04,1.354,0.187,1.671,0.31c0.42,0.163,0.72,0.358,1.035,0.673 c0.315,0.315,0.51,0.615,0.673,1.035c0.123,0.317,0.27,0.794,0.31,1.671c0.043,0.949,0.052,1.234,0.052,3.637 s-0.009,2.688-0.052,3.637c-0.04,0.877-0.187,1.354-0.31,1.671c-0.163,0.42-0.358,0.72-0.673,1.035 c-0.315,0.315-0.615,0.51-1.035,0.673c-0.317,0.123-0.794,0.27-1.671,0.31c-0.949,0.043-1.233,0.052-3.637,0.052 s-2.688-0.009-3.637-0.052c-0.877-0.04-1.354-0.187-1.671-0.31c-0.42-0.163-0.72-0.358-1.035-0.673 c-0.315-0.315-0.51-0.615-0.673-1.035c-0.123-0.317-0.27-0.794-0.31-1.671C4.631,14.688,4.622,14.403,4.622,12 s0.009-2.688,0.052-3.637c0.04-0.877,0.187-1.354,0.31-1.671c0.163-0.42,0.358-0.72,0.673-1.035 c0.315-0.315,0.615-0.51,1.035-0.673c0.317-0.123,0.794-0.27,1.671-0.31C9.312,4.631,9.597,4.622,12,4.622 M12,3 C9.556,3,9.249,3.01,8.289,3.054C7.331,3.098,6.677,3.25,6.105,3.472C5.513,3.702,5.011,4.01,4.511,4.511 c-0.5,0.5-0.808,1.002-1.038,1.594C3.25,6.677,3.098,7.331,3.054,8.289C3.01,9.249,3,9.556,3,12c0,2.444,0.01,2.751,0.054,3.711 c0.044,0.958,0.196,1.612,0.418,2.185c0.23,0.592,0.538,1.094,1.038,1.594c0.5,0.5,1.002,0.808,1.594,1.038 c0.572,0.222,1.227,0.375,2.185,0.418C9.249,20.99,9.556,21,12,21s2.751-0.01,3.711-0.054c0.958-0.044,1.612-0.196,2.185-0.418 c0.592-0.23,1.094-0.538,1.594-1.038c0.5-0.5,0.808-1.002,1.038-1.594c0.222-0.572,0.375-1.227,0.418-2.185 C20.99,14.751,21,14.444,21,12s-0.01-2.751-0.054-3.711c-0.044-0.958-0.196-1.612-0.418-2.185c-0.23-0.592-0.538-1.094-1.038-1.594 c-0.5-0.5-1.002-0.808-1.594-1.038c-0.572-0.222-1.227-0.375-2.185-0.418C14.751,3.01,14.444,3,12,3L12,3z M12,7.378 c-2.552,0-4.622,2.069-4.622,4.622S9.448,16.622,12,16.622s4.622-2.069,4.622-4.622S14.552,7.378,12,7.378z M12,15 c-1.657,0-3-1.343-3-3s1.343-3,3-3s3,1.343,3,3S13.657,15,12,15z M16.804,6.116c-0.596,0-1.08,0.484-1.08,1.08 s0.484,1.08,1.08,1.08c0.596,0,1.08-0.484,1.08-1.08S17.401,6.116,16.804,6.116z\"><\/path><\/svg><span class=\"wp-block-social-link-label\">Instagram<\/span><\/a><\/li>\n\n<li class=\"wp-social-link wp-social-link-youtube  wp-block-social-link\"><a rel=\"noopener nofollow\" target=\"_blank\" href=\"https:\/\/www.youtube.com\/channel\/UC7rgrKTSF5aOrBGWOw60ovw\" class=\"wp-block-social-link-anchor\"><svg width=\"24\" height=\"24\" viewBox=\"0 0 24 24\" version=\"1.1\" xmlns=\"http:\/\/www.w3.org\/2000\/svg\" aria-hidden=\"true\" focusable=\"false\"><path d=\"M21.8,8.001c0,0-0.195-1.378-0.795-1.985c-0.76-0.797-1.613-0.801-2.004-0.847c-2.799-0.202-6.997-0.202-6.997-0.202 h-0.009c0,0-4.198,0-6.997,0.202C4.608,5.216,3.756,5.22,2.995,6.016C2.395,6.623,2.2,8.001,2.2,8.001S2,9.62,2,11.238v1.517 c0,1.618,0.2,3.237,0.2,3.237s0.195,1.378,0.795,1.985c0.761,0.797,1.76,0.771,2.205,0.855c1.6,0.153,6.8,0.201,6.8,0.201 s4.203-0.006,7.001-0.209c0.391-0.047,1.243-0.051,2.004-0.847c0.6-0.607,0.795-1.985,0.795-1.985s0.2-1.618,0.2-3.237v-1.517 C22,9.62,21.8,8.001,21.8,8.001z M9.935,14.594l-0.001-5.62l5.404,2.82L9.935,14.594z\"><\/path><\/svg><span class=\"wp-block-social-link-label\">Youtube<\/span><\/a><\/li>\n\n<li class=\"wp-social-link wp-social-link-telegram  wp-block-social-link\"><a rel=\"noopener nofollow\" target=\"_blank\" href=\"https:\/\/t.me\/transmissaoEstrategiaOAB\" class=\"wp-block-social-link-anchor\"><svg width=\"24\" height=\"24\" viewBox=\"0 0 128 128\" version=\"1.1\" xmlns=\"http:\/\/www.w3.org\/2000\/svg\" aria-hidden=\"true\" focusable=\"false\"><path d=\"M28.9700376,63.3244248 C47.6273373,55.1957357 60.0684594,49.8368063 66.2934036,47.2476366 C84.0668845,39.855031 87.7600616,38.5708563 90.1672227,38.528 C90.6966555,38.5191258 91.8804274,38.6503351 92.6472251,39.2725385 C93.294694,39.7979149 93.4728387,40.5076237 93.5580865,41.0057381 C93.6433345,41.5038525 93.7494885,42.63857 93.6651041,43.5252052 C92.7019529,53.6451182 88.5344133,78.2034783 86.4142057,89.5379542 C85.5170662,94.3339958 83.750571,95.9420841 82.0403991,96.0994568 C78.3237996,96.4414641 75.5015827,93.6432685 71.9018743,91.2836143 C66.2690414,87.5912212 63.0868492,85.2926952 57.6192095,81.6896017 C51.3004058,77.5256038 55.3966232,75.2369981 58.9976911,71.4967761 C59.9401076,70.5179421 76.3155302,55.6232293 76.6324771,54.2720454 C76.6721165,54.1030573 76.7089039,53.4731496 76.3346867,53.1405352 C75.9604695,52.8079208 75.4081573,52.921662 75.0095933,53.0121213 C74.444641,53.1403447 65.4461175,59.0880351 48.0140228,70.8551922 C45.4598218,72.6091037 43.1463059,73.4636682 41.0734751,73.4188859 C38.7883453,73.3695169 34.3926725,72.1268388 31.1249416,71.0646282 C27.1169366,69.7617838 23.931454,69.0729605 24.208838,66.8603276 C24.3533167,65.7078514 25.9403832,64.5292172 28.9700376,63.3244248 Z\" \/><\/svg><span class=\"wp-block-social-link-label\">Telegram<\/span><\/a><\/li>\n\n<li class=\"wp-social-link wp-social-link-whatsapp  wp-block-social-link\"><a rel=\"noopener nofollow\" target=\"_blank\" href=\"https:\/\/chat.whatsapp.com\/GVIH7MrkoVAGyAxc6MuwWf\" class=\"wp-block-social-link-anchor\"><svg width=\"24\" height=\"24\" viewBox=\"0 0 24 24\" version=\"1.1\" xmlns=\"http:\/\/www.w3.org\/2000\/svg\" aria-hidden=\"true\" focusable=\"false\"><path d=\"M 12.011719 2 C 6.5057187 2 2.0234844 6.478375 2.0214844 11.984375 C 2.0204844 13.744375 2.4814687 15.462563 3.3554688 16.976562 L 2 22 L 7.2324219 20.763672 C 8.6914219 21.559672 10.333859 21.977516 12.005859 21.978516 L 12.009766 21.978516 C 17.514766 21.978516 21.995047 17.499141 21.998047 11.994141 C 22.000047 9.3251406 20.962172 6.8157344 19.076172 4.9277344 C 17.190172 3.0407344 14.683719 2.001 12.011719 2 z M 12.009766 4 C 14.145766 4.001 16.153109 4.8337969 17.662109 6.3417969 C 19.171109 7.8517969 20.000047 9.8581875 19.998047 11.992188 C 19.996047 16.396187 16.413812 19.978516 12.007812 19.978516 C 10.674812 19.977516 9.3544062 19.642812 8.1914062 19.007812 L 7.5175781 18.640625 L 6.7734375 18.816406 L 4.8046875 19.28125 L 5.2851562 17.496094 L 5.5019531 16.695312 L 5.0878906 15.976562 C 4.3898906 14.768562 4.0204844 13.387375 4.0214844 11.984375 C 4.0234844 7.582375 7.6067656 4 12.009766 4 z M 8.4765625 7.375 C 8.3095625 7.375 8.0395469 7.4375 7.8105469 7.6875 C 7.5815469 7.9365 6.9355469 8.5395781 6.9355469 9.7675781 C 6.9355469 10.995578 7.8300781 12.182609 7.9550781 12.349609 C 8.0790781 12.515609 9.68175 15.115234 12.21875 16.115234 C 14.32675 16.946234 14.754891 16.782234 15.212891 16.740234 C 15.670891 16.699234 16.690438 16.137687 16.898438 15.554688 C 17.106437 14.971687 17.106922 14.470187 17.044922 14.367188 C 16.982922 14.263188 16.816406 14.201172 16.566406 14.076172 C 16.317406 13.951172 15.090328 13.348625 14.861328 13.265625 C 14.632328 13.182625 14.464828 13.140625 14.298828 13.390625 C 14.132828 13.640625 13.655766 14.201187 13.509766 14.367188 C 13.363766 14.534188 13.21875 14.556641 12.96875 14.431641 C 12.71875 14.305641 11.914938 14.041406 10.960938 13.191406 C 10.218937 12.530406 9.7182656 11.714844 9.5722656 11.464844 C 9.4272656 11.215844 9.5585938 11.079078 9.6835938 10.955078 C 9.7955938 10.843078 9.9316406 10.663578 10.056641 10.517578 C 10.180641 10.371578 10.223641 10.267562 10.306641 10.101562 C 10.389641 9.9355625 10.347156 9.7890625 10.285156 9.6640625 C 10.223156 9.5390625 9.737625 8.3065 9.515625 7.8125 C 9.328625 7.3975 9.131125 7.3878594 8.953125 7.3808594 C 8.808125 7.3748594 8.6425625 7.375 8.4765625 7.375 z\"><\/path><\/svg><span class=\"wp-block-social-link-label\">WhatsApp<\/span><\/a><\/li><\/ul>\n\n\n\n<h2 class=\"wp-block-heading has-text-align-center\" id=\"h-quer-se-preparar-para-o-exame-de-ordem\"><span id=\"quer-se-preparar-para-o-exame-de-ordem\"><strong>Quer se preparar para o Exame de Ordem?<\/strong><\/span><\/h2>\n\n\n\n<div class=\"wp-block-group\"><div class=\"wp-block-group__inner-container is-layout-constrained wp-block-group-is-layout-constrained\">\n<div class=\"wp-block-cover\" style=\"min-height:84px;aspect-ratio:unset;\"><img decoding=\"async\" width=\"1160\" height=\"215\" class=\"wp-block-cover__image-background wp-image-15434\" alt=\"\" src=\"https:\/\/oab.estrategia.com\/portal\/wp-content\/uploads\/2025\/01\/31012626\/Banner-curso-de-ingles-no-seu-ritmo-vermelho-e-azul-moderno-1160-x-215-px.png\" style=\"object-position:100% 28%\" data-object-fit=\"cover\" data-object-position=\"100% 28%\" srcset=\"https:\/\/oab.estrategia.com\/portal\/wp-content\/uploads\/2025\/01\/31012626\/Banner-curso-de-ingles-no-seu-ritmo-vermelho-e-azul-moderno-1160-x-215-px.png 1160w, https:\/\/oab.estrategia.com\/portal\/wp-content\/uploads\/2025\/01\/31012626\/Banner-curso-de-ingles-no-seu-ritmo-vermelho-e-azul-moderno-1160-x-215-px-300x56.png 300w, https:\/\/oab.estrategia.com\/portal\/wp-content\/uploads\/2025\/01\/31012626\/Banner-curso-de-ingles-no-seu-ritmo-vermelho-e-azul-moderno-1160-x-215-px-1024x190.png 1024w, https:\/\/oab.estrategia.com\/portal\/wp-content\/uploads\/2025\/01\/31012626\/Banner-curso-de-ingles-no-seu-ritmo-vermelho-e-azul-moderno-1160-x-215-px-768x142.png 768w, https:\/\/oab.estrategia.com\/portal\/wp-content\/uploads\/2025\/01\/31012626\/Banner-curso-de-ingles-no-seu-ritmo-vermelho-e-azul-moderno-1160-x-215-px-380x70.png 380w, https:\/\/oab.estrategia.com\/portal\/wp-content\/uploads\/2025\/01\/31012626\/Banner-curso-de-ingles-no-seu-ritmo-vermelho-e-azul-moderno-1160-x-215-px-800x148.png 800w, https:\/\/oab.estrategia.com\/portal\/wp-content\/uploads\/2025\/01\/31012626\/Banner-curso-de-ingles-no-seu-ritmo-vermelho-e-azul-moderno-1160-x-215-px-150x28.png 150w\" sizes=\"(max-width: 1160px) 100vw, 1160px\" \/><span aria-hidden=\"true\" class=\"wp-block-cover__background has-background-dim\"><\/span><div class=\"wp-block-cover__inner-container is-layout-flow wp-block-cover-is-layout-flow\">\n<h3 id=\"cursos-para-a-2a-fase-da-oab\" class=\"titulo-assinatura\">Cursos para a 2\u00aa Fase da OAB<\/h3>\n<p class=\"subtitulo-assinatura\" style=\"display:block!important; line-height: 0;\">Conhe\u00e7a os cursos!<\/p>\n<a target=\"_blank\" href=\"https:\/\/oab.estrategia.com\/concursos\/cursos\/segunda-fase-oab\" rel=\"noopener\"><button style=\"border-radius: 10px; text-transform: capitalize;\">Acessar<\/button><\/a>\n<\/div><\/div>\n<\/div><\/div>\n\n\n\n<p class=\"has-text-align-center\"><\/p>\n\n\n\n<p class=\"has-text-align-center\"><\/p>\n","protected":false},"excerpt":{"rendered":"Foi publicado o resultado final do XXXIII Exame de Ordem Unificado, confira agora mesmo: Resultado final Resultado definitivo&hellip;\n","protected":false},"author":12,"featured_media":627,"comment_status":"open","ping_status":"open","sticky":false,"template":"","format":"standard","meta":{"_jetpack_memberships_contains_paid_content":false,"footnotes":""},"categories":[46,33],"tags":[],"class_list":{"0":"post-621","1":"post","2":"type-post","3":"status-publish","4":"format-standard","5":"has-post-thumbnail","7":"category-editais","8":"category-resultados"},"acf":[],"yoast_head":"<!-- This site is optimized with the Yoast SEO Premium plugin v26.2 (Yoast SEO v27.4) - https:\/\/yoast.com\/product\/yoast-seo-premium-wordpress\/ -->\n<title>Edital OAB XXXIII Exame de Ordem: resultado final dispon\u00edvel!<\/title>\n<meta name=\"description\" content=\"Foi publicado o resultado definitivo da 2\u00aa fase do Edital OAB - XXXIII Exame de Ordem. Confira e descubra se voc\u00ea j\u00e1 foi aprovado!\" \/>\n<meta name=\"robots\" content=\"index, follow, max-snippet:-1, max-image-preview:large, max-video-preview:-1\" \/>\n<link rel=\"canonical\" href=\"https:\/\/oab.estrategia.com\/portal\/edital-oab-xxxiii-exame\/\" \/>\n<meta property=\"og:locale\" content=\"pt_BR\" \/>\n<meta property=\"og:type\" content=\"article\" \/>\n<meta property=\"og:title\" content=\"Edital OAB XXXIII Exame de Ordem: resultado final dispon\u00edvel!\" \/>\n<meta property=\"og:description\" content=\"Foi publicado o resultado definitivo da 2\u00aa fase do Edital OAB - XXXIII Exame de Ordem. Confira e descubra se voc\u00ea j\u00e1 foi aprovado!\" \/>\n<meta property=\"og:url\" content=\"https:\/\/oab.estrategia.com\/portal\/edital-oab-xxxiii-exame\/\" \/>\n<meta property=\"og:site_name\" content=\"Blog - OAB - Estrat\u00e9gia\" \/>\n<meta property=\"article:publisher\" content=\"https:\/\/www.facebook.com\/estrategiaoab\/\" \/>\n<meta property=\"article:published_time\" content=\"2025-10-01T03:52:31+00:00\" \/>\n<meta property=\"article:modified_time\" content=\"2025-10-31T04:02:55+00:00\" \/>\n<meta property=\"og:image\" content=\"https:\/\/oab.estrategia.com\/portal\/portal\/wp-content\/uploads\/2022\/05\/17105628\/edital-oab-xxxiii-exame-de-ordem.jpeg\" \/>\n\t<meta property=\"og:image:width\" content=\"400\" \/>\n\t<meta property=\"og:image:height\" content=\"209\" \/>\n\t<meta property=\"og:image:type\" content=\"image\/jpeg\" \/>\n<meta name=\"author\" content=\"Coordena\u00e7\u00e3o\" \/>\n<meta name=\"twitter:card\" content=\"summary_large_image\" \/>\n<meta name=\"twitter:creator\" content=\"@estrategiaoab\" \/>\n<meta name=\"twitter:site\" content=\"@estrategiaoab\" \/>\n<meta name=\"twitter:label1\" content=\"Escrito por\" \/>\n\t<meta name=\"twitter:data1\" content=\"Coordena\u00e7\u00e3o\" \/>\n\t<meta name=\"twitter:label2\" content=\"Est. tempo de leitura\" \/>\n\t<meta name=\"twitter:data2\" content=\"12 minutos\" \/>\n<script type=\"application\/ld+json\" class=\"yoast-schema-graph\">{\"@context\":\"https:\\\/\\\/schema.org\",\"@graph\":[{\"@type\":\"Article\",\"@id\":\"https:\\\/\\\/oab.estrategia.com\\\/portal\\\/edital-oab-xxxiii-exame\\\/#article\",\"isPartOf\":{\"@id\":\"https:\\\/\\\/oab.estrategia.com\\\/portal\\\/edital-oab-xxxiii-exame\\\/\"},\"author\":{\"name\":\"Coordena\u00e7\u00e3o\",\"@id\":\"https:\\\/\\\/oab.estrategia.com\\\/portal\\\/#\\\/schema\\\/person\\\/9e4f367923f195c7466d88c8e8a86d23\"},\"headline\":\"Edital OAB XXXIII Exame de Ordem: resultado final dispon\u00edvel!\",\"datePublished\":\"2025-10-01T03:52:31+00:00\",\"dateModified\":\"2025-10-31T04:02:55+00:00\",\"mainEntityOfPage\":{\"@id\":\"https:\\\/\\\/oab.estrategia.com\\\/portal\\\/edital-oab-xxxiii-exame\\\/\"},\"wordCount\":1150,\"commentCount\":0,\"publisher\":{\"@id\":\"https:\\\/\\\/oab.estrategia.com\\\/portal\\\/#organization\"},\"image\":{\"@id\":\"https:\\\/\\\/oab.estrategia.com\\\/portal\\\/edital-oab-xxxiii-exame\\\/#primaryimage\"},\"thumbnailUrl\":\"https:\\\/\\\/oab.estrategia.com\\\/portal\\\/wp-content\\\/uploads\\\/2022\\\/05\\\/17105628\\\/edital-oab-xxxiii-exame-de-ordem.jpeg\",\"articleSection\":[\"Editais da OAB\",\"Resultados OAB\"],\"inLanguage\":\"pt-BR\",\"potentialAction\":[{\"@type\":\"CommentAction\",\"name\":\"Comment\",\"target\":[\"https:\\\/\\\/oab.estrategia.com\\\/portal\\\/edital-oab-xxxiii-exame\\\/#respond\"]}]},{\"@type\":\"WebPage\",\"@id\":\"https:\\\/\\\/oab.estrategia.com\\\/portal\\\/edital-oab-xxxiii-exame\\\/\",\"url\":\"https:\\\/\\\/oab.estrategia.com\\\/portal\\\/edital-oab-xxxiii-exame\\\/\",\"name\":\"Edital OAB XXXIII Exame de Ordem: resultado final dispon\u00edvel!\",\"isPartOf\":{\"@id\":\"https:\\\/\\\/oab.estrategia.com\\\/portal\\\/#website\"},\"primaryImageOfPage\":{\"@id\":\"https:\\\/\\\/oab.estrategia.com\\\/portal\\\/edital-oab-xxxiii-exame\\\/#primaryimage\"},\"image\":{\"@id\":\"https:\\\/\\\/oab.estrategia.com\\\/portal\\\/edital-oab-xxxiii-exame\\\/#primaryimage\"},\"thumbnailUrl\":\"https:\\\/\\\/oab.estrategia.com\\\/portal\\\/wp-content\\\/uploads\\\/2022\\\/05\\\/17105628\\\/edital-oab-xxxiii-exame-de-ordem.jpeg\",\"datePublished\":\"2025-10-01T03:52:31+00:00\",\"dateModified\":\"2025-10-31T04:02:55+00:00\",\"description\":\"Foi publicado o resultado definitivo da 2\u00aa fase do Edital OAB - XXXIII Exame de Ordem. Confira e descubra se voc\u00ea j\u00e1 foi aprovado!\",\"breadcrumb\":{\"@id\":\"https:\\\/\\\/oab.estrategia.com\\\/portal\\\/edital-oab-xxxiii-exame\\\/#breadcrumb\"},\"inLanguage\":\"pt-BR\",\"potentialAction\":[{\"@type\":\"ReadAction\",\"target\":[\"https:\\\/\\\/oab.estrategia.com\\\/portal\\\/edital-oab-xxxiii-exame\\\/\"]}]},{\"@type\":\"ImageObject\",\"inLanguage\":\"pt-BR\",\"@id\":\"https:\\\/\\\/oab.estrategia.com\\\/portal\\\/edital-oab-xxxiii-exame\\\/#primaryimage\",\"url\":\"https:\\\/\\\/oab.estrategia.com\\\/portal\\\/wp-content\\\/uploads\\\/2022\\\/05\\\/17105628\\\/edital-oab-xxxiii-exame-de-ordem.jpeg\",\"contentUrl\":\"https:\\\/\\\/oab.estrategia.com\\\/portal\\\/wp-content\\\/uploads\\\/2022\\\/05\\\/17105628\\\/edital-oab-xxxiii-exame-de-ordem.jpeg\",\"width\":400,\"height\":209,\"caption\":\"Exame de Ordem XXXV\"},{\"@type\":\"BreadcrumbList\",\"@id\":\"https:\\\/\\\/oab.estrategia.com\\\/portal\\\/edital-oab-xxxiii-exame\\\/#breadcrumb\",\"itemListElement\":[{\"@type\":\"ListItem\",\"position\":1,\"name\":\"In\u00edcio\",\"item\":\"https:\\\/\\\/oab.estrategia.com\\\/portal\\\/\"},{\"@type\":\"ListItem\",\"position\":2,\"name\":\"Edital OAB XXXIII Exame de Ordem: resultado final dispon\u00edvel!\"}]},{\"@type\":\"WebSite\",\"@id\":\"https:\\\/\\\/oab.estrategia.com\\\/portal\\\/#website\",\"url\":\"https:\\\/\\\/oab.estrategia.com\\\/portal\\\/\",\"name\":\"Blog - OAB - Estrat\u00e9gia\",\"description\":\"Blog OAB - Estrat\u00e9gia Concursos\",\"publisher\":{\"@id\":\"https:\\\/\\\/oab.estrategia.com\\\/portal\\\/#organization\"},\"potentialAction\":[{\"@type\":\"SearchAction\",\"target\":{\"@type\":\"EntryPoint\",\"urlTemplate\":\"https:\\\/\\\/oab.estrategia.com\\\/portal\\\/?s={search_term_string}\"},\"query-input\":{\"@type\":\"PropertyValueSpecification\",\"valueRequired\":true,\"valueName\":\"search_term_string\"}}],\"inLanguage\":\"pt-BR\"},{\"@type\":\"Organization\",\"@id\":\"https:\\\/\\\/oab.estrategia.com\\\/portal\\\/#organization\",\"name\":\"Estrat\u00e9gia Concursos\",\"url\":\"https:\\\/\\\/oab.estrategia.com\\\/portal\\\/\",\"logo\":{\"@type\":\"ImageObject\",\"inLanguage\":\"pt-BR\",\"@id\":\"https:\\\/\\\/oab.estrategia.com\\\/portal\\\/#\\\/schema\\\/logo\\\/image\\\/\",\"url\":\"https:\\\/\\\/oab.estrategia.com\\\/portal\\\/wp-content\\\/uploads\\\/2022\\\/04\\\/06103601\\\/oab-icone-2.png\",\"contentUrl\":\"https:\\\/\\\/oab.estrategia.com\\\/portal\\\/wp-content\\\/uploads\\\/2022\\\/04\\\/06103601\\\/oab-icone-2.png\",\"width\":900,\"height\":900,\"caption\":\"Estrat\u00e9gia Concursos\"},\"image\":{\"@id\":\"https:\\\/\\\/oab.estrategia.com\\\/portal\\\/#\\\/schema\\\/logo\\\/image\\\/\"},\"sameAs\":[\"https:\\\/\\\/www.facebook.com\\\/estrategiaoab\\\/\",\"https:\\\/\\\/x.com\\\/estrategiaoab\",\"https:\\\/\\\/www.instagram.com\\\/estrategiaoab\\\/\",\"https:\\\/\\\/www.youtube.com\\\/EstrategiaOAB\"]},{\"@type\":\"Person\",\"@id\":\"https:\\\/\\\/oab.estrategia.com\\\/portal\\\/#\\\/schema\\\/person\\\/9e4f367923f195c7466d88c8e8a86d23\",\"name\":\"Coordena\u00e7\u00e3o\",\"image\":{\"@type\":\"ImageObject\",\"inLanguage\":\"pt-BR\",\"@id\":\"https:\\\/\\\/oab.estrategia.com\\\/portal\\\/wp-content\\\/uploads\\\/2022\\\/03\\\/12164805\\\/estrategia-oab-coordenacao-96x96.png\",\"url\":\"https:\\\/\\\/oab.estrategia.com\\\/portal\\\/wp-content\\\/uploads\\\/2022\\\/03\\\/12164805\\\/estrategia-oab-coordenacao-96x96.png\",\"contentUrl\":\"https:\\\/\\\/oab.estrategia.com\\\/portal\\\/wp-content\\\/uploads\\\/2022\\\/03\\\/12164805\\\/estrategia-oab-coordenacao-96x96.png\",\"caption\":\"Coordena\u00e7\u00e3o\"},\"description\":\".\",\"url\":\"https:\\\/\\\/oab.estrategia.com\\\/portal\\\/author\\\/coordenacao\\\/\"}]}<\/script>\n<!-- \/ Yoast SEO Premium plugin. -->","yoast_head_json":{"title":"Edital OAB XXXIII Exame de Ordem: resultado final dispon\u00edvel!","description":"Foi publicado o resultado definitivo da 2\u00aa fase do Edital OAB - XXXIII Exame de Ordem. Confira e descubra se voc\u00ea j\u00e1 foi aprovado!","robots":{"index":"index","follow":"follow","max-snippet":"max-snippet:-1","max-image-preview":"max-image-preview:large","max-video-preview":"max-video-preview:-1"},"canonical":"https:\/\/oab.estrategia.com\/portal\/edital-oab-xxxiii-exame\/","og_locale":"pt_BR","og_type":"article","og_title":"Edital OAB XXXIII Exame de Ordem: resultado final dispon\u00edvel!","og_description":"Foi publicado o resultado definitivo da 2\u00aa fase do Edital OAB - XXXIII Exame de Ordem. Confira e descubra se voc\u00ea j\u00e1 foi aprovado!","og_url":"https:\/\/oab.estrategia.com\/portal\/edital-oab-xxxiii-exame\/","og_site_name":"Blog - OAB - Estrat\u00e9gia","article_publisher":"https:\/\/www.facebook.com\/estrategiaoab\/","article_published_time":"2025-10-01T03:52:31+00:00","article_modified_time":"2025-10-31T04:02:55+00:00","og_image":[{"width":400,"height":209,"url":"https:\/\/oab.estrategia.com\/portal\/portal\/wp-content\/uploads\/2022\/05\/17105628\/edital-oab-xxxiii-exame-de-ordem.jpeg","type":"image\/jpeg"}],"author":"Coordena\u00e7\u00e3o","twitter_card":"summary_large_image","twitter_creator":"@estrategiaoab","twitter_site":"@estrategiaoab","twitter_misc":{"Escrito por":"Coordena\u00e7\u00e3o","Est. tempo de leitura":"12 minutos"},"schema":{"@context":"https:\/\/schema.org","@graph":[{"@type":"Article","@id":"https:\/\/oab.estrategia.com\/portal\/edital-oab-xxxiii-exame\/#article","isPartOf":{"@id":"https:\/\/oab.estrategia.com\/portal\/edital-oab-xxxiii-exame\/"},"author":{"name":"Coordena\u00e7\u00e3o","@id":"https:\/\/oab.estrategia.com\/portal\/#\/schema\/person\/9e4f367923f195c7466d88c8e8a86d23"},"headline":"Edital OAB XXXIII Exame de Ordem: resultado final dispon\u00edvel!","datePublished":"2025-10-01T03:52:31+00:00","dateModified":"2025-10-31T04:02:55+00:00","mainEntityOfPage":{"@id":"https:\/\/oab.estrategia.com\/portal\/edital-oab-xxxiii-exame\/"},"wordCount":1150,"commentCount":0,"publisher":{"@id":"https:\/\/oab.estrategia.com\/portal\/#organization"},"image":{"@id":"https:\/\/oab.estrategia.com\/portal\/edital-oab-xxxiii-exame\/#primaryimage"},"thumbnailUrl":"https:\/\/oab.estrategia.com\/portal\/wp-content\/uploads\/2022\/05\/17105628\/edital-oab-xxxiii-exame-de-ordem.jpeg","articleSection":["Editais da OAB","Resultados OAB"],"inLanguage":"pt-BR","potentialAction":[{"@type":"CommentAction","name":"Comment","target":["https:\/\/oab.estrategia.com\/portal\/edital-oab-xxxiii-exame\/#respond"]}]},{"@type":"WebPage","@id":"https:\/\/oab.estrategia.com\/portal\/edital-oab-xxxiii-exame\/","url":"https:\/\/oab.estrategia.com\/portal\/edital-oab-xxxiii-exame\/","name":"Edital OAB XXXIII Exame de Ordem: resultado final dispon\u00edvel!","isPartOf":{"@id":"https:\/\/oab.estrategia.com\/portal\/#website"},"primaryImageOfPage":{"@id":"https:\/\/oab.estrategia.com\/portal\/edital-oab-xxxiii-exame\/#primaryimage"},"image":{"@id":"https:\/\/oab.estrategia.com\/portal\/edital-oab-xxxiii-exame\/#primaryimage"},"thumbnailUrl":"https:\/\/oab.estrategia.com\/portal\/wp-content\/uploads\/2022\/05\/17105628\/edital-oab-xxxiii-exame-de-ordem.jpeg","datePublished":"2025-10-01T03:52:31+00:00","dateModified":"2025-10-31T04:02:55+00:00","description":"Foi publicado o resultado definitivo da 2\u00aa fase do Edital OAB - XXXIII Exame de Ordem. Confira e descubra se voc\u00ea j\u00e1 foi aprovado!","breadcrumb":{"@id":"https:\/\/oab.estrategia.com\/portal\/edital-oab-xxxiii-exame\/#breadcrumb"},"inLanguage":"pt-BR","potentialAction":[{"@type":"ReadAction","target":["https:\/\/oab.estrategia.com\/portal\/edital-oab-xxxiii-exame\/"]}]},{"@type":"ImageObject","inLanguage":"pt-BR","@id":"https:\/\/oab.estrategia.com\/portal\/edital-oab-xxxiii-exame\/#primaryimage","url":"https:\/\/oab.estrategia.com\/portal\/wp-content\/uploads\/2022\/05\/17105628\/edital-oab-xxxiii-exame-de-ordem.jpeg","contentUrl":"https:\/\/oab.estrategia.com\/portal\/wp-content\/uploads\/2022\/05\/17105628\/edital-oab-xxxiii-exame-de-ordem.jpeg","width":400,"height":209,"caption":"Exame de Ordem XXXV"},{"@type":"BreadcrumbList","@id":"https:\/\/oab.estrategia.com\/portal\/edital-oab-xxxiii-exame\/#breadcrumb","itemListElement":[{"@type":"ListItem","position":1,"name":"In\u00edcio","item":"https:\/\/oab.estrategia.com\/portal\/"},{"@type":"ListItem","position":2,"name":"Edital OAB XXXIII Exame de Ordem: resultado final dispon\u00edvel!"}]},{"@type":"WebSite","@id":"https:\/\/oab.estrategia.com\/portal\/#website","url":"https:\/\/oab.estrategia.com\/portal\/","name":"Blog - OAB - Estrat\u00e9gia","description":"Blog OAB - Estrat\u00e9gia Concursos","publisher":{"@id":"https:\/\/oab.estrategia.com\/portal\/#organization"},"potentialAction":[{"@type":"SearchAction","target":{"@type":"EntryPoint","urlTemplate":"https:\/\/oab.estrategia.com\/portal\/?s={search_term_string}"},"query-input":{"@type":"PropertyValueSpecification","valueRequired":true,"valueName":"search_term_string"}}],"inLanguage":"pt-BR"},{"@type":"Organization","@id":"https:\/\/oab.estrategia.com\/portal\/#organization","name":"Estrat\u00e9gia Concursos","url":"https:\/\/oab.estrategia.com\/portal\/","logo":{"@type":"ImageObject","inLanguage":"pt-BR","@id":"https:\/\/oab.estrategia.com\/portal\/#\/schema\/logo\/image\/","url":"https:\/\/oab.estrategia.com\/portal\/wp-content\/uploads\/2022\/04\/06103601\/oab-icone-2.png","contentUrl":"https:\/\/oab.estrategia.com\/portal\/wp-content\/uploads\/2022\/04\/06103601\/oab-icone-2.png","width":900,"height":900,"caption":"Estrat\u00e9gia Concursos"},"image":{"@id":"https:\/\/oab.estrategia.com\/portal\/#\/schema\/logo\/image\/"},"sameAs":["https:\/\/www.facebook.com\/estrategiaoab\/","https:\/\/x.com\/estrategiaoab","https:\/\/www.instagram.com\/estrategiaoab\/","https:\/\/www.youtube.com\/EstrategiaOAB"]},{"@type":"Person","@id":"https:\/\/oab.estrategia.com\/portal\/#\/schema\/person\/9e4f367923f195c7466d88c8e8a86d23","name":"Coordena\u00e7\u00e3o","image":{"@type":"ImageObject","inLanguage":"pt-BR","@id":"https:\/\/oab.estrategia.com\/portal\/wp-content\/uploads\/2022\/03\/12164805\/estrategia-oab-coordenacao-96x96.png","url":"https:\/\/oab.estrategia.com\/portal\/wp-content\/uploads\/2022\/03\/12164805\/estrategia-oab-coordenacao-96x96.png","contentUrl":"https:\/\/oab.estrategia.com\/portal\/wp-content\/uploads\/2022\/03\/12164805\/estrategia-oab-coordenacao-96x96.png","caption":"Coordena\u00e7\u00e3o"},"description":".","url":"https:\/\/oab.estrategia.com\/portal\/author\/coordenacao\/"}]}},"jetpack_featured_media_url":"https:\/\/oab.estrategia.com\/portal\/wp-content\/uploads\/2022\/05\/17105628\/edital-oab-xxxiii-exame-de-ordem.jpeg","jetpack_sharing_enabled":true,"_links":{"self":[{"href":"https:\/\/oab.estrategia.com\/portal\/wp-json\/wp\/v2\/posts\/621","targetHints":{"allow":["GET"]}}],"collection":[{"href":"https:\/\/oab.estrategia.com\/portal\/wp-json\/wp\/v2\/posts"}],"about":[{"href":"https:\/\/oab.estrategia.com\/portal\/wp-json\/wp\/v2\/types\/post"}],"author":[{"embeddable":true,"href":"https:\/\/oab.estrategia.com\/portal\/wp-json\/wp\/v2\/users\/12"}],"replies":[{"embeddable":true,"href":"https:\/\/oab.estrategia.com\/portal\/wp-json\/wp\/v2\/comments?post=621"}],"version-history":[{"count":19,"href":"https:\/\/oab.estrategia.com\/portal\/wp-json\/wp\/v2\/posts\/621\/revisions"}],"predecessor-version":[{"id":25742,"href":"https:\/\/oab.estrategia.com\/portal\/wp-json\/wp\/v2\/posts\/621\/revisions\/25742"}],"wp:featuredmedia":[{"embeddable":true,"href":"https:\/\/oab.estrategia.com\/portal\/wp-json\/wp\/v2\/media\/627"}],"wp:attachment":[{"href":"https:\/\/oab.estrategia.com\/portal\/wp-json\/wp\/v2\/media?parent=621"}],"wp:term":[{"taxonomy":"category","embeddable":true,"href":"https:\/\/oab.estrategia.com\/portal\/wp-json\/wp\/v2\/categories?post=621"},{"taxonomy":"post_tag","embeddable":true,"href":"https:\/\/oab.estrategia.com\/portal\/wp-json\/wp\/v2\/tags?post=621"}],"curies":[{"name":"wp","href":"https:\/\/api.w.org\/{rel}","templated":true}]}}