{"id":652,"date":"2025-11-25T15:50:48","date_gmt":"2025-11-25T18:50:48","guid":{"rendered":"https:\/\/oab.estrategia.com\/portal\/?p=652"},"modified":"2025-11-25T15:51:45","modified_gmt":"2025-11-25T18:51:45","slug":"direito-do-trabalho-oab-2a-fase","status":"publish","type":"post","link":"https:\/\/oab.estrategia.com\/portal\/direito-do-trabalho-oab-2a-fase\/","title":{"rendered":"Como estudar Direito do Trabalho para a 2\u00aa fase da OAB"},"content":{"rendered":"\n<p>O objetivo deste artigo \u00e9 apresentar, de forma pr\u00e1tica e direta,<strong> como estudar Direito e Processo do Trabalho para a 2\u00aa fase da OAB, <\/strong>al\u00e9m de orientar sobre os principais pontos cobrados pela FGV.<\/p>\n\n\n\n<p>Apesar de ser dissertativa, a prova segue um padr\u00e3o previs\u00edvel nos \u00faltimos exames&#8230; o que permite ao candidato direcionar melhor seu estudo e aumentar as chances de aprova\u00e7\u00e3o.<\/p>\n\n\n<a id=\"cta-icon\" href=\"https:\/\/sndflw.com\/i\/2-fase-da-oab-grupo\" target=\"blank\" style=\"background:rgb(174,10,11)\">\n            <img decoding=\"async\" src=\"https:\/\/oab.estrategia.com\/portal\/wp-content\/uploads\/2023\/12\/07160715\/whatsapp_1385.webp\" alt=\"\" alt=\"whatsapp_1385\"><span > Acesse agora o grupo de estudos para a 2\u00aa fase da OAB! <\/span><\/a>\n\n\n\n<div class=\"wp-block-yoast-seo-table-of-contents yoast-table-of-contents\"><h2 id=\"o-que-voce-vai-aprender-com-este-artigo\">O que voc\u00ea vai aprender com este artigo?<\/h2><ul><li><a href=\"#h-a-estrutura-da-2\u00aa-fase\" data-level=\"2\">A estrutura da 2\u00aa Fase<\/a><\/li><li><a href=\"#h-reforma-trabalhista-o-que-mais-cai\" data-level=\"2\">Reforma Trabalhista: o que mais cai<\/a><ul><li><a href=\"#h-processo-do-trabalho\" data-level=\"3\">Processo do Trabalho<\/a><\/li><li><a href=\"#h-direito-material\" data-level=\"3\">Direito Material<\/a><\/li><\/ul><\/li><li><a href=\"#h-peca-pratico-profissional-o-que-mais-cai\" data-level=\"2\">Pe\u00e7a Pr\u00e1tico-Profissional: o que mais cai<\/a><ul><li><a href=\"#h-frequencia-historica-das-pecas\" data-level=\"3\">Frequ\u00eancia hist\u00f3rica das pe\u00e7as<\/a><\/li><\/ul><\/li><li><a href=\"#h-questoes-discursivas-como-garantir-a-pontuacao\" data-level=\"2\">Quest\u00f5es Discursivas: como garantir a pontua\u00e7\u00e3o<\/a><ul><li><a href=\"#h-temas-mais-recorrentes-nas-questoes\" data-level=\"3\">Temas mais recorrentes nas quest\u00f5es<\/a><\/li><li><a href=\"#h-ultimas-noticias-oab-editais-prazos-e-muito-mais\" data-level=\"3\">\u00daltimas not\u00edcias OAB: editais, prazos e muito mais<\/a><\/li><\/ul><\/li><li><a href=\"#h-prepare-se-com-estrategia-oab\" data-level=\"2\">Prepare-se com Estrat\u00e9gia OAB:<\/a><\/li><\/ul><\/div>\n\n\n\n<div class=\"wp-block-cover\" style=\"min-height:145px;aspect-ratio:unset;\"><span aria-hidden=\"true\" class=\"wp-block-cover__background has-background-dim\"><\/span><img decoding=\"async\" width=\"1024\" height=\"190\" class=\"wp-block-cover__image-background wp-image-2272\" alt=\"\" src=\"https:\/\/oab.estrategia.com\/portal\/wp-content\/uploads\/2022\/08\/19111944\/assinatura-oab-banner-exame-de-ordem-oab-assinatura-curso-oab-1024x190.jpg\" style=\"object-position:58% 29%\" data-object-fit=\"cover\" data-object-position=\"58% 29%\" srcset=\"https:\/\/oab.estrategia.com\/portal\/wp-content\/uploads\/2022\/08\/19111944\/assinatura-oab-banner-exame-de-ordem-oab-assinatura-curso-oab-1024x190.jpg 1024w, https:\/\/oab.estrategia.com\/portal\/wp-content\/uploads\/2022\/08\/19111944\/assinatura-oab-banner-exame-de-ordem-oab-assinatura-curso-oab-300x56.jpg 300w, https:\/\/oab.estrategia.com\/portal\/wp-content\/uploads\/2022\/08\/19111944\/assinatura-oab-banner-exame-de-ordem-oab-assinatura-curso-oab-768x143.jpg 768w, https:\/\/oab.estrategia.com\/portal\/wp-content\/uploads\/2022\/08\/19111944\/assinatura-oab-banner-exame-de-ordem-oab-assinatura-curso-oab-1536x285.jpg 1536w, https:\/\/oab.estrategia.com\/portal\/wp-content\/uploads\/2022\/08\/19111944\/assinatura-oab-banner-exame-de-ordem-oab-assinatura-curso-oab-380x71.jpg 380w, https:\/\/oab.estrategia.com\/portal\/wp-content\/uploads\/2022\/08\/19111944\/assinatura-oab-banner-exame-de-ordem-oab-assinatura-curso-oab-800x149.jpg 800w, https:\/\/oab.estrategia.com\/portal\/wp-content\/uploads\/2022\/08\/19111944\/assinatura-oab-banner-exame-de-ordem-oab-assinatura-curso-oab-1160x215.jpg 1160w, https:\/\/oab.estrategia.com\/portal\/wp-content\/uploads\/2022\/08\/19111944\/assinatura-oab-banner-exame-de-ordem-oab-assinatura-curso-oab-150x28.jpg 150w, https:\/\/oab.estrategia.com\/portal\/wp-content\/uploads\/2022\/08\/19111944\/assinatura-oab-banner-exame-de-ordem-oab-assinatura-curso-oab.jpg 1890w\" sizes=\"(max-width: 1024px) 100vw, 1024px\" \/><div class=\"wp-block-cover__inner-container is-layout-flow wp-block-cover-is-layout-flow\">\n<h3 id=\"assinatura-oab\" class=\"titulo-assinatura\">Assinatura OAB<\/h3>\n<p class=\"subtitulo-assinatura\" style=\"display:block!important; line-height: 0;\">Conte\u00fado completo para a 1\u00aa e 2\u00aa fase da OAB.<\/p>\n<a target=\"_blank\" href=\"https:\/\/oab.estrategia.com\/curso\/assinatura-oab\/\" rel=\"noopener\"><button style=\"border-radius: 10px; text-transform: capitalize;\">Acessar<\/button><\/a>\n<\/div><\/div>\n\n\n\n<p><em>Conte\u00fado completo e atualizado at\u00e9 voc\u00ea obter a aprova\u00e7\u00e3o na OAB. Conhe\u00e7a o LDI &#8211; \ud83d\udcbbLivro Digital Interativo: exclusividade da Assinatura OAB!<\/em><\/p>\n\n\n\n<h2 class=\"wp-block-heading\" id=\"h-a-estrutura-da-2\u00aa-fase\"><span id=\"a-estrutura-da-2a-fase\">A estrutura da 2\u00aa Fase<\/span><\/h2>\n\n\n\n<p>A 2\u00aa fase da OAB \u00e9 composta por:<\/p>\n\n\n\n<ul class=\"wp-block-list\">\n<li><strong>Pe\u00e7a pr\u00e1tico-profissional<\/strong> (5 pontos)<\/li>\n\n\n\n<li><strong>4 quest\u00f5es discursivas<\/strong>, cada uma com itens \u201ca\u201d e \u201cb\u201d (total de 5 pontos)<\/li>\n<\/ul>\n\n\n\n<p>A nota m\u00ednima para aprova\u00e7\u00e3o \u00e9 <strong>6 pontos<\/strong>.<\/p>\n\n\n\n<p>A FGV mant\u00e9m uma linha de avalia\u00e7\u00e3o tradicional, com forte repeti\u00e7\u00e3o de temas e estrutura. Por isso, dominar o formato, treinar a resolu\u00e7\u00e3o das pe\u00e7as b\u00e1sicas e compreender o padr\u00e3o de corre\u00e7\u00e3o \u00e9 crucial.<\/p>\n\n\n\n<h2 class=\"wp-block-heading\" id=\"h-reforma-trabalhista-o-que-mais-cai\"><span id=\"reforma-trabalhista-o-que-mais-cai\">Reforma Trabalhista: o que mais cai<\/span><\/h2>\n\n\n\n<p>A Reforma Trabalhista (Lei 13.467\/17) \u00e9 presen\u00e7a obrigat\u00f3ria nos exames recentes. Entre os temas mais cobrados, destacam-se:<\/p>\n\n\n\n<h3 class=\"wp-block-heading\" id=\"h-processo-do-trabalho\"><span id=\"processo-do-trabalho\">Processo do Trabalho<\/span><\/h3>\n\n\n\n<ul class=\"wp-block-list\">\n<li>Grupo econ\u00f4mico (art. 2\u00ba, \u00a7\u00a72\u00ba e 3\u00ba, CLT)<\/li>\n\n\n\n<li>Aplica\u00e7\u00e3o subsidi\u00e1ria (art. 8\u00ba, CLT)<\/li>\n\n\n\n<li>Prescri\u00e7\u00e3o intercorrente (art. 11-A)<\/li>\n\n\n\n<li>Honor\u00e1rios advocat\u00edcios (art. 791-A)<\/li>\n\n\n\n<li>Distribui\u00e7\u00e3o do \u00f4nus da prova (art. 818)<\/li>\n\n\n\n<li>Exce\u00e7\u00e3o de incompet\u00eancia (art. 800)<\/li>\n\n\n\n<li>Acordo extrajudicial (arts. 855-B a 855-E)<\/li>\n\n\n\n<li>Incidente de desconsidera\u00e7\u00e3o (art. 855-A)<\/li>\n\n\n\n<li>Revelia (art. 844 e \u00a7\u00a7)<\/li>\n\n\n\n<li>Liquida\u00e7\u00e3o (art. 879)<\/li>\n\n\n\n<li>Recursos (arts. 895, 896, 896-A)<\/li>\n\n\n\n<li>Execu\u00e7\u00e3o (arts. 876, 878, 882, 883-A)<\/li>\n<\/ul>\n\n\n\n<h3 class=\"wp-block-heading\" id=\"h-direito-material\"><span id=\"direito-material\">Direito Material<\/span><\/h3>\n\n\n\n<ul class=\"wp-block-list\">\n<li>Jornada e horas extras (arts. 58, 58-A, 59 e 59-B)<\/li>\n\n\n\n<li>Teletrabalho (arts. 62, 75-A)<\/li>\n\n\n\n<li>F\u00e9rias (art. 134)<\/li>\n\n\n\n<li>Dano moral (arts. 223-A e seguintes)<\/li>\n\n\n\n<li>Contrato intermitente (art. 443 e 452-A)<\/li>\n\n\n\n<li>Extin\u00e7\u00e3o do contrato (art. 477 e 484-A)<\/li>\n\n\n\n<li>Negociado x Legislado (arts. 611-A e 611-B)<\/li>\n\n\n\n<li>Sucess\u00e3o (art. 448-A)<\/li>\n\n\n\n<li>Equipara\u00e7\u00e3o salarial (art. 461)<\/li>\n\n\n\n<li>Sal\u00e1rio\/utilidades (arts. 457 e 458)<\/li>\n<\/ul>\n\n\n\n<h2 class=\"wp-block-heading\" id=\"h-peca-pratico-profissional-o-que-mais-cai\"><span id=\"peca-pratico-profissional-o-que-mais-cai\">Pe\u00e7a Pr\u00e1tico-Profissional: o que mais cai<\/span><\/h2>\n\n\n\n<p>No Trabalho, existem <strong>4 pe\u00e7as-mestras<\/strong> que d\u00e3o origem \u00e0 maioria das situa\u00e7\u00f5es cobradas:<\/p>\n\n\n\n<ul class=\"wp-block-list\">\n<li><strong>Reclama\u00e7\u00e3o Trabalhista<\/strong><\/li>\n\n\n\n<li><strong>Contesta\u00e7\u00e3o<\/strong><\/li>\n\n\n\n<li><strong>Recurso Ordin\u00e1rio<\/strong><\/li>\n\n\n\n<li><strong>Embargos<\/strong><\/li>\n<\/ul>\n\n\n\n<h3 class=\"wp-block-heading\" id=\"h-frequencia-historica-das-pecas\"><span id=\"frequencia-historica-das-pecas\">Frequ\u00eancia hist\u00f3rica das pe\u00e7as<\/span><\/h3>\n\n\n\n<figure class=\"wp-block-table is-style-stripes\"><table class=\"has-very-light-gray-to-cyan-bluish-gray-gradient-background has-background\"><thead><tr><th>PE\u00c7A<\/th><th>EXAMES<\/th><th>%<\/th><\/tr><\/thead><tbody><tr><td>Contesta\u00e7\u00e3o<\/td><td>10<\/td><td>37%<\/td><\/tr><tr><td>Recurso Ordin\u00e1rio<\/td><td>8<\/td><td>30%<\/td><\/tr><tr><td>Reclama\u00e7\u00e3o Trabalhista<\/td><td>6<\/td><td>22%<\/td><\/tr><tr><td>Consigna\u00e7\u00e3o em Pagamento<\/td><td>1<\/td><td>4%<\/td><\/tr><tr><td>Embargos (Execu\u00e7\u00e3o \/ Terceiro)<\/td><td>1<\/td><td>4%<\/td><\/tr><tr><td>Contrarraz\u00f5es de RO<\/td><td>1<\/td><td>4%<\/td><\/tr><\/tbody><\/table><\/figure>\n\n\n\n<p>\u27a1 <strong>Conclus\u00e3o<\/strong>: o estudo deve priorizar <strong>Contesta\u00e7\u00e3o, RO e Reclama\u00e7\u00e3o Trabalhista<\/strong>.<\/p>\n\n\n\n<p>Para dominar as pe\u00e7as:<\/p>\n\n\n\n<ul class=\"wp-block-list\">\n<li>Aprenda <strong>estrutura fixa<\/strong> de cada uma.<\/li>\n\n\n\n<li>Estude com base em <strong>casos anteriores da FGV<\/strong>.<\/li>\n\n\n\n<li>Foque nas <strong>teses recorrentes<\/strong>, especialmente ap\u00f3s a Reforma.<\/li>\n<\/ul>\n\n\n\n<p><strong><em>Leia tamb\u00e9m: <a href=\"https:\/\/oab.estrategia.com\/portal\/quais-sao-as-pecas-mais-cobradas-na-2a-fase-da-oab\/\" target=\"_blank\" >Quais s\u00e3o as pe\u00e7as mais cobradas na 2\u00aa fase da OAB?<\/a><\/em><\/strong><\/p>\n\n\n\n<h2 class=\"wp-block-heading\" id=\"h-questoes-discursivas-como-garantir-a-pontuacao\"><span id=\"questoes-discursivas-como-garantir-a-pontuacao\">Quest\u00f5es Discursivas: como garantir a pontua\u00e7\u00e3o<\/span><\/h2>\n\n\n\n<p>As quest\u00f5es cobram <strong>fundamenta\u00e7\u00e3o + argumenta\u00e7\u00e3o jur\u00eddica<\/strong>. Apenas citar o artigo <strong>n\u00e3o pontua<\/strong>.<\/p>\n\n\n\n<p>Pontos essenciais:<\/p>\n\n\n\n<ul class=\"wp-block-list\">\n<li>Dom\u00ednio dos temas cl\u00e1ssicos e dos temas p\u00f3s-Reforma.<\/li>\n\n\n\n<li>Conhecimento pr\u00e1tico da CLT, com marca\u00e7\u00f5es permitidas.<\/li>\n\n\n\n<li>Interpreta\u00e7\u00e3o correta do comando da quest\u00e3o e dos itens &#8220;a&#8221; e &#8220;b&#8221;.<\/li>\n<\/ul>\n\n\n\n<h3 class=\"wp-block-heading\" id=\"h-temas-mais-recorrentes-nas-questoes\"><span id=\"temas-mais-recorrentes-nas-questoes\">Temas mais recorrentes nas quest\u00f5es<\/span><\/h3>\n\n\n\n<p>Entre os mais cobrados desde 2010:<\/p>\n\n\n\n<ul class=\"wp-block-list\">\n<li>Contrata\u00e7\u00e3o fraudulenta<\/li>\n\n\n\n<li>Revelia (art. 844)<\/li>\n\n\n\n<li>Prescri\u00e7\u00e3o (art. 7\u00ba, XXIX, CF; art. 11 e 11-A, CLT)<\/li>\n\n\n\n<li>Estabilidade sindical<\/li>\n\n\n\n<li>Mandado de seguran\u00e7a (decis\u00e3o interlocut\u00f3ria)<\/li>\n\n\n\n<li>Rito sumar\u00edssimo<\/li>\n\n\n\n<li>\u00d4nus da prova (arts. 818, CLT; 373, CPC)<\/li>\n\n\n\n<li>Compet\u00eancia territorial (art. 651)<\/li>\n\n\n\n<li>Sal\u00e1rio e natureza jur\u00eddica das verbas<\/li>\n\n\n\n<li>Greve<\/li>\n\n\n\n<li>Recurso ordin\u00e1rio<\/li>\n\n\n\n<li>Sucess\u00e3o empresarial<\/li>\n\n\n\n<li>Fal\u00eancia x Justi\u00e7a do Trabalho<\/li>\n\n\n\n<li>Intervalo intrajornada (S\u00famula 437)<\/li>\n\n\n\n<li>Banco \u2013 cargo de confian\u00e7a<\/li>\n\n\n\n<li>Justa causa<\/li>\n\n\n\n<li>Rescis\u00e3o indireta<\/li>\n\n\n\n<li>A\u00e7\u00e3o de cumprimento<\/li>\n\n\n\n<li>Precat\u00f3rios<\/li>\n\n\n\n<li>Repouso semanal remunerado<\/li>\n<\/ul>\n\n\n\n<p class=\"has-text-align-center\"><em>Quer ficar por dentro de todas as atualiza\u00e7\u00f5es dos exames de ordem? Acesse:<\/em><\/p>\n\n\n\n<h3 class=\"wp-block-heading has-text-align-center has-white-color has-text-color has-background has-link-color wp-elements-c25ecd04daee58144f7f8d7ae1fee7b6\" id=\"h-ultimas-noticias-oab-editais-prazos-e-muito-mais\" style=\"background:linear-gradient(135deg,rgb(254,205,165) 0%,rgb(254,45,45) 31%,rgb(107,0,62) 88%)\"><span id=\"ultimas-noticias-oab-editais-prazos-e-muito-mais\"><a href=\"https:\/\/oab.estrategia.com\/portal\/oab-ultimas-noticias\/\" target=\"_blank\" ><em><mark style=\"background-color:rgba(0, 0, 0, 0)\" class=\"has-inline-color has-white-color\">\u00daltimas not\u00edcias OAB: editais, prazos e muito mais<\/mark><\/em><\/a><\/span><\/h3>\n\n\n\n<p><strong><em>Fique por dentro de outras atualiza\u00e7\u00f5es:<\/em><\/strong><\/p>\n\n\n<ul class=\"wp-block-latest-posts__list wp-block-latest-posts\"><li><a class=\"wp-block-latest-posts__post-title\" href=\"https:\/\/oab.estrategia.com\/portal\/qual-e-o-salario-de-um-advogado-do-estado\/\">Qual \u00e9 o sal\u00e1rio de um advogado do Estado?<\/a><\/li>\n<li><a class=\"wp-block-latest-posts__post-title\" href=\"https:\/\/oab.estrategia.com\/portal\/prova-oab\/\">Prova OAB: entenda como funciona o Exame dos Advogados<\/a><\/li>\n<li><a class=\"wp-block-latest-posts__post-title\" href=\"https:\/\/oab.estrategia.com\/portal\/inscricao-suplementar-na-oab\/\">Inscri\u00e7\u00e3o Suplementar na OAB: entenda o que \u00e9 e como funciona<\/a><\/li>\n<li><a class=\"wp-block-latest-posts__post-title\" href=\"https:\/\/oab.estrategia.com\/portal\/codigo-etica-oab-resumo\/\">C\u00f3digo de \u00c9tica da OAB: explicado de forma simples<\/a><\/li>\n<li><a class=\"wp-block-latest-posts__post-title\" href=\"https:\/\/oab.estrategia.com\/portal\/ansiedade-na-prova-da-oab-como-controlar-o-emocional\/\">Ansiedade na prova da OAB: como controlar o emocional<\/a><\/li>\n<\/ul>\n\n\n<h2 class=\"wp-block-heading has-text-align-center\" id=\"h-prepare-se-com-estrategia-oab\"><span id=\"prepare-se-com-estrategia-oab\"><em>Prepare-se com Estrat\u00e9gia OAB:<\/em><\/span><\/h2>\n\n\n\n<div class=\"wp-block-group\"><div class=\"wp-block-group__inner-container is-layout-constrained wp-block-group-is-layout-constrained\">\n<div class=\"wp-block-cover\" style=\"min-height:84px;aspect-ratio:unset;\"><img decoding=\"async\" width=\"1160\" height=\"215\" class=\"wp-block-cover__image-background wp-image-15434\" alt=\"\" src=\"https:\/\/oab.estrategia.com\/portal\/wp-content\/uploads\/2025\/01\/31012626\/Banner-curso-de-ingles-no-seu-ritmo-vermelho-e-azul-moderno-1160-x-215-px.png\" style=\"object-position:100% 28%\" data-object-fit=\"cover\" data-object-position=\"100% 28%\" srcset=\"https:\/\/oab.estrategia.com\/portal\/wp-content\/uploads\/2025\/01\/31012626\/Banner-curso-de-ingles-no-seu-ritmo-vermelho-e-azul-moderno-1160-x-215-px.png 1160w, https:\/\/oab.estrategia.com\/portal\/wp-content\/uploads\/2025\/01\/31012626\/Banner-curso-de-ingles-no-seu-ritmo-vermelho-e-azul-moderno-1160-x-215-px-300x56.png 300w, https:\/\/oab.estrategia.com\/portal\/wp-content\/uploads\/2025\/01\/31012626\/Banner-curso-de-ingles-no-seu-ritmo-vermelho-e-azul-moderno-1160-x-215-px-1024x190.png 1024w, https:\/\/oab.estrategia.com\/portal\/wp-content\/uploads\/2025\/01\/31012626\/Banner-curso-de-ingles-no-seu-ritmo-vermelho-e-azul-moderno-1160-x-215-px-768x142.png 768w, https:\/\/oab.estrategia.com\/portal\/wp-content\/uploads\/2025\/01\/31012626\/Banner-curso-de-ingles-no-seu-ritmo-vermelho-e-azul-moderno-1160-x-215-px-380x70.png 380w, https:\/\/oab.estrategia.com\/portal\/wp-content\/uploads\/2025\/01\/31012626\/Banner-curso-de-ingles-no-seu-ritmo-vermelho-e-azul-moderno-1160-x-215-px-800x148.png 800w, https:\/\/oab.estrategia.com\/portal\/wp-content\/uploads\/2025\/01\/31012626\/Banner-curso-de-ingles-no-seu-ritmo-vermelho-e-azul-moderno-1160-x-215-px-150x28.png 150w\" sizes=\"(max-width: 1160px) 100vw, 1160px\" \/><span aria-hidden=\"true\" class=\"wp-block-cover__background has-background-dim\"><\/span><div class=\"wp-block-cover__inner-container is-layout-flow wp-block-cover-is-layout-flow\">\n<h3 id=\"cursos-para-a-2a-fase-da-oab\" class=\"titulo-assinatura\">Cursos para a 2\u00aa Fase da OAB<\/h3>\n<p class=\"subtitulo-assinatura\" style=\"display:block!important; line-height: 0;\">Conhe\u00e7a os cursos!<\/p>\n<a target=\"_blank\" href=\"https:\/\/oab.estrategia.com\/concursos\/cursos\/segunda-fase-oab\" rel=\"noopener\"><button style=\"border-radius: 10px; text-transform: capitalize;\">Acessar<\/button><\/a>\n<\/div><\/div>\n<\/div><\/div>\n\n\n\n<h4 class=\"wp-block-heading has-text-align-center\" id=\"h-conteudos-exclusivos-e-atualizacoes-em-tempo-real-siga-nossas-redes-e-esteja-sempre-um-passo-a-frente\"><span id=\"conteudos-exclusivos-e-atualizacoes-em-tempo-realsiga-nossas-redes-e-esteja-sempre-um-passo-a-frente\">Conte\u00fados exclusivos e atualiza\u00e7\u00f5es em tempo real?<br>Siga nossas redes e esteja sempre um passo \u00e0 frente!<\/span><\/h4>\n\n\n\n<ul class=\"wp-block-social-links has-normal-icon-size has-visible-labels is-horizontal is-content-justification-center is-layout-flex wp-container-core-social-links-is-layout-499968f5 wp-block-social-links-is-layout-flex\"><li class=\"wp-social-link wp-social-link-facebook  wp-block-social-link\"><a rel=\"noopener nofollow\" target=\"_blank\" href=\"https:\/\/www.facebook.com\/oabestrategia?locale=pt_BR\" class=\"wp-block-social-link-anchor\"><svg width=\"24\" height=\"24\" viewBox=\"0 0 24 24\" version=\"1.1\" xmlns=\"http:\/\/www.w3.org\/2000\/svg\" aria-hidden=\"true\" focusable=\"false\"><path d=\"M12 2C6.5 2 2 6.5 2 12c0 5 3.7 9.1 8.4 9.9v-7H7.9V12h2.5V9.8c0-2.5 1.5-3.9 3.8-3.9 1.1 0 2.2.2 2.2.2v2.5h-1.3c-1.2 0-1.6.8-1.6 1.6V12h2.8l-.4 2.9h-2.3v7C18.3 21.1 22 17 22 12c0-5.5-4.5-10-10-10z\"><\/path><\/svg><span class=\"wp-block-social-link-label\">Facebook<\/span><\/a><\/li>\n\n<li class=\"wp-social-link wp-social-link-instagram  wp-block-social-link\"><a rel=\"noopener nofollow\" target=\"_blank\" href=\"https:\/\/www.instagram.com\/estrategiaoab\/\" class=\"wp-block-social-link-anchor\"><svg width=\"24\" height=\"24\" viewBox=\"0 0 24 24\" version=\"1.1\" xmlns=\"http:\/\/www.w3.org\/2000\/svg\" aria-hidden=\"true\" focusable=\"false\"><path d=\"M12,4.622c2.403,0,2.688,0.009,3.637,0.052c0.877,0.04,1.354,0.187,1.671,0.31c0.42,0.163,0.72,0.358,1.035,0.673 c0.315,0.315,0.51,0.615,0.673,1.035c0.123,0.317,0.27,0.794,0.31,1.671c0.043,0.949,0.052,1.234,0.052,3.637 s-0.009,2.688-0.052,3.637c-0.04,0.877-0.187,1.354-0.31,1.671c-0.163,0.42-0.358,0.72-0.673,1.035 c-0.315,0.315-0.615,0.51-1.035,0.673c-0.317,0.123-0.794,0.27-1.671,0.31c-0.949,0.043-1.233,0.052-3.637,0.052 s-2.688-0.009-3.637-0.052c-0.877-0.04-1.354-0.187-1.671-0.31c-0.42-0.163-0.72-0.358-1.035-0.673 c-0.315-0.315-0.51-0.615-0.673-1.035c-0.123-0.317-0.27-0.794-0.31-1.671C4.631,14.688,4.622,14.403,4.622,12 s0.009-2.688,0.052-3.637c0.04-0.877,0.187-1.354,0.31-1.671c0.163-0.42,0.358-0.72,0.673-1.035 c0.315-0.315,0.615-0.51,1.035-0.673c0.317-0.123,0.794-0.27,1.671-0.31C9.312,4.631,9.597,4.622,12,4.622 M12,3 C9.556,3,9.249,3.01,8.289,3.054C7.331,3.098,6.677,3.25,6.105,3.472C5.513,3.702,5.011,4.01,4.511,4.511 c-0.5,0.5-0.808,1.002-1.038,1.594C3.25,6.677,3.098,7.331,3.054,8.289C3.01,9.249,3,9.556,3,12c0,2.444,0.01,2.751,0.054,3.711 c0.044,0.958,0.196,1.612,0.418,2.185c0.23,0.592,0.538,1.094,1.038,1.594c0.5,0.5,1.002,0.808,1.594,1.038 c0.572,0.222,1.227,0.375,2.185,0.418C9.249,20.99,9.556,21,12,21s2.751-0.01,3.711-0.054c0.958-0.044,1.612-0.196,2.185-0.418 c0.592-0.23,1.094-0.538,1.594-1.038c0.5-0.5,0.808-1.002,1.038-1.594c0.222-0.572,0.375-1.227,0.418-2.185 C20.99,14.751,21,14.444,21,12s-0.01-2.751-0.054-3.711c-0.044-0.958-0.196-1.612-0.418-2.185c-0.23-0.592-0.538-1.094-1.038-1.594 c-0.5-0.5-1.002-0.808-1.594-1.038c-0.572-0.222-1.227-0.375-2.185-0.418C14.751,3.01,14.444,3,12,3L12,3z M12,7.378 c-2.552,0-4.622,2.069-4.622,4.622S9.448,16.622,12,16.622s4.622-2.069,4.622-4.622S14.552,7.378,12,7.378z M12,15 c-1.657,0-3-1.343-3-3s1.343-3,3-3s3,1.343,3,3S13.657,15,12,15z M16.804,6.116c-0.596,0-1.08,0.484-1.08,1.08 s0.484,1.08,1.08,1.08c0.596,0,1.08-0.484,1.08-1.08S17.401,6.116,16.804,6.116z\"><\/path><\/svg><span class=\"wp-block-social-link-label\">Instagram<\/span><\/a><\/li>\n\n<li class=\"wp-social-link wp-social-link-youtube  wp-block-social-link\"><a rel=\"noopener nofollow\" target=\"_blank\" href=\"https:\/\/www.youtube.com\/channel\/UC7rgrKTSF5aOrBGWOw60ovw\" class=\"wp-block-social-link-anchor\"><svg width=\"24\" height=\"24\" viewBox=\"0 0 24 24\" version=\"1.1\" xmlns=\"http:\/\/www.w3.org\/2000\/svg\" aria-hidden=\"true\" focusable=\"false\"><path d=\"M21.8,8.001c0,0-0.195-1.378-0.795-1.985c-0.76-0.797-1.613-0.801-2.004-0.847c-2.799-0.202-6.997-0.202-6.997-0.202 h-0.009c0,0-4.198,0-6.997,0.202C4.608,5.216,3.756,5.22,2.995,6.016C2.395,6.623,2.2,8.001,2.2,8.001S2,9.62,2,11.238v1.517 c0,1.618,0.2,3.237,0.2,3.237s0.195,1.378,0.795,1.985c0.761,0.797,1.76,0.771,2.205,0.855c1.6,0.153,6.8,0.201,6.8,0.201 s4.203-0.006,7.001-0.209c0.391-0.047,1.243-0.051,2.004-0.847c0.6-0.607,0.795-1.985,0.795-1.985s0.2-1.618,0.2-3.237v-1.517 C22,9.62,21.8,8.001,21.8,8.001z M9.935,14.594l-0.001-5.62l5.404,2.82L9.935,14.594z\"><\/path><\/svg><span class=\"wp-block-social-link-label\">Youtube<\/span><\/a><\/li>\n\n<li class=\"wp-social-link wp-social-link-telegram  wp-block-social-link\"><a rel=\"noopener nofollow\" target=\"_blank\" href=\"https:\/\/t.me\/transmissaoEstrategiaOAB\" class=\"wp-block-social-link-anchor\"><svg width=\"24\" height=\"24\" viewBox=\"0 0 128 128\" version=\"1.1\" xmlns=\"http:\/\/www.w3.org\/2000\/svg\" aria-hidden=\"true\" focusable=\"false\"><path d=\"M28.9700376,63.3244248 C47.6273373,55.1957357 60.0684594,49.8368063 66.2934036,47.2476366 C84.0668845,39.855031 87.7600616,38.5708563 90.1672227,38.528 C90.6966555,38.5191258 91.8804274,38.6503351 92.6472251,39.2725385 C93.294694,39.7979149 93.4728387,40.5076237 93.5580865,41.0057381 C93.6433345,41.5038525 93.7494885,42.63857 93.6651041,43.5252052 C92.7019529,53.6451182 88.5344133,78.2034783 86.4142057,89.5379542 C85.5170662,94.3339958 83.750571,95.9420841 82.0403991,96.0994568 C78.3237996,96.4414641 75.5015827,93.6432685 71.9018743,91.2836143 C66.2690414,87.5912212 63.0868492,85.2926952 57.6192095,81.6896017 C51.3004058,77.5256038 55.3966232,75.2369981 58.9976911,71.4967761 C59.9401076,70.5179421 76.3155302,55.6232293 76.6324771,54.2720454 C76.6721165,54.1030573 76.7089039,53.4731496 76.3346867,53.1405352 C75.9604695,52.8079208 75.4081573,52.921662 75.0095933,53.0121213 C74.444641,53.1403447 65.4461175,59.0880351 48.0140228,70.8551922 C45.4598218,72.6091037 43.1463059,73.4636682 41.0734751,73.4188859 C38.7883453,73.3695169 34.3926725,72.1268388 31.1249416,71.0646282 C27.1169366,69.7617838 23.931454,69.0729605 24.208838,66.8603276 C24.3533167,65.7078514 25.9403832,64.5292172 28.9700376,63.3244248 Z\" \/><\/svg><span class=\"wp-block-social-link-label\">Telegram<\/span><\/a><\/li>\n\n<li class=\"wp-social-link wp-social-link-whatsapp  wp-block-social-link\"><a rel=\"noopener nofollow\" target=\"_blank\" href=\"https:\/\/chat.whatsapp.com\/GVIH7MrkoVAGyAxc6MuwWf\" class=\"wp-block-social-link-anchor\"><svg width=\"24\" height=\"24\" viewBox=\"0 0 24 24\" version=\"1.1\" xmlns=\"http:\/\/www.w3.org\/2000\/svg\" aria-hidden=\"true\" focusable=\"false\"><path d=\"M 12.011719 2 C 6.5057187 2 2.0234844 6.478375 2.0214844 11.984375 C 2.0204844 13.744375 2.4814687 15.462563 3.3554688 16.976562 L 2 22 L 7.2324219 20.763672 C 8.6914219 21.559672 10.333859 21.977516 12.005859 21.978516 L 12.009766 21.978516 C 17.514766 21.978516 21.995047 17.499141 21.998047 11.994141 C 22.000047 9.3251406 20.962172 6.8157344 19.076172 4.9277344 C 17.190172 3.0407344 14.683719 2.001 12.011719 2 z M 12.009766 4 C 14.145766 4.001 16.153109 4.8337969 17.662109 6.3417969 C 19.171109 7.8517969 20.000047 9.8581875 19.998047 11.992188 C 19.996047 16.396187 16.413812 19.978516 12.007812 19.978516 C 10.674812 19.977516 9.3544062 19.642812 8.1914062 19.007812 L 7.5175781 18.640625 L 6.7734375 18.816406 L 4.8046875 19.28125 L 5.2851562 17.496094 L 5.5019531 16.695312 L 5.0878906 15.976562 C 4.3898906 14.768562 4.0204844 13.387375 4.0214844 11.984375 C 4.0234844 7.582375 7.6067656 4 12.009766 4 z M 8.4765625 7.375 C 8.3095625 7.375 8.0395469 7.4375 7.8105469 7.6875 C 7.5815469 7.9365 6.9355469 8.5395781 6.9355469 9.7675781 C 6.9355469 10.995578 7.8300781 12.182609 7.9550781 12.349609 C 8.0790781 12.515609 9.68175 15.115234 12.21875 16.115234 C 14.32675 16.946234 14.754891 16.782234 15.212891 16.740234 C 15.670891 16.699234 16.690438 16.137687 16.898438 15.554688 C 17.106437 14.971687 17.106922 14.470187 17.044922 14.367188 C 16.982922 14.263188 16.816406 14.201172 16.566406 14.076172 C 16.317406 13.951172 15.090328 13.348625 14.861328 13.265625 C 14.632328 13.182625 14.464828 13.140625 14.298828 13.390625 C 14.132828 13.640625 13.655766 14.201187 13.509766 14.367188 C 13.363766 14.534188 13.21875 14.556641 12.96875 14.431641 C 12.71875 14.305641 11.914938 14.041406 10.960938 13.191406 C 10.218937 12.530406 9.7182656 11.714844 9.5722656 11.464844 C 9.4272656 11.215844 9.5585938 11.079078 9.6835938 10.955078 C 9.7955938 10.843078 9.9316406 10.663578 10.056641 10.517578 C 10.180641 10.371578 10.223641 10.267562 10.306641 10.101562 C 10.389641 9.9355625 10.347156 9.7890625 10.285156 9.6640625 C 10.223156 9.5390625 9.737625 8.3065 9.515625 7.8125 C 9.328625 7.3975 9.131125 7.3878594 8.953125 7.3808594 C 8.808125 7.3748594 8.6425625 7.375 8.4765625 7.375 z\"><\/path><\/svg><span class=\"wp-block-social-link-label\">WhatsApp<\/span><\/a><\/li><\/ul>\n\n\n\n<p><\/p>\n\n\n\n<p><\/p>\n","protected":false},"excerpt":{"rendered":"O objetivo deste artigo \u00e9 apresentar, de forma pr\u00e1tica e direta, como estudar Direito e Processo do Trabalho&hellip;\n","protected":false},"author":12,"featured_media":6076,"comment_status":"open","ping_status":"open","sticky":false,"template":"","format":"standard","meta":{"_jetpack_memberships_contains_paid_content":false,"footnotes":""},"categories":[31],"tags":[],"class_list":{"0":"post-652","1":"post","2":"type-post","3":"status-publish","4":"format-standard","5":"has-post-thumbnail","7":"category-2a-fase-oab"},"acf":[],"yoast_head":"<!-- This site is optimized with the Yoast SEO Premium plugin v26.2 (Yoast SEO v27.4) - https:\/\/yoast.com\/product\/yoast-seo-premium-wordpress\/ -->\n<title>Como estudar Direito do Trabalho para a 2\u00aa fase da OAB<\/title>\n<meta name=\"description\" content=\"Aprenda agora mesmo como estudar Direito do Trabalho para a 2\u00aa fase da OAB com os temas mais cobrados e as leis mencionadas...\" \/>\n<meta name=\"robots\" content=\"index, follow, max-snippet:-1, max-image-preview:large, max-video-preview:-1\" \/>\n<link rel=\"canonical\" href=\"https:\/\/oab.estrategia.com\/portal\/direito-do-trabalho-oab-2a-fase\/\" \/>\n<meta property=\"og:locale\" content=\"pt_BR\" \/>\n<meta property=\"og:type\" content=\"article\" \/>\n<meta property=\"og:title\" content=\"Como estudar Direito do Trabalho para a 2\u00aa fase da OAB\" \/>\n<meta property=\"og:description\" content=\"Aprenda agora mesmo como estudar Direito do Trabalho para a 2\u00aa fase da OAB com os temas mais cobrados e as leis mencionadas...\" \/>\n<meta property=\"og:url\" content=\"https:\/\/oab.estrategia.com\/portal\/direito-do-trabalho-oab-2a-fase\/\" \/>\n<meta property=\"og:site_name\" content=\"Blog - OAB - Estrat\u00e9gia\" \/>\n<meta property=\"article:publisher\" content=\"https:\/\/www.facebook.com\/estrategiaoab\/\" \/>\n<meta property=\"article:published_time\" content=\"2025-11-25T18:50:48+00:00\" \/>\n<meta property=\"article:modified_time\" content=\"2025-11-25T18:51:45+00:00\" \/>\n<meta property=\"og:image\" content=\"https:\/\/oab.estrategia.com\/portal\/portal\/wp-content\/uploads\/2023\/03\/09124959\/2-fase-oab-direito-do-trabalho-curso-estrategia.jpg\" \/>\n\t<meta property=\"og:image:width\" content=\"960\" \/>\n\t<meta property=\"og:image:height\" content=\"540\" \/>\n\t<meta property=\"og:image:type\" content=\"image\/jpeg\" \/>\n<meta name=\"author\" content=\"Coordena\u00e7\u00e3o\" \/>\n<meta name=\"twitter:card\" content=\"summary_large_image\" \/>\n<meta name=\"twitter:creator\" content=\"@estrategiaoab\" \/>\n<meta name=\"twitter:site\" content=\"@estrategiaoab\" \/>\n<meta name=\"twitter:label1\" content=\"Escrito por\" \/>\n\t<meta name=\"twitter:data1\" content=\"Coordena\u00e7\u00e3o\" \/>\n\t<meta name=\"twitter:label2\" content=\"Est. tempo de leitura\" \/>\n\t<meta name=\"twitter:data2\" content=\"4 minutos\" \/>\n<script type=\"application\/ld+json\" class=\"yoast-schema-graph\">{\"@context\":\"https:\\\/\\\/schema.org\",\"@graph\":[{\"@type\":\"Article\",\"@id\":\"https:\\\/\\\/oab.estrategia.com\\\/portal\\\/direito-do-trabalho-oab-2a-fase\\\/#article\",\"isPartOf\":{\"@id\":\"https:\\\/\\\/oab.estrategia.com\\\/portal\\\/direito-do-trabalho-oab-2a-fase\\\/\"},\"author\":{\"name\":\"Coordena\u00e7\u00e3o\",\"@id\":\"https:\\\/\\\/oab.estrategia.com\\\/portal\\\/#\\\/schema\\\/person\\\/9e4f367923f195c7466d88c8e8a86d23\"},\"headline\":\"Como estudar Direito do Trabalho para a 2\u00aa fase da OAB\",\"datePublished\":\"2025-11-25T18:50:48+00:00\",\"dateModified\":\"2025-11-25T18:51:45+00:00\",\"mainEntityOfPage\":{\"@id\":\"https:\\\/\\\/oab.estrategia.com\\\/portal\\\/direito-do-trabalho-oab-2a-fase\\\/\"},\"wordCount\":686,\"commentCount\":0,\"publisher\":{\"@id\":\"https:\\\/\\\/oab.estrategia.com\\\/portal\\\/#organization\"},\"image\":{\"@id\":\"https:\\\/\\\/oab.estrategia.com\\\/portal\\\/direito-do-trabalho-oab-2a-fase\\\/#primaryimage\"},\"thumbnailUrl\":\"https:\\\/\\\/oab.estrategia.com\\\/portal\\\/wp-content\\\/uploads\\\/2023\\\/03\\\/09124959\\\/2-fase-oab-direito-do-trabalho-curso-estrategia.jpg\",\"articleSection\":[\"2\u00aa Fase OAB\"],\"inLanguage\":\"pt-BR\",\"potentialAction\":[{\"@type\":\"CommentAction\",\"name\":\"Comment\",\"target\":[\"https:\\\/\\\/oab.estrategia.com\\\/portal\\\/direito-do-trabalho-oab-2a-fase\\\/#respond\"]}],\"accessibilityFeature\":[\"tableOfContents\"]},{\"@type\":\"WebPage\",\"@id\":\"https:\\\/\\\/oab.estrategia.com\\\/portal\\\/direito-do-trabalho-oab-2a-fase\\\/\",\"url\":\"https:\\\/\\\/oab.estrategia.com\\\/portal\\\/direito-do-trabalho-oab-2a-fase\\\/\",\"name\":\"Como estudar Direito do Trabalho para a 2\u00aa fase da OAB\",\"isPartOf\":{\"@id\":\"https:\\\/\\\/oab.estrategia.com\\\/portal\\\/#website\"},\"primaryImageOfPage\":{\"@id\":\"https:\\\/\\\/oab.estrategia.com\\\/portal\\\/direito-do-trabalho-oab-2a-fase\\\/#primaryimage\"},\"image\":{\"@id\":\"https:\\\/\\\/oab.estrategia.com\\\/portal\\\/direito-do-trabalho-oab-2a-fase\\\/#primaryimage\"},\"thumbnailUrl\":\"https:\\\/\\\/oab.estrategia.com\\\/portal\\\/wp-content\\\/uploads\\\/2023\\\/03\\\/09124959\\\/2-fase-oab-direito-do-trabalho-curso-estrategia.jpg\",\"datePublished\":\"2025-11-25T18:50:48+00:00\",\"dateModified\":\"2025-11-25T18:51:45+00:00\",\"description\":\"Aprenda agora mesmo como estudar Direito do Trabalho para a 2\u00aa fase da OAB com os temas mais cobrados e as leis mencionadas...\",\"breadcrumb\":{\"@id\":\"https:\\\/\\\/oab.estrategia.com\\\/portal\\\/direito-do-trabalho-oab-2a-fase\\\/#breadcrumb\"},\"inLanguage\":\"pt-BR\",\"potentialAction\":[{\"@type\":\"ReadAction\",\"target\":[\"https:\\\/\\\/oab.estrategia.com\\\/portal\\\/direito-do-trabalho-oab-2a-fase\\\/\"]}]},{\"@type\":\"ImageObject\",\"inLanguage\":\"pt-BR\",\"@id\":\"https:\\\/\\\/oab.estrategia.com\\\/portal\\\/direito-do-trabalho-oab-2a-fase\\\/#primaryimage\",\"url\":\"https:\\\/\\\/oab.estrategia.com\\\/portal\\\/wp-content\\\/uploads\\\/2023\\\/03\\\/09124959\\\/2-fase-oab-direito-do-trabalho-curso-estrategia.jpg\",\"contentUrl\":\"https:\\\/\\\/oab.estrategia.com\\\/portal\\\/wp-content\\\/uploads\\\/2023\\\/03\\\/09124959\\\/2-fase-oab-direito-do-trabalho-curso-estrategia.jpg\",\"width\":960,\"height\":540,\"caption\":\"fotografia de uma coruja voando para o horizonte, por cima temos uma cor gren\u00e1 semelhante a do Estrat\u00e9gia OAB, no canto superior esquerdo temos o logo do Estrat\u00e9gia OAB (uma coruja em branco), logo abaixo conseguimos notar escrito \\\"Direito do Trabalho\\\" em branco.\"},{\"@type\":\"BreadcrumbList\",\"@id\":\"https:\\\/\\\/oab.estrategia.com\\\/portal\\\/direito-do-trabalho-oab-2a-fase\\\/#breadcrumb\",\"itemListElement\":[{\"@type\":\"ListItem\",\"position\":1,\"name\":\"In\u00edcio\",\"item\":\"https:\\\/\\\/oab.estrategia.com\\\/portal\\\/\"},{\"@type\":\"ListItem\",\"position\":2,\"name\":\"Como estudar Direito do Trabalho para a 2\u00aa fase da OAB\"}]},{\"@type\":\"WebSite\",\"@id\":\"https:\\\/\\\/oab.estrategia.com\\\/portal\\\/#website\",\"url\":\"https:\\\/\\\/oab.estrategia.com\\\/portal\\\/\",\"name\":\"Blog - OAB - Estrat\u00e9gia\",\"description\":\"Blog OAB - Estrat\u00e9gia Concursos\",\"publisher\":{\"@id\":\"https:\\\/\\\/oab.estrategia.com\\\/portal\\\/#organization\"},\"potentialAction\":[{\"@type\":\"SearchAction\",\"target\":{\"@type\":\"EntryPoint\",\"urlTemplate\":\"https:\\\/\\\/oab.estrategia.com\\\/portal\\\/?s={search_term_string}\"},\"query-input\":{\"@type\":\"PropertyValueSpecification\",\"valueRequired\":true,\"valueName\":\"search_term_string\"}}],\"inLanguage\":\"pt-BR\"},{\"@type\":\"Organization\",\"@id\":\"https:\\\/\\\/oab.estrategia.com\\\/portal\\\/#organization\",\"name\":\"Estrat\u00e9gia Concursos\",\"url\":\"https:\\\/\\\/oab.estrategia.com\\\/portal\\\/\",\"logo\":{\"@type\":\"ImageObject\",\"inLanguage\":\"pt-BR\",\"@id\":\"https:\\\/\\\/oab.estrategia.com\\\/portal\\\/#\\\/schema\\\/logo\\\/image\\\/\",\"url\":\"https:\\\/\\\/oab.estrategia.com\\\/portal\\\/wp-content\\\/uploads\\\/2022\\\/04\\\/06103601\\\/oab-icone-2.png\",\"contentUrl\":\"https:\\\/\\\/oab.estrategia.com\\\/portal\\\/wp-content\\\/uploads\\\/2022\\\/04\\\/06103601\\\/oab-icone-2.png\",\"width\":900,\"height\":900,\"caption\":\"Estrat\u00e9gia Concursos\"},\"image\":{\"@id\":\"https:\\\/\\\/oab.estrategia.com\\\/portal\\\/#\\\/schema\\\/logo\\\/image\\\/\"},\"sameAs\":[\"https:\\\/\\\/www.facebook.com\\\/estrategiaoab\\\/\",\"https:\\\/\\\/x.com\\\/estrategiaoab\",\"https:\\\/\\\/www.instagram.com\\\/estrategiaoab\\\/\",\"https:\\\/\\\/www.youtube.com\\\/EstrategiaOAB\"]},{\"@type\":\"Person\",\"@id\":\"https:\\\/\\\/oab.estrategia.com\\\/portal\\\/#\\\/schema\\\/person\\\/9e4f367923f195c7466d88c8e8a86d23\",\"name\":\"Coordena\u00e7\u00e3o\",\"image\":{\"@type\":\"ImageObject\",\"inLanguage\":\"pt-BR\",\"@id\":\"https:\\\/\\\/oab.estrategia.com\\\/portal\\\/wp-content\\\/uploads\\\/2022\\\/03\\\/12164805\\\/estrategia-oab-coordenacao-96x96.png\",\"url\":\"https:\\\/\\\/oab.estrategia.com\\\/portal\\\/wp-content\\\/uploads\\\/2022\\\/03\\\/12164805\\\/estrategia-oab-coordenacao-96x96.png\",\"contentUrl\":\"https:\\\/\\\/oab.estrategia.com\\\/portal\\\/wp-content\\\/uploads\\\/2022\\\/03\\\/12164805\\\/estrategia-oab-coordenacao-96x96.png\",\"caption\":\"Coordena\u00e7\u00e3o\"},\"description\":\".\",\"url\":\"https:\\\/\\\/oab.estrategia.com\\\/portal\\\/author\\\/coordenacao\\\/\"}]}<\/script>\n<!-- \/ Yoast SEO Premium plugin. -->","yoast_head_json":{"title":"Como estudar Direito do Trabalho para a 2\u00aa fase da OAB","description":"Aprenda agora mesmo como estudar Direito do Trabalho para a 2\u00aa fase da OAB com os temas mais cobrados e as leis mencionadas...","robots":{"index":"index","follow":"follow","max-snippet":"max-snippet:-1","max-image-preview":"max-image-preview:large","max-video-preview":"max-video-preview:-1"},"canonical":"https:\/\/oab.estrategia.com\/portal\/direito-do-trabalho-oab-2a-fase\/","og_locale":"pt_BR","og_type":"article","og_title":"Como estudar Direito do Trabalho para a 2\u00aa fase da OAB","og_description":"Aprenda agora mesmo como estudar Direito do Trabalho para a 2\u00aa fase da OAB com os temas mais cobrados e as leis mencionadas...","og_url":"https:\/\/oab.estrategia.com\/portal\/direito-do-trabalho-oab-2a-fase\/","og_site_name":"Blog - OAB - Estrat\u00e9gia","article_publisher":"https:\/\/www.facebook.com\/estrategiaoab\/","article_published_time":"2025-11-25T18:50:48+00:00","article_modified_time":"2025-11-25T18:51:45+00:00","og_image":[{"width":960,"height":540,"url":"https:\/\/oab.estrategia.com\/portal\/portal\/wp-content\/uploads\/2023\/03\/09124959\/2-fase-oab-direito-do-trabalho-curso-estrategia.jpg","type":"image\/jpeg"}],"author":"Coordena\u00e7\u00e3o","twitter_card":"summary_large_image","twitter_creator":"@estrategiaoab","twitter_site":"@estrategiaoab","twitter_misc":{"Escrito por":"Coordena\u00e7\u00e3o","Est. tempo de leitura":"4 minutos"},"schema":{"@context":"https:\/\/schema.org","@graph":[{"@type":"Article","@id":"https:\/\/oab.estrategia.com\/portal\/direito-do-trabalho-oab-2a-fase\/#article","isPartOf":{"@id":"https:\/\/oab.estrategia.com\/portal\/direito-do-trabalho-oab-2a-fase\/"},"author":{"name":"Coordena\u00e7\u00e3o","@id":"https:\/\/oab.estrategia.com\/portal\/#\/schema\/person\/9e4f367923f195c7466d88c8e8a86d23"},"headline":"Como estudar Direito do Trabalho para a 2\u00aa fase da OAB","datePublished":"2025-11-25T18:50:48+00:00","dateModified":"2025-11-25T18:51:45+00:00","mainEntityOfPage":{"@id":"https:\/\/oab.estrategia.com\/portal\/direito-do-trabalho-oab-2a-fase\/"},"wordCount":686,"commentCount":0,"publisher":{"@id":"https:\/\/oab.estrategia.com\/portal\/#organization"},"image":{"@id":"https:\/\/oab.estrategia.com\/portal\/direito-do-trabalho-oab-2a-fase\/#primaryimage"},"thumbnailUrl":"https:\/\/oab.estrategia.com\/portal\/wp-content\/uploads\/2023\/03\/09124959\/2-fase-oab-direito-do-trabalho-curso-estrategia.jpg","articleSection":["2\u00aa Fase OAB"],"inLanguage":"pt-BR","potentialAction":[{"@type":"CommentAction","name":"Comment","target":["https:\/\/oab.estrategia.com\/portal\/direito-do-trabalho-oab-2a-fase\/#respond"]}],"accessibilityFeature":["tableOfContents"]},{"@type":"WebPage","@id":"https:\/\/oab.estrategia.com\/portal\/direito-do-trabalho-oab-2a-fase\/","url":"https:\/\/oab.estrategia.com\/portal\/direito-do-trabalho-oab-2a-fase\/","name":"Como estudar Direito do Trabalho para a 2\u00aa fase da OAB","isPartOf":{"@id":"https:\/\/oab.estrategia.com\/portal\/#website"},"primaryImageOfPage":{"@id":"https:\/\/oab.estrategia.com\/portal\/direito-do-trabalho-oab-2a-fase\/#primaryimage"},"image":{"@id":"https:\/\/oab.estrategia.com\/portal\/direito-do-trabalho-oab-2a-fase\/#primaryimage"},"thumbnailUrl":"https:\/\/oab.estrategia.com\/portal\/wp-content\/uploads\/2023\/03\/09124959\/2-fase-oab-direito-do-trabalho-curso-estrategia.jpg","datePublished":"2025-11-25T18:50:48+00:00","dateModified":"2025-11-25T18:51:45+00:00","description":"Aprenda agora mesmo como estudar Direito do Trabalho para a 2\u00aa fase da OAB com os temas mais cobrados e as leis mencionadas...","breadcrumb":{"@id":"https:\/\/oab.estrategia.com\/portal\/direito-do-trabalho-oab-2a-fase\/#breadcrumb"},"inLanguage":"pt-BR","potentialAction":[{"@type":"ReadAction","target":["https:\/\/oab.estrategia.com\/portal\/direito-do-trabalho-oab-2a-fase\/"]}]},{"@type":"ImageObject","inLanguage":"pt-BR","@id":"https:\/\/oab.estrategia.com\/portal\/direito-do-trabalho-oab-2a-fase\/#primaryimage","url":"https:\/\/oab.estrategia.com\/portal\/wp-content\/uploads\/2023\/03\/09124959\/2-fase-oab-direito-do-trabalho-curso-estrategia.jpg","contentUrl":"https:\/\/oab.estrategia.com\/portal\/wp-content\/uploads\/2023\/03\/09124959\/2-fase-oab-direito-do-trabalho-curso-estrategia.jpg","width":960,"height":540,"caption":"fotografia de uma coruja voando para o horizonte, por cima temos uma cor gren\u00e1 semelhante a do Estrat\u00e9gia OAB, no canto superior esquerdo temos o logo do Estrat\u00e9gia OAB (uma coruja em branco), logo abaixo conseguimos notar escrito \"Direito do Trabalho\" em branco."},{"@type":"BreadcrumbList","@id":"https:\/\/oab.estrategia.com\/portal\/direito-do-trabalho-oab-2a-fase\/#breadcrumb","itemListElement":[{"@type":"ListItem","position":1,"name":"In\u00edcio","item":"https:\/\/oab.estrategia.com\/portal\/"},{"@type":"ListItem","position":2,"name":"Como estudar Direito do Trabalho para a 2\u00aa fase da OAB"}]},{"@type":"WebSite","@id":"https:\/\/oab.estrategia.com\/portal\/#website","url":"https:\/\/oab.estrategia.com\/portal\/","name":"Blog - OAB - Estrat\u00e9gia","description":"Blog OAB - Estrat\u00e9gia Concursos","publisher":{"@id":"https:\/\/oab.estrategia.com\/portal\/#organization"},"potentialAction":[{"@type":"SearchAction","target":{"@type":"EntryPoint","urlTemplate":"https:\/\/oab.estrategia.com\/portal\/?s={search_term_string}"},"query-input":{"@type":"PropertyValueSpecification","valueRequired":true,"valueName":"search_term_string"}}],"inLanguage":"pt-BR"},{"@type":"Organization","@id":"https:\/\/oab.estrategia.com\/portal\/#organization","name":"Estrat\u00e9gia Concursos","url":"https:\/\/oab.estrategia.com\/portal\/","logo":{"@type":"ImageObject","inLanguage":"pt-BR","@id":"https:\/\/oab.estrategia.com\/portal\/#\/schema\/logo\/image\/","url":"https:\/\/oab.estrategia.com\/portal\/wp-content\/uploads\/2022\/04\/06103601\/oab-icone-2.png","contentUrl":"https:\/\/oab.estrategia.com\/portal\/wp-content\/uploads\/2022\/04\/06103601\/oab-icone-2.png","width":900,"height":900,"caption":"Estrat\u00e9gia Concursos"},"image":{"@id":"https:\/\/oab.estrategia.com\/portal\/#\/schema\/logo\/image\/"},"sameAs":["https:\/\/www.facebook.com\/estrategiaoab\/","https:\/\/x.com\/estrategiaoab","https:\/\/www.instagram.com\/estrategiaoab\/","https:\/\/www.youtube.com\/EstrategiaOAB"]},{"@type":"Person","@id":"https:\/\/oab.estrategia.com\/portal\/#\/schema\/person\/9e4f367923f195c7466d88c8e8a86d23","name":"Coordena\u00e7\u00e3o","image":{"@type":"ImageObject","inLanguage":"pt-BR","@id":"https:\/\/oab.estrategia.com\/portal\/wp-content\/uploads\/2022\/03\/12164805\/estrategia-oab-coordenacao-96x96.png","url":"https:\/\/oab.estrategia.com\/portal\/wp-content\/uploads\/2022\/03\/12164805\/estrategia-oab-coordenacao-96x96.png","contentUrl":"https:\/\/oab.estrategia.com\/portal\/wp-content\/uploads\/2022\/03\/12164805\/estrategia-oab-coordenacao-96x96.png","caption":"Coordena\u00e7\u00e3o"},"description":".","url":"https:\/\/oab.estrategia.com\/portal\/author\/coordenacao\/"}]}},"jetpack_featured_media_url":"https:\/\/oab.estrategia.com\/portal\/wp-content\/uploads\/2023\/03\/09124959\/2-fase-oab-direito-do-trabalho-curso-estrategia.jpg","jetpack_sharing_enabled":true,"_links":{"self":[{"href":"https:\/\/oab.estrategia.com\/portal\/wp-json\/wp\/v2\/posts\/652","targetHints":{"allow":["GET"]}}],"collection":[{"href":"https:\/\/oab.estrategia.com\/portal\/wp-json\/wp\/v2\/posts"}],"about":[{"href":"https:\/\/oab.estrategia.com\/portal\/wp-json\/wp\/v2\/types\/post"}],"author":[{"embeddable":true,"href":"https:\/\/oab.estrategia.com\/portal\/wp-json\/wp\/v2\/users\/12"}],"replies":[{"embeddable":true,"href":"https:\/\/oab.estrategia.com\/portal\/wp-json\/wp\/v2\/comments?post=652"}],"version-history":[{"count":29,"href":"https:\/\/oab.estrategia.com\/portal\/wp-json\/wp\/v2\/posts\/652\/revisions"}],"predecessor-version":[{"id":27420,"href":"https:\/\/oab.estrategia.com\/portal\/wp-json\/wp\/v2\/posts\/652\/revisions\/27420"}],"wp:featuredmedia":[{"embeddable":true,"href":"https:\/\/oab.estrategia.com\/portal\/wp-json\/wp\/v2\/media\/6076"}],"wp:attachment":[{"href":"https:\/\/oab.estrategia.com\/portal\/wp-json\/wp\/v2\/media?parent=652"}],"wp:term":[{"taxonomy":"category","embeddable":true,"href":"https:\/\/oab.estrategia.com\/portal\/wp-json\/wp\/v2\/categories?post=652"},{"taxonomy":"post_tag","embeddable":true,"href":"https:\/\/oab.estrategia.com\/portal\/wp-json\/wp\/v2\/tags?post=652"}],"curies":[{"name":"wp","href":"https:\/\/api.w.org\/{rel}","templated":true}]}}