{"id":6768,"date":"2023-04-10T15:17:41","date_gmt":"2023-04-10T18:17:41","guid":{"rendered":"https:\/\/oab.estrategia.com\/portal\/?p=6768"},"modified":"2023-04-10T15:17:42","modified_gmt":"2023-04-10T18:17:42","slug":"como-se-tornar-advogado","status":"publish","type":"post","link":"https:\/\/oab.estrategia.com\/portal\/como-se-tornar-advogado\/","title":{"rendered":"Como se tornar um advogado? Saiba mais!"},"content":{"rendered":"\n<p><strong>Ol\u00e1, estudante!<\/strong> Tudo bem contigo? Espero que sim! Neste material, <strong>buscaremos esclarecer a d\u00favida de muitas pessoas acerca de como se tornar advogado<\/strong>. Isto \u00e9, discorremos a respeito do que \u00e9 preciso fazer para que voc\u00ea consiga alcan\u00e7ar a qualifica\u00e7\u00e3o necess\u00e1ria a fim de exercer a atividade advocat\u00edcia.<\/p>\n\n\n\n<p>Dessa maneira, apresentaremos as informa\u00e7\u00f5es sobre a <strong>gradua\u00e7\u00e3o<\/strong> exigida, assim como o <strong>tempo de dura\u00e7\u00e3o<\/strong>. Contudo, faremos algumas <strong>ressalvas em rela\u00e7\u00e3o ao bacharelado<\/strong>, que s\u00e3o essenciais antes de voc\u00ea iniciar o referido curso.<\/p>\n\n\n\n<p>Ademais, trataremos da <strong>necessidade de aprova\u00e7\u00e3o no Exame da Ordem dos Advogados do Brasil (OAB)<\/strong> e a import\u00e2ncia da <strong>cont\u00ednua qualifica\u00e7\u00e3o para ser um bom advogado<\/strong>.<\/p>\n\n\n\n<p><strong>Vamos nessa!<\/strong><\/p>\n\n\n<div class=\"wp-block-image\">\n<figure class=\"aligncenter size-full\"><img decoding=\"async\" src=\"https:\/\/dhg1h5j42swfq.cloudfront.net\/2019\/04\/05172907\/unnamed.jpg\" alt=\"como se tornar advogado\" class=\"wp-image-176972\"\/><figcaption class=\"wp-element-caption\"><em>como se tornar advogado<\/em>?<\/figcaption><\/figure>\n<\/div>\n\n\n<div class=\"wp-block-yoast-seo-table-of-contents yoast-table-of-contents\"><ul><li><a href=\"#h-passo-a-passo-sobre-como-se-tornar-um-advogado\" data-level=\"2\">Passo a passo sobre como se tornar um advogado<\/a><ul><li><a href=\"#h-imprescindibilidade-da-aprovacao-no-exame-da-oab\" data-level=\"3\">Imprescindibilidade da aprova\u00e7\u00e3o no Exame da OAB<\/a><\/li><\/ul><\/li><li><a href=\"#h-como-se-tornar-um-advogado-com-qualificacao-estudos-continuos\" data-level=\"2\">Como se tornar um advogado com qualifica\u00e7\u00e3o: estudos cont\u00ednuos<\/a><\/li><li><a href=\"#h-consideracoes-finais\" data-level=\"2\">Considera\u00e7\u00f5es Finais<\/a><\/li><\/ul><\/div>\n\n\n\n<h2 class=\"wp-block-heading\" id=\"h-passo-a-passo-sobre-como-se-tornar-um-advogado\"><span id=\"passo-a-passo-sobre-como-se-tornar-um-advogado\">Passo a passo sobre como se tornar um advogado<\/span><\/h2>\n\n\n\n<p>A princ\u00edpio, tenha ci\u00eancia que a advocacia consiste em <strong>uma das fun\u00e7\u00f5es essenciais \u00e0 justi\u00e7a<\/strong>. Nesse sentido, a atividade exercida pelo advogado \u00e9 <strong>indispens\u00e1vel \u00e0 administra\u00e7\u00e3o da justi\u00e7a<\/strong>, pois provoca o Poder Judici\u00e1rio para garantir os direitos das pessoas com a sua capacidade postulat\u00f3ria.<\/p>\n\n\n\n<p>Desse modo, traduz-se a atividade exercida pelos advogados como jur\u00eddica, a qual \u00e9 privativa de bacharel em Direito. Ent\u00e3o, podemos concluir que a forma\u00e7\u00e3o necess\u00e1ria para ser advogado \u00e9 o bacharelado em Direito.<\/p>\n\n\n\n<p>Nesse contexto, ao longo da gradua\u00e7\u00e3o, o estudante ter\u00e1 contato com as ci\u00eancias jur\u00eddicas, de forma que <strong>desenvolver\u00e1 n\u00e3o somente o conhecimento literal das normas legais, como tamb\u00e9m a hermen\u00eautica<\/strong>. Isto \u00e9, como interpretar a legisla\u00e7\u00e3o de acordo com o prisma utilizado pelo exegeta.<\/p>\n\n\n\n<p>Assim sendo, <strong>o estudante de direito ter\u00e1 contato com in\u00fameros ramos jur\u00eddicos no decorrer da conclus\u00e3o da sua gradua\u00e7\u00e3o<\/strong>. Nessa conjuntura, destacam-se os seguintes: Direito Constitucional, Penal e Processo Penal, Civil e Processo Civil, Trabalho e Processo do Trabalho, Tribut\u00e1rio e Empresarial.<\/p>\n\n\n\n<p><strong>Em raz\u00e3o da extens\u00e3o dessas mat\u00e9rias, geralmente, subdividem-se em v\u00e1rias subdisciplinas<\/strong> que se estudam por alguns semestres ao longo de sua conclus\u00e3o. A t\u00edtulo de exemplo, onde me formei a mat\u00e9ria de Constitucional foi dividida em tr\u00eas semestres, enquanto Civil (material) em seis.<\/p>\n\n\n\n<p>Al\u00e9m disso, o mencionado estudante <strong>aprender\u00e1 diversas disciplinas que se relacionam com o Direito<\/strong> propriamente dito, como as ci\u00eancias pol\u00edticas, a filosofia jur\u00eddica e a psicologia jur\u00eddica. Nesse deslinde, possuir\u00e1 outras compet\u00eancias intelectuais que auxiliar\u00e3o na melhor compreens\u00e3o do sistema jur\u00eddico p\u00e1trio.<\/p>\n\n\n\n<p>Para encerrar, consoante o <a href=\"http:\/\/portal.mec.gov.br\/sesu\/arquivos\/pdf\/dir_dire.pdf\" target=\"_blank\" >Minist\u00e9rio da Educa\u00e7\u00e3o<\/a>, o <strong>tempo m\u00ednimo<\/strong> para conclus\u00e3o desse bacharelado ser\u00e1 de <strong>5 anos<\/strong>. Para isso, a gradua\u00e7\u00e3o ser\u00e1 composta por <strong>carga hor\u00e1ria m\u00ednima de 3.700 horas obrigat\u00f3rias<\/strong> e, <strong>pelo menos, 300 horas complementares<\/strong>, com atividades extraescolares, a exemplo de participa\u00e7\u00e3o em palestras e eventos jur\u00eddicos.<\/p>\n\n\n\n<h3 class=\"wp-block-heading\" id=\"h-imprescindibilidade-da-aprovacao-no-exame-da-oab\"><span id=\"imprescindibilidade-da-aprovacao-no-exame-da-oab\">Imprescindibilidade da aprova\u00e7\u00e3o no Exame da OAB<\/span><\/h3>\n\n\n\n<p>Em primeiro lugar, <strong>al\u00e9m da exig\u00eancia do bacharelado em direito, \u00e9 essencial que o estudante seja avaliado por meio do exame da OAB, que \u00e9 uma prova de natureza qualitativa<\/strong>. Em outras palavras, <strong>o candidato tem que atingir pontua\u00e7\u00f5es m\u00ednimas para ser aprovado<\/strong>, de modo que n\u00e3o compete com terceiros.<\/p>\n\n\n\n<p>Nesse sentido, <strong>o referido exame \u00e9 composto por uma prova objetiva (geral)<\/strong>, a qual \u00e9 composta por oitenta quest\u00f5es, <strong>e outra, subjetiva (espec\u00edfica)<\/strong>, que se constitui por uma pe\u00e7a pr\u00e1tico-profissional e quatro quest\u00f5es discursivas.<\/p>\n\n\n\n<p>Em rela\u00e7\u00e3o \u00e0 primeira prova, o candidato deve acertar \u2013 pelo menos \u2013 50% das quest\u00f5es, ou seja, quarenta quest\u00f5es. Por outra via, no tocante \u00e0 segunda avalia\u00e7\u00e3o, deve-se alcan\u00e7ar, no m\u00ednimo, 60% da pontua\u00e7\u00e3o poss\u00edvel.<\/p>\n\n\n\n<p>Portanto, com a aprova\u00e7\u00e3o no exame da OAB e a conclus\u00e3o da gradua\u00e7\u00e3o em direito, o estudante estar\u00e1 intelectualmente qualificado para ser tornar advogado.<\/p>\n\n\n\n<p>Em segundo lugar, na segunda fase, <strong>o candidato escolhe em que \u00e1rea jur\u00eddica far\u00e1 a sua prova<\/strong>, tendo como op\u00e7\u00f5es, entre outras, Direito Constitucional, Civil e Processo Civil, Penal e Processo Penal. Recomenda-se que o estudante opte pela \u00e1rea que possui maior familiaridade para que os estudos se desenvolvam adequadamente.<\/p>\n\n\n\n<p>Em terceiro lugar, devido a modifica\u00e7\u00f5es recentes, <strong>o estudante de direito pode come\u00e7ar a buscar a sua aprova\u00e7\u00e3o no mencionado exame a partir do oitavo per\u00edodo<\/strong>.<\/p>\n\n\n\n<p>Outrossim, al\u00e9m de <strong>tr\u00eas chances por ano<\/strong>, ap\u00f3s a aprova\u00e7\u00e3o na primeira fase \u2013 em caso de reprova\u00e7\u00e3o na prova subjetiva-, o candidato tem direito a uma segunda tentativa na nesta fase.<\/p>\n\n\n\n<h2 class=\"wp-block-heading\" id=\"h-como-se-tornar-um-advogado-com-qualificacao-estudos-continuos\"><span id=\"como-se-tornar-um-advogado-com-qualificacao-estudos-continuos\">Como se tornar um advogado com qualifica\u00e7\u00e3o: estudos cont\u00ednuos<\/span><\/h2>\n\n\n\n<p>Na contemporaneidade, independente da \u00e1rea profissional, <strong>\u00e9 essencial que o profissional esteja atualizado <\/strong>com rela\u00e7\u00e3o ao seu \u00e2mbito laboral. Todavia, <strong>essa tarefa \u00e9 bastante \u00e1rdua e di\u00e1ria para os advogados<\/strong>, uma vez que \u2013 devido \u00e0s jurisprud\u00eancias e modifica\u00e7\u00f5es legislativas \u2013 diariamente ocorrem mudan\u00e7as no ordenamento jur\u00eddico.<\/p>\n\n\n\n<p>Dessa maneira, devido \u00e0 variedade de esferas jur\u00eddicas, <strong>o advogado deve buscar a especializa\u00e7\u00e3o<\/strong>, com o intuito que esteja cada vez mais qualificado para o exerc\u00edcio da sua atividade profissional.<\/p>\n\n\n\n<p>Sendo assim, <strong>\u00e9 importante que o advogado fa\u00e7a p\u00f3s-gradua\u00e7\u00f5es, mestrados e doutorados, al\u00e9m de ser um ass\u00edduo estudioso da sua \u00e1rea de atua\u00e7\u00e3o<\/strong>. Ademais, n\u00e3o obstante os avan\u00e7os quanto aos conhecimentos te\u00f3ricos, constantemente \u00e9 primordial que realize reciclagens legislativas, assim como jurisprudenciais.<\/p>\n\n\n\n<p>Por outro lado, \u00e9 importante tamb\u00e9m que o profissional se aperfei\u00e7oe em t\u00e9cnicas orais (para as audi\u00eancias), assim como nas pe\u00e7as pr\u00e1ticas.<\/p>\n\n\n\n<h2 class=\"wp-block-heading\" id=\"h-consideracoes-finais\"><span id=\"consideracoes-finais\">Considera\u00e7\u00f5es Finais<\/span><\/h2>\n\n\n\n<p>Diante disso, <strong>trouxemos todos os esclarecimentos primordiais acerca de como se tornar advogado<\/strong>, de modo que agora voc\u00ea sabe a gradua\u00e7\u00e3o exigida para o exerc\u00edcio profissional e o tempo de dura\u00e7\u00e3o dessa. Outrossim, a essencialidade de aprova\u00e7\u00e3o no Exame da OAB.<\/p>\n\n\n\n<p>Enfim, quer aprofundar mais os seus conhecimentos? <strong><a href=\"https:\/\/oab.estrategia.com\/?utm_source=google&amp;utm_medium=cpc&amp;utm_campaign=ecj-oab-vd-gsh-oab-inst&amp;gclid=CjwKCAjw_YShBhAiEiwAMomsEFAdn638fcWMiuU0BDXVaLculIVuXiThK7hTJmlxe-uEY80HBNUmsxoCEJsQAvD_BwE\" target=\"_blank\" >Venha conosco!<\/a><\/strong><\/p>\n\n\n\n<p><strong>Leia tamb\u00e9m:<\/strong><\/p>\n\n\n\n<ul class=\"wp-block-list\">\n<li><a href=\"https:\/\/oab.estrategia.com\/portal\/como-sao-distribuidas-as-questoes-da-oab\/\" target=\"_blank\" >Como s\u00e3o distribu\u00eddas as quest\u00f5es da OAB?<\/a><\/li>\n\n\n\n<li><a href=\"https:\/\/www.estrategiaconcursos.com.br\/blog\/recursos-segunda-fase-oab\/\" target=\"_blank\" >Recursos na segunda fase da OAB: entenda agora!<\/a><\/li>\n<\/ul>\n\n\n\n<p>Desejo muita resili\u00eancia nos estudos e perseveran\u00e7a em seus objetivos!<\/p>\n\n\n\n<p><strong>A vit\u00f3ria \u00e9 certa para quem n\u00e3o desiste!<\/strong><\/p>\n\n\n\n<p><strong>Bons estudos!<\/strong><\/p>\n\n\n\n<p><\/p>\n\n\n\n<h2 class=\"wp-block-heading has-text-align-center\" id=\"h-quer-saber-tudo-sobre-o-exame-de-ordem-acesse\"><span id=\"quer-saber-tudo-sobre-o-exame-de-ordem-acesse\">Quer saber tudo sobre o Exame de Ordem? Acesse:<\/span><\/h2>\n\n\n\n<p class=\"has-text-align-center has-background has-medium-font-size\" style=\"background-color:#f78da86e\"><a href=\"https:\/\/oab.estrategia.com\/portal\/prova-oab\/\" target=\"_blank\" >Prova OAB<\/a><\/p>\n\n\n\n<div class=\"wp-block-cover\" style=\"min-height:147px;aspect-ratio:unset;\"><img decoding=\"async\" width=\"1024\" height=\"190\" class=\"wp-block-cover__image-background wp-image-963\" alt=\"1\u00aa fase do exame de ordem oab curso\" src=\"https:\/\/oab.estrategia.com\/portal\/wp-content\/uploads\/2022\/06\/20153604\/assinatura-curso-oab-primeira-fase-1024x190.jpg\" style=\"object-position:58% 29%\" data-object-fit=\"cover\" data-object-position=\"58% 29%\" srcset=\"https:\/\/oab.estrategia.com\/portal\/wp-content\/uploads\/2022\/06\/20153604\/assinatura-curso-oab-primeira-fase-1024x190.jpg 1024w, https:\/\/oab.estrategia.com\/portal\/wp-content\/uploads\/2022\/06\/20153604\/assinatura-curso-oab-primeira-fase-300x56.jpg 300w, https:\/\/oab.estrategia.com\/portal\/wp-content\/uploads\/2022\/06\/20153604\/assinatura-curso-oab-primeira-fase-768x143.jpg 768w, https:\/\/oab.estrategia.com\/portal\/wp-content\/uploads\/2022\/06\/20153604\/assinatura-curso-oab-primeira-fase-1536x285.jpg 1536w, https:\/\/oab.estrategia.com\/portal\/wp-content\/uploads\/2022\/06\/20153604\/assinatura-curso-oab-primeira-fase-380x71.jpg 380w, https:\/\/oab.estrategia.com\/portal\/wp-content\/uploads\/2022\/06\/20153604\/assinatura-curso-oab-primeira-fase-800x149.jpg 800w, https:\/\/oab.estrategia.com\/portal\/wp-content\/uploads\/2022\/06\/20153604\/assinatura-curso-oab-primeira-fase-1160x215.jpg 1160w, https:\/\/oab.estrategia.com\/portal\/wp-content\/uploads\/2022\/06\/20153604\/assinatura-curso-oab-primeira-fase.jpg 1890w\" sizes=\"(max-width: 1024px) 100vw, 1024px\" \/><span aria-hidden=\"true\" class=\"wp-block-cover__background has-background-dim\"><\/span><div class=\"wp-block-cover__inner-container is-layout-flow wp-block-cover-is-layout-flow\">\n<h3 id=\"curso-para-a-1a-fase-da-oab\" class=\"titulo-assinatura\">Curso para a 1\u00aa Fase da OAB<\/h3>\n<p class=\"subtitulo-assinatura\" style=\"display:block!important; line-height: 0;\">Conhe\u00e7a os cursos!<\/p>\n<a target=\"_blank\" href=\"https:\/\/oab.estrategia.com\/concurso\/primeira-fase-46-exame\" rel=\"noopener\"><button style=\"border-radius: 10px; text-transform: capitalize;\">Acessar<\/button><\/a>\n<\/div><\/div>\n\n\n\n<div class=\"wp-block-group\"><div class=\"wp-block-group__inner-container is-layout-constrained wp-block-group-is-layout-constrained\">\n<div class=\"wp-block-cover\" style=\"min-height:84px;aspect-ratio:unset;\"><img decoding=\"async\" width=\"1160\" height=\"215\" class=\"wp-block-cover__image-background wp-image-15434\" alt=\"\" src=\"https:\/\/oab.estrategia.com\/portal\/wp-content\/uploads\/2025\/01\/31012626\/Banner-curso-de-ingles-no-seu-ritmo-vermelho-e-azul-moderno-1160-x-215-px.png\" style=\"object-position:100% 28%\" data-object-fit=\"cover\" data-object-position=\"100% 28%\" srcset=\"https:\/\/oab.estrategia.com\/portal\/wp-content\/uploads\/2025\/01\/31012626\/Banner-curso-de-ingles-no-seu-ritmo-vermelho-e-azul-moderno-1160-x-215-px.png 1160w, https:\/\/oab.estrategia.com\/portal\/wp-content\/uploads\/2025\/01\/31012626\/Banner-curso-de-ingles-no-seu-ritmo-vermelho-e-azul-moderno-1160-x-215-px-300x56.png 300w, https:\/\/oab.estrategia.com\/portal\/wp-content\/uploads\/2025\/01\/31012626\/Banner-curso-de-ingles-no-seu-ritmo-vermelho-e-azul-moderno-1160-x-215-px-1024x190.png 1024w, https:\/\/oab.estrategia.com\/portal\/wp-content\/uploads\/2025\/01\/31012626\/Banner-curso-de-ingles-no-seu-ritmo-vermelho-e-azul-moderno-1160-x-215-px-768x142.png 768w, https:\/\/oab.estrategia.com\/portal\/wp-content\/uploads\/2025\/01\/31012626\/Banner-curso-de-ingles-no-seu-ritmo-vermelho-e-azul-moderno-1160-x-215-px-380x70.png 380w, https:\/\/oab.estrategia.com\/portal\/wp-content\/uploads\/2025\/01\/31012626\/Banner-curso-de-ingles-no-seu-ritmo-vermelho-e-azul-moderno-1160-x-215-px-800x148.png 800w, https:\/\/oab.estrategia.com\/portal\/wp-content\/uploads\/2025\/01\/31012626\/Banner-curso-de-ingles-no-seu-ritmo-vermelho-e-azul-moderno-1160-x-215-px-150x28.png 150w\" sizes=\"(max-width: 1160px) 100vw, 1160px\" \/><span aria-hidden=\"true\" class=\"wp-block-cover__background has-background-dim\"><\/span><div class=\"wp-block-cover__inner-container is-layout-flow wp-block-cover-is-layout-flow\">\n<h3 id=\"cursos-para-a-2a-fase-da-oab\" class=\"titulo-assinatura\">Cursos para a 2\u00aa Fase da OAB<\/h3>\n<p class=\"subtitulo-assinatura\" style=\"display:block!important; line-height: 0;\">Conhe\u00e7a os cursos!<\/p>\n<a target=\"_blank\" href=\"https:\/\/oab.estrategia.com\/concursos\/cursos\/segunda-fase-oab\" rel=\"noopener\"><button style=\"border-radius: 10px; text-transform: capitalize;\">Acessar<\/button><\/a>\n<\/div><\/div>\n<\/div><\/div>\n\n\n\n<div class=\"wp-block-cover\" style=\"min-height:145px;aspect-ratio:unset;\"><span aria-hidden=\"true\" class=\"wp-block-cover__background has-background-dim\"><\/span><img decoding=\"async\" width=\"1024\" height=\"190\" class=\"wp-block-cover__image-background wp-image-2272\" alt=\"\" src=\"https:\/\/oab.estrategia.com\/portal\/wp-content\/uploads\/2022\/08\/19111944\/assinatura-oab-banner-exame-de-ordem-oab-assinatura-curso-oab-1024x190.jpg\" style=\"object-position:58% 29%\" data-object-fit=\"cover\" data-object-position=\"58% 29%\" srcset=\"https:\/\/oab.estrategia.com\/portal\/wp-content\/uploads\/2022\/08\/19111944\/assinatura-oab-banner-exame-de-ordem-oab-assinatura-curso-oab-1024x190.jpg 1024w, https:\/\/oab.estrategia.com\/portal\/wp-content\/uploads\/2022\/08\/19111944\/assinatura-oab-banner-exame-de-ordem-oab-assinatura-curso-oab-300x56.jpg 300w, https:\/\/oab.estrategia.com\/portal\/wp-content\/uploads\/2022\/08\/19111944\/assinatura-oab-banner-exame-de-ordem-oab-assinatura-curso-oab-768x143.jpg 768w, https:\/\/oab.estrategia.com\/portal\/wp-content\/uploads\/2022\/08\/19111944\/assinatura-oab-banner-exame-de-ordem-oab-assinatura-curso-oab-1536x285.jpg 1536w, https:\/\/oab.estrategia.com\/portal\/wp-content\/uploads\/2022\/08\/19111944\/assinatura-oab-banner-exame-de-ordem-oab-assinatura-curso-oab-380x71.jpg 380w, https:\/\/oab.estrategia.com\/portal\/wp-content\/uploads\/2022\/08\/19111944\/assinatura-oab-banner-exame-de-ordem-oab-assinatura-curso-oab-800x149.jpg 800w, https:\/\/oab.estrategia.com\/portal\/wp-content\/uploads\/2022\/08\/19111944\/assinatura-oab-banner-exame-de-ordem-oab-assinatura-curso-oab-1160x215.jpg 1160w, https:\/\/oab.estrategia.com\/portal\/wp-content\/uploads\/2022\/08\/19111944\/assinatura-oab-banner-exame-de-ordem-oab-assinatura-curso-oab-150x28.jpg 150w, https:\/\/oab.estrategia.com\/portal\/wp-content\/uploads\/2022\/08\/19111944\/assinatura-oab-banner-exame-de-ordem-oab-assinatura-curso-oab.jpg 1890w\" sizes=\"(max-width: 1024px) 100vw, 1024px\" \/><div class=\"wp-block-cover__inner-container is-layout-flow wp-block-cover-is-layout-flow\">\n<h3 id=\"assinatura-oab\" class=\"titulo-assinatura\">Assinatura OAB<\/h3>\n<p class=\"subtitulo-assinatura\" style=\"display:block!important; line-height: 0;\">Conte\u00fado completo para a 1\u00aa e 2\u00aa fase da OAB.<\/p>\n<a target=\"_blank\" href=\"https:\/\/oab.estrategia.com\/curso\/assinatura-oab\/\" rel=\"noopener\"><button style=\"border-radius: 10px; text-transform: capitalize;\">Acessar<\/button><\/a>\n<\/div><\/div>\n\n\n\n<p class=\"has-text-align-center\"><strong>Nossas redes sociais<\/strong><\/p>\n\n\n\n<p class=\"has-text-align-center has-pale-cyan-blue-background-color has-background has-small-font-size\"><a href=\"https:\/\/www.instagram.com\/estrategiaoab\/\" target=\"_blank\" >Instagram Estrat\u00e9gia OAB<\/a><\/p>\n\n\n\n<p class=\"has-text-align-center has-light-green-cyan-background-color has-background has-small-font-size\"><a href=\"https:\/\/www.youtube.com\/channel\/UC7rgrKTSF5aOrBGWOw60ovw\" target=\"_blank\" >YouTube Estrat\u00e9gia OAB<\/a><\/p>\n\n\n\n<p class=\"has-text-align-center has-very-light-gray-background-color has-background has-small-font-size\"><a href=\"http:\/\/bit.ly\/TelegramOAB\" target=\"_blank\" >Inscreva-se no Telegram<\/a><\/p>\n\n\n\n<p><\/p>\n\n\n\n<p><\/p>\n\n\n\n<p><\/p>\n\n\n\n<div class=\"wp-block-cover\" style=\"min-height:145px;aspect-ratio:unset;\"><span aria-hidden=\"true\" class=\"wp-block-cover__background has-background-dim\"><\/span><img decoding=\"async\" width=\"1024\" height=\"190\" class=\"wp-block-cover__image-background wp-image-2272\" alt=\"\" src=\"https:\/\/oab.estrategia.com\/portal\/wp-content\/uploads\/2022\/08\/19111944\/assinatura-oab-banner-exame-de-ordem-oab-assinatura-curso-oab-1024x190.jpg\" style=\"object-position:58% 29%\" data-object-fit=\"cover\" data-object-position=\"58% 29%\" srcset=\"https:\/\/oab.estrategia.com\/portal\/wp-content\/uploads\/2022\/08\/19111944\/assinatura-oab-banner-exame-de-ordem-oab-assinatura-curso-oab-1024x190.jpg 1024w, https:\/\/oab.estrategia.com\/portal\/wp-content\/uploads\/2022\/08\/19111944\/assinatura-oab-banner-exame-de-ordem-oab-assinatura-curso-oab-300x56.jpg 300w, https:\/\/oab.estrategia.com\/portal\/wp-content\/uploads\/2022\/08\/19111944\/assinatura-oab-banner-exame-de-ordem-oab-assinatura-curso-oab-768x143.jpg 768w, https:\/\/oab.estrategia.com\/portal\/wp-content\/uploads\/2022\/08\/19111944\/assinatura-oab-banner-exame-de-ordem-oab-assinatura-curso-oab-1536x285.jpg 1536w, https:\/\/oab.estrategia.com\/portal\/wp-content\/uploads\/2022\/08\/19111944\/assinatura-oab-banner-exame-de-ordem-oab-assinatura-curso-oab-380x71.jpg 380w, https:\/\/oab.estrategia.com\/portal\/wp-content\/uploads\/2022\/08\/19111944\/assinatura-oab-banner-exame-de-ordem-oab-assinatura-curso-oab-800x149.jpg 800w, https:\/\/oab.estrategia.com\/portal\/wp-content\/uploads\/2022\/08\/19111944\/assinatura-oab-banner-exame-de-ordem-oab-assinatura-curso-oab-1160x215.jpg 1160w, https:\/\/oab.estrategia.com\/portal\/wp-content\/uploads\/2022\/08\/19111944\/assinatura-oab-banner-exame-de-ordem-oab-assinatura-curso-oab-150x28.jpg 150w, https:\/\/oab.estrategia.com\/portal\/wp-content\/uploads\/2022\/08\/19111944\/assinatura-oab-banner-exame-de-ordem-oab-assinatura-curso-oab.jpg 1890w\" sizes=\"(max-width: 1024px) 100vw, 1024px\" \/><div class=\"wp-block-cover__inner-container is-layout-flow wp-block-cover-is-layout-flow\">\n<h3 id=\"assinatura-oab-2\" class=\"titulo-assinatura\">Assinatura OAB<\/h3>\n<p class=\"subtitulo-assinatura\" style=\"display:block!important; line-height: 0;\">Conte\u00fado completo para a 1\u00aa e 2\u00aa fase da OAB.<\/p>\n<a target=\"_blank\" href=\"https:\/\/oab.estrategia.com\/curso\/assinatura-oab\/\" rel=\"noopener\"><button style=\"border-radius: 10px; text-transform: capitalize;\">Acessar<\/button><\/a>\n<\/div><\/div>\n","protected":false},"excerpt":{"rendered":"Ol\u00e1, estudante! Tudo bem contigo? Espero que sim! Neste material, buscaremos esclarecer a d\u00favida de muitas pessoas acerca&hellip;\n","protected":false},"author":37,"featured_media":6316,"comment_status":"open","ping_status":"open","sticky":false,"template":"","format":"standard","meta":{"_jetpack_memberships_contains_paid_content":false,"footnotes":""},"categories":[48],"tags":[],"class_list":{"0":"post-6768","1":"post","2":"type-post","3":"status-publish","4":"format-standard","5":"has-post-thumbnail","7":"category-dicas-oab"},"acf":[],"yoast_head":"<!-- This site is optimized with the Yoast SEO Premium plugin v26.2 (Yoast SEO v27.4) - https:\/\/yoast.com\/product\/yoast-seo-premium-wordpress\/ -->\n<title>Como se tornar um advogado? Saiba mais!<\/title>\n<meta name=\"description\" content=\"Como se tornar um advogado? Confira agora os principais esclarecimentos, exemplo da gradua\u00e7\u00e3o necess\u00e1ria e a qualifica\u00e7\u00e3o exigida!\" \/>\n<meta name=\"robots\" content=\"index, follow, max-snippet:-1, max-image-preview:large, max-video-preview:-1\" \/>\n<link rel=\"canonical\" href=\"https:\/\/oab.estrategia.com\/portal\/como-se-tornar-advogado\/\" \/>\n<meta property=\"og:locale\" content=\"pt_BR\" \/>\n<meta property=\"og:type\" content=\"article\" \/>\n<meta property=\"og:title\" content=\"Como se tornar um advogado? Saiba mais!\" \/>\n<meta property=\"og:description\" content=\"Como se tornar um advogado? Confira agora os principais esclarecimentos, exemplo da gradua\u00e7\u00e3o necess\u00e1ria e a qualifica\u00e7\u00e3o exigida!\" \/>\n<meta property=\"og:url\" content=\"https:\/\/oab.estrategia.com\/portal\/como-se-tornar-advogado\/\" \/>\n<meta property=\"og:site_name\" content=\"Blog - OAB - Estrat\u00e9gia\" \/>\n<meta property=\"article:publisher\" content=\"https:\/\/www.facebook.com\/estrategiaoab\/\" \/>\n<meta property=\"article:published_time\" content=\"2023-04-10T18:17:41+00:00\" \/>\n<meta property=\"article:modified_time\" content=\"2023-04-10T18:17:42+00:00\" \/>\n<meta property=\"og:image\" content=\"https:\/\/oab.estrategia.com\/portal\/wp-content\/uploads\/2022\/06\/17125852\/prova-ordem-nacional-dor-advogados-do-brasil.jpg\" \/>\n\t<meta property=\"og:image:width\" content=\"960\" \/>\n\t<meta property=\"og:image:height\" content=\"540\" \/>\n\t<meta property=\"og:image:type\" content=\"image\/jpeg\" \/>\n<meta name=\"author\" content=\"Gabriel Rocha da Graca\" \/>\n<meta name=\"twitter:card\" content=\"summary_large_image\" \/>\n<meta name=\"twitter:creator\" content=\"@estrategiaoab\" \/>\n<meta name=\"twitter:site\" content=\"@estrategiaoab\" \/>\n<meta name=\"twitter:label1\" content=\"Escrito por\" \/>\n\t<meta name=\"twitter:data1\" content=\"Gabriel Rocha da Graca\" \/>\n\t<meta name=\"twitter:label2\" content=\"Est. tempo de leitura\" \/>\n\t<meta name=\"twitter:data2\" content=\"6 minutos\" \/>\n<script type=\"application\/ld+json\" class=\"yoast-schema-graph\">{\"@context\":\"https:\\\/\\\/schema.org\",\"@graph\":[{\"@type\":\"Article\",\"@id\":\"https:\\\/\\\/oab.estrategia.com\\\/portal\\\/como-se-tornar-advogado\\\/#article\",\"isPartOf\":{\"@id\":\"https:\\\/\\\/oab.estrategia.com\\\/portal\\\/como-se-tornar-advogado\\\/\"},\"author\":{\"name\":\"Gabriel Rocha da Graca\",\"@id\":\"https:\\\/\\\/oab.estrategia.com\\\/portal\\\/#\\\/schema\\\/person\\\/1b65a3b888efba31c77700f11d7eb5e3\"},\"headline\":\"Como se tornar um advogado? Saiba mais!\",\"datePublished\":\"2023-04-10T18:17:41+00:00\",\"dateModified\":\"2023-04-10T18:17:42+00:00\",\"mainEntityOfPage\":{\"@id\":\"https:\\\/\\\/oab.estrategia.com\\\/portal\\\/como-se-tornar-advogado\\\/\"},\"wordCount\":1064,\"commentCount\":0,\"publisher\":{\"@id\":\"https:\\\/\\\/oab.estrategia.com\\\/portal\\\/#organization\"},\"image\":{\"@id\":\"https:\\\/\\\/oab.estrategia.com\\\/portal\\\/como-se-tornar-advogado\\\/#primaryimage\"},\"thumbnailUrl\":\"https:\\\/\\\/oab.estrategia.com\\\/portal\\\/wp-content\\\/uploads\\\/2022\\\/06\\\/17125852\\\/prova-ordem-nacional-dor-advogados-do-brasil.jpg\",\"articleSection\":[\"Dicas OAB\"],\"inLanguage\":\"pt-BR\",\"potentialAction\":[{\"@type\":\"CommentAction\",\"name\":\"Comment\",\"target\":[\"https:\\\/\\\/oab.estrategia.com\\\/portal\\\/como-se-tornar-advogado\\\/#respond\"]}],\"accessibilityFeature\":[\"tableOfContents\"]},{\"@type\":\"WebPage\",\"@id\":\"https:\\\/\\\/oab.estrategia.com\\\/portal\\\/como-se-tornar-advogado\\\/\",\"url\":\"https:\\\/\\\/oab.estrategia.com\\\/portal\\\/como-se-tornar-advogado\\\/\",\"name\":\"Como se tornar um advogado? Saiba mais!\",\"isPartOf\":{\"@id\":\"https:\\\/\\\/oab.estrategia.com\\\/portal\\\/#website\"},\"primaryImageOfPage\":{\"@id\":\"https:\\\/\\\/oab.estrategia.com\\\/portal\\\/como-se-tornar-advogado\\\/#primaryimage\"},\"image\":{\"@id\":\"https:\\\/\\\/oab.estrategia.com\\\/portal\\\/como-se-tornar-advogado\\\/#primaryimage\"},\"thumbnailUrl\":\"https:\\\/\\\/oab.estrategia.com\\\/portal\\\/wp-content\\\/uploads\\\/2022\\\/06\\\/17125852\\\/prova-ordem-nacional-dor-advogados-do-brasil.jpg\",\"datePublished\":\"2023-04-10T18:17:41+00:00\",\"dateModified\":\"2023-04-10T18:17:42+00:00\",\"description\":\"Como se tornar um advogado? Confira agora os principais esclarecimentos, exemplo da gradua\u00e7\u00e3o necess\u00e1ria e a qualifica\u00e7\u00e3o exigida!\",\"breadcrumb\":{\"@id\":\"https:\\\/\\\/oab.estrategia.com\\\/portal\\\/como-se-tornar-advogado\\\/#breadcrumb\"},\"inLanguage\":\"pt-BR\",\"potentialAction\":[{\"@type\":\"ReadAction\",\"target\":[\"https:\\\/\\\/oab.estrategia.com\\\/portal\\\/como-se-tornar-advogado\\\/\"]}]},{\"@type\":\"ImageObject\",\"inLanguage\":\"pt-BR\",\"@id\":\"https:\\\/\\\/oab.estrategia.com\\\/portal\\\/como-se-tornar-advogado\\\/#primaryimage\",\"url\":\"https:\\\/\\\/oab.estrategia.com\\\/portal\\\/wp-content\\\/uploads\\\/2022\\\/06\\\/17125852\\\/prova-ordem-nacional-dor-advogados-do-brasil.jpg\",\"contentUrl\":\"https:\\\/\\\/oab.estrategia.com\\\/portal\\\/wp-content\\\/uploads\\\/2022\\\/06\\\/17125852\\\/prova-ordem-nacional-dor-advogados-do-brasil.jpg\",\"width\":960,\"height\":540,\"caption\":\"prova da oab\"},{\"@type\":\"BreadcrumbList\",\"@id\":\"https:\\\/\\\/oab.estrategia.com\\\/portal\\\/como-se-tornar-advogado\\\/#breadcrumb\",\"itemListElement\":[{\"@type\":\"ListItem\",\"position\":1,\"name\":\"In\u00edcio\",\"item\":\"https:\\\/\\\/oab.estrategia.com\\\/portal\\\/\"},{\"@type\":\"ListItem\",\"position\":2,\"name\":\"Como se tornar um advogado? Saiba mais!\"}]},{\"@type\":\"WebSite\",\"@id\":\"https:\\\/\\\/oab.estrategia.com\\\/portal\\\/#website\",\"url\":\"https:\\\/\\\/oab.estrategia.com\\\/portal\\\/\",\"name\":\"Blog - OAB - Estrat\u00e9gia\",\"description\":\"Blog OAB - Estrat\u00e9gia Concursos\",\"publisher\":{\"@id\":\"https:\\\/\\\/oab.estrategia.com\\\/portal\\\/#organization\"},\"potentialAction\":[{\"@type\":\"SearchAction\",\"target\":{\"@type\":\"EntryPoint\",\"urlTemplate\":\"https:\\\/\\\/oab.estrategia.com\\\/portal\\\/?s={search_term_string}\"},\"query-input\":{\"@type\":\"PropertyValueSpecification\",\"valueRequired\":true,\"valueName\":\"search_term_string\"}}],\"inLanguage\":\"pt-BR\"},{\"@type\":\"Organization\",\"@id\":\"https:\\\/\\\/oab.estrategia.com\\\/portal\\\/#organization\",\"name\":\"Estrat\u00e9gia Concursos\",\"url\":\"https:\\\/\\\/oab.estrategia.com\\\/portal\\\/\",\"logo\":{\"@type\":\"ImageObject\",\"inLanguage\":\"pt-BR\",\"@id\":\"https:\\\/\\\/oab.estrategia.com\\\/portal\\\/#\\\/schema\\\/logo\\\/image\\\/\",\"url\":\"https:\\\/\\\/oab.estrategia.com\\\/portal\\\/wp-content\\\/uploads\\\/2022\\\/04\\\/06103601\\\/oab-icone-2.png\",\"contentUrl\":\"https:\\\/\\\/oab.estrategia.com\\\/portal\\\/wp-content\\\/uploads\\\/2022\\\/04\\\/06103601\\\/oab-icone-2.png\",\"width\":900,\"height\":900,\"caption\":\"Estrat\u00e9gia Concursos\"},\"image\":{\"@id\":\"https:\\\/\\\/oab.estrategia.com\\\/portal\\\/#\\\/schema\\\/logo\\\/image\\\/\"},\"sameAs\":[\"https:\\\/\\\/www.facebook.com\\\/estrategiaoab\\\/\",\"https:\\\/\\\/x.com\\\/estrategiaoab\",\"https:\\\/\\\/www.instagram.com\\\/estrategiaoab\\\/\",\"https:\\\/\\\/www.youtube.com\\\/EstrategiaOAB\"]},{\"@type\":\"Person\",\"@id\":\"https:\\\/\\\/oab.estrategia.com\\\/portal\\\/#\\\/schema\\\/person\\\/1b65a3b888efba31c77700f11d7eb5e3\",\"name\":\"Gabriel Rocha da Graca\",\"image\":{\"@type\":\"ImageObject\",\"inLanguage\":\"pt-BR\",\"@id\":\"https:\\\/\\\/oab.estrategia.com\\\/portal\\\/wp-content\\\/uploads\\\/2022\\\/07\\\/22145924\\\/estrategia-oab-coordenacao-96x96.jpg\",\"url\":\"https:\\\/\\\/oab.estrategia.com\\\/portal\\\/wp-content\\\/uploads\\\/2022\\\/07\\\/22145924\\\/estrategia-oab-coordenacao-96x96.jpg\",\"contentUrl\":\"https:\\\/\\\/oab.estrategia.com\\\/portal\\\/wp-content\\\/uploads\\\/2022\\\/07\\\/22145924\\\/estrategia-oab-coordenacao-96x96.jpg\",\"caption\":\"Gabriel Rocha da Graca\"},\"description\":\"Sou Bacharel em Direito e possuo cinco especializa\u00e7\u00f5es, entre as quais destaco a minha P\u00f3s-Gradua\u00e7\u00e3o em Ci\u00eancias Criminais e meus MBAs em Gest\u00e3o da Seguran\u00e7a P\u00fablica e em Gest\u00e3o de Pol\u00edcia Ostensiva. Ademais, fui aprovado, de primeira, no XXX Exame da Ordem dos Advogados do Brasil, bem como conquistei diversas aprova\u00e7\u00f5es em concursos p\u00fablicos, entre as quais destaco os \\\"top-5\\\" nos concursos do CFO PM-GO, CFO PM-RN, Delegado\\\/BA e Soldado PM\\\/SE. Atualmente, estou Aspirante a Oficial na Pol\u00edcia Militar do Estado de Goi\u00e1s.\",\"url\":\"https:\\\/\\\/oab.estrategia.com\\\/portal\\\/author\\\/gabriel-rocha-da-graca\\\/\"}]}<\/script>\n<!-- \/ Yoast SEO Premium plugin. -->","yoast_head_json":{"title":"Como se tornar um advogado? Saiba mais!","description":"Como se tornar um advogado? Confira agora os principais esclarecimentos, exemplo da gradua\u00e7\u00e3o necess\u00e1ria e a qualifica\u00e7\u00e3o exigida!","robots":{"index":"index","follow":"follow","max-snippet":"max-snippet:-1","max-image-preview":"max-image-preview:large","max-video-preview":"max-video-preview:-1"},"canonical":"https:\/\/oab.estrategia.com\/portal\/como-se-tornar-advogado\/","og_locale":"pt_BR","og_type":"article","og_title":"Como se tornar um advogado? Saiba mais!","og_description":"Como se tornar um advogado? Confira agora os principais esclarecimentos, exemplo da gradua\u00e7\u00e3o necess\u00e1ria e a qualifica\u00e7\u00e3o exigida!","og_url":"https:\/\/oab.estrategia.com\/portal\/como-se-tornar-advogado\/","og_site_name":"Blog - OAB - Estrat\u00e9gia","article_publisher":"https:\/\/www.facebook.com\/estrategiaoab\/","article_published_time":"2023-04-10T18:17:41+00:00","article_modified_time":"2023-04-10T18:17:42+00:00","og_image":[{"width":960,"height":540,"url":"https:\/\/oab.estrategia.com\/portal\/wp-content\/uploads\/2022\/06\/17125852\/prova-ordem-nacional-dor-advogados-do-brasil.jpg","type":"image\/jpeg"}],"author":"Gabriel Rocha da Graca","twitter_card":"summary_large_image","twitter_creator":"@estrategiaoab","twitter_site":"@estrategiaoab","twitter_misc":{"Escrito por":"Gabriel Rocha da Graca","Est. tempo de leitura":"6 minutos"},"schema":{"@context":"https:\/\/schema.org","@graph":[{"@type":"Article","@id":"https:\/\/oab.estrategia.com\/portal\/como-se-tornar-advogado\/#article","isPartOf":{"@id":"https:\/\/oab.estrategia.com\/portal\/como-se-tornar-advogado\/"},"author":{"name":"Gabriel Rocha da Graca","@id":"https:\/\/oab.estrategia.com\/portal\/#\/schema\/person\/1b65a3b888efba31c77700f11d7eb5e3"},"headline":"Como se tornar um advogado? Saiba mais!","datePublished":"2023-04-10T18:17:41+00:00","dateModified":"2023-04-10T18:17:42+00:00","mainEntityOfPage":{"@id":"https:\/\/oab.estrategia.com\/portal\/como-se-tornar-advogado\/"},"wordCount":1064,"commentCount":0,"publisher":{"@id":"https:\/\/oab.estrategia.com\/portal\/#organization"},"image":{"@id":"https:\/\/oab.estrategia.com\/portal\/como-se-tornar-advogado\/#primaryimage"},"thumbnailUrl":"https:\/\/oab.estrategia.com\/portal\/wp-content\/uploads\/2022\/06\/17125852\/prova-ordem-nacional-dor-advogados-do-brasil.jpg","articleSection":["Dicas OAB"],"inLanguage":"pt-BR","potentialAction":[{"@type":"CommentAction","name":"Comment","target":["https:\/\/oab.estrategia.com\/portal\/como-se-tornar-advogado\/#respond"]}],"accessibilityFeature":["tableOfContents"]},{"@type":"WebPage","@id":"https:\/\/oab.estrategia.com\/portal\/como-se-tornar-advogado\/","url":"https:\/\/oab.estrategia.com\/portal\/como-se-tornar-advogado\/","name":"Como se tornar um advogado? Saiba mais!","isPartOf":{"@id":"https:\/\/oab.estrategia.com\/portal\/#website"},"primaryImageOfPage":{"@id":"https:\/\/oab.estrategia.com\/portal\/como-se-tornar-advogado\/#primaryimage"},"image":{"@id":"https:\/\/oab.estrategia.com\/portal\/como-se-tornar-advogado\/#primaryimage"},"thumbnailUrl":"https:\/\/oab.estrategia.com\/portal\/wp-content\/uploads\/2022\/06\/17125852\/prova-ordem-nacional-dor-advogados-do-brasil.jpg","datePublished":"2023-04-10T18:17:41+00:00","dateModified":"2023-04-10T18:17:42+00:00","description":"Como se tornar um advogado? Confira agora os principais esclarecimentos, exemplo da gradua\u00e7\u00e3o necess\u00e1ria e a qualifica\u00e7\u00e3o exigida!","breadcrumb":{"@id":"https:\/\/oab.estrategia.com\/portal\/como-se-tornar-advogado\/#breadcrumb"},"inLanguage":"pt-BR","potentialAction":[{"@type":"ReadAction","target":["https:\/\/oab.estrategia.com\/portal\/como-se-tornar-advogado\/"]}]},{"@type":"ImageObject","inLanguage":"pt-BR","@id":"https:\/\/oab.estrategia.com\/portal\/como-se-tornar-advogado\/#primaryimage","url":"https:\/\/oab.estrategia.com\/portal\/wp-content\/uploads\/2022\/06\/17125852\/prova-ordem-nacional-dor-advogados-do-brasil.jpg","contentUrl":"https:\/\/oab.estrategia.com\/portal\/wp-content\/uploads\/2022\/06\/17125852\/prova-ordem-nacional-dor-advogados-do-brasil.jpg","width":960,"height":540,"caption":"prova da oab"},{"@type":"BreadcrumbList","@id":"https:\/\/oab.estrategia.com\/portal\/como-se-tornar-advogado\/#breadcrumb","itemListElement":[{"@type":"ListItem","position":1,"name":"In\u00edcio","item":"https:\/\/oab.estrategia.com\/portal\/"},{"@type":"ListItem","position":2,"name":"Como se tornar um advogado? Saiba mais!"}]},{"@type":"WebSite","@id":"https:\/\/oab.estrategia.com\/portal\/#website","url":"https:\/\/oab.estrategia.com\/portal\/","name":"Blog - OAB - Estrat\u00e9gia","description":"Blog OAB - Estrat\u00e9gia Concursos","publisher":{"@id":"https:\/\/oab.estrategia.com\/portal\/#organization"},"potentialAction":[{"@type":"SearchAction","target":{"@type":"EntryPoint","urlTemplate":"https:\/\/oab.estrategia.com\/portal\/?s={search_term_string}"},"query-input":{"@type":"PropertyValueSpecification","valueRequired":true,"valueName":"search_term_string"}}],"inLanguage":"pt-BR"},{"@type":"Organization","@id":"https:\/\/oab.estrategia.com\/portal\/#organization","name":"Estrat\u00e9gia Concursos","url":"https:\/\/oab.estrategia.com\/portal\/","logo":{"@type":"ImageObject","inLanguage":"pt-BR","@id":"https:\/\/oab.estrategia.com\/portal\/#\/schema\/logo\/image\/","url":"https:\/\/oab.estrategia.com\/portal\/wp-content\/uploads\/2022\/04\/06103601\/oab-icone-2.png","contentUrl":"https:\/\/oab.estrategia.com\/portal\/wp-content\/uploads\/2022\/04\/06103601\/oab-icone-2.png","width":900,"height":900,"caption":"Estrat\u00e9gia Concursos"},"image":{"@id":"https:\/\/oab.estrategia.com\/portal\/#\/schema\/logo\/image\/"},"sameAs":["https:\/\/www.facebook.com\/estrategiaoab\/","https:\/\/x.com\/estrategiaoab","https:\/\/www.instagram.com\/estrategiaoab\/","https:\/\/www.youtube.com\/EstrategiaOAB"]},{"@type":"Person","@id":"https:\/\/oab.estrategia.com\/portal\/#\/schema\/person\/1b65a3b888efba31c77700f11d7eb5e3","name":"Gabriel Rocha da Graca","image":{"@type":"ImageObject","inLanguage":"pt-BR","@id":"https:\/\/oab.estrategia.com\/portal\/wp-content\/uploads\/2022\/07\/22145924\/estrategia-oab-coordenacao-96x96.jpg","url":"https:\/\/oab.estrategia.com\/portal\/wp-content\/uploads\/2022\/07\/22145924\/estrategia-oab-coordenacao-96x96.jpg","contentUrl":"https:\/\/oab.estrategia.com\/portal\/wp-content\/uploads\/2022\/07\/22145924\/estrategia-oab-coordenacao-96x96.jpg","caption":"Gabriel Rocha da Graca"},"description":"Sou Bacharel em Direito e possuo cinco especializa\u00e7\u00f5es, entre as quais destaco a minha P\u00f3s-Gradua\u00e7\u00e3o em Ci\u00eancias Criminais e meus MBAs em Gest\u00e3o da Seguran\u00e7a P\u00fablica e em Gest\u00e3o de Pol\u00edcia Ostensiva. Ademais, fui aprovado, de primeira, no XXX Exame da Ordem dos Advogados do Brasil, bem como conquistei diversas aprova\u00e7\u00f5es em concursos p\u00fablicos, entre as quais destaco os \"top-5\" nos concursos do CFO PM-GO, CFO PM-RN, Delegado\/BA e Soldado PM\/SE. Atualmente, estou Aspirante a Oficial na Pol\u00edcia Militar do Estado de Goi\u00e1s.","url":"https:\/\/oab.estrategia.com\/portal\/author\/gabriel-rocha-da-graca\/"}]}},"jetpack_featured_media_url":"https:\/\/oab.estrategia.com\/portal\/wp-content\/uploads\/2022\/06\/17125852\/prova-ordem-nacional-dor-advogados-do-brasil.jpg","jetpack_sharing_enabled":true,"_links":{"self":[{"href":"https:\/\/oab.estrategia.com\/portal\/wp-json\/wp\/v2\/posts\/6768","targetHints":{"allow":["GET"]}}],"collection":[{"href":"https:\/\/oab.estrategia.com\/portal\/wp-json\/wp\/v2\/posts"}],"about":[{"href":"https:\/\/oab.estrategia.com\/portal\/wp-json\/wp\/v2\/types\/post"}],"author":[{"embeddable":true,"href":"https:\/\/oab.estrategia.com\/portal\/wp-json\/wp\/v2\/users\/37"}],"replies":[{"embeddable":true,"href":"https:\/\/oab.estrategia.com\/portal\/wp-json\/wp\/v2\/comments?post=6768"}],"version-history":[{"count":4,"href":"https:\/\/oab.estrategia.com\/portal\/wp-json\/wp\/v2\/posts\/6768\/revisions"}],"predecessor-version":[{"id":6774,"href":"https:\/\/oab.estrategia.com\/portal\/wp-json\/wp\/v2\/posts\/6768\/revisions\/6774"}],"wp:featuredmedia":[{"embeddable":true,"href":"https:\/\/oab.estrategia.com\/portal\/wp-json\/wp\/v2\/media\/6316"}],"wp:attachment":[{"href":"https:\/\/oab.estrategia.com\/portal\/wp-json\/wp\/v2\/media?parent=6768"}],"wp:term":[{"taxonomy":"category","embeddable":true,"href":"https:\/\/oab.estrategia.com\/portal\/wp-json\/wp\/v2\/categories?post=6768"},{"taxonomy":"post_tag","embeddable":true,"href":"https:\/\/oab.estrategia.com\/portal\/wp-json\/wp\/v2\/tags?post=6768"}],"curies":[{"name":"wp","href":"https:\/\/api.w.org\/{rel}","templated":true}]}}