{"id":7229,"date":"2023-05-03T09:35:30","date_gmt":"2023-05-03T12:35:30","guid":{"rendered":"https:\/\/oab.estrategia.com\/portal\/?p=7229"},"modified":"2023-05-03T09:44:05","modified_gmt":"2023-05-03T12:44:05","slug":"37o-exame-oab-correcao-2a-fase-direito-constitucional","status":"publish","type":"post","link":"https:\/\/oab.estrategia.com\/portal\/37o-exame-oab-correcao-2a-fase-direito-constitucional\/","title":{"rendered":"37\u00ba Exame OAB: corre\u00e7\u00e3o 2\u00aa fase Direito Constitucional"},"content":{"rendered":"\n<p>Ol\u00e1, <em><strong>Turma de Constitucionalistas!<\/strong><\/em><\/p>\n\n\n\n<p>Como foram de <strong>2\u00aa fase<\/strong>? Gostaram da prova do\u00a0<strong>37\u00ba Exame da OAB<\/strong>?<\/p>\n\n\n\n<p>Particularmente, estamos satisfeitos com a aplica\u00e7\u00e3o da prova pela Funda\u00e7\u00e3o Get\u00falio Vargas &#8211; FGV. Tivemos um bom n\u00edvel t\u00e9cnico das quest\u00f5es, privilegiando quem se preparou em alto n\u00edvel.<\/p>\n\n\n\n<p>Na pe\u00e7a processual, tivemos a cobran\u00e7a de uma <strong>A\u00e7\u00e3o Popular.<\/strong>A pe\u00e7a foi bem trabalhada durante o nosso curso. Vale destacar, inclusive, que fizemos o treino desta a\u00e7\u00e3o no nosso primeiro laborat\u00f3rio de pe\u00e7as!<\/p>\n\n\n\n<p>No tocante \u00e0s quest\u00f5es discursivas, de modo geral estavam boas. Um detalhe ou outro&#8230;um pouco mais dif\u00edcil um item ou outro&#8230;.mas em linhas gerais nossos alunos tiveram condi\u00e7\u00f5es de prestar um bom Exame de Ordem.<\/p>\n\n\n\n<p>A banca abordou especialmente os seguintes temas: <em>reparti\u00e7\u00e3o de compet\u00eancias, direitos individuais e coletivos, rem\u00e9dios constitucionais, consultas populares (cobran\u00e7a da EC n\u00ba 111\/2021).<\/em><\/p>\n\n\n\n<p>Vamos conferir os detalhes de cada item da prova?<\/p>\n\n\n\n<p class=\"has-pale-pink-background-color has-background has-medium-font-size\"><strong>Enunciado &#8211; Pe\u00e7a Profissional<\/strong><\/p>\n\n\n\n<p><strong>O Munic\u00edpio Sigma se notabilizou no territ\u00f3rio nacional em raz\u00e3o da exuber\u00e2ncia das paisagens existentes em sua esfera territorial, entre as quais se destacava uma \u00e1rea de preserva\u00e7\u00e3o ambiental localizada na \u00e1rea central do Munic\u00edpio. Essa \u00e1rea foi criada h\u00e1 mais de uma d\u00e9cada por for\u00e7a do Decreto n\u00ba XX, da lavra do ent\u00e3o prefeito municipal, tendo tornado a regi\u00e3o t\u00e3o apraz\u00edvel que, em poucos anos, foram erguidas constru\u00e7\u00f5es em todas as demais \u00e1reas livres, valorizando-a sobremaneira.<\/strong><\/p>\n\n\n\n<p><strong>Em raz\u00e3o desse quadro e da crescente especula\u00e7\u00e3o imobili\u00e1ria, Jo\u00e3o Santos, rec\u00e9m-empossado prefeito do Munic\u00edpio Sigma, foi visitado por Pedro Silva, conhecido construtor e principal doador de sua campanha eleitoral, e foi instado a cumprir uma promessa que fizera: Jo\u00e3o tinha afirmado que, caso fosse eleito, desafetaria a referida \u00e1rea de preserva\u00e7\u00e3o ambiental e permitiria que Pedro ali constru\u00edsse um conjunto habitacional e comercializasse as respectivas unidades.<\/strong><\/p>\n\n\n\n<p><strong>Apesar da desaprova\u00e7\u00e3o de sua equipe e da import\u00e2ncia atribu\u00edda \u00e0 \u00e1rea de preserva\u00e7\u00e3o ambiental pela popula\u00e7\u00e3o de Sigma, Jo\u00e3o achou que o desgaste seria ainda maior se descumprisse a promessa que fizera. Por essa raz\u00e3o, alegando a incid\u00eancia do princ\u00edpio da paridade das formas, editou o Decreto n\u00ba YY, no qual o Art. 1\u00ba promoveu a desafeta\u00e7\u00e3o da \u00e1rea de preserva\u00e7\u00e3o ambiental, tornando-a bem dominical; o Art. 2\u00ba transferiu sua propriedade a Pedro em car\u00e1ter permanente, autorizando a constru\u00e7\u00e3o do conjunto habitacional no local.<\/strong><\/p>\n\n\n\n<p><strong>A medida adotada por Jo\u00e3o deu ensejo a um esc\u00e2ndalo sem precedentes no Munic\u00edpio Sigma, pois era de conhecimento p\u00fablico que a edi\u00e7\u00e3o do Decreto n\u00ba YY tinha o objetivo de \u201cretribuir\u201d as doa\u00e7\u00f5es realizadas por Pedro para a campanha de Jo\u00e3o. Al\u00e9m disso, era muito difundida a opini\u00e3o de que a desafeta\u00e7\u00e3o da \u00e1rea n\u00e3o poderia ser realizada por um ato infralegal.<\/strong><\/p>\n\n\n\n<p><strong>Poucos dias ap\u00f3s a publica\u00e7\u00e3o do decreto, come\u00e7ou a ser percebida a chegada de caminh\u00f5es e retroescavadeiras ao centro do Munic\u00edpio Sigma, todos de propriedade de Pedro, al\u00e9m do fluxo de trabalhadores vindos de outros munic\u00edpios, j\u00e1 que os moradores de Sigma se negavam a atender \u00e0s ofertas de emprego para a derrubada das \u00e1rvores da \u00e1rea de preserva\u00e7\u00e3o ambiental.<\/strong><\/p>\n\n\n\n<p><strong>Estarrecida com o que est\u00e1 prestes a ocorrer, Joana Castro, vereadora no Munic\u00edpio Delta que \u00e9 lim\u00edtrofe ao Munic\u00edpio Sigma, decidiu procurar voc\u00ea, como advogado(a), para o ajuizamento da a\u00e7\u00e3o constitucional mais apropriada ao caso, visando a impedir a desafeta\u00e7\u00e3o, a transfer\u00eancia de propriedade da \u00e1rea e a destrui\u00e7\u00e3o da vegeta\u00e7\u00e3o, considerando, ao seu ver, a manifesta nulidade do ato que antecedeu este tr\u00e1gico desfecho, que est\u00e1 a prestes a ocorrer.<\/strong><\/p>\n\n\n\n<p><strong>A partir da narrativa acima, observados a capacidade pol\u00edtica de Joana Castro e os rem\u00e9dios constitucionais do Art. 5\u00ba da CRFB\/88, elabore a peti\u00e7\u00e3o inicial da medida judicial a ser proposta. (Valor: 5,00) Obs.: a pe\u00e7a deve abranger todos os fundamentos de Direito que possam ser utilizados para dar respaldo \u00e0 pretens\u00e3o. A simples men\u00e7\u00e3o ou transcri\u00e7\u00e3o do dispositivo legal n\u00e3o confere pontua\u00e7\u00e3o.<\/strong><\/p>\n\n\n\n<p class=\"has-pale-cyan-blue-background-color has-background has-medium-font-size\"><strong>Resposta &#8211; Pe\u00e7a Profissional<\/strong><\/p>\n\n\n\n<h3 id=\"cabimento\" class=\"wp-block-heading\"><strong>CABIMENTO<\/strong><\/h3>\n\n\n\n<p>A pe\u00e7a cab\u00edvel \u00e9 uma peti\u00e7\u00e3o inicial da <strong>A\u00e7\u00e3o Popular com Medida Liminar,<\/strong> nos art. 5\u00b0, LXXIII da CRFB\/88 e na art. 1\u00ba e seguintes da Lei n\u00b0. 4.717\/65<\/p>\n\n\n\n<p>A peti\u00e7\u00e3o deve ser <strong>endere\u00e7ada<\/strong> ao Ju\u00edzo C\u00edvel da Comarca X ou ao Ju\u00edzo de Fazenda P\u00fablica da Comarca X, que abranja a esfera territorial do Munic\u00edpio Sigma. Isso porque, os dados constantes do enunciado n\u00e3o permitem identificar a organiza\u00e7\u00e3o judici\u00e1ria do local.<\/p>\n\n\n\n<h3 id=\"legitimidade\" class=\"wp-block-heading\"><strong>LEGITIMIDADE<\/strong><\/h3>\n\n\n\n<p>A <strong>legitimidade ativa<\/strong> \u00e9 de Joana Castro, vereadora, que se encontra em pleno gozo dos direitos pol\u00edticos. Decorre do fato de ser cidad\u00e3, conforme disp\u00f5e o art. 5\u00ba, inciso LXXIII, da CRFB\/88 ou o art. 1\u00ba, caput e par\u00e1grafo 3\u00ba. da Lei n\u00ba 4.717\/65.<\/p>\n\n\n\n<p>Por outro lado, na <strong>legitimidade passiva<\/strong> podemos destarcar: (i) Jo\u00e3o Santos decorre do fato de ser o respons\u00e1vel pela edi\u00e7\u00e3o do Decreto n\u00ba YY, conforme disp\u00f5e o Art. 6\u00ba, caput, da Lei n\u00ba 4.717\/65; (ii) Pedro Silva, pelo fato de ser benefici\u00e1rio direto do ato praticado por Jo\u00e3o, (Art. 6\u00ba, caput, da Lei n\u00ba 4.717\/65); e (iii) Munic\u00edpio Sigma, por impedir a produ\u00e7\u00e3o de efeitos do Decreto n\u00ba YY, conforme disp\u00f5e o art. 6\u00ba, \u00a7 3\u00ba, da Lei n\u00ba 4.717\/65.<\/p>\n\n\n\n<h3 id=\"fundamentos-juridicos\" class=\"wp-block-heading\"><strong>FUNDAMENTOS JUR\u00cdDICOS:<\/strong><\/h3>\n\n\n\n<p>Na fundamenta\u00e7\u00e3o jur\u00eddica, podemos contemplar alguns aspectos relevantes. Em primeiro plano, estamos diante de um rem\u00e9dio constituional visando a prote\u00e7\u00e3o de valor fundamental, nos termos do art. 5\u00b0, LXXIII da CRFB\/88 combinado com os art. 1\u00b0 e seguintes da Lei 4.717\/65.<\/p>\n\n\n\n<p>Seria importante informar a viola\u00e7\u00e3o ao princ\u00edpio da moralidade administrativa, previsto no art. 37 da Carta Magna c\/c o art. 5\u00ba, inciso LXXIII, da CRFB\/88. Ainda, \u00e9 poss\u00edvel a declara\u00e7\u00e3o de nulidade do Decreto n\u00ba YY por meio da A\u00e7\u00e3o Popular, j\u00e1 que houve flagrante viola\u00e7\u00e3o ao princ\u00edpio da legalidade, nos termos no art. 2\u00ba, al\u00ednea c, da Lei n\u00ba 4.771\/1965. Outrossim, resta caracterizado a exist\u00eancia de ato lesivo ao patrim\u00f4nio p\u00fablico, conforme previs\u00e3o do art. 1\u00ba, caput, da Lei n\u00ba. 4.717\/65).<\/p>\n\n\n\n<p>No m\u00e9rito, seria v\u00e1lido a constru\u00e7\u00e3o de argumentos jur\u00eddicos no seguinte sentido:<\/p>\n\n\n\n<ol class=\"wp-block-list\" type=\"i\">\n<li>a desafeta\u00e7\u00e3o da \u00e1rea de preserva\u00e7\u00e3o ambiental exigiria a edi\u00e7\u00e3o de lei, nos termos do art. 225, \u00a7 1\u00ba, inciso III, da CRFB\/88;<\/li>\n\n\n\n<li>a doa\u00e7\u00e3o de \u00e1rea p\u00fablica a particular, como retribui\u00e7\u00e3o por doa\u00e7\u00e3o eleitoral, afronta a moralidade administrativa, protegida pelo Art. 37, caput, ou pelo Art. 5\u00ba, inciso LXXIII, ambos da CRFB\/88;<\/li>\n\n\n\n<li>a atribui\u00e7\u00e3o de um bem p\u00fablico a uma pessoa em particular, sem motivo id\u00f4neo, tamb\u00e9m afronta a impessoalidade, protegida pelo art. 37, caput, da CRFB\/88. Em consequ\u00eancia, o Decreto n\u00ba YY \u00e9 nulo, nos termos do art. 2\u00ba, al\u00edneas c e e, bem como o par\u00e1grafo \u00fanico, al\u00edneas \u201cc\u201d e \u201ce\u201d, da Lei n\u00ba 4.717\/65, em raz\u00e3o do desvio de finalidade e de sua manifesta disson\u00e2ncia das normas constitucionais.<\/li>\n<\/ol>\n\n\n\n<h3 id=\"medida-liminar\" class=\"wp-block-heading\"><strong>MEDIDA LIMINAR<\/strong><\/h3>\n\n\n\n<p>H\u00e1 o cabimento de uma <strong>medida liminar<\/strong>, nos termos art. 5\u00b0, \u00a74\u00b0 da Lei n\u00ba. 4.717\/65. O objetivo \u00e9 impedir o ato lesivo, ou seja, a iminente destrui\u00e7\u00e3o da vegeta\u00e7\u00e3o em \u00e1rea de preserva\u00e7\u00e3o permanente. Nesse aspecto, seria necess\u00e1rio contemplar os requisitos para a concess\u00e3o da tutela provis\u00f3ria: fuma\u00e7a do bom direito e o perigo na demora.<\/p>\n\n\n\n<p>O <em>fumus boni iuris<\/em> decorre da n\u00edtida ofensa aos comandos constitucionais e da plausibilidade do direito envolvido, o que acarreta a nulidade do Decreto n\u00ba YY. Por outro lado, o <em>periculum in mora<\/em> resta caracterizado na imin\u00eancia da destrui\u00e7\u00e3o de \u00e1rea de preserva\u00e7\u00e3o ambiental.<\/p>\n\n\n\n<h3 class=\"wp-block-heading\" id=\"h-pedidos\"><span id=\"pedidos\"><strong>PEDIDOS<\/strong><\/span><\/h3>\n\n\n\n<p>O examinando deve formular o <strong>pedido de declara\u00e7\u00e3o de nulidade<\/strong> do Decreto n\u00ba YY, impedindo-se, portanto, que produza efeitos.<\/p>\n\n\n\n<p>Vale ressaltar que, embora n\u00e3o tenha sido comteplado no espelho da FGV, seria poss\u00edvel acrescentar alguns pedidos relevantes para melhor constru\u00e7\u00e3o da A\u00e7\u00e3o Popular:<\/p>\n\n\n\n<p>1) a concess\u00e3o do pedido liminar para fins de determinar&#8230;, conforme art. 5\u00ba, \u00a74\u00ba da lei n\u00ba 4.717\/65;<\/p>\n\n\n\n<p>2) No m\u00e9rito, a proced\u00eancia da a\u00e7\u00e3o para fins de decretar a invalidade do ato impugnado e condenar os r\u00e9us ao pagamento de perdas e danos, conforme art. 11 da lei n\u00ba 4.717\/65;<\/p>\n\n\n\n<p>3) a cita\u00e7\u00e3o dos r\u00e9us nos endere\u00e7os indicados na peti\u00e7\u00e3o;<\/p>\n\n\n\n<p>4) que sejam os r\u00e9us condenados a ressarcir ao autor das despesas que teve com o ajuizamento desta a\u00e7\u00e3o, bem como pagar custas e honor\u00e1rios, conforme art. 12 da lei n\u00ba 4.717\/65;<\/p>\n\n\n\n<p>5) a produ\u00e7\u00e3o de todos os meios de prova em direito admitidas;<\/p>\n\n\n\n<p>6) a intima\u00e7\u00e3o do representante do Minist\u00e9rio P\u00fablico, nos termos do art. 6, \u00a74\u00ba; 7\u00ba, I, al\u00ednea a da lei 4.717\/65;<\/p>\n\n\n\n<p>7) a juntada de documentos.<\/p>\n\n\n\n<p><strong>FECHAMENTO<\/strong><\/p>\n\n\n\n<p>O examinando deve &#8211; juntar aos autos os t\u00edtulos de eleitor de Joana; &#8211; atribuir valor \u00e0 causa; e &#8211; qualificar-se como advogado.<\/p>\n\n\n\n<p class=\"has-light-green-cyan-background-color has-background has-medium-font-size\"><strong>Possibilidade de amplia\u00e7\u00e3o do gabarito da pe\u00e7a<\/strong><\/p>\n\n\n\n<p>Meus amigos, analisando o espelho provis\u00f3rio da FGV, entendo que seria poss\u00edvel uma amplia\u00e7\u00e3o do gabarito pela banca examinadora, visando contemplar ainda os seguintes argumentos jur\u00eddicos:<\/p>\n\n\n\n<ul class=\"wp-block-list\">\n<li>Viola\u00e7\u00e3o ao Meio Ambiente, j\u00e1 que estamos diante de \u00e1rea de preserva\u00e7\u00e3o ambiental (art. 225 e \u00a7 1\u00ba, IV e VII e 3\u00ba da CF\/88);<\/li>\n\n\n\n<li>Viola\u00e7\u00e3o ao Princ\u00edpio da Legalidade (art. 225, III, da CF\/88), pois incumbe ao poder p\u00fablico \u201cdefinir, em todas as unidades da Federa\u00e7\u00e3o, espa\u00e7os territoriais e seus componentes a serem especialmente protegidos, sendo a altera\u00e7\u00e3o e a supress\u00e3o permitidas somente atrav\u00e9s de lei, vedada qualquer utiliza\u00e7\u00e3o que comprometa a integridade dos atributos que justifiquem sua prote\u00e7\u00e3o\u201d;<\/li>\n\n\n\n<li>Viola\u00e7\u00e3o ao princ\u00edpio da impessoalidade, j\u00e1 que houve n\u00edtido desvio de finalidade, conforme a previs\u00e3o do art. 2\u00ba, al\u00ednea e, da Lei 4717\/65 c\/c art. 37 da CF\/88;<\/li>\n\n\n\n<li>Compet\u00eancia comum dos entes visando preservar as florestas, a fauna e a flora \u2013 Art. 23, VII da CRFB\/88;<\/li>\n\n\n\n<li>Compet\u00eancia concorrente (a qual se inclui o Munic\u00edpio tamb\u00e9m) para legislar (lei em sentido estrito e n\u00e3o decreto) sobre florestas, ca\u00e7a, pesca, fauna, conserva\u00e7\u00e3o da natureza, defesa do solo e dos recursos naturais, prote\u00e7\u00e3o do meio ambiente e controle da polui\u00e7\u00e3o \u2013 Art. 24, VI da CRFB\/88;<\/li>\n\n\n\n<li>Viola\u00e7\u00e3o ao Princ\u00edpio da Legalidade \u2013 art. 225, inciso III da CF\/88.<\/li>\n<\/ul>\n\n\n\n<h3 id=\"questao-1\" class=\"wp-block-heading has-light-green-cyan-background-color has-background\"><strong>Quest\u00e3o 1<\/strong><\/h3>\n\n\n\n<p><strong>Enunciado:<\/strong><\/p>\n\n\n\n<p><strong>O Munic\u00edpio Alfa, cuja \u00e1rea central constitu\u00edda apenas de edifica\u00e7\u00f5es p\u00fablicas municipais era considerada patrim\u00f4nio hist\u00f3rico, editou a Lei n\u00ba XX, dispondo que seria submetida \u00e0 consulta popular a possibilidade, ou n\u00e3o, de ve\u00edculos automotores circularem pelas ruas que integravam a referida \u00e1rea. De acordo com os debates, apesar dessa circula\u00e7\u00e3o ser c\u00f4moda aos propriet\u00e1rios de ve\u00edculos, ela dificultava o acesso de turistas. A C\u00e2mara Municipal de Alfa ainda decidiu que seria imediatamente solicitado \u00e0 Justi\u00e7a Eleitoral que o respectivo quesito fosse submetido \u00e0 popula\u00e7\u00e3o local de modo concomitante \u00e0 elei\u00e7\u00e3o municipal a ser realizada no ano seguinte.<\/strong><\/p>\n\n\n\n<p><strong>Sobre a hip\u00f3tese apresentada, responda aos questionamentos a seguir.<\/strong><\/p>\n\n\n\n<p><strong>A) A Lei n\u00ba XX do Munic\u00edpio Alfa \u00e9 formalmente compat\u00edvel com a ordem constitucional? Justifique. (Valor: 0,60)<\/strong><\/p>\n\n\n\n<p><strong>B) Considerando a sistem\u00e1tica constitucional, a Justi\u00e7a Eleitoral deve atender \u00e0 solicita\u00e7\u00e3o da C\u00e2mara Municipal de Alfa? Justifique. (Valor: 0,65)<\/strong><\/p>\n\n\n\n<p><strong>Obs.: o(a) examinando(a) deve fundamentar suas respostas. A mera cita\u00e7\u00e3o do dispositivo legal n\u00e3o confere pontua\u00e7\u00e3o.<\/strong><\/p>\n\n\n\n<p><strong>Resposta:<\/strong><\/p>\n\n\n\n<p>A) Sim, estamos diante de Lei formalmente Constitucional. Trata-se de assunto de interesse local, nos termos do art. 30, inciso I combinado com os incisos VIII e IX da CF\/88. Neste aspecto, tem-se aspectos complementares quanto \u00e0 compet\u00eancia do Munic\u00edpio para \u201cpromover, no que couber, adequado ordenamento territorial, mediante planejamento e controle do uso, do parcelamento e da ocupa\u00e7\u00e3o do solo urbano; ou ainda \u201cpromover a prote\u00e7\u00e3o do patrim\u00f4nio hist\u00f3rico-cultural local, observada a legisla\u00e7\u00e3o e a a\u00e7\u00e3o fiscalizadora federal e estadual\u201d.<\/p>\n\n\n\n<p>B) Sim. A Justi\u00e7a Eleitoral deve atender \u00e0 solicita\u00e7\u00e3o da C\u00e2mara Municipal visando realizar a chamada consulta popular. \u00c9 a previs\u00e3o do art. 14, \u00a7 12\u00ba da CF\/88.<\/p>\n\n\n\n<h3 id=\"possibilidade-de-ampliacao-do-gabarito-da-questao-1\" class=\"wp-block-heading\"><strong>Possibilidade de amplia\u00e7\u00e3o do gabarito da quest\u00e3o 1<\/strong><\/h3>\n\n\n\n<p>Meus amigos, alguns alunos trouxeram um questionamento sobre a compet\u00eancia da Uni\u00e3o para legislar sobre tr\u00e2nsito e transporte com base no art. 22, XI da CRFB\/88. Tecnicamente, esta compet\u00eancia da Uni\u00e3o n\u00e3o retira do Munic\u00edpio a compet\u00eancia que lhe \u00e9 pr\u00f3pria para tratar das quest\u00f5es locais como, por exemplo, os aspectos do tr\u00e1fego urbano local e o plano geral da cidade.<\/p>\n\n\n\n<p>Trata-se do princ\u00edpio da predomin\u00e2ncia de interesses que, no caso, deve ser respeitado o interesse da administra\u00e7\u00e3o p\u00fablica municipal. Imagine se a Uni\u00e3o fosse interferir no Munic\u00edpio de Salvador dizendo \u201cOlha, no Pelourinho, a circula\u00e7\u00e3o de pessoas, o tr\u00e1fego urbano deve ser assim, assado, com ve\u00edculos, sem ve\u00edculos etc.\u201d.<\/p>\n\n\n\n<p>Ter\u00edamos, em alguma medida, a interfer\u00eancia do Estado na regulamenta\u00e7\u00e3o do tr\u00e1fego urbano e pol\u00edtica urbana, o que poderia suscitar inclusive um conflito de entes federados, em preju\u00edzo para a administra\u00e7\u00e3o local. Salvo melhor ju\u00edzo, entendemos como correta a posi\u00e7\u00e3o do examinador.<\/p>\n\n\n\n<p>O pr\u00f3prio C\u00f3digo de Tr\u00e2nsito Brasileiro \u2013 CTB caminha nesse sentido, ao estabelecer que:<\/p>\n\n\n\n<p>Art. 24. Compete aos \u00f3rg\u00e3os e entidades executivos de tr\u00e2nsito dos Munic\u00edpios, no \u00e2mbito de sua circunscri\u00e7\u00e3o:&nbsp;<\/p>\n\n\n\n<p>I &#8211; cumprir e fazer cumprir a legisla\u00e7\u00e3o e as normas de tr\u00e2nsito, no \u00e2mbito de suas atribui\u00e7\u00f5es;<\/p>\n\n\n\n<p>II &#8211; <strong>planejar, projetar, regulamentar e operar<\/strong> o tr\u00e2nsito de ve\u00edculos, de pedestres e de animais e promover o desenvolvimento, tempor\u00e1rio ou definitivo, da circula\u00e7\u00e3o, da seguran\u00e7a e das \u00e1reas de prote\u00e7\u00e3o de ciclistas;&nbsp;&nbsp;<a href=\"https:\/\/www.planalto.gov.br\/ccivil_03\/_Ato2019-2022\/2020\/Lei\/L14071.htm#art1\">&nbsp;(Reda\u00e7\u00e3o dada pela Lei n\u00ba 14.071, de 2020)<\/a>&nbsp;&nbsp;<\/p>\n\n\n\n<p>Sobre o tema, vale destacar as considera\u00e7\u00f5es de Hely Lopes Meireles: \u201cO tr\u00e1fego sujeita-se aos mesmo princ\u00edpios enunciados para o tr\u00e2nsito no que concerne \u00e0 compet\u00eancia para sua regulamenta\u00e7\u00e3o: cabe \u00e0 Uni\u00e3o legislar sobre tr\u00e1fego interestadual; cabe ao Estado-membro prover sobre tr\u00e1fego regional; e compete ao Munic\u00edpio dispor sobre tr\u00e1fego local, essencialmente o urbano. E assim \u00e9 na generalidade das na\u00e7\u00f5es civilizadas, que reconhecem \u00e0s comunidade locais o direito-dever de zelar pela participa\u00e7\u00e3o e pelo transporte em seu territ\u00f3rio, preservando o sistema vi\u00e1rio \u2013 urbano e rural \u2013 contra o congestionamento do tr\u00e2nsito e os excessos do tr\u00e1fego [&#8230;]\u201d<\/p>\n\n\n\n<p>Nesse sentido, o Supremo Tribunal Federal tem posicionamento sobre a compet\u00eancia do Munic\u00edpio para tratar sobre o assuntos tipicamente de interesse local, como o tr\u00e1fego urbano e a circula\u00e7\u00e3o de ve\u00edculos dentro do pr\u00f3prio munic\u00edpio, em respeito ao ordenamento territorial urbano:<\/p>\n\n\n\n<p>\u201cCONSTITUCIONAL. COMPET\u00caNCIA NORMATIVA. DECRETO MUNICIPAL N. 29.231\/2008, DO RIO DE JANEIRO. RESTRI\u00c7\u00c3O DE HOR\u00c1RIO PARA <em>CIRCULA\u00c7\u00c3O DE VE\u00cdCULOS<\/em> DE CARGA E SUAS OPERA\u00c7\u00d5ES. LEGITIMIDADE. PRECEDENTE: RMS 29.990\/RJ. RECURSO ORDIN\u00c1RIO A QUE SE NEGA PROVIMENTO.\u201d (&#8230;) A decis\u00e3o proferida pelo Tribunal de origem est\u00e1 alinhada com a jurisprud\u00eancia desta Corte no sentido de que o Munic\u00edpio \u00e9 competente para disciplinar o tr\u00e2nsito e o tr\u00e1fego no seu territ\u00f3rio especialmente quanta \u00e0s regras de <em>circula\u00e7\u00e3o de ve\u00edculo<\/em> e suas restri\u00e7\u00f5es. (RE 664957\/DF, Rel. Min. Roberto Barroso, Julgamento em 29\/04\/2019)<\/p>\n\n\n\n<p>\u201cCONSTITUCIONAL. MUNIC\u00cdPIO: COMPET\u00caNCIA: IMPOSI\u00c7\u00c3O DE MULTAS: <em>VE\u00cdCULOS<\/em> ESTACIONADOS SOBRE CAL\u00c7ADAS, MEIOS FIOS, PASSEIOS, CANTEIROS E \u00c1REAS AJARDINADAS. Lei n\u00ba 10.328\/87, do Munic\u00edpio de S\u00e3o Paulo, SP. I. &#8211; Compet\u00eancia do Munic\u00edpio para proibir o estacionamento de <em>ve\u00edculos<\/em> sobre cal\u00e7adas, meios-fios, passeios, canteiros e \u00e1reas ajardinadas, impondo multas aos infratores. Lei n\u00ba 10.328\/87, do Munic\u00edpio de S\u00e3o Paulo, SP. Exerc\u00edcio de compet\u00eancia pr\u00f3pria &#8221; CF\/67, art. 15, II, CF\/88, art. 30, I &#8221; que reflete exerc\u00edcio do poder de pol\u00edcia do Munic\u00edpio. II. &#8211; Agravo n\u00e3o provido.\u201d (RE 191.363-AgR, Rel. Min. Carlos Velloso)<\/p>\n\n\n\n<p>\u201cCABE AO MUNIC\u00cdPIO REGULAR A UTILIZA\u00c7\u00c3O DAS VIAS PUBLICAS DENTRO DE SUA \u00c1REA TERRITORIAL DE <em>VEICULOS<\/em>, INCLUSIVE DE LINHAS INTER-ESTADUAIS E INTERNACIONAIS, DESDE QUE, EM RELA\u00c7\u00c3O A ESTAS, N\u00c3O PROCEDA COM ABUSO DE PODER, DE MODO A IMPOSSIBILITAR OU EMBARA\u00c7AR ATIVIDADES REGULADAS PELOS PODERES ESTADUAIS E FEDERAIS.\u201d (RMS 9.190, Rel. Min. Victor Nunes)<\/p>\n\n\n\n<p>\u201cAGRAVOS REGIMENTAIS NO RECURSO EXTRAORDIN\u00c1RIO. CONSTITUCIONAL. CONTROLE CONCENTRADO DE CONSTITUCIONALIDADE DE LEI MUNICIPAL. PLANEJAMENTO COSTEIRO. 1. Compet\u00eancia dos Munic\u00edpios para legislar sobre <em>assuntos<\/em> <em>de interesse local<\/em> e promover o ordenamento territorial urbano: necessidade de observ\u00e2ncia das normas estaduais sobre direito urban\u00edstico, meio ambiente e prote\u00e7\u00e3o ao patrim\u00f4nio tur\u00edstico e paisag\u00edstico. (RE 474.922-AgR-segundo\/SC, Rel.\u00aa Min.\u00aa C\u00e1rmen L\u00facia)<\/p>\n\n\n\n<h3 id=\"questao-2\" class=\"wp-block-heading has-light-green-cyan-background-color has-background\"><strong>Quest\u00e3o 2<\/strong><\/h3>\n\n\n\n<p><strong>Em raz\u00e3o do crescimento do bloco de oposi\u00e7\u00e3o ao governo no \u00e2mbito do Poder Legislativo do Estado Alfa, logrouse reformar a Constitui\u00e7\u00e3o Estadual para prever que os atos de exonera\u00e7\u00e3o dos Secret\u00e1rios de Estado somente produziriam efeitos ap\u00f3s a sua aprova\u00e7\u00e3o pela Assembleia Legislativa. A reforma ainda previu que o n\u00e3o atendimento dessa determina\u00e7\u00e3o, pelo chefe do Poder Executivo, caracterizaria crime de responsabilidade, sujeitando-o ao respectivo processo, conforme regras estabelecidas em lei. Irresignado com o teor da reforma constitucional, o Governador do Estado formulou \u00e0 sua assessoria os questionamentos a seguir.<\/strong><\/p>\n\n\n\n<p><strong>A) A previs\u00e3o, na Constitui\u00e7\u00e3o Estadual, de que os atos de exonera\u00e7\u00e3o dos Secret\u00e1rios de Estado somente produziriam efeitos ap\u00f3s a sua aprova\u00e7\u00e3o pela Assembleia Legislativa, \u00e9 compat\u00edvel com a Constitui\u00e7\u00e3o da Rep\u00fablica de 1988? Justifique. (Valor: 0,65)<\/strong><\/p>\n\n\n\n<p><strong>B) A tipifica\u00e7\u00e3o de crime de responsabilidade na Constitui\u00e7\u00e3o Estadual \u00e9 compat\u00edvel com a Constitui\u00e7\u00e3o da Rep\u00fablica de 1988? Justifique. (Valor: 0,60)<\/strong><\/p>\n\n\n\n<p><strong>Obs.: o(a) examinando(a) deve fundamentar suas respostas. A mera cita\u00e7\u00e3o do dispositivo legal n\u00e3o confere pontua\u00e7\u00e3o.<\/strong><\/p>\n\n\n\n<p><strong>Resposta:<\/strong><\/p>\n\n\n\n<p>A) N\u00e3o. Falta compatibilidade com o texto Constitucional, j\u00e1 que a exonera\u00e7\u00e3o dos Secret\u00e1rios de Estado \u00e9 ato privativo do chefe do Poder Executivo, n\u00e3o devendo ser sujeita \u00e0 aprova\u00e7\u00e3o da Assembleia Legislativa.<\/p>\n\n\n\n<p>Isso porque, por for\u00e7a da incid\u00eancia do Princ\u00edpio da Simetria (art. 25, caput, da CRFB\/1988), temos uma compet\u00eancia pr\u00f3pria do Chefe do Poder Executivo Federal. \u00c9 o Presidente da Rep\u00fablica quem nomeia e exonera os seus Ministros de Estado livremente, nos termos do art. 84, inciso I, ou do art. 2\u00ba, ambos da CRFB\/88. Deve ser observado o princ\u00edpio da Separa\u00e7\u00e3o dos Poderes, nesse aspecto. Em sendo norma de reprodu\u00e7\u00e3o obrigat\u00f3ria, a Constitui\u00e7\u00e3o Estadual deve respeitar os ditames da Constitui\u00e7\u00e3o Federal de 1988.<\/p>\n\n\n\n<p>B) N\u00e3o. Trata-se de mat\u00e9ria de compet\u00eancia privativa da Uni\u00e3o para legislar sobre normas de processo e julgamento do chefe do Poder Executivo, nos termos do art. 22, inciso I, da CRFB\/88. O pr\u00f3prio STF j\u00e1 consolidou o tema ao editar a S\u00famula Vinculante n\u00ba 46: \u201ca defini\u00e7\u00e3o dos crimes de responsabilidade e das respectivas normas de processo e julgamento \u00e9 de compet\u00eancia legislativa privativa da Uni\u00e3o\u201d.<\/p>\n\n\n\n<h3 id=\"questao-3\" class=\"wp-block-heading has-light-green-cyan-background-color has-background\"><strong>Quest\u00e3o 3<\/strong><\/h3>\n\n\n\n<p><strong>Enunciado:<\/strong><\/p>\n\n\n\n<p><strong>A Assembleia Legislativa do Estado Alfa instaurou Comiss\u00e3o Parlamentar de Inqu\u00e9rito com o objetivo de investigar os graves fatos apresentados em mat\u00e9ria jornal\u00edstica pelo principal jornal do Estado. A mat\u00e9ria descrevera o estado de inefici\u00eancia no \u00e2mbito da Secretaria Estadual de Educa\u00e7\u00e3o, o que vinha gerando graves preju\u00edzos na forma\u00e7\u00e3o dos jovens que estudavam em col\u00e9gios p\u00fablicos estaduais. Apesar da aparente nobreza da iniciativa, Jo\u00e3o, autor da mat\u00e9ria jornal\u00edstica, teve conhecimento de que o real objetivo da CPI era o de obrig\u00e1-lo a indicar quem lhe passara as informa\u00e7\u00f5es usadas para a elabora\u00e7\u00e3o da mat\u00e9ria. Para tanto, Jo\u00e3o seria convocado como testemunha e, caso se negasse a nomear sua fonte, seria preso em flagrante por falso testemunho, o que lhe causaria imenso desgaste junto \u00e0 opini\u00e3o p\u00fablica. Sobre a hip\u00f3tese apresentada, responda aos itens a seguir.<\/strong><\/p>\n\n\n\n<p><strong>A) Jo\u00e3o est\u00e1 obrigado, ao depor como testemunha perante a CPI, a indicar a pessoa que lhe passara as informa\u00e7\u00f5es utilizadas para a confecc\u00e3o da mat\u00e9ria? Justifique. (Valor: 0,65)<\/strong><\/p>\n\n\n\n<p><strong>B) Qual \u00e9 a a\u00e7\u00e3o constitucional pass\u00edvel de ser utilizada por Jo\u00e3o para que n\u00e3o venha a ser preso pela CPI, por n\u00e3o indicar a pessoa que lhe passou as informa\u00e7\u00f5es utilizadas para a elabora\u00e7\u00e3o da mat\u00e9ria? Justifique. (Valor: 0,60)<\/strong><\/p>\n\n\n\n<p><strong>Obs.: o(a) examinando(a) deve fundamentar suas respostas. A mera cita\u00e7\u00e3o do dispositivo legal n\u00e3o confere pontua\u00e7\u00e3o.<\/strong><\/p>\n\n\n\n<p><strong>Resposta:<\/strong><\/p>\n\n\n\n<p>A) N\u00e3o. Jo\u00e3o n\u00e3o est\u00e1 obrigado a indicar a fonte, pois possui o direito fundamental de resguardo do sigilo da fonte, nos termos do Art. 5\u00ba, inciso XIV da CF\/88. Trata-se de cl\u00e1usula p\u00e9trea, valor fundamental. Nesse sentido, cumpre destacar tamb\u00e9m a incid\u00eancia do art. 220, \u00a7 1\u00ba da CRFB\/88:<\/p>\n\n\n\n<p>Art. 220. A manifesta\u00e7\u00e3o do pensamento, a cria\u00e7\u00e3o, a express\u00e3o e a informa\u00e7\u00e3o, sob qualquer forma, processo ou ve\u00edculo n\u00e3o sofrer\u00e3o qualquer restri\u00e7\u00e3o, observado o disposto nesta Constitui\u00e7\u00e3o.<\/p>\n\n\n\n<p><a><\/a><a><\/a> &nbsp;\u00a7 1\u00ba Nenhuma lei conter\u00e1 dispositivo que possa constituir embara\u00e7o \u00e0 plena liberdade de informa\u00e7\u00e3o jornal\u00edstica em qualquer ve\u00edculo de comunica\u00e7\u00e3o social, observado o disposto no art. 5\u00ba, IV, V, X, XIII e XIV.<\/p>\n\n\n\n<p>B) Temos o cabimento do rem\u00e9dio constitucional do Habeas Corpus, de natureza preventiva, nos termos do art. 5\u00ba, inciso LXVIII da CRFB\/88. Embora a FGV n\u00e3o tenha contemplado a legisla\u00e7\u00e3o infranconstitucional, seria poss\u00edvel acrescer \u00e0 resposta o fundamento do art. 647 do CPP: \u201cDar-se-\u00e1 habeas corpus sempre que algu\u00e9m sofrer ou se achar na imin\u00eancia de sofrer viol\u00eancia ou coa\u00e7\u00e3o ilegal na sua liberdade de ir e vir, salvo nos casos de puni\u00e7\u00e3o disciplinar\u201d.<\/p>\n\n\n\n<h3 id=\"questao-4\" class=\"wp-block-heading has-light-green-cyan-background-color has-background\"><strong>Quest\u00e3o 4<\/strong><\/h3>\n\n\n\n<p><strong>Enunciado:<\/strong><\/p>\n\n\n\n<p><strong>A cooperativa XX, dedicada \u00e0 atividade de garimpo, compareceu perante o \u00f3rg\u00e3o federal competente e declinou o seu interesse em explorar a rec\u00e9m-descoberta jazida de min\u00e9rio existente na localidade Alfa, onde atua regularmente. Apesar de a cooperativa XX se dedicar h\u00e1 muitos anos \u00e0 explora\u00e7\u00e3o dessa atividade, o seu requerimento foi indeferido por duas raz\u00f5es b\u00e1sicas: a primeira porque a cooperativa foi criada de forma irregular, pois n\u00e3o foi previamente autorizada pelo \u00f3rg\u00e3o p\u00fablico competente, de modo que o seu funcionamento seria tamb\u00e9m irregular; a segunda, por sua vez, indicava que seria dada prefer\u00eancia, na lavra das jazidas minerais garimp\u00e1veis, na forma da lei, \u00e0s pessoas naturais, o que decorria da grave crise econ\u00f4mica na regi\u00e3o, que reduziu drasticamente os postos de trabalho. \u00c0 luz da ordem constitucional, responda aos itens a seguir.<\/strong><\/p>\n\n\n\n<p><strong>A) \u00c9 correta a afirma\u00e7\u00e3o de que a cooperativa XX foi criada de forma irregular? Justifique. (Valor: 0,60)<\/strong><\/p>\n\n\n\n<p><strong>B) Pode ser atribu\u00edda prefer\u00eancia \u00e0s pessoas naturais, na forma da lei, em detrimento da cooperativa, na autoriza\u00e7\u00e3o ou na concess\u00e3o da lavra das jazidas minerais garimp\u00e1veis? Justifique. (Valor: 0,65)<\/strong><\/p>\n\n\n\n<p><strong>Obs.: o(a) examinando(a) deve fundamentar suas respostas. A mera cita\u00e7\u00e3o do dispositivo legal n\u00e3o confere pontua\u00e7\u00e3o.<\/strong><\/p>\n\n\n\n<p><strong>Resposta:<\/strong><\/p>\n\n\n\n<p>A) N\u00e3o. Tecnicamente, a cria\u00e7\u00e3o de uma associa\u00e7\u00e3o ou de cooperativa independe de autoriza\u00e7\u00e3o estatal, nos termos do art. 5\u00ba, inciso XVIII, da CRFB\/88: \u201ca cria\u00e7\u00e3o de associa\u00e7\u00f5es e, na forma da lei, a de cooperativas independem de autoriza\u00e7\u00e3o, sendo vedada a interfer\u00eancia estatal em seu funcionamento\u201d.<\/p>\n\n\n\n<p>B) N\u00e3o. No caso em exame, a prioridade deve ser atribu\u00edda \u00e0 cooperativa, de acordo com a previs\u00e3o do art. 174, \u00a7 4\u00ba, da CRFB\/88: \u201cAs cooperativas a que se refere o par\u00e1grafo anterior ter\u00e3o prioridade na autoriza\u00e7\u00e3o ou concess\u00e3o para pesquisa e lavra dos recursos e jazidas de minerais garimp\u00e1veis, nas \u00e1reas onde estejam atuando, e naquelas fixadas de acordo com o art. 21, XXV, na forma da lei\u201d.<\/p>\n\n\n\n<p>Um pequeno detalhe, meus amigos! Penso que o examinador poderia ter trazido como complemento da resposta a fundamenta\u00e7\u00e3o do \u00a7 3\u00ba do art. 174 da CF\/88, que assim estabeleceu: O Estado favorecer\u00e1 a organiza\u00e7\u00e3o da atividade garimpeira <strong>em cooperativas<\/strong>, levando em conta a prote\u00e7\u00e3o do meio ambiente e a promo\u00e7\u00e3o econ\u00f4mico-social dos garimpeiros.<\/p>\n\n\n\n<h4 id=\"no-mais-e-isso-constitucionalistas-espero-que-tenham-feito-uma-boa-prova-%ef%81%8a\" class=\"wp-block-heading has-text-align-center\">No mais \u00e9 isso, Constitucionalistas! Espero que tenham feito uma boa prova. \uf04a<\/h4>\n\n\n\n<p>Agora \u00e9 hora de descansar um pouco. Baixar a adrenalina e aguardar o resultado final. Estaremos na torcida por todos voc\u00eas!!!<\/p>\n\n\n\n<p>Quem ainda tiver d\u00favida, pode me mandar uma mensagem nas redes sociais.<\/p>\n\n\n\n<p>Forte Abra\u00e7o,<\/p>\n\n\n\n<p>Profs. Diego Cerqueira e Kamila Santiago<\/p>\n\n\n\n<p class=\"has-blush-light-purple-gradient-background has-background\">Instagram: @profdiegocerqueira @profkamilasantiago<\/p>\n\n\n\n<h2 class=\"wp-block-heading has-text-align-center\" id=\"h-quer-saber-tudo-sobre-o-exame-de-ordem-acesse\"><span id=\"quer-saber-tudo-sobre-o-exame-de-ordem-acesse\">Quer saber tudo sobre o Exame de Ordem? Acesse:<\/span><\/h2>\n\n\n\n<p class=\"has-text-align-center has-background has-medium-font-size\" style=\"background-color:#f78da86e\"><a href=\"https:\/\/oab.estrategia.com\/portal\/prova-oab\/\" target=\"_blank\" >Prova OAB<\/a><\/p>\n\n\n\n<div class=\"wp-block-cover\" style=\"min-height:147px;aspect-ratio:unset;\"><img decoding=\"async\" width=\"1024\" height=\"190\" class=\"wp-block-cover__image-background wp-image-963\" alt=\"1\u00aa fase do exame de ordem oab curso\" src=\"https:\/\/oab.estrategia.com\/portal\/wp-content\/uploads\/2022\/06\/20153604\/assinatura-curso-oab-primeira-fase-1024x190.jpg\" style=\"object-position:58% 29%\" data-object-fit=\"cover\" data-object-position=\"58% 29%\" srcset=\"https:\/\/oab.estrategia.com\/portal\/wp-content\/uploads\/2022\/06\/20153604\/assinatura-curso-oab-primeira-fase-1024x190.jpg 1024w, https:\/\/oab.estrategia.com\/portal\/wp-content\/uploads\/2022\/06\/20153604\/assinatura-curso-oab-primeira-fase-300x56.jpg 300w, https:\/\/oab.estrategia.com\/portal\/wp-content\/uploads\/2022\/06\/20153604\/assinatura-curso-oab-primeira-fase-768x143.jpg 768w, https:\/\/oab.estrategia.com\/portal\/wp-content\/uploads\/2022\/06\/20153604\/assinatura-curso-oab-primeira-fase-1536x285.jpg 1536w, https:\/\/oab.estrategia.com\/portal\/wp-content\/uploads\/2022\/06\/20153604\/assinatura-curso-oab-primeira-fase-380x71.jpg 380w, https:\/\/oab.estrategia.com\/portal\/wp-content\/uploads\/2022\/06\/20153604\/assinatura-curso-oab-primeira-fase-800x149.jpg 800w, https:\/\/oab.estrategia.com\/portal\/wp-content\/uploads\/2022\/06\/20153604\/assinatura-curso-oab-primeira-fase-1160x215.jpg 1160w, https:\/\/oab.estrategia.com\/portal\/wp-content\/uploads\/2022\/06\/20153604\/assinatura-curso-oab-primeira-fase.jpg 1890w\" sizes=\"(max-width: 1024px) 100vw, 1024px\" \/><span aria-hidden=\"true\" class=\"wp-block-cover__background has-background-dim\"><\/span><div class=\"wp-block-cover__inner-container is-layout-flow wp-block-cover-is-layout-flow\">\n<h3 id=\"curso-para-a-1a-fase-da-oab\" class=\"titulo-assinatura\">Curso para a 1\u00aa Fase da OAB<\/h3>\n<p class=\"subtitulo-assinatura\" style=\"display:block!important; line-height: 0;\">Conhe\u00e7a os cursos!<\/p>\n<a target=\"_blank\" href=\"https:\/\/oab.estrategia.com\/concurso\/primeira-fase-46-exame\" rel=\"noopener\"><button style=\"border-radius: 10px; text-transform: capitalize;\">Acessar<\/button><\/a>\n<\/div><\/div>\n\n\n\n<div class=\"wp-block-group\"><div class=\"wp-block-group__inner-container is-layout-constrained wp-block-group-is-layout-constrained\">\n<div class=\"wp-block-cover\" style=\"min-height:84px;aspect-ratio:unset;\"><img decoding=\"async\" width=\"1160\" height=\"215\" class=\"wp-block-cover__image-background wp-image-15434\" alt=\"\" src=\"https:\/\/oab.estrategia.com\/portal\/wp-content\/uploads\/2025\/01\/31012626\/Banner-curso-de-ingles-no-seu-ritmo-vermelho-e-azul-moderno-1160-x-215-px.png\" style=\"object-position:100% 28%\" data-object-fit=\"cover\" data-object-position=\"100% 28%\" srcset=\"https:\/\/oab.estrategia.com\/portal\/wp-content\/uploads\/2025\/01\/31012626\/Banner-curso-de-ingles-no-seu-ritmo-vermelho-e-azul-moderno-1160-x-215-px.png 1160w, https:\/\/oab.estrategia.com\/portal\/wp-content\/uploads\/2025\/01\/31012626\/Banner-curso-de-ingles-no-seu-ritmo-vermelho-e-azul-moderno-1160-x-215-px-300x56.png 300w, https:\/\/oab.estrategia.com\/portal\/wp-content\/uploads\/2025\/01\/31012626\/Banner-curso-de-ingles-no-seu-ritmo-vermelho-e-azul-moderno-1160-x-215-px-1024x190.png 1024w, https:\/\/oab.estrategia.com\/portal\/wp-content\/uploads\/2025\/01\/31012626\/Banner-curso-de-ingles-no-seu-ritmo-vermelho-e-azul-moderno-1160-x-215-px-768x142.png 768w, https:\/\/oab.estrategia.com\/portal\/wp-content\/uploads\/2025\/01\/31012626\/Banner-curso-de-ingles-no-seu-ritmo-vermelho-e-azul-moderno-1160-x-215-px-380x70.png 380w, https:\/\/oab.estrategia.com\/portal\/wp-content\/uploads\/2025\/01\/31012626\/Banner-curso-de-ingles-no-seu-ritmo-vermelho-e-azul-moderno-1160-x-215-px-800x148.png 800w, https:\/\/oab.estrategia.com\/portal\/wp-content\/uploads\/2025\/01\/31012626\/Banner-curso-de-ingles-no-seu-ritmo-vermelho-e-azul-moderno-1160-x-215-px-150x28.png 150w\" sizes=\"(max-width: 1160px) 100vw, 1160px\" \/><span aria-hidden=\"true\" class=\"wp-block-cover__background has-background-dim\"><\/span><div class=\"wp-block-cover__inner-container is-layout-flow wp-block-cover-is-layout-flow\">\n<h3 id=\"cursos-para-a-2a-fase-da-oab\" class=\"titulo-assinatura\">Cursos para a 2\u00aa Fase da OAB<\/h3>\n<p class=\"subtitulo-assinatura\" style=\"display:block!important; line-height: 0;\">Conhe\u00e7a os cursos!<\/p>\n<a target=\"_blank\" href=\"https:\/\/oab.estrategia.com\/concursos\/cursos\/segunda-fase-oab\" rel=\"noopener\"><button style=\"border-radius: 10px; text-transform: capitalize;\">Acessar<\/button><\/a>\n<\/div><\/div>\n<\/div><\/div>\n\n\n\n<div class=\"wp-block-cover\" style=\"min-height:145px;aspect-ratio:unset;\"><span aria-hidden=\"true\" class=\"wp-block-cover__background has-background-dim\"><\/span><img decoding=\"async\" width=\"1024\" height=\"190\" class=\"wp-block-cover__image-background wp-image-2272\" alt=\"\" src=\"https:\/\/oab.estrategia.com\/portal\/wp-content\/uploads\/2022\/08\/19111944\/assinatura-oab-banner-exame-de-ordem-oab-assinatura-curso-oab-1024x190.jpg\" style=\"object-position:58% 29%\" data-object-fit=\"cover\" data-object-position=\"58% 29%\" srcset=\"https:\/\/oab.estrategia.com\/portal\/wp-content\/uploads\/2022\/08\/19111944\/assinatura-oab-banner-exame-de-ordem-oab-assinatura-curso-oab-1024x190.jpg 1024w, https:\/\/oab.estrategia.com\/portal\/wp-content\/uploads\/2022\/08\/19111944\/assinatura-oab-banner-exame-de-ordem-oab-assinatura-curso-oab-300x56.jpg 300w, https:\/\/oab.estrategia.com\/portal\/wp-content\/uploads\/2022\/08\/19111944\/assinatura-oab-banner-exame-de-ordem-oab-assinatura-curso-oab-768x143.jpg 768w, https:\/\/oab.estrategia.com\/portal\/wp-content\/uploads\/2022\/08\/19111944\/assinatura-oab-banner-exame-de-ordem-oab-assinatura-curso-oab-1536x285.jpg 1536w, https:\/\/oab.estrategia.com\/portal\/wp-content\/uploads\/2022\/08\/19111944\/assinatura-oab-banner-exame-de-ordem-oab-assinatura-curso-oab-380x71.jpg 380w, https:\/\/oab.estrategia.com\/portal\/wp-content\/uploads\/2022\/08\/19111944\/assinatura-oab-banner-exame-de-ordem-oab-assinatura-curso-oab-800x149.jpg 800w, https:\/\/oab.estrategia.com\/portal\/wp-content\/uploads\/2022\/08\/19111944\/assinatura-oab-banner-exame-de-ordem-oab-assinatura-curso-oab-1160x215.jpg 1160w, https:\/\/oab.estrategia.com\/portal\/wp-content\/uploads\/2022\/08\/19111944\/assinatura-oab-banner-exame-de-ordem-oab-assinatura-curso-oab-150x28.jpg 150w, https:\/\/oab.estrategia.com\/portal\/wp-content\/uploads\/2022\/08\/19111944\/assinatura-oab-banner-exame-de-ordem-oab-assinatura-curso-oab.jpg 1890w\" sizes=\"(max-width: 1024px) 100vw, 1024px\" \/><div class=\"wp-block-cover__inner-container is-layout-flow wp-block-cover-is-layout-flow\">\n<h3 id=\"assinatura-oab\" class=\"titulo-assinatura\">Assinatura OAB<\/h3>\n<p class=\"subtitulo-assinatura\" style=\"display:block!important; line-height: 0;\">Conte\u00fado completo para a 1\u00aa e 2\u00aa fase da OAB.<\/p>\n<a target=\"_blank\" href=\"https:\/\/oab.estrategia.com\/curso\/assinatura-oab\/\" rel=\"noopener\"><button style=\"border-radius: 10px; text-transform: capitalize;\">Acessar<\/button><\/a>\n<\/div><\/div>\n\n\n\n<p class=\"has-text-align-center\"><strong>Nossas redes sociais<\/strong><\/p>\n\n\n\n<p class=\"has-text-align-center has-pale-cyan-blue-background-color has-background has-small-font-size\"><a href=\"https:\/\/www.instagram.com\/estrategiaoab\/\" target=\"_blank\" >Instagram Estrat\u00e9gia OAB<\/a><\/p>\n\n\n\n<p class=\"has-text-align-center has-light-green-cyan-background-color has-background has-small-font-size\"><a href=\"https:\/\/www.youtube.com\/channel\/UC7rgrKTSF5aOrBGWOw60ovw\" target=\"_blank\" >YouTube Estrat\u00e9gia OAB<\/a><\/p>\n\n\n\n<p class=\"has-text-align-center has-very-light-gray-background-color has-background has-small-font-size\"><a href=\"http:\/\/bit.ly\/TelegramOAB\" target=\"_blank\" >Inscreva-se no Telegram<\/a><\/p>\n\n\n\n<p><\/p>\n\n\n\n<p><\/p>\n\n\n\n<p><\/p>\n\n\n\n<div class=\"wp-block-cover\" style=\"min-height:147px;aspect-ratio:unset;\"><img decoding=\"async\" width=\"1024\" height=\"190\" class=\"wp-block-cover__image-background wp-image-963\" alt=\"1\u00aa fase do exame de ordem oab curso\" src=\"https:\/\/oab.estrategia.com\/portal\/wp-content\/uploads\/2022\/06\/20153604\/assinatura-curso-oab-primeira-fase-1024x190.jpg\" style=\"object-position:58% 29%\" data-object-fit=\"cover\" data-object-position=\"58% 29%\" srcset=\"https:\/\/oab.estrategia.com\/portal\/wp-content\/uploads\/2022\/06\/20153604\/assinatura-curso-oab-primeira-fase-1024x190.jpg 1024w, https:\/\/oab.estrategia.com\/portal\/wp-content\/uploads\/2022\/06\/20153604\/assinatura-curso-oab-primeira-fase-300x56.jpg 300w, https:\/\/oab.estrategia.com\/portal\/wp-content\/uploads\/2022\/06\/20153604\/assinatura-curso-oab-primeira-fase-768x143.jpg 768w, https:\/\/oab.estrategia.com\/portal\/wp-content\/uploads\/2022\/06\/20153604\/assinatura-curso-oab-primeira-fase-1536x285.jpg 1536w, https:\/\/oab.estrategia.com\/portal\/wp-content\/uploads\/2022\/06\/20153604\/assinatura-curso-oab-primeira-fase-380x71.jpg 380w, https:\/\/oab.estrategia.com\/portal\/wp-content\/uploads\/2022\/06\/20153604\/assinatura-curso-oab-primeira-fase-800x149.jpg 800w, https:\/\/oab.estrategia.com\/portal\/wp-content\/uploads\/2022\/06\/20153604\/assinatura-curso-oab-primeira-fase-1160x215.jpg 1160w, https:\/\/oab.estrategia.com\/portal\/wp-content\/uploads\/2022\/06\/20153604\/assinatura-curso-oab-primeira-fase.jpg 1890w\" sizes=\"(max-width: 1024px) 100vw, 1024px\" \/><span aria-hidden=\"true\" class=\"wp-block-cover__background has-background-dim\"><\/span><div class=\"wp-block-cover__inner-container is-layout-flow wp-block-cover-is-layout-flow\">\n<h3 id=\"curso-para-a-1a-fase-da-oab-2\" class=\"titulo-assinatura\">Curso para a 1\u00aa Fase da OAB<\/h3>\n<p class=\"subtitulo-assinatura\" style=\"display:block!important; line-height: 0;\">Conhe\u00e7a os cursos!<\/p>\n<a target=\"_blank\" href=\"https:\/\/oab.estrategia.com\/concurso\/primeira-fase-46-exame\" rel=\"noopener\"><button style=\"border-radius: 10px; text-transform: capitalize;\">Acessar<\/button><\/a>\n<\/div><\/div>\n\n\n\n<div class=\"wp-block-group\"><div class=\"wp-block-group__inner-container is-layout-constrained wp-block-group-is-layout-constrained\">\n<div class=\"wp-block-cover\" style=\"min-height:84px;aspect-ratio:unset;\"><img decoding=\"async\" width=\"1160\" height=\"215\" class=\"wp-block-cover__image-background wp-image-15434\" alt=\"\" src=\"https:\/\/oab.estrategia.com\/portal\/wp-content\/uploads\/2025\/01\/31012626\/Banner-curso-de-ingles-no-seu-ritmo-vermelho-e-azul-moderno-1160-x-215-px.png\" style=\"object-position:100% 28%\" data-object-fit=\"cover\" data-object-position=\"100% 28%\" srcset=\"https:\/\/oab.estrategia.com\/portal\/wp-content\/uploads\/2025\/01\/31012626\/Banner-curso-de-ingles-no-seu-ritmo-vermelho-e-azul-moderno-1160-x-215-px.png 1160w, https:\/\/oab.estrategia.com\/portal\/wp-content\/uploads\/2025\/01\/31012626\/Banner-curso-de-ingles-no-seu-ritmo-vermelho-e-azul-moderno-1160-x-215-px-300x56.png 300w, https:\/\/oab.estrategia.com\/portal\/wp-content\/uploads\/2025\/01\/31012626\/Banner-curso-de-ingles-no-seu-ritmo-vermelho-e-azul-moderno-1160-x-215-px-1024x190.png 1024w, https:\/\/oab.estrategia.com\/portal\/wp-content\/uploads\/2025\/01\/31012626\/Banner-curso-de-ingles-no-seu-ritmo-vermelho-e-azul-moderno-1160-x-215-px-768x142.png 768w, https:\/\/oab.estrategia.com\/portal\/wp-content\/uploads\/2025\/01\/31012626\/Banner-curso-de-ingles-no-seu-ritmo-vermelho-e-azul-moderno-1160-x-215-px-380x70.png 380w, https:\/\/oab.estrategia.com\/portal\/wp-content\/uploads\/2025\/01\/31012626\/Banner-curso-de-ingles-no-seu-ritmo-vermelho-e-azul-moderno-1160-x-215-px-800x148.png 800w, https:\/\/oab.estrategia.com\/portal\/wp-content\/uploads\/2025\/01\/31012626\/Banner-curso-de-ingles-no-seu-ritmo-vermelho-e-azul-moderno-1160-x-215-px-150x28.png 150w\" sizes=\"(max-width: 1160px) 100vw, 1160px\" \/><span aria-hidden=\"true\" class=\"wp-block-cover__background has-background-dim\"><\/span><div class=\"wp-block-cover__inner-container is-layout-flow wp-block-cover-is-layout-flow\">\n<h3 id=\"cursos-para-a-2a-fase-da-oab-2\" class=\"titulo-assinatura\">Cursos para a 2\u00aa Fase da OAB<\/h3>\n<p class=\"subtitulo-assinatura\" style=\"display:block!important; line-height: 0;\">Conhe\u00e7a os cursos!<\/p>\n<a target=\"_blank\" href=\"https:\/\/oab.estrategia.com\/concursos\/cursos\/segunda-fase-oab\" rel=\"noopener\"><button style=\"border-radius: 10px; text-transform: capitalize;\">Acessar<\/button><\/a>\n<\/div><\/div>\n<\/div><\/div>\n\n\n\n<div class=\"wp-block-cover\" style=\"min-height:145px;aspect-ratio:unset;\"><span aria-hidden=\"true\" class=\"wp-block-cover__background has-background-dim\"><\/span><img decoding=\"async\" width=\"1024\" height=\"190\" class=\"wp-block-cover__image-background wp-image-2272\" alt=\"\" src=\"https:\/\/oab.estrategia.com\/portal\/wp-content\/uploads\/2022\/08\/19111944\/assinatura-oab-banner-exame-de-ordem-oab-assinatura-curso-oab-1024x190.jpg\" style=\"object-position:58% 29%\" data-object-fit=\"cover\" data-object-position=\"58% 29%\" srcset=\"https:\/\/oab.estrategia.com\/portal\/wp-content\/uploads\/2022\/08\/19111944\/assinatura-oab-banner-exame-de-ordem-oab-assinatura-curso-oab-1024x190.jpg 1024w, https:\/\/oab.estrategia.com\/portal\/wp-content\/uploads\/2022\/08\/19111944\/assinatura-oab-banner-exame-de-ordem-oab-assinatura-curso-oab-300x56.jpg 300w, https:\/\/oab.estrategia.com\/portal\/wp-content\/uploads\/2022\/08\/19111944\/assinatura-oab-banner-exame-de-ordem-oab-assinatura-curso-oab-768x143.jpg 768w, https:\/\/oab.estrategia.com\/portal\/wp-content\/uploads\/2022\/08\/19111944\/assinatura-oab-banner-exame-de-ordem-oab-assinatura-curso-oab-1536x285.jpg 1536w, https:\/\/oab.estrategia.com\/portal\/wp-content\/uploads\/2022\/08\/19111944\/assinatura-oab-banner-exame-de-ordem-oab-assinatura-curso-oab-380x71.jpg 380w, https:\/\/oab.estrategia.com\/portal\/wp-content\/uploads\/2022\/08\/19111944\/assinatura-oab-banner-exame-de-ordem-oab-assinatura-curso-oab-800x149.jpg 800w, https:\/\/oab.estrategia.com\/portal\/wp-content\/uploads\/2022\/08\/19111944\/assinatura-oab-banner-exame-de-ordem-oab-assinatura-curso-oab-1160x215.jpg 1160w, https:\/\/oab.estrategia.com\/portal\/wp-content\/uploads\/2022\/08\/19111944\/assinatura-oab-banner-exame-de-ordem-oab-assinatura-curso-oab-150x28.jpg 150w, https:\/\/oab.estrategia.com\/portal\/wp-content\/uploads\/2022\/08\/19111944\/assinatura-oab-banner-exame-de-ordem-oab-assinatura-curso-oab.jpg 1890w\" sizes=\"(max-width: 1024px) 100vw, 1024px\" \/><div class=\"wp-block-cover__inner-container is-layout-flow wp-block-cover-is-layout-flow\">\n<h3 id=\"assinatura-oab-2\" class=\"titulo-assinatura\">Assinatura OAB<\/h3>\n<p class=\"subtitulo-assinatura\" style=\"display:block!important; line-height: 0;\">Conte\u00fado completo para a 1\u00aa e 2\u00aa fase da OAB.<\/p>\n<a target=\"_blank\" href=\"https:\/\/oab.estrategia.com\/curso\/assinatura-oab\/\" rel=\"noopener\"><button style=\"border-radius: 10px; text-transform: capitalize;\">Acessar<\/button><\/a>\n<\/div><\/div>\n\n\n\n<p class=\"has-text-align-center\"><strong>Nossas redes sociais<\/strong><\/p>\n\n\n\n<p class=\"has-text-align-center has-pale-cyan-blue-background-color has-background has-small-font-size\"><a href=\"https:\/\/www.instagram.com\/estrategiaoab\/\" target=\"_blank\" >Instagram Estrat\u00e9gia OAB<\/a><\/p>\n\n\n\n<p class=\"has-text-align-center has-light-green-cyan-background-color has-background has-small-font-size\"><a href=\"https:\/\/www.youtube.com\/channel\/UC7rgrKTSF5aOrBGWOw60ovw\" target=\"_blank\" >YouTube Estrat\u00e9gia OAB<\/a><\/p>\n\n\n\n<p class=\"has-text-align-center has-very-light-gray-background-color has-background has-small-font-size\"><a href=\"http:\/\/bit.ly\/TelegramOAB\" target=\"_blank\" >Inscreva-se no Telegram<\/a><\/p>\n","protected":false},"excerpt":{"rendered":"Ol\u00e1, Turma de Constitucionalistas! Como foram de 2\u00aa fase? Gostaram da prova do\u00a037\u00ba Exame da OAB? Particularmente, estamos&hellip;\n","protected":false},"author":12,"featured_media":3308,"comment_status":"open","ping_status":"open","sticky":false,"template":"","format":"standard","meta":{"_jetpack_memberships_contains_paid_content":false,"footnotes":""},"categories":[31],"tags":[],"class_list":{"0":"post-7229","1":"post","2":"type-post","3":"status-publish","4":"format-standard","5":"has-post-thumbnail","7":"category-2a-fase-oab"},"acf":[],"yoast_head":"<!-- This site is optimized with the Yoast SEO Premium plugin v26.2 (Yoast SEO v27.4) - https:\/\/yoast.com\/product\/yoast-seo-premium-wordpress\/ -->\n<title>37\u00ba Exame OAB: corre\u00e7\u00e3o 2\u00aa fase Direito Constitucional<\/title>\n<meta name=\"description\" content=\"37\u00ba Exame OAB: confira aqui a corre\u00e7\u00e3o da 2\u00aa fase Direito Constitucional!\" \/>\n<meta name=\"robots\" content=\"index, follow, max-snippet:-1, max-image-preview:large, max-video-preview:-1\" \/>\n<link rel=\"canonical\" href=\"https:\/\/oab.estrategia.com\/portal\/37o-exame-oab-correcao-2a-fase-direito-constitucional\/\" \/>\n<meta property=\"og:locale\" content=\"pt_BR\" \/>\n<meta property=\"og:type\" content=\"article\" \/>\n<meta property=\"og:title\" content=\"37\u00ba Exame OAB: corre\u00e7\u00e3o 2\u00aa fase Direito Constitucional\" \/>\n<meta property=\"og:description\" content=\"37\u00ba Exame OAB: confira aqui a corre\u00e7\u00e3o da 2\u00aa fase Direito Constitucional!\" \/>\n<meta property=\"og:url\" content=\"https:\/\/oab.estrategia.com\/portal\/37o-exame-oab-correcao-2a-fase-direito-constitucional\/\" \/>\n<meta property=\"og:site_name\" content=\"Blog - OAB - Estrat\u00e9gia\" \/>\n<meta property=\"article:publisher\" content=\"https:\/\/www.facebook.com\/estrategiaoab\/\" \/>\n<meta property=\"article:published_time\" content=\"2023-05-03T12:35:30+00:00\" \/>\n<meta property=\"article:modified_time\" content=\"2023-05-03T12:44:05+00:00\" \/>\n<meta property=\"og:image\" content=\"https:\/\/oab.estrategia.com\/portal\/wp-content\/uploads\/2017\/11\/21164131\/assuntos-mais-cobrados-na-oab-exame-de-ordem.png\" \/>\n\t<meta property=\"og:image:width\" content=\"960\" \/>\n\t<meta property=\"og:image:height\" content=\"540\" \/>\n\t<meta property=\"og:image:type\" content=\"image\/png\" \/>\n<meta name=\"author\" content=\"Coordena\u00e7\u00e3o\" \/>\n<meta name=\"twitter:card\" content=\"summary_large_image\" \/>\n<meta name=\"twitter:creator\" content=\"@estrategiaoab\" \/>\n<meta name=\"twitter:site\" content=\"@estrategiaoab\" \/>\n<meta name=\"twitter:label1\" content=\"Escrito por\" \/>\n\t<meta name=\"twitter:data1\" content=\"Coordena\u00e7\u00e3o\" \/>\n\t<meta name=\"twitter:label2\" content=\"Est. tempo de leitura\" \/>\n\t<meta name=\"twitter:data2\" content=\"21 minutos\" \/>\n<script type=\"application\/ld+json\" class=\"yoast-schema-graph\">{\"@context\":\"https:\\\/\\\/schema.org\",\"@graph\":[{\"@type\":\"Article\",\"@id\":\"https:\\\/\\\/oab.estrategia.com\\\/portal\\\/37o-exame-oab-correcao-2a-fase-direito-constitucional\\\/#article\",\"isPartOf\":{\"@id\":\"https:\\\/\\\/oab.estrategia.com\\\/portal\\\/37o-exame-oab-correcao-2a-fase-direito-constitucional\\\/\"},\"author\":{\"name\":\"Coordena\u00e7\u00e3o\",\"@id\":\"https:\\\/\\\/oab.estrategia.com\\\/portal\\\/#\\\/schema\\\/person\\\/9e4f367923f195c7466d88c8e8a86d23\"},\"headline\":\"37\u00ba Exame OAB: corre\u00e7\u00e3o 2\u00aa fase Direito Constitucional\",\"datePublished\":\"2023-05-03T12:35:30+00:00\",\"dateModified\":\"2023-05-03T12:44:05+00:00\",\"mainEntityOfPage\":{\"@id\":\"https:\\\/\\\/oab.estrategia.com\\\/portal\\\/37o-exame-oab-correcao-2a-fase-direito-constitucional\\\/\"},\"wordCount\":4173,\"commentCount\":0,\"publisher\":{\"@id\":\"https:\\\/\\\/oab.estrategia.com\\\/portal\\\/#organization\"},\"image\":{\"@id\":\"https:\\\/\\\/oab.estrategia.com\\\/portal\\\/37o-exame-oab-correcao-2a-fase-direito-constitucional\\\/#primaryimage\"},\"thumbnailUrl\":\"https:\\\/\\\/oab.estrategia.com\\\/portal\\\/wp-content\\\/uploads\\\/2017\\\/11\\\/21164131\\\/assuntos-mais-cobrados-na-oab-exame-de-ordem.png\",\"articleSection\":[\"2\u00aa Fase OAB\"],\"inLanguage\":\"pt-BR\",\"potentialAction\":[{\"@type\":\"CommentAction\",\"name\":\"Comment\",\"target\":[\"https:\\\/\\\/oab.estrategia.com\\\/portal\\\/37o-exame-oab-correcao-2a-fase-direito-constitucional\\\/#respond\"]}]},{\"@type\":\"WebPage\",\"@id\":\"https:\\\/\\\/oab.estrategia.com\\\/portal\\\/37o-exame-oab-correcao-2a-fase-direito-constitucional\\\/\",\"url\":\"https:\\\/\\\/oab.estrategia.com\\\/portal\\\/37o-exame-oab-correcao-2a-fase-direito-constitucional\\\/\",\"name\":\"37\u00ba Exame OAB: corre\u00e7\u00e3o 2\u00aa fase Direito Constitucional\",\"isPartOf\":{\"@id\":\"https:\\\/\\\/oab.estrategia.com\\\/portal\\\/#website\"},\"primaryImageOfPage\":{\"@id\":\"https:\\\/\\\/oab.estrategia.com\\\/portal\\\/37o-exame-oab-correcao-2a-fase-direito-constitucional\\\/#primaryimage\"},\"image\":{\"@id\":\"https:\\\/\\\/oab.estrategia.com\\\/portal\\\/37o-exame-oab-correcao-2a-fase-direito-constitucional\\\/#primaryimage\"},\"thumbnailUrl\":\"https:\\\/\\\/oab.estrategia.com\\\/portal\\\/wp-content\\\/uploads\\\/2017\\\/11\\\/21164131\\\/assuntos-mais-cobrados-na-oab-exame-de-ordem.png\",\"datePublished\":\"2023-05-03T12:35:30+00:00\",\"dateModified\":\"2023-05-03T12:44:05+00:00\",\"description\":\"37\u00ba Exame OAB: confira aqui a corre\u00e7\u00e3o da 2\u00aa fase Direito Constitucional!\",\"breadcrumb\":{\"@id\":\"https:\\\/\\\/oab.estrategia.com\\\/portal\\\/37o-exame-oab-correcao-2a-fase-direito-constitucional\\\/#breadcrumb\"},\"inLanguage\":\"pt-BR\",\"potentialAction\":[{\"@type\":\"ReadAction\",\"target\":[\"https:\\\/\\\/oab.estrategia.com\\\/portal\\\/37o-exame-oab-correcao-2a-fase-direito-constitucional\\\/\"]}]},{\"@type\":\"ImageObject\",\"inLanguage\":\"pt-BR\",\"@id\":\"https:\\\/\\\/oab.estrategia.com\\\/portal\\\/37o-exame-oab-correcao-2a-fase-direito-constitucional\\\/#primaryimage\",\"url\":\"https:\\\/\\\/oab.estrategia.com\\\/portal\\\/wp-content\\\/uploads\\\/2017\\\/11\\\/21164131\\\/assuntos-mais-cobrados-na-oab-exame-de-ordem.png\",\"contentUrl\":\"https:\\\/\\\/oab.estrategia.com\\\/portal\\\/wp-content\\\/uploads\\\/2017\\\/11\\\/21164131\\\/assuntos-mais-cobrados-na-oab-exame-de-ordem.png\",\"width\":960,\"height\":540,\"caption\":\"EXAME DE ORDEM\"},{\"@type\":\"BreadcrumbList\",\"@id\":\"https:\\\/\\\/oab.estrategia.com\\\/portal\\\/37o-exame-oab-correcao-2a-fase-direito-constitucional\\\/#breadcrumb\",\"itemListElement\":[{\"@type\":\"ListItem\",\"position\":1,\"name\":\"In\u00edcio\",\"item\":\"https:\\\/\\\/oab.estrategia.com\\\/portal\\\/\"},{\"@type\":\"ListItem\",\"position\":2,\"name\":\"37\u00ba Exame OAB: corre\u00e7\u00e3o 2\u00aa fase Direito Constitucional\"}]},{\"@type\":\"WebSite\",\"@id\":\"https:\\\/\\\/oab.estrategia.com\\\/portal\\\/#website\",\"url\":\"https:\\\/\\\/oab.estrategia.com\\\/portal\\\/\",\"name\":\"Blog - OAB - Estrat\u00e9gia\",\"description\":\"Blog OAB - Estrat\u00e9gia Concursos\",\"publisher\":{\"@id\":\"https:\\\/\\\/oab.estrategia.com\\\/portal\\\/#organization\"},\"potentialAction\":[{\"@type\":\"SearchAction\",\"target\":{\"@type\":\"EntryPoint\",\"urlTemplate\":\"https:\\\/\\\/oab.estrategia.com\\\/portal\\\/?s={search_term_string}\"},\"query-input\":{\"@type\":\"PropertyValueSpecification\",\"valueRequired\":true,\"valueName\":\"search_term_string\"}}],\"inLanguage\":\"pt-BR\"},{\"@type\":\"Organization\",\"@id\":\"https:\\\/\\\/oab.estrategia.com\\\/portal\\\/#organization\",\"name\":\"Estrat\u00e9gia Concursos\",\"url\":\"https:\\\/\\\/oab.estrategia.com\\\/portal\\\/\",\"logo\":{\"@type\":\"ImageObject\",\"inLanguage\":\"pt-BR\",\"@id\":\"https:\\\/\\\/oab.estrategia.com\\\/portal\\\/#\\\/schema\\\/logo\\\/image\\\/\",\"url\":\"https:\\\/\\\/oab.estrategia.com\\\/portal\\\/wp-content\\\/uploads\\\/2022\\\/04\\\/06103601\\\/oab-icone-2.png\",\"contentUrl\":\"https:\\\/\\\/oab.estrategia.com\\\/portal\\\/wp-content\\\/uploads\\\/2022\\\/04\\\/06103601\\\/oab-icone-2.png\",\"width\":900,\"height\":900,\"caption\":\"Estrat\u00e9gia Concursos\"},\"image\":{\"@id\":\"https:\\\/\\\/oab.estrategia.com\\\/portal\\\/#\\\/schema\\\/logo\\\/image\\\/\"},\"sameAs\":[\"https:\\\/\\\/www.facebook.com\\\/estrategiaoab\\\/\",\"https:\\\/\\\/x.com\\\/estrategiaoab\",\"https:\\\/\\\/www.instagram.com\\\/estrategiaoab\\\/\",\"https:\\\/\\\/www.youtube.com\\\/EstrategiaOAB\"]},{\"@type\":\"Person\",\"@id\":\"https:\\\/\\\/oab.estrategia.com\\\/portal\\\/#\\\/schema\\\/person\\\/9e4f367923f195c7466d88c8e8a86d23\",\"name\":\"Coordena\u00e7\u00e3o\",\"image\":{\"@type\":\"ImageObject\",\"inLanguage\":\"pt-BR\",\"@id\":\"https:\\\/\\\/oab.estrategia.com\\\/portal\\\/wp-content\\\/uploads\\\/2022\\\/03\\\/12164805\\\/estrategia-oab-coordenacao-96x96.png\",\"url\":\"https:\\\/\\\/oab.estrategia.com\\\/portal\\\/wp-content\\\/uploads\\\/2022\\\/03\\\/12164805\\\/estrategia-oab-coordenacao-96x96.png\",\"contentUrl\":\"https:\\\/\\\/oab.estrategia.com\\\/portal\\\/wp-content\\\/uploads\\\/2022\\\/03\\\/12164805\\\/estrategia-oab-coordenacao-96x96.png\",\"caption\":\"Coordena\u00e7\u00e3o\"},\"description\":\".\",\"url\":\"https:\\\/\\\/oab.estrategia.com\\\/portal\\\/author\\\/coordenacao\\\/\"}]}<\/script>\n<!-- \/ Yoast SEO Premium plugin. -->","yoast_head_json":{"title":"37\u00ba Exame OAB: corre\u00e7\u00e3o 2\u00aa fase Direito Constitucional","description":"37\u00ba Exame OAB: confira aqui a corre\u00e7\u00e3o da 2\u00aa fase Direito Constitucional!","robots":{"index":"index","follow":"follow","max-snippet":"max-snippet:-1","max-image-preview":"max-image-preview:large","max-video-preview":"max-video-preview:-1"},"canonical":"https:\/\/oab.estrategia.com\/portal\/37o-exame-oab-correcao-2a-fase-direito-constitucional\/","og_locale":"pt_BR","og_type":"article","og_title":"37\u00ba Exame OAB: corre\u00e7\u00e3o 2\u00aa fase Direito Constitucional","og_description":"37\u00ba Exame OAB: confira aqui a corre\u00e7\u00e3o da 2\u00aa fase Direito Constitucional!","og_url":"https:\/\/oab.estrategia.com\/portal\/37o-exame-oab-correcao-2a-fase-direito-constitucional\/","og_site_name":"Blog - OAB - Estrat\u00e9gia","article_publisher":"https:\/\/www.facebook.com\/estrategiaoab\/","article_published_time":"2023-05-03T12:35:30+00:00","article_modified_time":"2023-05-03T12:44:05+00:00","og_image":[{"width":960,"height":540,"url":"https:\/\/oab.estrategia.com\/portal\/wp-content\/uploads\/2017\/11\/21164131\/assuntos-mais-cobrados-na-oab-exame-de-ordem.png","type":"image\/png"}],"author":"Coordena\u00e7\u00e3o","twitter_card":"summary_large_image","twitter_creator":"@estrategiaoab","twitter_site":"@estrategiaoab","twitter_misc":{"Escrito por":"Coordena\u00e7\u00e3o","Est. tempo de leitura":"21 minutos"},"schema":{"@context":"https:\/\/schema.org","@graph":[{"@type":"Article","@id":"https:\/\/oab.estrategia.com\/portal\/37o-exame-oab-correcao-2a-fase-direito-constitucional\/#article","isPartOf":{"@id":"https:\/\/oab.estrategia.com\/portal\/37o-exame-oab-correcao-2a-fase-direito-constitucional\/"},"author":{"name":"Coordena\u00e7\u00e3o","@id":"https:\/\/oab.estrategia.com\/portal\/#\/schema\/person\/9e4f367923f195c7466d88c8e8a86d23"},"headline":"37\u00ba Exame OAB: corre\u00e7\u00e3o 2\u00aa fase Direito Constitucional","datePublished":"2023-05-03T12:35:30+00:00","dateModified":"2023-05-03T12:44:05+00:00","mainEntityOfPage":{"@id":"https:\/\/oab.estrategia.com\/portal\/37o-exame-oab-correcao-2a-fase-direito-constitucional\/"},"wordCount":4173,"commentCount":0,"publisher":{"@id":"https:\/\/oab.estrategia.com\/portal\/#organization"},"image":{"@id":"https:\/\/oab.estrategia.com\/portal\/37o-exame-oab-correcao-2a-fase-direito-constitucional\/#primaryimage"},"thumbnailUrl":"https:\/\/oab.estrategia.com\/portal\/wp-content\/uploads\/2017\/11\/21164131\/assuntos-mais-cobrados-na-oab-exame-de-ordem.png","articleSection":["2\u00aa Fase OAB"],"inLanguage":"pt-BR","potentialAction":[{"@type":"CommentAction","name":"Comment","target":["https:\/\/oab.estrategia.com\/portal\/37o-exame-oab-correcao-2a-fase-direito-constitucional\/#respond"]}]},{"@type":"WebPage","@id":"https:\/\/oab.estrategia.com\/portal\/37o-exame-oab-correcao-2a-fase-direito-constitucional\/","url":"https:\/\/oab.estrategia.com\/portal\/37o-exame-oab-correcao-2a-fase-direito-constitucional\/","name":"37\u00ba Exame OAB: corre\u00e7\u00e3o 2\u00aa fase Direito Constitucional","isPartOf":{"@id":"https:\/\/oab.estrategia.com\/portal\/#website"},"primaryImageOfPage":{"@id":"https:\/\/oab.estrategia.com\/portal\/37o-exame-oab-correcao-2a-fase-direito-constitucional\/#primaryimage"},"image":{"@id":"https:\/\/oab.estrategia.com\/portal\/37o-exame-oab-correcao-2a-fase-direito-constitucional\/#primaryimage"},"thumbnailUrl":"https:\/\/oab.estrategia.com\/portal\/wp-content\/uploads\/2017\/11\/21164131\/assuntos-mais-cobrados-na-oab-exame-de-ordem.png","datePublished":"2023-05-03T12:35:30+00:00","dateModified":"2023-05-03T12:44:05+00:00","description":"37\u00ba Exame OAB: confira aqui a corre\u00e7\u00e3o da 2\u00aa fase Direito Constitucional!","breadcrumb":{"@id":"https:\/\/oab.estrategia.com\/portal\/37o-exame-oab-correcao-2a-fase-direito-constitucional\/#breadcrumb"},"inLanguage":"pt-BR","potentialAction":[{"@type":"ReadAction","target":["https:\/\/oab.estrategia.com\/portal\/37o-exame-oab-correcao-2a-fase-direito-constitucional\/"]}]},{"@type":"ImageObject","inLanguage":"pt-BR","@id":"https:\/\/oab.estrategia.com\/portal\/37o-exame-oab-correcao-2a-fase-direito-constitucional\/#primaryimage","url":"https:\/\/oab.estrategia.com\/portal\/wp-content\/uploads\/2017\/11\/21164131\/assuntos-mais-cobrados-na-oab-exame-de-ordem.png","contentUrl":"https:\/\/oab.estrategia.com\/portal\/wp-content\/uploads\/2017\/11\/21164131\/assuntos-mais-cobrados-na-oab-exame-de-ordem.png","width":960,"height":540,"caption":"EXAME DE ORDEM"},{"@type":"BreadcrumbList","@id":"https:\/\/oab.estrategia.com\/portal\/37o-exame-oab-correcao-2a-fase-direito-constitucional\/#breadcrumb","itemListElement":[{"@type":"ListItem","position":1,"name":"In\u00edcio","item":"https:\/\/oab.estrategia.com\/portal\/"},{"@type":"ListItem","position":2,"name":"37\u00ba Exame OAB: corre\u00e7\u00e3o 2\u00aa fase Direito Constitucional"}]},{"@type":"WebSite","@id":"https:\/\/oab.estrategia.com\/portal\/#website","url":"https:\/\/oab.estrategia.com\/portal\/","name":"Blog - OAB - Estrat\u00e9gia","description":"Blog OAB - Estrat\u00e9gia Concursos","publisher":{"@id":"https:\/\/oab.estrategia.com\/portal\/#organization"},"potentialAction":[{"@type":"SearchAction","target":{"@type":"EntryPoint","urlTemplate":"https:\/\/oab.estrategia.com\/portal\/?s={search_term_string}"},"query-input":{"@type":"PropertyValueSpecification","valueRequired":true,"valueName":"search_term_string"}}],"inLanguage":"pt-BR"},{"@type":"Organization","@id":"https:\/\/oab.estrategia.com\/portal\/#organization","name":"Estrat\u00e9gia Concursos","url":"https:\/\/oab.estrategia.com\/portal\/","logo":{"@type":"ImageObject","inLanguage":"pt-BR","@id":"https:\/\/oab.estrategia.com\/portal\/#\/schema\/logo\/image\/","url":"https:\/\/oab.estrategia.com\/portal\/wp-content\/uploads\/2022\/04\/06103601\/oab-icone-2.png","contentUrl":"https:\/\/oab.estrategia.com\/portal\/wp-content\/uploads\/2022\/04\/06103601\/oab-icone-2.png","width":900,"height":900,"caption":"Estrat\u00e9gia Concursos"},"image":{"@id":"https:\/\/oab.estrategia.com\/portal\/#\/schema\/logo\/image\/"},"sameAs":["https:\/\/www.facebook.com\/estrategiaoab\/","https:\/\/x.com\/estrategiaoab","https:\/\/www.instagram.com\/estrategiaoab\/","https:\/\/www.youtube.com\/EstrategiaOAB"]},{"@type":"Person","@id":"https:\/\/oab.estrategia.com\/portal\/#\/schema\/person\/9e4f367923f195c7466d88c8e8a86d23","name":"Coordena\u00e7\u00e3o","image":{"@type":"ImageObject","inLanguage":"pt-BR","@id":"https:\/\/oab.estrategia.com\/portal\/wp-content\/uploads\/2022\/03\/12164805\/estrategia-oab-coordenacao-96x96.png","url":"https:\/\/oab.estrategia.com\/portal\/wp-content\/uploads\/2022\/03\/12164805\/estrategia-oab-coordenacao-96x96.png","contentUrl":"https:\/\/oab.estrategia.com\/portal\/wp-content\/uploads\/2022\/03\/12164805\/estrategia-oab-coordenacao-96x96.png","caption":"Coordena\u00e7\u00e3o"},"description":".","url":"https:\/\/oab.estrategia.com\/portal\/author\/coordenacao\/"}]}},"jetpack_featured_media_url":"https:\/\/oab.estrategia.com\/portal\/wp-content\/uploads\/2017\/11\/21164131\/assuntos-mais-cobrados-na-oab-exame-de-ordem.png","jetpack_sharing_enabled":true,"_links":{"self":[{"href":"https:\/\/oab.estrategia.com\/portal\/wp-json\/wp\/v2\/posts\/7229","targetHints":{"allow":["GET"]}}],"collection":[{"href":"https:\/\/oab.estrategia.com\/portal\/wp-json\/wp\/v2\/posts"}],"about":[{"href":"https:\/\/oab.estrategia.com\/portal\/wp-json\/wp\/v2\/types\/post"}],"author":[{"embeddable":true,"href":"https:\/\/oab.estrategia.com\/portal\/wp-json\/wp\/v2\/users\/12"}],"replies":[{"embeddable":true,"href":"https:\/\/oab.estrategia.com\/portal\/wp-json\/wp\/v2\/comments?post=7229"}],"version-history":[{"count":13,"href":"https:\/\/oab.estrategia.com\/portal\/wp-json\/wp\/v2\/posts\/7229\/revisions"}],"predecessor-version":[{"id":7250,"href":"https:\/\/oab.estrategia.com\/portal\/wp-json\/wp\/v2\/posts\/7229\/revisions\/7250"}],"wp:featuredmedia":[{"embeddable":true,"href":"https:\/\/oab.estrategia.com\/portal\/wp-json\/wp\/v2\/media\/3308"}],"wp:attachment":[{"href":"https:\/\/oab.estrategia.com\/portal\/wp-json\/wp\/v2\/media?parent=7229"}],"wp:term":[{"taxonomy":"category","embeddable":true,"href":"https:\/\/oab.estrategia.com\/portal\/wp-json\/wp\/v2\/categories?post=7229"},{"taxonomy":"post_tag","embeddable":true,"href":"https:\/\/oab.estrategia.com\/portal\/wp-json\/wp\/v2\/tags?post=7229"}],"curies":[{"name":"wp","href":"https:\/\/api.w.org\/{rel}","templated":true}]}}