{"id":734,"date":"2019-05-03T18:00:00","date_gmt":"2019-05-03T21:00:00","guid":{"rendered":"https:\/\/oab.estrategia.com\/portal\/?p=734"},"modified":"2022-06-23T16:38:01","modified_gmt":"2022-06-23T19:38:01","slug":"direito-empresarial-oab","status":"publish","type":"post","link":"https:\/\/oab.estrategia.com\/portal\/direito-empresarial-oab\/","title":{"rendered":"Direito Empresarial OAB: como estudar para o Exame de Ordem"},"content":{"rendered":"\n<p>Meu nome \u00e9 Paulo Guimar\u00e3es, sou Auditor Federal de Finan\u00e7as e Controle da Controladoria-Geral da Uni\u00e3o e professor de Direito Empresarial no Estrat\u00e9gia OAB. <\/p>\n\n\n\n<p>Antes de trabalhar na CGU trabalhei no sistema financeiro por v\u00e1rios anos (no Banco do Brasil e no Banco Central), e isso me deu a oportunidade de ter contato com o <strong>Direito Empresarial<\/strong> mais de perto, tanto lidando com empres\u00e1rios e sociedades empres\u00e1rias quanto com a fiscaliza\u00e7\u00e3o das institui\u00e7\u00f5es financeiras.<\/p>\n\n\n\n<p>A mat\u00e9ria de Direito Empresarial \u00e9 uma\ndas mais detestadas pelos estudantes de gradua\u00e7\u00e3o em Direito, e acredito que na\nmaioria das vezes isso acontece porque \u00e9 dif\u00edcil encontrar bons professores,\nque sejam capazes de demonstrar os aspectos pr\u00e1ticos da mat\u00e9ria e a import\u00e2ncia\nda atividade empresarial para o desenvolvimento das pessoas.<\/p>\n\n\n\n<p>O dinamismo do Direito Empresarial tamb\u00e9m \u00e9 um ponto que termina sendo pouco explorado nas faculdades de Direito. As pr\u00e1ticas empresariais mudam muito rapidamente (muito mais r\u00e1pido que as normas jur\u00eddicas), e isso exige muito dos professores, que geralmente ficam engessados na tradi\u00e7\u00e3o jur\u00eddica e n\u00e3o conseguem acompanhar esses movimentos.<\/p>\n\n\n\n<p><\/p>\n\n\n\n<div class=\"wp-block-yoast-seo-table-of-contents yoast-table-of-contents\"><h2 id=\"indice\">\u00cdndice<\/h2><ul><li><a href=\"#h-distribuicao-das-questoes-de-direito-empresarial-no-exame-de-ordem-unificado-desde-2016\" data-level=\"2\">Distribui\u00e7\u00e3o das quest\u00f5es de direito empresarial no exame de ordem unificado desde 2016<\/a><\/li><li><a href=\"#h-distribuicao-das-questoes-de-direito-empresarial-no-exame-de-ordem-2016\" data-level=\"2\">Distribui\u00e7\u00e3o das quest\u00f5es de direito empresarial no exame de ordem \u2013 2016<\/a><\/li><li><a href=\"#quer-saber-mais-sobre-o-xxxiv-exame-de-ordem\" data-level=\"2\">Quer saber mais sobre o Exame de Ordem?<\/a><\/li><\/ul><\/div>\n\n\n\n<p>Hoje, por exemplo, s\u00e3o muitos comuns\nas not\u00edcias na imprensa acerca de empresas que entram em recupera\u00e7\u00e3o ou\nfal\u00eancia, ou de sociedades an\u00f4nimas que modificam seu quadro acion\u00e1rio, sendo\nincorporadas por outras. Infelizmente esses exemplos n\u00e3o costumam ser bem\ntrabalhados nas faculdades e nem em cursos preparat\u00f3rios.<\/p>\n\n\n\n<p>O Direito Empresarial est\u00e1 muito\npresente na vida de quem pretende empreender, e mesmo advogados precisam\ncompreender como funcionam as sociedades, quais as obriga\u00e7\u00f5es dos s\u00f3cios, al\u00e9m,\n\u00e9 claro, das peculiaridades das sociedades de advogados. Voc\u00ea j\u00e1 ouviu falar na\nsociedade unipessoal de advocacia? S\u00e3o muitas as possibilidades!<\/p>\n\n\n\n<p>\u201cMas professor, o tempo da faculdade\nj\u00e1 passou. E agora? O que eu fa\u00e7o?\u201d<\/p>\n\n\n\n<p>Agora que voc\u00ea j\u00e1 est\u00e1 convencido de\nque Direito Empresarial \u00e9 uma mat\u00e9ria importante e interessante, vamos \u00e0s\ninforma\u00e7\u00f5es a respeito da cobran\u00e7a da nossa mat\u00e9ria no exame de ordem e de como\nvoc\u00ea pode se preparar.<\/p>\n\n\n\n<p>Tradicionalmente a Funda\u00e7\u00e3o Get\u00falio Vargas cobra 5 quest\u00f5es de Direito Empresarial na primeira fase do Exame de Ordem. Apesar da enormidade do conte\u00fado cobrado no edital, os temas n\u00e3o costumam variar tanto. A seguir temos um quadro com um pequeno levantamento a respeito dos assuntos cobrados em quest\u00f5es de Direito Empresarial no Exame de Ordem Unificado desde 2016.<\/p>\n\n\n\n<h2 class=\"wp-block-heading\" id=\"h-distribuicao-das-questoes-de-direito-empresarial-no-exame-de-ordem-unificado-desde-2016\"><span id=\"distribuicao-das-questoes-de-direito-empresarial-no-exame-de-ordem-unificado-desde-2016\">Distribui\u00e7\u00e3o das quest\u00f5es de direito empresarial no exame de ordem unificado desde 2016<\/span><\/h2>\n\n\n\n<figure class=\"wp-block-image size-full\"><img decoding=\"async\" width=\"544\" height=\"302\" src=\"https:\/\/oab.estrategia.com\/portal\/wp-content\/uploads\/2022\/06\/01174347\/distribuicao-das-questoes-de-direito-empresarial-no-exame-da-oab.png\" alt=\"direito empresarial oab distribui\u00e7\u00e3o das quest\u00f5es\" class=\"wp-image-737\" srcset=\"https:\/\/oab.estrategia.com\/portal\/wp-content\/uploads\/2022\/06\/01174347\/distribuicao-das-questoes-de-direito-empresarial-no-exame-da-oab.png 544w, https:\/\/oab.estrategia.com\/portal\/wp-content\/uploads\/2022\/06\/01174347\/distribuicao-das-questoes-de-direito-empresarial-no-exame-da-oab-300x167.png 300w, https:\/\/oab.estrategia.com\/portal\/wp-content\/uploads\/2022\/06\/01174347\/distribuicao-das-questoes-de-direito-empresarial-no-exame-da-oab-380x211.png 380w\" sizes=\"(max-width: 544px) 100vw, 544px\" \/><\/figure>\n\n\n\n<p>J\u00e1 deu para perceber que temos temas\nclaramente mais importantes do que outros, n\u00e3o \u00e9? No nosso curso abordamos em\ndetalhes todo o conte\u00fado cobrado no edital, mas no seu planejamento de estudos\nvoc\u00ea deve levar em considera\u00e7\u00e3o essa distribui\u00e7\u00e3o estat\u00edstica. Dessa forma voc\u00ea\npoder\u00e1 gastar mais tempo e energia com os temas que aparecem com mais\nfrequ\u00eancia.<\/p>\n\n\n\n<p>\u201cAh professor, ent\u00e3o vou estudar\nsomente Direito Societ\u00e1rio, Direito Falimentar e T\u00edtulos de Cr\u00e9dito, e isso j\u00e1\nvai ser suficiente!\u201d<\/p>\n\n\n\n<p>Muito cuidado! Quando me deparei com esse resultado, fiquei um pouco desconfiado, pois meu palpite era de que existe uma tend\u00eancia de a import\u00e2ncia das mat\u00e9rias mudar nos pr\u00f3ximos tempos. Decidi ent\u00e3o fazer um levantamento. Em seguida ent\u00e3o levantei os mesmos dados ano a ano, e a partir da\u00ed \u00e9 poss\u00edvel observar uma tend\u00eancia um pouco diferente por parte da FGV na distribui\u00e7\u00e3o dos conte\u00fados entre as quest\u00f5es.<\/p>\n\n\n\n<h2 class=\"wp-block-heading\" id=\"h-distribuicao-das-questoes-de-direito-empresarial-no-exame-de-ordem-2016\"><span id=\"distribuicao-das-questoes-de-direito-empresarial-no-exame-de-ordem-2016\">Distribui\u00e7\u00e3o das quest\u00f5es de direito empresarial no exame de ordem \u2013 2016<\/span><\/h2>\n\n\n\n<figure class=\"wp-block-image size-full\"><img decoding=\"async\" width=\"535\" height=\"353\" src=\"https:\/\/oab.estrategia.com\/portal\/wp-content\/uploads\/2022\/06\/01174547\/distribuicao-das-questoes-de-direito-empresarial-no-exame-da-oab-2016.png\" alt=\"distribui\u00e7\u00e3o das quest\u00f5es direito empresarial exame de ordem 2016\" class=\"wp-image-738\" srcset=\"https:\/\/oab.estrategia.com\/portal\/wp-content\/uploads\/2022\/06\/01174547\/distribuicao-das-questoes-de-direito-empresarial-no-exame-da-oab-2016.png 535w, https:\/\/oab.estrategia.com\/portal\/wp-content\/uploads\/2022\/06\/01174547\/distribuicao-das-questoes-de-direito-empresarial-no-exame-da-oab-2016-300x198.png 300w, https:\/\/oab.estrategia.com\/portal\/wp-content\/uploads\/2022\/06\/01174547\/distribuicao-das-questoes-de-direito-empresarial-no-exame-da-oab-2016-380x251.png 380w\" sizes=\"(max-width: 535px) 100vw, 535px\" \/><\/figure>\n\n\n\n<p>O Direito Societ\u00e1rio foi muito\nimportante em 2016 em compara\u00e7\u00e3o com o consolidado dos tr\u00eas anos, mas a\nquantidade de quest\u00f5es de Direito Falimentar e T\u00edtulos de Cr\u00e9dito foi bem\npr\u00f3xima. <\/p>\n\n\n\n<p>Agora veja o que aconteceu em 2017!<\/p>\n\n\n\n<h2 id=\"distribuicao-das-questoes-de-direito-empresarial-no-exame-de-ordem-2017\" class=\"wp-block-heading\">Distribui\u00e7\u00e3o das quest\u00f5es de direito empresarial no exame de ordem \u2013 2017<\/h2>\n\n\n\n<figure class=\"wp-block-image size-full\"><img decoding=\"async\" width=\"565\" height=\"311\" src=\"https:\/\/oab.estrategia.com\/portal\/wp-content\/uploads\/2022\/06\/01174707\/distribuicao-das-questoes-de-direito-empresarial-no-exame-da-oab-2017.png\" alt=\"distribui\u00e7\u00e3o das quest\u00f5es de direito empresarial oab exame de ordem 2017\" class=\"wp-image-739\" srcset=\"https:\/\/oab.estrategia.com\/portal\/wp-content\/uploads\/2022\/06\/01174707\/distribuicao-das-questoes-de-direito-empresarial-no-exame-da-oab-2017.png 565w, https:\/\/oab.estrategia.com\/portal\/wp-content\/uploads\/2022\/06\/01174707\/distribuicao-das-questoes-de-direito-empresarial-no-exame-da-oab-2017-300x165.png 300w, https:\/\/oab.estrategia.com\/portal\/wp-content\/uploads\/2022\/06\/01174707\/distribuicao-das-questoes-de-direito-empresarial-no-exame-da-oab-2017-380x209.png 380w\" sizes=\"(max-width: 565px) 100vw, 565px\" \/><\/figure>\n\n\n\n<p><\/p>\n\n\n\n<p>Percebeu a\u00ed!? A composi\u00e7\u00e3o das\nquest\u00f5es em 2017 foi bem diferente da de 2016! O tema Contratos Empresariais\n(que praticamente n\u00e3o era cobrado antes) apareceu com muita for\u00e7a, e terminou\nsendo t\u00e3o importante quanto Direito Societ\u00e1rio, T\u00edtulos de Cr\u00e9dito e Direito\nFalimentar.<\/p>\n\n\n\n<p>Agora vamos ver se essa tend\u00eancia se\nconfirmou em 2018.<\/p>\n\n\n\n<h2 id=\"distribuicao-das-questoes-de-direito-empresarial-no-exame-de-ordem-2018\" class=\"wp-block-heading\">Distribui\u00e7\u00e3o das quest\u00f5es de direito empresarial no exame de ordem \u2013 2018<\/h2>\n\n\n\n<figure class=\"wp-block-image size-full\"><img decoding=\"async\" width=\"571\" height=\"364\" src=\"https:\/\/oab.estrategia.com\/portal\/wp-content\/uploads\/2022\/06\/01174841\/distribuicao-das-questoes-de-direito-empresarial-no-exame-da-oab-2018.png\" alt=\"direito empresarial quest\u00f5es no exame de ordem 2018\" class=\"wp-image-740\" srcset=\"https:\/\/oab.estrategia.com\/portal\/wp-content\/uploads\/2022\/06\/01174841\/distribuicao-das-questoes-de-direito-empresarial-no-exame-da-oab-2018.png 571w, https:\/\/oab.estrategia.com\/portal\/wp-content\/uploads\/2022\/06\/01174841\/distribuicao-das-questoes-de-direito-empresarial-no-exame-da-oab-2018-300x191.png 300w, https:\/\/oab.estrategia.com\/portal\/wp-content\/uploads\/2022\/06\/01174841\/distribuicao-das-questoes-de-direito-empresarial-no-exame-da-oab-2018-380x242.png 380w\" sizes=\"(max-width: 571px) 100vw, 571px\" \/><\/figure>\n\n\n\n<p>Em 2018 tivemos uma cobran\u00e7a muito\nmais equilibrada entre esses 5 temas principais, de maneira que fica at\u00e9\ndif\u00edcil concluir que um ou dois sejam realmente mais importantes que os demais.<\/p>\n\n\n\n<p>Teoria Geral do Direito Empresarial,\nque era um tema pouco cobrado, passou a ter um peso maior na composi\u00e7\u00e3o das\nquest\u00f5es, enquanto Direito Societ\u00e1rio, que antes era o \u201ccarro chefe\u201d da nossa\nmat\u00e9ria, perdeu import\u00e2ncia.<\/p>\n\n\n\n<p>Claro que n\u00e3o podemos adivinhar os\ntemas que ser\u00e3o cobrados nos pr\u00f3ximos exames de ordem, mas podemos dizer que\nexiste uma tend\u00eancia de uma prova mais equilibrada entre esses quatro temas.\nPor outro lado, podemos dizer tamb\u00e9m que assuntos que est\u00e3o no edital\nsimplesmente n\u00e3o s\u00e3o cobrados, a exemplo da Defesa da Concorr\u00eancia e da\nPropriedade Industrial.<\/p>\n\n\n\n<p>Minha dica inicial, portanto, \u00e9 a seguinte: concentre seus estudos nos seguintes assuntos, se poss\u00edvel seguindo esta ordem:<\/p>\n\n\n\n<ul class=\"wp-block-list\"><li><strong>Teoria Geral<\/strong>;<\/li><li><strong>Contratos Empresariais<\/strong>;<\/li><li><strong>Direito Falimentar<\/strong>;<\/li><li><strong>T\u00edtulos de Cr\u00e9dito<\/strong>; e<\/li><li><strong>Direito Societ\u00e1rio<\/strong>.<\/li><\/ul>\n\n\n\n<p>Al\u00e9m disso, precisamos saber quais s\u00e3o\nos pontos mais cobrados dentro de cada um desses assuntos, n\u00e3o \u00e9 mesmo!?<\/p>\n\n\n\n<p>Dentro dos temas do <strong>Direito Societ\u00e1rio<\/strong> recomendo uma\naten\u00e7\u00e3o especial da sua parte para o estudo das <strong>Sociedades Limitadas<\/strong>, mas os pontos terminam sendo cobrados de\nforma equilibrada, com quest\u00f5es tamb\u00e9m sobre a <strong>parte geral<\/strong> e sobre as <strong>Sociedades\npor A\u00e7\u00f5es<\/strong>. Aqui podemos <\/p>\n\n\n\n<p>V\u00e1rios alunos relatam dificuldades no estudo das <strong>Sociedades por A\u00e7\u00f5es<\/strong>. Normalmente as queixas est\u00e3o relacionadas ao car\u00e1ter \u201cconfuso\u201d das regras e \u00e0 quantidade de detalhes que precisam ser memorizados. Concordo que \u00e9 um tema complexo, mas tenho duas dicas espec\u00edficas para que voc\u00ea consiga vencer essas dificuldades:<\/p>\n\n\n\n<ol class=\"wp-block-list\"><li>Leia um pouco (ou\nassista v\u00eddeos no YouTube) sobre o mercado de a\u00e7\u00f5es. N\u00e3o precisa se tornar um <em>broker<\/em>, mas entender o b\u00e1sico sobre como\nas a\u00e7\u00f5es e outros valores mobili\u00e1rios s\u00e3o comprados e vendidos pode ajudar\nbastante;<\/li><li>Leia os\nprincipais dispositivos da Lei n. 6.404\/1976. Esses dispositivos s\u00e3o\nreproduzidos no nosso material em PDF, mas \u00e9 interessante que voc\u00ea os leia\nv\u00e1rias vezes, na medida do poss\u00edvel. Isso ajudar\u00e1 voc\u00ea a memorizar alguns\npontos que exigem um esfor\u00e7o a mais.<\/li><\/ol>\n\n\n\n<p>Ainda em rela\u00e7\u00e3o ao Direito\nSociet\u00e1rio, um outro tema que merece sua aten\u00e7\u00e3o especial \u00e9 a <strong>Empresa Individual de Responsabilidade\nLimitada<\/strong>, ou simplesmente EIRELI. Como esse tipo empresarial foi criado h\u00e1\napenas alguns anos, ainda \u00e9 considerado uma novidade, e por isso aparece muito\nem provas de concursos em geral. Sugiro que voc\u00ea se concentre especialmente nas\nregras de constitui\u00e7\u00e3o da EIRELI que aparecem no C\u00f3digo Civil.<\/p>\n\n\n\n<p>Acerca do tema <strong>T\u00edtulos de Cr\u00e9dito<\/strong>, dois pontos que assumem mais import\u00e2ncia em\nrela\u00e7\u00e3o aos demais: os atos cambi\u00e1rios (principalmente aval, endosso e\nprotesto) e o cheque, que, de longe, \u00e9 o mais importante dos t\u00edtulos de cr\u00e9dito\ncobrados no exame de ordem, apesar de em 2018 ter aparecido uma quest\u00e3o at\u00e9\ncomplexa sobre Duplicata. <\/p>\n\n\n\n<p>Por \u00faltimo, quero mencionar os pontos\nmais frequentes em rela\u00e7\u00e3o aos <strong>Contratos\nEmpresariais<\/strong>. Geralmente as quest\u00f5es sobre o tema dizem respeito \u00e0s\nmodalidades de contratos. Apareceram nos \u00faltimos anos algumas quest\u00f5es em que o\nexaminador faz a descri\u00e7\u00e3o, pede para que o candidato indique qual \u00e9 o\ncontrato.<\/p>\n\n\n\n<p>Feitas essas considera\u00e7\u00f5es, desejo a voc\u00ea todo sucesso na sua prepara\u00e7\u00e3o. Se quiser bater um papo sobre Direito Empresarial (ou qualquer outra coisa) estou \u00e0 disposi\u00e7\u00e3o l\u00e1 no Instagram no <a href=\"https:\/\/www.instagram.com\/profpauloguimaraes\/\" target=\"_blank\" >@profpauloguimaraes<\/a>.<\/p>\n\n\n\n<p>Juntos vamos chegar at\u00e9 o final da jornada, prontos para vencer! <\/p>\n\n\n\n\n\n<div class=\"wp-block-cover\" style=\"min-height:147px;aspect-ratio:unset;\"><img decoding=\"async\" width=\"1024\" height=\"190\" class=\"wp-block-cover__image-background wp-image-963\" alt=\"1\u00aa fase do exame de ordem oab curso\" src=\"https:\/\/oab.estrategia.com\/portal\/wp-content\/uploads\/2022\/06\/20153604\/assinatura-curso-oab-primeira-fase-1024x190.jpg\" style=\"object-position:58% 29%\" data-object-fit=\"cover\" data-object-position=\"58% 29%\" srcset=\"https:\/\/oab.estrategia.com\/portal\/wp-content\/uploads\/2022\/06\/20153604\/assinatura-curso-oab-primeira-fase-1024x190.jpg 1024w, https:\/\/oab.estrategia.com\/portal\/wp-content\/uploads\/2022\/06\/20153604\/assinatura-curso-oab-primeira-fase-300x56.jpg 300w, https:\/\/oab.estrategia.com\/portal\/wp-content\/uploads\/2022\/06\/20153604\/assinatura-curso-oab-primeira-fase-768x143.jpg 768w, https:\/\/oab.estrategia.com\/portal\/wp-content\/uploads\/2022\/06\/20153604\/assinatura-curso-oab-primeira-fase-1536x285.jpg 1536w, https:\/\/oab.estrategia.com\/portal\/wp-content\/uploads\/2022\/06\/20153604\/assinatura-curso-oab-primeira-fase-380x71.jpg 380w, https:\/\/oab.estrategia.com\/portal\/wp-content\/uploads\/2022\/06\/20153604\/assinatura-curso-oab-primeira-fase-800x149.jpg 800w, https:\/\/oab.estrategia.com\/portal\/wp-content\/uploads\/2022\/06\/20153604\/assinatura-curso-oab-primeira-fase-1160x215.jpg 1160w, https:\/\/oab.estrategia.com\/portal\/wp-content\/uploads\/2022\/06\/20153604\/assinatura-curso-oab-primeira-fase.jpg 1890w\" sizes=\"(max-width: 1024px) 100vw, 1024px\" \/><span aria-hidden=\"true\" class=\"wp-block-cover__background has-background-dim\"><\/span><div class=\"wp-block-cover__inner-container is-layout-flow wp-block-cover-is-layout-flow\">\n<h3 id=\"curso-para-a-1a-fase-da-oab\" class=\"titulo-assinatura\">Curso para a 1\u00aa Fase da OAB<\/h3>\n<p class=\"subtitulo-assinatura\" style=\"display:block!important; line-height: 0;\">Conhe\u00e7a os cursos!<\/p>\n<a target=\"_blank\" href=\"https:\/\/oab.estrategia.com\/concurso\/primeira-fase-46-exame\" rel=\"noopener\"><button style=\"border-radius: 10px; text-transform: capitalize;\">Acessar<\/button><\/a>\n<\/div><\/div>\n\n\n\n<div class=\"wp-block-group\"><div class=\"wp-block-group__inner-container is-layout-constrained wp-block-group-is-layout-constrained\">\n<div class=\"wp-block-cover\" style=\"min-height:84px;aspect-ratio:unset;\"><img decoding=\"async\" width=\"1160\" height=\"215\" class=\"wp-block-cover__image-background wp-image-15434\" alt=\"\" src=\"https:\/\/oab.estrategia.com\/portal\/wp-content\/uploads\/2025\/01\/31012626\/Banner-curso-de-ingles-no-seu-ritmo-vermelho-e-azul-moderno-1160-x-215-px.png\" style=\"object-position:100% 28%\" data-object-fit=\"cover\" data-object-position=\"100% 28%\" srcset=\"https:\/\/oab.estrategia.com\/portal\/wp-content\/uploads\/2025\/01\/31012626\/Banner-curso-de-ingles-no-seu-ritmo-vermelho-e-azul-moderno-1160-x-215-px.png 1160w, https:\/\/oab.estrategia.com\/portal\/wp-content\/uploads\/2025\/01\/31012626\/Banner-curso-de-ingles-no-seu-ritmo-vermelho-e-azul-moderno-1160-x-215-px-300x56.png 300w, https:\/\/oab.estrategia.com\/portal\/wp-content\/uploads\/2025\/01\/31012626\/Banner-curso-de-ingles-no-seu-ritmo-vermelho-e-azul-moderno-1160-x-215-px-1024x190.png 1024w, https:\/\/oab.estrategia.com\/portal\/wp-content\/uploads\/2025\/01\/31012626\/Banner-curso-de-ingles-no-seu-ritmo-vermelho-e-azul-moderno-1160-x-215-px-768x142.png 768w, https:\/\/oab.estrategia.com\/portal\/wp-content\/uploads\/2025\/01\/31012626\/Banner-curso-de-ingles-no-seu-ritmo-vermelho-e-azul-moderno-1160-x-215-px-380x70.png 380w, https:\/\/oab.estrategia.com\/portal\/wp-content\/uploads\/2025\/01\/31012626\/Banner-curso-de-ingles-no-seu-ritmo-vermelho-e-azul-moderno-1160-x-215-px-800x148.png 800w, https:\/\/oab.estrategia.com\/portal\/wp-content\/uploads\/2025\/01\/31012626\/Banner-curso-de-ingles-no-seu-ritmo-vermelho-e-azul-moderno-1160-x-215-px-150x28.png 150w\" sizes=\"(max-width: 1160px) 100vw, 1160px\" \/><span aria-hidden=\"true\" class=\"wp-block-cover__background has-background-dim\"><\/span><div class=\"wp-block-cover__inner-container is-layout-flow wp-block-cover-is-layout-flow\">\n<h3 id=\"cursos-para-a-2a-fase-da-oab\" class=\"titulo-assinatura\">Cursos para a 2\u00aa Fase da OAB<\/h3>\n<p class=\"subtitulo-assinatura\" style=\"display:block!important; line-height: 0;\">Conhe\u00e7a os cursos!<\/p>\n<a target=\"_blank\" href=\"https:\/\/oab.estrategia.com\/concursos\/cursos\/segunda-fase-oab\" rel=\"noopener\"><button style=\"border-radius: 10px; text-transform: capitalize;\">Acessar<\/button><\/a>\n<\/div><\/div>\n<\/div><\/div>\n\n\n\n<h2 class=\"has-text-align-center wp-block-heading\" id=\"quer-saber-mais-sobre-o-xxxiv-exame-de-ordem\"><span id=\"quer-saber-mais-sobre-o-exame-de-ordem\">Quer saber mais sobre o Exame de Ordem?<\/span><\/h2>\n\n\n\n<p class=\"has-text-align-center\"><strong>Nossas redes sociais<\/strong><\/p>\n\n\n\n<p class=\"has-text-align-center has-pale-cyan-blue-background-color has-background\"><a href=\"https:\/\/www.instagram.com\/estrategiaoab\/\" target=\"_blank\" >Instagram Estrat\u00e9gia OAB<\/a><\/p>\n\n\n\n<p class=\"has-text-align-center has-light-green-cyan-background-color has-background\"><a href=\"https:\/\/www.youtube.com\/channel\/UC7rgrKTSF5aOrBGWOw60ovw\" target=\"_blank\" >YouTube do Estrat\u00e9gia OAB<\/a><\/p>\n\n\n\n<p class=\"has-text-align-center\"><strong>Grupo de Telegram para a OAB<\/strong><\/p>\n\n\n\n<p class=\"has-text-align-center has-very-light-gray-background-color has-background\"><a href=\"http:\/\/bit.ly\/TelegramOAB\" target=\"_blank\" >Inscreva-se no nosso grupo do Telegram<\/a><\/p>\n","protected":false},"excerpt":{"rendered":"Meu nome \u00e9 Paulo Guimar\u00e3es, sou Auditor Federal de Finan\u00e7as e Controle da Controladoria-Geral da Uni\u00e3o e professor&hellip;\n","protected":false},"author":12,"featured_media":131,"comment_status":"open","ping_status":"open","sticky":false,"template":"","format":"standard","meta":{"_jetpack_memberships_contains_paid_content":false,"footnotes":""},"categories":[30],"tags":[],"class_list":{"0":"post-734","1":"post","2":"type-post","3":"status-publish","4":"format-standard","5":"has-post-thumbnail","7":"category-1a-fase-oab"},"acf":[],"yoast_head":"<!-- This site is optimized with the Yoast SEO Premium plugin v26.2 (Yoast SEO v27.4) - https:\/\/yoast.com\/product\/yoast-seo-premium-wordpress\/ -->\n<title>Direito Empresarial OAB: como estudar para o Exame de Ordem<\/title>\n<meta name=\"description\" content=\"Aprenda como estudar Direito Empresarial para o Exame de Ordem! Confira as dicas imperd\u00edveis do Professor Paulo Guimar\u00e3es para a 1\u00aa fase da OAB!\" \/>\n<meta name=\"robots\" content=\"index, follow, max-snippet:-1, max-image-preview:large, max-video-preview:-1\" \/>\n<link rel=\"canonical\" href=\"https:\/\/oab.estrategia.com\/portal\/direito-empresarial-oab\/\" \/>\n<meta property=\"og:locale\" content=\"pt_BR\" \/>\n<meta property=\"og:type\" content=\"article\" \/>\n<meta property=\"og:title\" content=\"Direito Empresarial OAB: como estudar para o Exame de Ordem\" \/>\n<meta property=\"og:description\" content=\"Aprenda como estudar Direito Empresarial para o Exame de Ordem! Confira as dicas imperd\u00edveis do Professor Paulo Guimar\u00e3es para a 1\u00aa fase da OAB!\" \/>\n<meta property=\"og:url\" content=\"https:\/\/oab.estrategia.com\/portal\/direito-empresarial-oab\/\" \/>\n<meta property=\"og:site_name\" content=\"Blog - OAB - Estrat\u00e9gia\" \/>\n<meta property=\"article:publisher\" content=\"https:\/\/www.facebook.com\/estrategiaoab\/\" \/>\n<meta property=\"article:published_time\" content=\"2019-05-03T21:00:00+00:00\" \/>\n<meta property=\"article:modified_time\" content=\"2022-06-23T19:38:01+00:00\" \/>\n<meta property=\"og:image\" content=\"https:\/\/oab.estrategia.com\/portal\/portal\/wp-content\/uploads\/2022\/03\/21203436\/oab-1.jpeg\" \/>\n\t<meta property=\"og:image:width\" content=\"400\" \/>\n\t<meta property=\"og:image:height\" content=\"209\" \/>\n\t<meta property=\"og:image:type\" content=\"image\/jpeg\" \/>\n<meta name=\"author\" content=\"Coordena\u00e7\u00e3o\" \/>\n<meta name=\"twitter:card\" content=\"summary_large_image\" \/>\n<meta name=\"twitter:creator\" content=\"@estrategiaoab\" \/>\n<meta name=\"twitter:site\" content=\"@estrategiaoab\" \/>\n<meta name=\"twitter:label1\" content=\"Escrito por\" \/>\n\t<meta name=\"twitter:data1\" content=\"Coordena\u00e7\u00e3o\" \/>\n\t<meta name=\"twitter:label2\" content=\"Est. tempo de leitura\" \/>\n\t<meta name=\"twitter:data2\" content=\"8 minutos\" \/>\n<script type=\"application\/ld+json\" class=\"yoast-schema-graph\">{\"@context\":\"https:\\\/\\\/schema.org\",\"@graph\":[{\"@type\":\"Article\",\"@id\":\"https:\\\/\\\/oab.estrategia.com\\\/portal\\\/direito-empresarial-oab\\\/#article\",\"isPartOf\":{\"@id\":\"https:\\\/\\\/oab.estrategia.com\\\/portal\\\/direito-empresarial-oab\\\/\"},\"author\":{\"name\":\"Coordena\u00e7\u00e3o\",\"@id\":\"https:\\\/\\\/oab.estrategia.com\\\/portal\\\/#\\\/schema\\\/person\\\/9e4f367923f195c7466d88c8e8a86d23\"},\"headline\":\"Direito Empresarial OAB: como estudar para o Exame de Ordem\",\"datePublished\":\"2019-05-03T21:00:00+00:00\",\"dateModified\":\"2022-06-23T19:38:01+00:00\",\"mainEntityOfPage\":{\"@id\":\"https:\\\/\\\/oab.estrategia.com\\\/portal\\\/direito-empresarial-oab\\\/\"},\"wordCount\":1415,\"commentCount\":0,\"publisher\":{\"@id\":\"https:\\\/\\\/oab.estrategia.com\\\/portal\\\/#organization\"},\"image\":{\"@id\":\"https:\\\/\\\/oab.estrategia.com\\\/portal\\\/direito-empresarial-oab\\\/#primaryimage\"},\"thumbnailUrl\":\"https:\\\/\\\/oab.estrategia.com\\\/portal\\\/wp-content\\\/uploads\\\/2022\\\/03\\\/21203436\\\/oab-1.jpeg\",\"articleSection\":[\"1\u00aa Fase OAB\"],\"inLanguage\":\"pt-BR\",\"potentialAction\":[{\"@type\":\"CommentAction\",\"name\":\"Comment\",\"target\":[\"https:\\\/\\\/oab.estrategia.com\\\/portal\\\/direito-empresarial-oab\\\/#respond\"]}],\"accessibilityFeature\":[\"tableOfContents\"]},{\"@type\":\"WebPage\",\"@id\":\"https:\\\/\\\/oab.estrategia.com\\\/portal\\\/direito-empresarial-oab\\\/\",\"url\":\"https:\\\/\\\/oab.estrategia.com\\\/portal\\\/direito-empresarial-oab\\\/\",\"name\":\"Direito Empresarial OAB: como estudar para o Exame de Ordem\",\"isPartOf\":{\"@id\":\"https:\\\/\\\/oab.estrategia.com\\\/portal\\\/#website\"},\"primaryImageOfPage\":{\"@id\":\"https:\\\/\\\/oab.estrategia.com\\\/portal\\\/direito-empresarial-oab\\\/#primaryimage\"},\"image\":{\"@id\":\"https:\\\/\\\/oab.estrategia.com\\\/portal\\\/direito-empresarial-oab\\\/#primaryimage\"},\"thumbnailUrl\":\"https:\\\/\\\/oab.estrategia.com\\\/portal\\\/wp-content\\\/uploads\\\/2022\\\/03\\\/21203436\\\/oab-1.jpeg\",\"datePublished\":\"2019-05-03T21:00:00+00:00\",\"dateModified\":\"2022-06-23T19:38:01+00:00\",\"description\":\"Aprenda como estudar Direito Empresarial para o Exame de Ordem! Confira as dicas imperd\u00edveis do Professor Paulo Guimar\u00e3es para a 1\u00aa fase da OAB!\",\"breadcrumb\":{\"@id\":\"https:\\\/\\\/oab.estrategia.com\\\/portal\\\/direito-empresarial-oab\\\/#breadcrumb\"},\"inLanguage\":\"pt-BR\",\"potentialAction\":[{\"@type\":\"ReadAction\",\"target\":[\"https:\\\/\\\/oab.estrategia.com\\\/portal\\\/direito-empresarial-oab\\\/\"]}]},{\"@type\":\"ImageObject\",\"inLanguage\":\"pt-BR\",\"@id\":\"https:\\\/\\\/oab.estrategia.com\\\/portal\\\/direito-empresarial-oab\\\/#primaryimage\",\"url\":\"https:\\\/\\\/oab.estrategia.com\\\/portal\\\/wp-content\\\/uploads\\\/2022\\\/03\\\/21203436\\\/oab-1.jpeg\",\"contentUrl\":\"https:\\\/\\\/oab.estrategia.com\\\/portal\\\/wp-content\\\/uploads\\\/2022\\\/03\\\/21203436\\\/oab-1.jpeg\",\"width\":400,\"height\":209,\"caption\":\"1\u00aa fase\"},{\"@type\":\"BreadcrumbList\",\"@id\":\"https:\\\/\\\/oab.estrategia.com\\\/portal\\\/direito-empresarial-oab\\\/#breadcrumb\",\"itemListElement\":[{\"@type\":\"ListItem\",\"position\":1,\"name\":\"In\u00edcio\",\"item\":\"https:\\\/\\\/oab.estrategia.com\\\/portal\\\/\"},{\"@type\":\"ListItem\",\"position\":2,\"name\":\"Direito Empresarial OAB: como estudar para o Exame de Ordem\"}]},{\"@type\":\"WebSite\",\"@id\":\"https:\\\/\\\/oab.estrategia.com\\\/portal\\\/#website\",\"url\":\"https:\\\/\\\/oab.estrategia.com\\\/portal\\\/\",\"name\":\"Blog - OAB - Estrat\u00e9gia\",\"description\":\"Blog OAB - Estrat\u00e9gia Concursos\",\"publisher\":{\"@id\":\"https:\\\/\\\/oab.estrategia.com\\\/portal\\\/#organization\"},\"potentialAction\":[{\"@type\":\"SearchAction\",\"target\":{\"@type\":\"EntryPoint\",\"urlTemplate\":\"https:\\\/\\\/oab.estrategia.com\\\/portal\\\/?s={search_term_string}\"},\"query-input\":{\"@type\":\"PropertyValueSpecification\",\"valueRequired\":true,\"valueName\":\"search_term_string\"}}],\"inLanguage\":\"pt-BR\"},{\"@type\":\"Organization\",\"@id\":\"https:\\\/\\\/oab.estrategia.com\\\/portal\\\/#organization\",\"name\":\"Estrat\u00e9gia Concursos\",\"url\":\"https:\\\/\\\/oab.estrategia.com\\\/portal\\\/\",\"logo\":{\"@type\":\"ImageObject\",\"inLanguage\":\"pt-BR\",\"@id\":\"https:\\\/\\\/oab.estrategia.com\\\/portal\\\/#\\\/schema\\\/logo\\\/image\\\/\",\"url\":\"https:\\\/\\\/oab.estrategia.com\\\/portal\\\/wp-content\\\/uploads\\\/2022\\\/04\\\/06103601\\\/oab-icone-2.png\",\"contentUrl\":\"https:\\\/\\\/oab.estrategia.com\\\/portal\\\/wp-content\\\/uploads\\\/2022\\\/04\\\/06103601\\\/oab-icone-2.png\",\"width\":900,\"height\":900,\"caption\":\"Estrat\u00e9gia Concursos\"},\"image\":{\"@id\":\"https:\\\/\\\/oab.estrategia.com\\\/portal\\\/#\\\/schema\\\/logo\\\/image\\\/\"},\"sameAs\":[\"https:\\\/\\\/www.facebook.com\\\/estrategiaoab\\\/\",\"https:\\\/\\\/x.com\\\/estrategiaoab\",\"https:\\\/\\\/www.instagram.com\\\/estrategiaoab\\\/\",\"https:\\\/\\\/www.youtube.com\\\/EstrategiaOAB\"]},{\"@type\":\"Person\",\"@id\":\"https:\\\/\\\/oab.estrategia.com\\\/portal\\\/#\\\/schema\\\/person\\\/9e4f367923f195c7466d88c8e8a86d23\",\"name\":\"Coordena\u00e7\u00e3o\",\"image\":{\"@type\":\"ImageObject\",\"inLanguage\":\"pt-BR\",\"@id\":\"https:\\\/\\\/oab.estrategia.com\\\/portal\\\/wp-content\\\/uploads\\\/2022\\\/03\\\/12164805\\\/estrategia-oab-coordenacao-96x96.png\",\"url\":\"https:\\\/\\\/oab.estrategia.com\\\/portal\\\/wp-content\\\/uploads\\\/2022\\\/03\\\/12164805\\\/estrategia-oab-coordenacao-96x96.png\",\"contentUrl\":\"https:\\\/\\\/oab.estrategia.com\\\/portal\\\/wp-content\\\/uploads\\\/2022\\\/03\\\/12164805\\\/estrategia-oab-coordenacao-96x96.png\",\"caption\":\"Coordena\u00e7\u00e3o\"},\"description\":\".\",\"url\":\"https:\\\/\\\/oab.estrategia.com\\\/portal\\\/author\\\/coordenacao\\\/\"}]}<\/script>\n<!-- \/ Yoast SEO Premium plugin. -->","yoast_head_json":{"title":"Direito Empresarial OAB: como estudar para o Exame de Ordem","description":"Aprenda como estudar Direito Empresarial para o Exame de Ordem! Confira as dicas imperd\u00edveis do Professor Paulo Guimar\u00e3es para a 1\u00aa fase da OAB!","robots":{"index":"index","follow":"follow","max-snippet":"max-snippet:-1","max-image-preview":"max-image-preview:large","max-video-preview":"max-video-preview:-1"},"canonical":"https:\/\/oab.estrategia.com\/portal\/direito-empresarial-oab\/","og_locale":"pt_BR","og_type":"article","og_title":"Direito Empresarial OAB: como estudar para o Exame de Ordem","og_description":"Aprenda como estudar Direito Empresarial para o Exame de Ordem! Confira as dicas imperd\u00edveis do Professor Paulo Guimar\u00e3es para a 1\u00aa fase da OAB!","og_url":"https:\/\/oab.estrategia.com\/portal\/direito-empresarial-oab\/","og_site_name":"Blog - OAB - Estrat\u00e9gia","article_publisher":"https:\/\/www.facebook.com\/estrategiaoab\/","article_published_time":"2019-05-03T21:00:00+00:00","article_modified_time":"2022-06-23T19:38:01+00:00","og_image":[{"width":400,"height":209,"url":"https:\/\/oab.estrategia.com\/portal\/portal\/wp-content\/uploads\/2022\/03\/21203436\/oab-1.jpeg","type":"image\/jpeg"}],"author":"Coordena\u00e7\u00e3o","twitter_card":"summary_large_image","twitter_creator":"@estrategiaoab","twitter_site":"@estrategiaoab","twitter_misc":{"Escrito por":"Coordena\u00e7\u00e3o","Est. tempo de leitura":"8 minutos"},"schema":{"@context":"https:\/\/schema.org","@graph":[{"@type":"Article","@id":"https:\/\/oab.estrategia.com\/portal\/direito-empresarial-oab\/#article","isPartOf":{"@id":"https:\/\/oab.estrategia.com\/portal\/direito-empresarial-oab\/"},"author":{"name":"Coordena\u00e7\u00e3o","@id":"https:\/\/oab.estrategia.com\/portal\/#\/schema\/person\/9e4f367923f195c7466d88c8e8a86d23"},"headline":"Direito Empresarial OAB: como estudar para o Exame de Ordem","datePublished":"2019-05-03T21:00:00+00:00","dateModified":"2022-06-23T19:38:01+00:00","mainEntityOfPage":{"@id":"https:\/\/oab.estrategia.com\/portal\/direito-empresarial-oab\/"},"wordCount":1415,"commentCount":0,"publisher":{"@id":"https:\/\/oab.estrategia.com\/portal\/#organization"},"image":{"@id":"https:\/\/oab.estrategia.com\/portal\/direito-empresarial-oab\/#primaryimage"},"thumbnailUrl":"https:\/\/oab.estrategia.com\/portal\/wp-content\/uploads\/2022\/03\/21203436\/oab-1.jpeg","articleSection":["1\u00aa Fase OAB"],"inLanguage":"pt-BR","potentialAction":[{"@type":"CommentAction","name":"Comment","target":["https:\/\/oab.estrategia.com\/portal\/direito-empresarial-oab\/#respond"]}],"accessibilityFeature":["tableOfContents"]},{"@type":"WebPage","@id":"https:\/\/oab.estrategia.com\/portal\/direito-empresarial-oab\/","url":"https:\/\/oab.estrategia.com\/portal\/direito-empresarial-oab\/","name":"Direito Empresarial OAB: como estudar para o Exame de Ordem","isPartOf":{"@id":"https:\/\/oab.estrategia.com\/portal\/#website"},"primaryImageOfPage":{"@id":"https:\/\/oab.estrategia.com\/portal\/direito-empresarial-oab\/#primaryimage"},"image":{"@id":"https:\/\/oab.estrategia.com\/portal\/direito-empresarial-oab\/#primaryimage"},"thumbnailUrl":"https:\/\/oab.estrategia.com\/portal\/wp-content\/uploads\/2022\/03\/21203436\/oab-1.jpeg","datePublished":"2019-05-03T21:00:00+00:00","dateModified":"2022-06-23T19:38:01+00:00","description":"Aprenda como estudar Direito Empresarial para o Exame de Ordem! Confira as dicas imperd\u00edveis do Professor Paulo Guimar\u00e3es para a 1\u00aa fase da OAB!","breadcrumb":{"@id":"https:\/\/oab.estrategia.com\/portal\/direito-empresarial-oab\/#breadcrumb"},"inLanguage":"pt-BR","potentialAction":[{"@type":"ReadAction","target":["https:\/\/oab.estrategia.com\/portal\/direito-empresarial-oab\/"]}]},{"@type":"ImageObject","inLanguage":"pt-BR","@id":"https:\/\/oab.estrategia.com\/portal\/direito-empresarial-oab\/#primaryimage","url":"https:\/\/oab.estrategia.com\/portal\/wp-content\/uploads\/2022\/03\/21203436\/oab-1.jpeg","contentUrl":"https:\/\/oab.estrategia.com\/portal\/wp-content\/uploads\/2022\/03\/21203436\/oab-1.jpeg","width":400,"height":209,"caption":"1\u00aa fase"},{"@type":"BreadcrumbList","@id":"https:\/\/oab.estrategia.com\/portal\/direito-empresarial-oab\/#breadcrumb","itemListElement":[{"@type":"ListItem","position":1,"name":"In\u00edcio","item":"https:\/\/oab.estrategia.com\/portal\/"},{"@type":"ListItem","position":2,"name":"Direito Empresarial OAB: como estudar para o Exame de Ordem"}]},{"@type":"WebSite","@id":"https:\/\/oab.estrategia.com\/portal\/#website","url":"https:\/\/oab.estrategia.com\/portal\/","name":"Blog - OAB - Estrat\u00e9gia","description":"Blog OAB - Estrat\u00e9gia Concursos","publisher":{"@id":"https:\/\/oab.estrategia.com\/portal\/#organization"},"potentialAction":[{"@type":"SearchAction","target":{"@type":"EntryPoint","urlTemplate":"https:\/\/oab.estrategia.com\/portal\/?s={search_term_string}"},"query-input":{"@type":"PropertyValueSpecification","valueRequired":true,"valueName":"search_term_string"}}],"inLanguage":"pt-BR"},{"@type":"Organization","@id":"https:\/\/oab.estrategia.com\/portal\/#organization","name":"Estrat\u00e9gia Concursos","url":"https:\/\/oab.estrategia.com\/portal\/","logo":{"@type":"ImageObject","inLanguage":"pt-BR","@id":"https:\/\/oab.estrategia.com\/portal\/#\/schema\/logo\/image\/","url":"https:\/\/oab.estrategia.com\/portal\/wp-content\/uploads\/2022\/04\/06103601\/oab-icone-2.png","contentUrl":"https:\/\/oab.estrategia.com\/portal\/wp-content\/uploads\/2022\/04\/06103601\/oab-icone-2.png","width":900,"height":900,"caption":"Estrat\u00e9gia Concursos"},"image":{"@id":"https:\/\/oab.estrategia.com\/portal\/#\/schema\/logo\/image\/"},"sameAs":["https:\/\/www.facebook.com\/estrategiaoab\/","https:\/\/x.com\/estrategiaoab","https:\/\/www.instagram.com\/estrategiaoab\/","https:\/\/www.youtube.com\/EstrategiaOAB"]},{"@type":"Person","@id":"https:\/\/oab.estrategia.com\/portal\/#\/schema\/person\/9e4f367923f195c7466d88c8e8a86d23","name":"Coordena\u00e7\u00e3o","image":{"@type":"ImageObject","inLanguage":"pt-BR","@id":"https:\/\/oab.estrategia.com\/portal\/wp-content\/uploads\/2022\/03\/12164805\/estrategia-oab-coordenacao-96x96.png","url":"https:\/\/oab.estrategia.com\/portal\/wp-content\/uploads\/2022\/03\/12164805\/estrategia-oab-coordenacao-96x96.png","contentUrl":"https:\/\/oab.estrategia.com\/portal\/wp-content\/uploads\/2022\/03\/12164805\/estrategia-oab-coordenacao-96x96.png","caption":"Coordena\u00e7\u00e3o"},"description":".","url":"https:\/\/oab.estrategia.com\/portal\/author\/coordenacao\/"}]}},"jetpack_featured_media_url":"https:\/\/oab.estrategia.com\/portal\/wp-content\/uploads\/2022\/03\/21203436\/oab-1.jpeg","jetpack_sharing_enabled":true,"_links":{"self":[{"href":"https:\/\/oab.estrategia.com\/portal\/wp-json\/wp\/v2\/posts\/734","targetHints":{"allow":["GET"]}}],"collection":[{"href":"https:\/\/oab.estrategia.com\/portal\/wp-json\/wp\/v2\/posts"}],"about":[{"href":"https:\/\/oab.estrategia.com\/portal\/wp-json\/wp\/v2\/types\/post"}],"author":[{"embeddable":true,"href":"https:\/\/oab.estrategia.com\/portal\/wp-json\/wp\/v2\/users\/12"}],"replies":[{"embeddable":true,"href":"https:\/\/oab.estrategia.com\/portal\/wp-json\/wp\/v2\/comments?post=734"}],"version-history":[{"count":5,"href":"https:\/\/oab.estrategia.com\/portal\/wp-json\/wp\/v2\/posts\/734\/revisions"}],"predecessor-version":[{"id":1102,"href":"https:\/\/oab.estrategia.com\/portal\/wp-json\/wp\/v2\/posts\/734\/revisions\/1102"}],"wp:featuredmedia":[{"embeddable":true,"href":"https:\/\/oab.estrategia.com\/portal\/wp-json\/wp\/v2\/media\/131"}],"wp:attachment":[{"href":"https:\/\/oab.estrategia.com\/portal\/wp-json\/wp\/v2\/media?parent=734"}],"wp:term":[{"taxonomy":"category","embeddable":true,"href":"https:\/\/oab.estrategia.com\/portal\/wp-json\/wp\/v2\/categories?post=734"},{"taxonomy":"post_tag","embeddable":true,"href":"https:\/\/oab.estrategia.com\/portal\/wp-json\/wp\/v2\/tags?post=734"}],"curies":[{"name":"wp","href":"https:\/\/api.w.org\/{rel}","templated":true}]}}