{"id":8482,"date":"2023-07-10T17:13:43","date_gmt":"2023-07-10T20:13:43","guid":{"rendered":"https:\/\/oab.estrategia.com\/portal\/?p=8482"},"modified":"2023-07-10T17:13:47","modified_gmt":"2023-07-10T20:13:47","slug":"prova-comentada-direito-constitucional-oab-xxxviii","status":"publish","type":"post","link":"https:\/\/oab.estrategia.com\/portal\/prova-comentada-direito-constitucional-oab-xxxviii\/","title":{"rendered":"Prova comentada Direito Constitucional OAB XXXVIII"},"content":{"rendered":"\n<p>Ol\u00e1, futuro Advogado(a), tudo certo?!<\/p>\n\n\n\n<p>Em 09\/07\/2023, foi aplicada a prova da primeira fase do <strong>XXXVIII Exame da Ordem dos Advogados do Brasil<\/strong>. Assim que encerrada, nosso time de professores elaborou o gabarito extraoficial, que, agora, ser\u00e1 apresentado juntamente com a nossa <strong>PROVA COMENTADA<\/strong>.<\/p>\n\n\n\n<p>Este material visa a auxili\u00e1-los na aferi\u00e7\u00e3o das notas, elabora\u00e7\u00e3o de eventuais recursos, verifica\u00e7\u00e3o das chances de avan\u00e7o para fase discursiva, bem como na revis\u00e3o do conte\u00fado cobrado no certame.<\/p>\n\n\n\n<p>Desde j\u00e1, destacamos que nosso time de professores identificou 6 quest\u00f5es pass\u00edveis de recurso e\/ou anula\u00e7\u00e3o, por apresentarem duas ou nenhuma alternativa correta, como veremos adiante. No tipo de prova comentado (prova azul), trata-se das quest\u00f5es 4, 5, 17, 46, 59 e 68.<\/p>\n\n\n\n<p>De modo complementar, elaboramos tamb\u00e9m um caderno para nossos seguidores, alunos ou n\u00e3o, verem os coment\u00e1rios e comentar as quest\u00f5es da prova: <a href=\"https:\/\/oab.estrategia.com\/cadernos-e-simulados\/cadernos\/19f57eb2-7505-4675-8d2c-54da9bea9a26\" target=\"_blank\" rel=\"noreferrer noopener nofollow\">Acesse Aqui!<\/a><\/p>\n\n\n\n<p>Por fim, voc\u00eas poder\u00e3o acompanhar os eventos e cursos para a fase discursiva, bem como outras novidades envolvendo o Exame de Ordem no nosso canal do Youtube. Inscreva-se e ative as notifica\u00e7\u00f5es!<\/p>\n\n\n\n<p class=\"has-text-align-center\">&nbsp;&nbsp;&nbsp;&nbsp;&nbsp;&nbsp;&nbsp;&nbsp;&nbsp; &nbsp;<strong>&nbsp;<\/strong><a href=\"https:\/\/www.youtube.com\/@EstrategiaOAB\"><strong>Estrat\u00e9gia OAB &#8211; YouTube<\/strong><\/a><strong><\/strong><\/p>\n\n\n\n<p>Esperamos que gostem do material e de todos os novos projetos que preparamos para que avancem rumo \u00e0 aprova\u00e7\u00e3o.<\/p>\n\n\n\n<h2 class=\"wp-block-heading has-text-align-center\" id=\"h-prova-comentada-direito-constitucional-oab-xxxviii\"><span id=\"prova-comentada-direito-constitucional-oab-xxxviii\"><mark style=\"background-color:rgba(0, 0, 0, 0)\" class=\"has-inline-color has-vivid-red-color\"><strong>PROVA COMENTADA DIREITO<\/strong><\/mark> <mark style=\"background-color:rgba(0, 0, 0, 0)\" class=\"has-inline-color has-vivid-red-color\">CONSTITUCIONAL <\/mark><br>OAB XXXVIII<\/span><\/h2>\n\n\n\n<p><strong>QUEST\u00c3O 11. Jos\u00e9 foi eleito deputado estadual por determinado Estado da Federa\u00e7\u00e3o. Uma semana ap\u00f3s a sua posse e fora do recinto da Assembleia Legislativa do seu respectivo Estado, o deputado encontra Jo\u00e3o, candidato n\u00e3o eleito e seu principal opositor durante a campanha eleitoral, vindo a agredi-lo, causando-lhe les\u00f5es corporais grav\u00edssimas, cuja persecu\u00e7\u00e3o em ju\u00edzo \u00e9 iniciada mediante den\u00fancia oferecida pelo Minist\u00e9rio P\u00fablico.<\/strong><\/p>\n\n\n\n<p><strong>Diante de tal contexto, levando em considera\u00e7\u00e3o as imunidades do parlamentar estadual, de acordo com o Direito Constitucional brasileiro, assinale a op\u00e7\u00e3o correta.<\/strong><\/p>\n\n\n\n<p><strong>a) Em rela\u00e7\u00e3o \u00e0 imunidade formal de processo, recebida a den\u00fancia oferecida contra o deputado estadual Jos\u00e9, por crime cometido ap\u00f3s a posse, a Casa legislativa a que pertence o parlamentar denunciado poder\u00e1 apenas sustar a tramita\u00e7\u00e3o da a\u00e7\u00e3o penal.<\/strong><\/p>\n\n\n\n<p><strong>b) Por gozar da mesma imunidade material (inviolabilidade parlamentar) de deputados federais e senadores, o deputado estadual Jos\u00e9 n\u00e3o poder\u00e1 ser responsabilizado por qualquer tipo de crime praticado durante o seu mandato eletivo.<\/strong><\/p>\n\n\n\n<p><strong>c) Em rela\u00e7\u00e3o \u00e0 imunidade formal de processo, o deputado estadual Jos\u00e9 est\u00e1 sujeito a julgamento judicial pelo crime comum cometido, desde que a an\u00e1lise da den\u00fancia oferecida contra ele seja autorizada pela respectiva casa legislativa.<\/strong><\/p>\n\n\n\n<p><strong>d) Por n\u00e3o possuir as mesmas imunidades formais de deputados federais e senadores, mas apenas a imunidade material relativa aos atos praticados em raz\u00e3o do seu mandato, o deputado estadual Jos\u00e9 ser\u00e1 julgado pelo crime comum cometido, n\u00e3o sendo poss\u00edvel que seja sustada a tramita\u00e7\u00e3o da a\u00e7\u00e3o penal.<\/strong><\/p>\n\n\n\n<p><strong>Coment\u00e1rios<\/strong><\/p>\n\n\n\n<p>A alternativa correta \u00e9 a <strong>letra A<\/strong>.<\/p>\n\n\n\n<p>Conforme disp\u00f5e o art. 53, \u00a7 3\u00ba, da Constitui\u00e7\u00e3o Federal \u201cRecebida a den\u00fancia contra o Senador ou Deputado, por crime ocorrido ap\u00f3s a diploma\u00e7\u00e3o, o Supremo Tribunal Federal dar\u00e1 ci\u00eancia \u00e0 Casa respectiva, que, por iniciativa de partido pol\u00edtico nela representado e pelo voto da maioria de seus membros, poder\u00e1, at\u00e9 a decis\u00e3o final, sustar o andamento da a\u00e7\u00e3o\u201d.<\/p>\n\n\n\n<p>Por outro lado, o art. 27, \u00a7 1\u00ba, da Constitui\u00e7\u00e3o Federal disp\u00f5e que \u201cSer\u00e1 de quatro anos o mandato dos Deputados Estaduais, aplicando- s\u00ea-lhes as regras desta Constitui\u00e7\u00e3o sobre sistema eleitoral, inviolabilidade, imunidades, remunera\u00e7\u00e3o, perda de mandato, licen\u00e7a, impedimentos e incorpora\u00e7\u00e3o \u00e0s For\u00e7as Armadas\u201d.<\/p>\n\n\n\n<p>Portanto, a interpreta\u00e7\u00e3o que se faz \u00e9 a de que \u00e9 poss\u00edvel a aplica\u00e7\u00e3o da imunidade formal de processo ao parlamentar estadual, para que a\u00e7\u00e3o penal possa ser sustada, conforme delibera\u00e7\u00e3o da sua respectiva Casa Legislativa.<\/p>\n\n\n\n<p>Deste modo, a alternativa A est\u00e1 correta.<\/p>\n\n\n\n<p>A alternativa B est\u00e1 incorreta, pois a imunidade material do parlamentar lhe garante a inviolabilidade, civil e penal, por quaisquer de suas opini\u00f5es, palavras e votos no exerc\u00edcio da sua fun\u00e7\u00e3o ou a pretexto dela (art. 53 da Constitui\u00e7\u00e3o Federal), o que n\u00e3o se confunde com um salvo conduto para a pr\u00e1tica de qualquer crime.<\/p>\n\n\n\n<p>A alternativa C est\u00e1 incorreta, pois a Casa Legislativa n\u00e3o faz qualquer ju\u00edzo de admissibilidade da den\u00fancia, apenas poder\u00e1 sustar o andamento da a\u00e7\u00e3o penal.<\/p>\n\n\n\n<p>A alternativa D est\u00e1 incorreta, pois o parlamentar estadual possui fim as imunidades formais conferidas aos parlamentares federais e, portanto, \u00e9 poss\u00edvel que a a\u00e7\u00e3o penal seja sustada, conforme coment\u00e1rio da alternativa A.<\/p>\n\n\n\n<p><strong>QUEST\u00c3O 12. O Presidente da Rep\u00fablica Federativa do Brasil, ap\u00f3s ouvir os Conselhos da Rep\u00fablica e de Defesa Nacional, decretou estado de defesa em parte da Regi\u00e3o Centro-Oeste do pa\u00eds, que fora atingida por calamidade natural de grandes propor\u00e7\u00f5es. O Congresso Nacional, 12 horas ap\u00f3s a veicula\u00e7\u00e3o do decreto presidencial, tomou ci\u00eancia da justificativa que levou o Presidente a decretar o estado de defesa.<\/strong><\/p>\n\n\n\n<p><strong>Sobre a hip\u00f3tese, segundo o sistema jur\u00eddico-constitucional brasileiro, assinale a afirmativa correta.<\/strong><\/p>\n\n\n\n<p><strong>a) O procedimento apresenta uma inconstitucionalidade formal, pois a decreta\u00e7\u00e3o do estado de defesa exige aprova\u00e7\u00e3o pr\u00e9via das raz\u00f5es do ato pelo Congresso Nacional.<\/strong><\/p>\n\n\n\n<p><strong>b) O decreto presidencial encontra-se formalmente correto, pois, diferentemente do estado de s\u00edtio, o estado de defesa dispensa qualquer manifesta\u00e7\u00e3o, pr\u00e9via ou a posteriori, do Congresso Nacional.<\/strong><\/p>\n\n\n\n<p><strong>c) O ato de decreta\u00e7\u00e3o somente poderia passar a vigorar na regi\u00e3o apontada ap\u00f3s pr\u00e9via normatiza\u00e7\u00e3o por meio de decreto legislativo elaborado exclusivamente pelo Congresso Nacional.<\/strong><\/p>\n\n\n\n<p><strong>d) O procedimento utilizado pelo Presidente da Rep\u00fablica converge com aquele que \u00e9 constitucionalmente exigido, j\u00e1 que a decreta\u00e7\u00e3o do estado de defesa n\u00e3o exige aprova\u00e7\u00e3o pr\u00e9via do Congresso Nacional.<\/strong><\/p>\n\n\n\n<p><strong>Coment\u00e1rios<\/strong><\/p>\n\n\n\n<p>A alternativa correta \u00e9 a <strong>letra D<\/strong>.<\/p>\n\n\n\n<p>O art. 49, IV, da Constitui\u00e7\u00e3o Federal disp\u00f5e que: \u201cart. 49. \u00c9 da compet\u00eancia exclusiva do Congresso Nacional: [&#8230;] IV &#8211; aprovar o estado de defesa e a interven\u00e7\u00e3o federal, autorizar o estado de s\u00edtio, ou suspender qualquer uma dessas medidas\u201d. J\u00e1 o art. 136, \u00a7\u00a7 4\u00ba e 6\u00ba, da Constitui\u00e7\u00e3o Federal disp\u00f5e que: \u201cart. 136 [&#8230;] \u00a7 4\u00ba Decretado o estado de defesa ou sua prorroga\u00e7\u00e3o, o Presidente da Rep\u00fablica, dentro de vinte e quatro horas, submeter\u00e1 o ato com a respectiva justifica\u00e7\u00e3o ao Congresso Nacional, que decidir\u00e1 por maioria absoluta. [&#8230;] \u00a7 6\u00ba O Congresso Nacional apreciar\u00e1 o decreto dentro de dez dias contados de seu recebimento, devendo continuar funcionando enquanto vigorar o estado de defesa\u201d.<\/p>\n\n\n\n<p>Portanto, verifica-se que o procedimento seguido est\u00e1 de acordo com o texto constitucional, raz\u00e3o pela qual a alternativa D est\u00e1 correta.<\/p>\n\n\n\n<p>A alternativa A est\u00e1 incorreta, pois o estado de defesa n\u00e3o exige aprova\u00e7\u00e3o pr\u00e9via do Congresso Nacional, ao contr\u00e1rio do que ocorre com o estado de s\u00edtio, conforme art. 137 da Constitui\u00e7\u00e3o Federal (n\u00e3o confundir!).<\/p>\n\n\n\n<p>A alternativa B est\u00e1 incorreta, pois embora n\u00e3o precise de autoriza\u00e7\u00e3o pr\u00e9via, o estado de defesa exige a manifesta\u00e7\u00e3o posterior do Congresso Nacional, que poder\u00e1 rejeitar ou manter do decreto do estado de defesa, conforme art. 136, \u00a7\u00a7 4\u00ba e 7\u00ba, da Constitui\u00e7\u00e3o Federal<\/p>\n\n\n\n<p>A alternativa C est\u00e1 incorreta, pois n\u00e3o \u00e9 da compet\u00eancia do Congresso Nacional normatizar ou elaborar o decreto de estado de defesa, mas t\u00e3o somente apreci\u00e1-lo ap\u00f3s a sua edi\u00e7\u00e3o pelo Presidente da Rep\u00fablica, conforme o coment\u00e1rio realizado \u00e0 alternativa A.<\/p>\n\n\n\n<p><strong>QUEST\u00c3O 13. Com grande ades\u00e3o da popula\u00e7\u00e3o, o prefeito do Munic\u00edpio Delta, situado no Estado-membro Alfa, declarou a independ\u00eancia do territ\u00f3rio municipal, criando um novo pa\u00eds.<\/strong><\/p>\n\n\n\n<p><strong>Assustado com a rapidez do processo, o Presidente da Rep\u00fablica, ap\u00f3s ouvir o Conselho de Defesa Nacional, sem perda de tempo, decidiu decretar a interven\u00e7\u00e3o federal no Munic\u00edpio. Ato cont\u00ednuo, submeteu o decreto ao Congresso Nacional, que o aprovou, tamb\u00e9m de forma c\u00e9lere, por unanimidade.<\/strong><\/p>\n\n\n\n<p><strong>Sobre o decreto interventivo federal, segundo o sistema jur\u00eddico-constitucional brasileiro, assinale a afirmativa correta.<\/strong><\/p>\n\n\n\n<p><strong>a) A Constitui\u00e7\u00e3o da Rep\u00fablica de 1988 veda, de forma cabal, o direito de secess\u00e3o, sendo o decreto constitucional.<\/strong><\/p>\n\n\n\n<p><strong>b) O ato de insurrei\u00e7\u00e3o traz consigo grave comprometimento \u00e0 ordem p\u00fablica, o que aponta para a constitucionalidade do decreto.<\/strong><\/p>\n\n\n\n<p><strong>c) Como Delta est\u00e1 situado em um Estado-membro, n\u00e3o h\u00e1 previs\u00e3o constitucional para a decreta\u00e7\u00e3o de interven\u00e7\u00e3o federal.<\/strong><\/p>\n\n\n\n<p><strong>d) O fato de a decis\u00e3o presidencial n\u00e3o ter sido antecedida de requisi\u00e7\u00e3o pelo Supremo Tribunal Federal indica a invalidade do decreto.<\/strong><\/p>\n\n\n\n<p><strong>Coment\u00e1rios<\/strong><\/p>\n\n\n\n<p>A alternativa correta \u00e9 a <strong>letra C<\/strong>.<\/p>\n\n\n\n<p>A explica\u00e7\u00e3o \u00e9 muito simples. O texto constitucional em seu art. 35 traz hip\u00f3teses taxativas e excepcionais em que a Uni\u00e3o poder\u00e1 intervir nos Estados ou no Distrito Federal e o art. 36 traz hip\u00f3teses em que os Estados poder\u00e3o intervir nos Munic\u00edpios, contudo, n\u00e3o existe nenhuma hip\u00f3tese constitucional que possibilite a interven\u00e7\u00e3o da Uni\u00e3o em Munic\u00edpios.<\/p>\n\n\n\n<p>O STF possui jurisprud\u00eancia pac\u00edfica neste sentido, sendo importante a men\u00e7\u00e3o e um antigo, por\u00e9m elucidativo julgado da Corte: &#8220;Impossibilidade de decreta\u00e7\u00e3o de interven\u00e7\u00e3o federal em munic\u00edpio localizado em estado-membro \u2014 Os munic\u00edpios situados no \u00e2mbito dos estados-membros n\u00e3o se exp\u00f5em \u00e0 possibilidade constitucional de sofrerem interven\u00e7\u00e3o decretada pela Uni\u00e3o federal, eis que, relativamente a esses entes municipais, a \u00fanica pessoa pol\u00edtica ativamente legitimada a neles intervir \u00e9 o estado-membro [&#8230;] Por isso mesmo, no sistema constitucional brasileiro, falece legitimidade ativa \u00e0 Uni\u00e3o federal para intervir em quaisquer munic\u00edpios, ressalvados, unicamente, os munic\u00edpios &#8216;localizados em territ\u00f3rio federal&#8230;&#8217; (CF, art. 35, caput)&#8221; (STF IF 590 \u2014 Tribunal Pleno.&nbsp; QO\/CE \u2014 Relator Ministro Celso de Mello, julgado em 17\/9\/1998 e publicado em 9\/10\/1998).<\/p>\n\n\n\n<p>A alternativa A est\u00e1 incorreta, pois muito embora haja, de fato, veda\u00e7\u00e3o \u00e0 secess\u00e3o est\u00e1 prevista no art. 1\u00ba da Constitui\u00e7\u00e3o Federal ao tratar que a \u201cA Rep\u00fablica Federativa do Brasil, formada pela uni\u00e3o indissol\u00favel dos Estados e Munic\u00edpios e do Distrito Federal [&#8230;]\u201d, n\u00e3o \u00e9 poss\u00edvel a interven\u00e7\u00e3o da Uni\u00e3o diretamente no Munic\u00edpio por aus\u00eancia de fundamento constitucional para tanto, conforme coment\u00e1rios a alternativa C.<\/p>\n\n\n\n<p>A alternativa B est\u00e1 incorreta, pois eventual \u201cgrave comprometimento \u00e0 ordem p\u00fablica\u201d, n\u00e3o torna a interven\u00e7\u00e3o da Uni\u00e3o no Munic\u00edpio constitucional, conforme coment\u00e1rio \u00e0 alternativa C.<\/p>\n\n\n\n<p>A alternativa D est\u00e1 incorreta, vide coment\u00e1rios a alternativa C.<\/p>\n\n\n\n<p><strong>QUEST\u00c3O 14. Preocupado com a qualidade da educa\u00e7\u00e3o b\u00e1sica ofertada pela rede de ensino municipal do Munic\u00edpio Teta, o prefeito da cidade pretende apresentar projeto de lei \u00e0 C\u00e2mara Municipal, no qual uma s\u00e9rie de melhorias est\u00e1 prevista. No entanto, ciente da aus\u00eancia de recursos or\u00e7ament\u00e1rios e financeiros para efetivar o que est\u00e1 previsto no projeto, o Prefeito levantou a hip\u00f3tese de criar uma taxa de servi\u00e7o, que seria paga por aqueles que viessem a se utilizar dos servi\u00e7os municipais de educa\u00e7\u00e3o b\u00e1sica (ensinos fundamental e m\u00e9dio) em seus estabelecimentos oficiais.<\/strong><\/p>\n\n\n\n<p><strong>Antes de enviar o projeto de lei, o Prefeito consultou sua assessoria sobre a conformidade constitucional do projeto, sendo-lhe corretamente informado que a cobran\u00e7a da referida taxa<\/strong><\/p>\n\n\n\n<p><strong>a) caracterizaria efetiva viola\u00e7\u00e3o \u00e0 ordem constitucional, posto ser o acesso gratuito \u00e0 educa\u00e7\u00e3o b\u00e1sica um direito subjetivo de todos.<\/strong><\/p>\n\n\n\n<p><strong>b) poderia ser exigida, contanto que o valor cobrado como contrapresta\u00e7\u00e3o pelo servi\u00e7o de educa\u00e7\u00e3o n\u00e3o afrontasse o princ\u00edpio da proporcionalidade.<\/strong><\/p>\n\n\n\n<p><strong>c) apenas poderia ser exigida daqueles que n\u00e3o conseguissem comprovar, nos termos legalmente estabelecidos, a hipossufici\u00eancia econ\u00f4mica.<\/strong><\/p>\n\n\n\n<p><strong>d) poderia ser exigida dos estudantes do ensino m\u00e9dio, mas n\u00e3o dos estudantes do ensino fundamental, aos quais a ordem constitucional assegura a gratuidade.<\/strong><\/p>\n\n\n\n<p><strong>Coment\u00e1rios<\/strong><\/p>\n\n\n\n<p>A alternativa correta \u00e9 a <strong>letra A<\/strong>.<\/p>\n\n\n\n<p>O acesso gratuito ao ensino p\u00fablico \u00e9 um princ\u00edpio em estabelecimentos oficiais \u00e9 um princ\u00edpio que norteia o direito \u00e0 educa\u00e7\u00e3o, conforme disp\u00f5e expressamente o art. 206, IV, da Constitui\u00e7\u00e3o Federal: \u201cArt. 206. O ensino ser\u00e1 ministrado com base nos seguintes princ\u00edpios: [&#8230;] IV &#8211; gratuidade do ensino p\u00fablico em estabelecimentos oficiais\u201d.<\/p>\n\n\n\n<p>Ali\u00e1s, \u201cO acesso ao ensino obrigat\u00f3rio e gratuito \u00e9 direito p\u00fablico subjetivo\u201d conforme reda\u00e7\u00e3o expressa do art. 208, \u00a7 1\u00ba, da Constitui\u00e7\u00e3o Federal.<\/p>\n\n\n\n<p>O texto constitucional n\u00e3o exige prova da hipossufici\u00eancia econ\u00f4mica e, ali\u00e1s, disp\u00f5e expressamente no art. 208, II, que \u201cArt. 208. O dever do Estado com a educa\u00e7\u00e3o ser\u00e1 efetivado mediante a garantia de: [&#8230;] II &#8211; progressiva universaliza\u00e7\u00e3o do ensino m\u00e9dio gratuito\u201d.<\/p>\n\n\n\n<p>Deste modo, claramente a institui\u00e7\u00e3o de taxa a ser paga pelos usu\u00e1rios afronta a garantia do acesso gratuito \u00e0 educa\u00e7\u00e3o, raz\u00e3o pela qual a alternativa A est\u00e1 correta.<\/p>\n\n\n\n<p>As alternativas B, C e D est\u00e3o incorretas, conforme o coment\u00e1rio da alternativa A.<\/p>\n\n\n\n<p><strong>QUEST\u00c3O 15. A Lei n\u00b0 VVY do Munic\u00edpio Alfa revogou o adicional por tempo de servi\u00e7os (ATS), abolindo-o por inteiro com efeitos retroativos absolutos. Al\u00e9m disso, estabeleceu as regras para que os servidores n\u00e3o s\u00f3 deixassem de receber o referido adicional, como tamb\u00e9m para que devolvessem todas as quantias por eles recebidas a t\u00edtulo de ATS.<\/strong><\/p>\n\n\n\n<p><strong>A medida foi justificada sob o argumento de que haveria significativa economia das despesas p\u00fablicas e, por isso, seria poss\u00edvel o aumento nos investimentos em sa\u00fade e em educa\u00e7\u00e3o. Os servidores, por sua vez, alegaram clara viola\u00e7\u00e3o ao direito adquirido e ao ato jur\u00eddico perfeito em rela\u00e7\u00e3o \u00e0 determina\u00e7\u00e3o de devolu\u00e7\u00e3o dos valores j\u00e1 recebidos.<\/strong><\/p>\n\n\n\n<p><strong>Sobre a quest\u00e3o em discuss\u00e3o, segundo o sistema jur\u00eddico-constitucional, assinale a afirmativa correta.<\/strong><\/p>\n\n\n\n<p><strong>a) A Lei n\u00b0 YYY apresenta indiscut\u00edvel interesse p\u00fablico, portanto, \u00e0 retroatividade absoluta \u00e9 v\u00e1lida, encontrando-se de acordo com o que determina o sistema jur\u00eddico-constitucional.<\/strong><\/p>\n\n\n\n<p><strong>b) A garantia ao direito adquirido n\u00e3o se aplica \u00e0s normas municipais, que podem, por raz\u00f5es econ\u00f4micas, produzir efeitos retroativos.<\/strong><\/p>\n\n\n\n<p><strong>c) A retroatividade absoluta da Lei n\u00b0 VVY fere o texto constitucional, pois afeta situa\u00e7\u00f5es j\u00e1 constitu\u00eddas e exauridas em momento pret\u00e9rito.<\/strong><\/p>\n\n\n\n<p><strong>d) O direito adquirido, por determina\u00e7\u00e3o constitucional expressa, pode ser desconsiderado nas situa\u00e7\u00f5es em que o seu reconhecimento inviabilize pol\u00edticas p\u00fablicas nas \u00e1reas de educa\u00e7\u00e3o e sa\u00fade.<\/strong><\/p>\n\n\n\n<p><strong>Coment\u00e1rios<\/strong><\/p>\n\n\n\n<p>A alternativa correta \u00e9 a <strong>letra C<\/strong>.<\/p>\n\n\n\n<p>O art. 5\u00ba, XXXVI, da Constitui\u00e7\u00e3o Federal disp\u00f5e que \u201ca lei n\u00e3o prejudicar\u00e1 o direito adquirido, o ato jur\u00eddico perfeito e a coisa julgada\u201d e tais elementos mencionados na norma constituem garantias fundamentais do cidad\u00e3o e mecanismo de prote\u00e7\u00e3o das rela\u00e7\u00f5es sociais contra a inseguran\u00e7a jur\u00eddica.<\/p>\n\n\n\n<p>Na situa\u00e7\u00e3o trazida pelo enunciado, n\u00e3o \u00e9 poss\u00edvel que sejam aplicados efeitos retroativos absolutos \u00e0 norma revogadora, ainda que sob a mais louv\u00e1vel das justificativas, uma vez que isto violaria frontalmente a Constitui\u00e7\u00e3o Federal, em especial o direito adquirido pelos servidores, que inclusive, receberam as verbas de boa-f\u00e9, com base em legisla\u00e7\u00e3o vigente \u00e0 \u00e9poca de sua percep\u00e7\u00e3o.<\/p>\n\n\n\n<p>A garantia do direito adquirido \u00e9 opon\u00edvel a todos os entes federados (inclusive aos Munic\u00edpios) e n\u00e3o comporta exce\u00e7\u00f5es casu\u00edsticas, de modo que a \u00fanica alternativa correta \u00e9 a letra C.<\/p>\n\n\n\n<p>As alternativas A, B e D est\u00e3o incorretas, conforme o coment\u00e1rio da alternativa C.<\/p>\n\n\n\n<p><strong>QUEST\u00c3O 16. O Procurador-Geral da Rep\u00fablica, preocupado com o grande n\u00famero de decis\u00f5es judiciais divergentes, em \u00e2mbito nacional, referentes \u00e0 poss\u00edvel inconstitucionalidade da Lei Federal n\u00b0 XX\/2021, ajuizou, perante o Supremo Tribunal Federal (STF), uma A\u00e7\u00e3o Declarat\u00f3ria de Constitucionalidade (ADC) visando a elidir a controv\u00e9rsia judicial. Em mar\u00e7o de 2022, no julgamento do m\u00e9rito, o STF decidiu pela improced\u00eancia da ADC referente \u00e0 Lei Federal n\u00b0 XX\/2021.<\/strong><\/p>\n\n\n\n<p><strong>No entanto, voc\u00ea, na qualidade de advogado(a) de uma determinada causa, deparou-se com a seguinte situa\u00e7\u00e3o: em desfavor do seu cliente, o Tribunal Regional Federal (TRF) competente, mantendo decis\u00e3o proferida pelo Juiz Federal respons\u00e1vel pelo caso, deu aplica\u00e7\u00e3o \u00e0 Lei Federal n\u00b0 XX\/21 que j\u00e1 fora objeto de ADC, apreciada pelo STF em mar\u00e7o de 2022.<\/strong><\/p>\n\n\n\n<p><strong>Diante de tal contexto, assinale a op\u00e7\u00e3o que apresenta a medida judicial a ser utilizada para preservar, de forma eficiente e c\u00e9lere, o interesse do seu cliente na causa.<\/strong><\/p>\n\n\n\n<p><strong>a) Formular representa\u00e7\u00e3o ao Procurador-Geral da Rep\u00fablica, para que seja deflagrado um novo processo objetivo perante o STF para retirar a Lei Federal n\u00b0 XX\/21 do mundo jur\u00eddico.<\/strong><\/p>\n\n\n\n<p><strong>b) Interpor recurso especial perante o STF, com fundamento em viola\u00e7\u00e3o de dispositivo constitucional.<\/strong><\/p>\n\n\n\n<p><strong>c) Ajuizar reclama\u00e7\u00e3o perante o STF em rela\u00e7\u00e3o \u00e0 decis\u00e3o proferida pelo TRF.<\/strong><\/p>\n\n\n\n<p><strong>d) Formular representa\u00e7\u00e3o ao Conselho Nacional de Justi\u00e7a (CNJ), para que seja deflagrado um processo administrativo disciplinar contra os magistrados do TRF.<\/strong><\/p>\n\n\n\n<p><strong>Coment\u00e1rios<\/strong><\/p>\n\n\n\n<p>A alternativa correta \u00e9 a <strong>letra C<\/strong>.<\/p>\n\n\n\n<p>O art. 102, I, \u201cl\u201d, da Constitui\u00e7\u00e3o Federal disp\u00f5e: \u201cArt. 102. Compete ao Supremo Tribunal Federal, precipuamente, a guarda da Constitui\u00e7\u00e3o, cabendo-lhe: I &#8211; processar e julgar, originariamente: [&#8230;] l) a reclama\u00e7\u00e3o para a preserva\u00e7\u00e3o de sua compet\u00eancia e garantia da autoridade de suas decis\u00f5es\u201d. J\u00e1 o CPC disp\u00f5e especificamente no art. 988, IV, que: \u201cArt. 988. Caber\u00e1 reclama\u00e7\u00e3o da parte interessada ou do Minist\u00e9rio P\u00fablico para: [&#8230;] III \u2013 garantir a observ\u00e2ncia de enunciado de s\u00famula vinculante e de decis\u00e3o do Supremo Tribunal Federal em controle concentrado de constitucionalidade\u201d.<\/p>\n\n\n\n<p>O desrespeito do TRF \u00e0 decis\u00e3o proferida em julgamento da ADC, a\u00e7\u00e3o de controle abstrato e concentrado de constitucionalidade, pelo STF, enseja o manejo da reclama\u00e7\u00e3o perante a Corte, raz\u00e3o pela qual \u00e9 correta a alternativa C.<\/p>\n\n\n\n<p>A alternativa A est\u00e1 incorreta, pois \u00e9 absolutamente desnecess\u00e1rio o ajuizamento de uma nova a\u00e7\u00e3o de controle concentrado de constitucionalidade, tendo em vista o car\u00e1ter d\u00faplice (ou ambivalente) da a\u00e7\u00f5es de controle concentrado de constitucionalidade, inclusive a ADC, isto \u00e9, em que a proced\u00eancia ou improced\u00eancia do pedido do autor, ensejar\u00e1 a declara\u00e7\u00e3o da constitucionalidade ou inconstitucionalidade da norma impugnada, fazendo, portanto, coisa julgada material sobre o tema.<\/p>\n\n\n\n<p>A alternativa B est\u00e1 incorreta e \u00e9 uma grande \u201cpegadinha\u201d. O recurso especial (REsp) n\u00e3o \u00e9 de compet\u00eancia do STF, mas sim do STJ (art. 105, III, da Constitui\u00e7\u00e3o Federal). Lembre-se que o STF julga o recurso extraordin\u00e1rio (RE ou RExt).<\/p>\n\n\n\n<p>A alternativa D est\u00e1 incorreta, pois ao CNJ compete realizar o controle da atua\u00e7\u00e3o administrativa e financeira do Poder Judici\u00e1rio e do cumprimento dos deveres funcionais dos ju\u00edzes (art. 103-B, \u00a7 4\u00ba, da Constitui\u00e7\u00e3o Federal), n\u00e3o sendo sua atribui\u00e7\u00e3o a deflagra\u00e7\u00e3o de processos administrativos para a puni\u00e7\u00e3o de magistrados em sede de controle da atividade judicante, at\u00e9 porque ao CNJ compete, dentre outros deveres constitucionais, zelar pela autonomia do Poder Judici\u00e1rio (art. 103-B, \u00a7 4\u00ba, I, da Constitui\u00e7\u00e3o Federal).<\/p>\n\n\n\n<h2 class=\"wp-block-heading\" id=\"quer-saber-mais-sobre-o-exame-de-ordem-xxxiv\"><span id=\"quer-saber-mais-sobre-o-exame-de-ordem-xxxviii\">Quer saber mais sobre o Exame de Ordem XXXVIII? <\/span><\/h2>\n\n\n\n<p class=\"has-text-align-center has-background has-medium-font-size\" style=\"background-color:#f78da87d\"><a href=\"https:\/\/oab.estrategia.com\/portal\/prova-oab\/\" target=\"_blank\" ><strong>Prova OAB<\/strong><\/a><\/p>\n\n\n\n<h2 class=\"wp-block-heading has-text-align-center\" id=\"grupo-de-telegram-para-a-oab\">Grupo de Telegram para a OAB<\/h2>\n\n\n\n<p class=\"has-text-align-center has-very-light-gray-background-color has-background\" style=\"font-size:25px\"><a href=\"http:\/\/bit.ly\/TelegramOAB\" target=\"_blank\" ><strong>Inscreva-se no nosso grupo do Telegram<\/strong><\/a><\/p>\n\n\n\n<h2 class=\"wp-block-heading has-text-align-center\" id=\"nossas-redes-sociais\">Nossas redes sociais<\/h2>\n\n\n\n<p class=\"has-text-align-center has-very-light-gray-background-color has-background\" style=\"font-size:22px\"><a  href=\"https:\/\/www.instagram.com\/estrategiaoab\/\" target=\"_blank\"><strong>Instagram Estrat\u00e9gia OAB<\/strong><\/a><\/p>\n\n\n\n<p class=\"has-text-align-center has-very-light-gray-background-color has-background\" style=\"font-size:22px\"><a href=\"https:\/\/www.youtube.com\/channel\/UC7rgrKTSF5aOrBGWOw60ovw\" target=\"_blank\" ><strong>YouTube do Estrat\u00e9gia OAB<\/strong><\/a><\/p>\n\n\n\n\n\n<div class=\"wp-block-cover\" style=\"min-height:147px;aspect-ratio:unset;\"><img decoding=\"async\" width=\"1024\" height=\"190\" class=\"wp-block-cover__image-background wp-image-963\" alt=\"1\u00aa fase do exame de ordem oab curso\" src=\"https:\/\/oab.estrategia.com\/portal\/wp-content\/uploads\/2022\/06\/20153604\/assinatura-curso-oab-primeira-fase-1024x190.jpg\" style=\"object-position:58% 29%\" data-object-fit=\"cover\" data-object-position=\"58% 29%\" srcset=\"https:\/\/oab.estrategia.com\/portal\/wp-content\/uploads\/2022\/06\/20153604\/assinatura-curso-oab-primeira-fase-1024x190.jpg 1024w, https:\/\/oab.estrategia.com\/portal\/wp-content\/uploads\/2022\/06\/20153604\/assinatura-curso-oab-primeira-fase-300x56.jpg 300w, https:\/\/oab.estrategia.com\/portal\/wp-content\/uploads\/2022\/06\/20153604\/assinatura-curso-oab-primeira-fase-768x143.jpg 768w, https:\/\/oab.estrategia.com\/portal\/wp-content\/uploads\/2022\/06\/20153604\/assinatura-curso-oab-primeira-fase-1536x285.jpg 1536w, https:\/\/oab.estrategia.com\/portal\/wp-content\/uploads\/2022\/06\/20153604\/assinatura-curso-oab-primeira-fase-380x71.jpg 380w, https:\/\/oab.estrategia.com\/portal\/wp-content\/uploads\/2022\/06\/20153604\/assinatura-curso-oab-primeira-fase-800x149.jpg 800w, https:\/\/oab.estrategia.com\/portal\/wp-content\/uploads\/2022\/06\/20153604\/assinatura-curso-oab-primeira-fase-1160x215.jpg 1160w, https:\/\/oab.estrategia.com\/portal\/wp-content\/uploads\/2022\/06\/20153604\/assinatura-curso-oab-primeira-fase.jpg 1890w\" sizes=\"(max-width: 1024px) 100vw, 1024px\" \/><span aria-hidden=\"true\" class=\"wp-block-cover__background has-background-dim\"><\/span><div class=\"wp-block-cover__inner-container is-layout-flow wp-block-cover-is-layout-flow\">\n<h3 id=\"curso-para-a-1a-fase-da-oab\" class=\"titulo-assinatura\">Curso para a 1\u00aa Fase da OAB<\/h3>\n<p class=\"subtitulo-assinatura\" style=\"display:block!important; line-height: 0;\">Conhe\u00e7a os cursos!<\/p>\n<a target=\"_blank\" href=\"https:\/\/oab.estrategia.com\/concurso\/primeira-fase-46-exame\" rel=\"noopener\"><button style=\"border-radius: 10px; text-transform: capitalize;\">Acessar<\/button><\/a>\n<\/div><\/div>\n\n\n\n<div class=\"wp-block-group\"><div class=\"wp-block-group__inner-container is-layout-constrained wp-block-group-is-layout-constrained\">\n<div class=\"wp-block-cover\" style=\"min-height:84px;aspect-ratio:unset;\"><img decoding=\"async\" width=\"1160\" height=\"215\" class=\"wp-block-cover__image-background wp-image-15434\" alt=\"\" src=\"https:\/\/oab.estrategia.com\/portal\/wp-content\/uploads\/2025\/01\/31012626\/Banner-curso-de-ingles-no-seu-ritmo-vermelho-e-azul-moderno-1160-x-215-px.png\" style=\"object-position:100% 28%\" data-object-fit=\"cover\" data-object-position=\"100% 28%\" srcset=\"https:\/\/oab.estrategia.com\/portal\/wp-content\/uploads\/2025\/01\/31012626\/Banner-curso-de-ingles-no-seu-ritmo-vermelho-e-azul-moderno-1160-x-215-px.png 1160w, https:\/\/oab.estrategia.com\/portal\/wp-content\/uploads\/2025\/01\/31012626\/Banner-curso-de-ingles-no-seu-ritmo-vermelho-e-azul-moderno-1160-x-215-px-300x56.png 300w, https:\/\/oab.estrategia.com\/portal\/wp-content\/uploads\/2025\/01\/31012626\/Banner-curso-de-ingles-no-seu-ritmo-vermelho-e-azul-moderno-1160-x-215-px-1024x190.png 1024w, https:\/\/oab.estrategia.com\/portal\/wp-content\/uploads\/2025\/01\/31012626\/Banner-curso-de-ingles-no-seu-ritmo-vermelho-e-azul-moderno-1160-x-215-px-768x142.png 768w, https:\/\/oab.estrategia.com\/portal\/wp-content\/uploads\/2025\/01\/31012626\/Banner-curso-de-ingles-no-seu-ritmo-vermelho-e-azul-moderno-1160-x-215-px-380x70.png 380w, https:\/\/oab.estrategia.com\/portal\/wp-content\/uploads\/2025\/01\/31012626\/Banner-curso-de-ingles-no-seu-ritmo-vermelho-e-azul-moderno-1160-x-215-px-800x148.png 800w, https:\/\/oab.estrategia.com\/portal\/wp-content\/uploads\/2025\/01\/31012626\/Banner-curso-de-ingles-no-seu-ritmo-vermelho-e-azul-moderno-1160-x-215-px-150x28.png 150w\" sizes=\"(max-width: 1160px) 100vw, 1160px\" \/><span aria-hidden=\"true\" class=\"wp-block-cover__background has-background-dim\"><\/span><div class=\"wp-block-cover__inner-container is-layout-flow wp-block-cover-is-layout-flow\">\n<h3 id=\"cursos-para-a-2a-fase-da-oab\" class=\"titulo-assinatura\">Cursos para a 2\u00aa Fase da OAB<\/h3>\n<p class=\"subtitulo-assinatura\" style=\"display:block!important; line-height: 0;\">Conhe\u00e7a os cursos!<\/p>\n<a target=\"_blank\" href=\"https:\/\/oab.estrategia.com\/concursos\/cursos\/segunda-fase-oab\" rel=\"noopener\"><button style=\"border-radius: 10px; text-transform: capitalize;\">Acessar<\/button><\/a>\n<\/div><\/div>\n<\/div><\/div>\n\n\n\n<p><strong>Leia tamb\u00e9m:<\/strong><\/p>\n\n\n\n<ul class=\"wp-block-yoast-seo-related-links\"><li><a href=\"https:\/\/oab.estrategia.com\/portal\/calendario-oab\/\" target=\"_blank\" >Calend\u00e1rio OAB 2023: datas da 2\u00aa fase do XXXVII Exame<\/a><\/li><li><a href=\"https:\/\/oab.estrategia.com\/portal\/ordem-das-questoes-na-oab\/\" target=\"_blank\" >Ordem das quest\u00f5es na prova da OAB<\/a><\/li><li><a href=\"https:\/\/oab.estrategia.com\/portal\/os-assuntos-mais-cobrados-na-oab\/\">Os assuntos mais cobrados na OAB: Saiba quais s\u00e3o!<\/a><\/li><li><a href=\"https:\/\/oab.estrategia.com\/portal\/melhor-curso-oab\/\">Melhor Curso para OAB: conhe\u00e7a a melhor ferramenta de estudos<\/a><\/li><li><a href=\"https:\/\/oab.estrategia.com\/portal\/como-funciona-a-prova-da-oab-primeira-fase\/\">Saiba como funciona a prova da OAB 1\u00aa fase<\/a><\/li><\/ul>\n","protected":false},"excerpt":{"rendered":"Ol\u00e1, futuro Advogado(a), tudo certo?! Em 09\/07\/2023, foi aplicada a prova da primeira fase do XXXVIII Exame da&hellip;\n","protected":false},"author":12,"featured_media":6849,"comment_status":"open","ping_status":"open","sticky":false,"template":"","format":"standard","meta":{"_jetpack_memberships_contains_paid_content":false,"footnotes":""},"categories":[30,1],"tags":[],"class_list":{"0":"post-8482","1":"post","2":"type-post","3":"status-publish","4":"format-standard","5":"has-post-thumbnail","7":"category-1a-fase-oab","8":"category-carreira"},"acf":[],"yoast_head":"<!-- This site is optimized with the Yoast SEO Premium plugin v26.2 (Yoast SEO v27.4) - https:\/\/yoast.com\/product\/yoast-seo-premium-wordpress\/ -->\n<title>Prova comentada Direito Constitucional OAB XXXVIII<\/title>\n<meta name=\"description\" content=\"Prova Comentada Direito Constitucional OAB XXXVIII: Confira seu desempenho e conhe\u00e7a os poss\u00edveis recursos! Saia na frente!\" \/>\n<meta name=\"robots\" content=\"index, follow, max-snippet:-1, max-image-preview:large, max-video-preview:-1\" \/>\n<link rel=\"canonical\" href=\"https:\/\/oab.estrategia.com\/portal\/prova-comentada-direito-constitucional-oab-xxxviii\/\" \/>\n<meta property=\"og:locale\" content=\"pt_BR\" \/>\n<meta property=\"og:type\" content=\"article\" \/>\n<meta property=\"og:title\" content=\"Prova comentada Direito Constitucional OAB XXXVIII\" \/>\n<meta property=\"og:description\" content=\"Prova Comentada Direito Constitucional OAB XXXVIII: Confira seu desempenho e conhe\u00e7a os poss\u00edveis recursos! Saia na frente!\" \/>\n<meta property=\"og:url\" content=\"https:\/\/oab.estrategia.com\/portal\/prova-comentada-direito-constitucional-oab-xxxviii\/\" \/>\n<meta property=\"og:site_name\" content=\"Blog - OAB - Estrat\u00e9gia\" \/>\n<meta property=\"article:publisher\" content=\"https:\/\/www.facebook.com\/estrategiaoab\/\" \/>\n<meta property=\"article:published_time\" content=\"2023-07-10T20:13:43+00:00\" \/>\n<meta property=\"article:modified_time\" content=\"2023-07-10T20:13:47+00:00\" \/>\n<meta property=\"og:image\" content=\"https:\/\/oab.estrategia.com\/portal\/wp-content\/uploads\/2023\/04\/13170319\/exame-38-oab-edital-prestes-a-ser-publicado.png\" \/>\n\t<meta property=\"og:image:width\" content=\"640\" \/>\n\t<meta property=\"og:image:height\" content=\"853\" \/>\n\t<meta property=\"og:image:type\" content=\"image\/png\" \/>\n<meta name=\"author\" content=\"Coordena\u00e7\u00e3o\" \/>\n<meta name=\"twitter:card\" content=\"summary_large_image\" \/>\n<meta name=\"twitter:creator\" content=\"@estrategiaoab\" \/>\n<meta name=\"twitter:site\" content=\"@estrategiaoab\" \/>\n<meta name=\"twitter:label1\" content=\"Escrito por\" \/>\n\t<meta name=\"twitter:data1\" content=\"Coordena\u00e7\u00e3o\" \/>\n\t<meta name=\"twitter:label2\" content=\"Est. tempo de leitura\" \/>\n\t<meta name=\"twitter:data2\" content=\"17 minutos\" \/>\n<script type=\"application\/ld+json\" class=\"yoast-schema-graph\">{\"@context\":\"https:\\\/\\\/schema.org\",\"@graph\":[{\"@type\":\"Article\",\"@id\":\"https:\\\/\\\/oab.estrategia.com\\\/portal\\\/prova-comentada-direito-constitucional-oab-xxxviii\\\/#article\",\"isPartOf\":{\"@id\":\"https:\\\/\\\/oab.estrategia.com\\\/portal\\\/prova-comentada-direito-constitucional-oab-xxxviii\\\/\"},\"author\":{\"name\":\"Coordena\u00e7\u00e3o\",\"@id\":\"https:\\\/\\\/oab.estrategia.com\\\/portal\\\/#\\\/schema\\\/person\\\/9e4f367923f195c7466d88c8e8a86d23\"},\"headline\":\"Prova comentada Direito Constitucional OAB XXXVIII\",\"datePublished\":\"2023-07-10T20:13:43+00:00\",\"dateModified\":\"2023-07-10T20:13:47+00:00\",\"mainEntityOfPage\":{\"@id\":\"https:\\\/\\\/oab.estrategia.com\\\/portal\\\/prova-comentada-direito-constitucional-oab-xxxviii\\\/\"},\"wordCount\":3290,\"commentCount\":0,\"publisher\":{\"@id\":\"https:\\\/\\\/oab.estrategia.com\\\/portal\\\/#organization\"},\"image\":{\"@id\":\"https:\\\/\\\/oab.estrategia.com\\\/portal\\\/prova-comentada-direito-constitucional-oab-xxxviii\\\/#primaryimage\"},\"thumbnailUrl\":\"https:\\\/\\\/oab.estrategia.com\\\/portal\\\/wp-content\\\/uploads\\\/2023\\\/04\\\/13170319\\\/exame-38-oab-edital-prestes-a-ser-publicado.png\",\"articleSection\":[\"1\u00aa Fase OAB\",\"Carreira\"],\"inLanguage\":\"pt-BR\",\"potentialAction\":[{\"@type\":\"CommentAction\",\"name\":\"Comment\",\"target\":[\"https:\\\/\\\/oab.estrategia.com\\\/portal\\\/prova-comentada-direito-constitucional-oab-xxxviii\\\/#respond\"]}]},{\"@type\":\"WebPage\",\"@id\":\"https:\\\/\\\/oab.estrategia.com\\\/portal\\\/prova-comentada-direito-constitucional-oab-xxxviii\\\/\",\"url\":\"https:\\\/\\\/oab.estrategia.com\\\/portal\\\/prova-comentada-direito-constitucional-oab-xxxviii\\\/\",\"name\":\"Prova comentada Direito Constitucional OAB XXXVIII\",\"isPartOf\":{\"@id\":\"https:\\\/\\\/oab.estrategia.com\\\/portal\\\/#website\"},\"primaryImageOfPage\":{\"@id\":\"https:\\\/\\\/oab.estrategia.com\\\/portal\\\/prova-comentada-direito-constitucional-oab-xxxviii\\\/#primaryimage\"},\"image\":{\"@id\":\"https:\\\/\\\/oab.estrategia.com\\\/portal\\\/prova-comentada-direito-constitucional-oab-xxxviii\\\/#primaryimage\"},\"thumbnailUrl\":\"https:\\\/\\\/oab.estrategia.com\\\/portal\\\/wp-content\\\/uploads\\\/2023\\\/04\\\/13170319\\\/exame-38-oab-edital-prestes-a-ser-publicado.png\",\"datePublished\":\"2023-07-10T20:13:43+00:00\",\"dateModified\":\"2023-07-10T20:13:47+00:00\",\"description\":\"Prova Comentada Direito Constitucional OAB XXXVIII: Confira seu desempenho e conhe\u00e7a os poss\u00edveis recursos! Saia na frente!\",\"breadcrumb\":{\"@id\":\"https:\\\/\\\/oab.estrategia.com\\\/portal\\\/prova-comentada-direito-constitucional-oab-xxxviii\\\/#breadcrumb\"},\"inLanguage\":\"pt-BR\",\"potentialAction\":[{\"@type\":\"ReadAction\",\"target\":[\"https:\\\/\\\/oab.estrategia.com\\\/portal\\\/prova-comentada-direito-constitucional-oab-xxxviii\\\/\"]}]},{\"@type\":\"ImageObject\",\"inLanguage\":\"pt-BR\",\"@id\":\"https:\\\/\\\/oab.estrategia.com\\\/portal\\\/prova-comentada-direito-constitucional-oab-xxxviii\\\/#primaryimage\",\"url\":\"https:\\\/\\\/oab.estrategia.com\\\/portal\\\/wp-content\\\/uploads\\\/2023\\\/04\\\/13170319\\\/exame-38-oab-edital-prestes-a-ser-publicado.png\",\"contentUrl\":\"https:\\\/\\\/oab.estrategia.com\\\/portal\\\/wp-content\\\/uploads\\\/2023\\\/04\\\/13170319\\\/exame-38-oab-edital-prestes-a-ser-publicado.png\",\"width\":640,\"height\":853},{\"@type\":\"BreadcrumbList\",\"@id\":\"https:\\\/\\\/oab.estrategia.com\\\/portal\\\/prova-comentada-direito-constitucional-oab-xxxviii\\\/#breadcrumb\",\"itemListElement\":[{\"@type\":\"ListItem\",\"position\":1,\"name\":\"In\u00edcio\",\"item\":\"https:\\\/\\\/oab.estrategia.com\\\/portal\\\/\"},{\"@type\":\"ListItem\",\"position\":2,\"name\":\"Prova comentada Direito Constitucional OAB XXXVIII\"}]},{\"@type\":\"WebSite\",\"@id\":\"https:\\\/\\\/oab.estrategia.com\\\/portal\\\/#website\",\"url\":\"https:\\\/\\\/oab.estrategia.com\\\/portal\\\/\",\"name\":\"Blog - OAB - Estrat\u00e9gia\",\"description\":\"Blog OAB - Estrat\u00e9gia Concursos\",\"publisher\":{\"@id\":\"https:\\\/\\\/oab.estrategia.com\\\/portal\\\/#organization\"},\"potentialAction\":[{\"@type\":\"SearchAction\",\"target\":{\"@type\":\"EntryPoint\",\"urlTemplate\":\"https:\\\/\\\/oab.estrategia.com\\\/portal\\\/?s={search_term_string}\"},\"query-input\":{\"@type\":\"PropertyValueSpecification\",\"valueRequired\":true,\"valueName\":\"search_term_string\"}}],\"inLanguage\":\"pt-BR\"},{\"@type\":\"Organization\",\"@id\":\"https:\\\/\\\/oab.estrategia.com\\\/portal\\\/#organization\",\"name\":\"Estrat\u00e9gia Concursos\",\"url\":\"https:\\\/\\\/oab.estrategia.com\\\/portal\\\/\",\"logo\":{\"@type\":\"ImageObject\",\"inLanguage\":\"pt-BR\",\"@id\":\"https:\\\/\\\/oab.estrategia.com\\\/portal\\\/#\\\/schema\\\/logo\\\/image\\\/\",\"url\":\"https:\\\/\\\/oab.estrategia.com\\\/portal\\\/wp-content\\\/uploads\\\/2022\\\/04\\\/06103601\\\/oab-icone-2.png\",\"contentUrl\":\"https:\\\/\\\/oab.estrategia.com\\\/portal\\\/wp-content\\\/uploads\\\/2022\\\/04\\\/06103601\\\/oab-icone-2.png\",\"width\":900,\"height\":900,\"caption\":\"Estrat\u00e9gia Concursos\"},\"image\":{\"@id\":\"https:\\\/\\\/oab.estrategia.com\\\/portal\\\/#\\\/schema\\\/logo\\\/image\\\/\"},\"sameAs\":[\"https:\\\/\\\/www.facebook.com\\\/estrategiaoab\\\/\",\"https:\\\/\\\/x.com\\\/estrategiaoab\",\"https:\\\/\\\/www.instagram.com\\\/estrategiaoab\\\/\",\"https:\\\/\\\/www.youtube.com\\\/EstrategiaOAB\"]},{\"@type\":\"Person\",\"@id\":\"https:\\\/\\\/oab.estrategia.com\\\/portal\\\/#\\\/schema\\\/person\\\/9e4f367923f195c7466d88c8e8a86d23\",\"name\":\"Coordena\u00e7\u00e3o\",\"image\":{\"@type\":\"ImageObject\",\"inLanguage\":\"pt-BR\",\"@id\":\"https:\\\/\\\/oab.estrategia.com\\\/portal\\\/wp-content\\\/uploads\\\/2022\\\/03\\\/12164805\\\/estrategia-oab-coordenacao-96x96.png\",\"url\":\"https:\\\/\\\/oab.estrategia.com\\\/portal\\\/wp-content\\\/uploads\\\/2022\\\/03\\\/12164805\\\/estrategia-oab-coordenacao-96x96.png\",\"contentUrl\":\"https:\\\/\\\/oab.estrategia.com\\\/portal\\\/wp-content\\\/uploads\\\/2022\\\/03\\\/12164805\\\/estrategia-oab-coordenacao-96x96.png\",\"caption\":\"Coordena\u00e7\u00e3o\"},\"description\":\".\",\"url\":\"https:\\\/\\\/oab.estrategia.com\\\/portal\\\/author\\\/coordenacao\\\/\"}]}<\/script>\n<!-- \/ Yoast SEO Premium plugin. -->","yoast_head_json":{"title":"Prova comentada Direito Constitucional OAB XXXVIII","description":"Prova Comentada Direito Constitucional OAB XXXVIII: Confira seu desempenho e conhe\u00e7a os poss\u00edveis recursos! Saia na frente!","robots":{"index":"index","follow":"follow","max-snippet":"max-snippet:-1","max-image-preview":"max-image-preview:large","max-video-preview":"max-video-preview:-1"},"canonical":"https:\/\/oab.estrategia.com\/portal\/prova-comentada-direito-constitucional-oab-xxxviii\/","og_locale":"pt_BR","og_type":"article","og_title":"Prova comentada Direito Constitucional OAB XXXVIII","og_description":"Prova Comentada Direito Constitucional OAB XXXVIII: Confira seu desempenho e conhe\u00e7a os poss\u00edveis recursos! Saia na frente!","og_url":"https:\/\/oab.estrategia.com\/portal\/prova-comentada-direito-constitucional-oab-xxxviii\/","og_site_name":"Blog - OAB - Estrat\u00e9gia","article_publisher":"https:\/\/www.facebook.com\/estrategiaoab\/","article_published_time":"2023-07-10T20:13:43+00:00","article_modified_time":"2023-07-10T20:13:47+00:00","og_image":[{"width":640,"height":853,"url":"https:\/\/oab.estrategia.com\/portal\/wp-content\/uploads\/2023\/04\/13170319\/exame-38-oab-edital-prestes-a-ser-publicado.png","type":"image\/png"}],"author":"Coordena\u00e7\u00e3o","twitter_card":"summary_large_image","twitter_creator":"@estrategiaoab","twitter_site":"@estrategiaoab","twitter_misc":{"Escrito por":"Coordena\u00e7\u00e3o","Est. tempo de leitura":"17 minutos"},"schema":{"@context":"https:\/\/schema.org","@graph":[{"@type":"Article","@id":"https:\/\/oab.estrategia.com\/portal\/prova-comentada-direito-constitucional-oab-xxxviii\/#article","isPartOf":{"@id":"https:\/\/oab.estrategia.com\/portal\/prova-comentada-direito-constitucional-oab-xxxviii\/"},"author":{"name":"Coordena\u00e7\u00e3o","@id":"https:\/\/oab.estrategia.com\/portal\/#\/schema\/person\/9e4f367923f195c7466d88c8e8a86d23"},"headline":"Prova comentada Direito Constitucional OAB XXXVIII","datePublished":"2023-07-10T20:13:43+00:00","dateModified":"2023-07-10T20:13:47+00:00","mainEntityOfPage":{"@id":"https:\/\/oab.estrategia.com\/portal\/prova-comentada-direito-constitucional-oab-xxxviii\/"},"wordCount":3290,"commentCount":0,"publisher":{"@id":"https:\/\/oab.estrategia.com\/portal\/#organization"},"image":{"@id":"https:\/\/oab.estrategia.com\/portal\/prova-comentada-direito-constitucional-oab-xxxviii\/#primaryimage"},"thumbnailUrl":"https:\/\/oab.estrategia.com\/portal\/wp-content\/uploads\/2023\/04\/13170319\/exame-38-oab-edital-prestes-a-ser-publicado.png","articleSection":["1\u00aa Fase OAB","Carreira"],"inLanguage":"pt-BR","potentialAction":[{"@type":"CommentAction","name":"Comment","target":["https:\/\/oab.estrategia.com\/portal\/prova-comentada-direito-constitucional-oab-xxxviii\/#respond"]}]},{"@type":"WebPage","@id":"https:\/\/oab.estrategia.com\/portal\/prova-comentada-direito-constitucional-oab-xxxviii\/","url":"https:\/\/oab.estrategia.com\/portal\/prova-comentada-direito-constitucional-oab-xxxviii\/","name":"Prova comentada Direito Constitucional OAB XXXVIII","isPartOf":{"@id":"https:\/\/oab.estrategia.com\/portal\/#website"},"primaryImageOfPage":{"@id":"https:\/\/oab.estrategia.com\/portal\/prova-comentada-direito-constitucional-oab-xxxviii\/#primaryimage"},"image":{"@id":"https:\/\/oab.estrategia.com\/portal\/prova-comentada-direito-constitucional-oab-xxxviii\/#primaryimage"},"thumbnailUrl":"https:\/\/oab.estrategia.com\/portal\/wp-content\/uploads\/2023\/04\/13170319\/exame-38-oab-edital-prestes-a-ser-publicado.png","datePublished":"2023-07-10T20:13:43+00:00","dateModified":"2023-07-10T20:13:47+00:00","description":"Prova Comentada Direito Constitucional OAB XXXVIII: Confira seu desempenho e conhe\u00e7a os poss\u00edveis recursos! Saia na frente!","breadcrumb":{"@id":"https:\/\/oab.estrategia.com\/portal\/prova-comentada-direito-constitucional-oab-xxxviii\/#breadcrumb"},"inLanguage":"pt-BR","potentialAction":[{"@type":"ReadAction","target":["https:\/\/oab.estrategia.com\/portal\/prova-comentada-direito-constitucional-oab-xxxviii\/"]}]},{"@type":"ImageObject","inLanguage":"pt-BR","@id":"https:\/\/oab.estrategia.com\/portal\/prova-comentada-direito-constitucional-oab-xxxviii\/#primaryimage","url":"https:\/\/oab.estrategia.com\/portal\/wp-content\/uploads\/2023\/04\/13170319\/exame-38-oab-edital-prestes-a-ser-publicado.png","contentUrl":"https:\/\/oab.estrategia.com\/portal\/wp-content\/uploads\/2023\/04\/13170319\/exame-38-oab-edital-prestes-a-ser-publicado.png","width":640,"height":853},{"@type":"BreadcrumbList","@id":"https:\/\/oab.estrategia.com\/portal\/prova-comentada-direito-constitucional-oab-xxxviii\/#breadcrumb","itemListElement":[{"@type":"ListItem","position":1,"name":"In\u00edcio","item":"https:\/\/oab.estrategia.com\/portal\/"},{"@type":"ListItem","position":2,"name":"Prova comentada Direito Constitucional OAB XXXVIII"}]},{"@type":"WebSite","@id":"https:\/\/oab.estrategia.com\/portal\/#website","url":"https:\/\/oab.estrategia.com\/portal\/","name":"Blog - OAB - Estrat\u00e9gia","description":"Blog OAB - Estrat\u00e9gia Concursos","publisher":{"@id":"https:\/\/oab.estrategia.com\/portal\/#organization"},"potentialAction":[{"@type":"SearchAction","target":{"@type":"EntryPoint","urlTemplate":"https:\/\/oab.estrategia.com\/portal\/?s={search_term_string}"},"query-input":{"@type":"PropertyValueSpecification","valueRequired":true,"valueName":"search_term_string"}}],"inLanguage":"pt-BR"},{"@type":"Organization","@id":"https:\/\/oab.estrategia.com\/portal\/#organization","name":"Estrat\u00e9gia Concursos","url":"https:\/\/oab.estrategia.com\/portal\/","logo":{"@type":"ImageObject","inLanguage":"pt-BR","@id":"https:\/\/oab.estrategia.com\/portal\/#\/schema\/logo\/image\/","url":"https:\/\/oab.estrategia.com\/portal\/wp-content\/uploads\/2022\/04\/06103601\/oab-icone-2.png","contentUrl":"https:\/\/oab.estrategia.com\/portal\/wp-content\/uploads\/2022\/04\/06103601\/oab-icone-2.png","width":900,"height":900,"caption":"Estrat\u00e9gia Concursos"},"image":{"@id":"https:\/\/oab.estrategia.com\/portal\/#\/schema\/logo\/image\/"},"sameAs":["https:\/\/www.facebook.com\/estrategiaoab\/","https:\/\/x.com\/estrategiaoab","https:\/\/www.instagram.com\/estrategiaoab\/","https:\/\/www.youtube.com\/EstrategiaOAB"]},{"@type":"Person","@id":"https:\/\/oab.estrategia.com\/portal\/#\/schema\/person\/9e4f367923f195c7466d88c8e8a86d23","name":"Coordena\u00e7\u00e3o","image":{"@type":"ImageObject","inLanguage":"pt-BR","@id":"https:\/\/oab.estrategia.com\/portal\/wp-content\/uploads\/2022\/03\/12164805\/estrategia-oab-coordenacao-96x96.png","url":"https:\/\/oab.estrategia.com\/portal\/wp-content\/uploads\/2022\/03\/12164805\/estrategia-oab-coordenacao-96x96.png","contentUrl":"https:\/\/oab.estrategia.com\/portal\/wp-content\/uploads\/2022\/03\/12164805\/estrategia-oab-coordenacao-96x96.png","caption":"Coordena\u00e7\u00e3o"},"description":".","url":"https:\/\/oab.estrategia.com\/portal\/author\/coordenacao\/"}]}},"jetpack_featured_media_url":"https:\/\/oab.estrategia.com\/portal\/wp-content\/uploads\/2023\/04\/13170319\/exame-38-oab-edital-prestes-a-ser-publicado.png","jetpack_sharing_enabled":true,"_links":{"self":[{"href":"https:\/\/oab.estrategia.com\/portal\/wp-json\/wp\/v2\/posts\/8482","targetHints":{"allow":["GET"]}}],"collection":[{"href":"https:\/\/oab.estrategia.com\/portal\/wp-json\/wp\/v2\/posts"}],"about":[{"href":"https:\/\/oab.estrategia.com\/portal\/wp-json\/wp\/v2\/types\/post"}],"author":[{"embeddable":true,"href":"https:\/\/oab.estrategia.com\/portal\/wp-json\/wp\/v2\/users\/12"}],"replies":[{"embeddable":true,"href":"https:\/\/oab.estrategia.com\/portal\/wp-json\/wp\/v2\/comments?post=8482"}],"version-history":[{"count":2,"href":"https:\/\/oab.estrategia.com\/portal\/wp-json\/wp\/v2\/posts\/8482\/revisions"}],"predecessor-version":[{"id":8488,"href":"https:\/\/oab.estrategia.com\/portal\/wp-json\/wp\/v2\/posts\/8482\/revisions\/8488"}],"wp:featuredmedia":[{"embeddable":true,"href":"https:\/\/oab.estrategia.com\/portal\/wp-json\/wp\/v2\/media\/6849"}],"wp:attachment":[{"href":"https:\/\/oab.estrategia.com\/portal\/wp-json\/wp\/v2\/media?parent=8482"}],"wp:term":[{"taxonomy":"category","embeddable":true,"href":"https:\/\/oab.estrategia.com\/portal\/wp-json\/wp\/v2\/categories?post=8482"},{"taxonomy":"post_tag","embeddable":true,"href":"https:\/\/oab.estrategia.com\/portal\/wp-json\/wp\/v2\/tags?post=8482"}],"curies":[{"name":"wp","href":"https:\/\/api.w.org\/{rel}","templated":true}]}}