{"id":8884,"date":"2023-09-03T14:00:00","date_gmt":"2023-09-03T17:00:00","guid":{"rendered":"https:\/\/oab.estrategia.com\/portal\/?p=8884"},"modified":"2023-08-28T11:55:19","modified_gmt":"2023-08-28T14:55:19","slug":"gratuidade-justica-oab","status":"publish","type":"post","link":"https:\/\/oab.estrategia.com\/portal\/gratuidade-justica-oab\/","title":{"rendered":"Gratuidade de justi\u00e7a para a OAB"},"content":{"rendered":"\n<p>Fala, pessoal, tudo certo? Hoje falaremos sobre a Gratuidade de justi\u00e7a visando ao Exame da OAB (Ordem dos Advogados do Brasil).<\/p>\n\n\n\n<p>Trata-se de assunto previsto no item <em>\u201c14.2. Gratuidade de justi\u00e7a.\u201d <\/em>do <a href=\"https:\/\/oab.fgv.br\/arq\/641\/491413_2023.2%20(38%c2%ba%20EOU)%20(1).pdf\" target=\"_blank\" >\u00faltimo Edital (38\u00ba Exame)<\/a> e que est\u00e1 inserto na disciplina de Direito Processual Civil.<\/p>\n\n\n\n<p>Portanto, primeiro falaremos sobre a previs\u00e3o legal da gratuidade de justi\u00e7a. Depois, falaremos sobre seus benefici\u00e1rios e os requisitos para sua concess\u00e3o. Por fim, abordaremos seu requerimento, sua extens\u00e3o e os recursos cab\u00edveis.<\/p>\n\n\n\n<p>Vamos l\u00e1, rumo \u00e0 OAB!<\/p>\n\n\n\n<figure class=\"wp-block-image size-full is-resized\"><img decoding=\"async\" src=\"https:\/\/oab.estrategia.com\/portal\/wp-content\/uploads\/2023\/04\/13170319\/exame-38-oab-edital-prestes-a-ser-publicado.png\" alt=\"Gratuidade de justi\u00e7a para a OAB\" class=\"wp-image-6849\" style=\"width:417px;height:556px\" width=\"417\" height=\"556\" srcset=\"https:\/\/oab.estrategia.com\/portal\/wp-content\/uploads\/2023\/04\/13170319\/exame-38-oab-edital-prestes-a-ser-publicado.png 640w, https:\/\/oab.estrategia.com\/portal\/wp-content\/uploads\/2023\/04\/13170319\/exame-38-oab-edital-prestes-a-ser-publicado-225x300.png 225w, https:\/\/oab.estrategia.com\/portal\/wp-content\/uploads\/2023\/04\/13170319\/exame-38-oab-edital-prestes-a-ser-publicado-380x506.png 380w, https:\/\/oab.estrategia.com\/portal\/wp-content\/uploads\/2023\/04\/13170319\/exame-38-oab-edital-prestes-a-ser-publicado-150x200.png 150w\" sizes=\"(max-width: 417px) 100vw, 417px\" \/><\/figure>\n\n\n\n<h2 class=\"wp-block-heading has-vivid-red-color has-text-color\" id=\"h-gratuidade-de-justica\"><span id=\"gratuidade-de-justica\">Gratuidade de Justi\u00e7a<\/span><\/h2>\n\n\n\n<h3 class=\"wp-block-heading has-vivid-red-color has-text-color\" id=\"h-previsao-legal-nbsp\"><span id=\"previsao-legal\">Previs\u00e3o legal&nbsp;<\/span><\/h3>\n\n\n\n<p>Pessoal, a gratuidade de justi\u00e7a \u00e9 um instituto jur\u00eddico destinado, em termos simples, a garantir o acesso de pessoas hipossuficientes economicamente ao Poder Judici\u00e1rio.<\/p>\n\n\n\n<p>Portanto, trata-se de um instituto relacionado ao princ\u00edpio da inafastabilidade de jurisdi\u00e7\u00e3o\/acesso \u00e0 justi\u00e7a (art. 5\u00ba, XXXV, CF), al\u00e9m de possuir previs\u00e3o pr\u00f3pria no inciso LXXIV:<\/p>\n\n\n\n<blockquote class=\"wp-block-quote is-layout-flow wp-block-quote-is-layout-flow\">\n<p class=\"has-small-font-size\"><em>Art. 5\u00ba. (&#8230;)<\/em><\/p>\n\n\n\n<p class=\"has-small-font-size\"><em>LXXIV &#8211; o Estado prestar\u00e1 assist\u00eancia jur\u00eddica integral e gratuita aos que comprovarem insufici\u00eancia de recursos;<\/em><\/p>\n<\/blockquote>\n\n\n\n<p>J\u00e1 no que tange \u00e0 sua previs\u00e3o legal, a gratuidade de justi\u00e7a foi regulada, a princ\u00edpio, pela <a href=\"https:\/\/www.planalto.gov.br\/ccivil_03\/leis\/l1060.htm\" target=\"_blank\" >Lei 1.060\/1050<\/a>, a qual ainda se encontra vigente nas partes em que n\u00e3o foi revogada expressa ou tacitamente por legisla\u00e7\u00e3o posterior (vide art. 1.072, <a href=\"https:\/\/www.planalto.gov.br\/ccivil_03\/_ato2015-2018\/2015\/lei\/l13105.htm#:~:text=III%20%2D%20os%20arts.%202%C2%BA%20%2C%203%C2%BA%20%2C%204%C2%BA%20%2C%206%C2%BA%20%2C%207%C2%BA%20%2C%2011%20%2C%2012%20e%2017%20da%20Lei%20n%C2%BA%201.060%2C%20de%205%20de%20fevereiro%20de%201950%20%3B\" target=\"_blank\" >inciso III<\/a>, do CPC).<\/p>\n\n\n\n<p>Ademais, o C\u00f3digo de Processo Civil trata do tema em seus <a href=\"https:\/\/www.planalto.gov.br\/ccivil_03\/_ato2015-2018\/2015\/lei\/l13105.htm#:~:text=Da%20Gratuidade%20da%20Justi%C3%A7a\" target=\"_blank\" >artigos 98 a 102<\/a>, conforme veremos a seguir.<\/p>\n\n\n\n<h3 class=\"wp-block-heading has-vivid-red-color has-text-color\" id=\"h-beneficiarios-e-requisitos-para-a-gratuidade-de-justica\"><span id=\"beneficiarios-e-requisitos-para-a-gratuidade-de-justica\">Benefici\u00e1rios e requisitos para a gratuidade de justi\u00e7a<\/span><\/h3>\n\n\n\n<p>Quem pode ter direito \u00e0 gratuidade de justi\u00e7a e o que ela abrange? Essas s\u00e3o as perguntas que vamos responder agora.<\/p>\n\n\n\n<p>Com efeito, a gratuidade de justi\u00e7a \u00e9 devida:<\/p>\n\n\n\n<figure class=\"wp-block-table\"><table><tbody><tr><td class=\"has-text-align-center\" data-align=\"center\"><strong>\u00c0s pessoas naturais<\/strong><\/td><td class=\"has-text-align-center\" data-align=\"center\"><strong>\u00c0s pessoas jur\u00eddicas<\/strong><\/td><\/tr><tr><td class=\"has-text-align-center\" data-align=\"center\" colspan=\"2\">Brasileira ou estrangeira, com insufici\u00eancia de recursos para pagar as custas, as despesas processuais e os honor\u00e1rios advocat\u00edcios<\/td><\/tr><tr><td class=\"has-text-align-center\" data-align=\"center\">Presume-se verdadeira a alega\u00e7\u00e3o de insufici\u00eancia deduzida exclusivamente por pessoa natural.<\/td><td class=\"has-text-align-center\" data-align=\"center\">S\u00famula 481 do STJ: Faz jus ao benef\u00edcio da justi\u00e7a gratuita a pessoa jur\u00eddica com ou sem fins lucrativos que demonstrar sua impossibilidade de arcar com os encargos processuais.<\/td><\/tr><tr><td class=\"has-text-align-center\" data-align=\"center\" colspan=\"2\">O juiz somente poder\u00e1 indeferir o pedido se houver nos autos elementos que evidenciem a falta dos pressupostos legais para a concess\u00e3o de gratuidade, devendo, antes de indeferir o pedido, determinar \u00e0 parte a comprova\u00e7\u00e3o do preenchimento dos referidos pressupostos.<\/td><\/tr><\/tbody><\/table><\/figure>\n\n\n\n<p>Desse modo, nota-se que, para as <strong>pessoas naturais <\/strong>h\u00e1 <strong>presun\u00e7\u00e3o relativa<\/strong> de veracidade da informa\u00e7\u00e3o que presta dizendo ser hipossuficiente.&nbsp;<\/p>\n\n\n\n<p>Todavia, por ser relativa, essa presun\u00e7\u00e3o pode ser afastada, tanto pela an\u00e1lise do magistrado da causa quanto por prova da parte contr\u00e1ria.<\/p>\n\n\n\n<p>Tanto \u00e9 assim que o Superior Tribunal de Justi\u00e7a entende que <strong>N\u00c3O se presume<\/strong> a hipossufici\u00eancia econ\u00f4mica para concess\u00e3o da gratuidade da justi\u00e7a <strong>pelo simples fato de<\/strong> a parte ser representada pela Defensoria P\u00fablica ou por N\u00facleo de Pr\u00e1tica Jur\u00eddica, sendo necess\u00e1rio o preenchimento dos requisitos previstos em lei.<\/p>\n\n\n\n<p>Assim, se o juiz achar necess\u00e1rio, pode determinar que a parte comprove que preenche os requisitos, para al\u00e9m da mera declara\u00e7\u00e3o de hipossufici\u00eancia.<\/p>\n\n\n\n<p>Por outro lado, as <strong>pessoas jur\u00eddicas<\/strong> devem provar <strong>comprovar de forma robusta<\/strong> que n\u00e3o possuem recursos.<\/p>\n\n\n\n<h4 class=\"wp-block-heading has-vivid-red-color has-text-color\" id=\"h-gratuidade-de-justica-e-patrocinio-particular\"><span id=\"gratuidade-de-justica-e-patrocinio-particular\">Gratuidade de justi\u00e7a e patroc\u00ednio particular<\/span><\/h4>\n\n\n\n<p>Por\u00e9m, tamb\u00e9m \u00e9 importante dizer que <strong>o simples fato de o requerente do benef\u00edcio possuir advogado particular N\u00c3O IMPEDE a concess\u00e3o de gratuidade da justi\u00e7a.<\/strong><\/p>\n\n\n\n<p>Ocorre que, se por acaso apresente algum recurso que verse exclusivamente sobre valor de honor\u00e1rios de sucumb\u00eancia fixados em favor do seu advogado, o recurso estar\u00e1 sujeito a preparo, salvo se o pr\u00f3prio advogado demonstrar que tem direito \u00e0 gratuidade.<\/p>\n\n\n\n<p>Isso acontece porque<strong> o direito \u00e0 gratuidade de justi\u00e7a \u00e9 personal\u00edssimo<\/strong>, isso \u00e9, leva em considera\u00e7\u00e3o as condi\u00e7\u00f5es pessoais de seu benefici\u00e1rio.<\/p>\n\n\n\n<p>At\u00e9 mesmo por isso que o \u00a7 6\u00ba do art. 99 assim veicula:<\/p>\n\n\n\n<blockquote class=\"wp-block-quote is-layout-flow wp-block-quote-is-layout-flow\">\n<p class=\"has-small-font-size\"><em>\u00a7 6\u00ba O direito \u00e0 gratuidade da justi\u00e7a \u00e9 pessoal, n\u00e3o se estendendo a litisconsorte ou a sucessor do benefici\u00e1rio, salvo requerimento e deferimento expressos.<\/em><\/p>\n<\/blockquote>\n\n\n\n<h4 class=\"wp-block-heading has-vivid-red-color has-text-color\" id=\"h-clausula-rebus-sic-stantibus\"><span id=\"clausula-rebus-sic-stantibus\">Cl\u00e1usula <em>rebus sic stantibus<\/em><\/span><\/h4>\n\n\n\n<p>Al\u00e9m disso, embora tenha direito \u00e0 gratuidade de justi\u00e7a, esse benef\u00edcio <strong>rege-se pela l\u00f3gica da cl\u00e1usula <\/strong><strong><em>rebus sic stantibus<\/em><\/strong><strong>.<\/strong>&nbsp;<\/p>\n\n\n\n<p>Isso significa dizer que a gratuidade apenas vai amparar seu benefici\u00e1rio <strong>enquanto mantiver as condi\u00e7\u00f5es que ensejaram a concess\u00e3o do benef\u00edcio<\/strong>.<\/p>\n\n\n\n<p>Nesse sentido, os \u00a7\u00a7 2\u00ba e 3\u00ba do artigo 98 do CPC assim preconizam:<\/p>\n\n\n\n<blockquote class=\"wp-block-quote has-small-font-size is-layout-flow wp-block-quote-is-layout-flow\">\n<p><em>\u00a7 2\u00ba A concess\u00e3o de gratuidade n\u00e3o afasta a responsabilidade do benefici\u00e1rio pelas despesas processuais e pelos honor\u00e1rios advocat\u00edcios decorrentes de sua sucumb\u00eancia.<\/em><\/p>\n\n\n\n<p><em><br>\u00a7 3\u00ba Vencido o benefici\u00e1rio, as obriga\u00e7\u00f5es decorrentes de sua sucumb\u00eancia ficar\u00e3o sob condi\u00e7\u00e3o suspensiva de exigibilidade e somente poder\u00e3o ser executadas se, nos 5 (cinco) anos subsequentes ao tr\u00e2nsito em julgado da decis\u00e3o que as certificou, o credor demonstrar que deixou de existir a situa\u00e7\u00e3o de insufici\u00eancia de recursos que justificou a concess\u00e3o de gratuidade, extinguindo-se, passado esse prazo, tais obriga\u00e7\u00f5es do benefici\u00e1rio.<\/em><\/p>\n<\/blockquote>\n\n\n\n<p>Nota-se, portanto, que a gratuidade de justi\u00e7a \u00e9 concedida <em>rebus sic stantibus <\/em>(enquanto se mantiverem as condi\u00e7\u00f5es) e <strong>as obriga\u00e7\u00f5es daquele que saiu vencido do processo ficam sob condi\u00e7\u00e3o suspensiva de exigibilidade.<\/strong><\/p>\n\n\n\n<p>Essa <strong>suspens\u00e3o ter\u00e1 a dura\u00e7\u00e3o de 05 anos<\/strong> <strong>ap\u00f3s o tr\u00e2nsito em julgado<\/strong>. Dessa forma, se em 05 anos o vencido do processo n\u00e3o tiver sua condi\u00e7\u00e3o financeira alterada de forma que possa suportar a sucumb\u00eancia, as obriga\u00e7\u00f5es extinguem-se.<\/p>\n\n\n\n<p>Entretanto, \u00e9 importante destacar que, <strong>mesmo se for benefici\u00e1rio da gratuidade de justi\u00e7a, dever\u00e1 pagar, ao final do processo, as multas<\/strong> que lhe aplicaram.<\/p>\n\n\n\n<p>Continuemos a falar sobre a Gratuidade de Justi\u00e7a para a OAB!<\/p>\n\n\n\n<h3 class=\"wp-block-heading has-vivid-red-color has-text-color\" id=\"h-requerimento-e-extensao-da-gratuidade-de-justica\"><span id=\"requerimento-e-extensao-da-gratuidade-de-justica\">Requerimento e extens\u00e3o da gratuidade de justi\u00e7a<\/span><\/h3>\n\n\n\n<p>Primeiramente, destaca-se a reda\u00e7\u00e3o do artigo 9\u00ba da Lei 1.060\/1050:<\/p>\n\n\n\n<blockquote class=\"wp-block-quote has-small-font-size is-layout-flow wp-block-quote-is-layout-flow\">\n<p><em>Art. 9\u00ba. Os benef\u00edcios da assist\u00eancia judici\u00e1ria compreendem todos os atos do processo at\u00e9 decis\u00e3o final do lit\u00edgio, em todas as inst\u00e2ncias.<\/em><\/p>\n<\/blockquote>\n\n\n\n<p>Nesse sentido, uma vez concedida a gratuidade de justi\u00e7a, ela se estende at\u00e9 o fim do processo, em qualquer inst\u00e2ncia que estiver o feito e tamb\u00e9m em qualquer fase (conhecimento, liquida\u00e7\u00e3o, execu\u00e7\u00e3o).<\/p>\n\n\n\n<p>Por outro lado, a gratuidade apenas valer\u00e1 para os atos do processo posteriores \u00e0 sua concess\u00e3o.&nbsp;<\/p>\n\n\n\n<p>Sendo assim, se a parte quiser a gratuidade desde o in\u00edcio, deve formular na primeira manifesta\u00e7\u00e3o que apresentar nos autos, caso contr\u00e1rio valer\u00e1 apenas do momento que requerer em diante (efeito <em>ex nunc<\/em>).<\/p>\n\n\n\n<p>Portanto, caso se requeira a gratuidade apenas em recurso, o recorrente estar\u00e1 dispensado de comprovar o recolhimento do preparo, incumbindo ao relator, neste caso, apreciar o requerimento e, se indeferi-lo, fixar prazo para realiza\u00e7\u00e3o do recolhimento.<\/p>\n\n\n\n<p>Contudo, o STJ entende que o benef\u00edcio <strong>depende de expresso pedido da parte<\/strong>, sendo <strong>VEDADA sua concess\u00e3o de of\u00edcio<\/strong> pelo juiz.<\/p>\n\n\n\n<p>Al\u00e9m disso, o benef\u00edcio limita-se aos atos de um mesmo processo, n\u00e3o alcan\u00e7ando outras a\u00e7\u00f5es pr\u00f3prias e aut\u00f4nomas porventura ajuizadas, conforme entende o STJ.<\/p>\n\n\n\n<p>Outrossim, \u00e9 importante anotar que a gratuidade de justi\u00e7a <strong>pode ser total ou parcial<\/strong>, isso \u00e9, poder\u00e1 ser concedida em rela\u00e7\u00e3o a algum ou a todos os atos processuais, ou consistir na redu\u00e7\u00e3o percentual de despesas processuais que o benefici\u00e1rio tiver de adiantar no curso do procedimento.<\/p>\n\n\n\n<p>Dessa forma, \u00e9 poss\u00edvel at\u00e9 mesmo que o juiz conceda o <strong>parcelamento das despesas<\/strong> processuais.<\/p>\n\n\n\n<p>Por fim, as despesas processuais que a gratuidade cobre constam do \u00a7 1\u00ba do art. 98 do CPC:<\/p>\n\n\n\n<blockquote class=\"wp-block-quote has-small-font-size is-layout-flow wp-block-quote-is-layout-flow\">\n<p><em>\u00a7 1\u00ba A gratuidade da justi\u00e7a compreende:<\/em><\/p>\n\n\n\n<p><em>I &#8211; as taxas ou as custas judiciais;<\/em><\/p>\n\n\n\n<p><em>II &#8211; os selos postais;<\/em><\/p>\n\n\n\n<p><em>III &#8211; as despesas com publica\u00e7\u00e3o na imprensa oficial, dispensando-se a publica\u00e7\u00e3o em outros meios;<\/em><\/p>\n\n\n\n<p><em>IV &#8211; a indeniza\u00e7\u00e3o devida \u00e0 testemunha que, quando empregada, receber\u00e1 do empregador sal\u00e1rio integral, como se em servi\u00e7o estivesse;<\/em><\/p>\n\n\n\n<p><em>V &#8211; as despesas com a realiza\u00e7\u00e3o de exame de c\u00f3digo gen\u00e9tico &#8211; DNA e de outros exames considerados essenciais;<\/em><\/p>\n\n\n\n<p><em>VI &#8211; os honor\u00e1rios do advogado e do perito e a remunera\u00e7\u00e3o do int\u00e9rprete ou do tradutor nomeado para apresenta\u00e7\u00e3o de vers\u00e3o em portugu\u00eas de documento redigido em l\u00edngua estrangeira;<\/em><\/p>\n\n\n\n<p><em>VII &#8211; o custo com a elabora\u00e7\u00e3o de mem\u00f3ria de c\u00e1lculo, quando exigida para instaura\u00e7\u00e3o da execu\u00e7\u00e3o;<\/em><\/p>\n\n\n\n<p><em>VIII &#8211; os dep\u00f3sitos previstos em lei para interposi\u00e7\u00e3o de recurso, para propositura de a\u00e7\u00e3o e para a pr\u00e1tica de outros atos processuais inerentes ao exerc\u00edcio da ampla defesa e do contradit\u00f3rio;<\/em><\/p>\n\n\n\n<p><em>IX &#8211; os emolumentos devidos a not\u00e1rios ou registradores em decorr\u00eancia da pr\u00e1tica de registro, averba\u00e7\u00e3o ou qualquer outro ato notarial necess\u00e1rio \u00e0 efetiva\u00e7\u00e3o de decis\u00e3o judicial ou \u00e0 continuidade de processo judicial no qual o benef\u00edcio tenha sido concedido.<\/em><\/p>\n\n\n\n<p><em>(&#8230;)<\/em><\/p>\n\n\n\n<p><em>\u00a7 8\u00ba Na hip\u00f3tese do \u00a7 1\u00ba, inciso IX, havendo d\u00favida fundada quanto ao preenchimento atual dos pressupostos para a concess\u00e3o de gratuidade, o not\u00e1rio ou registrador, ap\u00f3s praticar o ato, pode requerer, ao ju\u00edzo competente para decidir quest\u00f5es notariais ou registrais, a revoga\u00e7\u00e3o total ou parcial do benef\u00edcio ou a sua substitui\u00e7\u00e3o pelo parcelamento de que trata o \u00a7 6\u00ba deste artigo, caso em que o benefici\u00e1rio ser\u00e1 citado para, em 15 (quinze) dias, manifestar-se sobre esse requerimento.<\/em><\/p>\n<\/blockquote>\n\n\n\n<p>Ademais, o STJ entende que o benefici\u00e1rio da assist\u00eancia judici\u00e1ria gratuita tem direito \u00e0 elabora\u00e7\u00e3o de c\u00e1lculos pela Contadoria Judicial, independentemente de sua complexidade.<\/p>\n\n\n\n<h3 class=\"wp-block-heading has-vivid-red-color has-text-color\" id=\"h-in-deferimento-revogacao-da-gratuidade-e-recursos-cabiveis\"><span id=\"indeferimento-revogacao-da-gratuidade-e-recursos-cabiveis\">(In)deferimento, revoga\u00e7\u00e3o da gratuidade e recursos cab\u00edveis&nbsp;<\/span><\/h3>\n\n\n\n<p>Em caso de <strong>deferimento<\/strong>, o CPC disp\u00f5e:<\/p>\n\n\n\n<blockquote class=\"wp-block-quote has-small-font-size is-layout-flow wp-block-quote-is-layout-flow\">\n<p><em>Art. 100. Deferido o pedido, a parte contr\u00e1ria poder\u00e1 oferecer <\/em><strong><em>impugna\u00e7\u00e3o <\/em><\/strong><em>na contesta\u00e7\u00e3o, na r\u00e9plica, nas contrarraz\u00f5es de recurso ou, nos casos de pedido superveniente ou formulado por terceiro, por meio de peti\u00e7\u00e3o simples, a ser apresentada no <\/em><strong><em>prazo de 15 (quinze) dias<\/em><\/strong><em>, nos autos do pr\u00f3prio processo, <\/em><strong><em>sem suspens\u00e3o de seu curso<\/em><\/strong><em>.<\/em><\/p>\n<\/blockquote>\n\n\n\n<p>Por outro lado, se o juiz <strong>indeferir ou revogar<\/strong> pedido <strong>no curso do processo na 1\u00aa inst\u00e2ncia<\/strong>, a parte poder\u00e1 recorrer por meio de <strong>agravo de instrumento <\/strong>(arts. 101 e 1.015, V, ambos do CPC).<\/p>\n\n\n\n<p>No entanto, caso indeferido ou revogado <strong>na senten\u00e7a<\/strong>, o recurso cab\u00edvel ser\u00e1 o de <strong>apela\u00e7\u00e3o<\/strong> (arts. 101 e 1.009, ambos do CPC).<\/p>\n\n\n\n<p><em>&#8211; Mas, se h\u00e1 custas para recorrer, como poderia a parte que pretende a gratuidade de justi\u00e7a &#8211; e que afirma n\u00e3o possuir recursos &#8211; pag\u00e1-las para o recurso prosseguir?<\/em><\/p>\n\n\n\n<p>Pensando nisso, o CPC assim previu:<\/p>\n\n\n\n<blockquote class=\"wp-block-quote has-small-font-size is-layout-flow wp-block-quote-is-layout-flow\">\n<p><em>Art. 101. (&#8230;)<\/em><\/p>\n\n\n\n<p><em>\u00a7 1\u00ba O recorrente estar\u00e1 dispensado do recolhimento de custas at\u00e9 decis\u00e3o do relator sobre a quest\u00e3o, preliminarmente ao julgamento do recurso.<\/em><\/p>\n\n\n\n<p><em>\u00a7 2\u00ba Confirmada a denega\u00e7\u00e3o ou a revoga\u00e7\u00e3o da gratuidade, o relator ou o \u00f3rg\u00e3o colegiado determinar\u00e1 ao recorrente o recolhimento das custas processuais, no prazo de 5 (cinco) dias, sob pena de n\u00e3o conhecimento do recurso.<\/em><\/p>\n<\/blockquote>\n\n\n\n<p>No caso de revoga\u00e7\u00e3o do benef\u00edcio, a parte arcar\u00e1 com as despesas processuais que tiver deixado de adiantar e pagar\u00e1, em caso de m\u00e1-f\u00e9, at\u00e9 10 vezes o valor a t\u00edtulo de multa, que ser\u00e1 revertida em benef\u00edcio da Fazenda P\u00fablica estadual ou federal e poder\u00e1 ser inscrita em d\u00edvida ativa.<\/p>\n\n\n\n<p>Por fim, se a decis\u00e3o de revoga\u00e7\u00e3o transitar em julgado, a parte dever\u00e1 efetuar o recolhimento de todas as despesas de cujo adiantamento foi dispensada, inclusive as relativas ao recurso interposto, se houver, no prazo fixado pelo juiz, sem preju\u00edzo de aplica\u00e7\u00e3o das san\u00e7\u00f5es previstas em lei.<\/p>\n\n\n\n<p>Se n\u00e3o recolher as despesas, o processo ser\u00e1 extinto sem resolu\u00e7\u00e3o de m\u00e9rito (caso a revoga\u00e7\u00e3o seja referente ao autor) e, nos demais casos, n\u00e3o poder\u00e1 ser deferida a realiza\u00e7\u00e3o de nenhum ato ou dilig\u00eancia requerida pela parte enquanto n\u00e3o efetuado o dep\u00f3sito.<\/p>\n\n\n\n<h2 class=\"wp-block-heading has-vivid-red-color has-text-color\" id=\"h-conclusao\"><span id=\"conclusao\">Conclus\u00e3o<\/span><\/h2>\n\n\n\n<p>Portanto, pessoal, esse foi nosso resumo sobre a Gratuidade de Justi\u00e7a para o Exame da OAB!&nbsp;<\/p>\n\n\n\n<p>Por fim, n\u00e3o deixe de conferir a literalidade dos dispositivos que se relacionam com este tema direto no <a href=\"https:\/\/www.planalto.gov.br\/ccivil_03\/_ato2015-2018\/2015\/lei\/l13105.htm#:~:text=Da%20Gratuidade%20da%20Justi%C3%A7a\" target=\"_blank\" >C\u00f3digo de Processo Civil<\/a>.<\/p>\n\n\n\n<p>No mais, desejamos uma excelente prova a todos!!<\/p>\n\n\n\n<h2 class=\"wp-block-heading\" id=\"quer-saber-mais-sobre-o-exame-de-ordem-xxxiv\"><span id=\"quer-saber-mais-sobre-o-exame-de-ordem\">Quer saber mais sobre o Exame de Ordem? <\/span><\/h2>\n\n\n\n<p class=\"has-text-align-center has-background has-medium-font-size\" style=\"background-color:#f78da87d\"><a href=\"https:\/\/oab.estrategia.com\/portal\/prova-oab\/\" target=\"_blank\" ><strong>Prova OAB<\/strong><\/a><\/p>\n\n\n\n<h2 class=\"wp-block-heading has-text-align-center\" id=\"grupo-de-telegram-para-a-oab\">Grupo de Telegram para a OAB<\/h2>\n\n\n\n<p class=\"has-text-align-center has-very-light-gray-background-color has-background\" style=\"font-size:25px\"><a href=\"http:\/\/bit.ly\/TelegramOAB\" target=\"_blank\" ><strong>Inscreva-se no nosso grupo do Telegram<\/strong><\/a><\/p>\n\n\n\n<h2 class=\"wp-block-heading has-text-align-center\" id=\"nossas-redes-sociais\">Nossas redes sociais<\/h2>\n\n\n\n<p class=\"has-text-align-center has-very-light-gray-background-color has-background\" style=\"font-size:22px\"><a  href=\"https:\/\/www.instagram.com\/estrategiaoab\/\" target=\"_blank\"><strong>Instagram Estrat\u00e9gia OAB<\/strong><\/a><\/p>\n\n\n\n<p class=\"has-text-align-center has-very-light-gray-background-color has-background\" style=\"font-size:22px\"><a href=\"https:\/\/www.youtube.com\/channel\/UC7rgrKTSF5aOrBGWOw60ovw\" target=\"_blank\" ><strong>YouTube do Estrat\u00e9gia OAB<\/strong><\/a><\/p>\n\n\n\n\n\n<div class=\"wp-block-cover\" style=\"min-height:147px;aspect-ratio:unset;\"><img decoding=\"async\" width=\"1024\" height=\"190\" class=\"wp-block-cover__image-background wp-image-963\" alt=\"1\u00aa fase do exame de ordem oab curso\" src=\"https:\/\/oab.estrategia.com\/portal\/wp-content\/uploads\/2022\/06\/20153604\/assinatura-curso-oab-primeira-fase-1024x190.jpg\" style=\"object-position:58% 29%\" data-object-fit=\"cover\" data-object-position=\"58% 29%\" srcset=\"https:\/\/oab.estrategia.com\/portal\/wp-content\/uploads\/2022\/06\/20153604\/assinatura-curso-oab-primeira-fase-1024x190.jpg 1024w, https:\/\/oab.estrategia.com\/portal\/wp-content\/uploads\/2022\/06\/20153604\/assinatura-curso-oab-primeira-fase-300x56.jpg 300w, https:\/\/oab.estrategia.com\/portal\/wp-content\/uploads\/2022\/06\/20153604\/assinatura-curso-oab-primeira-fase-768x143.jpg 768w, https:\/\/oab.estrategia.com\/portal\/wp-content\/uploads\/2022\/06\/20153604\/assinatura-curso-oab-primeira-fase-1536x285.jpg 1536w, https:\/\/oab.estrategia.com\/portal\/wp-content\/uploads\/2022\/06\/20153604\/assinatura-curso-oab-primeira-fase-380x71.jpg 380w, https:\/\/oab.estrategia.com\/portal\/wp-content\/uploads\/2022\/06\/20153604\/assinatura-curso-oab-primeira-fase-800x149.jpg 800w, https:\/\/oab.estrategia.com\/portal\/wp-content\/uploads\/2022\/06\/20153604\/assinatura-curso-oab-primeira-fase-1160x215.jpg 1160w, https:\/\/oab.estrategia.com\/portal\/wp-content\/uploads\/2022\/06\/20153604\/assinatura-curso-oab-primeira-fase.jpg 1890w\" sizes=\"(max-width: 1024px) 100vw, 1024px\" \/><span aria-hidden=\"true\" class=\"wp-block-cover__background has-background-dim\"><\/span><div class=\"wp-block-cover__inner-container is-layout-flow wp-block-cover-is-layout-flow\">\n<h3 id=\"curso-para-a-1a-fase-da-oab\" class=\"titulo-assinatura\">Curso para a 1\u00aa Fase da OAB<\/h3>\n<p class=\"subtitulo-assinatura\" style=\"display:block!important; line-height: 0;\">Conhe\u00e7a os cursos!<\/p>\n<a target=\"_blank\" href=\"https:\/\/oab.estrategia.com\/concurso\/primeira-fase-46-exame\" rel=\"noopener\"><button style=\"border-radius: 10px; text-transform: capitalize;\">Acessar<\/button><\/a>\n<\/div><\/div>\n\n\n\n<div class=\"wp-block-group\"><div class=\"wp-block-group__inner-container is-layout-constrained wp-block-group-is-layout-constrained\">\n<div class=\"wp-block-cover\" style=\"min-height:84px;aspect-ratio:unset;\"><img decoding=\"async\" width=\"1160\" height=\"215\" class=\"wp-block-cover__image-background wp-image-15434\" alt=\"\" src=\"https:\/\/oab.estrategia.com\/portal\/wp-content\/uploads\/2025\/01\/31012626\/Banner-curso-de-ingles-no-seu-ritmo-vermelho-e-azul-moderno-1160-x-215-px.png\" style=\"object-position:100% 28%\" data-object-fit=\"cover\" data-object-position=\"100% 28%\" srcset=\"https:\/\/oab.estrategia.com\/portal\/wp-content\/uploads\/2025\/01\/31012626\/Banner-curso-de-ingles-no-seu-ritmo-vermelho-e-azul-moderno-1160-x-215-px.png 1160w, https:\/\/oab.estrategia.com\/portal\/wp-content\/uploads\/2025\/01\/31012626\/Banner-curso-de-ingles-no-seu-ritmo-vermelho-e-azul-moderno-1160-x-215-px-300x56.png 300w, https:\/\/oab.estrategia.com\/portal\/wp-content\/uploads\/2025\/01\/31012626\/Banner-curso-de-ingles-no-seu-ritmo-vermelho-e-azul-moderno-1160-x-215-px-1024x190.png 1024w, https:\/\/oab.estrategia.com\/portal\/wp-content\/uploads\/2025\/01\/31012626\/Banner-curso-de-ingles-no-seu-ritmo-vermelho-e-azul-moderno-1160-x-215-px-768x142.png 768w, https:\/\/oab.estrategia.com\/portal\/wp-content\/uploads\/2025\/01\/31012626\/Banner-curso-de-ingles-no-seu-ritmo-vermelho-e-azul-moderno-1160-x-215-px-380x70.png 380w, https:\/\/oab.estrategia.com\/portal\/wp-content\/uploads\/2025\/01\/31012626\/Banner-curso-de-ingles-no-seu-ritmo-vermelho-e-azul-moderno-1160-x-215-px-800x148.png 800w, https:\/\/oab.estrategia.com\/portal\/wp-content\/uploads\/2025\/01\/31012626\/Banner-curso-de-ingles-no-seu-ritmo-vermelho-e-azul-moderno-1160-x-215-px-150x28.png 150w\" sizes=\"(max-width: 1160px) 100vw, 1160px\" \/><span aria-hidden=\"true\" class=\"wp-block-cover__background has-background-dim\"><\/span><div class=\"wp-block-cover__inner-container is-layout-flow wp-block-cover-is-layout-flow\">\n<h3 id=\"cursos-para-a-2a-fase-da-oab\" class=\"titulo-assinatura\">Cursos para a 2\u00aa Fase da OAB<\/h3>\n<p class=\"subtitulo-assinatura\" style=\"display:block!important; line-height: 0;\">Conhe\u00e7a os cursos!<\/p>\n<a target=\"_blank\" href=\"https:\/\/oab.estrategia.com\/concursos\/cursos\/segunda-fase-oab\" rel=\"noopener\"><button style=\"border-radius: 10px; text-transform: capitalize;\">Acessar<\/button><\/a>\n<\/div><\/div>\n<\/div><\/div>\n\n\n\n<p class=\"has-text-align-center\" id=\"h-quer-saber-tudo-sobre-concursos-previstos\"><strong>Quer saber quais ser\u00e3o os pr\u00f3ximos concursos?<\/strong><\/p>\n\n\n\n<p class=\"has-text-align-center\"><strong>Confira nossos artigos!<\/strong><\/p>\n\n\n\n<p class=\"has-text-align-center has-white-color has-pale-cyan-blue-background-color has-text-color has-background\"><a href=\"https:\/\/www.estrategiaconcursos.com.br\/blog\/concursos-abertos\/\" target=\"_blank\" >Confira os concursos p\u00fablicos abertos<\/a><\/p>\n\n\n\n<p class=\"has-text-align-center has-white-color has-pale-cyan-blue-background-color has-text-color has-background\"><a href=\"https:\/\/www.estrategiaconcursos.com.br\/blog\/concursos-2022\/\" target=\"_blank\" >Concursos 2023<\/a><\/p>\n\n\n\n<p class=\"has-text-align-center has-white-color has-pale-cyan-blue-background-color has-text-color has-background\"><a href=\"https:\/\/cj.estrategia.com\/portal\/concursos-abertos-carreiras-juridicas\/\" target=\"_blank\" >Concursos abertos Carreiras Jur\u00eddicas<\/a><\/p>\n\n\n\n<h3 class=\"wp-block-heading\" id=\"assinatura-de-concursos\">Assinatura de Concursos<\/h3>\n\n\n\n<p>Ademais, para al\u00e9m deste artigo sobre a Gratuidade de Justi\u00e7a para a OAB, confira:<\/p>\n\n\n\n<p>Assinatura de 1 ano ou 2 anos <a href=\"https:\/\/www.estrategiaconcursos.com.br\/assinaturas\/\" target=\"_blank\" >ASSINE AGORA<\/a><\/p>\n\n\n\n<p>Al\u00e9m disso, confira as vagas e oportunidades dos&nbsp;<strong>concursos 2023<\/strong>&nbsp;navegando atrav\u00e9s do \u00edndice abaixo:<\/p>\n\n\n\n<p>Concursos e vagas previstas para 2023:<\/p>\n\n\n\n<ul class=\"wp-block-list\">\n<li><a href=\"https:\/\/www.estrategiaconcursos.com.br\/blog\/concursos-2023\/#policial\">Concursos Policiais<\/a><\/li>\n\n\n\n<li><a href=\"https:\/\/www.estrategiaconcursos.com.br\/blog\/concursos-2023\/#fiscal\">Concursos Fiscais<\/a><\/li>\n\n\n\n<li><a href=\"https:\/\/www.estrategiaconcursos.com.br\/blog\/concursos-2023\/#controle\">Concursos Controle<\/a><\/li>\n\n\n\n<li><a href=\"https:\/\/www.estrategiaconcursos.com.br\/blog\/concursos-2023\/#tribunais\">Concursos Tribunais<\/a><\/li>\n\n\n\n<li><a href=\"https:\/\/www.estrategiaconcursos.com.br\/blog\/concursos-2023\/#defensorias-publicas\">Concursos em Defensorias<\/a><\/li>\n\n\n\n<li><a href=\"https:\/\/www.estrategiaconcursos.com.br\/blog\/concursos-2023\/#legislativa\">Concursos Legislativos<\/a><\/li>\n\n\n\n<li><a href=\"https:\/\/www.estrategiaconcursos.com.br\/blog\/concursos-2023\/#saude\">Concursos da \u00e1rea da Sa\u00fade<\/a><\/li>\n\n\n\n<li><a href=\"https:\/\/www.estrategiaconcursos.com.br\/blog\/concursos-2023\/#bancaria\">Concursos da \u00e1rea banc\u00e1ria<\/a><\/li>\n\n\n\n<li><a href=\"https:\/\/www.estrategiaconcursos.com.br\/blog\/concursos-2023\/#educacao\">Concursos da \u00e1rea da Educa\u00e7\u00e3o<\/a><\/li>\n\n\n\n<li><a href=\"https:\/\/www.estrategiaconcursos.com.br\/blog\/concursos-2023\/#prefeituras\">Concursos para Prefeituras<\/a><\/li>\n\n\n\n<li><a href=\"https:\/\/www.estrategiaconcursos.com.br\/blog\/concursos-2023\/#outros\">Concursos outras oportunidades<\/a><\/li>\n\n\n\n<li><a href=\"https:\/\/www.estrategiaconcursos.com.br\/blog\/concursos-2023\/#concursos-estado\">Concursos 2023 por Estado<\/a><\/li>\n<\/ul>\n\n\n\n<p class=\"has-text-align-center has-luminous-vivid-amber-background-color has-background\" style=\"font-size:22px\"><strong>Veja tamb\u00e9m: <a href=\"https:\/\/www.estrategiaconcursos.com.br\/blog\/concursos-abertos\/\" target=\"_blank\" >Concursos Abertos<\/a><\/strong><\/p>\n\n\n\n<p class=\"has-text-align-left\" style=\"font-size:25px\"><em><strong>Quer saber tudo sobre os concursos previstos? Confira nossos artigos completo<\/strong>s:<\/em><\/p>\n\n\n\n<p>Ademais, para al\u00e9m deste artigo sobre a Gratuidade de Justi\u00e7a para a OAB, confira:<\/p>\n\n\n\n<ul class=\"wp-block-list\">\n<li><a href=\"https:\/\/www.estrategiaconcursos.com.br\/blog\/concursos-2023\/\" target=\"_blank\" >Concursos 2023<\/a><\/li>\n<\/ul>\n","protected":false},"excerpt":{"rendered":"Fala, pessoal, tudo certo? Hoje falaremos sobre a Gratuidade de justi\u00e7a visando ao Exame da OAB (Ordem dos&hellip;\n","protected":false},"author":49,"featured_media":6849,"comment_status":"open","ping_status":"open","sticky":false,"template":"","format":"standard","meta":{"_jetpack_memberships_contains_paid_content":false,"footnotes":""},"categories":[30,31],"tags":[],"class_list":{"0":"post-8884","1":"post","2":"type-post","3":"status-publish","4":"format-standard","5":"has-post-thumbnail","7":"category-1a-fase-oab","8":"category-2a-fase-oab"},"acf":[],"yoast_head":"<!-- This site is optimized with the Yoast SEO Premium plugin v26.2 (Yoast SEO v27.4) - https:\/\/yoast.com\/product\/yoast-seo-premium-wordpress\/ -->\n<title>Gratuidade de justi\u00e7a para a OAB<\/title>\n<meta name=\"description\" content=\"Confira os principais pontos sobre o assunto Gratuidade de Justi\u00e7a para a OAB (Ordem dos Advogados do Brasil).\" \/>\n<meta name=\"robots\" content=\"index, follow, max-snippet:-1, max-image-preview:large, max-video-preview:-1\" \/>\n<link rel=\"canonical\" href=\"https:\/\/oab.estrategia.com\/portal\/gratuidade-justica-oab\/\" \/>\n<meta property=\"og:locale\" content=\"pt_BR\" \/>\n<meta property=\"og:type\" content=\"article\" \/>\n<meta property=\"og:title\" content=\"Gratuidade de justi\u00e7a para a OAB\" \/>\n<meta property=\"og:description\" content=\"Confira os principais pontos sobre o assunto Gratuidade de Justi\u00e7a para a OAB (Ordem dos Advogados do Brasil).\" \/>\n<meta property=\"og:url\" content=\"https:\/\/oab.estrategia.com\/portal\/gratuidade-justica-oab\/\" \/>\n<meta property=\"og:site_name\" content=\"Blog - OAB - Estrat\u00e9gia\" \/>\n<meta property=\"article:publisher\" content=\"https:\/\/www.facebook.com\/estrategiaoab\/\" \/>\n<meta property=\"article:published_time\" content=\"2023-09-03T17:00:00+00:00\" \/>\n<meta property=\"og:image\" content=\"https:\/\/oab.estrategia.com\/portal\/wp-content\/uploads\/2023\/04\/13170319\/exame-38-oab-edital-prestes-a-ser-publicado.png\" \/>\n\t<meta property=\"og:image:width\" content=\"640\" \/>\n\t<meta property=\"og:image:height\" content=\"853\" \/>\n\t<meta property=\"og:image:type\" content=\"image\/png\" \/>\n<meta name=\"author\" content=\"Frederico Tadeu Borlot Peixoto\" \/>\n<meta name=\"twitter:card\" content=\"summary_large_image\" \/>\n<meta name=\"twitter:creator\" content=\"@estrategiaoab\" \/>\n<meta name=\"twitter:site\" content=\"@estrategiaoab\" \/>\n<meta name=\"twitter:label1\" content=\"Escrito por\" \/>\n\t<meta name=\"twitter:data1\" content=\"Frederico Tadeu Borlot Peixoto\" \/>\n\t<meta name=\"twitter:label2\" content=\"Est. tempo de leitura\" \/>\n\t<meta name=\"twitter:data2\" content=\"9 minutos\" \/>\n<script type=\"application\/ld+json\" class=\"yoast-schema-graph\">{\"@context\":\"https:\\\/\\\/schema.org\",\"@graph\":[{\"@type\":\"Article\",\"@id\":\"https:\\\/\\\/oab.estrategia.com\\\/portal\\\/gratuidade-justica-oab\\\/#article\",\"isPartOf\":{\"@id\":\"https:\\\/\\\/oab.estrategia.com\\\/portal\\\/gratuidade-justica-oab\\\/\"},\"author\":{\"name\":\"Frederico Tadeu Borlot Peixoto\",\"@id\":\"https:\\\/\\\/oab.estrategia.com\\\/portal\\\/#\\\/schema\\\/person\\\/4ab2dea6aa1724c12ddd1799de9f6f47\"},\"headline\":\"Gratuidade de justi\u00e7a para a OAB\",\"datePublished\":\"2023-09-03T17:00:00+00:00\",\"mainEntityOfPage\":{\"@id\":\"https:\\\/\\\/oab.estrategia.com\\\/portal\\\/gratuidade-justica-oab\\\/\"},\"wordCount\":2239,\"commentCount\":0,\"publisher\":{\"@id\":\"https:\\\/\\\/oab.estrategia.com\\\/portal\\\/#organization\"},\"image\":{\"@id\":\"https:\\\/\\\/oab.estrategia.com\\\/portal\\\/gratuidade-justica-oab\\\/#primaryimage\"},\"thumbnailUrl\":\"https:\\\/\\\/oab.estrategia.com\\\/portal\\\/wp-content\\\/uploads\\\/2023\\\/04\\\/13170319\\\/exame-38-oab-edital-prestes-a-ser-publicado.png\",\"articleSection\":[\"1\u00aa Fase OAB\",\"2\u00aa Fase OAB\"],\"inLanguage\":\"pt-BR\",\"potentialAction\":[{\"@type\":\"CommentAction\",\"name\":\"Comment\",\"target\":[\"https:\\\/\\\/oab.estrategia.com\\\/portal\\\/gratuidade-justica-oab\\\/#respond\"]}]},{\"@type\":\"WebPage\",\"@id\":\"https:\\\/\\\/oab.estrategia.com\\\/portal\\\/gratuidade-justica-oab\\\/\",\"url\":\"https:\\\/\\\/oab.estrategia.com\\\/portal\\\/gratuidade-justica-oab\\\/\",\"name\":\"Gratuidade de justi\u00e7a para a OAB\",\"isPartOf\":{\"@id\":\"https:\\\/\\\/oab.estrategia.com\\\/portal\\\/#website\"},\"primaryImageOfPage\":{\"@id\":\"https:\\\/\\\/oab.estrategia.com\\\/portal\\\/gratuidade-justica-oab\\\/#primaryimage\"},\"image\":{\"@id\":\"https:\\\/\\\/oab.estrategia.com\\\/portal\\\/gratuidade-justica-oab\\\/#primaryimage\"},\"thumbnailUrl\":\"https:\\\/\\\/oab.estrategia.com\\\/portal\\\/wp-content\\\/uploads\\\/2023\\\/04\\\/13170319\\\/exame-38-oab-edital-prestes-a-ser-publicado.png\",\"datePublished\":\"2023-09-03T17:00:00+00:00\",\"description\":\"Confira os principais pontos sobre o assunto Gratuidade de Justi\u00e7a para a OAB (Ordem dos Advogados do Brasil).\",\"breadcrumb\":{\"@id\":\"https:\\\/\\\/oab.estrategia.com\\\/portal\\\/gratuidade-justica-oab\\\/#breadcrumb\"},\"inLanguage\":\"pt-BR\",\"potentialAction\":[{\"@type\":\"ReadAction\",\"target\":[\"https:\\\/\\\/oab.estrategia.com\\\/portal\\\/gratuidade-justica-oab\\\/\"]}]},{\"@type\":\"ImageObject\",\"inLanguage\":\"pt-BR\",\"@id\":\"https:\\\/\\\/oab.estrategia.com\\\/portal\\\/gratuidade-justica-oab\\\/#primaryimage\",\"url\":\"https:\\\/\\\/oab.estrategia.com\\\/portal\\\/wp-content\\\/uploads\\\/2023\\\/04\\\/13170319\\\/exame-38-oab-edital-prestes-a-ser-publicado.png\",\"contentUrl\":\"https:\\\/\\\/oab.estrategia.com\\\/portal\\\/wp-content\\\/uploads\\\/2023\\\/04\\\/13170319\\\/exame-38-oab-edital-prestes-a-ser-publicado.png\",\"width\":640,\"height\":853},{\"@type\":\"BreadcrumbList\",\"@id\":\"https:\\\/\\\/oab.estrategia.com\\\/portal\\\/gratuidade-justica-oab\\\/#breadcrumb\",\"itemListElement\":[{\"@type\":\"ListItem\",\"position\":1,\"name\":\"In\u00edcio\",\"item\":\"https:\\\/\\\/oab.estrategia.com\\\/portal\\\/\"},{\"@type\":\"ListItem\",\"position\":2,\"name\":\"Gratuidade de justi\u00e7a para a OAB\"}]},{\"@type\":\"WebSite\",\"@id\":\"https:\\\/\\\/oab.estrategia.com\\\/portal\\\/#website\",\"url\":\"https:\\\/\\\/oab.estrategia.com\\\/portal\\\/\",\"name\":\"Blog - OAB - Estrat\u00e9gia\",\"description\":\"Blog OAB - Estrat\u00e9gia Concursos\",\"publisher\":{\"@id\":\"https:\\\/\\\/oab.estrategia.com\\\/portal\\\/#organization\"},\"potentialAction\":[{\"@type\":\"SearchAction\",\"target\":{\"@type\":\"EntryPoint\",\"urlTemplate\":\"https:\\\/\\\/oab.estrategia.com\\\/portal\\\/?s={search_term_string}\"},\"query-input\":{\"@type\":\"PropertyValueSpecification\",\"valueRequired\":true,\"valueName\":\"search_term_string\"}}],\"inLanguage\":\"pt-BR\"},{\"@type\":\"Organization\",\"@id\":\"https:\\\/\\\/oab.estrategia.com\\\/portal\\\/#organization\",\"name\":\"Estrat\u00e9gia Concursos\",\"url\":\"https:\\\/\\\/oab.estrategia.com\\\/portal\\\/\",\"logo\":{\"@type\":\"ImageObject\",\"inLanguage\":\"pt-BR\",\"@id\":\"https:\\\/\\\/oab.estrategia.com\\\/portal\\\/#\\\/schema\\\/logo\\\/image\\\/\",\"url\":\"https:\\\/\\\/oab.estrategia.com\\\/portal\\\/wp-content\\\/uploads\\\/2022\\\/04\\\/06103601\\\/oab-icone-2.png\",\"contentUrl\":\"https:\\\/\\\/oab.estrategia.com\\\/portal\\\/wp-content\\\/uploads\\\/2022\\\/04\\\/06103601\\\/oab-icone-2.png\",\"width\":900,\"height\":900,\"caption\":\"Estrat\u00e9gia Concursos\"},\"image\":{\"@id\":\"https:\\\/\\\/oab.estrategia.com\\\/portal\\\/#\\\/schema\\\/logo\\\/image\\\/\"},\"sameAs\":[\"https:\\\/\\\/www.facebook.com\\\/estrategiaoab\\\/\",\"https:\\\/\\\/x.com\\\/estrategiaoab\",\"https:\\\/\\\/www.instagram.com\\\/estrategiaoab\\\/\",\"https:\\\/\\\/www.youtube.com\\\/EstrategiaOAB\"]},{\"@type\":\"Person\",\"@id\":\"https:\\\/\\\/oab.estrategia.com\\\/portal\\\/#\\\/schema\\\/person\\\/4ab2dea6aa1724c12ddd1799de9f6f47\",\"name\":\"Frederico Tadeu Borlot Peixoto\",\"image\":{\"@type\":\"ImageObject\",\"inLanguage\":\"pt-BR\",\"@id\":\"https:\\\/\\\/oab.estrategia.com\\\/portal\\\/wp-content\\\/uploads\\\/2023\\\/06\\\/29095143\\\/GBAY0702-96x96.jpg\",\"url\":\"https:\\\/\\\/oab.estrategia.com\\\/portal\\\/wp-content\\\/uploads\\\/2023\\\/06\\\/29095143\\\/GBAY0702-96x96.jpg\",\"contentUrl\":\"https:\\\/\\\/oab.estrategia.com\\\/portal\\\/wp-content\\\/uploads\\\/2023\\\/06\\\/29095143\\\/GBAY0702-96x96.jpg\",\"caption\":\"Frederico Tadeu Borlot Peixoto\"},\"description\":\"Analista Judici\u00e1rio - \u00c1rea Judici\u00e1ria do TRF da 4\u00aa regi\u00e3o; ex- T\u00e9cnico Judici\u00e1rio - \u00c1rea Administrativa do TRF da 3\u00aa regi\u00e3o (8\u00ba lugar); Aprovado em 3\u00ba lugar como Analista em Gest\u00e3o Previdenci\u00e1ria (SPPREV); e em 2\u00ba lugar como Assistente de Aluno (IFES). Ex-militar estadual na PMES. Bacharel em Direito. P\u00f3s-graduado em Direito Administrativo.\",\"sameAs\":[\"https:\\\/\\\/www.instagram.com\\\/fredericoborlot\\\/\"],\"url\":\"https:\\\/\\\/oab.estrategia.com\\\/portal\\\/author\\\/frederico-tadeu\\\/\"}]}<\/script>\n<!-- \/ Yoast SEO Premium plugin. -->","yoast_head_json":{"title":"Gratuidade de justi\u00e7a para a OAB","description":"Confira os principais pontos sobre o assunto Gratuidade de Justi\u00e7a para a OAB (Ordem dos Advogados do Brasil).","robots":{"index":"index","follow":"follow","max-snippet":"max-snippet:-1","max-image-preview":"max-image-preview:large","max-video-preview":"max-video-preview:-1"},"canonical":"https:\/\/oab.estrategia.com\/portal\/gratuidade-justica-oab\/","og_locale":"pt_BR","og_type":"article","og_title":"Gratuidade de justi\u00e7a para a OAB","og_description":"Confira os principais pontos sobre o assunto Gratuidade de Justi\u00e7a para a OAB (Ordem dos Advogados do Brasil).","og_url":"https:\/\/oab.estrategia.com\/portal\/gratuidade-justica-oab\/","og_site_name":"Blog - OAB - Estrat\u00e9gia","article_publisher":"https:\/\/www.facebook.com\/estrategiaoab\/","article_published_time":"2023-09-03T17:00:00+00:00","og_image":[{"width":640,"height":853,"url":"https:\/\/oab.estrategia.com\/portal\/wp-content\/uploads\/2023\/04\/13170319\/exame-38-oab-edital-prestes-a-ser-publicado.png","type":"image\/png"}],"author":"Frederico Tadeu Borlot Peixoto","twitter_card":"summary_large_image","twitter_creator":"@estrategiaoab","twitter_site":"@estrategiaoab","twitter_misc":{"Escrito por":"Frederico Tadeu Borlot Peixoto","Est. tempo de leitura":"9 minutos"},"schema":{"@context":"https:\/\/schema.org","@graph":[{"@type":"Article","@id":"https:\/\/oab.estrategia.com\/portal\/gratuidade-justica-oab\/#article","isPartOf":{"@id":"https:\/\/oab.estrategia.com\/portal\/gratuidade-justica-oab\/"},"author":{"name":"Frederico Tadeu Borlot Peixoto","@id":"https:\/\/oab.estrategia.com\/portal\/#\/schema\/person\/4ab2dea6aa1724c12ddd1799de9f6f47"},"headline":"Gratuidade de justi\u00e7a para a OAB","datePublished":"2023-09-03T17:00:00+00:00","mainEntityOfPage":{"@id":"https:\/\/oab.estrategia.com\/portal\/gratuidade-justica-oab\/"},"wordCount":2239,"commentCount":0,"publisher":{"@id":"https:\/\/oab.estrategia.com\/portal\/#organization"},"image":{"@id":"https:\/\/oab.estrategia.com\/portal\/gratuidade-justica-oab\/#primaryimage"},"thumbnailUrl":"https:\/\/oab.estrategia.com\/portal\/wp-content\/uploads\/2023\/04\/13170319\/exame-38-oab-edital-prestes-a-ser-publicado.png","articleSection":["1\u00aa Fase OAB","2\u00aa Fase OAB"],"inLanguage":"pt-BR","potentialAction":[{"@type":"CommentAction","name":"Comment","target":["https:\/\/oab.estrategia.com\/portal\/gratuidade-justica-oab\/#respond"]}]},{"@type":"WebPage","@id":"https:\/\/oab.estrategia.com\/portal\/gratuidade-justica-oab\/","url":"https:\/\/oab.estrategia.com\/portal\/gratuidade-justica-oab\/","name":"Gratuidade de justi\u00e7a para a OAB","isPartOf":{"@id":"https:\/\/oab.estrategia.com\/portal\/#website"},"primaryImageOfPage":{"@id":"https:\/\/oab.estrategia.com\/portal\/gratuidade-justica-oab\/#primaryimage"},"image":{"@id":"https:\/\/oab.estrategia.com\/portal\/gratuidade-justica-oab\/#primaryimage"},"thumbnailUrl":"https:\/\/oab.estrategia.com\/portal\/wp-content\/uploads\/2023\/04\/13170319\/exame-38-oab-edital-prestes-a-ser-publicado.png","datePublished":"2023-09-03T17:00:00+00:00","description":"Confira os principais pontos sobre o assunto Gratuidade de Justi\u00e7a para a OAB (Ordem dos Advogados do Brasil).","breadcrumb":{"@id":"https:\/\/oab.estrategia.com\/portal\/gratuidade-justica-oab\/#breadcrumb"},"inLanguage":"pt-BR","potentialAction":[{"@type":"ReadAction","target":["https:\/\/oab.estrategia.com\/portal\/gratuidade-justica-oab\/"]}]},{"@type":"ImageObject","inLanguage":"pt-BR","@id":"https:\/\/oab.estrategia.com\/portal\/gratuidade-justica-oab\/#primaryimage","url":"https:\/\/oab.estrategia.com\/portal\/wp-content\/uploads\/2023\/04\/13170319\/exame-38-oab-edital-prestes-a-ser-publicado.png","contentUrl":"https:\/\/oab.estrategia.com\/portal\/wp-content\/uploads\/2023\/04\/13170319\/exame-38-oab-edital-prestes-a-ser-publicado.png","width":640,"height":853},{"@type":"BreadcrumbList","@id":"https:\/\/oab.estrategia.com\/portal\/gratuidade-justica-oab\/#breadcrumb","itemListElement":[{"@type":"ListItem","position":1,"name":"In\u00edcio","item":"https:\/\/oab.estrategia.com\/portal\/"},{"@type":"ListItem","position":2,"name":"Gratuidade de justi\u00e7a para a OAB"}]},{"@type":"WebSite","@id":"https:\/\/oab.estrategia.com\/portal\/#website","url":"https:\/\/oab.estrategia.com\/portal\/","name":"Blog - OAB - Estrat\u00e9gia","description":"Blog OAB - Estrat\u00e9gia Concursos","publisher":{"@id":"https:\/\/oab.estrategia.com\/portal\/#organization"},"potentialAction":[{"@type":"SearchAction","target":{"@type":"EntryPoint","urlTemplate":"https:\/\/oab.estrategia.com\/portal\/?s={search_term_string}"},"query-input":{"@type":"PropertyValueSpecification","valueRequired":true,"valueName":"search_term_string"}}],"inLanguage":"pt-BR"},{"@type":"Organization","@id":"https:\/\/oab.estrategia.com\/portal\/#organization","name":"Estrat\u00e9gia Concursos","url":"https:\/\/oab.estrategia.com\/portal\/","logo":{"@type":"ImageObject","inLanguage":"pt-BR","@id":"https:\/\/oab.estrategia.com\/portal\/#\/schema\/logo\/image\/","url":"https:\/\/oab.estrategia.com\/portal\/wp-content\/uploads\/2022\/04\/06103601\/oab-icone-2.png","contentUrl":"https:\/\/oab.estrategia.com\/portal\/wp-content\/uploads\/2022\/04\/06103601\/oab-icone-2.png","width":900,"height":900,"caption":"Estrat\u00e9gia Concursos"},"image":{"@id":"https:\/\/oab.estrategia.com\/portal\/#\/schema\/logo\/image\/"},"sameAs":["https:\/\/www.facebook.com\/estrategiaoab\/","https:\/\/x.com\/estrategiaoab","https:\/\/www.instagram.com\/estrategiaoab\/","https:\/\/www.youtube.com\/EstrategiaOAB"]},{"@type":"Person","@id":"https:\/\/oab.estrategia.com\/portal\/#\/schema\/person\/4ab2dea6aa1724c12ddd1799de9f6f47","name":"Frederico Tadeu Borlot Peixoto","image":{"@type":"ImageObject","inLanguage":"pt-BR","@id":"https:\/\/oab.estrategia.com\/portal\/wp-content\/uploads\/2023\/06\/29095143\/GBAY0702-96x96.jpg","url":"https:\/\/oab.estrategia.com\/portal\/wp-content\/uploads\/2023\/06\/29095143\/GBAY0702-96x96.jpg","contentUrl":"https:\/\/oab.estrategia.com\/portal\/wp-content\/uploads\/2023\/06\/29095143\/GBAY0702-96x96.jpg","caption":"Frederico Tadeu Borlot Peixoto"},"description":"Analista Judici\u00e1rio - \u00c1rea Judici\u00e1ria do TRF da 4\u00aa regi\u00e3o; ex- T\u00e9cnico Judici\u00e1rio - \u00c1rea Administrativa do TRF da 3\u00aa regi\u00e3o (8\u00ba lugar); Aprovado em 3\u00ba lugar como Analista em Gest\u00e3o Previdenci\u00e1ria (SPPREV); e em 2\u00ba lugar como Assistente de Aluno (IFES). Ex-militar estadual na PMES. Bacharel em Direito. P\u00f3s-graduado em Direito Administrativo.","sameAs":["https:\/\/www.instagram.com\/fredericoborlot\/"],"url":"https:\/\/oab.estrategia.com\/portal\/author\/frederico-tadeu\/"}]}},"jetpack_featured_media_url":"https:\/\/oab.estrategia.com\/portal\/wp-content\/uploads\/2023\/04\/13170319\/exame-38-oab-edital-prestes-a-ser-publicado.png","jetpack_sharing_enabled":true,"_links":{"self":[{"href":"https:\/\/oab.estrategia.com\/portal\/wp-json\/wp\/v2\/posts\/8884","targetHints":{"allow":["GET"]}}],"collection":[{"href":"https:\/\/oab.estrategia.com\/portal\/wp-json\/wp\/v2\/posts"}],"about":[{"href":"https:\/\/oab.estrategia.com\/portal\/wp-json\/wp\/v2\/types\/post"}],"author":[{"embeddable":true,"href":"https:\/\/oab.estrategia.com\/portal\/wp-json\/wp\/v2\/users\/49"}],"replies":[{"embeddable":true,"href":"https:\/\/oab.estrategia.com\/portal\/wp-json\/wp\/v2\/comments?post=8884"}],"version-history":[{"count":4,"href":"https:\/\/oab.estrategia.com\/portal\/wp-json\/wp\/v2\/posts\/8884\/revisions"}],"predecessor-version":[{"id":8940,"href":"https:\/\/oab.estrategia.com\/portal\/wp-json\/wp\/v2\/posts\/8884\/revisions\/8940"}],"wp:featuredmedia":[{"embeddable":true,"href":"https:\/\/oab.estrategia.com\/portal\/wp-json\/wp\/v2\/media\/6849"}],"wp:attachment":[{"href":"https:\/\/oab.estrategia.com\/portal\/wp-json\/wp\/v2\/media?parent=8884"}],"wp:term":[{"taxonomy":"category","embeddable":true,"href":"https:\/\/oab.estrategia.com\/portal\/wp-json\/wp\/v2\/categories?post=8884"},{"taxonomy":"post_tag","embeddable":true,"href":"https:\/\/oab.estrategia.com\/portal\/wp-json\/wp\/v2\/tags?post=8884"}],"curies":[{"name":"wp","href":"https:\/\/api.w.org\/{rel}","templated":true}]}}