{"id":9446,"date":"2023-11-20T14:34:56","date_gmt":"2023-11-20T17:34:56","guid":{"rendered":"https:\/\/oab.estrategia.com\/portal\/?p=9446"},"modified":"2023-11-20T14:34:57","modified_gmt":"2023-11-20T17:34:57","slug":"prova-comentada-direito-administrativo-exame-oab-xxxix-39o","status":"publish","type":"post","link":"https:\/\/oab.estrategia.com\/portal\/prova-comentada-direito-administrativo-exame-oab-xxxix-39o\/","title":{"rendered":"Prova comentada Direito Administrativo Exame OAB XXXIX (39\u00ba)"},"content":{"rendered":"\n<p>Ol\u00e1, futuro Advogado(a), tudo certo?!<\/p>\n\n\n\n<p>Em 19\/11\/2023, foi aplicada a prova da primeira fase do <strong>XXXIX Exame da Ordem dos Advogados do Brasil<\/strong>. Assim que encerrada, nosso time de professores elaborou o gabarito extraoficial e analisou o gabarito oficial da FGV, os quais ser\u00e3o apresentados juntamente com a nossa <strong>PROVA COMENTADA<\/strong>.<\/p>\n\n\n\n<p>Este material visa a auxili\u00e1-los na aferi\u00e7\u00e3o das notas, elabora\u00e7\u00e3o de eventuais recursos, verifica\u00e7\u00e3o das chances de avan\u00e7o para fase discursiva, bem como na revis\u00e3o do conte\u00fado cobrado no certame.<\/p>\n\n\n\n<p>Desde j\u00e1, destacamos que nosso time de professores identificou 3 quest\u00f5es pass\u00edveis de recurso e\/ou anula\u00e7\u00e3o, por apresentarem duas ou nenhuma alternativa inteiramente correta, como veremos adiante. No tipo de prova comentado, trata-se das quest\u00f5es 17, 44, 46.<\/p>\n\n\n\n<p>De modo complementar, elaboramos tamb\u00e9m um caderno para nossos seguidores, alunos ou n\u00e3o, observarem os coment\u00e1rios, e comentarem as quest\u00f5es da prova: Confira <a href=\"https:\/\/oab.estrategia.com\/cadernos-e-simulados\/simulados\/6b528c82-f21a-4443-925e-9ae233598e51\/\">AQUI<\/a><\/p>\n\n\n\n<p>Por fim, voc\u00eas poder\u00e3o acompanhar os eventos e cursos para a fase discursiva, bem como outras novidades envolvendo o Exame de Ordem no nosso canal do Youtube. Inscreva-se e ative as notifica\u00e7\u00f5es<strong>! <\/strong><a href=\"https:\/\/www.youtube.com\/@EstrategiaOAB\"><strong>Estrat\u00e9gia OAB &#8211; YouTube<\/strong><\/a><\/p>\n\n\n\n<p>Para conferir a prova comentada de todas a disciplinas, basta clicar no link abaixo. <\/p>\n\n\n\n<p class=\"has-text-align-center has-background\" style=\"background:linear-gradient(135deg,rgb(254,205,165) 22%,rgb(254,45,45) 96%,rgb(107,0,62) 100%)\"><strong><a href=\"https:\/\/oab.estrategia.com\/portal\/gabarito-extraoficial-oab-xxxix\/\">Gabarito Extraoficial OAB XXXIX (39\u00ba) Exame <\/a><\/strong><\/p>\n\n\n\n<h3 class=\"wp-block-heading\" id=\"h-prova-comentada-direito-administrativo\"><span id=\"prova-comentada-direito-administrativo\">Prova comentada Direito Administrativo<\/span><\/h3>\n\n\n\n<p><strong>QUEST\u00c3O 30. Diante da necessidade de vultosos investimentos em infraestrutura e para atrair a iniciativa privada, a Uni\u00e3o divulgou, pelos meios de comunica\u00e7\u00e3o, que pretende realizar uma parceria p\u00fablico-privada, na modalidade concess\u00e3o patrocinada, salientando que j\u00e1 ficou caracterizado que cerca de 75% (setenta e cinco por cento) da remunera\u00e7\u00e3o do parceiro privado dever\u00e1 ser paga pela Administra\u00e7\u00e3o.<\/strong><\/p>\n\n\n\n<p><strong>Tal not\u00edcia despertou o interesse da sociedade Considera, que procurou a sua assessoria jur\u00eddica acerca da contrata\u00e7\u00e3o pretendida.<\/strong><\/p>\n\n\n\n<p><strong>Diante dessa situa\u00e7\u00e3o hipot\u00e9tica, assinale a alternativa correta, \u00e0 luz da Lei n\u00b0 11.079\/2004.<\/strong><\/p>\n\n\n\n<p><strong>a) A concess\u00e3o patrocinada pretendida depende de autoriza\u00e7\u00e3o legislativa espec\u00edfica.<\/strong><\/p>\n\n\n\n<p><strong>b) Acaso ven\u00e7a a licita\u00e7\u00e3o, a pr\u00f3pria sociedade Considera poder\u00e1 formalizar o respectivo contrato administrativo para implantar e gerir o objeto da parceria.<\/strong><\/p>\n\n\n\n<p><strong>c) A contrapresta\u00e7\u00e3o da Uni\u00e3o no contrato em quest\u00e3o dever\u00e1 ser realizada exclusivamente por ordem banc\u00e1ria.<\/strong><\/p>\n\n\n\n<p><strong>d) N\u00e3o \u00e9 poss\u00edvel que a Uni\u00e3o preste garantia das obriga\u00e7\u00f5es pecuni\u00e1rias contra\u00eddas pela Administra\u00e7\u00e3o P\u00fablica.<\/strong><\/p>\n\n\n\n<p><strong>Coment\u00e1rios<\/strong><\/p>\n\n\n\n<p>A alternativa correta a ser assinalada \u00e9 a <strong>letra A<\/strong>.<\/p>\n\n\n\n<p>A alternativa A est\u00e1 correta. De acordo com artigo 10, \u00a7 3\u00ba, da Lei 11.079\/2004: \u201c\u00a7 3\u00ba As concess\u00f5es patrocinadas em que mais de 70% (setenta por cento) da remunera\u00e7\u00e3o do parceiro privado for paga pela Administra\u00e7\u00e3o P\u00fablica depender\u00e3o de autoriza\u00e7\u00e3o legislativa espec\u00edfica.\u201d<\/p>\n\n\n\n<p>A alternativa B est\u00e1 incorreta. Tal atribui\u00e7\u00e3o \u00e9 da sociedade de prop\u00f3sito espec\u00edfico, a qual dever\u00e1 ser constitu\u00edda antes da celebra\u00e7\u00e3o do contrato. De acordo com artigo 9\u00ba da Lei 11.079\/2004: \u201cArt. 9\u00ba Antes da celebra\u00e7\u00e3o do contrato, dever\u00e1 ser constitu\u00edda sociedade de prop\u00f3sito espec\u00edfico, incumbida de implantar e gerir o objeto da parceria.\u201d<\/p>\n\n\n\n<p>A alternativa C est\u00e1 incorreta. A contrapresta\u00e7\u00e3o pode ser feita de outras maneiras al\u00e9m da ordem banc\u00e1ria, conforme artigo 6\u00ba da Lei 11.079\/2004: \u201cArt. 6\u00ba A contrapresta\u00e7\u00e3o da Administra\u00e7\u00e3o P\u00fablica nos contratos de parceria p\u00fablico-privada poder\u00e1 ser feita por: I \u2013 ordem banc\u00e1ria; II \u2013 cess\u00e3o de cr\u00e9ditos n\u00e3o tribut\u00e1rios; III \u2013 outorga de direitos em face da Administra\u00e7\u00e3o P\u00fablica; IV \u2013 outorga de direitos sobre bens p\u00fablicos dominicais; V \u2013 outros meios admitidos em lei.\u201d<\/p>\n\n\n\n<p>A alternativa D est\u00e1 incorreta. De acordo com artigo 16 da Lei 11.079\/2004: \u201cArt. 16. Ficam a Uni\u00e3o, seus fundos especiais, suas autarquias, suas funda\u00e7\u00f5es p\u00fablicas e suas empresas estatais dependentes autorizadas a participar, no limite global de R$ 6.000.000.000,00 (seis bilh\u00f5es de reais), em Fundo Garantidor de Parcerias P\u00fablico-Privadas &#8211; FGP que ter\u00e1 por finalidade prestar garantia de pagamento de obriga\u00e7\u00f5es pecuni\u00e1rias assumidas pelos parceiros p\u00fablicos federais, distritais, estaduais ou municipais em virtude das parcerias de que trata esta Lei.\u201d<\/p>\n\n\n\n<p><strong>QUEST\u00c3O 31. No ano de 2020, o Munic\u00edpio Alfa, por meio da Secretaria Municipal de Sa\u00fade, realizou concurso p\u00fablico para o cargo de m\u00e9dico. N\u00e3o obstante a inexist\u00eancia de previs\u00e3o legal, no curso do certame, a Secretaria de Sa\u00fade incluiu como fase do concurso exame psicot\u00e9cnico e eliminou diversos candidatos. O candidato Ant\u00f4nio apresentou os requerimentos administrativos cab\u00edveis para tentar reverter a decis\u00e3o, mas n\u00e3o obteve \u00eaxito.<\/strong><\/p>\n\n\n\n<p><strong>Assim sendo, Ant\u00f4nio ajuizou reclama\u00e7\u00e3o constitucional junto ao Supremo Tribunal Federal, julgada procedente com base na S\u00famula Vinculante n\u00b0 44, do STF, que disp\u00f5e &#8220;S\u00f3 por lei se pode sujeitar a exame psicot\u00e9cnico a habilita\u00e7\u00e3o de candidato a cargo p\u00fablico&#8221;, tendo a Suprema Corte dado ci\u00eancia \u00e0 autoridade prolatora do ato ilegal e ao \u00f3rg\u00e3o competente para o julgamento do recurso.<\/strong><\/p>\n\n\n\n<p><strong>No ano de 2022, a Secretaria Municipal de Sa\u00fade publicou edital de novo concurso p\u00fablico, agora para o cargo de enfermeiro.<\/strong><\/p>\n\n\n\n<p><strong>Mantida a inexist\u00eancia de lei prevendo o exame psicot\u00e9cnico, mais uma vez, o Munic\u00edpio Alfa incluiu o mencionado exame em fase do concurso e o mesmo Secret\u00e1rio Municipal eliminou do certame a candidata Maria.<\/strong><\/p>\n\n\n\n<p><strong>Na qualidade de advogado(a) de Maria, com base na Lei n\u00b0 9.784\/99, integralmente aplic\u00e1vel ao Munic\u00edpio Alfa por for\u00e7a de lei local, voc\u00ea deve<\/strong><\/p>\n\n\n\n<p><strong>a) impetrar mandado de seguran\u00e7a, observado o prazo decadencial de 180 (cento e oitenta dias), pleiteando a anula\u00e7\u00e3o de todo concurso, em raz\u00e3o de descumprimento de s\u00famula vinculante do STF.<\/strong><\/p>\n\n\n\n<p><strong>b) ajuizar a\u00e7\u00e3o popular, requerendo a nomea\u00e7\u00e3o de Maria e a condena\u00e7\u00e3o do Secret\u00e1rio Municipal de Sa\u00fade por crime de responsabilidade, pela inobserv\u00e2ncia reiterada de s\u00famula vinculante do STF.<\/strong><\/p>\n\n\n\n<p><strong>c) propor a\u00e7\u00e3o anulat\u00f3ria do ato de elimina\u00e7\u00e3o de Maria e de afastamento cautelar do Secret\u00e1rio Municipal de Sa\u00fade, pelo prazo de um ano, como medida punitiva pelas ilegalidades praticadas que afrontaram o interesse p\u00fablico.<\/strong><\/p>\n\n\n\n<p><strong>d) manejar pedido de reconsidera\u00e7\u00e3o ao Secret\u00e1rio de Sa\u00fade, lhe alertando de que, em raz\u00e3o do julgamento de anterior reclama\u00e7\u00e3o pelo STF em caso semelhante, deve adequar sua decis\u00e3o ao julgado da Suprema Corte, sob pena de responsabiliza\u00e7\u00e3o pessoal nas esferas c\u00edvel, administrativa e penal.<\/strong><\/p>\n\n\n\n<p><strong>Coment\u00e1rios<\/strong><\/p>\n\n\n\n<p>A alternativa correta a ser assinalada \u00e9 a <strong>letra D.<\/strong><\/p>\n\n\n\n<p>De acordo com art. 56, \u00a7 3\u00ba, da Lei 9.784\/99: \u201cArt. 56. Das decis\u00f5es administrativas cabe recurso, em face de raz\u00f5es de legalidade e de m\u00e9rito. \u00a7 3\u00ba Se o recorrente alegar que a decis\u00e3o administrativa contraria enunciado da s\u00famula vinculante, caber\u00e1 \u00e0 autoridade prolatora da decis\u00e3o impugnada, se n\u00e3o a reconsiderar, explicitar, antes de encaminhar o recurso \u00e0 autoridade superior, as raz\u00f5es da aplicabilidade ou inaplicabilidade da s\u00famula, conforme o caso.\u201d<\/p>\n\n\n\n<p>Portanto, \u00e9 cab\u00edvel pedido de reconsidera\u00e7\u00e3o. As demais alternativas ficam automaticamente incorretas.<\/p>\n\n\n\n<p><strong>QUEST\u00c3O 32. A Secretaria de Fazenda do Estado Alfa acabou de adquirir novos computadores, que substitu\u00edram os antigos equipamentos que serviam aos agentes p\u00fablicos lotados no \u00f3rg\u00e3o. Sendo assim, os antigos equipamentos, que ainda funcionam, est\u00e3o sem qualquer utilidade na pasta, raz\u00e3o pela qual o Secret\u00e1rio de Fazenda instaurou processo administrativo, visando \u00e0 sua aliena\u00e7\u00e3o.<\/strong><\/p>\n\n\n\n<p><strong>No bojo do citado processo, ficou consignada a exist\u00eancia de interesse p\u00fablico devidamente justificado para a aliena\u00e7\u00e3o dos equipamentos, assim como j\u00e1 foi realizada sua avalia\u00e7\u00e3o.<\/strong><\/p>\n\n\n\n<p><strong>A sociedade empres\u00e1ria Sigma possui interesse em adquirir os computadores e, em consulta a seu advogado, foi informada de que, consoante disp\u00f5e a Lei n\u00b0 14.133\/21, a aliena\u00e7\u00e3o desses bens da Secretaria de Fazenda do Estado Alfa, em regra,<\/strong><\/p>\n\n\n\n<p><strong>a) depender\u00e1 de licita\u00e7\u00e3o na modalidade leil\u00e3o.<\/strong><\/p>\n\n\n\n<p><strong>b) exigir\u00e1 autoriza\u00e7\u00e3o legislativa e depender\u00e1 de licita\u00e7\u00e3o na modalidade concorr\u00eancia.<\/strong><\/p>\n\n\n\n<p><strong>c) ser\u00e1 promovida mediante inexigibilidade de licita\u00e7\u00e3o, observados o interesse social e os crit\u00e9rios de oportunidade e conveni\u00eancia.<\/strong><\/p>\n\n\n\n<p><strong>d) dever\u00e1 ocorrer mediante pr\u00e9via licita\u00e7\u00e3o, em modalidade compat\u00edvel com o valor da avalia\u00e7\u00e3o dos equipamentos.<\/strong><\/p>\n\n\n\n<p><strong>Coment\u00e1rios<\/strong><\/p>\n\n\n\n<p>A alternativa correta a ser assinalada \u00e9 a <strong>letra<\/strong> <strong>A<\/strong>.<\/p>\n\n\n\n<p>A alternativa A est\u00e1 correta. De acordo com art. 76, II, da Lei 14.133\/2021: \u201cArt. 76. A aliena\u00e7\u00e3o de bens da Administra\u00e7\u00e3o P\u00fablica, subordinada \u00e0 exist\u00eancia de interesse p\u00fablico devidamente justificado, ser\u00e1 precedida de avalia\u00e7\u00e3o e obedecer\u00e1 \u00e0s seguintes normas: (&#8230;) II &#8211; tratando-se de bens m\u00f3veis, depender\u00e1 de licita\u00e7\u00e3o na modalidade leil\u00e3o, dispensada a realiza\u00e7\u00e3o de licita\u00e7\u00e3o nos casos de:\u201d<\/p>\n\n\n\n<p>A alternativa B est\u00e1 incorreta. A autoriza\u00e7\u00e3o legislativa somente \u00e9 exigida para aliena\u00e7\u00e3o de bens im\u00f3veis, e n\u00e3o de bens m\u00f3veis, conforme art. 76, I, da Lei 14.133\/2021: \u201cArt. 76. A aliena\u00e7\u00e3o de bens da Administra\u00e7\u00e3o P\u00fablica, subordinada \u00e0 exist\u00eancia de interesse p\u00fablico devidamente justificado, ser\u00e1 precedida de avalia\u00e7\u00e3o e obedecer\u00e1 \u00e0s seguintes normas: I &#8211; tratando-se de bens im\u00f3veis, inclusive os pertencentes \u00e0s autarquias e \u00e0s funda\u00e7\u00f5es, exigir\u00e1 autoriza\u00e7\u00e3o legislativa e depender\u00e1 de licita\u00e7\u00e3o na modalidade leil\u00e3o, dispensada a realiza\u00e7\u00e3o de licita\u00e7\u00e3o nos casos de:\u201d<\/p>\n\n\n\n<p>A alternativa C est\u00e1 incorreta. N\u00e3o h\u00e1 de se falar em inexigibilidade de licita\u00e7\u00e3o. De acordo com art. 76, II, da Lei 14.133\/2021, acima transcrito, esta \u00e9 obrigat\u00f3ria, e se dar\u00e1 na modalidade leil\u00e3o.<\/p>\n\n\n\n<p>A alternativa D est\u00e1 incorreta. De acordo com art. 76, II, da Lei 14.133\/2021, acima transcrito, a licita\u00e7\u00e3o se dar\u00e1 obrigatoriamente na modalidade leil\u00e3o.<\/p>\n\n\n\n<p><strong>QUEST\u00c3O 33. O Munic\u00edpio \u00d4mega pretende alugar o im\u00f3vel de propriedade de Jo\u00e3o, pois suas caracter\u00edsticas de instala\u00e7\u00f5es e de localiza\u00e7\u00e3o tornam necess\u00e1ria sua escolha, uma vez que se trata de um pr\u00e9dio de tr\u00eas andares situado ao lado do principal hospital municipal, que, ap\u00f3s as necess\u00e1rias adapta\u00e7\u00f5es e investimentos, poder\u00e1 sediar a Secretaria Municipal de Sa\u00fade, cuja sede atual n\u00e3o mais comporta todos seus setores.<\/strong><\/p>\n\n\n\n<p><strong>Desta forma, o Munic\u00edpio \u00d4mega instaurou processo administrativo, no bojo do qual j\u00e1 houve a certifica\u00e7\u00e3o da inexist\u00eancia de im\u00f3veis p\u00fablicos vagos e dispon\u00edveis que atendam ao objeto pretendido, bem como foram juntadas informa\u00e7\u00f5es com as justificativas que demonstram a singularidade do im\u00f3vel a ser locado pela Administra\u00e7\u00e3o e que evidenciam vantagem para ela.<\/strong><\/p>\n\n\n\n<p><strong>Jo\u00e3o, que tem interesse em alugar seu im\u00f3vel, foi procurado por agentes p\u00fablicos da Secretaria Municipal de Sa\u00fade para assinar o contrato administrativo, que ser\u00e1 firmado expressamente sob o regime jur\u00eddico da nova Lei de Licita\u00e7\u00f5es, mediante dispensa de licita\u00e7\u00e3o e com valor compat\u00edvel com o pre\u00e7o de mercado.<\/strong><\/p>\n\n\n\n<p><strong>Na qualidade de advogado(a) contratado por Jo\u00e3o, voc\u00ea lhe informou que, de acordo com a Lei n\u00b0 14.133\/21, o contrato administrativo de loca\u00e7\u00e3o<\/strong><\/p>\n\n\n\n<p><strong>a) pode ser assinado com fundamento na dispensa de licita\u00e7\u00e3o, desde que haja pr\u00e9vias avalia\u00e7\u00e3o do bem e autoriza\u00e7\u00e3o do Prefeito Municipal.<\/strong><\/p>\n\n\n\n<p><strong>b) deve ser assinado com fundamento na inexigibilidade de licita\u00e7\u00e3o, desde que haja pr\u00e9vias avalia\u00e7\u00e3o do bem e autoriza\u00e7\u00e3o legal da C\u00e2mara Municipal.<\/strong><\/p>\n\n\n\n<p><strong>c) pode ser assinado com fundamento na dispensa de licita\u00e7\u00e3o, com avalia\u00e7\u00e3o pr\u00e9via do bem, do seu estado de conserva\u00e7\u00e3o e estimativa dos custos de adapta\u00e7\u00f5es para atender \u00e0s necessidades de utiliza\u00e7\u00e3o da Secretaria Municipal de Sa\u00fade.<\/strong><\/p>\n\n\n\n<p><strong>d) deve ser assinado com fundamento na inexigibilidade de licita\u00e7\u00e3o, com avalia\u00e7\u00e3o pr\u00e9via do bem, do seu estado de conserva\u00e7\u00e3o, dos custos de adapta\u00e7\u00f5es, quando imprescind\u00edveis \u00e0s necessidades de utiliza\u00e7\u00e3o, e do prazo de amortiza\u00e7\u00e3o dos investimentos.<\/strong><\/p>\n\n\n\n<p><strong>Coment\u00e1rios<\/strong><\/p>\n\n\n\n<p>A alternativa correta a ser assinalada \u00e9 a <strong>letra D.<\/strong><\/p>\n\n\n\n<p>A alternativa A est\u00e1 incorreta. N\u00e3o se trata de dispensa de licita\u00e7\u00e3o, mas sim de inexigibilidade de licita\u00e7\u00e3o, conforme art. 75, V, da Lei 14.133\/2021: \u201cArt. 74. \u00c9 inexig\u00edvel a licita\u00e7\u00e3o quando invi\u00e1vel a competi\u00e7\u00e3o, em especial nos casos de: V &#8211; aquisi\u00e7\u00e3o ou loca\u00e7\u00e3o de im\u00f3vel cujas caracter\u00edsticas de instala\u00e7\u00f5es e de localiza\u00e7\u00e3o tornem necess\u00e1ria sua escolha.\u201d<\/p>\n\n\n\n<p>A alternativa B est\u00e1 incorreta. N\u00e3o h\u00e1 de se falar em autoriza\u00e7\u00e3o legal da C\u00e2mara Municipal, conforme art. 74, \u00a7 5\u00ba, da Lei 14.133\/2021: \u201c\u00a7 5\u00ba Nas contrata\u00e7\u00f5es com fundamento no inciso V do caput deste artigo, devem ser observados os seguintes requisitos: I &#8211; avalia\u00e7\u00e3o pr\u00e9via do bem, do seu estado de conserva\u00e7\u00e3o, dos custos de adapta\u00e7\u00f5es, quando imprescind\u00edveis \u00e0s necessidades de utiliza\u00e7\u00e3o, e do prazo de amortiza\u00e7\u00e3o dos investimentos; II &#8211; certifica\u00e7\u00e3o da inexist\u00eancia de im\u00f3veis p\u00fablicos vagos e dispon\u00edveis que atendam ao objeto; III &#8211; justificativas que demonstrem a singularidade do im\u00f3vel a ser comprado ou locado pela Administra\u00e7\u00e3o e que evidenciem vantagem para ela.\u201d<\/p>\n\n\n\n<p>A alternativa C est\u00e1 incorreta. N\u00e3o se trata de dispensa de licita\u00e7\u00e3o, mas sim de inexigibilidade de licita\u00e7\u00e3o, conforme art. 75, V, da Lei 14.133\/2021: \u201cArt. 74. \u00c9 inexig\u00edvel a licita\u00e7\u00e3o quando invi\u00e1vel a competi\u00e7\u00e3o, em especial nos casos de: V &#8211; aquisi\u00e7\u00e3o ou loca\u00e7\u00e3o de im\u00f3vel cujas caracter\u00edsticas de instala\u00e7\u00f5es e de localiza\u00e7\u00e3o tornem necess\u00e1ria sua escolha.\u201d<\/p>\n\n\n\n<p>A alternativa D est\u00e1 correta. De acordo com art. 74, \u00a7 5\u00ba, I, da Lei 14.133\/2021: \u201cArt. 74. \u00c9 inexig\u00edvel a licita\u00e7\u00e3o quando invi\u00e1vel a competi\u00e7\u00e3o, em especial nos casos de: V &#8211; aquisi\u00e7\u00e3o ou loca\u00e7\u00e3o de im\u00f3vel cujas caracter\u00edsticas de instala\u00e7\u00f5es e de localiza\u00e7\u00e3o tornem necess\u00e1ria sua escolha. (&#8230;) \u00a7 5\u00ba Nas contrata\u00e7\u00f5es com fundamento no inciso V do caput deste artigo, devem ser observados os seguintes requisitos: I &#8211; avalia\u00e7\u00e3o pr\u00e9via do bem, do seu estado de conserva\u00e7\u00e3o, dos custos de adapta\u00e7\u00f5es, quando imprescind\u00edveis \u00e0s necessidades de utiliza\u00e7\u00e3o, e do prazo de amortiza\u00e7\u00e3o dos investimentos;\u201d<\/p>\n\n\n\n<p><strong>QUEST\u00c3O 34. A sociedade empres\u00e1ria Alfa praticou ato lesivo \u00e0 administra\u00e7\u00e3o p\u00fablica do Estado Beta, pois, em mat\u00e9ria de licita\u00e7\u00f5es e contratos, obteve vantagem indevida, de modo fraudulento, em sucessivas prorroga\u00e7\u00f5es de contrato administrativo, sem autoriza\u00e7\u00e3o legal, no ato convocat\u00f3rio da licita\u00e7\u00e3o p\u00fablica ou no respectivo instrumento contratual.<\/strong><\/p>\n\n\n\n<p><strong>Com a devida orienta\u00e7\u00e3o de seu advogado, visando obter isen\u00e7\u00e3o de san\u00e7\u00f5es que provavelmente lhe seriam aplicadas, a sociedade empres\u00e1ria firmou com o Estado Beta acordo de leni\u00eancia.<\/strong><\/p>\n\n\n\n<p><strong>No caso em tela, nos termos da chamada Lei Anticorrup\u00e7\u00e3o (Lei n\u00b0 12.846\/13), a celebra\u00e7\u00e3o do citado acordo isentar\u00e1 a sociedade empres\u00e1ria Alfa da proibi\u00e7\u00e3o de receber incentivos, subs\u00eddios, subven\u00e7\u00f5es, doa\u00e7\u00f5es ou empr\u00e9stimos na forma prevista na lei, bem como da san\u00e7\u00e3o de<\/strong><\/p>\n\n\n\n<p><strong>a) multa civil, e reduzir\u00e1 \u00e0 metade a obriga\u00e7\u00e3o de ressarcimento dos danos ao er\u00e1rio.<\/strong><\/p>\n\n\n\n<p><strong>b) obriga\u00e7\u00e3o de ressarcimento ao er\u00e1rio e da medida de suspens\u00e3o ou interdi\u00e7\u00e3o parcial de suas atividades.<\/strong><\/p>\n\n\n\n<p><strong>c) publica\u00e7\u00e3o extraordin\u00e1ria da decis\u00e3o condenat\u00f3ria e reduzir\u00e1, em at\u00e9 2\/3 (dois ter\u00e7os), o valor da multa aplic\u00e1vel.<\/strong><\/p>\n\n\n\n<p><strong>d) multa administrativa, e condicionar\u00e1 a manuten\u00e7\u00e3o das atividades da pessoa jur\u00eddica \u00e0 ado\u00e7\u00e3o de programa de integridade, no prazo de 90 (noventa) dias da assinatura do acordo.<\/strong><\/p>\n\n\n\n<p><strong>Coment\u00e1rios<\/strong><\/p>\n\n\n\n<p>A alternativa correta a ser assinalada \u00e9 a <strong>letra C<\/strong>.<\/p>\n\n\n\n<p>De acordo com art. 16, \u00a7 2\u00ba, da Lei 12.846\/2013: \u201c\u00a72\u00ba A celebra\u00e7\u00e3o do acordo de leni\u00eancia isentar\u00e1 a pessoa jur\u00eddica das san\u00e7\u00f5es previstas no inciso II do art. 6\u00ba e no inciso IV do art. 19 e reduzir\u00e1 em at\u00e9 2\/3 (dois ter\u00e7os) o valor da multa aplic\u00e1vel.\u201d<\/p>\n\n\n\n<p>Vejamos, pois, quais s\u00e3o as san\u00e7\u00f5es das quais a pessoa jur\u00eddica ficar\u00e1 isenta: \u201cArt. 6\u00ba. (&#8230;) II &#8211; publica\u00e7\u00e3o extraordin\u00e1ria da decis\u00e3o condenat\u00f3ria.\u201d e \u201cArt. 19. (&#8230;) IV &#8211; proibi\u00e7\u00e3o de receber incentivos, subs\u00eddios, subven\u00e7\u00f5es, doa\u00e7\u00f5es ou empr\u00e9stimos de \u00f3rg\u00e3os ou entidades p\u00fablicas e de institui\u00e7\u00f5es financeiras p\u00fablicas ou controladas pelo poder p\u00fablico, pelo prazo m\u00ednimo de 1 (um) e m\u00e1ximo de 5 (cinco) anos.\u201d<\/p>\n\n\n\n<p>Desta feita, todas as demais san\u00e7\u00f5es se mant\u00eam, o que torna as demais alternativas automaticamente incorretas.<\/p>\n\n\n\n<h2 id=\"confira-as-possibilidades-de-recursos\" class=\"wp-block-heading has-text-align-center has-very-light-gray-to-cyan-bluish-gray-gradient-background has-background\"><strong><mark style=\"background-color:rgba(0, 0, 0, 0)\" class=\"has-inline-color has-vivid-red-color\">Confira as possibilidades de Recursos<\/mark><\/strong><\/h2>\n\n\n\n<h2 class=\"wp-block-heading has-text-align-center\" id=\"quer-saber-mais-sobre-o-exame-de-ordem-xxxiv\"><span id=\"quer-saber-mais-sobre-o-exame-de-ordem-xxxix-39o-exame\">Quer saber mais sobre o Exame de Ordem XXXIX (39\u00ba) Exame? <\/span><\/h2>\n\n\n\n<p class=\"has-text-align-center has-background has-medium-font-size\" style=\"background-color:#f78da87d\"><a href=\"https:\/\/oab.estrategia.com\/portal\/prova-oab\/\" target=\"_blank\" ><strong>Prova OAB<\/strong><\/a><\/p>\n\n\n\n<h2 class=\"wp-block-heading has-text-align-center\" id=\"grupo-de-telegram-para-a-oab\">Grupo de Telegram para a OAB<\/h2>\n\n\n\n<p class=\"has-text-align-center has-very-light-gray-background-color has-background\" style=\"font-size:25px\"><a href=\"http:\/\/bit.ly\/TelegramOAB\" target=\"_blank\" ><strong>Inscreva-se no nosso grupo do Telegram<\/strong><\/a><\/p>\n\n\n\n<h2 class=\"wp-block-heading has-text-align-center\" id=\"nossas-redes-sociais\">Nossas redes sociais<\/h2>\n\n\n\n<p class=\"has-text-align-center has-very-light-gray-background-color has-background\" style=\"font-size:22px\"><a  href=\"https:\/\/www.instagram.com\/estrategiaoab\/\" target=\"_blank\"><strong>Instagram Estrat\u00e9gia OAB<\/strong><\/a><\/p>\n\n\n\n<p class=\"has-text-align-center has-very-light-gray-background-color has-background\" style=\"font-size:22px\"><a href=\"https:\/\/www.youtube.com\/channel\/UC7rgrKTSF5aOrBGWOw60ovw\" target=\"_blank\" ><strong>YouTube do Estrat\u00e9gia OAB<\/strong><\/a><\/p>\n\n\n\n\n\n<div class=\"wp-block-cover\" style=\"min-height:147px;aspect-ratio:unset;\"><img decoding=\"async\" width=\"1024\" height=\"190\" class=\"wp-block-cover__image-background wp-image-963\" alt=\"1\u00aa fase do exame de ordem oab curso\" src=\"https:\/\/oab.estrategia.com\/portal\/wp-content\/uploads\/2022\/06\/20153604\/assinatura-curso-oab-primeira-fase-1024x190.jpg\" style=\"object-position:58% 29%\" data-object-fit=\"cover\" data-object-position=\"58% 29%\" srcset=\"https:\/\/oab.estrategia.com\/portal\/wp-content\/uploads\/2022\/06\/20153604\/assinatura-curso-oab-primeira-fase-1024x190.jpg 1024w, https:\/\/oab.estrategia.com\/portal\/wp-content\/uploads\/2022\/06\/20153604\/assinatura-curso-oab-primeira-fase-300x56.jpg 300w, https:\/\/oab.estrategia.com\/portal\/wp-content\/uploads\/2022\/06\/20153604\/assinatura-curso-oab-primeira-fase-768x143.jpg 768w, https:\/\/oab.estrategia.com\/portal\/wp-content\/uploads\/2022\/06\/20153604\/assinatura-curso-oab-primeira-fase-1536x285.jpg 1536w, https:\/\/oab.estrategia.com\/portal\/wp-content\/uploads\/2022\/06\/20153604\/assinatura-curso-oab-primeira-fase-380x71.jpg 380w, https:\/\/oab.estrategia.com\/portal\/wp-content\/uploads\/2022\/06\/20153604\/assinatura-curso-oab-primeira-fase-800x149.jpg 800w, https:\/\/oab.estrategia.com\/portal\/wp-content\/uploads\/2022\/06\/20153604\/assinatura-curso-oab-primeira-fase-1160x215.jpg 1160w, https:\/\/oab.estrategia.com\/portal\/wp-content\/uploads\/2022\/06\/20153604\/assinatura-curso-oab-primeira-fase.jpg 1890w\" sizes=\"(max-width: 1024px) 100vw, 1024px\" \/><span aria-hidden=\"true\" class=\"wp-block-cover__background has-background-dim\"><\/span><div class=\"wp-block-cover__inner-container is-layout-flow wp-block-cover-is-layout-flow\">\n<h3 id=\"curso-para-a-1a-fase-da-oab\" class=\"titulo-assinatura\">Curso para a 1\u00aa Fase da OAB<\/h3>\n<p class=\"subtitulo-assinatura\" style=\"display:block!important; line-height: 0;\">Conhe\u00e7a os cursos!<\/p>\n<a target=\"_blank\" href=\"https:\/\/oab.estrategia.com\/concurso\/primeira-fase-46-exame\" rel=\"noopener\"><button style=\"border-radius: 10px; text-transform: capitalize;\">Acessar<\/button><\/a>\n<\/div><\/div>\n\n\n\n<div class=\"wp-block-group\"><div class=\"wp-block-group__inner-container is-layout-constrained wp-block-group-is-layout-constrained\">\n<div class=\"wp-block-cover\" style=\"min-height:84px;aspect-ratio:unset;\"><img decoding=\"async\" width=\"1160\" height=\"215\" class=\"wp-block-cover__image-background wp-image-15434\" alt=\"\" src=\"https:\/\/oab.estrategia.com\/portal\/wp-content\/uploads\/2025\/01\/31012626\/Banner-curso-de-ingles-no-seu-ritmo-vermelho-e-azul-moderno-1160-x-215-px.png\" style=\"object-position:100% 28%\" data-object-fit=\"cover\" data-object-position=\"100% 28%\" srcset=\"https:\/\/oab.estrategia.com\/portal\/wp-content\/uploads\/2025\/01\/31012626\/Banner-curso-de-ingles-no-seu-ritmo-vermelho-e-azul-moderno-1160-x-215-px.png 1160w, https:\/\/oab.estrategia.com\/portal\/wp-content\/uploads\/2025\/01\/31012626\/Banner-curso-de-ingles-no-seu-ritmo-vermelho-e-azul-moderno-1160-x-215-px-300x56.png 300w, https:\/\/oab.estrategia.com\/portal\/wp-content\/uploads\/2025\/01\/31012626\/Banner-curso-de-ingles-no-seu-ritmo-vermelho-e-azul-moderno-1160-x-215-px-1024x190.png 1024w, https:\/\/oab.estrategia.com\/portal\/wp-content\/uploads\/2025\/01\/31012626\/Banner-curso-de-ingles-no-seu-ritmo-vermelho-e-azul-moderno-1160-x-215-px-768x142.png 768w, https:\/\/oab.estrategia.com\/portal\/wp-content\/uploads\/2025\/01\/31012626\/Banner-curso-de-ingles-no-seu-ritmo-vermelho-e-azul-moderno-1160-x-215-px-380x70.png 380w, https:\/\/oab.estrategia.com\/portal\/wp-content\/uploads\/2025\/01\/31012626\/Banner-curso-de-ingles-no-seu-ritmo-vermelho-e-azul-moderno-1160-x-215-px-800x148.png 800w, https:\/\/oab.estrategia.com\/portal\/wp-content\/uploads\/2025\/01\/31012626\/Banner-curso-de-ingles-no-seu-ritmo-vermelho-e-azul-moderno-1160-x-215-px-150x28.png 150w\" sizes=\"(max-width: 1160px) 100vw, 1160px\" \/><span aria-hidden=\"true\" class=\"wp-block-cover__background has-background-dim\"><\/span><div class=\"wp-block-cover__inner-container is-layout-flow wp-block-cover-is-layout-flow\">\n<h3 id=\"cursos-para-a-2a-fase-da-oab\" class=\"titulo-assinatura\">Cursos para a 2\u00aa Fase da OAB<\/h3>\n<p class=\"subtitulo-assinatura\" style=\"display:block!important; line-height: 0;\">Conhe\u00e7a os cursos!<\/p>\n<a target=\"_blank\" href=\"https:\/\/oab.estrategia.com\/concursos\/cursos\/segunda-fase-oab\" rel=\"noopener\"><button style=\"border-radius: 10px; text-transform: capitalize;\">Acessar<\/button><\/a>\n<\/div><\/div>\n<\/div><\/div>\n\n\n\n<p><strong>Leia tamb\u00e9m:<\/strong><\/p>\n\n\n\n<ul class=\"wp-block-yoast-seo-related-links\"><li><a href=\"https:\/\/oab.estrategia.com\/portal\/ordem-das-questoes-na-oab\/\" target=\"_blank\" >Ordem das quest\u00f5es na prova da OAB<\/a><\/li><li><a href=\"https:\/\/oab.estrategia.com\/portal\/os-assuntos-mais-cobrados-na-oab\/\">Os assuntos mais cobrados na OAB: Saiba quais s\u00e3o!<\/a><\/li><li><a href=\"https:\/\/oab.estrategia.com\/portal\/melhor-curso-oab\/\">Melhor Curso para OAB: conhe\u00e7a a melhor ferramenta de estudos<\/a><\/li><li><a href=\"https:\/\/oab.estrategia.com\/portal\/como-funciona-a-prova-da-oab-primeira-fase\/\">Saiba como funciona a prova da OAB 1\u00aa fase<\/a><\/li><\/ul>\n","protected":false},"excerpt":{"rendered":"Ol\u00e1, futuro Advogado(a), tudo certo?! Em 19\/11\/2023, foi aplicada a prova da primeira fase do XXXIX Exame da&hellip;\n","protected":false},"author":12,"featured_media":0,"comment_status":"open","ping_status":"open","sticky":false,"template":"","format":"standard","meta":{"_jetpack_memberships_contains_paid_content":false,"footnotes":""},"categories":[1],"tags":[],"class_list":{"0":"post-9446","1":"post","2":"type-post","3":"status-publish","4":"format-standard","6":"category-carreira"},"acf":[],"yoast_head":"<!-- This site is optimized with the Yoast SEO Premium plugin v26.2 (Yoast SEO v27.4) - https:\/\/yoast.com\/product\/yoast-seo-premium-wordpress\/ -->\n<title>Prova comentada Direito Administrativo Exame OAB XXXIX (39\u00ba)<\/title>\n<meta name=\"description\" content=\"Prova comentada Direito Administrativo Exame OAB XXXIX (39\u00ba): Confira AQUI os coment\u00e1rios dos nossos professores e tire suas d\u00favidas!\" \/>\n<meta name=\"robots\" content=\"index, follow, max-snippet:-1, max-image-preview:large, max-video-preview:-1\" \/>\n<link rel=\"canonical\" href=\"https:\/\/oab.estrategia.com\/portal\/prova-comentada-direito-administrativo-exame-oab-xxxix-39o\/\" \/>\n<meta property=\"og:locale\" content=\"pt_BR\" \/>\n<meta property=\"og:type\" content=\"article\" \/>\n<meta property=\"og:title\" content=\"Prova comentada Direito Administrativo Exame OAB XXXIX (39\u00ba)\" \/>\n<meta property=\"og:description\" content=\"Prova comentada Direito Administrativo Exame OAB XXXIX (39\u00ba): Confira AQUI os coment\u00e1rios dos nossos professores e tire suas d\u00favidas!\" \/>\n<meta property=\"og:url\" content=\"https:\/\/oab.estrategia.com\/portal\/prova-comentada-direito-administrativo-exame-oab-xxxix-39o\/\" \/>\n<meta property=\"og:site_name\" content=\"Blog - OAB - Estrat\u00e9gia\" \/>\n<meta property=\"article:publisher\" content=\"https:\/\/www.facebook.com\/estrategiaoab\/\" \/>\n<meta property=\"article:published_time\" content=\"2023-11-20T17:34:56+00:00\" \/>\n<meta property=\"article:modified_time\" content=\"2023-11-20T17:34:57+00:00\" \/>\n<meta property=\"og:image\" content=\"https:\/\/oab.estrategia.com\/portal\/wp-content\/uploads\/2022\/04\/06103601\/oab-icone-2.png\" \/>\n\t<meta property=\"og:image:width\" content=\"900\" \/>\n\t<meta property=\"og:image:height\" content=\"900\" \/>\n\t<meta property=\"og:image:type\" content=\"image\/png\" \/>\n<meta name=\"author\" content=\"Coordena\u00e7\u00e3o\" \/>\n<meta name=\"twitter:card\" content=\"summary_large_image\" \/>\n<meta name=\"twitter:creator\" content=\"@estrategiaoab\" \/>\n<meta name=\"twitter:site\" content=\"@estrategiaoab\" \/>\n<meta name=\"twitter:label1\" content=\"Escrito por\" \/>\n\t<meta name=\"twitter:data1\" content=\"Coordena\u00e7\u00e3o\" \/>\n\t<meta name=\"twitter:label2\" content=\"Est. tempo de leitura\" \/>\n\t<meta name=\"twitter:data2\" content=\"14 minutos\" \/>\n<script type=\"application\/ld+json\" class=\"yoast-schema-graph\">{\"@context\":\"https:\\\/\\\/schema.org\",\"@graph\":[{\"@type\":\"Article\",\"@id\":\"https:\\\/\\\/oab.estrategia.com\\\/portal\\\/prova-comentada-direito-administrativo-exame-oab-xxxix-39o\\\/#article\",\"isPartOf\":{\"@id\":\"https:\\\/\\\/oab.estrategia.com\\\/portal\\\/prova-comentada-direito-administrativo-exame-oab-xxxix-39o\\\/\"},\"author\":{\"name\":\"Coordena\u00e7\u00e3o\",\"@id\":\"https:\\\/\\\/oab.estrategia.com\\\/portal\\\/#\\\/schema\\\/person\\\/9e4f367923f195c7466d88c8e8a86d23\"},\"headline\":\"Prova comentada Direito Administrativo Exame OAB XXXIX (39\u00ba)\",\"datePublished\":\"2023-11-20T17:34:56+00:00\",\"dateModified\":\"2023-11-20T17:34:57+00:00\",\"mainEntityOfPage\":{\"@id\":\"https:\\\/\\\/oab.estrategia.com\\\/portal\\\/prova-comentada-direito-administrativo-exame-oab-xxxix-39o\\\/\"},\"wordCount\":2819,\"commentCount\":0,\"publisher\":{\"@id\":\"https:\\\/\\\/oab.estrategia.com\\\/portal\\\/#organization\"},\"articleSection\":[\"Carreira\"],\"inLanguage\":\"pt-BR\",\"potentialAction\":[{\"@type\":\"CommentAction\",\"name\":\"Comment\",\"target\":[\"https:\\\/\\\/oab.estrategia.com\\\/portal\\\/prova-comentada-direito-administrativo-exame-oab-xxxix-39o\\\/#respond\"]}]},{\"@type\":\"WebPage\",\"@id\":\"https:\\\/\\\/oab.estrategia.com\\\/portal\\\/prova-comentada-direito-administrativo-exame-oab-xxxix-39o\\\/\",\"url\":\"https:\\\/\\\/oab.estrategia.com\\\/portal\\\/prova-comentada-direito-administrativo-exame-oab-xxxix-39o\\\/\",\"name\":\"Prova comentada Direito Administrativo Exame OAB XXXIX (39\u00ba)\",\"isPartOf\":{\"@id\":\"https:\\\/\\\/oab.estrategia.com\\\/portal\\\/#website\"},\"datePublished\":\"2023-11-20T17:34:56+00:00\",\"dateModified\":\"2023-11-20T17:34:57+00:00\",\"description\":\"Prova comentada Direito Administrativo Exame OAB XXXIX (39\u00ba): Confira AQUI os coment\u00e1rios dos nossos professores e tire suas d\u00favidas!\",\"breadcrumb\":{\"@id\":\"https:\\\/\\\/oab.estrategia.com\\\/portal\\\/prova-comentada-direito-administrativo-exame-oab-xxxix-39o\\\/#breadcrumb\"},\"inLanguage\":\"pt-BR\",\"potentialAction\":[{\"@type\":\"ReadAction\",\"target\":[\"https:\\\/\\\/oab.estrategia.com\\\/portal\\\/prova-comentada-direito-administrativo-exame-oab-xxxix-39o\\\/\"]}]},{\"@type\":\"BreadcrumbList\",\"@id\":\"https:\\\/\\\/oab.estrategia.com\\\/portal\\\/prova-comentada-direito-administrativo-exame-oab-xxxix-39o\\\/#breadcrumb\",\"itemListElement\":[{\"@type\":\"ListItem\",\"position\":1,\"name\":\"In\u00edcio\",\"item\":\"https:\\\/\\\/oab.estrategia.com\\\/portal\\\/\"},{\"@type\":\"ListItem\",\"position\":2,\"name\":\"Prova comentada Direito Administrativo Exame OAB XXXIX (39\u00ba)\"}]},{\"@type\":\"WebSite\",\"@id\":\"https:\\\/\\\/oab.estrategia.com\\\/portal\\\/#website\",\"url\":\"https:\\\/\\\/oab.estrategia.com\\\/portal\\\/\",\"name\":\"Blog - OAB - Estrat\u00e9gia\",\"description\":\"Blog OAB - Estrat\u00e9gia Concursos\",\"publisher\":{\"@id\":\"https:\\\/\\\/oab.estrategia.com\\\/portal\\\/#organization\"},\"potentialAction\":[{\"@type\":\"SearchAction\",\"target\":{\"@type\":\"EntryPoint\",\"urlTemplate\":\"https:\\\/\\\/oab.estrategia.com\\\/portal\\\/?s={search_term_string}\"},\"query-input\":{\"@type\":\"PropertyValueSpecification\",\"valueRequired\":true,\"valueName\":\"search_term_string\"}}],\"inLanguage\":\"pt-BR\"},{\"@type\":\"Organization\",\"@id\":\"https:\\\/\\\/oab.estrategia.com\\\/portal\\\/#organization\",\"name\":\"Estrat\u00e9gia Concursos\",\"url\":\"https:\\\/\\\/oab.estrategia.com\\\/portal\\\/\",\"logo\":{\"@type\":\"ImageObject\",\"inLanguage\":\"pt-BR\",\"@id\":\"https:\\\/\\\/oab.estrategia.com\\\/portal\\\/#\\\/schema\\\/logo\\\/image\\\/\",\"url\":\"https:\\\/\\\/oab.estrategia.com\\\/portal\\\/wp-content\\\/uploads\\\/2022\\\/04\\\/06103601\\\/oab-icone-2.png\",\"contentUrl\":\"https:\\\/\\\/oab.estrategia.com\\\/portal\\\/wp-content\\\/uploads\\\/2022\\\/04\\\/06103601\\\/oab-icone-2.png\",\"width\":900,\"height\":900,\"caption\":\"Estrat\u00e9gia Concursos\"},\"image\":{\"@id\":\"https:\\\/\\\/oab.estrategia.com\\\/portal\\\/#\\\/schema\\\/logo\\\/image\\\/\"},\"sameAs\":[\"https:\\\/\\\/www.facebook.com\\\/estrategiaoab\\\/\",\"https:\\\/\\\/x.com\\\/estrategiaoab\",\"https:\\\/\\\/www.instagram.com\\\/estrategiaoab\\\/\",\"https:\\\/\\\/www.youtube.com\\\/EstrategiaOAB\"]},{\"@type\":\"Person\",\"@id\":\"https:\\\/\\\/oab.estrategia.com\\\/portal\\\/#\\\/schema\\\/person\\\/9e4f367923f195c7466d88c8e8a86d23\",\"name\":\"Coordena\u00e7\u00e3o\",\"image\":{\"@type\":\"ImageObject\",\"inLanguage\":\"pt-BR\",\"@id\":\"https:\\\/\\\/oab.estrategia.com\\\/portal\\\/wp-content\\\/uploads\\\/2022\\\/03\\\/12164805\\\/estrategia-oab-coordenacao-96x96.png\",\"url\":\"https:\\\/\\\/oab.estrategia.com\\\/portal\\\/wp-content\\\/uploads\\\/2022\\\/03\\\/12164805\\\/estrategia-oab-coordenacao-96x96.png\",\"contentUrl\":\"https:\\\/\\\/oab.estrategia.com\\\/portal\\\/wp-content\\\/uploads\\\/2022\\\/03\\\/12164805\\\/estrategia-oab-coordenacao-96x96.png\",\"caption\":\"Coordena\u00e7\u00e3o\"},\"description\":\".\",\"url\":\"https:\\\/\\\/oab.estrategia.com\\\/portal\\\/author\\\/coordenacao\\\/\"}]}<\/script>\n<!-- \/ Yoast SEO Premium plugin. -->","yoast_head_json":{"title":"Prova comentada Direito Administrativo Exame OAB XXXIX (39\u00ba)","description":"Prova comentada Direito Administrativo Exame OAB XXXIX (39\u00ba): Confira AQUI os coment\u00e1rios dos nossos professores e tire suas d\u00favidas!","robots":{"index":"index","follow":"follow","max-snippet":"max-snippet:-1","max-image-preview":"max-image-preview:large","max-video-preview":"max-video-preview:-1"},"canonical":"https:\/\/oab.estrategia.com\/portal\/prova-comentada-direito-administrativo-exame-oab-xxxix-39o\/","og_locale":"pt_BR","og_type":"article","og_title":"Prova comentada Direito Administrativo Exame OAB XXXIX (39\u00ba)","og_description":"Prova comentada Direito Administrativo Exame OAB XXXIX (39\u00ba): Confira AQUI os coment\u00e1rios dos nossos professores e tire suas d\u00favidas!","og_url":"https:\/\/oab.estrategia.com\/portal\/prova-comentada-direito-administrativo-exame-oab-xxxix-39o\/","og_site_name":"Blog - OAB - Estrat\u00e9gia","article_publisher":"https:\/\/www.facebook.com\/estrategiaoab\/","article_published_time":"2023-11-20T17:34:56+00:00","article_modified_time":"2023-11-20T17:34:57+00:00","og_image":[{"width":900,"height":900,"url":"https:\/\/oab.estrategia.com\/portal\/wp-content\/uploads\/2022\/04\/06103601\/oab-icone-2.png","type":"image\/png"}],"author":"Coordena\u00e7\u00e3o","twitter_card":"summary_large_image","twitter_creator":"@estrategiaoab","twitter_site":"@estrategiaoab","twitter_misc":{"Escrito por":"Coordena\u00e7\u00e3o","Est. tempo de leitura":"14 minutos"},"schema":{"@context":"https:\/\/schema.org","@graph":[{"@type":"Article","@id":"https:\/\/oab.estrategia.com\/portal\/prova-comentada-direito-administrativo-exame-oab-xxxix-39o\/#article","isPartOf":{"@id":"https:\/\/oab.estrategia.com\/portal\/prova-comentada-direito-administrativo-exame-oab-xxxix-39o\/"},"author":{"name":"Coordena\u00e7\u00e3o","@id":"https:\/\/oab.estrategia.com\/portal\/#\/schema\/person\/9e4f367923f195c7466d88c8e8a86d23"},"headline":"Prova comentada Direito Administrativo Exame OAB XXXIX (39\u00ba)","datePublished":"2023-11-20T17:34:56+00:00","dateModified":"2023-11-20T17:34:57+00:00","mainEntityOfPage":{"@id":"https:\/\/oab.estrategia.com\/portal\/prova-comentada-direito-administrativo-exame-oab-xxxix-39o\/"},"wordCount":2819,"commentCount":0,"publisher":{"@id":"https:\/\/oab.estrategia.com\/portal\/#organization"},"articleSection":["Carreira"],"inLanguage":"pt-BR","potentialAction":[{"@type":"CommentAction","name":"Comment","target":["https:\/\/oab.estrategia.com\/portal\/prova-comentada-direito-administrativo-exame-oab-xxxix-39o\/#respond"]}]},{"@type":"WebPage","@id":"https:\/\/oab.estrategia.com\/portal\/prova-comentada-direito-administrativo-exame-oab-xxxix-39o\/","url":"https:\/\/oab.estrategia.com\/portal\/prova-comentada-direito-administrativo-exame-oab-xxxix-39o\/","name":"Prova comentada Direito Administrativo Exame OAB XXXIX (39\u00ba)","isPartOf":{"@id":"https:\/\/oab.estrategia.com\/portal\/#website"},"datePublished":"2023-11-20T17:34:56+00:00","dateModified":"2023-11-20T17:34:57+00:00","description":"Prova comentada Direito Administrativo Exame OAB XXXIX (39\u00ba): Confira AQUI os coment\u00e1rios dos nossos professores e tire suas d\u00favidas!","breadcrumb":{"@id":"https:\/\/oab.estrategia.com\/portal\/prova-comentada-direito-administrativo-exame-oab-xxxix-39o\/#breadcrumb"},"inLanguage":"pt-BR","potentialAction":[{"@type":"ReadAction","target":["https:\/\/oab.estrategia.com\/portal\/prova-comentada-direito-administrativo-exame-oab-xxxix-39o\/"]}]},{"@type":"BreadcrumbList","@id":"https:\/\/oab.estrategia.com\/portal\/prova-comentada-direito-administrativo-exame-oab-xxxix-39o\/#breadcrumb","itemListElement":[{"@type":"ListItem","position":1,"name":"In\u00edcio","item":"https:\/\/oab.estrategia.com\/portal\/"},{"@type":"ListItem","position":2,"name":"Prova comentada Direito Administrativo Exame OAB XXXIX (39\u00ba)"}]},{"@type":"WebSite","@id":"https:\/\/oab.estrategia.com\/portal\/#website","url":"https:\/\/oab.estrategia.com\/portal\/","name":"Blog - OAB - Estrat\u00e9gia","description":"Blog OAB - Estrat\u00e9gia Concursos","publisher":{"@id":"https:\/\/oab.estrategia.com\/portal\/#organization"},"potentialAction":[{"@type":"SearchAction","target":{"@type":"EntryPoint","urlTemplate":"https:\/\/oab.estrategia.com\/portal\/?s={search_term_string}"},"query-input":{"@type":"PropertyValueSpecification","valueRequired":true,"valueName":"search_term_string"}}],"inLanguage":"pt-BR"},{"@type":"Organization","@id":"https:\/\/oab.estrategia.com\/portal\/#organization","name":"Estrat\u00e9gia Concursos","url":"https:\/\/oab.estrategia.com\/portal\/","logo":{"@type":"ImageObject","inLanguage":"pt-BR","@id":"https:\/\/oab.estrategia.com\/portal\/#\/schema\/logo\/image\/","url":"https:\/\/oab.estrategia.com\/portal\/wp-content\/uploads\/2022\/04\/06103601\/oab-icone-2.png","contentUrl":"https:\/\/oab.estrategia.com\/portal\/wp-content\/uploads\/2022\/04\/06103601\/oab-icone-2.png","width":900,"height":900,"caption":"Estrat\u00e9gia Concursos"},"image":{"@id":"https:\/\/oab.estrategia.com\/portal\/#\/schema\/logo\/image\/"},"sameAs":["https:\/\/www.facebook.com\/estrategiaoab\/","https:\/\/x.com\/estrategiaoab","https:\/\/www.instagram.com\/estrategiaoab\/","https:\/\/www.youtube.com\/EstrategiaOAB"]},{"@type":"Person","@id":"https:\/\/oab.estrategia.com\/portal\/#\/schema\/person\/9e4f367923f195c7466d88c8e8a86d23","name":"Coordena\u00e7\u00e3o","image":{"@type":"ImageObject","inLanguage":"pt-BR","@id":"https:\/\/oab.estrategia.com\/portal\/wp-content\/uploads\/2022\/03\/12164805\/estrategia-oab-coordenacao-96x96.png","url":"https:\/\/oab.estrategia.com\/portal\/wp-content\/uploads\/2022\/03\/12164805\/estrategia-oab-coordenacao-96x96.png","contentUrl":"https:\/\/oab.estrategia.com\/portal\/wp-content\/uploads\/2022\/03\/12164805\/estrategia-oab-coordenacao-96x96.png","caption":"Coordena\u00e7\u00e3o"},"description":".","url":"https:\/\/oab.estrategia.com\/portal\/author\/coordenacao\/"}]}},"jetpack_featured_media_url":"","jetpack_sharing_enabled":true,"_links":{"self":[{"href":"https:\/\/oab.estrategia.com\/portal\/wp-json\/wp\/v2\/posts\/9446","targetHints":{"allow":["GET"]}}],"collection":[{"href":"https:\/\/oab.estrategia.com\/portal\/wp-json\/wp\/v2\/posts"}],"about":[{"href":"https:\/\/oab.estrategia.com\/portal\/wp-json\/wp\/v2\/types\/post"}],"author":[{"embeddable":true,"href":"https:\/\/oab.estrategia.com\/portal\/wp-json\/wp\/v2\/users\/12"}],"replies":[{"embeddable":true,"href":"https:\/\/oab.estrategia.com\/portal\/wp-json\/wp\/v2\/comments?post=9446"}],"version-history":[{"count":1,"href":"https:\/\/oab.estrategia.com\/portal\/wp-json\/wp\/v2\/posts\/9446\/revisions"}],"predecessor-version":[{"id":9467,"href":"https:\/\/oab.estrategia.com\/portal\/wp-json\/wp\/v2\/posts\/9446\/revisions\/9467"}],"wp:attachment":[{"href":"https:\/\/oab.estrategia.com\/portal\/wp-json\/wp\/v2\/media?parent=9446"}],"wp:term":[{"taxonomy":"category","embeddable":true,"href":"https:\/\/oab.estrategia.com\/portal\/wp-json\/wp\/v2\/categories?post=9446"},{"taxonomy":"post_tag","embeddable":true,"href":"https:\/\/oab.estrategia.com\/portal\/wp-json\/wp\/v2\/tags?post=9446"}],"curies":[{"name":"wp","href":"https:\/\/api.w.org\/{rel}","templated":true}]}}