{"id":9455,"date":"2023-11-20T14:50:34","date_gmt":"2023-11-20T17:50:34","guid":{"rendered":"https:\/\/oab.estrategia.com\/portal\/?p=9455"},"modified":"2023-11-20T14:50:36","modified_gmt":"2023-11-20T17:50:36","slug":"prova-comentada-direito-processual-civil-exame-oab-xxxix-39o","status":"publish","type":"post","link":"https:\/\/oab.estrategia.com\/portal\/prova-comentada-direito-processual-civil-exame-oab-xxxix-39o\/","title":{"rendered":"Prova comentada Direito Processual Civil Exame OAB XXXIX (39\u00ba)"},"content":{"rendered":"\n<p>Ol\u00e1, futuro Advogado(a), tudo certo?!<\/p>\n\n\n\n<p>Em 19\/11\/2023, foi aplicada a prova da primeira fase do <strong>XXXIX Exame da Ordem dos Advogados do Brasil<\/strong>. Assim que encerrada, nosso time de professores elaborou o gabarito extraoficial e analisou o gabarito oficial da FGV, os quais ser\u00e3o apresentados juntamente com a nossa <strong>PROVA COMENTADA<\/strong>.<\/p>\n\n\n\n<p>Este material visa a auxili\u00e1-los na aferi\u00e7\u00e3o das notas, elabora\u00e7\u00e3o de eventuais recursos, verifica\u00e7\u00e3o das chances de avan\u00e7o para fase discursiva, bem como na revis\u00e3o do conte\u00fado cobrado no certame.<\/p>\n\n\n\n<p>Desde j\u00e1, destacamos que nosso time de professores identificou 3 quest\u00f5es pass\u00edveis de recurso e\/ou anula\u00e7\u00e3o, por apresentarem duas ou nenhuma alternativa inteiramente correta, como veremos adiante. No tipo de prova comentado, trata-se das quest\u00f5es 17, 44, 46.<\/p>\n\n\n\n<p>De modo complementar, elaboramos tamb\u00e9m um caderno para nossos seguidores, alunos ou n\u00e3o, observarem os coment\u00e1rios, e comentarem as quest\u00f5es da prova: Confira <a href=\"https:\/\/oab.estrategia.com\/cadernos-e-simulados\/simulados\/6b528c82-f21a-4443-925e-9ae233598e51\/\">AQUI<\/a><\/p>\n\n\n\n<p>Por fim, voc\u00eas poder\u00e3o acompanhar os eventos e cursos para a fase discursiva, bem como outras novidades envolvendo o Exame de Ordem no nosso canal do Youtube. Inscreva-se e ative as notifica\u00e7\u00f5es<strong>! <\/strong><a href=\"https:\/\/www.youtube.com\/@EstrategiaOAB\"><strong>Estrat\u00e9gia OAB &#8211; YouTube<\/strong><\/a><\/p>\n\n\n\n<p>Para conferir a prova comentada de todas a disciplinas, basta clicar no link abaixo. <\/p>\n\n\n\n<p class=\"has-text-align-center has-background\" style=\"background:linear-gradient(135deg,rgb(254,205,165) 22%,rgb(254,45,45) 96%,rgb(107,0,62) 100%)\"><strong><a href=\"https:\/\/oab.estrategia.com\/portal\/gabarito-extraoficial-oab-xxxix\/\">Gabarito Extraoficial OAB XXXIX (39\u00ba) Exame <\/a><\/strong><\/p>\n\n\n\n<h3 class=\"wp-block-heading\" id=\"h-prova-comentada-direito-processual-civil\"><span id=\"prova-comentada-direito-processual-civil\">Prova comentada Direito Processual Civil<\/span><\/h3>\n\n\n\n<p><strong>QUEST\u00c3O 51. Stefano Carneiro, ap\u00f3s ganhar indeniza\u00e7\u00e3o de R$ 60.000,00 em processo judicial movido em face de Estev\u00e3o Braga, inicia o cumprimento definitivo de senten\u00e7a requerendo ao ju\u00edzo competente que intime o devedor para o pagamento da condena\u00e7\u00e3o.<\/strong><\/p>\n\n\n\n<p><strong>No prazo para pagar, Estev\u00e3o Braga reconhece o d\u00e9bito e solicita ao seu advogado que realize o dep\u00f3sito de trinta por cento do valor da execu\u00e7\u00e3o, acrescido de custas e de honor\u00e1rios do advogado, e que o restante seja parcelado em seis parcelas mensais, acrescidas de corre\u00e7\u00e3o monet\u00e1ria e de juros de um por cento ao m\u00eas, pois soube que o C\u00f3digo de Processo Civil permite ao devedor o parcelamento nessas condi\u00e7\u00f5es.<\/strong><\/p>\n\n\n\n<p><strong>Na condi\u00e7\u00e3o de advogado(a) de Estev\u00e3o Braga, assinale a afirmativa correta.<\/strong><\/p>\n\n\n\n<p><strong>a) O parcelamento pretendido por Estev\u00e3o \u00e9 poss\u00edvel, independentemente da aceita\u00e7\u00e3o do exequente, pois \u00e9 um direito do executado.<\/strong><\/p>\n\n\n\n<p><strong>b) O parcelamento pretendido por Estev\u00e3o \u00e9 poss\u00edvel, pois o reconhecimento do d\u00e9bito ocorreu dentro no prazo para pagar.<\/strong><\/p>\n\n\n\n<p><strong>c) O parcelamento pretendido por Estev\u00e3o s\u00f3 \u00e9 poss\u00edvel antes do in\u00edcio do cumprimento de senten\u00e7a.<\/strong><\/p>\n\n\n\n<p><strong>d) O parcelamento pretendido por Estev\u00e3o n\u00e3o se aplica ao cumprimento de senten\u00e7a.<\/strong><\/p>\n\n\n\n<p><strong>Coment\u00e1rios<\/strong><\/p>\n\n\n\n<p>A alternativa correta \u00e9 a <strong>letra D<\/strong>. A quest\u00e3o tratou sobre o parcelamento da execu\u00e7\u00e3o previsto no art. 916 do CPC, que por expressa previs\u00e3o legal, n\u00e3o se aplica ao cumprimento de senten\u00e7a.<\/p>\n\n\n\n<p>A alternativa correta \u00e9 a letra D, pois est\u00e1 de acordo com o art. 916, \u00a7 7\u00ba, do CPC: <em>\u201cArt. 916. No prazo para embargos, reconhecendo o cr\u00e9dito do exequente e comprovando o dep\u00f3sito de trinta por cento do valor em execu\u00e7\u00e3o, acrescido de custas e de honor\u00e1rios de advogado, o executado poder\u00e1 requerer que lhe seja permitido pagar o restante em at\u00e9 6 (seis) parcelas mensais, acrescidas de corre\u00e7\u00e3o monet\u00e1ria e de juros de um por cento ao m\u00eas. [&#8230;] \u00a7 7\u00ba O disposto neste artigo n\u00e3o se aplica ao cumprimento da senten\u00e7a\u201d<\/em>.<\/p>\n\n\n\n<p>\u00c9 importante acrescentar que o STJ admite o parcelamento no cumprimento de senten\u00e7a, desde que por acordo entre devedor e credor (REsp n\u00ba 1.891.577\/MG, Relator Ministro Marco Aur\u00e9lio Belizze, 3\u00aa Turma, publicado no DJe em 14\/6\/2022), no entanto, a cobran\u00e7a na quest\u00e3o foi da literalidade do CPC.<\/p>\n\n\n\n<p>A alternativa A est\u00e1 incorreta, pois o parcelamento a que se refere o art. 916 do CPC, se restringe como direito do executado no processo de execu\u00e7\u00e3o e n\u00e3o no cumprimento de senten\u00e7a.<\/p>\n\n\n\n<p>A alternativa B est\u00e1 incorreta, pois a impossibilidade do parcelamento na hip\u00f3teses decorre da regra do art. 916, \u00a7 7\u00ba, do CPC.<\/p>\n\n\n\n<p>A alternativa C est\u00e1 incorreta, pois o parcelamento n\u00e3o se aplica ao cumprimento de senten\u00e7a (art. 916, \u00a7 7\u00ba, do CPC).<\/p>\n\n\n\n<p><strong>QUEST\u00c3O 52. Em determinada demanda judicial c\u00edvel \u00e9 proferida senten\u00e7a de proced\u00eancia do pedido autoral, com a condena\u00e7\u00e3o da sociedade empres\u00e1ria r\u00e9 ao pagamento de determinado valor a t\u00edtulo de repara\u00e7\u00e3o por dano material.<\/strong><\/p>\n\n\n\n<p><strong>Com o tr\u00e2nsito em julgado, o autor inicia a fase de cumprimento de senten\u00e7a e, ap\u00f3s alguns meses e diversas tentativas, sem sucesso, de penhora de bens do r\u00e9u, apresenta requerimento de instaura\u00e7\u00e3o do incidente de desconsidera\u00e7\u00e3o da personalidade jur\u00eddica.<\/strong><\/p>\n\n\n\n<p><strong>Voc\u00ea, na condi\u00e7\u00e3o de advogado(a), \u00e9 procurado(a) pelo r\u00e9u, buscando saber sobre o incidente em quest\u00e3o.<\/strong><\/p>\n\n\n\n<p><strong>Assinale a op\u00e7\u00e3o que apresenta, corretamente, sua orienta\u00e7\u00e3o.<\/strong><\/p>\n\n\n\n<p><strong>a) O referido incidente n\u00e3o \u00e9 cab\u00edvel no procedimento comum, sendo restrito ao \u00e2mbito da execu\u00e7\u00e3o fiscal de d\u00e9bitos tribut\u00e1rios.<\/strong><\/p>\n\n\n\n<p><strong>b) A instaura\u00e7\u00e3o do mencionado incidente suspende o processo e sua resolu\u00e7\u00e3o se d\u00e1 por decis\u00e3o interlocut\u00f3ria.<\/strong><\/p>\n\n\n\n<p><strong>c) O incidente apontado n\u00e3o \u00e9 cab\u00edvel na fase de cumprimento de senten\u00e7a, por n\u00e3o haver t\u00edtulo judicial formado em rela\u00e7\u00e3o aos s\u00f3cios cujo patrim\u00f4nio se busca atingir.<\/strong><\/p>\n\n\n\n<p><strong>d) Instaurado o incidente no caso concreto, os s\u00f3cios da sociedade r\u00e9 devem ser intimados para exerc\u00edcio de seu direito de defesa.<\/strong><\/p>\n\n\n\n<p><strong>Coment\u00e1rios<\/strong><\/p>\n\n\n\n<p>A alternativa correta \u00e9 a <strong>letra B<\/strong>. A quest\u00e3o tratou do incidente de desconsidera\u00e7\u00e3o da personalidade jur\u00eddica.<\/p>\n\n\n\n<p>A alternativa B est\u00e1 correta, pois est\u00e1 de acordo com o art. 134, \u00a7 3\u00ba e art. 136 do CPC: <em>\u201cArt. 134 [&#8230;] \u00a7 3\u00ba A instaura\u00e7\u00e3o do incidente suspender\u00e1 o processo, salvo na hip\u00f3tese do \u00a7 2\u201d<\/em>. <em>\u201cArt. 136. Conclu\u00edda a instru\u00e7\u00e3o, se necess\u00e1ria, o incidente ser\u00e1 resolvido por decis\u00e3o interlocut\u00f3ria\u201d<\/em>.<\/p>\n\n\n\n<p>A alternativa A est\u00e1 incorreta, pois o incidente \u00e9 cab\u00edvel em todas as fases do processo de conhecimento, no cumprimento de senten\u00e7a e na execu\u00e7\u00e3o fundada em t\u00edtulo executivo extrajudicial, conforme art. 134, <em>\u201ccaput\u201d<\/em>, do CPC: <em>\u201cArt. 134. O incidente de desconsidera\u00e7\u00e3o \u00e9 cab\u00edvel em todas as fases do processo de conhecimento, no cumprimento de senten\u00e7a e na execu\u00e7\u00e3o fundada em t\u00edtulo executivo extrajudicial\u201d<\/em>.<\/p>\n\n\n\n<p>A alternativa C est\u00e1 incorreta, pois contraria o art. 134, <em>\u201ccaput\u201d<\/em>, do CPC: <em>\u201cArt. 134. O incidente de desconsidera\u00e7\u00e3o \u00e9 cab\u00edvel em todas as fases do processo de conhecimento, no cumprimento de senten\u00e7a e na execu\u00e7\u00e3o fundada em t\u00edtulo executivo extrajudicial\u201d<\/em>.<\/p>\n\n\n\n<p>A alternativa D est\u00e1 incorreta, pois deve haver a cita\u00e7\u00e3o (e n\u00e3o a intima\u00e7\u00e3o) dos s\u00f3cios, nos termos do art. 135 do CPC: <em>\u201cArt. 135. Instaurado o incidente, o s\u00f3cio ou a pessoa jur\u00eddica ser\u00e1 citado para manifestar-se e requerer as provas cab\u00edveis no prazo de 15 (quinze) dias\u201d<\/em>.<\/p>\n\n\n\n<p><strong>QUEST\u00c3O 53. Ademir Leone, servidor p\u00fablico aposentado, atualmente obt\u00e9m sua maior fonte de renda por meio da compra e venda de a\u00e7\u00f5es na bolsa de valores brasileira, tendo em vista a perda do poder econ\u00f4mico de sua aposentadoria.<\/strong><\/p>\n\n\n\n<p><strong>Certo dia, ao tentar comprar a\u00e7\u00f5es na bolsa de valores, recebe a notifica\u00e7\u00e3o de que seu nome havia sido inscrito nos \u00f3rg\u00e3os de prote\u00e7\u00e3o ao cr\u00e9dito em raz\u00e3o do inadimplemento das parcelas de um empr\u00e9stimo firmado com o Banco Prata, e por isso a transa\u00e7\u00e3o n\u00e3o poderia ser completada, bem como soube que suas a\u00e7\u00f5es foram bloqueadas.<\/strong><\/p>\n\n\n\n<p><strong>Incr\u00e9dulo com tal situa\u00e7\u00e3o, pois nunca contratou com tal banco, al\u00e9m de temer pelo sustento de sua fam\u00edlia, Ademir procurou voc\u00ea, como advogado(a), para saber da possibilidade de limpar seu nome o quanto antes, ajuizando a\u00e7\u00e3o judicial, mas sem precisar esperar o fim do processo.<\/strong><\/p>\n\n\n\n<p><strong>Assinale a afirmativa que apresenta, corretamente, a orienta\u00e7\u00e3o que atende \u00e0 pretens\u00e3o do seu cliente,<\/strong><\/p>\n\n\n\n<p><strong>a) N\u00e3o existe essa possibilidade no direito brasileiro, o qual pauta-se no contradit\u00f3rio e na ampla defesa, respeitando o devido processo legal, seguindo todas as fases processuais, para que, somente ao final, seja dada uma decis\u00e3o justa e equ\u00e2nime.<\/strong><\/p>\n\n\n\n<p><strong>b) \u00c9 poss\u00edvel que seja concedida a tutela de urg\u00eancia, sendo desnecess\u00e1rio a demonstra\u00e7\u00e3o de elementos que evidenciem a probabilidade do direito e o perigo de dano ou o risco ao resultado \u00fatil do processo.<\/strong><\/p>\n\n\n\n<p><strong>c) Existe a possibilidade de que seja concedida a tutela de evid\u00eancia, desde que demonstrado o perigo de dano ou o risco ao resultado \u00fatil do processo.<\/strong><\/p>\n\n\n\n<p><strong>d) H\u00e1 a possibilidade de que seja concedida a tutela de urg\u00eancia, pois existem elementos que evidenciam a probabilidade do direito e o perigo de dano ou o risco ao resultado \u00fatil do processo.<\/strong><\/p>\n\n\n\n<p><strong>Coment\u00e1rios<\/strong><\/p>\n\n\n\n<p>A alternativa correta \u00e9 a <strong>letra D<\/strong>. A quest\u00e3o tratou das tutelas provis\u00f3rias.<\/p>\n\n\n\n<p>A alternativa D est\u00e1 correta, pois a situa\u00e7\u00e3o de fato narrada no enunciado preenche os requisitos do art. 300 do CPC: <em>\u201cArt. 300. A tutela de urg\u00eancia ser\u00e1 concedida quando houver elementos que evidenciem a probabilidade do direito e o perigo de dano ou o risco ao resultado \u00fatil do processo\u201d<\/em>.<\/p>\n\n\n\n<p>A alternativa A est\u00e1 incorreta, pois \u00e9 sim poss\u00edvel que a tutela final seja antecipada em favor da parte, seja com base na urg\u00eancia (art. 300 do CPC) ou na evid\u00eancia (art. 311 do CPC).<\/p>\n\n\n\n<p>A alternativa B est\u00e1 incorreta, pois art. 300 do CPC exige necessariamente a demonstra\u00e7\u00e3o da probabilidade do direito <em>(fumus bonis iuris)<\/em> e perigo de dano ou risco ao resultado \u00fatil do processo <em>(periculum in mora)<\/em>.<\/p>\n\n\n\n<p>A alternativa C est\u00e1 incorreta, pois para a concess\u00e3o da tutela de evid\u00eancia \u00e9 dispensada a necessidade de demonstra\u00e7\u00e3o de urg\u00eancia, conforme art. 311 do CPC: <em>\u201cArt. 311. A tutela da evid\u00eancia ser\u00e1 concedida, independentemente da demonstra\u00e7\u00e3o de perigo de dano ou de risco ao resultado \u00fatil do processo, quando: I &#8211; ficar caracterizado o abuso do direito de defesa ou o manifesto prop\u00f3sito protelat\u00f3rio da parte; II &#8211; as alega\u00e7\u00f5es de fato puderem ser comprovadas apenas documentalmente e houver tese firmada em julgamento de casos repetitivos ou em s\u00famula vinculante; III &#8211; se tratar de pedido reipersecut\u00f3rio fundado em prova documental adequada do contrato de dep\u00f3sito, caso em que ser\u00e1 decretada a ordem de entrega do objeto custodiado, sob comina\u00e7\u00e3o de multa; IV &#8211; a peti\u00e7\u00e3o inicial for instru\u00edda com prova documental suficiente dos fatos constitutivos do direito do autor, a que o r\u00e9u n\u00e3o oponha prova capaz de gerar d\u00favida razo\u00e1vel. Par\u00e1grafo \u00fanico. Nas hip\u00f3teses dos incisos II e III, o juiz poder\u00e1 decidir liminarmente\u201d<\/em>.<\/p>\n\n\n\n<p><strong>QUEST\u00c3O 54. Martina ajuizou a\u00e7\u00e3o pelo procedimento comum contra Marcela visando \u00e0 indeniza\u00e7\u00e3o milion\u00e1ria, oportunidade na qual informou na peti\u00e7\u00e3o inicial que n\u00e3o tinha interesse na audi\u00eancia de concilia\u00e7\u00e3o.<\/strong><\/p>\n\n\n\n<p><strong>Ap\u00f3s analisar a peti\u00e7\u00e3o inicial, o MM. Ju\u00edzo da 100\u00aa Vara C\u00edvel da Comarca de Florian\u00f3polis\/SC determinou a cita\u00e7\u00e3o de Marcela para comparecer em audi\u00eancia de concilia\u00e7\u00e3o, na forma do Art. 334 do C\u00f3digo de Processo Civil e, eventualmente, apresentar contesta\u00e7\u00e3o na forma do Art. 35 do mesmo diploma legislativo.<\/strong><\/p>\n\n\n\n<p><strong>Ap\u00f3s tomar conhecimento da a\u00e7\u00e3o indenizat\u00f3ria de Martina, Marcela apresentou peti\u00e7\u00e3o concordando com o pedido de cancelamento da audi\u00eancia de concilia\u00e7\u00e3o e se reservando o direito de apresentar contesta\u00e7\u00e3o no prazo legal.<\/strong><\/p>\n\n\n\n<p><strong>Considerando que foram prestadas todas as informa\u00e7\u00f5es e apresentados todos os documentos necess\u00e1rios para a elabora\u00e7\u00e3o da contesta\u00e7\u00e3o, a ser apresentada no prazo de 15 dias, assinale a op\u00e7\u00e3o que indica o momento em que se inicia a contagem desse prazo.<\/strong><\/p>\n\n\n\n<p><strong>a) Da juntada nos autos do aviso de recebimento positivo do seu mandado de cita\u00e7\u00e3o por correios<\/strong><\/p>\n\n\n\n<p><strong>b) Da publica\u00e7\u00e3o da decis\u00e3o do MM. Ju\u00edzo da 100\u00aa Vara C\u00edvel da Comarca de Florian\u00f3polis\/SC que cancelar a audi\u00eancia de concilia\u00e7\u00e3o agendada no despacho citat\u00f3rio.<\/strong><\/p>\n\n\n\n<p><strong>c) Do ato de protocolar o pedido de cancelamento da audi\u00eancia de concilia\u00e7\u00e3o formulado por Marcela.<\/strong><\/p>\n\n\n\n<p><strong>d) Da audi\u00eancia de concilia\u00e7\u00e3o, uma vez que o C\u00f3digo de Processo Civil obriga a realiza\u00e7\u00e3o desse ato processual, o qual n\u00e3o poder\u00e1 ser cancelado por despacho do MM. Ju\u00edzo da 100\u00aa Vara C\u00edvel da Comarca de Florian\u00f3polis\/SC.<\/strong><\/p>\n\n\n\n<p><strong>Coment\u00e1rios<\/strong><\/p>\n\n\n\n<p>A alternativa correta \u00e9 a <strong>letra C<\/strong>. A quest\u00e3o tratou da fase inicial do procedimento comum (audi\u00eancia de media\u00e7\u00e3o e concilia\u00e7\u00e3o).<\/p>\n\n\n\n<p>A alternativa C est\u00e1 correta, pois est\u00e1 de acordo com o art. 334, \u00a7 4\u00ba, I c\/c art. 335, II, do CPC: <em>\u201cArt. 334 [&#8230;] \u00a7 4\u00ba A audi\u00eancia n\u00e3o ser\u00e1 realizada: I &#8211; se ambas as partes manifestarem, expressamente, desinteresse na composi\u00e7\u00e3o consensual;\u201d<\/em>. <em>\u201cArt. 335. O r\u00e9u poder\u00e1 oferecer contesta\u00e7\u00e3o, por peti\u00e7\u00e3o, no prazo de 15 (quinze) dias, cujo termo inicial ser\u00e1 a data; [&#8230;] II &#8211; do protocolo do pedido de cancelamento da audi\u00eancia de concilia\u00e7\u00e3o ou de media\u00e7\u00e3o apresentado pelo r\u00e9u, quando ocorrer a hip\u00f3tese do art. 334, \u00a7 4\u00ba, inciso I\u201d<\/em>.<\/p>\n\n\n\n<p>As alternativas A, B e D est\u00e3o incorretas, pois n\u00e3o est\u00e3o de acordo com o art. 335, II, do CPC e na hip\u00f3tese, a contagem do prazo da contesta\u00e7\u00e3o se inicia do protocolo do pedido de cancelamento apresentado pelo r\u00e9u, na hip\u00f3tese em que a parte autora manifestou desinteresse pela audi\u00eancia na peti\u00e7\u00e3o inicial.&nbsp;&nbsp;<\/p>\n\n\n\n<p><strong>QUEST\u00c3O 55. Samuel ajuizou a\u00e7\u00e3o de exigir contas contra Maria, requerendo sua cita\u00e7\u00e3o para que as preste ou ofere\u00e7a contesta\u00e7\u00e3o, no prazo de 15 (quinze) dias \u00fateis. Em sua peti\u00e7\u00e3o inicial, Samuel alegou que, por for\u00e7a de contrato de mandato, teria confiado a administra\u00e7\u00e3o de recursos pr\u00f3prios a Maria, que, no entanto, n\u00e3o prestou regularmente contas de forma extrajudicial, conforme entre si acordado. Em que pese Maria tenha oferecido contesta\u00e7\u00e3o \u00e0 a\u00e7\u00e3o, o juiz julgou procedente o pedido, condenando Maria a prestar as contas, no prazo de 15 (quinze) dias \u00fateis. Sobre a situa\u00e7\u00e3o hipot\u00e9tica descrita, assinale a afirmativa correta.<\/strong><\/p>\n\n\n\n<p><strong>a) Caso Maria deixe de prestar as contas no prazo assinalado de 15 (quinze) dias \u00fateis, Samuel ser\u00e1 intimado a apresent\u00e1-las, n\u00e3o podendo o juiz determinar a realiza\u00e7\u00e3o de per\u00edcia para a sua certifica\u00e7\u00e3o.<\/strong><\/p>\n\n\n\n<p><strong>b) Ainda que Maria deixe de prestar as contas no prazo assinalado de 15 (quinze) dias \u00fateis, lhe ser\u00e1 l\u00edcito impugnar as contas que venham a ser apresentadas por Samuel.<\/strong><\/p>\n\n\n\n<p><strong>c) Maria poder\u00e1 interpor recurso de apela\u00e7\u00e3o contra a senten\u00e7a, ao fundamento de que o prazo previsto em lei para a presta\u00e7\u00e3o de contas \u00e9 de 30 (trinta), e n\u00e3o 15 (quinze) dias \u00fateis, como assinalado pelo juiz.<\/strong><\/p>\n\n\n\n<p><strong>d) Caso Maria venha a prestar as contas, dever\u00e1 faz\u00ea-lo no prazo de 15 (quinze) dias \u00fateis assinalado pelo juiz e de forma adequada, especificando-se as receitas, a aplica\u00e7\u00e3o das despesas e os investimentos, es houver.<\/strong><\/p>\n\n\n\n<p><strong>Coment\u00e1rios<\/strong><\/p>\n\n\n\n<p>A alternativa correta \u00e9 a <strong>letra D<\/strong>. A quest\u00e3o trata da a\u00e7\u00e3o de exigir contas, procedimento especial previsto no CPC.<\/p>\n\n\n\n<p>A alternativa D est\u00e1 correta, pois est\u00e1 de acordo com o art. 551 do CPC: <em>\u201cArt. 551. As contas do r\u00e9u ser\u00e3o apresentadas na forma adequada, especificando-se as receitas, a aplica\u00e7\u00e3o das despesas e os investimentos, se houver\u201d<\/em>.<\/p>\n\n\n\n<p>A alternativa A est\u00e1 incorreta, pois nos termos do art. 550, \u00a7 6\u00ba, do CPC, o juiz poder\u00e1 sim (se necess\u00e1rio) determinar a realiza\u00e7\u00e3o de per\u00edcia: <em>\u201cArt. 550 [&#8230;] \u00a7 6\u00ba Se o r\u00e9u apresentar as contas no prazo previsto no \u00a7 5\u00ba, seguir-se-\u00e1 o procedimento do \u00a7 2\u00ba, caso contr\u00e1rio, o autor apresent\u00e1-las-\u00e1 no prazo de 15 (quinze) dias, podendo o juiz determinar a realiza\u00e7\u00e3o de exame pericial, se necess\u00e1rio\u201d<\/em>.<\/p>\n\n\n\n<p>A alternativa B est\u00e1 incorreta, pois n\u00e3o est\u00e1 de acordo com o art. 550, \u00a7 5\u00ba, do CPC, que prev\u00ea penalidade ao r\u00e9u: <em>\u201cArt. 550 [&#8230;] \u00a7 5\u00ba A decis\u00e3o que julgar procedente o pedido condenar\u00e1 o r\u00e9u a prestar as contas no prazo de 15 (quinze) dias, sob pena de n\u00e3o lhe ser l\u00edcito impugnar as que o autor apresentar\u201d<\/em>.<\/p>\n\n\n\n<p>A alternativa C est\u00e1 incorreta, pois o prazo para a apresenta\u00e7\u00e3o das contas \u00e9 de 15 e n\u00e3o 30 dias, conforme art. 550, <em>\u201ccaput\u201d<\/em>, do CPC: <em>\u201cArt. 550. Aquele que afirmar ser titular do direito de exigir contas requerer\u00e1 a cita\u00e7\u00e3o do r\u00e9u para que as preste ou ofere\u00e7a contesta\u00e7\u00e3o no prazo de 15 (quinze) dias\u201d<\/em>.<\/p>\n\n\n\n<p><strong>QUEST\u00c3O 56. A <\/strong><strong><em>General Food<\/em><\/strong><strong> \u00e9 uma reconhecida sociedade empres\u00e1ria brit\u00e2nica do ramo de alimentos presidida, desde 2018, pelo brasileiro Rodrigo Bottas.<\/strong><\/p>\n\n\n\n<p><strong>Em 2021, o jornal &#8220;Folha de Londres&#8221; publicou uma s\u00e9rie de reportagens apontando irregularidades na gest\u00e3o de Rodrigo Bottas, que foi imediatamente afastado da sociedade empres\u00e1ria. Ato cont\u00ednuo, a <\/strong><strong><em>General Food<\/em><\/strong><strong> investigou as irregularidades suscitadas pelo jornal e, ap\u00f3s confirm\u00e1-las, instaurou arbitragem na Inglaterra para obter indeniza\u00e7\u00e3o pelos preju\u00edzos causados por seu antigo executivo.<\/strong><\/p>\n\n\n\n<p><strong>Ap\u00f3s regular participa\u00e7\u00e3o de Rodrigo Bottas no referido procedimento, o Tribunal Arbitral proferiu senten\u00e7a julgando procedente o pedido indenizat\u00f3rio da <\/strong><strong><em>General Food<\/em><\/strong><strong>.<\/strong><\/p>\n\n\n\n<p><strong>Como Rodrigo Bottas n\u00e3o tinha bens na Inglaterra, a <\/strong><strong><em>General Food<\/em><\/strong><strong> procurou um(a) advogado(a) para buscar informa\u00e7\u00f5es sobre a possibilidade de executar a senten\u00e7a arbitral estrangeira no Brasil.<\/strong><\/p>\n\n\n\n<p><strong>Na qualidade de advogado(a) da <\/strong><strong><em>General Food<\/em><\/strong><strong>, assinale a afirmativa correta.<\/strong><\/p>\n\n\n\n<p><strong>a) A <\/strong><strong><em>General Food<\/em><\/strong><strong> dever\u00e1 ajuizar a\u00e7\u00e3o de execu\u00e7\u00e3o contra Rodrigo Bottas, uma vez que a senten\u00e7a arbitral estrangeira \u00e9 t\u00edtulo executivo judicial.<\/strong><\/p>\n\n\n\n<p><strong>b) A <\/strong><strong><em>General Food<\/em><\/strong><strong> dever\u00e1 instaurar arbitragem contra Rodrigo Bottas, uma vez que n\u00e3o s\u00e3o admiss\u00edveis a homologa\u00e7\u00e3o e a execu\u00e7\u00e3o de senten\u00e7a arbitral estrangeira no Brasil.<\/strong><\/p>\n\n\n\n<p><strong>c) A <\/strong><strong><em>General Food<\/em><\/strong><strong> dever\u00e1 ajuizar a\u00e7\u00e3o indenizat\u00f3ria contra Rodrigo Bottas, uma vez que n\u00e3o s\u00e3o poss\u00edveis a homologa\u00e7\u00e3o e a execu\u00e7\u00e3o de senten\u00e7a arbitral estrangeira no Brasil.<\/strong><\/p>\n\n\n\n<p><strong>d) A <\/strong><strong><em>General Food<\/em><\/strong><strong> dever\u00e1 apresentar pedido de homologa\u00e7\u00e3o da senten\u00e7a arbitral estrangeira contra Rodrigo Bottas antes de executar a referida decis\u00e3o no Brasil.<\/strong><\/p>\n\n\n\n<p><strong>Coment\u00e1rios<\/strong><\/p>\n\n\n\n<p>A alternativa correta \u00e9 a <strong>letra D<\/strong>. A quest\u00e3o trata da homologa\u00e7\u00e3o de decis\u00e3o estrangeira.<\/p>\n\n\n\n<p>A alternativa D est\u00e1 de acordo com o art. 960, \u00a7 3\u00ba, do CPC, que prev\u00ea que a decis\u00e3o arbitral estrangeira se submete ao procedimento de homologa\u00e7\u00e3o perante o STJ: <em>\u201cArt. 960 [&#8230;] \u00a7 3\u00ba A homologa\u00e7\u00e3o de decis\u00e3o arbitral estrangeira obedecer\u00e1 ao disposto em tratado e em lei, aplicando-se, subsidiariamente, as disposi\u00e7\u00f5es deste Cap\u00edtulo\u201d<\/em>.<\/p>\n\n\n\n<p>A alternativa A est\u00e1 incorreta, pois \u00e9 necess\u00e1ria a homologa\u00e7\u00e3o da decis\u00e3o arbitral perante o STJ para s\u00f3 depois serem procedidos os atos expropriat\u00f3rios contra o devedor.As alternativas B e C est\u00e3o incorretas, pois \u00e9 sim admiss\u00edvel a homologa\u00e7\u00e3o (art. 960, \u00a7 3\u00ba, do CPC) e a posterior execu\u00e7\u00e3o da decis\u00e3o arbitral estrangeira.<\/p>\n\n\n\n<h2 id=\"confira-as-possibilidades-de-recursos\" class=\"wp-block-heading has-text-align-center has-very-light-gray-to-cyan-bluish-gray-gradient-background has-background\"><strong><mark style=\"background-color:rgba(0, 0, 0, 0)\" class=\"has-inline-color has-vivid-red-color\">Confira as possibilidades de Recursos<\/mark><\/strong><\/h2>\n\n\n\n<h2 class=\"wp-block-heading has-text-align-center\" id=\"quer-saber-mais-sobre-o-exame-de-ordem-xxxiv\"><span id=\"quer-saber-mais-sobre-o-exame-de-ordem-xxxix-39o-exame\">Quer saber mais sobre o Exame de Ordem XXXIX (39\u00ba) Exame? <\/span><\/h2>\n\n\n\n<p class=\"has-text-align-center has-background has-medium-font-size\" style=\"background-color:#f78da87d\"><a href=\"https:\/\/oab.estrategia.com\/portal\/prova-oab\/\" target=\"_blank\" ><strong>Prova OAB<\/strong><\/a><\/p>\n\n\n\n<h2 class=\"wp-block-heading has-text-align-center\" id=\"grupo-de-telegram-para-a-oab\">Grupo de Telegram para a OAB<\/h2>\n\n\n\n<p class=\"has-text-align-center has-very-light-gray-background-color has-background\" style=\"font-size:25px\"><a href=\"http:\/\/bit.ly\/TelegramOAB\" target=\"_blank\" ><strong>Inscreva-se no nosso grupo do Telegram<\/strong><\/a><\/p>\n\n\n\n<h2 class=\"wp-block-heading has-text-align-center\" id=\"nossas-redes-sociais\">Nossas redes sociais<\/h2>\n\n\n\n<p class=\"has-text-align-center has-very-light-gray-background-color has-background\" style=\"font-size:22px\"><a  href=\"https:\/\/www.instagram.com\/estrategiaoab\/\" target=\"_blank\"><strong>Instagram Estrat\u00e9gia OAB<\/strong><\/a><\/p>\n\n\n\n<p class=\"has-text-align-center has-very-light-gray-background-color has-background\" style=\"font-size:22px\"><a href=\"https:\/\/www.youtube.com\/channel\/UC7rgrKTSF5aOrBGWOw60ovw\" target=\"_blank\" ><strong>YouTube do Estrat\u00e9gia OAB<\/strong><\/a><\/p>\n\n\n\n\n\n<div class=\"wp-block-cover\" style=\"min-height:147px;aspect-ratio:unset;\"><img decoding=\"async\" width=\"1024\" height=\"190\" class=\"wp-block-cover__image-background wp-image-963\" alt=\"1\u00aa fase do exame de ordem oab curso\" src=\"https:\/\/oab.estrategia.com\/portal\/wp-content\/uploads\/2022\/06\/20153604\/assinatura-curso-oab-primeira-fase-1024x190.jpg\" style=\"object-position:58% 29%\" data-object-fit=\"cover\" data-object-position=\"58% 29%\" srcset=\"https:\/\/oab.estrategia.com\/portal\/wp-content\/uploads\/2022\/06\/20153604\/assinatura-curso-oab-primeira-fase-1024x190.jpg 1024w, https:\/\/oab.estrategia.com\/portal\/wp-content\/uploads\/2022\/06\/20153604\/assinatura-curso-oab-primeira-fase-300x56.jpg 300w, https:\/\/oab.estrategia.com\/portal\/wp-content\/uploads\/2022\/06\/20153604\/assinatura-curso-oab-primeira-fase-768x143.jpg 768w, https:\/\/oab.estrategia.com\/portal\/wp-content\/uploads\/2022\/06\/20153604\/assinatura-curso-oab-primeira-fase-1536x285.jpg 1536w, https:\/\/oab.estrategia.com\/portal\/wp-content\/uploads\/2022\/06\/20153604\/assinatura-curso-oab-primeira-fase-380x71.jpg 380w, https:\/\/oab.estrategia.com\/portal\/wp-content\/uploads\/2022\/06\/20153604\/assinatura-curso-oab-primeira-fase-800x149.jpg 800w, https:\/\/oab.estrategia.com\/portal\/wp-content\/uploads\/2022\/06\/20153604\/assinatura-curso-oab-primeira-fase-1160x215.jpg 1160w, https:\/\/oab.estrategia.com\/portal\/wp-content\/uploads\/2022\/06\/20153604\/assinatura-curso-oab-primeira-fase.jpg 1890w\" sizes=\"(max-width: 1024px) 100vw, 1024px\" \/><span aria-hidden=\"true\" class=\"wp-block-cover__background has-background-dim\"><\/span><div class=\"wp-block-cover__inner-container is-layout-flow wp-block-cover-is-layout-flow\">\n<h3 id=\"curso-para-a-1a-fase-da-oab\" class=\"titulo-assinatura\">Curso para a 1\u00aa Fase da OAB<\/h3>\n<p class=\"subtitulo-assinatura\" style=\"display:block!important; line-height: 0;\">Conhe\u00e7a os cursos!<\/p>\n<a target=\"_blank\" href=\"https:\/\/oab.estrategia.com\/concurso\/primeira-fase-46-exame\" rel=\"noopener\"><button style=\"border-radius: 10px; text-transform: capitalize;\">Acessar<\/button><\/a>\n<\/div><\/div>\n\n\n\n<div class=\"wp-block-group\"><div class=\"wp-block-group__inner-container is-layout-constrained wp-block-group-is-layout-constrained\">\n<div class=\"wp-block-cover\" style=\"min-height:84px;aspect-ratio:unset;\"><img decoding=\"async\" width=\"1160\" height=\"215\" class=\"wp-block-cover__image-background wp-image-15434\" alt=\"\" src=\"https:\/\/oab.estrategia.com\/portal\/wp-content\/uploads\/2025\/01\/31012626\/Banner-curso-de-ingles-no-seu-ritmo-vermelho-e-azul-moderno-1160-x-215-px.png\" style=\"object-position:100% 28%\" data-object-fit=\"cover\" data-object-position=\"100% 28%\" srcset=\"https:\/\/oab.estrategia.com\/portal\/wp-content\/uploads\/2025\/01\/31012626\/Banner-curso-de-ingles-no-seu-ritmo-vermelho-e-azul-moderno-1160-x-215-px.png 1160w, https:\/\/oab.estrategia.com\/portal\/wp-content\/uploads\/2025\/01\/31012626\/Banner-curso-de-ingles-no-seu-ritmo-vermelho-e-azul-moderno-1160-x-215-px-300x56.png 300w, https:\/\/oab.estrategia.com\/portal\/wp-content\/uploads\/2025\/01\/31012626\/Banner-curso-de-ingles-no-seu-ritmo-vermelho-e-azul-moderno-1160-x-215-px-1024x190.png 1024w, https:\/\/oab.estrategia.com\/portal\/wp-content\/uploads\/2025\/01\/31012626\/Banner-curso-de-ingles-no-seu-ritmo-vermelho-e-azul-moderno-1160-x-215-px-768x142.png 768w, https:\/\/oab.estrategia.com\/portal\/wp-content\/uploads\/2025\/01\/31012626\/Banner-curso-de-ingles-no-seu-ritmo-vermelho-e-azul-moderno-1160-x-215-px-380x70.png 380w, https:\/\/oab.estrategia.com\/portal\/wp-content\/uploads\/2025\/01\/31012626\/Banner-curso-de-ingles-no-seu-ritmo-vermelho-e-azul-moderno-1160-x-215-px-800x148.png 800w, https:\/\/oab.estrategia.com\/portal\/wp-content\/uploads\/2025\/01\/31012626\/Banner-curso-de-ingles-no-seu-ritmo-vermelho-e-azul-moderno-1160-x-215-px-150x28.png 150w\" sizes=\"(max-width: 1160px) 100vw, 1160px\" \/><span aria-hidden=\"true\" class=\"wp-block-cover__background has-background-dim\"><\/span><div class=\"wp-block-cover__inner-container is-layout-flow wp-block-cover-is-layout-flow\">\n<h3 id=\"cursos-para-a-2a-fase-da-oab\" class=\"titulo-assinatura\">Cursos para a 2\u00aa Fase da OAB<\/h3>\n<p class=\"subtitulo-assinatura\" style=\"display:block!important; line-height: 0;\">Conhe\u00e7a os cursos!<\/p>\n<a target=\"_blank\" href=\"https:\/\/oab.estrategia.com\/concursos\/cursos\/segunda-fase-oab\" rel=\"noopener\"><button style=\"border-radius: 10px; text-transform: capitalize;\">Acessar<\/button><\/a>\n<\/div><\/div>\n<\/div><\/div>\n\n\n\n<p><strong>Leia tamb\u00e9m:<\/strong><\/p>\n\n\n\n<ul class=\"wp-block-yoast-seo-related-links\"><li><a href=\"https:\/\/oab.estrategia.com\/portal\/ordem-das-questoes-na-oab\/\" target=\"_blank\" >Ordem das quest\u00f5es na prova da OAB<\/a><\/li><li><a href=\"https:\/\/oab.estrategia.com\/portal\/os-assuntos-mais-cobrados-na-oab\/\">Os assuntos mais cobrados na OAB: Saiba quais s\u00e3o!<\/a><\/li><li><a href=\"https:\/\/oab.estrategia.com\/portal\/melhor-curso-oab\/\">Melhor Curso para OAB: conhe\u00e7a a melhor ferramenta de estudos<\/a><\/li><li><a href=\"https:\/\/oab.estrategia.com\/portal\/como-funciona-a-prova-da-oab-primeira-fase\/\">Saiba como funciona a prova da OAB 1\u00aa fase<\/a><\/li><\/ul>\n","protected":false},"excerpt":{"rendered":"Ol\u00e1, futuro Advogado(a), tudo certo?! Em 19\/11\/2023, foi aplicada a prova da primeira fase do XXXIX Exame da&hellip;\n","protected":false},"author":12,"featured_media":0,"comment_status":"open","ping_status":"open","sticky":false,"template":"","format":"standard","meta":{"_jetpack_memberships_contains_paid_content":false,"footnotes":""},"categories":[1],"tags":[],"class_list":{"0":"post-9455","1":"post","2":"type-post","3":"status-publish","4":"format-standard","6":"category-carreira"},"acf":[],"yoast_head":"<!-- This site is optimized with the Yoast SEO Premium plugin v26.2 (Yoast SEO v27.4) - https:\/\/yoast.com\/product\/yoast-seo-premium-wordpress\/ -->\n<title>Prova comentada Direito Processual Civil Exame OAB XXXIX (39\u00ba)<\/title>\n<meta name=\"description\" content=\"Prova comentada Direito Processual Civil Exame OAB XXXIX (39\u00ba): Confira AQUI os coment\u00e1rios dos nossos professores e tire suas d\u00favidas!\" \/>\n<meta name=\"robots\" content=\"index, follow, max-snippet:-1, max-image-preview:large, max-video-preview:-1\" \/>\n<link rel=\"canonical\" href=\"https:\/\/oab.estrategia.com\/portal\/prova-comentada-direito-processual-civil-exame-oab-xxxix-39o\/\" \/>\n<meta property=\"og:locale\" content=\"pt_BR\" \/>\n<meta property=\"og:type\" content=\"article\" \/>\n<meta property=\"og:title\" content=\"Prova comentada Direito Processual Civil Exame OAB XXXIX (39\u00ba)\" \/>\n<meta property=\"og:description\" content=\"Prova comentada Direito Processual Civil Exame OAB XXXIX (39\u00ba): Confira AQUI os coment\u00e1rios dos nossos professores e tire suas d\u00favidas!\" \/>\n<meta property=\"og:url\" content=\"https:\/\/oab.estrategia.com\/portal\/prova-comentada-direito-processual-civil-exame-oab-xxxix-39o\/\" \/>\n<meta property=\"og:site_name\" content=\"Blog - OAB - Estrat\u00e9gia\" \/>\n<meta property=\"article:publisher\" content=\"https:\/\/www.facebook.com\/estrategiaoab\/\" \/>\n<meta property=\"article:published_time\" content=\"2023-11-20T17:50:34+00:00\" \/>\n<meta property=\"article:modified_time\" content=\"2023-11-20T17:50:36+00:00\" \/>\n<meta property=\"og:image\" content=\"https:\/\/oab.estrategia.com\/portal\/wp-content\/uploads\/2022\/04\/06103601\/oab-icone-2.png\" \/>\n\t<meta property=\"og:image:width\" content=\"900\" \/>\n\t<meta property=\"og:image:height\" content=\"900\" \/>\n\t<meta property=\"og:image:type\" content=\"image\/png\" \/>\n<meta name=\"author\" content=\"Coordena\u00e7\u00e3o\" \/>\n<meta name=\"twitter:card\" content=\"summary_large_image\" \/>\n<meta name=\"twitter:creator\" content=\"@estrategiaoab\" \/>\n<meta name=\"twitter:site\" content=\"@estrategiaoab\" \/>\n<meta name=\"twitter:label1\" content=\"Escrito por\" \/>\n\t<meta name=\"twitter:data1\" content=\"Coordena\u00e7\u00e3o\" \/>\n\t<meta name=\"twitter:label2\" content=\"Est. tempo de leitura\" \/>\n\t<meta name=\"twitter:data2\" content=\"17 minutos\" \/>\n<script type=\"application\/ld+json\" class=\"yoast-schema-graph\">{\"@context\":\"https:\\\/\\\/schema.org\",\"@graph\":[{\"@type\":\"Article\",\"@id\":\"https:\\\/\\\/oab.estrategia.com\\\/portal\\\/prova-comentada-direito-processual-civil-exame-oab-xxxix-39o\\\/#article\",\"isPartOf\":{\"@id\":\"https:\\\/\\\/oab.estrategia.com\\\/portal\\\/prova-comentada-direito-processual-civil-exame-oab-xxxix-39o\\\/\"},\"author\":{\"name\":\"Coordena\u00e7\u00e3o\",\"@id\":\"https:\\\/\\\/oab.estrategia.com\\\/portal\\\/#\\\/schema\\\/person\\\/9e4f367923f195c7466d88c8e8a86d23\"},\"headline\":\"Prova comentada Direito Processual Civil Exame OAB XXXIX (39\u00ba)\",\"datePublished\":\"2023-11-20T17:50:34+00:00\",\"dateModified\":\"2023-11-20T17:50:36+00:00\",\"mainEntityOfPage\":{\"@id\":\"https:\\\/\\\/oab.estrategia.com\\\/portal\\\/prova-comentada-direito-processual-civil-exame-oab-xxxix-39o\\\/\"},\"wordCount\":3257,\"commentCount\":0,\"publisher\":{\"@id\":\"https:\\\/\\\/oab.estrategia.com\\\/portal\\\/#organization\"},\"articleSection\":[\"Carreira\"],\"inLanguage\":\"pt-BR\",\"potentialAction\":[{\"@type\":\"CommentAction\",\"name\":\"Comment\",\"target\":[\"https:\\\/\\\/oab.estrategia.com\\\/portal\\\/prova-comentada-direito-processual-civil-exame-oab-xxxix-39o\\\/#respond\"]}]},{\"@type\":\"WebPage\",\"@id\":\"https:\\\/\\\/oab.estrategia.com\\\/portal\\\/prova-comentada-direito-processual-civil-exame-oab-xxxix-39o\\\/\",\"url\":\"https:\\\/\\\/oab.estrategia.com\\\/portal\\\/prova-comentada-direito-processual-civil-exame-oab-xxxix-39o\\\/\",\"name\":\"Prova comentada Direito Processual Civil Exame OAB XXXIX (39\u00ba)\",\"isPartOf\":{\"@id\":\"https:\\\/\\\/oab.estrategia.com\\\/portal\\\/#website\"},\"datePublished\":\"2023-11-20T17:50:34+00:00\",\"dateModified\":\"2023-11-20T17:50:36+00:00\",\"description\":\"Prova comentada Direito Processual Civil Exame OAB XXXIX (39\u00ba): Confira AQUI os coment\u00e1rios dos nossos professores e tire suas d\u00favidas!\",\"breadcrumb\":{\"@id\":\"https:\\\/\\\/oab.estrategia.com\\\/portal\\\/prova-comentada-direito-processual-civil-exame-oab-xxxix-39o\\\/#breadcrumb\"},\"inLanguage\":\"pt-BR\",\"potentialAction\":[{\"@type\":\"ReadAction\",\"target\":[\"https:\\\/\\\/oab.estrategia.com\\\/portal\\\/prova-comentada-direito-processual-civil-exame-oab-xxxix-39o\\\/\"]}]},{\"@type\":\"BreadcrumbList\",\"@id\":\"https:\\\/\\\/oab.estrategia.com\\\/portal\\\/prova-comentada-direito-processual-civil-exame-oab-xxxix-39o\\\/#breadcrumb\",\"itemListElement\":[{\"@type\":\"ListItem\",\"position\":1,\"name\":\"In\u00edcio\",\"item\":\"https:\\\/\\\/oab.estrategia.com\\\/portal\\\/\"},{\"@type\":\"ListItem\",\"position\":2,\"name\":\"Prova comentada Direito Processual Civil Exame OAB XXXIX (39\u00ba)\"}]},{\"@type\":\"WebSite\",\"@id\":\"https:\\\/\\\/oab.estrategia.com\\\/portal\\\/#website\",\"url\":\"https:\\\/\\\/oab.estrategia.com\\\/portal\\\/\",\"name\":\"Blog - OAB - Estrat\u00e9gia\",\"description\":\"Blog OAB - Estrat\u00e9gia Concursos\",\"publisher\":{\"@id\":\"https:\\\/\\\/oab.estrategia.com\\\/portal\\\/#organization\"},\"potentialAction\":[{\"@type\":\"SearchAction\",\"target\":{\"@type\":\"EntryPoint\",\"urlTemplate\":\"https:\\\/\\\/oab.estrategia.com\\\/portal\\\/?s={search_term_string}\"},\"query-input\":{\"@type\":\"PropertyValueSpecification\",\"valueRequired\":true,\"valueName\":\"search_term_string\"}}],\"inLanguage\":\"pt-BR\"},{\"@type\":\"Organization\",\"@id\":\"https:\\\/\\\/oab.estrategia.com\\\/portal\\\/#organization\",\"name\":\"Estrat\u00e9gia Concursos\",\"url\":\"https:\\\/\\\/oab.estrategia.com\\\/portal\\\/\",\"logo\":{\"@type\":\"ImageObject\",\"inLanguage\":\"pt-BR\",\"@id\":\"https:\\\/\\\/oab.estrategia.com\\\/portal\\\/#\\\/schema\\\/logo\\\/image\\\/\",\"url\":\"https:\\\/\\\/oab.estrategia.com\\\/portal\\\/wp-content\\\/uploads\\\/2022\\\/04\\\/06103601\\\/oab-icone-2.png\",\"contentUrl\":\"https:\\\/\\\/oab.estrategia.com\\\/portal\\\/wp-content\\\/uploads\\\/2022\\\/04\\\/06103601\\\/oab-icone-2.png\",\"width\":900,\"height\":900,\"caption\":\"Estrat\u00e9gia Concursos\"},\"image\":{\"@id\":\"https:\\\/\\\/oab.estrategia.com\\\/portal\\\/#\\\/schema\\\/logo\\\/image\\\/\"},\"sameAs\":[\"https:\\\/\\\/www.facebook.com\\\/estrategiaoab\\\/\",\"https:\\\/\\\/x.com\\\/estrategiaoab\",\"https:\\\/\\\/www.instagram.com\\\/estrategiaoab\\\/\",\"https:\\\/\\\/www.youtube.com\\\/EstrategiaOAB\"]},{\"@type\":\"Person\",\"@id\":\"https:\\\/\\\/oab.estrategia.com\\\/portal\\\/#\\\/schema\\\/person\\\/9e4f367923f195c7466d88c8e8a86d23\",\"name\":\"Coordena\u00e7\u00e3o\",\"image\":{\"@type\":\"ImageObject\",\"inLanguage\":\"pt-BR\",\"@id\":\"https:\\\/\\\/oab.estrategia.com\\\/portal\\\/wp-content\\\/uploads\\\/2022\\\/03\\\/12164805\\\/estrategia-oab-coordenacao-96x96.png\",\"url\":\"https:\\\/\\\/oab.estrategia.com\\\/portal\\\/wp-content\\\/uploads\\\/2022\\\/03\\\/12164805\\\/estrategia-oab-coordenacao-96x96.png\",\"contentUrl\":\"https:\\\/\\\/oab.estrategia.com\\\/portal\\\/wp-content\\\/uploads\\\/2022\\\/03\\\/12164805\\\/estrategia-oab-coordenacao-96x96.png\",\"caption\":\"Coordena\u00e7\u00e3o\"},\"description\":\".\",\"url\":\"https:\\\/\\\/oab.estrategia.com\\\/portal\\\/author\\\/coordenacao\\\/\"}]}<\/script>\n<!-- \/ Yoast SEO Premium plugin. -->","yoast_head_json":{"title":"Prova comentada Direito Processual Civil Exame OAB XXXIX (39\u00ba)","description":"Prova comentada Direito Processual Civil Exame OAB XXXIX (39\u00ba): Confira AQUI os coment\u00e1rios dos nossos professores e tire suas d\u00favidas!","robots":{"index":"index","follow":"follow","max-snippet":"max-snippet:-1","max-image-preview":"max-image-preview:large","max-video-preview":"max-video-preview:-1"},"canonical":"https:\/\/oab.estrategia.com\/portal\/prova-comentada-direito-processual-civil-exame-oab-xxxix-39o\/","og_locale":"pt_BR","og_type":"article","og_title":"Prova comentada Direito Processual Civil Exame OAB XXXIX (39\u00ba)","og_description":"Prova comentada Direito Processual Civil Exame OAB XXXIX (39\u00ba): Confira AQUI os coment\u00e1rios dos nossos professores e tire suas d\u00favidas!","og_url":"https:\/\/oab.estrategia.com\/portal\/prova-comentada-direito-processual-civil-exame-oab-xxxix-39o\/","og_site_name":"Blog - OAB - Estrat\u00e9gia","article_publisher":"https:\/\/www.facebook.com\/estrategiaoab\/","article_published_time":"2023-11-20T17:50:34+00:00","article_modified_time":"2023-11-20T17:50:36+00:00","og_image":[{"width":900,"height":900,"url":"https:\/\/oab.estrategia.com\/portal\/wp-content\/uploads\/2022\/04\/06103601\/oab-icone-2.png","type":"image\/png"}],"author":"Coordena\u00e7\u00e3o","twitter_card":"summary_large_image","twitter_creator":"@estrategiaoab","twitter_site":"@estrategiaoab","twitter_misc":{"Escrito por":"Coordena\u00e7\u00e3o","Est. tempo de leitura":"17 minutos"},"schema":{"@context":"https:\/\/schema.org","@graph":[{"@type":"Article","@id":"https:\/\/oab.estrategia.com\/portal\/prova-comentada-direito-processual-civil-exame-oab-xxxix-39o\/#article","isPartOf":{"@id":"https:\/\/oab.estrategia.com\/portal\/prova-comentada-direito-processual-civil-exame-oab-xxxix-39o\/"},"author":{"name":"Coordena\u00e7\u00e3o","@id":"https:\/\/oab.estrategia.com\/portal\/#\/schema\/person\/9e4f367923f195c7466d88c8e8a86d23"},"headline":"Prova comentada Direito Processual Civil Exame OAB XXXIX (39\u00ba)","datePublished":"2023-11-20T17:50:34+00:00","dateModified":"2023-11-20T17:50:36+00:00","mainEntityOfPage":{"@id":"https:\/\/oab.estrategia.com\/portal\/prova-comentada-direito-processual-civil-exame-oab-xxxix-39o\/"},"wordCount":3257,"commentCount":0,"publisher":{"@id":"https:\/\/oab.estrategia.com\/portal\/#organization"},"articleSection":["Carreira"],"inLanguage":"pt-BR","potentialAction":[{"@type":"CommentAction","name":"Comment","target":["https:\/\/oab.estrategia.com\/portal\/prova-comentada-direito-processual-civil-exame-oab-xxxix-39o\/#respond"]}]},{"@type":"WebPage","@id":"https:\/\/oab.estrategia.com\/portal\/prova-comentada-direito-processual-civil-exame-oab-xxxix-39o\/","url":"https:\/\/oab.estrategia.com\/portal\/prova-comentada-direito-processual-civil-exame-oab-xxxix-39o\/","name":"Prova comentada Direito Processual Civil Exame OAB XXXIX (39\u00ba)","isPartOf":{"@id":"https:\/\/oab.estrategia.com\/portal\/#website"},"datePublished":"2023-11-20T17:50:34+00:00","dateModified":"2023-11-20T17:50:36+00:00","description":"Prova comentada Direito Processual Civil Exame OAB XXXIX (39\u00ba): Confira AQUI os coment\u00e1rios dos nossos professores e tire suas d\u00favidas!","breadcrumb":{"@id":"https:\/\/oab.estrategia.com\/portal\/prova-comentada-direito-processual-civil-exame-oab-xxxix-39o\/#breadcrumb"},"inLanguage":"pt-BR","potentialAction":[{"@type":"ReadAction","target":["https:\/\/oab.estrategia.com\/portal\/prova-comentada-direito-processual-civil-exame-oab-xxxix-39o\/"]}]},{"@type":"BreadcrumbList","@id":"https:\/\/oab.estrategia.com\/portal\/prova-comentada-direito-processual-civil-exame-oab-xxxix-39o\/#breadcrumb","itemListElement":[{"@type":"ListItem","position":1,"name":"In\u00edcio","item":"https:\/\/oab.estrategia.com\/portal\/"},{"@type":"ListItem","position":2,"name":"Prova comentada Direito Processual Civil Exame OAB XXXIX (39\u00ba)"}]},{"@type":"WebSite","@id":"https:\/\/oab.estrategia.com\/portal\/#website","url":"https:\/\/oab.estrategia.com\/portal\/","name":"Blog - OAB - Estrat\u00e9gia","description":"Blog OAB - Estrat\u00e9gia Concursos","publisher":{"@id":"https:\/\/oab.estrategia.com\/portal\/#organization"},"potentialAction":[{"@type":"SearchAction","target":{"@type":"EntryPoint","urlTemplate":"https:\/\/oab.estrategia.com\/portal\/?s={search_term_string}"},"query-input":{"@type":"PropertyValueSpecification","valueRequired":true,"valueName":"search_term_string"}}],"inLanguage":"pt-BR"},{"@type":"Organization","@id":"https:\/\/oab.estrategia.com\/portal\/#organization","name":"Estrat\u00e9gia Concursos","url":"https:\/\/oab.estrategia.com\/portal\/","logo":{"@type":"ImageObject","inLanguage":"pt-BR","@id":"https:\/\/oab.estrategia.com\/portal\/#\/schema\/logo\/image\/","url":"https:\/\/oab.estrategia.com\/portal\/wp-content\/uploads\/2022\/04\/06103601\/oab-icone-2.png","contentUrl":"https:\/\/oab.estrategia.com\/portal\/wp-content\/uploads\/2022\/04\/06103601\/oab-icone-2.png","width":900,"height":900,"caption":"Estrat\u00e9gia Concursos"},"image":{"@id":"https:\/\/oab.estrategia.com\/portal\/#\/schema\/logo\/image\/"},"sameAs":["https:\/\/www.facebook.com\/estrategiaoab\/","https:\/\/x.com\/estrategiaoab","https:\/\/www.instagram.com\/estrategiaoab\/","https:\/\/www.youtube.com\/EstrategiaOAB"]},{"@type":"Person","@id":"https:\/\/oab.estrategia.com\/portal\/#\/schema\/person\/9e4f367923f195c7466d88c8e8a86d23","name":"Coordena\u00e7\u00e3o","image":{"@type":"ImageObject","inLanguage":"pt-BR","@id":"https:\/\/oab.estrategia.com\/portal\/wp-content\/uploads\/2022\/03\/12164805\/estrategia-oab-coordenacao-96x96.png","url":"https:\/\/oab.estrategia.com\/portal\/wp-content\/uploads\/2022\/03\/12164805\/estrategia-oab-coordenacao-96x96.png","contentUrl":"https:\/\/oab.estrategia.com\/portal\/wp-content\/uploads\/2022\/03\/12164805\/estrategia-oab-coordenacao-96x96.png","caption":"Coordena\u00e7\u00e3o"},"description":".","url":"https:\/\/oab.estrategia.com\/portal\/author\/coordenacao\/"}]}},"jetpack_featured_media_url":"","jetpack_sharing_enabled":true,"_links":{"self":[{"href":"https:\/\/oab.estrategia.com\/portal\/wp-json\/wp\/v2\/posts\/9455","targetHints":{"allow":["GET"]}}],"collection":[{"href":"https:\/\/oab.estrategia.com\/portal\/wp-json\/wp\/v2\/posts"}],"about":[{"href":"https:\/\/oab.estrategia.com\/portal\/wp-json\/wp\/v2\/types\/post"}],"author":[{"embeddable":true,"href":"https:\/\/oab.estrategia.com\/portal\/wp-json\/wp\/v2\/users\/12"}],"replies":[{"embeddable":true,"href":"https:\/\/oab.estrategia.com\/portal\/wp-json\/wp\/v2\/comments?post=9455"}],"version-history":[{"count":1,"href":"https:\/\/oab.estrategia.com\/portal\/wp-json\/wp\/v2\/posts\/9455\/revisions"}],"predecessor-version":[{"id":9475,"href":"https:\/\/oab.estrategia.com\/portal\/wp-json\/wp\/v2\/posts\/9455\/revisions\/9475"}],"wp:attachment":[{"href":"https:\/\/oab.estrategia.com\/portal\/wp-json\/wp\/v2\/media?parent=9455"}],"wp:term":[{"taxonomy":"category","embeddable":true,"href":"https:\/\/oab.estrategia.com\/portal\/wp-json\/wp\/v2\/categories?post=9455"},{"taxonomy":"post_tag","embeddable":true,"href":"https:\/\/oab.estrategia.com\/portal\/wp-json\/wp\/v2\/tags?post=9455"}],"curies":[{"name":"wp","href":"https:\/\/api.w.org\/{rel}","templated":true}]}}