{"id":9457,"date":"2023-11-20T14:54:53","date_gmt":"2023-11-20T17:54:53","guid":{"rendered":"https:\/\/oab.estrategia.com\/portal\/?p=9457"},"modified":"2023-11-20T14:54:54","modified_gmt":"2023-11-20T17:54:54","slug":"prova-comentada-direito-penal-exame-oab-xxxix-39o","status":"publish","type":"post","link":"https:\/\/oab.estrategia.com\/portal\/prova-comentada-direito-penal-exame-oab-xxxix-39o\/","title":{"rendered":"Prova comentada Direito Penal Exame OAB XXXIX (39\u00ba)"},"content":{"rendered":"\n<p>Ol\u00e1, futuro Advogado(a), tudo certo?!<\/p>\n\n\n\n<p>Em 19\/11\/2023, foi aplicada a prova da primeira fase do <strong>XXXIX Exame da Ordem dos Advogados do Brasil<\/strong>. Assim que encerrada, nosso time de professores elaborou o gabarito extraoficial e analisou o gabarito oficial da FGV, os quais ser\u00e3o apresentados juntamente com a nossa <strong>PROVA COMENTADA<\/strong>.<\/p>\n\n\n\n<p>Este material visa a auxili\u00e1-los na aferi\u00e7\u00e3o das notas, elabora\u00e7\u00e3o de eventuais recursos, verifica\u00e7\u00e3o das chances de avan\u00e7o para fase discursiva, bem como na revis\u00e3o do conte\u00fado cobrado no certame.<\/p>\n\n\n\n<p>Desde j\u00e1, destacamos que nosso time de professores identificou 3 quest\u00f5es pass\u00edveis de recurso e\/ou anula\u00e7\u00e3o, por apresentarem duas ou nenhuma alternativa inteiramente correta, como veremos adiante. No tipo de prova comentado, trata-se das quest\u00f5es 17, 44, 46.<\/p>\n\n\n\n<p>De modo complementar, elaboramos tamb\u00e9m um caderno para nossos seguidores, alunos ou n\u00e3o, observarem os coment\u00e1rios, e comentarem as quest\u00f5es da prova: Confira <a href=\"https:\/\/oab.estrategia.com\/cadernos-e-simulados\/simulados\/6b528c82-f21a-4443-925e-9ae233598e51\/\">AQUI<\/a><\/p>\n\n\n\n<p>Por fim, voc\u00eas poder\u00e3o acompanhar os eventos e cursos para a fase discursiva, bem como outras novidades envolvendo o Exame de Ordem no nosso canal do Youtube. Inscreva-se e ative as notifica\u00e7\u00f5es<strong>! <\/strong><a href=\"https:\/\/www.youtube.com\/@EstrategiaOAB\"><strong>Estrat\u00e9gia OAB &#8211; YouTube<\/strong><\/a><\/p>\n\n\n\n<p>Para conferir a prova comentada de todas a disciplinas, basta clicar no link abaixo. <\/p>\n\n\n\n<p class=\"has-text-align-center has-background\" style=\"background:linear-gradient(135deg,rgb(254,205,165) 22%,rgb(254,45,45) 96%,rgb(107,0,62) 100%)\"><strong><a href=\"https:\/\/oab.estrategia.com\/portal\/gabarito-extraoficial-oab-xxxix\/\">Gabarito Extraoficial OAB XXXIX (39\u00ba) Exame <\/a><\/strong><\/p>\n\n\n\n<h3 class=\"wp-block-heading\" id=\"h-prova-comentada-direito-penal\"><span id=\"prova-comentada-direito-penal\">Prova comentada Direito Penal<\/span><\/h3>\n\n\n\n<p><strong>QUEST\u00c3O 57. Paulo nasceu em outubro de 1990. Em julho de 2011, Paulo cometeu o delito de homic\u00eddio simples contra um vizinho. O Minist\u00e9rio P\u00fablico ofereceu den\u00fancia no ano de 2022. Sobre a hip\u00f3tese apresentada, assinale a afirmativa correta.&nbsp;<\/strong><\/p>\n\n\n\n<p><strong>a) Ocorreu a prescri\u00e7\u00e3o da pretens\u00e3o punitiva no ano de 2021, pois, no caso de Paulo, a prescri\u00e7\u00e3o \u00e9 reduzida pela metade.&nbsp;<\/strong><\/p>\n\n\n\n<p><strong>b) A prescri\u00e7\u00e3o da pretens\u00e3o punitiva s\u00f3 ocorrer\u00e1 em 20 anos da data dos fatos, ou seja, no ano de 2031.&nbsp;<\/strong><\/p>\n\n\n\n<p><strong>c) Por se tratar de crime hediondo, o prazo prescricional da prescri\u00e7\u00e3o da pretens\u00e3o punitiva \u00e9 acrescido de 1\/3, de forma que a prescri\u00e7\u00e3o ocorrer\u00e1 somente no ano de 2024.&nbsp;<\/strong><\/p>\n\n\n\n<p><strong>d) Por se tratar de crime hediondo, o crime cometido por Paulo \u00e9 imprescrit\u00edvel.<\/strong><\/p>\n\n\n\n<p><strong>Coment\u00e1rios<\/strong><\/p>\n\n\n\n<p>A alternativa correta \u00e9 a <strong>letra A<\/strong>.&nbsp;<\/p>\n\n\n\n<p>A quest\u00e3o aborda conhecimentos sobre prescri\u00e7\u00e3o.&nbsp;<\/p>\n\n\n\n<p>A alternativa A est\u00e1 correta. De acordo com o art. 115, do CP, os prazos prescricionais s\u00e3o reduzidos de metade, quando o agente era, ao tempo do crime, menor de 21 anos. Tendo em vista que a pena m\u00e1xima do crime de homic\u00eddio simples \u00e9 de 20 anos (art. 121, do CP), o prazo prescricional seria de 20 anos, posto que o art. 109, I, do CP, disp\u00f5e que se o m\u00e1ximo da pena for superior a 12 anos, a pena prescrever\u00e1 em 20 anos. Reduzindo esse prazo \u00e0 metade, o crime prescrever\u00e1 em 10 anos. Uma vez que o crime foi cometido em julho de 2011, a prescri\u00e7\u00e3o ocorreu em julho de 2021.&nbsp;<\/p>\n\n\n\n<p>A alternativa B est\u00e1 incorreta. Conforme explicado na alternativa A, o lapso prescricional \u00e9 reduzido \u00e0 metade por ser o agente menor de 21 anos na data do fato (art. 115 do CP).<\/p>\n\n\n\n<p>A alternativa C est\u00e1 incorreta. O homic\u00eddio simples s\u00f3 ser\u00e1 crime hediondo quando praticado em atividade t\u00edpica de grupo de exterm\u00ednio, conforme o art. 1\u00ba, I, da lei n\u00ba 8.072\/90.<\/p>\n\n\n\n<p>A alternativa D est\u00e1 incorreta. O homic\u00eddio simples s\u00f3 ser\u00e1 crime hediondo quando praticado em atividade t\u00edpica de grupo de exterm\u00ednio, conforme o art. 1\u00ba, I, da lei n\u00ba 8.072\/90. Ademais, crimes hediondos n\u00e3o s\u00e3o imprescrit\u00edveis. Na verdade, a CF estabelece a imprescritibilidade apenas para os casos de Racismo (art. 5\u00ba, XLII, da CF) e a\u00e7\u00e3o de grupos armados, civis ou militares, contra a ordem constitucional e o Estado Democr\u00e1tico (art. 5\u00ba, XLIV, da CF).<\/p>\n\n\n\n<p><strong>QUEST\u00c3O 58. Jo\u00e3o completou 20 anos e foi colocado em liberdade, ap\u00f3s cumprir 3 anos de interna\u00e7\u00e3o por medida socioeducativa em raz\u00e3o da pr\u00e1tica de atos infracionais an\u00e1logos a estupro e furto, conforme senten\u00e7a proferida pelo Juizado da Inf\u00e2ncia e da Juventude de sua Comarca.&nbsp;<\/strong><\/p>\n\n\n\n<p><strong>Ao ser solto da unidade de interna\u00e7\u00e3o, foi preso em flagrante pela pr\u00e1tica do crime de roubo, sendo que Jo\u00e3o nunca respondeu por outros crimes.&nbsp;<\/strong><\/p>\n\n\n\n<p><strong>Para os fins deste novo processo, assinale a afirmativa correta:<\/strong><\/p>\n\n\n\n<p><strong>a) Jo\u00e3o \u00e9 prim\u00e1rio e com bons antecedentes, ante a inaptid\u00e3o de atos infracionais serem utilizados como circunst\u00e2ncia judicial, ou induzir reincid\u00eancia.&nbsp;<\/strong><\/p>\n\n\n\n<p><strong>b) Jo\u00e3o \u00e9 reincidente e com maus antecedentes, ante a pluralidade de infra\u00e7\u00f5es pret\u00e9ritas, anteriores aos delitos de roubo.&nbsp;<\/strong><\/p>\n\n\n\n<p><strong>c) Jo\u00e3o \u00e9 tecnicamente prim\u00e1rio, por\u00e9m, com maus antecedentes, sendo este \u00fanico efeito poss\u00edvel gerado pela aplica\u00e7\u00e3o de medidas socioeducativas.&nbsp;<\/strong><\/p>\n\n\n\n<p><strong>d) Jo\u00e3o \u00e9 reincidente ou com maus antecedentes, pois n\u00e3o \u00e9 poss\u00edvel que a reincid\u00eancia seja tamb\u00e9m considerada circunst\u00e2ncia judicial, ainda que se tratem de condena\u00e7\u00f5es distintas.<\/strong><\/p>\n\n\n\n<p><strong>Coment\u00e1rios<\/strong><\/p>\n\n\n\n<p>A alternativa correta \u00e9 a <strong>letra A<\/strong>.<\/p>\n\n\n\n<p>A quest\u00e3o aborda conhecimentos sobre circunst\u00e2ncias judiciais e reincid\u00eancia.<\/p>\n\n\n\n<p>A alternativa A est\u00e1 correta. A 6\u00aa Turma do STJ decidiu, no julgamento do AgInt no REsp 1906504\/SP, que atos infracionais n\u00e3o podem ser considerados como maus antecedentes para fins de aumentar a pena-base, tampouco prestam-se a caracterizar personalidade voltada para a pr\u00e1tica de crimes ou m\u00e1 conduta social. Portanto, Jo\u00e3o \u00e9 prim\u00e1rio e com bons antecedentes, ante a inaptid\u00e3o de atos infracionais serem utilizados como circunst\u00e2ncia judicial, ou induzir reincid\u00eancia.&nbsp;<\/p>\n\n\n\n<p>A alternativa B est\u00e1 incorreta. Conforme coment\u00e1rios da alternativa A.<\/p>\n\n\n\n<p>A alternativa C est\u00e1 incorreta. Conforme coment\u00e1rios da alternativa A.<\/p>\n\n\n\n<p>A alternativa D est\u00e1 incorreta.&nbsp; Conforme coment\u00e1rios da alternativa A.<\/p>\n\n\n\n<p><strong>QUEST\u00c3O 59. Maciel teve sua pris\u00e3o tempor\u00e1ria prolongada sem motivo justo e excepcional\u00edssimo, por decis\u00e3o de Xavier, diretor da unidade prisional em que Maciel estava custodiado. Esgotado o prazo legal para que ele fosse posto em liberdade, Xavier ignorou dolosamente o alvar\u00e1 de soltura por 5 (cinco) dias, com o objetivo de prejudicar Maciel, seu inimigo declarado. Sobre o procedimento de Xavier, assinale a afirmativa correta.<\/strong><\/p>\n\n\n\n<p><strong>a) Ele praticou o crime de corrup\u00e7\u00e3o passiva privilegiada.&nbsp;<\/strong><\/p>\n\n\n\n<p><strong>b) Ele praticou o crime de abuso de autoridade.&nbsp;<\/strong><\/p>\n\n\n\n<p><strong>c) Ele praticou o crime de desobedi\u00eancia.&nbsp;<\/strong><\/p>\n\n\n\n<p><strong>d) N\u00e3o praticou crime algum, tendo em vista que o alvar\u00e1 de soltura foi cumprido.<\/strong><\/p>\n\n\n\n<p><strong>Coment\u00e1rios<\/strong><\/p>\n\n\n\n<p>A alternativa correta \u00e9 a <strong>letra B<\/strong>.<\/p>\n\n\n\n<p>A quest\u00e3o aborda conhecimentos sobre Crimes contra Administra\u00e7\u00e3o P\u00fablica e Abuso de Autoridade.<\/p>\n\n\n\n<p>A alternativa A est\u00e1 incorreta. O crime praticado pelo agente n\u00e3o foi de corrup\u00e7\u00e3o passiva, constante no art. 317, do CP, visto que n\u00e3o solicitou ou recebeu vantagem indevida.<\/p>\n\n\n\n<p>A alternativa B est\u00e1 correta. O caso trata da pr\u00e1tica do crime de abuso de autoridade constante do art. 12, p. \u00fanico, IV, da lei n\u00ba 13.689\/2019, que disp\u00f5e que incorre no tipo penal em quest\u00e3o o agente p\u00fablico que prolonga a execu\u00e7\u00e3o de pris\u00e3o tempor\u00e1ria, deixando, sem motivo justo e excepcional\u00edssimo, de executar o alvar\u00e1 de soltura imediatamente ap\u00f3s recebido ou de promover a soltura do preso quando esgotado o prazo judicial ou legal.<\/p>\n\n\n\n<p>A alternativa C est\u00e1 incorreta. O crime praticado pelo agente n\u00e3o foi de desobedi\u00eancia, constante no art. 330, do CP, visto que este crime s\u00f3 pode ter como sujeito ativo o particular, n\u00e3o funcion\u00e1rio p\u00fablico.<\/p>\n\n\n\n<p>A alternativa D est\u00e1&nbsp;incorreta. O agente praticou o crime do art. 12, p. \u00fanico, IV, da lei n\u00ba 13.689\/2019, uma vez que prolongou injustamente a pris\u00e3o tempor\u00e1ria a que estava submetido pessoa sob sua cust\u00f3dia.<\/p>\n\n\n\n<p><strong>QUEST\u00c3O 60. Pablo (13 anos) e Lu\u00eds (19 anos), amigos de longa data, decidiram cometer suic\u00eddio. Durante todo o per\u00edodo em que conversaram sobre o tema, sempre condicionaram a realiza\u00e7\u00e3o do ato \u00e0 presen\u00e7a de ambos, sendo certo que diariamente um instigava o outro a praticar o ato.&nbsp;<\/strong><\/p>\n\n\n\n<p><strong>No dia combinado, os dois se dirigiram \u00e0 principal ponte da cidade e se posicionaram no v\u00e3o central. Afastados um do outro, apenas se olharam para iniciar a contagem at\u00e9 se jogarem. Os dois pularam ao mesmo tempo.&nbsp;<\/strong><\/p>\n\n\n\n<p><strong>Apesar de a altura ser a mesma, Pablo ficou em coma por 90 dias no hospital e ao retornar teve diagnosticada a sua tetraplegia, perdendo completamente os movimentos dos bra\u00e7os e das pernas. Lu\u00eds, por sua vez, sofreu apenas algumas escoria\u00e7\u00f5es. Sobre a participa\u00e7\u00e3o de Lu\u00eds no caso narrado, assinale a afirmativa correta, conforme expressa previs\u00e3o legal.&nbsp;<\/strong><\/p>\n\n\n\n<p><strong>a) Dever\u00e1 responder pelo crime de instiga\u00e7\u00e3o ao suic\u00eddio qualificado pelo resultado morte.&nbsp;<\/strong><\/p>\n\n\n\n<p><strong>b) Ser\u00e1 responsabilizado nas penas do crime de les\u00e3o corporal grav\u00edssima.&nbsp;<\/strong><\/p>\n\n\n\n<p><strong>c) Incidiu na conduta de tentativa de instiga\u00e7\u00e3o ao suic\u00eddio.&nbsp;<\/strong><\/p>\n\n\n\n<p><strong>d) N\u00e3o ser\u00e1 responsabilizado, porque ser\u00e1 beneficiado pelo&nbsp;instituto do perd\u00e3o judicial, independentemente de as consequ\u00eancias da infra\u00e7\u00e3o o terem atingido de forma grave.<\/strong><\/p>\n\n\n\n<p><strong>Coment\u00e1rios<\/strong><\/p>\n\n\n\n<p>A alternativa correta \u00e9 a <strong>letra B<\/strong>.<\/p>\n\n\n\n<p>A quest\u00e3o aborda conhecimentos sobre o tipo penal de induzimento, instiga\u00e7\u00e3o ou aux\u00edlio a suic\u00eddio ou a automutila\u00e7\u00e3o.<\/p>\n\n\n\n<p>A alternativa A est\u00e1 incorreta. Conforme coment\u00e1rios da alternativa B.<\/p>\n\n\n\n<p>A alternativa B est\u00e1 correta. No caso apresentado, Lu\u00eds, pessoa maior de idade, instigou Pablo, pessoa menor de 14 anos, a cometar suic\u00eddio, crime previsto no artigo 122 do C\u00f3digo Penal.<\/p>\n\n\n\n<p>Nestes termos, considerando que Pablo \u00e9 menor de 14 anos e da a\u00e7\u00e3o deste resultou uma les\u00e3o grav\u00edssima, em raz\u00e3o da tetraplegia, a qual gera a perda completa dos movimentos dos bra\u00e7os e das pernas, Lu\u00eds responder\u00e1 pela pena qualificada do artigo 122 do CP, a qual remete \u00e0s penas da les\u00e3o corporal grav\u00edssima (art. 129, \u00a72\u00ba, do CP), \u00e0 luz do disposto no artigo 122, \u00a76\u00ba, do CP:&nbsp;<\/p>\n\n\n\n<p>\u201cArt. 122 (&#8230;) \u00a7 6\u00ba Se o crime de que trata o \u00a7 1\u00ba deste artigo resulta em les\u00e3o corporal de natureza grav\u00edssima e \u00e9 cometido contra menor de 14 (quatorze) anos ou contra quem, por enfermidade ou defici\u00eancia mental, n\u00e3o tem o necess\u00e1rio discernimento para a pr\u00e1tica do ato, ou que, por qualquer outra causa, n\u00e3o pode oferecer resist\u00eancia, responde o agente pelo crime descrito no \u00a7 2\u00ba do art. 129 deste C\u00f3digo.\u201d&nbsp;&nbsp;<\/p>\n\n\n\n<p>A alternativa C est\u00e1 incorreta. Conforme coment\u00e1rios da alternativa B.<\/p>\n\n\n\n<p>A alternativa D est\u00e1 incorreta. Conforme coment\u00e1rios da alternativa B.<\/p>\n\n\n\n<p><strong>QUEST\u00c3O 61. Paulo estava desempregado, precisando de dinheiro, quando, dentro do metr\u00f4, avistou uma mulher com a bolsa entreaberta e a carteira 3 mostra. Paulo decidiu pegar a carteira, sem que ningu\u00e9m visse. Durante a empreitada criminosa, Paulo inseriu a m\u00e3o na bolsa da mulher e segurou a carteira. Por\u00e9m, com crise de consci\u00eancia, Paulo decidiu por livre e espont\u00e2nea vontade n\u00e3o prosseguir na empreitada criminosa.&nbsp;<\/strong><\/p>\n\n\n\n<p><strong>Diante dos fatos narrados, \u00e9 correto afirmar que Paulo deve ser beneficiado pelo instituto do(a):&nbsp;<\/strong><\/p>\n\n\n\n<p><strong>a) arrependimento posterior.&nbsp;<\/strong><\/p>\n\n\n\n<p><strong>b) desist\u00eancia volunt\u00e1ria.&nbsp;<\/strong><\/p>\n\n\n\n<p><strong>c) tentativa.&nbsp;<\/strong><\/p>\n\n\n\n<p><strong>d) arrependimento eficaz.<\/strong><\/p>\n\n\n\n<p><strong>Coment\u00e1rios<\/strong><\/p>\n\n\n\n<p>A alternativa correta \u00e9 a <strong>letra B<\/strong>.<\/p>\n\n\n\n<p>A quest\u00e3o aborda conhecimentos sobre <em>iter criminis<\/em>.<\/p>\n\n\n\n<p>A alternativa A est\u00e1 incorreta. Inicialmente, deve-se considerar que a jurisprud\u00eancia entende consumado o delito de furto \u201ccom a posse de fato da <em>res furtiva<\/em>, ainda que por breve espa\u00e7o de tempo e seguida de persegui\u00e7\u00e3o ao agente, sendo prescind\u00edvel a posse mansa e pac\u00edfica ou desvigiada. (REsp 1.524.450\/RJ- Tema 934)\u201d. Adotou-se, portanto, a teoria <em>apprehensio<\/em> ou <em>amotio<\/em>.<\/p>\n\n\n\n<p>No caso apresentado, o agente n\u00e3o chegou a retirar a carteira da bolsa da v\u00edtima, mas apenas tocou nesta, logo, nunca teve a posse de fato. Sendo assim, houve, na verdade, uma desist\u00eancia de prosseguir na execu\u00e7\u00e3o.&nbsp;<\/p>\n\n\n\n<p>Portanto, n\u00e3o \u00e9 poss\u00edvel afirmar a ocorr\u00eancia do Arrependimento posterior, o qual est\u00e1 previsto no artigo 16 do CP, na qual se estabelece uma causa gen\u00e9rica de diminui\u00e7\u00e3o de pena, nos seguintes termos: \u201cnos crimes cometidos sem viol\u00eancia ou grave amea\u00e7a \u00e0 pessoa, reparado o dano ou restitu\u00edda a coisa, at\u00e9 o recebimento da den\u00fancia ou da queixa, por ato volunt\u00e1rio do agente, a pena ser\u00e1 reduzida de um a dois ter\u00e7os\u201d.<\/p>\n\n\n\n<p>Diferentemente da tentativa, da desist\u00eancia volunt\u00e1ria e do arrependimento eficaz, o arrependimento posterior pressup\u00f5e a consuma\u00e7\u00e3o do crime, a qual n\u00e3o foi verificada no caso apresentado.&nbsp;<\/p>\n\n\n\n<p>A alternativa B est\u00e1 correta. Como afirmado na alternativa A, a jurisprud\u00eancia adota a teoria <em>amotio<\/em> para consuma\u00e7\u00e3o do delito de furto, de modo que n\u00e3o houve a consuma\u00e7\u00e3o no caso apresentado.<\/p>\n\n\n\n<p>Desta forma, \u00e9 poss\u00edvel a incid\u00eancia da desist\u00eancia volunt\u00e1ria, trazida no artigo 15 do CP, e que se caracteriza pela aus\u00eancia de consuma\u00e7\u00e3o do crime por uma a\u00e7\u00e3o volunt\u00e1ria do agente, o qual, no decorrer da execu\u00e7\u00e3o, desiste de prosseguir. Tal a\u00e7\u00e3o permite que o agente responda apenas pelos atos j\u00e1 praticados, afastando a tipicidade da tentativa do crime inicialmente desejado.&nbsp;<\/p>\n\n\n\n<p>A alternativa C est\u00e1 incorreta. Conforme coment\u00e1rios das alternativas A e B, no caso apresentado houve uma desist\u00eancia volunt\u00e1ria, o que n\u00e3o se coaduna com a tentativa, a qual pressup\u00f5e a n\u00e3o consuma\u00e7\u00e3o do tipo por circunst\u00e2ncias alheias \u00e0 vontade do agente, \u00e0 luz do artigo 14, II, do CP.<\/p>\n\n\n\n<p>A alternativa D est\u00e1 incorreta. Conforme coment\u00e1rios das alternativas A e B, no caso narrado, o agente n\u00e3o alcan\u00e7ou o final da execu\u00e7\u00e3o da empreitada criminosa, mas desistiu de prosseguir no curso desta. Tal fato diferencia a desist\u00eancia volunt\u00e1ria do arrependimento eficaz, pois este \u00faltimo, tamb\u00e9m previsto no artigo 15 do CP, pressup\u00f5e a conclus\u00e3o da fase execut\u00f3ria, atuando o agente para impedir o resultado.<\/p>\n\n\n\n<p><strong>QUEST\u00c3O 62. Caio, lutador de MMA, estava na praia quando viu uma senhora ser agredida por um terceiro. Caio foi em dire\u00e7\u00e3o ao agressor e tentou persuadi-lo a parar com as agress\u00f5es, mas o agressor n\u00e3o deu ouvidos e continuou a agredir a senhora. Dessa forma, Caio n\u00e3o viu outra alternativa a n\u00e3o ser desferir um soco no agressor para afast\u00e1-lo da senhora e imobiliz\u00e1-lo em seguida, at\u00e9 a chegada da pol\u00edcia.&nbsp;<\/strong><\/p>\n\n\n\n<p><strong>Diante do exposto, a conduta de Caio pode ser beneficiada pela exclus\u00e3o da:&nbsp;<\/strong><\/p>\n\n\n\n<p><strong>a) tipicidade em raz\u00e3o da coa\u00e7\u00e3o f\u00edsica irresist\u00edvel.&nbsp;<\/strong><\/p>\n\n\n\n<p><strong>b) culpabilidade em raz\u00e3o da coa\u00e7\u00e3o moral irresist\u00edvel.&nbsp;<\/strong><\/p>\n\n\n\n<p><strong>c) ilicitude em raz\u00e3o do exerc\u00edcio regular de um direito.&nbsp;<\/strong><\/p>\n\n\n\n<p><strong>d) ilicitude por leg\u00edtima defesa.<\/strong><\/p>\n\n\n\n<p><strong>Coment\u00e1rios<\/strong><\/p>\n\n\n\n<p>A alternativa correta \u00e9 a <strong>letra D<\/strong>.<\/p>\n\n\n\n<p>A quest\u00e3o aborda conhecimentos sobre excludentes de tipicidade, ilicitude e culpabilidade.<\/p>\n\n\n\n<p>A alternativa A est\u00e1 incorreta. A coa\u00e7\u00e3o f\u00edsica irresist\u00edvel \u00e9 causa que exclui a tipicidade uma vez que elimina por completo a vontade do agente coagido. Sendo assim, a vontade do coagido n\u00e3o \u00e9 apenas viciada, mas suprimida, de modo que ele passa a ser um mero instrumento do coautor, excluindo a conduta do coagido.<\/p>\n\n\n\n<p>No caso apresentado, Caio n\u00e3o estava atuando sob coa\u00e7\u00e3o f\u00edsica.<\/p>\n\n\n\n<p>A alternativa B est\u00e1 incorreta. A coa\u00e7\u00e3o moral irresist\u00edvel \u00e9 causa excludente da culpabilidade em raz\u00e3o da inexigibilidade de conduta diversa por parte do sujeito, a qual est\u00e1 prevista expressamente no art. 22 do CP. Nestes casos, o CP prev\u00ea que \u201cs\u00f3 \u00e9 pun\u00edvel o autor da coa\u00e7\u00e3o ou da ordem\u201d.<\/p>\n\n\n\n<p>No caso apresentado, Caio n\u00e3o estava atuando influenciado por qualquer coa\u00e7\u00e3o.<\/p>\n\n\n\n<p>A alternativa C est\u00e1 incorreta. O exerc\u00edcio regular do direito est\u00e1 previsto no artigo 23,III, do CP como uma causa de exclus\u00e3o da ilicitude, a qual se fundamenta no fato de que, se o ordenamento prev\u00ea que o agente pode atuar, n\u00e3o \u00e9 poss\u00edvel que tal a\u00e7\u00e3o seja, ao mesmo tempo, incriminada. T\u00edpico exemplo doutrin\u00e1rio s\u00e3o as les\u00f5es corporais geradas em uma luta de boxe. Em tese, causar les\u00f5es corporais em outra pessoa \u00e9 fato tipificado no artigo 129 do CP, todavia, no caso das lutas de boxe, h\u00e1 autoriza\u00e7\u00e3o para tanto, de modo que os fatos n\u00e3o s\u00e3o il\u00edcitos.<\/p>\n\n\n\n<p>No caso apresentado, Caio n\u00e3o estava em uma luta de MMA, embora seja atleta deste esporte, logo, sua conduta n\u00e3o se amolda ao artigo 23,III, do CP.<\/p>\n\n\n\n<p>A alternativa D est\u00e1 correta. A leg\u00edtima defesa \u00e9 causa que exclui a ilicitude e est\u00e1 prevista no artigo 23,II, do CP, bem como definida legalmente no artigo 25 do mesmo diploma, se caracterizando pela atua\u00e7\u00e3o que, \u201cusando moderadamente dos meios necess\u00e1rios, repele injusta agress\u00e3o, atual ou iminente, a direito seu ou de outrem\u201d.<\/p>\n\n\n\n<p>Percebe-se que o C\u00f3digo Penal autoriza a leg\u00edtima defesa tanto na prote\u00e7\u00e3o de direito pr\u00f3prio como de terceiro. No caso apresentado, Caio atuou, de forma moderada e com os meios necess\u00e1rios, na defesa de interesse de terceiro, sendo sua conduta abrangida por esta excludente de ilicitude.<\/p>\n\n\n\n<h2 id=\"confira-as-possibilidades-de-recursos\" class=\"wp-block-heading has-text-align-center has-very-light-gray-to-cyan-bluish-gray-gradient-background has-background\"><strong><mark style=\"background-color:rgba(0, 0, 0, 0)\" class=\"has-inline-color has-vivid-red-color\">Confira as possibilidades de Recursos<\/mark><\/strong><\/h2>\n\n\n\n<h2 class=\"wp-block-heading has-text-align-center\" id=\"quer-saber-mais-sobre-o-exame-de-ordem-xxxiv\"><span id=\"quer-saber-mais-sobre-o-exame-de-ordem-xxxix-39o-exame\">Quer saber mais sobre o Exame de Ordem XXXIX (39\u00ba) Exame? <\/span><\/h2>\n\n\n\n<p class=\"has-text-align-center has-background has-medium-font-size\" style=\"background-color:#f78da87d\"><a href=\"https:\/\/oab.estrategia.com\/portal\/prova-oab\/\" target=\"_blank\" ><strong>Prova OAB<\/strong><\/a><\/p>\n\n\n\n<h2 class=\"wp-block-heading has-text-align-center\" id=\"grupo-de-telegram-para-a-oab\">Grupo de Telegram para a OAB<\/h2>\n\n\n\n<p class=\"has-text-align-center has-very-light-gray-background-color has-background\" style=\"font-size:25px\"><a href=\"http:\/\/bit.ly\/TelegramOAB\" target=\"_blank\" ><strong>Inscreva-se no nosso grupo do Telegram<\/strong><\/a><\/p>\n\n\n\n<h2 class=\"wp-block-heading has-text-align-center\" id=\"nossas-redes-sociais\">Nossas redes sociais<\/h2>\n\n\n\n<p class=\"has-text-align-center has-very-light-gray-background-color has-background\" style=\"font-size:22px\"><a  href=\"https:\/\/www.instagram.com\/estrategiaoab\/\" target=\"_blank\"><strong>Instagram Estrat\u00e9gia OAB<\/strong><\/a><\/p>\n\n\n\n<p class=\"has-text-align-center has-very-light-gray-background-color has-background\" style=\"font-size:22px\"><a href=\"https:\/\/www.youtube.com\/channel\/UC7rgrKTSF5aOrBGWOw60ovw\" target=\"_blank\" ><strong>YouTube do Estrat\u00e9gia OAB<\/strong><\/a><\/p>\n\n\n\n\n\n<div class=\"wp-block-cover\" style=\"min-height:147px;aspect-ratio:unset;\"><img decoding=\"async\" width=\"1024\" height=\"190\" class=\"wp-block-cover__image-background wp-image-963\" alt=\"1\u00aa fase do exame de ordem oab curso\" src=\"https:\/\/oab.estrategia.com\/portal\/wp-content\/uploads\/2022\/06\/20153604\/assinatura-curso-oab-primeira-fase-1024x190.jpg\" style=\"object-position:58% 29%\" data-object-fit=\"cover\" data-object-position=\"58% 29%\" srcset=\"https:\/\/oab.estrategia.com\/portal\/wp-content\/uploads\/2022\/06\/20153604\/assinatura-curso-oab-primeira-fase-1024x190.jpg 1024w, https:\/\/oab.estrategia.com\/portal\/wp-content\/uploads\/2022\/06\/20153604\/assinatura-curso-oab-primeira-fase-300x56.jpg 300w, https:\/\/oab.estrategia.com\/portal\/wp-content\/uploads\/2022\/06\/20153604\/assinatura-curso-oab-primeira-fase-768x143.jpg 768w, https:\/\/oab.estrategia.com\/portal\/wp-content\/uploads\/2022\/06\/20153604\/assinatura-curso-oab-primeira-fase-1536x285.jpg 1536w, https:\/\/oab.estrategia.com\/portal\/wp-content\/uploads\/2022\/06\/20153604\/assinatura-curso-oab-primeira-fase-380x71.jpg 380w, https:\/\/oab.estrategia.com\/portal\/wp-content\/uploads\/2022\/06\/20153604\/assinatura-curso-oab-primeira-fase-800x149.jpg 800w, https:\/\/oab.estrategia.com\/portal\/wp-content\/uploads\/2022\/06\/20153604\/assinatura-curso-oab-primeira-fase-1160x215.jpg 1160w, https:\/\/oab.estrategia.com\/portal\/wp-content\/uploads\/2022\/06\/20153604\/assinatura-curso-oab-primeira-fase.jpg 1890w\" sizes=\"(max-width: 1024px) 100vw, 1024px\" \/><span aria-hidden=\"true\" class=\"wp-block-cover__background has-background-dim\"><\/span><div class=\"wp-block-cover__inner-container is-layout-flow wp-block-cover-is-layout-flow\">\n<h3 id=\"curso-para-a-1a-fase-da-oab\" class=\"titulo-assinatura\">Curso para a 1\u00aa Fase da OAB<\/h3>\n<p class=\"subtitulo-assinatura\" style=\"display:block!important; line-height: 0;\">Conhe\u00e7a os cursos!<\/p>\n<a target=\"_blank\" href=\"https:\/\/oab.estrategia.com\/concurso\/primeira-fase-46-exame\" rel=\"noopener\"><button style=\"border-radius: 10px; text-transform: capitalize;\">Acessar<\/button><\/a>\n<\/div><\/div>\n\n\n\n<div class=\"wp-block-group\"><div class=\"wp-block-group__inner-container is-layout-constrained wp-block-group-is-layout-constrained\">\n<div class=\"wp-block-cover\" style=\"min-height:84px;aspect-ratio:unset;\"><img decoding=\"async\" width=\"1160\" height=\"215\" class=\"wp-block-cover__image-background wp-image-15434\" alt=\"\" src=\"https:\/\/oab.estrategia.com\/portal\/wp-content\/uploads\/2025\/01\/31012626\/Banner-curso-de-ingles-no-seu-ritmo-vermelho-e-azul-moderno-1160-x-215-px.png\" style=\"object-position:100% 28%\" data-object-fit=\"cover\" data-object-position=\"100% 28%\" srcset=\"https:\/\/oab.estrategia.com\/portal\/wp-content\/uploads\/2025\/01\/31012626\/Banner-curso-de-ingles-no-seu-ritmo-vermelho-e-azul-moderno-1160-x-215-px.png 1160w, https:\/\/oab.estrategia.com\/portal\/wp-content\/uploads\/2025\/01\/31012626\/Banner-curso-de-ingles-no-seu-ritmo-vermelho-e-azul-moderno-1160-x-215-px-300x56.png 300w, https:\/\/oab.estrategia.com\/portal\/wp-content\/uploads\/2025\/01\/31012626\/Banner-curso-de-ingles-no-seu-ritmo-vermelho-e-azul-moderno-1160-x-215-px-1024x190.png 1024w, https:\/\/oab.estrategia.com\/portal\/wp-content\/uploads\/2025\/01\/31012626\/Banner-curso-de-ingles-no-seu-ritmo-vermelho-e-azul-moderno-1160-x-215-px-768x142.png 768w, https:\/\/oab.estrategia.com\/portal\/wp-content\/uploads\/2025\/01\/31012626\/Banner-curso-de-ingles-no-seu-ritmo-vermelho-e-azul-moderno-1160-x-215-px-380x70.png 380w, https:\/\/oab.estrategia.com\/portal\/wp-content\/uploads\/2025\/01\/31012626\/Banner-curso-de-ingles-no-seu-ritmo-vermelho-e-azul-moderno-1160-x-215-px-800x148.png 800w, https:\/\/oab.estrategia.com\/portal\/wp-content\/uploads\/2025\/01\/31012626\/Banner-curso-de-ingles-no-seu-ritmo-vermelho-e-azul-moderno-1160-x-215-px-150x28.png 150w\" sizes=\"(max-width: 1160px) 100vw, 1160px\" \/><span aria-hidden=\"true\" class=\"wp-block-cover__background has-background-dim\"><\/span><div class=\"wp-block-cover__inner-container is-layout-flow wp-block-cover-is-layout-flow\">\n<h3 id=\"cursos-para-a-2a-fase-da-oab\" class=\"titulo-assinatura\">Cursos para a 2\u00aa Fase da OAB<\/h3>\n<p class=\"subtitulo-assinatura\" style=\"display:block!important; line-height: 0;\">Conhe\u00e7a os cursos!<\/p>\n<a target=\"_blank\" href=\"https:\/\/oab.estrategia.com\/concursos\/cursos\/segunda-fase-oab\" rel=\"noopener\"><button style=\"border-radius: 10px; text-transform: capitalize;\">Acessar<\/button><\/a>\n<\/div><\/div>\n<\/div><\/div>\n\n\n\n<p><strong>Leia tamb\u00e9m:<\/strong><\/p>\n\n\n\n<ul class=\"wp-block-yoast-seo-related-links\"><li><a href=\"https:\/\/oab.estrategia.com\/portal\/ordem-das-questoes-na-oab\/\" target=\"_blank\" >Ordem das quest\u00f5es na prova da OAB<\/a><\/li><li><a href=\"https:\/\/oab.estrategia.com\/portal\/os-assuntos-mais-cobrados-na-oab\/\">Os assuntos mais cobrados na OAB: Saiba quais s\u00e3o!<\/a><\/li><li><a href=\"https:\/\/oab.estrategia.com\/portal\/melhor-curso-oab\/\">Melhor Curso para OAB: conhe\u00e7a a melhor ferramenta de estudos<\/a><\/li><li><a href=\"https:\/\/oab.estrategia.com\/portal\/como-funciona-a-prova-da-oab-primeira-fase\/\">Saiba como funciona a prova da OAB 1\u00aa fase<\/a><\/li><\/ul>\n","protected":false},"excerpt":{"rendered":"Ol\u00e1, futuro Advogado(a), tudo certo?! Em 19\/11\/2023, foi aplicada a prova da primeira fase do XXXIX Exame da&hellip;\n","protected":false},"author":12,"featured_media":0,"comment_status":"open","ping_status":"open","sticky":false,"template":"","format":"standard","meta":{"_jetpack_memberships_contains_paid_content":false,"footnotes":""},"categories":[1],"tags":[],"class_list":{"0":"post-9457","1":"post","2":"type-post","3":"status-publish","4":"format-standard","6":"category-carreira"},"acf":[],"yoast_head":"<!-- This site is optimized with the Yoast SEO Premium plugin v26.2 (Yoast SEO v27.4) - https:\/\/yoast.com\/product\/yoast-seo-premium-wordpress\/ -->\n<title>Prova comentada Direito Penal Exame OAB XXXIX (39\u00ba)<\/title>\n<meta name=\"description\" content=\"Prova comentada Direito Penal Exame OAB XXXIX (39\u00ba): Confira AQUI os coment\u00e1rios dos nossos professores e tire suas d\u00favidas!\" \/>\n<meta name=\"robots\" content=\"index, follow, max-snippet:-1, max-image-preview:large, max-video-preview:-1\" \/>\n<link rel=\"canonical\" href=\"https:\/\/oab.estrategia.com\/portal\/prova-comentada-direito-penal-exame-oab-xxxix-39o\/\" \/>\n<meta property=\"og:locale\" content=\"pt_BR\" \/>\n<meta property=\"og:type\" content=\"article\" \/>\n<meta property=\"og:title\" content=\"Prova comentada Direito Penal Exame OAB XXXIX (39\u00ba)\" \/>\n<meta property=\"og:description\" content=\"Prova comentada Direito Penal Exame OAB XXXIX (39\u00ba): Confira AQUI os coment\u00e1rios dos nossos professores e tire suas d\u00favidas!\" \/>\n<meta property=\"og:url\" content=\"https:\/\/oab.estrategia.com\/portal\/prova-comentada-direito-penal-exame-oab-xxxix-39o\/\" \/>\n<meta property=\"og:site_name\" content=\"Blog - OAB - Estrat\u00e9gia\" \/>\n<meta property=\"article:publisher\" content=\"https:\/\/www.facebook.com\/estrategiaoab\/\" \/>\n<meta property=\"article:published_time\" content=\"2023-11-20T17:54:53+00:00\" \/>\n<meta property=\"article:modified_time\" content=\"2023-11-20T17:54:54+00:00\" \/>\n<meta property=\"og:image\" content=\"https:\/\/oab.estrategia.com\/portal\/wp-content\/uploads\/2022\/04\/06103601\/oab-icone-2.png\" \/>\n\t<meta property=\"og:image:width\" content=\"900\" \/>\n\t<meta property=\"og:image:height\" content=\"900\" \/>\n\t<meta property=\"og:image:type\" content=\"image\/png\" \/>\n<meta name=\"author\" content=\"Coordena\u00e7\u00e3o\" \/>\n<meta name=\"twitter:card\" content=\"summary_large_image\" \/>\n<meta name=\"twitter:creator\" content=\"@estrategiaoab\" \/>\n<meta name=\"twitter:site\" content=\"@estrategiaoab\" \/>\n<meta name=\"twitter:label1\" content=\"Escrito por\" \/>\n\t<meta name=\"twitter:data1\" content=\"Coordena\u00e7\u00e3o\" \/>\n\t<meta name=\"twitter:label2\" content=\"Est. tempo de leitura\" \/>\n\t<meta name=\"twitter:data2\" content=\"15 minutos\" \/>\n<script type=\"application\/ld+json\" class=\"yoast-schema-graph\">{\"@context\":\"https:\\\/\\\/schema.org\",\"@graph\":[{\"@type\":\"Article\",\"@id\":\"https:\\\/\\\/oab.estrategia.com\\\/portal\\\/prova-comentada-direito-penal-exame-oab-xxxix-39o\\\/#article\",\"isPartOf\":{\"@id\":\"https:\\\/\\\/oab.estrategia.com\\\/portal\\\/prova-comentada-direito-penal-exame-oab-xxxix-39o\\\/\"},\"author\":{\"name\":\"Coordena\u00e7\u00e3o\",\"@id\":\"https:\\\/\\\/oab.estrategia.com\\\/portal\\\/#\\\/schema\\\/person\\\/9e4f367923f195c7466d88c8e8a86d23\"},\"headline\":\"Prova comentada Direito Penal Exame OAB XXXIX (39\u00ba)\",\"datePublished\":\"2023-11-20T17:54:53+00:00\",\"dateModified\":\"2023-11-20T17:54:54+00:00\",\"mainEntityOfPage\":{\"@id\":\"https:\\\/\\\/oab.estrategia.com\\\/portal\\\/prova-comentada-direito-penal-exame-oab-xxxix-39o\\\/\"},\"wordCount\":2941,\"commentCount\":0,\"publisher\":{\"@id\":\"https:\\\/\\\/oab.estrategia.com\\\/portal\\\/#organization\"},\"articleSection\":[\"Carreira\"],\"inLanguage\":\"pt-BR\",\"potentialAction\":[{\"@type\":\"CommentAction\",\"name\":\"Comment\",\"target\":[\"https:\\\/\\\/oab.estrategia.com\\\/portal\\\/prova-comentada-direito-penal-exame-oab-xxxix-39o\\\/#respond\"]}]},{\"@type\":\"WebPage\",\"@id\":\"https:\\\/\\\/oab.estrategia.com\\\/portal\\\/prova-comentada-direito-penal-exame-oab-xxxix-39o\\\/\",\"url\":\"https:\\\/\\\/oab.estrategia.com\\\/portal\\\/prova-comentada-direito-penal-exame-oab-xxxix-39o\\\/\",\"name\":\"Prova comentada Direito Penal Exame OAB XXXIX (39\u00ba)\",\"isPartOf\":{\"@id\":\"https:\\\/\\\/oab.estrategia.com\\\/portal\\\/#website\"},\"datePublished\":\"2023-11-20T17:54:53+00:00\",\"dateModified\":\"2023-11-20T17:54:54+00:00\",\"description\":\"Prova comentada Direito Penal Exame OAB XXXIX (39\u00ba): Confira AQUI os coment\u00e1rios dos nossos professores e tire suas d\u00favidas!\",\"breadcrumb\":{\"@id\":\"https:\\\/\\\/oab.estrategia.com\\\/portal\\\/prova-comentada-direito-penal-exame-oab-xxxix-39o\\\/#breadcrumb\"},\"inLanguage\":\"pt-BR\",\"potentialAction\":[{\"@type\":\"ReadAction\",\"target\":[\"https:\\\/\\\/oab.estrategia.com\\\/portal\\\/prova-comentada-direito-penal-exame-oab-xxxix-39o\\\/\"]}]},{\"@type\":\"BreadcrumbList\",\"@id\":\"https:\\\/\\\/oab.estrategia.com\\\/portal\\\/prova-comentada-direito-penal-exame-oab-xxxix-39o\\\/#breadcrumb\",\"itemListElement\":[{\"@type\":\"ListItem\",\"position\":1,\"name\":\"In\u00edcio\",\"item\":\"https:\\\/\\\/oab.estrategia.com\\\/portal\\\/\"},{\"@type\":\"ListItem\",\"position\":2,\"name\":\"Prova comentada Direito Penal Exame OAB XXXIX (39\u00ba)\"}]},{\"@type\":\"WebSite\",\"@id\":\"https:\\\/\\\/oab.estrategia.com\\\/portal\\\/#website\",\"url\":\"https:\\\/\\\/oab.estrategia.com\\\/portal\\\/\",\"name\":\"Blog - OAB - Estrat\u00e9gia\",\"description\":\"Blog OAB - Estrat\u00e9gia Concursos\",\"publisher\":{\"@id\":\"https:\\\/\\\/oab.estrategia.com\\\/portal\\\/#organization\"},\"potentialAction\":[{\"@type\":\"SearchAction\",\"target\":{\"@type\":\"EntryPoint\",\"urlTemplate\":\"https:\\\/\\\/oab.estrategia.com\\\/portal\\\/?s={search_term_string}\"},\"query-input\":{\"@type\":\"PropertyValueSpecification\",\"valueRequired\":true,\"valueName\":\"search_term_string\"}}],\"inLanguage\":\"pt-BR\"},{\"@type\":\"Organization\",\"@id\":\"https:\\\/\\\/oab.estrategia.com\\\/portal\\\/#organization\",\"name\":\"Estrat\u00e9gia Concursos\",\"url\":\"https:\\\/\\\/oab.estrategia.com\\\/portal\\\/\",\"logo\":{\"@type\":\"ImageObject\",\"inLanguage\":\"pt-BR\",\"@id\":\"https:\\\/\\\/oab.estrategia.com\\\/portal\\\/#\\\/schema\\\/logo\\\/image\\\/\",\"url\":\"https:\\\/\\\/oab.estrategia.com\\\/portal\\\/wp-content\\\/uploads\\\/2022\\\/04\\\/06103601\\\/oab-icone-2.png\",\"contentUrl\":\"https:\\\/\\\/oab.estrategia.com\\\/portal\\\/wp-content\\\/uploads\\\/2022\\\/04\\\/06103601\\\/oab-icone-2.png\",\"width\":900,\"height\":900,\"caption\":\"Estrat\u00e9gia Concursos\"},\"image\":{\"@id\":\"https:\\\/\\\/oab.estrategia.com\\\/portal\\\/#\\\/schema\\\/logo\\\/image\\\/\"},\"sameAs\":[\"https:\\\/\\\/www.facebook.com\\\/estrategiaoab\\\/\",\"https:\\\/\\\/x.com\\\/estrategiaoab\",\"https:\\\/\\\/www.instagram.com\\\/estrategiaoab\\\/\",\"https:\\\/\\\/www.youtube.com\\\/EstrategiaOAB\"]},{\"@type\":\"Person\",\"@id\":\"https:\\\/\\\/oab.estrategia.com\\\/portal\\\/#\\\/schema\\\/person\\\/9e4f367923f195c7466d88c8e8a86d23\",\"name\":\"Coordena\u00e7\u00e3o\",\"image\":{\"@type\":\"ImageObject\",\"inLanguage\":\"pt-BR\",\"@id\":\"https:\\\/\\\/oab.estrategia.com\\\/portal\\\/wp-content\\\/uploads\\\/2022\\\/03\\\/12164805\\\/estrategia-oab-coordenacao-96x96.png\",\"url\":\"https:\\\/\\\/oab.estrategia.com\\\/portal\\\/wp-content\\\/uploads\\\/2022\\\/03\\\/12164805\\\/estrategia-oab-coordenacao-96x96.png\",\"contentUrl\":\"https:\\\/\\\/oab.estrategia.com\\\/portal\\\/wp-content\\\/uploads\\\/2022\\\/03\\\/12164805\\\/estrategia-oab-coordenacao-96x96.png\",\"caption\":\"Coordena\u00e7\u00e3o\"},\"description\":\".\",\"url\":\"https:\\\/\\\/oab.estrategia.com\\\/portal\\\/author\\\/coordenacao\\\/\"}]}<\/script>\n<!-- \/ Yoast SEO Premium plugin. -->","yoast_head_json":{"title":"Prova comentada Direito Penal Exame OAB XXXIX (39\u00ba)","description":"Prova comentada Direito Penal Exame OAB XXXIX (39\u00ba): Confira AQUI os coment\u00e1rios dos nossos professores e tire suas d\u00favidas!","robots":{"index":"index","follow":"follow","max-snippet":"max-snippet:-1","max-image-preview":"max-image-preview:large","max-video-preview":"max-video-preview:-1"},"canonical":"https:\/\/oab.estrategia.com\/portal\/prova-comentada-direito-penal-exame-oab-xxxix-39o\/","og_locale":"pt_BR","og_type":"article","og_title":"Prova comentada Direito Penal Exame OAB XXXIX (39\u00ba)","og_description":"Prova comentada Direito Penal Exame OAB XXXIX (39\u00ba): Confira AQUI os coment\u00e1rios dos nossos professores e tire suas d\u00favidas!","og_url":"https:\/\/oab.estrategia.com\/portal\/prova-comentada-direito-penal-exame-oab-xxxix-39o\/","og_site_name":"Blog - OAB - Estrat\u00e9gia","article_publisher":"https:\/\/www.facebook.com\/estrategiaoab\/","article_published_time":"2023-11-20T17:54:53+00:00","article_modified_time":"2023-11-20T17:54:54+00:00","og_image":[{"width":900,"height":900,"url":"https:\/\/oab.estrategia.com\/portal\/wp-content\/uploads\/2022\/04\/06103601\/oab-icone-2.png","type":"image\/png"}],"author":"Coordena\u00e7\u00e3o","twitter_card":"summary_large_image","twitter_creator":"@estrategiaoab","twitter_site":"@estrategiaoab","twitter_misc":{"Escrito por":"Coordena\u00e7\u00e3o","Est. tempo de leitura":"15 minutos"},"schema":{"@context":"https:\/\/schema.org","@graph":[{"@type":"Article","@id":"https:\/\/oab.estrategia.com\/portal\/prova-comentada-direito-penal-exame-oab-xxxix-39o\/#article","isPartOf":{"@id":"https:\/\/oab.estrategia.com\/portal\/prova-comentada-direito-penal-exame-oab-xxxix-39o\/"},"author":{"name":"Coordena\u00e7\u00e3o","@id":"https:\/\/oab.estrategia.com\/portal\/#\/schema\/person\/9e4f367923f195c7466d88c8e8a86d23"},"headline":"Prova comentada Direito Penal Exame OAB XXXIX (39\u00ba)","datePublished":"2023-11-20T17:54:53+00:00","dateModified":"2023-11-20T17:54:54+00:00","mainEntityOfPage":{"@id":"https:\/\/oab.estrategia.com\/portal\/prova-comentada-direito-penal-exame-oab-xxxix-39o\/"},"wordCount":2941,"commentCount":0,"publisher":{"@id":"https:\/\/oab.estrategia.com\/portal\/#organization"},"articleSection":["Carreira"],"inLanguage":"pt-BR","potentialAction":[{"@type":"CommentAction","name":"Comment","target":["https:\/\/oab.estrategia.com\/portal\/prova-comentada-direito-penal-exame-oab-xxxix-39o\/#respond"]}]},{"@type":"WebPage","@id":"https:\/\/oab.estrategia.com\/portal\/prova-comentada-direito-penal-exame-oab-xxxix-39o\/","url":"https:\/\/oab.estrategia.com\/portal\/prova-comentada-direito-penal-exame-oab-xxxix-39o\/","name":"Prova comentada Direito Penal Exame OAB XXXIX (39\u00ba)","isPartOf":{"@id":"https:\/\/oab.estrategia.com\/portal\/#website"},"datePublished":"2023-11-20T17:54:53+00:00","dateModified":"2023-11-20T17:54:54+00:00","description":"Prova comentada Direito Penal Exame OAB XXXIX (39\u00ba): Confira AQUI os coment\u00e1rios dos nossos professores e tire suas d\u00favidas!","breadcrumb":{"@id":"https:\/\/oab.estrategia.com\/portal\/prova-comentada-direito-penal-exame-oab-xxxix-39o\/#breadcrumb"},"inLanguage":"pt-BR","potentialAction":[{"@type":"ReadAction","target":["https:\/\/oab.estrategia.com\/portal\/prova-comentada-direito-penal-exame-oab-xxxix-39o\/"]}]},{"@type":"BreadcrumbList","@id":"https:\/\/oab.estrategia.com\/portal\/prova-comentada-direito-penal-exame-oab-xxxix-39o\/#breadcrumb","itemListElement":[{"@type":"ListItem","position":1,"name":"In\u00edcio","item":"https:\/\/oab.estrategia.com\/portal\/"},{"@type":"ListItem","position":2,"name":"Prova comentada Direito Penal Exame OAB XXXIX (39\u00ba)"}]},{"@type":"WebSite","@id":"https:\/\/oab.estrategia.com\/portal\/#website","url":"https:\/\/oab.estrategia.com\/portal\/","name":"Blog - OAB - Estrat\u00e9gia","description":"Blog OAB - Estrat\u00e9gia Concursos","publisher":{"@id":"https:\/\/oab.estrategia.com\/portal\/#organization"},"potentialAction":[{"@type":"SearchAction","target":{"@type":"EntryPoint","urlTemplate":"https:\/\/oab.estrategia.com\/portal\/?s={search_term_string}"},"query-input":{"@type":"PropertyValueSpecification","valueRequired":true,"valueName":"search_term_string"}}],"inLanguage":"pt-BR"},{"@type":"Organization","@id":"https:\/\/oab.estrategia.com\/portal\/#organization","name":"Estrat\u00e9gia Concursos","url":"https:\/\/oab.estrategia.com\/portal\/","logo":{"@type":"ImageObject","inLanguage":"pt-BR","@id":"https:\/\/oab.estrategia.com\/portal\/#\/schema\/logo\/image\/","url":"https:\/\/oab.estrategia.com\/portal\/wp-content\/uploads\/2022\/04\/06103601\/oab-icone-2.png","contentUrl":"https:\/\/oab.estrategia.com\/portal\/wp-content\/uploads\/2022\/04\/06103601\/oab-icone-2.png","width":900,"height":900,"caption":"Estrat\u00e9gia Concursos"},"image":{"@id":"https:\/\/oab.estrategia.com\/portal\/#\/schema\/logo\/image\/"},"sameAs":["https:\/\/www.facebook.com\/estrategiaoab\/","https:\/\/x.com\/estrategiaoab","https:\/\/www.instagram.com\/estrategiaoab\/","https:\/\/www.youtube.com\/EstrategiaOAB"]},{"@type":"Person","@id":"https:\/\/oab.estrategia.com\/portal\/#\/schema\/person\/9e4f367923f195c7466d88c8e8a86d23","name":"Coordena\u00e7\u00e3o","image":{"@type":"ImageObject","inLanguage":"pt-BR","@id":"https:\/\/oab.estrategia.com\/portal\/wp-content\/uploads\/2022\/03\/12164805\/estrategia-oab-coordenacao-96x96.png","url":"https:\/\/oab.estrategia.com\/portal\/wp-content\/uploads\/2022\/03\/12164805\/estrategia-oab-coordenacao-96x96.png","contentUrl":"https:\/\/oab.estrategia.com\/portal\/wp-content\/uploads\/2022\/03\/12164805\/estrategia-oab-coordenacao-96x96.png","caption":"Coordena\u00e7\u00e3o"},"description":".","url":"https:\/\/oab.estrategia.com\/portal\/author\/coordenacao\/"}]}},"jetpack_featured_media_url":"","jetpack_sharing_enabled":true,"_links":{"self":[{"href":"https:\/\/oab.estrategia.com\/portal\/wp-json\/wp\/v2\/posts\/9457","targetHints":{"allow":["GET"]}}],"collection":[{"href":"https:\/\/oab.estrategia.com\/portal\/wp-json\/wp\/v2\/posts"}],"about":[{"href":"https:\/\/oab.estrategia.com\/portal\/wp-json\/wp\/v2\/types\/post"}],"author":[{"embeddable":true,"href":"https:\/\/oab.estrategia.com\/portal\/wp-json\/wp\/v2\/users\/12"}],"replies":[{"embeddable":true,"href":"https:\/\/oab.estrategia.com\/portal\/wp-json\/wp\/v2\/comments?post=9457"}],"version-history":[{"count":1,"href":"https:\/\/oab.estrategia.com\/portal\/wp-json\/wp\/v2\/posts\/9457\/revisions"}],"predecessor-version":[{"id":9477,"href":"https:\/\/oab.estrategia.com\/portal\/wp-json\/wp\/v2\/posts\/9457\/revisions\/9477"}],"wp:attachment":[{"href":"https:\/\/oab.estrategia.com\/portal\/wp-json\/wp\/v2\/media?parent=9457"}],"wp:term":[{"taxonomy":"category","embeddable":true,"href":"https:\/\/oab.estrategia.com\/portal\/wp-json\/wp\/v2\/categories?post=9457"},{"taxonomy":"post_tag","embeddable":true,"href":"https:\/\/oab.estrategia.com\/portal\/wp-json\/wp\/v2\/tags?post=9457"}],"curies":[{"name":"wp","href":"https:\/\/api.w.org\/{rel}","templated":true}]}}